{"id":9987,"date":"2015-07-10T17:35:30","date_gmt":"2015-07-10T21:35:30","guid":{"rendered":"http:\/\/vanderloubet.com.br\/deputado\/?p=9987"},"modified":"2015-07-10T17:35:30","modified_gmt":"2015-07-10T21:35:30","slug":"beneficiarias-devolvem-cartao-do-bolsa-familia-por-melhorarem-de-vida","status":"publish","type":"post","link":"https:\/\/vanderloubet.com.br\/deputado\/beneficiarias-devolvem-cartao-do-bolsa-familia-por-melhorarem-de-vida\/","title":{"rendered":"Benefici\u00e1rias devolvem cart\u00e3o do Bolsa Fam\u00edlia por melhorarem de vida"},"content":{"rendered":"<figure id=\"attachment_9988\" aria-describedby=\"caption-attachment-9988\" style=\"width: 700px\" class=\"wp-caption alignnone\"><img decoding=\"async\" src=\"http:\/\/vanderloubet.com.br\/deputado\/wp-content\/uploads\/2015\/07\/foto-2015-07-10-devolucao-voluntaria-bolsa-familia-700x460.jpg\" alt=\"Mabiane e os filhos, fazendo a devolu\u00e7\u00e3o volunt\u00e1ria do Bolsa Fam\u00edlia\" width=\"700\" height=\"460\" class=\"size-large wp-image-9988\" \/><figcaption id=\"caption-attachment-9988\" class=\"wp-caption-text\">Mabiane e os filhos, fazendo a devolu\u00e7\u00e3o volunt\u00e1ria do Bolsa Fam\u00edlia<\/figcaption><\/figure>\n<p>Em Santa Rita do Araguaia (GO), a dona de casa Mabiane Alves Pereira, de 32 anos, surpreendeu a gest\u00e3o do Bolsa Fam\u00edlia ao fazer a devolu\u00e7\u00e3o do benef\u00edcio no in\u00edcio do m\u00eas de julho. Este foi o primeiro caso na cidade. O marido, Gelson de Oliveira Gomes, foi contratado recentemente como operador de caldeira, com carteira assinada. Ela recebia R$ 182 por m\u00eas. &#8220;Eu devolvi porque minha renda deu uma melhorada. Se eu precisar de novo, acredito que as portas estar\u00e3o abertas&#8221;. <\/p>\n<p>A seguran\u00e7a de Mabiane em fazer a devolu\u00e7\u00e3o do cart\u00e3o se deve ao mecanismo de desligamento volunt\u00e1rio, criado em 2011, com o Plano Brasil Sem Mis\u00e9ria. Durante tr\u00eas anos, ela pode retornar imediatamente a receber o Bolsa Fam\u00edlia se precisar novamente. &#8220;Ela teve consci\u00eancia diante da situa\u00e7\u00e3o. Ela entendeu a import\u00e2ncia da devolu\u00e7\u00e3o&#8221;, conta a gestora do Bolsa Fam\u00edlia no munic\u00edpio, Walnice Maria de Lima.<\/p>\n<p>Mabiane \u00e9 m\u00e3e de duas meninas e um menino. Eles contam com prote\u00e7\u00e3o social garantida pelas pol\u00edticas p\u00fablicas do Governo Federal. O filho recebe o Benef\u00edcio de Presta\u00e7\u00e3o Continuada (BPC) e tem acompanhamento de fisioterapeuta pelo Sistema \u00danico de Sa\u00fade (SUS).<\/p>\n<p><strong>Campanha<\/strong> \u2013 Em Campo Maior (PI), a Prefeitura iniciou uma campanha de conscientiza\u00e7\u00e3o, em mar\u00e7o, voltada principalmente para os benefici\u00e1rios que se formalizaram no mercado de trabalho, a partir de profissionaliza\u00e7\u00e3o da popula\u00e7\u00e3o pelo Programa Nacional de Acesso ao Ensino T\u00e9cnico e Emprego (Pronatec) e formaliza\u00e7\u00e3o como microempreendedores individuais (MEI). &#8220;A campanha de conscientiza\u00e7\u00e3o \u00e9 para que as pessoas emancipadas devolvam voluntariamente o Bolsa Fam\u00edlia, para que outras pessoas em extrema pobreza possam acessar esse benef\u00edcio&#8221;, afirma a secret\u00e1ria municipal de Assist\u00eancia Social, Concei\u00e7\u00e3o Lima.<\/p>\n<p>At\u00e9 o momento, j\u00e1 foram 30 devolu\u00e7\u00f5es volunt\u00e1rias no munic\u00edpio piauiense. A gestante Gardene Maria Soares dos Santos faz parte deste grupo. Mensalmente, a fam\u00edlia recebia uma complementa\u00e7\u00e3o de R$ 77. Durante uma das reuni\u00f5es do servi\u00e7o de conviv\u00eancia e fortalecimento de v\u00ednculos do Centro de Refer\u00eancia da Assist\u00eancia Social (Cras), ela entendeu as regras do programa e decidiu devolver o benef\u00edcio antes da pr\u00f3xima revis\u00e3o cadastral. O marido, Francisco das Chagas Sobrinho J\u00fanior, passou em concurso p\u00fablico municipal para trabalhar como vigilante. &#8220;O dinheiro do Bolsa Fam\u00edlia ajudava a pagar a \u00e1gua e a luz. Embora eu precise, tem gente que precisa mais, por isso fui l\u00e1 e cancelei&#8221;, conta.<\/p>\n<p><em>(Fonte: Ascom\/MDS)<\/em><\/p>\n","protected":false},"excerpt":{"rendered":"<p>&#8220;Eu devolvi porque minha renda deu uma melhorada. Se eu precisar de novo, acredito que as portas estar\u00e3o abertas&#8221;, disse a dona de casa Mabiane Alves Pereira.<\/p>\n","protected":false},"author":2,"featured_media":9988,"comment_status":"closed","ping_status":"closed","sticky":false,"template":"","format":"standard","meta":{"jetpack_post_was_ever_published":false,"_jetpack_newsletter_access":"","_jetpack_dont_email_post_to_subs":false,"_jetpack_newsletter_tier_id":0,"_jetpack_memberships_contains_paywalled_content":false,"_jetpack_memberships_contains_paid_content":false,"footnotes":""},"categories":[2098,10],"tags":[199,2274,2353],"class_list":{"0":"post-9987","1":"post","2":"type-post","3":"status-publish","4":"format-standard","5":"has-post-thumbnail","7":"category-brasil-noticias","8":"category-noticias","9":"tag-assistencia-social","10":"tag-programas-sociais","11":"tag-seguranca-alimentar"},"yoast_head":"<!-- This site is optimized with the Yoast SEO plugin v27.4 - https:\/\/yoast.com\/product\/yoast-seo-wordpress\/ -->\n<title>Benefici\u00e1rias devolvem cart\u00e3o do Bolsa Fam\u00edlia por melhorarem de vida<\/title>\n<meta name=\"robots\" content=\"index, follow, max-snippet:-1, max-image-preview:large, max-video-preview:-1\" \/>\n<link rel=\"canonical\" href=\"https:\/\/vanderloubet.com.br\/deputado\/beneficiarias-devolvem-cartao-do-bolsa-familia-por-melhorarem-de-vida\/\" \/>\n<meta property=\"og:locale\" content=\"pt_BR\" \/>\n<meta property=\"og:type\" content=\"article\" \/>\n<meta property=\"og:title\" content=\"Benefici\u00e1rias devolvem cart\u00e3o do Bolsa Fam\u00edlia por melhorarem de vida\" \/>\n<meta property=\"og:description\" content=\"&quot;Eu devolvi porque minha renda deu uma melhorada. Se eu precisar de novo, acredito que as portas estar\u00e3o abertas&quot;, disse a dona de casa Mabiane Alves Pereira.\" \/>\n<meta property=\"og:url\" content=\"https:\/\/vanderloubet.com.br\/deputado\/beneficiarias-devolvem-cartao-do-bolsa-familia-por-melhorarem-de-vida\/\" \/>\n<meta property=\"og:site_name\" content=\"Deputado Federal Vander Loubet\" \/>\n<meta property=\"article:publisher\" content=\"https:\/\/facebook.com\/deputadovander\" \/>\n<meta property=\"article:published_time\" content=\"2015-07-10T21:35:30+00:00\" \/>\n<meta property=\"og:image\" content=\"https:\/\/vanderloubet.com.br\/deputado\/wp-content\/uploads\/2015\/07\/foto-2015-07-10-devolucao-voluntaria-bolsa-familia.jpg\" \/>\n\t<meta property=\"og:image:width\" content=\"700\" \/>\n\t<meta property=\"og:image:height\" content=\"460\" \/>\n\t<meta property=\"og:image:type\" content=\"image\/jpeg\" \/>\n<meta name=\"author\" content=\"\u00c9der\" \/>\n<meta name=\"twitter:card\" content=\"summary_large_image\" \/>\n<meta name=\"twitter:creator\" content=\"@vanderloubet\" \/>\n<meta name=\"twitter:site\" content=\"@vanderloubet\" \/>\n<script type=\"application\/ld+json\" class=\"yoast-schema-graph\">{\"@context\":\"https:\\\/\\\/schema.org\",\"@graph\":[{\"@type\":\"Article\",\"@id\":\"https:\\\/\\\/vanderloubet.com.br\\\/deputado\\\/beneficiarias-devolvem-cartao-do-bolsa-familia-por-melhorarem-de-vida\\\/#article\",\"isPartOf\":{\"@id\":\"https:\\\/\\\/vanderloubet.com.br\\\/deputado\\\/beneficiarias-devolvem-cartao-do-bolsa-familia-por-melhorarem-de-vida\\\/\"},\"author\":{\"name\":\"\u00c9der\",\"@id\":\"https:\\\/\\\/vanderloubet.com.br\\\/deputado\\\/#\\\/schema\\\/person\\\/15b51bd564532a8a68d9dec1b8eb890e\"},\"headline\":\"Benefici\u00e1rias devolvem cart\u00e3o do Bolsa Fam\u00edlia por melhorarem de vida\",\"datePublished\":\"2015-07-10T21:35:30+00:00\",\"mainEntityOfPage\":{\"@id\":\"https:\\\/\\\/vanderloubet.com.br\\\/deputado\\\/beneficiarias-devolvem-cartao-do-bolsa-familia-por-melhorarem-de-vida\\\/\"},\"wordCount\":471,\"publisher\":{\"@id\":\"https:\\\/\\\/vanderloubet.com.br\\\/deputado\\\/#organization\"},\"image\":{\"@id\":\"https:\\\/\\\/vanderloubet.com.br\\\/deputado\\\/beneficiarias-devolvem-cartao-do-bolsa-familia-por-melhorarem-de-vida\\\/#primaryimage\"},\"thumbnailUrl\":\"https:\\\/\\\/vanderloubet.com.br\\\/deputado\\\/wp-content\\\/uploads\\\/2015\\\/07\\\/foto-2015-07-10-devolucao-voluntaria-bolsa-familia.jpg\",\"keywords\":[\"assist\u00eancia social\",\"programas sociais\",\"seguran\u00e7a alimentar\"],\"articleSection\":[\"Brasil\",\"Not\u00edcias\"],\"inLanguage\":\"pt-BR\"},{\"@type\":\"WebPage\",\"@id\":\"https:\\\/\\\/vanderloubet.com.br\\\/deputado\\\/beneficiarias-devolvem-cartao-do-bolsa-familia-por-melhorarem-de-vida\\\/\",\"url\":\"https:\\\/\\\/vanderloubet.com.br\\\/deputado\\\/beneficiarias-devolvem-cartao-do-bolsa-familia-por-melhorarem-de-vida\\\/\",\"name\":\"Benefici\u00e1rias devolvem cart\u00e3o do Bolsa Fam\u00edlia por melhorarem de vida\",\"isPartOf\":{\"@id\":\"https:\\\/\\\/vanderloubet.com.br\\\/deputado\\\/#website\"},\"primaryImageOfPage\":{\"@id\":\"https:\\\/\\\/vanderloubet.com.br\\\/deputado\\\/beneficiarias-devolvem-cartao-do-bolsa-familia-por-melhorarem-de-vida\\\/#primaryimage\"},\"image\":{\"@id\":\"https:\\\/\\\/vanderloubet.com.br\\\/deputado\\\/beneficiarias-devolvem-cartao-do-bolsa-familia-por-melhorarem-de-vida\\\/#primaryimage\"},\"thumbnailUrl\":\"https:\\\/\\\/vanderloubet.com.br\\\/deputado\\\/wp-content\\\/uploads\\\/2015\\\/07\\\/foto-2015-07-10-devolucao-voluntaria-bolsa-familia.jpg\",\"datePublished\":\"2015-07-10T21:35:30+00:00\",\"breadcrumb\":{\"@id\":\"https:\\\/\\\/vanderloubet.com.br\\\/deputado\\\/beneficiarias-devolvem-cartao-do-bolsa-familia-por-melhorarem-de-vida\\\/#breadcrumb\"},\"inLanguage\":\"pt-BR\",\"potentialAction\":[{\"@type\":\"ReadAction\",\"target\":[\"https:\\\/\\\/vanderloubet.com.br\\\/deputado\\\/beneficiarias-devolvem-cartao-do-bolsa-familia-por-melhorarem-de-vida\\\/\"]}]},{\"@type\":\"ImageObject\",\"inLanguage\":\"pt-BR\",\"@id\":\"https:\\\/\\\/vanderloubet.com.br\\\/deputado\\\/beneficiarias-devolvem-cartao-do-bolsa-familia-por-melhorarem-de-vida\\\/#primaryimage\",\"url\":\"https:\\\/\\\/vanderloubet.com.br\\\/deputado\\\/wp-content\\\/uploads\\\/2015\\\/07\\\/foto-2015-07-10-devolucao-voluntaria-bolsa-familia.jpg\",\"contentUrl\":\"https:\\\/\\\/vanderloubet.com.br\\\/deputado\\\/wp-content\\\/uploads\\\/2015\\\/07\\\/foto-2015-07-10-devolucao-voluntaria-bolsa-familia.jpg\",\"width\":700,\"height\":460,\"caption\":\"Mabiane e os filhos, fazendo a devolu\u00e7\u00e3o volunt\u00e1ria do Bolsa Fam\u00edlia\"},{\"@type\":\"BreadcrumbList\",\"@id\":\"https:\\\/\\\/vanderloubet.com.br\\\/deputado\\\/beneficiarias-devolvem-cartao-do-bolsa-familia-por-melhorarem-de-vida\\\/#breadcrumb\",\"itemListElement\":[{\"@type\":\"ListItem\",\"position\":1,\"name\":\"In\u00edcio\",\"item\":\"https:\\\/\\\/vanderloubet.com.br\\\/deputado\\\/\"},{\"@type\":\"ListItem\",\"position\":2,\"name\":\"Benefici\u00e1rias devolvem cart\u00e3o do Bolsa Fam\u00edlia por melhorarem de vida\"}]},{\"@type\":\"WebSite\",\"@id\":\"https:\\\/\\\/vanderloubet.com.br\\\/deputado\\\/#website\",\"url\":\"https:\\\/\\\/vanderloubet.com.br\\\/deputado\\\/\",\"name\":\"Deputado Federal Vander Loubet\",\"description\":\"O Federal de MS\",\"publisher\":{\"@id\":\"https:\\\/\\\/vanderloubet.com.br\\\/deputado\\\/#organization\"},\"alternateName\":\"Deputado Vander\",\"potentialAction\":[{\"@type\":\"SearchAction\",\"target\":{\"@type\":\"EntryPoint\",\"urlTemplate\":\"https:\\\/\\\/vanderloubet.com.br\\\/deputado\\\/?s={search_term_string}\"},\"query-input\":{\"@type\":\"PropertyValueSpecification\",\"valueRequired\":true,\"valueName\":\"search_term_string\"}}],\"inLanguage\":\"pt-BR\"},{\"@type\":\"Organization\",\"@id\":\"https:\\\/\\\/vanderloubet.com.br\\\/deputado\\\/#organization\",\"name\":\"Deputado Federal Vander Loubet\",\"alternateName\":\"Deputado Vander\",\"url\":\"https:\\\/\\\/vanderloubet.com.br\\\/deputado\\\/\",\"logo\":{\"@type\":\"ImageObject\",\"inLanguage\":\"pt-BR\",\"@id\":\"https:\\\/\\\/vanderloubet.com.br\\\/deputado\\\/#\\\/schema\\\/logo\\\/image\\\/\",\"url\":\"https:\\\/\\\/vanderloubet.com.br\\\/deputado\\\/wp-content\\\/uploads\\\/2023\\\/06\\\/foto-2023-06-19-mandato-deputado-vander.jpg\",\"contentUrl\":\"https:\\\/\\\/vanderloubet.com.br\\\/deputado\\\/wp-content\\\/uploads\\\/2023\\\/06\\\/foto-2023-06-19-mandato-deputado-vander.jpg\",\"width\":1080,\"height\":1080,\"caption\":\"Deputado Federal Vander Loubet\"},\"image\":{\"@id\":\"https:\\\/\\\/vanderloubet.com.br\\\/deputado\\\/#\\\/schema\\\/logo\\\/image\\\/\"},\"sameAs\":[\"https:\\\/\\\/facebook.com\\\/deputadovander\",\"https:\\\/\\\/x.com\\\/vanderloubet\",\"https:\\\/\\\/instagram.com\\\/vanderloubet\",\"https:\\\/\\\/youtube.com\\\/vanderloubet\",\"https:\\\/\\\/tiktok.com\\\/@vanderloubetms\"]},{\"@type\":\"Person\",\"@id\":\"https:\\\/\\\/vanderloubet.com.br\\\/deputado\\\/#\\\/schema\\\/person\\\/15b51bd564532a8a68d9dec1b8eb890e\",\"name\":\"\u00c9der\",\"image\":{\"@type\":\"ImageObject\",\"inLanguage\":\"pt-BR\",\"@id\":\"https:\\\/\\\/vanderloubet.com.br\\\/deputado\\\/wp-content\\\/litespeed\\\/avatar\\\/88ca4090d9d5ab1c9495f6ca03b68efa.jpg?ver=1777058957\",\"url\":\"https:\\\/\\\/vanderloubet.com.br\\\/deputado\\\/wp-content\\\/litespeed\\\/avatar\\\/88ca4090d9d5ab1c9495f6ca03b68efa.jpg?ver=1777058957\",\"contentUrl\":\"https:\\\/\\\/vanderloubet.com.br\\\/deputado\\\/wp-content\\\/litespeed\\\/avatar\\\/88ca4090d9d5ab1c9495f6ca03b68efa.jpg?ver=1777058957\",\"caption\":\"\u00c9der\"}}]}<\/script>\n<!-- \/ Yoast SEO plugin. -->","yoast_head_json":{"title":"Benefici\u00e1rias devolvem cart\u00e3o do Bolsa Fam\u00edlia por melhorarem de vida","robots":{"index":"index","follow":"follow","max-snippet":"max-snippet:-1","max-image-preview":"max-image-preview:large","max-video-preview":"max-video-preview:-1"},"canonical":"https:\/\/vanderloubet.com.br\/deputado\/beneficiarias-devolvem-cartao-do-bolsa-familia-por-melhorarem-de-vida\/","og_locale":"pt_BR","og_type":"article","og_title":"Benefici\u00e1rias devolvem cart\u00e3o do Bolsa Fam\u00edlia por melhorarem de vida","og_description":"\"Eu devolvi porque minha renda deu uma melhorada. Se eu precisar de novo, acredito que as portas estar\u00e3o abertas\", disse a dona de casa Mabiane Alves Pereira.","og_url":"https:\/\/vanderloubet.com.br\/deputado\/beneficiarias-devolvem-cartao-do-bolsa-familia-por-melhorarem-de-vida\/","og_site_name":"Deputado Federal Vander Loubet","article_publisher":"https:\/\/facebook.com\/deputadovander","article_published_time":"2015-07-10T21:35:30+00:00","og_image":[{"width":700,"height":460,"url":"https:\/\/vanderloubet.com.br\/deputado\/wp-content\/uploads\/2015\/07\/foto-2015-07-10-devolucao-voluntaria-bolsa-familia.jpg","type":"image\/jpeg"}],"author":"\u00c9der","twitter_card":"summary_large_image","twitter_creator":"@vanderloubet","twitter_site":"@vanderloubet","schema":{"@context":"https:\/\/schema.org","@graph":[{"@type":"Article","@id":"https:\/\/vanderloubet.com.br\/deputado\/beneficiarias-devolvem-cartao-do-bolsa-familia-por-melhorarem-de-vida\/#article","isPartOf":{"@id":"https:\/\/vanderloubet.com.br\/deputado\/beneficiarias-devolvem-cartao-do-bolsa-familia-por-melhorarem-de-vida\/"},"author":{"name":"\u00c9der","@id":"https:\/\/vanderloubet.com.br\/deputado\/#\/schema\/person\/15b51bd564532a8a68d9dec1b8eb890e"},"headline":"Benefici\u00e1rias devolvem cart\u00e3o do Bolsa Fam\u00edlia por melhorarem de vida","datePublished":"2015-07-10T21:35:30+00:00","mainEntityOfPage":{"@id":"https:\/\/vanderloubet.com.br\/deputado\/beneficiarias-devolvem-cartao-do-bolsa-familia-por-melhorarem-de-vida\/"},"wordCount":471,"publisher":{"@id":"https:\/\/vanderloubet.com.br\/deputado\/#organization"},"image":{"@id":"https:\/\/vanderloubet.com.br\/deputado\/beneficiarias-devolvem-cartao-do-bolsa-familia-por-melhorarem-de-vida\/#primaryimage"},"thumbnailUrl":"https:\/\/vanderloubet.com.br\/deputado\/wp-content\/uploads\/2015\/07\/foto-2015-07-10-devolucao-voluntaria-bolsa-familia.jpg","keywords":["assist\u00eancia social","programas sociais","seguran\u00e7a alimentar"],"articleSection":["Brasil","Not\u00edcias"],"inLanguage":"pt-BR"},{"@type":"WebPage","@id":"https:\/\/vanderloubet.com.br\/deputado\/beneficiarias-devolvem-cartao-do-bolsa-familia-por-melhorarem-de-vida\/","url":"https:\/\/vanderloubet.com.br\/deputado\/beneficiarias-devolvem-cartao-do-bolsa-familia-por-melhorarem-de-vida\/","name":"Benefici\u00e1rias devolvem cart\u00e3o do Bolsa Fam\u00edlia por melhorarem de vida","isPartOf":{"@id":"https:\/\/vanderloubet.com.br\/deputado\/#website"},"primaryImageOfPage":{"@id":"https:\/\/vanderloubet.com.br\/deputado\/beneficiarias-devolvem-cartao-do-bolsa-familia-por-melhorarem-de-vida\/#primaryimage"},"image":{"@id":"https:\/\/vanderloubet.com.br\/deputado\/beneficiarias-devolvem-cartao-do-bolsa-familia-por-melhorarem-de-vida\/#primaryimage"},"thumbnailUrl":"https:\/\/vanderloubet.com.br\/deputado\/wp-content\/uploads\/2015\/07\/foto-2015-07-10-devolucao-voluntaria-bolsa-familia.jpg","datePublished":"2015-07-10T21:35:30+00:00","breadcrumb":{"@id":"https:\/\/vanderloubet.com.br\/deputado\/beneficiarias-devolvem-cartao-do-bolsa-familia-por-melhorarem-de-vida\/#breadcrumb"},"inLanguage":"pt-BR","potentialAction":[{"@type":"ReadAction","target":["https:\/\/vanderloubet.com.br\/deputado\/beneficiarias-devolvem-cartao-do-bolsa-familia-por-melhorarem-de-vida\/"]}]},{"@type":"ImageObject","inLanguage":"pt-BR","@id":"https:\/\/vanderloubet.com.br\/deputado\/beneficiarias-devolvem-cartao-do-bolsa-familia-por-melhorarem-de-vida\/#primaryimage","url":"https:\/\/vanderloubet.com.br\/deputado\/wp-content\/uploads\/2015\/07\/foto-2015-07-10-devolucao-voluntaria-bolsa-familia.jpg","contentUrl":"https:\/\/vanderloubet.com.br\/deputado\/wp-content\/uploads\/2015\/07\/foto-2015-07-10-devolucao-voluntaria-bolsa-familia.jpg","width":700,"height":460,"caption":"Mabiane e os filhos, fazendo a devolu\u00e7\u00e3o volunt\u00e1ria do Bolsa Fam\u00edlia"},{"@type":"BreadcrumbList","@id":"https:\/\/vanderloubet.com.br\/deputado\/beneficiarias-devolvem-cartao-do-bolsa-familia-por-melhorarem-de-vida\/#breadcrumb","itemListElement":[{"@type":"ListItem","position":1,"name":"In\u00edcio","item":"https:\/\/vanderloubet.com.br\/deputado\/"},{"@type":"ListItem","position":2,"name":"Benefici\u00e1rias devolvem cart\u00e3o do Bolsa Fam\u00edlia por melhorarem de vida"}]},{"@type":"WebSite","@id":"https:\/\/vanderloubet.com.br\/deputado\/#website","url":"https:\/\/vanderloubet.com.br\/deputado\/","name":"Deputado Federal Vander Loubet","description":"O Federal de MS","publisher":{"@id":"https:\/\/vanderloubet.com.br\/deputado\/#organization"},"alternateName":"Deputado Vander","potentialAction":[{"@type":"SearchAction","target":{"@type":"EntryPoint","urlTemplate":"https:\/\/vanderloubet.com.br\/deputado\/?s={search_term_string}"},"query-input":{"@type":"PropertyValueSpecification","valueRequired":true,"valueName":"search_term_string"}}],"inLanguage":"pt-BR"},{"@type":"Organization","@id":"https:\/\/vanderloubet.com.br\/deputado\/#organization","name":"Deputado Federal Vander Loubet","alternateName":"Deputado Vander","url":"https:\/\/vanderloubet.com.br\/deputado\/","logo":{"@type":"ImageObject","inLanguage":"pt-BR","@id":"https:\/\/vanderloubet.com.br\/deputado\/#\/schema\/logo\/image\/","url":"https:\/\/vanderloubet.com.br\/deputado\/wp-content\/uploads\/2023\/06\/foto-2023-06-19-mandato-deputado-vander.jpg","contentUrl":"https:\/\/vanderloubet.com.br\/deputado\/wp-content\/uploads\/2023\/06\/foto-2023-06-19-mandato-deputado-vander.jpg","width":1080,"height":1080,"caption":"Deputado Federal Vander Loubet"},"image":{"@id":"https:\/\/vanderloubet.com.br\/deputado\/#\/schema\/logo\/image\/"},"sameAs":["https:\/\/facebook.com\/deputadovander","https:\/\/x.com\/vanderloubet","https:\/\/instagram.com\/vanderloubet","https:\/\/youtube.com\/vanderloubet","https:\/\/tiktok.com\/@vanderloubetms"]},{"@type":"Person","@id":"https:\/\/vanderloubet.com.br\/deputado\/#\/schema\/person\/15b51bd564532a8a68d9dec1b8eb890e","name":"\u00c9der","image":{"@type":"ImageObject","inLanguage":"pt-BR","@id":"https:\/\/vanderloubet.com.br\/deputado\/wp-content\/litespeed\/avatar\/88ca4090d9d5ab1c9495f6ca03b68efa.jpg?ver=1777058957","url":"https:\/\/vanderloubet.com.br\/deputado\/wp-content\/litespeed\/avatar\/88ca4090d9d5ab1c9495f6ca03b68efa.jpg?ver=1777058957","contentUrl":"https:\/\/vanderloubet.com.br\/deputado\/wp-content\/litespeed\/avatar\/88ca4090d9d5ab1c9495f6ca03b68efa.jpg?ver=1777058957","caption":"\u00c9der"}}]}},"jetpack_featured_media_url":"https:\/\/vanderloubet.com.br\/deputado\/wp-content\/uploads\/2015\/07\/foto-2015-07-10-devolucao-voluntaria-bolsa-familia.jpg","jetpack_sharing_enabled":true,"_links":{"self":[{"href":"https:\/\/vanderloubet.com.br\/deputado\/wp-json\/wp\/v2\/posts\/9987","targetHints":{"allow":["GET"]}}],"collection":[{"href":"https:\/\/vanderloubet.com.br\/deputado\/wp-json\/wp\/v2\/posts"}],"about":[{"href":"https:\/\/vanderloubet.com.br\/deputado\/wp-json\/wp\/v2\/types\/post"}],"author":[{"embeddable":true,"href":"https:\/\/vanderloubet.com.br\/deputado\/wp-json\/wp\/v2\/users\/2"}],"replies":[{"embeddable":true,"href":"https:\/\/vanderloubet.com.br\/deputado\/wp-json\/wp\/v2\/comments?post=9987"}],"version-history":[{"count":0,"href":"https:\/\/vanderloubet.com.br\/deputado\/wp-json\/wp\/v2\/posts\/9987\/revisions"}],"wp:featuredmedia":[{"embeddable":true,"href":"https:\/\/vanderloubet.com.br\/deputado\/wp-json\/wp\/v2\/media\/9988"}],"wp:attachment":[{"href":"https:\/\/vanderloubet.com.br\/deputado\/wp-json\/wp\/v2\/media?parent=9987"}],"wp:term":[{"taxonomy":"category","embeddable":true,"href":"https:\/\/vanderloubet.com.br\/deputado\/wp-json\/wp\/v2\/categories?post=9987"},{"taxonomy":"post_tag","embeddable":true,"href":"https:\/\/vanderloubet.com.br\/deputado\/wp-json\/wp\/v2\/tags?post=9987"}],"curies":[{"name":"wp","href":"https:\/\/api.w.org\/{rel}","templated":true}]}}