{"id":9959,"date":"2015-07-08T14:06:23","date_gmt":"2015-07-08T18:06:23","guid":{"rendered":"http:\/\/vanderloubet.com.br\/deputado\/?p=9959"},"modified":"2015-07-08T14:06:23","modified_gmt":"2015-07-08T18:06:23","slug":"programa-mais-medicos-completa-dois-anos-com-muitos-ganhos-para-populacao","status":"publish","type":"post","link":"https:\/\/vanderloubet.com.br\/deputado\/programa-mais-medicos-completa-dois-anos-com-muitos-ganhos-para-populacao\/","title":{"rendered":"Programa Mais M\u00e9dicos completa dois anos com muitos ganhos para popula\u00e7\u00e3o"},"content":{"rendered":"<figure id=\"attachment_9960\" aria-describedby=\"caption-attachment-9960\" style=\"width: 700px\" class=\"wp-caption alignnone\"><img decoding=\"async\" src=\"http:\/\/vanderloubet.com.br\/deputado\/wp-content\/uploads\/2015\/07\/foto-2015-07-08-mais-medicos-700x467.jpg\" alt=\"Mais M\u00e9dicos ampliou n\u00famero de m\u00e9dicos na aten\u00e7\u00e3o b\u00e1sica \u00e0 popula\u00e7\u00e3o na rede p\u00fablica do pa\u00eds\" width=\"700\" height=\"467\" class=\"size-large wp-image-9960\" srcset=\"https:\/\/vanderloubet.com.br\/deputado\/wp-content\/uploads\/2015\/07\/foto-2015-07-08-mais-medicos-700x467.jpg 700w, https:\/\/vanderloubet.com.br\/deputado\/wp-content\/uploads\/2015\/07\/foto-2015-07-08-mais-medicos-350x233.jpg 350w, https:\/\/vanderloubet.com.br\/deputado\/wp-content\/uploads\/2015\/07\/foto-2015-07-08-mais-medicos-768x512.jpg 768w, https:\/\/vanderloubet.com.br\/deputado\/wp-content\/uploads\/2015\/07\/foto-2015-07-08-mais-medicos-630x420.jpg 630w, https:\/\/vanderloubet.com.br\/deputado\/wp-content\/uploads\/2015\/07\/foto-2015-07-08-mais-medicos-696x464.jpg 696w, https:\/\/vanderloubet.com.br\/deputado\/wp-content\/uploads\/2015\/07\/foto-2015-07-08-mais-medicos.jpg 960w\" sizes=\"(max-width: 700px) 100vw, 700px\" \/><figcaption id=\"caption-attachment-9960\" class=\"wp-caption-text\">Mais M\u00e9dicos ampliou n\u00famero de m\u00e9dicos na aten\u00e7\u00e3o b\u00e1sica \u00e0 popula\u00e7\u00e3o na rede p\u00fablica do pa\u00eds<\/figcaption><\/figure>\n<p>H\u00e1 exatos dois anos, em 8 de julho de 2013, foi lan\u00e7ado pelo Governo Dilma o <a href=\"http:\/\/portalsaude.saude.gov.br\/index.php\/cidadao\/acoes-e-programas\/mais-medicos\" target=\"_blank\">Programa Mais M\u00e9dicos<\/a>. Foi o come\u00e7o de uma mudan\u00e7a na forma\u00e7\u00e3o m\u00e9dica brasileira, recolocando na aten\u00e7\u00e3o prim\u00e1ria o foco do Sistema \u00danico de Sa\u00fade (SUS). Um dos maiores ganhos do programa foi a ocupa\u00e7\u00e3o das unidades b\u00e1sicas de sa\u00fade com for\u00e7a de trabalho m\u00e9dica, inserida em uma equipe, e o desenvolvimento de uma educa\u00e7\u00e3o voltada para a pr\u00e1tica e para recuperar o olhar da sa\u00fade para preven\u00e7\u00e3o de doen\u00e7as e promo\u00e7\u00e3o de uma vida saud\u00e1vel.<\/p>\n<p>\u00c9 preciso lembrar na \u00e9poca o Brasil foi tomado por uma onda de ira corporativista contra um projeto que visava ampliar a oferta de m\u00e9dicos especializados em sa\u00fade da fam\u00edlia no pa\u00eds. O Mais M\u00e9dicos previa a contrata\u00e7\u00e3o de m\u00e9dicos de diversos pa\u00edses, inclusive cubanos. O Conselho Federal de Medicina (CFM) e a oposi\u00e7\u00e3o ao Governo tentaram, de todas as formas, impedir que os estrangeiros viessem a suprir a car\u00eancia de profissionais em \u00e1reas rejeitadas pelos m\u00e9dicos brasileiros.<\/p>\n<p>M\u00e9dicos cubanos chegaram a ser vaiados e insultados por colegas em sua chegada no aeroporto de Fortaleza (CE), em uma atitude que surpreendeu os dirigentes da Organiza\u00e7\u00e3o Pan-Americana de Sa\u00fade (Opas), parceira do Governo Federal no Programa. \u201cNunca pensei que fosse chegar a este extremo de preconceito e at\u00e9 racismo, que fossem dizer que as m\u00e9dicas cubanas pareciam empregadas dom\u00e9sticas, que os m\u00e9dicos negros deveriam voltar para a \u00c1frica ou que eram guerrilheiros disfar\u00e7ados\u201d, lamentou o representante da Opas no Brasil, Joaqu\u00edn Molina.<\/p>\n<p>No entanto, o saldo do Programa \u00e9 positivo. Veja, abaixo, 10 pontos que ajudam a mostrar a import\u00e2ncia do Mais M\u00e9dicos e a esclarecer d\u00favidas sobre o Programa:<\/p>\n<p><strong>1.<\/strong> O n\u00famero de m\u00e9dicos na aten\u00e7\u00e3o b\u00e1sica \u00e0 popula\u00e7\u00e3o na rede p\u00fablica do pa\u00eds foi ampliado em 36%: tinha cerca de 40 mil antes do programa e ganhou 14.462 profissionais, entre eles 11.429 cubanos e 1.187 com diplomas de outros pa\u00edses. A lei priorizou os brasileiros, mas apenas 1.846 se inscreveram na primeira convocat\u00f3ria. Este ano, a situa\u00e7\u00e3o se inverteu e 95% das 4.146 vagas foram ocupadas por m\u00e9dicos brasileiros.<\/p>\n<p><strong>2.<\/strong> Al\u00e9m de serem reconhecidos como excelentes m\u00e9dicos de sa\u00fade da fam\u00edlia, a principal vantagem dos m\u00e9dicos vindos de Cuba, segundo a Opas, \u00e9 que vieram todos de uma vez, em um pacote. Outra vantagem \u00e9 que qualquer abandono que n\u00e3o seja por raz\u00f5es de sa\u00fade \u00e9 coberto pelo governo cubano, que envia outro profissional sem nenhum custo adicional para o governo brasileiro. A Organiza\u00e7\u00e3o Mundial da Sa\u00fade (OMS) situa o sistema de sa\u00fade cubano entre os 39 melhores do mundo; o sistema de sa\u00fade brasileiro aparece na 125\u00aa posi\u00e7\u00e3o. Ao contr\u00e1rio dos brasileiros e profissionais de outros pa\u00edses, os cubanos tamb\u00e9m n\u00e3o escolhem para onde querem ir, \u00e9 o Minist\u00e9rio da Sa\u00fade e a Opas que decidem para onde ser\u00e3o designados.<\/p>\n<p><strong>3.<\/strong> Os m\u00e9dicos cubanos ganham R$ 3mil por m\u00eas; os outros R$ 7 mil do sal\u00e1rio previsto no acordo com a Opas v\u00e3o para o governo de Cuba. Ainda assim, o pagamento que os cubanos recebem no Brasil \u00e9 200 vezes superior ao que receberiam em sua ilha natal. Al\u00e9m disso, os munic\u00edpios arcam com todas as despesas do profissional: transporte, moradia e alimenta\u00e7\u00e3o. Ou seja, o cubano praticamente n\u00e3o gasta o dinheiro que recebe.<\/p>\n<p><strong>4.<\/strong> Uma avalia\u00e7\u00e3o independente feita em 1.837 munic\u00edpios revelou um aumento de 33% na m\u00e9dia mensal de consultas e 32% de aumento em visitas domiciliares; 89% dos pacientes reportaram uma redu\u00e7\u00e3o no tempo de espera para as consultas. Uma pesquisa feita em 2014 pela Universidade Federal de Minas Gerais (UFMG), baseada em 4 mil entrevistas em 699 munic\u00edpios, revelou que 95% dos usu\u00e1rios est\u00e3o satisfeitos ou muito satisfeitos com o desempenho dos m\u00e9dicos; 86% dos entrevistados afirmaram que a qualidade da aten\u00e7\u00e3o melhorou ap\u00f3s a chegada dos profissionais do Mais M\u00e9dicos e 60% destacaram a presen\u00e7a constante do m\u00e9dico e o cumprimento da carga hor\u00e1ria. Queridos por seus pacientes, v\u00e1rios m\u00e9dicos cubanos t\u00eam sido homenageados pelas c\u00e2maras municipais por seu trabalho no Brasil.<\/p>\n<p><strong>5.<\/strong> O Programa cobre 3.785 munic\u00edpios, sendo que 400 deles nunca haviam tido m\u00e9dicos. At\u00e9 o final de 2015 a cobertura deve atingir mais de 4 mil munic\u00edpios (72% de todas as cidades do pa\u00eds), ampliando a assist\u00eancia em aten\u00e7\u00e3o b\u00e1sica para 63 milh\u00f5es de brasileiros.<\/p>\n<p><strong>6.<\/strong> Os 34 distritos ind\u00edgenas contam hoje com 300 m\u00e9dicos; antes n\u00e3o tinham nenhum. Entre os yanomami, por exemplo, houve um aumento de 490 atendimentos em 2013 para 7 mil em 2014, com 15 m\u00e9dicos cubanos dedicados \u00e0 etnia com exclusividade; 99% dos m\u00e9dicos que atendem os \u00edndios no programa s\u00e3o cubanos. Um dos trabalhos mais interessantes desenvolvidos pelos m\u00e9dicos cubanos nas aldeias ind\u00edgenas \u00e9 o resgate da Medicina Tradicional, com o uso de plantas. Na Aldeia Kumen\u00ea, no Oiapoque (AP), o m\u00e9dico Javier Lopez Salazar, p\u00f3s-graduado em Medicina Tradicional, atua para recuperar a sabedoria local na utiliza\u00e7\u00e3o de plantas e ervas medicinais, perdida por causa da influ\u00eancia evang\u00e9lica. O m\u00e9dico estimulou os ind\u00edgenas a buscar as canoas defeituosas e abandonadas nas beiras dos rios para transform\u00e1-las em canteiros de uma horta comunit\u00e1ria s\u00f3 com ervas medicinais, identificadas com placas e instru\u00e7\u00f5es para uso.<\/p>\n<p><strong>7.<\/strong> Ao contr\u00e1rio do que os jornais veiculam, os m\u00e9dicos e m\u00e9dicas cubanos n\u00e3o s\u00e3o proibidos de se casar com brasileiros. Existe uma cl\u00e1usula que os obriga a comunicar os casamentos para evitar bigamia em seu pa\u00eds natal, segundo a Opas. Os casos de romances entre m\u00e9dicos(as) cubanos(as) e brasileiros(as) s\u00e3o numerosos. Houve at\u00e9 o caso da prefeita de Chorroch\u00f3 (BA), que se casou com um m\u00e9dico cubano do Programa.<\/p>\n<p><strong>8.<\/strong> Desde que o Mais M\u00e9dicos come\u00e7ou, apenas oito m\u00e9dicos cubanos abandonaram o Programa e deixaram o pa\u00eds rumo aos EUA. Nove morreram: cinco por enfarto, tr\u00eas por c\u00e2ncer e um por suic\u00eddio (em 2014, um m\u00e9dico de 52 anos, ainda em treinamento, foi encontrado morto em um hotel de Bras\u00edlia, possivelmente por enforcamento).<\/p>\n<p><strong>9.<\/strong> O Programa Mais M\u00e9dicos virou modelo no continente e pa\u00edses como a Bol\u00edvia, o Paraguai, o Suriname e o Chile, que tamb\u00e9m sofrem com falta de profissionais, j\u00e1 planejam fazer projetos semelhantes.<\/p>\n<p><strong>10.<\/strong> Al\u00e9m do atendimento de sa\u00fade, o Mais M\u00e9dicos inclui a amplia\u00e7\u00e3o da oferta na gradua\u00e7\u00e3o e na resid\u00eancia m\u00e9dica e a reorienta\u00e7\u00e3o da forma\u00e7\u00e3o e integra\u00e7\u00e3o da carreira. A meta \u00e9 criar, at\u00e9 2018, 11,5 mil novas vagas de gradua\u00e7\u00e3o em medicina e 12,4 mil em resid\u00eancia m\u00e9dica, em \u00e1reas priorit\u00e1rias para o SUS. Os munic\u00edpios onde ser\u00e3o instalados os novos cursos de medicina foram escolhidos de acordo com a necessidade social, ou seja, lugares com car\u00eancia de m\u00e9dicos.<\/p>\n<p><em>(Fonte: Assessoria de Imprensa\/Lideran\u00e7a do PT na C\u00e2mara)<\/em><\/p>\n","protected":false},"excerpt":{"rendered":"<p>Programa cobre 3.785 munic\u00edpios, sendo que 400 deles nunca haviam tido m\u00e9dicos. At\u00e9 final de 2015 deve atingir mais de 4 mil munic\u00edpios, ampliando assist\u00eancia para 63 milh\u00f5es de brasileiros.<\/p>\n","protected":false},"author":2,"featured_media":9960,"comment_status":"closed","ping_status":"closed","sticky":false,"template":"","format":"standard","meta":{"jetpack_post_was_ever_published":false,"_jetpack_newsletter_access":"","_jetpack_dont_email_post_to_subs":false,"_jetpack_newsletter_tier_id":0,"_jetpack_memberships_contains_paywalled_content":false,"_jetpack_memberships_contains_paid_content":false,"footnotes":""},"categories":[2098,10],"tags":[2348,1803,2349,1908],"class_list":{"0":"post-9959","1":"post","2":"type-post","3":"status-publish","4":"format-standard","5":"has-post-thumbnail","7":"category-brasil-noticias","8":"category-noticias","9":"tag-programa-mais-medicos","10":"tag-saude","11":"tag-sistema-unico-de-saude","12":"tag-sus"},"yoast_head":"<!-- This site is optimized with the Yoast SEO plugin v27.4 - https:\/\/yoast.com\/product\/yoast-seo-wordpress\/ -->\n<title>Programa Mais M\u00e9dicos completa dois anos com muitos ganhos para popula\u00e7\u00e3o<\/title>\n<meta name=\"robots\" content=\"index, follow, max-snippet:-1, max-image-preview:large, max-video-preview:-1\" \/>\n<link rel=\"canonical\" href=\"http:\/\/vanderloubet.com.br\/deputado\/programa-mais-medicos-completa-dois-anos-com-muitos-ganhos-para-populacao\/\" \/>\n<meta property=\"og:locale\" content=\"pt_BR\" \/>\n<meta property=\"og:type\" content=\"article\" \/>\n<meta property=\"og:title\" content=\"Programa Mais M\u00e9dicos completa dois anos com muitos ganhos para popula\u00e7\u00e3o\" \/>\n<meta property=\"og:description\" content=\"Programa cobre 3.785 munic\u00edpios, sendo que 400 deles nunca haviam tido m\u00e9dicos. At\u00e9 final de 2015 deve atingir mais de 4 mil munic\u00edpios, ampliando assist\u00eancia para 63 milh\u00f5es de brasileiros.\" \/>\n<meta property=\"og:url\" content=\"http:\/\/vanderloubet.com.br\/deputado\/programa-mais-medicos-completa-dois-anos-com-muitos-ganhos-para-populacao\/\" \/>\n<meta property=\"og:site_name\" content=\"Deputado Federal Vander Loubet\" \/>\n<meta property=\"article:publisher\" content=\"https:\/\/facebook.com\/deputadovander\" \/>\n<meta property=\"article:published_time\" content=\"2015-07-08T18:06:23+00:00\" \/>\n<meta property=\"og:image\" content=\"http:\/\/vanderloubet.com.br\/deputado\/wp-content\/uploads\/2015\/07\/foto-2015-07-08-mais-medicos.jpg\" \/>\n\t<meta property=\"og:image:width\" content=\"960\" \/>\n\t<meta property=\"og:image:height\" content=\"640\" \/>\n\t<meta property=\"og:image:type\" content=\"image\/jpeg\" \/>\n<meta name=\"author\" content=\"\u00c9der\" \/>\n<meta name=\"twitter:card\" content=\"summary_large_image\" \/>\n<meta name=\"twitter:creator\" content=\"@vanderloubet\" \/>\n<meta name=\"twitter:site\" content=\"@vanderloubet\" \/>\n<script type=\"application\/ld+json\" class=\"yoast-schema-graph\">{\"@context\":\"https:\\\/\\\/schema.org\",\"@graph\":[{\"@type\":\"Article\",\"@id\":\"http:\\\/\\\/vanderloubet.com.br\\\/deputado\\\/programa-mais-medicos-completa-dois-anos-com-muitos-ganhos-para-populacao\\\/#article\",\"isPartOf\":{\"@id\":\"http:\\\/\\\/vanderloubet.com.br\\\/deputado\\\/programa-mais-medicos-completa-dois-anos-com-muitos-ganhos-para-populacao\\\/\"},\"author\":{\"name\":\"\u00c9der\",\"@id\":\"https:\\\/\\\/vanderloubet.com.br\\\/deputado\\\/#\\\/schema\\\/person\\\/15b51bd564532a8a68d9dec1b8eb890e\"},\"headline\":\"Programa Mais M\u00e9dicos completa dois anos com muitos ganhos para popula\u00e7\u00e3o\",\"datePublished\":\"2015-07-08T18:06:23+00:00\",\"mainEntityOfPage\":{\"@id\":\"http:\\\/\\\/vanderloubet.com.br\\\/deputado\\\/programa-mais-medicos-completa-dois-anos-com-muitos-ganhos-para-populacao\\\/\"},\"wordCount\":1257,\"publisher\":{\"@id\":\"https:\\\/\\\/vanderloubet.com.br\\\/deputado\\\/#organization\"},\"image\":{\"@id\":\"http:\\\/\\\/vanderloubet.com.br\\\/deputado\\\/programa-mais-medicos-completa-dois-anos-com-muitos-ganhos-para-populacao\\\/#primaryimage\"},\"thumbnailUrl\":\"https:\\\/\\\/vanderloubet.com.br\\\/deputado\\\/wp-content\\\/uploads\\\/2015\\\/07\\\/foto-2015-07-08-mais-medicos.jpg\",\"keywords\":[\"programa mais m\u00e9dicos\",\"sa\u00fade\",\"sistema \u00fanico de sa\u00fade\",\"sus\"],\"articleSection\":[\"Brasil\",\"Not\u00edcias\"],\"inLanguage\":\"pt-BR\"},{\"@type\":\"WebPage\",\"@id\":\"http:\\\/\\\/vanderloubet.com.br\\\/deputado\\\/programa-mais-medicos-completa-dois-anos-com-muitos-ganhos-para-populacao\\\/\",\"url\":\"http:\\\/\\\/vanderloubet.com.br\\\/deputado\\\/programa-mais-medicos-completa-dois-anos-com-muitos-ganhos-para-populacao\\\/\",\"name\":\"Programa Mais M\u00e9dicos completa dois anos com muitos ganhos para popula\u00e7\u00e3o\",\"isPartOf\":{\"@id\":\"https:\\\/\\\/vanderloubet.com.br\\\/deputado\\\/#website\"},\"primaryImageOfPage\":{\"@id\":\"http:\\\/\\\/vanderloubet.com.br\\\/deputado\\\/programa-mais-medicos-completa-dois-anos-com-muitos-ganhos-para-populacao\\\/#primaryimage\"},\"image\":{\"@id\":\"http:\\\/\\\/vanderloubet.com.br\\\/deputado\\\/programa-mais-medicos-completa-dois-anos-com-muitos-ganhos-para-populacao\\\/#primaryimage\"},\"thumbnailUrl\":\"https:\\\/\\\/vanderloubet.com.br\\\/deputado\\\/wp-content\\\/uploads\\\/2015\\\/07\\\/foto-2015-07-08-mais-medicos.jpg\",\"datePublished\":\"2015-07-08T18:06:23+00:00\",\"breadcrumb\":{\"@id\":\"http:\\\/\\\/vanderloubet.com.br\\\/deputado\\\/programa-mais-medicos-completa-dois-anos-com-muitos-ganhos-para-populacao\\\/#breadcrumb\"},\"inLanguage\":\"pt-BR\",\"potentialAction\":[{\"@type\":\"ReadAction\",\"target\":[\"http:\\\/\\\/vanderloubet.com.br\\\/deputado\\\/programa-mais-medicos-completa-dois-anos-com-muitos-ganhos-para-populacao\\\/\"]}]},{\"@type\":\"ImageObject\",\"inLanguage\":\"pt-BR\",\"@id\":\"http:\\\/\\\/vanderloubet.com.br\\\/deputado\\\/programa-mais-medicos-completa-dois-anos-com-muitos-ganhos-para-populacao\\\/#primaryimage\",\"url\":\"https:\\\/\\\/vanderloubet.com.br\\\/deputado\\\/wp-content\\\/uploads\\\/2015\\\/07\\\/foto-2015-07-08-mais-medicos.jpg\",\"contentUrl\":\"https:\\\/\\\/vanderloubet.com.br\\\/deputado\\\/wp-content\\\/uploads\\\/2015\\\/07\\\/foto-2015-07-08-mais-medicos.jpg\",\"width\":960,\"height\":640,\"caption\":\"Mais M\u00e9dicos ampliou n\u00famero de m\u00e9dicos na aten\u00e7\u00e3o b\u00e1sica \u00e0 popula\u00e7\u00e3o na rede p\u00fablica do pa\u00eds\"},{\"@type\":\"BreadcrumbList\",\"@id\":\"http:\\\/\\\/vanderloubet.com.br\\\/deputado\\\/programa-mais-medicos-completa-dois-anos-com-muitos-ganhos-para-populacao\\\/#breadcrumb\",\"itemListElement\":[{\"@type\":\"ListItem\",\"position\":1,\"name\":\"In\u00edcio\",\"item\":\"https:\\\/\\\/vanderloubet.com.br\\\/deputado\\\/\"},{\"@type\":\"ListItem\",\"position\":2,\"name\":\"Programa Mais M\u00e9dicos completa dois anos com muitos ganhos para popula\u00e7\u00e3o\"}]},{\"@type\":\"WebSite\",\"@id\":\"https:\\\/\\\/vanderloubet.com.br\\\/deputado\\\/#website\",\"url\":\"https:\\\/\\\/vanderloubet.com.br\\\/deputado\\\/\",\"name\":\"Deputado Federal Vander Loubet\",\"description\":\"O Federal de MS\",\"publisher\":{\"@id\":\"https:\\\/\\\/vanderloubet.com.br\\\/deputado\\\/#organization\"},\"alternateName\":\"Deputado Vander\",\"potentialAction\":[{\"@type\":\"SearchAction\",\"target\":{\"@type\":\"EntryPoint\",\"urlTemplate\":\"https:\\\/\\\/vanderloubet.com.br\\\/deputado\\\/?s={search_term_string}\"},\"query-input\":{\"@type\":\"PropertyValueSpecification\",\"valueRequired\":true,\"valueName\":\"search_term_string\"}}],\"inLanguage\":\"pt-BR\"},{\"@type\":\"Organization\",\"@id\":\"https:\\\/\\\/vanderloubet.com.br\\\/deputado\\\/#organization\",\"name\":\"Deputado Federal Vander Loubet\",\"alternateName\":\"Deputado Vander\",\"url\":\"https:\\\/\\\/vanderloubet.com.br\\\/deputado\\\/\",\"logo\":{\"@type\":\"ImageObject\",\"inLanguage\":\"pt-BR\",\"@id\":\"https:\\\/\\\/vanderloubet.com.br\\\/deputado\\\/#\\\/schema\\\/logo\\\/image\\\/\",\"url\":\"https:\\\/\\\/vanderloubet.com.br\\\/deputado\\\/wp-content\\\/uploads\\\/2023\\\/06\\\/foto-2023-06-19-mandato-deputado-vander.jpg\",\"contentUrl\":\"https:\\\/\\\/vanderloubet.com.br\\\/deputado\\\/wp-content\\\/uploads\\\/2023\\\/06\\\/foto-2023-06-19-mandato-deputado-vander.jpg\",\"width\":1080,\"height\":1080,\"caption\":\"Deputado Federal Vander Loubet\"},\"image\":{\"@id\":\"https:\\\/\\\/vanderloubet.com.br\\\/deputado\\\/#\\\/schema\\\/logo\\\/image\\\/\"},\"sameAs\":[\"https:\\\/\\\/facebook.com\\\/deputadovander\",\"https:\\\/\\\/x.com\\\/vanderloubet\",\"https:\\\/\\\/instagram.com\\\/vanderloubet\",\"https:\\\/\\\/youtube.com\\\/vanderloubet\",\"https:\\\/\\\/tiktok.com\\\/@vanderloubetms\"]},{\"@type\":\"Person\",\"@id\":\"https:\\\/\\\/vanderloubet.com.br\\\/deputado\\\/#\\\/schema\\\/person\\\/15b51bd564532a8a68d9dec1b8eb890e\",\"name\":\"\u00c9der\",\"image\":{\"@type\":\"ImageObject\",\"inLanguage\":\"pt-BR\",\"@id\":\"https:\\\/\\\/vanderloubet.com.br\\\/deputado\\\/wp-content\\\/litespeed\\\/avatar\\\/88ca4090d9d5ab1c9495f6ca03b68efa.jpg?ver=1777058957\",\"url\":\"https:\\\/\\\/vanderloubet.com.br\\\/deputado\\\/wp-content\\\/litespeed\\\/avatar\\\/88ca4090d9d5ab1c9495f6ca03b68efa.jpg?ver=1777058957\",\"contentUrl\":\"https:\\\/\\\/vanderloubet.com.br\\\/deputado\\\/wp-content\\\/litespeed\\\/avatar\\\/88ca4090d9d5ab1c9495f6ca03b68efa.jpg?ver=1777058957\",\"caption\":\"\u00c9der\"}}]}<\/script>\n<!-- \/ Yoast SEO plugin. -->","yoast_head_json":{"title":"Programa Mais M\u00e9dicos completa dois anos com muitos ganhos para popula\u00e7\u00e3o","robots":{"index":"index","follow":"follow","max-snippet":"max-snippet:-1","max-image-preview":"max-image-preview:large","max-video-preview":"max-video-preview:-1"},"canonical":"http:\/\/vanderloubet.com.br\/deputado\/programa-mais-medicos-completa-dois-anos-com-muitos-ganhos-para-populacao\/","og_locale":"pt_BR","og_type":"article","og_title":"Programa Mais M\u00e9dicos completa dois anos com muitos ganhos para popula\u00e7\u00e3o","og_description":"Programa cobre 3.785 munic\u00edpios, sendo que 400 deles nunca haviam tido m\u00e9dicos. At\u00e9 final de 2015 deve atingir mais de 4 mil munic\u00edpios, ampliando assist\u00eancia para 63 milh\u00f5es de brasileiros.","og_url":"http:\/\/vanderloubet.com.br\/deputado\/programa-mais-medicos-completa-dois-anos-com-muitos-ganhos-para-populacao\/","og_site_name":"Deputado Federal Vander Loubet","article_publisher":"https:\/\/facebook.com\/deputadovander","article_published_time":"2015-07-08T18:06:23+00:00","og_image":[{"width":960,"height":640,"url":"http:\/\/vanderloubet.com.br\/deputado\/wp-content\/uploads\/2015\/07\/foto-2015-07-08-mais-medicos.jpg","type":"image\/jpeg"}],"author":"\u00c9der","twitter_card":"summary_large_image","twitter_creator":"@vanderloubet","twitter_site":"@vanderloubet","schema":{"@context":"https:\/\/schema.org","@graph":[{"@type":"Article","@id":"http:\/\/vanderloubet.com.br\/deputado\/programa-mais-medicos-completa-dois-anos-com-muitos-ganhos-para-populacao\/#article","isPartOf":{"@id":"http:\/\/vanderloubet.com.br\/deputado\/programa-mais-medicos-completa-dois-anos-com-muitos-ganhos-para-populacao\/"},"author":{"name":"\u00c9der","@id":"https:\/\/vanderloubet.com.br\/deputado\/#\/schema\/person\/15b51bd564532a8a68d9dec1b8eb890e"},"headline":"Programa Mais M\u00e9dicos completa dois anos com muitos ganhos para popula\u00e7\u00e3o","datePublished":"2015-07-08T18:06:23+00:00","mainEntityOfPage":{"@id":"http:\/\/vanderloubet.com.br\/deputado\/programa-mais-medicos-completa-dois-anos-com-muitos-ganhos-para-populacao\/"},"wordCount":1257,"publisher":{"@id":"https:\/\/vanderloubet.com.br\/deputado\/#organization"},"image":{"@id":"http:\/\/vanderloubet.com.br\/deputado\/programa-mais-medicos-completa-dois-anos-com-muitos-ganhos-para-populacao\/#primaryimage"},"thumbnailUrl":"https:\/\/vanderloubet.com.br\/deputado\/wp-content\/uploads\/2015\/07\/foto-2015-07-08-mais-medicos.jpg","keywords":["programa mais m\u00e9dicos","sa\u00fade","sistema \u00fanico de sa\u00fade","sus"],"articleSection":["Brasil","Not\u00edcias"],"inLanguage":"pt-BR"},{"@type":"WebPage","@id":"http:\/\/vanderloubet.com.br\/deputado\/programa-mais-medicos-completa-dois-anos-com-muitos-ganhos-para-populacao\/","url":"http:\/\/vanderloubet.com.br\/deputado\/programa-mais-medicos-completa-dois-anos-com-muitos-ganhos-para-populacao\/","name":"Programa Mais M\u00e9dicos completa dois anos com muitos ganhos para popula\u00e7\u00e3o","isPartOf":{"@id":"https:\/\/vanderloubet.com.br\/deputado\/#website"},"primaryImageOfPage":{"@id":"http:\/\/vanderloubet.com.br\/deputado\/programa-mais-medicos-completa-dois-anos-com-muitos-ganhos-para-populacao\/#primaryimage"},"image":{"@id":"http:\/\/vanderloubet.com.br\/deputado\/programa-mais-medicos-completa-dois-anos-com-muitos-ganhos-para-populacao\/#primaryimage"},"thumbnailUrl":"https:\/\/vanderloubet.com.br\/deputado\/wp-content\/uploads\/2015\/07\/foto-2015-07-08-mais-medicos.jpg","datePublished":"2015-07-08T18:06:23+00:00","breadcrumb":{"@id":"http:\/\/vanderloubet.com.br\/deputado\/programa-mais-medicos-completa-dois-anos-com-muitos-ganhos-para-populacao\/#breadcrumb"},"inLanguage":"pt-BR","potentialAction":[{"@type":"ReadAction","target":["http:\/\/vanderloubet.com.br\/deputado\/programa-mais-medicos-completa-dois-anos-com-muitos-ganhos-para-populacao\/"]}]},{"@type":"ImageObject","inLanguage":"pt-BR","@id":"http:\/\/vanderloubet.com.br\/deputado\/programa-mais-medicos-completa-dois-anos-com-muitos-ganhos-para-populacao\/#primaryimage","url":"https:\/\/vanderloubet.com.br\/deputado\/wp-content\/uploads\/2015\/07\/foto-2015-07-08-mais-medicos.jpg","contentUrl":"https:\/\/vanderloubet.com.br\/deputado\/wp-content\/uploads\/2015\/07\/foto-2015-07-08-mais-medicos.jpg","width":960,"height":640,"caption":"Mais M\u00e9dicos ampliou n\u00famero de m\u00e9dicos na aten\u00e7\u00e3o b\u00e1sica \u00e0 popula\u00e7\u00e3o na rede p\u00fablica do pa\u00eds"},{"@type":"BreadcrumbList","@id":"http:\/\/vanderloubet.com.br\/deputado\/programa-mais-medicos-completa-dois-anos-com-muitos-ganhos-para-populacao\/#breadcrumb","itemListElement":[{"@type":"ListItem","position":1,"name":"In\u00edcio","item":"https:\/\/vanderloubet.com.br\/deputado\/"},{"@type":"ListItem","position":2,"name":"Programa Mais M\u00e9dicos completa dois anos com muitos ganhos para popula\u00e7\u00e3o"}]},{"@type":"WebSite","@id":"https:\/\/vanderloubet.com.br\/deputado\/#website","url":"https:\/\/vanderloubet.com.br\/deputado\/","name":"Deputado Federal Vander Loubet","description":"O Federal de MS","publisher":{"@id":"https:\/\/vanderloubet.com.br\/deputado\/#organization"},"alternateName":"Deputado Vander","potentialAction":[{"@type":"SearchAction","target":{"@type":"EntryPoint","urlTemplate":"https:\/\/vanderloubet.com.br\/deputado\/?s={search_term_string}"},"query-input":{"@type":"PropertyValueSpecification","valueRequired":true,"valueName":"search_term_string"}}],"inLanguage":"pt-BR"},{"@type":"Organization","@id":"https:\/\/vanderloubet.com.br\/deputado\/#organization","name":"Deputado Federal Vander Loubet","alternateName":"Deputado Vander","url":"https:\/\/vanderloubet.com.br\/deputado\/","logo":{"@type":"ImageObject","inLanguage":"pt-BR","@id":"https:\/\/vanderloubet.com.br\/deputado\/#\/schema\/logo\/image\/","url":"https:\/\/vanderloubet.com.br\/deputado\/wp-content\/uploads\/2023\/06\/foto-2023-06-19-mandato-deputado-vander.jpg","contentUrl":"https:\/\/vanderloubet.com.br\/deputado\/wp-content\/uploads\/2023\/06\/foto-2023-06-19-mandato-deputado-vander.jpg","width":1080,"height":1080,"caption":"Deputado Federal Vander Loubet"},"image":{"@id":"https:\/\/vanderloubet.com.br\/deputado\/#\/schema\/logo\/image\/"},"sameAs":["https:\/\/facebook.com\/deputadovander","https:\/\/x.com\/vanderloubet","https:\/\/instagram.com\/vanderloubet","https:\/\/youtube.com\/vanderloubet","https:\/\/tiktok.com\/@vanderloubetms"]},{"@type":"Person","@id":"https:\/\/vanderloubet.com.br\/deputado\/#\/schema\/person\/15b51bd564532a8a68d9dec1b8eb890e","name":"\u00c9der","image":{"@type":"ImageObject","inLanguage":"pt-BR","@id":"https:\/\/vanderloubet.com.br\/deputado\/wp-content\/litespeed\/avatar\/88ca4090d9d5ab1c9495f6ca03b68efa.jpg?ver=1777058957","url":"https:\/\/vanderloubet.com.br\/deputado\/wp-content\/litespeed\/avatar\/88ca4090d9d5ab1c9495f6ca03b68efa.jpg?ver=1777058957","contentUrl":"https:\/\/vanderloubet.com.br\/deputado\/wp-content\/litespeed\/avatar\/88ca4090d9d5ab1c9495f6ca03b68efa.jpg?ver=1777058957","caption":"\u00c9der"}}]}},"jetpack_featured_media_url":"https:\/\/vanderloubet.com.br\/deputado\/wp-content\/uploads\/2015\/07\/foto-2015-07-08-mais-medicos.jpg","jetpack_sharing_enabled":true,"_links":{"self":[{"href":"https:\/\/vanderloubet.com.br\/deputado\/wp-json\/wp\/v2\/posts\/9959","targetHints":{"allow":["GET"]}}],"collection":[{"href":"https:\/\/vanderloubet.com.br\/deputado\/wp-json\/wp\/v2\/posts"}],"about":[{"href":"https:\/\/vanderloubet.com.br\/deputado\/wp-json\/wp\/v2\/types\/post"}],"author":[{"embeddable":true,"href":"https:\/\/vanderloubet.com.br\/deputado\/wp-json\/wp\/v2\/users\/2"}],"replies":[{"embeddable":true,"href":"https:\/\/vanderloubet.com.br\/deputado\/wp-json\/wp\/v2\/comments?post=9959"}],"version-history":[{"count":0,"href":"https:\/\/vanderloubet.com.br\/deputado\/wp-json\/wp\/v2\/posts\/9959\/revisions"}],"wp:featuredmedia":[{"embeddable":true,"href":"https:\/\/vanderloubet.com.br\/deputado\/wp-json\/wp\/v2\/media\/9960"}],"wp:attachment":[{"href":"https:\/\/vanderloubet.com.br\/deputado\/wp-json\/wp\/v2\/media?parent=9959"}],"wp:term":[{"taxonomy":"category","embeddable":true,"href":"https:\/\/vanderloubet.com.br\/deputado\/wp-json\/wp\/v2\/categories?post=9959"},{"taxonomy":"post_tag","embeddable":true,"href":"https:\/\/vanderloubet.com.br\/deputado\/wp-json\/wp\/v2\/tags?post=9959"}],"curies":[{"name":"wp","href":"https:\/\/api.w.org\/{rel}","templated":true}]}}