{"id":9878,"date":"2015-06-12T11:46:31","date_gmt":"2015-06-12T14:46:31","guid":{"rendered":"http:\/\/vanderloubet.com.br\/deputado\/?p=9878"},"modified":"2015-06-12T12:25:00","modified_gmt":"2015-06-12T15:25:00","slug":"cef-recebe-prefeitos-do-pt-para-tratar-de-alternativas-para-projetos-habitacionais","status":"publish","type":"post","link":"https:\/\/vanderloubet.com.br\/deputado\/cef-recebe-prefeitos-do-pt-para-tratar-de-alternativas-para-projetos-habitacionais\/","title":{"rendered":"CEF recebe prefeitos do PT para tratar de alternativas para projetos habitacionais"},"content":{"rendered":"\r\n                <style type=\"text\/css\">\r\n                    \r\n                    #tdi_1  .td-doubleSlider-2 .td-item1 {\r\n                        background: url(https:\/\/vanderloubet.com.br\/deputado\/wp-content\/uploads\/2015\/06\/foto-2015-06-12-reuniao-prefeitos-cef-01-80x60.jpg) 0 0 no-repeat;\r\n                    }\r\n                    #tdi_1  .td-doubleSlider-2 .td-item2 {\r\n                        background: url(https:\/\/vanderloubet.com.br\/deputado\/wp-content\/uploads\/2015\/06\/foto-2015-06-12-reuniao-prefeitos-cef-02-80x60.jpg) 0 0 no-repeat;\r\n                    }\r\n                    #tdi_1  .td-doubleSlider-2 .td-item3 {\r\n                        background: url(https:\/\/vanderloubet.com.br\/deputado\/wp-content\/uploads\/2015\/06\/foto-2015-06-12-reuniao-prefeitos-cef-03-80x60.jpg) 0 0 no-repeat;\r\n                    }\r\n                    #tdi_1  .td-doubleSlider-2 .td-item4 {\r\n                        background: url(https:\/\/vanderloubet.com.br\/deputado\/wp-content\/uploads\/2015\/06\/foto-2015-06-12-reuniao-prefeitos-cef-04-80x60.jpg) 0 0 no-repeat;\r\n                    }\r\n                <\/style>\r\n\r\n                <div id=\"tdi_1\" class=\"td-gallery td-slide-on-2-columns\">\r\n                    <div class=\"post_td_gallery\">\r\n                        <div class=\"td-gallery-slide-top\">\r\n                           <div class=\"td-gallery-title\"><\/div>\r\n\r\n                            <div class=\"td-gallery-controls-wrapper\">\r\n                                <div class=\"td-gallery-slide-count\"><span class=\"td-gallery-slide-item-focus\">1<\/span> de 4<\/div>\r\n                                <div class=\"td-gallery-slide-prev-next-but\">\r\n                                    <i class = \"td-icon-left doubleSliderPrevButton\"><\/i>\r\n                                    <i class = \"td-icon-right doubleSliderNextButton\"><\/i>\r\n                                <\/div>\r\n                            <\/div>\r\n                        <\/div>\r\n\r\n                        <div class = \"td-doubleSlider-1 \">\r\n                            <div class = \"td-slider\">\r\n                                \r\n                    <div class = \"td-slide-item td-item1\">\r\n                        <figure class=\"td-slide-galery-figure td-slide-popup-gallery\">\r\n                            <a class=\"slide-gallery-image-link\" href=\"https:\/\/vanderloubet.com.br\/deputado\/wp-content\/uploads\/2015\/06\/foto-2015-06-12-reuniao-prefeitos-cef-01.jpg\" title=\"Prefeitos e representantes de munic\u00edpios discutiram na CEF alternativas para habita\u00e7\u00e3o popular\"  data-caption=\"\"  data-description=\"Prefeitos e representantes de munic&iacute;pios discutiram na CEF alternativas para habita&ccedil;&atilde;o popular\">\r\n                                <img decoding=\"async\" src=\"https:\/\/vanderloubet.com.br\/deputado\/wp-content\/uploads\/2015\/06\/foto-2015-06-12-reuniao-prefeitos-cef-01-630x420.jpg\" srcset=\"https:\/\/vanderloubet.com.br\/deputado\/wp-content\/uploads\/2015\/06\/foto-2015-06-12-reuniao-prefeitos-cef-01-630x420.jpg 630w, https:\/\/vanderloubet.com.br\/deputado\/wp-content\/uploads\/2015\/06\/foto-2015-06-12-reuniao-prefeitos-cef-01-350x233.jpg 350w, https:\/\/vanderloubet.com.br\/deputado\/wp-content\/uploads\/2015\/06\/foto-2015-06-12-reuniao-prefeitos-cef-01-768x512.jpg 768w, https:\/\/vanderloubet.com.br\/deputado\/wp-content\/uploads\/2015\/06\/foto-2015-06-12-reuniao-prefeitos-cef-01-700x467.jpg 700w, https:\/\/vanderloubet.com.br\/deputado\/wp-content\/uploads\/2015\/06\/foto-2015-06-12-reuniao-prefeitos-cef-01-696x464.jpg 696w, https:\/\/vanderloubet.com.br\/deputado\/wp-content\/uploads\/2015\/06\/foto-2015-06-12-reuniao-prefeitos-cef-01-1068x712.jpg 1068w, https:\/\/vanderloubet.com.br\/deputado\/wp-content\/uploads\/2015\/06\/foto-2015-06-12-reuniao-prefeitos-cef-01.jpg 1080w\" sizes=\"(max-width: 630px) 100vw, 630px\" alt=\"Prefeitos e representantes de munic&iacute;pios discutiram na CEF alternativas para habita&ccedil;&atilde;o popular\">\r\n                            <\/a>\r\n                            <figcaption class = \"td-slide-caption td-gallery-slide-content\"><span>Prefeitos e representantes de munic\u00edpios discutiram na CEF alternativas para habita\u00e7\u00e3o popular<\/span><\/figcaption>\r\n                        <\/figure>\r\n                    <\/div>\r\n                    <div class = \"td-slide-item td-item2\">\r\n                        <figure class=\"td-slide-galery-figure td-slide-popup-gallery\">\r\n                            <a class=\"slide-gallery-image-link\" href=\"https:\/\/vanderloubet.com.br\/deputado\/wp-content\/uploads\/2015\/06\/foto-2015-06-12-reuniao-prefeitos-cef-02.jpg\" title=\"Prefeitos e representantes de munic\u00edpios discutiram na CEF alternativas para habita\u00e7\u00e3o popular\"  data-caption=\"\"  data-description=\"Prefeitos e representantes de munic&iacute;pios discutiram na CEF alternativas para habita&ccedil;&atilde;o popular\">\r\n                                <img decoding=\"async\" src=\"https:\/\/vanderloubet.com.br\/deputado\/wp-content\/uploads\/2015\/06\/foto-2015-06-12-reuniao-prefeitos-cef-02-630x420.jpg\" srcset=\"https:\/\/vanderloubet.com.br\/deputado\/wp-content\/uploads\/2015\/06\/foto-2015-06-12-reuniao-prefeitos-cef-02-630x420.jpg 630w, https:\/\/vanderloubet.com.br\/deputado\/wp-content\/uploads\/2015\/06\/foto-2015-06-12-reuniao-prefeitos-cef-02-350x233.jpg 350w, https:\/\/vanderloubet.com.br\/deputado\/wp-content\/uploads\/2015\/06\/foto-2015-06-12-reuniao-prefeitos-cef-02-768x512.jpg 768w, https:\/\/vanderloubet.com.br\/deputado\/wp-content\/uploads\/2015\/06\/foto-2015-06-12-reuniao-prefeitos-cef-02-700x467.jpg 700w, https:\/\/vanderloubet.com.br\/deputado\/wp-content\/uploads\/2015\/06\/foto-2015-06-12-reuniao-prefeitos-cef-02-696x464.jpg 696w, https:\/\/vanderloubet.com.br\/deputado\/wp-content\/uploads\/2015\/06\/foto-2015-06-12-reuniao-prefeitos-cef-02-1068x712.jpg 1068w, https:\/\/vanderloubet.com.br\/deputado\/wp-content\/uploads\/2015\/06\/foto-2015-06-12-reuniao-prefeitos-cef-02.jpg 1080w\" sizes=\"(max-width: 630px) 100vw, 630px\" alt=\"Prefeitos e representantes de munic&iacute;pios discutiram na CEF alternativas para habita&ccedil;&atilde;o popular\">\r\n                            <\/a>\r\n                            <figcaption class = \"td-slide-caption td-gallery-slide-content\"><span>Prefeitos e representantes de munic\u00edpios discutiram na CEF alternativas para habita\u00e7\u00e3o popular<\/span><\/figcaption>\r\n                        <\/figure>\r\n                    <\/div>\r\n                    <div class = \"td-slide-item td-item3\">\r\n                        <figure class=\"td-slide-galery-figure td-slide-popup-gallery\">\r\n                            <a class=\"slide-gallery-image-link\" href=\"https:\/\/vanderloubet.com.br\/deputado\/wp-content\/uploads\/2015\/06\/foto-2015-06-12-reuniao-prefeitos-cef-03.jpg\" title=\"Prefeitos e representantes de munic\u00edpios discutiram na CEF alternativas para habita\u00e7\u00e3o popular\"  data-caption=\"\"  data-description=\"Prefeitos e representantes de munic&iacute;pios discutiram na CEF alternativas para habita&ccedil;&atilde;o popular\">\r\n                                <img decoding=\"async\" src=\"https:\/\/vanderloubet.com.br\/deputado\/wp-content\/uploads\/2015\/06\/foto-2015-06-12-reuniao-prefeitos-cef-03-630x420.jpg\" srcset=\"https:\/\/vanderloubet.com.br\/deputado\/wp-content\/uploads\/2015\/06\/foto-2015-06-12-reuniao-prefeitos-cef-03-630x420.jpg 630w, https:\/\/vanderloubet.com.br\/deputado\/wp-content\/uploads\/2015\/06\/foto-2015-06-12-reuniao-prefeitos-cef-03-350x233.jpg 350w, https:\/\/vanderloubet.com.br\/deputado\/wp-content\/uploads\/2015\/06\/foto-2015-06-12-reuniao-prefeitos-cef-03-768x512.jpg 768w, https:\/\/vanderloubet.com.br\/deputado\/wp-content\/uploads\/2015\/06\/foto-2015-06-12-reuniao-prefeitos-cef-03-700x467.jpg 700w, https:\/\/vanderloubet.com.br\/deputado\/wp-content\/uploads\/2015\/06\/foto-2015-06-12-reuniao-prefeitos-cef-03-696x464.jpg 696w, https:\/\/vanderloubet.com.br\/deputado\/wp-content\/uploads\/2015\/06\/foto-2015-06-12-reuniao-prefeitos-cef-03-1068x712.jpg 1068w, https:\/\/vanderloubet.com.br\/deputado\/wp-content\/uploads\/2015\/06\/foto-2015-06-12-reuniao-prefeitos-cef-03.jpg 1080w\" sizes=\"(max-width: 630px) 100vw, 630px\" alt=\"Prefeitos e representantes de munic&iacute;pios discutiram na CEF alternativas para habita&ccedil;&atilde;o popular\">\r\n                            <\/a>\r\n                            <figcaption class = \"td-slide-caption td-gallery-slide-content\"><span>Prefeitos e representantes de munic\u00edpios discutiram na CEF alternativas para habita\u00e7\u00e3o popular<\/span><\/figcaption>\r\n                        <\/figure>\r\n                    <\/div>\r\n                    <div class = \"td-slide-item td-item4\">\r\n                        <figure class=\"td-slide-galery-figure td-slide-popup-gallery\">\r\n                            <a class=\"slide-gallery-image-link\" href=\"https:\/\/vanderloubet.com.br\/deputado\/wp-content\/uploads\/2015\/06\/foto-2015-06-12-reuniao-prefeitos-cef-04.jpg\" title=\"Prefeitos e representantes de munic\u00edpios discutiram na CEF alternativas para habita\u00e7\u00e3o popular\"  data-caption=\"\"  data-description=\"Prefeitos e representantes de munic&iacute;pios discutiram na CEF alternativas para habita&ccedil;&atilde;o popular\">\r\n                                <img decoding=\"async\" src=\"https:\/\/vanderloubet.com.br\/deputado\/wp-content\/uploads\/2015\/06\/foto-2015-06-12-reuniao-prefeitos-cef-04-630x420.jpg\" srcset=\"https:\/\/vanderloubet.com.br\/deputado\/wp-content\/uploads\/2015\/06\/foto-2015-06-12-reuniao-prefeitos-cef-04-630x420.jpg 630w, https:\/\/vanderloubet.com.br\/deputado\/wp-content\/uploads\/2015\/06\/foto-2015-06-12-reuniao-prefeitos-cef-04-350x233.jpg 350w, https:\/\/vanderloubet.com.br\/deputado\/wp-content\/uploads\/2015\/06\/foto-2015-06-12-reuniao-prefeitos-cef-04-768x512.jpg 768w, https:\/\/vanderloubet.com.br\/deputado\/wp-content\/uploads\/2015\/06\/foto-2015-06-12-reuniao-prefeitos-cef-04-700x467.jpg 700w, https:\/\/vanderloubet.com.br\/deputado\/wp-content\/uploads\/2015\/06\/foto-2015-06-12-reuniao-prefeitos-cef-04-696x464.jpg 696w, https:\/\/vanderloubet.com.br\/deputado\/wp-content\/uploads\/2015\/06\/foto-2015-06-12-reuniao-prefeitos-cef-04-1068x712.jpg 1068w, https:\/\/vanderloubet.com.br\/deputado\/wp-content\/uploads\/2015\/06\/foto-2015-06-12-reuniao-prefeitos-cef-04.jpg 1080w\" sizes=\"(max-width: 630px) 100vw, 630px\" alt=\"Prefeitos e representantes de munic&iacute;pios discutiram na CEF alternativas para habita&ccedil;&atilde;o popular\">\r\n                            <\/a>\r\n                            <figcaption class = \"td-slide-caption td-gallery-slide-content\"><span>Prefeitos e representantes de munic\u00edpios discutiram na CEF alternativas para habita\u00e7\u00e3o popular<\/span><\/figcaption>\r\n                        <\/figure>\r\n                    <\/div>\r\n                            <\/div>\r\n                        <\/div>\r\n\r\n                        <div class = \"td-doubleSlider-2\">\r\n                            <div class = \"td-slider\">\r\n                                \r\n                    <div class = \"td-button td-item1\">\r\n                        <div class = \"td-border\"><\/div>\r\n                    <\/div>\r\n                    <div class = \"td-button td-item2\">\r\n                        <div class = \"td-border\"><\/div>\r\n                    <\/div>\r\n                    <div class = \"td-button td-item3\">\r\n                        <div class = \"td-border\"><\/div>\r\n                    <\/div>\r\n                    <div class = \"td-button td-item4\">\r\n                        <div class = \"td-border\"><\/div>\r\n                    <\/div>\r\n                            <\/div>\r\n                        <\/div>\r\n\r\n                    <\/div>\r\n\r\n                <\/div>\r\n                \n<p>Na tarde de quinta-feira (11), prefeitos e representantes de munic\u00edpios administrados pelo Partido dos Trabalhadores (PT) foram recebidos na Superintend\u00eancia Regional da Caixa Econ\u00f4mica Federal (CEF) para tratar de alternativas para viabiliza\u00e7\u00e3o de projetos habitacionais. A reuni\u00e3o foi solicitada pelo deputado federal Vander Loubet (PT-MS) ao superintendente regional Paulo Antunes ap\u00f3s reivindica\u00e7\u00e3o de prefeitos do PT em recente visita ao gabinete do parlamentar, em Bras\u00edlia.<\/p>\n<p>Estiveram presentes os prefeitos Selso Lozano (Ant\u00f4nio Jo\u00e3o), Jorge Diogo (Brasil\u00e2ndia), Manoel Viais (Caracol) e Maria Viana (Deod\u00e1polis), al\u00e9m de secret\u00e1rios e t\u00e9cnicos representando os munic\u00edpios de Jardim, Lad\u00e1rio, Mundo Novo e Porto Murtinho. O grupo foi recebido pelo gerente regional da Constru\u00e7\u00e3o Civil, Ubiratan Chaves; e pelo gerente regional de Governo e Munic\u00edpios, Paulo Cesar de Matos. Por estar em Bras\u00edlia, Vander n\u00e3o p\u00f4de participar da atividade mas foi representado pelos assessores parlamentares Agamenon do Prado e Marcos Roberto de Melo.<\/p>\n<p>Em geral, os programas populares de habita\u00e7\u00e3o s\u00e3o destinados para fam\u00edlias com renda de at\u00e9 R$ 1.600,00. &#8220;O problema \u00e9 que costuma ter uma grande parcela da popula\u00e7\u00e3o que tem uma renda um pouco maior, almeja a casa pr\u00f3pria e fica impossibilitada de se beneficiar de programas mais acess\u00edveis. \u00c9 para esse p\u00fablico que estamos buscando alternativas junto \u00e0 Caixa&#8221;, explicou Selso Lozano, prefeito do munic\u00edpio de Ant\u00f4nio Jo\u00e3o.<\/p>\n<p>A alternativa apresentada pelos gerentes da CEF foi o Programa Carta de Cr\u00e9dito FGTS &#8211; Im\u00f3vel na Planta &#8211; Associativo, destinado \u00e0 produ\u00e7\u00e3o de unidades habitacionais por meio de concess\u00e3o de financiamento direto \u00e0s pessoas f\u00edsicas, organizadas em grupos por uma Entidade Organizadora (que pode ser a prefeitura, o Governo do Estado ou uma organiza\u00e7\u00e3o n\u00e3o governamental) com a participa\u00e7\u00e3o de uma construtora.<\/p>\n<p>De acordo com Paulo Cesar de Matos, essa modalidade de projeto habitacional pode ser executado apenas pelas prefeituras ou em parceria com o Estado. &#8220;Depende da articula\u00e7\u00e3o pol\u00edtica dos munic\u00edpios&#8221;, pontuou.<\/p>\n<p>Para o prefeito Jorge Diogo, a pouca disponibilidade de recursos nos caixas das prefeituras aponta para a necessidade de a\u00e7\u00e3o conjunta com o governo estadual. Essa posi\u00e7\u00e3o foi endossada pelo secret\u00e1rio municipal de Desenvolvimento Econ\u00f4mico de Jardim, Thiago Borges. &#8220;Com o apoio do deputado Vander e de toda a bancada vamos buscar o di\u00e1logo com o governador Reinaldo [Azambuja] e com a secret\u00e1ria estadual Maria do Carmo [Avesani] a fim de implementar uma parceria nessa \u00e1rea&#8221;, concluiu.<\/p>\n<p><em>(\u00c9der Yanaguita &#8211; Ascom\/Deputado Vander)<\/em><\/p>\n","protected":false},"excerpt":{"rendered":"<p>A reuni\u00e3o foi articulada pelo deputado Vander Loubet com superintendente Paulo Antunes ap\u00f3s reivindica\u00e7\u00e3o de prefeitos do PT.<\/p>\n","protected":false},"author":2,"featured_media":9882,"comment_status":"closed","ping_status":"closed","sticky":false,"template":"","format":"standard","meta":{"jetpack_post_was_ever_published":false,"_jetpack_newsletter_access":"","_jetpack_dont_email_post_to_subs":false,"_jetpack_newsletter_tier_id":0,"_jetpack_memberships_contains_paywalled_content":false,"_jetpack_memberships_contains_paid_content":false,"footnotes":""},"categories":[2097,10],"tags":[2203,398,2343,956],"class_list":{"0":"post-9878","1":"post","2":"type-post","3":"status-publish","4":"format-standard","5":"has-post-thumbnail","7":"category-municipios-noticias","8":"category-noticias","9":"tag-caixa-economica-federal","10":"tag-cef","11":"tag-fgts","12":"tag-habitacao"},"yoast_head":"<!-- This site is optimized with the Yoast SEO plugin v27.4 - https:\/\/yoast.com\/product\/yoast-seo-wordpress\/ -->\n<title>CEF recebe prefeitos do PT para tratar de alternativas para projetos habitacionais<\/title>\n<meta name=\"robots\" content=\"index, follow, max-snippet:-1, max-image-preview:large, max-video-preview:-1\" \/>\n<link rel=\"canonical\" href=\"https:\/\/vanderloubet.com.br\/deputado\/cef-recebe-prefeitos-do-pt-para-tratar-de-alternativas-para-projetos-habitacionais\/\" \/>\n<meta property=\"og:locale\" content=\"pt_BR\" \/>\n<meta property=\"og:type\" content=\"article\" \/>\n<meta property=\"og:title\" content=\"CEF recebe prefeitos do PT para tratar de alternativas para projetos habitacionais\" \/>\n<meta property=\"og:description\" content=\"A reuni\u00e3o foi articulada pelo deputado Vander Loubet com superintendente Paulo Antunes ap\u00f3s reivindica\u00e7\u00e3o de prefeitos do PT.\" \/>\n<meta property=\"og:url\" content=\"https:\/\/vanderloubet.com.br\/deputado\/cef-recebe-prefeitos-do-pt-para-tratar-de-alternativas-para-projetos-habitacionais\/\" \/>\n<meta property=\"og:site_name\" content=\"Deputado Federal Vander Loubet\" \/>\n<meta property=\"article:publisher\" content=\"https:\/\/facebook.com\/deputadovander\" \/>\n<meta property=\"article:published_time\" content=\"2015-06-12T14:46:31+00:00\" \/>\n<meta property=\"article:modified_time\" content=\"2015-06-12T15:25:00+00:00\" \/>\n<meta property=\"og:image\" content=\"https:\/\/vanderloubet.com.br\/deputado\/wp-content\/uploads\/2015\/06\/foto-2015-06-12-reuniao-prefeitos-cef-04.jpg\" \/>\n\t<meta property=\"og:image:width\" content=\"1080\" \/>\n\t<meta property=\"og:image:height\" content=\"720\" \/>\n\t<meta property=\"og:image:type\" content=\"image\/jpeg\" \/>\n<meta name=\"author\" content=\"\u00c9der\" \/>\n<meta name=\"twitter:card\" content=\"summary_large_image\" \/>\n<meta name=\"twitter:creator\" content=\"@vanderloubet\" \/>\n<meta name=\"twitter:site\" content=\"@vanderloubet\" \/>\n<script type=\"application\/ld+json\" class=\"yoast-schema-graph\">{\"@context\":\"https:\\\/\\\/schema.org\",\"@graph\":[{\"@type\":\"Article\",\"@id\":\"https:\\\/\\\/vanderloubet.com.br\\\/deputado\\\/cef-recebe-prefeitos-do-pt-para-tratar-de-alternativas-para-projetos-habitacionais\\\/#article\",\"isPartOf\":{\"@id\":\"https:\\\/\\\/vanderloubet.com.br\\\/deputado\\\/cef-recebe-prefeitos-do-pt-para-tratar-de-alternativas-para-projetos-habitacionais\\\/\"},\"author\":{\"name\":\"\u00c9der\",\"@id\":\"https:\\\/\\\/vanderloubet.com.br\\\/deputado\\\/#\\\/schema\\\/person\\\/15b51bd564532a8a68d9dec1b8eb890e\"},\"headline\":\"CEF recebe prefeitos do PT para tratar de alternativas para projetos habitacionais\",\"datePublished\":\"2015-06-12T14:46:31+00:00\",\"dateModified\":\"2015-06-12T15:25:00+00:00\",\"mainEntityOfPage\":{\"@id\":\"https:\\\/\\\/vanderloubet.com.br\\\/deputado\\\/cef-recebe-prefeitos-do-pt-para-tratar-de-alternativas-para-projetos-habitacionais\\\/\"},\"wordCount\":457,\"publisher\":{\"@id\":\"https:\\\/\\\/vanderloubet.com.br\\\/deputado\\\/#organization\"},\"image\":{\"@id\":\"https:\\\/\\\/vanderloubet.com.br\\\/deputado\\\/cef-recebe-prefeitos-do-pt-para-tratar-de-alternativas-para-projetos-habitacionais\\\/#primaryimage\"},\"thumbnailUrl\":\"https:\\\/\\\/vanderloubet.com.br\\\/deputado\\\/wp-content\\\/uploads\\\/2015\\\/06\\\/foto-2015-06-12-reuniao-prefeitos-cef-04.jpg\",\"keywords\":[\"caixa econ\u00f4mica federal\",\"cef\",\"fgts\",\"habita\u00e7\u00e3o\"],\"articleSection\":[\"Munic\u00edpios\",\"Not\u00edcias\"],\"inLanguage\":\"pt-BR\"},{\"@type\":\"WebPage\",\"@id\":\"https:\\\/\\\/vanderloubet.com.br\\\/deputado\\\/cef-recebe-prefeitos-do-pt-para-tratar-de-alternativas-para-projetos-habitacionais\\\/\",\"url\":\"https:\\\/\\\/vanderloubet.com.br\\\/deputado\\\/cef-recebe-prefeitos-do-pt-para-tratar-de-alternativas-para-projetos-habitacionais\\\/\",\"name\":\"CEF recebe prefeitos do PT para tratar de alternativas para projetos habitacionais\",\"isPartOf\":{\"@id\":\"https:\\\/\\\/vanderloubet.com.br\\\/deputado\\\/#website\"},\"primaryImageOfPage\":{\"@id\":\"https:\\\/\\\/vanderloubet.com.br\\\/deputado\\\/cef-recebe-prefeitos-do-pt-para-tratar-de-alternativas-para-projetos-habitacionais\\\/#primaryimage\"},\"image\":{\"@id\":\"https:\\\/\\\/vanderloubet.com.br\\\/deputado\\\/cef-recebe-prefeitos-do-pt-para-tratar-de-alternativas-para-projetos-habitacionais\\\/#primaryimage\"},\"thumbnailUrl\":\"https:\\\/\\\/vanderloubet.com.br\\\/deputado\\\/wp-content\\\/uploads\\\/2015\\\/06\\\/foto-2015-06-12-reuniao-prefeitos-cef-04.jpg\",\"datePublished\":\"2015-06-12T14:46:31+00:00\",\"dateModified\":\"2015-06-12T15:25:00+00:00\",\"breadcrumb\":{\"@id\":\"https:\\\/\\\/vanderloubet.com.br\\\/deputado\\\/cef-recebe-prefeitos-do-pt-para-tratar-de-alternativas-para-projetos-habitacionais\\\/#breadcrumb\"},\"inLanguage\":\"pt-BR\",\"potentialAction\":[{\"@type\":\"ReadAction\",\"target\":[\"https:\\\/\\\/vanderloubet.com.br\\\/deputado\\\/cef-recebe-prefeitos-do-pt-para-tratar-de-alternativas-para-projetos-habitacionais\\\/\"]}]},{\"@type\":\"ImageObject\",\"inLanguage\":\"pt-BR\",\"@id\":\"https:\\\/\\\/vanderloubet.com.br\\\/deputado\\\/cef-recebe-prefeitos-do-pt-para-tratar-de-alternativas-para-projetos-habitacionais\\\/#primaryimage\",\"url\":\"https:\\\/\\\/vanderloubet.com.br\\\/deputado\\\/wp-content\\\/uploads\\\/2015\\\/06\\\/foto-2015-06-12-reuniao-prefeitos-cef-04.jpg\",\"contentUrl\":\"https:\\\/\\\/vanderloubet.com.br\\\/deputado\\\/wp-content\\\/uploads\\\/2015\\\/06\\\/foto-2015-06-12-reuniao-prefeitos-cef-04.jpg\",\"width\":1080,\"height\":720,\"caption\":\"Prefeitos e representantes de munic\u00edpios discutiram na CEF alternativas para habita\u00e7\u00e3o popular\"},{\"@type\":\"BreadcrumbList\",\"@id\":\"https:\\\/\\\/vanderloubet.com.br\\\/deputado\\\/cef-recebe-prefeitos-do-pt-para-tratar-de-alternativas-para-projetos-habitacionais\\\/#breadcrumb\",\"itemListElement\":[{\"@type\":\"ListItem\",\"position\":1,\"name\":\"In\u00edcio\",\"item\":\"https:\\\/\\\/vanderloubet.com.br\\\/deputado\\\/\"},{\"@type\":\"ListItem\",\"position\":2,\"name\":\"CEF recebe prefeitos do PT para tratar de alternativas para projetos habitacionais\"}]},{\"@type\":\"WebSite\",\"@id\":\"https:\\\/\\\/vanderloubet.com.br\\\/deputado\\\/#website\",\"url\":\"https:\\\/\\\/vanderloubet.com.br\\\/deputado\\\/\",\"name\":\"Deputado Federal Vander Loubet\",\"description\":\"O Federal de MS\",\"publisher\":{\"@id\":\"https:\\\/\\\/vanderloubet.com.br\\\/deputado\\\/#organization\"},\"alternateName\":\"Deputado Vander\",\"potentialAction\":[{\"@type\":\"SearchAction\",\"target\":{\"@type\":\"EntryPoint\",\"urlTemplate\":\"https:\\\/\\\/vanderloubet.com.br\\\/deputado\\\/?s={search_term_string}\"},\"query-input\":{\"@type\":\"PropertyValueSpecification\",\"valueRequired\":true,\"valueName\":\"search_term_string\"}}],\"inLanguage\":\"pt-BR\"},{\"@type\":\"Organization\",\"@id\":\"https:\\\/\\\/vanderloubet.com.br\\\/deputado\\\/#organization\",\"name\":\"Deputado Federal Vander Loubet\",\"alternateName\":\"Deputado Vander\",\"url\":\"https:\\\/\\\/vanderloubet.com.br\\\/deputado\\\/\",\"logo\":{\"@type\":\"ImageObject\",\"inLanguage\":\"pt-BR\",\"@id\":\"https:\\\/\\\/vanderloubet.com.br\\\/deputado\\\/#\\\/schema\\\/logo\\\/image\\\/\",\"url\":\"https:\\\/\\\/vanderloubet.com.br\\\/deputado\\\/wp-content\\\/uploads\\\/2023\\\/06\\\/foto-2023-06-19-mandato-deputado-vander.jpg\",\"contentUrl\":\"https:\\\/\\\/vanderloubet.com.br\\\/deputado\\\/wp-content\\\/uploads\\\/2023\\\/06\\\/foto-2023-06-19-mandato-deputado-vander.jpg\",\"width\":1080,\"height\":1080,\"caption\":\"Deputado Federal Vander Loubet\"},\"image\":{\"@id\":\"https:\\\/\\\/vanderloubet.com.br\\\/deputado\\\/#\\\/schema\\\/logo\\\/image\\\/\"},\"sameAs\":[\"https:\\\/\\\/facebook.com\\\/deputadovander\",\"https:\\\/\\\/x.com\\\/vanderloubet\",\"https:\\\/\\\/instagram.com\\\/vanderloubet\",\"https:\\\/\\\/youtube.com\\\/vanderloubet\",\"https:\\\/\\\/tiktok.com\\\/@vanderloubetms\"]},{\"@type\":\"Person\",\"@id\":\"https:\\\/\\\/vanderloubet.com.br\\\/deputado\\\/#\\\/schema\\\/person\\\/15b51bd564532a8a68d9dec1b8eb890e\",\"name\":\"\u00c9der\",\"image\":{\"@type\":\"ImageObject\",\"inLanguage\":\"pt-BR\",\"@id\":\"https:\\\/\\\/vanderloubet.com.br\\\/deputado\\\/wp-content\\\/litespeed\\\/avatar\\\/88ca4090d9d5ab1c9495f6ca03b68efa.jpg?ver=1777058957\",\"url\":\"https:\\\/\\\/vanderloubet.com.br\\\/deputado\\\/wp-content\\\/litespeed\\\/avatar\\\/88ca4090d9d5ab1c9495f6ca03b68efa.jpg?ver=1777058957\",\"contentUrl\":\"https:\\\/\\\/vanderloubet.com.br\\\/deputado\\\/wp-content\\\/litespeed\\\/avatar\\\/88ca4090d9d5ab1c9495f6ca03b68efa.jpg?ver=1777058957\",\"caption\":\"\u00c9der\"}}]}<\/script>\n<!-- \/ Yoast SEO plugin. -->","yoast_head_json":{"title":"CEF recebe prefeitos do PT para tratar de alternativas para projetos habitacionais","robots":{"index":"index","follow":"follow","max-snippet":"max-snippet:-1","max-image-preview":"max-image-preview:large","max-video-preview":"max-video-preview:-1"},"canonical":"https:\/\/vanderloubet.com.br\/deputado\/cef-recebe-prefeitos-do-pt-para-tratar-de-alternativas-para-projetos-habitacionais\/","og_locale":"pt_BR","og_type":"article","og_title":"CEF recebe prefeitos do PT para tratar de alternativas para projetos habitacionais","og_description":"A reuni\u00e3o foi articulada pelo deputado Vander Loubet com superintendente Paulo Antunes ap\u00f3s reivindica\u00e7\u00e3o de prefeitos do PT.","og_url":"https:\/\/vanderloubet.com.br\/deputado\/cef-recebe-prefeitos-do-pt-para-tratar-de-alternativas-para-projetos-habitacionais\/","og_site_name":"Deputado Federal Vander Loubet","article_publisher":"https:\/\/facebook.com\/deputadovander","article_published_time":"2015-06-12T14:46:31+00:00","article_modified_time":"2015-06-12T15:25:00+00:00","og_image":[{"width":1080,"height":720,"url":"https:\/\/vanderloubet.com.br\/deputado\/wp-content\/uploads\/2015\/06\/foto-2015-06-12-reuniao-prefeitos-cef-04.jpg","type":"image\/jpeg"}],"author":"\u00c9der","twitter_card":"summary_large_image","twitter_creator":"@vanderloubet","twitter_site":"@vanderloubet","schema":{"@context":"https:\/\/schema.org","@graph":[{"@type":"Article","@id":"https:\/\/vanderloubet.com.br\/deputado\/cef-recebe-prefeitos-do-pt-para-tratar-de-alternativas-para-projetos-habitacionais\/#article","isPartOf":{"@id":"https:\/\/vanderloubet.com.br\/deputado\/cef-recebe-prefeitos-do-pt-para-tratar-de-alternativas-para-projetos-habitacionais\/"},"author":{"name":"\u00c9der","@id":"https:\/\/vanderloubet.com.br\/deputado\/#\/schema\/person\/15b51bd564532a8a68d9dec1b8eb890e"},"headline":"CEF recebe prefeitos do PT para tratar de alternativas para projetos habitacionais","datePublished":"2015-06-12T14:46:31+00:00","dateModified":"2015-06-12T15:25:00+00:00","mainEntityOfPage":{"@id":"https:\/\/vanderloubet.com.br\/deputado\/cef-recebe-prefeitos-do-pt-para-tratar-de-alternativas-para-projetos-habitacionais\/"},"wordCount":457,"publisher":{"@id":"https:\/\/vanderloubet.com.br\/deputado\/#organization"},"image":{"@id":"https:\/\/vanderloubet.com.br\/deputado\/cef-recebe-prefeitos-do-pt-para-tratar-de-alternativas-para-projetos-habitacionais\/#primaryimage"},"thumbnailUrl":"https:\/\/vanderloubet.com.br\/deputado\/wp-content\/uploads\/2015\/06\/foto-2015-06-12-reuniao-prefeitos-cef-04.jpg","keywords":["caixa econ\u00f4mica federal","cef","fgts","habita\u00e7\u00e3o"],"articleSection":["Munic\u00edpios","Not\u00edcias"],"inLanguage":"pt-BR"},{"@type":"WebPage","@id":"https:\/\/vanderloubet.com.br\/deputado\/cef-recebe-prefeitos-do-pt-para-tratar-de-alternativas-para-projetos-habitacionais\/","url":"https:\/\/vanderloubet.com.br\/deputado\/cef-recebe-prefeitos-do-pt-para-tratar-de-alternativas-para-projetos-habitacionais\/","name":"CEF recebe prefeitos do PT para tratar de alternativas para projetos habitacionais","isPartOf":{"@id":"https:\/\/vanderloubet.com.br\/deputado\/#website"},"primaryImageOfPage":{"@id":"https:\/\/vanderloubet.com.br\/deputado\/cef-recebe-prefeitos-do-pt-para-tratar-de-alternativas-para-projetos-habitacionais\/#primaryimage"},"image":{"@id":"https:\/\/vanderloubet.com.br\/deputado\/cef-recebe-prefeitos-do-pt-para-tratar-de-alternativas-para-projetos-habitacionais\/#primaryimage"},"thumbnailUrl":"https:\/\/vanderloubet.com.br\/deputado\/wp-content\/uploads\/2015\/06\/foto-2015-06-12-reuniao-prefeitos-cef-04.jpg","datePublished":"2015-06-12T14:46:31+00:00","dateModified":"2015-06-12T15:25:00+00:00","breadcrumb":{"@id":"https:\/\/vanderloubet.com.br\/deputado\/cef-recebe-prefeitos-do-pt-para-tratar-de-alternativas-para-projetos-habitacionais\/#breadcrumb"},"inLanguage":"pt-BR","potentialAction":[{"@type":"ReadAction","target":["https:\/\/vanderloubet.com.br\/deputado\/cef-recebe-prefeitos-do-pt-para-tratar-de-alternativas-para-projetos-habitacionais\/"]}]},{"@type":"ImageObject","inLanguage":"pt-BR","@id":"https:\/\/vanderloubet.com.br\/deputado\/cef-recebe-prefeitos-do-pt-para-tratar-de-alternativas-para-projetos-habitacionais\/#primaryimage","url":"https:\/\/vanderloubet.com.br\/deputado\/wp-content\/uploads\/2015\/06\/foto-2015-06-12-reuniao-prefeitos-cef-04.jpg","contentUrl":"https:\/\/vanderloubet.com.br\/deputado\/wp-content\/uploads\/2015\/06\/foto-2015-06-12-reuniao-prefeitos-cef-04.jpg","width":1080,"height":720,"caption":"Prefeitos e representantes de munic\u00edpios discutiram na CEF alternativas para habita\u00e7\u00e3o popular"},{"@type":"BreadcrumbList","@id":"https:\/\/vanderloubet.com.br\/deputado\/cef-recebe-prefeitos-do-pt-para-tratar-de-alternativas-para-projetos-habitacionais\/#breadcrumb","itemListElement":[{"@type":"ListItem","position":1,"name":"In\u00edcio","item":"https:\/\/vanderloubet.com.br\/deputado\/"},{"@type":"ListItem","position":2,"name":"CEF recebe prefeitos do PT para tratar de alternativas para projetos habitacionais"}]},{"@type":"WebSite","@id":"https:\/\/vanderloubet.com.br\/deputado\/#website","url":"https:\/\/vanderloubet.com.br\/deputado\/","name":"Deputado Federal Vander Loubet","description":"O Federal de MS","publisher":{"@id":"https:\/\/vanderloubet.com.br\/deputado\/#organization"},"alternateName":"Deputado Vander","potentialAction":[{"@type":"SearchAction","target":{"@type":"EntryPoint","urlTemplate":"https:\/\/vanderloubet.com.br\/deputado\/?s={search_term_string}"},"query-input":{"@type":"PropertyValueSpecification","valueRequired":true,"valueName":"search_term_string"}}],"inLanguage":"pt-BR"},{"@type":"Organization","@id":"https:\/\/vanderloubet.com.br\/deputado\/#organization","name":"Deputado Federal Vander Loubet","alternateName":"Deputado Vander","url":"https:\/\/vanderloubet.com.br\/deputado\/","logo":{"@type":"ImageObject","inLanguage":"pt-BR","@id":"https:\/\/vanderloubet.com.br\/deputado\/#\/schema\/logo\/image\/","url":"https:\/\/vanderloubet.com.br\/deputado\/wp-content\/uploads\/2023\/06\/foto-2023-06-19-mandato-deputado-vander.jpg","contentUrl":"https:\/\/vanderloubet.com.br\/deputado\/wp-content\/uploads\/2023\/06\/foto-2023-06-19-mandato-deputado-vander.jpg","width":1080,"height":1080,"caption":"Deputado Federal Vander Loubet"},"image":{"@id":"https:\/\/vanderloubet.com.br\/deputado\/#\/schema\/logo\/image\/"},"sameAs":["https:\/\/facebook.com\/deputadovander","https:\/\/x.com\/vanderloubet","https:\/\/instagram.com\/vanderloubet","https:\/\/youtube.com\/vanderloubet","https:\/\/tiktok.com\/@vanderloubetms"]},{"@type":"Person","@id":"https:\/\/vanderloubet.com.br\/deputado\/#\/schema\/person\/15b51bd564532a8a68d9dec1b8eb890e","name":"\u00c9der","image":{"@type":"ImageObject","inLanguage":"pt-BR","@id":"https:\/\/vanderloubet.com.br\/deputado\/wp-content\/litespeed\/avatar\/88ca4090d9d5ab1c9495f6ca03b68efa.jpg?ver=1777058957","url":"https:\/\/vanderloubet.com.br\/deputado\/wp-content\/litespeed\/avatar\/88ca4090d9d5ab1c9495f6ca03b68efa.jpg?ver=1777058957","contentUrl":"https:\/\/vanderloubet.com.br\/deputado\/wp-content\/litespeed\/avatar\/88ca4090d9d5ab1c9495f6ca03b68efa.jpg?ver=1777058957","caption":"\u00c9der"}}]}},"jetpack_featured_media_url":"https:\/\/vanderloubet.com.br\/deputado\/wp-content\/uploads\/2015\/06\/foto-2015-06-12-reuniao-prefeitos-cef-04.jpg","jetpack_sharing_enabled":true,"_links":{"self":[{"href":"https:\/\/vanderloubet.com.br\/deputado\/wp-json\/wp\/v2\/posts\/9878","targetHints":{"allow":["GET"]}}],"collection":[{"href":"https:\/\/vanderloubet.com.br\/deputado\/wp-json\/wp\/v2\/posts"}],"about":[{"href":"https:\/\/vanderloubet.com.br\/deputado\/wp-json\/wp\/v2\/types\/post"}],"author":[{"embeddable":true,"href":"https:\/\/vanderloubet.com.br\/deputado\/wp-json\/wp\/v2\/users\/2"}],"replies":[{"embeddable":true,"href":"https:\/\/vanderloubet.com.br\/deputado\/wp-json\/wp\/v2\/comments?post=9878"}],"version-history":[{"count":0,"href":"https:\/\/vanderloubet.com.br\/deputado\/wp-json\/wp\/v2\/posts\/9878\/revisions"}],"wp:featuredmedia":[{"embeddable":true,"href":"https:\/\/vanderloubet.com.br\/deputado\/wp-json\/wp\/v2\/media\/9882"}],"wp:attachment":[{"href":"https:\/\/vanderloubet.com.br\/deputado\/wp-json\/wp\/v2\/media?parent=9878"}],"wp:term":[{"taxonomy":"category","embeddable":true,"href":"https:\/\/vanderloubet.com.br\/deputado\/wp-json\/wp\/v2\/categories?post=9878"},{"taxonomy":"post_tag","embeddable":true,"href":"https:\/\/vanderloubet.com.br\/deputado\/wp-json\/wp\/v2\/tags?post=9878"}],"curies":[{"name":"wp","href":"https:\/\/api.w.org\/{rel}","templated":true}]}}