{"id":9872,"date":"2015-06-11T11:30:10","date_gmt":"2015-06-11T14:30:10","guid":{"rendered":"http:\/\/vanderloubet.com.br\/deputado\/?p=9872"},"modified":"2015-08-26T23:34:41","modified_gmt":"2015-08-27T03:34:41","slug":"governo-prorroga-prazo-de-liberacao-dos-restos-a-pagar-para-prefeituras","status":"publish","type":"post","link":"https:\/\/vanderloubet.com.br\/deputado\/governo-prorroga-prazo-de-liberacao-dos-restos-a-pagar-para-prefeituras\/","title":{"rendered":"Governo prorroga prazo de libera\u00e7\u00e3o dos Restos a Pagar para prefeituras"},"content":{"rendered":"\r\n                <style type=\"text\/css\">\r\n                    \r\n                    #tdi_1  .td-doubleSlider-2 .td-item1 {\r\n                        background: url(https:\/\/vanderloubet.com.br\/deputado\/wp-content\/uploads\/2015\/06\/foto-2015-06-11-vander-assomasul-80x60.jpg) 0 0 no-repeat;\r\n                    }\r\n                    #tdi_1  .td-doubleSlider-2 .td-item2 {\r\n                        background: url(https:\/\/vanderloubet.com.br\/deputado\/wp-content\/uploads\/2015\/06\/foto-2015-06-11-dou-decreto-8466-80x60.jpg) 0 0 no-repeat;\r\n                    }\r\n                <\/style>\r\n\r\n                <div id=\"tdi_1\" class=\"td-gallery td-slide-on-2-columns\">\r\n                    <div class=\"post_td_gallery\">\r\n                        <div class=\"td-gallery-slide-top\">\r\n                           <div class=\"td-gallery-title\"><\/div>\r\n\r\n                            <div class=\"td-gallery-controls-wrapper\">\r\n                                <div class=\"td-gallery-slide-count\"><span class=\"td-gallery-slide-item-focus\">1<\/span> de 2<\/div>\r\n                                <div class=\"td-gallery-slide-prev-next-but\">\r\n                                    <i class = \"td-icon-left doubleSliderPrevButton\"><\/i>\r\n                                    <i class = \"td-icon-right doubleSliderNextButton\"><\/i>\r\n                                <\/div>\r\n                            <\/div>\r\n                        <\/div>\r\n\r\n                        <div class = \"td-doubleSlider-1 \">\r\n                            <div class = \"td-slider\">\r\n                                \r\n                    <div class = \"td-slide-item td-item1\">\r\n                        <figure class=\"td-slide-galery-figure td-slide-popup-gallery\">\r\n                            <a class=\"slide-gallery-image-link\" href=\"https:\/\/vanderloubet.com.br\/deputado\/wp-content\/uploads\/2015\/06\/foto-2015-06-11-vander-assomasul.jpg\" title=\"Deputado Vander, coordenador da bancada, em recente reuni\u00e3o na Assomasul para tratar dos RAP\"  data-caption=\"\"  data-description=\"Deputado Vander, coordenador da bancada, em recente reuni&atilde;o na Assomasul para tratar dos RAP\">\r\n                                <img decoding=\"async\" src=\"https:\/\/vanderloubet.com.br\/deputado\/wp-content\/uploads\/2015\/06\/foto-2015-06-11-vander-assomasul-630x420.jpg\" srcset=\"https:\/\/vanderloubet.com.br\/deputado\/wp-content\/uploads\/2015\/06\/foto-2015-06-11-vander-assomasul-630x420.jpg 630w, https:\/\/vanderloubet.com.br\/deputado\/wp-content\/uploads\/2015\/06\/foto-2015-06-11-vander-assomasul-350x233.jpg 350w, https:\/\/vanderloubet.com.br\/deputado\/wp-content\/uploads\/2015\/06\/foto-2015-06-11-vander-assomasul-768x512.jpg 768w, https:\/\/vanderloubet.com.br\/deputado\/wp-content\/uploads\/2015\/06\/foto-2015-06-11-vander-assomasul-700x467.jpg 700w, https:\/\/vanderloubet.com.br\/deputado\/wp-content\/uploads\/2015\/06\/foto-2015-06-11-vander-assomasul-696x464.jpg 696w, https:\/\/vanderloubet.com.br\/deputado\/wp-content\/uploads\/2015\/06\/foto-2015-06-11-vander-assomasul-1068x712.jpg 1068w, https:\/\/vanderloubet.com.br\/deputado\/wp-content\/uploads\/2015\/06\/foto-2015-06-11-vander-assomasul.jpg 1200w\" sizes=\"(max-width: 630px) 100vw, 630px\" alt=\"Deputado Vander, coordenador da bancada, em recente reuni&atilde;o na Assomasul para tratar dos RAP\">\r\n                            <\/a>\r\n                            <figcaption class = \"td-slide-caption td-gallery-slide-content\"><span>Deputado Vander, coordenador da bancada, em recente reuni\u00e3o na Assomasul para tratar dos RAP<\/span><\/figcaption>\r\n                        <\/figure>\r\n                    <\/div>\r\n                    <div class = \"td-slide-item td-item2\">\r\n                        <figure class=\"td-slide-galery-figure td-slide-popup-gallery\">\r\n                            <a class=\"slide-gallery-image-link\" href=\"https:\/\/vanderloubet.com.br\/deputado\/wp-content\/uploads\/2015\/06\/foto-2015-06-11-dou-decreto-8466.jpg\" title=\"Edi\u00e7\u00e3o do DOU com o Decreto 8.466\/2015\"  data-caption=\"\"  data-description=\"Edi&ccedil;&atilde;o do DOU com o Decreto 8.466\/2015\">\r\n                                <img decoding=\"async\" src=\"https:\/\/vanderloubet.com.br\/deputado\/wp-content\/uploads\/2015\/06\/foto-2015-06-11-dou-decreto-8466-379x420.jpg\" srcset=\"https:\/\/vanderloubet.com.br\/deputado\/wp-content\/uploads\/2015\/06\/foto-2015-06-11-dou-decreto-8466-379x420.jpg 379w, https:\/\/vanderloubet.com.br\/deputado\/wp-content\/uploads\/2015\/06\/foto-2015-06-11-dou-decreto-8466-350x388.jpg 350w, https:\/\/vanderloubet.com.br\/deputado\/wp-content\/uploads\/2015\/06\/foto-2015-06-11-dou-decreto-8466-768x850.jpg 768w, https:\/\/vanderloubet.com.br\/deputado\/wp-content\/uploads\/2015\/06\/foto-2015-06-11-dou-decreto-8466-700x775.jpg 700w, https:\/\/vanderloubet.com.br\/deputado\/wp-content\/uploads\/2015\/06\/foto-2015-06-11-dou-decreto-8466-696x771.jpg 696w, https:\/\/vanderloubet.com.br\/deputado\/wp-content\/uploads\/2015\/06\/foto-2015-06-11-dou-decreto-8466-1068x1183.jpg 1068w, https:\/\/vanderloubet.com.br\/deputado\/wp-content\/uploads\/2015\/06\/foto-2015-06-11-dou-decreto-8466.jpg 1080w\" sizes=\"(max-width: 379px) 100vw, 379px\" alt=\"Edi&ccedil;&atilde;o do DOU com o Decreto 8.466\/2015\">\r\n                            <\/a>\r\n                            <figcaption class = \"td-slide-caption td-gallery-slide-content\"><span>Edi\u00e7\u00e3o do DOU com o Decreto 8.466\/2015<\/span><\/figcaption>\r\n                        <\/figure>\r\n                    <\/div>\r\n                            <\/div>\r\n                        <\/div>\r\n\r\n                        <div class = \"td-doubleSlider-2\">\r\n                            <div class = \"td-slider\">\r\n                                \r\n                    <div class = \"td-button td-item1\">\r\n                        <div class = \"td-border\"><\/div>\r\n                    <\/div>\r\n                    <div class = \"td-button td-item2\">\r\n                        <div class = \"td-border\"><\/div>\r\n                    <\/div>\r\n                            <\/div>\r\n                        <\/div>\r\n\r\n                    <\/div>\r\n\r\n                <\/div>\r\n                \n<p>Foi publicado no <a href=\"http:\/\/pesquisa.in.gov.br\/imprensa\/jsp\/visualiza\/index.jsp?jornal=1&amp;pagina=1&amp;data=11\/06\/2015\" target=\"_blank\">Di\u00e1rio Oficial da Uni\u00e3o (DOU) desta quinta-feira (11)<\/a> o Decreto 8.466\/2015, da Presid\u00eancia da Rep\u00fablica, no qual o Governo Federal prorroga o prazo para que as prefeituras possam conseguir a libera\u00e7\u00e3o de verbas do chamado Restos a Pagar (RAP) &#8211; recursos n\u00e3o executados de or\u00e7amentos anteriores. O prazo anterior, definido pelo Decreto 8.407\/2015, era at\u00e9 30 de junho. O novo prazo passa a ser 31 de agosto.<\/p>\n<p>&#8220;\u00c9 uma vit\u00f3ria da bancada federal e dos munic\u00edpios, que reivindicaram ao Governo Federal mais prazo para regularizar os conv\u00eanios com a Uni\u00e3o e, consequentemente, assegurar o repasse desses recursos. A presidenta Dilma e os ministros da equipe econ\u00f4mica foram sens\u00edveis a essa quest\u00e3o, afinal, s\u00e3o recursos de emendas parlamentares e programas ministeriais que fazem grande diferen\u00e7a para os munic\u00edpios&#8221;, comemorou o deputado federal Vander Loubet (PT-MS), coordenador da bancada do estado no Congresso Nacional.<\/p>\n<p>Pelo novo decreto, as prefeituras e institui\u00e7\u00f5es respons\u00e1veis pela execu\u00e7\u00e3o das despesas poder\u00e3o desbloquear os RAP desde que, at\u00e9 31 de agosto, seja iniciada a execu\u00e7\u00e3o das despesas. A revis\u00e3o do Decreto 8.407\/2015 inclusive havia sido pautada como reivindica\u00e7\u00e3o da \u00faltima Marcha a Bras\u00edlia em Defesa dos Munic\u00edpios, conhecida como &#8220;Marcha dos Prefeitos&#8221;, realizada no final do m\u00eas de maio em Bras\u00edlia.<\/p>\n<p><em>(\u00c9der Yanaguita &#8211; Aascom\/Deputado Vander)<\/em><\/p>\n","protected":false},"excerpt":{"rendered":"<p>Deputado Vander Loubet comemorou a decis\u00e3o e destacou que prazo maior \u00e9 vit\u00f3ria da bancada e dos prefeitos, que reivindicavam essa prorroga\u00e7\u00e3o.<\/p>\n","protected":false},"author":2,"featured_media":9873,"comment_status":"closed","ping_status":"closed","sticky":false,"template":"","format":"standard","meta":{"jetpack_post_was_ever_published":false,"_jetpack_newsletter_access":"","_jetpack_dont_email_post_to_subs":false,"_jetpack_newsletter_tier_id":0,"_jetpack_memberships_contains_paywalled_content":false,"_jetpack_memberships_contains_paid_content":false,"footnotes":""},"categories":[2097,10],"tags":[2127,2244,2342],"class_list":{"0":"post-9872","1":"post","2":"type-post","3":"status-publish","4":"format-standard","5":"has-post-thumbnail","7":"category-municipios-noticias","8":"category-noticias","9":"tag-emenda-parlamentar","10":"tag-orcamento-geral-da-uniao","11":"tag-restos-a-pagar"},"yoast_head":"<!-- This site is optimized with the Yoast SEO plugin v27.4 - https:\/\/yoast.com\/product\/yoast-seo-wordpress\/ -->\n<title>Governo prorroga prazo de libera\u00e7\u00e3o dos Restos a Pagar para prefeituras<\/title>\n<meta name=\"robots\" content=\"index, follow, max-snippet:-1, max-image-preview:large, max-video-preview:-1\" \/>\n<link rel=\"canonical\" href=\"https:\/\/vanderloubet.com.br\/deputado\/governo-prorroga-prazo-de-liberacao-dos-restos-a-pagar-para-prefeituras\/\" \/>\n<meta property=\"og:locale\" content=\"pt_BR\" \/>\n<meta property=\"og:type\" content=\"article\" \/>\n<meta property=\"og:title\" content=\"Governo prorroga prazo de libera\u00e7\u00e3o dos Restos a Pagar para prefeituras\" \/>\n<meta property=\"og:description\" content=\"Deputado Vander Loubet comemorou a decis\u00e3o e destacou que prazo maior \u00e9 vit\u00f3ria da bancada e dos prefeitos, que reivindicavam essa prorroga\u00e7\u00e3o.\" \/>\n<meta property=\"og:url\" content=\"https:\/\/vanderloubet.com.br\/deputado\/governo-prorroga-prazo-de-liberacao-dos-restos-a-pagar-para-prefeituras\/\" \/>\n<meta property=\"og:site_name\" content=\"Deputado Federal Vander Loubet\" \/>\n<meta property=\"article:publisher\" content=\"https:\/\/facebook.com\/deputadovander\" \/>\n<meta property=\"article:published_time\" content=\"2015-06-11T14:30:10+00:00\" \/>\n<meta property=\"article:modified_time\" content=\"2015-08-27T03:34:41+00:00\" \/>\n<meta property=\"og:image\" content=\"https:\/\/vanderloubet.com.br\/deputado\/wp-content\/uploads\/2015\/06\/foto-2015-06-11-dou-decreto-8466.jpg\" \/>\n\t<meta property=\"og:image:width\" content=\"1080\" \/>\n\t<meta property=\"og:image:height\" content=\"1196\" \/>\n\t<meta property=\"og:image:type\" content=\"image\/jpeg\" \/>\n<meta name=\"author\" content=\"\u00c9der\" \/>\n<meta name=\"twitter:card\" content=\"summary_large_image\" \/>\n<meta name=\"twitter:creator\" content=\"@vanderloubet\" \/>\n<meta name=\"twitter:site\" content=\"@vanderloubet\" \/>\n<script type=\"application\/ld+json\" class=\"yoast-schema-graph\">{\"@context\":\"https:\\\/\\\/schema.org\",\"@graph\":[{\"@type\":\"Article\",\"@id\":\"https:\\\/\\\/vanderloubet.com.br\\\/deputado\\\/governo-prorroga-prazo-de-liberacao-dos-restos-a-pagar-para-prefeituras\\\/#article\",\"isPartOf\":{\"@id\":\"https:\\\/\\\/vanderloubet.com.br\\\/deputado\\\/governo-prorroga-prazo-de-liberacao-dos-restos-a-pagar-para-prefeituras\\\/\"},\"author\":{\"name\":\"\u00c9der\",\"@id\":\"https:\\\/\\\/vanderloubet.com.br\\\/deputado\\\/#\\\/schema\\\/person\\\/15b51bd564532a8a68d9dec1b8eb890e\"},\"headline\":\"Governo prorroga prazo de libera\u00e7\u00e3o dos Restos a Pagar para prefeituras\",\"datePublished\":\"2015-06-11T14:30:10+00:00\",\"dateModified\":\"2015-08-27T03:34:41+00:00\",\"mainEntityOfPage\":{\"@id\":\"https:\\\/\\\/vanderloubet.com.br\\\/deputado\\\/governo-prorroga-prazo-de-liberacao-dos-restos-a-pagar-para-prefeituras\\\/\"},\"wordCount\":254,\"publisher\":{\"@id\":\"https:\\\/\\\/vanderloubet.com.br\\\/deputado\\\/#organization\"},\"image\":{\"@id\":\"https:\\\/\\\/vanderloubet.com.br\\\/deputado\\\/governo-prorroga-prazo-de-liberacao-dos-restos-a-pagar-para-prefeituras\\\/#primaryimage\"},\"thumbnailUrl\":\"https:\\\/\\\/vanderloubet.com.br\\\/deputado\\\/wp-content\\\/uploads\\\/2015\\\/06\\\/foto-2015-06-11-dou-decreto-8466.jpg\",\"keywords\":[\"emenda parlamentar\",\"or\u00e7amento geral da uni\u00e3o\",\"restos a pagar\"],\"articleSection\":[\"Munic\u00edpios\",\"Not\u00edcias\"],\"inLanguage\":\"pt-BR\"},{\"@type\":\"WebPage\",\"@id\":\"https:\\\/\\\/vanderloubet.com.br\\\/deputado\\\/governo-prorroga-prazo-de-liberacao-dos-restos-a-pagar-para-prefeituras\\\/\",\"url\":\"https:\\\/\\\/vanderloubet.com.br\\\/deputado\\\/governo-prorroga-prazo-de-liberacao-dos-restos-a-pagar-para-prefeituras\\\/\",\"name\":\"Governo prorroga prazo de libera\u00e7\u00e3o dos Restos a Pagar para prefeituras\",\"isPartOf\":{\"@id\":\"https:\\\/\\\/vanderloubet.com.br\\\/deputado\\\/#website\"},\"primaryImageOfPage\":{\"@id\":\"https:\\\/\\\/vanderloubet.com.br\\\/deputado\\\/governo-prorroga-prazo-de-liberacao-dos-restos-a-pagar-para-prefeituras\\\/#primaryimage\"},\"image\":{\"@id\":\"https:\\\/\\\/vanderloubet.com.br\\\/deputado\\\/governo-prorroga-prazo-de-liberacao-dos-restos-a-pagar-para-prefeituras\\\/#primaryimage\"},\"thumbnailUrl\":\"https:\\\/\\\/vanderloubet.com.br\\\/deputado\\\/wp-content\\\/uploads\\\/2015\\\/06\\\/foto-2015-06-11-dou-decreto-8466.jpg\",\"datePublished\":\"2015-06-11T14:30:10+00:00\",\"dateModified\":\"2015-08-27T03:34:41+00:00\",\"breadcrumb\":{\"@id\":\"https:\\\/\\\/vanderloubet.com.br\\\/deputado\\\/governo-prorroga-prazo-de-liberacao-dos-restos-a-pagar-para-prefeituras\\\/#breadcrumb\"},\"inLanguage\":\"pt-BR\",\"potentialAction\":[{\"@type\":\"ReadAction\",\"target\":[\"https:\\\/\\\/vanderloubet.com.br\\\/deputado\\\/governo-prorroga-prazo-de-liberacao-dos-restos-a-pagar-para-prefeituras\\\/\"]}]},{\"@type\":\"ImageObject\",\"inLanguage\":\"pt-BR\",\"@id\":\"https:\\\/\\\/vanderloubet.com.br\\\/deputado\\\/governo-prorroga-prazo-de-liberacao-dos-restos-a-pagar-para-prefeituras\\\/#primaryimage\",\"url\":\"https:\\\/\\\/vanderloubet.com.br\\\/deputado\\\/wp-content\\\/uploads\\\/2015\\\/06\\\/foto-2015-06-11-dou-decreto-8466.jpg\",\"contentUrl\":\"https:\\\/\\\/vanderloubet.com.br\\\/deputado\\\/wp-content\\\/uploads\\\/2015\\\/06\\\/foto-2015-06-11-dou-decreto-8466.jpg\",\"width\":1080,\"height\":1196,\"caption\":\"Edi\u00e7\u00e3o do DOU com o Decreto 8.466\\\/2015\"},{\"@type\":\"BreadcrumbList\",\"@id\":\"https:\\\/\\\/vanderloubet.com.br\\\/deputado\\\/governo-prorroga-prazo-de-liberacao-dos-restos-a-pagar-para-prefeituras\\\/#breadcrumb\",\"itemListElement\":[{\"@type\":\"ListItem\",\"position\":1,\"name\":\"In\u00edcio\",\"item\":\"https:\\\/\\\/vanderloubet.com.br\\\/deputado\\\/\"},{\"@type\":\"ListItem\",\"position\":2,\"name\":\"Governo prorroga prazo de libera\u00e7\u00e3o dos Restos a Pagar para prefeituras\"}]},{\"@type\":\"WebSite\",\"@id\":\"https:\\\/\\\/vanderloubet.com.br\\\/deputado\\\/#website\",\"url\":\"https:\\\/\\\/vanderloubet.com.br\\\/deputado\\\/\",\"name\":\"Deputado Federal Vander Loubet\",\"description\":\"O Federal de MS\",\"publisher\":{\"@id\":\"https:\\\/\\\/vanderloubet.com.br\\\/deputado\\\/#organization\"},\"alternateName\":\"Deputado Vander\",\"potentialAction\":[{\"@type\":\"SearchAction\",\"target\":{\"@type\":\"EntryPoint\",\"urlTemplate\":\"https:\\\/\\\/vanderloubet.com.br\\\/deputado\\\/?s={search_term_string}\"},\"query-input\":{\"@type\":\"PropertyValueSpecification\",\"valueRequired\":true,\"valueName\":\"search_term_string\"}}],\"inLanguage\":\"pt-BR\"},{\"@type\":\"Organization\",\"@id\":\"https:\\\/\\\/vanderloubet.com.br\\\/deputado\\\/#organization\",\"name\":\"Deputado Federal Vander Loubet\",\"alternateName\":\"Deputado Vander\",\"url\":\"https:\\\/\\\/vanderloubet.com.br\\\/deputado\\\/\",\"logo\":{\"@type\":\"ImageObject\",\"inLanguage\":\"pt-BR\",\"@id\":\"https:\\\/\\\/vanderloubet.com.br\\\/deputado\\\/#\\\/schema\\\/logo\\\/image\\\/\",\"url\":\"https:\\\/\\\/vanderloubet.com.br\\\/deputado\\\/wp-content\\\/uploads\\\/2023\\\/06\\\/foto-2023-06-19-mandato-deputado-vander.jpg\",\"contentUrl\":\"https:\\\/\\\/vanderloubet.com.br\\\/deputado\\\/wp-content\\\/uploads\\\/2023\\\/06\\\/foto-2023-06-19-mandato-deputado-vander.jpg\",\"width\":1080,\"height\":1080,\"caption\":\"Deputado Federal Vander Loubet\"},\"image\":{\"@id\":\"https:\\\/\\\/vanderloubet.com.br\\\/deputado\\\/#\\\/schema\\\/logo\\\/image\\\/\"},\"sameAs\":[\"https:\\\/\\\/facebook.com\\\/deputadovander\",\"https:\\\/\\\/x.com\\\/vanderloubet\",\"https:\\\/\\\/instagram.com\\\/vanderloubet\",\"https:\\\/\\\/youtube.com\\\/vanderloubet\",\"https:\\\/\\\/tiktok.com\\\/@vanderloubetms\"]},{\"@type\":\"Person\",\"@id\":\"https:\\\/\\\/vanderloubet.com.br\\\/deputado\\\/#\\\/schema\\\/person\\\/15b51bd564532a8a68d9dec1b8eb890e\",\"name\":\"\u00c9der\",\"image\":{\"@type\":\"ImageObject\",\"inLanguage\":\"pt-BR\",\"@id\":\"https:\\\/\\\/vanderloubet.com.br\\\/deputado\\\/wp-content\\\/litespeed\\\/avatar\\\/88ca4090d9d5ab1c9495f6ca03b68efa.jpg?ver=1777058957\",\"url\":\"https:\\\/\\\/vanderloubet.com.br\\\/deputado\\\/wp-content\\\/litespeed\\\/avatar\\\/88ca4090d9d5ab1c9495f6ca03b68efa.jpg?ver=1777058957\",\"contentUrl\":\"https:\\\/\\\/vanderloubet.com.br\\\/deputado\\\/wp-content\\\/litespeed\\\/avatar\\\/88ca4090d9d5ab1c9495f6ca03b68efa.jpg?ver=1777058957\",\"caption\":\"\u00c9der\"}}]}<\/script>\n<!-- \/ Yoast SEO plugin. -->","yoast_head_json":{"title":"Governo prorroga prazo de libera\u00e7\u00e3o dos Restos a Pagar para prefeituras","robots":{"index":"index","follow":"follow","max-snippet":"max-snippet:-1","max-image-preview":"max-image-preview:large","max-video-preview":"max-video-preview:-1"},"canonical":"https:\/\/vanderloubet.com.br\/deputado\/governo-prorroga-prazo-de-liberacao-dos-restos-a-pagar-para-prefeituras\/","og_locale":"pt_BR","og_type":"article","og_title":"Governo prorroga prazo de libera\u00e7\u00e3o dos Restos a Pagar para prefeituras","og_description":"Deputado Vander Loubet comemorou a decis\u00e3o e destacou que prazo maior \u00e9 vit\u00f3ria da bancada e dos prefeitos, que reivindicavam essa prorroga\u00e7\u00e3o.","og_url":"https:\/\/vanderloubet.com.br\/deputado\/governo-prorroga-prazo-de-liberacao-dos-restos-a-pagar-para-prefeituras\/","og_site_name":"Deputado Federal Vander Loubet","article_publisher":"https:\/\/facebook.com\/deputadovander","article_published_time":"2015-06-11T14:30:10+00:00","article_modified_time":"2015-08-27T03:34:41+00:00","og_image":[{"width":1080,"height":1196,"url":"https:\/\/vanderloubet.com.br\/deputado\/wp-content\/uploads\/2015\/06\/foto-2015-06-11-dou-decreto-8466.jpg","type":"image\/jpeg"}],"author":"\u00c9der","twitter_card":"summary_large_image","twitter_creator":"@vanderloubet","twitter_site":"@vanderloubet","schema":{"@context":"https:\/\/schema.org","@graph":[{"@type":"Article","@id":"https:\/\/vanderloubet.com.br\/deputado\/governo-prorroga-prazo-de-liberacao-dos-restos-a-pagar-para-prefeituras\/#article","isPartOf":{"@id":"https:\/\/vanderloubet.com.br\/deputado\/governo-prorroga-prazo-de-liberacao-dos-restos-a-pagar-para-prefeituras\/"},"author":{"name":"\u00c9der","@id":"https:\/\/vanderloubet.com.br\/deputado\/#\/schema\/person\/15b51bd564532a8a68d9dec1b8eb890e"},"headline":"Governo prorroga prazo de libera\u00e7\u00e3o dos Restos a Pagar para prefeituras","datePublished":"2015-06-11T14:30:10+00:00","dateModified":"2015-08-27T03:34:41+00:00","mainEntityOfPage":{"@id":"https:\/\/vanderloubet.com.br\/deputado\/governo-prorroga-prazo-de-liberacao-dos-restos-a-pagar-para-prefeituras\/"},"wordCount":254,"publisher":{"@id":"https:\/\/vanderloubet.com.br\/deputado\/#organization"},"image":{"@id":"https:\/\/vanderloubet.com.br\/deputado\/governo-prorroga-prazo-de-liberacao-dos-restos-a-pagar-para-prefeituras\/#primaryimage"},"thumbnailUrl":"https:\/\/vanderloubet.com.br\/deputado\/wp-content\/uploads\/2015\/06\/foto-2015-06-11-dou-decreto-8466.jpg","keywords":["emenda parlamentar","or\u00e7amento geral da uni\u00e3o","restos a pagar"],"articleSection":["Munic\u00edpios","Not\u00edcias"],"inLanguage":"pt-BR"},{"@type":"WebPage","@id":"https:\/\/vanderloubet.com.br\/deputado\/governo-prorroga-prazo-de-liberacao-dos-restos-a-pagar-para-prefeituras\/","url":"https:\/\/vanderloubet.com.br\/deputado\/governo-prorroga-prazo-de-liberacao-dos-restos-a-pagar-para-prefeituras\/","name":"Governo prorroga prazo de libera\u00e7\u00e3o dos Restos a Pagar para prefeituras","isPartOf":{"@id":"https:\/\/vanderloubet.com.br\/deputado\/#website"},"primaryImageOfPage":{"@id":"https:\/\/vanderloubet.com.br\/deputado\/governo-prorroga-prazo-de-liberacao-dos-restos-a-pagar-para-prefeituras\/#primaryimage"},"image":{"@id":"https:\/\/vanderloubet.com.br\/deputado\/governo-prorroga-prazo-de-liberacao-dos-restos-a-pagar-para-prefeituras\/#primaryimage"},"thumbnailUrl":"https:\/\/vanderloubet.com.br\/deputado\/wp-content\/uploads\/2015\/06\/foto-2015-06-11-dou-decreto-8466.jpg","datePublished":"2015-06-11T14:30:10+00:00","dateModified":"2015-08-27T03:34:41+00:00","breadcrumb":{"@id":"https:\/\/vanderloubet.com.br\/deputado\/governo-prorroga-prazo-de-liberacao-dos-restos-a-pagar-para-prefeituras\/#breadcrumb"},"inLanguage":"pt-BR","potentialAction":[{"@type":"ReadAction","target":["https:\/\/vanderloubet.com.br\/deputado\/governo-prorroga-prazo-de-liberacao-dos-restos-a-pagar-para-prefeituras\/"]}]},{"@type":"ImageObject","inLanguage":"pt-BR","@id":"https:\/\/vanderloubet.com.br\/deputado\/governo-prorroga-prazo-de-liberacao-dos-restos-a-pagar-para-prefeituras\/#primaryimage","url":"https:\/\/vanderloubet.com.br\/deputado\/wp-content\/uploads\/2015\/06\/foto-2015-06-11-dou-decreto-8466.jpg","contentUrl":"https:\/\/vanderloubet.com.br\/deputado\/wp-content\/uploads\/2015\/06\/foto-2015-06-11-dou-decreto-8466.jpg","width":1080,"height":1196,"caption":"Edi\u00e7\u00e3o do DOU com o Decreto 8.466\/2015"},{"@type":"BreadcrumbList","@id":"https:\/\/vanderloubet.com.br\/deputado\/governo-prorroga-prazo-de-liberacao-dos-restos-a-pagar-para-prefeituras\/#breadcrumb","itemListElement":[{"@type":"ListItem","position":1,"name":"In\u00edcio","item":"https:\/\/vanderloubet.com.br\/deputado\/"},{"@type":"ListItem","position":2,"name":"Governo prorroga prazo de libera\u00e7\u00e3o dos Restos a Pagar para prefeituras"}]},{"@type":"WebSite","@id":"https:\/\/vanderloubet.com.br\/deputado\/#website","url":"https:\/\/vanderloubet.com.br\/deputado\/","name":"Deputado Federal Vander Loubet","description":"O Federal de MS","publisher":{"@id":"https:\/\/vanderloubet.com.br\/deputado\/#organization"},"alternateName":"Deputado Vander","potentialAction":[{"@type":"SearchAction","target":{"@type":"EntryPoint","urlTemplate":"https:\/\/vanderloubet.com.br\/deputado\/?s={search_term_string}"},"query-input":{"@type":"PropertyValueSpecification","valueRequired":true,"valueName":"search_term_string"}}],"inLanguage":"pt-BR"},{"@type":"Organization","@id":"https:\/\/vanderloubet.com.br\/deputado\/#organization","name":"Deputado Federal Vander Loubet","alternateName":"Deputado Vander","url":"https:\/\/vanderloubet.com.br\/deputado\/","logo":{"@type":"ImageObject","inLanguage":"pt-BR","@id":"https:\/\/vanderloubet.com.br\/deputado\/#\/schema\/logo\/image\/","url":"https:\/\/vanderloubet.com.br\/deputado\/wp-content\/uploads\/2023\/06\/foto-2023-06-19-mandato-deputado-vander.jpg","contentUrl":"https:\/\/vanderloubet.com.br\/deputado\/wp-content\/uploads\/2023\/06\/foto-2023-06-19-mandato-deputado-vander.jpg","width":1080,"height":1080,"caption":"Deputado Federal Vander Loubet"},"image":{"@id":"https:\/\/vanderloubet.com.br\/deputado\/#\/schema\/logo\/image\/"},"sameAs":["https:\/\/facebook.com\/deputadovander","https:\/\/x.com\/vanderloubet","https:\/\/instagram.com\/vanderloubet","https:\/\/youtube.com\/vanderloubet","https:\/\/tiktok.com\/@vanderloubetms"]},{"@type":"Person","@id":"https:\/\/vanderloubet.com.br\/deputado\/#\/schema\/person\/15b51bd564532a8a68d9dec1b8eb890e","name":"\u00c9der","image":{"@type":"ImageObject","inLanguage":"pt-BR","@id":"https:\/\/vanderloubet.com.br\/deputado\/wp-content\/litespeed\/avatar\/88ca4090d9d5ab1c9495f6ca03b68efa.jpg?ver=1777058957","url":"https:\/\/vanderloubet.com.br\/deputado\/wp-content\/litespeed\/avatar\/88ca4090d9d5ab1c9495f6ca03b68efa.jpg?ver=1777058957","contentUrl":"https:\/\/vanderloubet.com.br\/deputado\/wp-content\/litespeed\/avatar\/88ca4090d9d5ab1c9495f6ca03b68efa.jpg?ver=1777058957","caption":"\u00c9der"}}]}},"jetpack_featured_media_url":"https:\/\/vanderloubet.com.br\/deputado\/wp-content\/uploads\/2015\/06\/foto-2015-06-11-dou-decreto-8466.jpg","jetpack_sharing_enabled":true,"_links":{"self":[{"href":"https:\/\/vanderloubet.com.br\/deputado\/wp-json\/wp\/v2\/posts\/9872","targetHints":{"allow":["GET"]}}],"collection":[{"href":"https:\/\/vanderloubet.com.br\/deputado\/wp-json\/wp\/v2\/posts"}],"about":[{"href":"https:\/\/vanderloubet.com.br\/deputado\/wp-json\/wp\/v2\/types\/post"}],"author":[{"embeddable":true,"href":"https:\/\/vanderloubet.com.br\/deputado\/wp-json\/wp\/v2\/users\/2"}],"replies":[{"embeddable":true,"href":"https:\/\/vanderloubet.com.br\/deputado\/wp-json\/wp\/v2\/comments?post=9872"}],"version-history":[{"count":0,"href":"https:\/\/vanderloubet.com.br\/deputado\/wp-json\/wp\/v2\/posts\/9872\/revisions"}],"wp:featuredmedia":[{"embeddable":true,"href":"https:\/\/vanderloubet.com.br\/deputado\/wp-json\/wp\/v2\/media\/9873"}],"wp:attachment":[{"href":"https:\/\/vanderloubet.com.br\/deputado\/wp-json\/wp\/v2\/media?parent=9872"}],"wp:term":[{"taxonomy":"category","embeddable":true,"href":"https:\/\/vanderloubet.com.br\/deputado\/wp-json\/wp\/v2\/categories?post=9872"},{"taxonomy":"post_tag","embeddable":true,"href":"https:\/\/vanderloubet.com.br\/deputado\/wp-json\/wp\/v2\/tags?post=9872"}],"curies":[{"name":"wp","href":"https:\/\/api.w.org\/{rel}","templated":true}]}}