{"id":9852,"date":"2015-06-10T11:51:02","date_gmt":"2015-06-10T15:51:02","guid":{"rendered":"http:\/\/vanderloubet.com.br\/deputado\/?p=9852"},"modified":"2015-08-12T16:35:08","modified_gmt":"2015-08-12T20:35:08","slug":"para-vander-novas-concessoes-em-logistica-trarao-mais-competitividade-para-ms","status":"publish","type":"post","link":"https:\/\/vanderloubet.com.br\/deputado\/para-vander-novas-concessoes-em-logistica-trarao-mais-competitividade-para-ms\/","title":{"rendered":"Para Vander, novas concess\u00f5es em log\u00edstica trar\u00e3o mais competitividade para MS"},"content":{"rendered":"\r\n                <style type=\"text\/css\">\r\n                    \r\n                    #tdi_1  .td-doubleSlider-2 .td-item1 {\r\n                        background: url(https:\/\/vanderloubet.com.br\/deputado\/wp-content\/uploads\/2015\/06\/foto-2015-06-10-dilma-lancamento-pil-80x60.jpg) 0 0 no-repeat;\r\n                    }\r\n                    #tdi_1  .td-doubleSlider-2 .td-item2 {\r\n                        background: url(https:\/\/vanderloubet.com.br\/deputado\/wp-content\/uploads\/2015\/06\/foto-2015-06-10-deputado-vander-loubet-80x60.jpg) 0 0 no-repeat;\r\n                    }\r\n                <\/style>\r\n\r\n                <div id=\"tdi_1\" class=\"td-gallery td-slide-on-2-columns\">\r\n                    <div class=\"post_td_gallery\">\r\n                        <div class=\"td-gallery-slide-top\">\r\n                           <div class=\"td-gallery-title\"><\/div>\r\n\r\n                            <div class=\"td-gallery-controls-wrapper\">\r\n                                <div class=\"td-gallery-slide-count\"><span class=\"td-gallery-slide-item-focus\">1<\/span> de 2<\/div>\r\n                                <div class=\"td-gallery-slide-prev-next-but\">\r\n                                    <i class = \"td-icon-left doubleSliderPrevButton\"><\/i>\r\n                                    <i class = \"td-icon-right doubleSliderNextButton\"><\/i>\r\n                                <\/div>\r\n                            <\/div>\r\n                        <\/div>\r\n\r\n                        <div class = \"td-doubleSlider-1 \">\r\n                            <div class = \"td-slider\">\r\n                                \r\n                    <div class = \"td-slide-item td-item1\">\r\n                        <figure class=\"td-slide-galery-figure td-slide-popup-gallery\">\r\n                            <a class=\"slide-gallery-image-link\" href=\"https:\/\/vanderloubet.com.br\/deputado\/wp-content\/uploads\/2015\/06\/foto-2015-06-10-dilma-lancamento-pil.jpg\" title=\"Presidenta Dilma durante an\u00fancio da nova etapa do PIL\"  data-caption=\"\"  data-description=\"Presidenta Dilma durante an&uacute;ncio da nova etapa do PIL\">\r\n                                <img decoding=\"async\" src=\"https:\/\/vanderloubet.com.br\/deputado\/wp-content\/uploads\/2015\/06\/foto-2015-06-10-dilma-lancamento-pil-756x420.jpg\" srcset=\"https:\/\/vanderloubet.com.br\/deputado\/wp-content\/uploads\/2015\/06\/foto-2015-06-10-dilma-lancamento-pil-756x420.jpg 756w, https:\/\/vanderloubet.com.br\/deputado\/wp-content\/uploads\/2015\/06\/foto-2015-06-10-dilma-lancamento-pil-350x194.jpg 350w, https:\/\/vanderloubet.com.br\/deputado\/wp-content\/uploads\/2015\/06\/foto-2015-06-10-dilma-lancamento-pil-768x427.jpg 768w, https:\/\/vanderloubet.com.br\/deputado\/wp-content\/uploads\/2015\/06\/foto-2015-06-10-dilma-lancamento-pil-700x389.jpg 700w, https:\/\/vanderloubet.com.br\/deputado\/wp-content\/uploads\/2015\/06\/foto-2015-06-10-dilma-lancamento-pil-696x387.jpg 696w, https:\/\/vanderloubet.com.br\/deputado\/wp-content\/uploads\/2015\/06\/foto-2015-06-10-dilma-lancamento-pil-1068x593.jpg 1068w, https:\/\/vanderloubet.com.br\/deputado\/wp-content\/uploads\/2015\/06\/foto-2015-06-10-dilma-lancamento-pil.jpg 1080w\" sizes=\"(max-width: 756px) 100vw, 756px\" alt=\"Presidenta Dilma durante an&uacute;ncio da nova etapa do PIL\">\r\n                            <\/a>\r\n                            <figcaption class = \"td-slide-caption td-gallery-slide-content\"><span>Presidenta Dilma durante an\u00fancio da nova etapa do PIL<\/span><\/figcaption>\r\n                        <\/figure>\r\n                    <\/div>\r\n                    <div class = \"td-slide-item td-item2\">\r\n                        <figure class=\"td-slide-galery-figure td-slide-popup-gallery\">\r\n                            <a class=\"slide-gallery-image-link\" href=\"https:\/\/vanderloubet.com.br\/deputado\/wp-content\/uploads\/2015\/06\/foto-2015-06-10-deputado-vander-loubet.jpg\" title=\"Deputado Vander Loubet\"  data-caption=\"\"  data-description=\"Deputado Vander Loubet\">\r\n                                <img decoding=\"async\" src=\"https:\/\/vanderloubet.com.br\/deputado\/wp-content\/uploads\/2015\/06\/foto-2015-06-10-deputado-vander-loubet-756x420.jpg\" srcset=\"https:\/\/vanderloubet.com.br\/deputado\/wp-content\/uploads\/2015\/06\/foto-2015-06-10-deputado-vander-loubet-756x420.jpg 756w, https:\/\/vanderloubet.com.br\/deputado\/wp-content\/uploads\/2015\/06\/foto-2015-06-10-deputado-vander-loubet-350x194.jpg 350w, https:\/\/vanderloubet.com.br\/deputado\/wp-content\/uploads\/2015\/06\/foto-2015-06-10-deputado-vander-loubet-768x427.jpg 768w, https:\/\/vanderloubet.com.br\/deputado\/wp-content\/uploads\/2015\/06\/foto-2015-06-10-deputado-vander-loubet-700x389.jpg 700w, https:\/\/vanderloubet.com.br\/deputado\/wp-content\/uploads\/2015\/06\/foto-2015-06-10-deputado-vander-loubet-696x387.jpg 696w, https:\/\/vanderloubet.com.br\/deputado\/wp-content\/uploads\/2015\/06\/foto-2015-06-10-deputado-vander-loubet-1068x593.jpg 1068w, https:\/\/vanderloubet.com.br\/deputado\/wp-content\/uploads\/2015\/06\/foto-2015-06-10-deputado-vander-loubet.jpg 1080w\" sizes=\"(max-width: 756px) 100vw, 756px\" alt=\"Deputado Vander Loubet\">\r\n                            <\/a>\r\n                            <figcaption class = \"td-slide-caption td-gallery-slide-content\"><span>Deputado Vander Loubet<\/span><\/figcaption>\r\n                        <\/figure>\r\n                    <\/div>\r\n                            <\/div>\r\n                        <\/div>\r\n\r\n                        <div class = \"td-doubleSlider-2\">\r\n                            <div class = \"td-slider\">\r\n                                \r\n                    <div class = \"td-button td-item1\">\r\n                        <div class = \"td-border\"><\/div>\r\n                    <\/div>\r\n                    <div class = \"td-button td-item2\">\r\n                        <div class = \"td-border\"><\/div>\r\n                    <\/div>\r\n                            <\/div>\r\n                        <\/div>\r\n\r\n                    <\/div>\r\n\r\n                <\/div>\r\n                \n<p>O Governo Federal apresentou nesta ter\u00e7a-feira (9), em Bras\u00edlia, a <a href=\"http:\/\/www.planejamento.gov.br\/assuntos\/programa-de-investimento-em-logistica-pil\" target=\"_blank\">nova etapa do Programa de Investimentos em Log\u00edstica (PIL)<\/a>, que prev\u00ea aportes de R$ 198,4 bilh\u00f5es em infraestrutura. Em Mato Grosso do Sul, o Programa prev\u00ea que a iniciativa privada assuma a administra\u00e7\u00e3o de 576 quil\u00f4metros das rodovias BR-262 e BR-267. Al\u00e9m disso, o estado tamb\u00e9m deve ser beneficiado pelo leil\u00e3o de trechos da Ferrovia Norte-Sul &#8211; um dos trechos vai passar por Tr\u00eas Lagoas.<\/p>\n<p>Para o deputado federal Vander Loubet (PT-MS), coordenador da bancada federal do estado, o an\u00fancio da nova etapa do PIL \u00e9 muito positiva e deve mexer com a economia.<\/p>\n<p>&#8220;<a href=\"http:\/\/vanderloubet.com.br\/deputado\/concessao-da-br-163-mais-seguranca-e-competitividade-para-ms\/\" target=\"_blank\">A exemplo do que foi feito com a BR-163<\/a>, esse novo pacote de concess\u00f5es \u00e9 muito importante para eliminar os gargalos de log\u00edstica que existem em Mato Grosso do Sul e em todo o pa\u00eds. Melhorar nossas estradas e construir ferrovias \u00e9 fundamental para garantir mais competitividade, para fortalecer a economia&#8221;, defendeu o parlamentar, que desde 2013 cobra do Governo Federal uma solu\u00e7\u00e3o para a BR-262 e a BR-267, que ficaram de fora do pacote da primeira etapa do PIL.<\/p>\n<p>No final de 2013, o Governo realizou o <a href=\"http:\/\/vanderloubet.com.br\/deputado\/conforme-previsto-por-vander-leilao-da-br-163-em-ms-foi-exitoso\/\" target=\"_blank\">leil\u00e3o de concess\u00e3o dos 847,2 quil\u00f4metros da BR-163 que ligam Mundo Novo a Sonora<\/a>. O trecho foi arrematado pelo Grupo CCR e a concess\u00e3o foi <a href=\"http:\/\/vanderloubet.com.br\/deputado\/vander-duplicacao-da-br-163-vai-garantir-mais-seguranca-e-salvar-vidas\/\" target=\"_blank\">oficializada em 2014<\/a>, sendo batizada de CCR MS Via. O contrato prev\u00ea a duplica\u00e7\u00e3o total da rodovia (que j\u00e1 est\u00e1 em andamento e tem prazo m\u00e1ximo de cinco anos) e melhorias que somam R$ 5,7 bilh\u00f5es.<\/p>\n<p>Em 2016, devem ser feitos os leil\u00f5es de 327 quil\u00f4metros da BR-262, de Campo Grande a Tr\u00eas Lagoas, e 249 quil\u00f4metros da BR-267, de Nova Alvorada do Sul a Presidente Epit\u00e1cio (SP). Esses trechos v\u00e3o receber R$ 4,5 bilh\u00f5es em investimentos.<\/p>\n<p>No plano ferrovi\u00e1rio, o Governo Federal pretende viabilizar investimentos de R$ 4,9 bilh\u00f5es para conclus\u00e3o do trecho sul da Ferrovia Norte-Sul. Esse projeto sai de An\u00e1polis (GO), passa por Estrela do Oeste (SP) e chega at\u00e9 Tr\u00eas Lagoas (MS), totalizando 895 km de extens\u00e3o.<\/p>\n<p>Considerada a &#8220;Capital da Celulose&#8221;, Tr\u00eas Lagoas re\u00fane as duas principais ind\u00fastrias do setor, a Eldorado Brasil e a Fibria. Recentemente, as empresas anunciaram a inten\u00e7\u00e3o de duplicar suas produ\u00e7\u00f5es. No entanto, a falta de uma ferrovia compromete a atra\u00e7\u00e3o de mais investimentos para a regi\u00e3o.<\/p>\n<p>O ramal An\u00e1polis-Tr\u00eas Lagoas ser\u00e1 a continua\u00e7\u00e3o do trecho norte da Ferrovia Norte-Sul, que sai de Barcarena\/Bel\u00e9m (PA), passa por A\u00e7ail\u00e2ndia (MA), por Palmas (TO) e termina em An\u00e1polis (GO).<\/p>\n<p><em>(\u00c9der Yanaguita &#8211; Ascom\/Deputado Vander)<\/em><\/p>\n<p><iframe id=\"doc_24545\" class=\"scribd_iframe_embed\" src=\"https:\/\/www.scribd.com\/embeds\/268262220\/content?start_page=1&amp;view_mode=slideshow&amp;access_key=key-IkeLe57VidIMaKcBNp7c&amp;show_recommendations=false\" width=\"700\" height=\"500\" frameborder=\"1\" scrolling=\"no\" data-auto-height=\"false\" data-aspect-ratio=\"1.33\"><\/iframe><\/p>\n","protected":false},"excerpt":{"rendered":"<p>PIL prev\u00ea que iniciativa privada assuma 576 quil\u00f4metros da BR-262 e BR-267. Tamb\u00e9m haver\u00e1 leil\u00e3o da Ferrovia Norte-Sul &#8211; um dos trechos inclui Tr\u00eas Lagoas.<\/p>\n","protected":false},"author":2,"featured_media":9855,"comment_status":"closed","ping_status":"closed","sticky":false,"template":"","format":"standard","meta":{"jetpack_post_was_ever_published":false,"_jetpack_newsletter_access":"","_jetpack_dont_email_post_to_subs":false,"_jetpack_newsletter_tier_id":0,"_jetpack_memberships_contains_paywalled_content":false,"_jetpack_memberships_contains_paid_content":false,"footnotes":""},"categories":[2099,10],"tags":[1028,2341,2340],"class_list":{"0":"post-9852","1":"post","2":"type-post","3":"status-publish","4":"format-standard","5":"has-post-thumbnail","7":"category-ms-noticias","8":"category-noticias","9":"tag-infraestrutura","10":"tag-pil","11":"tag-programa-de-investimento-em-logistica"},"yoast_head":"<!-- This site is optimized with the Yoast SEO plugin v27.4 - https:\/\/yoast.com\/product\/yoast-seo-wordpress\/ -->\n<title>Para Vander, novas concess\u00f5es em log\u00edstica trar\u00e3o mais competitividade para MS<\/title>\n<meta name=\"robots\" content=\"index, follow, max-snippet:-1, max-image-preview:large, max-video-preview:-1\" \/>\n<link rel=\"canonical\" href=\"https:\/\/vanderloubet.com.br\/deputado\/para-vander-novas-concessoes-em-logistica-trarao-mais-competitividade-para-ms\/\" \/>\n<meta property=\"og:locale\" content=\"pt_BR\" \/>\n<meta property=\"og:type\" content=\"article\" \/>\n<meta property=\"og:title\" content=\"Para Vander, novas concess\u00f5es em log\u00edstica trar\u00e3o mais competitividade para MS\" \/>\n<meta property=\"og:description\" content=\"PIL prev\u00ea que iniciativa privada assuma 576 quil\u00f4metros da BR-262 e BR-267. Tamb\u00e9m haver\u00e1 leil\u00e3o da Ferrovia Norte-Sul - um dos trechos inclui Tr\u00eas Lagoas.\" \/>\n<meta property=\"og:url\" content=\"https:\/\/vanderloubet.com.br\/deputado\/para-vander-novas-concessoes-em-logistica-trarao-mais-competitividade-para-ms\/\" \/>\n<meta property=\"og:site_name\" content=\"Deputado Federal Vander Loubet\" \/>\n<meta property=\"article:publisher\" content=\"https:\/\/facebook.com\/deputadovander\" \/>\n<meta property=\"article:published_time\" content=\"2015-06-10T15:51:02+00:00\" \/>\n<meta property=\"article:modified_time\" content=\"2015-08-12T20:35:08+00:00\" \/>\n<meta property=\"og:image\" content=\"https:\/\/vanderloubet.com.br\/deputado\/wp-content\/uploads\/2015\/06\/foto-2015-06-10-dilma-lancamento-pil.jpg\" \/>\n\t<meta property=\"og:image:width\" content=\"1080\" \/>\n\t<meta property=\"og:image:height\" content=\"600\" \/>\n\t<meta property=\"og:image:type\" content=\"image\/jpeg\" \/>\n<meta name=\"author\" content=\"\u00c9der\" \/>\n<meta name=\"twitter:card\" content=\"summary_large_image\" \/>\n<meta name=\"twitter:creator\" content=\"@vanderloubet\" \/>\n<meta name=\"twitter:site\" content=\"@vanderloubet\" \/>\n<script type=\"application\/ld+json\" class=\"yoast-schema-graph\">{\"@context\":\"https:\\\/\\\/schema.org\",\"@graph\":[{\"@type\":\"Article\",\"@id\":\"https:\\\/\\\/vanderloubet.com.br\\\/deputado\\\/para-vander-novas-concessoes-em-logistica-trarao-mais-competitividade-para-ms\\\/#article\",\"isPartOf\":{\"@id\":\"https:\\\/\\\/vanderloubet.com.br\\\/deputado\\\/para-vander-novas-concessoes-em-logistica-trarao-mais-competitividade-para-ms\\\/\"},\"author\":{\"name\":\"\u00c9der\",\"@id\":\"https:\\\/\\\/vanderloubet.com.br\\\/deputado\\\/#\\\/schema\\\/person\\\/15b51bd564532a8a68d9dec1b8eb890e\"},\"headline\":\"Para Vander, novas concess\u00f5es em log\u00edstica trar\u00e3o mais competitividade para MS\",\"datePublished\":\"2015-06-10T15:51:02+00:00\",\"dateModified\":\"2015-08-12T20:35:08+00:00\",\"mainEntityOfPage\":{\"@id\":\"https:\\\/\\\/vanderloubet.com.br\\\/deputado\\\/para-vander-novas-concessoes-em-logistica-trarao-mais-competitividade-para-ms\\\/\"},\"wordCount\":476,\"publisher\":{\"@id\":\"https:\\\/\\\/vanderloubet.com.br\\\/deputado\\\/#organization\"},\"image\":{\"@id\":\"https:\\\/\\\/vanderloubet.com.br\\\/deputado\\\/para-vander-novas-concessoes-em-logistica-trarao-mais-competitividade-para-ms\\\/#primaryimage\"},\"thumbnailUrl\":\"https:\\\/\\\/vanderloubet.com.br\\\/deputado\\\/wp-content\\\/uploads\\\/2015\\\/06\\\/foto-2015-06-10-dilma-lancamento-pil.jpg\",\"keywords\":[\"infraestrutura\",\"pil\",\"programa de investimento em log\u00edstica\"],\"articleSection\":[\"Mato Grosso do Sul\",\"Not\u00edcias\"],\"inLanguage\":\"pt-BR\"},{\"@type\":\"WebPage\",\"@id\":\"https:\\\/\\\/vanderloubet.com.br\\\/deputado\\\/para-vander-novas-concessoes-em-logistica-trarao-mais-competitividade-para-ms\\\/\",\"url\":\"https:\\\/\\\/vanderloubet.com.br\\\/deputado\\\/para-vander-novas-concessoes-em-logistica-trarao-mais-competitividade-para-ms\\\/\",\"name\":\"Para Vander, novas concess\u00f5es em log\u00edstica trar\u00e3o mais competitividade para MS\",\"isPartOf\":{\"@id\":\"https:\\\/\\\/vanderloubet.com.br\\\/deputado\\\/#website\"},\"primaryImageOfPage\":{\"@id\":\"https:\\\/\\\/vanderloubet.com.br\\\/deputado\\\/para-vander-novas-concessoes-em-logistica-trarao-mais-competitividade-para-ms\\\/#primaryimage\"},\"image\":{\"@id\":\"https:\\\/\\\/vanderloubet.com.br\\\/deputado\\\/para-vander-novas-concessoes-em-logistica-trarao-mais-competitividade-para-ms\\\/#primaryimage\"},\"thumbnailUrl\":\"https:\\\/\\\/vanderloubet.com.br\\\/deputado\\\/wp-content\\\/uploads\\\/2015\\\/06\\\/foto-2015-06-10-dilma-lancamento-pil.jpg\",\"datePublished\":\"2015-06-10T15:51:02+00:00\",\"dateModified\":\"2015-08-12T20:35:08+00:00\",\"breadcrumb\":{\"@id\":\"https:\\\/\\\/vanderloubet.com.br\\\/deputado\\\/para-vander-novas-concessoes-em-logistica-trarao-mais-competitividade-para-ms\\\/#breadcrumb\"},\"inLanguage\":\"pt-BR\",\"potentialAction\":[{\"@type\":\"ReadAction\",\"target\":[\"https:\\\/\\\/vanderloubet.com.br\\\/deputado\\\/para-vander-novas-concessoes-em-logistica-trarao-mais-competitividade-para-ms\\\/\"]}]},{\"@type\":\"ImageObject\",\"inLanguage\":\"pt-BR\",\"@id\":\"https:\\\/\\\/vanderloubet.com.br\\\/deputado\\\/para-vander-novas-concessoes-em-logistica-trarao-mais-competitividade-para-ms\\\/#primaryimage\",\"url\":\"https:\\\/\\\/vanderloubet.com.br\\\/deputado\\\/wp-content\\\/uploads\\\/2015\\\/06\\\/foto-2015-06-10-dilma-lancamento-pil.jpg\",\"contentUrl\":\"https:\\\/\\\/vanderloubet.com.br\\\/deputado\\\/wp-content\\\/uploads\\\/2015\\\/06\\\/foto-2015-06-10-dilma-lancamento-pil.jpg\",\"width\":1080,\"height\":600,\"caption\":\"Presidenta Dilma durante an\u00fancio da nova etapa do PIL\"},{\"@type\":\"BreadcrumbList\",\"@id\":\"https:\\\/\\\/vanderloubet.com.br\\\/deputado\\\/para-vander-novas-concessoes-em-logistica-trarao-mais-competitividade-para-ms\\\/#breadcrumb\",\"itemListElement\":[{\"@type\":\"ListItem\",\"position\":1,\"name\":\"In\u00edcio\",\"item\":\"https:\\\/\\\/vanderloubet.com.br\\\/deputado\\\/\"},{\"@type\":\"ListItem\",\"position\":2,\"name\":\"Para Vander, novas concess\u00f5es em log\u00edstica trar\u00e3o mais competitividade para MS\"}]},{\"@type\":\"WebSite\",\"@id\":\"https:\\\/\\\/vanderloubet.com.br\\\/deputado\\\/#website\",\"url\":\"https:\\\/\\\/vanderloubet.com.br\\\/deputado\\\/\",\"name\":\"Deputado Federal Vander Loubet\",\"description\":\"O Federal de MS\",\"publisher\":{\"@id\":\"https:\\\/\\\/vanderloubet.com.br\\\/deputado\\\/#organization\"},\"alternateName\":\"Deputado Vander\",\"potentialAction\":[{\"@type\":\"SearchAction\",\"target\":{\"@type\":\"EntryPoint\",\"urlTemplate\":\"https:\\\/\\\/vanderloubet.com.br\\\/deputado\\\/?s={search_term_string}\"},\"query-input\":{\"@type\":\"PropertyValueSpecification\",\"valueRequired\":true,\"valueName\":\"search_term_string\"}}],\"inLanguage\":\"pt-BR\"},{\"@type\":\"Organization\",\"@id\":\"https:\\\/\\\/vanderloubet.com.br\\\/deputado\\\/#organization\",\"name\":\"Deputado Federal Vander Loubet\",\"alternateName\":\"Deputado Vander\",\"url\":\"https:\\\/\\\/vanderloubet.com.br\\\/deputado\\\/\",\"logo\":{\"@type\":\"ImageObject\",\"inLanguage\":\"pt-BR\",\"@id\":\"https:\\\/\\\/vanderloubet.com.br\\\/deputado\\\/#\\\/schema\\\/logo\\\/image\\\/\",\"url\":\"https:\\\/\\\/vanderloubet.com.br\\\/deputado\\\/wp-content\\\/uploads\\\/2023\\\/06\\\/foto-2023-06-19-mandato-deputado-vander.jpg\",\"contentUrl\":\"https:\\\/\\\/vanderloubet.com.br\\\/deputado\\\/wp-content\\\/uploads\\\/2023\\\/06\\\/foto-2023-06-19-mandato-deputado-vander.jpg\",\"width\":1080,\"height\":1080,\"caption\":\"Deputado Federal Vander Loubet\"},\"image\":{\"@id\":\"https:\\\/\\\/vanderloubet.com.br\\\/deputado\\\/#\\\/schema\\\/logo\\\/image\\\/\"},\"sameAs\":[\"https:\\\/\\\/facebook.com\\\/deputadovander\",\"https:\\\/\\\/x.com\\\/vanderloubet\",\"https:\\\/\\\/instagram.com\\\/vanderloubet\",\"https:\\\/\\\/youtube.com\\\/vanderloubet\",\"https:\\\/\\\/tiktok.com\\\/@vanderloubetms\"]},{\"@type\":\"Person\",\"@id\":\"https:\\\/\\\/vanderloubet.com.br\\\/deputado\\\/#\\\/schema\\\/person\\\/15b51bd564532a8a68d9dec1b8eb890e\",\"name\":\"\u00c9der\",\"image\":{\"@type\":\"ImageObject\",\"inLanguage\":\"pt-BR\",\"@id\":\"https:\\\/\\\/vanderloubet.com.br\\\/deputado\\\/wp-content\\\/litespeed\\\/avatar\\\/88ca4090d9d5ab1c9495f6ca03b68efa.jpg?ver=1777058957\",\"url\":\"https:\\\/\\\/vanderloubet.com.br\\\/deputado\\\/wp-content\\\/litespeed\\\/avatar\\\/88ca4090d9d5ab1c9495f6ca03b68efa.jpg?ver=1777058957\",\"contentUrl\":\"https:\\\/\\\/vanderloubet.com.br\\\/deputado\\\/wp-content\\\/litespeed\\\/avatar\\\/88ca4090d9d5ab1c9495f6ca03b68efa.jpg?ver=1777058957\",\"caption\":\"\u00c9der\"}}]}<\/script>\n<!-- \/ Yoast SEO plugin. -->","yoast_head_json":{"title":"Para Vander, novas concess\u00f5es em log\u00edstica trar\u00e3o mais competitividade para MS","robots":{"index":"index","follow":"follow","max-snippet":"max-snippet:-1","max-image-preview":"max-image-preview:large","max-video-preview":"max-video-preview:-1"},"canonical":"https:\/\/vanderloubet.com.br\/deputado\/para-vander-novas-concessoes-em-logistica-trarao-mais-competitividade-para-ms\/","og_locale":"pt_BR","og_type":"article","og_title":"Para Vander, novas concess\u00f5es em log\u00edstica trar\u00e3o mais competitividade para MS","og_description":"PIL prev\u00ea que iniciativa privada assuma 576 quil\u00f4metros da BR-262 e BR-267. Tamb\u00e9m haver\u00e1 leil\u00e3o da Ferrovia Norte-Sul - um dos trechos inclui Tr\u00eas Lagoas.","og_url":"https:\/\/vanderloubet.com.br\/deputado\/para-vander-novas-concessoes-em-logistica-trarao-mais-competitividade-para-ms\/","og_site_name":"Deputado Federal Vander Loubet","article_publisher":"https:\/\/facebook.com\/deputadovander","article_published_time":"2015-06-10T15:51:02+00:00","article_modified_time":"2015-08-12T20:35:08+00:00","og_image":[{"width":1080,"height":600,"url":"https:\/\/vanderloubet.com.br\/deputado\/wp-content\/uploads\/2015\/06\/foto-2015-06-10-dilma-lancamento-pil.jpg","type":"image\/jpeg"}],"author":"\u00c9der","twitter_card":"summary_large_image","twitter_creator":"@vanderloubet","twitter_site":"@vanderloubet","schema":{"@context":"https:\/\/schema.org","@graph":[{"@type":"Article","@id":"https:\/\/vanderloubet.com.br\/deputado\/para-vander-novas-concessoes-em-logistica-trarao-mais-competitividade-para-ms\/#article","isPartOf":{"@id":"https:\/\/vanderloubet.com.br\/deputado\/para-vander-novas-concessoes-em-logistica-trarao-mais-competitividade-para-ms\/"},"author":{"name":"\u00c9der","@id":"https:\/\/vanderloubet.com.br\/deputado\/#\/schema\/person\/15b51bd564532a8a68d9dec1b8eb890e"},"headline":"Para Vander, novas concess\u00f5es em log\u00edstica trar\u00e3o mais competitividade para MS","datePublished":"2015-06-10T15:51:02+00:00","dateModified":"2015-08-12T20:35:08+00:00","mainEntityOfPage":{"@id":"https:\/\/vanderloubet.com.br\/deputado\/para-vander-novas-concessoes-em-logistica-trarao-mais-competitividade-para-ms\/"},"wordCount":476,"publisher":{"@id":"https:\/\/vanderloubet.com.br\/deputado\/#organization"},"image":{"@id":"https:\/\/vanderloubet.com.br\/deputado\/para-vander-novas-concessoes-em-logistica-trarao-mais-competitividade-para-ms\/#primaryimage"},"thumbnailUrl":"https:\/\/vanderloubet.com.br\/deputado\/wp-content\/uploads\/2015\/06\/foto-2015-06-10-dilma-lancamento-pil.jpg","keywords":["infraestrutura","pil","programa de investimento em log\u00edstica"],"articleSection":["Mato Grosso do Sul","Not\u00edcias"],"inLanguage":"pt-BR"},{"@type":"WebPage","@id":"https:\/\/vanderloubet.com.br\/deputado\/para-vander-novas-concessoes-em-logistica-trarao-mais-competitividade-para-ms\/","url":"https:\/\/vanderloubet.com.br\/deputado\/para-vander-novas-concessoes-em-logistica-trarao-mais-competitividade-para-ms\/","name":"Para Vander, novas concess\u00f5es em log\u00edstica trar\u00e3o mais competitividade para MS","isPartOf":{"@id":"https:\/\/vanderloubet.com.br\/deputado\/#website"},"primaryImageOfPage":{"@id":"https:\/\/vanderloubet.com.br\/deputado\/para-vander-novas-concessoes-em-logistica-trarao-mais-competitividade-para-ms\/#primaryimage"},"image":{"@id":"https:\/\/vanderloubet.com.br\/deputado\/para-vander-novas-concessoes-em-logistica-trarao-mais-competitividade-para-ms\/#primaryimage"},"thumbnailUrl":"https:\/\/vanderloubet.com.br\/deputado\/wp-content\/uploads\/2015\/06\/foto-2015-06-10-dilma-lancamento-pil.jpg","datePublished":"2015-06-10T15:51:02+00:00","dateModified":"2015-08-12T20:35:08+00:00","breadcrumb":{"@id":"https:\/\/vanderloubet.com.br\/deputado\/para-vander-novas-concessoes-em-logistica-trarao-mais-competitividade-para-ms\/#breadcrumb"},"inLanguage":"pt-BR","potentialAction":[{"@type":"ReadAction","target":["https:\/\/vanderloubet.com.br\/deputado\/para-vander-novas-concessoes-em-logistica-trarao-mais-competitividade-para-ms\/"]}]},{"@type":"ImageObject","inLanguage":"pt-BR","@id":"https:\/\/vanderloubet.com.br\/deputado\/para-vander-novas-concessoes-em-logistica-trarao-mais-competitividade-para-ms\/#primaryimage","url":"https:\/\/vanderloubet.com.br\/deputado\/wp-content\/uploads\/2015\/06\/foto-2015-06-10-dilma-lancamento-pil.jpg","contentUrl":"https:\/\/vanderloubet.com.br\/deputado\/wp-content\/uploads\/2015\/06\/foto-2015-06-10-dilma-lancamento-pil.jpg","width":1080,"height":600,"caption":"Presidenta Dilma durante an\u00fancio da nova etapa do PIL"},{"@type":"BreadcrumbList","@id":"https:\/\/vanderloubet.com.br\/deputado\/para-vander-novas-concessoes-em-logistica-trarao-mais-competitividade-para-ms\/#breadcrumb","itemListElement":[{"@type":"ListItem","position":1,"name":"In\u00edcio","item":"https:\/\/vanderloubet.com.br\/deputado\/"},{"@type":"ListItem","position":2,"name":"Para Vander, novas concess\u00f5es em log\u00edstica trar\u00e3o mais competitividade para MS"}]},{"@type":"WebSite","@id":"https:\/\/vanderloubet.com.br\/deputado\/#website","url":"https:\/\/vanderloubet.com.br\/deputado\/","name":"Deputado Federal Vander Loubet","description":"O Federal de MS","publisher":{"@id":"https:\/\/vanderloubet.com.br\/deputado\/#organization"},"alternateName":"Deputado Vander","potentialAction":[{"@type":"SearchAction","target":{"@type":"EntryPoint","urlTemplate":"https:\/\/vanderloubet.com.br\/deputado\/?s={search_term_string}"},"query-input":{"@type":"PropertyValueSpecification","valueRequired":true,"valueName":"search_term_string"}}],"inLanguage":"pt-BR"},{"@type":"Organization","@id":"https:\/\/vanderloubet.com.br\/deputado\/#organization","name":"Deputado Federal Vander Loubet","alternateName":"Deputado Vander","url":"https:\/\/vanderloubet.com.br\/deputado\/","logo":{"@type":"ImageObject","inLanguage":"pt-BR","@id":"https:\/\/vanderloubet.com.br\/deputado\/#\/schema\/logo\/image\/","url":"https:\/\/vanderloubet.com.br\/deputado\/wp-content\/uploads\/2023\/06\/foto-2023-06-19-mandato-deputado-vander.jpg","contentUrl":"https:\/\/vanderloubet.com.br\/deputado\/wp-content\/uploads\/2023\/06\/foto-2023-06-19-mandato-deputado-vander.jpg","width":1080,"height":1080,"caption":"Deputado Federal Vander Loubet"},"image":{"@id":"https:\/\/vanderloubet.com.br\/deputado\/#\/schema\/logo\/image\/"},"sameAs":["https:\/\/facebook.com\/deputadovander","https:\/\/x.com\/vanderloubet","https:\/\/instagram.com\/vanderloubet","https:\/\/youtube.com\/vanderloubet","https:\/\/tiktok.com\/@vanderloubetms"]},{"@type":"Person","@id":"https:\/\/vanderloubet.com.br\/deputado\/#\/schema\/person\/15b51bd564532a8a68d9dec1b8eb890e","name":"\u00c9der","image":{"@type":"ImageObject","inLanguage":"pt-BR","@id":"https:\/\/vanderloubet.com.br\/deputado\/wp-content\/litespeed\/avatar\/88ca4090d9d5ab1c9495f6ca03b68efa.jpg?ver=1777058957","url":"https:\/\/vanderloubet.com.br\/deputado\/wp-content\/litespeed\/avatar\/88ca4090d9d5ab1c9495f6ca03b68efa.jpg?ver=1777058957","contentUrl":"https:\/\/vanderloubet.com.br\/deputado\/wp-content\/litespeed\/avatar\/88ca4090d9d5ab1c9495f6ca03b68efa.jpg?ver=1777058957","caption":"\u00c9der"}}]}},"jetpack_featured_media_url":"https:\/\/vanderloubet.com.br\/deputado\/wp-content\/uploads\/2015\/06\/foto-2015-06-10-dilma-lancamento-pil.jpg","jetpack_sharing_enabled":true,"_links":{"self":[{"href":"https:\/\/vanderloubet.com.br\/deputado\/wp-json\/wp\/v2\/posts\/9852","targetHints":{"allow":["GET"]}}],"collection":[{"href":"https:\/\/vanderloubet.com.br\/deputado\/wp-json\/wp\/v2\/posts"}],"about":[{"href":"https:\/\/vanderloubet.com.br\/deputado\/wp-json\/wp\/v2\/types\/post"}],"author":[{"embeddable":true,"href":"https:\/\/vanderloubet.com.br\/deputado\/wp-json\/wp\/v2\/users\/2"}],"replies":[{"embeddable":true,"href":"https:\/\/vanderloubet.com.br\/deputado\/wp-json\/wp\/v2\/comments?post=9852"}],"version-history":[{"count":0,"href":"https:\/\/vanderloubet.com.br\/deputado\/wp-json\/wp\/v2\/posts\/9852\/revisions"}],"wp:featuredmedia":[{"embeddable":true,"href":"https:\/\/vanderloubet.com.br\/deputado\/wp-json\/wp\/v2\/media\/9855"}],"wp:attachment":[{"href":"https:\/\/vanderloubet.com.br\/deputado\/wp-json\/wp\/v2\/media?parent=9852"}],"wp:term":[{"taxonomy":"category","embeddable":true,"href":"https:\/\/vanderloubet.com.br\/deputado\/wp-json\/wp\/v2\/categories?post=9852"},{"taxonomy":"post_tag","embeddable":true,"href":"https:\/\/vanderloubet.com.br\/deputado\/wp-json\/wp\/v2\/tags?post=9852"}],"curies":[{"name":"wp","href":"https:\/\/api.w.org\/{rel}","templated":true}]}}