{"id":9707,"date":"2014-03-13T07:30:32","date_gmt":"2014-03-13T10:30:32","guid":{"rendered":"http:\/\/vanderloubet.com.br\/deputado\/?p=9707"},"modified":"2015-05-26T00:09:10","modified_gmt":"2015-05-26T03:09:10","slug":"vander-duplicacao-da-br-163-vai-garantir-mais-seguranca-e-salvar-vidas","status":"publish","type":"post","link":"https:\/\/vanderloubet.com.br\/deputado\/vander-duplicacao-da-br-163-vai-garantir-mais-seguranca-e-salvar-vidas\/","title":{"rendered":"Vander: duplica\u00e7\u00e3o da BR-163 vai garantir mais seguran\u00e7a e salvar vidas"},"content":{"rendered":"\r\n                <style type=\"text\/css\">\r\n                    \r\n                    #tdi_1  .td-doubleSlider-2 .td-item1 {\r\n                        background: url(https:\/\/vanderloubet.com.br\/deputado\/wp-content\/uploads\/2015\/05\/foto-2014-03-13-assinatura-contrato-br163-80x60.jpg) 0 0 no-repeat;\r\n                    }\r\n                    #tdi_1  .td-doubleSlider-2 .td-item2 {\r\n                        background: url(https:\/\/vanderloubet.com.br\/deputado\/wp-content\/uploads\/2015\/05\/foto-2014-03-13-vander-loubet-dilma-rousseff-80x60.jpg) 0 0 no-repeat;\r\n                    }\r\n                <\/style>\r\n\r\n                <div id=\"tdi_1\" class=\"td-gallery td-slide-on-2-columns\">\r\n                    <div class=\"post_td_gallery\">\r\n                        <div class=\"td-gallery-slide-top\">\r\n                           <div class=\"td-gallery-title\"><\/div>\r\n\r\n                            <div class=\"td-gallery-controls-wrapper\">\r\n                                <div class=\"td-gallery-slide-count\"><span class=\"td-gallery-slide-item-focus\">1<\/span> de 2<\/div>\r\n                                <div class=\"td-gallery-slide-prev-next-but\">\r\n                                    <i class = \"td-icon-left doubleSliderPrevButton\"><\/i>\r\n                                    <i class = \"td-icon-right doubleSliderNextButton\"><\/i>\r\n                                <\/div>\r\n                            <\/div>\r\n                        <\/div>\r\n\r\n                        <div class = \"td-doubleSlider-1 \">\r\n                            <div class = \"td-slider\">\r\n                                \r\n                    <div class = \"td-slide-item td-item1\">\r\n                        <figure class=\"td-slide-galery-figure td-slide-popup-gallery\">\r\n                            <a class=\"slide-gallery-image-link\" href=\"https:\/\/vanderloubet.com.br\/deputado\/wp-content\/uploads\/2015\/05\/foto-2014-03-13-assinatura-contrato-br163.jpg\" title=\"Dilma ontem durante a assinatura do contrato de concess\u00e3o\"  data-caption=\"\"  data-description=\"Dilma ontem durante a assinatura do contrato de concess&atilde;o\">\r\n                                <img decoding=\"async\" src=\"https:\/\/vanderloubet.com.br\/deputado\/wp-content\/uploads\/2015\/05\/foto-2014-03-13-assinatura-contrato-br163-756x420.jpg\" srcset=\"https:\/\/vanderloubet.com.br\/deputado\/wp-content\/uploads\/2015\/05\/foto-2014-03-13-assinatura-contrato-br163-756x420.jpg 756w, https:\/\/vanderloubet.com.br\/deputado\/wp-content\/uploads\/2015\/05\/foto-2014-03-13-assinatura-contrato-br163-350x194.jpg 350w, https:\/\/vanderloubet.com.br\/deputado\/wp-content\/uploads\/2015\/05\/foto-2014-03-13-assinatura-contrato-br163-768x427.jpg 768w, https:\/\/vanderloubet.com.br\/deputado\/wp-content\/uploads\/2015\/05\/foto-2014-03-13-assinatura-contrato-br163-700x389.jpg 700w, https:\/\/vanderloubet.com.br\/deputado\/wp-content\/uploads\/2015\/05\/foto-2014-03-13-assinatura-contrato-br163-696x387.jpg 696w, https:\/\/vanderloubet.com.br\/deputado\/wp-content\/uploads\/2015\/05\/foto-2014-03-13-assinatura-contrato-br163-1068x593.jpg 1068w, https:\/\/vanderloubet.com.br\/deputado\/wp-content\/uploads\/2015\/05\/foto-2014-03-13-assinatura-contrato-br163.jpg 1080w\" sizes=\"(max-width: 756px) 100vw, 756px\" alt=\"Dilma ontem durante a assinatura do contrato de concess&atilde;o\">\r\n                            <\/a>\r\n                            <figcaption class = \"td-slide-caption td-gallery-slide-content\"><span>Dilma ontem durante a assinatura do contrato de concess\u00e3o<\/span><\/figcaption>\r\n                        <\/figure>\r\n                    <\/div>\r\n                    <div class = \"td-slide-item td-item2\">\r\n                        <figure class=\"td-slide-galery-figure td-slide-popup-gallery\">\r\n                            <a class=\"slide-gallery-image-link\" href=\"https:\/\/vanderloubet.com.br\/deputado\/wp-content\/uploads\/2015\/05\/foto-2014-03-13-vander-loubet-dilma-rousseff.jpg\" title=\"Deputado Vander ao lado da presidenta Dilma ap\u00f3s a assinatura do contrato\"  data-caption=\"\"  data-description=\"Deputado Vander ao lado da presidenta Dilma ap&oacute;s a assinatura do contrato\">\r\n                                <img decoding=\"async\" src=\"https:\/\/vanderloubet.com.br\/deputado\/wp-content\/uploads\/2015\/05\/foto-2014-03-13-vander-loubet-dilma-rousseff-756x420.jpg\" srcset=\"https:\/\/vanderloubet.com.br\/deputado\/wp-content\/uploads\/2015\/05\/foto-2014-03-13-vander-loubet-dilma-rousseff-756x420.jpg 756w, https:\/\/vanderloubet.com.br\/deputado\/wp-content\/uploads\/2015\/05\/foto-2014-03-13-vander-loubet-dilma-rousseff-350x194.jpg 350w, https:\/\/vanderloubet.com.br\/deputado\/wp-content\/uploads\/2015\/05\/foto-2014-03-13-vander-loubet-dilma-rousseff-768x427.jpg 768w, https:\/\/vanderloubet.com.br\/deputado\/wp-content\/uploads\/2015\/05\/foto-2014-03-13-vander-loubet-dilma-rousseff-700x389.jpg 700w, https:\/\/vanderloubet.com.br\/deputado\/wp-content\/uploads\/2015\/05\/foto-2014-03-13-vander-loubet-dilma-rousseff-696x387.jpg 696w, https:\/\/vanderloubet.com.br\/deputado\/wp-content\/uploads\/2015\/05\/foto-2014-03-13-vander-loubet-dilma-rousseff-1068x593.jpg 1068w, https:\/\/vanderloubet.com.br\/deputado\/wp-content\/uploads\/2015\/05\/foto-2014-03-13-vander-loubet-dilma-rousseff.jpg 1080w\" sizes=\"(max-width: 756px) 100vw, 756px\" alt=\"Deputado Vander ao lado da presidenta Dilma ap&oacute;s a assinatura do contrato\">\r\n                            <\/a>\r\n                            <figcaption class = \"td-slide-caption td-gallery-slide-content\"><span>Deputado Vander ao lado da presidenta Dilma ap\u00f3s a assinatura do contrato<\/span><\/figcaption>\r\n                        <\/figure>\r\n                    <\/div>\r\n                            <\/div>\r\n                        <\/div>\r\n\r\n                        <div class = \"td-doubleSlider-2\">\r\n                            <div class = \"td-slider\">\r\n                                \r\n                    <div class = \"td-button td-item1\">\r\n                        <div class = \"td-border\"><\/div>\r\n                    <\/div>\r\n                    <div class = \"td-button td-item2\">\r\n                        <div class = \"td-border\"><\/div>\r\n                    <\/div>\r\n                            <\/div>\r\n                        <\/div>\r\n\r\n                    <\/div>\r\n\r\n                <\/div>\r\n                \n<p>Durante cerim\u00f4nia no Pal\u00e1cio do Planalto, a presidenta Dilma Rousseff assinou ontem (12) o contrato de concess\u00e3o da rodovia BR-163. \u201cAo analisar as rodovias, principalmente nos eixos mais importantes, levar a duplica\u00e7\u00e3o a elas torna-se algo fundamental, essencial, sobretudo nas regi\u00f5es de alta produ\u00e7\u00e3o, como \u00e9 o caso de todo o Centro-Oeste brasileiro\u201d, destacou Dilma.<\/p>\n<p>O deputado federal Vander Loubet (PT-MS), um dos parlamentares que mais atuou no acompanhamento do processo que culminou com a concess\u00e3o da BR-163, marcou presen\u00e7a e destacou que as obras que ser\u00e3o executadas s\u00f3 trar\u00e3o benef\u00edcios. \u201cA duplica\u00e7\u00e3o e a moderniza\u00e7\u00e3o da BR-163 vai garantir mais seguran\u00e7a e rapidez para os motoristas, vai melhorar e agilizar o escoamento da nossa produ\u00e7\u00e3o. E o mais importante: essas obras v\u00e3o salvar vidas\u201d, declarou Vander.<\/p>\n<p>O trecho que foi transferido para a iniciativa privada em Mato Grosso do Sul tem 847,2 quil\u00f4metros. O segmento vai da divisa MT\/MS at\u00e9 a divisa MS\/PR e passa por 20 munic\u00edpios. Ser\u00e3o investidos R$ 5,7 bilh\u00f5es ao longo do per\u00edodo de concess\u00e3o, que \u00e9 de 30 anos. A concession\u00e1ria ter\u00e1 que duplicar praticamente todo o trecho concedido. Dos 847,2 quil\u00f4metros que ser\u00e3o administrados pela iniciativa privada, 806,3 quil\u00f4metros s\u00e3o de pistas simples que ter\u00e3o que ser duplicadas num prazo m\u00e1ximo de 5 anos.<\/p>\n<p>Em 2013, foram realizados cinco leil\u00f5es de concess\u00f5es de rodovias no \u00e2mbito do Programa de Investimento em Log\u00edstica (PIL), com 4.248 km de rodovias federais concedidos, dos quais 2.840 km ser\u00e3o duplicados pelas concession\u00e1rias, com investimento de R$ 28,4 bilh\u00f5es.<\/p>\n<p><strong>\u00caxito<\/strong> \u2013 Em 17 de dezembro de 2013, a Companhia de Participa\u00e7\u00f5es em Concess\u00f5es (CPC) \u2013 controlada pela Companhia de Concess\u00f5es Rodovi\u00e1rias (CCR) \u2013 venceu o leil\u00e3o da concess\u00e3o do trecho da BR-163 que corta Mato Grosso do Sul. A empresa ofereceu uma proposta de tarifa de R$ 4,38 para cada 100 quil\u00f4metros rodados. O valor representou um des\u00e1gio (desconto) de quase 53% em rela\u00e7\u00e3o ao teto de R$ 9,27 fixado pelo edital.<\/p>\n<p>Na ocasi\u00e3o, o deputado Vander, que acompanhou todas as audi\u00eancias p\u00fablicas da Ag\u00eancia Nacional de Transportes Terrestres (ANTT) sobre o tema no estado, destacou que o \u00eaxito desse processo j\u00e1 era esperado. \u201cO resultado em Mato Grosso do Sul foi t\u00e3o bom quanto o alcan\u00e7ado no nosso vizinho Mato Grosso\u201d, afirmou.<\/p>\n<p>A BR-163 \u00e9 uma das principais vias de escoamento da produ\u00e7\u00e3o de gr\u00e3os das regi\u00f5es Centro-Oeste e Norte. O trecho da rodovia em Mato Grosso foi leiloado no final de novembro de 2013 e arrematado pelo grupo Odebrecht. A aposta \u00e9 que a duplica\u00e7\u00e3o da estrada em toda a sua extens\u00e3o \u2013 de Mato Grosso a Mato Grosso do Sul \u2013 aliviar\u00e1 o atual movimento de cargas que percorrem a rodovia e seguem em dire\u00e7\u00e3o aos portos de Santos (SP) e Paranagu\u00e1 (PR).<\/p>\n<p><em>(\u00c9der Yanaguita &#8211; Ascom\/Deputado Vander)<\/em><\/p>\n","protected":false},"excerpt":{"rendered":"<p>Trecho transferido para a iniciativa privada tem 847,2 quil\u00f4metros e passa por 20 munic\u00edpios. Ser\u00e3o investidos R$ 5,7 bilh\u00f5es no per\u00edodo de concess\u00e3o, que \u00e9 de 30 anos.<\/p>\n","protected":false},"author":2,"featured_media":9708,"comment_status":"closed","ping_status":"closed","sticky":false,"template":"","format":"standard","meta":{"jetpack_post_was_ever_published":false,"_jetpack_newsletter_access":"","_jetpack_dont_email_post_to_subs":false,"_jetpack_newsletter_tier_id":0,"_jetpack_memberships_contains_paywalled_content":false,"_jetpack_memberships_contains_paid_content":false,"footnotes":""},"categories":[2099,10],"tags":[2297,1742],"class_list":{"0":"post-9707","1":"post","2":"type-post","3":"status-publish","4":"format-standard","5":"has-post-thumbnail","7":"category-ms-noticias","8":"category-noticias","9":"tag-concessao-publica","10":"tag-rodovia"},"yoast_head":"<!-- This site is optimized with the Yoast SEO plugin v27.4 - https:\/\/yoast.com\/product\/yoast-seo-wordpress\/ -->\n<title>Vander: duplica\u00e7\u00e3o da BR-163 vai garantir mais seguran\u00e7a e salvar vidas<\/title>\n<meta name=\"robots\" content=\"index, follow, max-snippet:-1, max-image-preview:large, max-video-preview:-1\" \/>\n<link rel=\"canonical\" href=\"https:\/\/vanderloubet.com.br\/deputado\/vander-duplicacao-da-br-163-vai-garantir-mais-seguranca-e-salvar-vidas\/\" \/>\n<meta property=\"og:locale\" content=\"pt_BR\" \/>\n<meta property=\"og:type\" content=\"article\" \/>\n<meta property=\"og:title\" content=\"Vander: duplica\u00e7\u00e3o da BR-163 vai garantir mais seguran\u00e7a e salvar vidas\" \/>\n<meta property=\"og:description\" content=\"Trecho transferido para a iniciativa privada tem 847,2 quil\u00f4metros e passa por 20 munic\u00edpios. Ser\u00e3o investidos R$ 5,7 bilh\u00f5es no per\u00edodo de concess\u00e3o, que \u00e9 de 30 anos.\" \/>\n<meta property=\"og:url\" content=\"https:\/\/vanderloubet.com.br\/deputado\/vander-duplicacao-da-br-163-vai-garantir-mais-seguranca-e-salvar-vidas\/\" \/>\n<meta property=\"og:site_name\" content=\"Deputado Federal Vander Loubet\" \/>\n<meta property=\"article:publisher\" content=\"https:\/\/facebook.com\/deputadovander\" \/>\n<meta property=\"article:published_time\" content=\"2014-03-13T10:30:32+00:00\" \/>\n<meta property=\"article:modified_time\" content=\"2015-05-26T03:09:10+00:00\" \/>\n<meta property=\"og:image\" content=\"https:\/\/vanderloubet.com.br\/deputado\/wp-content\/uploads\/2015\/05\/foto-2014-03-13-assinatura-contrato-br163.jpg\" \/>\n\t<meta property=\"og:image:width\" content=\"1080\" \/>\n\t<meta property=\"og:image:height\" content=\"600\" \/>\n\t<meta property=\"og:image:type\" content=\"image\/jpeg\" \/>\n<meta name=\"author\" content=\"\u00c9der\" \/>\n<meta name=\"twitter:card\" content=\"summary_large_image\" \/>\n<meta name=\"twitter:creator\" content=\"@vanderloubet\" \/>\n<meta name=\"twitter:site\" content=\"@vanderloubet\" \/>\n<script type=\"application\/ld+json\" class=\"yoast-schema-graph\">{\"@context\":\"https:\\\/\\\/schema.org\",\"@graph\":[{\"@type\":\"Article\",\"@id\":\"https:\\\/\\\/vanderloubet.com.br\\\/deputado\\\/vander-duplicacao-da-br-163-vai-garantir-mais-seguranca-e-salvar-vidas\\\/#article\",\"isPartOf\":{\"@id\":\"https:\\\/\\\/vanderloubet.com.br\\\/deputado\\\/vander-duplicacao-da-br-163-vai-garantir-mais-seguranca-e-salvar-vidas\\\/\"},\"author\":{\"name\":\"\u00c9der\",\"@id\":\"https:\\\/\\\/vanderloubet.com.br\\\/deputado\\\/#\\\/schema\\\/person\\\/15b51bd564532a8a68d9dec1b8eb890e\"},\"headline\":\"Vander: duplica\u00e7\u00e3o da BR-163 vai garantir mais seguran\u00e7a e salvar vidas\",\"datePublished\":\"2014-03-13T10:30:32+00:00\",\"dateModified\":\"2015-05-26T03:09:10+00:00\",\"mainEntityOfPage\":{\"@id\":\"https:\\\/\\\/vanderloubet.com.br\\\/deputado\\\/vander-duplicacao-da-br-163-vai-garantir-mais-seguranca-e-salvar-vidas\\\/\"},\"wordCount\":516,\"publisher\":{\"@id\":\"https:\\\/\\\/vanderloubet.com.br\\\/deputado\\\/#organization\"},\"image\":{\"@id\":\"https:\\\/\\\/vanderloubet.com.br\\\/deputado\\\/vander-duplicacao-da-br-163-vai-garantir-mais-seguranca-e-salvar-vidas\\\/#primaryimage\"},\"thumbnailUrl\":\"https:\\\/\\\/vanderloubet.com.br\\\/deputado\\\/wp-content\\\/uploads\\\/2015\\\/05\\\/foto-2014-03-13-assinatura-contrato-br163.jpg\",\"keywords\":[\"concess\u00e3o p\u00fablica\",\"rodovia\"],\"articleSection\":[\"Mato Grosso do Sul\",\"Not\u00edcias\"],\"inLanguage\":\"pt-BR\"},{\"@type\":\"WebPage\",\"@id\":\"https:\\\/\\\/vanderloubet.com.br\\\/deputado\\\/vander-duplicacao-da-br-163-vai-garantir-mais-seguranca-e-salvar-vidas\\\/\",\"url\":\"https:\\\/\\\/vanderloubet.com.br\\\/deputado\\\/vander-duplicacao-da-br-163-vai-garantir-mais-seguranca-e-salvar-vidas\\\/\",\"name\":\"Vander: duplica\u00e7\u00e3o da BR-163 vai garantir mais seguran\u00e7a e salvar vidas\",\"isPartOf\":{\"@id\":\"https:\\\/\\\/vanderloubet.com.br\\\/deputado\\\/#website\"},\"primaryImageOfPage\":{\"@id\":\"https:\\\/\\\/vanderloubet.com.br\\\/deputado\\\/vander-duplicacao-da-br-163-vai-garantir-mais-seguranca-e-salvar-vidas\\\/#primaryimage\"},\"image\":{\"@id\":\"https:\\\/\\\/vanderloubet.com.br\\\/deputado\\\/vander-duplicacao-da-br-163-vai-garantir-mais-seguranca-e-salvar-vidas\\\/#primaryimage\"},\"thumbnailUrl\":\"https:\\\/\\\/vanderloubet.com.br\\\/deputado\\\/wp-content\\\/uploads\\\/2015\\\/05\\\/foto-2014-03-13-assinatura-contrato-br163.jpg\",\"datePublished\":\"2014-03-13T10:30:32+00:00\",\"dateModified\":\"2015-05-26T03:09:10+00:00\",\"breadcrumb\":{\"@id\":\"https:\\\/\\\/vanderloubet.com.br\\\/deputado\\\/vander-duplicacao-da-br-163-vai-garantir-mais-seguranca-e-salvar-vidas\\\/#breadcrumb\"},\"inLanguage\":\"pt-BR\",\"potentialAction\":[{\"@type\":\"ReadAction\",\"target\":[\"https:\\\/\\\/vanderloubet.com.br\\\/deputado\\\/vander-duplicacao-da-br-163-vai-garantir-mais-seguranca-e-salvar-vidas\\\/\"]}]},{\"@type\":\"ImageObject\",\"inLanguage\":\"pt-BR\",\"@id\":\"https:\\\/\\\/vanderloubet.com.br\\\/deputado\\\/vander-duplicacao-da-br-163-vai-garantir-mais-seguranca-e-salvar-vidas\\\/#primaryimage\",\"url\":\"https:\\\/\\\/vanderloubet.com.br\\\/deputado\\\/wp-content\\\/uploads\\\/2015\\\/05\\\/foto-2014-03-13-assinatura-contrato-br163.jpg\",\"contentUrl\":\"https:\\\/\\\/vanderloubet.com.br\\\/deputado\\\/wp-content\\\/uploads\\\/2015\\\/05\\\/foto-2014-03-13-assinatura-contrato-br163.jpg\",\"width\":1080,\"height\":600,\"caption\":\"Dilma ontem durante a assinatura do contrato de concess\u00e3o\"},{\"@type\":\"BreadcrumbList\",\"@id\":\"https:\\\/\\\/vanderloubet.com.br\\\/deputado\\\/vander-duplicacao-da-br-163-vai-garantir-mais-seguranca-e-salvar-vidas\\\/#breadcrumb\",\"itemListElement\":[{\"@type\":\"ListItem\",\"position\":1,\"name\":\"In\u00edcio\",\"item\":\"https:\\\/\\\/vanderloubet.com.br\\\/deputado\\\/\"},{\"@type\":\"ListItem\",\"position\":2,\"name\":\"Vander: duplica\u00e7\u00e3o da BR-163 vai garantir mais seguran\u00e7a e salvar vidas\"}]},{\"@type\":\"WebSite\",\"@id\":\"https:\\\/\\\/vanderloubet.com.br\\\/deputado\\\/#website\",\"url\":\"https:\\\/\\\/vanderloubet.com.br\\\/deputado\\\/\",\"name\":\"Deputado Federal Vander Loubet\",\"description\":\"O Federal de MS\",\"publisher\":{\"@id\":\"https:\\\/\\\/vanderloubet.com.br\\\/deputado\\\/#organization\"},\"alternateName\":\"Deputado Vander\",\"potentialAction\":[{\"@type\":\"SearchAction\",\"target\":{\"@type\":\"EntryPoint\",\"urlTemplate\":\"https:\\\/\\\/vanderloubet.com.br\\\/deputado\\\/?s={search_term_string}\"},\"query-input\":{\"@type\":\"PropertyValueSpecification\",\"valueRequired\":true,\"valueName\":\"search_term_string\"}}],\"inLanguage\":\"pt-BR\"},{\"@type\":\"Organization\",\"@id\":\"https:\\\/\\\/vanderloubet.com.br\\\/deputado\\\/#organization\",\"name\":\"Deputado Federal Vander Loubet\",\"alternateName\":\"Deputado Vander\",\"url\":\"https:\\\/\\\/vanderloubet.com.br\\\/deputado\\\/\",\"logo\":{\"@type\":\"ImageObject\",\"inLanguage\":\"pt-BR\",\"@id\":\"https:\\\/\\\/vanderloubet.com.br\\\/deputado\\\/#\\\/schema\\\/logo\\\/image\\\/\",\"url\":\"https:\\\/\\\/vanderloubet.com.br\\\/deputado\\\/wp-content\\\/uploads\\\/2023\\\/06\\\/foto-2023-06-19-mandato-deputado-vander.jpg\",\"contentUrl\":\"https:\\\/\\\/vanderloubet.com.br\\\/deputado\\\/wp-content\\\/uploads\\\/2023\\\/06\\\/foto-2023-06-19-mandato-deputado-vander.jpg\",\"width\":1080,\"height\":1080,\"caption\":\"Deputado Federal Vander Loubet\"},\"image\":{\"@id\":\"https:\\\/\\\/vanderloubet.com.br\\\/deputado\\\/#\\\/schema\\\/logo\\\/image\\\/\"},\"sameAs\":[\"https:\\\/\\\/facebook.com\\\/deputadovander\",\"https:\\\/\\\/x.com\\\/vanderloubet\",\"https:\\\/\\\/instagram.com\\\/vanderloubet\",\"https:\\\/\\\/youtube.com\\\/vanderloubet\",\"https:\\\/\\\/tiktok.com\\\/@vanderloubetms\"]},{\"@type\":\"Person\",\"@id\":\"https:\\\/\\\/vanderloubet.com.br\\\/deputado\\\/#\\\/schema\\\/person\\\/15b51bd564532a8a68d9dec1b8eb890e\",\"name\":\"\u00c9der\",\"image\":{\"@type\":\"ImageObject\",\"inLanguage\":\"pt-BR\",\"@id\":\"https:\\\/\\\/vanderloubet.com.br\\\/deputado\\\/wp-content\\\/litespeed\\\/avatar\\\/88ca4090d9d5ab1c9495f6ca03b68efa.jpg?ver=1777058957\",\"url\":\"https:\\\/\\\/vanderloubet.com.br\\\/deputado\\\/wp-content\\\/litespeed\\\/avatar\\\/88ca4090d9d5ab1c9495f6ca03b68efa.jpg?ver=1777058957\",\"contentUrl\":\"https:\\\/\\\/vanderloubet.com.br\\\/deputado\\\/wp-content\\\/litespeed\\\/avatar\\\/88ca4090d9d5ab1c9495f6ca03b68efa.jpg?ver=1777058957\",\"caption\":\"\u00c9der\"}}]}<\/script>\n<!-- \/ Yoast SEO plugin. -->","yoast_head_json":{"title":"Vander: duplica\u00e7\u00e3o da BR-163 vai garantir mais seguran\u00e7a e salvar vidas","robots":{"index":"index","follow":"follow","max-snippet":"max-snippet:-1","max-image-preview":"max-image-preview:large","max-video-preview":"max-video-preview:-1"},"canonical":"https:\/\/vanderloubet.com.br\/deputado\/vander-duplicacao-da-br-163-vai-garantir-mais-seguranca-e-salvar-vidas\/","og_locale":"pt_BR","og_type":"article","og_title":"Vander: duplica\u00e7\u00e3o da BR-163 vai garantir mais seguran\u00e7a e salvar vidas","og_description":"Trecho transferido para a iniciativa privada tem 847,2 quil\u00f4metros e passa por 20 munic\u00edpios. Ser\u00e3o investidos R$ 5,7 bilh\u00f5es no per\u00edodo de concess\u00e3o, que \u00e9 de 30 anos.","og_url":"https:\/\/vanderloubet.com.br\/deputado\/vander-duplicacao-da-br-163-vai-garantir-mais-seguranca-e-salvar-vidas\/","og_site_name":"Deputado Federal Vander Loubet","article_publisher":"https:\/\/facebook.com\/deputadovander","article_published_time":"2014-03-13T10:30:32+00:00","article_modified_time":"2015-05-26T03:09:10+00:00","og_image":[{"width":1080,"height":600,"url":"https:\/\/vanderloubet.com.br\/deputado\/wp-content\/uploads\/2015\/05\/foto-2014-03-13-assinatura-contrato-br163.jpg","type":"image\/jpeg"}],"author":"\u00c9der","twitter_card":"summary_large_image","twitter_creator":"@vanderloubet","twitter_site":"@vanderloubet","schema":{"@context":"https:\/\/schema.org","@graph":[{"@type":"Article","@id":"https:\/\/vanderloubet.com.br\/deputado\/vander-duplicacao-da-br-163-vai-garantir-mais-seguranca-e-salvar-vidas\/#article","isPartOf":{"@id":"https:\/\/vanderloubet.com.br\/deputado\/vander-duplicacao-da-br-163-vai-garantir-mais-seguranca-e-salvar-vidas\/"},"author":{"name":"\u00c9der","@id":"https:\/\/vanderloubet.com.br\/deputado\/#\/schema\/person\/15b51bd564532a8a68d9dec1b8eb890e"},"headline":"Vander: duplica\u00e7\u00e3o da BR-163 vai garantir mais seguran\u00e7a e salvar vidas","datePublished":"2014-03-13T10:30:32+00:00","dateModified":"2015-05-26T03:09:10+00:00","mainEntityOfPage":{"@id":"https:\/\/vanderloubet.com.br\/deputado\/vander-duplicacao-da-br-163-vai-garantir-mais-seguranca-e-salvar-vidas\/"},"wordCount":516,"publisher":{"@id":"https:\/\/vanderloubet.com.br\/deputado\/#organization"},"image":{"@id":"https:\/\/vanderloubet.com.br\/deputado\/vander-duplicacao-da-br-163-vai-garantir-mais-seguranca-e-salvar-vidas\/#primaryimage"},"thumbnailUrl":"https:\/\/vanderloubet.com.br\/deputado\/wp-content\/uploads\/2015\/05\/foto-2014-03-13-assinatura-contrato-br163.jpg","keywords":["concess\u00e3o p\u00fablica","rodovia"],"articleSection":["Mato Grosso do Sul","Not\u00edcias"],"inLanguage":"pt-BR"},{"@type":"WebPage","@id":"https:\/\/vanderloubet.com.br\/deputado\/vander-duplicacao-da-br-163-vai-garantir-mais-seguranca-e-salvar-vidas\/","url":"https:\/\/vanderloubet.com.br\/deputado\/vander-duplicacao-da-br-163-vai-garantir-mais-seguranca-e-salvar-vidas\/","name":"Vander: duplica\u00e7\u00e3o da BR-163 vai garantir mais seguran\u00e7a e salvar vidas","isPartOf":{"@id":"https:\/\/vanderloubet.com.br\/deputado\/#website"},"primaryImageOfPage":{"@id":"https:\/\/vanderloubet.com.br\/deputado\/vander-duplicacao-da-br-163-vai-garantir-mais-seguranca-e-salvar-vidas\/#primaryimage"},"image":{"@id":"https:\/\/vanderloubet.com.br\/deputado\/vander-duplicacao-da-br-163-vai-garantir-mais-seguranca-e-salvar-vidas\/#primaryimage"},"thumbnailUrl":"https:\/\/vanderloubet.com.br\/deputado\/wp-content\/uploads\/2015\/05\/foto-2014-03-13-assinatura-contrato-br163.jpg","datePublished":"2014-03-13T10:30:32+00:00","dateModified":"2015-05-26T03:09:10+00:00","breadcrumb":{"@id":"https:\/\/vanderloubet.com.br\/deputado\/vander-duplicacao-da-br-163-vai-garantir-mais-seguranca-e-salvar-vidas\/#breadcrumb"},"inLanguage":"pt-BR","potentialAction":[{"@type":"ReadAction","target":["https:\/\/vanderloubet.com.br\/deputado\/vander-duplicacao-da-br-163-vai-garantir-mais-seguranca-e-salvar-vidas\/"]}]},{"@type":"ImageObject","inLanguage":"pt-BR","@id":"https:\/\/vanderloubet.com.br\/deputado\/vander-duplicacao-da-br-163-vai-garantir-mais-seguranca-e-salvar-vidas\/#primaryimage","url":"https:\/\/vanderloubet.com.br\/deputado\/wp-content\/uploads\/2015\/05\/foto-2014-03-13-assinatura-contrato-br163.jpg","contentUrl":"https:\/\/vanderloubet.com.br\/deputado\/wp-content\/uploads\/2015\/05\/foto-2014-03-13-assinatura-contrato-br163.jpg","width":1080,"height":600,"caption":"Dilma ontem durante a assinatura do contrato de concess\u00e3o"},{"@type":"BreadcrumbList","@id":"https:\/\/vanderloubet.com.br\/deputado\/vander-duplicacao-da-br-163-vai-garantir-mais-seguranca-e-salvar-vidas\/#breadcrumb","itemListElement":[{"@type":"ListItem","position":1,"name":"In\u00edcio","item":"https:\/\/vanderloubet.com.br\/deputado\/"},{"@type":"ListItem","position":2,"name":"Vander: duplica\u00e7\u00e3o da BR-163 vai garantir mais seguran\u00e7a e salvar vidas"}]},{"@type":"WebSite","@id":"https:\/\/vanderloubet.com.br\/deputado\/#website","url":"https:\/\/vanderloubet.com.br\/deputado\/","name":"Deputado Federal Vander Loubet","description":"O Federal de MS","publisher":{"@id":"https:\/\/vanderloubet.com.br\/deputado\/#organization"},"alternateName":"Deputado Vander","potentialAction":[{"@type":"SearchAction","target":{"@type":"EntryPoint","urlTemplate":"https:\/\/vanderloubet.com.br\/deputado\/?s={search_term_string}"},"query-input":{"@type":"PropertyValueSpecification","valueRequired":true,"valueName":"search_term_string"}}],"inLanguage":"pt-BR"},{"@type":"Organization","@id":"https:\/\/vanderloubet.com.br\/deputado\/#organization","name":"Deputado Federal Vander Loubet","alternateName":"Deputado Vander","url":"https:\/\/vanderloubet.com.br\/deputado\/","logo":{"@type":"ImageObject","inLanguage":"pt-BR","@id":"https:\/\/vanderloubet.com.br\/deputado\/#\/schema\/logo\/image\/","url":"https:\/\/vanderloubet.com.br\/deputado\/wp-content\/uploads\/2023\/06\/foto-2023-06-19-mandato-deputado-vander.jpg","contentUrl":"https:\/\/vanderloubet.com.br\/deputado\/wp-content\/uploads\/2023\/06\/foto-2023-06-19-mandato-deputado-vander.jpg","width":1080,"height":1080,"caption":"Deputado Federal Vander Loubet"},"image":{"@id":"https:\/\/vanderloubet.com.br\/deputado\/#\/schema\/logo\/image\/"},"sameAs":["https:\/\/facebook.com\/deputadovander","https:\/\/x.com\/vanderloubet","https:\/\/instagram.com\/vanderloubet","https:\/\/youtube.com\/vanderloubet","https:\/\/tiktok.com\/@vanderloubetms"]},{"@type":"Person","@id":"https:\/\/vanderloubet.com.br\/deputado\/#\/schema\/person\/15b51bd564532a8a68d9dec1b8eb890e","name":"\u00c9der","image":{"@type":"ImageObject","inLanguage":"pt-BR","@id":"https:\/\/vanderloubet.com.br\/deputado\/wp-content\/litespeed\/avatar\/88ca4090d9d5ab1c9495f6ca03b68efa.jpg?ver=1777058957","url":"https:\/\/vanderloubet.com.br\/deputado\/wp-content\/litespeed\/avatar\/88ca4090d9d5ab1c9495f6ca03b68efa.jpg?ver=1777058957","contentUrl":"https:\/\/vanderloubet.com.br\/deputado\/wp-content\/litespeed\/avatar\/88ca4090d9d5ab1c9495f6ca03b68efa.jpg?ver=1777058957","caption":"\u00c9der"}}]}},"jetpack_featured_media_url":"https:\/\/vanderloubet.com.br\/deputado\/wp-content\/uploads\/2015\/05\/foto-2014-03-13-assinatura-contrato-br163.jpg","jetpack_sharing_enabled":true,"_links":{"self":[{"href":"https:\/\/vanderloubet.com.br\/deputado\/wp-json\/wp\/v2\/posts\/9707","targetHints":{"allow":["GET"]}}],"collection":[{"href":"https:\/\/vanderloubet.com.br\/deputado\/wp-json\/wp\/v2\/posts"}],"about":[{"href":"https:\/\/vanderloubet.com.br\/deputado\/wp-json\/wp\/v2\/types\/post"}],"author":[{"embeddable":true,"href":"https:\/\/vanderloubet.com.br\/deputado\/wp-json\/wp\/v2\/users\/2"}],"replies":[{"embeddable":true,"href":"https:\/\/vanderloubet.com.br\/deputado\/wp-json\/wp\/v2\/comments?post=9707"}],"version-history":[{"count":0,"href":"https:\/\/vanderloubet.com.br\/deputado\/wp-json\/wp\/v2\/posts\/9707\/revisions"}],"wp:featuredmedia":[{"embeddable":true,"href":"https:\/\/vanderloubet.com.br\/deputado\/wp-json\/wp\/v2\/media\/9708"}],"wp:attachment":[{"href":"https:\/\/vanderloubet.com.br\/deputado\/wp-json\/wp\/v2\/media?parent=9707"}],"wp:term":[{"taxonomy":"category","embeddable":true,"href":"https:\/\/vanderloubet.com.br\/deputado\/wp-json\/wp\/v2\/categories?post=9707"},{"taxonomy":"post_tag","embeddable":true,"href":"https:\/\/vanderloubet.com.br\/deputado\/wp-json\/wp\/v2\/tags?post=9707"}],"curies":[{"name":"wp","href":"https:\/\/api.w.org\/{rel}","templated":true}]}}