{"id":9704,"date":"2014-03-13T15:00:40","date_gmt":"2014-03-13T18:00:40","guid":{"rendered":"http:\/\/vanderloubet.com.br\/deputado\/?p=9704"},"modified":"2015-05-26T00:16:25","modified_gmt":"2015-05-26T03:16:25","slug":"bancada-do-pt-viabiliza-72-milhoes-para-mobilidade-em-campo-grande","status":"publish","type":"post","link":"https:\/\/vanderloubet.com.br\/deputado\/bancada-do-pt-viabiliza-72-milhoes-para-mobilidade-em-campo-grande\/","title":{"rendered":"Bancada do PT viabiliza R$ 72,8 milh\u00f5es para mobilidade em Campo Grande"},"content":{"rendered":"\r\n                <style type=\"text\/css\">\r\n                    \r\n                    #tdi_1  .td-doubleSlider-2 .td-item1 {\r\n                        background: url(https:\/\/vanderloubet.com.br\/deputado\/wp-content\/uploads\/2015\/05\/foto-2014-03-13-anuncio-pac2-mobilidade-80x60.jpg) 0 0 no-repeat;\r\n                    }\r\n                    #tdi_1  .td-doubleSlider-2 .td-item2 {\r\n                        background: url(https:\/\/vanderloubet.com.br\/deputado\/wp-content\/uploads\/2015\/05\/foto-2014-03-13-vander-dilma-biffi-delcidio-80x60.jpg) 0 0 no-repeat;\r\n                    }\r\n                <\/style>\r\n\r\n                <div id=\"tdi_1\" class=\"td-gallery td-slide-on-2-columns\">\r\n                    <div class=\"post_td_gallery\">\r\n                        <div class=\"td-gallery-slide-top\">\r\n                           <div class=\"td-gallery-title\"><\/div>\r\n\r\n                            <div class=\"td-gallery-controls-wrapper\">\r\n                                <div class=\"td-gallery-slide-count\"><span class=\"td-gallery-slide-item-focus\">1<\/span> de 2<\/div>\r\n                                <div class=\"td-gallery-slide-prev-next-but\">\r\n                                    <i class = \"td-icon-left doubleSliderPrevButton\"><\/i>\r\n                                    <i class = \"td-icon-right doubleSliderNextButton\"><\/i>\r\n                                <\/div>\r\n                            <\/div>\r\n                        <\/div>\r\n\r\n                        <div class = \"td-doubleSlider-1 \">\r\n                            <div class = \"td-slider\">\r\n                                \r\n                    <div class = \"td-slide-item td-item1\">\r\n                        <figure class=\"td-slide-galery-figure td-slide-popup-gallery\">\r\n                            <a class=\"slide-gallery-image-link\" href=\"https:\/\/vanderloubet.com.br\/deputado\/wp-content\/uploads\/2015\/05\/foto-2014-03-13-anuncio-pac2-mobilidade.jpg\" title=\"Dilma durante o an\u00fancio dos investimentos em mobilidade urbana do PAC 2\"  data-caption=\"\"  data-description=\"Dilma durante o an&uacute;ncio dos investimentos em mobilidade urbana do PAC 2\">\r\n                                <img decoding=\"async\" src=\"https:\/\/vanderloubet.com.br\/deputado\/wp-content\/uploads\/2015\/05\/foto-2014-03-13-anuncio-pac2-mobilidade-700x420.jpg\" srcset=\"https:\/\/vanderloubet.com.br\/deputado\/wp-content\/uploads\/2015\/05\/foto-2014-03-13-anuncio-pac2-mobilidade-700x420.jpg 700w, https:\/\/vanderloubet.com.br\/deputado\/wp-content\/uploads\/2015\/05\/foto-2014-03-13-anuncio-pac2-mobilidade-350x210.jpg 350w, https:\/\/vanderloubet.com.br\/deputado\/wp-content\/uploads\/2015\/05\/foto-2014-03-13-anuncio-pac2-mobilidade-768x461.jpg 768w, https:\/\/vanderloubet.com.br\/deputado\/wp-content\/uploads\/2015\/05\/foto-2014-03-13-anuncio-pac2-mobilidade-696x418.jpg 696w, https:\/\/vanderloubet.com.br\/deputado\/wp-content\/uploads\/2015\/05\/foto-2014-03-13-anuncio-pac2-mobilidade-1068x641.jpg 1068w, https:\/\/vanderloubet.com.br\/deputado\/wp-content\/uploads\/2015\/05\/foto-2014-03-13-anuncio-pac2-mobilidade.jpg 1200w\" sizes=\"(max-width: 700px) 100vw, 700px\" alt=\"Dilma durante o an&uacute;ncio dos investimentos em mobilidade urbana do PAC 2\">\r\n                            <\/a>\r\n                            <figcaption class = \"td-slide-caption td-gallery-slide-content\"><span>Dilma durante o an\u00fancio dos investimentos em mobilidade urbana do PAC 2<\/span><\/figcaption>\r\n                        <\/figure>\r\n                    <\/div>\r\n                    <div class = \"td-slide-item td-item2\">\r\n                        <figure class=\"td-slide-galery-figure td-slide-popup-gallery\">\r\n                            <a class=\"slide-gallery-image-link\" href=\"https:\/\/vanderloubet.com.br\/deputado\/wp-content\/uploads\/2015\/05\/foto-2014-03-13-vander-dilma-biffi-delcidio.jpg\" title=\"Bancada do PT-MS (Vander, Biffi e Delc\u00eddio) com a presidenta Dilma\"  data-caption=\"\"  data-description=\"Bancada do PT-MS (Vander, Biffi e Delc&iacute;dio) com a presidenta Dilma\">\r\n                                <img decoding=\"async\" src=\"https:\/\/vanderloubet.com.br\/deputado\/wp-content\/uploads\/2015\/05\/foto-2014-03-13-vander-dilma-biffi-delcidio-756x420.jpg\" srcset=\"https:\/\/vanderloubet.com.br\/deputado\/wp-content\/uploads\/2015\/05\/foto-2014-03-13-vander-dilma-biffi-delcidio-756x420.jpg 756w, https:\/\/vanderloubet.com.br\/deputado\/wp-content\/uploads\/2015\/05\/foto-2014-03-13-vander-dilma-biffi-delcidio-350x194.jpg 350w, https:\/\/vanderloubet.com.br\/deputado\/wp-content\/uploads\/2015\/05\/foto-2014-03-13-vander-dilma-biffi-delcidio-768x427.jpg 768w, https:\/\/vanderloubet.com.br\/deputado\/wp-content\/uploads\/2015\/05\/foto-2014-03-13-vander-dilma-biffi-delcidio-700x389.jpg 700w, https:\/\/vanderloubet.com.br\/deputado\/wp-content\/uploads\/2015\/05\/foto-2014-03-13-vander-dilma-biffi-delcidio-696x387.jpg 696w, https:\/\/vanderloubet.com.br\/deputado\/wp-content\/uploads\/2015\/05\/foto-2014-03-13-vander-dilma-biffi-delcidio-1068x593.jpg 1068w, https:\/\/vanderloubet.com.br\/deputado\/wp-content\/uploads\/2015\/05\/foto-2014-03-13-vander-dilma-biffi-delcidio.jpg 1080w\" sizes=\"(max-width: 756px) 100vw, 756px\" alt=\"Bancada do PT-MS (Vander, Biffi e Delc&iacute;dio) com a presidenta Dilma\">\r\n                            <\/a>\r\n                            <figcaption class = \"td-slide-caption td-gallery-slide-content\"><span>Bancada do PT-MS (Vander, Biffi e Delc\u00eddio) com a presidenta Dilma<\/span><\/figcaption>\r\n                        <\/figure>\r\n                    <\/div>\r\n                            <\/div>\r\n                        <\/div>\r\n\r\n                        <div class = \"td-doubleSlider-2\">\r\n                            <div class = \"td-slider\">\r\n                                \r\n                    <div class = \"td-button td-item1\">\r\n                        <div class = \"td-border\"><\/div>\r\n                    <\/div>\r\n                    <div class = \"td-button td-item2\">\r\n                        <div class = \"td-border\"><\/div>\r\n                    <\/div>\r\n                            <\/div>\r\n                        <\/div>\r\n\r\n                    <\/div>\r\n\r\n                <\/div>\r\n                \n<p>A presidente Dilma Rousseff anunciou nesta quinta-feira (13), no Pal\u00e1cio do Planalto, investimentos de R$ 3,8 bilh\u00f5es para obras em sete estados dentro da segunda fase do Programa de Acelera\u00e7\u00e3o do Crescimento da Mobilidade Urbana (PAC 2 Mobilidade), na modalidade para cidades com popula\u00e7\u00e3o acima de 700 mil habitantes. Em Mato Grosso do Sul, Campo Grande vai receber R$ 72,8 milh\u00f5es.<\/p>\n<p>\u201cCom certeza o an\u00fancio desse investimento \u00e9 uma grande vit\u00f3ria para Campo Grande, uma vit\u00f3ria que foi poss\u00edvel gra\u00e7as ao empenho e mobiliza\u00e7\u00e3o da bancada do PT que representa Mato Grosso do Sul em Bras\u00edlia \u2013 eu, o [deputado federal] Biffi e o [senador] Delc\u00eddio\u201d, destacou o deputado federal Vander Loubet. \u201cEstamos lutando por esses recursos desde o ano passado, quando a Prefeitura apresentou os projetos ao Minist\u00e9rio das Cidades. De l\u00e1 pra c\u00e1, foram v\u00e1rias reuni\u00f5es com o ministro Agnaldo Ribeiro (Cidades) e as ministras Miriam Belchior (Planejamento) e Ideli Salvatti (Coordena\u00e7\u00e3o Pol\u00edtica), a quem mostramos a import\u00e2ncia desses investimentos para a melhoria da qualidade de vida da Cidade Morena\u201d, completou o senador Delc\u00eddio do Amaral.<\/p>\n<p>Segundo Dilma Rousseff, era fundamental o governo federal participar ativamente dessas obras. \u201cCome\u00e7amos a parceria e estabelecemos um crit\u00e9rio para que a gente pudesse fazer a sele\u00e7\u00e3o: as obras deviam resultar na amplia\u00e7\u00e3o de uma rede de transporte coletivo de alta capacidade. Portanto, s\u00e3o obras que propiciam seguran\u00e7a com rapidez e que buscam a integra\u00e7\u00e3o dos diferentes modais para que a gente pudesse obter tarifa justa\u201d, disse a presidenta.<\/p>\n<p>Campo Grande teve oito projetos contemplados. Sete deles s\u00e3o para investimentos na cria\u00e7\u00e3o de corredores de transporte coletivo e o outro prev\u00ea a implanta\u00e7\u00e3o de um VLT (Ve\u00edculos Leves sobre Trilhos).<\/p>\n<p>De acordo com Delc\u00eddio, a luta agora \u00e9 para atender outros munic\u00edpios do estado. \u201cVamos continuar a luta para que o maior n\u00famero poss\u00edvel de cidades sul-mato-grossenses que apresentaram propostas ao Minist\u00e9rio das Cidades sejam contempladas com recursos do PAC da Mobilidade Urbana. A ministra Miriam Belchior me disse que o governo est\u00e1 finalizando os estudos para anunciar em breve a lista dos munic\u00edpios com at\u00e9 50 mil habitantes que tamb\u00e9m v\u00e3o ser contemplados com o programa\u201d, revelou o senador.<\/p>\n<p>J\u00e1 Vander destacou que esses R$ 72,8 milh\u00f5es s\u00e3o apenas uma parte do total de recursos dispon\u00edveis. \u201cAo todo, conseguimos habilitar R$ 316,6 milh\u00f5es para empreendimentos de mobilidade urbana em Capo Grande dentro do PAC 2. Por isso vamos seguir acompanhando os projetos da Capital para que todo esse recurso possa ser liberado e aplicado\u201d, concluiu.<\/p>\n<p><strong>Corredores<\/strong> \u2013 No ano passado, o secret\u00e1rio de Infraestrutura, Transporte e Habita\u00e7\u00e3o, Semy Ferraz, anunciou um projeto para melhorias no transporte coletivo da Capital. Uma das inten\u00e7\u00f5es era construir o VLT para ligar a regi\u00e3o do Terminal Guaicurus at\u00e9 o Aeroporto Internacional de Campo Grande, passando pela Orla Morena.<\/p>\n<p>O projeto tamb\u00e9m previa a implanta\u00e7\u00e3o de corredores exclusivos para \u00f4nibus em todas as regi\u00f5es da cidade. Um deles contemplaria a regi\u00e3o do Aero Rancho, a partir da Rua Brilhante, seguindo pela Avenida Marechal Deodoro e Avenida Gunter Hans, at\u00e9 o terminal do bairro. No retorno, o trajeto pegaria novamente a Gunter Hans e seguiria pela Rua Bandeirantes at\u00e9 chegar ao Centro. Outro corredor exclusivo seria at\u00e9 o Terminal Nova Bahia, come\u00e7ando pela Rua Bahia, seguindo pela Rua Coronel Antonino e depois pela Avenida Consul Assaf Trad. A volta inclu\u00edria a Assaf Trad novamente e depois a Rua Alegrete. No Centro os corredores que j\u00e1 existem \u2013 nas ruas Cal\u00f3geras, 13 de Maio e Rui Barbosa \u2013 seriam revitalizados.<\/p>\n<p>Entre os projetos anunciado no ano passado tamb\u00e9m estavam a constru\u00e7\u00e3o de tr\u00eas novos terminais \u2013 nos bairros S\u00e3o Francisco, Parati e Tiradentes -, al\u00e9m de outro na sa\u00edda para S\u00e3o Paulo.<\/p>\n<p><em>(\u00c9der Yanaguita &#8211; Ascom\/Deputado Vander)<\/em><\/p>\n","protected":false},"excerpt":{"rendered":"<p>A Capital teve oito projetos contemplados. Sete deles s\u00e3o para investimentos na cria\u00e7\u00e3o de corredores de transporte coletivo.<\/p>\n","protected":false},"author":2,"featured_media":9705,"comment_status":"closed","ping_status":"closed","sticky":false,"template":"","format":"standard","meta":{"jetpack_post_was_ever_published":false,"_jetpack_newsletter_access":"","_jetpack_dont_email_post_to_subs":false,"_jetpack_newsletter_tier_id":0,"_jetpack_memberships_contains_paywalled_content":false,"_jetpack_memberships_contains_paid_content":false,"footnotes":""},"categories":[2097,10],"tags":[1311,1446,2154],"class_list":{"0":"post-9704","1":"post","2":"type-post","3":"status-publish","4":"format-standard","5":"has-post-thumbnail","7":"category-municipios-noticias","8":"category-noticias","9":"tag-mobilidade-urbana","10":"tag-pac-2","11":"tag-transporte-coletivo"},"yoast_head":"<!-- This site is optimized with the Yoast SEO plugin v27.4 - https:\/\/yoast.com\/product\/yoast-seo-wordpress\/ -->\n<title>Bancada do PT viabiliza R$ 72,8 milh\u00f5es para mobilidade em Campo Grande<\/title>\n<meta name=\"robots\" content=\"index, follow, max-snippet:-1, max-image-preview:large, max-video-preview:-1\" \/>\n<link rel=\"canonical\" href=\"https:\/\/vanderloubet.com.br\/deputado\/bancada-do-pt-viabiliza-72-milhoes-para-mobilidade-em-campo-grande\/\" \/>\n<meta property=\"og:locale\" content=\"pt_BR\" \/>\n<meta property=\"og:type\" content=\"article\" \/>\n<meta property=\"og:title\" content=\"Bancada do PT viabiliza R$ 72,8 milh\u00f5es para mobilidade em Campo Grande\" \/>\n<meta property=\"og:description\" content=\"A Capital teve oito projetos contemplados. Sete deles s\u00e3o para investimentos na cria\u00e7\u00e3o de corredores de transporte coletivo.\" \/>\n<meta property=\"og:url\" content=\"https:\/\/vanderloubet.com.br\/deputado\/bancada-do-pt-viabiliza-72-milhoes-para-mobilidade-em-campo-grande\/\" \/>\n<meta property=\"og:site_name\" content=\"Deputado Federal Vander Loubet\" \/>\n<meta property=\"article:publisher\" content=\"https:\/\/facebook.com\/deputadovander\" \/>\n<meta property=\"article:published_time\" content=\"2014-03-13T18:00:40+00:00\" \/>\n<meta property=\"article:modified_time\" content=\"2015-05-26T03:16:25+00:00\" \/>\n<meta property=\"og:image\" content=\"https:\/\/vanderloubet.com.br\/deputado\/wp-content\/uploads\/2015\/05\/foto-2014-03-13-anuncio-pac2-mobilidade.jpg\" \/>\n\t<meta property=\"og:image:width\" content=\"1200\" \/>\n\t<meta property=\"og:image:height\" content=\"720\" \/>\n\t<meta property=\"og:image:type\" content=\"image\/jpeg\" \/>\n<meta name=\"author\" content=\"\u00c9der\" \/>\n<meta name=\"twitter:card\" content=\"summary_large_image\" \/>\n<meta name=\"twitter:creator\" content=\"@vanderloubet\" \/>\n<meta name=\"twitter:site\" content=\"@vanderloubet\" \/>\n<script type=\"application\/ld+json\" class=\"yoast-schema-graph\">{\"@context\":\"https:\\\/\\\/schema.org\",\"@graph\":[{\"@type\":\"Article\",\"@id\":\"https:\\\/\\\/vanderloubet.com.br\\\/deputado\\\/bancada-do-pt-viabiliza-72-milhoes-para-mobilidade-em-campo-grande\\\/#article\",\"isPartOf\":{\"@id\":\"https:\\\/\\\/vanderloubet.com.br\\\/deputado\\\/bancada-do-pt-viabiliza-72-milhoes-para-mobilidade-em-campo-grande\\\/\"},\"author\":{\"name\":\"\u00c9der\",\"@id\":\"https:\\\/\\\/vanderloubet.com.br\\\/deputado\\\/#\\\/schema\\\/person\\\/15b51bd564532a8a68d9dec1b8eb890e\"},\"headline\":\"Bancada do PT viabiliza R$ 72,8 milh\u00f5es para mobilidade em Campo Grande\",\"datePublished\":\"2014-03-13T18:00:40+00:00\",\"dateModified\":\"2015-05-26T03:16:25+00:00\",\"mainEntityOfPage\":{\"@id\":\"https:\\\/\\\/vanderloubet.com.br\\\/deputado\\\/bancada-do-pt-viabiliza-72-milhoes-para-mobilidade-em-campo-grande\\\/\"},\"wordCount\":685,\"publisher\":{\"@id\":\"https:\\\/\\\/vanderloubet.com.br\\\/deputado\\\/#organization\"},\"image\":{\"@id\":\"https:\\\/\\\/vanderloubet.com.br\\\/deputado\\\/bancada-do-pt-viabiliza-72-milhoes-para-mobilidade-em-campo-grande\\\/#primaryimage\"},\"thumbnailUrl\":\"https:\\\/\\\/vanderloubet.com.br\\\/deputado\\\/wp-content\\\/uploads\\\/2015\\\/05\\\/foto-2014-03-13-anuncio-pac2-mobilidade.jpg\",\"keywords\":[\"mobilidade urbana\",\"pac 2\",\"transporte coletivo\"],\"articleSection\":[\"Munic\u00edpios\",\"Not\u00edcias\"],\"inLanguage\":\"pt-BR\"},{\"@type\":\"WebPage\",\"@id\":\"https:\\\/\\\/vanderloubet.com.br\\\/deputado\\\/bancada-do-pt-viabiliza-72-milhoes-para-mobilidade-em-campo-grande\\\/\",\"url\":\"https:\\\/\\\/vanderloubet.com.br\\\/deputado\\\/bancada-do-pt-viabiliza-72-milhoes-para-mobilidade-em-campo-grande\\\/\",\"name\":\"Bancada do PT viabiliza R$ 72,8 milh\u00f5es para mobilidade em Campo Grande\",\"isPartOf\":{\"@id\":\"https:\\\/\\\/vanderloubet.com.br\\\/deputado\\\/#website\"},\"primaryImageOfPage\":{\"@id\":\"https:\\\/\\\/vanderloubet.com.br\\\/deputado\\\/bancada-do-pt-viabiliza-72-milhoes-para-mobilidade-em-campo-grande\\\/#primaryimage\"},\"image\":{\"@id\":\"https:\\\/\\\/vanderloubet.com.br\\\/deputado\\\/bancada-do-pt-viabiliza-72-milhoes-para-mobilidade-em-campo-grande\\\/#primaryimage\"},\"thumbnailUrl\":\"https:\\\/\\\/vanderloubet.com.br\\\/deputado\\\/wp-content\\\/uploads\\\/2015\\\/05\\\/foto-2014-03-13-anuncio-pac2-mobilidade.jpg\",\"datePublished\":\"2014-03-13T18:00:40+00:00\",\"dateModified\":\"2015-05-26T03:16:25+00:00\",\"breadcrumb\":{\"@id\":\"https:\\\/\\\/vanderloubet.com.br\\\/deputado\\\/bancada-do-pt-viabiliza-72-milhoes-para-mobilidade-em-campo-grande\\\/#breadcrumb\"},\"inLanguage\":\"pt-BR\",\"potentialAction\":[{\"@type\":\"ReadAction\",\"target\":[\"https:\\\/\\\/vanderloubet.com.br\\\/deputado\\\/bancada-do-pt-viabiliza-72-milhoes-para-mobilidade-em-campo-grande\\\/\"]}]},{\"@type\":\"ImageObject\",\"inLanguage\":\"pt-BR\",\"@id\":\"https:\\\/\\\/vanderloubet.com.br\\\/deputado\\\/bancada-do-pt-viabiliza-72-milhoes-para-mobilidade-em-campo-grande\\\/#primaryimage\",\"url\":\"https:\\\/\\\/vanderloubet.com.br\\\/deputado\\\/wp-content\\\/uploads\\\/2015\\\/05\\\/foto-2014-03-13-anuncio-pac2-mobilidade.jpg\",\"contentUrl\":\"https:\\\/\\\/vanderloubet.com.br\\\/deputado\\\/wp-content\\\/uploads\\\/2015\\\/05\\\/foto-2014-03-13-anuncio-pac2-mobilidade.jpg\",\"width\":1200,\"height\":720,\"caption\":\"Dilma durante o an\u00fancio dos investimentos em mobilidade urbana do PAC 2\"},{\"@type\":\"BreadcrumbList\",\"@id\":\"https:\\\/\\\/vanderloubet.com.br\\\/deputado\\\/bancada-do-pt-viabiliza-72-milhoes-para-mobilidade-em-campo-grande\\\/#breadcrumb\",\"itemListElement\":[{\"@type\":\"ListItem\",\"position\":1,\"name\":\"In\u00edcio\",\"item\":\"https:\\\/\\\/vanderloubet.com.br\\\/deputado\\\/\"},{\"@type\":\"ListItem\",\"position\":2,\"name\":\"Bancada do PT viabiliza R$ 72,8 milh\u00f5es para mobilidade em Campo Grande\"}]},{\"@type\":\"WebSite\",\"@id\":\"https:\\\/\\\/vanderloubet.com.br\\\/deputado\\\/#website\",\"url\":\"https:\\\/\\\/vanderloubet.com.br\\\/deputado\\\/\",\"name\":\"Deputado Federal Vander Loubet\",\"description\":\"O Federal de MS\",\"publisher\":{\"@id\":\"https:\\\/\\\/vanderloubet.com.br\\\/deputado\\\/#organization\"},\"alternateName\":\"Deputado Vander\",\"potentialAction\":[{\"@type\":\"SearchAction\",\"target\":{\"@type\":\"EntryPoint\",\"urlTemplate\":\"https:\\\/\\\/vanderloubet.com.br\\\/deputado\\\/?s={search_term_string}\"},\"query-input\":{\"@type\":\"PropertyValueSpecification\",\"valueRequired\":true,\"valueName\":\"search_term_string\"}}],\"inLanguage\":\"pt-BR\"},{\"@type\":\"Organization\",\"@id\":\"https:\\\/\\\/vanderloubet.com.br\\\/deputado\\\/#organization\",\"name\":\"Deputado Federal Vander Loubet\",\"alternateName\":\"Deputado Vander\",\"url\":\"https:\\\/\\\/vanderloubet.com.br\\\/deputado\\\/\",\"logo\":{\"@type\":\"ImageObject\",\"inLanguage\":\"pt-BR\",\"@id\":\"https:\\\/\\\/vanderloubet.com.br\\\/deputado\\\/#\\\/schema\\\/logo\\\/image\\\/\",\"url\":\"https:\\\/\\\/vanderloubet.com.br\\\/deputado\\\/wp-content\\\/uploads\\\/2023\\\/06\\\/foto-2023-06-19-mandato-deputado-vander.jpg\",\"contentUrl\":\"https:\\\/\\\/vanderloubet.com.br\\\/deputado\\\/wp-content\\\/uploads\\\/2023\\\/06\\\/foto-2023-06-19-mandato-deputado-vander.jpg\",\"width\":1080,\"height\":1080,\"caption\":\"Deputado Federal Vander Loubet\"},\"image\":{\"@id\":\"https:\\\/\\\/vanderloubet.com.br\\\/deputado\\\/#\\\/schema\\\/logo\\\/image\\\/\"},\"sameAs\":[\"https:\\\/\\\/facebook.com\\\/deputadovander\",\"https:\\\/\\\/x.com\\\/vanderloubet\",\"https:\\\/\\\/instagram.com\\\/vanderloubet\",\"https:\\\/\\\/youtube.com\\\/vanderloubet\",\"https:\\\/\\\/tiktok.com\\\/@vanderloubetms\"]},{\"@type\":\"Person\",\"@id\":\"https:\\\/\\\/vanderloubet.com.br\\\/deputado\\\/#\\\/schema\\\/person\\\/15b51bd564532a8a68d9dec1b8eb890e\",\"name\":\"\u00c9der\",\"image\":{\"@type\":\"ImageObject\",\"inLanguage\":\"pt-BR\",\"@id\":\"https:\\\/\\\/vanderloubet.com.br\\\/deputado\\\/wp-content\\\/litespeed\\\/avatar\\\/88ca4090d9d5ab1c9495f6ca03b68efa.jpg?ver=1777058957\",\"url\":\"https:\\\/\\\/vanderloubet.com.br\\\/deputado\\\/wp-content\\\/litespeed\\\/avatar\\\/88ca4090d9d5ab1c9495f6ca03b68efa.jpg?ver=1777058957\",\"contentUrl\":\"https:\\\/\\\/vanderloubet.com.br\\\/deputado\\\/wp-content\\\/litespeed\\\/avatar\\\/88ca4090d9d5ab1c9495f6ca03b68efa.jpg?ver=1777058957\",\"caption\":\"\u00c9der\"}}]}<\/script>\n<!-- \/ Yoast SEO plugin. -->","yoast_head_json":{"title":"Bancada do PT viabiliza R$ 72,8 milh\u00f5es para mobilidade em Campo Grande","robots":{"index":"index","follow":"follow","max-snippet":"max-snippet:-1","max-image-preview":"max-image-preview:large","max-video-preview":"max-video-preview:-1"},"canonical":"https:\/\/vanderloubet.com.br\/deputado\/bancada-do-pt-viabiliza-72-milhoes-para-mobilidade-em-campo-grande\/","og_locale":"pt_BR","og_type":"article","og_title":"Bancada do PT viabiliza R$ 72,8 milh\u00f5es para mobilidade em Campo Grande","og_description":"A Capital teve oito projetos contemplados. Sete deles s\u00e3o para investimentos na cria\u00e7\u00e3o de corredores de transporte coletivo.","og_url":"https:\/\/vanderloubet.com.br\/deputado\/bancada-do-pt-viabiliza-72-milhoes-para-mobilidade-em-campo-grande\/","og_site_name":"Deputado Federal Vander Loubet","article_publisher":"https:\/\/facebook.com\/deputadovander","article_published_time":"2014-03-13T18:00:40+00:00","article_modified_time":"2015-05-26T03:16:25+00:00","og_image":[{"width":1200,"height":720,"url":"https:\/\/vanderloubet.com.br\/deputado\/wp-content\/uploads\/2015\/05\/foto-2014-03-13-anuncio-pac2-mobilidade.jpg","type":"image\/jpeg"}],"author":"\u00c9der","twitter_card":"summary_large_image","twitter_creator":"@vanderloubet","twitter_site":"@vanderloubet","schema":{"@context":"https:\/\/schema.org","@graph":[{"@type":"Article","@id":"https:\/\/vanderloubet.com.br\/deputado\/bancada-do-pt-viabiliza-72-milhoes-para-mobilidade-em-campo-grande\/#article","isPartOf":{"@id":"https:\/\/vanderloubet.com.br\/deputado\/bancada-do-pt-viabiliza-72-milhoes-para-mobilidade-em-campo-grande\/"},"author":{"name":"\u00c9der","@id":"https:\/\/vanderloubet.com.br\/deputado\/#\/schema\/person\/15b51bd564532a8a68d9dec1b8eb890e"},"headline":"Bancada do PT viabiliza R$ 72,8 milh\u00f5es para mobilidade em Campo Grande","datePublished":"2014-03-13T18:00:40+00:00","dateModified":"2015-05-26T03:16:25+00:00","mainEntityOfPage":{"@id":"https:\/\/vanderloubet.com.br\/deputado\/bancada-do-pt-viabiliza-72-milhoes-para-mobilidade-em-campo-grande\/"},"wordCount":685,"publisher":{"@id":"https:\/\/vanderloubet.com.br\/deputado\/#organization"},"image":{"@id":"https:\/\/vanderloubet.com.br\/deputado\/bancada-do-pt-viabiliza-72-milhoes-para-mobilidade-em-campo-grande\/#primaryimage"},"thumbnailUrl":"https:\/\/vanderloubet.com.br\/deputado\/wp-content\/uploads\/2015\/05\/foto-2014-03-13-anuncio-pac2-mobilidade.jpg","keywords":["mobilidade urbana","pac 2","transporte coletivo"],"articleSection":["Munic\u00edpios","Not\u00edcias"],"inLanguage":"pt-BR"},{"@type":"WebPage","@id":"https:\/\/vanderloubet.com.br\/deputado\/bancada-do-pt-viabiliza-72-milhoes-para-mobilidade-em-campo-grande\/","url":"https:\/\/vanderloubet.com.br\/deputado\/bancada-do-pt-viabiliza-72-milhoes-para-mobilidade-em-campo-grande\/","name":"Bancada do PT viabiliza R$ 72,8 milh\u00f5es para mobilidade em Campo Grande","isPartOf":{"@id":"https:\/\/vanderloubet.com.br\/deputado\/#website"},"primaryImageOfPage":{"@id":"https:\/\/vanderloubet.com.br\/deputado\/bancada-do-pt-viabiliza-72-milhoes-para-mobilidade-em-campo-grande\/#primaryimage"},"image":{"@id":"https:\/\/vanderloubet.com.br\/deputado\/bancada-do-pt-viabiliza-72-milhoes-para-mobilidade-em-campo-grande\/#primaryimage"},"thumbnailUrl":"https:\/\/vanderloubet.com.br\/deputado\/wp-content\/uploads\/2015\/05\/foto-2014-03-13-anuncio-pac2-mobilidade.jpg","datePublished":"2014-03-13T18:00:40+00:00","dateModified":"2015-05-26T03:16:25+00:00","breadcrumb":{"@id":"https:\/\/vanderloubet.com.br\/deputado\/bancada-do-pt-viabiliza-72-milhoes-para-mobilidade-em-campo-grande\/#breadcrumb"},"inLanguage":"pt-BR","potentialAction":[{"@type":"ReadAction","target":["https:\/\/vanderloubet.com.br\/deputado\/bancada-do-pt-viabiliza-72-milhoes-para-mobilidade-em-campo-grande\/"]}]},{"@type":"ImageObject","inLanguage":"pt-BR","@id":"https:\/\/vanderloubet.com.br\/deputado\/bancada-do-pt-viabiliza-72-milhoes-para-mobilidade-em-campo-grande\/#primaryimage","url":"https:\/\/vanderloubet.com.br\/deputado\/wp-content\/uploads\/2015\/05\/foto-2014-03-13-anuncio-pac2-mobilidade.jpg","contentUrl":"https:\/\/vanderloubet.com.br\/deputado\/wp-content\/uploads\/2015\/05\/foto-2014-03-13-anuncio-pac2-mobilidade.jpg","width":1200,"height":720,"caption":"Dilma durante o an\u00fancio dos investimentos em mobilidade urbana do PAC 2"},{"@type":"BreadcrumbList","@id":"https:\/\/vanderloubet.com.br\/deputado\/bancada-do-pt-viabiliza-72-milhoes-para-mobilidade-em-campo-grande\/#breadcrumb","itemListElement":[{"@type":"ListItem","position":1,"name":"In\u00edcio","item":"https:\/\/vanderloubet.com.br\/deputado\/"},{"@type":"ListItem","position":2,"name":"Bancada do PT viabiliza R$ 72,8 milh\u00f5es para mobilidade em Campo Grande"}]},{"@type":"WebSite","@id":"https:\/\/vanderloubet.com.br\/deputado\/#website","url":"https:\/\/vanderloubet.com.br\/deputado\/","name":"Deputado Federal Vander Loubet","description":"O Federal de MS","publisher":{"@id":"https:\/\/vanderloubet.com.br\/deputado\/#organization"},"alternateName":"Deputado Vander","potentialAction":[{"@type":"SearchAction","target":{"@type":"EntryPoint","urlTemplate":"https:\/\/vanderloubet.com.br\/deputado\/?s={search_term_string}"},"query-input":{"@type":"PropertyValueSpecification","valueRequired":true,"valueName":"search_term_string"}}],"inLanguage":"pt-BR"},{"@type":"Organization","@id":"https:\/\/vanderloubet.com.br\/deputado\/#organization","name":"Deputado Federal Vander Loubet","alternateName":"Deputado Vander","url":"https:\/\/vanderloubet.com.br\/deputado\/","logo":{"@type":"ImageObject","inLanguage":"pt-BR","@id":"https:\/\/vanderloubet.com.br\/deputado\/#\/schema\/logo\/image\/","url":"https:\/\/vanderloubet.com.br\/deputado\/wp-content\/uploads\/2023\/06\/foto-2023-06-19-mandato-deputado-vander.jpg","contentUrl":"https:\/\/vanderloubet.com.br\/deputado\/wp-content\/uploads\/2023\/06\/foto-2023-06-19-mandato-deputado-vander.jpg","width":1080,"height":1080,"caption":"Deputado Federal Vander Loubet"},"image":{"@id":"https:\/\/vanderloubet.com.br\/deputado\/#\/schema\/logo\/image\/"},"sameAs":["https:\/\/facebook.com\/deputadovander","https:\/\/x.com\/vanderloubet","https:\/\/instagram.com\/vanderloubet","https:\/\/youtube.com\/vanderloubet","https:\/\/tiktok.com\/@vanderloubetms"]},{"@type":"Person","@id":"https:\/\/vanderloubet.com.br\/deputado\/#\/schema\/person\/15b51bd564532a8a68d9dec1b8eb890e","name":"\u00c9der","image":{"@type":"ImageObject","inLanguage":"pt-BR","@id":"https:\/\/vanderloubet.com.br\/deputado\/wp-content\/litespeed\/avatar\/88ca4090d9d5ab1c9495f6ca03b68efa.jpg?ver=1777058957","url":"https:\/\/vanderloubet.com.br\/deputado\/wp-content\/litespeed\/avatar\/88ca4090d9d5ab1c9495f6ca03b68efa.jpg?ver=1777058957","contentUrl":"https:\/\/vanderloubet.com.br\/deputado\/wp-content\/litespeed\/avatar\/88ca4090d9d5ab1c9495f6ca03b68efa.jpg?ver=1777058957","caption":"\u00c9der"}}]}},"jetpack_featured_media_url":"https:\/\/vanderloubet.com.br\/deputado\/wp-content\/uploads\/2015\/05\/foto-2014-03-13-anuncio-pac2-mobilidade.jpg","jetpack_sharing_enabled":true,"_links":{"self":[{"href":"https:\/\/vanderloubet.com.br\/deputado\/wp-json\/wp\/v2\/posts\/9704","targetHints":{"allow":["GET"]}}],"collection":[{"href":"https:\/\/vanderloubet.com.br\/deputado\/wp-json\/wp\/v2\/posts"}],"about":[{"href":"https:\/\/vanderloubet.com.br\/deputado\/wp-json\/wp\/v2\/types\/post"}],"author":[{"embeddable":true,"href":"https:\/\/vanderloubet.com.br\/deputado\/wp-json\/wp\/v2\/users\/2"}],"replies":[{"embeddable":true,"href":"https:\/\/vanderloubet.com.br\/deputado\/wp-json\/wp\/v2\/comments?post=9704"}],"version-history":[{"count":0,"href":"https:\/\/vanderloubet.com.br\/deputado\/wp-json\/wp\/v2\/posts\/9704\/revisions"}],"wp:featuredmedia":[{"embeddable":true,"href":"https:\/\/vanderloubet.com.br\/deputado\/wp-json\/wp\/v2\/media\/9705"}],"wp:attachment":[{"href":"https:\/\/vanderloubet.com.br\/deputado\/wp-json\/wp\/v2\/media?parent=9704"}],"wp:term":[{"taxonomy":"category","embeddable":true,"href":"https:\/\/vanderloubet.com.br\/deputado\/wp-json\/wp\/v2\/categories?post=9704"},{"taxonomy":"post_tag","embeddable":true,"href":"https:\/\/vanderloubet.com.br\/deputado\/wp-json\/wp\/v2\/tags?post=9704"}],"curies":[{"name":"wp","href":"https:\/\/api.w.org\/{rel}","templated":true}]}}