{"id":9700,"date":"2014-03-17T08:00:42","date_gmt":"2014-03-17T11:00:42","guid":{"rendered":"http:\/\/vanderloubet.com.br\/deputado\/?p=9700"},"modified":"2015-05-26T00:25:39","modified_gmt":"2015-05-26T03:25:39","slug":"concessao-da-br-163-mais-seguranca-e-competitividade-para-ms","status":"publish","type":"post","link":"https:\/\/vanderloubet.com.br\/deputado\/concessao-da-br-163-mais-seguranca-e-competitividade-para-ms\/","title":{"rendered":"Concess\u00e3o da BR-163: mais seguran\u00e7a e competitividade para MS"},"content":{"rendered":"\r\n                <style type=\"text\/css\">\r\n                    \r\n                    #tdi_1  .td-doubleSlider-2 .td-item1 {\r\n                        background: url(https:\/\/vanderloubet.com.br\/deputado\/wp-content\/uploads\/2014\/03\/foto-2014-03-17-vander-loubet-dilma-rousseff-80x60.jpg) 0 0 no-repeat;\r\n                    }\r\n                    #tdi_1  .td-doubleSlider-2 .td-item2 {\r\n                        background: url(https:\/\/vanderloubet.com.br\/deputado\/wp-content\/uploads\/2015\/05\/foto-2014-03-17-raiox-concessao-br163-80x60.jpg) 0 0 no-repeat;\r\n                    }\r\n                <\/style>\r\n\r\n                <div id=\"tdi_1\" class=\"td-gallery td-slide-on-2-columns\">\r\n                    <div class=\"post_td_gallery\">\r\n                        <div class=\"td-gallery-slide-top\">\r\n                           <div class=\"td-gallery-title\"><\/div>\r\n\r\n                            <div class=\"td-gallery-controls-wrapper\">\r\n                                <div class=\"td-gallery-slide-count\"><span class=\"td-gallery-slide-item-focus\">1<\/span> de 2<\/div>\r\n                                <div class=\"td-gallery-slide-prev-next-but\">\r\n                                    <i class = \"td-icon-left doubleSliderPrevButton\"><\/i>\r\n                                    <i class = \"td-icon-right doubleSliderNextButton\"><\/i>\r\n                                <\/div>\r\n                            <\/div>\r\n                        <\/div>\r\n\r\n                        <div class = \"td-doubleSlider-1 \">\r\n                            <div class = \"td-slider\">\r\n                                \r\n                    <div class = \"td-slide-item td-item1\">\r\n                        <figure class=\"td-slide-galery-figure td-slide-popup-gallery\">\r\n                            <a class=\"slide-gallery-image-link\" href=\"https:\/\/vanderloubet.com.br\/deputado\/wp-content\/uploads\/2014\/03\/foto-2014-03-17-vander-loubet-dilma-rousseff.jpg\" title=\"Deputado Vander ao lado da presidenta Dilma ap\u00f3s a assinatura do contrato\"  data-caption=\"\"  data-description=\"Deputado Vander ao lado da presidenta Dilma ap&oacute;s a assinatura do contrato\">\r\n                                <img decoding=\"async\" src=\"https:\/\/vanderloubet.com.br\/deputado\/wp-content\/uploads\/2014\/03\/foto-2014-03-17-vander-loubet-dilma-rousseff-560x420.jpg\" srcset=\"https:\/\/vanderloubet.com.br\/deputado\/wp-content\/uploads\/2014\/03\/foto-2014-03-17-vander-loubet-dilma-rousseff-560x420.jpg 560w, https:\/\/vanderloubet.com.br\/deputado\/wp-content\/uploads\/2014\/03\/foto-2014-03-17-vander-loubet-dilma-rousseff-350x263.jpg 350w, https:\/\/vanderloubet.com.br\/deputado\/wp-content\/uploads\/2014\/03\/foto-2014-03-17-vander-loubet-dilma-rousseff-768x576.jpg 768w, https:\/\/vanderloubet.com.br\/deputado\/wp-content\/uploads\/2014\/03\/foto-2014-03-17-vander-loubet-dilma-rousseff-700x525.jpg 700w, https:\/\/vanderloubet.com.br\/deputado\/wp-content\/uploads\/2014\/03\/foto-2014-03-17-vander-loubet-dilma-rousseff-80x60.jpg 80w, https:\/\/vanderloubet.com.br\/deputado\/wp-content\/uploads\/2014\/03\/foto-2014-03-17-vander-loubet-dilma-rousseff-696x522.jpg 696w, https:\/\/vanderloubet.com.br\/deputado\/wp-content\/uploads\/2014\/03\/foto-2014-03-17-vander-loubet-dilma-rousseff-1068x801.jpg 1068w, https:\/\/vanderloubet.com.br\/deputado\/wp-content\/uploads\/2014\/03\/foto-2014-03-17-vander-loubet-dilma-rousseff-265x198.jpg 265w, https:\/\/vanderloubet.com.br\/deputado\/wp-content\/uploads\/2014\/03\/foto-2014-03-17-vander-loubet-dilma-rousseff.jpg 1200w\" sizes=\"(max-width: 560px) 100vw, 560px\" alt=\"Deputado Vander ao lado da presidenta Dilma ap&oacute;s a assinatura do contrato\">\r\n                            <\/a>\r\n                            <figcaption class = \"td-slide-caption td-gallery-slide-content\"><span>Deputado Vander ao lado da presidenta Dilma ap\u00f3s a assinatura do contrato<\/span><\/figcaption>\r\n                        <\/figure>\r\n                    <\/div>\r\n                    <div class = \"td-slide-item td-item2\">\r\n                        <figure class=\"td-slide-galery-figure td-slide-popup-gallery\">\r\n                            <a class=\"slide-gallery-image-link\" href=\"https:\/\/vanderloubet.com.br\/deputado\/wp-content\/uploads\/2015\/05\/foto-2014-03-17-raiox-concessao-br163.jpg\" title=\"Quadro com os principais n\u00fameros relacionados \u00e0 concess\u00e3o da BR-163\"  data-caption=\"\"  data-description=\"Quadro com os principais n&uacute;meros relacionados &agrave; concess&atilde;o da BR-163\">\r\n                                <img decoding=\"async\" src=\"https:\/\/vanderloubet.com.br\/deputado\/wp-content\/uploads\/2015\/05\/foto-2014-03-17-raiox-concessao-br163-560x420.jpg\" srcset=\"https:\/\/vanderloubet.com.br\/deputado\/wp-content\/uploads\/2015\/05\/foto-2014-03-17-raiox-concessao-br163-560x420.jpg 560w, https:\/\/vanderloubet.com.br\/deputado\/wp-content\/uploads\/2015\/05\/foto-2014-03-17-raiox-concessao-br163-350x263.jpg 350w, https:\/\/vanderloubet.com.br\/deputado\/wp-content\/uploads\/2015\/05\/foto-2014-03-17-raiox-concessao-br163-768x576.jpg 768w, https:\/\/vanderloubet.com.br\/deputado\/wp-content\/uploads\/2015\/05\/foto-2014-03-17-raiox-concessao-br163-700x525.jpg 700w, https:\/\/vanderloubet.com.br\/deputado\/wp-content\/uploads\/2015\/05\/foto-2014-03-17-raiox-concessao-br163-80x60.jpg 80w, https:\/\/vanderloubet.com.br\/deputado\/wp-content\/uploads\/2015\/05\/foto-2014-03-17-raiox-concessao-br163-696x522.jpg 696w, https:\/\/vanderloubet.com.br\/deputado\/wp-content\/uploads\/2015\/05\/foto-2014-03-17-raiox-concessao-br163-1068x801.jpg 1068w, https:\/\/vanderloubet.com.br\/deputado\/wp-content\/uploads\/2015\/05\/foto-2014-03-17-raiox-concessao-br163-265x198.jpg 265w, https:\/\/vanderloubet.com.br\/deputado\/wp-content\/uploads\/2015\/05\/foto-2014-03-17-raiox-concessao-br163.jpg 1200w\" sizes=\"(max-width: 560px) 100vw, 560px\" alt=\"Quadro com os principais n&uacute;meros relacionados &agrave; concess&atilde;o da BR-163\">\r\n                            <\/a>\r\n                            <figcaption class = \"td-slide-caption td-gallery-slide-content\"><span>Quadro com os principais n\u00fameros relacionados \u00e0 concess\u00e3o da BR-163<\/span><\/figcaption>\r\n                        <\/figure>\r\n                    <\/div>\r\n                            <\/div>\r\n                        <\/div>\r\n\r\n                        <div class = \"td-doubleSlider-2\">\r\n                            <div class = \"td-slider\">\r\n                                \r\n                    <div class = \"td-button td-item1\">\r\n                        <div class = \"td-border\"><\/div>\r\n                    <\/div>\r\n                    <div class = \"td-button td-item2\">\r\n                        <div class = \"td-border\"><\/div>\r\n                    <\/div>\r\n                            <\/div>\r\n                        <\/div>\r\n\r\n                    <\/div>\r\n\r\n                <\/div>\r\n                \n<p>No dia 17 de dezembro de 2013, o governo federal realizou o leil\u00e3o de concess\u00e3o da BR-163 em Mato Grosso do Sul. O leil\u00e3o foi vencido pela Companhia de Concess\u00f5es Rodovi\u00e1rias (CCR), que administra rodovias no Paran\u00e1, Rio de Janeiro e S\u00e3o Paulo. Na quarta-feira passada (12), em cerim\u00f4nia no Pal\u00e1cio do Planalto, em Bras\u00edlia, a presidenta Dilma Rousseff assinou o contrato com a CCR, que batizou a nova concess\u00e3o de MSVia.<\/p>\n<p>Para o deputado federal Vander Loubet (PT-MS), que esteve presente \u00e0 cerim\u00f4nia e que acompanhou todas as audi\u00eancias p\u00fablicas da Ag\u00eancia Nacional de Transportes Terrestres (ANTT) sobre o tema no estado, o grande \u00eaxito da concess\u00e3o ser\u00e3o as melhorias na estrada. \u201cEssas obras v\u00e3o salvar vidas\u201d, destacou o parlamentar.<\/p>\n<p>Uma <a href=\"http:\/\/g1.globo.com\/mato-grosso\/agrodebate\/noticia\/2013\/12\/leilao-da-br-163-tera-impacto-positivo-dizem-entidades-em-ms.html\" target=\"_blank\">reportagem do portal G1<\/a> publicada logo ap\u00f3s o leil\u00e3o mostrou que entidades representativas do agroneg\u00f3cio e da ind\u00fastria consideram que a concess\u00e3o ter\u00e1 impacto positivo para MS. De acordo com a Associa\u00e7\u00e3o dos Produtores de Soja (Aprosoja-MS), os benef\u00edcios da concess\u00e3o v\u00e3o predominar em rela\u00e7\u00e3o aos novos custos. \u201cO impacto da concess\u00e3o ser\u00e1 positivo se levado em considera\u00e7\u00e3o a agilidade do escoamento e a conserva\u00e7\u00e3o das estradas\u201d, frisou o presidente da entidade, Almir Dalpasquale, referindo-se \u00e0s melhores condi\u00e7\u00f5es de tr\u00e1fego, economia de combust\u00edvel e durabilidade dos pneus e motores.<\/p>\n<p>O presidente da Federa\u00e7\u00e3o das Ind\u00fastrias (Fiems), S\u00e9rgio Longen, tamb\u00e9m considerou o leil\u00e3o um avan\u00e7o. \u201cO setor produtivo s\u00f3 tem a ganhar com a melhoria da malha rodovi\u00e1ria. Hoje, em decorr\u00eancia do excesso de buracos na rodovia, o desgaste dos caminh\u00f5es \u00e9 muito grande e isso reflete no custo do frete para escoar a nossa produ\u00e7\u00e3o. Por isso, \u00e9 muito melhor rodar em uma rodovia com ped\u00e1gio, por\u00e9m com seguran\u00e7a, do que uma sem ped\u00e1gio, mas repleta de riscos\u201d, afirmou.<\/p>\n<p><em>(\u00c9der Yanaguita &#8211; Ascom\/Deputado Vander)<\/em><\/p>\n","protected":false},"excerpt":{"rendered":"<p>Para o deputado Vander, o grande \u00eaxito da concess\u00e3o ser\u00e3o as melhorias na estrada. \u201cEssas obras v\u00e3o salvar vidas\u201d, destacou o parlamentar.<\/p>\n","protected":false},"author":2,"featured_media":9713,"comment_status":"closed","ping_status":"closed","sticky":false,"template":"","format":"standard","meta":{"jetpack_post_was_ever_published":false,"_jetpack_newsletter_access":"","_jetpack_dont_email_post_to_subs":false,"_jetpack_newsletter_tier_id":0,"_jetpack_memberships_contains_paywalled_content":false,"_jetpack_memberships_contains_paid_content":false,"footnotes":""},"categories":[2099,10],"tags":[493,1742],"class_list":{"0":"post-9700","1":"post","2":"type-post","3":"status-publish","4":"format-standard","5":"has-post-thumbnail","7":"category-ms-noticias","8":"category-noticias","9":"tag-concessao","10":"tag-rodovia"},"yoast_head":"<!-- This site is optimized with the Yoast SEO plugin v27.4 - https:\/\/yoast.com\/product\/yoast-seo-wordpress\/ -->\n<title>Concess\u00e3o da BR-163: mais seguran\u00e7a e competitividade para MS<\/title>\n<meta name=\"robots\" content=\"index, follow, max-snippet:-1, max-image-preview:large, max-video-preview:-1\" \/>\n<link rel=\"canonical\" href=\"https:\/\/vanderloubet.com.br\/deputado\/concessao-da-br-163-mais-seguranca-e-competitividade-para-ms\/\" \/>\n<meta property=\"og:locale\" content=\"pt_BR\" \/>\n<meta property=\"og:type\" content=\"article\" \/>\n<meta property=\"og:title\" content=\"Concess\u00e3o da BR-163: mais seguran\u00e7a e competitividade para MS\" \/>\n<meta property=\"og:description\" content=\"Para o deputado Vander, o grande \u00eaxito da concess\u00e3o ser\u00e3o as melhorias na estrada. \u201cEssas obras v\u00e3o salvar vidas\u201d, destacou o parlamentar.\" \/>\n<meta property=\"og:url\" content=\"https:\/\/vanderloubet.com.br\/deputado\/concessao-da-br-163-mais-seguranca-e-competitividade-para-ms\/\" \/>\n<meta property=\"og:site_name\" content=\"Deputado Federal Vander Loubet\" \/>\n<meta property=\"article:publisher\" content=\"https:\/\/facebook.com\/deputadovander\" \/>\n<meta property=\"article:published_time\" content=\"2014-03-17T11:00:42+00:00\" \/>\n<meta property=\"article:modified_time\" content=\"2015-05-26T03:25:39+00:00\" \/>\n<meta property=\"og:image\" content=\"https:\/\/vanderloubet.com.br\/deputado\/wp-content\/uploads\/2014\/03\/foto-2014-03-17-vander-loubet-dilma-rousseff.jpg\" \/>\n\t<meta property=\"og:image:width\" content=\"1200\" \/>\n\t<meta property=\"og:image:height\" content=\"900\" \/>\n\t<meta property=\"og:image:type\" content=\"image\/jpeg\" \/>\n<meta name=\"author\" content=\"\u00c9der\" \/>\n<meta name=\"twitter:card\" content=\"summary_large_image\" \/>\n<meta name=\"twitter:creator\" content=\"@vanderloubet\" \/>\n<meta name=\"twitter:site\" content=\"@vanderloubet\" \/>\n<script type=\"application\/ld+json\" class=\"yoast-schema-graph\">{\"@context\":\"https:\\\/\\\/schema.org\",\"@graph\":[{\"@type\":\"Article\",\"@id\":\"https:\\\/\\\/vanderloubet.com.br\\\/deputado\\\/concessao-da-br-163-mais-seguranca-e-competitividade-para-ms\\\/#article\",\"isPartOf\":{\"@id\":\"https:\\\/\\\/vanderloubet.com.br\\\/deputado\\\/concessao-da-br-163-mais-seguranca-e-competitividade-para-ms\\\/\"},\"author\":{\"name\":\"\u00c9der\",\"@id\":\"https:\\\/\\\/vanderloubet.com.br\\\/deputado\\\/#\\\/schema\\\/person\\\/15b51bd564532a8a68d9dec1b8eb890e\"},\"headline\":\"Concess\u00e3o da BR-163: mais seguran\u00e7a e competitividade para MS\",\"datePublished\":\"2014-03-17T11:00:42+00:00\",\"dateModified\":\"2015-05-26T03:25:39+00:00\",\"mainEntityOfPage\":{\"@id\":\"https:\\\/\\\/vanderloubet.com.br\\\/deputado\\\/concessao-da-br-163-mais-seguranca-e-competitividade-para-ms\\\/\"},\"wordCount\":358,\"publisher\":{\"@id\":\"https:\\\/\\\/vanderloubet.com.br\\\/deputado\\\/#organization\"},\"image\":{\"@id\":\"https:\\\/\\\/vanderloubet.com.br\\\/deputado\\\/concessao-da-br-163-mais-seguranca-e-competitividade-para-ms\\\/#primaryimage\"},\"thumbnailUrl\":\"https:\\\/\\\/vanderloubet.com.br\\\/deputado\\\/wp-content\\\/uploads\\\/2014\\\/03\\\/foto-2014-03-17-vander-loubet-dilma-rousseff.jpg\",\"keywords\":[\"concess\u00e3o\",\"rodovia\"],\"articleSection\":[\"Mato Grosso do Sul\",\"Not\u00edcias\"],\"inLanguage\":\"pt-BR\"},{\"@type\":\"WebPage\",\"@id\":\"https:\\\/\\\/vanderloubet.com.br\\\/deputado\\\/concessao-da-br-163-mais-seguranca-e-competitividade-para-ms\\\/\",\"url\":\"https:\\\/\\\/vanderloubet.com.br\\\/deputado\\\/concessao-da-br-163-mais-seguranca-e-competitividade-para-ms\\\/\",\"name\":\"Concess\u00e3o da BR-163: mais seguran\u00e7a e competitividade para MS\",\"isPartOf\":{\"@id\":\"https:\\\/\\\/vanderloubet.com.br\\\/deputado\\\/#website\"},\"primaryImageOfPage\":{\"@id\":\"https:\\\/\\\/vanderloubet.com.br\\\/deputado\\\/concessao-da-br-163-mais-seguranca-e-competitividade-para-ms\\\/#primaryimage\"},\"image\":{\"@id\":\"https:\\\/\\\/vanderloubet.com.br\\\/deputado\\\/concessao-da-br-163-mais-seguranca-e-competitividade-para-ms\\\/#primaryimage\"},\"thumbnailUrl\":\"https:\\\/\\\/vanderloubet.com.br\\\/deputado\\\/wp-content\\\/uploads\\\/2014\\\/03\\\/foto-2014-03-17-vander-loubet-dilma-rousseff.jpg\",\"datePublished\":\"2014-03-17T11:00:42+00:00\",\"dateModified\":\"2015-05-26T03:25:39+00:00\",\"breadcrumb\":{\"@id\":\"https:\\\/\\\/vanderloubet.com.br\\\/deputado\\\/concessao-da-br-163-mais-seguranca-e-competitividade-para-ms\\\/#breadcrumb\"},\"inLanguage\":\"pt-BR\",\"potentialAction\":[{\"@type\":\"ReadAction\",\"target\":[\"https:\\\/\\\/vanderloubet.com.br\\\/deputado\\\/concessao-da-br-163-mais-seguranca-e-competitividade-para-ms\\\/\"]}]},{\"@type\":\"ImageObject\",\"inLanguage\":\"pt-BR\",\"@id\":\"https:\\\/\\\/vanderloubet.com.br\\\/deputado\\\/concessao-da-br-163-mais-seguranca-e-competitividade-para-ms\\\/#primaryimage\",\"url\":\"https:\\\/\\\/vanderloubet.com.br\\\/deputado\\\/wp-content\\\/uploads\\\/2014\\\/03\\\/foto-2014-03-17-vander-loubet-dilma-rousseff.jpg\",\"contentUrl\":\"https:\\\/\\\/vanderloubet.com.br\\\/deputado\\\/wp-content\\\/uploads\\\/2014\\\/03\\\/foto-2014-03-17-vander-loubet-dilma-rousseff.jpg\",\"width\":1200,\"height\":900,\"caption\":\"Deputado Vander ao lado da presidenta Dilma ap\u00f3s a assinatura do contrato\"},{\"@type\":\"BreadcrumbList\",\"@id\":\"https:\\\/\\\/vanderloubet.com.br\\\/deputado\\\/concessao-da-br-163-mais-seguranca-e-competitividade-para-ms\\\/#breadcrumb\",\"itemListElement\":[{\"@type\":\"ListItem\",\"position\":1,\"name\":\"In\u00edcio\",\"item\":\"https:\\\/\\\/vanderloubet.com.br\\\/deputado\\\/\"},{\"@type\":\"ListItem\",\"position\":2,\"name\":\"Concess\u00e3o da BR-163: mais seguran\u00e7a e competitividade para MS\"}]},{\"@type\":\"WebSite\",\"@id\":\"https:\\\/\\\/vanderloubet.com.br\\\/deputado\\\/#website\",\"url\":\"https:\\\/\\\/vanderloubet.com.br\\\/deputado\\\/\",\"name\":\"Deputado Federal Vander Loubet\",\"description\":\"O Federal de MS\",\"publisher\":{\"@id\":\"https:\\\/\\\/vanderloubet.com.br\\\/deputado\\\/#organization\"},\"alternateName\":\"Deputado Vander\",\"potentialAction\":[{\"@type\":\"SearchAction\",\"target\":{\"@type\":\"EntryPoint\",\"urlTemplate\":\"https:\\\/\\\/vanderloubet.com.br\\\/deputado\\\/?s={search_term_string}\"},\"query-input\":{\"@type\":\"PropertyValueSpecification\",\"valueRequired\":true,\"valueName\":\"search_term_string\"}}],\"inLanguage\":\"pt-BR\"},{\"@type\":\"Organization\",\"@id\":\"https:\\\/\\\/vanderloubet.com.br\\\/deputado\\\/#organization\",\"name\":\"Deputado Federal Vander Loubet\",\"alternateName\":\"Deputado Vander\",\"url\":\"https:\\\/\\\/vanderloubet.com.br\\\/deputado\\\/\",\"logo\":{\"@type\":\"ImageObject\",\"inLanguage\":\"pt-BR\",\"@id\":\"https:\\\/\\\/vanderloubet.com.br\\\/deputado\\\/#\\\/schema\\\/logo\\\/image\\\/\",\"url\":\"https:\\\/\\\/vanderloubet.com.br\\\/deputado\\\/wp-content\\\/uploads\\\/2023\\\/06\\\/foto-2023-06-19-mandato-deputado-vander.jpg\",\"contentUrl\":\"https:\\\/\\\/vanderloubet.com.br\\\/deputado\\\/wp-content\\\/uploads\\\/2023\\\/06\\\/foto-2023-06-19-mandato-deputado-vander.jpg\",\"width\":1080,\"height\":1080,\"caption\":\"Deputado Federal Vander Loubet\"},\"image\":{\"@id\":\"https:\\\/\\\/vanderloubet.com.br\\\/deputado\\\/#\\\/schema\\\/logo\\\/image\\\/\"},\"sameAs\":[\"https:\\\/\\\/facebook.com\\\/deputadovander\",\"https:\\\/\\\/x.com\\\/vanderloubet\",\"https:\\\/\\\/instagram.com\\\/vanderloubet\",\"https:\\\/\\\/youtube.com\\\/vanderloubet\",\"https:\\\/\\\/tiktok.com\\\/@vanderloubetms\"]},{\"@type\":\"Person\",\"@id\":\"https:\\\/\\\/vanderloubet.com.br\\\/deputado\\\/#\\\/schema\\\/person\\\/15b51bd564532a8a68d9dec1b8eb890e\",\"name\":\"\u00c9der\",\"image\":{\"@type\":\"ImageObject\",\"inLanguage\":\"pt-BR\",\"@id\":\"https:\\\/\\\/vanderloubet.com.br\\\/deputado\\\/wp-content\\\/litespeed\\\/avatar\\\/88ca4090d9d5ab1c9495f6ca03b68efa.jpg?ver=1777058957\",\"url\":\"https:\\\/\\\/vanderloubet.com.br\\\/deputado\\\/wp-content\\\/litespeed\\\/avatar\\\/88ca4090d9d5ab1c9495f6ca03b68efa.jpg?ver=1777058957\",\"contentUrl\":\"https:\\\/\\\/vanderloubet.com.br\\\/deputado\\\/wp-content\\\/litespeed\\\/avatar\\\/88ca4090d9d5ab1c9495f6ca03b68efa.jpg?ver=1777058957\",\"caption\":\"\u00c9der\"}}]}<\/script>\n<!-- \/ Yoast SEO plugin. -->","yoast_head_json":{"title":"Concess\u00e3o da BR-163: mais seguran\u00e7a e competitividade para MS","robots":{"index":"index","follow":"follow","max-snippet":"max-snippet:-1","max-image-preview":"max-image-preview:large","max-video-preview":"max-video-preview:-1"},"canonical":"https:\/\/vanderloubet.com.br\/deputado\/concessao-da-br-163-mais-seguranca-e-competitividade-para-ms\/","og_locale":"pt_BR","og_type":"article","og_title":"Concess\u00e3o da BR-163: mais seguran\u00e7a e competitividade para MS","og_description":"Para o deputado Vander, o grande \u00eaxito da concess\u00e3o ser\u00e3o as melhorias na estrada. \u201cEssas obras v\u00e3o salvar vidas\u201d, destacou o parlamentar.","og_url":"https:\/\/vanderloubet.com.br\/deputado\/concessao-da-br-163-mais-seguranca-e-competitividade-para-ms\/","og_site_name":"Deputado Federal Vander Loubet","article_publisher":"https:\/\/facebook.com\/deputadovander","article_published_time":"2014-03-17T11:00:42+00:00","article_modified_time":"2015-05-26T03:25:39+00:00","og_image":[{"width":1200,"height":900,"url":"https:\/\/vanderloubet.com.br\/deputado\/wp-content\/uploads\/2014\/03\/foto-2014-03-17-vander-loubet-dilma-rousseff.jpg","type":"image\/jpeg"}],"author":"\u00c9der","twitter_card":"summary_large_image","twitter_creator":"@vanderloubet","twitter_site":"@vanderloubet","schema":{"@context":"https:\/\/schema.org","@graph":[{"@type":"Article","@id":"https:\/\/vanderloubet.com.br\/deputado\/concessao-da-br-163-mais-seguranca-e-competitividade-para-ms\/#article","isPartOf":{"@id":"https:\/\/vanderloubet.com.br\/deputado\/concessao-da-br-163-mais-seguranca-e-competitividade-para-ms\/"},"author":{"name":"\u00c9der","@id":"https:\/\/vanderloubet.com.br\/deputado\/#\/schema\/person\/15b51bd564532a8a68d9dec1b8eb890e"},"headline":"Concess\u00e3o da BR-163: mais seguran\u00e7a e competitividade para MS","datePublished":"2014-03-17T11:00:42+00:00","dateModified":"2015-05-26T03:25:39+00:00","mainEntityOfPage":{"@id":"https:\/\/vanderloubet.com.br\/deputado\/concessao-da-br-163-mais-seguranca-e-competitividade-para-ms\/"},"wordCount":358,"publisher":{"@id":"https:\/\/vanderloubet.com.br\/deputado\/#organization"},"image":{"@id":"https:\/\/vanderloubet.com.br\/deputado\/concessao-da-br-163-mais-seguranca-e-competitividade-para-ms\/#primaryimage"},"thumbnailUrl":"https:\/\/vanderloubet.com.br\/deputado\/wp-content\/uploads\/2014\/03\/foto-2014-03-17-vander-loubet-dilma-rousseff.jpg","keywords":["concess\u00e3o","rodovia"],"articleSection":["Mato Grosso do Sul","Not\u00edcias"],"inLanguage":"pt-BR"},{"@type":"WebPage","@id":"https:\/\/vanderloubet.com.br\/deputado\/concessao-da-br-163-mais-seguranca-e-competitividade-para-ms\/","url":"https:\/\/vanderloubet.com.br\/deputado\/concessao-da-br-163-mais-seguranca-e-competitividade-para-ms\/","name":"Concess\u00e3o da BR-163: mais seguran\u00e7a e competitividade para MS","isPartOf":{"@id":"https:\/\/vanderloubet.com.br\/deputado\/#website"},"primaryImageOfPage":{"@id":"https:\/\/vanderloubet.com.br\/deputado\/concessao-da-br-163-mais-seguranca-e-competitividade-para-ms\/#primaryimage"},"image":{"@id":"https:\/\/vanderloubet.com.br\/deputado\/concessao-da-br-163-mais-seguranca-e-competitividade-para-ms\/#primaryimage"},"thumbnailUrl":"https:\/\/vanderloubet.com.br\/deputado\/wp-content\/uploads\/2014\/03\/foto-2014-03-17-vander-loubet-dilma-rousseff.jpg","datePublished":"2014-03-17T11:00:42+00:00","dateModified":"2015-05-26T03:25:39+00:00","breadcrumb":{"@id":"https:\/\/vanderloubet.com.br\/deputado\/concessao-da-br-163-mais-seguranca-e-competitividade-para-ms\/#breadcrumb"},"inLanguage":"pt-BR","potentialAction":[{"@type":"ReadAction","target":["https:\/\/vanderloubet.com.br\/deputado\/concessao-da-br-163-mais-seguranca-e-competitividade-para-ms\/"]}]},{"@type":"ImageObject","inLanguage":"pt-BR","@id":"https:\/\/vanderloubet.com.br\/deputado\/concessao-da-br-163-mais-seguranca-e-competitividade-para-ms\/#primaryimage","url":"https:\/\/vanderloubet.com.br\/deputado\/wp-content\/uploads\/2014\/03\/foto-2014-03-17-vander-loubet-dilma-rousseff.jpg","contentUrl":"https:\/\/vanderloubet.com.br\/deputado\/wp-content\/uploads\/2014\/03\/foto-2014-03-17-vander-loubet-dilma-rousseff.jpg","width":1200,"height":900,"caption":"Deputado Vander ao lado da presidenta Dilma ap\u00f3s a assinatura do contrato"},{"@type":"BreadcrumbList","@id":"https:\/\/vanderloubet.com.br\/deputado\/concessao-da-br-163-mais-seguranca-e-competitividade-para-ms\/#breadcrumb","itemListElement":[{"@type":"ListItem","position":1,"name":"In\u00edcio","item":"https:\/\/vanderloubet.com.br\/deputado\/"},{"@type":"ListItem","position":2,"name":"Concess\u00e3o da BR-163: mais seguran\u00e7a e competitividade para MS"}]},{"@type":"WebSite","@id":"https:\/\/vanderloubet.com.br\/deputado\/#website","url":"https:\/\/vanderloubet.com.br\/deputado\/","name":"Deputado Federal Vander Loubet","description":"O Federal de MS","publisher":{"@id":"https:\/\/vanderloubet.com.br\/deputado\/#organization"},"alternateName":"Deputado Vander","potentialAction":[{"@type":"SearchAction","target":{"@type":"EntryPoint","urlTemplate":"https:\/\/vanderloubet.com.br\/deputado\/?s={search_term_string}"},"query-input":{"@type":"PropertyValueSpecification","valueRequired":true,"valueName":"search_term_string"}}],"inLanguage":"pt-BR"},{"@type":"Organization","@id":"https:\/\/vanderloubet.com.br\/deputado\/#organization","name":"Deputado Federal Vander Loubet","alternateName":"Deputado Vander","url":"https:\/\/vanderloubet.com.br\/deputado\/","logo":{"@type":"ImageObject","inLanguage":"pt-BR","@id":"https:\/\/vanderloubet.com.br\/deputado\/#\/schema\/logo\/image\/","url":"https:\/\/vanderloubet.com.br\/deputado\/wp-content\/uploads\/2023\/06\/foto-2023-06-19-mandato-deputado-vander.jpg","contentUrl":"https:\/\/vanderloubet.com.br\/deputado\/wp-content\/uploads\/2023\/06\/foto-2023-06-19-mandato-deputado-vander.jpg","width":1080,"height":1080,"caption":"Deputado Federal Vander Loubet"},"image":{"@id":"https:\/\/vanderloubet.com.br\/deputado\/#\/schema\/logo\/image\/"},"sameAs":["https:\/\/facebook.com\/deputadovander","https:\/\/x.com\/vanderloubet","https:\/\/instagram.com\/vanderloubet","https:\/\/youtube.com\/vanderloubet","https:\/\/tiktok.com\/@vanderloubetms"]},{"@type":"Person","@id":"https:\/\/vanderloubet.com.br\/deputado\/#\/schema\/person\/15b51bd564532a8a68d9dec1b8eb890e","name":"\u00c9der","image":{"@type":"ImageObject","inLanguage":"pt-BR","@id":"https:\/\/vanderloubet.com.br\/deputado\/wp-content\/litespeed\/avatar\/88ca4090d9d5ab1c9495f6ca03b68efa.jpg?ver=1777058957","url":"https:\/\/vanderloubet.com.br\/deputado\/wp-content\/litespeed\/avatar\/88ca4090d9d5ab1c9495f6ca03b68efa.jpg?ver=1777058957","contentUrl":"https:\/\/vanderloubet.com.br\/deputado\/wp-content\/litespeed\/avatar\/88ca4090d9d5ab1c9495f6ca03b68efa.jpg?ver=1777058957","caption":"\u00c9der"}}]}},"jetpack_featured_media_url":"https:\/\/vanderloubet.com.br\/deputado\/wp-content\/uploads\/2014\/03\/foto-2014-03-17-vander-loubet-dilma-rousseff.jpg","jetpack_sharing_enabled":true,"_links":{"self":[{"href":"https:\/\/vanderloubet.com.br\/deputado\/wp-json\/wp\/v2\/posts\/9700","targetHints":{"allow":["GET"]}}],"collection":[{"href":"https:\/\/vanderloubet.com.br\/deputado\/wp-json\/wp\/v2\/posts"}],"about":[{"href":"https:\/\/vanderloubet.com.br\/deputado\/wp-json\/wp\/v2\/types\/post"}],"author":[{"embeddable":true,"href":"https:\/\/vanderloubet.com.br\/deputado\/wp-json\/wp\/v2\/users\/2"}],"replies":[{"embeddable":true,"href":"https:\/\/vanderloubet.com.br\/deputado\/wp-json\/wp\/v2\/comments?post=9700"}],"version-history":[{"count":0,"href":"https:\/\/vanderloubet.com.br\/deputado\/wp-json\/wp\/v2\/posts\/9700\/revisions"}],"wp:featuredmedia":[{"embeddable":true,"href":"https:\/\/vanderloubet.com.br\/deputado\/wp-json\/wp\/v2\/media\/9713"}],"wp:attachment":[{"href":"https:\/\/vanderloubet.com.br\/deputado\/wp-json\/wp\/v2\/media?parent=9700"}],"wp:term":[{"taxonomy":"category","embeddable":true,"href":"https:\/\/vanderloubet.com.br\/deputado\/wp-json\/wp\/v2\/categories?post=9700"},{"taxonomy":"post_tag","embeddable":true,"href":"https:\/\/vanderloubet.com.br\/deputado\/wp-json\/wp\/v2\/tags?post=9700"}],"curies":[{"name":"wp","href":"https:\/\/api.w.org\/{rel}","templated":true}]}}