{"id":9690,"date":"2014-03-20T08:00:07","date_gmt":"2014-03-20T11:00:07","guid":{"rendered":"http:\/\/vanderloubet.com.br\/deputado\/?p=9690"},"modified":"2015-05-25T23:31:56","modified_gmt":"2015-05-26T02:31:56","slug":"camara-aprova-projeto-de-vander-sobre-obrigatoriedade-de-salva-vidas-em-balnearios","status":"publish","type":"post","link":"https:\/\/vanderloubet.com.br\/deputado\/camara-aprova-projeto-de-vander-sobre-obrigatoriedade-de-salva-vidas-em-balnearios\/","title":{"rendered":"C\u00e2mara aprova projeto de Vander sobre obrigatoriedade de salva-vidas em balne\u00e1rios"},"content":{"rendered":"\r\n                <style type=\"text\/css\">\r\n                    \r\n                    #tdi_1  .td-doubleSlider-2 .td-item1 {\r\n                        background: url(https:\/\/vanderloubet.com.br\/deputado\/wp-content\/uploads\/2015\/05\/foto-2014-03-20-salva-vidas-balneario-municipal-80x60.jpg) 0 0 no-repeat;\r\n                    }\r\n                    #tdi_1  .td-doubleSlider-2 .td-item2 {\r\n                        background: url(https:\/\/vanderloubet.com.br\/deputado\/wp-content\/uploads\/2015\/05\/foto-2014-03-20-salva-vidas-piscina-80x60.jpg) 0 0 no-repeat;\r\n                    }\r\n                    #tdi_1  .td-doubleSlider-2 .td-item3 {\r\n                        background: url(https:\/\/vanderloubet.com.br\/deputado\/wp-content\/uploads\/2015\/05\/foto-2014-03-20-salva-vidas-praia-80x60.jpg) 0 0 no-repeat;\r\n                    }\r\n                <\/style>\r\n\r\n                <div id=\"tdi_1\" class=\"td-gallery td-slide-on-2-columns\">\r\n                    <div class=\"post_td_gallery\">\r\n                        <div class=\"td-gallery-slide-top\">\r\n                           <div class=\"td-gallery-title\"><\/div>\r\n\r\n                            <div class=\"td-gallery-controls-wrapper\">\r\n                                <div class=\"td-gallery-slide-count\"><span class=\"td-gallery-slide-item-focus\">1<\/span> de 3<\/div>\r\n                                <div class=\"td-gallery-slide-prev-next-but\">\r\n                                    <i class = \"td-icon-left doubleSliderPrevButton\"><\/i>\r\n                                    <i class = \"td-icon-right doubleSliderNextButton\"><\/i>\r\n                                <\/div>\r\n                            <\/div>\r\n                        <\/div>\r\n\r\n                        <div class = \"td-doubleSlider-1 \">\r\n                            <div class = \"td-slider\">\r\n                                \r\n                    <div class = \"td-slide-item td-item1\">\r\n                        <figure class=\"td-slide-galery-figure td-slide-popup-gallery\">\r\n                            <a class=\"slide-gallery-image-link\" href=\"https:\/\/vanderloubet.com.br\/deputado\/wp-content\/uploads\/2015\/05\/foto-2014-03-20-salva-vidas-balneario-municipal.jpg\" title=\"Na praia, balne\u00e1rio ou piscina, salva-vidas garantem mais seguran\u00e7a aos frequentadores\"  data-caption=\"\"  data-description=\"Na praia, balne&aacute;rio ou piscina, salva-vidas garantem mais seguran&ccedil;a aos frequentadores\">\r\n                                <img decoding=\"async\" src=\"https:\/\/vanderloubet.com.br\/deputado\/wp-content\/uploads\/2015\/05\/foto-2014-03-20-salva-vidas-balneario-municipal-560x420.jpg\" srcset=\"https:\/\/vanderloubet.com.br\/deputado\/wp-content\/uploads\/2015\/05\/foto-2014-03-20-salva-vidas-balneario-municipal-560x420.jpg 560w, https:\/\/vanderloubet.com.br\/deputado\/wp-content\/uploads\/2015\/05\/foto-2014-03-20-salva-vidas-balneario-municipal-350x263.jpg 350w, https:\/\/vanderloubet.com.br\/deputado\/wp-content\/uploads\/2015\/05\/foto-2014-03-20-salva-vidas-balneario-municipal-768x576.jpg 768w, https:\/\/vanderloubet.com.br\/deputado\/wp-content\/uploads\/2015\/05\/foto-2014-03-20-salva-vidas-balneario-municipal-700x525.jpg 700w, https:\/\/vanderloubet.com.br\/deputado\/wp-content\/uploads\/2015\/05\/foto-2014-03-20-salva-vidas-balneario-municipal-80x60.jpg 80w, https:\/\/vanderloubet.com.br\/deputado\/wp-content\/uploads\/2015\/05\/foto-2014-03-20-salva-vidas-balneario-municipal-696x522.jpg 696w, https:\/\/vanderloubet.com.br\/deputado\/wp-content\/uploads\/2015\/05\/foto-2014-03-20-salva-vidas-balneario-municipal-265x198.jpg 265w, https:\/\/vanderloubet.com.br\/deputado\/wp-content\/uploads\/2015\/05\/foto-2014-03-20-salva-vidas-balneario-municipal.jpg 1000w\" sizes=\"(max-width: 560px) 100vw, 560px\" alt=\"Na praia, balne&aacute;rio ou piscina, salva-vidas garantem mais seguran&ccedil;a aos frequentadores\">\r\n                            <\/a>\r\n                            <figcaption class = \"td-slide-caption td-gallery-slide-content\"><span>Na praia, balne\u00e1rio ou piscina, salva-vidas garantem mais seguran\u00e7a aos frequentadores<\/span><\/figcaption>\r\n                        <\/figure>\r\n                    <\/div>\r\n                    <div class = \"td-slide-item td-item2\">\r\n                        <figure class=\"td-slide-galery-figure td-slide-popup-gallery\">\r\n                            <a class=\"slide-gallery-image-link\" href=\"https:\/\/vanderloubet.com.br\/deputado\/wp-content\/uploads\/2015\/05\/foto-2014-03-20-salva-vidas-piscina.jpg\" title=\"Na praia, balne\u00e1rio ou piscina, salva-vidas garantem mais seguran\u00e7a aos frequentadores\"  data-caption=\"\"  data-description=\"Na praia, balne&aacute;rio ou piscina, salva-vidas garantem mais seguran&ccedil;a aos frequentadores\">\r\n                                <img decoding=\"async\" src=\"https:\/\/vanderloubet.com.br\/deputado\/wp-content\/uploads\/2015\/05\/foto-2014-03-20-salva-vidas-piscina-560x420.jpg\" srcset=\"https:\/\/vanderloubet.com.br\/deputado\/wp-content\/uploads\/2015\/05\/foto-2014-03-20-salva-vidas-piscina-560x420.jpg 560w, https:\/\/vanderloubet.com.br\/deputado\/wp-content\/uploads\/2015\/05\/foto-2014-03-20-salva-vidas-piscina-350x263.jpg 350w, https:\/\/vanderloubet.com.br\/deputado\/wp-content\/uploads\/2015\/05\/foto-2014-03-20-salva-vidas-piscina-768x576.jpg 768w, https:\/\/vanderloubet.com.br\/deputado\/wp-content\/uploads\/2015\/05\/foto-2014-03-20-salva-vidas-piscina-700x525.jpg 700w, https:\/\/vanderloubet.com.br\/deputado\/wp-content\/uploads\/2015\/05\/foto-2014-03-20-salva-vidas-piscina-80x60.jpg 80w, https:\/\/vanderloubet.com.br\/deputado\/wp-content\/uploads\/2015\/05\/foto-2014-03-20-salva-vidas-piscina-696x522.jpg 696w, https:\/\/vanderloubet.com.br\/deputado\/wp-content\/uploads\/2015\/05\/foto-2014-03-20-salva-vidas-piscina-265x198.jpg 265w, https:\/\/vanderloubet.com.br\/deputado\/wp-content\/uploads\/2015\/05\/foto-2014-03-20-salva-vidas-piscina.jpg 1000w\" sizes=\"(max-width: 560px) 100vw, 560px\" alt=\"Na praia, balne&aacute;rio ou piscina, salva-vidas garantem mais seguran&ccedil;a aos frequentadores\">\r\n                            <\/a>\r\n                            <figcaption class = \"td-slide-caption td-gallery-slide-content\"><span>Na praia, balne\u00e1rio ou piscina, salva-vidas garantem mais seguran\u00e7a aos frequentadores<\/span><\/figcaption>\r\n                        <\/figure>\r\n                    <\/div>\r\n                    <div class = \"td-slide-item td-item3\">\r\n                        <figure class=\"td-slide-galery-figure td-slide-popup-gallery\">\r\n                            <a class=\"slide-gallery-image-link\" href=\"https:\/\/vanderloubet.com.br\/deputado\/wp-content\/uploads\/2015\/05\/foto-2014-03-20-salva-vidas-praia.jpg\" title=\"Na praia, balne\u00e1rio ou piscina, salva-vidas garantem mais seguran\u00e7a aos frequentadores\"  data-caption=\"\"  data-description=\"Na praia, balne&aacute;rio ou piscina, salva-vidas garantem mais seguran&ccedil;a aos frequentadores\">\r\n                                <img decoding=\"async\" src=\"https:\/\/vanderloubet.com.br\/deputado\/wp-content\/uploads\/2015\/05\/foto-2014-03-20-salva-vidas-praia-560x420.jpg\" srcset=\"https:\/\/vanderloubet.com.br\/deputado\/wp-content\/uploads\/2015\/05\/foto-2014-03-20-salva-vidas-praia-560x420.jpg 560w, https:\/\/vanderloubet.com.br\/deputado\/wp-content\/uploads\/2015\/05\/foto-2014-03-20-salva-vidas-praia-350x263.jpg 350w, https:\/\/vanderloubet.com.br\/deputado\/wp-content\/uploads\/2015\/05\/foto-2014-03-20-salva-vidas-praia-768x576.jpg 768w, https:\/\/vanderloubet.com.br\/deputado\/wp-content\/uploads\/2015\/05\/foto-2014-03-20-salva-vidas-praia-700x525.jpg 700w, https:\/\/vanderloubet.com.br\/deputado\/wp-content\/uploads\/2015\/05\/foto-2014-03-20-salva-vidas-praia-80x60.jpg 80w, https:\/\/vanderloubet.com.br\/deputado\/wp-content\/uploads\/2015\/05\/foto-2014-03-20-salva-vidas-praia-696x522.jpg 696w, https:\/\/vanderloubet.com.br\/deputado\/wp-content\/uploads\/2015\/05\/foto-2014-03-20-salva-vidas-praia-265x198.jpg 265w, https:\/\/vanderloubet.com.br\/deputado\/wp-content\/uploads\/2015\/05\/foto-2014-03-20-salva-vidas-praia.jpg 1000w\" sizes=\"(max-width: 560px) 100vw, 560px\" alt=\"Na praia, balne&aacute;rio ou piscina, salva-vidas garantem mais seguran&ccedil;a aos frequentadores\">\r\n                            <\/a>\r\n                            <figcaption class = \"td-slide-caption td-gallery-slide-content\"><span>Na praia, balne\u00e1rio ou piscina, salva-vidas garantem mais seguran\u00e7a aos frequentadores<\/span><\/figcaption>\r\n                        <\/figure>\r\n                    <\/div>\r\n                            <\/div>\r\n                        <\/div>\r\n\r\n                        <div class = \"td-doubleSlider-2\">\r\n                            <div class = \"td-slider\">\r\n                                \r\n                    <div class = \"td-button td-item1\">\r\n                        <div class = \"td-border\"><\/div>\r\n                    <\/div>\r\n                    <div class = \"td-button td-item2\">\r\n                        <div class = \"td-border\"><\/div>\r\n                    <\/div>\r\n                    <div class = \"td-button td-item3\">\r\n                        <div class = \"td-border\"><\/div>\r\n                    <\/div>\r\n                            <\/div>\r\n                        <\/div>\r\n\r\n                    <\/div>\r\n\r\n                <\/div>\r\n                \n<p>Foi aprovada ontem (19) pela Comiss\u00e3o de Constitui\u00e7\u00e3o e Justi\u00e7a e de Cidadania (CCJC) da C\u00e2mara dos Deputados, em car\u00e1ter conclusivo, o <a href=\"http:\/\/www.camara.gov.br\/proposicoesWeb\/fichadetramitacao?idProposicao=305332\" target=\"_blank\">Projeto de Lei (PL) 6148\/2005<\/a>, de autoria do deputado federal Vander Loubet (PT-MS), que torna obrigat\u00f3ria a presen\u00e7a de profissionais salva-vidas em todos os estabelecimentos que explorem balne\u00e1rios ou outros locais aqu\u00e1ticos abertos ao uso p\u00fablico. Caso n\u00e3o haja requerimento para a aprecia\u00e7\u00e3o pelo Plen\u00e1rio, o projeto vai seguir para an\u00e1lise do Senado.<\/p>\n<p>O parecer do relator na CCJC, deputado federal Alceu Moreira (PMDB-RS), foi pela constitucionalidade, juridicidade e t\u00e9cnica legislativa do projeto e das emendas feitas na Comiss\u00e3o de Seguridade Social e Fam\u00edlia (CSSF).<\/p>\n<p>\u201cInfelizmente \u00e9 comum casos de afogamentos, tanto nos litorais quanto e piscinas e balne\u00e1rios. E muitas vezes isso ocorre por falta da presen\u00e7a de um profissional salva-vidas. A inten\u00e7\u00e3o desse projeto de lei \u00e9 garantir mais seguran\u00e7a para os frequentadores desses espa\u00e7os\u201d, afirmou Vander.<\/p>\n<p>De acordo com o texto do deputado sul-mato-grossense, os espa\u00e7os privados dever\u00e3o contratar profissionais na propor\u00e7\u00e3o de um para cada grupo de 200 frequentadores. J\u00e1 os servi\u00e7os nos espa\u00e7os de uso p\u00fablico de propriedade da Uni\u00e3o e dos estados ser\u00e3o de responsabilidade do Corpo de Bombeiros Militares. Nos servi\u00e7os das prefeituras, a seguran\u00e7a ser\u00e1 feita por brigadas municipais de salva-vidas.<\/p>\n<p><em>(Fonte: Jornal da C\u00e2mara)<\/em><\/p>\n","protected":false},"excerpt":{"rendered":"<p>De acordo com o deputado, objetivo \u00e9 garantir mais seguran\u00e7a para frequentadores de locais aqu\u00e1ticos abertos ao uso p\u00fablico.<\/p>\n","protected":false},"author":2,"featured_media":9691,"comment_status":"closed","ping_status":"closed","sticky":false,"template":"","format":"standard","meta":{"jetpack_post_was_ever_published":false,"_jetpack_newsletter_access":"","_jetpack_dont_email_post_to_subs":false,"_jetpack_newsletter_tier_id":0,"_jetpack_memberships_contains_paywalled_content":false,"_jetpack_memberships_contains_paid_content":false,"footnotes":""},"categories":[2098,10],"tags":[1635,2331,1813],"class_list":{"0":"post-9690","1":"post","2":"type-post","3":"status-publish","4":"format-standard","5":"has-post-thumbnail","7":"category-brasil-noticias","8":"category-noticias","9":"tag-projeto-de-lei","10":"tag-salva-vida","11":"tag-seguranca"},"yoast_head":"<!-- This site is optimized with the Yoast SEO plugin v27.4 - https:\/\/yoast.com\/product\/yoast-seo-wordpress\/ -->\n<title>C\u00e2mara aprova projeto de Vander sobre obrigatoriedade de salva-vidas em balne\u00e1rios<\/title>\n<meta name=\"robots\" content=\"index, follow, max-snippet:-1, max-image-preview:large, max-video-preview:-1\" \/>\n<link rel=\"canonical\" href=\"https:\/\/vanderloubet.com.br\/deputado\/camara-aprova-projeto-de-vander-sobre-obrigatoriedade-de-salva-vidas-em-balnearios\/\" \/>\n<meta property=\"og:locale\" content=\"pt_BR\" \/>\n<meta property=\"og:type\" content=\"article\" \/>\n<meta property=\"og:title\" content=\"C\u00e2mara aprova projeto de Vander sobre obrigatoriedade de salva-vidas em balne\u00e1rios\" \/>\n<meta property=\"og:description\" content=\"De acordo com o deputado, objetivo \u00e9 garantir mais seguran\u00e7a para frequentadores de locais aqu\u00e1ticos abertos ao uso p\u00fablico.\" \/>\n<meta property=\"og:url\" content=\"https:\/\/vanderloubet.com.br\/deputado\/camara-aprova-projeto-de-vander-sobre-obrigatoriedade-de-salva-vidas-em-balnearios\/\" \/>\n<meta property=\"og:site_name\" content=\"Deputado Federal Vander Loubet\" \/>\n<meta property=\"article:publisher\" content=\"https:\/\/facebook.com\/deputadovander\" \/>\n<meta property=\"article:published_time\" content=\"2014-03-20T11:00:07+00:00\" \/>\n<meta property=\"article:modified_time\" content=\"2015-05-26T02:31:56+00:00\" \/>\n<meta property=\"og:image\" content=\"https:\/\/vanderloubet.com.br\/deputado\/wp-content\/uploads\/2015\/05\/foto-2014-03-20-salva-vidas-balneario-municipal.jpg\" \/>\n\t<meta property=\"og:image:width\" content=\"1000\" \/>\n\t<meta property=\"og:image:height\" content=\"750\" \/>\n\t<meta property=\"og:image:type\" content=\"image\/jpeg\" \/>\n<meta name=\"author\" content=\"\u00c9der\" \/>\n<meta name=\"twitter:card\" content=\"summary_large_image\" \/>\n<meta name=\"twitter:creator\" content=\"@vanderloubet\" \/>\n<meta name=\"twitter:site\" content=\"@vanderloubet\" \/>\n<script type=\"application\/ld+json\" class=\"yoast-schema-graph\">{\"@context\":\"https:\\\/\\\/schema.org\",\"@graph\":[{\"@type\":\"Article\",\"@id\":\"https:\\\/\\\/vanderloubet.com.br\\\/deputado\\\/camara-aprova-projeto-de-vander-sobre-obrigatoriedade-de-salva-vidas-em-balnearios\\\/#article\",\"isPartOf\":{\"@id\":\"https:\\\/\\\/vanderloubet.com.br\\\/deputado\\\/camara-aprova-projeto-de-vander-sobre-obrigatoriedade-de-salva-vidas-em-balnearios\\\/\"},\"author\":{\"name\":\"\u00c9der\",\"@id\":\"https:\\\/\\\/vanderloubet.com.br\\\/deputado\\\/#\\\/schema\\\/person\\\/15b51bd564532a8a68d9dec1b8eb890e\"},\"headline\":\"C\u00e2mara aprova projeto de Vander sobre obrigatoriedade de salva-vidas em balne\u00e1rios\",\"datePublished\":\"2014-03-20T11:00:07+00:00\",\"dateModified\":\"2015-05-26T02:31:56+00:00\",\"mainEntityOfPage\":{\"@id\":\"https:\\\/\\\/vanderloubet.com.br\\\/deputado\\\/camara-aprova-projeto-de-vander-sobre-obrigatoriedade-de-salva-vidas-em-balnearios\\\/\"},\"wordCount\":265,\"publisher\":{\"@id\":\"https:\\\/\\\/vanderloubet.com.br\\\/deputado\\\/#organization\"},\"image\":{\"@id\":\"https:\\\/\\\/vanderloubet.com.br\\\/deputado\\\/camara-aprova-projeto-de-vander-sobre-obrigatoriedade-de-salva-vidas-em-balnearios\\\/#primaryimage\"},\"thumbnailUrl\":\"https:\\\/\\\/vanderloubet.com.br\\\/deputado\\\/wp-content\\\/uploads\\\/2015\\\/05\\\/foto-2014-03-20-salva-vidas-balneario-municipal.jpg\",\"keywords\":[\"projeto de lei\",\"salva-vida\",\"seguran\u00e7a\"],\"articleSection\":[\"Brasil\",\"Not\u00edcias\"],\"inLanguage\":\"pt-BR\"},{\"@type\":\"WebPage\",\"@id\":\"https:\\\/\\\/vanderloubet.com.br\\\/deputado\\\/camara-aprova-projeto-de-vander-sobre-obrigatoriedade-de-salva-vidas-em-balnearios\\\/\",\"url\":\"https:\\\/\\\/vanderloubet.com.br\\\/deputado\\\/camara-aprova-projeto-de-vander-sobre-obrigatoriedade-de-salva-vidas-em-balnearios\\\/\",\"name\":\"C\u00e2mara aprova projeto de Vander sobre obrigatoriedade de salva-vidas em balne\u00e1rios\",\"isPartOf\":{\"@id\":\"https:\\\/\\\/vanderloubet.com.br\\\/deputado\\\/#website\"},\"primaryImageOfPage\":{\"@id\":\"https:\\\/\\\/vanderloubet.com.br\\\/deputado\\\/camara-aprova-projeto-de-vander-sobre-obrigatoriedade-de-salva-vidas-em-balnearios\\\/#primaryimage\"},\"image\":{\"@id\":\"https:\\\/\\\/vanderloubet.com.br\\\/deputado\\\/camara-aprova-projeto-de-vander-sobre-obrigatoriedade-de-salva-vidas-em-balnearios\\\/#primaryimage\"},\"thumbnailUrl\":\"https:\\\/\\\/vanderloubet.com.br\\\/deputado\\\/wp-content\\\/uploads\\\/2015\\\/05\\\/foto-2014-03-20-salva-vidas-balneario-municipal.jpg\",\"datePublished\":\"2014-03-20T11:00:07+00:00\",\"dateModified\":\"2015-05-26T02:31:56+00:00\",\"breadcrumb\":{\"@id\":\"https:\\\/\\\/vanderloubet.com.br\\\/deputado\\\/camara-aprova-projeto-de-vander-sobre-obrigatoriedade-de-salva-vidas-em-balnearios\\\/#breadcrumb\"},\"inLanguage\":\"pt-BR\",\"potentialAction\":[{\"@type\":\"ReadAction\",\"target\":[\"https:\\\/\\\/vanderloubet.com.br\\\/deputado\\\/camara-aprova-projeto-de-vander-sobre-obrigatoriedade-de-salva-vidas-em-balnearios\\\/\"]}]},{\"@type\":\"ImageObject\",\"inLanguage\":\"pt-BR\",\"@id\":\"https:\\\/\\\/vanderloubet.com.br\\\/deputado\\\/camara-aprova-projeto-de-vander-sobre-obrigatoriedade-de-salva-vidas-em-balnearios\\\/#primaryimage\",\"url\":\"https:\\\/\\\/vanderloubet.com.br\\\/deputado\\\/wp-content\\\/uploads\\\/2015\\\/05\\\/foto-2014-03-20-salva-vidas-balneario-municipal.jpg\",\"contentUrl\":\"https:\\\/\\\/vanderloubet.com.br\\\/deputado\\\/wp-content\\\/uploads\\\/2015\\\/05\\\/foto-2014-03-20-salva-vidas-balneario-municipal.jpg\",\"width\":1000,\"height\":750,\"caption\":\"Na praia, balne\u00e1rio ou piscina, salva-vidas garantem mais seguran\u00e7a aos frequentadores\"},{\"@type\":\"BreadcrumbList\",\"@id\":\"https:\\\/\\\/vanderloubet.com.br\\\/deputado\\\/camara-aprova-projeto-de-vander-sobre-obrigatoriedade-de-salva-vidas-em-balnearios\\\/#breadcrumb\",\"itemListElement\":[{\"@type\":\"ListItem\",\"position\":1,\"name\":\"In\u00edcio\",\"item\":\"https:\\\/\\\/vanderloubet.com.br\\\/deputado\\\/\"},{\"@type\":\"ListItem\",\"position\":2,\"name\":\"C\u00e2mara aprova projeto de Vander sobre obrigatoriedade de salva-vidas em balne\u00e1rios\"}]},{\"@type\":\"WebSite\",\"@id\":\"https:\\\/\\\/vanderloubet.com.br\\\/deputado\\\/#website\",\"url\":\"https:\\\/\\\/vanderloubet.com.br\\\/deputado\\\/\",\"name\":\"Deputado Federal Vander Loubet\",\"description\":\"O Federal de MS\",\"publisher\":{\"@id\":\"https:\\\/\\\/vanderloubet.com.br\\\/deputado\\\/#organization\"},\"alternateName\":\"Deputado Vander\",\"potentialAction\":[{\"@type\":\"SearchAction\",\"target\":{\"@type\":\"EntryPoint\",\"urlTemplate\":\"https:\\\/\\\/vanderloubet.com.br\\\/deputado\\\/?s={search_term_string}\"},\"query-input\":{\"@type\":\"PropertyValueSpecification\",\"valueRequired\":true,\"valueName\":\"search_term_string\"}}],\"inLanguage\":\"pt-BR\"},{\"@type\":\"Organization\",\"@id\":\"https:\\\/\\\/vanderloubet.com.br\\\/deputado\\\/#organization\",\"name\":\"Deputado Federal Vander Loubet\",\"alternateName\":\"Deputado Vander\",\"url\":\"https:\\\/\\\/vanderloubet.com.br\\\/deputado\\\/\",\"logo\":{\"@type\":\"ImageObject\",\"inLanguage\":\"pt-BR\",\"@id\":\"https:\\\/\\\/vanderloubet.com.br\\\/deputado\\\/#\\\/schema\\\/logo\\\/image\\\/\",\"url\":\"https:\\\/\\\/vanderloubet.com.br\\\/deputado\\\/wp-content\\\/uploads\\\/2023\\\/06\\\/foto-2023-06-19-mandato-deputado-vander.jpg\",\"contentUrl\":\"https:\\\/\\\/vanderloubet.com.br\\\/deputado\\\/wp-content\\\/uploads\\\/2023\\\/06\\\/foto-2023-06-19-mandato-deputado-vander.jpg\",\"width\":1080,\"height\":1080,\"caption\":\"Deputado Federal Vander Loubet\"},\"image\":{\"@id\":\"https:\\\/\\\/vanderloubet.com.br\\\/deputado\\\/#\\\/schema\\\/logo\\\/image\\\/\"},\"sameAs\":[\"https:\\\/\\\/facebook.com\\\/deputadovander\",\"https:\\\/\\\/x.com\\\/vanderloubet\",\"https:\\\/\\\/instagram.com\\\/vanderloubet\",\"https:\\\/\\\/youtube.com\\\/vanderloubet\",\"https:\\\/\\\/tiktok.com\\\/@vanderloubetms\"]},{\"@type\":\"Person\",\"@id\":\"https:\\\/\\\/vanderloubet.com.br\\\/deputado\\\/#\\\/schema\\\/person\\\/15b51bd564532a8a68d9dec1b8eb890e\",\"name\":\"\u00c9der\",\"image\":{\"@type\":\"ImageObject\",\"inLanguage\":\"pt-BR\",\"@id\":\"https:\\\/\\\/vanderloubet.com.br\\\/deputado\\\/wp-content\\\/litespeed\\\/avatar\\\/88ca4090d9d5ab1c9495f6ca03b68efa.jpg?ver=1777058957\",\"url\":\"https:\\\/\\\/vanderloubet.com.br\\\/deputado\\\/wp-content\\\/litespeed\\\/avatar\\\/88ca4090d9d5ab1c9495f6ca03b68efa.jpg?ver=1777058957\",\"contentUrl\":\"https:\\\/\\\/vanderloubet.com.br\\\/deputado\\\/wp-content\\\/litespeed\\\/avatar\\\/88ca4090d9d5ab1c9495f6ca03b68efa.jpg?ver=1777058957\",\"caption\":\"\u00c9der\"}}]}<\/script>\n<!-- \/ Yoast SEO plugin. -->","yoast_head_json":{"title":"C\u00e2mara aprova projeto de Vander sobre obrigatoriedade de salva-vidas em balne\u00e1rios","robots":{"index":"index","follow":"follow","max-snippet":"max-snippet:-1","max-image-preview":"max-image-preview:large","max-video-preview":"max-video-preview:-1"},"canonical":"https:\/\/vanderloubet.com.br\/deputado\/camara-aprova-projeto-de-vander-sobre-obrigatoriedade-de-salva-vidas-em-balnearios\/","og_locale":"pt_BR","og_type":"article","og_title":"C\u00e2mara aprova projeto de Vander sobre obrigatoriedade de salva-vidas em balne\u00e1rios","og_description":"De acordo com o deputado, objetivo \u00e9 garantir mais seguran\u00e7a para frequentadores de locais aqu\u00e1ticos abertos ao uso p\u00fablico.","og_url":"https:\/\/vanderloubet.com.br\/deputado\/camara-aprova-projeto-de-vander-sobre-obrigatoriedade-de-salva-vidas-em-balnearios\/","og_site_name":"Deputado Federal Vander Loubet","article_publisher":"https:\/\/facebook.com\/deputadovander","article_published_time":"2014-03-20T11:00:07+00:00","article_modified_time":"2015-05-26T02:31:56+00:00","og_image":[{"width":1000,"height":750,"url":"https:\/\/vanderloubet.com.br\/deputado\/wp-content\/uploads\/2015\/05\/foto-2014-03-20-salva-vidas-balneario-municipal.jpg","type":"image\/jpeg"}],"author":"\u00c9der","twitter_card":"summary_large_image","twitter_creator":"@vanderloubet","twitter_site":"@vanderloubet","schema":{"@context":"https:\/\/schema.org","@graph":[{"@type":"Article","@id":"https:\/\/vanderloubet.com.br\/deputado\/camara-aprova-projeto-de-vander-sobre-obrigatoriedade-de-salva-vidas-em-balnearios\/#article","isPartOf":{"@id":"https:\/\/vanderloubet.com.br\/deputado\/camara-aprova-projeto-de-vander-sobre-obrigatoriedade-de-salva-vidas-em-balnearios\/"},"author":{"name":"\u00c9der","@id":"https:\/\/vanderloubet.com.br\/deputado\/#\/schema\/person\/15b51bd564532a8a68d9dec1b8eb890e"},"headline":"C\u00e2mara aprova projeto de Vander sobre obrigatoriedade de salva-vidas em balne\u00e1rios","datePublished":"2014-03-20T11:00:07+00:00","dateModified":"2015-05-26T02:31:56+00:00","mainEntityOfPage":{"@id":"https:\/\/vanderloubet.com.br\/deputado\/camara-aprova-projeto-de-vander-sobre-obrigatoriedade-de-salva-vidas-em-balnearios\/"},"wordCount":265,"publisher":{"@id":"https:\/\/vanderloubet.com.br\/deputado\/#organization"},"image":{"@id":"https:\/\/vanderloubet.com.br\/deputado\/camara-aprova-projeto-de-vander-sobre-obrigatoriedade-de-salva-vidas-em-balnearios\/#primaryimage"},"thumbnailUrl":"https:\/\/vanderloubet.com.br\/deputado\/wp-content\/uploads\/2015\/05\/foto-2014-03-20-salva-vidas-balneario-municipal.jpg","keywords":["projeto de lei","salva-vida","seguran\u00e7a"],"articleSection":["Brasil","Not\u00edcias"],"inLanguage":"pt-BR"},{"@type":"WebPage","@id":"https:\/\/vanderloubet.com.br\/deputado\/camara-aprova-projeto-de-vander-sobre-obrigatoriedade-de-salva-vidas-em-balnearios\/","url":"https:\/\/vanderloubet.com.br\/deputado\/camara-aprova-projeto-de-vander-sobre-obrigatoriedade-de-salva-vidas-em-balnearios\/","name":"C\u00e2mara aprova projeto de Vander sobre obrigatoriedade de salva-vidas em balne\u00e1rios","isPartOf":{"@id":"https:\/\/vanderloubet.com.br\/deputado\/#website"},"primaryImageOfPage":{"@id":"https:\/\/vanderloubet.com.br\/deputado\/camara-aprova-projeto-de-vander-sobre-obrigatoriedade-de-salva-vidas-em-balnearios\/#primaryimage"},"image":{"@id":"https:\/\/vanderloubet.com.br\/deputado\/camara-aprova-projeto-de-vander-sobre-obrigatoriedade-de-salva-vidas-em-balnearios\/#primaryimage"},"thumbnailUrl":"https:\/\/vanderloubet.com.br\/deputado\/wp-content\/uploads\/2015\/05\/foto-2014-03-20-salva-vidas-balneario-municipal.jpg","datePublished":"2014-03-20T11:00:07+00:00","dateModified":"2015-05-26T02:31:56+00:00","breadcrumb":{"@id":"https:\/\/vanderloubet.com.br\/deputado\/camara-aprova-projeto-de-vander-sobre-obrigatoriedade-de-salva-vidas-em-balnearios\/#breadcrumb"},"inLanguage":"pt-BR","potentialAction":[{"@type":"ReadAction","target":["https:\/\/vanderloubet.com.br\/deputado\/camara-aprova-projeto-de-vander-sobre-obrigatoriedade-de-salva-vidas-em-balnearios\/"]}]},{"@type":"ImageObject","inLanguage":"pt-BR","@id":"https:\/\/vanderloubet.com.br\/deputado\/camara-aprova-projeto-de-vander-sobre-obrigatoriedade-de-salva-vidas-em-balnearios\/#primaryimage","url":"https:\/\/vanderloubet.com.br\/deputado\/wp-content\/uploads\/2015\/05\/foto-2014-03-20-salva-vidas-balneario-municipal.jpg","contentUrl":"https:\/\/vanderloubet.com.br\/deputado\/wp-content\/uploads\/2015\/05\/foto-2014-03-20-salva-vidas-balneario-municipal.jpg","width":1000,"height":750,"caption":"Na praia, balne\u00e1rio ou piscina, salva-vidas garantem mais seguran\u00e7a aos frequentadores"},{"@type":"BreadcrumbList","@id":"https:\/\/vanderloubet.com.br\/deputado\/camara-aprova-projeto-de-vander-sobre-obrigatoriedade-de-salva-vidas-em-balnearios\/#breadcrumb","itemListElement":[{"@type":"ListItem","position":1,"name":"In\u00edcio","item":"https:\/\/vanderloubet.com.br\/deputado\/"},{"@type":"ListItem","position":2,"name":"C\u00e2mara aprova projeto de Vander sobre obrigatoriedade de salva-vidas em balne\u00e1rios"}]},{"@type":"WebSite","@id":"https:\/\/vanderloubet.com.br\/deputado\/#website","url":"https:\/\/vanderloubet.com.br\/deputado\/","name":"Deputado Federal Vander Loubet","description":"O Federal de MS","publisher":{"@id":"https:\/\/vanderloubet.com.br\/deputado\/#organization"},"alternateName":"Deputado Vander","potentialAction":[{"@type":"SearchAction","target":{"@type":"EntryPoint","urlTemplate":"https:\/\/vanderloubet.com.br\/deputado\/?s={search_term_string}"},"query-input":{"@type":"PropertyValueSpecification","valueRequired":true,"valueName":"search_term_string"}}],"inLanguage":"pt-BR"},{"@type":"Organization","@id":"https:\/\/vanderloubet.com.br\/deputado\/#organization","name":"Deputado Federal Vander Loubet","alternateName":"Deputado Vander","url":"https:\/\/vanderloubet.com.br\/deputado\/","logo":{"@type":"ImageObject","inLanguage":"pt-BR","@id":"https:\/\/vanderloubet.com.br\/deputado\/#\/schema\/logo\/image\/","url":"https:\/\/vanderloubet.com.br\/deputado\/wp-content\/uploads\/2023\/06\/foto-2023-06-19-mandato-deputado-vander.jpg","contentUrl":"https:\/\/vanderloubet.com.br\/deputado\/wp-content\/uploads\/2023\/06\/foto-2023-06-19-mandato-deputado-vander.jpg","width":1080,"height":1080,"caption":"Deputado Federal Vander Loubet"},"image":{"@id":"https:\/\/vanderloubet.com.br\/deputado\/#\/schema\/logo\/image\/"},"sameAs":["https:\/\/facebook.com\/deputadovander","https:\/\/x.com\/vanderloubet","https:\/\/instagram.com\/vanderloubet","https:\/\/youtube.com\/vanderloubet","https:\/\/tiktok.com\/@vanderloubetms"]},{"@type":"Person","@id":"https:\/\/vanderloubet.com.br\/deputado\/#\/schema\/person\/15b51bd564532a8a68d9dec1b8eb890e","name":"\u00c9der","image":{"@type":"ImageObject","inLanguage":"pt-BR","@id":"https:\/\/vanderloubet.com.br\/deputado\/wp-content\/litespeed\/avatar\/88ca4090d9d5ab1c9495f6ca03b68efa.jpg?ver=1777058957","url":"https:\/\/vanderloubet.com.br\/deputado\/wp-content\/litespeed\/avatar\/88ca4090d9d5ab1c9495f6ca03b68efa.jpg?ver=1777058957","contentUrl":"https:\/\/vanderloubet.com.br\/deputado\/wp-content\/litespeed\/avatar\/88ca4090d9d5ab1c9495f6ca03b68efa.jpg?ver=1777058957","caption":"\u00c9der"}}]}},"jetpack_featured_media_url":"https:\/\/vanderloubet.com.br\/deputado\/wp-content\/uploads\/2015\/05\/foto-2014-03-20-salva-vidas-balneario-municipal.jpg","jetpack_sharing_enabled":true,"_links":{"self":[{"href":"https:\/\/vanderloubet.com.br\/deputado\/wp-json\/wp\/v2\/posts\/9690","targetHints":{"allow":["GET"]}}],"collection":[{"href":"https:\/\/vanderloubet.com.br\/deputado\/wp-json\/wp\/v2\/posts"}],"about":[{"href":"https:\/\/vanderloubet.com.br\/deputado\/wp-json\/wp\/v2\/types\/post"}],"author":[{"embeddable":true,"href":"https:\/\/vanderloubet.com.br\/deputado\/wp-json\/wp\/v2\/users\/2"}],"replies":[{"embeddable":true,"href":"https:\/\/vanderloubet.com.br\/deputado\/wp-json\/wp\/v2\/comments?post=9690"}],"version-history":[{"count":0,"href":"https:\/\/vanderloubet.com.br\/deputado\/wp-json\/wp\/v2\/posts\/9690\/revisions"}],"wp:featuredmedia":[{"embeddable":true,"href":"https:\/\/vanderloubet.com.br\/deputado\/wp-json\/wp\/v2\/media\/9691"}],"wp:attachment":[{"href":"https:\/\/vanderloubet.com.br\/deputado\/wp-json\/wp\/v2\/media?parent=9690"}],"wp:term":[{"taxonomy":"category","embeddable":true,"href":"https:\/\/vanderloubet.com.br\/deputado\/wp-json\/wp\/v2\/categories?post=9690"},{"taxonomy":"post_tag","embeddable":true,"href":"https:\/\/vanderloubet.com.br\/deputado\/wp-json\/wp\/v2\/tags?post=9690"}],"curies":[{"name":"wp","href":"https:\/\/api.w.org\/{rel}","templated":true}]}}