{"id":9664,"date":"2013-04-29T15:00:07","date_gmt":"2013-04-29T18:00:07","guid":{"rendered":"http:\/\/vanderloubet.com.br\/deputado\/?p=9664"},"modified":"2015-05-25T18:41:32","modified_gmt":"2015-05-25T21:41:32","slug":"dilma-entrega-300-onibus-escolares-para-atender-municipios-de-ms","status":"publish","type":"post","link":"https:\/\/vanderloubet.com.br\/deputado\/dilma-entrega-300-onibus-escolares-para-atender-municipios-de-ms\/","title":{"rendered":"Dilma entrega 300 \u00f4nibus escolares para atender munic\u00edpios de MS"},"content":{"rendered":"\r\n                <style type=\"text\/css\">\r\n                    \r\n                    #tdi_1  .td-doubleSlider-2 .td-item1 {\r\n                        background: url(https:\/\/vanderloubet.com.br\/deputado\/wp-content\/uploads\/2015\/05\/foto-2013-04-29-micro-onibus-escolar-80x60.jpg) 0 0 no-repeat;\r\n                    }\r\n                    #tdi_1  .td-doubleSlider-2 .td-item2 {\r\n                        background: url(https:\/\/vanderloubet.com.br\/deputado\/wp-content\/uploads\/2015\/05\/foto-2013-04-29-onibus-escolar-80x60.jpg) 0 0 no-repeat;\r\n                    }\r\n                    #tdi_1  .td-doubleSlider-2 .td-item3 {\r\n                        background: url(https:\/\/vanderloubet.com.br\/deputado\/wp-content\/uploads\/2015\/05\/foto-2013-04-29-solenidade-onibus-escolares-01-80x60.jpg) 0 0 no-repeat;\r\n                    }\r\n                    #tdi_1  .td-doubleSlider-2 .td-item4 {\r\n                        background: url(https:\/\/vanderloubet.com.br\/deputado\/wp-content\/uploads\/2015\/05\/foto-2013-04-29-solenidade-onibus-escolares-02-80x60.jpg) 0 0 no-repeat;\r\n                    }\r\n                    #tdi_1  .td-doubleSlider-2 .td-item5 {\r\n                        background: url(https:\/\/vanderloubet.com.br\/deputado\/wp-content\/uploads\/2015\/05\/foto-2013-04-29-solenidade-onibus-escolares-03-80x60.jpg) 0 0 no-repeat;\r\n                    }\r\n                <\/style>\r\n\r\n                <div id=\"tdi_1\" class=\"td-gallery td-slide-on-2-columns\">\r\n                    <div class=\"post_td_gallery\">\r\n                        <div class=\"td-gallery-slide-top\">\r\n                           <div class=\"td-gallery-title\"><\/div>\r\n\r\n                            <div class=\"td-gallery-controls-wrapper\">\r\n                                <div class=\"td-gallery-slide-count\"><span class=\"td-gallery-slide-item-focus\">1<\/span> de 5<\/div>\r\n                                <div class=\"td-gallery-slide-prev-next-but\">\r\n                                    <i class = \"td-icon-left doubleSliderPrevButton\"><\/i>\r\n                                    <i class = \"td-icon-right doubleSliderNextButton\"><\/i>\r\n                                <\/div>\r\n                            <\/div>\r\n                        <\/div>\r\n\r\n                        <div class = \"td-doubleSlider-1 \">\r\n                            <div class = \"td-slider\">\r\n                                \r\n                    <div class = \"td-slide-item td-item1\">\r\n                        <figure class=\"td-slide-galery-figure td-slide-popup-gallery\">\r\n                            <a class=\"slide-gallery-image-link\" href=\"https:\/\/vanderloubet.com.br\/deputado\/wp-content\/uploads\/2015\/05\/foto-2013-04-29-micro-onibus-escolar.jpg\" title=\"Modelo de micro-\u00f4nibus entregue pelo Caminhos da Escola\"  data-caption=\"\"  data-description=\"Modelo de micro-&ocirc;nibus entregue pelo Caminhos da Escola\">\r\n                                <img decoding=\"async\" src=\"https:\/\/vanderloubet.com.br\/deputado\/wp-content\/uploads\/2015\/05\/foto-2013-04-29-micro-onibus-escolar-630x420.jpg\" srcset=\"https:\/\/vanderloubet.com.br\/deputado\/wp-content\/uploads\/2015\/05\/foto-2013-04-29-micro-onibus-escolar-630x420.jpg 630w, https:\/\/vanderloubet.com.br\/deputado\/wp-content\/uploads\/2015\/05\/foto-2013-04-29-micro-onibus-escolar-350x233.jpg 350w, https:\/\/vanderloubet.com.br\/deputado\/wp-content\/uploads\/2015\/05\/foto-2013-04-29-micro-onibus-escolar-768x512.jpg 768w, https:\/\/vanderloubet.com.br\/deputado\/wp-content\/uploads\/2015\/05\/foto-2013-04-29-micro-onibus-escolar-700x467.jpg 700w, https:\/\/vanderloubet.com.br\/deputado\/wp-content\/uploads\/2015\/05\/foto-2013-04-29-micro-onibus-escolar-696x464.jpg 696w, https:\/\/vanderloubet.com.br\/deputado\/wp-content\/uploads\/2015\/05\/foto-2013-04-29-micro-onibus-escolar-1068x712.jpg 1068w, https:\/\/vanderloubet.com.br\/deputado\/wp-content\/uploads\/2015\/05\/foto-2013-04-29-micro-onibus-escolar.jpg 1200w\" sizes=\"(max-width: 630px) 100vw, 630px\" alt=\"Modelo de micro-&ocirc;nibus entregue pelo Caminhos da Escola\">\r\n                            <\/a>\r\n                            <figcaption class = \"td-slide-caption td-gallery-slide-content\"><span>Modelo de micro-\u00f4nibus entregue pelo Caminhos da Escola<\/span><\/figcaption>\r\n                        <\/figure>\r\n                    <\/div>\r\n                    <div class = \"td-slide-item td-item2\">\r\n                        <figure class=\"td-slide-galery-figure td-slide-popup-gallery\">\r\n                            <a class=\"slide-gallery-image-link\" href=\"https:\/\/vanderloubet.com.br\/deputado\/wp-content\/uploads\/2015\/05\/foto-2013-04-29-onibus-escolar.jpg\" title=\"Modelo de \u00f4nibus entregue pelo Caminhos da Escola\"  data-caption=\"\"  data-description=\"Modelo de &ocirc;nibus entregue pelo Caminhos da Escola\">\r\n                                <img decoding=\"async\" src=\"https:\/\/vanderloubet.com.br\/deputado\/wp-content\/uploads\/2015\/05\/foto-2013-04-29-onibus-escolar-630x420.jpg\" srcset=\"https:\/\/vanderloubet.com.br\/deputado\/wp-content\/uploads\/2015\/05\/foto-2013-04-29-onibus-escolar-630x420.jpg 630w, https:\/\/vanderloubet.com.br\/deputado\/wp-content\/uploads\/2015\/05\/foto-2013-04-29-onibus-escolar-350x233.jpg 350w, https:\/\/vanderloubet.com.br\/deputado\/wp-content\/uploads\/2015\/05\/foto-2013-04-29-onibus-escolar-768x512.jpg 768w, https:\/\/vanderloubet.com.br\/deputado\/wp-content\/uploads\/2015\/05\/foto-2013-04-29-onibus-escolar-700x467.jpg 700w, https:\/\/vanderloubet.com.br\/deputado\/wp-content\/uploads\/2015\/05\/foto-2013-04-29-onibus-escolar-696x464.jpg 696w, https:\/\/vanderloubet.com.br\/deputado\/wp-content\/uploads\/2015\/05\/foto-2013-04-29-onibus-escolar-1068x712.jpg 1068w, https:\/\/vanderloubet.com.br\/deputado\/wp-content\/uploads\/2015\/05\/foto-2013-04-29-onibus-escolar.jpg 1200w\" sizes=\"(max-width: 630px) 100vw, 630px\" alt=\"Modelo de &ocirc;nibus entregue pelo Caminhos da Escola\">\r\n                            <\/a>\r\n                            <figcaption class = \"td-slide-caption td-gallery-slide-content\"><span>Modelo de \u00f4nibus entregue pelo Caminhos da Escola<\/span><\/figcaption>\r\n                        <\/figure>\r\n                    <\/div>\r\n                    <div class = \"td-slide-item td-item3\">\r\n                        <figure class=\"td-slide-galery-figure td-slide-popup-gallery\">\r\n                            <a class=\"slide-gallery-image-link\" href=\"https:\/\/vanderloubet.com.br\/deputado\/wp-content\/uploads\/2015\/05\/foto-2013-04-29-solenidade-onibus-escolares-01.jpg\" title=\"Presidenta Dilma foi muito saudada pelos presentes \u00e0 solenidade\"  data-caption=\"\"  data-description=\"Presidenta Dilma foi muito saudada pelos presentes &agrave; solenidade\">\r\n                                <img decoding=\"async\" src=\"https:\/\/vanderloubet.com.br\/deputado\/wp-content\/uploads\/2015\/05\/foto-2013-04-29-solenidade-onibus-escolares-01-700x420.jpg\" srcset=\"https:\/\/vanderloubet.com.br\/deputado\/wp-content\/uploads\/2015\/05\/foto-2013-04-29-solenidade-onibus-escolares-01-700x420.jpg 700w, https:\/\/vanderloubet.com.br\/deputado\/wp-content\/uploads\/2015\/05\/foto-2013-04-29-solenidade-onibus-escolares-01-350x210.jpg 350w, https:\/\/vanderloubet.com.br\/deputado\/wp-content\/uploads\/2015\/05\/foto-2013-04-29-solenidade-onibus-escolares-01-768x461.jpg 768w, https:\/\/vanderloubet.com.br\/deputado\/wp-content\/uploads\/2015\/05\/foto-2013-04-29-solenidade-onibus-escolares-01-696x418.jpg 696w, https:\/\/vanderloubet.com.br\/deputado\/wp-content\/uploads\/2015\/05\/foto-2013-04-29-solenidade-onibus-escolares-01-1068x641.jpg 1068w, https:\/\/vanderloubet.com.br\/deputado\/wp-content\/uploads\/2015\/05\/foto-2013-04-29-solenidade-onibus-escolares-01.jpg 1200w\" sizes=\"(max-width: 700px) 100vw, 700px\" alt=\"Presidenta Dilma foi muito saudada pelos presentes &agrave; solenidade\">\r\n                            <\/a>\r\n                            <figcaption class = \"td-slide-caption td-gallery-slide-content\"><span>Presidenta Dilma foi muito saudada pelos presentes \u00e0 solenidade<\/span><\/figcaption>\r\n                        <\/figure>\r\n                    <\/div>\r\n                    <div class = \"td-slide-item td-item4\">\r\n                        <figure class=\"td-slide-galery-figure td-slide-popup-gallery\">\r\n                            <a class=\"slide-gallery-image-link\" href=\"https:\/\/vanderloubet.com.br\/deputado\/wp-content\/uploads\/2015\/05\/foto-2013-04-29-solenidade-onibus-escolares-02.jpg\" title=\"Ministro Mercadante tamb\u00e9m esteve presente\"  data-caption=\"\"  data-description=\"Ministro Mercadante tamb&eacute;m esteve presente\">\r\n                                <img decoding=\"async\" src=\"https:\/\/vanderloubet.com.br\/deputado\/wp-content\/uploads\/2015\/05\/foto-2013-04-29-solenidade-onibus-escolares-02-700x420.jpg\" srcset=\"https:\/\/vanderloubet.com.br\/deputado\/wp-content\/uploads\/2015\/05\/foto-2013-04-29-solenidade-onibus-escolares-02-700x420.jpg 700w, https:\/\/vanderloubet.com.br\/deputado\/wp-content\/uploads\/2015\/05\/foto-2013-04-29-solenidade-onibus-escolares-02-350x210.jpg 350w, https:\/\/vanderloubet.com.br\/deputado\/wp-content\/uploads\/2015\/05\/foto-2013-04-29-solenidade-onibus-escolares-02-768x461.jpg 768w, https:\/\/vanderloubet.com.br\/deputado\/wp-content\/uploads\/2015\/05\/foto-2013-04-29-solenidade-onibus-escolares-02-696x418.jpg 696w, https:\/\/vanderloubet.com.br\/deputado\/wp-content\/uploads\/2015\/05\/foto-2013-04-29-solenidade-onibus-escolares-02-1068x641.jpg 1068w, https:\/\/vanderloubet.com.br\/deputado\/wp-content\/uploads\/2015\/05\/foto-2013-04-29-solenidade-onibus-escolares-02.jpg 1200w\" sizes=\"(max-width: 700px) 100vw, 700px\" alt=\"Ministro Mercadante tamb&eacute;m esteve presente\">\r\n                            <\/a>\r\n                            <figcaption class = \"td-slide-caption td-gallery-slide-content\"><span>Ministro Mercadante tamb\u00e9m esteve presente<\/span><\/figcaption>\r\n                        <\/figure>\r\n                    <\/div>\r\n                    <div class = \"td-slide-item td-item5\">\r\n                        <figure class=\"td-slide-galery-figure td-slide-popup-gallery\">\r\n                            <a class=\"slide-gallery-image-link\" href=\"https:\/\/vanderloubet.com.br\/deputado\/wp-content\/uploads\/2015\/05\/foto-2013-04-29-solenidade-onibus-escolares-03.jpg\" title=\"Presidenta Dilma recebeu o carinho do p\u00fablico que compareceu ao evento\"  data-caption=\"\"  data-description=\"Presidenta Dilma recebeu o carinho do p&uacute;blico que compareceu ao evento\">\r\n                                <img decoding=\"async\" src=\"https:\/\/vanderloubet.com.br\/deputado\/wp-content\/uploads\/2015\/05\/foto-2013-04-29-solenidade-onibus-escolares-03-700x420.jpg\" srcset=\"https:\/\/vanderloubet.com.br\/deputado\/wp-content\/uploads\/2015\/05\/foto-2013-04-29-solenidade-onibus-escolares-03-700x420.jpg 700w, https:\/\/vanderloubet.com.br\/deputado\/wp-content\/uploads\/2015\/05\/foto-2013-04-29-solenidade-onibus-escolares-03-350x210.jpg 350w, https:\/\/vanderloubet.com.br\/deputado\/wp-content\/uploads\/2015\/05\/foto-2013-04-29-solenidade-onibus-escolares-03-768x461.jpg 768w, https:\/\/vanderloubet.com.br\/deputado\/wp-content\/uploads\/2015\/05\/foto-2013-04-29-solenidade-onibus-escolares-03-696x418.jpg 696w, https:\/\/vanderloubet.com.br\/deputado\/wp-content\/uploads\/2015\/05\/foto-2013-04-29-solenidade-onibus-escolares-03-1068x641.jpg 1068w, https:\/\/vanderloubet.com.br\/deputado\/wp-content\/uploads\/2015\/05\/foto-2013-04-29-solenidade-onibus-escolares-03.jpg 1200w\" sizes=\"(max-width: 700px) 100vw, 700px\" alt=\"Presidenta Dilma recebeu o carinho do p&uacute;blico que compareceu ao evento\">\r\n                            <\/a>\r\n                            <figcaption class = \"td-slide-caption td-gallery-slide-content\"><span>Presidenta Dilma recebeu o carinho do p\u00fablico que compareceu ao evento<\/span><\/figcaption>\r\n                        <\/figure>\r\n                    <\/div>\r\n                            <\/div>\r\n                        <\/div>\r\n\r\n                        <div class = \"td-doubleSlider-2\">\r\n                            <div class = \"td-slider\">\r\n                                \r\n                    <div class = \"td-button td-item1\">\r\n                        <div class = \"td-border\"><\/div>\r\n                    <\/div>\r\n                    <div class = \"td-button td-item2\">\r\n                        <div class = \"td-border\"><\/div>\r\n                    <\/div>\r\n                    <div class = \"td-button td-item3\">\r\n                        <div class = \"td-border\"><\/div>\r\n                    <\/div>\r\n                    <div class = \"td-button td-item4\">\r\n                        <div class = \"td-border\"><\/div>\r\n                    <\/div>\r\n                    <div class = \"td-button td-item5\">\r\n                        <div class = \"td-border\"><\/div>\r\n                    <\/div>\r\n                            <\/div>\r\n                        <\/div>\r\n\r\n                    <\/div>\r\n\r\n                <\/div>\r\n                \n<p>Campo Grande recebeu pela primeira vez, desde que foi eleita em 2010, a presidenta da Rep\u00fablica, Dilma Rousseff. Ela esteve nesta segunda-feira (29) na Capital para entregar uma frota de 300 \u00f4nibus de transporte escolar que atender\u00e3o 78 munic\u00edpios de Mato Grosso do Sul.<\/p>\n<p>O evento foi realizado no Jockey Club de Campo Grande e reuniu o ministro da Educa\u00e7\u00e3o, Aloizio Mercadante, o governador Andr\u00e9 Puccinelli, senadores, deputados federais e estaduais, prefeitos e vereadores. O deputado federal Vander Loubet marcou presen\u00e7a e elogiou a a\u00e7\u00e3o.<\/p>\n<p>&#8220;Esses ve\u00edculos comprados pelo Governo Federal v\u00e3o beneficiar dezenas de milhares de alunos da Rede Estadual de Ensino. \u00c9 uma grande a\u00e7\u00e3o, que envolve recursos do Fundo Nacional para o Desenvolvimento da Educa\u00e7\u00e3o [FNDE]&#8221;, afirmou o parlamentar petista.<\/p>\n<p>A frota \u00e9 composta por 170 micro-\u00f4nibus de 23 lugares e 130 \u00f4nibus de 42 lugares. Foram investidos R$ 64,7 milh\u00f5es, sendo R$ 33,4 milh\u00f5es nos micro-\u00f4nibus e R$ 31,3 milh\u00f5es nos \u00f4nibus. S\u00e3o ve\u00edculos zero quil\u00f4metro, equipados com bagageiro para acomodar mochilas, cintos de seguran\u00e7a em todos os bancos e piso antiderrapante.<\/p>\n<p><strong>Combate \u00e0 evas\u00e3o<\/strong> &#8211; A entrega dos ve\u00edculos faz parte de uma parceria do Governo Federal com estados e munic\u00edpios dentro do programa Caminhos da Escola, cujo objetivo \u00e9 ampliar, por meio do transporte di\u00e1rio, o acesso e a perman\u00eancia na escola dos estudantes matriculados na educa\u00e7\u00e3o b\u00e1sica do zona rural.<\/p>\n<p>Veja a quantidade de ve\u00edculos que cada munic\u00edpio recebeu:<\/p>\n<p><img decoding=\"async\" class=\"alignnone wp-image-9665 size-large\" title=\"Lista de munic\u00edpios beneficiados com os \u00f4nibus escolares\" src=\"http:\/\/vanderloubet.com.br\/deputado\/wp-content\/uploads\/2015\/05\/foto-2013-04-29-municipios-onibus-escolares-700x704.jpg\" alt=\"Lista de munic\u00edpios beneficiados com os \u00f4nibus escolares\" width=\"700\" height=\"704\" srcset=\"https:\/\/vanderloubet.com.br\/deputado\/wp-content\/uploads\/2015\/05\/foto-2013-04-29-municipios-onibus-escolares-700x704.jpg 700w, https:\/\/vanderloubet.com.br\/deputado\/wp-content\/uploads\/2015\/05\/foto-2013-04-29-municipios-onibus-escolares-150x150.jpg 150w, https:\/\/vanderloubet.com.br\/deputado\/wp-content\/uploads\/2015\/05\/foto-2013-04-29-municipios-onibus-escolares-350x352.jpg 350w, https:\/\/vanderloubet.com.br\/deputado\/wp-content\/uploads\/2015\/05\/foto-2013-04-29-municipios-onibus-escolares-418x420.jpg 418w, https:\/\/vanderloubet.com.br\/deputado\/wp-content\/uploads\/2015\/05\/foto-2013-04-29-municipios-onibus-escolares-696x700.jpg 696w, https:\/\/vanderloubet.com.br\/deputado\/wp-content\/uploads\/2015\/05\/foto-2013-04-29-municipios-onibus-escolares.jpg 751w\" sizes=\"(max-width: 700px) 100vw, 700px\" \/><\/p>\n<p><em>(\u00c9der Yanaguita &#8211; Ascom\/Deputado Vander)<\/em><\/p>\n","protected":false},"excerpt":{"rendered":"<p>A frota \u00e9 composta por 170 micro-\u00f4nibus de 23 lugares e 130 \u00f4nibus de 42 lugares. Foram investidos R$ 64,7 milh\u00f5es.<\/p>\n","protected":false},"author":2,"featured_media":9668,"comment_status":"closed","ping_status":"closed","sticky":false,"template":"","format":"standard","meta":{"jetpack_post_was_ever_published":false,"_jetpack_newsletter_access":"","_jetpack_dont_email_post_to_subs":false,"_jetpack_newsletter_tier_id":0,"_jetpack_memberships_contains_paywalled_content":false,"_jetpack_memberships_contains_paid_content":false,"footnotes":""},"categories":[2097,10],"tags":[697,2146],"class_list":{"0":"post-9664","1":"post","2":"type-post","3":"status-publish","4":"format-standard","5":"has-post-thumbnail","7":"category-municipios-noticias","8":"category-noticias","9":"tag-educacao","10":"tag-transporte-escolar"},"yoast_head":"<!-- This site is optimized with the Yoast SEO plugin v27.4 - https:\/\/yoast.com\/product\/yoast-seo-wordpress\/ -->\n<title>Dilma entrega 300 \u00f4nibus escolares para atender munic\u00edpios de MS<\/title>\n<meta name=\"robots\" content=\"index, follow, max-snippet:-1, max-image-preview:large, max-video-preview:-1\" \/>\n<link rel=\"canonical\" href=\"https:\/\/vanderloubet.com.br\/deputado\/dilma-entrega-300-onibus-escolares-para-atender-municipios-de-ms\/\" \/>\n<meta property=\"og:locale\" content=\"pt_BR\" \/>\n<meta property=\"og:type\" content=\"article\" \/>\n<meta property=\"og:title\" content=\"Dilma entrega 300 \u00f4nibus escolares para atender munic\u00edpios de MS\" \/>\n<meta property=\"og:description\" content=\"A frota \u00e9 composta por 170 micro-\u00f4nibus de 23 lugares e 130 \u00f4nibus de 42 lugares. Foram investidos R$ 64,7 milh\u00f5es.\" \/>\n<meta property=\"og:url\" content=\"https:\/\/vanderloubet.com.br\/deputado\/dilma-entrega-300-onibus-escolares-para-atender-municipios-de-ms\/\" \/>\n<meta property=\"og:site_name\" content=\"Deputado Federal Vander Loubet\" \/>\n<meta property=\"article:publisher\" content=\"https:\/\/facebook.com\/deputadovander\" \/>\n<meta property=\"article:published_time\" content=\"2013-04-29T18:00:07+00:00\" \/>\n<meta property=\"article:modified_time\" content=\"2015-05-25T21:41:32+00:00\" \/>\n<meta property=\"og:image\" content=\"https:\/\/vanderloubet.com.br\/deputado\/wp-content\/uploads\/2015\/05\/foto-2013-04-29-solenidade-onibus-escolares-01.jpg\" \/>\n\t<meta property=\"og:image:width\" content=\"1200\" \/>\n\t<meta property=\"og:image:height\" content=\"720\" \/>\n\t<meta property=\"og:image:type\" content=\"image\/jpeg\" \/>\n<meta name=\"author\" content=\"\u00c9der\" \/>\n<meta name=\"twitter:card\" content=\"summary_large_image\" \/>\n<meta name=\"twitter:creator\" content=\"@vanderloubet\" \/>\n<meta name=\"twitter:site\" content=\"@vanderloubet\" \/>\n<script type=\"application\/ld+json\" class=\"yoast-schema-graph\">{\"@context\":\"https:\\\/\\\/schema.org\",\"@graph\":[{\"@type\":\"Article\",\"@id\":\"https:\\\/\\\/vanderloubet.com.br\\\/deputado\\\/dilma-entrega-300-onibus-escolares-para-atender-municipios-de-ms\\\/#article\",\"isPartOf\":{\"@id\":\"https:\\\/\\\/vanderloubet.com.br\\\/deputado\\\/dilma-entrega-300-onibus-escolares-para-atender-municipios-de-ms\\\/\"},\"author\":{\"name\":\"\u00c9der\",\"@id\":\"https:\\\/\\\/vanderloubet.com.br\\\/deputado\\\/#\\\/schema\\\/person\\\/15b51bd564532a8a68d9dec1b8eb890e\"},\"headline\":\"Dilma entrega 300 \u00f4nibus escolares para atender munic\u00edpios de MS\",\"datePublished\":\"2013-04-29T18:00:07+00:00\",\"dateModified\":\"2015-05-25T21:41:32+00:00\",\"mainEntityOfPage\":{\"@id\":\"https:\\\/\\\/vanderloubet.com.br\\\/deputado\\\/dilma-entrega-300-onibus-escolares-para-atender-municipios-de-ms\\\/\"},\"wordCount\":274,\"publisher\":{\"@id\":\"https:\\\/\\\/vanderloubet.com.br\\\/deputado\\\/#organization\"},\"image\":{\"@id\":\"https:\\\/\\\/vanderloubet.com.br\\\/deputado\\\/dilma-entrega-300-onibus-escolares-para-atender-municipios-de-ms\\\/#primaryimage\"},\"thumbnailUrl\":\"https:\\\/\\\/vanderloubet.com.br\\\/deputado\\\/wp-content\\\/uploads\\\/2015\\\/05\\\/foto-2013-04-29-solenidade-onibus-escolares-01.jpg\",\"keywords\":[\"educa\u00e7\u00e3o\",\"transporte escolar\"],\"articleSection\":[\"Munic\u00edpios\",\"Not\u00edcias\"],\"inLanguage\":\"pt-BR\"},{\"@type\":\"WebPage\",\"@id\":\"https:\\\/\\\/vanderloubet.com.br\\\/deputado\\\/dilma-entrega-300-onibus-escolares-para-atender-municipios-de-ms\\\/\",\"url\":\"https:\\\/\\\/vanderloubet.com.br\\\/deputado\\\/dilma-entrega-300-onibus-escolares-para-atender-municipios-de-ms\\\/\",\"name\":\"Dilma entrega 300 \u00f4nibus escolares para atender munic\u00edpios de MS\",\"isPartOf\":{\"@id\":\"https:\\\/\\\/vanderloubet.com.br\\\/deputado\\\/#website\"},\"primaryImageOfPage\":{\"@id\":\"https:\\\/\\\/vanderloubet.com.br\\\/deputado\\\/dilma-entrega-300-onibus-escolares-para-atender-municipios-de-ms\\\/#primaryimage\"},\"image\":{\"@id\":\"https:\\\/\\\/vanderloubet.com.br\\\/deputado\\\/dilma-entrega-300-onibus-escolares-para-atender-municipios-de-ms\\\/#primaryimage\"},\"thumbnailUrl\":\"https:\\\/\\\/vanderloubet.com.br\\\/deputado\\\/wp-content\\\/uploads\\\/2015\\\/05\\\/foto-2013-04-29-solenidade-onibus-escolares-01.jpg\",\"datePublished\":\"2013-04-29T18:00:07+00:00\",\"dateModified\":\"2015-05-25T21:41:32+00:00\",\"breadcrumb\":{\"@id\":\"https:\\\/\\\/vanderloubet.com.br\\\/deputado\\\/dilma-entrega-300-onibus-escolares-para-atender-municipios-de-ms\\\/#breadcrumb\"},\"inLanguage\":\"pt-BR\",\"potentialAction\":[{\"@type\":\"ReadAction\",\"target\":[\"https:\\\/\\\/vanderloubet.com.br\\\/deputado\\\/dilma-entrega-300-onibus-escolares-para-atender-municipios-de-ms\\\/\"]}]},{\"@type\":\"ImageObject\",\"inLanguage\":\"pt-BR\",\"@id\":\"https:\\\/\\\/vanderloubet.com.br\\\/deputado\\\/dilma-entrega-300-onibus-escolares-para-atender-municipios-de-ms\\\/#primaryimage\",\"url\":\"https:\\\/\\\/vanderloubet.com.br\\\/deputado\\\/wp-content\\\/uploads\\\/2015\\\/05\\\/foto-2013-04-29-solenidade-onibus-escolares-01.jpg\",\"contentUrl\":\"https:\\\/\\\/vanderloubet.com.br\\\/deputado\\\/wp-content\\\/uploads\\\/2015\\\/05\\\/foto-2013-04-29-solenidade-onibus-escolares-01.jpg\",\"width\":1200,\"height\":720,\"caption\":\"Presidenta Dilma foi muito saudada pelos presentes \u00e0 solenidade\"},{\"@type\":\"BreadcrumbList\",\"@id\":\"https:\\\/\\\/vanderloubet.com.br\\\/deputado\\\/dilma-entrega-300-onibus-escolares-para-atender-municipios-de-ms\\\/#breadcrumb\",\"itemListElement\":[{\"@type\":\"ListItem\",\"position\":1,\"name\":\"In\u00edcio\",\"item\":\"https:\\\/\\\/vanderloubet.com.br\\\/deputado\\\/\"},{\"@type\":\"ListItem\",\"position\":2,\"name\":\"Dilma entrega 300 \u00f4nibus escolares para atender munic\u00edpios de MS\"}]},{\"@type\":\"WebSite\",\"@id\":\"https:\\\/\\\/vanderloubet.com.br\\\/deputado\\\/#website\",\"url\":\"https:\\\/\\\/vanderloubet.com.br\\\/deputado\\\/\",\"name\":\"Deputado Federal Vander Loubet\",\"description\":\"O Federal de MS\",\"publisher\":{\"@id\":\"https:\\\/\\\/vanderloubet.com.br\\\/deputado\\\/#organization\"},\"alternateName\":\"Deputado Vander\",\"potentialAction\":[{\"@type\":\"SearchAction\",\"target\":{\"@type\":\"EntryPoint\",\"urlTemplate\":\"https:\\\/\\\/vanderloubet.com.br\\\/deputado\\\/?s={search_term_string}\"},\"query-input\":{\"@type\":\"PropertyValueSpecification\",\"valueRequired\":true,\"valueName\":\"search_term_string\"}}],\"inLanguage\":\"pt-BR\"},{\"@type\":\"Organization\",\"@id\":\"https:\\\/\\\/vanderloubet.com.br\\\/deputado\\\/#organization\",\"name\":\"Deputado Federal Vander Loubet\",\"alternateName\":\"Deputado Vander\",\"url\":\"https:\\\/\\\/vanderloubet.com.br\\\/deputado\\\/\",\"logo\":{\"@type\":\"ImageObject\",\"inLanguage\":\"pt-BR\",\"@id\":\"https:\\\/\\\/vanderloubet.com.br\\\/deputado\\\/#\\\/schema\\\/logo\\\/image\\\/\",\"url\":\"https:\\\/\\\/vanderloubet.com.br\\\/deputado\\\/wp-content\\\/uploads\\\/2023\\\/06\\\/foto-2023-06-19-mandato-deputado-vander.jpg\",\"contentUrl\":\"https:\\\/\\\/vanderloubet.com.br\\\/deputado\\\/wp-content\\\/uploads\\\/2023\\\/06\\\/foto-2023-06-19-mandato-deputado-vander.jpg\",\"width\":1080,\"height\":1080,\"caption\":\"Deputado Federal Vander Loubet\"},\"image\":{\"@id\":\"https:\\\/\\\/vanderloubet.com.br\\\/deputado\\\/#\\\/schema\\\/logo\\\/image\\\/\"},\"sameAs\":[\"https:\\\/\\\/facebook.com\\\/deputadovander\",\"https:\\\/\\\/x.com\\\/vanderloubet\",\"https:\\\/\\\/instagram.com\\\/vanderloubet\",\"https:\\\/\\\/youtube.com\\\/vanderloubet\",\"https:\\\/\\\/tiktok.com\\\/@vanderloubetms\"]},{\"@type\":\"Person\",\"@id\":\"https:\\\/\\\/vanderloubet.com.br\\\/deputado\\\/#\\\/schema\\\/person\\\/15b51bd564532a8a68d9dec1b8eb890e\",\"name\":\"\u00c9der\",\"image\":{\"@type\":\"ImageObject\",\"inLanguage\":\"pt-BR\",\"@id\":\"https:\\\/\\\/vanderloubet.com.br\\\/deputado\\\/wp-content\\\/litespeed\\\/avatar\\\/88ca4090d9d5ab1c9495f6ca03b68efa.jpg?ver=1777058957\",\"url\":\"https:\\\/\\\/vanderloubet.com.br\\\/deputado\\\/wp-content\\\/litespeed\\\/avatar\\\/88ca4090d9d5ab1c9495f6ca03b68efa.jpg?ver=1777058957\",\"contentUrl\":\"https:\\\/\\\/vanderloubet.com.br\\\/deputado\\\/wp-content\\\/litespeed\\\/avatar\\\/88ca4090d9d5ab1c9495f6ca03b68efa.jpg?ver=1777058957\",\"caption\":\"\u00c9der\"}}]}<\/script>\n<!-- \/ Yoast SEO plugin. -->","yoast_head_json":{"title":"Dilma entrega 300 \u00f4nibus escolares para atender munic\u00edpios de MS","robots":{"index":"index","follow":"follow","max-snippet":"max-snippet:-1","max-image-preview":"max-image-preview:large","max-video-preview":"max-video-preview:-1"},"canonical":"https:\/\/vanderloubet.com.br\/deputado\/dilma-entrega-300-onibus-escolares-para-atender-municipios-de-ms\/","og_locale":"pt_BR","og_type":"article","og_title":"Dilma entrega 300 \u00f4nibus escolares para atender munic\u00edpios de MS","og_description":"A frota \u00e9 composta por 170 micro-\u00f4nibus de 23 lugares e 130 \u00f4nibus de 42 lugares. Foram investidos R$ 64,7 milh\u00f5es.","og_url":"https:\/\/vanderloubet.com.br\/deputado\/dilma-entrega-300-onibus-escolares-para-atender-municipios-de-ms\/","og_site_name":"Deputado Federal Vander Loubet","article_publisher":"https:\/\/facebook.com\/deputadovander","article_published_time":"2013-04-29T18:00:07+00:00","article_modified_time":"2015-05-25T21:41:32+00:00","og_image":[{"width":1200,"height":720,"url":"https:\/\/vanderloubet.com.br\/deputado\/wp-content\/uploads\/2015\/05\/foto-2013-04-29-solenidade-onibus-escolares-01.jpg","type":"image\/jpeg"}],"author":"\u00c9der","twitter_card":"summary_large_image","twitter_creator":"@vanderloubet","twitter_site":"@vanderloubet","schema":{"@context":"https:\/\/schema.org","@graph":[{"@type":"Article","@id":"https:\/\/vanderloubet.com.br\/deputado\/dilma-entrega-300-onibus-escolares-para-atender-municipios-de-ms\/#article","isPartOf":{"@id":"https:\/\/vanderloubet.com.br\/deputado\/dilma-entrega-300-onibus-escolares-para-atender-municipios-de-ms\/"},"author":{"name":"\u00c9der","@id":"https:\/\/vanderloubet.com.br\/deputado\/#\/schema\/person\/15b51bd564532a8a68d9dec1b8eb890e"},"headline":"Dilma entrega 300 \u00f4nibus escolares para atender munic\u00edpios de MS","datePublished":"2013-04-29T18:00:07+00:00","dateModified":"2015-05-25T21:41:32+00:00","mainEntityOfPage":{"@id":"https:\/\/vanderloubet.com.br\/deputado\/dilma-entrega-300-onibus-escolares-para-atender-municipios-de-ms\/"},"wordCount":274,"publisher":{"@id":"https:\/\/vanderloubet.com.br\/deputado\/#organization"},"image":{"@id":"https:\/\/vanderloubet.com.br\/deputado\/dilma-entrega-300-onibus-escolares-para-atender-municipios-de-ms\/#primaryimage"},"thumbnailUrl":"https:\/\/vanderloubet.com.br\/deputado\/wp-content\/uploads\/2015\/05\/foto-2013-04-29-solenidade-onibus-escolares-01.jpg","keywords":["educa\u00e7\u00e3o","transporte escolar"],"articleSection":["Munic\u00edpios","Not\u00edcias"],"inLanguage":"pt-BR"},{"@type":"WebPage","@id":"https:\/\/vanderloubet.com.br\/deputado\/dilma-entrega-300-onibus-escolares-para-atender-municipios-de-ms\/","url":"https:\/\/vanderloubet.com.br\/deputado\/dilma-entrega-300-onibus-escolares-para-atender-municipios-de-ms\/","name":"Dilma entrega 300 \u00f4nibus escolares para atender munic\u00edpios de MS","isPartOf":{"@id":"https:\/\/vanderloubet.com.br\/deputado\/#website"},"primaryImageOfPage":{"@id":"https:\/\/vanderloubet.com.br\/deputado\/dilma-entrega-300-onibus-escolares-para-atender-municipios-de-ms\/#primaryimage"},"image":{"@id":"https:\/\/vanderloubet.com.br\/deputado\/dilma-entrega-300-onibus-escolares-para-atender-municipios-de-ms\/#primaryimage"},"thumbnailUrl":"https:\/\/vanderloubet.com.br\/deputado\/wp-content\/uploads\/2015\/05\/foto-2013-04-29-solenidade-onibus-escolares-01.jpg","datePublished":"2013-04-29T18:00:07+00:00","dateModified":"2015-05-25T21:41:32+00:00","breadcrumb":{"@id":"https:\/\/vanderloubet.com.br\/deputado\/dilma-entrega-300-onibus-escolares-para-atender-municipios-de-ms\/#breadcrumb"},"inLanguage":"pt-BR","potentialAction":[{"@type":"ReadAction","target":["https:\/\/vanderloubet.com.br\/deputado\/dilma-entrega-300-onibus-escolares-para-atender-municipios-de-ms\/"]}]},{"@type":"ImageObject","inLanguage":"pt-BR","@id":"https:\/\/vanderloubet.com.br\/deputado\/dilma-entrega-300-onibus-escolares-para-atender-municipios-de-ms\/#primaryimage","url":"https:\/\/vanderloubet.com.br\/deputado\/wp-content\/uploads\/2015\/05\/foto-2013-04-29-solenidade-onibus-escolares-01.jpg","contentUrl":"https:\/\/vanderloubet.com.br\/deputado\/wp-content\/uploads\/2015\/05\/foto-2013-04-29-solenidade-onibus-escolares-01.jpg","width":1200,"height":720,"caption":"Presidenta Dilma foi muito saudada pelos presentes \u00e0 solenidade"},{"@type":"BreadcrumbList","@id":"https:\/\/vanderloubet.com.br\/deputado\/dilma-entrega-300-onibus-escolares-para-atender-municipios-de-ms\/#breadcrumb","itemListElement":[{"@type":"ListItem","position":1,"name":"In\u00edcio","item":"https:\/\/vanderloubet.com.br\/deputado\/"},{"@type":"ListItem","position":2,"name":"Dilma entrega 300 \u00f4nibus escolares para atender munic\u00edpios de MS"}]},{"@type":"WebSite","@id":"https:\/\/vanderloubet.com.br\/deputado\/#website","url":"https:\/\/vanderloubet.com.br\/deputado\/","name":"Deputado Federal Vander Loubet","description":"O Federal de MS","publisher":{"@id":"https:\/\/vanderloubet.com.br\/deputado\/#organization"},"alternateName":"Deputado Vander","potentialAction":[{"@type":"SearchAction","target":{"@type":"EntryPoint","urlTemplate":"https:\/\/vanderloubet.com.br\/deputado\/?s={search_term_string}"},"query-input":{"@type":"PropertyValueSpecification","valueRequired":true,"valueName":"search_term_string"}}],"inLanguage":"pt-BR"},{"@type":"Organization","@id":"https:\/\/vanderloubet.com.br\/deputado\/#organization","name":"Deputado Federal Vander Loubet","alternateName":"Deputado Vander","url":"https:\/\/vanderloubet.com.br\/deputado\/","logo":{"@type":"ImageObject","inLanguage":"pt-BR","@id":"https:\/\/vanderloubet.com.br\/deputado\/#\/schema\/logo\/image\/","url":"https:\/\/vanderloubet.com.br\/deputado\/wp-content\/uploads\/2023\/06\/foto-2023-06-19-mandato-deputado-vander.jpg","contentUrl":"https:\/\/vanderloubet.com.br\/deputado\/wp-content\/uploads\/2023\/06\/foto-2023-06-19-mandato-deputado-vander.jpg","width":1080,"height":1080,"caption":"Deputado Federal Vander Loubet"},"image":{"@id":"https:\/\/vanderloubet.com.br\/deputado\/#\/schema\/logo\/image\/"},"sameAs":["https:\/\/facebook.com\/deputadovander","https:\/\/x.com\/vanderloubet","https:\/\/instagram.com\/vanderloubet","https:\/\/youtube.com\/vanderloubet","https:\/\/tiktok.com\/@vanderloubetms"]},{"@type":"Person","@id":"https:\/\/vanderloubet.com.br\/deputado\/#\/schema\/person\/15b51bd564532a8a68d9dec1b8eb890e","name":"\u00c9der","image":{"@type":"ImageObject","inLanguage":"pt-BR","@id":"https:\/\/vanderloubet.com.br\/deputado\/wp-content\/litespeed\/avatar\/88ca4090d9d5ab1c9495f6ca03b68efa.jpg?ver=1777058957","url":"https:\/\/vanderloubet.com.br\/deputado\/wp-content\/litespeed\/avatar\/88ca4090d9d5ab1c9495f6ca03b68efa.jpg?ver=1777058957","contentUrl":"https:\/\/vanderloubet.com.br\/deputado\/wp-content\/litespeed\/avatar\/88ca4090d9d5ab1c9495f6ca03b68efa.jpg?ver=1777058957","caption":"\u00c9der"}}]}},"jetpack_featured_media_url":"https:\/\/vanderloubet.com.br\/deputado\/wp-content\/uploads\/2015\/05\/foto-2013-04-29-solenidade-onibus-escolares-01.jpg","jetpack_sharing_enabled":true,"_links":{"self":[{"href":"https:\/\/vanderloubet.com.br\/deputado\/wp-json\/wp\/v2\/posts\/9664","targetHints":{"allow":["GET"]}}],"collection":[{"href":"https:\/\/vanderloubet.com.br\/deputado\/wp-json\/wp\/v2\/posts"}],"about":[{"href":"https:\/\/vanderloubet.com.br\/deputado\/wp-json\/wp\/v2\/types\/post"}],"author":[{"embeddable":true,"href":"https:\/\/vanderloubet.com.br\/deputado\/wp-json\/wp\/v2\/users\/2"}],"replies":[{"embeddable":true,"href":"https:\/\/vanderloubet.com.br\/deputado\/wp-json\/wp\/v2\/comments?post=9664"}],"version-history":[{"count":0,"href":"https:\/\/vanderloubet.com.br\/deputado\/wp-json\/wp\/v2\/posts\/9664\/revisions"}],"wp:featuredmedia":[{"embeddable":true,"href":"https:\/\/vanderloubet.com.br\/deputado\/wp-json\/wp\/v2\/media\/9668"}],"wp:attachment":[{"href":"https:\/\/vanderloubet.com.br\/deputado\/wp-json\/wp\/v2\/media?parent=9664"}],"wp:term":[{"taxonomy":"category","embeddable":true,"href":"https:\/\/vanderloubet.com.br\/deputado\/wp-json\/wp\/v2\/categories?post=9664"},{"taxonomy":"post_tag","embeddable":true,"href":"https:\/\/vanderloubet.com.br\/deputado\/wp-json\/wp\/v2\/tags?post=9664"}],"curies":[{"name":"wp","href":"https:\/\/api.w.org\/{rel}","templated":true}]}}