{"id":9661,"date":"2015-05-25T10:20:04","date_gmt":"2015-05-25T13:20:04","guid":{"rendered":"http:\/\/vanderloubet.com.br\/deputado\/?p=9661"},"modified":"2015-05-25T10:20:04","modified_gmt":"2015-05-25T13:20:04","slug":"vander-defende-propostas-de-prefeitos-em-brasilia-e-pede-dialogo-ao-governo","status":"publish","type":"post","link":"https:\/\/vanderloubet.com.br\/deputado\/vander-defende-propostas-de-prefeitos-em-brasilia-e-pede-dialogo-ao-governo\/","title":{"rendered":"Vander defende propostas de prefeitos em Bras\u00edlia e pede di\u00e1logo ao Governo"},"content":{"rendered":"<figure id=\"attachment_9662\" aria-describedby=\"caption-attachment-9662\" style=\"width: 700px\" class=\"wp-caption alignnone\"><img decoding=\"async\" class=\"wp-image-9662 size-large\" title=\"Vander com prefeitos do PT em recente reuni\u00e3o no gabinete\" src=\"http:\/\/vanderloubet.com.br\/deputado\/wp-content\/uploads\/2015\/05\/foto-2015-05-25-vander-prefeitos-pt-700x467.jpg\" alt=\"Vander com prefeitos do PT em recente reuni\u00e3o no gabinete\" width=\"700\" height=\"467\" srcset=\"https:\/\/vanderloubet.com.br\/deputado\/wp-content\/uploads\/2015\/05\/foto-2015-05-25-vander-prefeitos-pt-700x467.jpg 700w, https:\/\/vanderloubet.com.br\/deputado\/wp-content\/uploads\/2015\/05\/foto-2015-05-25-vander-prefeitos-pt-350x233.jpg 350w, https:\/\/vanderloubet.com.br\/deputado\/wp-content\/uploads\/2015\/05\/foto-2015-05-25-vander-prefeitos-pt-768x512.jpg 768w, https:\/\/vanderloubet.com.br\/deputado\/wp-content\/uploads\/2015\/05\/foto-2015-05-25-vander-prefeitos-pt-630x420.jpg 630w, https:\/\/vanderloubet.com.br\/deputado\/wp-content\/uploads\/2015\/05\/foto-2015-05-25-vander-prefeitos-pt-696x464.jpg 696w, https:\/\/vanderloubet.com.br\/deputado\/wp-content\/uploads\/2015\/05\/foto-2015-05-25-vander-prefeitos-pt-1068x712.jpg 1068w, https:\/\/vanderloubet.com.br\/deputado\/wp-content\/uploads\/2015\/05\/foto-2015-05-25-vander-prefeitos-pt.jpg 1200w\" sizes=\"(max-width: 700px) 100vw, 700px\" \/><figcaption id=\"caption-attachment-9662\" class=\"wp-caption-text\">Vander com prefeitos do PT em recente reuni\u00e3o no gabinete<\/figcaption><\/figure>\n<p>O deputado federal Vander Loubet (PT-MS), coordenador da bancada de Mato Grosso do Sul no Congresso Nacional, defendeu hoje (21) em Bras\u00edlia que o Governo Federal se empenhe para atender parte das propostas defendidas pelos prefeitos e prefeitas que estar\u00e3o na Marcha a Bras\u00edlia em Defesa dos Munic\u00edpios. Para o parlamentar, apesar de o momento ser de ajustes, \u00e9 necess\u00e1rio que o Governo mantenha o di\u00e1logo e busque consensos com os gestores municipais.<\/p>\n<p>&#8220;Todos os entes federativos est\u00e3o se esfor\u00e7ando para fazer as contas fecharem. E no caso das prefeituras esse esfor\u00e7o \u00e9 ainda mais cobrado por causa da proximidade com a popula\u00e7\u00e3o. Por isso \u00e9 importante que a Uni\u00e3o, os estados e os munic\u00edpios busquem juntos caminhos de fazer os ajustes devidos de forma que o impacto na popula\u00e7\u00e3o seja o menor poss\u00edvel&#8221;, ponderou Vander.<\/p>\n<p>Entre as propostas defendidas pelos prefeitos, o deputado destaca cinco:<\/p>\n<ul>\n<li>Prorroga\u00e7\u00e3o do prazo para encerramento dos lix\u00f5es (Lei 12.305\/2010);<\/li>\n<li>Altera\u00e7\u00e3o da Lei 11.705\/2008, que cont\u00e9m itens que dificultam a forma\u00e7\u00e3o de Cons\u00f3rcios P\u00fablicos, como o Cadastro \u00danico de Conv\u00eanios (Cauc): se um munic\u00edpio estiver com pend\u00eancia, todo o cons\u00f3rcio fica impedido de celebrar os conv\u00eanios;<\/li>\n<li>Altera\u00e7\u00e3o da Lei das Licita\u00e7\u00f5es P\u00fablicas (Lei 8.666\/1993), tendo em vista que \u00e9 um texto antigo e que precisa ser atualizado;<\/li>\n<li>Regulamenta\u00e7\u00e3o da Lei Complementar 141\/2014, cujo texto atual permite que o Minist\u00e9rio da Sa\u00fade possa bloquear transfer\u00eancias constitucionais para estados e munic\u00edpios;<\/li>\n<li>Revis\u00e3o do Decreto Presidencial 8.407\/2015, que trata dos Restos a Pagar (RAP) aos munic\u00edpios, pois h\u00e1 risco de serem cancelados conv\u00eanios de exerc\u00edcios anteriores que somam R$ 13 bilh\u00f5es.<\/li>\n<\/ul>\n<p>A Marcha a Bras\u00edlia em Defesa dos Munic\u00edpios ser\u00e1 realizada de 25 a 28 deste m\u00eas, no Centro Internacional de Conven\u00e7\u00f5es do Brasil, em Bras\u00edlia. A abertura oficial ser\u00e1 no dia 26 e ter\u00e1 a presen\u00e7a da presidenta Dilma Rousseff, al\u00e9m da participa\u00e7\u00e3o dos presidentes da C\u00e2mara dos Deputados e do Senado Federal, Eduardo Cunha e Renan Calheiros.<\/p>\n<p><em>(\u00c9der Yanaguita &#8211; Ascom\/Deputado Vander)<\/em><\/p>\n","protected":false},"excerpt":{"rendered":"<p>Gestores municipais far\u00e3o a Marcha a Bras\u00edlia em Defesa dos Munic\u00edpios, em Bras\u00edlia, cuja abertura deve contar com a presen\u00e7a da presidenta Dilma Rousseff.<\/p>\n","protected":false},"author":2,"featured_media":9662,"comment_status":"closed","ping_status":"closed","sticky":false,"template":"","format":"standard","meta":{"jetpack_post_was_ever_published":false,"_jetpack_newsletter_access":"","_jetpack_dont_email_post_to_subs":false,"_jetpack_newsletter_tier_id":0,"_jetpack_memberships_contains_paywalled_content":false,"_jetpack_memberships_contains_paid_content":false,"footnotes":""},"categories":[2097,10],"tags":[2329,2330,1433],"class_list":{"0":"post-9661","1":"post","2":"type-post","3":"status-publish","4":"format-standard","5":"has-post-thumbnail","7":"category-municipios-noticias","8":"category-noticias","9":"tag-consorcio","10":"tag-licitacao","11":"tag-orcamento"},"yoast_head":"<!-- This site is optimized with the Yoast SEO plugin v27.4 - https:\/\/yoast.com\/product\/yoast-seo-wordpress\/ -->\n<title>Vander defende propostas de prefeitos em Bras\u00edlia e pede di\u00e1logo ao Governo<\/title>\n<meta name=\"robots\" content=\"index, follow, max-snippet:-1, max-image-preview:large, max-video-preview:-1\" \/>\n<link rel=\"canonical\" href=\"https:\/\/vanderloubet.com.br\/deputado\/vander-defende-propostas-de-prefeitos-em-brasilia-e-pede-dialogo-ao-governo\/\" \/>\n<meta property=\"og:locale\" content=\"pt_BR\" \/>\n<meta property=\"og:type\" content=\"article\" \/>\n<meta property=\"og:title\" content=\"Vander defende propostas de prefeitos em Bras\u00edlia e pede di\u00e1logo ao Governo\" \/>\n<meta property=\"og:description\" content=\"Gestores municipais far\u00e3o a Marcha a Bras\u00edlia em Defesa dos Munic\u00edpios, em Bras\u00edlia, cuja abertura deve contar com a presen\u00e7a da presidenta Dilma Rousseff.\" \/>\n<meta property=\"og:url\" content=\"https:\/\/vanderloubet.com.br\/deputado\/vander-defende-propostas-de-prefeitos-em-brasilia-e-pede-dialogo-ao-governo\/\" \/>\n<meta property=\"og:site_name\" content=\"Deputado Federal Vander Loubet\" \/>\n<meta property=\"article:publisher\" content=\"https:\/\/facebook.com\/deputadovander\" \/>\n<meta property=\"article:published_time\" content=\"2015-05-25T13:20:04+00:00\" \/>\n<meta property=\"og:image\" content=\"https:\/\/vanderloubet.com.br\/deputado\/wp-content\/uploads\/2015\/05\/foto-2015-05-25-vander-prefeitos-pt.jpg\" \/>\n\t<meta property=\"og:image:width\" content=\"1200\" \/>\n\t<meta property=\"og:image:height\" content=\"800\" \/>\n\t<meta property=\"og:image:type\" content=\"image\/jpeg\" \/>\n<meta name=\"author\" content=\"\u00c9der\" \/>\n<meta name=\"twitter:card\" content=\"summary_large_image\" \/>\n<meta name=\"twitter:creator\" content=\"@vanderloubet\" \/>\n<meta name=\"twitter:site\" content=\"@vanderloubet\" \/>\n<script type=\"application\/ld+json\" class=\"yoast-schema-graph\">{\"@context\":\"https:\\\/\\\/schema.org\",\"@graph\":[{\"@type\":\"Article\",\"@id\":\"https:\\\/\\\/vanderloubet.com.br\\\/deputado\\\/vander-defende-propostas-de-prefeitos-em-brasilia-e-pede-dialogo-ao-governo\\\/#article\",\"isPartOf\":{\"@id\":\"https:\\\/\\\/vanderloubet.com.br\\\/deputado\\\/vander-defende-propostas-de-prefeitos-em-brasilia-e-pede-dialogo-ao-governo\\\/\"},\"author\":{\"name\":\"\u00c9der\",\"@id\":\"https:\\\/\\\/vanderloubet.com.br\\\/deputado\\\/#\\\/schema\\\/person\\\/15b51bd564532a8a68d9dec1b8eb890e\"},\"headline\":\"Vander defende propostas de prefeitos em Bras\u00edlia e pede di\u00e1logo ao Governo\",\"datePublished\":\"2015-05-25T13:20:04+00:00\",\"mainEntityOfPage\":{\"@id\":\"https:\\\/\\\/vanderloubet.com.br\\\/deputado\\\/vander-defende-propostas-de-prefeitos-em-brasilia-e-pede-dialogo-ao-governo\\\/\"},\"wordCount\":393,\"publisher\":{\"@id\":\"https:\\\/\\\/vanderloubet.com.br\\\/deputado\\\/#organization\"},\"image\":{\"@id\":\"https:\\\/\\\/vanderloubet.com.br\\\/deputado\\\/vander-defende-propostas-de-prefeitos-em-brasilia-e-pede-dialogo-ao-governo\\\/#primaryimage\"},\"thumbnailUrl\":\"https:\\\/\\\/vanderloubet.com.br\\\/deputado\\\/wp-content\\\/uploads\\\/2015\\\/05\\\/foto-2015-05-25-vander-prefeitos-pt.jpg\",\"keywords\":[\"cons\u00f3rcio\",\"licita\u00e7\u00e3o\",\"or\u00e7amento\"],\"articleSection\":[\"Munic\u00edpios\",\"Not\u00edcias\"],\"inLanguage\":\"pt-BR\"},{\"@type\":\"WebPage\",\"@id\":\"https:\\\/\\\/vanderloubet.com.br\\\/deputado\\\/vander-defende-propostas-de-prefeitos-em-brasilia-e-pede-dialogo-ao-governo\\\/\",\"url\":\"https:\\\/\\\/vanderloubet.com.br\\\/deputado\\\/vander-defende-propostas-de-prefeitos-em-brasilia-e-pede-dialogo-ao-governo\\\/\",\"name\":\"Vander defende propostas de prefeitos em Bras\u00edlia e pede di\u00e1logo ao Governo\",\"isPartOf\":{\"@id\":\"https:\\\/\\\/vanderloubet.com.br\\\/deputado\\\/#website\"},\"primaryImageOfPage\":{\"@id\":\"https:\\\/\\\/vanderloubet.com.br\\\/deputado\\\/vander-defende-propostas-de-prefeitos-em-brasilia-e-pede-dialogo-ao-governo\\\/#primaryimage\"},\"image\":{\"@id\":\"https:\\\/\\\/vanderloubet.com.br\\\/deputado\\\/vander-defende-propostas-de-prefeitos-em-brasilia-e-pede-dialogo-ao-governo\\\/#primaryimage\"},\"thumbnailUrl\":\"https:\\\/\\\/vanderloubet.com.br\\\/deputado\\\/wp-content\\\/uploads\\\/2015\\\/05\\\/foto-2015-05-25-vander-prefeitos-pt.jpg\",\"datePublished\":\"2015-05-25T13:20:04+00:00\",\"breadcrumb\":{\"@id\":\"https:\\\/\\\/vanderloubet.com.br\\\/deputado\\\/vander-defende-propostas-de-prefeitos-em-brasilia-e-pede-dialogo-ao-governo\\\/#breadcrumb\"},\"inLanguage\":\"pt-BR\",\"potentialAction\":[{\"@type\":\"ReadAction\",\"target\":[\"https:\\\/\\\/vanderloubet.com.br\\\/deputado\\\/vander-defende-propostas-de-prefeitos-em-brasilia-e-pede-dialogo-ao-governo\\\/\"]}]},{\"@type\":\"ImageObject\",\"inLanguage\":\"pt-BR\",\"@id\":\"https:\\\/\\\/vanderloubet.com.br\\\/deputado\\\/vander-defende-propostas-de-prefeitos-em-brasilia-e-pede-dialogo-ao-governo\\\/#primaryimage\",\"url\":\"https:\\\/\\\/vanderloubet.com.br\\\/deputado\\\/wp-content\\\/uploads\\\/2015\\\/05\\\/foto-2015-05-25-vander-prefeitos-pt.jpg\",\"contentUrl\":\"https:\\\/\\\/vanderloubet.com.br\\\/deputado\\\/wp-content\\\/uploads\\\/2015\\\/05\\\/foto-2015-05-25-vander-prefeitos-pt.jpg\",\"width\":1200,\"height\":800,\"caption\":\"Vander com prefeitos do PT em recente reuni\u00e3o no gabinete\"},{\"@type\":\"BreadcrumbList\",\"@id\":\"https:\\\/\\\/vanderloubet.com.br\\\/deputado\\\/vander-defende-propostas-de-prefeitos-em-brasilia-e-pede-dialogo-ao-governo\\\/#breadcrumb\",\"itemListElement\":[{\"@type\":\"ListItem\",\"position\":1,\"name\":\"In\u00edcio\",\"item\":\"https:\\\/\\\/vanderloubet.com.br\\\/deputado\\\/\"},{\"@type\":\"ListItem\",\"position\":2,\"name\":\"Vander defende propostas de prefeitos em Bras\u00edlia e pede di\u00e1logo ao Governo\"}]},{\"@type\":\"WebSite\",\"@id\":\"https:\\\/\\\/vanderloubet.com.br\\\/deputado\\\/#website\",\"url\":\"https:\\\/\\\/vanderloubet.com.br\\\/deputado\\\/\",\"name\":\"Deputado Federal Vander Loubet\",\"description\":\"O Federal de MS\",\"publisher\":{\"@id\":\"https:\\\/\\\/vanderloubet.com.br\\\/deputado\\\/#organization\"},\"alternateName\":\"Deputado Vander\",\"potentialAction\":[{\"@type\":\"SearchAction\",\"target\":{\"@type\":\"EntryPoint\",\"urlTemplate\":\"https:\\\/\\\/vanderloubet.com.br\\\/deputado\\\/?s={search_term_string}\"},\"query-input\":{\"@type\":\"PropertyValueSpecification\",\"valueRequired\":true,\"valueName\":\"search_term_string\"}}],\"inLanguage\":\"pt-BR\"},{\"@type\":\"Organization\",\"@id\":\"https:\\\/\\\/vanderloubet.com.br\\\/deputado\\\/#organization\",\"name\":\"Deputado Federal Vander Loubet\",\"alternateName\":\"Deputado Vander\",\"url\":\"https:\\\/\\\/vanderloubet.com.br\\\/deputado\\\/\",\"logo\":{\"@type\":\"ImageObject\",\"inLanguage\":\"pt-BR\",\"@id\":\"https:\\\/\\\/vanderloubet.com.br\\\/deputado\\\/#\\\/schema\\\/logo\\\/image\\\/\",\"url\":\"https:\\\/\\\/vanderloubet.com.br\\\/deputado\\\/wp-content\\\/uploads\\\/2023\\\/06\\\/foto-2023-06-19-mandato-deputado-vander.jpg\",\"contentUrl\":\"https:\\\/\\\/vanderloubet.com.br\\\/deputado\\\/wp-content\\\/uploads\\\/2023\\\/06\\\/foto-2023-06-19-mandato-deputado-vander.jpg\",\"width\":1080,\"height\":1080,\"caption\":\"Deputado Federal Vander Loubet\"},\"image\":{\"@id\":\"https:\\\/\\\/vanderloubet.com.br\\\/deputado\\\/#\\\/schema\\\/logo\\\/image\\\/\"},\"sameAs\":[\"https:\\\/\\\/facebook.com\\\/deputadovander\",\"https:\\\/\\\/x.com\\\/vanderloubet\",\"https:\\\/\\\/instagram.com\\\/vanderloubet\",\"https:\\\/\\\/youtube.com\\\/vanderloubet\",\"https:\\\/\\\/tiktok.com\\\/@vanderloubetms\"]},{\"@type\":\"Person\",\"@id\":\"https:\\\/\\\/vanderloubet.com.br\\\/deputado\\\/#\\\/schema\\\/person\\\/15b51bd564532a8a68d9dec1b8eb890e\",\"name\":\"\u00c9der\",\"image\":{\"@type\":\"ImageObject\",\"inLanguage\":\"pt-BR\",\"@id\":\"https:\\\/\\\/vanderloubet.com.br\\\/deputado\\\/wp-content\\\/litespeed\\\/avatar\\\/88ca4090d9d5ab1c9495f6ca03b68efa.jpg?ver=1777058957\",\"url\":\"https:\\\/\\\/vanderloubet.com.br\\\/deputado\\\/wp-content\\\/litespeed\\\/avatar\\\/88ca4090d9d5ab1c9495f6ca03b68efa.jpg?ver=1777058957\",\"contentUrl\":\"https:\\\/\\\/vanderloubet.com.br\\\/deputado\\\/wp-content\\\/litespeed\\\/avatar\\\/88ca4090d9d5ab1c9495f6ca03b68efa.jpg?ver=1777058957\",\"caption\":\"\u00c9der\"}}]}<\/script>\n<!-- \/ Yoast SEO plugin. -->","yoast_head_json":{"title":"Vander defende propostas de prefeitos em Bras\u00edlia e pede di\u00e1logo ao Governo","robots":{"index":"index","follow":"follow","max-snippet":"max-snippet:-1","max-image-preview":"max-image-preview:large","max-video-preview":"max-video-preview:-1"},"canonical":"https:\/\/vanderloubet.com.br\/deputado\/vander-defende-propostas-de-prefeitos-em-brasilia-e-pede-dialogo-ao-governo\/","og_locale":"pt_BR","og_type":"article","og_title":"Vander defende propostas de prefeitos em Bras\u00edlia e pede di\u00e1logo ao Governo","og_description":"Gestores municipais far\u00e3o a Marcha a Bras\u00edlia em Defesa dos Munic\u00edpios, em Bras\u00edlia, cuja abertura deve contar com a presen\u00e7a da presidenta Dilma Rousseff.","og_url":"https:\/\/vanderloubet.com.br\/deputado\/vander-defende-propostas-de-prefeitos-em-brasilia-e-pede-dialogo-ao-governo\/","og_site_name":"Deputado Federal Vander Loubet","article_publisher":"https:\/\/facebook.com\/deputadovander","article_published_time":"2015-05-25T13:20:04+00:00","og_image":[{"width":1200,"height":800,"url":"https:\/\/vanderloubet.com.br\/deputado\/wp-content\/uploads\/2015\/05\/foto-2015-05-25-vander-prefeitos-pt.jpg","type":"image\/jpeg"}],"author":"\u00c9der","twitter_card":"summary_large_image","twitter_creator":"@vanderloubet","twitter_site":"@vanderloubet","schema":{"@context":"https:\/\/schema.org","@graph":[{"@type":"Article","@id":"https:\/\/vanderloubet.com.br\/deputado\/vander-defende-propostas-de-prefeitos-em-brasilia-e-pede-dialogo-ao-governo\/#article","isPartOf":{"@id":"https:\/\/vanderloubet.com.br\/deputado\/vander-defende-propostas-de-prefeitos-em-brasilia-e-pede-dialogo-ao-governo\/"},"author":{"name":"\u00c9der","@id":"https:\/\/vanderloubet.com.br\/deputado\/#\/schema\/person\/15b51bd564532a8a68d9dec1b8eb890e"},"headline":"Vander defende propostas de prefeitos em Bras\u00edlia e pede di\u00e1logo ao Governo","datePublished":"2015-05-25T13:20:04+00:00","mainEntityOfPage":{"@id":"https:\/\/vanderloubet.com.br\/deputado\/vander-defende-propostas-de-prefeitos-em-brasilia-e-pede-dialogo-ao-governo\/"},"wordCount":393,"publisher":{"@id":"https:\/\/vanderloubet.com.br\/deputado\/#organization"},"image":{"@id":"https:\/\/vanderloubet.com.br\/deputado\/vander-defende-propostas-de-prefeitos-em-brasilia-e-pede-dialogo-ao-governo\/#primaryimage"},"thumbnailUrl":"https:\/\/vanderloubet.com.br\/deputado\/wp-content\/uploads\/2015\/05\/foto-2015-05-25-vander-prefeitos-pt.jpg","keywords":["cons\u00f3rcio","licita\u00e7\u00e3o","or\u00e7amento"],"articleSection":["Munic\u00edpios","Not\u00edcias"],"inLanguage":"pt-BR"},{"@type":"WebPage","@id":"https:\/\/vanderloubet.com.br\/deputado\/vander-defende-propostas-de-prefeitos-em-brasilia-e-pede-dialogo-ao-governo\/","url":"https:\/\/vanderloubet.com.br\/deputado\/vander-defende-propostas-de-prefeitos-em-brasilia-e-pede-dialogo-ao-governo\/","name":"Vander defende propostas de prefeitos em Bras\u00edlia e pede di\u00e1logo ao Governo","isPartOf":{"@id":"https:\/\/vanderloubet.com.br\/deputado\/#website"},"primaryImageOfPage":{"@id":"https:\/\/vanderloubet.com.br\/deputado\/vander-defende-propostas-de-prefeitos-em-brasilia-e-pede-dialogo-ao-governo\/#primaryimage"},"image":{"@id":"https:\/\/vanderloubet.com.br\/deputado\/vander-defende-propostas-de-prefeitos-em-brasilia-e-pede-dialogo-ao-governo\/#primaryimage"},"thumbnailUrl":"https:\/\/vanderloubet.com.br\/deputado\/wp-content\/uploads\/2015\/05\/foto-2015-05-25-vander-prefeitos-pt.jpg","datePublished":"2015-05-25T13:20:04+00:00","breadcrumb":{"@id":"https:\/\/vanderloubet.com.br\/deputado\/vander-defende-propostas-de-prefeitos-em-brasilia-e-pede-dialogo-ao-governo\/#breadcrumb"},"inLanguage":"pt-BR","potentialAction":[{"@type":"ReadAction","target":["https:\/\/vanderloubet.com.br\/deputado\/vander-defende-propostas-de-prefeitos-em-brasilia-e-pede-dialogo-ao-governo\/"]}]},{"@type":"ImageObject","inLanguage":"pt-BR","@id":"https:\/\/vanderloubet.com.br\/deputado\/vander-defende-propostas-de-prefeitos-em-brasilia-e-pede-dialogo-ao-governo\/#primaryimage","url":"https:\/\/vanderloubet.com.br\/deputado\/wp-content\/uploads\/2015\/05\/foto-2015-05-25-vander-prefeitos-pt.jpg","contentUrl":"https:\/\/vanderloubet.com.br\/deputado\/wp-content\/uploads\/2015\/05\/foto-2015-05-25-vander-prefeitos-pt.jpg","width":1200,"height":800,"caption":"Vander com prefeitos do PT em recente reuni\u00e3o no gabinete"},{"@type":"BreadcrumbList","@id":"https:\/\/vanderloubet.com.br\/deputado\/vander-defende-propostas-de-prefeitos-em-brasilia-e-pede-dialogo-ao-governo\/#breadcrumb","itemListElement":[{"@type":"ListItem","position":1,"name":"In\u00edcio","item":"https:\/\/vanderloubet.com.br\/deputado\/"},{"@type":"ListItem","position":2,"name":"Vander defende propostas de prefeitos em Bras\u00edlia e pede di\u00e1logo ao Governo"}]},{"@type":"WebSite","@id":"https:\/\/vanderloubet.com.br\/deputado\/#website","url":"https:\/\/vanderloubet.com.br\/deputado\/","name":"Deputado Federal Vander Loubet","description":"O Federal de MS","publisher":{"@id":"https:\/\/vanderloubet.com.br\/deputado\/#organization"},"alternateName":"Deputado Vander","potentialAction":[{"@type":"SearchAction","target":{"@type":"EntryPoint","urlTemplate":"https:\/\/vanderloubet.com.br\/deputado\/?s={search_term_string}"},"query-input":{"@type":"PropertyValueSpecification","valueRequired":true,"valueName":"search_term_string"}}],"inLanguage":"pt-BR"},{"@type":"Organization","@id":"https:\/\/vanderloubet.com.br\/deputado\/#organization","name":"Deputado Federal Vander Loubet","alternateName":"Deputado Vander","url":"https:\/\/vanderloubet.com.br\/deputado\/","logo":{"@type":"ImageObject","inLanguage":"pt-BR","@id":"https:\/\/vanderloubet.com.br\/deputado\/#\/schema\/logo\/image\/","url":"https:\/\/vanderloubet.com.br\/deputado\/wp-content\/uploads\/2023\/06\/foto-2023-06-19-mandato-deputado-vander.jpg","contentUrl":"https:\/\/vanderloubet.com.br\/deputado\/wp-content\/uploads\/2023\/06\/foto-2023-06-19-mandato-deputado-vander.jpg","width":1080,"height":1080,"caption":"Deputado Federal Vander Loubet"},"image":{"@id":"https:\/\/vanderloubet.com.br\/deputado\/#\/schema\/logo\/image\/"},"sameAs":["https:\/\/facebook.com\/deputadovander","https:\/\/x.com\/vanderloubet","https:\/\/instagram.com\/vanderloubet","https:\/\/youtube.com\/vanderloubet","https:\/\/tiktok.com\/@vanderloubetms"]},{"@type":"Person","@id":"https:\/\/vanderloubet.com.br\/deputado\/#\/schema\/person\/15b51bd564532a8a68d9dec1b8eb890e","name":"\u00c9der","image":{"@type":"ImageObject","inLanguage":"pt-BR","@id":"https:\/\/vanderloubet.com.br\/deputado\/wp-content\/litespeed\/avatar\/88ca4090d9d5ab1c9495f6ca03b68efa.jpg?ver=1777058957","url":"https:\/\/vanderloubet.com.br\/deputado\/wp-content\/litespeed\/avatar\/88ca4090d9d5ab1c9495f6ca03b68efa.jpg?ver=1777058957","contentUrl":"https:\/\/vanderloubet.com.br\/deputado\/wp-content\/litespeed\/avatar\/88ca4090d9d5ab1c9495f6ca03b68efa.jpg?ver=1777058957","caption":"\u00c9der"}}]}},"jetpack_featured_media_url":"https:\/\/vanderloubet.com.br\/deputado\/wp-content\/uploads\/2015\/05\/foto-2015-05-25-vander-prefeitos-pt.jpg","jetpack_sharing_enabled":true,"_links":{"self":[{"href":"https:\/\/vanderloubet.com.br\/deputado\/wp-json\/wp\/v2\/posts\/9661","targetHints":{"allow":["GET"]}}],"collection":[{"href":"https:\/\/vanderloubet.com.br\/deputado\/wp-json\/wp\/v2\/posts"}],"about":[{"href":"https:\/\/vanderloubet.com.br\/deputado\/wp-json\/wp\/v2\/types\/post"}],"author":[{"embeddable":true,"href":"https:\/\/vanderloubet.com.br\/deputado\/wp-json\/wp\/v2\/users\/2"}],"replies":[{"embeddable":true,"href":"https:\/\/vanderloubet.com.br\/deputado\/wp-json\/wp\/v2\/comments?post=9661"}],"version-history":[{"count":0,"href":"https:\/\/vanderloubet.com.br\/deputado\/wp-json\/wp\/v2\/posts\/9661\/revisions"}],"wp:featuredmedia":[{"embeddable":true,"href":"https:\/\/vanderloubet.com.br\/deputado\/wp-json\/wp\/v2\/media\/9662"}],"wp:attachment":[{"href":"https:\/\/vanderloubet.com.br\/deputado\/wp-json\/wp\/v2\/media?parent=9661"}],"wp:term":[{"taxonomy":"category","embeddable":true,"href":"https:\/\/vanderloubet.com.br\/deputado\/wp-json\/wp\/v2\/categories?post=9661"},{"taxonomy":"post_tag","embeddable":true,"href":"https:\/\/vanderloubet.com.br\/deputado\/wp-json\/wp\/v2\/tags?post=9661"}],"curies":[{"name":"wp","href":"https:\/\/api.w.org\/{rel}","templated":true}]}}