{"id":9518,"date":"2015-05-15T07:35:31","date_gmt":"2015-05-15T10:35:31","guid":{"rendered":"http:\/\/vanderloubet.com.br\/deputado\/?p=9518"},"modified":"2015-05-15T09:51:36","modified_gmt":"2015-05-15T12:51:36","slug":"em-requerimento-vander-defende-votacao-da-pec-da-eficiencia","status":"publish","type":"post","link":"https:\/\/vanderloubet.com.br\/deputado\/em-requerimento-vander-defende-votacao-da-pec-da-eficiencia\/","title":{"rendered":"Em requerimento, Vander defende vota\u00e7\u00e3o da PEC da Efici\u00eancia"},"content":{"rendered":"<figure id=\"attachment_9519\" aria-describedby=\"caption-attachment-9519\" style=\"width: 700px\" class=\"wp-caption alignnone\"><img decoding=\"async\" class=\"wp-image-9519 size-large\" title=\"Defensores da PEC 186 afirmam que medida geraria mais recursos sem aumentar impostos\" src=\"http:\/\/vanderloubet.com.br\/deputado\/wp-content\/uploads\/2015\/05\/foto-2015-05-15-pec186-2007-eficiencia-700x467.jpg\" alt=\"Defensores da PEC 186 afirmam que medida geraria mais recursos sem aumentar impostos\" width=\"700\" height=\"467\" srcset=\"https:\/\/vanderloubet.com.br\/deputado\/wp-content\/uploads\/2015\/05\/foto-2015-05-15-pec186-2007-eficiencia-700x467.jpg 700w, https:\/\/vanderloubet.com.br\/deputado\/wp-content\/uploads\/2015\/05\/foto-2015-05-15-pec186-2007-eficiencia-350x233.jpg 350w, https:\/\/vanderloubet.com.br\/deputado\/wp-content\/uploads\/2015\/05\/foto-2015-05-15-pec186-2007-eficiencia-768x512.jpg 768w, https:\/\/vanderloubet.com.br\/deputado\/wp-content\/uploads\/2015\/05\/foto-2015-05-15-pec186-2007-eficiencia-630x420.jpg 630w, https:\/\/vanderloubet.com.br\/deputado\/wp-content\/uploads\/2015\/05\/foto-2015-05-15-pec186-2007-eficiencia-696x464.jpg 696w, https:\/\/vanderloubet.com.br\/deputado\/wp-content\/uploads\/2015\/05\/foto-2015-05-15-pec186-2007-eficiencia.jpg 900w\" sizes=\"(max-width: 700px) 100vw, 700px\" \/><figcaption id=\"caption-attachment-9519\" class=\"wp-caption-text\">Defensores da PEC 186 afirmam que medida geraria mais recursos sem aumentar impostos<\/figcaption><\/figure>\n<p>O deputado federal Vander Loubet (PT-MS) protocolou no in\u00edcio de maio, na Mesa Diretora da C\u00e2mara dos Deputados, o Requerimento (REQ) 1716\/2015, no qual pede a inclus\u00e3o, na pauta de vota\u00e7\u00f5es, da Proposta de Emenda \u00e0 Constitui\u00e7\u00e3o (PEC) 186\/2007, de autoria do deputado federal D\u00e9cio Lima (PT-SC).<\/p>\n<p>A PEC 186\/2007, conhecida como PEC da Efici\u00eancia, acrescenta dois par\u00e1grafos ao artigo 37 da Constitui\u00e7\u00e3o Federal e prev\u00ea uma Lei Complementar que estabelecer\u00e1 as normas gerais aplic\u00e1veis \u00e0 Administra\u00e7\u00e3o Tribut\u00e1ria da Uni\u00e3o, dos estados e dos munic\u00edpios, dispondo tamb\u00e9m sobre direitos, deveres, garantias e prerrogativas dos cargos de suas carreiras espec\u00edficas. &#8220;Essa proposta assegura autonomia administrativa, financeira, or\u00e7ament\u00e1ria e funcional \u00e0s administra\u00e7\u00f5es tribut\u00e1rias&#8221;, resume Vander.<\/p>\n<p>Os defensores da PEC argumentam que a aprova\u00e7\u00e3o da medida aumentaria o combate \u00e0 corrup\u00e7\u00e3o, sobretudo nos casos de sonega\u00e7\u00e3o de impostos e desvios de recursos p\u00fablicos. Segundo estimativa da Federa\u00e7\u00e3o Nacional do Fisco Estadual (Fenafisco), poderia haver um acr\u00e9scimo de 18% na arrecada\u00e7\u00e3o de tributos do Brasil &#8211; sem aumento de impostos -, o que significaria R$ 321 bilh\u00f5es a mais para os cofres p\u00fablicos brasileiros &#8211; 6,64 % do Produto Interno Bruto (PIB) do pa\u00eds.<\/p>\n<p><strong>Sem interfer\u00eancia<\/strong> &#8211; &#8220;A autonomia da Administra\u00e7\u00e3o Tribut\u00e1ria \u00e9 um avan\u00e7o da sociedade no combate \u00e0 sonega\u00e7\u00e3o, porque possibilita que o auditor-fiscal trabalhe sem interfer\u00eancias pol\u00edticas, isto \u00e9, fiscalizando as empresas seguindo crit\u00e9rios estritamente t\u00e9cnicos, sem beneficiar A ou B. A sonega\u00e7\u00e3o desequilibra o mercado, provocando a quebra de empresas e a monopoliza\u00e7\u00e3o ou oligopoliza\u00e7\u00e3o na venda de bens e servi\u00e7os, encarecendo-os e, desta forma, trazendo infla\u00e7\u00e3o, que atinge a popula\u00e7\u00e3o de maneira ampla, especialmente os de mais baixa renda&#8221;, afirma Christian de Azevedo, diretor de Comunica\u00e7\u00e3o do Sindicato dos Servidores P\u00fablicos da Administra\u00e7\u00e3o Tribut\u00e1ria do Rio Grande do Sul (Sindifisco-RS), em artigo publicado em dezembro de 2014 na Revista da Federa\u00e7\u00e3o Brasileira de Associa\u00e7\u00f5es de Fiscais de Tributos Estaduais (Febrafite).<\/p>\n<p>Azevedo destaca ainda que, na medida em que o auditor-fiscal, com autonomia, combate a sonega\u00e7\u00e3o, de forma ison\u00f4mica, sem favorecer A ou B, sem atender a interesses pol\u00edticos, est\u00e1 tamb\u00e9m combatendo a corrup\u00e7\u00e3o.<\/p>\n<p>&#8220;Quando uma empresa doa recursos para uma campanha pol\u00edtica, \u00e9 de se esperar que venha a obter benef\u00edcios caso o pol\u00edtico apoiado seja eleito. Esses benef\u00edcios podem estar de acordo com a lei ou n\u00e3o. No caso de n\u00e3o estarem, al\u00e9m do favorecimento em licita\u00e7\u00f5es p\u00fablicas, as empresas que doam para campanhas podem vir a exigir dos pol\u00edticos eleitos que apoiaram que &#8216;cuidem&#8217; para que suas pr\u00e1ticas de sonega\u00e7\u00e3o de tributos n\u00e3o sejam fiscalizadas. Ent\u00e3o, empresas corruptoras que apoiam determinados candidatos pol\u00edticos n\u00e3o t\u00eam a pretens\u00e3o apenas de vencer licita\u00e7\u00f5es e, assim, se apropriar indevidamente de recursos p\u00fablicos. Elas pretendem tamb\u00e9m n\u00e3o ser fiscalizadas pelo poder p\u00fablico, que inclui, especialmente, o trabalho do auditor-fiscal&#8221;, conclui.<\/p>\n<p><em>(\u00c9der Yanaguita &#8211; Ascom\/Deputado Vander)<\/em><\/p>\n","protected":false},"excerpt":{"rendered":"<p>Estimativa aponta que haveria acr\u00e9scimo de R$ 321 bilh\u00f5es na arrecada\u00e7\u00e3o de tributos do Brasil sem aumento de impostos, o que representa 6,64 % do PIB.<\/p>\n","protected":false},"author":2,"featured_media":9519,"comment_status":"closed","ping_status":"closed","sticky":false,"template":"","format":"standard","meta":{"jetpack_post_was_ever_published":false,"_jetpack_newsletter_access":"","_jetpack_dont_email_post_to_subs":false,"_jetpack_newsletter_tier_id":0,"_jetpack_memberships_contains_paywalled_content":false,"_jetpack_memberships_contains_paid_content":false,"footnotes":""},"categories":[2098,10],"tags":[536,2300,2328,1984],"class_list":{"0":"post-9518","1":"post","2":"type-post","3":"status-publish","4":"format-standard","5":"has-post-thumbnail","7":"category-brasil-noticias","8":"category-noticias","9":"tag-corrupcao","10":"tag-proposta-de-emenda-a-constituicao","11":"tag-sonegacao","12":"tag-tributacao"},"yoast_head":"<!-- This site is optimized with the Yoast SEO plugin v27.4 - https:\/\/yoast.com\/product\/yoast-seo-wordpress\/ -->\n<title>Em requerimento, Vander defende vota\u00e7\u00e3o da PEC da Efici\u00eancia<\/title>\n<meta name=\"robots\" content=\"index, follow, max-snippet:-1, max-image-preview:large, max-video-preview:-1\" \/>\n<link rel=\"canonical\" href=\"https:\/\/vanderloubet.com.br\/deputado\/em-requerimento-vander-defende-votacao-da-pec-da-eficiencia\/\" \/>\n<meta property=\"og:locale\" content=\"pt_BR\" \/>\n<meta property=\"og:type\" content=\"article\" \/>\n<meta property=\"og:title\" content=\"Em requerimento, Vander defende vota\u00e7\u00e3o da PEC da Efici\u00eancia\" \/>\n<meta property=\"og:description\" content=\"Estimativa aponta que haveria acr\u00e9scimo de R$ 321 bilh\u00f5es na arrecada\u00e7\u00e3o de tributos do Brasil sem aumento de impostos, o que representa 6,64 % do PIB.\" \/>\n<meta property=\"og:url\" content=\"https:\/\/vanderloubet.com.br\/deputado\/em-requerimento-vander-defende-votacao-da-pec-da-eficiencia\/\" \/>\n<meta property=\"og:site_name\" content=\"Deputado Federal Vander Loubet\" \/>\n<meta property=\"article:publisher\" content=\"https:\/\/facebook.com\/deputadovander\" \/>\n<meta property=\"article:published_time\" content=\"2015-05-15T10:35:31+00:00\" \/>\n<meta property=\"article:modified_time\" content=\"2015-05-15T12:51:36+00:00\" \/>\n<meta property=\"og:image\" content=\"https:\/\/vanderloubet.com.br\/deputado\/wp-content\/uploads\/2015\/05\/foto-2015-05-15-pec186-2007-eficiencia.jpg\" \/>\n\t<meta property=\"og:image:width\" content=\"900\" \/>\n\t<meta property=\"og:image:height\" content=\"600\" \/>\n\t<meta property=\"og:image:type\" content=\"image\/jpeg\" \/>\n<meta name=\"author\" content=\"\u00c9der\" \/>\n<meta name=\"twitter:card\" content=\"summary_large_image\" \/>\n<meta name=\"twitter:creator\" content=\"@vanderloubet\" \/>\n<meta name=\"twitter:site\" content=\"@vanderloubet\" \/>\n<script type=\"application\/ld+json\" class=\"yoast-schema-graph\">{\"@context\":\"https:\\\/\\\/schema.org\",\"@graph\":[{\"@type\":\"Article\",\"@id\":\"https:\\\/\\\/vanderloubet.com.br\\\/deputado\\\/em-requerimento-vander-defende-votacao-da-pec-da-eficiencia\\\/#article\",\"isPartOf\":{\"@id\":\"https:\\\/\\\/vanderloubet.com.br\\\/deputado\\\/em-requerimento-vander-defende-votacao-da-pec-da-eficiencia\\\/\"},\"author\":{\"name\":\"\u00c9der\",\"@id\":\"https:\\\/\\\/vanderloubet.com.br\\\/deputado\\\/#\\\/schema\\\/person\\\/15b51bd564532a8a68d9dec1b8eb890e\"},\"headline\":\"Em requerimento, Vander defende vota\u00e7\u00e3o da PEC da Efici\u00eancia\",\"datePublished\":\"2015-05-15T10:35:31+00:00\",\"dateModified\":\"2015-05-15T12:51:36+00:00\",\"mainEntityOfPage\":{\"@id\":\"https:\\\/\\\/vanderloubet.com.br\\\/deputado\\\/em-requerimento-vander-defende-votacao-da-pec-da-eficiencia\\\/\"},\"wordCount\":558,\"publisher\":{\"@id\":\"https:\\\/\\\/vanderloubet.com.br\\\/deputado\\\/#organization\"},\"image\":{\"@id\":\"https:\\\/\\\/vanderloubet.com.br\\\/deputado\\\/em-requerimento-vander-defende-votacao-da-pec-da-eficiencia\\\/#primaryimage\"},\"thumbnailUrl\":\"https:\\\/\\\/vanderloubet.com.br\\\/deputado\\\/wp-content\\\/uploads\\\/2015\\\/05\\\/foto-2015-05-15-pec186-2007-eficiencia.jpg\",\"keywords\":[\"corrup\u00e7\u00e3o\",\"proposta de emenda \u00e0 constitui\u00e7\u00e3o\",\"sonega\u00e7\u00e3o\",\"tributa\u00e7\u00e3o\"],\"articleSection\":[\"Brasil\",\"Not\u00edcias\"],\"inLanguage\":\"pt-BR\"},{\"@type\":\"WebPage\",\"@id\":\"https:\\\/\\\/vanderloubet.com.br\\\/deputado\\\/em-requerimento-vander-defende-votacao-da-pec-da-eficiencia\\\/\",\"url\":\"https:\\\/\\\/vanderloubet.com.br\\\/deputado\\\/em-requerimento-vander-defende-votacao-da-pec-da-eficiencia\\\/\",\"name\":\"Em requerimento, Vander defende vota\u00e7\u00e3o da PEC da Efici\u00eancia\",\"isPartOf\":{\"@id\":\"https:\\\/\\\/vanderloubet.com.br\\\/deputado\\\/#website\"},\"primaryImageOfPage\":{\"@id\":\"https:\\\/\\\/vanderloubet.com.br\\\/deputado\\\/em-requerimento-vander-defende-votacao-da-pec-da-eficiencia\\\/#primaryimage\"},\"image\":{\"@id\":\"https:\\\/\\\/vanderloubet.com.br\\\/deputado\\\/em-requerimento-vander-defende-votacao-da-pec-da-eficiencia\\\/#primaryimage\"},\"thumbnailUrl\":\"https:\\\/\\\/vanderloubet.com.br\\\/deputado\\\/wp-content\\\/uploads\\\/2015\\\/05\\\/foto-2015-05-15-pec186-2007-eficiencia.jpg\",\"datePublished\":\"2015-05-15T10:35:31+00:00\",\"dateModified\":\"2015-05-15T12:51:36+00:00\",\"breadcrumb\":{\"@id\":\"https:\\\/\\\/vanderloubet.com.br\\\/deputado\\\/em-requerimento-vander-defende-votacao-da-pec-da-eficiencia\\\/#breadcrumb\"},\"inLanguage\":\"pt-BR\",\"potentialAction\":[{\"@type\":\"ReadAction\",\"target\":[\"https:\\\/\\\/vanderloubet.com.br\\\/deputado\\\/em-requerimento-vander-defende-votacao-da-pec-da-eficiencia\\\/\"]}]},{\"@type\":\"ImageObject\",\"inLanguage\":\"pt-BR\",\"@id\":\"https:\\\/\\\/vanderloubet.com.br\\\/deputado\\\/em-requerimento-vander-defende-votacao-da-pec-da-eficiencia\\\/#primaryimage\",\"url\":\"https:\\\/\\\/vanderloubet.com.br\\\/deputado\\\/wp-content\\\/uploads\\\/2015\\\/05\\\/foto-2015-05-15-pec186-2007-eficiencia.jpg\",\"contentUrl\":\"https:\\\/\\\/vanderloubet.com.br\\\/deputado\\\/wp-content\\\/uploads\\\/2015\\\/05\\\/foto-2015-05-15-pec186-2007-eficiencia.jpg\",\"width\":900,\"height\":600,\"caption\":\"Defensores da PEC 186 afirmam que medida geraria mais recursos sem aumentar impostos\"},{\"@type\":\"BreadcrumbList\",\"@id\":\"https:\\\/\\\/vanderloubet.com.br\\\/deputado\\\/em-requerimento-vander-defende-votacao-da-pec-da-eficiencia\\\/#breadcrumb\",\"itemListElement\":[{\"@type\":\"ListItem\",\"position\":1,\"name\":\"In\u00edcio\",\"item\":\"https:\\\/\\\/vanderloubet.com.br\\\/deputado\\\/\"},{\"@type\":\"ListItem\",\"position\":2,\"name\":\"Em requerimento, Vander defende vota\u00e7\u00e3o da PEC da Efici\u00eancia\"}]},{\"@type\":\"WebSite\",\"@id\":\"https:\\\/\\\/vanderloubet.com.br\\\/deputado\\\/#website\",\"url\":\"https:\\\/\\\/vanderloubet.com.br\\\/deputado\\\/\",\"name\":\"Deputado Federal Vander Loubet\",\"description\":\"O Federal de MS\",\"publisher\":{\"@id\":\"https:\\\/\\\/vanderloubet.com.br\\\/deputado\\\/#organization\"},\"alternateName\":\"Deputado Vander\",\"potentialAction\":[{\"@type\":\"SearchAction\",\"target\":{\"@type\":\"EntryPoint\",\"urlTemplate\":\"https:\\\/\\\/vanderloubet.com.br\\\/deputado\\\/?s={search_term_string}\"},\"query-input\":{\"@type\":\"PropertyValueSpecification\",\"valueRequired\":true,\"valueName\":\"search_term_string\"}}],\"inLanguage\":\"pt-BR\"},{\"@type\":\"Organization\",\"@id\":\"https:\\\/\\\/vanderloubet.com.br\\\/deputado\\\/#organization\",\"name\":\"Deputado Federal Vander Loubet\",\"alternateName\":\"Deputado Vander\",\"url\":\"https:\\\/\\\/vanderloubet.com.br\\\/deputado\\\/\",\"logo\":{\"@type\":\"ImageObject\",\"inLanguage\":\"pt-BR\",\"@id\":\"https:\\\/\\\/vanderloubet.com.br\\\/deputado\\\/#\\\/schema\\\/logo\\\/image\\\/\",\"url\":\"https:\\\/\\\/vanderloubet.com.br\\\/deputado\\\/wp-content\\\/uploads\\\/2023\\\/06\\\/foto-2023-06-19-mandato-deputado-vander.jpg\",\"contentUrl\":\"https:\\\/\\\/vanderloubet.com.br\\\/deputado\\\/wp-content\\\/uploads\\\/2023\\\/06\\\/foto-2023-06-19-mandato-deputado-vander.jpg\",\"width\":1080,\"height\":1080,\"caption\":\"Deputado Federal Vander Loubet\"},\"image\":{\"@id\":\"https:\\\/\\\/vanderloubet.com.br\\\/deputado\\\/#\\\/schema\\\/logo\\\/image\\\/\"},\"sameAs\":[\"https:\\\/\\\/facebook.com\\\/deputadovander\",\"https:\\\/\\\/x.com\\\/vanderloubet\",\"https:\\\/\\\/instagram.com\\\/vanderloubet\",\"https:\\\/\\\/youtube.com\\\/vanderloubet\",\"https:\\\/\\\/tiktok.com\\\/@vanderloubetms\"]},{\"@type\":\"Person\",\"@id\":\"https:\\\/\\\/vanderloubet.com.br\\\/deputado\\\/#\\\/schema\\\/person\\\/15b51bd564532a8a68d9dec1b8eb890e\",\"name\":\"\u00c9der\",\"image\":{\"@type\":\"ImageObject\",\"inLanguage\":\"pt-BR\",\"@id\":\"https:\\\/\\\/vanderloubet.com.br\\\/deputado\\\/wp-content\\\/litespeed\\\/avatar\\\/88ca4090d9d5ab1c9495f6ca03b68efa.jpg?ver=1777058957\",\"url\":\"https:\\\/\\\/vanderloubet.com.br\\\/deputado\\\/wp-content\\\/litespeed\\\/avatar\\\/88ca4090d9d5ab1c9495f6ca03b68efa.jpg?ver=1777058957\",\"contentUrl\":\"https:\\\/\\\/vanderloubet.com.br\\\/deputado\\\/wp-content\\\/litespeed\\\/avatar\\\/88ca4090d9d5ab1c9495f6ca03b68efa.jpg?ver=1777058957\",\"caption\":\"\u00c9der\"}}]}<\/script>\n<!-- \/ Yoast SEO plugin. -->","yoast_head_json":{"title":"Em requerimento, Vander defende vota\u00e7\u00e3o da PEC da Efici\u00eancia","robots":{"index":"index","follow":"follow","max-snippet":"max-snippet:-1","max-image-preview":"max-image-preview:large","max-video-preview":"max-video-preview:-1"},"canonical":"https:\/\/vanderloubet.com.br\/deputado\/em-requerimento-vander-defende-votacao-da-pec-da-eficiencia\/","og_locale":"pt_BR","og_type":"article","og_title":"Em requerimento, Vander defende vota\u00e7\u00e3o da PEC da Efici\u00eancia","og_description":"Estimativa aponta que haveria acr\u00e9scimo de R$ 321 bilh\u00f5es na arrecada\u00e7\u00e3o de tributos do Brasil sem aumento de impostos, o que representa 6,64 % do PIB.","og_url":"https:\/\/vanderloubet.com.br\/deputado\/em-requerimento-vander-defende-votacao-da-pec-da-eficiencia\/","og_site_name":"Deputado Federal Vander Loubet","article_publisher":"https:\/\/facebook.com\/deputadovander","article_published_time":"2015-05-15T10:35:31+00:00","article_modified_time":"2015-05-15T12:51:36+00:00","og_image":[{"width":900,"height":600,"url":"https:\/\/vanderloubet.com.br\/deputado\/wp-content\/uploads\/2015\/05\/foto-2015-05-15-pec186-2007-eficiencia.jpg","type":"image\/jpeg"}],"author":"\u00c9der","twitter_card":"summary_large_image","twitter_creator":"@vanderloubet","twitter_site":"@vanderloubet","schema":{"@context":"https:\/\/schema.org","@graph":[{"@type":"Article","@id":"https:\/\/vanderloubet.com.br\/deputado\/em-requerimento-vander-defende-votacao-da-pec-da-eficiencia\/#article","isPartOf":{"@id":"https:\/\/vanderloubet.com.br\/deputado\/em-requerimento-vander-defende-votacao-da-pec-da-eficiencia\/"},"author":{"name":"\u00c9der","@id":"https:\/\/vanderloubet.com.br\/deputado\/#\/schema\/person\/15b51bd564532a8a68d9dec1b8eb890e"},"headline":"Em requerimento, Vander defende vota\u00e7\u00e3o da PEC da Efici\u00eancia","datePublished":"2015-05-15T10:35:31+00:00","dateModified":"2015-05-15T12:51:36+00:00","mainEntityOfPage":{"@id":"https:\/\/vanderloubet.com.br\/deputado\/em-requerimento-vander-defende-votacao-da-pec-da-eficiencia\/"},"wordCount":558,"publisher":{"@id":"https:\/\/vanderloubet.com.br\/deputado\/#organization"},"image":{"@id":"https:\/\/vanderloubet.com.br\/deputado\/em-requerimento-vander-defende-votacao-da-pec-da-eficiencia\/#primaryimage"},"thumbnailUrl":"https:\/\/vanderloubet.com.br\/deputado\/wp-content\/uploads\/2015\/05\/foto-2015-05-15-pec186-2007-eficiencia.jpg","keywords":["corrup\u00e7\u00e3o","proposta de emenda \u00e0 constitui\u00e7\u00e3o","sonega\u00e7\u00e3o","tributa\u00e7\u00e3o"],"articleSection":["Brasil","Not\u00edcias"],"inLanguage":"pt-BR"},{"@type":"WebPage","@id":"https:\/\/vanderloubet.com.br\/deputado\/em-requerimento-vander-defende-votacao-da-pec-da-eficiencia\/","url":"https:\/\/vanderloubet.com.br\/deputado\/em-requerimento-vander-defende-votacao-da-pec-da-eficiencia\/","name":"Em requerimento, Vander defende vota\u00e7\u00e3o da PEC da Efici\u00eancia","isPartOf":{"@id":"https:\/\/vanderloubet.com.br\/deputado\/#website"},"primaryImageOfPage":{"@id":"https:\/\/vanderloubet.com.br\/deputado\/em-requerimento-vander-defende-votacao-da-pec-da-eficiencia\/#primaryimage"},"image":{"@id":"https:\/\/vanderloubet.com.br\/deputado\/em-requerimento-vander-defende-votacao-da-pec-da-eficiencia\/#primaryimage"},"thumbnailUrl":"https:\/\/vanderloubet.com.br\/deputado\/wp-content\/uploads\/2015\/05\/foto-2015-05-15-pec186-2007-eficiencia.jpg","datePublished":"2015-05-15T10:35:31+00:00","dateModified":"2015-05-15T12:51:36+00:00","breadcrumb":{"@id":"https:\/\/vanderloubet.com.br\/deputado\/em-requerimento-vander-defende-votacao-da-pec-da-eficiencia\/#breadcrumb"},"inLanguage":"pt-BR","potentialAction":[{"@type":"ReadAction","target":["https:\/\/vanderloubet.com.br\/deputado\/em-requerimento-vander-defende-votacao-da-pec-da-eficiencia\/"]}]},{"@type":"ImageObject","inLanguage":"pt-BR","@id":"https:\/\/vanderloubet.com.br\/deputado\/em-requerimento-vander-defende-votacao-da-pec-da-eficiencia\/#primaryimage","url":"https:\/\/vanderloubet.com.br\/deputado\/wp-content\/uploads\/2015\/05\/foto-2015-05-15-pec186-2007-eficiencia.jpg","contentUrl":"https:\/\/vanderloubet.com.br\/deputado\/wp-content\/uploads\/2015\/05\/foto-2015-05-15-pec186-2007-eficiencia.jpg","width":900,"height":600,"caption":"Defensores da PEC 186 afirmam que medida geraria mais recursos sem aumentar impostos"},{"@type":"BreadcrumbList","@id":"https:\/\/vanderloubet.com.br\/deputado\/em-requerimento-vander-defende-votacao-da-pec-da-eficiencia\/#breadcrumb","itemListElement":[{"@type":"ListItem","position":1,"name":"In\u00edcio","item":"https:\/\/vanderloubet.com.br\/deputado\/"},{"@type":"ListItem","position":2,"name":"Em requerimento, Vander defende vota\u00e7\u00e3o da PEC da Efici\u00eancia"}]},{"@type":"WebSite","@id":"https:\/\/vanderloubet.com.br\/deputado\/#website","url":"https:\/\/vanderloubet.com.br\/deputado\/","name":"Deputado Federal Vander Loubet","description":"O Federal de MS","publisher":{"@id":"https:\/\/vanderloubet.com.br\/deputado\/#organization"},"alternateName":"Deputado Vander","potentialAction":[{"@type":"SearchAction","target":{"@type":"EntryPoint","urlTemplate":"https:\/\/vanderloubet.com.br\/deputado\/?s={search_term_string}"},"query-input":{"@type":"PropertyValueSpecification","valueRequired":true,"valueName":"search_term_string"}}],"inLanguage":"pt-BR"},{"@type":"Organization","@id":"https:\/\/vanderloubet.com.br\/deputado\/#organization","name":"Deputado Federal Vander Loubet","alternateName":"Deputado Vander","url":"https:\/\/vanderloubet.com.br\/deputado\/","logo":{"@type":"ImageObject","inLanguage":"pt-BR","@id":"https:\/\/vanderloubet.com.br\/deputado\/#\/schema\/logo\/image\/","url":"https:\/\/vanderloubet.com.br\/deputado\/wp-content\/uploads\/2023\/06\/foto-2023-06-19-mandato-deputado-vander.jpg","contentUrl":"https:\/\/vanderloubet.com.br\/deputado\/wp-content\/uploads\/2023\/06\/foto-2023-06-19-mandato-deputado-vander.jpg","width":1080,"height":1080,"caption":"Deputado Federal Vander Loubet"},"image":{"@id":"https:\/\/vanderloubet.com.br\/deputado\/#\/schema\/logo\/image\/"},"sameAs":["https:\/\/facebook.com\/deputadovander","https:\/\/x.com\/vanderloubet","https:\/\/instagram.com\/vanderloubet","https:\/\/youtube.com\/vanderloubet","https:\/\/tiktok.com\/@vanderloubetms"]},{"@type":"Person","@id":"https:\/\/vanderloubet.com.br\/deputado\/#\/schema\/person\/15b51bd564532a8a68d9dec1b8eb890e","name":"\u00c9der","image":{"@type":"ImageObject","inLanguage":"pt-BR","@id":"https:\/\/vanderloubet.com.br\/deputado\/wp-content\/litespeed\/avatar\/88ca4090d9d5ab1c9495f6ca03b68efa.jpg?ver=1777058957","url":"https:\/\/vanderloubet.com.br\/deputado\/wp-content\/litespeed\/avatar\/88ca4090d9d5ab1c9495f6ca03b68efa.jpg?ver=1777058957","contentUrl":"https:\/\/vanderloubet.com.br\/deputado\/wp-content\/litespeed\/avatar\/88ca4090d9d5ab1c9495f6ca03b68efa.jpg?ver=1777058957","caption":"\u00c9der"}}]}},"jetpack_featured_media_url":"https:\/\/vanderloubet.com.br\/deputado\/wp-content\/uploads\/2015\/05\/foto-2015-05-15-pec186-2007-eficiencia.jpg","jetpack_sharing_enabled":true,"_links":{"self":[{"href":"https:\/\/vanderloubet.com.br\/deputado\/wp-json\/wp\/v2\/posts\/9518","targetHints":{"allow":["GET"]}}],"collection":[{"href":"https:\/\/vanderloubet.com.br\/deputado\/wp-json\/wp\/v2\/posts"}],"about":[{"href":"https:\/\/vanderloubet.com.br\/deputado\/wp-json\/wp\/v2\/types\/post"}],"author":[{"embeddable":true,"href":"https:\/\/vanderloubet.com.br\/deputado\/wp-json\/wp\/v2\/users\/2"}],"replies":[{"embeddable":true,"href":"https:\/\/vanderloubet.com.br\/deputado\/wp-json\/wp\/v2\/comments?post=9518"}],"version-history":[{"count":0,"href":"https:\/\/vanderloubet.com.br\/deputado\/wp-json\/wp\/v2\/posts\/9518\/revisions"}],"wp:featuredmedia":[{"embeddable":true,"href":"https:\/\/vanderloubet.com.br\/deputado\/wp-json\/wp\/v2\/media\/9519"}],"wp:attachment":[{"href":"https:\/\/vanderloubet.com.br\/deputado\/wp-json\/wp\/v2\/media?parent=9518"}],"wp:term":[{"taxonomy":"category","embeddable":true,"href":"https:\/\/vanderloubet.com.br\/deputado\/wp-json\/wp\/v2\/categories?post=9518"},{"taxonomy":"post_tag","embeddable":true,"href":"https:\/\/vanderloubet.com.br\/deputado\/wp-json\/wp\/v2\/tags?post=9518"}],"curies":[{"name":"wp","href":"https:\/\/api.w.org\/{rel}","templated":true}]}}