{"id":9509,"date":"2015-04-28T08:00:35","date_gmt":"2015-04-28T11:00:35","guid":{"rendered":"http:\/\/vanderloubet.com.br\/deputado\/?p=9509"},"modified":"2015-06-12T11:49:17","modified_gmt":"2015-06-12T14:49:17","slug":"para-deputado-vander-lojas-francas-na-fronteira-e-caminho-sem-volta","status":"publish","type":"post","link":"https:\/\/vanderloubet.com.br\/deputado\/para-deputado-vander-lojas-francas-na-fronteira-e-caminho-sem-volta\/","title":{"rendered":"Para deputado Vander, lojas francas na fronteira \u00e9 caminho sem volta"},"content":{"rendered":"\r\n                <style type=\"text\/css\">\r\n                    \r\n                    #tdi_1  .td-doubleSlider-2 .td-item1 {\r\n                        background: url(https:\/\/vanderloubet.com.br\/deputado\/wp-content\/uploads\/2015\/05\/foto-2015-04-27-palestra-free-shop-ponta-pora-80x60.jpg) 0 0 no-repeat;\r\n                    }\r\n                    #tdi_1  .td-doubleSlider-2 .td-item2 {\r\n                        background: url(https:\/\/vanderloubet.com.br\/deputado\/wp-content\/uploads\/2015\/05\/foto-2015-04-27-palestra-free-shop-vander-80x60.jpg) 0 0 no-repeat;\r\n                    }\r\n                    #tdi_1  .td-doubleSlider-2 .td-item3 {\r\n                        background: url(https:\/\/vanderloubet.com.br\/deputado\/wp-content\/uploads\/2015\/05\/foto-2015-04-27-palestra-free-shop-ludimar-80x60.jpg) 0 0 no-repeat;\r\n                    }\r\n                    #tdi_1  .td-doubleSlider-2 .td-item4 {\r\n                        background: url(https:\/\/vanderloubet.com.br\/deputado\/wp-content\/uploads\/2015\/05\/foto-2015-04-27-palestra-free-shop-enio-80x60.jpg) 0 0 no-repeat;\r\n                    }\r\n                <\/style>\r\n\r\n                <div id=\"tdi_1\" class=\"td-gallery td-slide-on-2-columns\">\r\n                    <div class=\"post_td_gallery\">\r\n                        <div class=\"td-gallery-slide-top\">\r\n                           <div class=\"td-gallery-title\"><\/div>\r\n\r\n                            <div class=\"td-gallery-controls-wrapper\">\r\n                                <div class=\"td-gallery-slide-count\"><span class=\"td-gallery-slide-item-focus\">1<\/span> de 4<\/div>\r\n                                <div class=\"td-gallery-slide-prev-next-but\">\r\n                                    <i class = \"td-icon-left doubleSliderPrevButton\"><\/i>\r\n                                    <i class = \"td-icon-right doubleSliderNextButton\"><\/i>\r\n                                <\/div>\r\n                            <\/div>\r\n                        <\/div>\r\n\r\n                        <div class = \"td-doubleSlider-1 \">\r\n                            <div class = \"td-slider\">\r\n                                \r\n                    <div class = \"td-slide-item td-item1\">\r\n                        <figure class=\"td-slide-galery-figure td-slide-popup-gallery\">\r\n                            <a class=\"slide-gallery-image-link\" href=\"https:\/\/vanderloubet.com.br\/deputado\/wp-content\/uploads\/2015\/05\/foto-2015-04-27-palestra-free-shop-ponta-pora.jpg\" title=\"Evento reuniu empres\u00e1rios de Ponta Por\u00e3 e de outros munic\u00edpios da fronteira (Foto: Lucho Rocha\/CCS\/PMPP)\"  data-caption=\"\"  data-description=\"Evento reuniu empres&aacute;rios de Ponta Por&atilde; e de outros munic&iacute;pios da fronteira (Foto: Lucho Rocha\/CCS\/PMPP)\">\r\n                                <img decoding=\"async\" src=\"https:\/\/vanderloubet.com.br\/deputado\/wp-content\/uploads\/2015\/05\/foto-2015-04-27-palestra-free-shop-ponta-pora-630x420.jpg\" srcset=\"https:\/\/vanderloubet.com.br\/deputado\/wp-content\/uploads\/2015\/05\/foto-2015-04-27-palestra-free-shop-ponta-pora-630x420.jpg 630w, https:\/\/vanderloubet.com.br\/deputado\/wp-content\/uploads\/2015\/05\/foto-2015-04-27-palestra-free-shop-ponta-pora-350x233.jpg 350w, https:\/\/vanderloubet.com.br\/deputado\/wp-content\/uploads\/2015\/05\/foto-2015-04-27-palestra-free-shop-ponta-pora-768x512.jpg 768w, https:\/\/vanderloubet.com.br\/deputado\/wp-content\/uploads\/2015\/05\/foto-2015-04-27-palestra-free-shop-ponta-pora-700x467.jpg 700w, https:\/\/vanderloubet.com.br\/deputado\/wp-content\/uploads\/2015\/05\/foto-2015-04-27-palestra-free-shop-ponta-pora-696x464.jpg 696w, https:\/\/vanderloubet.com.br\/deputado\/wp-content\/uploads\/2015\/05\/foto-2015-04-27-palestra-free-shop-ponta-pora.jpg 900w\" sizes=\"(max-width: 630px) 100vw, 630px\" alt=\"Evento reuniu empres&aacute;rios de Ponta Por&atilde; e de outros munic&iacute;pios da fronteira (Foto: Lucho Rocha\/CCS\/PMPP)\">\r\n                            <\/a>\r\n                            <figcaption class = \"td-slide-caption td-gallery-slide-content\"><span>Evento reuniu empres\u00e1rios de Ponta Por\u00e3 e de outros munic\u00edpios da fronteira (Foto: Lucho Rocha\/CCS\/PMPP)<\/span><\/figcaption>\r\n                        <\/figure>\r\n                    <\/div>\r\n                    <div class = \"td-slide-item td-item2\">\r\n                        <figure class=\"td-slide-galery-figure td-slide-popup-gallery\">\r\n                            <a class=\"slide-gallery-image-link\" href=\"https:\/\/vanderloubet.com.br\/deputado\/wp-content\/uploads\/2015\/05\/foto-2015-04-27-palestra-free-shop-vander.jpg\" title=\"Vander se mostrou otimista em rela\u00e7\u00e3o \u00e0s lojas francas (Foto: Lucho Rocha\/CCS\/PMPP)\"  data-caption=\"\"  data-description=\"Vander se mostrou otimista em rela&ccedil;&atilde;o &agrave;s lojas francas (Foto: Lucho Rocha\/CCS\/PMPP)\">\r\n                                <img decoding=\"async\" src=\"https:\/\/vanderloubet.com.br\/deputado\/wp-content\/uploads\/2015\/05\/foto-2015-04-27-palestra-free-shop-vander-630x420.jpg\" srcset=\"https:\/\/vanderloubet.com.br\/deputado\/wp-content\/uploads\/2015\/05\/foto-2015-04-27-palestra-free-shop-vander-630x420.jpg 630w, https:\/\/vanderloubet.com.br\/deputado\/wp-content\/uploads\/2015\/05\/foto-2015-04-27-palestra-free-shop-vander-350x233.jpg 350w, https:\/\/vanderloubet.com.br\/deputado\/wp-content\/uploads\/2015\/05\/foto-2015-04-27-palestra-free-shop-vander-768x512.jpg 768w, https:\/\/vanderloubet.com.br\/deputado\/wp-content\/uploads\/2015\/05\/foto-2015-04-27-palestra-free-shop-vander-700x467.jpg 700w, https:\/\/vanderloubet.com.br\/deputado\/wp-content\/uploads\/2015\/05\/foto-2015-04-27-palestra-free-shop-vander-696x464.jpg 696w, https:\/\/vanderloubet.com.br\/deputado\/wp-content\/uploads\/2015\/05\/foto-2015-04-27-palestra-free-shop-vander.jpg 900w\" sizes=\"(max-width: 630px) 100vw, 630px\" alt=\"Vander se mostrou otimista em rela&ccedil;&atilde;o &agrave;s lojas francas (Foto: Lucho Rocha\/CCS\/PMPP)\">\r\n                            <\/a>\r\n                            <figcaption class = \"td-slide-caption td-gallery-slide-content\"><span>Vander se mostrou otimista em rela\u00e7\u00e3o \u00e0s lojas francas (Foto: Lucho Rocha\/CCS\/PMPP)<\/span><\/figcaption>\r\n                        <\/figure>\r\n                    <\/div>\r\n                    <div class = \"td-slide-item td-item3\">\r\n                        <figure class=\"td-slide-galery-figure td-slide-popup-gallery\">\r\n                            <a class=\"slide-gallery-image-link\" href=\"https:\/\/vanderloubet.com.br\/deputado\/wp-content\/uploads\/2015\/05\/foto-2015-04-27-palestra-free-shop-ludimar.jpg\" title=\"Ludimar v\u00ea no com\u00e9rcio o grande impulsionador de Ponta Por\u00e3 (Foto: Lucho Rocha\/CCS\/PMPP)\"  data-caption=\"\"  data-description=\"Ludimar v&ecirc; no com&eacute;rcio o grande impulsionador de Ponta Por&atilde; (Foto: Lucho Rocha\/CCS\/PMPP)\">\r\n                                <img decoding=\"async\" src=\"https:\/\/vanderloubet.com.br\/deputado\/wp-content\/uploads\/2015\/05\/foto-2015-04-27-palestra-free-shop-ludimar-630x420.jpg\" srcset=\"https:\/\/vanderloubet.com.br\/deputado\/wp-content\/uploads\/2015\/05\/foto-2015-04-27-palestra-free-shop-ludimar-630x420.jpg 630w, https:\/\/vanderloubet.com.br\/deputado\/wp-content\/uploads\/2015\/05\/foto-2015-04-27-palestra-free-shop-ludimar-350x233.jpg 350w, https:\/\/vanderloubet.com.br\/deputado\/wp-content\/uploads\/2015\/05\/foto-2015-04-27-palestra-free-shop-ludimar-768x512.jpg 768w, https:\/\/vanderloubet.com.br\/deputado\/wp-content\/uploads\/2015\/05\/foto-2015-04-27-palestra-free-shop-ludimar-700x467.jpg 700w, https:\/\/vanderloubet.com.br\/deputado\/wp-content\/uploads\/2015\/05\/foto-2015-04-27-palestra-free-shop-ludimar-696x464.jpg 696w, https:\/\/vanderloubet.com.br\/deputado\/wp-content\/uploads\/2015\/05\/foto-2015-04-27-palestra-free-shop-ludimar.jpg 900w\" sizes=\"(max-width: 630px) 100vw, 630px\" alt=\"Ludimar v&ecirc; no com&eacute;rcio o grande impulsionador de Ponta Por&atilde; (Foto: Lucho Rocha\/CCS\/PMPP)\">\r\n                            <\/a>\r\n                            <figcaption class = \"td-slide-caption td-gallery-slide-content\"><span>Ludimar v\u00ea no com\u00e9rcio o grande impulsionador de Ponta Por\u00e3 (Foto: Lucho Rocha\/CCS\/PMPP)<\/span><\/figcaption>\r\n                        <\/figure>\r\n                    <\/div>\r\n                    <div class = \"td-slide-item td-item4\">\r\n                        <figure class=\"td-slide-galery-figure td-slide-popup-gallery\">\r\n                            <a class=\"slide-gallery-image-link\" href=\"https:\/\/vanderloubet.com.br\/deputado\/wp-content\/uploads\/2015\/05\/foto-2015-04-27-palestra-free-shop-enio.jpg\" title=\"\u00canio Motta Junior, da Receita Federal, foi o palestrante (Foto: Lucho Rocha\/CCS\/PMPP)\"  data-caption=\"\"  data-description=\"&Ecirc;nio Motta Junior, da Receita Federal, foi o palestrante (Foto: Lucho Rocha\/CCS\/PMPP)\">\r\n                                <img decoding=\"async\" src=\"https:\/\/vanderloubet.com.br\/deputado\/wp-content\/uploads\/2015\/05\/foto-2015-04-27-palestra-free-shop-enio-630x420.jpg\" srcset=\"https:\/\/vanderloubet.com.br\/deputado\/wp-content\/uploads\/2015\/05\/foto-2015-04-27-palestra-free-shop-enio-630x420.jpg 630w, https:\/\/vanderloubet.com.br\/deputado\/wp-content\/uploads\/2015\/05\/foto-2015-04-27-palestra-free-shop-enio-350x233.jpg 350w, https:\/\/vanderloubet.com.br\/deputado\/wp-content\/uploads\/2015\/05\/foto-2015-04-27-palestra-free-shop-enio-768x512.jpg 768w, https:\/\/vanderloubet.com.br\/deputado\/wp-content\/uploads\/2015\/05\/foto-2015-04-27-palestra-free-shop-enio-700x467.jpg 700w, https:\/\/vanderloubet.com.br\/deputado\/wp-content\/uploads\/2015\/05\/foto-2015-04-27-palestra-free-shop-enio-696x464.jpg 696w, https:\/\/vanderloubet.com.br\/deputado\/wp-content\/uploads\/2015\/05\/foto-2015-04-27-palestra-free-shop-enio.jpg 900w\" sizes=\"(max-width: 630px) 100vw, 630px\" alt=\"&Ecirc;nio Motta Junior, da Receita Federal, foi o palestrante (Foto: Lucho Rocha\/CCS\/PMPP)\">\r\n                            <\/a>\r\n                            <figcaption class = \"td-slide-caption td-gallery-slide-content\"><span>\u00canio Motta Junior, da Receita Federal, foi o palestrante (Foto: Lucho Rocha\/CCS\/PMPP)<\/span><\/figcaption>\r\n                        <\/figure>\r\n                    <\/div>\r\n                            <\/div>\r\n                        <\/div>\r\n\r\n                        <div class = \"td-doubleSlider-2\">\r\n                            <div class = \"td-slider\">\r\n                                \r\n                    <div class = \"td-button td-item1\">\r\n                        <div class = \"td-border\"><\/div>\r\n                    <\/div>\r\n                    <div class = \"td-button td-item2\">\r\n                        <div class = \"td-border\"><\/div>\r\n                    <\/div>\r\n                    <div class = \"td-button td-item3\">\r\n                        <div class = \"td-border\"><\/div>\r\n                    <\/div>\r\n                    <div class = \"td-button td-item4\">\r\n                        <div class = \"td-border\"><\/div>\r\n                    <\/div>\r\n                            <\/div>\r\n                        <\/div>\r\n\r\n                    <\/div>\r\n\r\n                <\/div>\r\n                \n<p>Foi realizada no dia 27 de abril, no Centro Internacional de Conven\u00e7\u00f5es de Ponta Por\u00e3, uma palestra sobre a implementa\u00e7\u00e3o das Lojas Francas Terrestes, conhecidas como free shops. A atividade foi marcada pela Receita Federal ap\u00f3s solicita\u00e7\u00e3o encaminhada pelo prefeito Ludimar Novais, pela C\u00e2mara Municipal e pelo deputado federal Vander Loubet.<\/p>\n<p>O palestrante foi \u00canio Motta Junior, chefe da Divis\u00e3o de Administra\u00e7\u00e3o Aduaneira da 1\u00aa Regi\u00e3o Fiscal, que abrange o Distrito Federal e os estados de Mato Grosso do Sul, Mato Grosso, Goi\u00e1s e Tocantins. <\/p>\n<p>Durante o evento, Vander afirmou que \u201ceste \u00e9 um caminho sem volta\u201d. O parlamentar se mostrou otimista em rela\u00e7\u00e3o ao processo. \u201cAcredito que at\u00e9 junho estaremos contemplando Ponta Por\u00e3 com este novo dispositivo legal, que vai abrir um novo horizonte para o com\u00e9rcio local\u201d, destacou. &#8220;A lei sobre o tema est\u00e1 aprovada e regulamentada, falta apenas a normatiza\u00e7\u00e3o, que est\u00e1 sendo agilizada pela Receita Federal&#8221;, complementou.<\/p>\n<p>Questionado sobre o conflito que a implanta\u00e7\u00e3o das free shops em Ponta Por\u00e3 poder\u00e1 provocar no relacionamento amistoso existente entre os comerciantes e suas entidades representativas nos dois lados da fronteira, o deputado avaliou que a crise pela qual o com\u00e9rcio de Pedro Juan Caballero est\u00e1 passando \u00e9 apenas consequ\u00eancia da alta cota\u00e7\u00e3o do d\u00f3lar e que esse quadro deve se estabilizar. \u201cO com\u00e9rcio paraguaio voltar\u00e1 a fazer bons neg\u00f3cios, tendo Ponta Por\u00e3 como uma parceira ainda mais integrada\u201d, concluiu Vander.<\/p>\n<p>J\u00e1 o prefeito considerou salutares as iniciativas do Governo Federal de promover esclarecimentos ao empresariado sobre as free shops, mas destacou que \u00e9 necess\u00e1rio conhecimento da realidade local. \u201c\u00c9 importante que Bras\u00edlia conhe\u00e7a a realidade da nossa fronteira para que a Receita Federal consiga normatizar a nova legisla\u00e7\u00e3o, de forma que a implanta\u00e7\u00e3o das lojas francas atenda as expectativas do com\u00e9rcio e n\u00e3o venha a prejudicar o empresariado local, que v\u00ea nesse dispositivo uma grande oportunidade de investimento\u201d, ponderou.<\/p>\n<p>Ludimar frisou que v\u00ea no com\u00e9rcio o grande impulsionador do desenvolvimento. \u201cA implanta\u00e7\u00e3o de ind\u00fastrias, apesar dos incentivos, n\u00e3o d\u00e1 suporte ao desenvolvimento por causa da nossa localiza\u00e7\u00e3o, distante dos grandes centros de consumo\u201d, argumentou. \u201cNosso com\u00e9rcio sempre foi sofrido, em virtude da concorr\u00eancia com as lojas paraguaias. Mas com a implanta\u00e7\u00e3o das lojas francas, acredito que possa existir uma concorr\u00eancia leal e equilibrada\u201d, concluiu.<\/p>\n<p><strong>Vantagem<\/strong> &#8211; Na pr\u00e1tica, o regime aduaneiro especial das lojas francas permite que turistas comprem at\u00e9 US$ 300 (cerca de R$ 920) em mercadorias isentas de impostos de importa\u00e7\u00e3o em estabelecimentos dentro do Brasil, instalados em cidade brasileira g\u00eamea de cidade estrangeira na linha de fronteira. Esse regime especial vai garantir uma vantagem em rela\u00e7\u00e3o \u00e0s lojas dos pa\u00edses estrangeiros, como o Paraguai, por exemplo, onde a cota para adquirir produtos sem cobran\u00e7a de impostos de importa\u00e7\u00e3o ser\u00e1 de apenas US$ 150 (cerca de R$ 460) a partir de 30 de junho deste ano.<\/p>\n<p><strong>Palestras<\/strong> &#8211; O mandato do deputado Vander, em parceria com as prefeituras e com a Receita Federal, deve realizar em breve a mesma palestra nos munic\u00edpios de Corumb\u00e1 e Mundo Novo, que tamb\u00e9m est\u00e3o autorizados a implantar as lojas francas.<\/p>\n<p><em>(\u00c9der Yanaguita &#8211; Ascom\/Deputado Vander, com informa\u00e7\u00f5es da CCS\/Prefeitura de Ponta Por\u00e3)<\/em><\/p>\n","protected":false},"excerpt":{"rendered":"<p>Afirma\u00e7\u00e3o foi feita durante evento que discutiu a implanta\u00e7\u00e3o dos free shops em Ponta Por\u00e3 e outros munic\u00edpios da regi\u00e3o de fronteira.<\/p>\n","protected":false},"author":2,"featured_media":9513,"comment_status":"closed","ping_status":"closed","sticky":false,"template":"","format":"standard","meta":{"jetpack_post_was_ever_published":false,"_jetpack_newsletter_access":"","_jetpack_dont_email_post_to_subs":false,"_jetpack_newsletter_tier_id":0,"_jetpack_memberships_contains_paywalled_content":false,"_jetpack_memberships_contains_paid_content":false,"footnotes":""},"categories":[2097,10],"tags":[483,1984],"class_list":{"0":"post-9509","1":"post","2":"type-post","3":"status-publish","4":"format-standard","5":"has-post-thumbnail","7":"category-municipios-noticias","8":"category-noticias","9":"tag-comercio","10":"tag-tributacao"},"yoast_head":"<!-- This site is optimized with the Yoast SEO plugin v27.4 - https:\/\/yoast.com\/product\/yoast-seo-wordpress\/ -->\n<title>Para deputado Vander, lojas francas na fronteira \u00e9 caminho sem volta<\/title>\n<meta name=\"robots\" content=\"index, follow, max-snippet:-1, max-image-preview:large, max-video-preview:-1\" \/>\n<link rel=\"canonical\" href=\"https:\/\/vanderloubet.com.br\/deputado\/para-deputado-vander-lojas-francas-na-fronteira-e-caminho-sem-volta\/\" \/>\n<meta property=\"og:locale\" content=\"pt_BR\" \/>\n<meta property=\"og:type\" content=\"article\" \/>\n<meta property=\"og:title\" content=\"Para deputado Vander, lojas francas na fronteira \u00e9 caminho sem volta\" \/>\n<meta property=\"og:description\" content=\"Afirma\u00e7\u00e3o foi feita durante evento que discutiu a implanta\u00e7\u00e3o dos free shops em Ponta Por\u00e3 e outros munic\u00edpios da regi\u00e3o de fronteira.\" \/>\n<meta property=\"og:url\" content=\"https:\/\/vanderloubet.com.br\/deputado\/para-deputado-vander-lojas-francas-na-fronteira-e-caminho-sem-volta\/\" \/>\n<meta property=\"og:site_name\" content=\"Deputado Federal Vander Loubet\" \/>\n<meta property=\"article:publisher\" content=\"https:\/\/facebook.com\/deputadovander\" \/>\n<meta property=\"article:published_time\" content=\"2015-04-28T11:00:35+00:00\" \/>\n<meta property=\"article:modified_time\" content=\"2015-06-12T14:49:17+00:00\" \/>\n<meta property=\"og:image\" content=\"https:\/\/vanderloubet.com.br\/deputado\/wp-content\/uploads\/2015\/05\/foto-2015-04-27-palestra-free-shop-vander.jpg\" \/>\n\t<meta property=\"og:image:width\" content=\"900\" \/>\n\t<meta property=\"og:image:height\" content=\"600\" \/>\n\t<meta property=\"og:image:type\" content=\"image\/jpeg\" \/>\n<meta name=\"author\" content=\"\u00c9der\" \/>\n<meta name=\"twitter:card\" content=\"summary_large_image\" \/>\n<meta name=\"twitter:creator\" content=\"@vanderloubet\" \/>\n<meta name=\"twitter:site\" content=\"@vanderloubet\" \/>\n<script type=\"application\/ld+json\" class=\"yoast-schema-graph\">{\"@context\":\"https:\\\/\\\/schema.org\",\"@graph\":[{\"@type\":\"Article\",\"@id\":\"https:\\\/\\\/vanderloubet.com.br\\\/deputado\\\/para-deputado-vander-lojas-francas-na-fronteira-e-caminho-sem-volta\\\/#article\",\"isPartOf\":{\"@id\":\"https:\\\/\\\/vanderloubet.com.br\\\/deputado\\\/para-deputado-vander-lojas-francas-na-fronteira-e-caminho-sem-volta\\\/\"},\"author\":{\"name\":\"\u00c9der\",\"@id\":\"https:\\\/\\\/vanderloubet.com.br\\\/deputado\\\/#\\\/schema\\\/person\\\/15b51bd564532a8a68d9dec1b8eb890e\"},\"headline\":\"Para deputado Vander, lojas francas na fronteira \u00e9 caminho sem volta\",\"datePublished\":\"2015-04-28T11:00:35+00:00\",\"dateModified\":\"2015-06-12T14:49:17+00:00\",\"mainEntityOfPage\":{\"@id\":\"https:\\\/\\\/vanderloubet.com.br\\\/deputado\\\/para-deputado-vander-lojas-francas-na-fronteira-e-caminho-sem-volta\\\/\"},\"wordCount\":578,\"publisher\":{\"@id\":\"https:\\\/\\\/vanderloubet.com.br\\\/deputado\\\/#organization\"},\"image\":{\"@id\":\"https:\\\/\\\/vanderloubet.com.br\\\/deputado\\\/para-deputado-vander-lojas-francas-na-fronteira-e-caminho-sem-volta\\\/#primaryimage\"},\"thumbnailUrl\":\"https:\\\/\\\/vanderloubet.com.br\\\/deputado\\\/wp-content\\\/uploads\\\/2015\\\/05\\\/foto-2015-04-27-palestra-free-shop-vander.jpg\",\"keywords\":[\"com\u00e9rcio\",\"tributa\u00e7\u00e3o\"],\"articleSection\":[\"Munic\u00edpios\",\"Not\u00edcias\"],\"inLanguage\":\"pt-BR\"},{\"@type\":\"WebPage\",\"@id\":\"https:\\\/\\\/vanderloubet.com.br\\\/deputado\\\/para-deputado-vander-lojas-francas-na-fronteira-e-caminho-sem-volta\\\/\",\"url\":\"https:\\\/\\\/vanderloubet.com.br\\\/deputado\\\/para-deputado-vander-lojas-francas-na-fronteira-e-caminho-sem-volta\\\/\",\"name\":\"Para deputado Vander, lojas francas na fronteira \u00e9 caminho sem volta\",\"isPartOf\":{\"@id\":\"https:\\\/\\\/vanderloubet.com.br\\\/deputado\\\/#website\"},\"primaryImageOfPage\":{\"@id\":\"https:\\\/\\\/vanderloubet.com.br\\\/deputado\\\/para-deputado-vander-lojas-francas-na-fronteira-e-caminho-sem-volta\\\/#primaryimage\"},\"image\":{\"@id\":\"https:\\\/\\\/vanderloubet.com.br\\\/deputado\\\/para-deputado-vander-lojas-francas-na-fronteira-e-caminho-sem-volta\\\/#primaryimage\"},\"thumbnailUrl\":\"https:\\\/\\\/vanderloubet.com.br\\\/deputado\\\/wp-content\\\/uploads\\\/2015\\\/05\\\/foto-2015-04-27-palestra-free-shop-vander.jpg\",\"datePublished\":\"2015-04-28T11:00:35+00:00\",\"dateModified\":\"2015-06-12T14:49:17+00:00\",\"breadcrumb\":{\"@id\":\"https:\\\/\\\/vanderloubet.com.br\\\/deputado\\\/para-deputado-vander-lojas-francas-na-fronteira-e-caminho-sem-volta\\\/#breadcrumb\"},\"inLanguage\":\"pt-BR\",\"potentialAction\":[{\"@type\":\"ReadAction\",\"target\":[\"https:\\\/\\\/vanderloubet.com.br\\\/deputado\\\/para-deputado-vander-lojas-francas-na-fronteira-e-caminho-sem-volta\\\/\"]}]},{\"@type\":\"ImageObject\",\"inLanguage\":\"pt-BR\",\"@id\":\"https:\\\/\\\/vanderloubet.com.br\\\/deputado\\\/para-deputado-vander-lojas-francas-na-fronteira-e-caminho-sem-volta\\\/#primaryimage\",\"url\":\"https:\\\/\\\/vanderloubet.com.br\\\/deputado\\\/wp-content\\\/uploads\\\/2015\\\/05\\\/foto-2015-04-27-palestra-free-shop-vander.jpg\",\"contentUrl\":\"https:\\\/\\\/vanderloubet.com.br\\\/deputado\\\/wp-content\\\/uploads\\\/2015\\\/05\\\/foto-2015-04-27-palestra-free-shop-vander.jpg\",\"width\":900,\"height\":600,\"caption\":\"Vander se mostrou otimista em rela\u00e7\u00e3o \u00e0s lojas francas (Foto: Lucho Rocha\\\/CCS\\\/PMPP)\"},{\"@type\":\"BreadcrumbList\",\"@id\":\"https:\\\/\\\/vanderloubet.com.br\\\/deputado\\\/para-deputado-vander-lojas-francas-na-fronteira-e-caminho-sem-volta\\\/#breadcrumb\",\"itemListElement\":[{\"@type\":\"ListItem\",\"position\":1,\"name\":\"In\u00edcio\",\"item\":\"https:\\\/\\\/vanderloubet.com.br\\\/deputado\\\/\"},{\"@type\":\"ListItem\",\"position\":2,\"name\":\"Para deputado Vander, lojas francas na fronteira \u00e9 caminho sem volta\"}]},{\"@type\":\"WebSite\",\"@id\":\"https:\\\/\\\/vanderloubet.com.br\\\/deputado\\\/#website\",\"url\":\"https:\\\/\\\/vanderloubet.com.br\\\/deputado\\\/\",\"name\":\"Deputado Federal Vander Loubet\",\"description\":\"O Federal de MS\",\"publisher\":{\"@id\":\"https:\\\/\\\/vanderloubet.com.br\\\/deputado\\\/#organization\"},\"alternateName\":\"Deputado Vander\",\"potentialAction\":[{\"@type\":\"SearchAction\",\"target\":{\"@type\":\"EntryPoint\",\"urlTemplate\":\"https:\\\/\\\/vanderloubet.com.br\\\/deputado\\\/?s={search_term_string}\"},\"query-input\":{\"@type\":\"PropertyValueSpecification\",\"valueRequired\":true,\"valueName\":\"search_term_string\"}}],\"inLanguage\":\"pt-BR\"},{\"@type\":\"Organization\",\"@id\":\"https:\\\/\\\/vanderloubet.com.br\\\/deputado\\\/#organization\",\"name\":\"Deputado Federal Vander Loubet\",\"alternateName\":\"Deputado Vander\",\"url\":\"https:\\\/\\\/vanderloubet.com.br\\\/deputado\\\/\",\"logo\":{\"@type\":\"ImageObject\",\"inLanguage\":\"pt-BR\",\"@id\":\"https:\\\/\\\/vanderloubet.com.br\\\/deputado\\\/#\\\/schema\\\/logo\\\/image\\\/\",\"url\":\"https:\\\/\\\/vanderloubet.com.br\\\/deputado\\\/wp-content\\\/uploads\\\/2023\\\/06\\\/foto-2023-06-19-mandato-deputado-vander.jpg\",\"contentUrl\":\"https:\\\/\\\/vanderloubet.com.br\\\/deputado\\\/wp-content\\\/uploads\\\/2023\\\/06\\\/foto-2023-06-19-mandato-deputado-vander.jpg\",\"width\":1080,\"height\":1080,\"caption\":\"Deputado Federal Vander Loubet\"},\"image\":{\"@id\":\"https:\\\/\\\/vanderloubet.com.br\\\/deputado\\\/#\\\/schema\\\/logo\\\/image\\\/\"},\"sameAs\":[\"https:\\\/\\\/facebook.com\\\/deputadovander\",\"https:\\\/\\\/x.com\\\/vanderloubet\",\"https:\\\/\\\/instagram.com\\\/vanderloubet\",\"https:\\\/\\\/youtube.com\\\/vanderloubet\",\"https:\\\/\\\/tiktok.com\\\/@vanderloubetms\"]},{\"@type\":\"Person\",\"@id\":\"https:\\\/\\\/vanderloubet.com.br\\\/deputado\\\/#\\\/schema\\\/person\\\/15b51bd564532a8a68d9dec1b8eb890e\",\"name\":\"\u00c9der\",\"image\":{\"@type\":\"ImageObject\",\"inLanguage\":\"pt-BR\",\"@id\":\"https:\\\/\\\/vanderloubet.com.br\\\/deputado\\\/wp-content\\\/litespeed\\\/avatar\\\/88ca4090d9d5ab1c9495f6ca03b68efa.jpg?ver=1777058957\",\"url\":\"https:\\\/\\\/vanderloubet.com.br\\\/deputado\\\/wp-content\\\/litespeed\\\/avatar\\\/88ca4090d9d5ab1c9495f6ca03b68efa.jpg?ver=1777058957\",\"contentUrl\":\"https:\\\/\\\/vanderloubet.com.br\\\/deputado\\\/wp-content\\\/litespeed\\\/avatar\\\/88ca4090d9d5ab1c9495f6ca03b68efa.jpg?ver=1777058957\",\"caption\":\"\u00c9der\"}}]}<\/script>\n<!-- \/ Yoast SEO plugin. -->","yoast_head_json":{"title":"Para deputado Vander, lojas francas na fronteira \u00e9 caminho sem volta","robots":{"index":"index","follow":"follow","max-snippet":"max-snippet:-1","max-image-preview":"max-image-preview:large","max-video-preview":"max-video-preview:-1"},"canonical":"https:\/\/vanderloubet.com.br\/deputado\/para-deputado-vander-lojas-francas-na-fronteira-e-caminho-sem-volta\/","og_locale":"pt_BR","og_type":"article","og_title":"Para deputado Vander, lojas francas na fronteira \u00e9 caminho sem volta","og_description":"Afirma\u00e7\u00e3o foi feita durante evento que discutiu a implanta\u00e7\u00e3o dos free shops em Ponta Por\u00e3 e outros munic\u00edpios da regi\u00e3o de fronteira.","og_url":"https:\/\/vanderloubet.com.br\/deputado\/para-deputado-vander-lojas-francas-na-fronteira-e-caminho-sem-volta\/","og_site_name":"Deputado Federal Vander Loubet","article_publisher":"https:\/\/facebook.com\/deputadovander","article_published_time":"2015-04-28T11:00:35+00:00","article_modified_time":"2015-06-12T14:49:17+00:00","og_image":[{"width":900,"height":600,"url":"https:\/\/vanderloubet.com.br\/deputado\/wp-content\/uploads\/2015\/05\/foto-2015-04-27-palestra-free-shop-vander.jpg","type":"image\/jpeg"}],"author":"\u00c9der","twitter_card":"summary_large_image","twitter_creator":"@vanderloubet","twitter_site":"@vanderloubet","schema":{"@context":"https:\/\/schema.org","@graph":[{"@type":"Article","@id":"https:\/\/vanderloubet.com.br\/deputado\/para-deputado-vander-lojas-francas-na-fronteira-e-caminho-sem-volta\/#article","isPartOf":{"@id":"https:\/\/vanderloubet.com.br\/deputado\/para-deputado-vander-lojas-francas-na-fronteira-e-caminho-sem-volta\/"},"author":{"name":"\u00c9der","@id":"https:\/\/vanderloubet.com.br\/deputado\/#\/schema\/person\/15b51bd564532a8a68d9dec1b8eb890e"},"headline":"Para deputado Vander, lojas francas na fronteira \u00e9 caminho sem volta","datePublished":"2015-04-28T11:00:35+00:00","dateModified":"2015-06-12T14:49:17+00:00","mainEntityOfPage":{"@id":"https:\/\/vanderloubet.com.br\/deputado\/para-deputado-vander-lojas-francas-na-fronteira-e-caminho-sem-volta\/"},"wordCount":578,"publisher":{"@id":"https:\/\/vanderloubet.com.br\/deputado\/#organization"},"image":{"@id":"https:\/\/vanderloubet.com.br\/deputado\/para-deputado-vander-lojas-francas-na-fronteira-e-caminho-sem-volta\/#primaryimage"},"thumbnailUrl":"https:\/\/vanderloubet.com.br\/deputado\/wp-content\/uploads\/2015\/05\/foto-2015-04-27-palestra-free-shop-vander.jpg","keywords":["com\u00e9rcio","tributa\u00e7\u00e3o"],"articleSection":["Munic\u00edpios","Not\u00edcias"],"inLanguage":"pt-BR"},{"@type":"WebPage","@id":"https:\/\/vanderloubet.com.br\/deputado\/para-deputado-vander-lojas-francas-na-fronteira-e-caminho-sem-volta\/","url":"https:\/\/vanderloubet.com.br\/deputado\/para-deputado-vander-lojas-francas-na-fronteira-e-caminho-sem-volta\/","name":"Para deputado Vander, lojas francas na fronteira \u00e9 caminho sem volta","isPartOf":{"@id":"https:\/\/vanderloubet.com.br\/deputado\/#website"},"primaryImageOfPage":{"@id":"https:\/\/vanderloubet.com.br\/deputado\/para-deputado-vander-lojas-francas-na-fronteira-e-caminho-sem-volta\/#primaryimage"},"image":{"@id":"https:\/\/vanderloubet.com.br\/deputado\/para-deputado-vander-lojas-francas-na-fronteira-e-caminho-sem-volta\/#primaryimage"},"thumbnailUrl":"https:\/\/vanderloubet.com.br\/deputado\/wp-content\/uploads\/2015\/05\/foto-2015-04-27-palestra-free-shop-vander.jpg","datePublished":"2015-04-28T11:00:35+00:00","dateModified":"2015-06-12T14:49:17+00:00","breadcrumb":{"@id":"https:\/\/vanderloubet.com.br\/deputado\/para-deputado-vander-lojas-francas-na-fronteira-e-caminho-sem-volta\/#breadcrumb"},"inLanguage":"pt-BR","potentialAction":[{"@type":"ReadAction","target":["https:\/\/vanderloubet.com.br\/deputado\/para-deputado-vander-lojas-francas-na-fronteira-e-caminho-sem-volta\/"]}]},{"@type":"ImageObject","inLanguage":"pt-BR","@id":"https:\/\/vanderloubet.com.br\/deputado\/para-deputado-vander-lojas-francas-na-fronteira-e-caminho-sem-volta\/#primaryimage","url":"https:\/\/vanderloubet.com.br\/deputado\/wp-content\/uploads\/2015\/05\/foto-2015-04-27-palestra-free-shop-vander.jpg","contentUrl":"https:\/\/vanderloubet.com.br\/deputado\/wp-content\/uploads\/2015\/05\/foto-2015-04-27-palestra-free-shop-vander.jpg","width":900,"height":600,"caption":"Vander se mostrou otimista em rela\u00e7\u00e3o \u00e0s lojas francas (Foto: Lucho Rocha\/CCS\/PMPP)"},{"@type":"BreadcrumbList","@id":"https:\/\/vanderloubet.com.br\/deputado\/para-deputado-vander-lojas-francas-na-fronteira-e-caminho-sem-volta\/#breadcrumb","itemListElement":[{"@type":"ListItem","position":1,"name":"In\u00edcio","item":"https:\/\/vanderloubet.com.br\/deputado\/"},{"@type":"ListItem","position":2,"name":"Para deputado Vander, lojas francas na fronteira \u00e9 caminho sem volta"}]},{"@type":"WebSite","@id":"https:\/\/vanderloubet.com.br\/deputado\/#website","url":"https:\/\/vanderloubet.com.br\/deputado\/","name":"Deputado Federal Vander Loubet","description":"O Federal de MS","publisher":{"@id":"https:\/\/vanderloubet.com.br\/deputado\/#organization"},"alternateName":"Deputado Vander","potentialAction":[{"@type":"SearchAction","target":{"@type":"EntryPoint","urlTemplate":"https:\/\/vanderloubet.com.br\/deputado\/?s={search_term_string}"},"query-input":{"@type":"PropertyValueSpecification","valueRequired":true,"valueName":"search_term_string"}}],"inLanguage":"pt-BR"},{"@type":"Organization","@id":"https:\/\/vanderloubet.com.br\/deputado\/#organization","name":"Deputado Federal Vander Loubet","alternateName":"Deputado Vander","url":"https:\/\/vanderloubet.com.br\/deputado\/","logo":{"@type":"ImageObject","inLanguage":"pt-BR","@id":"https:\/\/vanderloubet.com.br\/deputado\/#\/schema\/logo\/image\/","url":"https:\/\/vanderloubet.com.br\/deputado\/wp-content\/uploads\/2023\/06\/foto-2023-06-19-mandato-deputado-vander.jpg","contentUrl":"https:\/\/vanderloubet.com.br\/deputado\/wp-content\/uploads\/2023\/06\/foto-2023-06-19-mandato-deputado-vander.jpg","width":1080,"height":1080,"caption":"Deputado Federal Vander Loubet"},"image":{"@id":"https:\/\/vanderloubet.com.br\/deputado\/#\/schema\/logo\/image\/"},"sameAs":["https:\/\/facebook.com\/deputadovander","https:\/\/x.com\/vanderloubet","https:\/\/instagram.com\/vanderloubet","https:\/\/youtube.com\/vanderloubet","https:\/\/tiktok.com\/@vanderloubetms"]},{"@type":"Person","@id":"https:\/\/vanderloubet.com.br\/deputado\/#\/schema\/person\/15b51bd564532a8a68d9dec1b8eb890e","name":"\u00c9der","image":{"@type":"ImageObject","inLanguage":"pt-BR","@id":"https:\/\/vanderloubet.com.br\/deputado\/wp-content\/litespeed\/avatar\/88ca4090d9d5ab1c9495f6ca03b68efa.jpg?ver=1777058957","url":"https:\/\/vanderloubet.com.br\/deputado\/wp-content\/litespeed\/avatar\/88ca4090d9d5ab1c9495f6ca03b68efa.jpg?ver=1777058957","contentUrl":"https:\/\/vanderloubet.com.br\/deputado\/wp-content\/litespeed\/avatar\/88ca4090d9d5ab1c9495f6ca03b68efa.jpg?ver=1777058957","caption":"\u00c9der"}}]}},"jetpack_featured_media_url":"https:\/\/vanderloubet.com.br\/deputado\/wp-content\/uploads\/2015\/05\/foto-2015-04-27-palestra-free-shop-vander.jpg","jetpack_sharing_enabled":true,"_links":{"self":[{"href":"https:\/\/vanderloubet.com.br\/deputado\/wp-json\/wp\/v2\/posts\/9509","targetHints":{"allow":["GET"]}}],"collection":[{"href":"https:\/\/vanderloubet.com.br\/deputado\/wp-json\/wp\/v2\/posts"}],"about":[{"href":"https:\/\/vanderloubet.com.br\/deputado\/wp-json\/wp\/v2\/types\/post"}],"author":[{"embeddable":true,"href":"https:\/\/vanderloubet.com.br\/deputado\/wp-json\/wp\/v2\/users\/2"}],"replies":[{"embeddable":true,"href":"https:\/\/vanderloubet.com.br\/deputado\/wp-json\/wp\/v2\/comments?post=9509"}],"version-history":[{"count":0,"href":"https:\/\/vanderloubet.com.br\/deputado\/wp-json\/wp\/v2\/posts\/9509\/revisions"}],"wp:featuredmedia":[{"embeddable":true,"href":"https:\/\/vanderloubet.com.br\/deputado\/wp-json\/wp\/v2\/media\/9513"}],"wp:attachment":[{"href":"https:\/\/vanderloubet.com.br\/deputado\/wp-json\/wp\/v2\/media?parent=9509"}],"wp:term":[{"taxonomy":"category","embeddable":true,"href":"https:\/\/vanderloubet.com.br\/deputado\/wp-json\/wp\/v2\/categories?post=9509"},{"taxonomy":"post_tag","embeddable":true,"href":"https:\/\/vanderloubet.com.br\/deputado\/wp-json\/wp\/v2\/tags?post=9509"}],"curies":[{"name":"wp","href":"https:\/\/api.w.org\/{rel}","templated":true}]}}