{"id":9506,"date":"2015-05-12T17:09:53","date_gmt":"2015-05-12T20:09:53","guid":{"rendered":"http:\/\/vanderloubet.com.br\/deputado\/?p=9506"},"modified":"2015-05-12T17:09:53","modified_gmt":"2015-05-12T20:09:53","slug":"graduados-a-partir-da-politica-de-cotas-ja-fazem-diferenca","status":"publish","type":"post","link":"https:\/\/vanderloubet.com.br\/deputado\/graduados-a-partir-da-politica-de-cotas-ja-fazem-diferenca\/","title":{"rendered":"Graduados a partir da pol\u00edtica de cotas j\u00e1 fazem diferen\u00e7a"},"content":{"rendered":"<figure id=\"attachment_9507\" aria-describedby=\"caption-attachment-9507\" style=\"width: 700px\" class=\"wp-caption alignnone\"><img decoding=\"async\" class=\"wp-image-9507 size-large\" title=\"Ex-cotista da Uerj, Pedro Arthur participou de projeto da Google (Foto: Shana Reis\/GERJ)\" src=\"http:\/\/vanderloubet.com.br\/deputado\/wp-content\/uploads\/2015\/05\/foto-2015-05-12-pedro-arthur-uerj-cotas-700x467.jpg\" alt=\"Ex-cotista da Uerj, Pedro Arthur participou de projeto da Google (Foto: Shana Reis\/GERJ)\" width=\"700\" height=\"467\" srcset=\"https:\/\/vanderloubet.com.br\/deputado\/wp-content\/uploads\/2015\/05\/foto-2015-05-12-pedro-arthur-uerj-cotas-700x467.jpg 700w, https:\/\/vanderloubet.com.br\/deputado\/wp-content\/uploads\/2015\/05\/foto-2015-05-12-pedro-arthur-uerj-cotas-350x233.jpg 350w, https:\/\/vanderloubet.com.br\/deputado\/wp-content\/uploads\/2015\/05\/foto-2015-05-12-pedro-arthur-uerj-cotas-768x512.jpg 768w, https:\/\/vanderloubet.com.br\/deputado\/wp-content\/uploads\/2015\/05\/foto-2015-05-12-pedro-arthur-uerj-cotas-630x420.jpg 630w, https:\/\/vanderloubet.com.br\/deputado\/wp-content\/uploads\/2015\/05\/foto-2015-05-12-pedro-arthur-uerj-cotas-696x464.jpg 696w, https:\/\/vanderloubet.com.br\/deputado\/wp-content\/uploads\/2015\/05\/foto-2015-05-12-pedro-arthur-uerj-cotas-1068x712.jpg 1068w, https:\/\/vanderloubet.com.br\/deputado\/wp-content\/uploads\/2015\/05\/foto-2015-05-12-pedro-arthur-uerj-cotas.jpg 1200w\" sizes=\"(max-width: 700px) 100vw, 700px\" \/><figcaption id=\"caption-attachment-9507\" class=\"wp-caption-text\">Ex-cotista da Uerj, Pedro Arthur participou de projeto da Google (Foto: Shana Reis\/GERJ)<\/figcaption><\/figure>\n<p>Historicamente, o que diferencia pobres e ricos \u00e9 a capacidade de sonhar &#8211; e, mais do que isso, tornar seus sonhos realidade. Uma crian\u00e7a que nasce e cresce em uma comunidade dificilmente \u00e9 incentivada a se tornar m\u00e9dica, por exemplo. Ou engenheira, ou designer, ou veterin\u00e1ria. Com a ado\u00e7\u00e3o da pol\u00edtica de cotas por parte das universidades p\u00fablicas, isso come\u00e7a a mudar. Negros, estudantes de escola p\u00fablica, jovens da periferia e das favelas t\u00eam a chance de sonhar com uma carreira, com a possibilidade de fazer p\u00f3s-gradua\u00e7\u00e3o ou at\u00e9 mesmo estudar no exterior.<\/p>\n<p>\u201cEu fui a primeira da fam\u00edlia a fazer faculdade, isso deu uma alegria muito grande para todo mundo. Minha m\u00e3e nunca pode sonhar com isso e minha av\u00f3 tamb\u00e9m n\u00e3o podia incentivar. Hoje \u00e9 diferente. Os pais j\u00e1 conseguem vislumbrar um futuro melhor para os filhos, ent\u00e3o dizem para eles estudarem, estimulam a vontade de fazer faculdade\u201d, conta Let\u00edcia Melo, de 28 anos. Designer, ela foi cotista na Uerj, onde se formou em 2010 no curso de Desenho Industrial.<\/p>\n<p>Rec\u00e9m-formado em Engenharia da Computa\u00e7\u00e3o pela Uerj de Nova Friburgo, o ex-cotista Pedro Arthur Souza, 24 anos, apresentou recentemente seu trabalho sobre softwares livres no Jap\u00e3o. Al\u00e9m disso, durante quatro anos ele participou do Google Summer Codes, um projeto patrocinado pela empresa norte-americana de tecnologia, que oferece bolsas para estudantes desenvolverem c\u00f3digos computacionais para softwares livres, nas pr\u00f3prias universidades.<\/p>\n<p>\u201cAs cotas foram importantes para mim por dois motivos. Sem essa pol\u00edtica, eu n\u00e3o teria entrado na universidade em 2010. Talvez no futuro se eu continuasse tentado conseguiria, mas seria bem mais dif\u00edcil, pois sempre estudei em escola p\u00fablica e n\u00e3o poderia pagar um curso de refor\u00e7o, para poder competir com alunos de escolas particulares. Al\u00e9m disso, como cotista eu recebi uma bolsa-perman\u00eancia, que foi fundamental porque a minha fam\u00edlia \u00e9 pobre. Sem essa ajuda, certamente seria muito dif\u00edcil concluir a gradua\u00e7\u00e3o, pois eu teria que trabalhar. Mas as aulas eram durante todo o dia, ent\u00e3o acabaria abrindo m\u00e3o\u201d, explica o Pedro Arthur.<\/p>\n<p>Soci\u00f3logo da UFRJ, Paulo Ba\u00eda avalia que as a\u00e7\u00f5es afirmativas tiveram uma importante fun\u00e7\u00e3o na sociedade ao permitir que jovens buscassem ir al\u00e9m de onde chegaram seus pais. \u201cAs pessoas que se beneficiam com a pol\u00edtica de cotas t\u00eam um d\u00e9ficit hist\u00f3rico de exclus\u00e3o social. A pol\u00edtica d\u00e1 oportunidades a quem n\u00e3o teria, e a experi\u00eancia hist\u00f3rica nos mostra que eles t\u00eam um desempenho excelente. J\u00e1 temos uma gera\u00e7\u00e3o de v\u00e1rios doutores ex-cotistas. Muitos est\u00e3o no programa Ci\u00eancias Sem Fronteiras, fazendo doutorado no exterior. Mesmo sem cotas na p\u00f3s-gradua\u00e7\u00e3o, aumentou muito o n\u00famero de negros se especializando, pois j\u00e1 est\u00e3o em condi\u00e7\u00f5es iguais de disputar\u201d, afirma Ba\u00eda.<\/p>\n<p>Atualmente, Pedro faz mestrado e Let\u00edcia pensa em fazer especializa\u00e7\u00e3o. O engenheiro ressalta que ainda n\u00e3o viu nenhum negro nas aulas da p\u00f3s-gradua\u00e7\u00e3o, mas que percebe um n\u00famero razo\u00e1vel de descendentes, ou seja, mulatos e pardos. \u201cEu me incluo nesse grupo, pois meu pai \u00e9 negro\u201d, conta Pedro Arthur.<\/p>\n<p><strong>Mitos<\/strong> &#8211; Alguns cr\u00edticos da pol\u00edtica de cotas alegam que as a\u00e7\u00f5es afirmativas ferem o princ\u00edpio da igualdade previsto em Constitui\u00e7\u00e3o. Mas segundo cartilha elaborada pelo Laborat\u00f3rio de Pol\u00edticas P\u00fablicas da Uerj, \u201ca igualdade de fato \u00e9 t\u00e3o somente um alvo a ser atingido, devendo ser promovida, garantindo a igualdade de oportunidades como manda o Art. 3\u00ba da Constitui\u00e7\u00e3o Federal. As pol\u00edticas p\u00fablicas de afirma\u00e7\u00e3o de direitos s\u00e3o, portanto, constitucionais e absolutamente necess\u00e1rias\u201d.<\/p>\n<p>Outro argumento usado contra as cotas \u00e9 de que o m\u00e9rito acad\u00eamico deveria ser o \u00fanico requisito para acesso \u00e0 universidade. Por\u00e9m, a defesa da Uerj \u00e9 de que \u201co vestibular est\u00e1 longe de ser uma prova equ\u00e2nime que classifica alunos segundo sua intelig\u00eancia. As oportunidades sociais ampliam e multiplicam as oportunidades educacionais.\u201d<\/p>\n<p>Com rela\u00e7\u00e3o \u00e0 argumenta\u00e7\u00e3o de que as cotas baixariam o n\u00edvel acad\u00eamico das universidades, o Laborat\u00f3rio de Pol\u00edticas P\u00fablicas da Uerj rebate: \u201cDiversos estudos mostram que nas universidades onde as cotas foram implementadas n\u00e3o houve perda da qualidade do ensino. Essas universidades (como a Uneb, UnB, UFBA e Uerj) demonstraram que o desempenho acad\u00eamico entre cotistas e n\u00e3o cotistas \u00e9 o mesmo.<\/p>\n<p><strong>Mercado n\u00e3o discrimina cotistas<\/strong> &#8211; Especialista em Gest\u00e3o de Pessoas do Ibmec\/RJ, Janaina Ferreira afirma que o mercado de trabalho n\u00e3o discrimina cotistas. \u201cDepois de formado, todo mundo recebe o mesmo certificado. E o mercado seleciona a partir da forma\u00e7\u00e3o, da experi\u00eancia. Mas discrimina\u00e7\u00e3o e preconceito existem, n\u00e3o a partir da caracteriza\u00e7\u00e3o de um aluno cotista, mas de cor de pele, religi\u00e3o e biotipo. Tem empresas que declaram internamente que n\u00e3o podem contratar pessoas com determinado perfil\u201d, admite Janaina.<\/p>\n<p>A Uerj, primeira universidade a ter cotas no estado, foi procurada pela reportagem, mas n\u00e3o tem estudos recentes sobre a absor\u00e7\u00e3o dos alunos pelo mercado de trabalho. O \u00faltimo levantamento \u00e9 de 2011 e mostra que nove em cada 10 formandos beneficiados por reserva de vagas estavam no mercado de trabalho. Seis, na sua \u00e1rea de forma\u00e7\u00e3o.<\/p>\n<p>Levantamento coordenado pela Sub-Reitoria de Gradua\u00e7\u00e3o revelou que 90% dos cotistas n\u00e3o pensavam em parar os estudos. Entre os egressos, 67% haviam conclu\u00eddo p\u00f3s-gradua\u00e7\u00e3o e 39% frequentavam mestrado.<\/p>\n<p><em>(Fonte: O Dia Online\/iG)<\/em><\/p>\n","protected":false},"excerpt":{"rendered":"<p>De acordo com Laborat\u00f3rio de Pol\u00edticas P\u00fablicas da Uerj, pol\u00edticas p\u00fablicas de afirma\u00e7\u00e3o de direitos s\u00e3o constitucionais e absolutamente necess\u00e1rias.<\/p>\n","protected":false},"author":2,"featured_media":9507,"comment_status":"closed","ping_status":"closed","sticky":false,"template":"","format":"standard","meta":{"jetpack_post_was_ever_published":false,"_jetpack_newsletter_access":"","_jetpack_dont_email_post_to_subs":false,"_jetpack_newsletter_tier_id":0,"_jetpack_memberships_contains_paywalled_content":false,"_jetpack_memberships_contains_paid_content":false,"footnotes":""},"categories":[2098],"tags":[2326,697,2327],"class_list":{"0":"post-9506","1":"post","2":"type-post","3":"status-publish","4":"format-standard","5":"has-post-thumbnail","7":"category-brasil-noticias","8":"tag-cotas-raciais","9":"tag-educacao","10":"tag-ensino-superior"},"yoast_head":"<!-- This site is optimized with the Yoast SEO plugin v27.4 - https:\/\/yoast.com\/product\/yoast-seo-wordpress\/ -->\n<title>Graduados a partir da pol\u00edtica de cotas j\u00e1 fazem diferen\u00e7a<\/title>\n<meta name=\"robots\" content=\"index, follow, max-snippet:-1, max-image-preview:large, max-video-preview:-1\" \/>\n<link rel=\"canonical\" href=\"https:\/\/vanderloubet.com.br\/deputado\/graduados-a-partir-da-politica-de-cotas-ja-fazem-diferenca\/\" \/>\n<meta property=\"og:locale\" content=\"pt_BR\" \/>\n<meta property=\"og:type\" content=\"article\" \/>\n<meta property=\"og:title\" content=\"Graduados a partir da pol\u00edtica de cotas j\u00e1 fazem diferen\u00e7a\" \/>\n<meta property=\"og:description\" content=\"De acordo com Laborat\u00f3rio de Pol\u00edticas P\u00fablicas da Uerj, pol\u00edticas p\u00fablicas de afirma\u00e7\u00e3o de direitos s\u00e3o constitucionais e absolutamente necess\u00e1rias.\" \/>\n<meta property=\"og:url\" content=\"https:\/\/vanderloubet.com.br\/deputado\/graduados-a-partir-da-politica-de-cotas-ja-fazem-diferenca\/\" \/>\n<meta property=\"og:site_name\" content=\"Deputado Federal Vander Loubet\" \/>\n<meta property=\"article:publisher\" content=\"https:\/\/facebook.com\/deputadovander\" \/>\n<meta property=\"article:published_time\" content=\"2015-05-12T20:09:53+00:00\" \/>\n<meta property=\"og:image\" content=\"https:\/\/vanderloubet.com.br\/deputado\/wp-content\/uploads\/2015\/05\/foto-2015-05-12-pedro-arthur-uerj-cotas.jpg\" \/>\n\t<meta property=\"og:image:width\" content=\"1200\" \/>\n\t<meta property=\"og:image:height\" content=\"800\" \/>\n\t<meta property=\"og:image:type\" content=\"image\/jpeg\" \/>\n<meta name=\"author\" content=\"\u00c9der\" \/>\n<meta name=\"twitter:card\" content=\"summary_large_image\" \/>\n<meta name=\"twitter:creator\" content=\"@vanderloubet\" \/>\n<meta name=\"twitter:site\" content=\"@vanderloubet\" \/>\n<script type=\"application\/ld+json\" class=\"yoast-schema-graph\">{\"@context\":\"https:\\\/\\\/schema.org\",\"@graph\":[{\"@type\":\"Article\",\"@id\":\"https:\\\/\\\/vanderloubet.com.br\\\/deputado\\\/graduados-a-partir-da-politica-de-cotas-ja-fazem-diferenca\\\/#article\",\"isPartOf\":{\"@id\":\"https:\\\/\\\/vanderloubet.com.br\\\/deputado\\\/graduados-a-partir-da-politica-de-cotas-ja-fazem-diferenca\\\/\"},\"author\":{\"name\":\"\u00c9der\",\"@id\":\"https:\\\/\\\/vanderloubet.com.br\\\/deputado\\\/#\\\/schema\\\/person\\\/15b51bd564532a8a68d9dec1b8eb890e\"},\"headline\":\"Graduados a partir da pol\u00edtica de cotas j\u00e1 fazem diferen\u00e7a\",\"datePublished\":\"2015-05-12T20:09:53+00:00\",\"mainEntityOfPage\":{\"@id\":\"https:\\\/\\\/vanderloubet.com.br\\\/deputado\\\/graduados-a-partir-da-politica-de-cotas-ja-fazem-diferenca\\\/\"},\"wordCount\":975,\"publisher\":{\"@id\":\"https:\\\/\\\/vanderloubet.com.br\\\/deputado\\\/#organization\"},\"image\":{\"@id\":\"https:\\\/\\\/vanderloubet.com.br\\\/deputado\\\/graduados-a-partir-da-politica-de-cotas-ja-fazem-diferenca\\\/#primaryimage\"},\"thumbnailUrl\":\"https:\\\/\\\/vanderloubet.com.br\\\/deputado\\\/wp-content\\\/uploads\\\/2015\\\/05\\\/foto-2015-05-12-pedro-arthur-uerj-cotas.jpg\",\"keywords\":[\"cotas raciais\",\"educa\u00e7\u00e3o\",\"ensino superior\"],\"articleSection\":[\"Brasil\"],\"inLanguage\":\"pt-BR\"},{\"@type\":\"WebPage\",\"@id\":\"https:\\\/\\\/vanderloubet.com.br\\\/deputado\\\/graduados-a-partir-da-politica-de-cotas-ja-fazem-diferenca\\\/\",\"url\":\"https:\\\/\\\/vanderloubet.com.br\\\/deputado\\\/graduados-a-partir-da-politica-de-cotas-ja-fazem-diferenca\\\/\",\"name\":\"Graduados a partir da pol\u00edtica de cotas j\u00e1 fazem diferen\u00e7a\",\"isPartOf\":{\"@id\":\"https:\\\/\\\/vanderloubet.com.br\\\/deputado\\\/#website\"},\"primaryImageOfPage\":{\"@id\":\"https:\\\/\\\/vanderloubet.com.br\\\/deputado\\\/graduados-a-partir-da-politica-de-cotas-ja-fazem-diferenca\\\/#primaryimage\"},\"image\":{\"@id\":\"https:\\\/\\\/vanderloubet.com.br\\\/deputado\\\/graduados-a-partir-da-politica-de-cotas-ja-fazem-diferenca\\\/#primaryimage\"},\"thumbnailUrl\":\"https:\\\/\\\/vanderloubet.com.br\\\/deputado\\\/wp-content\\\/uploads\\\/2015\\\/05\\\/foto-2015-05-12-pedro-arthur-uerj-cotas.jpg\",\"datePublished\":\"2015-05-12T20:09:53+00:00\",\"breadcrumb\":{\"@id\":\"https:\\\/\\\/vanderloubet.com.br\\\/deputado\\\/graduados-a-partir-da-politica-de-cotas-ja-fazem-diferenca\\\/#breadcrumb\"},\"inLanguage\":\"pt-BR\",\"potentialAction\":[{\"@type\":\"ReadAction\",\"target\":[\"https:\\\/\\\/vanderloubet.com.br\\\/deputado\\\/graduados-a-partir-da-politica-de-cotas-ja-fazem-diferenca\\\/\"]}]},{\"@type\":\"ImageObject\",\"inLanguage\":\"pt-BR\",\"@id\":\"https:\\\/\\\/vanderloubet.com.br\\\/deputado\\\/graduados-a-partir-da-politica-de-cotas-ja-fazem-diferenca\\\/#primaryimage\",\"url\":\"https:\\\/\\\/vanderloubet.com.br\\\/deputado\\\/wp-content\\\/uploads\\\/2015\\\/05\\\/foto-2015-05-12-pedro-arthur-uerj-cotas.jpg\",\"contentUrl\":\"https:\\\/\\\/vanderloubet.com.br\\\/deputado\\\/wp-content\\\/uploads\\\/2015\\\/05\\\/foto-2015-05-12-pedro-arthur-uerj-cotas.jpg\",\"width\":1200,\"height\":800,\"caption\":\"Ex-cotista da Uerj, Pedro Arthur participou de projeto da Google (Foto: Shana Reis\\\/GERJ)\"},{\"@type\":\"BreadcrumbList\",\"@id\":\"https:\\\/\\\/vanderloubet.com.br\\\/deputado\\\/graduados-a-partir-da-politica-de-cotas-ja-fazem-diferenca\\\/#breadcrumb\",\"itemListElement\":[{\"@type\":\"ListItem\",\"position\":1,\"name\":\"In\u00edcio\",\"item\":\"https:\\\/\\\/vanderloubet.com.br\\\/deputado\\\/\"},{\"@type\":\"ListItem\",\"position\":2,\"name\":\"Graduados a partir da pol\u00edtica de cotas j\u00e1 fazem diferen\u00e7a\"}]},{\"@type\":\"WebSite\",\"@id\":\"https:\\\/\\\/vanderloubet.com.br\\\/deputado\\\/#website\",\"url\":\"https:\\\/\\\/vanderloubet.com.br\\\/deputado\\\/\",\"name\":\"Deputado Federal Vander Loubet\",\"description\":\"O Federal de MS\",\"publisher\":{\"@id\":\"https:\\\/\\\/vanderloubet.com.br\\\/deputado\\\/#organization\"},\"alternateName\":\"Deputado Vander\",\"potentialAction\":[{\"@type\":\"SearchAction\",\"target\":{\"@type\":\"EntryPoint\",\"urlTemplate\":\"https:\\\/\\\/vanderloubet.com.br\\\/deputado\\\/?s={search_term_string}\"},\"query-input\":{\"@type\":\"PropertyValueSpecification\",\"valueRequired\":true,\"valueName\":\"search_term_string\"}}],\"inLanguage\":\"pt-BR\"},{\"@type\":\"Organization\",\"@id\":\"https:\\\/\\\/vanderloubet.com.br\\\/deputado\\\/#organization\",\"name\":\"Deputado Federal Vander Loubet\",\"alternateName\":\"Deputado Vander\",\"url\":\"https:\\\/\\\/vanderloubet.com.br\\\/deputado\\\/\",\"logo\":{\"@type\":\"ImageObject\",\"inLanguage\":\"pt-BR\",\"@id\":\"https:\\\/\\\/vanderloubet.com.br\\\/deputado\\\/#\\\/schema\\\/logo\\\/image\\\/\",\"url\":\"https:\\\/\\\/vanderloubet.com.br\\\/deputado\\\/wp-content\\\/uploads\\\/2023\\\/06\\\/foto-2023-06-19-mandato-deputado-vander.jpg\",\"contentUrl\":\"https:\\\/\\\/vanderloubet.com.br\\\/deputado\\\/wp-content\\\/uploads\\\/2023\\\/06\\\/foto-2023-06-19-mandato-deputado-vander.jpg\",\"width\":1080,\"height\":1080,\"caption\":\"Deputado Federal Vander Loubet\"},\"image\":{\"@id\":\"https:\\\/\\\/vanderloubet.com.br\\\/deputado\\\/#\\\/schema\\\/logo\\\/image\\\/\"},\"sameAs\":[\"https:\\\/\\\/facebook.com\\\/deputadovander\",\"https:\\\/\\\/x.com\\\/vanderloubet\",\"https:\\\/\\\/instagram.com\\\/vanderloubet\",\"https:\\\/\\\/youtube.com\\\/vanderloubet\",\"https:\\\/\\\/tiktok.com\\\/@vanderloubetms\"]},{\"@type\":\"Person\",\"@id\":\"https:\\\/\\\/vanderloubet.com.br\\\/deputado\\\/#\\\/schema\\\/person\\\/15b51bd564532a8a68d9dec1b8eb890e\",\"name\":\"\u00c9der\",\"image\":{\"@type\":\"ImageObject\",\"inLanguage\":\"pt-BR\",\"@id\":\"https:\\\/\\\/vanderloubet.com.br\\\/deputado\\\/wp-content\\\/litespeed\\\/avatar\\\/88ca4090d9d5ab1c9495f6ca03b68efa.jpg?ver=1777058957\",\"url\":\"https:\\\/\\\/vanderloubet.com.br\\\/deputado\\\/wp-content\\\/litespeed\\\/avatar\\\/88ca4090d9d5ab1c9495f6ca03b68efa.jpg?ver=1777058957\",\"contentUrl\":\"https:\\\/\\\/vanderloubet.com.br\\\/deputado\\\/wp-content\\\/litespeed\\\/avatar\\\/88ca4090d9d5ab1c9495f6ca03b68efa.jpg?ver=1777058957\",\"caption\":\"\u00c9der\"}}]}<\/script>\n<!-- \/ Yoast SEO plugin. -->","yoast_head_json":{"title":"Graduados a partir da pol\u00edtica de cotas j\u00e1 fazem diferen\u00e7a","robots":{"index":"index","follow":"follow","max-snippet":"max-snippet:-1","max-image-preview":"max-image-preview:large","max-video-preview":"max-video-preview:-1"},"canonical":"https:\/\/vanderloubet.com.br\/deputado\/graduados-a-partir-da-politica-de-cotas-ja-fazem-diferenca\/","og_locale":"pt_BR","og_type":"article","og_title":"Graduados a partir da pol\u00edtica de cotas j\u00e1 fazem diferen\u00e7a","og_description":"De acordo com Laborat\u00f3rio de Pol\u00edticas P\u00fablicas da Uerj, pol\u00edticas p\u00fablicas de afirma\u00e7\u00e3o de direitos s\u00e3o constitucionais e absolutamente necess\u00e1rias.","og_url":"https:\/\/vanderloubet.com.br\/deputado\/graduados-a-partir-da-politica-de-cotas-ja-fazem-diferenca\/","og_site_name":"Deputado Federal Vander Loubet","article_publisher":"https:\/\/facebook.com\/deputadovander","article_published_time":"2015-05-12T20:09:53+00:00","og_image":[{"width":1200,"height":800,"url":"https:\/\/vanderloubet.com.br\/deputado\/wp-content\/uploads\/2015\/05\/foto-2015-05-12-pedro-arthur-uerj-cotas.jpg","type":"image\/jpeg"}],"author":"\u00c9der","twitter_card":"summary_large_image","twitter_creator":"@vanderloubet","twitter_site":"@vanderloubet","schema":{"@context":"https:\/\/schema.org","@graph":[{"@type":"Article","@id":"https:\/\/vanderloubet.com.br\/deputado\/graduados-a-partir-da-politica-de-cotas-ja-fazem-diferenca\/#article","isPartOf":{"@id":"https:\/\/vanderloubet.com.br\/deputado\/graduados-a-partir-da-politica-de-cotas-ja-fazem-diferenca\/"},"author":{"name":"\u00c9der","@id":"https:\/\/vanderloubet.com.br\/deputado\/#\/schema\/person\/15b51bd564532a8a68d9dec1b8eb890e"},"headline":"Graduados a partir da pol\u00edtica de cotas j\u00e1 fazem diferen\u00e7a","datePublished":"2015-05-12T20:09:53+00:00","mainEntityOfPage":{"@id":"https:\/\/vanderloubet.com.br\/deputado\/graduados-a-partir-da-politica-de-cotas-ja-fazem-diferenca\/"},"wordCount":975,"publisher":{"@id":"https:\/\/vanderloubet.com.br\/deputado\/#organization"},"image":{"@id":"https:\/\/vanderloubet.com.br\/deputado\/graduados-a-partir-da-politica-de-cotas-ja-fazem-diferenca\/#primaryimage"},"thumbnailUrl":"https:\/\/vanderloubet.com.br\/deputado\/wp-content\/uploads\/2015\/05\/foto-2015-05-12-pedro-arthur-uerj-cotas.jpg","keywords":["cotas raciais","educa\u00e7\u00e3o","ensino superior"],"articleSection":["Brasil"],"inLanguage":"pt-BR"},{"@type":"WebPage","@id":"https:\/\/vanderloubet.com.br\/deputado\/graduados-a-partir-da-politica-de-cotas-ja-fazem-diferenca\/","url":"https:\/\/vanderloubet.com.br\/deputado\/graduados-a-partir-da-politica-de-cotas-ja-fazem-diferenca\/","name":"Graduados a partir da pol\u00edtica de cotas j\u00e1 fazem diferen\u00e7a","isPartOf":{"@id":"https:\/\/vanderloubet.com.br\/deputado\/#website"},"primaryImageOfPage":{"@id":"https:\/\/vanderloubet.com.br\/deputado\/graduados-a-partir-da-politica-de-cotas-ja-fazem-diferenca\/#primaryimage"},"image":{"@id":"https:\/\/vanderloubet.com.br\/deputado\/graduados-a-partir-da-politica-de-cotas-ja-fazem-diferenca\/#primaryimage"},"thumbnailUrl":"https:\/\/vanderloubet.com.br\/deputado\/wp-content\/uploads\/2015\/05\/foto-2015-05-12-pedro-arthur-uerj-cotas.jpg","datePublished":"2015-05-12T20:09:53+00:00","breadcrumb":{"@id":"https:\/\/vanderloubet.com.br\/deputado\/graduados-a-partir-da-politica-de-cotas-ja-fazem-diferenca\/#breadcrumb"},"inLanguage":"pt-BR","potentialAction":[{"@type":"ReadAction","target":["https:\/\/vanderloubet.com.br\/deputado\/graduados-a-partir-da-politica-de-cotas-ja-fazem-diferenca\/"]}]},{"@type":"ImageObject","inLanguage":"pt-BR","@id":"https:\/\/vanderloubet.com.br\/deputado\/graduados-a-partir-da-politica-de-cotas-ja-fazem-diferenca\/#primaryimage","url":"https:\/\/vanderloubet.com.br\/deputado\/wp-content\/uploads\/2015\/05\/foto-2015-05-12-pedro-arthur-uerj-cotas.jpg","contentUrl":"https:\/\/vanderloubet.com.br\/deputado\/wp-content\/uploads\/2015\/05\/foto-2015-05-12-pedro-arthur-uerj-cotas.jpg","width":1200,"height":800,"caption":"Ex-cotista da Uerj, Pedro Arthur participou de projeto da Google (Foto: Shana Reis\/GERJ)"},{"@type":"BreadcrumbList","@id":"https:\/\/vanderloubet.com.br\/deputado\/graduados-a-partir-da-politica-de-cotas-ja-fazem-diferenca\/#breadcrumb","itemListElement":[{"@type":"ListItem","position":1,"name":"In\u00edcio","item":"https:\/\/vanderloubet.com.br\/deputado\/"},{"@type":"ListItem","position":2,"name":"Graduados a partir da pol\u00edtica de cotas j\u00e1 fazem diferen\u00e7a"}]},{"@type":"WebSite","@id":"https:\/\/vanderloubet.com.br\/deputado\/#website","url":"https:\/\/vanderloubet.com.br\/deputado\/","name":"Deputado Federal Vander Loubet","description":"O Federal de MS","publisher":{"@id":"https:\/\/vanderloubet.com.br\/deputado\/#organization"},"alternateName":"Deputado Vander","potentialAction":[{"@type":"SearchAction","target":{"@type":"EntryPoint","urlTemplate":"https:\/\/vanderloubet.com.br\/deputado\/?s={search_term_string}"},"query-input":{"@type":"PropertyValueSpecification","valueRequired":true,"valueName":"search_term_string"}}],"inLanguage":"pt-BR"},{"@type":"Organization","@id":"https:\/\/vanderloubet.com.br\/deputado\/#organization","name":"Deputado Federal Vander Loubet","alternateName":"Deputado Vander","url":"https:\/\/vanderloubet.com.br\/deputado\/","logo":{"@type":"ImageObject","inLanguage":"pt-BR","@id":"https:\/\/vanderloubet.com.br\/deputado\/#\/schema\/logo\/image\/","url":"https:\/\/vanderloubet.com.br\/deputado\/wp-content\/uploads\/2023\/06\/foto-2023-06-19-mandato-deputado-vander.jpg","contentUrl":"https:\/\/vanderloubet.com.br\/deputado\/wp-content\/uploads\/2023\/06\/foto-2023-06-19-mandato-deputado-vander.jpg","width":1080,"height":1080,"caption":"Deputado Federal Vander Loubet"},"image":{"@id":"https:\/\/vanderloubet.com.br\/deputado\/#\/schema\/logo\/image\/"},"sameAs":["https:\/\/facebook.com\/deputadovander","https:\/\/x.com\/vanderloubet","https:\/\/instagram.com\/vanderloubet","https:\/\/youtube.com\/vanderloubet","https:\/\/tiktok.com\/@vanderloubetms"]},{"@type":"Person","@id":"https:\/\/vanderloubet.com.br\/deputado\/#\/schema\/person\/15b51bd564532a8a68d9dec1b8eb890e","name":"\u00c9der","image":{"@type":"ImageObject","inLanguage":"pt-BR","@id":"https:\/\/vanderloubet.com.br\/deputado\/wp-content\/litespeed\/avatar\/88ca4090d9d5ab1c9495f6ca03b68efa.jpg?ver=1777058957","url":"https:\/\/vanderloubet.com.br\/deputado\/wp-content\/litespeed\/avatar\/88ca4090d9d5ab1c9495f6ca03b68efa.jpg?ver=1777058957","contentUrl":"https:\/\/vanderloubet.com.br\/deputado\/wp-content\/litespeed\/avatar\/88ca4090d9d5ab1c9495f6ca03b68efa.jpg?ver=1777058957","caption":"\u00c9der"}}]}},"jetpack_featured_media_url":"https:\/\/vanderloubet.com.br\/deputado\/wp-content\/uploads\/2015\/05\/foto-2015-05-12-pedro-arthur-uerj-cotas.jpg","jetpack_sharing_enabled":true,"_links":{"self":[{"href":"https:\/\/vanderloubet.com.br\/deputado\/wp-json\/wp\/v2\/posts\/9506","targetHints":{"allow":["GET"]}}],"collection":[{"href":"https:\/\/vanderloubet.com.br\/deputado\/wp-json\/wp\/v2\/posts"}],"about":[{"href":"https:\/\/vanderloubet.com.br\/deputado\/wp-json\/wp\/v2\/types\/post"}],"author":[{"embeddable":true,"href":"https:\/\/vanderloubet.com.br\/deputado\/wp-json\/wp\/v2\/users\/2"}],"replies":[{"embeddable":true,"href":"https:\/\/vanderloubet.com.br\/deputado\/wp-json\/wp\/v2\/comments?post=9506"}],"version-history":[{"count":0,"href":"https:\/\/vanderloubet.com.br\/deputado\/wp-json\/wp\/v2\/posts\/9506\/revisions"}],"wp:featuredmedia":[{"embeddable":true,"href":"https:\/\/vanderloubet.com.br\/deputado\/wp-json\/wp\/v2\/media\/9507"}],"wp:attachment":[{"href":"https:\/\/vanderloubet.com.br\/deputado\/wp-json\/wp\/v2\/media?parent=9506"}],"wp:term":[{"taxonomy":"category","embeddable":true,"href":"https:\/\/vanderloubet.com.br\/deputado\/wp-json\/wp\/v2\/categories?post=9506"},{"taxonomy":"post_tag","embeddable":true,"href":"https:\/\/vanderloubet.com.br\/deputado\/wp-json\/wp\/v2\/tags?post=9506"}],"curies":[{"name":"wp","href":"https:\/\/api.w.org\/{rel}","templated":true}]}}