{"id":9502,"date":"2015-05-12T16:47:14","date_gmt":"2015-05-12T19:47:14","guid":{"rendered":"http:\/\/vanderloubet.com.br\/deputado\/?p=9502"},"modified":"2015-05-15T09:50:30","modified_gmt":"2015-05-15T12:50:30","slug":"queda-de-natalidade-e-maior-entre-beneficiarios-do-bolsa-familia-diz-ibge","status":"publish","type":"post","link":"https:\/\/vanderloubet.com.br\/deputado\/queda-de-natalidade-e-maior-entre-beneficiarios-do-bolsa-familia-diz-ibge\/","title":{"rendered":"Queda de natalidade \u00e9 maior entre benefici\u00e1rios do Bolsa Fam\u00edlia, diz IBGE"},"content":{"rendered":"<figure id=\"attachment_9503\" aria-describedby=\"caption-attachment-9503\" style=\"width: 700px\" class=\"wp-caption alignnone\"><img decoding=\"async\" class=\"wp-image-9503 size-large\" title=\"N\u00famero de filhos est\u00e1 caindo entre benefici\u00e1rios do Bolsa Fam\u00edlia (Foto: Sergio Amaral\/MDS)\" src=\"http:\/\/vanderloubet.com.br\/deputado\/wp-content\/uploads\/2015\/05\/foto-2015-05-12-beneficiarios-bolsa-familia-700x467.jpg\" alt=\"N\u00famero de filhos est\u00e1 caindo entre benefici\u00e1rios do Bolsa Fam\u00edlia (Foto: Sergio Amaral\/MDS)\" width=\"700\" height=\"467\" srcset=\"https:\/\/vanderloubet.com.br\/deputado\/wp-content\/uploads\/2015\/05\/foto-2015-05-12-beneficiarios-bolsa-familia-700x467.jpg 700w, https:\/\/vanderloubet.com.br\/deputado\/wp-content\/uploads\/2015\/05\/foto-2015-05-12-beneficiarios-bolsa-familia-350x233.jpg 350w, https:\/\/vanderloubet.com.br\/deputado\/wp-content\/uploads\/2015\/05\/foto-2015-05-12-beneficiarios-bolsa-familia-768x512.jpg 768w, https:\/\/vanderloubet.com.br\/deputado\/wp-content\/uploads\/2015\/05\/foto-2015-05-12-beneficiarios-bolsa-familia-630x420.jpg 630w, https:\/\/vanderloubet.com.br\/deputado\/wp-content\/uploads\/2015\/05\/foto-2015-05-12-beneficiarios-bolsa-familia-696x464.jpg 696w, https:\/\/vanderloubet.com.br\/deputado\/wp-content\/uploads\/2015\/05\/foto-2015-05-12-beneficiarios-bolsa-familia-1068x712.jpg 1068w, https:\/\/vanderloubet.com.br\/deputado\/wp-content\/uploads\/2015\/05\/foto-2015-05-12-beneficiarios-bolsa-familia.jpg 1080w\" sizes=\"(max-width: 700px) 100vw, 700px\" \/><figcaption id=\"caption-attachment-9503\" class=\"wp-caption-text\">N\u00famero de filhos est\u00e1 caindo entre benefici\u00e1rios do Bolsa Fam\u00edlia (Foto: Sergio Amaral\/MDS)<\/figcaption><\/figure>\n<p>J\u00e1 se foi o tempo em que as fam\u00edlias mais pobres eram sin\u00f4nimo de filhos e mais filhos. Entre 2003 e 2013, segundo a Pesquisa Nacional por Amostra de Domic\u00edlio (Pnad), do Instituto Brasileiro de Geografia e Estat\u00edstica (IBGE), o n\u00famero de filhos de at\u00e9 14 anos caiu 10,7% no Brasil. No recorte das fam\u00edlias 20% mais pobres do pa\u00eds, a queda foi de 15,7%. \u00c9 justamente esse estrato social que inclui os quase 15 milh\u00f5es de benefici\u00e1rios do Bolsa Fam\u00edlia.<\/p>\n<p>A redu\u00e7\u00e3o \u00e9 ainda mais significativa no Nordeste, onde est\u00e1 mais da metade dos benefici\u00e1rios do programa do governo federal. As fam\u00edlias 20% mais pobres da regi\u00e3o registraram queda de 26,4% no n\u00famero de filhos &#8211; maior redu\u00e7\u00e3o entre todos os estratos de renda e regi\u00e3o.<\/p>\n<p>Em 2013, as m\u00e3es brasileiras tinham, em m\u00e9dia, 1,6 filho at\u00e9 14 anos. Entre aquelas 20% mais pobres do Nordeste, a m\u00e9dia foi de dois filhos &#8211; quando era de 2,5 no in\u00edcio do s\u00e9culo.<\/p>\n<p>O recorte da Pnad foi divulgado pelo Minist\u00e9rio do Desenvolvimento Social e Combate \u00e0 Fome (MDS), que acredita que os n\u00fameros p\u00f5em fim ao argumento de que as pessoas mais pobres engravidam para receber valores maiores do Bolsa Fam\u00edlia.<\/p>\n<p>&#8220;Quem diz isso n\u00e3o pensa quanto custa ter um filho. \u00c9 \u00f3bvio que este valor n\u00e3o paga o leite da crian\u00e7a e as despesas que vir\u00e3o depois. O preconceito parte do princ\u00edpio de que o que move as pessoas para a maternidade ou a paternidade \u00e9 apenas uma motiva\u00e7\u00e3o financeira&#8221;, afirmou a ministra Tereza Campello. Segundo o minist\u00e9rio, o valor m\u00e9dio do benef\u00edcio \u00e9 de R$ 167 mensais. Para chegar ao valor final, o c\u00e1lculo leva em conta diversos fatores, como an\u00e1lise se a fam\u00edlia est\u00e1 em extrema pobreza, quantidade de filhos e se mulher \u00e9 gestante.<\/p>\n<p><strong>Menos filhos no Nordeste<\/strong> &#8211; Maria Benedita, 30, mora em Messias (a 48 km de Macei\u00f3), em Alagoas, e com dois filhos est\u00e1 na m\u00e9dia nordestina. Para evitar surpresas, fez uma laqueadura. &#8220;Para que ter muito filho? Pobre n\u00e3o \u00e9 para ter tanto menino n\u00e3o&#8221;, diz a benefici\u00e1ria do Bolsa Fam\u00edlia, sendo apoiada pela m\u00e3e. &#8220;Antigamente, todo mundo tinha trabalho, n\u00e3o faltava emprego. Hoje, os jovens estudam, mas n\u00e3o t\u00eam emprego, est\u00e3o todos de cara pra cima sem ter o que fazer&#8221;, disse C\u00edcera da Silva, 55.<\/p>\n<p>Maria Eliane, 35, tamb\u00e9m mora em Messias e recebe o benef\u00edcio. Com tr\u00eas filhos, ela explica que o terceiro veio por um motivo especial. &#8220;Era para ser s\u00f3 dois, mas, como quer\u00edamos um casal e nasceram duas meninas, resolvemos ter o terceiro&#8221;, disse.<\/p>\n<p>Para perceber na pr\u00e1tica que o tamanho da fam\u00edlia diminuiu no Nordeste, basta conversar com pessoas idosas. Aos 83 anos, o pai de Maria Elaine, o aposentado Jos\u00e9 Fernando Melo, conta que teve 18 filhos e perdeu as contas de quantos netos tem. &#8220;Deve ser uns 30&#8221;, brinca. &#8220;Naquele tempo, morava em uma fazenda l\u00e1 em Murici. Era f\u00e1cil criar crian\u00e7a: deixava solta e tava tudo certo. Hoje \u00e9 muito trabalho.&#8221;<\/p>\n<p>Mas, mesmo em tempos de redu\u00e7\u00e3o familiar, h\u00e1 quem renegue os m\u00e9todos anticoncepcionais. Aos 34 anos, Fernanda da Silva esperou ter cinco filhos para fazer a laqueadura. &#8220;Nunca usei nenhum anticoncepcional. Os meninos vieram conforme Deus mandava. N\u00e3o vejo problema em ter muitos meninos&#8221;, afirmou. &#8220;Eu at\u00e9 gosto.&#8221;<\/p>\n<p><strong>Fen\u00f4meno &#8220;recente&#8221; e &#8220;complexo&#8221;<\/strong> &#8211; Para o professor de economia popular da Universidade Federal de Alagoas C\u00edcero P\u00e9ricles Carvalho, a queda no n\u00famero de filhos das fam\u00edlias nordestinas mais pobres \u00e9 um fen\u00f4meno complexo e recente.<\/p>\n<p>Ele aponta a urbaniza\u00e7\u00e3o &#8211; 75% da popula\u00e7\u00e3o j\u00e1 est\u00e1 nas cidades -, o maior acesso \u00e0 informa\u00e7\u00e3o com a chegada da energia el\u00e9trica e a entrada da mulher pobre no mercado de trabalho como fatores que explicam os n\u00fameros e o maior acesso a m\u00e9todos anticoncepcionais.<\/p>\n<p>&#8220;Nas zonas urbanas, existem maiores possibilidades na \u00e1rea educacional, de sa\u00fade e de acesso a outras pol\u00edticas p\u00fablicas. A energia trouxe a televis\u00e3o, que chega a 96% dos lares nordestinos. Tamb\u00e9m \u00e9 importante lembrar o colch\u00e3o social que representa a combina\u00e7\u00e3o Previd\u00eancia Social e Bolsa Fam\u00edlia com 18 milh\u00f5es de fam\u00edlias&#8221;, explicou.<\/p>\n<p>O professor tamb\u00e9m v\u00ea influ\u00eancia financeira no planejamento familiar das fam\u00edlias mais pobres. &#8220;Existe uma prioridade do pagamento do Bolsa Fam\u00edlia \u00e0s mulheres, que s\u00e3o chefes da fam\u00edlia, o que d\u00e1 maior grau de autonomia ao mundo feminino, assim como melhora sua autoestima. E isso tudo &#8211; renda, educa\u00e7\u00e3o, trabalho, acesso \u00e0 sa\u00fade p\u00fablica, mais informa\u00e7\u00e3o &#8211; influencia decisivamente na queda do n\u00famero de filhos por fam\u00edlia&#8221;, afirmou.<\/p>\n<p><em>(Fonte: UOL Not\u00edcias)<\/em><\/p>\n","protected":false},"excerpt":{"rendered":"<p>Em 2013, entre as m\u00e3es brasileiras 20% mais pobres do Nordeste, m\u00e9dia foi de dois filhos &#8211; quando era de 2,5 no in\u00edcio do s\u00e9culo.<\/p>\n","protected":false},"author":2,"featured_media":9503,"comment_status":"closed","ping_status":"closed","sticky":false,"template":"","format":"standard","meta":{"jetpack_post_was_ever_published":false,"_jetpack_newsletter_access":"","_jetpack_dont_email_post_to_subs":false,"_jetpack_newsletter_tier_id":0,"_jetpack_memberships_contains_paywalled_content":false,"_jetpack_memberships_contains_paid_content":false,"footnotes":""},"categories":[2098],"tags":[2325,2274],"class_list":{"0":"post-9502","1":"post","2":"type-post","3":"status-publish","4":"format-standard","5":"has-post-thumbnail","7":"category-brasil-noticias","8":"tag-natalidade","9":"tag-programas-sociais"},"yoast_head":"<!-- This site is optimized with the Yoast SEO plugin v27.4 - https:\/\/yoast.com\/product\/yoast-seo-wordpress\/ -->\n<title>Queda de natalidade \u00e9 maior entre benefici\u00e1rios do Bolsa Fam\u00edlia, diz IBGE<\/title>\n<meta name=\"robots\" content=\"index, follow, max-snippet:-1, max-image-preview:large, max-video-preview:-1\" \/>\n<link rel=\"canonical\" href=\"https:\/\/vanderloubet.com.br\/deputado\/queda-de-natalidade-e-maior-entre-beneficiarios-do-bolsa-familia-diz-ibge\/\" \/>\n<meta property=\"og:locale\" content=\"pt_BR\" \/>\n<meta property=\"og:type\" content=\"article\" \/>\n<meta property=\"og:title\" content=\"Queda de natalidade \u00e9 maior entre benefici\u00e1rios do Bolsa Fam\u00edlia, diz IBGE\" \/>\n<meta property=\"og:description\" content=\"Em 2013, entre as m\u00e3es brasileiras 20% mais pobres do Nordeste, m\u00e9dia foi de dois filhos - quando era de 2,5 no in\u00edcio do s\u00e9culo.\" \/>\n<meta property=\"og:url\" content=\"https:\/\/vanderloubet.com.br\/deputado\/queda-de-natalidade-e-maior-entre-beneficiarios-do-bolsa-familia-diz-ibge\/\" \/>\n<meta property=\"og:site_name\" content=\"Deputado Federal Vander Loubet\" \/>\n<meta property=\"article:publisher\" content=\"https:\/\/facebook.com\/deputadovander\" \/>\n<meta property=\"article:published_time\" content=\"2015-05-12T19:47:14+00:00\" \/>\n<meta property=\"article:modified_time\" content=\"2015-05-15T12:50:30+00:00\" \/>\n<meta property=\"og:image\" content=\"https:\/\/vanderloubet.com.br\/deputado\/wp-content\/uploads\/2015\/05\/foto-2015-05-12-beneficiarios-bolsa-familia.jpg\" \/>\n\t<meta property=\"og:image:width\" content=\"1080\" \/>\n\t<meta property=\"og:image:height\" content=\"720\" \/>\n\t<meta property=\"og:image:type\" content=\"image\/jpeg\" \/>\n<meta name=\"author\" content=\"\u00c9der\" \/>\n<meta name=\"twitter:card\" content=\"summary_large_image\" \/>\n<meta name=\"twitter:creator\" content=\"@vanderloubet\" \/>\n<meta name=\"twitter:site\" content=\"@vanderloubet\" \/>\n<script type=\"application\/ld+json\" class=\"yoast-schema-graph\">{\"@context\":\"https:\\\/\\\/schema.org\",\"@graph\":[{\"@type\":\"Article\",\"@id\":\"https:\\\/\\\/vanderloubet.com.br\\\/deputado\\\/queda-de-natalidade-e-maior-entre-beneficiarios-do-bolsa-familia-diz-ibge\\\/#article\",\"isPartOf\":{\"@id\":\"https:\\\/\\\/vanderloubet.com.br\\\/deputado\\\/queda-de-natalidade-e-maior-entre-beneficiarios-do-bolsa-familia-diz-ibge\\\/\"},\"author\":{\"name\":\"\u00c9der\",\"@id\":\"https:\\\/\\\/vanderloubet.com.br\\\/deputado\\\/#\\\/schema\\\/person\\\/15b51bd564532a8a68d9dec1b8eb890e\"},\"headline\":\"Queda de natalidade \u00e9 maior entre benefici\u00e1rios do Bolsa Fam\u00edlia, diz IBGE\",\"datePublished\":\"2015-05-12T19:47:14+00:00\",\"dateModified\":\"2015-05-15T12:50:30+00:00\",\"mainEntityOfPage\":{\"@id\":\"https:\\\/\\\/vanderloubet.com.br\\\/deputado\\\/queda-de-natalidade-e-maior-entre-beneficiarios-do-bolsa-familia-diz-ibge\\\/\"},\"wordCount\":847,\"publisher\":{\"@id\":\"https:\\\/\\\/vanderloubet.com.br\\\/deputado\\\/#organization\"},\"image\":{\"@id\":\"https:\\\/\\\/vanderloubet.com.br\\\/deputado\\\/queda-de-natalidade-e-maior-entre-beneficiarios-do-bolsa-familia-diz-ibge\\\/#primaryimage\"},\"thumbnailUrl\":\"https:\\\/\\\/vanderloubet.com.br\\\/deputado\\\/wp-content\\\/uploads\\\/2015\\\/05\\\/foto-2015-05-12-beneficiarios-bolsa-familia.jpg\",\"keywords\":[\"natalidade\",\"programas sociais\"],\"articleSection\":[\"Brasil\"],\"inLanguage\":\"pt-BR\"},{\"@type\":\"WebPage\",\"@id\":\"https:\\\/\\\/vanderloubet.com.br\\\/deputado\\\/queda-de-natalidade-e-maior-entre-beneficiarios-do-bolsa-familia-diz-ibge\\\/\",\"url\":\"https:\\\/\\\/vanderloubet.com.br\\\/deputado\\\/queda-de-natalidade-e-maior-entre-beneficiarios-do-bolsa-familia-diz-ibge\\\/\",\"name\":\"Queda de natalidade \u00e9 maior entre benefici\u00e1rios do Bolsa Fam\u00edlia, diz IBGE\",\"isPartOf\":{\"@id\":\"https:\\\/\\\/vanderloubet.com.br\\\/deputado\\\/#website\"},\"primaryImageOfPage\":{\"@id\":\"https:\\\/\\\/vanderloubet.com.br\\\/deputado\\\/queda-de-natalidade-e-maior-entre-beneficiarios-do-bolsa-familia-diz-ibge\\\/#primaryimage\"},\"image\":{\"@id\":\"https:\\\/\\\/vanderloubet.com.br\\\/deputado\\\/queda-de-natalidade-e-maior-entre-beneficiarios-do-bolsa-familia-diz-ibge\\\/#primaryimage\"},\"thumbnailUrl\":\"https:\\\/\\\/vanderloubet.com.br\\\/deputado\\\/wp-content\\\/uploads\\\/2015\\\/05\\\/foto-2015-05-12-beneficiarios-bolsa-familia.jpg\",\"datePublished\":\"2015-05-12T19:47:14+00:00\",\"dateModified\":\"2015-05-15T12:50:30+00:00\",\"breadcrumb\":{\"@id\":\"https:\\\/\\\/vanderloubet.com.br\\\/deputado\\\/queda-de-natalidade-e-maior-entre-beneficiarios-do-bolsa-familia-diz-ibge\\\/#breadcrumb\"},\"inLanguage\":\"pt-BR\",\"potentialAction\":[{\"@type\":\"ReadAction\",\"target\":[\"https:\\\/\\\/vanderloubet.com.br\\\/deputado\\\/queda-de-natalidade-e-maior-entre-beneficiarios-do-bolsa-familia-diz-ibge\\\/\"]}]},{\"@type\":\"ImageObject\",\"inLanguage\":\"pt-BR\",\"@id\":\"https:\\\/\\\/vanderloubet.com.br\\\/deputado\\\/queda-de-natalidade-e-maior-entre-beneficiarios-do-bolsa-familia-diz-ibge\\\/#primaryimage\",\"url\":\"https:\\\/\\\/vanderloubet.com.br\\\/deputado\\\/wp-content\\\/uploads\\\/2015\\\/05\\\/foto-2015-05-12-beneficiarios-bolsa-familia.jpg\",\"contentUrl\":\"https:\\\/\\\/vanderloubet.com.br\\\/deputado\\\/wp-content\\\/uploads\\\/2015\\\/05\\\/foto-2015-05-12-beneficiarios-bolsa-familia.jpg\",\"width\":1080,\"height\":720,\"caption\":\"N\u00famero de filhos est\u00e1 caindo entre benefici\u00e1rios do Bolsa Fam\u00edlia (Foto: Sergio Amaral\\\/MDS)\"},{\"@type\":\"BreadcrumbList\",\"@id\":\"https:\\\/\\\/vanderloubet.com.br\\\/deputado\\\/queda-de-natalidade-e-maior-entre-beneficiarios-do-bolsa-familia-diz-ibge\\\/#breadcrumb\",\"itemListElement\":[{\"@type\":\"ListItem\",\"position\":1,\"name\":\"In\u00edcio\",\"item\":\"https:\\\/\\\/vanderloubet.com.br\\\/deputado\\\/\"},{\"@type\":\"ListItem\",\"position\":2,\"name\":\"Queda de natalidade \u00e9 maior entre benefici\u00e1rios do Bolsa Fam\u00edlia, diz IBGE\"}]},{\"@type\":\"WebSite\",\"@id\":\"https:\\\/\\\/vanderloubet.com.br\\\/deputado\\\/#website\",\"url\":\"https:\\\/\\\/vanderloubet.com.br\\\/deputado\\\/\",\"name\":\"Deputado Federal Vander Loubet\",\"description\":\"O Federal de MS\",\"publisher\":{\"@id\":\"https:\\\/\\\/vanderloubet.com.br\\\/deputado\\\/#organization\"},\"alternateName\":\"Deputado Vander\",\"potentialAction\":[{\"@type\":\"SearchAction\",\"target\":{\"@type\":\"EntryPoint\",\"urlTemplate\":\"https:\\\/\\\/vanderloubet.com.br\\\/deputado\\\/?s={search_term_string}\"},\"query-input\":{\"@type\":\"PropertyValueSpecification\",\"valueRequired\":true,\"valueName\":\"search_term_string\"}}],\"inLanguage\":\"pt-BR\"},{\"@type\":\"Organization\",\"@id\":\"https:\\\/\\\/vanderloubet.com.br\\\/deputado\\\/#organization\",\"name\":\"Deputado Federal Vander Loubet\",\"alternateName\":\"Deputado Vander\",\"url\":\"https:\\\/\\\/vanderloubet.com.br\\\/deputado\\\/\",\"logo\":{\"@type\":\"ImageObject\",\"inLanguage\":\"pt-BR\",\"@id\":\"https:\\\/\\\/vanderloubet.com.br\\\/deputado\\\/#\\\/schema\\\/logo\\\/image\\\/\",\"url\":\"https:\\\/\\\/vanderloubet.com.br\\\/deputado\\\/wp-content\\\/uploads\\\/2023\\\/06\\\/foto-2023-06-19-mandato-deputado-vander.jpg\",\"contentUrl\":\"https:\\\/\\\/vanderloubet.com.br\\\/deputado\\\/wp-content\\\/uploads\\\/2023\\\/06\\\/foto-2023-06-19-mandato-deputado-vander.jpg\",\"width\":1080,\"height\":1080,\"caption\":\"Deputado Federal Vander Loubet\"},\"image\":{\"@id\":\"https:\\\/\\\/vanderloubet.com.br\\\/deputado\\\/#\\\/schema\\\/logo\\\/image\\\/\"},\"sameAs\":[\"https:\\\/\\\/facebook.com\\\/deputadovander\",\"https:\\\/\\\/x.com\\\/vanderloubet\",\"https:\\\/\\\/instagram.com\\\/vanderloubet\",\"https:\\\/\\\/youtube.com\\\/vanderloubet\",\"https:\\\/\\\/tiktok.com\\\/@vanderloubetms\"]},{\"@type\":\"Person\",\"@id\":\"https:\\\/\\\/vanderloubet.com.br\\\/deputado\\\/#\\\/schema\\\/person\\\/15b51bd564532a8a68d9dec1b8eb890e\",\"name\":\"\u00c9der\",\"image\":{\"@type\":\"ImageObject\",\"inLanguage\":\"pt-BR\",\"@id\":\"https:\\\/\\\/vanderloubet.com.br\\\/deputado\\\/wp-content\\\/litespeed\\\/avatar\\\/88ca4090d9d5ab1c9495f6ca03b68efa.jpg?ver=1777058957\",\"url\":\"https:\\\/\\\/vanderloubet.com.br\\\/deputado\\\/wp-content\\\/litespeed\\\/avatar\\\/88ca4090d9d5ab1c9495f6ca03b68efa.jpg?ver=1777058957\",\"contentUrl\":\"https:\\\/\\\/vanderloubet.com.br\\\/deputado\\\/wp-content\\\/litespeed\\\/avatar\\\/88ca4090d9d5ab1c9495f6ca03b68efa.jpg?ver=1777058957\",\"caption\":\"\u00c9der\"}}]}<\/script>\n<!-- \/ Yoast SEO plugin. -->","yoast_head_json":{"title":"Queda de natalidade \u00e9 maior entre benefici\u00e1rios do Bolsa Fam\u00edlia, diz IBGE","robots":{"index":"index","follow":"follow","max-snippet":"max-snippet:-1","max-image-preview":"max-image-preview:large","max-video-preview":"max-video-preview:-1"},"canonical":"https:\/\/vanderloubet.com.br\/deputado\/queda-de-natalidade-e-maior-entre-beneficiarios-do-bolsa-familia-diz-ibge\/","og_locale":"pt_BR","og_type":"article","og_title":"Queda de natalidade \u00e9 maior entre benefici\u00e1rios do Bolsa Fam\u00edlia, diz IBGE","og_description":"Em 2013, entre as m\u00e3es brasileiras 20% mais pobres do Nordeste, m\u00e9dia foi de dois filhos - quando era de 2,5 no in\u00edcio do s\u00e9culo.","og_url":"https:\/\/vanderloubet.com.br\/deputado\/queda-de-natalidade-e-maior-entre-beneficiarios-do-bolsa-familia-diz-ibge\/","og_site_name":"Deputado Federal Vander Loubet","article_publisher":"https:\/\/facebook.com\/deputadovander","article_published_time":"2015-05-12T19:47:14+00:00","article_modified_time":"2015-05-15T12:50:30+00:00","og_image":[{"width":1080,"height":720,"url":"https:\/\/vanderloubet.com.br\/deputado\/wp-content\/uploads\/2015\/05\/foto-2015-05-12-beneficiarios-bolsa-familia.jpg","type":"image\/jpeg"}],"author":"\u00c9der","twitter_card":"summary_large_image","twitter_creator":"@vanderloubet","twitter_site":"@vanderloubet","schema":{"@context":"https:\/\/schema.org","@graph":[{"@type":"Article","@id":"https:\/\/vanderloubet.com.br\/deputado\/queda-de-natalidade-e-maior-entre-beneficiarios-do-bolsa-familia-diz-ibge\/#article","isPartOf":{"@id":"https:\/\/vanderloubet.com.br\/deputado\/queda-de-natalidade-e-maior-entre-beneficiarios-do-bolsa-familia-diz-ibge\/"},"author":{"name":"\u00c9der","@id":"https:\/\/vanderloubet.com.br\/deputado\/#\/schema\/person\/15b51bd564532a8a68d9dec1b8eb890e"},"headline":"Queda de natalidade \u00e9 maior entre benefici\u00e1rios do Bolsa Fam\u00edlia, diz IBGE","datePublished":"2015-05-12T19:47:14+00:00","dateModified":"2015-05-15T12:50:30+00:00","mainEntityOfPage":{"@id":"https:\/\/vanderloubet.com.br\/deputado\/queda-de-natalidade-e-maior-entre-beneficiarios-do-bolsa-familia-diz-ibge\/"},"wordCount":847,"publisher":{"@id":"https:\/\/vanderloubet.com.br\/deputado\/#organization"},"image":{"@id":"https:\/\/vanderloubet.com.br\/deputado\/queda-de-natalidade-e-maior-entre-beneficiarios-do-bolsa-familia-diz-ibge\/#primaryimage"},"thumbnailUrl":"https:\/\/vanderloubet.com.br\/deputado\/wp-content\/uploads\/2015\/05\/foto-2015-05-12-beneficiarios-bolsa-familia.jpg","keywords":["natalidade","programas sociais"],"articleSection":["Brasil"],"inLanguage":"pt-BR"},{"@type":"WebPage","@id":"https:\/\/vanderloubet.com.br\/deputado\/queda-de-natalidade-e-maior-entre-beneficiarios-do-bolsa-familia-diz-ibge\/","url":"https:\/\/vanderloubet.com.br\/deputado\/queda-de-natalidade-e-maior-entre-beneficiarios-do-bolsa-familia-diz-ibge\/","name":"Queda de natalidade \u00e9 maior entre benefici\u00e1rios do Bolsa Fam\u00edlia, diz IBGE","isPartOf":{"@id":"https:\/\/vanderloubet.com.br\/deputado\/#website"},"primaryImageOfPage":{"@id":"https:\/\/vanderloubet.com.br\/deputado\/queda-de-natalidade-e-maior-entre-beneficiarios-do-bolsa-familia-diz-ibge\/#primaryimage"},"image":{"@id":"https:\/\/vanderloubet.com.br\/deputado\/queda-de-natalidade-e-maior-entre-beneficiarios-do-bolsa-familia-diz-ibge\/#primaryimage"},"thumbnailUrl":"https:\/\/vanderloubet.com.br\/deputado\/wp-content\/uploads\/2015\/05\/foto-2015-05-12-beneficiarios-bolsa-familia.jpg","datePublished":"2015-05-12T19:47:14+00:00","dateModified":"2015-05-15T12:50:30+00:00","breadcrumb":{"@id":"https:\/\/vanderloubet.com.br\/deputado\/queda-de-natalidade-e-maior-entre-beneficiarios-do-bolsa-familia-diz-ibge\/#breadcrumb"},"inLanguage":"pt-BR","potentialAction":[{"@type":"ReadAction","target":["https:\/\/vanderloubet.com.br\/deputado\/queda-de-natalidade-e-maior-entre-beneficiarios-do-bolsa-familia-diz-ibge\/"]}]},{"@type":"ImageObject","inLanguage":"pt-BR","@id":"https:\/\/vanderloubet.com.br\/deputado\/queda-de-natalidade-e-maior-entre-beneficiarios-do-bolsa-familia-diz-ibge\/#primaryimage","url":"https:\/\/vanderloubet.com.br\/deputado\/wp-content\/uploads\/2015\/05\/foto-2015-05-12-beneficiarios-bolsa-familia.jpg","contentUrl":"https:\/\/vanderloubet.com.br\/deputado\/wp-content\/uploads\/2015\/05\/foto-2015-05-12-beneficiarios-bolsa-familia.jpg","width":1080,"height":720,"caption":"N\u00famero de filhos est\u00e1 caindo entre benefici\u00e1rios do Bolsa Fam\u00edlia (Foto: Sergio Amaral\/MDS)"},{"@type":"BreadcrumbList","@id":"https:\/\/vanderloubet.com.br\/deputado\/queda-de-natalidade-e-maior-entre-beneficiarios-do-bolsa-familia-diz-ibge\/#breadcrumb","itemListElement":[{"@type":"ListItem","position":1,"name":"In\u00edcio","item":"https:\/\/vanderloubet.com.br\/deputado\/"},{"@type":"ListItem","position":2,"name":"Queda de natalidade \u00e9 maior entre benefici\u00e1rios do Bolsa Fam\u00edlia, diz IBGE"}]},{"@type":"WebSite","@id":"https:\/\/vanderloubet.com.br\/deputado\/#website","url":"https:\/\/vanderloubet.com.br\/deputado\/","name":"Deputado Federal Vander Loubet","description":"O Federal de MS","publisher":{"@id":"https:\/\/vanderloubet.com.br\/deputado\/#organization"},"alternateName":"Deputado Vander","potentialAction":[{"@type":"SearchAction","target":{"@type":"EntryPoint","urlTemplate":"https:\/\/vanderloubet.com.br\/deputado\/?s={search_term_string}"},"query-input":{"@type":"PropertyValueSpecification","valueRequired":true,"valueName":"search_term_string"}}],"inLanguage":"pt-BR"},{"@type":"Organization","@id":"https:\/\/vanderloubet.com.br\/deputado\/#organization","name":"Deputado Federal Vander Loubet","alternateName":"Deputado Vander","url":"https:\/\/vanderloubet.com.br\/deputado\/","logo":{"@type":"ImageObject","inLanguage":"pt-BR","@id":"https:\/\/vanderloubet.com.br\/deputado\/#\/schema\/logo\/image\/","url":"https:\/\/vanderloubet.com.br\/deputado\/wp-content\/uploads\/2023\/06\/foto-2023-06-19-mandato-deputado-vander.jpg","contentUrl":"https:\/\/vanderloubet.com.br\/deputado\/wp-content\/uploads\/2023\/06\/foto-2023-06-19-mandato-deputado-vander.jpg","width":1080,"height":1080,"caption":"Deputado Federal Vander Loubet"},"image":{"@id":"https:\/\/vanderloubet.com.br\/deputado\/#\/schema\/logo\/image\/"},"sameAs":["https:\/\/facebook.com\/deputadovander","https:\/\/x.com\/vanderloubet","https:\/\/instagram.com\/vanderloubet","https:\/\/youtube.com\/vanderloubet","https:\/\/tiktok.com\/@vanderloubetms"]},{"@type":"Person","@id":"https:\/\/vanderloubet.com.br\/deputado\/#\/schema\/person\/15b51bd564532a8a68d9dec1b8eb890e","name":"\u00c9der","image":{"@type":"ImageObject","inLanguage":"pt-BR","@id":"https:\/\/vanderloubet.com.br\/deputado\/wp-content\/litespeed\/avatar\/88ca4090d9d5ab1c9495f6ca03b68efa.jpg?ver=1777058957","url":"https:\/\/vanderloubet.com.br\/deputado\/wp-content\/litespeed\/avatar\/88ca4090d9d5ab1c9495f6ca03b68efa.jpg?ver=1777058957","contentUrl":"https:\/\/vanderloubet.com.br\/deputado\/wp-content\/litespeed\/avatar\/88ca4090d9d5ab1c9495f6ca03b68efa.jpg?ver=1777058957","caption":"\u00c9der"}}]}},"jetpack_featured_media_url":"https:\/\/vanderloubet.com.br\/deputado\/wp-content\/uploads\/2015\/05\/foto-2015-05-12-beneficiarios-bolsa-familia.jpg","jetpack_sharing_enabled":true,"_links":{"self":[{"href":"https:\/\/vanderloubet.com.br\/deputado\/wp-json\/wp\/v2\/posts\/9502","targetHints":{"allow":["GET"]}}],"collection":[{"href":"https:\/\/vanderloubet.com.br\/deputado\/wp-json\/wp\/v2\/posts"}],"about":[{"href":"https:\/\/vanderloubet.com.br\/deputado\/wp-json\/wp\/v2\/types\/post"}],"author":[{"embeddable":true,"href":"https:\/\/vanderloubet.com.br\/deputado\/wp-json\/wp\/v2\/users\/2"}],"replies":[{"embeddable":true,"href":"https:\/\/vanderloubet.com.br\/deputado\/wp-json\/wp\/v2\/comments?post=9502"}],"version-history":[{"count":0,"href":"https:\/\/vanderloubet.com.br\/deputado\/wp-json\/wp\/v2\/posts\/9502\/revisions"}],"wp:featuredmedia":[{"embeddable":true,"href":"https:\/\/vanderloubet.com.br\/deputado\/wp-json\/wp\/v2\/media\/9503"}],"wp:attachment":[{"href":"https:\/\/vanderloubet.com.br\/deputado\/wp-json\/wp\/v2\/media?parent=9502"}],"wp:term":[{"taxonomy":"category","embeddable":true,"href":"https:\/\/vanderloubet.com.br\/deputado\/wp-json\/wp\/v2\/categories?post=9502"},{"taxonomy":"post_tag","embeddable":true,"href":"https:\/\/vanderloubet.com.br\/deputado\/wp-json\/wp\/v2\/tags?post=9502"}],"curies":[{"name":"wp","href":"https:\/\/api.w.org\/{rel}","templated":true}]}}