{"id":9491,"date":"2015-04-29T13:36:16","date_gmt":"2015-04-29T16:36:16","guid":{"rendered":"http:\/\/vanderloubet.com.br\/deputado\/?p=9491"},"modified":"2015-04-29T13:38:09","modified_gmt":"2015-04-29T16:38:09","slug":"banco-mundial-afirma-que-brasil-praticamente-erradicou-a-extrema-pobreza","status":"publish","type":"post","link":"https:\/\/vanderloubet.com.br\/deputado\/banco-mundial-afirma-que-brasil-praticamente-erradicou-a-extrema-pobreza\/","title":{"rendered":"Banco Mundial afirma que Brasil praticamente erradicou a mis\u00e9ria"},"content":{"rendered":"<figure id=\"attachment_9492\" aria-describedby=\"caption-attachment-9492\" style=\"width: 700px\" class=\"wp-caption alignnone\"><img decoding=\"async\" class=\"wp-image-9492 size-large\" title=\"Rodovi\u00e1ria de Bras\u00edlia; em destaque, Dona Maria (Foto: Mariana Ceratti\/BM)\" src=\"http:\/\/vanderloubet.com.br\/deputado\/wp-content\/uploads\/2015\/04\/foto-2015-04-29-rodoviaria-brasilia-maria-700x467.jpg\" alt=\"Rodovi\u00e1ria de Bras\u00edlia; em destaque, Dona Maria (Foto: Mariana Ceratti\/BM)\" width=\"700\" height=\"467\" srcset=\"https:\/\/vanderloubet.com.br\/deputado\/wp-content\/uploads\/2015\/04\/foto-2015-04-29-rodoviaria-brasilia-maria-700x467.jpg 700w, https:\/\/vanderloubet.com.br\/deputado\/wp-content\/uploads\/2015\/04\/foto-2015-04-29-rodoviaria-brasilia-maria-350x233.jpg 350w, https:\/\/vanderloubet.com.br\/deputado\/wp-content\/uploads\/2015\/04\/foto-2015-04-29-rodoviaria-brasilia-maria-630x420.jpg 630w, https:\/\/vanderloubet.com.br\/deputado\/wp-content\/uploads\/2015\/04\/foto-2015-04-29-rodoviaria-brasilia-maria-696x464.jpg 696w, https:\/\/vanderloubet.com.br\/deputado\/wp-content\/uploads\/2015\/04\/foto-2015-04-29-rodoviaria-brasilia-maria.jpg 720w\" sizes=\"(max-width: 700px) 100vw, 700px\" \/><figcaption id=\"caption-attachment-9492\" class=\"wp-caption-text\">Rodovi\u00e1ria de Bras\u00edlia; em destaque, Dona Maria (Foto: Mariana Ceratti\/BM)<\/figcaption><\/figure>\n<p>&#8220;Quando eu era jovem, os pobres n\u00e3o tinham nenhuma oportunidade. Hoje, acho que o Brasil est\u00e1 menos desigual. Dois dos meus netos, por exemplo, conseguiram fazer faculdade e agora est\u00e3o formados&#8221;, conta a empregada dom\u00e9stica aposentada Maria de Souza Moreira, 80 anos, enquanto espera um \u00f4nibus na rodovi\u00e1ria de Bras\u00edlia, a apenas 3 km do pal\u00e1cio presidencial.<\/p>\n<p>A impress\u00e3o \u00e9 comprovada em n\u00fameros e an\u00e1lises em um <a href=\"http:\/\/www.worldbank.org\/pt\/news\/feature\/2015\/04\/20\/brazil-low-economic-growth-versus-poverty-reduction\" target=\"_blank\">novo relat\u00f3rio do Banco Mundial<\/a>. &#8220;Prosperidade Compartilhada e Erradica\u00e7\u00e3o da Pobreza na Am\u00e9rica Latina e Caribe&#8221; mostra que o Brasil conseguiu praticamente erradicar a extrema pobreza. E o fez mais r\u00e1pido que os pa\u00edses vizinhos. Para completar, o pa\u00eds acabou puxando para cima o desempenho da regi\u00e3o como um todo.<\/p>\n<p>&#8220;Entre 2001 e 2013, o percentual da popula\u00e7\u00e3o vivendo em extrema pobreza caiu de 10% para 4%&#8221;, informa o estudo. &#8220;De 1990 a 2009, cerca de 60% dos brasileiros passaram a um n\u00edvel de renda maior. Ao todo, 25 milh\u00f5es de pessoas sa\u00edram da pobreza extrema ou moderada. Isso representa uma em cada duas pessoas que sa\u00edram da pobreza na Am\u00e9rica Latina e no Caribe durante o per\u00edodo&#8221;, tamb\u00e9m explica o material.<\/p>\n<p>Os autores lembram que, at\u00e9 1999, os \u00edndices de extrema pobreza no pa\u00eds e no resto da regi\u00e3o eram parecidos, em torno de 26%. Foi em 2012 que se observou uma redu\u00e7\u00e3o maior no percentual brasileiro: 9,6%, ante os 12% regionais. Tamb\u00e9m chamam a aten\u00e7\u00e3o os indicadores de mobilidade social nesse per\u00edodo. Atualmente, os do Brasil ficam em terceiro lugar na regi\u00e3o, atr\u00e1s do Chile e da Costa Rica.<\/p>\n<p>O bom desempenho brasileiro se explica por tr\u00eas motivos. Primeiro, pelo crescimento econ\u00f4mico a partir de 2001, bem mais est\u00e1vel que o registrado nas duas d\u00e9cadas anteriores. Segundo, pelas pol\u00edticas p\u00fablicas com foco na erradica\u00e7\u00e3o da pobreza, como Bolsa Fam\u00edlia e Brasil Sem Mis\u00e9ria.<\/p>\n<p>Terceiro, pelo mercado de trabalho nacional: no per\u00edodo da pesquisa, aumentaram as taxas de emprego e o percentual de empregos formais (60% em 2012). O relat\u00f3rio ainda aponta a evolu\u00e7\u00e3o do sal\u00e1rio m\u00ednimo, que fortaleceu o poder de compra dos brasileiros.<\/p>\n<p><em>(Fonte: Organiza\u00e7\u00e3o das Na\u00e7\u00f5es Unidas &#8211; ONU)<\/em><\/p>\n","protected":false},"excerpt":{"rendered":"<p>De acordo com relat\u00f3rio, 60% dos brasileiros passaram para n\u00edvel de renda maior. Ao todo, 25 milh\u00f5es sa\u00edram da pobreza extrema ou moderada.<\/p>\n","protected":false},"author":2,"featured_media":9492,"comment_status":"closed","ping_status":"closed","sticky":false,"template":"","format":"standard","meta":{"jetpack_post_was_ever_published":false,"_jetpack_newsletter_access":"","_jetpack_dont_email_post_to_subs":false,"_jetpack_newsletter_tier_id":0,"_jetpack_memberships_contains_paywalled_content":false,"_jetpack_memberships_contains_paid_content":false,"footnotes":""},"categories":[2098,10],"tags":[1307,2324,2274],"class_list":{"0":"post-9491","1":"post","2":"type-post","3":"status-publish","4":"format-standard","5":"has-post-thumbnail","7":"category-brasil-noticias","8":"category-noticias","9":"tag-miseria","10":"tag-pobreza-extrema","11":"tag-programas-sociais"},"yoast_head":"<!-- This site is optimized with the Yoast SEO plugin v27.4 - https:\/\/yoast.com\/product\/yoast-seo-wordpress\/ -->\n<title>Banco Mundial afirma que Brasil praticamente erradicou a mis\u00e9ria<\/title>\n<meta name=\"robots\" content=\"index, follow, max-snippet:-1, max-image-preview:large, max-video-preview:-1\" \/>\n<link rel=\"canonical\" href=\"https:\/\/vanderloubet.com.br\/deputado\/banco-mundial-afirma-que-brasil-praticamente-erradicou-a-extrema-pobreza\/\" \/>\n<meta property=\"og:locale\" content=\"pt_BR\" \/>\n<meta property=\"og:type\" content=\"article\" \/>\n<meta property=\"og:title\" content=\"Banco Mundial afirma que Brasil praticamente erradicou a mis\u00e9ria\" \/>\n<meta property=\"og:description\" content=\"De acordo com relat\u00f3rio, 60% dos brasileiros passaram para n\u00edvel de renda maior. Ao todo, 25 milh\u00f5es sa\u00edram da pobreza extrema ou moderada.\" \/>\n<meta property=\"og:url\" content=\"https:\/\/vanderloubet.com.br\/deputado\/banco-mundial-afirma-que-brasil-praticamente-erradicou-a-extrema-pobreza\/\" \/>\n<meta property=\"og:site_name\" content=\"Deputado Federal Vander Loubet\" \/>\n<meta property=\"article:publisher\" content=\"https:\/\/facebook.com\/deputadovander\" \/>\n<meta property=\"article:published_time\" content=\"2015-04-29T16:36:16+00:00\" \/>\n<meta property=\"article:modified_time\" content=\"2015-04-29T16:38:09+00:00\" \/>\n<meta property=\"og:image\" content=\"https:\/\/vanderloubet.com.br\/deputado\/wp-content\/uploads\/2015\/04\/foto-2015-04-29-rodoviaria-brasilia-maria.jpg\" \/>\n\t<meta property=\"og:image:width\" content=\"720\" \/>\n\t<meta property=\"og:image:height\" content=\"480\" \/>\n\t<meta property=\"og:image:type\" content=\"image\/jpeg\" \/>\n<meta name=\"author\" content=\"\u00c9der\" \/>\n<meta name=\"twitter:card\" content=\"summary_large_image\" \/>\n<meta name=\"twitter:creator\" content=\"@vanderloubet\" \/>\n<meta name=\"twitter:site\" content=\"@vanderloubet\" \/>\n<script type=\"application\/ld+json\" class=\"yoast-schema-graph\">{\"@context\":\"https:\\\/\\\/schema.org\",\"@graph\":[{\"@type\":\"Article\",\"@id\":\"https:\\\/\\\/vanderloubet.com.br\\\/deputado\\\/banco-mundial-afirma-que-brasil-praticamente-erradicou-a-extrema-pobreza\\\/#article\",\"isPartOf\":{\"@id\":\"https:\\\/\\\/vanderloubet.com.br\\\/deputado\\\/banco-mundial-afirma-que-brasil-praticamente-erradicou-a-extrema-pobreza\\\/\"},\"author\":{\"name\":\"\u00c9der\",\"@id\":\"https:\\\/\\\/vanderloubet.com.br\\\/deputado\\\/#\\\/schema\\\/person\\\/15b51bd564532a8a68d9dec1b8eb890e\"},\"headline\":\"Banco Mundial afirma que Brasil praticamente erradicou a mis\u00e9ria\",\"datePublished\":\"2015-04-29T16:36:16+00:00\",\"dateModified\":\"2015-04-29T16:38:09+00:00\",\"mainEntityOfPage\":{\"@id\":\"https:\\\/\\\/vanderloubet.com.br\\\/deputado\\\/banco-mundial-afirma-que-brasil-praticamente-erradicou-a-extrema-pobreza\\\/\"},\"wordCount\":409,\"publisher\":{\"@id\":\"https:\\\/\\\/vanderloubet.com.br\\\/deputado\\\/#organization\"},\"image\":{\"@id\":\"https:\\\/\\\/vanderloubet.com.br\\\/deputado\\\/banco-mundial-afirma-que-brasil-praticamente-erradicou-a-extrema-pobreza\\\/#primaryimage\"},\"thumbnailUrl\":\"https:\\\/\\\/vanderloubet.com.br\\\/deputado\\\/wp-content\\\/uploads\\\/2015\\\/04\\\/foto-2015-04-29-rodoviaria-brasilia-maria.jpg\",\"keywords\":[\"mis\u00e9ria\",\"pobreza extrema\",\"programas sociais\"],\"articleSection\":[\"Brasil\",\"Not\u00edcias\"],\"inLanguage\":\"pt-BR\"},{\"@type\":\"WebPage\",\"@id\":\"https:\\\/\\\/vanderloubet.com.br\\\/deputado\\\/banco-mundial-afirma-que-brasil-praticamente-erradicou-a-extrema-pobreza\\\/\",\"url\":\"https:\\\/\\\/vanderloubet.com.br\\\/deputado\\\/banco-mundial-afirma-que-brasil-praticamente-erradicou-a-extrema-pobreza\\\/\",\"name\":\"Banco Mundial afirma que Brasil praticamente erradicou a mis\u00e9ria\",\"isPartOf\":{\"@id\":\"https:\\\/\\\/vanderloubet.com.br\\\/deputado\\\/#website\"},\"primaryImageOfPage\":{\"@id\":\"https:\\\/\\\/vanderloubet.com.br\\\/deputado\\\/banco-mundial-afirma-que-brasil-praticamente-erradicou-a-extrema-pobreza\\\/#primaryimage\"},\"image\":{\"@id\":\"https:\\\/\\\/vanderloubet.com.br\\\/deputado\\\/banco-mundial-afirma-que-brasil-praticamente-erradicou-a-extrema-pobreza\\\/#primaryimage\"},\"thumbnailUrl\":\"https:\\\/\\\/vanderloubet.com.br\\\/deputado\\\/wp-content\\\/uploads\\\/2015\\\/04\\\/foto-2015-04-29-rodoviaria-brasilia-maria.jpg\",\"datePublished\":\"2015-04-29T16:36:16+00:00\",\"dateModified\":\"2015-04-29T16:38:09+00:00\",\"breadcrumb\":{\"@id\":\"https:\\\/\\\/vanderloubet.com.br\\\/deputado\\\/banco-mundial-afirma-que-brasil-praticamente-erradicou-a-extrema-pobreza\\\/#breadcrumb\"},\"inLanguage\":\"pt-BR\",\"potentialAction\":[{\"@type\":\"ReadAction\",\"target\":[\"https:\\\/\\\/vanderloubet.com.br\\\/deputado\\\/banco-mundial-afirma-que-brasil-praticamente-erradicou-a-extrema-pobreza\\\/\"]}]},{\"@type\":\"ImageObject\",\"inLanguage\":\"pt-BR\",\"@id\":\"https:\\\/\\\/vanderloubet.com.br\\\/deputado\\\/banco-mundial-afirma-que-brasil-praticamente-erradicou-a-extrema-pobreza\\\/#primaryimage\",\"url\":\"https:\\\/\\\/vanderloubet.com.br\\\/deputado\\\/wp-content\\\/uploads\\\/2015\\\/04\\\/foto-2015-04-29-rodoviaria-brasilia-maria.jpg\",\"contentUrl\":\"https:\\\/\\\/vanderloubet.com.br\\\/deputado\\\/wp-content\\\/uploads\\\/2015\\\/04\\\/foto-2015-04-29-rodoviaria-brasilia-maria.jpg\",\"width\":720,\"height\":480,\"caption\":\"Rodovi\u00e1ria de Bras\u00edlia; em destaque, Dona Maria (Foto: Mariana Ceratti\\\/BM)\"},{\"@type\":\"BreadcrumbList\",\"@id\":\"https:\\\/\\\/vanderloubet.com.br\\\/deputado\\\/banco-mundial-afirma-que-brasil-praticamente-erradicou-a-extrema-pobreza\\\/#breadcrumb\",\"itemListElement\":[{\"@type\":\"ListItem\",\"position\":1,\"name\":\"In\u00edcio\",\"item\":\"https:\\\/\\\/vanderloubet.com.br\\\/deputado\\\/\"},{\"@type\":\"ListItem\",\"position\":2,\"name\":\"Banco Mundial afirma que Brasil praticamente erradicou a mis\u00e9ria\"}]},{\"@type\":\"WebSite\",\"@id\":\"https:\\\/\\\/vanderloubet.com.br\\\/deputado\\\/#website\",\"url\":\"https:\\\/\\\/vanderloubet.com.br\\\/deputado\\\/\",\"name\":\"Deputado Federal Vander Loubet\",\"description\":\"O Federal de MS\",\"publisher\":{\"@id\":\"https:\\\/\\\/vanderloubet.com.br\\\/deputado\\\/#organization\"},\"alternateName\":\"Deputado Vander\",\"potentialAction\":[{\"@type\":\"SearchAction\",\"target\":{\"@type\":\"EntryPoint\",\"urlTemplate\":\"https:\\\/\\\/vanderloubet.com.br\\\/deputado\\\/?s={search_term_string}\"},\"query-input\":{\"@type\":\"PropertyValueSpecification\",\"valueRequired\":true,\"valueName\":\"search_term_string\"}}],\"inLanguage\":\"pt-BR\"},{\"@type\":\"Organization\",\"@id\":\"https:\\\/\\\/vanderloubet.com.br\\\/deputado\\\/#organization\",\"name\":\"Deputado Federal Vander Loubet\",\"alternateName\":\"Deputado Vander\",\"url\":\"https:\\\/\\\/vanderloubet.com.br\\\/deputado\\\/\",\"logo\":{\"@type\":\"ImageObject\",\"inLanguage\":\"pt-BR\",\"@id\":\"https:\\\/\\\/vanderloubet.com.br\\\/deputado\\\/#\\\/schema\\\/logo\\\/image\\\/\",\"url\":\"https:\\\/\\\/vanderloubet.com.br\\\/deputado\\\/wp-content\\\/uploads\\\/2023\\\/06\\\/foto-2023-06-19-mandato-deputado-vander.jpg\",\"contentUrl\":\"https:\\\/\\\/vanderloubet.com.br\\\/deputado\\\/wp-content\\\/uploads\\\/2023\\\/06\\\/foto-2023-06-19-mandato-deputado-vander.jpg\",\"width\":1080,\"height\":1080,\"caption\":\"Deputado Federal Vander Loubet\"},\"image\":{\"@id\":\"https:\\\/\\\/vanderloubet.com.br\\\/deputado\\\/#\\\/schema\\\/logo\\\/image\\\/\"},\"sameAs\":[\"https:\\\/\\\/facebook.com\\\/deputadovander\",\"https:\\\/\\\/x.com\\\/vanderloubet\",\"https:\\\/\\\/instagram.com\\\/vanderloubet\",\"https:\\\/\\\/youtube.com\\\/vanderloubet\",\"https:\\\/\\\/tiktok.com\\\/@vanderloubetms\"]},{\"@type\":\"Person\",\"@id\":\"https:\\\/\\\/vanderloubet.com.br\\\/deputado\\\/#\\\/schema\\\/person\\\/15b51bd564532a8a68d9dec1b8eb890e\",\"name\":\"\u00c9der\",\"image\":{\"@type\":\"ImageObject\",\"inLanguage\":\"pt-BR\",\"@id\":\"https:\\\/\\\/vanderloubet.com.br\\\/deputado\\\/wp-content\\\/litespeed\\\/avatar\\\/88ca4090d9d5ab1c9495f6ca03b68efa.jpg?ver=1777058957\",\"url\":\"https:\\\/\\\/vanderloubet.com.br\\\/deputado\\\/wp-content\\\/litespeed\\\/avatar\\\/88ca4090d9d5ab1c9495f6ca03b68efa.jpg?ver=1777058957\",\"contentUrl\":\"https:\\\/\\\/vanderloubet.com.br\\\/deputado\\\/wp-content\\\/litespeed\\\/avatar\\\/88ca4090d9d5ab1c9495f6ca03b68efa.jpg?ver=1777058957\",\"caption\":\"\u00c9der\"}}]}<\/script>\n<!-- \/ Yoast SEO plugin. -->","yoast_head_json":{"title":"Banco Mundial afirma que Brasil praticamente erradicou a mis\u00e9ria","robots":{"index":"index","follow":"follow","max-snippet":"max-snippet:-1","max-image-preview":"max-image-preview:large","max-video-preview":"max-video-preview:-1"},"canonical":"https:\/\/vanderloubet.com.br\/deputado\/banco-mundial-afirma-que-brasil-praticamente-erradicou-a-extrema-pobreza\/","og_locale":"pt_BR","og_type":"article","og_title":"Banco Mundial afirma que Brasil praticamente erradicou a mis\u00e9ria","og_description":"De acordo com relat\u00f3rio, 60% dos brasileiros passaram para n\u00edvel de renda maior. Ao todo, 25 milh\u00f5es sa\u00edram da pobreza extrema ou moderada.","og_url":"https:\/\/vanderloubet.com.br\/deputado\/banco-mundial-afirma-que-brasil-praticamente-erradicou-a-extrema-pobreza\/","og_site_name":"Deputado Federal Vander Loubet","article_publisher":"https:\/\/facebook.com\/deputadovander","article_published_time":"2015-04-29T16:36:16+00:00","article_modified_time":"2015-04-29T16:38:09+00:00","og_image":[{"width":720,"height":480,"url":"https:\/\/vanderloubet.com.br\/deputado\/wp-content\/uploads\/2015\/04\/foto-2015-04-29-rodoviaria-brasilia-maria.jpg","type":"image\/jpeg"}],"author":"\u00c9der","twitter_card":"summary_large_image","twitter_creator":"@vanderloubet","twitter_site":"@vanderloubet","schema":{"@context":"https:\/\/schema.org","@graph":[{"@type":"Article","@id":"https:\/\/vanderloubet.com.br\/deputado\/banco-mundial-afirma-que-brasil-praticamente-erradicou-a-extrema-pobreza\/#article","isPartOf":{"@id":"https:\/\/vanderloubet.com.br\/deputado\/banco-mundial-afirma-que-brasil-praticamente-erradicou-a-extrema-pobreza\/"},"author":{"name":"\u00c9der","@id":"https:\/\/vanderloubet.com.br\/deputado\/#\/schema\/person\/15b51bd564532a8a68d9dec1b8eb890e"},"headline":"Banco Mundial afirma que Brasil praticamente erradicou a mis\u00e9ria","datePublished":"2015-04-29T16:36:16+00:00","dateModified":"2015-04-29T16:38:09+00:00","mainEntityOfPage":{"@id":"https:\/\/vanderloubet.com.br\/deputado\/banco-mundial-afirma-que-brasil-praticamente-erradicou-a-extrema-pobreza\/"},"wordCount":409,"publisher":{"@id":"https:\/\/vanderloubet.com.br\/deputado\/#organization"},"image":{"@id":"https:\/\/vanderloubet.com.br\/deputado\/banco-mundial-afirma-que-brasil-praticamente-erradicou-a-extrema-pobreza\/#primaryimage"},"thumbnailUrl":"https:\/\/vanderloubet.com.br\/deputado\/wp-content\/uploads\/2015\/04\/foto-2015-04-29-rodoviaria-brasilia-maria.jpg","keywords":["mis\u00e9ria","pobreza extrema","programas sociais"],"articleSection":["Brasil","Not\u00edcias"],"inLanguage":"pt-BR"},{"@type":"WebPage","@id":"https:\/\/vanderloubet.com.br\/deputado\/banco-mundial-afirma-que-brasil-praticamente-erradicou-a-extrema-pobreza\/","url":"https:\/\/vanderloubet.com.br\/deputado\/banco-mundial-afirma-que-brasil-praticamente-erradicou-a-extrema-pobreza\/","name":"Banco Mundial afirma que Brasil praticamente erradicou a mis\u00e9ria","isPartOf":{"@id":"https:\/\/vanderloubet.com.br\/deputado\/#website"},"primaryImageOfPage":{"@id":"https:\/\/vanderloubet.com.br\/deputado\/banco-mundial-afirma-que-brasil-praticamente-erradicou-a-extrema-pobreza\/#primaryimage"},"image":{"@id":"https:\/\/vanderloubet.com.br\/deputado\/banco-mundial-afirma-que-brasil-praticamente-erradicou-a-extrema-pobreza\/#primaryimage"},"thumbnailUrl":"https:\/\/vanderloubet.com.br\/deputado\/wp-content\/uploads\/2015\/04\/foto-2015-04-29-rodoviaria-brasilia-maria.jpg","datePublished":"2015-04-29T16:36:16+00:00","dateModified":"2015-04-29T16:38:09+00:00","breadcrumb":{"@id":"https:\/\/vanderloubet.com.br\/deputado\/banco-mundial-afirma-que-brasil-praticamente-erradicou-a-extrema-pobreza\/#breadcrumb"},"inLanguage":"pt-BR","potentialAction":[{"@type":"ReadAction","target":["https:\/\/vanderloubet.com.br\/deputado\/banco-mundial-afirma-que-brasil-praticamente-erradicou-a-extrema-pobreza\/"]}]},{"@type":"ImageObject","inLanguage":"pt-BR","@id":"https:\/\/vanderloubet.com.br\/deputado\/banco-mundial-afirma-que-brasil-praticamente-erradicou-a-extrema-pobreza\/#primaryimage","url":"https:\/\/vanderloubet.com.br\/deputado\/wp-content\/uploads\/2015\/04\/foto-2015-04-29-rodoviaria-brasilia-maria.jpg","contentUrl":"https:\/\/vanderloubet.com.br\/deputado\/wp-content\/uploads\/2015\/04\/foto-2015-04-29-rodoviaria-brasilia-maria.jpg","width":720,"height":480,"caption":"Rodovi\u00e1ria de Bras\u00edlia; em destaque, Dona Maria (Foto: Mariana Ceratti\/BM)"},{"@type":"BreadcrumbList","@id":"https:\/\/vanderloubet.com.br\/deputado\/banco-mundial-afirma-que-brasil-praticamente-erradicou-a-extrema-pobreza\/#breadcrumb","itemListElement":[{"@type":"ListItem","position":1,"name":"In\u00edcio","item":"https:\/\/vanderloubet.com.br\/deputado\/"},{"@type":"ListItem","position":2,"name":"Banco Mundial afirma que Brasil praticamente erradicou a mis\u00e9ria"}]},{"@type":"WebSite","@id":"https:\/\/vanderloubet.com.br\/deputado\/#website","url":"https:\/\/vanderloubet.com.br\/deputado\/","name":"Deputado Federal Vander Loubet","description":"O Federal de MS","publisher":{"@id":"https:\/\/vanderloubet.com.br\/deputado\/#organization"},"alternateName":"Deputado Vander","potentialAction":[{"@type":"SearchAction","target":{"@type":"EntryPoint","urlTemplate":"https:\/\/vanderloubet.com.br\/deputado\/?s={search_term_string}"},"query-input":{"@type":"PropertyValueSpecification","valueRequired":true,"valueName":"search_term_string"}}],"inLanguage":"pt-BR"},{"@type":"Organization","@id":"https:\/\/vanderloubet.com.br\/deputado\/#organization","name":"Deputado Federal Vander Loubet","alternateName":"Deputado Vander","url":"https:\/\/vanderloubet.com.br\/deputado\/","logo":{"@type":"ImageObject","inLanguage":"pt-BR","@id":"https:\/\/vanderloubet.com.br\/deputado\/#\/schema\/logo\/image\/","url":"https:\/\/vanderloubet.com.br\/deputado\/wp-content\/uploads\/2023\/06\/foto-2023-06-19-mandato-deputado-vander.jpg","contentUrl":"https:\/\/vanderloubet.com.br\/deputado\/wp-content\/uploads\/2023\/06\/foto-2023-06-19-mandato-deputado-vander.jpg","width":1080,"height":1080,"caption":"Deputado Federal Vander Loubet"},"image":{"@id":"https:\/\/vanderloubet.com.br\/deputado\/#\/schema\/logo\/image\/"},"sameAs":["https:\/\/facebook.com\/deputadovander","https:\/\/x.com\/vanderloubet","https:\/\/instagram.com\/vanderloubet","https:\/\/youtube.com\/vanderloubet","https:\/\/tiktok.com\/@vanderloubetms"]},{"@type":"Person","@id":"https:\/\/vanderloubet.com.br\/deputado\/#\/schema\/person\/15b51bd564532a8a68d9dec1b8eb890e","name":"\u00c9der","image":{"@type":"ImageObject","inLanguage":"pt-BR","@id":"https:\/\/vanderloubet.com.br\/deputado\/wp-content\/litespeed\/avatar\/88ca4090d9d5ab1c9495f6ca03b68efa.jpg?ver=1777058957","url":"https:\/\/vanderloubet.com.br\/deputado\/wp-content\/litespeed\/avatar\/88ca4090d9d5ab1c9495f6ca03b68efa.jpg?ver=1777058957","contentUrl":"https:\/\/vanderloubet.com.br\/deputado\/wp-content\/litespeed\/avatar\/88ca4090d9d5ab1c9495f6ca03b68efa.jpg?ver=1777058957","caption":"\u00c9der"}}]}},"jetpack_featured_media_url":"https:\/\/vanderloubet.com.br\/deputado\/wp-content\/uploads\/2015\/04\/foto-2015-04-29-rodoviaria-brasilia-maria.jpg","jetpack_sharing_enabled":true,"_links":{"self":[{"href":"https:\/\/vanderloubet.com.br\/deputado\/wp-json\/wp\/v2\/posts\/9491","targetHints":{"allow":["GET"]}}],"collection":[{"href":"https:\/\/vanderloubet.com.br\/deputado\/wp-json\/wp\/v2\/posts"}],"about":[{"href":"https:\/\/vanderloubet.com.br\/deputado\/wp-json\/wp\/v2\/types\/post"}],"author":[{"embeddable":true,"href":"https:\/\/vanderloubet.com.br\/deputado\/wp-json\/wp\/v2\/users\/2"}],"replies":[{"embeddable":true,"href":"https:\/\/vanderloubet.com.br\/deputado\/wp-json\/wp\/v2\/comments?post=9491"}],"version-history":[{"count":0,"href":"https:\/\/vanderloubet.com.br\/deputado\/wp-json\/wp\/v2\/posts\/9491\/revisions"}],"wp:featuredmedia":[{"embeddable":true,"href":"https:\/\/vanderloubet.com.br\/deputado\/wp-json\/wp\/v2\/media\/9492"}],"wp:attachment":[{"href":"https:\/\/vanderloubet.com.br\/deputado\/wp-json\/wp\/v2\/media?parent=9491"}],"wp:term":[{"taxonomy":"category","embeddable":true,"href":"https:\/\/vanderloubet.com.br\/deputado\/wp-json\/wp\/v2\/categories?post=9491"},{"taxonomy":"post_tag","embeddable":true,"href":"https:\/\/vanderloubet.com.br\/deputado\/wp-json\/wp\/v2\/tags?post=9491"}],"curies":[{"name":"wp","href":"https:\/\/api.w.org\/{rel}","templated":true}]}}