{"id":9404,"date":"2015-04-09T08:00:11","date_gmt":"2015-04-09T11:00:11","guid":{"rendered":"http:\/\/vanderloubet.com.br\/deputado\/?p=9404"},"modified":"2015-06-12T11:49:31","modified_gmt":"2015-06-12T14:49:31","slug":"vander-vota-contra-projeto-que-amplia-terceirizacao-e-critica-aprovacao-do-texto","status":"publish","type":"post","link":"https:\/\/vanderloubet.com.br\/deputado\/vander-vota-contra-projeto-que-amplia-terceirizacao-e-critica-aprovacao-do-texto\/","title":{"rendered":"Vander vota contra projeto que amplia terceiriza\u00e7\u00e3o e critica aprova\u00e7\u00e3o do texto"},"content":{"rendered":"\r\n                <style type=\"text\/css\">\r\n                    \r\n                    #tdi_1  .td-doubleSlider-2 .td-item1 {\r\n                        background: url(https:\/\/vanderloubet.com.br\/deputado\/wp-content\/uploads\/2015\/04\/foto-2015-04-22-deputado-vander-loubet-80x60.jpg) 0 0 no-repeat;\r\n                    }\r\n                    #tdi_1  .td-doubleSlider-2 .td-item2 {\r\n                        background: url(https:\/\/vanderloubet.com.br\/deputado\/wp-content\/uploads\/2015\/04\/foto-2015-04-22-infografico-pl4330-80x60.jpg) 0 0 no-repeat;\r\n                    }\r\n                <\/style>\r\n\r\n                <div id=\"tdi_1\" class=\"td-gallery td-slide-on-2-columns\">\r\n                    <div class=\"post_td_gallery\">\r\n                        <div class=\"td-gallery-slide-top\">\r\n                           <div class=\"td-gallery-title\"><\/div>\r\n\r\n                            <div class=\"td-gallery-controls-wrapper\">\r\n                                <div class=\"td-gallery-slide-count\"><span class=\"td-gallery-slide-item-focus\">1<\/span> de 2<\/div>\r\n                                <div class=\"td-gallery-slide-prev-next-but\">\r\n                                    <i class = \"td-icon-left doubleSliderPrevButton\"><\/i>\r\n                                    <i class = \"td-icon-right doubleSliderNextButton\"><\/i>\r\n                                <\/div>\r\n                            <\/div>\r\n                        <\/div>\r\n\r\n                        <div class = \"td-doubleSlider-1 \">\r\n                            <div class = \"td-slider\">\r\n                                \r\n                    <div class = \"td-slide-item td-item1\">\r\n                        <figure class=\"td-slide-galery-figure td-slide-popup-gallery\">\r\n                            <a class=\"slide-gallery-image-link\" href=\"https:\/\/vanderloubet.com.br\/deputado\/wp-content\/uploads\/2015\/04\/foto-2015-04-22-deputado-vander-loubet.jpg\" title=\"Deputado Vander Loubet no Plen\u00e1rio da C\u00e2mara\"  data-caption=\"\"  data-description=\"Deputado Vander Loubet no Plen&aacute;rio da C&acirc;mara\">\r\n                                <img decoding=\"async\" src=\"https:\/\/vanderloubet.com.br\/deputado\/wp-content\/uploads\/2015\/04\/foto-2015-04-22-deputado-vander-loubet-630x420.jpg\" srcset=\"https:\/\/vanderloubet.com.br\/deputado\/wp-content\/uploads\/2015\/04\/foto-2015-04-22-deputado-vander-loubet-630x420.jpg 630w, https:\/\/vanderloubet.com.br\/deputado\/wp-content\/uploads\/2015\/04\/foto-2015-04-22-deputado-vander-loubet-350x233.jpg 350w, https:\/\/vanderloubet.com.br\/deputado\/wp-content\/uploads\/2015\/04\/foto-2015-04-22-deputado-vander-loubet-768x512.jpg 768w, https:\/\/vanderloubet.com.br\/deputado\/wp-content\/uploads\/2015\/04\/foto-2015-04-22-deputado-vander-loubet-700x467.jpg 700w, https:\/\/vanderloubet.com.br\/deputado\/wp-content\/uploads\/2015\/04\/foto-2015-04-22-deputado-vander-loubet-696x464.jpg 696w, https:\/\/vanderloubet.com.br\/deputado\/wp-content\/uploads\/2015\/04\/foto-2015-04-22-deputado-vander-loubet-1068x712.jpg 1068w, https:\/\/vanderloubet.com.br\/deputado\/wp-content\/uploads\/2015\/04\/foto-2015-04-22-deputado-vander-loubet.jpg 1080w\" sizes=\"(max-width: 630px) 100vw, 630px\" alt=\"Deputado Vander Loubet no Plen&aacute;rio da C&acirc;mara\">\r\n                            <\/a>\r\n                            <figcaption class = \"td-slide-caption td-gallery-slide-content\"><span>Deputado Vander Loubet no Plen\u00e1rio da C\u00e2mara<\/span><\/figcaption>\r\n                        <\/figure>\r\n                    <\/div>\r\n                    <div class = \"td-slide-item td-item2\">\r\n                        <figure class=\"td-slide-galery-figure td-slide-popup-gallery\">\r\n                            <a class=\"slide-gallery-image-link\" href=\"https:\/\/vanderloubet.com.br\/deputado\/wp-content\/uploads\/2015\/04\/foto-2015-04-22-infografico-pl4330.jpg\" title=\"Terceiriza\u00e7\u00e3o significa mais trabalho, menos sal\u00e1rio e mais risco de acidentes\"  data-caption=\"\"  data-description=\"Terceiriza&ccedil;&atilde;o significa mais trabalho, menos sal&aacute;rio e mais risco de acidentes\">\r\n                                <img decoding=\"async\" src=\"https:\/\/vanderloubet.com.br\/deputado\/wp-content\/uploads\/2015\/04\/foto-2015-04-22-infografico-pl4330-630x420.jpg\" srcset=\"https:\/\/vanderloubet.com.br\/deputado\/wp-content\/uploads\/2015\/04\/foto-2015-04-22-infografico-pl4330-630x420.jpg 630w, https:\/\/vanderloubet.com.br\/deputado\/wp-content\/uploads\/2015\/04\/foto-2015-04-22-infografico-pl4330-350x233.jpg 350w, https:\/\/vanderloubet.com.br\/deputado\/wp-content\/uploads\/2015\/04\/foto-2015-04-22-infografico-pl4330-768x512.jpg 768w, https:\/\/vanderloubet.com.br\/deputado\/wp-content\/uploads\/2015\/04\/foto-2015-04-22-infografico-pl4330-700x467.jpg 700w, https:\/\/vanderloubet.com.br\/deputado\/wp-content\/uploads\/2015\/04\/foto-2015-04-22-infografico-pl4330-696x464.jpg 696w, https:\/\/vanderloubet.com.br\/deputado\/wp-content\/uploads\/2015\/04\/foto-2015-04-22-infografico-pl4330.jpg 900w\" sizes=\"(max-width: 630px) 100vw, 630px\" alt=\"Terceiriza&ccedil;&atilde;o significa mais trabalho, menos sal&aacute;rio e mais risco de acidentes\">\r\n                            <\/a>\r\n                            <figcaption class = \"td-slide-caption td-gallery-slide-content\"><span>Terceiriza\u00e7\u00e3o significa mais trabalho, menos sal\u00e1rio e mais risco de acidentes<\/span><\/figcaption>\r\n                        <\/figure>\r\n                    <\/div>\r\n                            <\/div>\r\n                        <\/div>\r\n\r\n                        <div class = \"td-doubleSlider-2\">\r\n                            <div class = \"td-slider\">\r\n                                \r\n                    <div class = \"td-button td-item1\">\r\n                        <div class = \"td-border\"><\/div>\r\n                    <\/div>\r\n                    <div class = \"td-button td-item2\">\r\n                        <div class = \"td-border\"><\/div>\r\n                    <\/div>\r\n                            <\/div>\r\n                        <\/div>\r\n\r\n                    <\/div>\r\n\r\n                <\/div>\r\n                \n<p>Em apoio \u00e0s entidades e sindicatos que representam os trabalhadores, o deputado federal Vander Loubet (PT-MS) criticou a aprova\u00e7\u00e3o do Projeto de Lei (PL) 4330\/2004, que, a pretexto de regular a terceiriza\u00e7\u00e3o, amplia a precariza\u00e7\u00e3o ao abrir espa\u00e7o para o trabalho terceirizado at\u00e9 mesmo nas atividades fim. De Mato Grosso do Sul, apenas Vander e o deputado federal Zeca do PT votaram contra a medida.<\/p>\n<p>&#8220;Se esse projeto virar lei, vai trazer grande preju\u00edzo aos trabalhadores. Por tr\u00e1s do discurso de flexibiliza\u00e7\u00e3o e moderniza\u00e7\u00e3o das rela\u00e7\u00f5es de trabalho na verdade esta a \u00e2nsia por lucros maiores. Para o bem da economia \u00e9 necess\u00e1rio que qualquer regulamenta\u00e7\u00e3o da terceiriza\u00e7\u00e3o seja pautada pela prote\u00e7\u00e3o ao trabalhador. Evidentemente, isso n\u00e3o significa querer prejudicar os empregadores, significa que devemos buscar equil\u00edbrio, estabelecendo a diferen\u00e7a entre atividade-fim e atividade-meio, diferenciando o que \u00e9 especializa\u00e7\u00e3o e o que \u00e9 t\u00e3o somente loca\u00e7\u00e3o de m\u00e3o de obra\u201d, destacou o parlamentar, que nos anos 80 atuou no movimento sindical banc\u00e1rio.<\/p>\n<p>Membros da Justi\u00e7a do Trabalho manifestaram grande preocupa\u00e7\u00e3o com a aprova\u00e7\u00e3o do PL e a possibilidade que o texto apresenta de terceirizar tamb\u00e9m a atividade fim, a preponderante da empresa. &#8220;Teremos, por exemplo, bancos sem banc\u00e1rios e escolas sem professores, que n\u00e3o ser\u00e3o empregados formalmente. Estar\u00e3o ali como se n\u00e3o exercessem atividades inerentes a essas empresas\u201d, pontuou Carlos Eduardo de Azevedo Lima, presidente da Associa\u00e7\u00e3o Nacional dos Procuradores do Trabalho (ANPT).<\/p>\n<p>Em 2013, os ministros do Tribunal Superior do Trabalho, em documento dirigido ao ent\u00e3o presidente da Comiss\u00e3o de Constitui\u00e7\u00e3o e Justi\u00e7a e de Cidadania (CCJC) da C\u00e2mara dos Deputados, deputado D\u00e9cio Lima (PT-SC), afirmaram que o PL 4330 representa &#8220;grav\u00edssima les\u00e3o social de direitos trabalhistas&#8221;.<\/p>\n<p><strong>Lado mais fraco<\/strong> &#8211; Dirigente do Sindicato dos Trabalhadores em Telecomunica\u00e7\u00f5es do Distrito Federal (Sinttel-DF) e terceirizado da Telemont \u2013 prestadora de servi\u00e7o \u00e0 empresa de telefonia Oi -, Aldair da Silva Brant explicou que a proposta do PL de enterrar a responsabilidade solid\u00e1ria (aquela em que a contratante deve arcar com as obriga\u00e7\u00f5es trabalhistas caso a terceirizada n\u00e3o as cumpra) acarretar\u00e1 em mais inseguran\u00e7a: \u201cHoje, quando voc\u00ea leva a Oi \u00e0 justi\u00e7a trabalhista, ela obriga a Telemont a zerar causas trabalhistas. Aprovando essa lei, ficaremos de m\u00e3os atadas\u201d, afirmou.<\/p>\n<p>Para os eletricit\u00e1rios e petroleiros a situa\u00e7\u00e3o tamb\u00e9m \u00e9 dram\u00e1tica. Segundo dados do Sindicato dos Trabalhadores na Ind\u00fastria Energ\u00e9tica e de G\u00e1s Combust\u00edvel de Minas Gerais (Sindieletro-MG), um trabalhador terceirizado da Companhia Energ\u00e9tica do Estado (Cemig), a maior do pa\u00eds, morre a cada 45 dias. J\u00e1 de acordo com o secret\u00e1rio de Rela\u00e7\u00f5es Internacionais e Empresas Privadas da Federa\u00e7\u00e3o \u00danica dos Petroleiros (FUP), Anselmo Ruoso J\u00fanior, nos \u00faltimos 10 anos foram 320 mortes no setor, formado por 80% de terceirizados, as maiores v\u00edtimas da precariza\u00e7\u00e3o.<\/p>\n<p>\u201cQuando voc\u00ea coloca um sistema de contrata\u00e7\u00e3o do menor pre\u00e7o, voc\u00ea opta por empresas que imp\u00f5em excesso de jornada de trabalho, falta de equipamento de prote\u00e7\u00e3o, menos treinamento\u201d, criticou Ruoso J\u00fanior.<\/p>\n<p>De acordo com um estudo de 2011 da CUT e do Departamento Intersindical de Estat\u00edsticas e Estudos Socioecon\u00f4micos (Dieese), o trabalhador terceirizado fica 2,6 anos a menos no emprego, tem uma jornada de tr\u00eas horas a mais semanalmente e ganha 25% a menos. A cada 10 acidentes de trabalho, oito ocorrem entre terceirizados.<\/p>\n<p><em>(\u00c9der Yanaguita &#8211; Ascom\/Deputado Vander)<\/em><\/p>\n","protected":false},"excerpt":{"rendered":"<p>&#8220;Se esse projeto virar lei, vai trazer grande preju\u00edzo aos trabalhadores&#8221;, destacou o deputado. Terceiriza\u00e7\u00e3o significa mais trabalho, menos sal\u00e1rio e mais risco de acidentes.<\/p>\n","protected":false},"author":2,"featured_media":9405,"comment_status":"closed","ping_status":"closed","sticky":false,"template":"","format":"standard","meta":{"jetpack_post_was_ever_published":false,"_jetpack_newsletter_access":"","_jetpack_dont_email_post_to_subs":false,"_jetpack_newsletter_tier_id":0,"_jetpack_memberships_contains_paywalled_content":false,"_jetpack_memberships_contains_paid_content":false,"footnotes":""},"categories":[2098,10],"tags":[2323,1635,1936],"class_list":{"0":"post-9404","1":"post","2":"type-post","3":"status-publish","4":"format-standard","5":"has-post-thumbnail","7":"category-brasil-noticias","8":"category-noticias","9":"tag-direito-trabalhista","10":"tag-projeto-de-lei","11":"tag-terceirizacao"},"yoast_head":"<!-- This site is optimized with the Yoast SEO plugin v27.4 - https:\/\/yoast.com\/product\/yoast-seo-wordpress\/ -->\n<title>Vander vota contra projeto que amplia terceiriza\u00e7\u00e3o e critica aprova\u00e7\u00e3o do texto<\/title>\n<meta name=\"robots\" content=\"index, follow, max-snippet:-1, max-image-preview:large, max-video-preview:-1\" \/>\n<link rel=\"canonical\" href=\"https:\/\/vanderloubet.com.br\/deputado\/vander-vota-contra-projeto-que-amplia-terceirizacao-e-critica-aprovacao-do-texto\/\" \/>\n<meta property=\"og:locale\" content=\"pt_BR\" \/>\n<meta property=\"og:type\" content=\"article\" \/>\n<meta property=\"og:title\" content=\"Vander vota contra projeto que amplia terceiriza\u00e7\u00e3o e critica aprova\u00e7\u00e3o do texto\" \/>\n<meta property=\"og:description\" content=\"&quot;Se esse projeto virar lei, vai trazer grande preju\u00edzo aos trabalhadores&quot;, destacou o deputado. Terceiriza\u00e7\u00e3o significa mais trabalho, menos sal\u00e1rio e mais risco de acidentes.\" \/>\n<meta property=\"og:url\" content=\"https:\/\/vanderloubet.com.br\/deputado\/vander-vota-contra-projeto-que-amplia-terceirizacao-e-critica-aprovacao-do-texto\/\" \/>\n<meta property=\"og:site_name\" content=\"Deputado Federal Vander Loubet\" \/>\n<meta property=\"article:publisher\" content=\"https:\/\/facebook.com\/deputadovander\" \/>\n<meta property=\"article:published_time\" content=\"2015-04-09T11:00:11+00:00\" \/>\n<meta property=\"article:modified_time\" content=\"2015-06-12T14:49:31+00:00\" \/>\n<meta property=\"og:image\" content=\"https:\/\/vanderloubet.com.br\/deputado\/wp-content\/uploads\/2015\/04\/foto-2015-04-22-deputado-vander-loubet.jpg\" \/>\n\t<meta property=\"og:image:width\" content=\"1080\" \/>\n\t<meta property=\"og:image:height\" content=\"720\" \/>\n\t<meta property=\"og:image:type\" content=\"image\/jpeg\" \/>\n<meta name=\"author\" content=\"\u00c9der\" \/>\n<meta name=\"twitter:card\" content=\"summary_large_image\" \/>\n<meta name=\"twitter:creator\" content=\"@vanderloubet\" \/>\n<meta name=\"twitter:site\" content=\"@vanderloubet\" \/>\n<script type=\"application\/ld+json\" class=\"yoast-schema-graph\">{\"@context\":\"https:\\\/\\\/schema.org\",\"@graph\":[{\"@type\":\"Article\",\"@id\":\"https:\\\/\\\/vanderloubet.com.br\\\/deputado\\\/vander-vota-contra-projeto-que-amplia-terceirizacao-e-critica-aprovacao-do-texto\\\/#article\",\"isPartOf\":{\"@id\":\"https:\\\/\\\/vanderloubet.com.br\\\/deputado\\\/vander-vota-contra-projeto-que-amplia-terceirizacao-e-critica-aprovacao-do-texto\\\/\"},\"author\":{\"name\":\"\u00c9der\",\"@id\":\"https:\\\/\\\/vanderloubet.com.br\\\/deputado\\\/#\\\/schema\\\/person\\\/15b51bd564532a8a68d9dec1b8eb890e\"},\"headline\":\"Vander vota contra projeto que amplia terceiriza\u00e7\u00e3o e critica aprova\u00e7\u00e3o do texto\",\"datePublished\":\"2015-04-09T11:00:11+00:00\",\"dateModified\":\"2015-06-12T14:49:31+00:00\",\"mainEntityOfPage\":{\"@id\":\"https:\\\/\\\/vanderloubet.com.br\\\/deputado\\\/vander-vota-contra-projeto-que-amplia-terceirizacao-e-critica-aprovacao-do-texto\\\/\"},\"wordCount\":618,\"publisher\":{\"@id\":\"https:\\\/\\\/vanderloubet.com.br\\\/deputado\\\/#organization\"},\"image\":{\"@id\":\"https:\\\/\\\/vanderloubet.com.br\\\/deputado\\\/vander-vota-contra-projeto-que-amplia-terceirizacao-e-critica-aprovacao-do-texto\\\/#primaryimage\"},\"thumbnailUrl\":\"https:\\\/\\\/vanderloubet.com.br\\\/deputado\\\/wp-content\\\/uploads\\\/2015\\\/04\\\/foto-2015-04-22-deputado-vander-loubet.jpg\",\"keywords\":[\"direito trabalhista\",\"projeto de lei\",\"terceiriza\u00e7\u00e3o\"],\"articleSection\":[\"Brasil\",\"Not\u00edcias\"],\"inLanguage\":\"pt-BR\"},{\"@type\":\"WebPage\",\"@id\":\"https:\\\/\\\/vanderloubet.com.br\\\/deputado\\\/vander-vota-contra-projeto-que-amplia-terceirizacao-e-critica-aprovacao-do-texto\\\/\",\"url\":\"https:\\\/\\\/vanderloubet.com.br\\\/deputado\\\/vander-vota-contra-projeto-que-amplia-terceirizacao-e-critica-aprovacao-do-texto\\\/\",\"name\":\"Vander vota contra projeto que amplia terceiriza\u00e7\u00e3o e critica aprova\u00e7\u00e3o do texto\",\"isPartOf\":{\"@id\":\"https:\\\/\\\/vanderloubet.com.br\\\/deputado\\\/#website\"},\"primaryImageOfPage\":{\"@id\":\"https:\\\/\\\/vanderloubet.com.br\\\/deputado\\\/vander-vota-contra-projeto-que-amplia-terceirizacao-e-critica-aprovacao-do-texto\\\/#primaryimage\"},\"image\":{\"@id\":\"https:\\\/\\\/vanderloubet.com.br\\\/deputado\\\/vander-vota-contra-projeto-que-amplia-terceirizacao-e-critica-aprovacao-do-texto\\\/#primaryimage\"},\"thumbnailUrl\":\"https:\\\/\\\/vanderloubet.com.br\\\/deputado\\\/wp-content\\\/uploads\\\/2015\\\/04\\\/foto-2015-04-22-deputado-vander-loubet.jpg\",\"datePublished\":\"2015-04-09T11:00:11+00:00\",\"dateModified\":\"2015-06-12T14:49:31+00:00\",\"breadcrumb\":{\"@id\":\"https:\\\/\\\/vanderloubet.com.br\\\/deputado\\\/vander-vota-contra-projeto-que-amplia-terceirizacao-e-critica-aprovacao-do-texto\\\/#breadcrumb\"},\"inLanguage\":\"pt-BR\",\"potentialAction\":[{\"@type\":\"ReadAction\",\"target\":[\"https:\\\/\\\/vanderloubet.com.br\\\/deputado\\\/vander-vota-contra-projeto-que-amplia-terceirizacao-e-critica-aprovacao-do-texto\\\/\"]}]},{\"@type\":\"ImageObject\",\"inLanguage\":\"pt-BR\",\"@id\":\"https:\\\/\\\/vanderloubet.com.br\\\/deputado\\\/vander-vota-contra-projeto-que-amplia-terceirizacao-e-critica-aprovacao-do-texto\\\/#primaryimage\",\"url\":\"https:\\\/\\\/vanderloubet.com.br\\\/deputado\\\/wp-content\\\/uploads\\\/2015\\\/04\\\/foto-2015-04-22-deputado-vander-loubet.jpg\",\"contentUrl\":\"https:\\\/\\\/vanderloubet.com.br\\\/deputado\\\/wp-content\\\/uploads\\\/2015\\\/04\\\/foto-2015-04-22-deputado-vander-loubet.jpg\",\"width\":1080,\"height\":720,\"caption\":\"Deputado Vander Loubet no Plen\u00e1rio da C\u00e2mara\"},{\"@type\":\"BreadcrumbList\",\"@id\":\"https:\\\/\\\/vanderloubet.com.br\\\/deputado\\\/vander-vota-contra-projeto-que-amplia-terceirizacao-e-critica-aprovacao-do-texto\\\/#breadcrumb\",\"itemListElement\":[{\"@type\":\"ListItem\",\"position\":1,\"name\":\"In\u00edcio\",\"item\":\"https:\\\/\\\/vanderloubet.com.br\\\/deputado\\\/\"},{\"@type\":\"ListItem\",\"position\":2,\"name\":\"Vander vota contra projeto que amplia terceiriza\u00e7\u00e3o e critica aprova\u00e7\u00e3o do texto\"}]},{\"@type\":\"WebSite\",\"@id\":\"https:\\\/\\\/vanderloubet.com.br\\\/deputado\\\/#website\",\"url\":\"https:\\\/\\\/vanderloubet.com.br\\\/deputado\\\/\",\"name\":\"Deputado Federal Vander Loubet\",\"description\":\"O Federal de MS\",\"publisher\":{\"@id\":\"https:\\\/\\\/vanderloubet.com.br\\\/deputado\\\/#organization\"},\"alternateName\":\"Deputado Vander\",\"potentialAction\":[{\"@type\":\"SearchAction\",\"target\":{\"@type\":\"EntryPoint\",\"urlTemplate\":\"https:\\\/\\\/vanderloubet.com.br\\\/deputado\\\/?s={search_term_string}\"},\"query-input\":{\"@type\":\"PropertyValueSpecification\",\"valueRequired\":true,\"valueName\":\"search_term_string\"}}],\"inLanguage\":\"pt-BR\"},{\"@type\":\"Organization\",\"@id\":\"https:\\\/\\\/vanderloubet.com.br\\\/deputado\\\/#organization\",\"name\":\"Deputado Federal Vander Loubet\",\"alternateName\":\"Deputado Vander\",\"url\":\"https:\\\/\\\/vanderloubet.com.br\\\/deputado\\\/\",\"logo\":{\"@type\":\"ImageObject\",\"inLanguage\":\"pt-BR\",\"@id\":\"https:\\\/\\\/vanderloubet.com.br\\\/deputado\\\/#\\\/schema\\\/logo\\\/image\\\/\",\"url\":\"https:\\\/\\\/vanderloubet.com.br\\\/deputado\\\/wp-content\\\/uploads\\\/2023\\\/06\\\/foto-2023-06-19-mandato-deputado-vander.jpg\",\"contentUrl\":\"https:\\\/\\\/vanderloubet.com.br\\\/deputado\\\/wp-content\\\/uploads\\\/2023\\\/06\\\/foto-2023-06-19-mandato-deputado-vander.jpg\",\"width\":1080,\"height\":1080,\"caption\":\"Deputado Federal Vander Loubet\"},\"image\":{\"@id\":\"https:\\\/\\\/vanderloubet.com.br\\\/deputado\\\/#\\\/schema\\\/logo\\\/image\\\/\"},\"sameAs\":[\"https:\\\/\\\/facebook.com\\\/deputadovander\",\"https:\\\/\\\/x.com\\\/vanderloubet\",\"https:\\\/\\\/instagram.com\\\/vanderloubet\",\"https:\\\/\\\/youtube.com\\\/vanderloubet\",\"https:\\\/\\\/tiktok.com\\\/@vanderloubetms\"]},{\"@type\":\"Person\",\"@id\":\"https:\\\/\\\/vanderloubet.com.br\\\/deputado\\\/#\\\/schema\\\/person\\\/15b51bd564532a8a68d9dec1b8eb890e\",\"name\":\"\u00c9der\",\"image\":{\"@type\":\"ImageObject\",\"inLanguage\":\"pt-BR\",\"@id\":\"https:\\\/\\\/vanderloubet.com.br\\\/deputado\\\/wp-content\\\/litespeed\\\/avatar\\\/88ca4090d9d5ab1c9495f6ca03b68efa.jpg?ver=1777058957\",\"url\":\"https:\\\/\\\/vanderloubet.com.br\\\/deputado\\\/wp-content\\\/litespeed\\\/avatar\\\/88ca4090d9d5ab1c9495f6ca03b68efa.jpg?ver=1777058957\",\"contentUrl\":\"https:\\\/\\\/vanderloubet.com.br\\\/deputado\\\/wp-content\\\/litespeed\\\/avatar\\\/88ca4090d9d5ab1c9495f6ca03b68efa.jpg?ver=1777058957\",\"caption\":\"\u00c9der\"}}]}<\/script>\n<!-- \/ Yoast SEO plugin. -->","yoast_head_json":{"title":"Vander vota contra projeto que amplia terceiriza\u00e7\u00e3o e critica aprova\u00e7\u00e3o do texto","robots":{"index":"index","follow":"follow","max-snippet":"max-snippet:-1","max-image-preview":"max-image-preview:large","max-video-preview":"max-video-preview:-1"},"canonical":"https:\/\/vanderloubet.com.br\/deputado\/vander-vota-contra-projeto-que-amplia-terceirizacao-e-critica-aprovacao-do-texto\/","og_locale":"pt_BR","og_type":"article","og_title":"Vander vota contra projeto que amplia terceiriza\u00e7\u00e3o e critica aprova\u00e7\u00e3o do texto","og_description":"\"Se esse projeto virar lei, vai trazer grande preju\u00edzo aos trabalhadores\", destacou o deputado. Terceiriza\u00e7\u00e3o significa mais trabalho, menos sal\u00e1rio e mais risco de acidentes.","og_url":"https:\/\/vanderloubet.com.br\/deputado\/vander-vota-contra-projeto-que-amplia-terceirizacao-e-critica-aprovacao-do-texto\/","og_site_name":"Deputado Federal Vander Loubet","article_publisher":"https:\/\/facebook.com\/deputadovander","article_published_time":"2015-04-09T11:00:11+00:00","article_modified_time":"2015-06-12T14:49:31+00:00","og_image":[{"width":1080,"height":720,"url":"https:\/\/vanderloubet.com.br\/deputado\/wp-content\/uploads\/2015\/04\/foto-2015-04-22-deputado-vander-loubet.jpg","type":"image\/jpeg"}],"author":"\u00c9der","twitter_card":"summary_large_image","twitter_creator":"@vanderloubet","twitter_site":"@vanderloubet","schema":{"@context":"https:\/\/schema.org","@graph":[{"@type":"Article","@id":"https:\/\/vanderloubet.com.br\/deputado\/vander-vota-contra-projeto-que-amplia-terceirizacao-e-critica-aprovacao-do-texto\/#article","isPartOf":{"@id":"https:\/\/vanderloubet.com.br\/deputado\/vander-vota-contra-projeto-que-amplia-terceirizacao-e-critica-aprovacao-do-texto\/"},"author":{"name":"\u00c9der","@id":"https:\/\/vanderloubet.com.br\/deputado\/#\/schema\/person\/15b51bd564532a8a68d9dec1b8eb890e"},"headline":"Vander vota contra projeto que amplia terceiriza\u00e7\u00e3o e critica aprova\u00e7\u00e3o do texto","datePublished":"2015-04-09T11:00:11+00:00","dateModified":"2015-06-12T14:49:31+00:00","mainEntityOfPage":{"@id":"https:\/\/vanderloubet.com.br\/deputado\/vander-vota-contra-projeto-que-amplia-terceirizacao-e-critica-aprovacao-do-texto\/"},"wordCount":618,"publisher":{"@id":"https:\/\/vanderloubet.com.br\/deputado\/#organization"},"image":{"@id":"https:\/\/vanderloubet.com.br\/deputado\/vander-vota-contra-projeto-que-amplia-terceirizacao-e-critica-aprovacao-do-texto\/#primaryimage"},"thumbnailUrl":"https:\/\/vanderloubet.com.br\/deputado\/wp-content\/uploads\/2015\/04\/foto-2015-04-22-deputado-vander-loubet.jpg","keywords":["direito trabalhista","projeto de lei","terceiriza\u00e7\u00e3o"],"articleSection":["Brasil","Not\u00edcias"],"inLanguage":"pt-BR"},{"@type":"WebPage","@id":"https:\/\/vanderloubet.com.br\/deputado\/vander-vota-contra-projeto-que-amplia-terceirizacao-e-critica-aprovacao-do-texto\/","url":"https:\/\/vanderloubet.com.br\/deputado\/vander-vota-contra-projeto-que-amplia-terceirizacao-e-critica-aprovacao-do-texto\/","name":"Vander vota contra projeto que amplia terceiriza\u00e7\u00e3o e critica aprova\u00e7\u00e3o do texto","isPartOf":{"@id":"https:\/\/vanderloubet.com.br\/deputado\/#website"},"primaryImageOfPage":{"@id":"https:\/\/vanderloubet.com.br\/deputado\/vander-vota-contra-projeto-que-amplia-terceirizacao-e-critica-aprovacao-do-texto\/#primaryimage"},"image":{"@id":"https:\/\/vanderloubet.com.br\/deputado\/vander-vota-contra-projeto-que-amplia-terceirizacao-e-critica-aprovacao-do-texto\/#primaryimage"},"thumbnailUrl":"https:\/\/vanderloubet.com.br\/deputado\/wp-content\/uploads\/2015\/04\/foto-2015-04-22-deputado-vander-loubet.jpg","datePublished":"2015-04-09T11:00:11+00:00","dateModified":"2015-06-12T14:49:31+00:00","breadcrumb":{"@id":"https:\/\/vanderloubet.com.br\/deputado\/vander-vota-contra-projeto-que-amplia-terceirizacao-e-critica-aprovacao-do-texto\/#breadcrumb"},"inLanguage":"pt-BR","potentialAction":[{"@type":"ReadAction","target":["https:\/\/vanderloubet.com.br\/deputado\/vander-vota-contra-projeto-que-amplia-terceirizacao-e-critica-aprovacao-do-texto\/"]}]},{"@type":"ImageObject","inLanguage":"pt-BR","@id":"https:\/\/vanderloubet.com.br\/deputado\/vander-vota-contra-projeto-que-amplia-terceirizacao-e-critica-aprovacao-do-texto\/#primaryimage","url":"https:\/\/vanderloubet.com.br\/deputado\/wp-content\/uploads\/2015\/04\/foto-2015-04-22-deputado-vander-loubet.jpg","contentUrl":"https:\/\/vanderloubet.com.br\/deputado\/wp-content\/uploads\/2015\/04\/foto-2015-04-22-deputado-vander-loubet.jpg","width":1080,"height":720,"caption":"Deputado Vander Loubet no Plen\u00e1rio da C\u00e2mara"},{"@type":"BreadcrumbList","@id":"https:\/\/vanderloubet.com.br\/deputado\/vander-vota-contra-projeto-que-amplia-terceirizacao-e-critica-aprovacao-do-texto\/#breadcrumb","itemListElement":[{"@type":"ListItem","position":1,"name":"In\u00edcio","item":"https:\/\/vanderloubet.com.br\/deputado\/"},{"@type":"ListItem","position":2,"name":"Vander vota contra projeto que amplia terceiriza\u00e7\u00e3o e critica aprova\u00e7\u00e3o do texto"}]},{"@type":"WebSite","@id":"https:\/\/vanderloubet.com.br\/deputado\/#website","url":"https:\/\/vanderloubet.com.br\/deputado\/","name":"Deputado Federal Vander Loubet","description":"O Federal de MS","publisher":{"@id":"https:\/\/vanderloubet.com.br\/deputado\/#organization"},"alternateName":"Deputado Vander","potentialAction":[{"@type":"SearchAction","target":{"@type":"EntryPoint","urlTemplate":"https:\/\/vanderloubet.com.br\/deputado\/?s={search_term_string}"},"query-input":{"@type":"PropertyValueSpecification","valueRequired":true,"valueName":"search_term_string"}}],"inLanguage":"pt-BR"},{"@type":"Organization","@id":"https:\/\/vanderloubet.com.br\/deputado\/#organization","name":"Deputado Federal Vander Loubet","alternateName":"Deputado Vander","url":"https:\/\/vanderloubet.com.br\/deputado\/","logo":{"@type":"ImageObject","inLanguage":"pt-BR","@id":"https:\/\/vanderloubet.com.br\/deputado\/#\/schema\/logo\/image\/","url":"https:\/\/vanderloubet.com.br\/deputado\/wp-content\/uploads\/2023\/06\/foto-2023-06-19-mandato-deputado-vander.jpg","contentUrl":"https:\/\/vanderloubet.com.br\/deputado\/wp-content\/uploads\/2023\/06\/foto-2023-06-19-mandato-deputado-vander.jpg","width":1080,"height":1080,"caption":"Deputado Federal Vander Loubet"},"image":{"@id":"https:\/\/vanderloubet.com.br\/deputado\/#\/schema\/logo\/image\/"},"sameAs":["https:\/\/facebook.com\/deputadovander","https:\/\/x.com\/vanderloubet","https:\/\/instagram.com\/vanderloubet","https:\/\/youtube.com\/vanderloubet","https:\/\/tiktok.com\/@vanderloubetms"]},{"@type":"Person","@id":"https:\/\/vanderloubet.com.br\/deputado\/#\/schema\/person\/15b51bd564532a8a68d9dec1b8eb890e","name":"\u00c9der","image":{"@type":"ImageObject","inLanguage":"pt-BR","@id":"https:\/\/vanderloubet.com.br\/deputado\/wp-content\/litespeed\/avatar\/88ca4090d9d5ab1c9495f6ca03b68efa.jpg?ver=1777058957","url":"https:\/\/vanderloubet.com.br\/deputado\/wp-content\/litespeed\/avatar\/88ca4090d9d5ab1c9495f6ca03b68efa.jpg?ver=1777058957","contentUrl":"https:\/\/vanderloubet.com.br\/deputado\/wp-content\/litespeed\/avatar\/88ca4090d9d5ab1c9495f6ca03b68efa.jpg?ver=1777058957","caption":"\u00c9der"}}]}},"jetpack_featured_media_url":"https:\/\/vanderloubet.com.br\/deputado\/wp-content\/uploads\/2015\/04\/foto-2015-04-22-deputado-vander-loubet.jpg","jetpack_sharing_enabled":true,"_links":{"self":[{"href":"https:\/\/vanderloubet.com.br\/deputado\/wp-json\/wp\/v2\/posts\/9404","targetHints":{"allow":["GET"]}}],"collection":[{"href":"https:\/\/vanderloubet.com.br\/deputado\/wp-json\/wp\/v2\/posts"}],"about":[{"href":"https:\/\/vanderloubet.com.br\/deputado\/wp-json\/wp\/v2\/types\/post"}],"author":[{"embeddable":true,"href":"https:\/\/vanderloubet.com.br\/deputado\/wp-json\/wp\/v2\/users\/2"}],"replies":[{"embeddable":true,"href":"https:\/\/vanderloubet.com.br\/deputado\/wp-json\/wp\/v2\/comments?post=9404"}],"version-history":[{"count":0,"href":"https:\/\/vanderloubet.com.br\/deputado\/wp-json\/wp\/v2\/posts\/9404\/revisions"}],"wp:featuredmedia":[{"embeddable":true,"href":"https:\/\/vanderloubet.com.br\/deputado\/wp-json\/wp\/v2\/media\/9405"}],"wp:attachment":[{"href":"https:\/\/vanderloubet.com.br\/deputado\/wp-json\/wp\/v2\/media?parent=9404"}],"wp:term":[{"taxonomy":"category","embeddable":true,"href":"https:\/\/vanderloubet.com.br\/deputado\/wp-json\/wp\/v2\/categories?post=9404"},{"taxonomy":"post_tag","embeddable":true,"href":"https:\/\/vanderloubet.com.br\/deputado\/wp-json\/wp\/v2\/tags?post=9404"}],"curies":[{"name":"wp","href":"https:\/\/api.w.org\/{rel}","templated":true}]}}