{"id":9401,"date":"2015-04-22T11:45:12","date_gmt":"2015-04-22T14:45:12","guid":{"rendered":"http:\/\/vanderloubet.com.br\/deputado\/?p=9401"},"modified":"2015-04-22T11:45:12","modified_gmt":"2015-04-22T14:45:12","slug":"ponta-pora-sediara-palestra-da-receita-federal-sobre-free-shops","status":"publish","type":"post","link":"https:\/\/vanderloubet.com.br\/deputado\/ponta-pora-sediara-palestra-da-receita-federal-sobre-free-shops\/","title":{"rendered":"Ponta Por\u00e3 sediar\u00e1 palestra da Receita Federal sobre free shops"},"content":{"rendered":"<figure id=\"attachment_9402\" aria-describedby=\"caption-attachment-9402\" style=\"width: 700px\" class=\"wp-caption alignnone\"><img decoding=\"async\" class=\"wp-image-9402 size-large\" title=\"Palestra tratar\u00e1 da implementa\u00e7\u00e3o dos free shops\" src=\"http:\/\/vanderloubet.com.br\/deputado\/wp-content\/uploads\/2015\/04\/foto-2015-04-22-palestra-free-shop-700x467.jpg\" alt=\"Palestra tratar\u00e1 da implementa\u00e7\u00e3o dos free shops\" width=\"700\" height=\"467\" srcset=\"https:\/\/vanderloubet.com.br\/deputado\/wp-content\/uploads\/2015\/04\/foto-2015-04-22-palestra-free-shop-700x467.jpg 700w, https:\/\/vanderloubet.com.br\/deputado\/wp-content\/uploads\/2015\/04\/foto-2015-04-22-palestra-free-shop-350x233.jpg 350w, https:\/\/vanderloubet.com.br\/deputado\/wp-content\/uploads\/2015\/04\/foto-2015-04-22-palestra-free-shop-768x512.jpg 768w, https:\/\/vanderloubet.com.br\/deputado\/wp-content\/uploads\/2015\/04\/foto-2015-04-22-palestra-free-shop-630x420.jpg 630w, https:\/\/vanderloubet.com.br\/deputado\/wp-content\/uploads\/2015\/04\/foto-2015-04-22-palestra-free-shop-696x464.jpg 696w, https:\/\/vanderloubet.com.br\/deputado\/wp-content\/uploads\/2015\/04\/foto-2015-04-22-palestra-free-shop.jpg 900w\" sizes=\"(max-width: 700px) 100vw, 700px\" \/><figcaption id=\"caption-attachment-9402\" class=\"wp-caption-text\">Palestra tratar\u00e1 da implementa\u00e7\u00e3o dos free shops<\/figcaption><\/figure>\n<p>Ser\u00e1 realizada na pr\u00f3xima segunda-feira, 27 de abril, uma palestra em Ponta Por\u00e3 sobre a implementa\u00e7\u00e3o das Lojas Francas Terrestes, conhecidas como free shop ou duty-free shop. A atividade foi marcada pela Receita Federal ap\u00f3s pedido do prefeito Ludimar Novais (PPS) e do deputado federal Vander Loubet (PT).<\/p>\n<p>O palestrante ser\u00e1 \u00canio Motta Junior, chefe da Divis\u00e3o de Administra\u00e7\u00e3o Aduaneira da 1\u00aa Regi\u00e3o Fiscal, que abrange o Distrito Federal e os estados de Mato Grosso do Sul, Mato Grosso, Goi\u00e1s e Tocantins. O evento ter\u00e1 in\u00edcio \u00e0s 8h30, no Centro Internacional de Conven\u00e7\u00f5es Miguel Gomez, localizado na Rua Baltazar Saldanha, 1.550.<\/p>\n<p>Ponta Por\u00e3 \u00e9 uma das cinco localidades sul-mato-grossenses da regi\u00e3o de fronteira autorizadas por portaria do Minist\u00e9rio da Fazenda para operar com lojas francas terrestres. As quatro demais s\u00e3o Bela Vista, Corumb\u00e1, Mundo Novo e Porto Murtinho.<\/p>\n<p>Na pr\u00e1tica, o regime aduaneiro especial das lojas francas permite que turistas comprem at\u00e9 US$ 300 (cerca de R$ 920) em mercadorias isentas de impostos de importa\u00e7\u00e3o em estabelecimentos dentro do Brasil, instalados em cidade brasileira g\u00eamea de cidade estrangeira na linha de fronteira. Esse regime especial vai garantir uma vantagem em rela\u00e7\u00e3o \u00e0s lojas dos pa\u00edses estrangeiros, como o Paraguai, por exemplo, onde a cota para adquirir produtos importados sem cobran\u00e7a de impostos de importa\u00e7\u00e3o ser\u00e1 de apenas US$ 150 (cerca de R$ 460) a partir de 30 de junho deste ano.<\/p>\n<p><em>(\u00c9der Yanaguita &#8211; Ascom\/Deputado Vander)<\/em><\/p>\n","protected":false},"excerpt":{"rendered":"<p>Atividade foi marcada ap\u00f3s pedido do prefeito Ludimar Novais e do deputado federal Vander Loubet. A cidade \u00e9 uma das cinco de MS autorizadas para operar lojas francas.<\/p>\n","protected":false},"author":2,"featured_media":9402,"comment_status":"closed","ping_status":"closed","sticky":false,"template":"","format":"standard","meta":{"jetpack_post_was_ever_published":false,"_jetpack_newsletter_access":"","_jetpack_dont_email_post_to_subs":false,"_jetpack_newsletter_tier_id":0,"_jetpack_memberships_contains_paywalled_content":false,"_jetpack_memberships_contains_paid_content":false,"footnotes":""},"categories":[2099,10],"tags":[2321,2322,1984],"class_list":{"0":"post-9401","1":"post","2":"type-post","3":"status-publish","4":"format-standard","5":"has-post-thumbnail","7":"category-ms-noticias","8":"category-noticias","9":"tag-free-shop","10":"tag-loja-franca-terrestre","11":"tag-tributacao"},"yoast_head":"<!-- This site is optimized with the Yoast SEO plugin v27.4 - https:\/\/yoast.com\/product\/yoast-seo-wordpress\/ -->\n<title>Ponta Por\u00e3 sediar\u00e1 palestra da Receita Federal sobre free shops<\/title>\n<meta name=\"robots\" content=\"index, follow, max-snippet:-1, max-image-preview:large, max-video-preview:-1\" \/>\n<link rel=\"canonical\" href=\"http:\/\/vanderloubet.com.br\/deputado\/ponta-pora-sediara-palestra-da-receita-federal-sobre-free-shops\/\" \/>\n<meta property=\"og:locale\" content=\"pt_BR\" \/>\n<meta property=\"og:type\" content=\"article\" \/>\n<meta property=\"og:title\" content=\"Ponta Por\u00e3 sediar\u00e1 palestra da Receita Federal sobre free shops\" \/>\n<meta property=\"og:description\" content=\"Atividade foi marcada ap\u00f3s pedido do prefeito Ludimar Novais e do deputado federal Vander Loubet. A cidade \u00e9 uma das cinco de MS autorizadas para operar lojas francas.\" \/>\n<meta property=\"og:url\" content=\"http:\/\/vanderloubet.com.br\/deputado\/ponta-pora-sediara-palestra-da-receita-federal-sobre-free-shops\/\" \/>\n<meta property=\"og:site_name\" content=\"Deputado Federal Vander Loubet\" \/>\n<meta property=\"article:publisher\" content=\"https:\/\/facebook.com\/deputadovander\" \/>\n<meta property=\"article:published_time\" content=\"2015-04-22T14:45:12+00:00\" \/>\n<meta property=\"og:image\" content=\"http:\/\/vanderloubet.com.br\/deputado\/wp-content\/uploads\/2015\/04\/foto-2015-04-22-palestra-free-shop.jpg\" \/>\n\t<meta property=\"og:image:width\" content=\"900\" \/>\n\t<meta property=\"og:image:height\" content=\"600\" \/>\n\t<meta property=\"og:image:type\" content=\"image\/jpeg\" \/>\n<meta name=\"author\" content=\"\u00c9der\" \/>\n<meta name=\"twitter:card\" content=\"summary_large_image\" \/>\n<meta name=\"twitter:creator\" content=\"@vanderloubet\" \/>\n<meta name=\"twitter:site\" content=\"@vanderloubet\" \/>\n<script type=\"application\/ld+json\" class=\"yoast-schema-graph\">{\"@context\":\"https:\\\/\\\/schema.org\",\"@graph\":[{\"@type\":\"Article\",\"@id\":\"http:\\\/\\\/vanderloubet.com.br\\\/deputado\\\/ponta-pora-sediara-palestra-da-receita-federal-sobre-free-shops\\\/#article\",\"isPartOf\":{\"@id\":\"http:\\\/\\\/vanderloubet.com.br\\\/deputado\\\/ponta-pora-sediara-palestra-da-receita-federal-sobre-free-shops\\\/\"},\"author\":{\"name\":\"\u00c9der\",\"@id\":\"https:\\\/\\\/vanderloubet.com.br\\\/deputado\\\/#\\\/schema\\\/person\\\/15b51bd564532a8a68d9dec1b8eb890e\"},\"headline\":\"Ponta Por\u00e3 sediar\u00e1 palestra da Receita Federal sobre free shops\",\"datePublished\":\"2015-04-22T14:45:12+00:00\",\"mainEntityOfPage\":{\"@id\":\"http:\\\/\\\/vanderloubet.com.br\\\/deputado\\\/ponta-pora-sediara-palestra-da-receita-federal-sobre-free-shops\\\/\"},\"wordCount\":272,\"publisher\":{\"@id\":\"https:\\\/\\\/vanderloubet.com.br\\\/deputado\\\/#organization\"},\"image\":{\"@id\":\"http:\\\/\\\/vanderloubet.com.br\\\/deputado\\\/ponta-pora-sediara-palestra-da-receita-federal-sobre-free-shops\\\/#primaryimage\"},\"thumbnailUrl\":\"https:\\\/\\\/vanderloubet.com.br\\\/deputado\\\/wp-content\\\/uploads\\\/2015\\\/04\\\/foto-2015-04-22-palestra-free-shop.jpg\",\"keywords\":[\"free shop\",\"loja franca terrestre\",\"tributa\u00e7\u00e3o\"],\"articleSection\":[\"Mato Grosso do Sul\",\"Not\u00edcias\"],\"inLanguage\":\"pt-BR\"},{\"@type\":\"WebPage\",\"@id\":\"http:\\\/\\\/vanderloubet.com.br\\\/deputado\\\/ponta-pora-sediara-palestra-da-receita-federal-sobre-free-shops\\\/\",\"url\":\"http:\\\/\\\/vanderloubet.com.br\\\/deputado\\\/ponta-pora-sediara-palestra-da-receita-federal-sobre-free-shops\\\/\",\"name\":\"Ponta Por\u00e3 sediar\u00e1 palestra da Receita Federal sobre free shops\",\"isPartOf\":{\"@id\":\"https:\\\/\\\/vanderloubet.com.br\\\/deputado\\\/#website\"},\"primaryImageOfPage\":{\"@id\":\"http:\\\/\\\/vanderloubet.com.br\\\/deputado\\\/ponta-pora-sediara-palestra-da-receita-federal-sobre-free-shops\\\/#primaryimage\"},\"image\":{\"@id\":\"http:\\\/\\\/vanderloubet.com.br\\\/deputado\\\/ponta-pora-sediara-palestra-da-receita-federal-sobre-free-shops\\\/#primaryimage\"},\"thumbnailUrl\":\"https:\\\/\\\/vanderloubet.com.br\\\/deputado\\\/wp-content\\\/uploads\\\/2015\\\/04\\\/foto-2015-04-22-palestra-free-shop.jpg\",\"datePublished\":\"2015-04-22T14:45:12+00:00\",\"breadcrumb\":{\"@id\":\"http:\\\/\\\/vanderloubet.com.br\\\/deputado\\\/ponta-pora-sediara-palestra-da-receita-federal-sobre-free-shops\\\/#breadcrumb\"},\"inLanguage\":\"pt-BR\",\"potentialAction\":[{\"@type\":\"ReadAction\",\"target\":[\"http:\\\/\\\/vanderloubet.com.br\\\/deputado\\\/ponta-pora-sediara-palestra-da-receita-federal-sobre-free-shops\\\/\"]}]},{\"@type\":\"ImageObject\",\"inLanguage\":\"pt-BR\",\"@id\":\"http:\\\/\\\/vanderloubet.com.br\\\/deputado\\\/ponta-pora-sediara-palestra-da-receita-federal-sobre-free-shops\\\/#primaryimage\",\"url\":\"https:\\\/\\\/vanderloubet.com.br\\\/deputado\\\/wp-content\\\/uploads\\\/2015\\\/04\\\/foto-2015-04-22-palestra-free-shop.jpg\",\"contentUrl\":\"https:\\\/\\\/vanderloubet.com.br\\\/deputado\\\/wp-content\\\/uploads\\\/2015\\\/04\\\/foto-2015-04-22-palestra-free-shop.jpg\",\"width\":900,\"height\":600,\"caption\":\"Palestra tratar\u00e1 da implementa\u00e7\u00e3o dos free shops\"},{\"@type\":\"BreadcrumbList\",\"@id\":\"http:\\\/\\\/vanderloubet.com.br\\\/deputado\\\/ponta-pora-sediara-palestra-da-receita-federal-sobre-free-shops\\\/#breadcrumb\",\"itemListElement\":[{\"@type\":\"ListItem\",\"position\":1,\"name\":\"In\u00edcio\",\"item\":\"https:\\\/\\\/vanderloubet.com.br\\\/deputado\\\/\"},{\"@type\":\"ListItem\",\"position\":2,\"name\":\"Ponta Por\u00e3 sediar\u00e1 palestra da Receita Federal sobre free shops\"}]},{\"@type\":\"WebSite\",\"@id\":\"https:\\\/\\\/vanderloubet.com.br\\\/deputado\\\/#website\",\"url\":\"https:\\\/\\\/vanderloubet.com.br\\\/deputado\\\/\",\"name\":\"Deputado Federal Vander Loubet\",\"description\":\"O Federal de MS\",\"publisher\":{\"@id\":\"https:\\\/\\\/vanderloubet.com.br\\\/deputado\\\/#organization\"},\"alternateName\":\"Deputado Vander\",\"potentialAction\":[{\"@type\":\"SearchAction\",\"target\":{\"@type\":\"EntryPoint\",\"urlTemplate\":\"https:\\\/\\\/vanderloubet.com.br\\\/deputado\\\/?s={search_term_string}\"},\"query-input\":{\"@type\":\"PropertyValueSpecification\",\"valueRequired\":true,\"valueName\":\"search_term_string\"}}],\"inLanguage\":\"pt-BR\"},{\"@type\":\"Organization\",\"@id\":\"https:\\\/\\\/vanderloubet.com.br\\\/deputado\\\/#organization\",\"name\":\"Deputado Federal Vander Loubet\",\"alternateName\":\"Deputado Vander\",\"url\":\"https:\\\/\\\/vanderloubet.com.br\\\/deputado\\\/\",\"logo\":{\"@type\":\"ImageObject\",\"inLanguage\":\"pt-BR\",\"@id\":\"https:\\\/\\\/vanderloubet.com.br\\\/deputado\\\/#\\\/schema\\\/logo\\\/image\\\/\",\"url\":\"https:\\\/\\\/vanderloubet.com.br\\\/deputado\\\/wp-content\\\/uploads\\\/2023\\\/06\\\/foto-2023-06-19-mandato-deputado-vander.jpg\",\"contentUrl\":\"https:\\\/\\\/vanderloubet.com.br\\\/deputado\\\/wp-content\\\/uploads\\\/2023\\\/06\\\/foto-2023-06-19-mandato-deputado-vander.jpg\",\"width\":1080,\"height\":1080,\"caption\":\"Deputado Federal Vander Loubet\"},\"image\":{\"@id\":\"https:\\\/\\\/vanderloubet.com.br\\\/deputado\\\/#\\\/schema\\\/logo\\\/image\\\/\"},\"sameAs\":[\"https:\\\/\\\/facebook.com\\\/deputadovander\",\"https:\\\/\\\/x.com\\\/vanderloubet\",\"https:\\\/\\\/instagram.com\\\/vanderloubet\",\"https:\\\/\\\/youtube.com\\\/vanderloubet\",\"https:\\\/\\\/tiktok.com\\\/@vanderloubetms\"]},{\"@type\":\"Person\",\"@id\":\"https:\\\/\\\/vanderloubet.com.br\\\/deputado\\\/#\\\/schema\\\/person\\\/15b51bd564532a8a68d9dec1b8eb890e\",\"name\":\"\u00c9der\",\"image\":{\"@type\":\"ImageObject\",\"inLanguage\":\"pt-BR\",\"@id\":\"https:\\\/\\\/vanderloubet.com.br\\\/deputado\\\/wp-content\\\/litespeed\\\/avatar\\\/88ca4090d9d5ab1c9495f6ca03b68efa.jpg?ver=1777058957\",\"url\":\"https:\\\/\\\/vanderloubet.com.br\\\/deputado\\\/wp-content\\\/litespeed\\\/avatar\\\/88ca4090d9d5ab1c9495f6ca03b68efa.jpg?ver=1777058957\",\"contentUrl\":\"https:\\\/\\\/vanderloubet.com.br\\\/deputado\\\/wp-content\\\/litespeed\\\/avatar\\\/88ca4090d9d5ab1c9495f6ca03b68efa.jpg?ver=1777058957\",\"caption\":\"\u00c9der\"}}]}<\/script>\n<!-- \/ Yoast SEO plugin. -->","yoast_head_json":{"title":"Ponta Por\u00e3 sediar\u00e1 palestra da Receita Federal sobre free shops","robots":{"index":"index","follow":"follow","max-snippet":"max-snippet:-1","max-image-preview":"max-image-preview:large","max-video-preview":"max-video-preview:-1"},"canonical":"http:\/\/vanderloubet.com.br\/deputado\/ponta-pora-sediara-palestra-da-receita-federal-sobre-free-shops\/","og_locale":"pt_BR","og_type":"article","og_title":"Ponta Por\u00e3 sediar\u00e1 palestra da Receita Federal sobre free shops","og_description":"Atividade foi marcada ap\u00f3s pedido do prefeito Ludimar Novais e do deputado federal Vander Loubet. A cidade \u00e9 uma das cinco de MS autorizadas para operar lojas francas.","og_url":"http:\/\/vanderloubet.com.br\/deputado\/ponta-pora-sediara-palestra-da-receita-federal-sobre-free-shops\/","og_site_name":"Deputado Federal Vander Loubet","article_publisher":"https:\/\/facebook.com\/deputadovander","article_published_time":"2015-04-22T14:45:12+00:00","og_image":[{"width":900,"height":600,"url":"http:\/\/vanderloubet.com.br\/deputado\/wp-content\/uploads\/2015\/04\/foto-2015-04-22-palestra-free-shop.jpg","type":"image\/jpeg"}],"author":"\u00c9der","twitter_card":"summary_large_image","twitter_creator":"@vanderloubet","twitter_site":"@vanderloubet","schema":{"@context":"https:\/\/schema.org","@graph":[{"@type":"Article","@id":"http:\/\/vanderloubet.com.br\/deputado\/ponta-pora-sediara-palestra-da-receita-federal-sobre-free-shops\/#article","isPartOf":{"@id":"http:\/\/vanderloubet.com.br\/deputado\/ponta-pora-sediara-palestra-da-receita-federal-sobre-free-shops\/"},"author":{"name":"\u00c9der","@id":"https:\/\/vanderloubet.com.br\/deputado\/#\/schema\/person\/15b51bd564532a8a68d9dec1b8eb890e"},"headline":"Ponta Por\u00e3 sediar\u00e1 palestra da Receita Federal sobre free shops","datePublished":"2015-04-22T14:45:12+00:00","mainEntityOfPage":{"@id":"http:\/\/vanderloubet.com.br\/deputado\/ponta-pora-sediara-palestra-da-receita-federal-sobre-free-shops\/"},"wordCount":272,"publisher":{"@id":"https:\/\/vanderloubet.com.br\/deputado\/#organization"},"image":{"@id":"http:\/\/vanderloubet.com.br\/deputado\/ponta-pora-sediara-palestra-da-receita-federal-sobre-free-shops\/#primaryimage"},"thumbnailUrl":"https:\/\/vanderloubet.com.br\/deputado\/wp-content\/uploads\/2015\/04\/foto-2015-04-22-palestra-free-shop.jpg","keywords":["free shop","loja franca terrestre","tributa\u00e7\u00e3o"],"articleSection":["Mato Grosso do Sul","Not\u00edcias"],"inLanguage":"pt-BR"},{"@type":"WebPage","@id":"http:\/\/vanderloubet.com.br\/deputado\/ponta-pora-sediara-palestra-da-receita-federal-sobre-free-shops\/","url":"http:\/\/vanderloubet.com.br\/deputado\/ponta-pora-sediara-palestra-da-receita-federal-sobre-free-shops\/","name":"Ponta Por\u00e3 sediar\u00e1 palestra da Receita Federal sobre free shops","isPartOf":{"@id":"https:\/\/vanderloubet.com.br\/deputado\/#website"},"primaryImageOfPage":{"@id":"http:\/\/vanderloubet.com.br\/deputado\/ponta-pora-sediara-palestra-da-receita-federal-sobre-free-shops\/#primaryimage"},"image":{"@id":"http:\/\/vanderloubet.com.br\/deputado\/ponta-pora-sediara-palestra-da-receita-federal-sobre-free-shops\/#primaryimage"},"thumbnailUrl":"https:\/\/vanderloubet.com.br\/deputado\/wp-content\/uploads\/2015\/04\/foto-2015-04-22-palestra-free-shop.jpg","datePublished":"2015-04-22T14:45:12+00:00","breadcrumb":{"@id":"http:\/\/vanderloubet.com.br\/deputado\/ponta-pora-sediara-palestra-da-receita-federal-sobre-free-shops\/#breadcrumb"},"inLanguage":"pt-BR","potentialAction":[{"@type":"ReadAction","target":["http:\/\/vanderloubet.com.br\/deputado\/ponta-pora-sediara-palestra-da-receita-federal-sobre-free-shops\/"]}]},{"@type":"ImageObject","inLanguage":"pt-BR","@id":"http:\/\/vanderloubet.com.br\/deputado\/ponta-pora-sediara-palestra-da-receita-federal-sobre-free-shops\/#primaryimage","url":"https:\/\/vanderloubet.com.br\/deputado\/wp-content\/uploads\/2015\/04\/foto-2015-04-22-palestra-free-shop.jpg","contentUrl":"https:\/\/vanderloubet.com.br\/deputado\/wp-content\/uploads\/2015\/04\/foto-2015-04-22-palestra-free-shop.jpg","width":900,"height":600,"caption":"Palestra tratar\u00e1 da implementa\u00e7\u00e3o dos free shops"},{"@type":"BreadcrumbList","@id":"http:\/\/vanderloubet.com.br\/deputado\/ponta-pora-sediara-palestra-da-receita-federal-sobre-free-shops\/#breadcrumb","itemListElement":[{"@type":"ListItem","position":1,"name":"In\u00edcio","item":"https:\/\/vanderloubet.com.br\/deputado\/"},{"@type":"ListItem","position":2,"name":"Ponta Por\u00e3 sediar\u00e1 palestra da Receita Federal sobre free shops"}]},{"@type":"WebSite","@id":"https:\/\/vanderloubet.com.br\/deputado\/#website","url":"https:\/\/vanderloubet.com.br\/deputado\/","name":"Deputado Federal Vander Loubet","description":"O Federal de MS","publisher":{"@id":"https:\/\/vanderloubet.com.br\/deputado\/#organization"},"alternateName":"Deputado Vander","potentialAction":[{"@type":"SearchAction","target":{"@type":"EntryPoint","urlTemplate":"https:\/\/vanderloubet.com.br\/deputado\/?s={search_term_string}"},"query-input":{"@type":"PropertyValueSpecification","valueRequired":true,"valueName":"search_term_string"}}],"inLanguage":"pt-BR"},{"@type":"Organization","@id":"https:\/\/vanderloubet.com.br\/deputado\/#organization","name":"Deputado Federal Vander Loubet","alternateName":"Deputado Vander","url":"https:\/\/vanderloubet.com.br\/deputado\/","logo":{"@type":"ImageObject","inLanguage":"pt-BR","@id":"https:\/\/vanderloubet.com.br\/deputado\/#\/schema\/logo\/image\/","url":"https:\/\/vanderloubet.com.br\/deputado\/wp-content\/uploads\/2023\/06\/foto-2023-06-19-mandato-deputado-vander.jpg","contentUrl":"https:\/\/vanderloubet.com.br\/deputado\/wp-content\/uploads\/2023\/06\/foto-2023-06-19-mandato-deputado-vander.jpg","width":1080,"height":1080,"caption":"Deputado Federal Vander Loubet"},"image":{"@id":"https:\/\/vanderloubet.com.br\/deputado\/#\/schema\/logo\/image\/"},"sameAs":["https:\/\/facebook.com\/deputadovander","https:\/\/x.com\/vanderloubet","https:\/\/instagram.com\/vanderloubet","https:\/\/youtube.com\/vanderloubet","https:\/\/tiktok.com\/@vanderloubetms"]},{"@type":"Person","@id":"https:\/\/vanderloubet.com.br\/deputado\/#\/schema\/person\/15b51bd564532a8a68d9dec1b8eb890e","name":"\u00c9der","image":{"@type":"ImageObject","inLanguage":"pt-BR","@id":"https:\/\/vanderloubet.com.br\/deputado\/wp-content\/litespeed\/avatar\/88ca4090d9d5ab1c9495f6ca03b68efa.jpg?ver=1777058957","url":"https:\/\/vanderloubet.com.br\/deputado\/wp-content\/litespeed\/avatar\/88ca4090d9d5ab1c9495f6ca03b68efa.jpg?ver=1777058957","contentUrl":"https:\/\/vanderloubet.com.br\/deputado\/wp-content\/litespeed\/avatar\/88ca4090d9d5ab1c9495f6ca03b68efa.jpg?ver=1777058957","caption":"\u00c9der"}}]}},"jetpack_featured_media_url":"https:\/\/vanderloubet.com.br\/deputado\/wp-content\/uploads\/2015\/04\/foto-2015-04-22-palestra-free-shop.jpg","jetpack_sharing_enabled":true,"_links":{"self":[{"href":"https:\/\/vanderloubet.com.br\/deputado\/wp-json\/wp\/v2\/posts\/9401","targetHints":{"allow":["GET"]}}],"collection":[{"href":"https:\/\/vanderloubet.com.br\/deputado\/wp-json\/wp\/v2\/posts"}],"about":[{"href":"https:\/\/vanderloubet.com.br\/deputado\/wp-json\/wp\/v2\/types\/post"}],"author":[{"embeddable":true,"href":"https:\/\/vanderloubet.com.br\/deputado\/wp-json\/wp\/v2\/users\/2"}],"replies":[{"embeddable":true,"href":"https:\/\/vanderloubet.com.br\/deputado\/wp-json\/wp\/v2\/comments?post=9401"}],"version-history":[{"count":0,"href":"https:\/\/vanderloubet.com.br\/deputado\/wp-json\/wp\/v2\/posts\/9401\/revisions"}],"wp:featuredmedia":[{"embeddable":true,"href":"https:\/\/vanderloubet.com.br\/deputado\/wp-json\/wp\/v2\/media\/9402"}],"wp:attachment":[{"href":"https:\/\/vanderloubet.com.br\/deputado\/wp-json\/wp\/v2\/media?parent=9401"}],"wp:term":[{"taxonomy":"category","embeddable":true,"href":"https:\/\/vanderloubet.com.br\/deputado\/wp-json\/wp\/v2\/categories?post=9401"},{"taxonomy":"post_tag","embeddable":true,"href":"https:\/\/vanderloubet.com.br\/deputado\/wp-json\/wp\/v2\/tags?post=9401"}],"curies":[{"name":"wp","href":"https:\/\/api.w.org\/{rel}","templated":true}]}}