{"id":9299,"date":"2014-05-06T11:32:11","date_gmt":"2014-05-06T14:32:11","guid":{"rendered":"http:\/\/vanderloubet.com.br\/deputado\/?p=9299"},"modified":"2015-04-08T13:46:16","modified_gmt":"2015-04-08T16:46:16","slug":"governo-federal-vai-liberar-r-1063-milhoes-do-pac-2-para-ms","status":"publish","type":"post","link":"https:\/\/vanderloubet.com.br\/deputado\/governo-federal-vai-liberar-r-1063-milhoes-do-pac-2-para-ms\/","title":{"rendered":"Governo Federal vai liberar R$ 106,3 milh\u00f5es do PAC 2 para MS"},"content":{"rendered":"\r\n                <style type=\"text\/css\">\r\n                    \r\n                    #tdi_1  .td-doubleSlider-2 .td-item1 {\r\n                        background: url(https:\/\/vanderloubet.com.br\/deputado\/wp-content\/uploads\/2015\/04\/foto-2013-10-24-dilma-anuncio-pac2-80x60.jpg) 0 0 no-repeat;\r\n                    }\r\n                    #tdi_1  .td-doubleSlider-2 .td-item2 {\r\n                        background: url(https:\/\/vanderloubet.com.br\/deputado\/wp-content\/uploads\/2015\/04\/foto-2013-10-24-biffi-vander-delcidio-80x60.jpg) 0 0 no-repeat;\r\n                    }\r\n                <\/style>\r\n\r\n                <div id=\"tdi_1\" class=\"td-gallery td-slide-on-2-columns\">\r\n                    <div class=\"post_td_gallery\">\r\n                        <div class=\"td-gallery-slide-top\">\r\n                           <div class=\"td-gallery-title\"><\/div>\r\n\r\n                            <div class=\"td-gallery-controls-wrapper\">\r\n                                <div class=\"td-gallery-slide-count\"><span class=\"td-gallery-slide-item-focus\">1<\/span> de 2<\/div>\r\n                                <div class=\"td-gallery-slide-prev-next-but\">\r\n                                    <i class = \"td-icon-left doubleSliderPrevButton\"><\/i>\r\n                                    <i class = \"td-icon-right doubleSliderNextButton\"><\/i>\r\n                                <\/div>\r\n                            <\/div>\r\n                        <\/div>\r\n\r\n                        <div class = \"td-doubleSlider-1 \">\r\n                            <div class = \"td-slider\">\r\n                                \r\n                    <div class = \"td-slide-item td-item1\">\r\n                        <figure class=\"td-slide-galery-figure td-slide-popup-gallery\">\r\n                            <a class=\"slide-gallery-image-link\" href=\"https:\/\/vanderloubet.com.br\/deputado\/wp-content\/uploads\/2015\/04\/foto-2013-10-24-dilma-anuncio-pac2.jpg\" title=\"Presidenta Dilma, durante o an\u00fancio da libera\u00e7\u00e3o dos recursos\"  data-caption=\"\"  data-description=\"Presidenta Dilma, durante o an&uacute;ncio da libera&ccedil;&atilde;o dos recursos\">\r\n                                <img decoding=\"async\" src=\"https:\/\/vanderloubet.com.br\/deputado\/wp-content\/uploads\/2015\/04\/foto-2013-10-24-dilma-anuncio-pac2-630x420.jpg\" srcset=\"https:\/\/vanderloubet.com.br\/deputado\/wp-content\/uploads\/2015\/04\/foto-2013-10-24-dilma-anuncio-pac2-630x420.jpg 630w, https:\/\/vanderloubet.com.br\/deputado\/wp-content\/uploads\/2015\/04\/foto-2013-10-24-dilma-anuncio-pac2-350x233.jpg 350w, https:\/\/vanderloubet.com.br\/deputado\/wp-content\/uploads\/2015\/04\/foto-2013-10-24-dilma-anuncio-pac2-768x512.jpg 768w, https:\/\/vanderloubet.com.br\/deputado\/wp-content\/uploads\/2015\/04\/foto-2013-10-24-dilma-anuncio-pac2-700x467.jpg 700w, https:\/\/vanderloubet.com.br\/deputado\/wp-content\/uploads\/2015\/04\/foto-2013-10-24-dilma-anuncio-pac2-696x464.jpg 696w, https:\/\/vanderloubet.com.br\/deputado\/wp-content\/uploads\/2015\/04\/foto-2013-10-24-dilma-anuncio-pac2-1068x712.jpg 1068w, https:\/\/vanderloubet.com.br\/deputado\/wp-content\/uploads\/2015\/04\/foto-2013-10-24-dilma-anuncio-pac2.jpg 1200w\" sizes=\"(max-width: 630px) 100vw, 630px\" alt=\"Presidenta Dilma, durante o an&uacute;ncio da libera&ccedil;&atilde;o dos recursos\">\r\n                            <\/a>\r\n                            <figcaption class = \"td-slide-caption td-gallery-slide-content\"><span>Presidenta Dilma, durante o an\u00fancio da libera\u00e7\u00e3o dos recursos<\/span><\/figcaption>\r\n                        <\/figure>\r\n                    <\/div>\r\n                    <div class = \"td-slide-item td-item2\">\r\n                        <figure class=\"td-slide-galery-figure td-slide-popup-gallery\">\r\n                            <a class=\"slide-gallery-image-link\" href=\"https:\/\/vanderloubet.com.br\/deputado\/wp-content\/uploads\/2015\/04\/foto-2013-10-24-biffi-vander-delcidio.jpg\" title=\"Biffi, Vander e Delc\u00eddio, em recente visita aos minist\u00e9rios do governo\"  data-caption=\"\"  data-description=\"Biffi, Vander e Delc&iacute;dio, em recente visita aos minist&eacute;rios do governo\">\r\n                                <img decoding=\"async\" src=\"https:\/\/vanderloubet.com.br\/deputado\/wp-content\/uploads\/2015\/04\/foto-2013-10-24-biffi-vander-delcidio-630x420.jpg\" srcset=\"https:\/\/vanderloubet.com.br\/deputado\/wp-content\/uploads\/2015\/04\/foto-2013-10-24-biffi-vander-delcidio-630x420.jpg 630w, https:\/\/vanderloubet.com.br\/deputado\/wp-content\/uploads\/2015\/04\/foto-2013-10-24-biffi-vander-delcidio-350x233.jpg 350w, https:\/\/vanderloubet.com.br\/deputado\/wp-content\/uploads\/2015\/04\/foto-2013-10-24-biffi-vander-delcidio-768x512.jpg 768w, https:\/\/vanderloubet.com.br\/deputado\/wp-content\/uploads\/2015\/04\/foto-2013-10-24-biffi-vander-delcidio-700x467.jpg 700w, https:\/\/vanderloubet.com.br\/deputado\/wp-content\/uploads\/2015\/04\/foto-2013-10-24-biffi-vander-delcidio-696x464.jpg 696w, https:\/\/vanderloubet.com.br\/deputado\/wp-content\/uploads\/2015\/04\/foto-2013-10-24-biffi-vander-delcidio.jpg 900w\" sizes=\"(max-width: 630px) 100vw, 630px\" alt=\"Biffi, Vander e Delc&iacute;dio, em recente visita aos minist&eacute;rios do governo\">\r\n                            <\/a>\r\n                            <figcaption class = \"td-slide-caption td-gallery-slide-content\"><span>Biffi, Vander e Delc\u00eddio, em recente visita aos minist\u00e9rios do governo<\/span><\/figcaption>\r\n                        <\/figure>\r\n                    <\/div>\r\n                            <\/div>\r\n                        <\/div>\r\n\r\n                        <div class = \"td-doubleSlider-2\">\r\n                            <div class = \"td-slider\">\r\n                                \r\n                    <div class = \"td-button td-item1\">\r\n                        <div class = \"td-border\"><\/div>\r\n                    <\/div>\r\n                    <div class = \"td-button td-item2\">\r\n                        <div class = \"td-border\"><\/div>\r\n                    <\/div>\r\n                            <\/div>\r\n                        <\/div>\r\n\r\n                    <\/div>\r\n\r\n                <\/div>\r\n                \n<p>O Governo Federal divulgou nesta ter\u00e7a-feira (6) a rela\u00e7\u00e3o dos projetos e valores aprovados para munic\u00edpios sul-mato-grossenses contemplados pela segunda fase do Plano de Acelera\u00e7\u00e3o do Crescimento (PAC 2) de Qualifica\u00e7\u00e3o de Vias Urbanas. Ao todo, ser\u00e3o investidos R$ 106,3 milh\u00f5es em 44 cidades.<\/p>\n<p>A presidenta da Rep\u00fablica, Dilma Rousseff, <a title=\"Link\" href=\"http:\/\/vanderloubet.com.br\/deputado\/com-apoio-de-vander-44-municipios-terao-recursos-do-pac2-para-pavimentacao\/\" target=\"_blank\">j\u00e1 havia anunciado oficialmente<\/a>, em 24 de outubro do ano passado, a libera\u00e7\u00e3o de recursos para atender 1.200 munic\u00edpios brasileiros dentro do PAC 2 de Qualifica\u00e7\u00e3o de Vias Urbanas. A rela\u00e7\u00e3o dos munic\u00edpios de Mato Grosso do Sul contemplados <a title=\"Link\" href=\"https:\/\/www.facebook.com\/photo.php?fbid=587861767946631&amp;set=a.547818598617615.1073741829.547530398646435&amp;type=1\" target=\"_blank\">foi divulgada um dia antes<\/a> pelo deputado federal Vander Loubet, por meio da sua p\u00e1gina na rede social Facebook, ap\u00f3s ter recebido o documento da Secretaria de Rela\u00e7\u00f5es Institucionais da Presid\u00eancia da Rep\u00fablica.<\/p>\n<p>\u201c\u00c9 uma a\u00e7\u00e3o da bancada do PT aqui em Bras\u00edlia \u2013 senador Delc\u00eddio, deputado Biffi e eu. Desde o in\u00edcio do ano trabalhamos intensamente junto aos minist\u00e9rios do Planejamento e das Cidades e ao Pal\u00e1cio do Planalto para incluir o maior n\u00famero poss\u00edvel de munic\u00edpios de MS. Conseguimos que 44 sejam beneficiados\u201d, escreveu o parlamentar no Facebook, na ocasi\u00e3o.<\/p>\n<p>A rela\u00e7\u00e3o dos projetos e respectivos valores aprovados e as obras a serem executadas pelos 44 munic\u00edpios \u00e9 a seguinte:<\/p>\n<ul>\n<li><em>\u00c1gua Clara<\/em> \u2013 Pavimenta\u00e7\u00e3o asf\u00e1ltica com guias, sarjetas e drenagem de \u00e1guas pluviais \u2013 R$ 1.500.000,00<\/li>\n<li><em>Alcin\u00f3polis<\/em> \u2013 Pavimenta\u00e7\u00e3o asf\u00e1ltica e drenagem no Jardim Bom Sucesso e do Conjunto Nascer do Sol \u2013 R$ 1.000.000,00<\/li>\n<li><em>Amambai<\/em> \u2013 Pavimenta\u00e7\u00e3o e qualifica\u00e7\u00e3o de vias \u2013 R$ 1.700.000,00<\/li>\n<li><em>Anauril\u00e2ndia<\/em> \u2013 Drenagem e pavimenta\u00e7\u00e3o \u2013 R$ 1.000.000,00<\/li>\n<li><em>Ant\u00f4nio Jo\u00e3o<\/em> \u2013 Drenagem e pavimenta\u00e7\u00e3o no Bairro Vila Nova \u2013 R$ 1.000.000,00<\/li>\n<li><em>Aparecida do Taboado<\/em> \u2013 Pavimenta\u00e7\u00e3o e qualifica\u00e7\u00e3o de vias no Jardim Felix e no Jardim Samara \u2013 R$ 1.500.000,00<\/li>\n<li><em>Bataguassu<\/em> \u2013 Pavimenta\u00e7\u00e3o e qualifica\u00e7\u00e3o de vias no Jardim Campo Grande, Av. Padre Anchieta e Ruas S\u00e3o Luis e Frei Galv\u00e3o \u2013 R$ 1.500.000,00<\/li>\n<li><em>Bodoquena<\/em> \u2013 Drenagem e pavimenta\u00e7\u00e3o dos bairros Nova Esperan\u00e7a, S\u00e3o Jo\u00e3o Batista e Jardim Santo Afonso \u2013 R$ 1.000.000,00<\/li>\n<li><em>Bonito<\/em> \u2013 Pavimenta\u00e7\u00e3o asf\u00e1ltica, drenagem e cal\u00e7amento com piso intertravado nas ruas do Centro da cidade \u2013 R$ 1.500.000,00<\/li>\n<li><em>Brasil\u00e2ndia<\/em> \u2013 Drenagem e pavimenta\u00e7\u00e3o do contorno rodovi\u00e1rio sul \u2013 R$ 1.500.000,00<\/li>\n<li><em>Caarap\u00f3<\/em> \u2013 Pavimenta\u00e7\u00e3o e qualifica\u00e7\u00e3o de vias \u2013 R$ 1.700.000,00<\/li>\n<li><em>Camapu\u00e3<\/em> \u2013 Drenagem e pavimenta\u00e7\u00e3o de vias \u2013 R$ 1.500.000,00<\/li>\n<li><em>Campo Grande<\/em> \u2013 Pavimenta\u00e7\u00e3o e qualifica\u00e7\u00e3o de vias nos complexos Lagoa\/Anhandu\u00ed e B\u00e1lsamo\/Prosa \u2013 R$ 35.000.000,00<\/li>\n<li><em>Caracol<\/em> \u2013 Pavimenta\u00e7\u00e3o e qualifica\u00e7\u00e3o de vias \u2013 R$ 1.000.000,00<\/li>\n<li><em>Chapad\u00e3o do Sul<\/em> \u2013 Pavimenta\u00e7\u00e3o e qualifica\u00e7\u00e3o de vias \u2013 R$ 1.500.000,00<\/li>\n<li><em>Corguinho<\/em> \u2013 Pavimenta\u00e7\u00e3o e qualifica\u00e7\u00e3o de vias \u2013 R$ 1.000.000,00<\/li>\n<li><em>Coronel Sapucaia<\/em> \u2013 Pavimenta\u00e7\u00e3o e qualifica\u00e7\u00e3o de vias \u2013 R$ 1.500.000,00<\/li>\n<li><em>Corumb\u00e1<\/em> \u2013 Drenagem e qualifica\u00e7\u00e3o de vias nos bairros Centro Universit\u00e1rio, Arthur Marinho, Jardim Aeroporto, Centro Am\u00e9rica e Popular Velha \u2013 R$ 5.000.000,00<\/li>\n<li><em>Costa Rica<\/em> \u2013 Drenagem e pavimenta\u00e7\u00e3o de vias no Jardim Eldorado, Parque dos Ip\u00eas e Loteamento Barbosa \u2013 R$ 1.500.000,00<\/li>\n<li><em>Dois Irm\u00e3os do Buriti<\/em> \u2013 Pavimenta\u00e7\u00e3o e qualifica\u00e7\u00e3o de vias \u2013 R$ 1.500.000,00<\/li>\n<li><em>Dourados<\/em> \u2013 Pavimenta\u00e7\u00e3o e qualifica\u00e7\u00e3o de vias \u2013 R$ 5.000.000,00<\/li>\n<li><em>Eldorado<\/em> \u2013 Pavimenta\u00e7\u00e3o e qualifica\u00e7\u00e3o de vias \u2013 R$ 1.500.000,00<\/li>\n<li><em>Guia Lopes da Laguna<\/em> \u2013 Pavimenta\u00e7\u00e3o e qualifica\u00e7\u00e3o de vias \u2013 R$ 1.500.000,00<\/li>\n<li><em>Itapor\u00e3<\/em> \u2013 Pavimenta\u00e7\u00e3o e qualifica\u00e7\u00e3o de vias nos bairros Jardim Copacabana, Ipanema, S\u00e3o Bento, Vit\u00f3ria e Bom Jesus \u2013 R$ 1.500.000,00<\/li>\n<li><em>Itaquira\u00ed<\/em> \u2013 Pavimenta\u00e7\u00e3o e qualifica\u00e7\u00e3o de vias \u2013 R$ 1.500.000,00<\/li>\n<li><em>Ivinhema<\/em> \u2013 Pavimenta\u00e7\u00e3o e qualifica\u00e7\u00e3o de vias \u2013 R$ 1.500.000,00<\/li>\n<li><em>Japor\u00e3<\/em> \u2013 Pavimenta\u00e7\u00e3o e qualifica\u00e7\u00e3o de vias \u2013 R$ 1.000.000,00<\/li>\n<li><em>Jardim<\/em> \u2013 Pavimenta\u00e7\u00e3o e qualifica\u00e7\u00e3o de vias \u2013 R$ 1.500.000,00<\/li>\n<li><em>Jate\u00ed<\/em> \u2013 Pavimenta\u00e7\u00e3o e qualifica\u00e7\u00e3o de vias \u2013 R$ 1.000.000,00<\/li>\n<li><em>Juti<\/em> \u2013 Pavimenta\u00e7\u00e3o e qualifica\u00e7\u00e3o de vias \u2013 R$ 1.000.000,00<\/li>\n<li><em>Mundo Novo<\/em> \u2013 Pavimenta\u00e7\u00e3o e qualifica\u00e7\u00e3o de vias \u2013 R$ 1.500.000,00<\/li>\n<li><em>Nioaque<\/em> \u2013 Pavimenta\u00e7\u00e3o e qualifica\u00e7\u00e3o de vias \u2013 R$ 1.500.000,00<\/li>\n<li><em>Nova Alvorada do Sul<\/em> \u2013 Pavimenta\u00e7\u00e3o e qualifica\u00e7\u00e3o de vias \u2013 R$ 1.500.000,00<\/li>\n<li><em>Para\u00edso das \u00c1guas<\/em> \u2013 Pavimenta\u00e7\u00e3o e qualifica\u00e7\u00e3o de vias \u2013 R$ 1.000.000,00<\/li>\n<li><em>Parana\u00edba<\/em> \u2013 Pavimenta\u00e7\u00e3o e qualifica\u00e7\u00e3o de vias urbanas no Bairro Industrial de Lurdes \u2013 R$ 1.700.000,00<\/li>\n<li><em>Pedro Gomes<\/em> \u2013 Interliga\u00e7\u00e3o do Loteamento Amarra Cabelo ao Centro da cidade e \u00e0 Vila Marcelino \u2013 R$ 1.000.000,00<\/li>\n<li><em>Ponta Por\u00e3<\/em> \u2013 Pavimenta\u00e7\u00e3o, drenagem e qualifica\u00e7\u00e3o de vias no Bairro Mooca e no Residencial Ponta Por\u00e3 \u2013 R$ 3.000.000,00<\/li>\n<li><em>Ribas do Rio Pardo<\/em> \u2013 Pavimenta\u00e7\u00e3o e qualifica\u00e7\u00e3o de vias no Parque Estoril \u2013 R$ 1.500.000,00<\/li>\n<li><em>Rio Negro<\/em> \u2013 Pavimenta\u00e7\u00e3o e qualifica\u00e7\u00e3o de vias \u2013 R$ 1.000.000,00<\/li>\n<li><em>Rio Verde de Mato Grosso<\/em> \u2013 Pavimenta\u00e7\u00e3o e qualifica\u00e7\u00e3o de vias nos bairros Jardim dos Estados e Santa Terezinha \u2013 R$ 1.500.000,00<\/li>\n<li><em>Sidrol\u00e2ndia<\/em> \u2013 Pavimenta\u00e7\u00e3o e qualifica\u00e7\u00e3o de vias nos bairros Cascatinha I e II, Jardim Alfa, Jardim do sul e Santa Marta \u2013 R$ 1.700.000,00<\/li>\n<li><em>Sonora<\/em> \u2013 Drenagem de \u00e1guas pluviais e pavimenta\u00e7\u00e3o \u2013 R$ 1.500.000,00<\/li>\n<li><em>Tacuru<\/em> \u2013 Pavimenta\u00e7\u00e3o e qualifica\u00e7\u00e3o de vias \u2013 R$ 1.500.000,00<\/li>\n<li><em>Tr\u00eas Lagoas<\/em> \u2013 Pavimenta\u00e7\u00e3o e qualifica\u00e7\u00e3o de vias \u2013 R$ 5.000.000,00<\/li>\n<\/ul>\n<p><em>(\u00c9der Yanaguita &#8211; Ascom\/Deputado Vander)<\/em><\/p>\n","protected":false},"excerpt":{"rendered":"<p>A\u00e7\u00e3o da bancada federal do PT-MS garantiu 44 munic\u00edpios na lista dos 1.200 contemplados com recursos do PAC 2 de Qualifica\u00e7\u00e3o de Vias Urbanas.<\/p>\n","protected":false},"author":2,"featured_media":9300,"comment_status":"closed","ping_status":"closed","sticky":false,"template":"","format":"standard","meta":{"jetpack_post_was_ever_published":false,"_jetpack_newsletter_access":"","_jetpack_dont_email_post_to_subs":false,"_jetpack_newsletter_tier_id":0,"_jetpack_memberships_contains_paywalled_content":false,"_jetpack_memberships_contains_paid_content":false,"footnotes":""},"categories":[2097,10],"tags":[2320,1446,2152],"class_list":{"0":"post-9299","1":"post","2":"type-post","3":"status-publish","4":"format-standard","5":"has-post-thumbnail","7":"category-municipios-noticias","8":"category-noticias","9":"tag-infraestrurura","10":"tag-pac-2","11":"tag-qualificacao-de-vias-urbanas"},"yoast_head":"<!-- This site is optimized with the Yoast SEO plugin v27.4 - https:\/\/yoast.com\/product\/yoast-seo-wordpress\/ -->\n<title>Governo Federal vai liberar R$ 106,3 milh\u00f5es do PAC 2 para MS<\/title>\n<meta name=\"robots\" content=\"index, follow, max-snippet:-1, max-image-preview:large, max-video-preview:-1\" \/>\n<link rel=\"canonical\" href=\"https:\/\/vanderloubet.com.br\/deputado\/governo-federal-vai-liberar-r-1063-milhoes-do-pac-2-para-ms\/\" \/>\n<meta property=\"og:locale\" content=\"pt_BR\" \/>\n<meta property=\"og:type\" content=\"article\" \/>\n<meta property=\"og:title\" content=\"Governo Federal vai liberar R$ 106,3 milh\u00f5es do PAC 2 para MS\" \/>\n<meta property=\"og:description\" content=\"A\u00e7\u00e3o da bancada federal do PT-MS garantiu 44 munic\u00edpios na lista dos 1.200 contemplados com recursos do PAC 2 de Qualifica\u00e7\u00e3o de Vias Urbanas.\" \/>\n<meta property=\"og:url\" content=\"https:\/\/vanderloubet.com.br\/deputado\/governo-federal-vai-liberar-r-1063-milhoes-do-pac-2-para-ms\/\" \/>\n<meta property=\"og:site_name\" content=\"Deputado Federal Vander Loubet\" \/>\n<meta property=\"article:publisher\" content=\"https:\/\/facebook.com\/deputadovander\" \/>\n<meta property=\"article:published_time\" content=\"2014-05-06T14:32:11+00:00\" \/>\n<meta property=\"article:modified_time\" content=\"2015-04-08T16:46:16+00:00\" \/>\n<meta property=\"og:image\" content=\"https:\/\/vanderloubet.com.br\/deputado\/wp-content\/uploads\/2015\/04\/foto-2013-10-24-dilma-anuncio-pac2.jpg\" \/>\n\t<meta property=\"og:image:width\" content=\"1200\" \/>\n\t<meta property=\"og:image:height\" content=\"800\" \/>\n\t<meta property=\"og:image:type\" content=\"image\/jpeg\" \/>\n<meta name=\"author\" content=\"\u00c9der\" \/>\n<meta name=\"twitter:card\" content=\"summary_large_image\" \/>\n<meta name=\"twitter:creator\" content=\"@vanderloubet\" \/>\n<meta name=\"twitter:site\" content=\"@vanderloubet\" \/>\n<script type=\"application\/ld+json\" class=\"yoast-schema-graph\">{\"@context\":\"https:\\\/\\\/schema.org\",\"@graph\":[{\"@type\":\"Article\",\"@id\":\"https:\\\/\\\/vanderloubet.com.br\\\/deputado\\\/governo-federal-vai-liberar-r-1063-milhoes-do-pac-2-para-ms\\\/#article\",\"isPartOf\":{\"@id\":\"https:\\\/\\\/vanderloubet.com.br\\\/deputado\\\/governo-federal-vai-liberar-r-1063-milhoes-do-pac-2-para-ms\\\/\"},\"author\":{\"name\":\"\u00c9der\",\"@id\":\"https:\\\/\\\/vanderloubet.com.br\\\/deputado\\\/#\\\/schema\\\/person\\\/15b51bd564532a8a68d9dec1b8eb890e\"},\"headline\":\"Governo Federal vai liberar R$ 106,3 milh\u00f5es do PAC 2 para MS\",\"datePublished\":\"2014-05-06T14:32:11+00:00\",\"dateModified\":\"2015-04-08T16:46:16+00:00\",\"mainEntityOfPage\":{\"@id\":\"https:\\\/\\\/vanderloubet.com.br\\\/deputado\\\/governo-federal-vai-liberar-r-1063-milhoes-do-pac-2-para-ms\\\/\"},\"wordCount\":831,\"publisher\":{\"@id\":\"https:\\\/\\\/vanderloubet.com.br\\\/deputado\\\/#organization\"},\"image\":{\"@id\":\"https:\\\/\\\/vanderloubet.com.br\\\/deputado\\\/governo-federal-vai-liberar-r-1063-milhoes-do-pac-2-para-ms\\\/#primaryimage\"},\"thumbnailUrl\":\"https:\\\/\\\/vanderloubet.com.br\\\/deputado\\\/wp-content\\\/uploads\\\/2015\\\/04\\\/foto-2013-10-24-dilma-anuncio-pac2.jpg\",\"keywords\":[\"infraestrurura\",\"pac 2\",\"qualifica\u00e7\u00e3o de vias urbanas\"],\"articleSection\":[\"Munic\u00edpios\",\"Not\u00edcias\"],\"inLanguage\":\"pt-BR\"},{\"@type\":\"WebPage\",\"@id\":\"https:\\\/\\\/vanderloubet.com.br\\\/deputado\\\/governo-federal-vai-liberar-r-1063-milhoes-do-pac-2-para-ms\\\/\",\"url\":\"https:\\\/\\\/vanderloubet.com.br\\\/deputado\\\/governo-federal-vai-liberar-r-1063-milhoes-do-pac-2-para-ms\\\/\",\"name\":\"Governo Federal vai liberar R$ 106,3 milh\u00f5es do PAC 2 para MS\",\"isPartOf\":{\"@id\":\"https:\\\/\\\/vanderloubet.com.br\\\/deputado\\\/#website\"},\"primaryImageOfPage\":{\"@id\":\"https:\\\/\\\/vanderloubet.com.br\\\/deputado\\\/governo-federal-vai-liberar-r-1063-milhoes-do-pac-2-para-ms\\\/#primaryimage\"},\"image\":{\"@id\":\"https:\\\/\\\/vanderloubet.com.br\\\/deputado\\\/governo-federal-vai-liberar-r-1063-milhoes-do-pac-2-para-ms\\\/#primaryimage\"},\"thumbnailUrl\":\"https:\\\/\\\/vanderloubet.com.br\\\/deputado\\\/wp-content\\\/uploads\\\/2015\\\/04\\\/foto-2013-10-24-dilma-anuncio-pac2.jpg\",\"datePublished\":\"2014-05-06T14:32:11+00:00\",\"dateModified\":\"2015-04-08T16:46:16+00:00\",\"breadcrumb\":{\"@id\":\"https:\\\/\\\/vanderloubet.com.br\\\/deputado\\\/governo-federal-vai-liberar-r-1063-milhoes-do-pac-2-para-ms\\\/#breadcrumb\"},\"inLanguage\":\"pt-BR\",\"potentialAction\":[{\"@type\":\"ReadAction\",\"target\":[\"https:\\\/\\\/vanderloubet.com.br\\\/deputado\\\/governo-federal-vai-liberar-r-1063-milhoes-do-pac-2-para-ms\\\/\"]}]},{\"@type\":\"ImageObject\",\"inLanguage\":\"pt-BR\",\"@id\":\"https:\\\/\\\/vanderloubet.com.br\\\/deputado\\\/governo-federal-vai-liberar-r-1063-milhoes-do-pac-2-para-ms\\\/#primaryimage\",\"url\":\"https:\\\/\\\/vanderloubet.com.br\\\/deputado\\\/wp-content\\\/uploads\\\/2015\\\/04\\\/foto-2013-10-24-dilma-anuncio-pac2.jpg\",\"contentUrl\":\"https:\\\/\\\/vanderloubet.com.br\\\/deputado\\\/wp-content\\\/uploads\\\/2015\\\/04\\\/foto-2013-10-24-dilma-anuncio-pac2.jpg\",\"width\":1200,\"height\":800,\"caption\":\"Presidenta Dilma, durante o an\u00fancio da libera\u00e7\u00e3o dos recursos\"},{\"@type\":\"BreadcrumbList\",\"@id\":\"https:\\\/\\\/vanderloubet.com.br\\\/deputado\\\/governo-federal-vai-liberar-r-1063-milhoes-do-pac-2-para-ms\\\/#breadcrumb\",\"itemListElement\":[{\"@type\":\"ListItem\",\"position\":1,\"name\":\"In\u00edcio\",\"item\":\"https:\\\/\\\/vanderloubet.com.br\\\/deputado\\\/\"},{\"@type\":\"ListItem\",\"position\":2,\"name\":\"Governo Federal vai liberar R$ 106,3 milh\u00f5es do PAC 2 para MS\"}]},{\"@type\":\"WebSite\",\"@id\":\"https:\\\/\\\/vanderloubet.com.br\\\/deputado\\\/#website\",\"url\":\"https:\\\/\\\/vanderloubet.com.br\\\/deputado\\\/\",\"name\":\"Deputado Federal Vander Loubet\",\"description\":\"O Federal de MS\",\"publisher\":{\"@id\":\"https:\\\/\\\/vanderloubet.com.br\\\/deputado\\\/#organization\"},\"alternateName\":\"Deputado Vander\",\"potentialAction\":[{\"@type\":\"SearchAction\",\"target\":{\"@type\":\"EntryPoint\",\"urlTemplate\":\"https:\\\/\\\/vanderloubet.com.br\\\/deputado\\\/?s={search_term_string}\"},\"query-input\":{\"@type\":\"PropertyValueSpecification\",\"valueRequired\":true,\"valueName\":\"search_term_string\"}}],\"inLanguage\":\"pt-BR\"},{\"@type\":\"Organization\",\"@id\":\"https:\\\/\\\/vanderloubet.com.br\\\/deputado\\\/#organization\",\"name\":\"Deputado Federal Vander Loubet\",\"alternateName\":\"Deputado Vander\",\"url\":\"https:\\\/\\\/vanderloubet.com.br\\\/deputado\\\/\",\"logo\":{\"@type\":\"ImageObject\",\"inLanguage\":\"pt-BR\",\"@id\":\"https:\\\/\\\/vanderloubet.com.br\\\/deputado\\\/#\\\/schema\\\/logo\\\/image\\\/\",\"url\":\"https:\\\/\\\/vanderloubet.com.br\\\/deputado\\\/wp-content\\\/uploads\\\/2023\\\/06\\\/foto-2023-06-19-mandato-deputado-vander.jpg\",\"contentUrl\":\"https:\\\/\\\/vanderloubet.com.br\\\/deputado\\\/wp-content\\\/uploads\\\/2023\\\/06\\\/foto-2023-06-19-mandato-deputado-vander.jpg\",\"width\":1080,\"height\":1080,\"caption\":\"Deputado Federal Vander Loubet\"},\"image\":{\"@id\":\"https:\\\/\\\/vanderloubet.com.br\\\/deputado\\\/#\\\/schema\\\/logo\\\/image\\\/\"},\"sameAs\":[\"https:\\\/\\\/facebook.com\\\/deputadovander\",\"https:\\\/\\\/x.com\\\/vanderloubet\",\"https:\\\/\\\/instagram.com\\\/vanderloubet\",\"https:\\\/\\\/youtube.com\\\/vanderloubet\",\"https:\\\/\\\/tiktok.com\\\/@vanderloubetms\"]},{\"@type\":\"Person\",\"@id\":\"https:\\\/\\\/vanderloubet.com.br\\\/deputado\\\/#\\\/schema\\\/person\\\/15b51bd564532a8a68d9dec1b8eb890e\",\"name\":\"\u00c9der\",\"image\":{\"@type\":\"ImageObject\",\"inLanguage\":\"pt-BR\",\"@id\":\"https:\\\/\\\/vanderloubet.com.br\\\/deputado\\\/wp-content\\\/litespeed\\\/avatar\\\/88ca4090d9d5ab1c9495f6ca03b68efa.jpg?ver=1777058957\",\"url\":\"https:\\\/\\\/vanderloubet.com.br\\\/deputado\\\/wp-content\\\/litespeed\\\/avatar\\\/88ca4090d9d5ab1c9495f6ca03b68efa.jpg?ver=1777058957\",\"contentUrl\":\"https:\\\/\\\/vanderloubet.com.br\\\/deputado\\\/wp-content\\\/litespeed\\\/avatar\\\/88ca4090d9d5ab1c9495f6ca03b68efa.jpg?ver=1777058957\",\"caption\":\"\u00c9der\"}}]}<\/script>\n<!-- \/ Yoast SEO plugin. -->","yoast_head_json":{"title":"Governo Federal vai liberar R$ 106,3 milh\u00f5es do PAC 2 para MS","robots":{"index":"index","follow":"follow","max-snippet":"max-snippet:-1","max-image-preview":"max-image-preview:large","max-video-preview":"max-video-preview:-1"},"canonical":"https:\/\/vanderloubet.com.br\/deputado\/governo-federal-vai-liberar-r-1063-milhoes-do-pac-2-para-ms\/","og_locale":"pt_BR","og_type":"article","og_title":"Governo Federal vai liberar R$ 106,3 milh\u00f5es do PAC 2 para MS","og_description":"A\u00e7\u00e3o da bancada federal do PT-MS garantiu 44 munic\u00edpios na lista dos 1.200 contemplados com recursos do PAC 2 de Qualifica\u00e7\u00e3o de Vias Urbanas.","og_url":"https:\/\/vanderloubet.com.br\/deputado\/governo-federal-vai-liberar-r-1063-milhoes-do-pac-2-para-ms\/","og_site_name":"Deputado Federal Vander Loubet","article_publisher":"https:\/\/facebook.com\/deputadovander","article_published_time":"2014-05-06T14:32:11+00:00","article_modified_time":"2015-04-08T16:46:16+00:00","og_image":[{"width":1200,"height":800,"url":"https:\/\/vanderloubet.com.br\/deputado\/wp-content\/uploads\/2015\/04\/foto-2013-10-24-dilma-anuncio-pac2.jpg","type":"image\/jpeg"}],"author":"\u00c9der","twitter_card":"summary_large_image","twitter_creator":"@vanderloubet","twitter_site":"@vanderloubet","schema":{"@context":"https:\/\/schema.org","@graph":[{"@type":"Article","@id":"https:\/\/vanderloubet.com.br\/deputado\/governo-federal-vai-liberar-r-1063-milhoes-do-pac-2-para-ms\/#article","isPartOf":{"@id":"https:\/\/vanderloubet.com.br\/deputado\/governo-federal-vai-liberar-r-1063-milhoes-do-pac-2-para-ms\/"},"author":{"name":"\u00c9der","@id":"https:\/\/vanderloubet.com.br\/deputado\/#\/schema\/person\/15b51bd564532a8a68d9dec1b8eb890e"},"headline":"Governo Federal vai liberar R$ 106,3 milh\u00f5es do PAC 2 para MS","datePublished":"2014-05-06T14:32:11+00:00","dateModified":"2015-04-08T16:46:16+00:00","mainEntityOfPage":{"@id":"https:\/\/vanderloubet.com.br\/deputado\/governo-federal-vai-liberar-r-1063-milhoes-do-pac-2-para-ms\/"},"wordCount":831,"publisher":{"@id":"https:\/\/vanderloubet.com.br\/deputado\/#organization"},"image":{"@id":"https:\/\/vanderloubet.com.br\/deputado\/governo-federal-vai-liberar-r-1063-milhoes-do-pac-2-para-ms\/#primaryimage"},"thumbnailUrl":"https:\/\/vanderloubet.com.br\/deputado\/wp-content\/uploads\/2015\/04\/foto-2013-10-24-dilma-anuncio-pac2.jpg","keywords":["infraestrurura","pac 2","qualifica\u00e7\u00e3o de vias urbanas"],"articleSection":["Munic\u00edpios","Not\u00edcias"],"inLanguage":"pt-BR"},{"@type":"WebPage","@id":"https:\/\/vanderloubet.com.br\/deputado\/governo-federal-vai-liberar-r-1063-milhoes-do-pac-2-para-ms\/","url":"https:\/\/vanderloubet.com.br\/deputado\/governo-federal-vai-liberar-r-1063-milhoes-do-pac-2-para-ms\/","name":"Governo Federal vai liberar R$ 106,3 milh\u00f5es do PAC 2 para MS","isPartOf":{"@id":"https:\/\/vanderloubet.com.br\/deputado\/#website"},"primaryImageOfPage":{"@id":"https:\/\/vanderloubet.com.br\/deputado\/governo-federal-vai-liberar-r-1063-milhoes-do-pac-2-para-ms\/#primaryimage"},"image":{"@id":"https:\/\/vanderloubet.com.br\/deputado\/governo-federal-vai-liberar-r-1063-milhoes-do-pac-2-para-ms\/#primaryimage"},"thumbnailUrl":"https:\/\/vanderloubet.com.br\/deputado\/wp-content\/uploads\/2015\/04\/foto-2013-10-24-dilma-anuncio-pac2.jpg","datePublished":"2014-05-06T14:32:11+00:00","dateModified":"2015-04-08T16:46:16+00:00","breadcrumb":{"@id":"https:\/\/vanderloubet.com.br\/deputado\/governo-federal-vai-liberar-r-1063-milhoes-do-pac-2-para-ms\/#breadcrumb"},"inLanguage":"pt-BR","potentialAction":[{"@type":"ReadAction","target":["https:\/\/vanderloubet.com.br\/deputado\/governo-federal-vai-liberar-r-1063-milhoes-do-pac-2-para-ms\/"]}]},{"@type":"ImageObject","inLanguage":"pt-BR","@id":"https:\/\/vanderloubet.com.br\/deputado\/governo-federal-vai-liberar-r-1063-milhoes-do-pac-2-para-ms\/#primaryimage","url":"https:\/\/vanderloubet.com.br\/deputado\/wp-content\/uploads\/2015\/04\/foto-2013-10-24-dilma-anuncio-pac2.jpg","contentUrl":"https:\/\/vanderloubet.com.br\/deputado\/wp-content\/uploads\/2015\/04\/foto-2013-10-24-dilma-anuncio-pac2.jpg","width":1200,"height":800,"caption":"Presidenta Dilma, durante o an\u00fancio da libera\u00e7\u00e3o dos recursos"},{"@type":"BreadcrumbList","@id":"https:\/\/vanderloubet.com.br\/deputado\/governo-federal-vai-liberar-r-1063-milhoes-do-pac-2-para-ms\/#breadcrumb","itemListElement":[{"@type":"ListItem","position":1,"name":"In\u00edcio","item":"https:\/\/vanderloubet.com.br\/deputado\/"},{"@type":"ListItem","position":2,"name":"Governo Federal vai liberar R$ 106,3 milh\u00f5es do PAC 2 para MS"}]},{"@type":"WebSite","@id":"https:\/\/vanderloubet.com.br\/deputado\/#website","url":"https:\/\/vanderloubet.com.br\/deputado\/","name":"Deputado Federal Vander Loubet","description":"O Federal de MS","publisher":{"@id":"https:\/\/vanderloubet.com.br\/deputado\/#organization"},"alternateName":"Deputado Vander","potentialAction":[{"@type":"SearchAction","target":{"@type":"EntryPoint","urlTemplate":"https:\/\/vanderloubet.com.br\/deputado\/?s={search_term_string}"},"query-input":{"@type":"PropertyValueSpecification","valueRequired":true,"valueName":"search_term_string"}}],"inLanguage":"pt-BR"},{"@type":"Organization","@id":"https:\/\/vanderloubet.com.br\/deputado\/#organization","name":"Deputado Federal Vander Loubet","alternateName":"Deputado Vander","url":"https:\/\/vanderloubet.com.br\/deputado\/","logo":{"@type":"ImageObject","inLanguage":"pt-BR","@id":"https:\/\/vanderloubet.com.br\/deputado\/#\/schema\/logo\/image\/","url":"https:\/\/vanderloubet.com.br\/deputado\/wp-content\/uploads\/2023\/06\/foto-2023-06-19-mandato-deputado-vander.jpg","contentUrl":"https:\/\/vanderloubet.com.br\/deputado\/wp-content\/uploads\/2023\/06\/foto-2023-06-19-mandato-deputado-vander.jpg","width":1080,"height":1080,"caption":"Deputado Federal Vander Loubet"},"image":{"@id":"https:\/\/vanderloubet.com.br\/deputado\/#\/schema\/logo\/image\/"},"sameAs":["https:\/\/facebook.com\/deputadovander","https:\/\/x.com\/vanderloubet","https:\/\/instagram.com\/vanderloubet","https:\/\/youtube.com\/vanderloubet","https:\/\/tiktok.com\/@vanderloubetms"]},{"@type":"Person","@id":"https:\/\/vanderloubet.com.br\/deputado\/#\/schema\/person\/15b51bd564532a8a68d9dec1b8eb890e","name":"\u00c9der","image":{"@type":"ImageObject","inLanguage":"pt-BR","@id":"https:\/\/vanderloubet.com.br\/deputado\/wp-content\/litespeed\/avatar\/88ca4090d9d5ab1c9495f6ca03b68efa.jpg?ver=1777058957","url":"https:\/\/vanderloubet.com.br\/deputado\/wp-content\/litespeed\/avatar\/88ca4090d9d5ab1c9495f6ca03b68efa.jpg?ver=1777058957","contentUrl":"https:\/\/vanderloubet.com.br\/deputado\/wp-content\/litespeed\/avatar\/88ca4090d9d5ab1c9495f6ca03b68efa.jpg?ver=1777058957","caption":"\u00c9der"}}]}},"jetpack_featured_media_url":"https:\/\/vanderloubet.com.br\/deputado\/wp-content\/uploads\/2015\/04\/foto-2013-10-24-dilma-anuncio-pac2.jpg","jetpack_sharing_enabled":true,"_links":{"self":[{"href":"https:\/\/vanderloubet.com.br\/deputado\/wp-json\/wp\/v2\/posts\/9299","targetHints":{"allow":["GET"]}}],"collection":[{"href":"https:\/\/vanderloubet.com.br\/deputado\/wp-json\/wp\/v2\/posts"}],"about":[{"href":"https:\/\/vanderloubet.com.br\/deputado\/wp-json\/wp\/v2\/types\/post"}],"author":[{"embeddable":true,"href":"https:\/\/vanderloubet.com.br\/deputado\/wp-json\/wp\/v2\/users\/2"}],"replies":[{"embeddable":true,"href":"https:\/\/vanderloubet.com.br\/deputado\/wp-json\/wp\/v2\/comments?post=9299"}],"version-history":[{"count":0,"href":"https:\/\/vanderloubet.com.br\/deputado\/wp-json\/wp\/v2\/posts\/9299\/revisions"}],"wp:featuredmedia":[{"embeddable":true,"href":"https:\/\/vanderloubet.com.br\/deputado\/wp-json\/wp\/v2\/media\/9300"}],"wp:attachment":[{"href":"https:\/\/vanderloubet.com.br\/deputado\/wp-json\/wp\/v2\/media?parent=9299"}],"wp:term":[{"taxonomy":"category","embeddable":true,"href":"https:\/\/vanderloubet.com.br\/deputado\/wp-json\/wp\/v2\/categories?post=9299"},{"taxonomy":"post_tag","embeddable":true,"href":"https:\/\/vanderloubet.com.br\/deputado\/wp-json\/wp\/v2\/tags?post=9299"}],"curies":[{"name":"wp","href":"https:\/\/api.w.org\/{rel}","templated":true}]}}