{"id":9264,"date":"2014-06-16T18:32:24","date_gmt":"2014-06-16T21:32:24","guid":{"rendered":"http:\/\/vanderloubet.com.br\/deputado\/?p=9264"},"modified":"2015-04-06T19:12:03","modified_gmt":"2015-04-06T22:12:03","slug":"com-apoio-de-vander-campo-grande-recebe-quase-meio-bilhao-do-pac","status":"publish","type":"post","link":"https:\/\/vanderloubet.com.br\/deputado\/com-apoio-de-vander-campo-grande-recebe-quase-meio-bilhao-do-pac\/","title":{"rendered":"Com apoio de Vander, Campo Grande recebe quase meio bilh\u00e3o do PAC"},"content":{"rendered":"\r\n                <style type=\"text\/css\">\r\n                    \r\n                    #tdi_1  .td-doubleSlider-2 .td-item1 {\r\n                        background: url(https:\/\/vanderloubet.com.br\/deputado\/wp-content\/uploads\/2015\/04\/foto-2014-06-16-contratos-pac-campo-grande-01-80x60.jpg) 0 0 no-repeat;\r\n                    }\r\n                    #tdi_1  .td-doubleSlider-2 .td-item2 {\r\n                        background: url(https:\/\/vanderloubet.com.br\/deputado\/wp-content\/uploads\/2015\/04\/foto-2014-06-16-contratos-pac-campo-grande-02-80x60.jpg) 0 0 no-repeat;\r\n                    }\r\n                    #tdi_1  .td-doubleSlider-2 .td-item3 {\r\n                        background: url(https:\/\/vanderloubet.com.br\/deputado\/wp-content\/uploads\/2015\/04\/foto-2014-05-15-pac2-imbirussu-segredo-campo-grande-80x60.jpg) 0 0 no-repeat;\r\n                    }\r\n                    #tdi_1  .td-doubleSlider-2 .td-item4 {\r\n                        background: url(https:\/\/vanderloubet.com.br\/deputado\/wp-content\/uploads\/2015\/04\/foto-2014-05-14-pac-mobilidade-corredor-norte-80x60.jpg) 0 0 no-repeat;\r\n                    }\r\n                    #tdi_1  .td-doubleSlider-2 .td-item5 {\r\n                        background: url(https:\/\/vanderloubet.com.br\/deputado\/wp-content\/uploads\/2015\/04\/foto-2014-05-14-pac-mobilidade-corredor-sudoeste-80x60.jpg) 0 0 no-repeat;\r\n                    }\r\n                    #tdi_1  .td-doubleSlider-2 .td-item6 {\r\n                        background: url(https:\/\/vanderloubet.com.br\/deputado\/wp-content\/uploads\/2015\/04\/foto-2014-05-14-pac-mobilidade-corredor-sul-80x60.jpg) 0 0 no-repeat;\r\n                    }\r\n                    #tdi_1  .td-doubleSlider-2 .td-item7 {\r\n                        background: url(https:\/\/vanderloubet.com.br\/deputado\/wp-content\/uploads\/2015\/04\/foto-2014-05-14-pac-mobilidade-viaduto-80x60.jpg) 0 0 no-repeat;\r\n                    }\r\n                <\/style>\r\n\r\n                <div id=\"tdi_1\" class=\"td-gallery td-slide-on-2-columns\">\r\n                    <div class=\"post_td_gallery\">\r\n                        <div class=\"td-gallery-slide-top\">\r\n                           <div class=\"td-gallery-title\"><\/div>\r\n\r\n                            <div class=\"td-gallery-controls-wrapper\">\r\n                                <div class=\"td-gallery-slide-count\"><span class=\"td-gallery-slide-item-focus\">1<\/span> de 7<\/div>\r\n                                <div class=\"td-gallery-slide-prev-next-but\">\r\n                                    <i class = \"td-icon-left doubleSliderPrevButton\"><\/i>\r\n                                    <i class = \"td-icon-right doubleSliderNextButton\"><\/i>\r\n                                <\/div>\r\n                            <\/div>\r\n                        <\/div>\r\n\r\n                        <div class = \"td-doubleSlider-1 \">\r\n                            <div class = \"td-slider\">\r\n                                \r\n                    <div class = \"td-slide-item td-item1\">\r\n                        <figure class=\"td-slide-galery-figure td-slide-popup-gallery\">\r\n                            <a class=\"slide-gallery-image-link\" href=\"https:\/\/vanderloubet.com.br\/deputado\/wp-content\/uploads\/2015\/04\/foto-2014-06-16-contratos-pac-campo-grande-01.jpg\" title=\"Autoridades anunciaram os contratos do PAC e PAC 2 para Campo Grande\"  data-caption=\"\"  data-description=\"Autoridades anunciaram os contratos do PAC e PAC 2 para Campo Grande\">\r\n                                <img decoding=\"async\" src=\"https:\/\/vanderloubet.com.br\/deputado\/wp-content\/uploads\/2015\/04\/foto-2014-06-16-contratos-pac-campo-grande-01-700x420.jpg\" srcset=\"https:\/\/vanderloubet.com.br\/deputado\/wp-content\/uploads\/2015\/04\/foto-2014-06-16-contratos-pac-campo-grande-01-700x420.jpg 700w, https:\/\/vanderloubet.com.br\/deputado\/wp-content\/uploads\/2015\/04\/foto-2014-06-16-contratos-pac-campo-grande-01-350x210.jpg 350w, https:\/\/vanderloubet.com.br\/deputado\/wp-content\/uploads\/2015\/04\/foto-2014-06-16-contratos-pac-campo-grande-01-768x461.jpg 768w, https:\/\/vanderloubet.com.br\/deputado\/wp-content\/uploads\/2015\/04\/foto-2014-06-16-contratos-pac-campo-grande-01-696x418.jpg 696w, https:\/\/vanderloubet.com.br\/deputado\/wp-content\/uploads\/2015\/04\/foto-2014-06-16-contratos-pac-campo-grande-01-1068x641.jpg 1068w, https:\/\/vanderloubet.com.br\/deputado\/wp-content\/uploads\/2015\/04\/foto-2014-06-16-contratos-pac-campo-grande-01.jpg 1200w\" sizes=\"(max-width: 700px) 100vw, 700px\" alt=\"Autoridades anunciaram os contratos do PAC e PAC 2 para Campo Grande\">\r\n                            <\/a>\r\n                            <figcaption class = \"td-slide-caption td-gallery-slide-content\"><span>Autoridades anunciaram os contratos do PAC e PAC 2 para Campo Grande<\/span><\/figcaption>\r\n                        <\/figure>\r\n                    <\/div>\r\n                    <div class = \"td-slide-item td-item2\">\r\n                        <figure class=\"td-slide-galery-figure td-slide-popup-gallery\">\r\n                            <a class=\"slide-gallery-image-link\" href=\"https:\/\/vanderloubet.com.br\/deputado\/wp-content\/uploads\/2015\/04\/foto-2014-06-16-contratos-pac-campo-grande-02.jpg\" title=\"Vander destacou que PAC Mobilidade era para sedes da Copa, mas Campo Grande tamb\u00e9m entrou\"  data-caption=\"\"  data-description=\"Vander destacou que PAC Mobilidade era para sedes da Copa, mas Campo Grande tamb&eacute;m entrou\">\r\n                                <img decoding=\"async\" src=\"https:\/\/vanderloubet.com.br\/deputado\/wp-content\/uploads\/2015\/04\/foto-2014-06-16-contratos-pac-campo-grande-02-700x420.jpg\" srcset=\"https:\/\/vanderloubet.com.br\/deputado\/wp-content\/uploads\/2015\/04\/foto-2014-06-16-contratos-pac-campo-grande-02-700x420.jpg 700w, https:\/\/vanderloubet.com.br\/deputado\/wp-content\/uploads\/2015\/04\/foto-2014-06-16-contratos-pac-campo-grande-02-350x210.jpg 350w, https:\/\/vanderloubet.com.br\/deputado\/wp-content\/uploads\/2015\/04\/foto-2014-06-16-contratos-pac-campo-grande-02-768x461.jpg 768w, https:\/\/vanderloubet.com.br\/deputado\/wp-content\/uploads\/2015\/04\/foto-2014-06-16-contratos-pac-campo-grande-02-696x418.jpg 696w, https:\/\/vanderloubet.com.br\/deputado\/wp-content\/uploads\/2015\/04\/foto-2014-06-16-contratos-pac-campo-grande-02-1068x641.jpg 1068w, https:\/\/vanderloubet.com.br\/deputado\/wp-content\/uploads\/2015\/04\/foto-2014-06-16-contratos-pac-campo-grande-02.jpg 1200w\" sizes=\"(max-width: 700px) 100vw, 700px\" alt=\"Vander destacou que PAC Mobilidade era para sedes da Copa, mas Campo Grande tamb&eacute;m entrou\">\r\n                            <\/a>\r\n                            <figcaption class = \"td-slide-caption td-gallery-slide-content\"><span>Vander destacou que PAC Mobilidade era para sedes da Copa, mas Campo Grande tamb\u00e9m entrou<\/span><\/figcaption>\r\n                        <\/figure>\r\n                    <\/div>\r\n                    <div class = \"td-slide-item td-item3\">\r\n                        <figure class=\"td-slide-galery-figure td-slide-popup-gallery\">\r\n                            <a class=\"slide-gallery-image-link\" href=\"https:\/\/vanderloubet.com.br\/deputado\/wp-content\/uploads\/2015\/04\/foto-2014-05-15-pac2-imbirussu-segredo-campo-grande.jpg\" title=\"\u00c1reas que ser\u00e3o pavimentadas pelo PAC 2 de Qualifica\u00e7\u00e3o de Vias Urbanas\"  data-caption=\"\"  data-description=\"&Aacute;reas que ser&atilde;o pavimentadas pelo PAC 2 de Qualifica&ccedil;&atilde;o de Vias Urbanas\">\r\n                                <img decoding=\"async\" src=\"https:\/\/vanderloubet.com.br\/deputado\/wp-content\/uploads\/2015\/04\/foto-2014-05-15-pac2-imbirussu-segredo-campo-grande-630x420.jpg\" srcset=\"https:\/\/vanderloubet.com.br\/deputado\/wp-content\/uploads\/2015\/04\/foto-2014-05-15-pac2-imbirussu-segredo-campo-grande-630x420.jpg 630w, https:\/\/vanderloubet.com.br\/deputado\/wp-content\/uploads\/2015\/04\/foto-2014-05-15-pac2-imbirussu-segredo-campo-grande-350x233.jpg 350w, https:\/\/vanderloubet.com.br\/deputado\/wp-content\/uploads\/2015\/04\/foto-2014-05-15-pac2-imbirussu-segredo-campo-grande-768x512.jpg 768w, https:\/\/vanderloubet.com.br\/deputado\/wp-content\/uploads\/2015\/04\/foto-2014-05-15-pac2-imbirussu-segredo-campo-grande-700x467.jpg 700w, https:\/\/vanderloubet.com.br\/deputado\/wp-content\/uploads\/2015\/04\/foto-2014-05-15-pac2-imbirussu-segredo-campo-grande-1536x1024.jpg 1536w, https:\/\/vanderloubet.com.br\/deputado\/wp-content\/uploads\/2015\/04\/foto-2014-05-15-pac2-imbirussu-segredo-campo-grande-2048x1365.jpg 2048w, https:\/\/vanderloubet.com.br\/deputado\/wp-content\/uploads\/2015\/04\/foto-2014-05-15-pac2-imbirussu-segredo-campo-grande-696x464.jpg 696w, https:\/\/vanderloubet.com.br\/deputado\/wp-content\/uploads\/2015\/04\/foto-2014-05-15-pac2-imbirussu-segredo-campo-grande-1068x712.jpg 1068w\" sizes=\"(max-width: 630px) 100vw, 630px\" alt=\"&Aacute;reas que ser&atilde;o pavimentadas pelo PAC 2 de Qualifica&ccedil;&atilde;o de Vias Urbanas\">\r\n                            <\/a>\r\n                            <figcaption class = \"td-slide-caption td-gallery-slide-content\"><span>\u00c1reas que ser\u00e3o pavimentadas pelo PAC 2 de Qualifica\u00e7\u00e3o de Vias Urbanas<\/span><\/figcaption>\r\n                        <\/figure>\r\n                    <\/div>\r\n                    <div class = \"td-slide-item td-item4\">\r\n                        <figure class=\"td-slide-galery-figure td-slide-popup-gallery\">\r\n                            <a class=\"slide-gallery-image-link\" href=\"https:\/\/vanderloubet.com.br\/deputado\/wp-content\/uploads\/2015\/04\/foto-2014-05-14-pac-mobilidade-corredor-norte.jpg\" title=\"Projeto do Corredor Norte prev\u00ea obras em 19,5 km\"  data-caption=\"\"  data-description=\"Projeto do Corredor Norte prev&ecirc; obras em 19,5 km\">\r\n                                <img decoding=\"async\" src=\"https:\/\/vanderloubet.com.br\/deputado\/wp-content\/uploads\/2015\/04\/foto-2014-05-14-pac-mobilidade-corredor-norte-513x420.jpg\" srcset=\"https:\/\/vanderloubet.com.br\/deputado\/wp-content\/uploads\/2015\/04\/foto-2014-05-14-pac-mobilidade-corredor-norte-513x420.jpg 513w, https:\/\/vanderloubet.com.br\/deputado\/wp-content\/uploads\/2015\/04\/foto-2014-05-14-pac-mobilidade-corredor-norte-350x287.jpg 350w, https:\/\/vanderloubet.com.br\/deputado\/wp-content\/uploads\/2015\/04\/foto-2014-05-14-pac-mobilidade-corredor-norte-768x629.jpg 768w, https:\/\/vanderloubet.com.br\/deputado\/wp-content\/uploads\/2015\/04\/foto-2014-05-14-pac-mobilidade-corredor-norte-700x573.jpg 700w, https:\/\/vanderloubet.com.br\/deputado\/wp-content\/uploads\/2015\/04\/foto-2014-05-14-pac-mobilidade-corredor-norte-696x570.jpg 696w, https:\/\/vanderloubet.com.br\/deputado\/wp-content\/uploads\/2015\/04\/foto-2014-05-14-pac-mobilidade-corredor-norte-1068x875.jpg 1068w, https:\/\/vanderloubet.com.br\/deputado\/wp-content\/uploads\/2015\/04\/foto-2014-05-14-pac-mobilidade-corredor-norte.jpg 1160w\" sizes=\"(max-width: 513px) 100vw, 513px\" alt=\"Projeto do Corredor Norte prev&ecirc; obras em 19,5 km\">\r\n                            <\/a>\r\n                            <figcaption class = \"td-slide-caption td-gallery-slide-content\"><span>Projeto do Corredor Norte prev\u00ea obras em 19,5 km<\/span><\/figcaption>\r\n                        <\/figure>\r\n                    <\/div>\r\n                    <div class = \"td-slide-item td-item5\">\r\n                        <figure class=\"td-slide-galery-figure td-slide-popup-gallery\">\r\n                            <a class=\"slide-gallery-image-link\" href=\"https:\/\/vanderloubet.com.br\/deputado\/wp-content\/uploads\/2015\/04\/foto-2014-05-14-pac-mobilidade-corredor-sudoeste.jpg\" title=\"Corredor Sudoeste de transporte coletivo ter\u00e1 quase 22 km\"  data-caption=\"\"  data-description=\"Corredor Sudoeste de transporte coletivo ter&aacute; quase 22 km\">\r\n                                <img decoding=\"async\" src=\"https:\/\/vanderloubet.com.br\/deputado\/wp-content\/uploads\/2015\/04\/foto-2014-05-14-pac-mobilidade-corredor-sudoeste-518x420.jpg\" srcset=\"https:\/\/vanderloubet.com.br\/deputado\/wp-content\/uploads\/2015\/04\/foto-2014-05-14-pac-mobilidade-corredor-sudoeste-518x420.jpg 518w, https:\/\/vanderloubet.com.br\/deputado\/wp-content\/uploads\/2015\/04\/foto-2014-05-14-pac-mobilidade-corredor-sudoeste-350x284.jpg 350w, https:\/\/vanderloubet.com.br\/deputado\/wp-content\/uploads\/2015\/04\/foto-2014-05-14-pac-mobilidade-corredor-sudoeste-768x622.jpg 768w, https:\/\/vanderloubet.com.br\/deputado\/wp-content\/uploads\/2015\/04\/foto-2014-05-14-pac-mobilidade-corredor-sudoeste-700x567.jpg 700w, https:\/\/vanderloubet.com.br\/deputado\/wp-content\/uploads\/2015\/04\/foto-2014-05-14-pac-mobilidade-corredor-sudoeste-696x564.jpg 696w, https:\/\/vanderloubet.com.br\/deputado\/wp-content\/uploads\/2015\/04\/foto-2014-05-14-pac-mobilidade-corredor-sudoeste-1068x865.jpg 1068w, https:\/\/vanderloubet.com.br\/deputado\/wp-content\/uploads\/2015\/04\/foto-2014-05-14-pac-mobilidade-corredor-sudoeste.jpg 1160w\" sizes=\"(max-width: 518px) 100vw, 518px\" alt=\"Corredor Sudoeste de transporte coletivo ter&aacute; quase 22 km\">\r\n                            <\/a>\r\n                            <figcaption class = \"td-slide-caption td-gallery-slide-content\"><span>Corredor Sudoeste de transporte coletivo ter\u00e1 quase 22 km<\/span><\/figcaption>\r\n                        <\/figure>\r\n                    <\/div>\r\n                    <div class = \"td-slide-item td-item6\">\r\n                        <figure class=\"td-slide-galery-figure td-slide-popup-gallery\">\r\n                            <a class=\"slide-gallery-image-link\" href=\"https:\/\/vanderloubet.com.br\/deputado\/wp-content\/uploads\/2015\/04\/foto-2014-05-14-pac-mobilidade-corredor-sul.jpg\" title=\"Projeto do Corredor Sul de transporte coletivo, com quase 17 km\"  data-caption=\"\"  data-description=\"Projeto do Corredor Sul de transporte coletivo, com quase 17 km\">\r\n                                <img decoding=\"async\" src=\"https:\/\/vanderloubet.com.br\/deputado\/wp-content\/uploads\/2015\/04\/foto-2014-05-14-pac-mobilidade-corredor-sul-512x420.jpg\" srcset=\"https:\/\/vanderloubet.com.br\/deputado\/wp-content\/uploads\/2015\/04\/foto-2014-05-14-pac-mobilidade-corredor-sul-512x420.jpg 512w, https:\/\/vanderloubet.com.br\/deputado\/wp-content\/uploads\/2015\/04\/foto-2014-05-14-pac-mobilidade-corredor-sul-350x287.jpg 350w, https:\/\/vanderloubet.com.br\/deputado\/wp-content\/uploads\/2015\/04\/foto-2014-05-14-pac-mobilidade-corredor-sul-768x630.jpg 768w, https:\/\/vanderloubet.com.br\/deputado\/wp-content\/uploads\/2015\/04\/foto-2014-05-14-pac-mobilidade-corredor-sul-700x574.jpg 700w, https:\/\/vanderloubet.com.br\/deputado\/wp-content\/uploads\/2015\/04\/foto-2014-05-14-pac-mobilidade-corredor-sul-696x571.jpg 696w, https:\/\/vanderloubet.com.br\/deputado\/wp-content\/uploads\/2015\/04\/foto-2014-05-14-pac-mobilidade-corredor-sul-1068x876.jpg 1068w, https:\/\/vanderloubet.com.br\/deputado\/wp-content\/uploads\/2015\/04\/foto-2014-05-14-pac-mobilidade-corredor-sul.jpg 1160w\" sizes=\"(max-width: 512px) 100vw, 512px\" alt=\"Projeto do Corredor Sul de transporte coletivo, com quase 17 km\">\r\n                            <\/a>\r\n                            <figcaption class = \"td-slide-caption td-gallery-slide-content\"><span>Projeto do Corredor Sul de transporte coletivo, com quase 17 km<\/span><\/figcaption>\r\n                        <\/figure>\r\n                    <\/div>\r\n                    <div class = \"td-slide-item td-item7\">\r\n                        <figure class=\"td-slide-galery-figure td-slide-popup-gallery\">\r\n                            <a class=\"slide-gallery-image-link\" href=\"https:\/\/vanderloubet.com.br\/deputado\/wp-content\/uploads\/2015\/04\/foto-2014-05-14-pac-mobilidade-viaduto.jpg\" title=\"Projeto do viaduto na Avenida Costa e Silva, pr\u00f3ximo ao Est\u00e1dio Moren\u00e3o\"  data-caption=\"\"  data-description=\"Projeto do viaduto na Avenida Costa e Silva, pr&oacute;ximo ao Est&aacute;dio Moren&atilde;o\">\r\n                                <img decoding=\"async\" src=\"https:\/\/vanderloubet.com.br\/deputado\/wp-content\/uploads\/2015\/04\/foto-2014-05-14-pac-mobilidade-viaduto-669x420.jpg\" srcset=\"https:\/\/vanderloubet.com.br\/deputado\/wp-content\/uploads\/2015\/04\/foto-2014-05-14-pac-mobilidade-viaduto-669x420.jpg 669w, https:\/\/vanderloubet.com.br\/deputado\/wp-content\/uploads\/2015\/04\/foto-2014-05-14-pac-mobilidade-viaduto-350x220.jpg 350w, https:\/\/vanderloubet.com.br\/deputado\/wp-content\/uploads\/2015\/04\/foto-2014-05-14-pac-mobilidade-viaduto-768x482.jpg 768w, https:\/\/vanderloubet.com.br\/deputado\/wp-content\/uploads\/2015\/04\/foto-2014-05-14-pac-mobilidade-viaduto-700x439.jpg 700w, https:\/\/vanderloubet.com.br\/deputado\/wp-content\/uploads\/2015\/04\/foto-2014-05-14-pac-mobilidade-viaduto-696x437.jpg 696w, https:\/\/vanderloubet.com.br\/deputado\/wp-content\/uploads\/2015\/04\/foto-2014-05-14-pac-mobilidade-viaduto.jpg 1020w\" sizes=\"(max-width: 669px) 100vw, 669px\" alt=\"Projeto do viaduto na Avenida Costa e Silva, pr&oacute;ximo ao Est&aacute;dio Moren&atilde;o\">\r\n                            <\/a>\r\n                            <figcaption class = \"td-slide-caption td-gallery-slide-content\"><span>Projeto do viaduto na Avenida Costa e Silva, pr\u00f3ximo ao Est\u00e1dio Moren\u00e3o<\/span><\/figcaption>\r\n                        <\/figure>\r\n                    <\/div>\r\n                            <\/div>\r\n                        <\/div>\r\n\r\n                        <div class = \"td-doubleSlider-2\">\r\n                            <div class = \"td-slider\">\r\n                                \r\n                    <div class = \"td-button td-item1\">\r\n                        <div class = \"td-border\"><\/div>\r\n                    <\/div>\r\n                    <div class = \"td-button td-item2\">\r\n                        <div class = \"td-border\"><\/div>\r\n                    <\/div>\r\n                    <div class = \"td-button td-item3\">\r\n                        <div class = \"td-border\"><\/div>\r\n                    <\/div>\r\n                    <div class = \"td-button td-item4\">\r\n                        <div class = \"td-border\"><\/div>\r\n                    <\/div>\r\n                    <div class = \"td-button td-item5\">\r\n                        <div class = \"td-border\"><\/div>\r\n                    <\/div>\r\n                    <div class = \"td-button td-item6\">\r\n                        <div class = \"td-border\"><\/div>\r\n                    <\/div>\r\n                    <div class = \"td-button td-item7\">\r\n                        <div class = \"td-border\"><\/div>\r\n                    <\/div>\r\n                            <\/div>\r\n                        <\/div>\r\n\r\n                    <\/div>\r\n\r\n                <\/div>\r\n                \n<p>Na tarde desta segunda-feira (16), a Prefeitura de Campo Grande e a Caixa Econ\u00f4mica Federal divulgaram oficialmente a assinatura de dois contratos do Munic\u00edpio com Governo Federal para a execu\u00e7\u00e3o de diversas obras na Capital que somam R$ 491 milh\u00f5es. As obras fazem parte do PAC de Mobilidade Urbana e do PAC 2 de Qualifica\u00e7\u00e3o de Vias Urbanas.<\/p>\n<p>Participaram do ato o prefeito da Capital, Gilmar Olarte (PP), o deputado federal Vander Loubet (PT) \u2013 coordenador da bancada de MS no Congresso Nacional -, os senadores Delc\u00eddio do Amaral (PT) e Waldemir Moka (PMDB), o secret\u00e1rio municipal de Infraestrutura, Semy Ferraz, e o superintendente estadual da Caixa Econ\u00f4mica Federal, Paulo Antunes.<\/p>\n<p>O deputado Vander destacou que a atua\u00e7\u00e3o da bancada em conjunto com a Prefeitura permitiu que Campo Grande fosse contemplada dentro do PAC de Mobilidade Urbana mesmo n\u00e3o sendo uma cidade sede da Copa do Mundo. \u201cO foco desse programa era viabilizar obras de mobilidade nas sedes da Copa. Mesmo n\u00e3o sendo sede, Campo Grande, junto com Aracaju, continuou pleiteando esses recursos. E ap\u00f3s muita interven\u00e7\u00e3o pol\u00edtica e procedimentos t\u00e9cnicos conseguimos a libera\u00e7\u00e3o da verba\u201d, explicou o parlamentar.<\/p>\n<p>J\u00e1 os recursos do PAC 2 de Qualifica\u00e7\u00e3o de Vias Urbanas representam a continuidade de a\u00e7\u00f5es do PAC em Campo Grande. \u201cDesde o inicio do PAC, em 2007, a Capital foi beneficiada com pelo menos R$ 350 milh\u00f5es para obras de infraestrutura nas regi\u00f5es cortadas por c\u00f3rregos. E agora esse valor vai chegar a quase R$ 1 bilh\u00e3o\u201d, destacou Vander.<\/p>\n<p><strong>Pavimenta\u00e7\u00e3o e mobilidade<\/strong> \u2013 Parte das obras em quest\u00e3o j\u00e1 est\u00e1 com o processo de licita\u00e7\u00e3o quase conclu\u00eddo e os servi\u00e7os devem ser iniciados em breve. Dos R$ 311 milh\u00f5es do PAC 2 de Qualifica\u00e7\u00e3o das Vias Urbanas, a Prefeitura j\u00e1 licitou R$ 117 milh\u00f5es para pavimentar e recapear 120 quil\u00f4metros de vias em 22 bairros da cidade: Portal do Panam\u00e1, Jardim Montevid\u00e9u, regi\u00e3o do Ceasa, Costa Verde, Vila S\u00e3o Jo\u00e3o Bosco, Novos Estados, Vila Nascente, Vila Futurista, Copacabana, Vila Ravena, Recanto Pantaneiro, Residencial Atl\u00e2ntico Sul, S\u00edrio Liban\u00eas I, Parque Residencial Bellinate, Parque dos Laranjais, Jardim Alto do S\u00e3o Francisco, Jardim Vila Paquet\u00e1, Vila Polon\u00eas, Jardim Semin\u00e1rio II, Bairro S\u00e3o Caetano do Sul, Vila L\u00eddia e Morada do Sossego.<\/p>\n<p>J\u00e1 a verba do PAC de Mobilidade Urbana, de acordo com Semy Ferraz, ser\u00e1 aplicada para recapeamento de vias e defini\u00e7\u00e3o de corredores exclusivos de \u00f4nibus, al\u00e9m de cal\u00e7adas, rampas de acesso e 500 coberturas para pontos de \u00f4nibus. Tamb\u00e9m est\u00e1 no pacote a obra do viaduto na Avenida Costa e Silva\/Avenida Gury Marques, pr\u00f3ximo ao Est\u00e1dio Moren\u00e3o, na sa\u00edda para S\u00e3o Paulo, obra que est\u00e1 sendo chamada pelo prefeito Gilmar Olarte de \u201cViaduto da Coca-Cola\u201d.<\/p>\n<p>Ser\u00e3o tr\u00eas os corredores de transporte coletivo:<\/p>\n<p><em>Corredor Sudoeste (21,73 km)<\/em> \u2013 Esse corredor exclusivo ter\u00e1 in\u00edcio no Terminal Aero Rancho, seguindo pela Avenida Marechal Deodoro. Continuar\u00e1 pela Avenida Bandeirantes, entra na Avenida Afonso Pena e segue at\u00e9 o Shopping Campo Grande, onde retorna pela outra pista, seguindo at\u00e9 o Circular Militar, na Rua Guia Lopes. De l\u00e1, passar\u00e1 pela Rua Brilhante at\u00e9 atingir os terminais Bandeirante e Aero Rancho (pela avenida Marechal Deodoro).<\/p>\n<p><em>Corredor Sul (16,94 km)<\/em> \u2013 Come\u00e7a no Terminal Guaicurus, segue pela Avenida Gury Marques (sentido bairro-Centro), depois Avenida Costa e Silva. Segue pela Rua Rui Barbosa (entre a Rua H\u00e9lio de Castro Maia e a Avenida Mato Grosso) e retorna pela Rua 13 de Maio (entre as avenidas Mato Grosso e Eduardo Elias Zahran).<\/p>\n<p><em>Corredor Norte (19,50 km)<\/em> \u2013 Inicia na Rua Bahia (entre a Avenida Afonso Pena e a Rua Coronel Antonino), segue pela Av. Coronel Antonino (da Rua Bahia at\u00e9 o Terminal General Os\u00f3rio), depois passa pela Avenida C\u00f4nsul Assaf Trad (entre os terminais General Os\u00f3rio e Nova Bahia). Retorna pela Assaf Trad at\u00e9 a Rua Alegrete (entre a Avenida Mascarenhas de Moraes e a Rua 25 de Dezembro). Tamb\u00e9m inclui a Rua Ant\u00f4nio Maria Coelho (entre as ruas 14 de Julho e Cear\u00e1).<\/p>\n<p><em>(\u00c9der Yanaguita \u2013 Ascom\/Deputado Vander)<\/em><\/p>\n","protected":false},"excerpt":{"rendered":"<p>Os recursos liberados pelo Governo Federal fazem parte do PAC de Mobilidade Urbana e do PAC 2 de Qualifica\u00e7\u00e3o de Vias Urbanas.<\/p>\n","protected":false},"author":2,"featured_media":9266,"comment_status":"closed","ping_status":"closed","sticky":false,"template":"","format":"standard","meta":{"jetpack_post_was_ever_published":false,"_jetpack_newsletter_access":"","_jetpack_dont_email_post_to_subs":false,"_jetpack_newsletter_tier_id":0,"_jetpack_memberships_contains_paywalled_content":false,"_jetpack_memberships_contains_paid_content":false,"footnotes":""},"categories":[2097,10],"tags":[1028,1311,1445,1446],"class_list":{"0":"post-9264","1":"post","2":"type-post","3":"status-publish","4":"format-standard","5":"has-post-thumbnail","7":"category-municipios-noticias","8":"category-noticias","9":"tag-infraestrutura","10":"tag-mobilidade-urbana","11":"tag-pac","12":"tag-pac-2"},"yoast_head":"<!-- This site is optimized with the Yoast SEO plugin v27.4 - https:\/\/yoast.com\/product\/yoast-seo-wordpress\/ -->\n<title>Com apoio de Vander, Campo Grande recebe quase meio bilh\u00e3o do PAC<\/title>\n<meta name=\"robots\" content=\"index, follow, max-snippet:-1, max-image-preview:large, max-video-preview:-1\" \/>\n<link rel=\"canonical\" href=\"https:\/\/vanderloubet.com.br\/deputado\/com-apoio-de-vander-campo-grande-recebe-quase-meio-bilhao-do-pac\/\" \/>\n<meta property=\"og:locale\" content=\"pt_BR\" \/>\n<meta property=\"og:type\" content=\"article\" \/>\n<meta property=\"og:title\" content=\"Com apoio de Vander, Campo Grande recebe quase meio bilh\u00e3o do PAC\" \/>\n<meta property=\"og:description\" content=\"Os recursos liberados pelo Governo Federal fazem parte do PAC de Mobilidade Urbana e do PAC 2 de Qualifica\u00e7\u00e3o de Vias Urbanas.\" \/>\n<meta property=\"og:url\" content=\"https:\/\/vanderloubet.com.br\/deputado\/com-apoio-de-vander-campo-grande-recebe-quase-meio-bilhao-do-pac\/\" \/>\n<meta property=\"og:site_name\" content=\"Deputado Federal Vander Loubet\" \/>\n<meta property=\"article:publisher\" content=\"https:\/\/facebook.com\/deputadovander\" \/>\n<meta property=\"article:published_time\" content=\"2014-06-16T21:32:24+00:00\" \/>\n<meta property=\"article:modified_time\" content=\"2015-04-06T22:12:03+00:00\" \/>\n<meta property=\"og:image\" content=\"https:\/\/vanderloubet.com.br\/deputado\/wp-content\/uploads\/2015\/04\/foto-2014-06-16-contratos-pac-campo-grande-02.jpg\" \/>\n\t<meta property=\"og:image:width\" content=\"1200\" \/>\n\t<meta property=\"og:image:height\" content=\"720\" \/>\n\t<meta property=\"og:image:type\" content=\"image\/jpeg\" \/>\n<meta name=\"author\" content=\"\u00c9der\" \/>\n<meta name=\"twitter:card\" content=\"summary_large_image\" \/>\n<meta name=\"twitter:creator\" content=\"@vanderloubet\" \/>\n<meta name=\"twitter:site\" content=\"@vanderloubet\" \/>\n<script type=\"application\/ld+json\" class=\"yoast-schema-graph\">{\"@context\":\"https:\\\/\\\/schema.org\",\"@graph\":[{\"@type\":\"Article\",\"@id\":\"https:\\\/\\\/vanderloubet.com.br\\\/deputado\\\/com-apoio-de-vander-campo-grande-recebe-quase-meio-bilhao-do-pac\\\/#article\",\"isPartOf\":{\"@id\":\"https:\\\/\\\/vanderloubet.com.br\\\/deputado\\\/com-apoio-de-vander-campo-grande-recebe-quase-meio-bilhao-do-pac\\\/\"},\"author\":{\"name\":\"\u00c9der\",\"@id\":\"https:\\\/\\\/vanderloubet.com.br\\\/deputado\\\/#\\\/schema\\\/person\\\/15b51bd564532a8a68d9dec1b8eb890e\"},\"headline\":\"Com apoio de Vander, Campo Grande recebe quase meio bilh\u00e3o do PAC\",\"datePublished\":\"2014-06-16T21:32:24+00:00\",\"dateModified\":\"2015-04-06T22:12:03+00:00\",\"mainEntityOfPage\":{\"@id\":\"https:\\\/\\\/vanderloubet.com.br\\\/deputado\\\/com-apoio-de-vander-campo-grande-recebe-quase-meio-bilhao-do-pac\\\/\"},\"wordCount\":720,\"publisher\":{\"@id\":\"https:\\\/\\\/vanderloubet.com.br\\\/deputado\\\/#organization\"},\"image\":{\"@id\":\"https:\\\/\\\/vanderloubet.com.br\\\/deputado\\\/com-apoio-de-vander-campo-grande-recebe-quase-meio-bilhao-do-pac\\\/#primaryimage\"},\"thumbnailUrl\":\"https:\\\/\\\/vanderloubet.com.br\\\/deputado\\\/wp-content\\\/uploads\\\/2015\\\/04\\\/foto-2014-06-16-contratos-pac-campo-grande-02.jpg\",\"keywords\":[\"infraestrutura\",\"mobilidade urbana\",\"pac\",\"pac 2\"],\"articleSection\":[\"Munic\u00edpios\",\"Not\u00edcias\"],\"inLanguage\":\"pt-BR\"},{\"@type\":\"WebPage\",\"@id\":\"https:\\\/\\\/vanderloubet.com.br\\\/deputado\\\/com-apoio-de-vander-campo-grande-recebe-quase-meio-bilhao-do-pac\\\/\",\"url\":\"https:\\\/\\\/vanderloubet.com.br\\\/deputado\\\/com-apoio-de-vander-campo-grande-recebe-quase-meio-bilhao-do-pac\\\/\",\"name\":\"Com apoio de Vander, Campo Grande recebe quase meio bilh\u00e3o do PAC\",\"isPartOf\":{\"@id\":\"https:\\\/\\\/vanderloubet.com.br\\\/deputado\\\/#website\"},\"primaryImageOfPage\":{\"@id\":\"https:\\\/\\\/vanderloubet.com.br\\\/deputado\\\/com-apoio-de-vander-campo-grande-recebe-quase-meio-bilhao-do-pac\\\/#primaryimage\"},\"image\":{\"@id\":\"https:\\\/\\\/vanderloubet.com.br\\\/deputado\\\/com-apoio-de-vander-campo-grande-recebe-quase-meio-bilhao-do-pac\\\/#primaryimage\"},\"thumbnailUrl\":\"https:\\\/\\\/vanderloubet.com.br\\\/deputado\\\/wp-content\\\/uploads\\\/2015\\\/04\\\/foto-2014-06-16-contratos-pac-campo-grande-02.jpg\",\"datePublished\":\"2014-06-16T21:32:24+00:00\",\"dateModified\":\"2015-04-06T22:12:03+00:00\",\"breadcrumb\":{\"@id\":\"https:\\\/\\\/vanderloubet.com.br\\\/deputado\\\/com-apoio-de-vander-campo-grande-recebe-quase-meio-bilhao-do-pac\\\/#breadcrumb\"},\"inLanguage\":\"pt-BR\",\"potentialAction\":[{\"@type\":\"ReadAction\",\"target\":[\"https:\\\/\\\/vanderloubet.com.br\\\/deputado\\\/com-apoio-de-vander-campo-grande-recebe-quase-meio-bilhao-do-pac\\\/\"]}]},{\"@type\":\"ImageObject\",\"inLanguage\":\"pt-BR\",\"@id\":\"https:\\\/\\\/vanderloubet.com.br\\\/deputado\\\/com-apoio-de-vander-campo-grande-recebe-quase-meio-bilhao-do-pac\\\/#primaryimage\",\"url\":\"https:\\\/\\\/vanderloubet.com.br\\\/deputado\\\/wp-content\\\/uploads\\\/2015\\\/04\\\/foto-2014-06-16-contratos-pac-campo-grande-02.jpg\",\"contentUrl\":\"https:\\\/\\\/vanderloubet.com.br\\\/deputado\\\/wp-content\\\/uploads\\\/2015\\\/04\\\/foto-2014-06-16-contratos-pac-campo-grande-02.jpg\",\"width\":1200,\"height\":720,\"caption\":\"Vander destacou que PAC Mobilidade era para sedes da Copa, mas Campo Grande tamb\u00e9m entrou\"},{\"@type\":\"BreadcrumbList\",\"@id\":\"https:\\\/\\\/vanderloubet.com.br\\\/deputado\\\/com-apoio-de-vander-campo-grande-recebe-quase-meio-bilhao-do-pac\\\/#breadcrumb\",\"itemListElement\":[{\"@type\":\"ListItem\",\"position\":1,\"name\":\"In\u00edcio\",\"item\":\"https:\\\/\\\/vanderloubet.com.br\\\/deputado\\\/\"},{\"@type\":\"ListItem\",\"position\":2,\"name\":\"Com apoio de Vander, Campo Grande recebe quase meio bilh\u00e3o do PAC\"}]},{\"@type\":\"WebSite\",\"@id\":\"https:\\\/\\\/vanderloubet.com.br\\\/deputado\\\/#website\",\"url\":\"https:\\\/\\\/vanderloubet.com.br\\\/deputado\\\/\",\"name\":\"Deputado Federal Vander Loubet\",\"description\":\"O Federal de MS\",\"publisher\":{\"@id\":\"https:\\\/\\\/vanderloubet.com.br\\\/deputado\\\/#organization\"},\"alternateName\":\"Deputado Vander\",\"potentialAction\":[{\"@type\":\"SearchAction\",\"target\":{\"@type\":\"EntryPoint\",\"urlTemplate\":\"https:\\\/\\\/vanderloubet.com.br\\\/deputado\\\/?s={search_term_string}\"},\"query-input\":{\"@type\":\"PropertyValueSpecification\",\"valueRequired\":true,\"valueName\":\"search_term_string\"}}],\"inLanguage\":\"pt-BR\"},{\"@type\":\"Organization\",\"@id\":\"https:\\\/\\\/vanderloubet.com.br\\\/deputado\\\/#organization\",\"name\":\"Deputado Federal Vander Loubet\",\"alternateName\":\"Deputado Vander\",\"url\":\"https:\\\/\\\/vanderloubet.com.br\\\/deputado\\\/\",\"logo\":{\"@type\":\"ImageObject\",\"inLanguage\":\"pt-BR\",\"@id\":\"https:\\\/\\\/vanderloubet.com.br\\\/deputado\\\/#\\\/schema\\\/logo\\\/image\\\/\",\"url\":\"https:\\\/\\\/vanderloubet.com.br\\\/deputado\\\/wp-content\\\/uploads\\\/2023\\\/06\\\/foto-2023-06-19-mandato-deputado-vander.jpg\",\"contentUrl\":\"https:\\\/\\\/vanderloubet.com.br\\\/deputado\\\/wp-content\\\/uploads\\\/2023\\\/06\\\/foto-2023-06-19-mandato-deputado-vander.jpg\",\"width\":1080,\"height\":1080,\"caption\":\"Deputado Federal Vander Loubet\"},\"image\":{\"@id\":\"https:\\\/\\\/vanderloubet.com.br\\\/deputado\\\/#\\\/schema\\\/logo\\\/image\\\/\"},\"sameAs\":[\"https:\\\/\\\/facebook.com\\\/deputadovander\",\"https:\\\/\\\/x.com\\\/vanderloubet\",\"https:\\\/\\\/instagram.com\\\/vanderloubet\",\"https:\\\/\\\/youtube.com\\\/vanderloubet\",\"https:\\\/\\\/tiktok.com\\\/@vanderloubetms\"]},{\"@type\":\"Person\",\"@id\":\"https:\\\/\\\/vanderloubet.com.br\\\/deputado\\\/#\\\/schema\\\/person\\\/15b51bd564532a8a68d9dec1b8eb890e\",\"name\":\"\u00c9der\",\"image\":{\"@type\":\"ImageObject\",\"inLanguage\":\"pt-BR\",\"@id\":\"https:\\\/\\\/vanderloubet.com.br\\\/deputado\\\/wp-content\\\/litespeed\\\/avatar\\\/88ca4090d9d5ab1c9495f6ca03b68efa.jpg?ver=1777058957\",\"url\":\"https:\\\/\\\/vanderloubet.com.br\\\/deputado\\\/wp-content\\\/litespeed\\\/avatar\\\/88ca4090d9d5ab1c9495f6ca03b68efa.jpg?ver=1777058957\",\"contentUrl\":\"https:\\\/\\\/vanderloubet.com.br\\\/deputado\\\/wp-content\\\/litespeed\\\/avatar\\\/88ca4090d9d5ab1c9495f6ca03b68efa.jpg?ver=1777058957\",\"caption\":\"\u00c9der\"}}]}<\/script>\n<!-- \/ Yoast SEO plugin. -->","yoast_head_json":{"title":"Com apoio de Vander, Campo Grande recebe quase meio bilh\u00e3o do PAC","robots":{"index":"index","follow":"follow","max-snippet":"max-snippet:-1","max-image-preview":"max-image-preview:large","max-video-preview":"max-video-preview:-1"},"canonical":"https:\/\/vanderloubet.com.br\/deputado\/com-apoio-de-vander-campo-grande-recebe-quase-meio-bilhao-do-pac\/","og_locale":"pt_BR","og_type":"article","og_title":"Com apoio de Vander, Campo Grande recebe quase meio bilh\u00e3o do PAC","og_description":"Os recursos liberados pelo Governo Federal fazem parte do PAC de Mobilidade Urbana e do PAC 2 de Qualifica\u00e7\u00e3o de Vias Urbanas.","og_url":"https:\/\/vanderloubet.com.br\/deputado\/com-apoio-de-vander-campo-grande-recebe-quase-meio-bilhao-do-pac\/","og_site_name":"Deputado Federal Vander Loubet","article_publisher":"https:\/\/facebook.com\/deputadovander","article_published_time":"2014-06-16T21:32:24+00:00","article_modified_time":"2015-04-06T22:12:03+00:00","og_image":[{"width":1200,"height":720,"url":"https:\/\/vanderloubet.com.br\/deputado\/wp-content\/uploads\/2015\/04\/foto-2014-06-16-contratos-pac-campo-grande-02.jpg","type":"image\/jpeg"}],"author":"\u00c9der","twitter_card":"summary_large_image","twitter_creator":"@vanderloubet","twitter_site":"@vanderloubet","schema":{"@context":"https:\/\/schema.org","@graph":[{"@type":"Article","@id":"https:\/\/vanderloubet.com.br\/deputado\/com-apoio-de-vander-campo-grande-recebe-quase-meio-bilhao-do-pac\/#article","isPartOf":{"@id":"https:\/\/vanderloubet.com.br\/deputado\/com-apoio-de-vander-campo-grande-recebe-quase-meio-bilhao-do-pac\/"},"author":{"name":"\u00c9der","@id":"https:\/\/vanderloubet.com.br\/deputado\/#\/schema\/person\/15b51bd564532a8a68d9dec1b8eb890e"},"headline":"Com apoio de Vander, Campo Grande recebe quase meio bilh\u00e3o do PAC","datePublished":"2014-06-16T21:32:24+00:00","dateModified":"2015-04-06T22:12:03+00:00","mainEntityOfPage":{"@id":"https:\/\/vanderloubet.com.br\/deputado\/com-apoio-de-vander-campo-grande-recebe-quase-meio-bilhao-do-pac\/"},"wordCount":720,"publisher":{"@id":"https:\/\/vanderloubet.com.br\/deputado\/#organization"},"image":{"@id":"https:\/\/vanderloubet.com.br\/deputado\/com-apoio-de-vander-campo-grande-recebe-quase-meio-bilhao-do-pac\/#primaryimage"},"thumbnailUrl":"https:\/\/vanderloubet.com.br\/deputado\/wp-content\/uploads\/2015\/04\/foto-2014-06-16-contratos-pac-campo-grande-02.jpg","keywords":["infraestrutura","mobilidade urbana","pac","pac 2"],"articleSection":["Munic\u00edpios","Not\u00edcias"],"inLanguage":"pt-BR"},{"@type":"WebPage","@id":"https:\/\/vanderloubet.com.br\/deputado\/com-apoio-de-vander-campo-grande-recebe-quase-meio-bilhao-do-pac\/","url":"https:\/\/vanderloubet.com.br\/deputado\/com-apoio-de-vander-campo-grande-recebe-quase-meio-bilhao-do-pac\/","name":"Com apoio de Vander, Campo Grande recebe quase meio bilh\u00e3o do PAC","isPartOf":{"@id":"https:\/\/vanderloubet.com.br\/deputado\/#website"},"primaryImageOfPage":{"@id":"https:\/\/vanderloubet.com.br\/deputado\/com-apoio-de-vander-campo-grande-recebe-quase-meio-bilhao-do-pac\/#primaryimage"},"image":{"@id":"https:\/\/vanderloubet.com.br\/deputado\/com-apoio-de-vander-campo-grande-recebe-quase-meio-bilhao-do-pac\/#primaryimage"},"thumbnailUrl":"https:\/\/vanderloubet.com.br\/deputado\/wp-content\/uploads\/2015\/04\/foto-2014-06-16-contratos-pac-campo-grande-02.jpg","datePublished":"2014-06-16T21:32:24+00:00","dateModified":"2015-04-06T22:12:03+00:00","breadcrumb":{"@id":"https:\/\/vanderloubet.com.br\/deputado\/com-apoio-de-vander-campo-grande-recebe-quase-meio-bilhao-do-pac\/#breadcrumb"},"inLanguage":"pt-BR","potentialAction":[{"@type":"ReadAction","target":["https:\/\/vanderloubet.com.br\/deputado\/com-apoio-de-vander-campo-grande-recebe-quase-meio-bilhao-do-pac\/"]}]},{"@type":"ImageObject","inLanguage":"pt-BR","@id":"https:\/\/vanderloubet.com.br\/deputado\/com-apoio-de-vander-campo-grande-recebe-quase-meio-bilhao-do-pac\/#primaryimage","url":"https:\/\/vanderloubet.com.br\/deputado\/wp-content\/uploads\/2015\/04\/foto-2014-06-16-contratos-pac-campo-grande-02.jpg","contentUrl":"https:\/\/vanderloubet.com.br\/deputado\/wp-content\/uploads\/2015\/04\/foto-2014-06-16-contratos-pac-campo-grande-02.jpg","width":1200,"height":720,"caption":"Vander destacou que PAC Mobilidade era para sedes da Copa, mas Campo Grande tamb\u00e9m entrou"},{"@type":"BreadcrumbList","@id":"https:\/\/vanderloubet.com.br\/deputado\/com-apoio-de-vander-campo-grande-recebe-quase-meio-bilhao-do-pac\/#breadcrumb","itemListElement":[{"@type":"ListItem","position":1,"name":"In\u00edcio","item":"https:\/\/vanderloubet.com.br\/deputado\/"},{"@type":"ListItem","position":2,"name":"Com apoio de Vander, Campo Grande recebe quase meio bilh\u00e3o do PAC"}]},{"@type":"WebSite","@id":"https:\/\/vanderloubet.com.br\/deputado\/#website","url":"https:\/\/vanderloubet.com.br\/deputado\/","name":"Deputado Federal Vander Loubet","description":"O Federal de MS","publisher":{"@id":"https:\/\/vanderloubet.com.br\/deputado\/#organization"},"alternateName":"Deputado Vander","potentialAction":[{"@type":"SearchAction","target":{"@type":"EntryPoint","urlTemplate":"https:\/\/vanderloubet.com.br\/deputado\/?s={search_term_string}"},"query-input":{"@type":"PropertyValueSpecification","valueRequired":true,"valueName":"search_term_string"}}],"inLanguage":"pt-BR"},{"@type":"Organization","@id":"https:\/\/vanderloubet.com.br\/deputado\/#organization","name":"Deputado Federal Vander Loubet","alternateName":"Deputado Vander","url":"https:\/\/vanderloubet.com.br\/deputado\/","logo":{"@type":"ImageObject","inLanguage":"pt-BR","@id":"https:\/\/vanderloubet.com.br\/deputado\/#\/schema\/logo\/image\/","url":"https:\/\/vanderloubet.com.br\/deputado\/wp-content\/uploads\/2023\/06\/foto-2023-06-19-mandato-deputado-vander.jpg","contentUrl":"https:\/\/vanderloubet.com.br\/deputado\/wp-content\/uploads\/2023\/06\/foto-2023-06-19-mandato-deputado-vander.jpg","width":1080,"height":1080,"caption":"Deputado Federal Vander Loubet"},"image":{"@id":"https:\/\/vanderloubet.com.br\/deputado\/#\/schema\/logo\/image\/"},"sameAs":["https:\/\/facebook.com\/deputadovander","https:\/\/x.com\/vanderloubet","https:\/\/instagram.com\/vanderloubet","https:\/\/youtube.com\/vanderloubet","https:\/\/tiktok.com\/@vanderloubetms"]},{"@type":"Person","@id":"https:\/\/vanderloubet.com.br\/deputado\/#\/schema\/person\/15b51bd564532a8a68d9dec1b8eb890e","name":"\u00c9der","image":{"@type":"ImageObject","inLanguage":"pt-BR","@id":"https:\/\/vanderloubet.com.br\/deputado\/wp-content\/litespeed\/avatar\/88ca4090d9d5ab1c9495f6ca03b68efa.jpg?ver=1777058957","url":"https:\/\/vanderloubet.com.br\/deputado\/wp-content\/litespeed\/avatar\/88ca4090d9d5ab1c9495f6ca03b68efa.jpg?ver=1777058957","contentUrl":"https:\/\/vanderloubet.com.br\/deputado\/wp-content\/litespeed\/avatar\/88ca4090d9d5ab1c9495f6ca03b68efa.jpg?ver=1777058957","caption":"\u00c9der"}}]}},"jetpack_featured_media_url":"https:\/\/vanderloubet.com.br\/deputado\/wp-content\/uploads\/2015\/04\/foto-2014-06-16-contratos-pac-campo-grande-02.jpg","jetpack_sharing_enabled":true,"_links":{"self":[{"href":"https:\/\/vanderloubet.com.br\/deputado\/wp-json\/wp\/v2\/posts\/9264","targetHints":{"allow":["GET"]}}],"collection":[{"href":"https:\/\/vanderloubet.com.br\/deputado\/wp-json\/wp\/v2\/posts"}],"about":[{"href":"https:\/\/vanderloubet.com.br\/deputado\/wp-json\/wp\/v2\/types\/post"}],"author":[{"embeddable":true,"href":"https:\/\/vanderloubet.com.br\/deputado\/wp-json\/wp\/v2\/users\/2"}],"replies":[{"embeddable":true,"href":"https:\/\/vanderloubet.com.br\/deputado\/wp-json\/wp\/v2\/comments?post=9264"}],"version-history":[{"count":0,"href":"https:\/\/vanderloubet.com.br\/deputado\/wp-json\/wp\/v2\/posts\/9264\/revisions"}],"wp:featuredmedia":[{"embeddable":true,"href":"https:\/\/vanderloubet.com.br\/deputado\/wp-json\/wp\/v2\/media\/9266"}],"wp:attachment":[{"href":"https:\/\/vanderloubet.com.br\/deputado\/wp-json\/wp\/v2\/media?parent=9264"}],"wp:term":[{"taxonomy":"category","embeddable":true,"href":"https:\/\/vanderloubet.com.br\/deputado\/wp-json\/wp\/v2\/categories?post=9264"},{"taxonomy":"post_tag","embeddable":true,"href":"https:\/\/vanderloubet.com.br\/deputado\/wp-json\/wp\/v2\/tags?post=9264"}],"curies":[{"name":"wp","href":"https:\/\/api.w.org\/{rel}","templated":true}]}}