{"id":9253,"date":"2014-07-16T07:10:07","date_gmt":"2014-07-16T10:10:07","guid":{"rendered":"http:\/\/vanderloubet.com.br\/deputado\/?p=9253"},"modified":"2015-04-06T18:19:17","modified_gmt":"2015-04-06T21:19:17","slug":"com-apoio-de-vander-e-delcidio-coxim-recebe-20-milhoes-do-pac2","status":"publish","type":"post","link":"https:\/\/vanderloubet.com.br\/deputado\/com-apoio-de-vander-e-delcidio-coxim-recebe-20-milhoes-do-pac2\/","title":{"rendered":"Com apoio de Vander e Delc\u00eddio, Coxim recebe R$ 20 milh\u00f5es do PAC 2"},"content":{"rendered":"<figure id=\"attachment_9254\" aria-describedby=\"caption-attachment-9254\" style=\"width: 700px\" class=\"wp-caption alignnone\"><img decoding=\"async\" class=\"wp-image-9254 size-large\" title=\"Vista a\u00e9rea da cidade de Coxim\" src=\"http:\/\/vanderloubet.com.br\/deputado\/wp-content\/uploads\/2015\/04\/foto-2014-07-16-coxim-700x464.jpg\" alt=\"Vista a\u00e9rea da cidade de Coxim\" width=\"700\" height=\"464\" srcset=\"https:\/\/vanderloubet.com.br\/deputado\/wp-content\/uploads\/2015\/04\/foto-2014-07-16-coxim-700x464.jpg 700w, https:\/\/vanderloubet.com.br\/deputado\/wp-content\/uploads\/2015\/04\/foto-2014-07-16-coxim-350x232.jpg 350w, https:\/\/vanderloubet.com.br\/deputado\/wp-content\/uploads\/2015\/04\/foto-2014-07-16-coxim-768x509.jpg 768w, https:\/\/vanderloubet.com.br\/deputado\/wp-content\/uploads\/2015\/04\/foto-2014-07-16-coxim-634x420.jpg 634w, https:\/\/vanderloubet.com.br\/deputado\/wp-content\/uploads\/2015\/04\/foto-2014-07-16-coxim-696x461.jpg 696w, https:\/\/vanderloubet.com.br\/deputado\/wp-content\/uploads\/2015\/04\/foto-2014-07-16-coxim-1068x708.jpg 1068w, https:\/\/vanderloubet.com.br\/deputado\/wp-content\/uploads\/2015\/04\/foto-2014-07-16-coxim.jpg 1200w\" sizes=\"(max-width: 700px) 100vw, 700px\" \/><figcaption id=\"caption-attachment-9254\" class=\"wp-caption-text\">Vista a\u00e9rea da cidade de Coxim<\/figcaption><\/figure>\n<p>Na semana passada, o prefeito de Coxim, Aluizio S\u00e3o Jos\u00e9 (PSB), assinou um contrato na Superintend\u00eancia da Caixa Econ\u00f4mica Federal (CEF), em Campo Grande, para libera\u00e7\u00e3o de recursos da segunda fase do Programa de Acelera\u00e7\u00e3o do Crescimento (PAC 2) do Governo Federal. O munic\u00edpio est\u00e1 sendo contemplado com quase R$ 20 milh\u00f5es para obras de pavimenta\u00e7\u00e3o e drenagem nos bairros Piracema e Vila S\u00e3o Paulo.<\/p>\n<p>A libera\u00e7\u00e3o dos recursos do programa de qualifica\u00e7\u00e3o de vias urbanas do PAC 2 para Coxim contou com a interven\u00e7\u00e3o do deputado federal Vander Loubet (PT). &#8220;Com certeza essa obra ir\u00e1 trazer mais qualidade de vida para a popula\u00e7\u00e3o coxinense&#8221;, comemorou Vander. Ser\u00e3o investidos R$ 8,5 milh\u00f5es no Bairro Piracema e cerca de R$ 12,3 milh\u00f5es na Vila S\u00e3o Paulo.<\/p>\n<p>Esse projeto tramitava no Governo Federal desde 2012, ainda remanescente da gest\u00e3o da ex-prefeita Dinalva Mour\u00e3o (PMDB) e sempre contou com o apoio da bancada federal do PT-MS, formada por Vander, pelo deputado federal Ant\u00f4nio Carlos Biffi e pelo senador Delc\u00eddio do Amaral.<\/p>\n<p>Para saber mais sobre as emendas e recursos federais viabilizados pelo deputado Vander para Coxim, veja a tabela abaixo:<\/p>\n<p><iframe src=\"https:\/\/docs.google.com\/file\/d\/0B_91q9rqurm-VlFCLTcyYjJGSkk\/preview\" width=\"100%\" height=\"510\"><\/iframe><\/p>\n<p><em>(Luane Morais \u2013 Ascom\/Deputado Vander)<\/em><\/p>\n","protected":false},"excerpt":{"rendered":"<p>Ser\u00e3o investidos em pavimenta\u00e7\u00e3o e drenagem R$ 8,5 milh\u00f5es no Bairro Piracema e cerca de R$ 12,3 milh\u00f5es na Vila S\u00e3o Paulo.<\/p>\n","protected":false},"author":2,"featured_media":9254,"comment_status":"closed","ping_status":"closed","sticky":false,"template":"","format":"standard","meta":{"jetpack_post_was_ever_published":false,"_jetpack_newsletter_access":"","_jetpack_dont_email_post_to_subs":false,"_jetpack_newsletter_tier_id":0,"_jetpack_memberships_contains_paywalled_content":false,"_jetpack_memberships_contains_paid_content":false,"footnotes":""},"categories":[2097,10],"tags":[1028,1446],"class_list":{"0":"post-9253","1":"post","2":"type-post","3":"status-publish","4":"format-standard","5":"has-post-thumbnail","7":"category-municipios-noticias","8":"category-noticias","9":"tag-infraestrutura","10":"tag-pac-2"},"yoast_head":"<!-- This site is optimized with the Yoast SEO plugin v27.4 - https:\/\/yoast.com\/product\/yoast-seo-wordpress\/ -->\n<title>Com apoio de Vander e Delc\u00eddio, Coxim recebe R$ 20 milh\u00f5es do PAC 2<\/title>\n<meta name=\"robots\" content=\"index, follow, max-snippet:-1, max-image-preview:large, max-video-preview:-1\" \/>\n<link rel=\"canonical\" href=\"https:\/\/vanderloubet.com.br\/deputado\/com-apoio-de-vander-e-delcidio-coxim-recebe-20-milhoes-do-pac2\/\" \/>\n<meta property=\"og:locale\" content=\"pt_BR\" \/>\n<meta property=\"og:type\" content=\"article\" \/>\n<meta property=\"og:title\" content=\"Com apoio de Vander e Delc\u00eddio, Coxim recebe R$ 20 milh\u00f5es do PAC 2\" \/>\n<meta property=\"og:description\" content=\"Ser\u00e3o investidos em pavimenta\u00e7\u00e3o e drenagem R$ 8,5 milh\u00f5es no Bairro Piracema e cerca de R$ 12,3 milh\u00f5es na Vila S\u00e3o Paulo.\" \/>\n<meta property=\"og:url\" content=\"https:\/\/vanderloubet.com.br\/deputado\/com-apoio-de-vander-e-delcidio-coxim-recebe-20-milhoes-do-pac2\/\" \/>\n<meta property=\"og:site_name\" content=\"Deputado Federal Vander Loubet\" \/>\n<meta property=\"article:publisher\" content=\"https:\/\/facebook.com\/deputadovander\" \/>\n<meta property=\"article:published_time\" content=\"2014-07-16T10:10:07+00:00\" \/>\n<meta property=\"article:modified_time\" content=\"2015-04-06T21:19:17+00:00\" \/>\n<meta property=\"og:image\" content=\"https:\/\/vanderloubet.com.br\/deputado\/wp-content\/uploads\/2015\/04\/foto-2014-07-16-coxim.jpg\" \/>\n\t<meta property=\"og:image:width\" content=\"1200\" \/>\n\t<meta property=\"og:image:height\" content=\"795\" \/>\n\t<meta property=\"og:image:type\" content=\"image\/jpeg\" \/>\n<meta name=\"author\" content=\"\u00c9der\" \/>\n<meta name=\"twitter:card\" content=\"summary_large_image\" \/>\n<meta name=\"twitter:creator\" content=\"@vanderloubet\" \/>\n<meta name=\"twitter:site\" content=\"@vanderloubet\" \/>\n<script type=\"application\/ld+json\" class=\"yoast-schema-graph\">{\"@context\":\"https:\\\/\\\/schema.org\",\"@graph\":[{\"@type\":\"Article\",\"@id\":\"https:\\\/\\\/vanderloubet.com.br\\\/deputado\\\/com-apoio-de-vander-e-delcidio-coxim-recebe-20-milhoes-do-pac2\\\/#article\",\"isPartOf\":{\"@id\":\"https:\\\/\\\/vanderloubet.com.br\\\/deputado\\\/com-apoio-de-vander-e-delcidio-coxim-recebe-20-milhoes-do-pac2\\\/\"},\"author\":{\"name\":\"\u00c9der\",\"@id\":\"https:\\\/\\\/vanderloubet.com.br\\\/deputado\\\/#\\\/schema\\\/person\\\/15b51bd564532a8a68d9dec1b8eb890e\"},\"headline\":\"Com apoio de Vander e Delc\u00eddio, Coxim recebe R$ 20 milh\u00f5es do PAC 2\",\"datePublished\":\"2014-07-16T10:10:07+00:00\",\"dateModified\":\"2015-04-06T21:19:17+00:00\",\"mainEntityOfPage\":{\"@id\":\"https:\\\/\\\/vanderloubet.com.br\\\/deputado\\\/com-apoio-de-vander-e-delcidio-coxim-recebe-20-milhoes-do-pac2\\\/\"},\"wordCount\":235,\"publisher\":{\"@id\":\"https:\\\/\\\/vanderloubet.com.br\\\/deputado\\\/#organization\"},\"image\":{\"@id\":\"https:\\\/\\\/vanderloubet.com.br\\\/deputado\\\/com-apoio-de-vander-e-delcidio-coxim-recebe-20-milhoes-do-pac2\\\/#primaryimage\"},\"thumbnailUrl\":\"https:\\\/\\\/vanderloubet.com.br\\\/deputado\\\/wp-content\\\/uploads\\\/2015\\\/04\\\/foto-2014-07-16-coxim.jpg\",\"keywords\":[\"infraestrutura\",\"pac 2\"],\"articleSection\":[\"Munic\u00edpios\",\"Not\u00edcias\"],\"inLanguage\":\"pt-BR\"},{\"@type\":\"WebPage\",\"@id\":\"https:\\\/\\\/vanderloubet.com.br\\\/deputado\\\/com-apoio-de-vander-e-delcidio-coxim-recebe-20-milhoes-do-pac2\\\/\",\"url\":\"https:\\\/\\\/vanderloubet.com.br\\\/deputado\\\/com-apoio-de-vander-e-delcidio-coxim-recebe-20-milhoes-do-pac2\\\/\",\"name\":\"Com apoio de Vander e Delc\u00eddio, Coxim recebe R$ 20 milh\u00f5es do PAC 2\",\"isPartOf\":{\"@id\":\"https:\\\/\\\/vanderloubet.com.br\\\/deputado\\\/#website\"},\"primaryImageOfPage\":{\"@id\":\"https:\\\/\\\/vanderloubet.com.br\\\/deputado\\\/com-apoio-de-vander-e-delcidio-coxim-recebe-20-milhoes-do-pac2\\\/#primaryimage\"},\"image\":{\"@id\":\"https:\\\/\\\/vanderloubet.com.br\\\/deputado\\\/com-apoio-de-vander-e-delcidio-coxim-recebe-20-milhoes-do-pac2\\\/#primaryimage\"},\"thumbnailUrl\":\"https:\\\/\\\/vanderloubet.com.br\\\/deputado\\\/wp-content\\\/uploads\\\/2015\\\/04\\\/foto-2014-07-16-coxim.jpg\",\"datePublished\":\"2014-07-16T10:10:07+00:00\",\"dateModified\":\"2015-04-06T21:19:17+00:00\",\"breadcrumb\":{\"@id\":\"https:\\\/\\\/vanderloubet.com.br\\\/deputado\\\/com-apoio-de-vander-e-delcidio-coxim-recebe-20-milhoes-do-pac2\\\/#breadcrumb\"},\"inLanguage\":\"pt-BR\",\"potentialAction\":[{\"@type\":\"ReadAction\",\"target\":[\"https:\\\/\\\/vanderloubet.com.br\\\/deputado\\\/com-apoio-de-vander-e-delcidio-coxim-recebe-20-milhoes-do-pac2\\\/\"]}]},{\"@type\":\"ImageObject\",\"inLanguage\":\"pt-BR\",\"@id\":\"https:\\\/\\\/vanderloubet.com.br\\\/deputado\\\/com-apoio-de-vander-e-delcidio-coxim-recebe-20-milhoes-do-pac2\\\/#primaryimage\",\"url\":\"https:\\\/\\\/vanderloubet.com.br\\\/deputado\\\/wp-content\\\/uploads\\\/2015\\\/04\\\/foto-2014-07-16-coxim.jpg\",\"contentUrl\":\"https:\\\/\\\/vanderloubet.com.br\\\/deputado\\\/wp-content\\\/uploads\\\/2015\\\/04\\\/foto-2014-07-16-coxim.jpg\",\"width\":1200,\"height\":795,\"caption\":\"Vista a\u00e9rea da cidade de Coxim\"},{\"@type\":\"BreadcrumbList\",\"@id\":\"https:\\\/\\\/vanderloubet.com.br\\\/deputado\\\/com-apoio-de-vander-e-delcidio-coxim-recebe-20-milhoes-do-pac2\\\/#breadcrumb\",\"itemListElement\":[{\"@type\":\"ListItem\",\"position\":1,\"name\":\"In\u00edcio\",\"item\":\"https:\\\/\\\/vanderloubet.com.br\\\/deputado\\\/\"},{\"@type\":\"ListItem\",\"position\":2,\"name\":\"Com apoio de Vander e Delc\u00eddio, Coxim recebe R$ 20 milh\u00f5es do PAC 2\"}]},{\"@type\":\"WebSite\",\"@id\":\"https:\\\/\\\/vanderloubet.com.br\\\/deputado\\\/#website\",\"url\":\"https:\\\/\\\/vanderloubet.com.br\\\/deputado\\\/\",\"name\":\"Deputado Federal Vander Loubet\",\"description\":\"O Federal de MS\",\"publisher\":{\"@id\":\"https:\\\/\\\/vanderloubet.com.br\\\/deputado\\\/#organization\"},\"alternateName\":\"Deputado Vander\",\"potentialAction\":[{\"@type\":\"SearchAction\",\"target\":{\"@type\":\"EntryPoint\",\"urlTemplate\":\"https:\\\/\\\/vanderloubet.com.br\\\/deputado\\\/?s={search_term_string}\"},\"query-input\":{\"@type\":\"PropertyValueSpecification\",\"valueRequired\":true,\"valueName\":\"search_term_string\"}}],\"inLanguage\":\"pt-BR\"},{\"@type\":\"Organization\",\"@id\":\"https:\\\/\\\/vanderloubet.com.br\\\/deputado\\\/#organization\",\"name\":\"Deputado Federal Vander Loubet\",\"alternateName\":\"Deputado Vander\",\"url\":\"https:\\\/\\\/vanderloubet.com.br\\\/deputado\\\/\",\"logo\":{\"@type\":\"ImageObject\",\"inLanguage\":\"pt-BR\",\"@id\":\"https:\\\/\\\/vanderloubet.com.br\\\/deputado\\\/#\\\/schema\\\/logo\\\/image\\\/\",\"url\":\"https:\\\/\\\/vanderloubet.com.br\\\/deputado\\\/wp-content\\\/uploads\\\/2023\\\/06\\\/foto-2023-06-19-mandato-deputado-vander.jpg\",\"contentUrl\":\"https:\\\/\\\/vanderloubet.com.br\\\/deputado\\\/wp-content\\\/uploads\\\/2023\\\/06\\\/foto-2023-06-19-mandato-deputado-vander.jpg\",\"width\":1080,\"height\":1080,\"caption\":\"Deputado Federal Vander Loubet\"},\"image\":{\"@id\":\"https:\\\/\\\/vanderloubet.com.br\\\/deputado\\\/#\\\/schema\\\/logo\\\/image\\\/\"},\"sameAs\":[\"https:\\\/\\\/facebook.com\\\/deputadovander\",\"https:\\\/\\\/x.com\\\/vanderloubet\",\"https:\\\/\\\/instagram.com\\\/vanderloubet\",\"https:\\\/\\\/youtube.com\\\/vanderloubet\",\"https:\\\/\\\/tiktok.com\\\/@vanderloubetms\"]},{\"@type\":\"Person\",\"@id\":\"https:\\\/\\\/vanderloubet.com.br\\\/deputado\\\/#\\\/schema\\\/person\\\/15b51bd564532a8a68d9dec1b8eb890e\",\"name\":\"\u00c9der\",\"image\":{\"@type\":\"ImageObject\",\"inLanguage\":\"pt-BR\",\"@id\":\"https:\\\/\\\/vanderloubet.com.br\\\/deputado\\\/wp-content\\\/litespeed\\\/avatar\\\/88ca4090d9d5ab1c9495f6ca03b68efa.jpg?ver=1777058957\",\"url\":\"https:\\\/\\\/vanderloubet.com.br\\\/deputado\\\/wp-content\\\/litespeed\\\/avatar\\\/88ca4090d9d5ab1c9495f6ca03b68efa.jpg?ver=1777058957\",\"contentUrl\":\"https:\\\/\\\/vanderloubet.com.br\\\/deputado\\\/wp-content\\\/litespeed\\\/avatar\\\/88ca4090d9d5ab1c9495f6ca03b68efa.jpg?ver=1777058957\",\"caption\":\"\u00c9der\"}}]}<\/script>\n<!-- \/ Yoast SEO plugin. -->","yoast_head_json":{"title":"Com apoio de Vander e Delc\u00eddio, Coxim recebe R$ 20 milh\u00f5es do PAC 2","robots":{"index":"index","follow":"follow","max-snippet":"max-snippet:-1","max-image-preview":"max-image-preview:large","max-video-preview":"max-video-preview:-1"},"canonical":"https:\/\/vanderloubet.com.br\/deputado\/com-apoio-de-vander-e-delcidio-coxim-recebe-20-milhoes-do-pac2\/","og_locale":"pt_BR","og_type":"article","og_title":"Com apoio de Vander e Delc\u00eddio, Coxim recebe R$ 20 milh\u00f5es do PAC 2","og_description":"Ser\u00e3o investidos em pavimenta\u00e7\u00e3o e drenagem R$ 8,5 milh\u00f5es no Bairro Piracema e cerca de R$ 12,3 milh\u00f5es na Vila S\u00e3o Paulo.","og_url":"https:\/\/vanderloubet.com.br\/deputado\/com-apoio-de-vander-e-delcidio-coxim-recebe-20-milhoes-do-pac2\/","og_site_name":"Deputado Federal Vander Loubet","article_publisher":"https:\/\/facebook.com\/deputadovander","article_published_time":"2014-07-16T10:10:07+00:00","article_modified_time":"2015-04-06T21:19:17+00:00","og_image":[{"width":1200,"height":795,"url":"https:\/\/vanderloubet.com.br\/deputado\/wp-content\/uploads\/2015\/04\/foto-2014-07-16-coxim.jpg","type":"image\/jpeg"}],"author":"\u00c9der","twitter_card":"summary_large_image","twitter_creator":"@vanderloubet","twitter_site":"@vanderloubet","schema":{"@context":"https:\/\/schema.org","@graph":[{"@type":"Article","@id":"https:\/\/vanderloubet.com.br\/deputado\/com-apoio-de-vander-e-delcidio-coxim-recebe-20-milhoes-do-pac2\/#article","isPartOf":{"@id":"https:\/\/vanderloubet.com.br\/deputado\/com-apoio-de-vander-e-delcidio-coxim-recebe-20-milhoes-do-pac2\/"},"author":{"name":"\u00c9der","@id":"https:\/\/vanderloubet.com.br\/deputado\/#\/schema\/person\/15b51bd564532a8a68d9dec1b8eb890e"},"headline":"Com apoio de Vander e Delc\u00eddio, Coxim recebe R$ 20 milh\u00f5es do PAC 2","datePublished":"2014-07-16T10:10:07+00:00","dateModified":"2015-04-06T21:19:17+00:00","mainEntityOfPage":{"@id":"https:\/\/vanderloubet.com.br\/deputado\/com-apoio-de-vander-e-delcidio-coxim-recebe-20-milhoes-do-pac2\/"},"wordCount":235,"publisher":{"@id":"https:\/\/vanderloubet.com.br\/deputado\/#organization"},"image":{"@id":"https:\/\/vanderloubet.com.br\/deputado\/com-apoio-de-vander-e-delcidio-coxim-recebe-20-milhoes-do-pac2\/#primaryimage"},"thumbnailUrl":"https:\/\/vanderloubet.com.br\/deputado\/wp-content\/uploads\/2015\/04\/foto-2014-07-16-coxim.jpg","keywords":["infraestrutura","pac 2"],"articleSection":["Munic\u00edpios","Not\u00edcias"],"inLanguage":"pt-BR"},{"@type":"WebPage","@id":"https:\/\/vanderloubet.com.br\/deputado\/com-apoio-de-vander-e-delcidio-coxim-recebe-20-milhoes-do-pac2\/","url":"https:\/\/vanderloubet.com.br\/deputado\/com-apoio-de-vander-e-delcidio-coxim-recebe-20-milhoes-do-pac2\/","name":"Com apoio de Vander e Delc\u00eddio, Coxim recebe R$ 20 milh\u00f5es do PAC 2","isPartOf":{"@id":"https:\/\/vanderloubet.com.br\/deputado\/#website"},"primaryImageOfPage":{"@id":"https:\/\/vanderloubet.com.br\/deputado\/com-apoio-de-vander-e-delcidio-coxim-recebe-20-milhoes-do-pac2\/#primaryimage"},"image":{"@id":"https:\/\/vanderloubet.com.br\/deputado\/com-apoio-de-vander-e-delcidio-coxim-recebe-20-milhoes-do-pac2\/#primaryimage"},"thumbnailUrl":"https:\/\/vanderloubet.com.br\/deputado\/wp-content\/uploads\/2015\/04\/foto-2014-07-16-coxim.jpg","datePublished":"2014-07-16T10:10:07+00:00","dateModified":"2015-04-06T21:19:17+00:00","breadcrumb":{"@id":"https:\/\/vanderloubet.com.br\/deputado\/com-apoio-de-vander-e-delcidio-coxim-recebe-20-milhoes-do-pac2\/#breadcrumb"},"inLanguage":"pt-BR","potentialAction":[{"@type":"ReadAction","target":["https:\/\/vanderloubet.com.br\/deputado\/com-apoio-de-vander-e-delcidio-coxim-recebe-20-milhoes-do-pac2\/"]}]},{"@type":"ImageObject","inLanguage":"pt-BR","@id":"https:\/\/vanderloubet.com.br\/deputado\/com-apoio-de-vander-e-delcidio-coxim-recebe-20-milhoes-do-pac2\/#primaryimage","url":"https:\/\/vanderloubet.com.br\/deputado\/wp-content\/uploads\/2015\/04\/foto-2014-07-16-coxim.jpg","contentUrl":"https:\/\/vanderloubet.com.br\/deputado\/wp-content\/uploads\/2015\/04\/foto-2014-07-16-coxim.jpg","width":1200,"height":795,"caption":"Vista a\u00e9rea da cidade de Coxim"},{"@type":"BreadcrumbList","@id":"https:\/\/vanderloubet.com.br\/deputado\/com-apoio-de-vander-e-delcidio-coxim-recebe-20-milhoes-do-pac2\/#breadcrumb","itemListElement":[{"@type":"ListItem","position":1,"name":"In\u00edcio","item":"https:\/\/vanderloubet.com.br\/deputado\/"},{"@type":"ListItem","position":2,"name":"Com apoio de Vander e Delc\u00eddio, Coxim recebe R$ 20 milh\u00f5es do PAC 2"}]},{"@type":"WebSite","@id":"https:\/\/vanderloubet.com.br\/deputado\/#website","url":"https:\/\/vanderloubet.com.br\/deputado\/","name":"Deputado Federal Vander Loubet","description":"O Federal de MS","publisher":{"@id":"https:\/\/vanderloubet.com.br\/deputado\/#organization"},"alternateName":"Deputado Vander","potentialAction":[{"@type":"SearchAction","target":{"@type":"EntryPoint","urlTemplate":"https:\/\/vanderloubet.com.br\/deputado\/?s={search_term_string}"},"query-input":{"@type":"PropertyValueSpecification","valueRequired":true,"valueName":"search_term_string"}}],"inLanguage":"pt-BR"},{"@type":"Organization","@id":"https:\/\/vanderloubet.com.br\/deputado\/#organization","name":"Deputado Federal Vander Loubet","alternateName":"Deputado Vander","url":"https:\/\/vanderloubet.com.br\/deputado\/","logo":{"@type":"ImageObject","inLanguage":"pt-BR","@id":"https:\/\/vanderloubet.com.br\/deputado\/#\/schema\/logo\/image\/","url":"https:\/\/vanderloubet.com.br\/deputado\/wp-content\/uploads\/2023\/06\/foto-2023-06-19-mandato-deputado-vander.jpg","contentUrl":"https:\/\/vanderloubet.com.br\/deputado\/wp-content\/uploads\/2023\/06\/foto-2023-06-19-mandato-deputado-vander.jpg","width":1080,"height":1080,"caption":"Deputado Federal Vander Loubet"},"image":{"@id":"https:\/\/vanderloubet.com.br\/deputado\/#\/schema\/logo\/image\/"},"sameAs":["https:\/\/facebook.com\/deputadovander","https:\/\/x.com\/vanderloubet","https:\/\/instagram.com\/vanderloubet","https:\/\/youtube.com\/vanderloubet","https:\/\/tiktok.com\/@vanderloubetms"]},{"@type":"Person","@id":"https:\/\/vanderloubet.com.br\/deputado\/#\/schema\/person\/15b51bd564532a8a68d9dec1b8eb890e","name":"\u00c9der","image":{"@type":"ImageObject","inLanguage":"pt-BR","@id":"https:\/\/vanderloubet.com.br\/deputado\/wp-content\/litespeed\/avatar\/88ca4090d9d5ab1c9495f6ca03b68efa.jpg?ver=1777058957","url":"https:\/\/vanderloubet.com.br\/deputado\/wp-content\/litespeed\/avatar\/88ca4090d9d5ab1c9495f6ca03b68efa.jpg?ver=1777058957","contentUrl":"https:\/\/vanderloubet.com.br\/deputado\/wp-content\/litespeed\/avatar\/88ca4090d9d5ab1c9495f6ca03b68efa.jpg?ver=1777058957","caption":"\u00c9der"}}]}},"jetpack_featured_media_url":"https:\/\/vanderloubet.com.br\/deputado\/wp-content\/uploads\/2015\/04\/foto-2014-07-16-coxim.jpg","jetpack_sharing_enabled":true,"_links":{"self":[{"href":"https:\/\/vanderloubet.com.br\/deputado\/wp-json\/wp\/v2\/posts\/9253","targetHints":{"allow":["GET"]}}],"collection":[{"href":"https:\/\/vanderloubet.com.br\/deputado\/wp-json\/wp\/v2\/posts"}],"about":[{"href":"https:\/\/vanderloubet.com.br\/deputado\/wp-json\/wp\/v2\/types\/post"}],"author":[{"embeddable":true,"href":"https:\/\/vanderloubet.com.br\/deputado\/wp-json\/wp\/v2\/users\/2"}],"replies":[{"embeddable":true,"href":"https:\/\/vanderloubet.com.br\/deputado\/wp-json\/wp\/v2\/comments?post=9253"}],"version-history":[{"count":0,"href":"https:\/\/vanderloubet.com.br\/deputado\/wp-json\/wp\/v2\/posts\/9253\/revisions"}],"wp:featuredmedia":[{"embeddable":true,"href":"https:\/\/vanderloubet.com.br\/deputado\/wp-json\/wp\/v2\/media\/9254"}],"wp:attachment":[{"href":"https:\/\/vanderloubet.com.br\/deputado\/wp-json\/wp\/v2\/media?parent=9253"}],"wp:term":[{"taxonomy":"category","embeddable":true,"href":"https:\/\/vanderloubet.com.br\/deputado\/wp-json\/wp\/v2\/categories?post=9253"},{"taxonomy":"post_tag","embeddable":true,"href":"https:\/\/vanderloubet.com.br\/deputado\/wp-json\/wp\/v2\/tags?post=9253"}],"curies":[{"name":"wp","href":"https:\/\/api.w.org\/{rel}","templated":true}]}}