{"id":9244,"date":"2014-06-17T09:41:29","date_gmt":"2014-06-17T12:41:29","guid":{"rendered":"http:\/\/vanderloubet.com.br\/deputado\/?p=9244"},"modified":"2015-04-06T18:08:36","modified_gmt":"2015-04-06T21:08:36","slug":"com-apoio-de-vander-supermercadistas-conseguem-aproximacao-com-ministerio-do-trabalho","status":"publish","type":"post","link":"https:\/\/vanderloubet.com.br\/deputado\/com-apoio-de-vander-supermercadistas-conseguem-aproximacao-com-ministerio-do-trabalho\/","title":{"rendered":"Com apoio de Vander, supermercadistas conseguem aproxima\u00e7\u00e3o com Minist\u00e9rio do Trabalho"},"content":{"rendered":"\r\n                <style type=\"text\/css\">\r\n                    \r\n                    #tdi_1  .td-doubleSlider-2 .td-item1 {\r\n                        background: url(https:\/\/vanderloubet.com.br\/deputado\/wp-content\/uploads\/2015\/04\/foto-2014-06-24-reuniao-amas-srte-mte-01-80x60.jpg) 0 0 no-repeat;\r\n                    }\r\n                    #tdi_1  .td-doubleSlider-2 .td-item2 {\r\n                        background: url(https:\/\/vanderloubet.com.br\/deputado\/wp-content\/uploads\/2015\/04\/foto-2014-06-24-reuniao-amas-srte-mte-02-80x60.jpg) 0 0 no-repeat;\r\n                    }\r\n                    #tdi_1  .td-doubleSlider-2 .td-item3 {\r\n                        background: url(https:\/\/vanderloubet.com.br\/deputado\/wp-content\/uploads\/2014\/06\/foto-2014-06-24-reuniao-amas-srte-mte-03-80x60.jpg) 0 0 no-repeat;\r\n                    }\r\n                <\/style>\r\n\r\n                <div id=\"tdi_1\" class=\"td-gallery td-slide-on-2-columns\">\r\n                    <div class=\"post_td_gallery\">\r\n                        <div class=\"td-gallery-slide-top\">\r\n                           <div class=\"td-gallery-title\"><\/div>\r\n\r\n                            <div class=\"td-gallery-controls-wrapper\">\r\n                                <div class=\"td-gallery-slide-count\"><span class=\"td-gallery-slide-item-focus\">1<\/span> de 3<\/div>\r\n                                <div class=\"td-gallery-slide-prev-next-but\">\r\n                                    <i class = \"td-icon-left doubleSliderPrevButton\"><\/i>\r\n                                    <i class = \"td-icon-right doubleSliderNextButton\"><\/i>\r\n                                <\/div>\r\n                            <\/div>\r\n                        <\/div>\r\n\r\n                        <div class = \"td-doubleSlider-1 \">\r\n                            <div class = \"td-slider\">\r\n                                \r\n                    <div class = \"td-slide-item td-item1\">\r\n                        <figure class=\"td-slide-galery-figure td-slide-popup-gallery\">\r\n                            <a class=\"slide-gallery-image-link\" href=\"https:\/\/vanderloubet.com.br\/deputado\/wp-content\/uploads\/2015\/04\/foto-2014-06-24-reuniao-amas-srte-mte-01.jpg\" title=\"Landmark e Vander ao lado do superintendente An\u00edzio Tiago\"  data-caption=\"\"  data-description=\"Landmark e Vander ao lado do superintendente An&iacute;zio Tiago\">\r\n                                <img decoding=\"async\" src=\"https:\/\/vanderloubet.com.br\/deputado\/wp-content\/uploads\/2015\/04\/foto-2014-06-24-reuniao-amas-srte-mte-01-622x420.jpg\" srcset=\"https:\/\/vanderloubet.com.br\/deputado\/wp-content\/uploads\/2015\/04\/foto-2014-06-24-reuniao-amas-srte-mte-01-622x420.jpg 622w, https:\/\/vanderloubet.com.br\/deputado\/wp-content\/uploads\/2015\/04\/foto-2014-06-24-reuniao-amas-srte-mte-01-350x236.jpg 350w, https:\/\/vanderloubet.com.br\/deputado\/wp-content\/uploads\/2015\/04\/foto-2014-06-24-reuniao-amas-srte-mte-01-768x518.jpg 768w, https:\/\/vanderloubet.com.br\/deputado\/wp-content\/uploads\/2015\/04\/foto-2014-06-24-reuniao-amas-srte-mte-01-700x473.jpg 700w, https:\/\/vanderloubet.com.br\/deputado\/wp-content\/uploads\/2015\/04\/foto-2014-06-24-reuniao-amas-srte-mte-01-696x470.jpg 696w, https:\/\/vanderloubet.com.br\/deputado\/wp-content\/uploads\/2015\/04\/foto-2014-06-24-reuniao-amas-srte-mte-01.jpg 800w\" sizes=\"(max-width: 622px) 100vw, 622px\" alt=\"Landmark e Vander ao lado do superintendente An&iacute;zio Tiago\">\r\n                            <\/a>\r\n                            <figcaption class = \"td-slide-caption td-gallery-slide-content\"><span>Landmark e Vander ao lado do superintendente An\u00edzio Tiago<\/span><\/figcaption>\r\n                        <\/figure>\r\n                    <\/div>\r\n                    <div class = \"td-slide-item td-item2\">\r\n                        <figure class=\"td-slide-galery-figure td-slide-popup-gallery\">\r\n                            <a class=\"slide-gallery-image-link\" href=\"https:\/\/vanderloubet.com.br\/deputado\/wp-content\/uploads\/2015\/04\/foto-2014-06-24-reuniao-amas-srte-mte-02.jpg\" title=\"Empres\u00e1rios cobraram maior aproxima\u00e7\u00e3o com a Superintend\u00eancia para facilitar as orienta\u00e7\u00f5es\"  data-caption=\"\"  data-description=\"Empres&aacute;rios cobraram maior aproxima&ccedil;&atilde;o com a Superintend&ecirc;ncia para facilitar as orienta&ccedil;&otilde;es\">\r\n                                <img decoding=\"async\" src=\"https:\/\/vanderloubet.com.br\/deputado\/wp-content\/uploads\/2015\/04\/foto-2014-06-24-reuniao-amas-srte-mte-02-622x420.jpg\" srcset=\"https:\/\/vanderloubet.com.br\/deputado\/wp-content\/uploads\/2015\/04\/foto-2014-06-24-reuniao-amas-srte-mte-02-622x420.jpg 622w, https:\/\/vanderloubet.com.br\/deputado\/wp-content\/uploads\/2015\/04\/foto-2014-06-24-reuniao-amas-srte-mte-02-350x236.jpg 350w, https:\/\/vanderloubet.com.br\/deputado\/wp-content\/uploads\/2015\/04\/foto-2014-06-24-reuniao-amas-srte-mte-02-768x518.jpg 768w, https:\/\/vanderloubet.com.br\/deputado\/wp-content\/uploads\/2015\/04\/foto-2014-06-24-reuniao-amas-srte-mte-02-700x473.jpg 700w, https:\/\/vanderloubet.com.br\/deputado\/wp-content\/uploads\/2015\/04\/foto-2014-06-24-reuniao-amas-srte-mte-02-696x470.jpg 696w, https:\/\/vanderloubet.com.br\/deputado\/wp-content\/uploads\/2015\/04\/foto-2014-06-24-reuniao-amas-srte-mte-02.jpg 800w\" sizes=\"(max-width: 622px) 100vw, 622px\" alt=\"Empres&aacute;rios cobraram maior aproxima&ccedil;&atilde;o com a Superintend&ecirc;ncia para facilitar as orienta&ccedil;&otilde;es\">\r\n                            <\/a>\r\n                            <figcaption class = \"td-slide-caption td-gallery-slide-content\"><span>Empres\u00e1rios cobraram maior aproxima\u00e7\u00e3o com a Superintend\u00eancia para facilitar as orienta\u00e7\u00f5es<\/span><\/figcaption>\r\n                        <\/figure>\r\n                    <\/div>\r\n                    <div class = \"td-slide-item td-item3\">\r\n                        <figure class=\"td-slide-galery-figure td-slide-popup-gallery\">\r\n                            <a class=\"slide-gallery-image-link\" href=\"https:\/\/vanderloubet.com.br\/deputado\/wp-content\/uploads\/2014\/06\/foto-2014-06-24-reuniao-amas-srte-mte-03.jpg\" title=\"Amas exp\u00f4s casos de autua\u00e7\u00e3o em fiscaliza\u00e7\u00f5es e a dificuldade de adequa\u00e7\u00e3o\"  data-caption=\"\"  data-description=\"Amas exp&ocirc;s casos de autua&ccedil;&atilde;o em fiscaliza&ccedil;&otilde;es e a dificuldade de adequa&ccedil;&atilde;o\">\r\n                                <img decoding=\"async\" src=\"https:\/\/vanderloubet.com.br\/deputado\/wp-content\/uploads\/2014\/06\/foto-2014-06-24-reuniao-amas-srte-mte-03-563x420.jpg\" srcset=\"https:\/\/vanderloubet.com.br\/deputado\/wp-content\/uploads\/2014\/06\/foto-2014-06-24-reuniao-amas-srte-mte-03-563x420.jpg 563w, https:\/\/vanderloubet.com.br\/deputado\/wp-content\/uploads\/2014\/06\/foto-2014-06-24-reuniao-amas-srte-mte-03-350x261.jpg 350w, https:\/\/vanderloubet.com.br\/deputado\/wp-content\/uploads\/2014\/06\/foto-2014-06-24-reuniao-amas-srte-mte-03-768x573.jpg 768w, https:\/\/vanderloubet.com.br\/deputado\/wp-content\/uploads\/2014\/06\/foto-2014-06-24-reuniao-amas-srte-mte-03-700x522.jpg 700w, https:\/\/vanderloubet.com.br\/deputado\/wp-content\/uploads\/2014\/06\/foto-2014-06-24-reuniao-amas-srte-mte-03-80x60.jpg 80w, https:\/\/vanderloubet.com.br\/deputado\/wp-content\/uploads\/2014\/06\/foto-2014-06-24-reuniao-amas-srte-mte-03-696x519.jpg 696w, https:\/\/vanderloubet.com.br\/deputado\/wp-content\/uploads\/2014\/06\/foto-2014-06-24-reuniao-amas-srte-mte-03-265x198.jpg 265w, https:\/\/vanderloubet.com.br\/deputado\/wp-content\/uploads\/2014\/06\/foto-2014-06-24-reuniao-amas-srte-mte-03.jpg 800w\" sizes=\"(max-width: 563px) 100vw, 563px\" alt=\"Amas exp&ocirc;s casos de autua&ccedil;&atilde;o em fiscaliza&ccedil;&otilde;es e a dificuldade de adequa&ccedil;&atilde;o\">\r\n                            <\/a>\r\n                            <figcaption class = \"td-slide-caption td-gallery-slide-content\"><span>Amas exp\u00f4s casos de autua\u00e7\u00e3o em fiscaliza\u00e7\u00f5es e a dificuldade de adequa\u00e7\u00e3o<\/span><\/figcaption>\r\n                        <\/figure>\r\n                    <\/div>\r\n                            <\/div>\r\n                        <\/div>\r\n\r\n                        <div class = \"td-doubleSlider-2\">\r\n                            <div class = \"td-slider\">\r\n                                \r\n                    <div class = \"td-button td-item1\">\r\n                        <div class = \"td-border\"><\/div>\r\n                    <\/div>\r\n                    <div class = \"td-button td-item2\">\r\n                        <div class = \"td-border\"><\/div>\r\n                    <\/div>\r\n                    <div class = \"td-button td-item3\">\r\n                        <div class = \"td-border\"><\/div>\r\n                    <\/div>\r\n                            <\/div>\r\n                        <\/div>\r\n\r\n                    <\/div>\r\n\r\n                <\/div>\r\n                \n<p>A adequa\u00e7\u00e3o \u00e0s Normas Regulamentadoras (NR) 12 e 17 do Minist\u00e9rio do Trabalho e Emprego (MTE) levaram diretores Associa\u00e7\u00e3o Sul-Mato-Grossense de Supermercados (Amas) e empres\u00e1rios supermercadistas, na segunda-feira (16), \u00e0 Superintend\u00eancia Regional do Trabalho e Emprego (SRTE-MS), em Campo Grande. O objetivo, segundo o vice-presidente do Conselho Superior da Amas, Luiz Tadeu Gaedicke, foi obter conhecimento sobre a aplicabilidade dessas legisla\u00e7\u00f5es. \u201cEstamos em busca de conhecimento, de informa\u00e7\u00f5es pontuais. Queremos promover maior aproxima\u00e7\u00e3o com a Superintend\u00eancia para facilitar as orienta\u00e7\u00f5es inerentes aos associados da entidade\u201d, explicou Gaedicke.<\/p>\n<p>Os supermercadistas de Dourados e da Capital expuseram casos de autua\u00e7\u00e3o por parte da fiscaliza\u00e7\u00e3o e a dificuldade que possuem em promover a adequa\u00e7\u00e3o em seus equipamentos por falta do conhecimento mais aprofundado da legisla\u00e7\u00e3o. \u201cVontade em cumprir o que determina a lei todos temos, no entanto falta di\u00e1logo e parceria orientativa para que possamos nos adequar \u00e0s exig\u00eancias das normas t\u00e9cnicas estabelecidas pelo governo\u201d, apontou o vice-presidente da Amas, Francisco Rodrigues Coelho Junior.<\/p>\n<p>O grupo de supermercadistas foi recebido pelo superintendente An\u00edzio Pereira Tiago, acompanhado pelo deputado federal Vander Loubet (PT) e pelo titular da Secretaria Municipal de Agricultura Familiar e Economia Solid\u00e1ria (Semafes) de Dourados, Landmark Ferreira Rios, que intercederam em favor de uma solu\u00e7\u00e3o para ambas as partes. \u201cPor um lado temos os comerciantes, geradores de empregos e renda e, portanto, merecedores de total aten\u00e7\u00e3o. Por outro temos o \u00f3rg\u00e3o executor de uma lei que tem que ser cumprida. Por isso propomos uma aproxima\u00e7\u00e3o maior, mais di\u00e1logo daqui para frente a fim de que todos possam tirar o melhor proveito dessas normas, que foram elaboradas em benef\u00edcio da sociedade\u201d, afirmou Vander.<\/p>\n<p>A NR-12 estabelece normas de seguran\u00e7a no trabalho em m\u00e1quinas e equipamentos. J\u00e1 a NR 17 trata da ergonomia, estabelece par\u00e2metros que permitam a adapta\u00e7\u00e3o das condi\u00e7\u00f5es de trabalho \u00e0s caracter\u00edsticas psicofisiol\u00f3gicas dos trabalhadores, de modo a proporcionar o m\u00e1ximo de conforto, seguran\u00e7a e desempenho eficiente.<\/p>\n<p>Segundo o superintendente An\u00edzio Tiago, o encontro com os supermercadistas foi muito importante. \u201cEntre a lei, o agente da lei e o agente econ\u00f4mico, parece que existe um fosso, um abismo, mas, na verdade, este abismo n\u00e3o existe, ele \u00e9 psicol\u00f3gico e acho que continuar\u00e1 sendo psicol\u00f3gico na medida em que n\u00e3o h\u00e1 integra\u00e7\u00e3o, troca de informa\u00e7\u00f5es entre o agente econ\u00f4mico e o agente p\u00fablico de fiscaliza\u00e7\u00e3o\u201d, ressaltou o superintendente.<\/p>\n<p>Marcaram presen\u00e7a na reuni\u00e3o o secret\u00e1rio executivo da Amas, Yuri Miranda; o assessor jur\u00eddico da entidade, Jo\u00e3o Rosa da Costa Marques; Al\u00e9m dos j\u00e1 citados tamb\u00e9m compareceram o vice-presidente Alessandro Daniel Dutra; o diretor da Amas, Manoel Pires Filho; e os supermercadistas Irani Silva, Geovani Jos\u00e9 da Silva, Andr\u00e9 Sim\u00f5es, Vander Siqueira, Nei Recalcatt e Leandro Neves.<\/p>\n<p><em>(Fonte: Ascom\/Amas)<\/em><\/p>\n","protected":false},"excerpt":{"rendered":"<p>Dirigentes da Associa\u00e7\u00e3o Sul-Mato-Grossense de Supermercados foram recebidos pelo superintendente do MTE em MS.<\/p>\n","protected":false},"author":2,"featured_media":9246,"comment_status":"closed","ping_status":"closed","sticky":false,"template":"","format":"standard","meta":{"jetpack_post_was_ever_published":false,"_jetpack_newsletter_access":"","_jetpack_dont_email_post_to_subs":false,"_jetpack_newsletter_tier_id":0,"_jetpack_memberships_contains_paywalled_content":false,"_jetpack_memberships_contains_paid_content":false,"footnotes":""},"categories":[2099,10],"tags":[2315,2316,2314],"class_list":{"0":"post-9244","1":"post","2":"type-post","3":"status-publish","4":"format-standard","5":"has-post-thumbnail","7":"category-ms-noticias","8":"category-noticias","9":"tag-legislacao","10":"tag-norma-regulamentadora","11":"tag-trabalho-e-emprego"},"yoast_head":"<!-- This site is optimized with the Yoast SEO plugin v27.4 - https:\/\/yoast.com\/product\/yoast-seo-wordpress\/ -->\n<title>Com apoio de Vander, supermercadistas conseguem aproxima\u00e7\u00e3o com Minist\u00e9rio do Trabalho<\/title>\n<meta name=\"robots\" content=\"index, follow, max-snippet:-1, max-image-preview:large, max-video-preview:-1\" \/>\n<link rel=\"canonical\" href=\"https:\/\/vanderloubet.com.br\/deputado\/com-apoio-de-vander-supermercadistas-conseguem-aproximacao-com-ministerio-do-trabalho\/\" \/>\n<meta property=\"og:locale\" content=\"pt_BR\" \/>\n<meta property=\"og:type\" content=\"article\" \/>\n<meta property=\"og:title\" content=\"Com apoio de Vander, supermercadistas conseguem aproxima\u00e7\u00e3o com Minist\u00e9rio do Trabalho\" \/>\n<meta property=\"og:description\" content=\"Dirigentes da Associa\u00e7\u00e3o Sul-Mato-Grossense de Supermercados foram recebidos pelo superintendente do MTE em MS.\" \/>\n<meta property=\"og:url\" content=\"https:\/\/vanderloubet.com.br\/deputado\/com-apoio-de-vander-supermercadistas-conseguem-aproximacao-com-ministerio-do-trabalho\/\" \/>\n<meta property=\"og:site_name\" content=\"Deputado Federal Vander Loubet\" \/>\n<meta property=\"article:publisher\" content=\"https:\/\/facebook.com\/deputadovander\" \/>\n<meta property=\"article:published_time\" content=\"2014-06-17T12:41:29+00:00\" \/>\n<meta property=\"article:modified_time\" content=\"2015-04-06T21:08:36+00:00\" \/>\n<meta property=\"og:image\" content=\"https:\/\/vanderloubet.com.br\/deputado\/wp-content\/uploads\/2015\/04\/foto-2014-06-24-reuniao-amas-srte-mte-02.jpg\" \/>\n\t<meta property=\"og:image:width\" content=\"800\" \/>\n\t<meta property=\"og:image:height\" content=\"540\" \/>\n\t<meta property=\"og:image:type\" content=\"image\/jpeg\" \/>\n<meta name=\"author\" content=\"\u00c9der\" \/>\n<meta name=\"twitter:card\" content=\"summary_large_image\" \/>\n<meta name=\"twitter:creator\" content=\"@vanderloubet\" \/>\n<meta name=\"twitter:site\" content=\"@vanderloubet\" \/>\n<script type=\"application\/ld+json\" class=\"yoast-schema-graph\">{\"@context\":\"https:\\\/\\\/schema.org\",\"@graph\":[{\"@type\":\"Article\",\"@id\":\"https:\\\/\\\/vanderloubet.com.br\\\/deputado\\\/com-apoio-de-vander-supermercadistas-conseguem-aproximacao-com-ministerio-do-trabalho\\\/#article\",\"isPartOf\":{\"@id\":\"https:\\\/\\\/vanderloubet.com.br\\\/deputado\\\/com-apoio-de-vander-supermercadistas-conseguem-aproximacao-com-ministerio-do-trabalho\\\/\"},\"author\":{\"name\":\"\u00c9der\",\"@id\":\"https:\\\/\\\/vanderloubet.com.br\\\/deputado\\\/#\\\/schema\\\/person\\\/15b51bd564532a8a68d9dec1b8eb890e\"},\"headline\":\"Com apoio de Vander, supermercadistas conseguem aproxima\u00e7\u00e3o com Minist\u00e9rio do Trabalho\",\"datePublished\":\"2014-06-17T12:41:29+00:00\",\"dateModified\":\"2015-04-06T21:08:36+00:00\",\"mainEntityOfPage\":{\"@id\":\"https:\\\/\\\/vanderloubet.com.br\\\/deputado\\\/com-apoio-de-vander-supermercadistas-conseguem-aproximacao-com-ministerio-do-trabalho\\\/\"},\"wordCount\":516,\"publisher\":{\"@id\":\"https:\\\/\\\/vanderloubet.com.br\\\/deputado\\\/#organization\"},\"image\":{\"@id\":\"https:\\\/\\\/vanderloubet.com.br\\\/deputado\\\/com-apoio-de-vander-supermercadistas-conseguem-aproximacao-com-ministerio-do-trabalho\\\/#primaryimage\"},\"thumbnailUrl\":\"https:\\\/\\\/vanderloubet.com.br\\\/deputado\\\/wp-content\\\/uploads\\\/2015\\\/04\\\/foto-2014-06-24-reuniao-amas-srte-mte-02.jpg\",\"keywords\":[\"legisla\u00e7\u00e3o\",\"norma regulamentadora\",\"trabalho e emprego\"],\"articleSection\":[\"Mato Grosso do Sul\",\"Not\u00edcias\"],\"inLanguage\":\"pt-BR\"},{\"@type\":\"WebPage\",\"@id\":\"https:\\\/\\\/vanderloubet.com.br\\\/deputado\\\/com-apoio-de-vander-supermercadistas-conseguem-aproximacao-com-ministerio-do-trabalho\\\/\",\"url\":\"https:\\\/\\\/vanderloubet.com.br\\\/deputado\\\/com-apoio-de-vander-supermercadistas-conseguem-aproximacao-com-ministerio-do-trabalho\\\/\",\"name\":\"Com apoio de Vander, supermercadistas conseguem aproxima\u00e7\u00e3o com Minist\u00e9rio do Trabalho\",\"isPartOf\":{\"@id\":\"https:\\\/\\\/vanderloubet.com.br\\\/deputado\\\/#website\"},\"primaryImageOfPage\":{\"@id\":\"https:\\\/\\\/vanderloubet.com.br\\\/deputado\\\/com-apoio-de-vander-supermercadistas-conseguem-aproximacao-com-ministerio-do-trabalho\\\/#primaryimage\"},\"image\":{\"@id\":\"https:\\\/\\\/vanderloubet.com.br\\\/deputado\\\/com-apoio-de-vander-supermercadistas-conseguem-aproximacao-com-ministerio-do-trabalho\\\/#primaryimage\"},\"thumbnailUrl\":\"https:\\\/\\\/vanderloubet.com.br\\\/deputado\\\/wp-content\\\/uploads\\\/2015\\\/04\\\/foto-2014-06-24-reuniao-amas-srte-mte-02.jpg\",\"datePublished\":\"2014-06-17T12:41:29+00:00\",\"dateModified\":\"2015-04-06T21:08:36+00:00\",\"breadcrumb\":{\"@id\":\"https:\\\/\\\/vanderloubet.com.br\\\/deputado\\\/com-apoio-de-vander-supermercadistas-conseguem-aproximacao-com-ministerio-do-trabalho\\\/#breadcrumb\"},\"inLanguage\":\"pt-BR\",\"potentialAction\":[{\"@type\":\"ReadAction\",\"target\":[\"https:\\\/\\\/vanderloubet.com.br\\\/deputado\\\/com-apoio-de-vander-supermercadistas-conseguem-aproximacao-com-ministerio-do-trabalho\\\/\"]}]},{\"@type\":\"ImageObject\",\"inLanguage\":\"pt-BR\",\"@id\":\"https:\\\/\\\/vanderloubet.com.br\\\/deputado\\\/com-apoio-de-vander-supermercadistas-conseguem-aproximacao-com-ministerio-do-trabalho\\\/#primaryimage\",\"url\":\"https:\\\/\\\/vanderloubet.com.br\\\/deputado\\\/wp-content\\\/uploads\\\/2015\\\/04\\\/foto-2014-06-24-reuniao-amas-srte-mte-02.jpg\",\"contentUrl\":\"https:\\\/\\\/vanderloubet.com.br\\\/deputado\\\/wp-content\\\/uploads\\\/2015\\\/04\\\/foto-2014-06-24-reuniao-amas-srte-mte-02.jpg\",\"width\":800,\"height\":540,\"caption\":\"Empres\u00e1rios cobraram maior aproxima\u00e7\u00e3o com a Superintend\u00eancia para facilitar as orienta\u00e7\u00f5es\"},{\"@type\":\"BreadcrumbList\",\"@id\":\"https:\\\/\\\/vanderloubet.com.br\\\/deputado\\\/com-apoio-de-vander-supermercadistas-conseguem-aproximacao-com-ministerio-do-trabalho\\\/#breadcrumb\",\"itemListElement\":[{\"@type\":\"ListItem\",\"position\":1,\"name\":\"In\u00edcio\",\"item\":\"https:\\\/\\\/vanderloubet.com.br\\\/deputado\\\/\"},{\"@type\":\"ListItem\",\"position\":2,\"name\":\"Com apoio de Vander, supermercadistas conseguem aproxima\u00e7\u00e3o com Minist\u00e9rio do Trabalho\"}]},{\"@type\":\"WebSite\",\"@id\":\"https:\\\/\\\/vanderloubet.com.br\\\/deputado\\\/#website\",\"url\":\"https:\\\/\\\/vanderloubet.com.br\\\/deputado\\\/\",\"name\":\"Deputado Federal Vander Loubet\",\"description\":\"O Federal de MS\",\"publisher\":{\"@id\":\"https:\\\/\\\/vanderloubet.com.br\\\/deputado\\\/#organization\"},\"alternateName\":\"Deputado Vander\",\"potentialAction\":[{\"@type\":\"SearchAction\",\"target\":{\"@type\":\"EntryPoint\",\"urlTemplate\":\"https:\\\/\\\/vanderloubet.com.br\\\/deputado\\\/?s={search_term_string}\"},\"query-input\":{\"@type\":\"PropertyValueSpecification\",\"valueRequired\":true,\"valueName\":\"search_term_string\"}}],\"inLanguage\":\"pt-BR\"},{\"@type\":\"Organization\",\"@id\":\"https:\\\/\\\/vanderloubet.com.br\\\/deputado\\\/#organization\",\"name\":\"Deputado Federal Vander Loubet\",\"alternateName\":\"Deputado Vander\",\"url\":\"https:\\\/\\\/vanderloubet.com.br\\\/deputado\\\/\",\"logo\":{\"@type\":\"ImageObject\",\"inLanguage\":\"pt-BR\",\"@id\":\"https:\\\/\\\/vanderloubet.com.br\\\/deputado\\\/#\\\/schema\\\/logo\\\/image\\\/\",\"url\":\"https:\\\/\\\/vanderloubet.com.br\\\/deputado\\\/wp-content\\\/uploads\\\/2023\\\/06\\\/foto-2023-06-19-mandato-deputado-vander.jpg\",\"contentUrl\":\"https:\\\/\\\/vanderloubet.com.br\\\/deputado\\\/wp-content\\\/uploads\\\/2023\\\/06\\\/foto-2023-06-19-mandato-deputado-vander.jpg\",\"width\":1080,\"height\":1080,\"caption\":\"Deputado Federal Vander Loubet\"},\"image\":{\"@id\":\"https:\\\/\\\/vanderloubet.com.br\\\/deputado\\\/#\\\/schema\\\/logo\\\/image\\\/\"},\"sameAs\":[\"https:\\\/\\\/facebook.com\\\/deputadovander\",\"https:\\\/\\\/x.com\\\/vanderloubet\",\"https:\\\/\\\/instagram.com\\\/vanderloubet\",\"https:\\\/\\\/youtube.com\\\/vanderloubet\",\"https:\\\/\\\/tiktok.com\\\/@vanderloubetms\"]},{\"@type\":\"Person\",\"@id\":\"https:\\\/\\\/vanderloubet.com.br\\\/deputado\\\/#\\\/schema\\\/person\\\/15b51bd564532a8a68d9dec1b8eb890e\",\"name\":\"\u00c9der\",\"image\":{\"@type\":\"ImageObject\",\"inLanguage\":\"pt-BR\",\"@id\":\"https:\\\/\\\/vanderloubet.com.br\\\/deputado\\\/wp-content\\\/litespeed\\\/avatar\\\/88ca4090d9d5ab1c9495f6ca03b68efa.jpg?ver=1777058957\",\"url\":\"https:\\\/\\\/vanderloubet.com.br\\\/deputado\\\/wp-content\\\/litespeed\\\/avatar\\\/88ca4090d9d5ab1c9495f6ca03b68efa.jpg?ver=1777058957\",\"contentUrl\":\"https:\\\/\\\/vanderloubet.com.br\\\/deputado\\\/wp-content\\\/litespeed\\\/avatar\\\/88ca4090d9d5ab1c9495f6ca03b68efa.jpg?ver=1777058957\",\"caption\":\"\u00c9der\"}}]}<\/script>\n<!-- \/ Yoast SEO plugin. -->","yoast_head_json":{"title":"Com apoio de Vander, supermercadistas conseguem aproxima\u00e7\u00e3o com Minist\u00e9rio do Trabalho","robots":{"index":"index","follow":"follow","max-snippet":"max-snippet:-1","max-image-preview":"max-image-preview:large","max-video-preview":"max-video-preview:-1"},"canonical":"https:\/\/vanderloubet.com.br\/deputado\/com-apoio-de-vander-supermercadistas-conseguem-aproximacao-com-ministerio-do-trabalho\/","og_locale":"pt_BR","og_type":"article","og_title":"Com apoio de Vander, supermercadistas conseguem aproxima\u00e7\u00e3o com Minist\u00e9rio do Trabalho","og_description":"Dirigentes da Associa\u00e7\u00e3o Sul-Mato-Grossense de Supermercados foram recebidos pelo superintendente do MTE em MS.","og_url":"https:\/\/vanderloubet.com.br\/deputado\/com-apoio-de-vander-supermercadistas-conseguem-aproximacao-com-ministerio-do-trabalho\/","og_site_name":"Deputado Federal Vander Loubet","article_publisher":"https:\/\/facebook.com\/deputadovander","article_published_time":"2014-06-17T12:41:29+00:00","article_modified_time":"2015-04-06T21:08:36+00:00","og_image":[{"width":800,"height":540,"url":"https:\/\/vanderloubet.com.br\/deputado\/wp-content\/uploads\/2015\/04\/foto-2014-06-24-reuniao-amas-srte-mte-02.jpg","type":"image\/jpeg"}],"author":"\u00c9der","twitter_card":"summary_large_image","twitter_creator":"@vanderloubet","twitter_site":"@vanderloubet","schema":{"@context":"https:\/\/schema.org","@graph":[{"@type":"Article","@id":"https:\/\/vanderloubet.com.br\/deputado\/com-apoio-de-vander-supermercadistas-conseguem-aproximacao-com-ministerio-do-trabalho\/#article","isPartOf":{"@id":"https:\/\/vanderloubet.com.br\/deputado\/com-apoio-de-vander-supermercadistas-conseguem-aproximacao-com-ministerio-do-trabalho\/"},"author":{"name":"\u00c9der","@id":"https:\/\/vanderloubet.com.br\/deputado\/#\/schema\/person\/15b51bd564532a8a68d9dec1b8eb890e"},"headline":"Com apoio de Vander, supermercadistas conseguem aproxima\u00e7\u00e3o com Minist\u00e9rio do Trabalho","datePublished":"2014-06-17T12:41:29+00:00","dateModified":"2015-04-06T21:08:36+00:00","mainEntityOfPage":{"@id":"https:\/\/vanderloubet.com.br\/deputado\/com-apoio-de-vander-supermercadistas-conseguem-aproximacao-com-ministerio-do-trabalho\/"},"wordCount":516,"publisher":{"@id":"https:\/\/vanderloubet.com.br\/deputado\/#organization"},"image":{"@id":"https:\/\/vanderloubet.com.br\/deputado\/com-apoio-de-vander-supermercadistas-conseguem-aproximacao-com-ministerio-do-trabalho\/#primaryimage"},"thumbnailUrl":"https:\/\/vanderloubet.com.br\/deputado\/wp-content\/uploads\/2015\/04\/foto-2014-06-24-reuniao-amas-srte-mte-02.jpg","keywords":["legisla\u00e7\u00e3o","norma regulamentadora","trabalho e emprego"],"articleSection":["Mato Grosso do Sul","Not\u00edcias"],"inLanguage":"pt-BR"},{"@type":"WebPage","@id":"https:\/\/vanderloubet.com.br\/deputado\/com-apoio-de-vander-supermercadistas-conseguem-aproximacao-com-ministerio-do-trabalho\/","url":"https:\/\/vanderloubet.com.br\/deputado\/com-apoio-de-vander-supermercadistas-conseguem-aproximacao-com-ministerio-do-trabalho\/","name":"Com apoio de Vander, supermercadistas conseguem aproxima\u00e7\u00e3o com Minist\u00e9rio do Trabalho","isPartOf":{"@id":"https:\/\/vanderloubet.com.br\/deputado\/#website"},"primaryImageOfPage":{"@id":"https:\/\/vanderloubet.com.br\/deputado\/com-apoio-de-vander-supermercadistas-conseguem-aproximacao-com-ministerio-do-trabalho\/#primaryimage"},"image":{"@id":"https:\/\/vanderloubet.com.br\/deputado\/com-apoio-de-vander-supermercadistas-conseguem-aproximacao-com-ministerio-do-trabalho\/#primaryimage"},"thumbnailUrl":"https:\/\/vanderloubet.com.br\/deputado\/wp-content\/uploads\/2015\/04\/foto-2014-06-24-reuniao-amas-srte-mte-02.jpg","datePublished":"2014-06-17T12:41:29+00:00","dateModified":"2015-04-06T21:08:36+00:00","breadcrumb":{"@id":"https:\/\/vanderloubet.com.br\/deputado\/com-apoio-de-vander-supermercadistas-conseguem-aproximacao-com-ministerio-do-trabalho\/#breadcrumb"},"inLanguage":"pt-BR","potentialAction":[{"@type":"ReadAction","target":["https:\/\/vanderloubet.com.br\/deputado\/com-apoio-de-vander-supermercadistas-conseguem-aproximacao-com-ministerio-do-trabalho\/"]}]},{"@type":"ImageObject","inLanguage":"pt-BR","@id":"https:\/\/vanderloubet.com.br\/deputado\/com-apoio-de-vander-supermercadistas-conseguem-aproximacao-com-ministerio-do-trabalho\/#primaryimage","url":"https:\/\/vanderloubet.com.br\/deputado\/wp-content\/uploads\/2015\/04\/foto-2014-06-24-reuniao-amas-srte-mte-02.jpg","contentUrl":"https:\/\/vanderloubet.com.br\/deputado\/wp-content\/uploads\/2015\/04\/foto-2014-06-24-reuniao-amas-srte-mte-02.jpg","width":800,"height":540,"caption":"Empres\u00e1rios cobraram maior aproxima\u00e7\u00e3o com a Superintend\u00eancia para facilitar as orienta\u00e7\u00f5es"},{"@type":"BreadcrumbList","@id":"https:\/\/vanderloubet.com.br\/deputado\/com-apoio-de-vander-supermercadistas-conseguem-aproximacao-com-ministerio-do-trabalho\/#breadcrumb","itemListElement":[{"@type":"ListItem","position":1,"name":"In\u00edcio","item":"https:\/\/vanderloubet.com.br\/deputado\/"},{"@type":"ListItem","position":2,"name":"Com apoio de Vander, supermercadistas conseguem aproxima\u00e7\u00e3o com Minist\u00e9rio do Trabalho"}]},{"@type":"WebSite","@id":"https:\/\/vanderloubet.com.br\/deputado\/#website","url":"https:\/\/vanderloubet.com.br\/deputado\/","name":"Deputado Federal Vander Loubet","description":"O Federal de MS","publisher":{"@id":"https:\/\/vanderloubet.com.br\/deputado\/#organization"},"alternateName":"Deputado Vander","potentialAction":[{"@type":"SearchAction","target":{"@type":"EntryPoint","urlTemplate":"https:\/\/vanderloubet.com.br\/deputado\/?s={search_term_string}"},"query-input":{"@type":"PropertyValueSpecification","valueRequired":true,"valueName":"search_term_string"}}],"inLanguage":"pt-BR"},{"@type":"Organization","@id":"https:\/\/vanderloubet.com.br\/deputado\/#organization","name":"Deputado Federal Vander Loubet","alternateName":"Deputado Vander","url":"https:\/\/vanderloubet.com.br\/deputado\/","logo":{"@type":"ImageObject","inLanguage":"pt-BR","@id":"https:\/\/vanderloubet.com.br\/deputado\/#\/schema\/logo\/image\/","url":"https:\/\/vanderloubet.com.br\/deputado\/wp-content\/uploads\/2023\/06\/foto-2023-06-19-mandato-deputado-vander.jpg","contentUrl":"https:\/\/vanderloubet.com.br\/deputado\/wp-content\/uploads\/2023\/06\/foto-2023-06-19-mandato-deputado-vander.jpg","width":1080,"height":1080,"caption":"Deputado Federal Vander Loubet"},"image":{"@id":"https:\/\/vanderloubet.com.br\/deputado\/#\/schema\/logo\/image\/"},"sameAs":["https:\/\/facebook.com\/deputadovander","https:\/\/x.com\/vanderloubet","https:\/\/instagram.com\/vanderloubet","https:\/\/youtube.com\/vanderloubet","https:\/\/tiktok.com\/@vanderloubetms"]},{"@type":"Person","@id":"https:\/\/vanderloubet.com.br\/deputado\/#\/schema\/person\/15b51bd564532a8a68d9dec1b8eb890e","name":"\u00c9der","image":{"@type":"ImageObject","inLanguage":"pt-BR","@id":"https:\/\/vanderloubet.com.br\/deputado\/wp-content\/litespeed\/avatar\/88ca4090d9d5ab1c9495f6ca03b68efa.jpg?ver=1777058957","url":"https:\/\/vanderloubet.com.br\/deputado\/wp-content\/litespeed\/avatar\/88ca4090d9d5ab1c9495f6ca03b68efa.jpg?ver=1777058957","contentUrl":"https:\/\/vanderloubet.com.br\/deputado\/wp-content\/litespeed\/avatar\/88ca4090d9d5ab1c9495f6ca03b68efa.jpg?ver=1777058957","caption":"\u00c9der"}}]}},"jetpack_featured_media_url":"https:\/\/vanderloubet.com.br\/deputado\/wp-content\/uploads\/2015\/04\/foto-2014-06-24-reuniao-amas-srte-mte-02.jpg","jetpack_sharing_enabled":true,"_links":{"self":[{"href":"https:\/\/vanderloubet.com.br\/deputado\/wp-json\/wp\/v2\/posts\/9244","targetHints":{"allow":["GET"]}}],"collection":[{"href":"https:\/\/vanderloubet.com.br\/deputado\/wp-json\/wp\/v2\/posts"}],"about":[{"href":"https:\/\/vanderloubet.com.br\/deputado\/wp-json\/wp\/v2\/types\/post"}],"author":[{"embeddable":true,"href":"https:\/\/vanderloubet.com.br\/deputado\/wp-json\/wp\/v2\/users\/2"}],"replies":[{"embeddable":true,"href":"https:\/\/vanderloubet.com.br\/deputado\/wp-json\/wp\/v2\/comments?post=9244"}],"version-history":[{"count":0,"href":"https:\/\/vanderloubet.com.br\/deputado\/wp-json\/wp\/v2\/posts\/9244\/revisions"}],"wp:featuredmedia":[{"embeddable":true,"href":"https:\/\/vanderloubet.com.br\/deputado\/wp-json\/wp\/v2\/media\/9246"}],"wp:attachment":[{"href":"https:\/\/vanderloubet.com.br\/deputado\/wp-json\/wp\/v2\/media?parent=9244"}],"wp:term":[{"taxonomy":"category","embeddable":true,"href":"https:\/\/vanderloubet.com.br\/deputado\/wp-json\/wp\/v2\/categories?post=9244"},{"taxonomy":"post_tag","embeddable":true,"href":"https:\/\/vanderloubet.com.br\/deputado\/wp-json\/wp\/v2\/tags?post=9244"}],"curies":[{"name":"wp","href":"https:\/\/api.w.org\/{rel}","templated":true}]}}