{"id":9232,"date":"2014-06-17T07:48:40","date_gmt":"2014-06-17T10:48:40","guid":{"rendered":"http:\/\/vanderloubet.com.br\/deputado\/?p=9232"},"modified":"2015-04-06T16:58:28","modified_gmt":"2015-04-06T19:58:28","slug":"em-visita-as-cidades-da-regiao-norte-vander-presta-contas-a-populacao","status":"publish","type":"post","link":"https:\/\/vanderloubet.com.br\/deputado\/em-visita-as-cidades-da-regiao-norte-vander-presta-contas-a-populacao\/","title":{"rendered":"Em visita \u00e0s cidades da Regi\u00e3o Norte, Vander presta contas \u00e0 popula\u00e7\u00e3o"},"content":{"rendered":"\r\n                <style type=\"text\/css\">\r\n                    \r\n                    #tdi_1  .td-doubleSlider-2 .td-item1 {\r\n                        background: url(https:\/\/vanderloubet.com.br\/deputado\/wp-content\/uploads\/2015\/04\/foto-2014-06-14-vander-loubet-visita-sonora-80x60.jpg) 0 0 no-repeat;\r\n                    }\r\n                    #tdi_1  .td-doubleSlider-2 .td-item2 {\r\n                        background: url(https:\/\/vanderloubet.com.br\/deputado\/wp-content\/uploads\/2015\/04\/foto-2014-06-14-vander-loubet-visita-coxim-80x60.jpg) 0 0 no-repeat;\r\n                    }\r\n                    #tdi_1  .td-doubleSlider-2 .td-item3 {\r\n                        background: url(https:\/\/vanderloubet.com.br\/deputado\/wp-content\/uploads\/2015\/04\/foto-2014-06-14-vander-loubet-visita-rioverde-80x60.jpg) 0 0 no-repeat;\r\n                    }\r\n                <\/style>\r\n\r\n                <div id=\"tdi_1\" class=\"td-gallery td-slide-on-2-columns\">\r\n                    <div class=\"post_td_gallery\">\r\n                        <div class=\"td-gallery-slide-top\">\r\n                           <div class=\"td-gallery-title\"><\/div>\r\n\r\n                            <div class=\"td-gallery-controls-wrapper\">\r\n                                <div class=\"td-gallery-slide-count\"><span class=\"td-gallery-slide-item-focus\">1<\/span> de 3<\/div>\r\n                                <div class=\"td-gallery-slide-prev-next-but\">\r\n                                    <i class = \"td-icon-left doubleSliderPrevButton\"><\/i>\r\n                                    <i class = \"td-icon-right doubleSliderNextButton\"><\/i>\r\n                                <\/div>\r\n                            <\/div>\r\n                        <\/div>\r\n\r\n                        <div class = \"td-doubleSlider-1 \">\r\n                            <div class = \"td-slider\">\r\n                                \r\n                    <div class = \"td-slide-item td-item1\">\r\n                        <figure class=\"td-slide-galery-figure td-slide-popup-gallery\">\r\n                            <a class=\"slide-gallery-image-link\" href=\"https:\/\/vanderloubet.com.br\/deputado\/wp-content\/uploads\/2015\/04\/foto-2014-06-14-vander-loubet-visita-sonora.jpg\" title=\"Por solicita\u00e7\u00e3o do prefeito de Sonora, Vander est\u00e1 destinando emenda para pavimenta\u00e7\u00e3o\"  data-caption=\"\"  data-description=\"Por solicita&ccedil;&atilde;o do prefeito de Sonora, Vander est&aacute; destinando emenda para pavimenta&ccedil;&atilde;o\">\r\n                                <img decoding=\"async\" src=\"https:\/\/vanderloubet.com.br\/deputado\/wp-content\/uploads\/2015\/04\/foto-2014-06-14-vander-loubet-visita-sonora-622x420.jpg\" srcset=\"https:\/\/vanderloubet.com.br\/deputado\/wp-content\/uploads\/2015\/04\/foto-2014-06-14-vander-loubet-visita-sonora-622x420.jpg 622w, https:\/\/vanderloubet.com.br\/deputado\/wp-content\/uploads\/2015\/04\/foto-2014-06-14-vander-loubet-visita-sonora-350x236.jpg 350w, https:\/\/vanderloubet.com.br\/deputado\/wp-content\/uploads\/2015\/04\/foto-2014-06-14-vander-loubet-visita-sonora-768x518.jpg 768w, https:\/\/vanderloubet.com.br\/deputado\/wp-content\/uploads\/2015\/04\/foto-2014-06-14-vander-loubet-visita-sonora-700x473.jpg 700w, https:\/\/vanderloubet.com.br\/deputado\/wp-content\/uploads\/2015\/04\/foto-2014-06-14-vander-loubet-visita-sonora-696x470.jpg 696w, https:\/\/vanderloubet.com.br\/deputado\/wp-content\/uploads\/2015\/04\/foto-2014-06-14-vander-loubet-visita-sonora.jpg 800w\" sizes=\"(max-width: 622px) 100vw, 622px\" alt=\"Por solicita&ccedil;&atilde;o do prefeito de Sonora, Vander est&aacute; destinando emenda para pavimenta&ccedil;&atilde;o\">\r\n                            <\/a>\r\n                            <figcaption class = \"td-slide-caption td-gallery-slide-content\"><span>Por solicita\u00e7\u00e3o do prefeito de Sonora, Vander est\u00e1 destinando emenda para pavimenta\u00e7\u00e3o<\/span><\/figcaption>\r\n                        <\/figure>\r\n                    <\/div>\r\n                    <div class = \"td-slide-item td-item2\">\r\n                        <figure class=\"td-slide-galery-figure td-slide-popup-gallery\">\r\n                            <a class=\"slide-gallery-image-link\" href=\"https:\/\/vanderloubet.com.br\/deputado\/wp-content\/uploads\/2015\/04\/foto-2014-06-14-vander-loubet-visita-coxim.jpg\" title=\"Desde 2003, Vander viabilizou quase R$ 39 milh\u00f5es para Coxim\"  data-caption=\"\"  data-description=\"Desde 2003, Vander viabilizou quase R$ 39 milh&otilde;es para Coxim\">\r\n                                <img decoding=\"async\" src=\"https:\/\/vanderloubet.com.br\/deputado\/wp-content\/uploads\/2015\/04\/foto-2014-06-14-vander-loubet-visita-coxim-622x420.jpg\" srcset=\"https:\/\/vanderloubet.com.br\/deputado\/wp-content\/uploads\/2015\/04\/foto-2014-06-14-vander-loubet-visita-coxim-622x420.jpg 622w, https:\/\/vanderloubet.com.br\/deputado\/wp-content\/uploads\/2015\/04\/foto-2014-06-14-vander-loubet-visita-coxim-350x236.jpg 350w, https:\/\/vanderloubet.com.br\/deputado\/wp-content\/uploads\/2015\/04\/foto-2014-06-14-vander-loubet-visita-coxim-768x518.jpg 768w, https:\/\/vanderloubet.com.br\/deputado\/wp-content\/uploads\/2015\/04\/foto-2014-06-14-vander-loubet-visita-coxim-700x473.jpg 700w, https:\/\/vanderloubet.com.br\/deputado\/wp-content\/uploads\/2015\/04\/foto-2014-06-14-vander-loubet-visita-coxim-696x470.jpg 696w, https:\/\/vanderloubet.com.br\/deputado\/wp-content\/uploads\/2015\/04\/foto-2014-06-14-vander-loubet-visita-coxim.jpg 800w\" sizes=\"(max-width: 622px) 100vw, 622px\" alt=\"Desde 2003, Vander viabilizou quase R$ 39 milh&otilde;es para Coxim\">\r\n                            <\/a>\r\n                            <figcaption class = \"td-slide-caption td-gallery-slide-content\"><span>Desde 2003, Vander viabilizou quase R$ 39 milh\u00f5es para Coxim<\/span><\/figcaption>\r\n                        <\/figure>\r\n                    <\/div>\r\n                    <div class = \"td-slide-item td-item3\">\r\n                        <figure class=\"td-slide-galery-figure td-slide-popup-gallery\">\r\n                            <a class=\"slide-gallery-image-link\" href=\"https:\/\/vanderloubet.com.br\/deputado\/wp-content\/uploads\/2015\/04\/foto-2014-06-14-vander-loubet-visita-rioverde.jpg\" title=\"O deputado ajudou Rio Verde a entrar na PAC 2 de pavimenta\u00e7\u00e3o e saneamento\"  data-caption=\"\"  data-description=\"O deputado ajudou Rio Verde a entrar na PAC 2 de pavimenta&ccedil;&atilde;o e saneamento\">\r\n                                <img decoding=\"async\" src=\"https:\/\/vanderloubet.com.br\/deputado\/wp-content\/uploads\/2015\/04\/foto-2014-06-14-vander-loubet-visita-rioverde-622x420.jpg\" srcset=\"https:\/\/vanderloubet.com.br\/deputado\/wp-content\/uploads\/2015\/04\/foto-2014-06-14-vander-loubet-visita-rioverde-622x420.jpg 622w, https:\/\/vanderloubet.com.br\/deputado\/wp-content\/uploads\/2015\/04\/foto-2014-06-14-vander-loubet-visita-rioverde-350x236.jpg 350w, https:\/\/vanderloubet.com.br\/deputado\/wp-content\/uploads\/2015\/04\/foto-2014-06-14-vander-loubet-visita-rioverde-768x518.jpg 768w, https:\/\/vanderloubet.com.br\/deputado\/wp-content\/uploads\/2015\/04\/foto-2014-06-14-vander-loubet-visita-rioverde-700x473.jpg 700w, https:\/\/vanderloubet.com.br\/deputado\/wp-content\/uploads\/2015\/04\/foto-2014-06-14-vander-loubet-visita-rioverde-696x470.jpg 696w, https:\/\/vanderloubet.com.br\/deputado\/wp-content\/uploads\/2015\/04\/foto-2014-06-14-vander-loubet-visita-rioverde.jpg 800w\" sizes=\"(max-width: 622px) 100vw, 622px\" alt=\"O deputado ajudou Rio Verde a entrar na PAC 2 de pavimenta&ccedil;&atilde;o e saneamento\">\r\n                            <\/a>\r\n                            <figcaption class = \"td-slide-caption td-gallery-slide-content\"><span>O deputado ajudou Rio Verde a entrar na PAC 2 de pavimenta\u00e7\u00e3o e saneamento<\/span><\/figcaption>\r\n                        <\/figure>\r\n                    <\/div>\r\n                            <\/div>\r\n                        <\/div>\r\n\r\n                        <div class = \"td-doubleSlider-2\">\r\n                            <div class = \"td-slider\">\r\n                                \r\n                    <div class = \"td-button td-item1\">\r\n                        <div class = \"td-border\"><\/div>\r\n                    <\/div>\r\n                    <div class = \"td-button td-item2\">\r\n                        <div class = \"td-border\"><\/div>\r\n                    <\/div>\r\n                    <div class = \"td-button td-item3\">\r\n                        <div class = \"td-border\"><\/div>\r\n                    <\/div>\r\n                            <\/div>\r\n                        <\/div>\r\n\r\n                    <\/div>\r\n\r\n                <\/div>\r\n                \n<p>Durante o \u00faltimo s\u00e1bado (14), o deputado federal Vander Loubet (PT) participou de reuni\u00f5es com autoridades, lideran\u00e7as, dirigentes de sindicatos e representantes da comunidade das cidades de Sonora, Coxim e Rio Verde de Mato Grosso. O p\u00fablico total das agendas passou de 600 pessoas.<\/p>\n<p><strong>Sonora<\/strong> &#8211; Durante o per\u00edodo da manh\u00e3, em Sonora, o deputado enalteceu sua parceria com a administra\u00e7\u00e3o do prefeito Yuri Valeis (PR) e prestou contas sobre os recursos viabilizados para o munic\u00edpio, como os R$ 408 mil para a constru\u00e7\u00e3o de uma unidade de sa\u00fade no Bairro Vista do Lago, que est\u00e1 em andamento. Ainda na \u00e1rea da sa\u00fade, Vander garantiu na gest\u00e3o de Yuri R$ 188 mil para reforma e amplia\u00e7\u00f5es das unidades do assentamento Carlos Roberto Soares de Melo e do Bairro Fl\u00e1vio Derzi.<\/p>\n<p>Com a solicita\u00e7\u00e3o do prefeito, Vander tamb\u00e9m est\u00e1 destinando emenda de R$ 500 mil para pavimenta\u00e7\u00e3o asf\u00e1ltica, assim como teve papel importante na conquista de m\u00e1quinas como uma retroescavadeira, uma motoniveladora e um caminh\u00e3o junto ao Governo Federal, por meio da segunda fase do Programa de Acelera\u00e7\u00e3o do Crescimento (PAC 2).<\/p>\n<p>Na cidade, o deputado teve encontros com os vereadores Arnaldo (PR), Virg\u00edlio Casimiro Oliveira (PTB) e Jansen Peixoto Barbosa (PT) e com o presidente da C\u00e2mara, Ezequiel Reginaldo dos Santos (PDT), que apresentaram novas demandas a serem angariadas junto ao governo Federal. Vander tamb\u00e9m visitou o Hospital Municipal Rachid Saldanha Derzi, onde foi firmado o compromisso de tentar viabilizar recursos para melhorar a infraestrutura do local.<\/p>\n<p>O parlamentar tamb\u00e9m recebeu pedido de ajuda para financiamento de projetos e licen\u00e7a ambiental dos integrantes da Cooperativa de Pesca de Sonora. De acordo com Vander, ainda semana ser\u00e1 dado o andamento \u00e0s demandas de Sonora, com objetivo de continuar contribuindo para a melhoria da vida da popula\u00e7\u00e3o.<\/p>\n<p><strong>Coxim<\/strong> &#8211; Ainda na tarde de s\u00e1bado, Vander tamb\u00e9m prestou contas do mandato e participou de reuni\u00f5es com lideran\u00e7as em Coxim. S\u00e3o quase R$ 39 milh\u00f5es viabilizados para o munic\u00edpio desde 2003. Os recursos garantiram benef\u00edcios nas \u00e1reas de infraestrutura urbana, sa\u00fade, saneamento b\u00e1sico, habita\u00e7\u00e3o, energia el\u00e9trica para o campo e para a agricultura familiar.<\/p>\n<p>O deputado destacou que, junto ao trabalho realizado com o senador Delc\u00eddio do Amaral, o munic\u00edpio est\u00e1 sendo contemplado com quase R$ 20 milh\u00f5es do PAC 2 do Governo Federal para obras de pavimenta\u00e7\u00e3o e drenagem nos bairros Piracema e Vila S\u00e3o Paulo.<\/p>\n<p>E, atendendo pedido do vereador Vilmar Vendruscolo (PT), Vander destinou para este ano R$ 450 mil para pavimenta\u00e7\u00e3o asf\u00e1ltica no Distrito de Silvol\u00e2ndia.<\/p>\n<p>A presta\u00e7\u00e3o de contas teve a participa\u00e7\u00e3o da ex-prefeita Dinalva Mour\u00e3o, dos vereadores Serginho do Bombeiro (PTN), Vladimir Ferreira (PT), Vilmar Vendruscolo (PT), Adelson Januncio (PTB) e Edson Japon\u00eas (PSD); do presidente do PSL de Coxim, Hamilton Vilagra; do presidente do PT de Coxim, Severino Ferreira; do ex-vice-prefeito Idelson Berro; e de simpatizantes, al\u00e9m de lideran\u00e7as do munic\u00edpio de Pedro Gomes.<\/p>\n<p><strong>Rio Verde de Mato Grosso<\/strong> &#8211; Estava anoitecendo quando o deputado federal Vander Loubet chegou \u00e0 reuni\u00e3o em Rio Verde. A agenda contou com o prefeito M\u00e1rio Kruger; a vice-prefeita Dinalvinha Viana; o presidente da C\u00e2mara, Lauro Marquezan; vereadores; o deputado estadual Amarildo Cruz; os pr\u00e9-candidatos a deputado estadual Corumb\u00e1 e Serginho do Bombeiro; filiados ao PT, dirigentes de sindicatos e representantes da comunidade.<\/p>\n<p>Tamb\u00e9m no munic\u00edpio, o deputado entregou um informativo detalhado com todas essas a\u00e7\u00f5es e se disp\u00f4s a ouvir as principais reivindica\u00e7\u00f5es da popula\u00e7\u00e3o. Vander informou que, desde 2003, foram destinados para Rio Verde quase R$ 17 milh\u00f5es, recursos investidos em diversas obras nas \u00e1reas de sa\u00fade, infraestrutura urbana, saneamento b\u00e1sico, habita\u00e7\u00e3o, energia el\u00e9trica no campo turismo, lazer e agricultura familiar.<\/p>\n<p>Vander ainda ajudou Rio Verde a entrar na PAC 2 de pavimenta\u00e7\u00e3o e saneamento. A administra\u00e7\u00e3o do prefeito M\u00e1rio Kruger est\u00e1 apta a receber do Governo Federal R$ 1,5 milh\u00e3o para pavimenta\u00e7\u00e3o e drenagem nos bairros Jardim dos Estados e Santa Terezinha e mais R$ 2,23 milh\u00f5es para implanta\u00e7\u00e3o de rede coletora de esgoto no Bairro Campo Alegre.<\/p>\n<p>O deputado fechou sua agenda na regi\u00e3o prestigiando a 40\u00aa Expoverde, um dos maiores eventos do agroneg\u00f3cio do estado.<\/p>\n<p><em>(Luane Morais \u2013 Ascom\/Deputado Vander)<\/em><\/p>\n","protected":false},"excerpt":{"rendered":"<p>Deputado participou de reuni\u00f5es com lideran\u00e7as pol\u00edticas e sindicais e representantes da comunidade de Sonora, Coxim e Rio Verde.<\/p>\n","protected":false},"author":2,"featured_media":9235,"comment_status":"closed","ping_status":"closed","sticky":false,"template":"","format":"standard","meta":{"jetpack_post_was_ever_published":false,"_jetpack_newsletter_access":"","_jetpack_dont_email_post_to_subs":false,"_jetpack_newsletter_tier_id":0,"_jetpack_memberships_contains_paywalled_content":false,"_jetpack_memberships_contains_paid_content":false,"footnotes":""},"categories":[2097,10],"tags":[2127,1028,1446,1803],"class_list":{"0":"post-9232","1":"post","2":"type-post","3":"status-publish","4":"format-standard","5":"has-post-thumbnail","7":"category-municipios-noticias","8":"category-noticias","9":"tag-emenda-parlamentar","10":"tag-infraestrutura","11":"tag-pac-2","12":"tag-saude"},"yoast_head":"<!-- This site is optimized with the Yoast SEO plugin v27.4 - https:\/\/yoast.com\/product\/yoast-seo-wordpress\/ -->\n<title>Em visita \u00e0s cidades da Regi\u00e3o Norte, Vander presta contas \u00e0 popula\u00e7\u00e3o<\/title>\n<meta name=\"robots\" content=\"index, follow, max-snippet:-1, max-image-preview:large, max-video-preview:-1\" \/>\n<link rel=\"canonical\" href=\"https:\/\/vanderloubet.com.br\/deputado\/em-visita-as-cidades-da-regiao-norte-vander-presta-contas-a-populacao\/\" \/>\n<meta property=\"og:locale\" content=\"pt_BR\" \/>\n<meta property=\"og:type\" content=\"article\" \/>\n<meta property=\"og:title\" content=\"Em visita \u00e0s cidades da Regi\u00e3o Norte, Vander presta contas \u00e0 popula\u00e7\u00e3o\" \/>\n<meta property=\"og:description\" content=\"Deputado participou de reuni\u00f5es com lideran\u00e7as pol\u00edticas e sindicais e representantes da comunidade de Sonora, Coxim e Rio Verde.\" \/>\n<meta property=\"og:url\" content=\"https:\/\/vanderloubet.com.br\/deputado\/em-visita-as-cidades-da-regiao-norte-vander-presta-contas-a-populacao\/\" \/>\n<meta property=\"og:site_name\" content=\"Deputado Federal Vander Loubet\" \/>\n<meta property=\"article:publisher\" content=\"https:\/\/facebook.com\/deputadovander\" \/>\n<meta property=\"article:published_time\" content=\"2014-06-17T10:48:40+00:00\" \/>\n<meta property=\"article:modified_time\" content=\"2015-04-06T19:58:28+00:00\" \/>\n<meta property=\"og:image\" content=\"https:\/\/vanderloubet.com.br\/deputado\/wp-content\/uploads\/2015\/04\/foto-2014-06-14-vander-loubet-visita-sonora.jpg\" \/>\n\t<meta property=\"og:image:width\" content=\"800\" \/>\n\t<meta property=\"og:image:height\" content=\"540\" \/>\n\t<meta property=\"og:image:type\" content=\"image\/jpeg\" \/>\n<meta name=\"author\" content=\"\u00c9der\" \/>\n<meta name=\"twitter:card\" content=\"summary_large_image\" \/>\n<meta name=\"twitter:creator\" content=\"@vanderloubet\" \/>\n<meta name=\"twitter:site\" content=\"@vanderloubet\" \/>\n<script type=\"application\/ld+json\" class=\"yoast-schema-graph\">{\"@context\":\"https:\\\/\\\/schema.org\",\"@graph\":[{\"@type\":\"Article\",\"@id\":\"https:\\\/\\\/vanderloubet.com.br\\\/deputado\\\/em-visita-as-cidades-da-regiao-norte-vander-presta-contas-a-populacao\\\/#article\",\"isPartOf\":{\"@id\":\"https:\\\/\\\/vanderloubet.com.br\\\/deputado\\\/em-visita-as-cidades-da-regiao-norte-vander-presta-contas-a-populacao\\\/\"},\"author\":{\"name\":\"\u00c9der\",\"@id\":\"https:\\\/\\\/vanderloubet.com.br\\\/deputado\\\/#\\\/schema\\\/person\\\/15b51bd564532a8a68d9dec1b8eb890e\"},\"headline\":\"Em visita \u00e0s cidades da Regi\u00e3o Norte, Vander presta contas \u00e0 popula\u00e7\u00e3o\",\"datePublished\":\"2014-06-17T10:48:40+00:00\",\"dateModified\":\"2015-04-06T19:58:28+00:00\",\"mainEntityOfPage\":{\"@id\":\"https:\\\/\\\/vanderloubet.com.br\\\/deputado\\\/em-visita-as-cidades-da-regiao-norte-vander-presta-contas-a-populacao\\\/\"},\"wordCount\":764,\"publisher\":{\"@id\":\"https:\\\/\\\/vanderloubet.com.br\\\/deputado\\\/#organization\"},\"image\":{\"@id\":\"https:\\\/\\\/vanderloubet.com.br\\\/deputado\\\/em-visita-as-cidades-da-regiao-norte-vander-presta-contas-a-populacao\\\/#primaryimage\"},\"thumbnailUrl\":\"https:\\\/\\\/vanderloubet.com.br\\\/deputado\\\/wp-content\\\/uploads\\\/2015\\\/04\\\/foto-2014-06-14-vander-loubet-visita-sonora.jpg\",\"keywords\":[\"emenda parlamentar\",\"infraestrutura\",\"pac 2\",\"sa\u00fade\"],\"articleSection\":[\"Munic\u00edpios\",\"Not\u00edcias\"],\"inLanguage\":\"pt-BR\"},{\"@type\":\"WebPage\",\"@id\":\"https:\\\/\\\/vanderloubet.com.br\\\/deputado\\\/em-visita-as-cidades-da-regiao-norte-vander-presta-contas-a-populacao\\\/\",\"url\":\"https:\\\/\\\/vanderloubet.com.br\\\/deputado\\\/em-visita-as-cidades-da-regiao-norte-vander-presta-contas-a-populacao\\\/\",\"name\":\"Em visita \u00e0s cidades da Regi\u00e3o Norte, Vander presta contas \u00e0 popula\u00e7\u00e3o\",\"isPartOf\":{\"@id\":\"https:\\\/\\\/vanderloubet.com.br\\\/deputado\\\/#website\"},\"primaryImageOfPage\":{\"@id\":\"https:\\\/\\\/vanderloubet.com.br\\\/deputado\\\/em-visita-as-cidades-da-regiao-norte-vander-presta-contas-a-populacao\\\/#primaryimage\"},\"image\":{\"@id\":\"https:\\\/\\\/vanderloubet.com.br\\\/deputado\\\/em-visita-as-cidades-da-regiao-norte-vander-presta-contas-a-populacao\\\/#primaryimage\"},\"thumbnailUrl\":\"https:\\\/\\\/vanderloubet.com.br\\\/deputado\\\/wp-content\\\/uploads\\\/2015\\\/04\\\/foto-2014-06-14-vander-loubet-visita-sonora.jpg\",\"datePublished\":\"2014-06-17T10:48:40+00:00\",\"dateModified\":\"2015-04-06T19:58:28+00:00\",\"breadcrumb\":{\"@id\":\"https:\\\/\\\/vanderloubet.com.br\\\/deputado\\\/em-visita-as-cidades-da-regiao-norte-vander-presta-contas-a-populacao\\\/#breadcrumb\"},\"inLanguage\":\"pt-BR\",\"potentialAction\":[{\"@type\":\"ReadAction\",\"target\":[\"https:\\\/\\\/vanderloubet.com.br\\\/deputado\\\/em-visita-as-cidades-da-regiao-norte-vander-presta-contas-a-populacao\\\/\"]}]},{\"@type\":\"ImageObject\",\"inLanguage\":\"pt-BR\",\"@id\":\"https:\\\/\\\/vanderloubet.com.br\\\/deputado\\\/em-visita-as-cidades-da-regiao-norte-vander-presta-contas-a-populacao\\\/#primaryimage\",\"url\":\"https:\\\/\\\/vanderloubet.com.br\\\/deputado\\\/wp-content\\\/uploads\\\/2015\\\/04\\\/foto-2014-06-14-vander-loubet-visita-sonora.jpg\",\"contentUrl\":\"https:\\\/\\\/vanderloubet.com.br\\\/deputado\\\/wp-content\\\/uploads\\\/2015\\\/04\\\/foto-2014-06-14-vander-loubet-visita-sonora.jpg\",\"width\":800,\"height\":540,\"caption\":\"Por solicita\u00e7\u00e3o do prefeito de Sonora, Vander est\u00e1 destinando emenda para pavimenta\u00e7\u00e3o\"},{\"@type\":\"BreadcrumbList\",\"@id\":\"https:\\\/\\\/vanderloubet.com.br\\\/deputado\\\/em-visita-as-cidades-da-regiao-norte-vander-presta-contas-a-populacao\\\/#breadcrumb\",\"itemListElement\":[{\"@type\":\"ListItem\",\"position\":1,\"name\":\"In\u00edcio\",\"item\":\"https:\\\/\\\/vanderloubet.com.br\\\/deputado\\\/\"},{\"@type\":\"ListItem\",\"position\":2,\"name\":\"Em visita \u00e0s cidades da Regi\u00e3o Norte, Vander presta contas \u00e0 popula\u00e7\u00e3o\"}]},{\"@type\":\"WebSite\",\"@id\":\"https:\\\/\\\/vanderloubet.com.br\\\/deputado\\\/#website\",\"url\":\"https:\\\/\\\/vanderloubet.com.br\\\/deputado\\\/\",\"name\":\"Deputado Federal Vander Loubet\",\"description\":\"O Federal de MS\",\"publisher\":{\"@id\":\"https:\\\/\\\/vanderloubet.com.br\\\/deputado\\\/#organization\"},\"alternateName\":\"Deputado Vander\",\"potentialAction\":[{\"@type\":\"SearchAction\",\"target\":{\"@type\":\"EntryPoint\",\"urlTemplate\":\"https:\\\/\\\/vanderloubet.com.br\\\/deputado\\\/?s={search_term_string}\"},\"query-input\":{\"@type\":\"PropertyValueSpecification\",\"valueRequired\":true,\"valueName\":\"search_term_string\"}}],\"inLanguage\":\"pt-BR\"},{\"@type\":\"Organization\",\"@id\":\"https:\\\/\\\/vanderloubet.com.br\\\/deputado\\\/#organization\",\"name\":\"Deputado Federal Vander Loubet\",\"alternateName\":\"Deputado Vander\",\"url\":\"https:\\\/\\\/vanderloubet.com.br\\\/deputado\\\/\",\"logo\":{\"@type\":\"ImageObject\",\"inLanguage\":\"pt-BR\",\"@id\":\"https:\\\/\\\/vanderloubet.com.br\\\/deputado\\\/#\\\/schema\\\/logo\\\/image\\\/\",\"url\":\"https:\\\/\\\/vanderloubet.com.br\\\/deputado\\\/wp-content\\\/uploads\\\/2023\\\/06\\\/foto-2023-06-19-mandato-deputado-vander.jpg\",\"contentUrl\":\"https:\\\/\\\/vanderloubet.com.br\\\/deputado\\\/wp-content\\\/uploads\\\/2023\\\/06\\\/foto-2023-06-19-mandato-deputado-vander.jpg\",\"width\":1080,\"height\":1080,\"caption\":\"Deputado Federal Vander Loubet\"},\"image\":{\"@id\":\"https:\\\/\\\/vanderloubet.com.br\\\/deputado\\\/#\\\/schema\\\/logo\\\/image\\\/\"},\"sameAs\":[\"https:\\\/\\\/facebook.com\\\/deputadovander\",\"https:\\\/\\\/x.com\\\/vanderloubet\",\"https:\\\/\\\/instagram.com\\\/vanderloubet\",\"https:\\\/\\\/youtube.com\\\/vanderloubet\",\"https:\\\/\\\/tiktok.com\\\/@vanderloubetms\"]},{\"@type\":\"Person\",\"@id\":\"https:\\\/\\\/vanderloubet.com.br\\\/deputado\\\/#\\\/schema\\\/person\\\/15b51bd564532a8a68d9dec1b8eb890e\",\"name\":\"\u00c9der\",\"image\":{\"@type\":\"ImageObject\",\"inLanguage\":\"pt-BR\",\"@id\":\"https:\\\/\\\/vanderloubet.com.br\\\/deputado\\\/wp-content\\\/litespeed\\\/avatar\\\/88ca4090d9d5ab1c9495f6ca03b68efa.jpg?ver=1777058957\",\"url\":\"https:\\\/\\\/vanderloubet.com.br\\\/deputado\\\/wp-content\\\/litespeed\\\/avatar\\\/88ca4090d9d5ab1c9495f6ca03b68efa.jpg?ver=1777058957\",\"contentUrl\":\"https:\\\/\\\/vanderloubet.com.br\\\/deputado\\\/wp-content\\\/litespeed\\\/avatar\\\/88ca4090d9d5ab1c9495f6ca03b68efa.jpg?ver=1777058957\",\"caption\":\"\u00c9der\"}}]}<\/script>\n<!-- \/ Yoast SEO plugin. -->","yoast_head_json":{"title":"Em visita \u00e0s cidades da Regi\u00e3o Norte, Vander presta contas \u00e0 popula\u00e7\u00e3o","robots":{"index":"index","follow":"follow","max-snippet":"max-snippet:-1","max-image-preview":"max-image-preview:large","max-video-preview":"max-video-preview:-1"},"canonical":"https:\/\/vanderloubet.com.br\/deputado\/em-visita-as-cidades-da-regiao-norte-vander-presta-contas-a-populacao\/","og_locale":"pt_BR","og_type":"article","og_title":"Em visita \u00e0s cidades da Regi\u00e3o Norte, Vander presta contas \u00e0 popula\u00e7\u00e3o","og_description":"Deputado participou de reuni\u00f5es com lideran\u00e7as pol\u00edticas e sindicais e representantes da comunidade de Sonora, Coxim e Rio Verde.","og_url":"https:\/\/vanderloubet.com.br\/deputado\/em-visita-as-cidades-da-regiao-norte-vander-presta-contas-a-populacao\/","og_site_name":"Deputado Federal Vander Loubet","article_publisher":"https:\/\/facebook.com\/deputadovander","article_published_time":"2014-06-17T10:48:40+00:00","article_modified_time":"2015-04-06T19:58:28+00:00","og_image":[{"width":800,"height":540,"url":"https:\/\/vanderloubet.com.br\/deputado\/wp-content\/uploads\/2015\/04\/foto-2014-06-14-vander-loubet-visita-sonora.jpg","type":"image\/jpeg"}],"author":"\u00c9der","twitter_card":"summary_large_image","twitter_creator":"@vanderloubet","twitter_site":"@vanderloubet","schema":{"@context":"https:\/\/schema.org","@graph":[{"@type":"Article","@id":"https:\/\/vanderloubet.com.br\/deputado\/em-visita-as-cidades-da-regiao-norte-vander-presta-contas-a-populacao\/#article","isPartOf":{"@id":"https:\/\/vanderloubet.com.br\/deputado\/em-visita-as-cidades-da-regiao-norte-vander-presta-contas-a-populacao\/"},"author":{"name":"\u00c9der","@id":"https:\/\/vanderloubet.com.br\/deputado\/#\/schema\/person\/15b51bd564532a8a68d9dec1b8eb890e"},"headline":"Em visita \u00e0s cidades da Regi\u00e3o Norte, Vander presta contas \u00e0 popula\u00e7\u00e3o","datePublished":"2014-06-17T10:48:40+00:00","dateModified":"2015-04-06T19:58:28+00:00","mainEntityOfPage":{"@id":"https:\/\/vanderloubet.com.br\/deputado\/em-visita-as-cidades-da-regiao-norte-vander-presta-contas-a-populacao\/"},"wordCount":764,"publisher":{"@id":"https:\/\/vanderloubet.com.br\/deputado\/#organization"},"image":{"@id":"https:\/\/vanderloubet.com.br\/deputado\/em-visita-as-cidades-da-regiao-norte-vander-presta-contas-a-populacao\/#primaryimage"},"thumbnailUrl":"https:\/\/vanderloubet.com.br\/deputado\/wp-content\/uploads\/2015\/04\/foto-2014-06-14-vander-loubet-visita-sonora.jpg","keywords":["emenda parlamentar","infraestrutura","pac 2","sa\u00fade"],"articleSection":["Munic\u00edpios","Not\u00edcias"],"inLanguage":"pt-BR"},{"@type":"WebPage","@id":"https:\/\/vanderloubet.com.br\/deputado\/em-visita-as-cidades-da-regiao-norte-vander-presta-contas-a-populacao\/","url":"https:\/\/vanderloubet.com.br\/deputado\/em-visita-as-cidades-da-regiao-norte-vander-presta-contas-a-populacao\/","name":"Em visita \u00e0s cidades da Regi\u00e3o Norte, Vander presta contas \u00e0 popula\u00e7\u00e3o","isPartOf":{"@id":"https:\/\/vanderloubet.com.br\/deputado\/#website"},"primaryImageOfPage":{"@id":"https:\/\/vanderloubet.com.br\/deputado\/em-visita-as-cidades-da-regiao-norte-vander-presta-contas-a-populacao\/#primaryimage"},"image":{"@id":"https:\/\/vanderloubet.com.br\/deputado\/em-visita-as-cidades-da-regiao-norte-vander-presta-contas-a-populacao\/#primaryimage"},"thumbnailUrl":"https:\/\/vanderloubet.com.br\/deputado\/wp-content\/uploads\/2015\/04\/foto-2014-06-14-vander-loubet-visita-sonora.jpg","datePublished":"2014-06-17T10:48:40+00:00","dateModified":"2015-04-06T19:58:28+00:00","breadcrumb":{"@id":"https:\/\/vanderloubet.com.br\/deputado\/em-visita-as-cidades-da-regiao-norte-vander-presta-contas-a-populacao\/#breadcrumb"},"inLanguage":"pt-BR","potentialAction":[{"@type":"ReadAction","target":["https:\/\/vanderloubet.com.br\/deputado\/em-visita-as-cidades-da-regiao-norte-vander-presta-contas-a-populacao\/"]}]},{"@type":"ImageObject","inLanguage":"pt-BR","@id":"https:\/\/vanderloubet.com.br\/deputado\/em-visita-as-cidades-da-regiao-norte-vander-presta-contas-a-populacao\/#primaryimage","url":"https:\/\/vanderloubet.com.br\/deputado\/wp-content\/uploads\/2015\/04\/foto-2014-06-14-vander-loubet-visita-sonora.jpg","contentUrl":"https:\/\/vanderloubet.com.br\/deputado\/wp-content\/uploads\/2015\/04\/foto-2014-06-14-vander-loubet-visita-sonora.jpg","width":800,"height":540,"caption":"Por solicita\u00e7\u00e3o do prefeito de Sonora, Vander est\u00e1 destinando emenda para pavimenta\u00e7\u00e3o"},{"@type":"BreadcrumbList","@id":"https:\/\/vanderloubet.com.br\/deputado\/em-visita-as-cidades-da-regiao-norte-vander-presta-contas-a-populacao\/#breadcrumb","itemListElement":[{"@type":"ListItem","position":1,"name":"In\u00edcio","item":"https:\/\/vanderloubet.com.br\/deputado\/"},{"@type":"ListItem","position":2,"name":"Em visita \u00e0s cidades da Regi\u00e3o Norte, Vander presta contas \u00e0 popula\u00e7\u00e3o"}]},{"@type":"WebSite","@id":"https:\/\/vanderloubet.com.br\/deputado\/#website","url":"https:\/\/vanderloubet.com.br\/deputado\/","name":"Deputado Federal Vander Loubet","description":"O Federal de MS","publisher":{"@id":"https:\/\/vanderloubet.com.br\/deputado\/#organization"},"alternateName":"Deputado Vander","potentialAction":[{"@type":"SearchAction","target":{"@type":"EntryPoint","urlTemplate":"https:\/\/vanderloubet.com.br\/deputado\/?s={search_term_string}"},"query-input":{"@type":"PropertyValueSpecification","valueRequired":true,"valueName":"search_term_string"}}],"inLanguage":"pt-BR"},{"@type":"Organization","@id":"https:\/\/vanderloubet.com.br\/deputado\/#organization","name":"Deputado Federal Vander Loubet","alternateName":"Deputado Vander","url":"https:\/\/vanderloubet.com.br\/deputado\/","logo":{"@type":"ImageObject","inLanguage":"pt-BR","@id":"https:\/\/vanderloubet.com.br\/deputado\/#\/schema\/logo\/image\/","url":"https:\/\/vanderloubet.com.br\/deputado\/wp-content\/uploads\/2023\/06\/foto-2023-06-19-mandato-deputado-vander.jpg","contentUrl":"https:\/\/vanderloubet.com.br\/deputado\/wp-content\/uploads\/2023\/06\/foto-2023-06-19-mandato-deputado-vander.jpg","width":1080,"height":1080,"caption":"Deputado Federal Vander Loubet"},"image":{"@id":"https:\/\/vanderloubet.com.br\/deputado\/#\/schema\/logo\/image\/"},"sameAs":["https:\/\/facebook.com\/deputadovander","https:\/\/x.com\/vanderloubet","https:\/\/instagram.com\/vanderloubet","https:\/\/youtube.com\/vanderloubet","https:\/\/tiktok.com\/@vanderloubetms"]},{"@type":"Person","@id":"https:\/\/vanderloubet.com.br\/deputado\/#\/schema\/person\/15b51bd564532a8a68d9dec1b8eb890e","name":"\u00c9der","image":{"@type":"ImageObject","inLanguage":"pt-BR","@id":"https:\/\/vanderloubet.com.br\/deputado\/wp-content\/litespeed\/avatar\/88ca4090d9d5ab1c9495f6ca03b68efa.jpg?ver=1777058957","url":"https:\/\/vanderloubet.com.br\/deputado\/wp-content\/litespeed\/avatar\/88ca4090d9d5ab1c9495f6ca03b68efa.jpg?ver=1777058957","contentUrl":"https:\/\/vanderloubet.com.br\/deputado\/wp-content\/litespeed\/avatar\/88ca4090d9d5ab1c9495f6ca03b68efa.jpg?ver=1777058957","caption":"\u00c9der"}}]}},"jetpack_featured_media_url":"https:\/\/vanderloubet.com.br\/deputado\/wp-content\/uploads\/2015\/04\/foto-2014-06-14-vander-loubet-visita-sonora.jpg","jetpack_sharing_enabled":true,"_links":{"self":[{"href":"https:\/\/vanderloubet.com.br\/deputado\/wp-json\/wp\/v2\/posts\/9232","targetHints":{"allow":["GET"]}}],"collection":[{"href":"https:\/\/vanderloubet.com.br\/deputado\/wp-json\/wp\/v2\/posts"}],"about":[{"href":"https:\/\/vanderloubet.com.br\/deputado\/wp-json\/wp\/v2\/types\/post"}],"author":[{"embeddable":true,"href":"https:\/\/vanderloubet.com.br\/deputado\/wp-json\/wp\/v2\/users\/2"}],"replies":[{"embeddable":true,"href":"https:\/\/vanderloubet.com.br\/deputado\/wp-json\/wp\/v2\/comments?post=9232"}],"version-history":[{"count":0,"href":"https:\/\/vanderloubet.com.br\/deputado\/wp-json\/wp\/v2\/posts\/9232\/revisions"}],"wp:featuredmedia":[{"embeddable":true,"href":"https:\/\/vanderloubet.com.br\/deputado\/wp-json\/wp\/v2\/media\/9235"}],"wp:attachment":[{"href":"https:\/\/vanderloubet.com.br\/deputado\/wp-json\/wp\/v2\/media?parent=9232"}],"wp:term":[{"taxonomy":"category","embeddable":true,"href":"https:\/\/vanderloubet.com.br\/deputado\/wp-json\/wp\/v2\/categories?post=9232"},{"taxonomy":"post_tag","embeddable":true,"href":"https:\/\/vanderloubet.com.br\/deputado\/wp-json\/wp\/v2\/tags?post=9232"}],"curies":[{"name":"wp","href":"https:\/\/api.w.org\/{rel}","templated":true}]}}