{"id":9218,"date":"2014-06-07T08:34:42","date_gmt":"2014-06-07T11:34:42","guid":{"rendered":"http:\/\/vanderloubet.com.br\/deputado\/?p=9218"},"modified":"2015-04-06T13:46:38","modified_gmt":"2015-04-06T16:46:38","slug":"douglas-e-vander-visitam-area-do-estadio-de-anastacio-e-anunciam-obras","status":"publish","type":"post","link":"https:\/\/vanderloubet.com.br\/deputado\/douglas-e-vander-visitam-area-do-estadio-de-anastacio-e-anunciam-obras\/","title":{"rendered":"Douglas e Vander visitam \u00e1rea do est\u00e1dio de Anast\u00e1cio e anunciam obras"},"content":{"rendered":"\r\n                <style type=\"text\/css\">\r\n                    \r\n                    #tdi_1  .td-doubleSlider-2 .td-item1 {\r\n                        background: url(https:\/\/vanderloubet.com.br\/deputado\/wp-content\/uploads\/2015\/04\/foto-2014-06-06-visita-area-estadio-anastacio-01-80x60.jpg) 0 0 no-repeat;\r\n                    }\r\n                    #tdi_1  .td-doubleSlider-2 .td-item2 {\r\n                        background: url(https:\/\/vanderloubet.com.br\/deputado\/wp-content\/uploads\/2015\/04\/foto-2014-06-06-visita-area-estadio-anastacio-02.jpg) 0 0 no-repeat;\r\n                    }\r\n                    #tdi_1  .td-doubleSlider-2 .td-item3 {\r\n                        background: url(https:\/\/vanderloubet.com.br\/deputado\/wp-content\/uploads\/2015\/04\/foto-2014-06-06-vander-douglas-acesso-frigorifico-80x60.jpg) 0 0 no-repeat;\r\n                    }\r\n                    #tdi_1  .td-doubleSlider-2 .td-item4 {\r\n                        background: url(https:\/\/vanderloubet.com.br\/deputado\/wp-content\/uploads\/2015\/04\/foto-2014-06-06-vander-douglas-anastacio-01-80x60.jpg) 0 0 no-repeat;\r\n                    }\r\n                    #tdi_1  .td-doubleSlider-2 .td-item5 {\r\n                        background: url(https:\/\/vanderloubet.com.br\/deputado\/wp-content\/uploads\/2015\/04\/foto-2014-06-06-vander-douglas-anastacio-02-80x60.jpg) 0 0 no-repeat;\r\n                    }\r\n                <\/style>\r\n\r\n                <div id=\"tdi_1\" class=\"td-gallery td-slide-on-2-columns\">\r\n                    <div class=\"post_td_gallery\">\r\n                        <div class=\"td-gallery-slide-top\">\r\n                           <div class=\"td-gallery-title\"><\/div>\r\n\r\n                            <div class=\"td-gallery-controls-wrapper\">\r\n                                <div class=\"td-gallery-slide-count\"><span class=\"td-gallery-slide-item-focus\">1<\/span> de 5<\/div>\r\n                                <div class=\"td-gallery-slide-prev-next-but\">\r\n                                    <i class = \"td-icon-left doubleSliderPrevButton\"><\/i>\r\n                                    <i class = \"td-icon-right doubleSliderNextButton\"><\/i>\r\n                                <\/div>\r\n                            <\/div>\r\n                        <\/div>\r\n\r\n                        <div class = \"td-doubleSlider-1 \">\r\n                            <div class = \"td-slider\">\r\n                                \r\n                    <div class = \"td-slide-item td-item1\">\r\n                        <figure class=\"td-slide-galery-figure td-slide-popup-gallery\">\r\n                            <a class=\"slide-gallery-image-link\" href=\"https:\/\/vanderloubet.com.br\/deputado\/wp-content\/uploads\/2015\/04\/foto-2014-06-06-visita-area-estadio-anastacio-01.jpg\" title=\"Douglas mostra a Vander a \u00e1rea onde ser\u00e1 constru\u00eddo o est\u00e1dio\"  data-caption=\"\"  data-description=\"Douglas mostra a Vander a &aacute;rea onde ser&aacute; constru&iacute;do o est&aacute;dio\">\r\n                                <img decoding=\"async\" src=\"https:\/\/vanderloubet.com.br\/deputado\/wp-content\/uploads\/2015\/04\/foto-2014-06-06-visita-area-estadio-anastacio-01-632x420.jpg\" srcset=\"https:\/\/vanderloubet.com.br\/deputado\/wp-content\/uploads\/2015\/04\/foto-2014-06-06-visita-area-estadio-anastacio-01-632x420.jpg 632w, https:\/\/vanderloubet.com.br\/deputado\/wp-content\/uploads\/2015\/04\/foto-2014-06-06-visita-area-estadio-anastacio-01-350x232.jpg 350w, https:\/\/vanderloubet.com.br\/deputado\/wp-content\/uploads\/2015\/04\/foto-2014-06-06-visita-area-estadio-anastacio-01-768x510.jpg 768w, https:\/\/vanderloubet.com.br\/deputado\/wp-content\/uploads\/2015\/04\/foto-2014-06-06-visita-area-estadio-anastacio-01-700x465.jpg 700w, https:\/\/vanderloubet.com.br\/deputado\/wp-content\/uploads\/2015\/04\/foto-2014-06-06-visita-area-estadio-anastacio-01-696x462.jpg 696w, https:\/\/vanderloubet.com.br\/deputado\/wp-content\/uploads\/2015\/04\/foto-2014-06-06-visita-area-estadio-anastacio-01.jpg 1024w\" sizes=\"(max-width: 632px) 100vw, 632px\" alt=\"Douglas mostra a Vander a &aacute;rea onde ser&aacute; constru&iacute;do o est&aacute;dio\">\r\n                            <\/a>\r\n                            <figcaption class = \"td-slide-caption td-gallery-slide-content\"><span>Douglas mostra a Vander a \u00e1rea onde ser\u00e1 constru\u00eddo o est\u00e1dio<\/span><\/figcaption>\r\n                        <\/figure>\r\n                    <\/div>\r\n                    <div class = \"td-slide-item td-item2\">\r\n                        <figure class=\"td-slide-galery-figure td-slide-popup-gallery\">\r\n                            <a class=\"slide-gallery-image-link\" href=\"https:\/\/vanderloubet.com.br\/deputado\/wp-content\/uploads\/2015\/04\/foto-2014-06-06-visita-area-estadio-anastacio-02.jpg\" title=\"Douglas mostra a Vander a \u00e1rea onde ser\u00e1 constru\u00eddo o est\u00e1dio\"  data-caption=\"\"  data-description=\"Douglas mostra a Vander a &aacute;rea onde ser&aacute; constru&iacute;do o est&aacute;dio\">\r\n                                <img decoding=\"async\" src=\"https:\/\/vanderloubet.com.br\/deputado\/wp-content\/uploads\/2015\/04\/foto-2014-06-06-visita-area-estadio-anastacio-02.jpg\" alt=\"Douglas mostra a Vander a &aacute;rea onde ser&aacute; constru&iacute;do o est&aacute;dio\">\r\n                            <\/a>\r\n                            <figcaption class = \"td-slide-caption td-gallery-slide-content\"><span>Douglas mostra a Vander a \u00e1rea onde ser\u00e1 constru\u00eddo o est\u00e1dio<\/span><\/figcaption>\r\n                        <\/figure>\r\n                    <\/div>\r\n                    <div class = \"td-slide-item td-item3\">\r\n                        <figure class=\"td-slide-galery-figure td-slide-popup-gallery\">\r\n                            <a class=\"slide-gallery-image-link\" href=\"https:\/\/vanderloubet.com.br\/deputado\/wp-content\/uploads\/2015\/04\/foto-2014-06-06-vander-douglas-acesso-frigorifico.jpg\" title=\"Douglas e Vander visitaram o principal acesso \u00e0 Ponte Boiadeira e aos frigor\u00edficos\"  data-caption=\"\"  data-description=\"Douglas e Vander visitaram o principal acesso &agrave; Ponte Boiadeira e aos frigor&iacute;ficos\">\r\n                                <img decoding=\"async\" src=\"https:\/\/vanderloubet.com.br\/deputado\/wp-content\/uploads\/2015\/04\/foto-2014-06-06-vander-douglas-acesso-frigorifico-632x420.jpg\" srcset=\"https:\/\/vanderloubet.com.br\/deputado\/wp-content\/uploads\/2015\/04\/foto-2014-06-06-vander-douglas-acesso-frigorifico-632x420.jpg 632w, https:\/\/vanderloubet.com.br\/deputado\/wp-content\/uploads\/2015\/04\/foto-2014-06-06-vander-douglas-acesso-frigorifico-350x232.jpg 350w, https:\/\/vanderloubet.com.br\/deputado\/wp-content\/uploads\/2015\/04\/foto-2014-06-06-vander-douglas-acesso-frigorifico-768x510.jpg 768w, https:\/\/vanderloubet.com.br\/deputado\/wp-content\/uploads\/2015\/04\/foto-2014-06-06-vander-douglas-acesso-frigorifico-700x465.jpg 700w, https:\/\/vanderloubet.com.br\/deputado\/wp-content\/uploads\/2015\/04\/foto-2014-06-06-vander-douglas-acesso-frigorifico-696x462.jpg 696w, https:\/\/vanderloubet.com.br\/deputado\/wp-content\/uploads\/2015\/04\/foto-2014-06-06-vander-douglas-acesso-frigorifico.jpg 1024w\" sizes=\"(max-width: 632px) 100vw, 632px\" alt=\"Douglas e Vander visitaram o principal acesso &agrave; Ponte Boiadeira e aos frigor&iacute;ficos\">\r\n                            <\/a>\r\n                            <figcaption class = \"td-slide-caption td-gallery-slide-content\"><span>Douglas e Vander visitaram o principal acesso \u00e0 Ponte Boiadeira e aos frigor\u00edficos<\/span><\/figcaption>\r\n                        <\/figure>\r\n                    <\/div>\r\n                    <div class = \"td-slide-item td-item4\">\r\n                        <figure class=\"td-slide-galery-figure td-slide-popup-gallery\">\r\n                            <a class=\"slide-gallery-image-link\" href=\"https:\/\/vanderloubet.com.br\/deputado\/wp-content\/uploads\/2015\/04\/foto-2014-06-06-vander-douglas-anastacio-01.jpg\" title=\"Vander e Douglas falam sobre os investimentos para Anast\u00e1cio\"  data-caption=\"\"  data-description=\"Vander e Douglas falam sobre os investimentos para Anast&aacute;cio\">\r\n                                <img decoding=\"async\" src=\"https:\/\/vanderloubet.com.br\/deputado\/wp-content\/uploads\/2015\/04\/foto-2014-06-06-vander-douglas-anastacio-01-632x420.jpg\" srcset=\"https:\/\/vanderloubet.com.br\/deputado\/wp-content\/uploads\/2015\/04\/foto-2014-06-06-vander-douglas-anastacio-01-632x420.jpg 632w, https:\/\/vanderloubet.com.br\/deputado\/wp-content\/uploads\/2015\/04\/foto-2014-06-06-vander-douglas-anastacio-01-350x232.jpg 350w, https:\/\/vanderloubet.com.br\/deputado\/wp-content\/uploads\/2015\/04\/foto-2014-06-06-vander-douglas-anastacio-01-768x510.jpg 768w, https:\/\/vanderloubet.com.br\/deputado\/wp-content\/uploads\/2015\/04\/foto-2014-06-06-vander-douglas-anastacio-01-700x465.jpg 700w, https:\/\/vanderloubet.com.br\/deputado\/wp-content\/uploads\/2015\/04\/foto-2014-06-06-vander-douglas-anastacio-01-696x462.jpg 696w, https:\/\/vanderloubet.com.br\/deputado\/wp-content\/uploads\/2015\/04\/foto-2014-06-06-vander-douglas-anastacio-01.jpg 1024w\" sizes=\"(max-width: 632px) 100vw, 632px\" alt=\"Vander e Douglas falam sobre os investimentos para Anast&aacute;cio\">\r\n                            <\/a>\r\n                            <figcaption class = \"td-slide-caption td-gallery-slide-content\"><span>Vander e Douglas falam sobre os investimentos para Anast\u00e1cio<\/span><\/figcaption>\r\n                        <\/figure>\r\n                    <\/div>\r\n                    <div class = \"td-slide-item td-item5\">\r\n                        <figure class=\"td-slide-galery-figure td-slide-popup-gallery\">\r\n                            <a class=\"slide-gallery-image-link\" href=\"https:\/\/vanderloubet.com.br\/deputado\/wp-content\/uploads\/2015\/04\/foto-2014-06-06-vander-douglas-anastacio-02.jpg\" title=\"Vander e Douglas falam sobre os investimentos para Anast\u00e1cio\"  data-caption=\"\"  data-description=\"Vander e Douglas falam sobre os investimentos para Anast&aacute;cio\">\r\n                                <img decoding=\"async\" src=\"https:\/\/vanderloubet.com.br\/deputado\/wp-content\/uploads\/2015\/04\/foto-2014-06-06-vander-douglas-anastacio-02-632x420.jpg\" srcset=\"https:\/\/vanderloubet.com.br\/deputado\/wp-content\/uploads\/2015\/04\/foto-2014-06-06-vander-douglas-anastacio-02-632x420.jpg 632w, https:\/\/vanderloubet.com.br\/deputado\/wp-content\/uploads\/2015\/04\/foto-2014-06-06-vander-douglas-anastacio-02-350x232.jpg 350w, https:\/\/vanderloubet.com.br\/deputado\/wp-content\/uploads\/2015\/04\/foto-2014-06-06-vander-douglas-anastacio-02-768x510.jpg 768w, https:\/\/vanderloubet.com.br\/deputado\/wp-content\/uploads\/2015\/04\/foto-2014-06-06-vander-douglas-anastacio-02-700x465.jpg 700w, https:\/\/vanderloubet.com.br\/deputado\/wp-content\/uploads\/2015\/04\/foto-2014-06-06-vander-douglas-anastacio-02-696x462.jpg 696w, https:\/\/vanderloubet.com.br\/deputado\/wp-content\/uploads\/2015\/04\/foto-2014-06-06-vander-douglas-anastacio-02.jpg 1024w\" sizes=\"(max-width: 632px) 100vw, 632px\" alt=\"Vander e Douglas falam sobre os investimentos para Anast&aacute;cio\">\r\n                            <\/a>\r\n                            <figcaption class = \"td-slide-caption td-gallery-slide-content\"><span>Vander e Douglas falam sobre os investimentos para Anast\u00e1cio<\/span><\/figcaption>\r\n                        <\/figure>\r\n                    <\/div>\r\n                            <\/div>\r\n                        <\/div>\r\n\r\n                        <div class = \"td-doubleSlider-2\">\r\n                            <div class = \"td-slider\">\r\n                                \r\n                    <div class = \"td-button td-item1\">\r\n                        <div class = \"td-border\"><\/div>\r\n                    <\/div>\r\n                    <div class = \"td-button td-item2\">\r\n                        <div class = \"td-border\"><\/div>\r\n                    <\/div>\r\n                    <div class = \"td-button td-item3\">\r\n                        <div class = \"td-border\"><\/div>\r\n                    <\/div>\r\n                    <div class = \"td-button td-item4\">\r\n                        <div class = \"td-border\"><\/div>\r\n                    <\/div>\r\n                    <div class = \"td-button td-item5\">\r\n                        <div class = \"td-border\"><\/div>\r\n                    <\/div>\r\n                            <\/div>\r\n                        <\/div>\r\n\r\n                    <\/div>\r\n\r\n                <\/div>\r\n                \n<p>No dia 6 de junho, o deputado federal Vander Loubet esteve no munic\u00edpio de Anast\u00e1cio. Junto com o prefeito Douglas Figueiredo, o parlamentar visitou a \u00e1rea conhecida como Pra\u00e7a de Esportes, na qual ser\u00e1 constru\u00eddo o Est\u00e1dio Municipal Rosalda Paim. Na ocasi\u00e3o, o administrador municipal anunciou que a obra est\u00e1 para ser iniciada. \u201cNa semana que vem o Vander e eu estaremos juntos na Superintend\u00eancia da Caixa Econ\u00f4mica Federal para obter a autoriza\u00e7\u00e3o de licita\u00e7\u00e3o dessa obra de quase R$ 1,5 milh\u00e3o\u201d, afirmou.<\/p>\n<p>Do total a ser investido na constru\u00e7\u00e3o do est\u00e1dio, R$ 1 milh\u00e3o se refere a emenda parlamentar do deputado Vander no Or\u00e7amento Geral da Uni\u00e3o (OGU) de 2013. \u201cEstamos construindo uma cidade acolhedora, a mais acolhedora de MS, e o Vander \u00e9 nosso parceiro de primeira hora, merece todo o nosso reconhecimento e apoio\u201d, destacou Douglas.<\/p>\n<p><strong>Infraestrutura e sa\u00fade<\/strong> \u2013 Al\u00e9m da visita \u00e0 Pra\u00e7a de Esportes, Douglas e Vander estiveram na Rua Vanderlei, na Vila Afonso Paim, principal acesso \u00e0 Ponte Boiadeira e aos frigor\u00edficos Buriti e JBS. Vander garantiu apoio para a Prefeitura viabilizar os recursos para a pavimenta\u00e7\u00e3o asf\u00e1ltica e drenagem dessa rua. \u201cE de acordo com o prefeito, com o apoio do deputado Vander e do senador Delc\u00eddio do Amaral, a Prefeitura ainda vai pavimentar e fazer drenagem em cerca de 100 quadras da cidade. Dentre essas quadras est\u00e3o ruas da Vila Maior at\u00e9 a Pedreira e do Jardim Campan\u00e1rio.<\/p>\n<p>A \u00faltima agenda da visita de Vander a Anast\u00e1cio foi uma reuni\u00e3o na qual o prefeito anunciou a recupera\u00e7\u00e3o de recursos para uma nova Unidade B\u00e1sica de Sa\u00fade da Fam\u00edlia e destacou o trabalho do parlamentar na libera\u00e7\u00e3o de recursos para saneamento b\u00e1sico. \u201cO novo posto de ESF [Estrat\u00e9gia de Sa\u00fade da Fam\u00edlia] que ser\u00e1 constru\u00eddo na Vila Umbelina\/Aldeia Aldeinha, no valor de R$ 400 mil, \u00e9 uma a\u00e7\u00e3o do deputado Vander, que nos ajudou a resgatar esse recurso, que estava perdido em Bras\u00edlia. Al\u00e9m disso, pude mostrar para ele os c\u00f3rregos que cortam a nossa cidade. E pedi a ele que nos ajude a liberar na Funasa a verba de R$ 4,5 milh\u00f5es para fazermos a Esta\u00e7\u00e3o de Tratamento de Esgoto. Al\u00e9m disso, solicitei emenda para taparmos esses esgotos a c\u00e9u aberto e para construirmos passarelas para ciclovias e passeios p\u00fablicos\u201d, concluiu Douglas.<\/p>\n<p><em>(Fonte: Ascom\/Prefeitura de Anast\u00e1cio)<\/em><\/p>\n","protected":false},"excerpt":{"rendered":"<p>Est\u00e1dio Municipal Rosalda Paim receber\u00e1 R$ 1 milh\u00e3o de emenda do deputado. A\u00e7\u00e3o parlamentar tamb\u00e9m garantiu UBS e prev\u00ea recursos para saneamento b\u00e1sico.<\/p>\n","protected":false},"author":2,"featured_media":9222,"comment_status":"closed","ping_status":"closed","sticky":false,"template":"","format":"standard","meta":{"jetpack_post_was_ever_published":false,"_jetpack_newsletter_access":"","_jetpack_dont_email_post_to_subs":false,"_jetpack_newsletter_tier_id":0,"_jetpack_memberships_contains_paywalled_content":false,"_jetpack_memberships_contains_paid_content":false,"footnotes":""},"categories":[2097,10],"tags":[2127,739,1803],"class_list":{"0":"post-9218","1":"post","2":"type-post","3":"status-publish","4":"format-standard","5":"has-post-thumbnail","7":"category-municipios-noticias","8":"category-noticias","9":"tag-emenda-parlamentar","10":"tag-esporte","11":"tag-saude"},"yoast_head":"<!-- This site is optimized with the Yoast SEO plugin v27.4 - https:\/\/yoast.com\/product\/yoast-seo-wordpress\/ -->\n<title>Douglas e Vander visitam \u00e1rea do est\u00e1dio de Anast\u00e1cio e anunciam obras<\/title>\n<meta name=\"robots\" content=\"index, follow, max-snippet:-1, max-image-preview:large, max-video-preview:-1\" \/>\n<link rel=\"canonical\" href=\"https:\/\/vanderloubet.com.br\/deputado\/douglas-e-vander-visitam-area-do-estadio-de-anastacio-e-anunciam-obras\/\" \/>\n<meta property=\"og:locale\" content=\"pt_BR\" \/>\n<meta property=\"og:type\" content=\"article\" \/>\n<meta property=\"og:title\" content=\"Douglas e Vander visitam \u00e1rea do est\u00e1dio de Anast\u00e1cio e anunciam obras\" \/>\n<meta property=\"og:description\" content=\"Est\u00e1dio Municipal Rosalda Paim receber\u00e1 R$ 1 milh\u00e3o de emenda do deputado. A\u00e7\u00e3o parlamentar tamb\u00e9m garantiu UBS e prev\u00ea recursos para saneamento b\u00e1sico.\" \/>\n<meta property=\"og:url\" content=\"https:\/\/vanderloubet.com.br\/deputado\/douglas-e-vander-visitam-area-do-estadio-de-anastacio-e-anunciam-obras\/\" \/>\n<meta property=\"og:site_name\" content=\"Deputado Federal Vander Loubet\" \/>\n<meta property=\"article:publisher\" content=\"https:\/\/facebook.com\/deputadovander\" \/>\n<meta property=\"article:published_time\" content=\"2014-06-07T11:34:42+00:00\" \/>\n<meta property=\"article:modified_time\" content=\"2015-04-06T16:46:38+00:00\" \/>\n<meta property=\"og:image\" content=\"https:\/\/vanderloubet.com.br\/deputado\/wp-content\/uploads\/2015\/04\/foto-2014-06-06-visita-area-estadio-anastacio-01.jpg\" \/>\n\t<meta property=\"og:image:width\" content=\"1024\" \/>\n\t<meta property=\"og:image:height\" content=\"680\" \/>\n\t<meta property=\"og:image:type\" content=\"image\/jpeg\" \/>\n<meta name=\"author\" content=\"\u00c9der\" \/>\n<meta name=\"twitter:card\" content=\"summary_large_image\" \/>\n<meta name=\"twitter:creator\" content=\"@vanderloubet\" \/>\n<meta name=\"twitter:site\" content=\"@vanderloubet\" \/>\n<script type=\"application\/ld+json\" class=\"yoast-schema-graph\">{\"@context\":\"https:\\\/\\\/schema.org\",\"@graph\":[{\"@type\":\"Article\",\"@id\":\"https:\\\/\\\/vanderloubet.com.br\\\/deputado\\\/douglas-e-vander-visitam-area-do-estadio-de-anastacio-e-anunciam-obras\\\/#article\",\"isPartOf\":{\"@id\":\"https:\\\/\\\/vanderloubet.com.br\\\/deputado\\\/douglas-e-vander-visitam-area-do-estadio-de-anastacio-e-anunciam-obras\\\/\"},\"author\":{\"name\":\"\u00c9der\",\"@id\":\"https:\\\/\\\/vanderloubet.com.br\\\/deputado\\\/#\\\/schema\\\/person\\\/15b51bd564532a8a68d9dec1b8eb890e\"},\"headline\":\"Douglas e Vander visitam \u00e1rea do est\u00e1dio de Anast\u00e1cio e anunciam obras\",\"datePublished\":\"2014-06-07T11:34:42+00:00\",\"dateModified\":\"2015-04-06T16:46:38+00:00\",\"mainEntityOfPage\":{\"@id\":\"https:\\\/\\\/vanderloubet.com.br\\\/deputado\\\/douglas-e-vander-visitam-area-do-estadio-de-anastacio-e-anunciam-obras\\\/\"},\"wordCount\":445,\"publisher\":{\"@id\":\"https:\\\/\\\/vanderloubet.com.br\\\/deputado\\\/#organization\"},\"image\":{\"@id\":\"https:\\\/\\\/vanderloubet.com.br\\\/deputado\\\/douglas-e-vander-visitam-area-do-estadio-de-anastacio-e-anunciam-obras\\\/#primaryimage\"},\"thumbnailUrl\":\"https:\\\/\\\/vanderloubet.com.br\\\/deputado\\\/wp-content\\\/uploads\\\/2015\\\/04\\\/foto-2014-06-06-visita-area-estadio-anastacio-01.jpg\",\"keywords\":[\"emenda parlamentar\",\"esporte\",\"sa\u00fade\"],\"articleSection\":[\"Munic\u00edpios\",\"Not\u00edcias\"],\"inLanguage\":\"pt-BR\"},{\"@type\":\"WebPage\",\"@id\":\"https:\\\/\\\/vanderloubet.com.br\\\/deputado\\\/douglas-e-vander-visitam-area-do-estadio-de-anastacio-e-anunciam-obras\\\/\",\"url\":\"https:\\\/\\\/vanderloubet.com.br\\\/deputado\\\/douglas-e-vander-visitam-area-do-estadio-de-anastacio-e-anunciam-obras\\\/\",\"name\":\"Douglas e Vander visitam \u00e1rea do est\u00e1dio de Anast\u00e1cio e anunciam obras\",\"isPartOf\":{\"@id\":\"https:\\\/\\\/vanderloubet.com.br\\\/deputado\\\/#website\"},\"primaryImageOfPage\":{\"@id\":\"https:\\\/\\\/vanderloubet.com.br\\\/deputado\\\/douglas-e-vander-visitam-area-do-estadio-de-anastacio-e-anunciam-obras\\\/#primaryimage\"},\"image\":{\"@id\":\"https:\\\/\\\/vanderloubet.com.br\\\/deputado\\\/douglas-e-vander-visitam-area-do-estadio-de-anastacio-e-anunciam-obras\\\/#primaryimage\"},\"thumbnailUrl\":\"https:\\\/\\\/vanderloubet.com.br\\\/deputado\\\/wp-content\\\/uploads\\\/2015\\\/04\\\/foto-2014-06-06-visita-area-estadio-anastacio-01.jpg\",\"datePublished\":\"2014-06-07T11:34:42+00:00\",\"dateModified\":\"2015-04-06T16:46:38+00:00\",\"breadcrumb\":{\"@id\":\"https:\\\/\\\/vanderloubet.com.br\\\/deputado\\\/douglas-e-vander-visitam-area-do-estadio-de-anastacio-e-anunciam-obras\\\/#breadcrumb\"},\"inLanguage\":\"pt-BR\",\"potentialAction\":[{\"@type\":\"ReadAction\",\"target\":[\"https:\\\/\\\/vanderloubet.com.br\\\/deputado\\\/douglas-e-vander-visitam-area-do-estadio-de-anastacio-e-anunciam-obras\\\/\"]}]},{\"@type\":\"ImageObject\",\"inLanguage\":\"pt-BR\",\"@id\":\"https:\\\/\\\/vanderloubet.com.br\\\/deputado\\\/douglas-e-vander-visitam-area-do-estadio-de-anastacio-e-anunciam-obras\\\/#primaryimage\",\"url\":\"https:\\\/\\\/vanderloubet.com.br\\\/deputado\\\/wp-content\\\/uploads\\\/2015\\\/04\\\/foto-2014-06-06-visita-area-estadio-anastacio-01.jpg\",\"contentUrl\":\"https:\\\/\\\/vanderloubet.com.br\\\/deputado\\\/wp-content\\\/uploads\\\/2015\\\/04\\\/foto-2014-06-06-visita-area-estadio-anastacio-01.jpg\",\"width\":1024,\"height\":680,\"caption\":\"Douglas mostra a Vander a \u00e1rea onde ser\u00e1 constru\u00eddo o est\u00e1dio\"},{\"@type\":\"BreadcrumbList\",\"@id\":\"https:\\\/\\\/vanderloubet.com.br\\\/deputado\\\/douglas-e-vander-visitam-area-do-estadio-de-anastacio-e-anunciam-obras\\\/#breadcrumb\",\"itemListElement\":[{\"@type\":\"ListItem\",\"position\":1,\"name\":\"In\u00edcio\",\"item\":\"https:\\\/\\\/vanderloubet.com.br\\\/deputado\\\/\"},{\"@type\":\"ListItem\",\"position\":2,\"name\":\"Douglas e Vander visitam \u00e1rea do est\u00e1dio de Anast\u00e1cio e anunciam obras\"}]},{\"@type\":\"WebSite\",\"@id\":\"https:\\\/\\\/vanderloubet.com.br\\\/deputado\\\/#website\",\"url\":\"https:\\\/\\\/vanderloubet.com.br\\\/deputado\\\/\",\"name\":\"Deputado Federal Vander Loubet\",\"description\":\"O Federal de MS\",\"publisher\":{\"@id\":\"https:\\\/\\\/vanderloubet.com.br\\\/deputado\\\/#organization\"},\"alternateName\":\"Deputado Vander\",\"potentialAction\":[{\"@type\":\"SearchAction\",\"target\":{\"@type\":\"EntryPoint\",\"urlTemplate\":\"https:\\\/\\\/vanderloubet.com.br\\\/deputado\\\/?s={search_term_string}\"},\"query-input\":{\"@type\":\"PropertyValueSpecification\",\"valueRequired\":true,\"valueName\":\"search_term_string\"}}],\"inLanguage\":\"pt-BR\"},{\"@type\":\"Organization\",\"@id\":\"https:\\\/\\\/vanderloubet.com.br\\\/deputado\\\/#organization\",\"name\":\"Deputado Federal Vander Loubet\",\"alternateName\":\"Deputado Vander\",\"url\":\"https:\\\/\\\/vanderloubet.com.br\\\/deputado\\\/\",\"logo\":{\"@type\":\"ImageObject\",\"inLanguage\":\"pt-BR\",\"@id\":\"https:\\\/\\\/vanderloubet.com.br\\\/deputado\\\/#\\\/schema\\\/logo\\\/image\\\/\",\"url\":\"https:\\\/\\\/vanderloubet.com.br\\\/deputado\\\/wp-content\\\/uploads\\\/2023\\\/06\\\/foto-2023-06-19-mandato-deputado-vander.jpg\",\"contentUrl\":\"https:\\\/\\\/vanderloubet.com.br\\\/deputado\\\/wp-content\\\/uploads\\\/2023\\\/06\\\/foto-2023-06-19-mandato-deputado-vander.jpg\",\"width\":1080,\"height\":1080,\"caption\":\"Deputado Federal Vander Loubet\"},\"image\":{\"@id\":\"https:\\\/\\\/vanderloubet.com.br\\\/deputado\\\/#\\\/schema\\\/logo\\\/image\\\/\"},\"sameAs\":[\"https:\\\/\\\/facebook.com\\\/deputadovander\",\"https:\\\/\\\/x.com\\\/vanderloubet\",\"https:\\\/\\\/instagram.com\\\/vanderloubet\",\"https:\\\/\\\/youtube.com\\\/vanderloubet\",\"https:\\\/\\\/tiktok.com\\\/@vanderloubetms\"]},{\"@type\":\"Person\",\"@id\":\"https:\\\/\\\/vanderloubet.com.br\\\/deputado\\\/#\\\/schema\\\/person\\\/15b51bd564532a8a68d9dec1b8eb890e\",\"name\":\"\u00c9der\",\"image\":{\"@type\":\"ImageObject\",\"inLanguage\":\"pt-BR\",\"@id\":\"https:\\\/\\\/vanderloubet.com.br\\\/deputado\\\/wp-content\\\/litespeed\\\/avatar\\\/88ca4090d9d5ab1c9495f6ca03b68efa.jpg?ver=1777058957\",\"url\":\"https:\\\/\\\/vanderloubet.com.br\\\/deputado\\\/wp-content\\\/litespeed\\\/avatar\\\/88ca4090d9d5ab1c9495f6ca03b68efa.jpg?ver=1777058957\",\"contentUrl\":\"https:\\\/\\\/vanderloubet.com.br\\\/deputado\\\/wp-content\\\/litespeed\\\/avatar\\\/88ca4090d9d5ab1c9495f6ca03b68efa.jpg?ver=1777058957\",\"caption\":\"\u00c9der\"}}]}<\/script>\n<!-- \/ Yoast SEO plugin. -->","yoast_head_json":{"title":"Douglas e Vander visitam \u00e1rea do est\u00e1dio de Anast\u00e1cio e anunciam obras","robots":{"index":"index","follow":"follow","max-snippet":"max-snippet:-1","max-image-preview":"max-image-preview:large","max-video-preview":"max-video-preview:-1"},"canonical":"https:\/\/vanderloubet.com.br\/deputado\/douglas-e-vander-visitam-area-do-estadio-de-anastacio-e-anunciam-obras\/","og_locale":"pt_BR","og_type":"article","og_title":"Douglas e Vander visitam \u00e1rea do est\u00e1dio de Anast\u00e1cio e anunciam obras","og_description":"Est\u00e1dio Municipal Rosalda Paim receber\u00e1 R$ 1 milh\u00e3o de emenda do deputado. A\u00e7\u00e3o parlamentar tamb\u00e9m garantiu UBS e prev\u00ea recursos para saneamento b\u00e1sico.","og_url":"https:\/\/vanderloubet.com.br\/deputado\/douglas-e-vander-visitam-area-do-estadio-de-anastacio-e-anunciam-obras\/","og_site_name":"Deputado Federal Vander Loubet","article_publisher":"https:\/\/facebook.com\/deputadovander","article_published_time":"2014-06-07T11:34:42+00:00","article_modified_time":"2015-04-06T16:46:38+00:00","og_image":[{"width":1024,"height":680,"url":"https:\/\/vanderloubet.com.br\/deputado\/wp-content\/uploads\/2015\/04\/foto-2014-06-06-visita-area-estadio-anastacio-01.jpg","type":"image\/jpeg"}],"author":"\u00c9der","twitter_card":"summary_large_image","twitter_creator":"@vanderloubet","twitter_site":"@vanderloubet","schema":{"@context":"https:\/\/schema.org","@graph":[{"@type":"Article","@id":"https:\/\/vanderloubet.com.br\/deputado\/douglas-e-vander-visitam-area-do-estadio-de-anastacio-e-anunciam-obras\/#article","isPartOf":{"@id":"https:\/\/vanderloubet.com.br\/deputado\/douglas-e-vander-visitam-area-do-estadio-de-anastacio-e-anunciam-obras\/"},"author":{"name":"\u00c9der","@id":"https:\/\/vanderloubet.com.br\/deputado\/#\/schema\/person\/15b51bd564532a8a68d9dec1b8eb890e"},"headline":"Douglas e Vander visitam \u00e1rea do est\u00e1dio de Anast\u00e1cio e anunciam obras","datePublished":"2014-06-07T11:34:42+00:00","dateModified":"2015-04-06T16:46:38+00:00","mainEntityOfPage":{"@id":"https:\/\/vanderloubet.com.br\/deputado\/douglas-e-vander-visitam-area-do-estadio-de-anastacio-e-anunciam-obras\/"},"wordCount":445,"publisher":{"@id":"https:\/\/vanderloubet.com.br\/deputado\/#organization"},"image":{"@id":"https:\/\/vanderloubet.com.br\/deputado\/douglas-e-vander-visitam-area-do-estadio-de-anastacio-e-anunciam-obras\/#primaryimage"},"thumbnailUrl":"https:\/\/vanderloubet.com.br\/deputado\/wp-content\/uploads\/2015\/04\/foto-2014-06-06-visita-area-estadio-anastacio-01.jpg","keywords":["emenda parlamentar","esporte","sa\u00fade"],"articleSection":["Munic\u00edpios","Not\u00edcias"],"inLanguage":"pt-BR"},{"@type":"WebPage","@id":"https:\/\/vanderloubet.com.br\/deputado\/douglas-e-vander-visitam-area-do-estadio-de-anastacio-e-anunciam-obras\/","url":"https:\/\/vanderloubet.com.br\/deputado\/douglas-e-vander-visitam-area-do-estadio-de-anastacio-e-anunciam-obras\/","name":"Douglas e Vander visitam \u00e1rea do est\u00e1dio de Anast\u00e1cio e anunciam obras","isPartOf":{"@id":"https:\/\/vanderloubet.com.br\/deputado\/#website"},"primaryImageOfPage":{"@id":"https:\/\/vanderloubet.com.br\/deputado\/douglas-e-vander-visitam-area-do-estadio-de-anastacio-e-anunciam-obras\/#primaryimage"},"image":{"@id":"https:\/\/vanderloubet.com.br\/deputado\/douglas-e-vander-visitam-area-do-estadio-de-anastacio-e-anunciam-obras\/#primaryimage"},"thumbnailUrl":"https:\/\/vanderloubet.com.br\/deputado\/wp-content\/uploads\/2015\/04\/foto-2014-06-06-visita-area-estadio-anastacio-01.jpg","datePublished":"2014-06-07T11:34:42+00:00","dateModified":"2015-04-06T16:46:38+00:00","breadcrumb":{"@id":"https:\/\/vanderloubet.com.br\/deputado\/douglas-e-vander-visitam-area-do-estadio-de-anastacio-e-anunciam-obras\/#breadcrumb"},"inLanguage":"pt-BR","potentialAction":[{"@type":"ReadAction","target":["https:\/\/vanderloubet.com.br\/deputado\/douglas-e-vander-visitam-area-do-estadio-de-anastacio-e-anunciam-obras\/"]}]},{"@type":"ImageObject","inLanguage":"pt-BR","@id":"https:\/\/vanderloubet.com.br\/deputado\/douglas-e-vander-visitam-area-do-estadio-de-anastacio-e-anunciam-obras\/#primaryimage","url":"https:\/\/vanderloubet.com.br\/deputado\/wp-content\/uploads\/2015\/04\/foto-2014-06-06-visita-area-estadio-anastacio-01.jpg","contentUrl":"https:\/\/vanderloubet.com.br\/deputado\/wp-content\/uploads\/2015\/04\/foto-2014-06-06-visita-area-estadio-anastacio-01.jpg","width":1024,"height":680,"caption":"Douglas mostra a Vander a \u00e1rea onde ser\u00e1 constru\u00eddo o est\u00e1dio"},{"@type":"BreadcrumbList","@id":"https:\/\/vanderloubet.com.br\/deputado\/douglas-e-vander-visitam-area-do-estadio-de-anastacio-e-anunciam-obras\/#breadcrumb","itemListElement":[{"@type":"ListItem","position":1,"name":"In\u00edcio","item":"https:\/\/vanderloubet.com.br\/deputado\/"},{"@type":"ListItem","position":2,"name":"Douglas e Vander visitam \u00e1rea do est\u00e1dio de Anast\u00e1cio e anunciam obras"}]},{"@type":"WebSite","@id":"https:\/\/vanderloubet.com.br\/deputado\/#website","url":"https:\/\/vanderloubet.com.br\/deputado\/","name":"Deputado Federal Vander Loubet","description":"O Federal de MS","publisher":{"@id":"https:\/\/vanderloubet.com.br\/deputado\/#organization"},"alternateName":"Deputado Vander","potentialAction":[{"@type":"SearchAction","target":{"@type":"EntryPoint","urlTemplate":"https:\/\/vanderloubet.com.br\/deputado\/?s={search_term_string}"},"query-input":{"@type":"PropertyValueSpecification","valueRequired":true,"valueName":"search_term_string"}}],"inLanguage":"pt-BR"},{"@type":"Organization","@id":"https:\/\/vanderloubet.com.br\/deputado\/#organization","name":"Deputado Federal Vander Loubet","alternateName":"Deputado Vander","url":"https:\/\/vanderloubet.com.br\/deputado\/","logo":{"@type":"ImageObject","inLanguage":"pt-BR","@id":"https:\/\/vanderloubet.com.br\/deputado\/#\/schema\/logo\/image\/","url":"https:\/\/vanderloubet.com.br\/deputado\/wp-content\/uploads\/2023\/06\/foto-2023-06-19-mandato-deputado-vander.jpg","contentUrl":"https:\/\/vanderloubet.com.br\/deputado\/wp-content\/uploads\/2023\/06\/foto-2023-06-19-mandato-deputado-vander.jpg","width":1080,"height":1080,"caption":"Deputado Federal Vander Loubet"},"image":{"@id":"https:\/\/vanderloubet.com.br\/deputado\/#\/schema\/logo\/image\/"},"sameAs":["https:\/\/facebook.com\/deputadovander","https:\/\/x.com\/vanderloubet","https:\/\/instagram.com\/vanderloubet","https:\/\/youtube.com\/vanderloubet","https:\/\/tiktok.com\/@vanderloubetms"]},{"@type":"Person","@id":"https:\/\/vanderloubet.com.br\/deputado\/#\/schema\/person\/15b51bd564532a8a68d9dec1b8eb890e","name":"\u00c9der","image":{"@type":"ImageObject","inLanguage":"pt-BR","@id":"https:\/\/vanderloubet.com.br\/deputado\/wp-content\/litespeed\/avatar\/88ca4090d9d5ab1c9495f6ca03b68efa.jpg?ver=1777058957","url":"https:\/\/vanderloubet.com.br\/deputado\/wp-content\/litespeed\/avatar\/88ca4090d9d5ab1c9495f6ca03b68efa.jpg?ver=1777058957","contentUrl":"https:\/\/vanderloubet.com.br\/deputado\/wp-content\/litespeed\/avatar\/88ca4090d9d5ab1c9495f6ca03b68efa.jpg?ver=1777058957","caption":"\u00c9der"}}]}},"jetpack_featured_media_url":"https:\/\/vanderloubet.com.br\/deputado\/wp-content\/uploads\/2015\/04\/foto-2014-06-06-visita-area-estadio-anastacio-01.jpg","jetpack_sharing_enabled":true,"_links":{"self":[{"href":"https:\/\/vanderloubet.com.br\/deputado\/wp-json\/wp\/v2\/posts\/9218","targetHints":{"allow":["GET"]}}],"collection":[{"href":"https:\/\/vanderloubet.com.br\/deputado\/wp-json\/wp\/v2\/posts"}],"about":[{"href":"https:\/\/vanderloubet.com.br\/deputado\/wp-json\/wp\/v2\/types\/post"}],"author":[{"embeddable":true,"href":"https:\/\/vanderloubet.com.br\/deputado\/wp-json\/wp\/v2\/users\/2"}],"replies":[{"embeddable":true,"href":"https:\/\/vanderloubet.com.br\/deputado\/wp-json\/wp\/v2\/comments?post=9218"}],"version-history":[{"count":0,"href":"https:\/\/vanderloubet.com.br\/deputado\/wp-json\/wp\/v2\/posts\/9218\/revisions"}],"wp:featuredmedia":[{"embeddable":true,"href":"https:\/\/vanderloubet.com.br\/deputado\/wp-json\/wp\/v2\/media\/9222"}],"wp:attachment":[{"href":"https:\/\/vanderloubet.com.br\/deputado\/wp-json\/wp\/v2\/media?parent=9218"}],"wp:term":[{"taxonomy":"category","embeddable":true,"href":"https:\/\/vanderloubet.com.br\/deputado\/wp-json\/wp\/v2\/categories?post=9218"},{"taxonomy":"post_tag","embeddable":true,"href":"https:\/\/vanderloubet.com.br\/deputado\/wp-json\/wp\/v2\/tags?post=9218"}],"curies":[{"name":"wp","href":"https:\/\/api.w.org\/{rel}","templated":true}]}}