{"id":9025,"date":"2015-03-03T22:55:25","date_gmt":"2015-03-04T01:55:25","guid":{"rendered":"http:\/\/vanderloubet.com.br\/deputado\/?p=9025"},"modified":"2015-03-03T22:56:12","modified_gmt":"2015-03-04T01:56:12","slug":"camara-aprova-pena-maior-para-assassinato-de-mulheres","status":"publish","type":"post","link":"https:\/\/vanderloubet.com.br\/deputado\/camara-aprova-pena-maior-para-assassinato-de-mulheres\/","title":{"rendered":"C\u00e2mara aprova pena maior para assassinato de mulheres"},"content":{"rendered":"<figure id=\"attachment_9026\" aria-describedby=\"caption-attachment-9026\" style=\"width: 700px\" class=\"wp-caption alignnone\"><img decoding=\"async\" class=\"wp-image-9026 size-large\" title=\"Congresso Nacional Brasileiro\" src=\"http:\/\/vanderloubet.com.br\/deputado\/wp-content\/uploads\/2015\/03\/foto-2015-03-04-congresso-nacional-brasileiro-700x467.jpg\" alt=\"Congresso Nacional Brasileiro\" width=\"700\" height=\"467\" srcset=\"https:\/\/vanderloubet.com.br\/deputado\/wp-content\/uploads\/2015\/03\/foto-2015-03-04-congresso-nacional-brasileiro-700x467.jpg 700w, https:\/\/vanderloubet.com.br\/deputado\/wp-content\/uploads\/2015\/03\/foto-2015-03-04-congresso-nacional-brasileiro-350x233.jpg 350w, https:\/\/vanderloubet.com.br\/deputado\/wp-content\/uploads\/2015\/03\/foto-2015-03-04-congresso-nacional-brasileiro-768x512.jpg 768w, https:\/\/vanderloubet.com.br\/deputado\/wp-content\/uploads\/2015\/03\/foto-2015-03-04-congresso-nacional-brasileiro-630x420.jpg 630w, https:\/\/vanderloubet.com.br\/deputado\/wp-content\/uploads\/2015\/03\/foto-2015-03-04-congresso-nacional-brasileiro-696x464.jpg 696w, https:\/\/vanderloubet.com.br\/deputado\/wp-content\/uploads\/2015\/03\/foto-2015-03-04-congresso-nacional-brasileiro.jpg 900w\" sizes=\"(max-width: 700px) 100vw, 700px\" \/><figcaption id=\"caption-attachment-9026\" class=\"wp-caption-text\">Congresso Nacional Brasileiro<\/figcaption><\/figure>\n<p>O Plen\u00e1rio da C\u00e2mara dos Deputados aprovou na noite desta ter\u00e7a-feira (3) o Projeto de Lei 8305\/14, do Senado, que muda o C\u00f3digo Penal (Decreto-Lei 2.848\/40) para incluir entre os tipos de homic\u00eddio qualificado o feminic\u00eddio, definido como o assassinato de mulher em raz\u00e3o de sua condi\u00e7\u00e3o de sexo feminino. A mat\u00e9ria ser\u00e1 enviada \u00e0 san\u00e7\u00e3o presidencial.<\/p>\n<p>Segundo a proposta, h\u00e1 raz\u00e3o quanto \u00e0 condi\u00e7\u00e3o de sexo feminino quando o crime envolve viol\u00eancia dom\u00e9stica e familiar ou menosprezo e discrimina\u00e7\u00e3o contra a condi\u00e7\u00e3o de mulher. A pena prevista para homic\u00eddio qualificado \u00e9 de reclus\u00e3o de 12 a 30 anos.<\/p>\n<p>De autoria da Comiss\u00e3o Parlamentar Mista de Inqu\u00e9rito (CPMI) da Viol\u00eancia contra a Mulher, cujos trabalhos foram conclu\u00eddos em junho de 2013, o projeto prev\u00ea ainda o aumento da pena em 1\/3 se o crime ocorrer: a) durante a gesta\u00e7\u00e3o ou nos tr\u00eas meses posteriores ao parto; b) contra menor de 14 anos, maior de 60 ou pessoa com defici\u00eancia; e c) na presen\u00e7a de descendente ou ascendente da v\u00edtima.<\/p>\n<p>&#8220;\u00c9 uma aprova\u00e7\u00e3o muito significativa j\u00e1 que estamos no m\u00eas de mar\u00e7o, quando comemoramos o Dia Internacional da Mulher. \u00c9 um passo importante para avan\u00e7armos no combate \u00e0 viol\u00eancia contra a mulher&#8221;, comemorou o deputado federal Vander Loubet (PT-MS).<\/p>\n<p><strong>Crime hediondo<\/strong> &#8211; O texto aprovado tamb\u00e9m inclui esse homic\u00eddio qualificado no rol de crimes hediondos, constante da Lei 8.072\/90.<\/p>\n<p>Quem \u00e9 condenado por crime hediondo tem de cumprir um per\u00edodo maior da pena no regime fechado para pedir a progress\u00e3o a outro regime de cumprimento de pena (semiaberto ou aberto). \u00c9 exigido ainda o cumprimento de, no m\u00ednimo, 2\/5 do total da pena aplicada se o apenado for prim\u00e1rio; e de 3\/5, se reincidente.<\/p>\n<p><strong>Viol\u00eancia dom\u00e9stica<\/strong> &#8211; Ex-ministra da Secretaria de Direitos Humanos, a deputada federal Maria do Ros\u00e1rio (PT-RS) disse que a proposta enfrenta a viol\u00eancia contra a mulher. &#8220;Vai penalizar mortes de mulheres em decorr\u00eancia da viol\u00eancia, dos maus-tratos&#8221;, afirmou.<\/p>\n<p>Ao justificar a proposta, a CPMI da Viol\u00eancia contra a Mulher ressaltou o assassinato de 43,7 mil mulheres no Pa\u00eds entre 2000 e 2010, 41% delas mortas em suas pr\u00f3prias casas, muitas por companheiros ou ex-companheiros. O aumento de 2,3 para 4,6 assassinatos por 100 mil mulheres entre 1980 e 2010 colocou o Brasil na s\u00e9tima posi\u00e7\u00e3o mundial de assassinatos de mulheres.<\/p>\n<p><em>(\u00c9der Yanaguita &#8211; Ascom\/Deputado Vander, com informa\u00e7\u00f5es da Ag\u00eancia C\u00e2mara Not\u00edcias)<\/em><\/p>\n","protected":false},"excerpt":{"rendered":"<p>Puni\u00e7\u00e3o ser\u00e1 de 12 a 30 anos de pris\u00e3o quando o crime envolver viol\u00eancia dom\u00e9stica e familiar ou menosprezo e discrimina\u00e7\u00e3o contra a condi\u00e7\u00e3o de mulher.<\/p>\n","protected":false},"author":2,"featured_media":9026,"comment_status":"closed","ping_status":"closed","sticky":false,"template":"","format":"standard","meta":{"jetpack_post_was_ever_published":false,"_jetpack_newsletter_access":"","_jetpack_dont_email_post_to_subs":false,"_jetpack_newsletter_tier_id":0,"_jetpack_memberships_contains_paywalled_content":false,"_jetpack_memberships_contains_paid_content":false,"footnotes":""},"categories":[2098,10],"tags":[1635,2307],"class_list":{"0":"post-9025","1":"post","2":"type-post","3":"status-publish","4":"format-standard","5":"has-post-thumbnail","7":"category-brasil-noticias","8":"category-noticias","9":"tag-projeto-de-lei","10":"tag-violencia-contra-a-mulher"},"yoast_head":"<!-- This site is optimized with the Yoast SEO plugin v27.4 - https:\/\/yoast.com\/product\/yoast-seo-wordpress\/ -->\n<title>C\u00e2mara aprova pena maior para assassinato de mulheres<\/title>\n<meta name=\"robots\" content=\"index, follow, max-snippet:-1, max-image-preview:large, max-video-preview:-1\" \/>\n<link rel=\"canonical\" href=\"http:\/\/vanderloubet.com.br\/deputado\/camara-aprova-pena-maior-para-assassinato-de-mulheres\/\" \/>\n<meta property=\"og:locale\" content=\"pt_BR\" \/>\n<meta property=\"og:type\" content=\"article\" \/>\n<meta property=\"og:title\" content=\"C\u00e2mara aprova pena maior para assassinato de mulheres\" \/>\n<meta property=\"og:description\" content=\"Puni\u00e7\u00e3o ser\u00e1 de 12 a 30 anos de pris\u00e3o quando o crime envolver viol\u00eancia dom\u00e9stica e familiar ou menosprezo e discrimina\u00e7\u00e3o contra a condi\u00e7\u00e3o de mulher.\" \/>\n<meta property=\"og:url\" content=\"http:\/\/vanderloubet.com.br\/deputado\/camara-aprova-pena-maior-para-assassinato-de-mulheres\/\" \/>\n<meta property=\"og:site_name\" content=\"Deputado Federal Vander Loubet\" \/>\n<meta property=\"article:publisher\" content=\"https:\/\/facebook.com\/deputadovander\" \/>\n<meta property=\"article:published_time\" content=\"2015-03-04T01:55:25+00:00\" \/>\n<meta property=\"article:modified_time\" content=\"2015-03-04T01:56:12+00:00\" \/>\n<meta property=\"og:image\" content=\"http:\/\/vanderloubet.com.br\/deputado\/wp-content\/uploads\/2015\/03\/foto-2015-03-04-congresso-nacional-brasileiro.jpg\" \/>\n\t<meta property=\"og:image:width\" content=\"900\" \/>\n\t<meta property=\"og:image:height\" content=\"600\" \/>\n\t<meta property=\"og:image:type\" content=\"image\/jpeg\" \/>\n<meta name=\"author\" content=\"\u00c9der\" \/>\n<meta name=\"twitter:card\" content=\"summary_large_image\" \/>\n<meta name=\"twitter:creator\" content=\"@vanderloubet\" \/>\n<meta name=\"twitter:site\" content=\"@vanderloubet\" \/>\n<script type=\"application\/ld+json\" class=\"yoast-schema-graph\">{\"@context\":\"https:\\\/\\\/schema.org\",\"@graph\":[{\"@type\":\"Article\",\"@id\":\"http:\\\/\\\/vanderloubet.com.br\\\/deputado\\\/camara-aprova-pena-maior-para-assassinato-de-mulheres\\\/#article\",\"isPartOf\":{\"@id\":\"http:\\\/\\\/vanderloubet.com.br\\\/deputado\\\/camara-aprova-pena-maior-para-assassinato-de-mulheres\\\/\"},\"author\":{\"name\":\"\u00c9der\",\"@id\":\"https:\\\/\\\/vanderloubet.com.br\\\/deputado\\\/#\\\/schema\\\/person\\\/15b51bd564532a8a68d9dec1b8eb890e\"},\"headline\":\"C\u00e2mara aprova pena maior para assassinato de mulheres\",\"datePublished\":\"2015-03-04T01:55:25+00:00\",\"dateModified\":\"2015-03-04T01:56:12+00:00\",\"mainEntityOfPage\":{\"@id\":\"http:\\\/\\\/vanderloubet.com.br\\\/deputado\\\/camara-aprova-pena-maior-para-assassinato-de-mulheres\\\/\"},\"wordCount\":438,\"publisher\":{\"@id\":\"https:\\\/\\\/vanderloubet.com.br\\\/deputado\\\/#organization\"},\"image\":{\"@id\":\"http:\\\/\\\/vanderloubet.com.br\\\/deputado\\\/camara-aprova-pena-maior-para-assassinato-de-mulheres\\\/#primaryimage\"},\"thumbnailUrl\":\"https:\\\/\\\/vanderloubet.com.br\\\/deputado\\\/wp-content\\\/uploads\\\/2015\\\/03\\\/foto-2015-03-04-congresso-nacional-brasileiro.jpg\",\"keywords\":[\"projeto de lei\",\"viol\u00eancia contra a mulher\"],\"articleSection\":[\"Brasil\",\"Not\u00edcias\"],\"inLanguage\":\"pt-BR\"},{\"@type\":\"WebPage\",\"@id\":\"http:\\\/\\\/vanderloubet.com.br\\\/deputado\\\/camara-aprova-pena-maior-para-assassinato-de-mulheres\\\/\",\"url\":\"http:\\\/\\\/vanderloubet.com.br\\\/deputado\\\/camara-aprova-pena-maior-para-assassinato-de-mulheres\\\/\",\"name\":\"C\u00e2mara aprova pena maior para assassinato de mulheres\",\"isPartOf\":{\"@id\":\"https:\\\/\\\/vanderloubet.com.br\\\/deputado\\\/#website\"},\"primaryImageOfPage\":{\"@id\":\"http:\\\/\\\/vanderloubet.com.br\\\/deputado\\\/camara-aprova-pena-maior-para-assassinato-de-mulheres\\\/#primaryimage\"},\"image\":{\"@id\":\"http:\\\/\\\/vanderloubet.com.br\\\/deputado\\\/camara-aprova-pena-maior-para-assassinato-de-mulheres\\\/#primaryimage\"},\"thumbnailUrl\":\"https:\\\/\\\/vanderloubet.com.br\\\/deputado\\\/wp-content\\\/uploads\\\/2015\\\/03\\\/foto-2015-03-04-congresso-nacional-brasileiro.jpg\",\"datePublished\":\"2015-03-04T01:55:25+00:00\",\"dateModified\":\"2015-03-04T01:56:12+00:00\",\"breadcrumb\":{\"@id\":\"http:\\\/\\\/vanderloubet.com.br\\\/deputado\\\/camara-aprova-pena-maior-para-assassinato-de-mulheres\\\/#breadcrumb\"},\"inLanguage\":\"pt-BR\",\"potentialAction\":[{\"@type\":\"ReadAction\",\"target\":[\"http:\\\/\\\/vanderloubet.com.br\\\/deputado\\\/camara-aprova-pena-maior-para-assassinato-de-mulheres\\\/\"]}]},{\"@type\":\"ImageObject\",\"inLanguage\":\"pt-BR\",\"@id\":\"http:\\\/\\\/vanderloubet.com.br\\\/deputado\\\/camara-aprova-pena-maior-para-assassinato-de-mulheres\\\/#primaryimage\",\"url\":\"https:\\\/\\\/vanderloubet.com.br\\\/deputado\\\/wp-content\\\/uploads\\\/2015\\\/03\\\/foto-2015-03-04-congresso-nacional-brasileiro.jpg\",\"contentUrl\":\"https:\\\/\\\/vanderloubet.com.br\\\/deputado\\\/wp-content\\\/uploads\\\/2015\\\/03\\\/foto-2015-03-04-congresso-nacional-brasileiro.jpg\",\"width\":900,\"height\":600,\"caption\":\"Congresso Nacional Brasileiro\"},{\"@type\":\"BreadcrumbList\",\"@id\":\"http:\\\/\\\/vanderloubet.com.br\\\/deputado\\\/camara-aprova-pena-maior-para-assassinato-de-mulheres\\\/#breadcrumb\",\"itemListElement\":[{\"@type\":\"ListItem\",\"position\":1,\"name\":\"In\u00edcio\",\"item\":\"https:\\\/\\\/vanderloubet.com.br\\\/deputado\\\/\"},{\"@type\":\"ListItem\",\"position\":2,\"name\":\"C\u00e2mara aprova pena maior para assassinato de mulheres\"}]},{\"@type\":\"WebSite\",\"@id\":\"https:\\\/\\\/vanderloubet.com.br\\\/deputado\\\/#website\",\"url\":\"https:\\\/\\\/vanderloubet.com.br\\\/deputado\\\/\",\"name\":\"Deputado Federal Vander Loubet\",\"description\":\"O Federal de MS\",\"publisher\":{\"@id\":\"https:\\\/\\\/vanderloubet.com.br\\\/deputado\\\/#organization\"},\"alternateName\":\"Deputado Vander\",\"potentialAction\":[{\"@type\":\"SearchAction\",\"target\":{\"@type\":\"EntryPoint\",\"urlTemplate\":\"https:\\\/\\\/vanderloubet.com.br\\\/deputado\\\/?s={search_term_string}\"},\"query-input\":{\"@type\":\"PropertyValueSpecification\",\"valueRequired\":true,\"valueName\":\"search_term_string\"}}],\"inLanguage\":\"pt-BR\"},{\"@type\":\"Organization\",\"@id\":\"https:\\\/\\\/vanderloubet.com.br\\\/deputado\\\/#organization\",\"name\":\"Deputado Federal Vander Loubet\",\"alternateName\":\"Deputado Vander\",\"url\":\"https:\\\/\\\/vanderloubet.com.br\\\/deputado\\\/\",\"logo\":{\"@type\":\"ImageObject\",\"inLanguage\":\"pt-BR\",\"@id\":\"https:\\\/\\\/vanderloubet.com.br\\\/deputado\\\/#\\\/schema\\\/logo\\\/image\\\/\",\"url\":\"https:\\\/\\\/vanderloubet.com.br\\\/deputado\\\/wp-content\\\/uploads\\\/2023\\\/06\\\/foto-2023-06-19-mandato-deputado-vander.jpg\",\"contentUrl\":\"https:\\\/\\\/vanderloubet.com.br\\\/deputado\\\/wp-content\\\/uploads\\\/2023\\\/06\\\/foto-2023-06-19-mandato-deputado-vander.jpg\",\"width\":1080,\"height\":1080,\"caption\":\"Deputado Federal Vander Loubet\"},\"image\":{\"@id\":\"https:\\\/\\\/vanderloubet.com.br\\\/deputado\\\/#\\\/schema\\\/logo\\\/image\\\/\"},\"sameAs\":[\"https:\\\/\\\/facebook.com\\\/deputadovander\",\"https:\\\/\\\/x.com\\\/vanderloubet\",\"https:\\\/\\\/instagram.com\\\/vanderloubet\",\"https:\\\/\\\/youtube.com\\\/vanderloubet\",\"https:\\\/\\\/tiktok.com\\\/@vanderloubetms\"]},{\"@type\":\"Person\",\"@id\":\"https:\\\/\\\/vanderloubet.com.br\\\/deputado\\\/#\\\/schema\\\/person\\\/15b51bd564532a8a68d9dec1b8eb890e\",\"name\":\"\u00c9der\",\"image\":{\"@type\":\"ImageObject\",\"inLanguage\":\"pt-BR\",\"@id\":\"https:\\\/\\\/vanderloubet.com.br\\\/deputado\\\/wp-content\\\/litespeed\\\/avatar\\\/88ca4090d9d5ab1c9495f6ca03b68efa.jpg?ver=1777058957\",\"url\":\"https:\\\/\\\/vanderloubet.com.br\\\/deputado\\\/wp-content\\\/litespeed\\\/avatar\\\/88ca4090d9d5ab1c9495f6ca03b68efa.jpg?ver=1777058957\",\"contentUrl\":\"https:\\\/\\\/vanderloubet.com.br\\\/deputado\\\/wp-content\\\/litespeed\\\/avatar\\\/88ca4090d9d5ab1c9495f6ca03b68efa.jpg?ver=1777058957\",\"caption\":\"\u00c9der\"}}]}<\/script>\n<!-- \/ Yoast SEO plugin. -->","yoast_head_json":{"title":"C\u00e2mara aprova pena maior para assassinato de mulheres","robots":{"index":"index","follow":"follow","max-snippet":"max-snippet:-1","max-image-preview":"max-image-preview:large","max-video-preview":"max-video-preview:-1"},"canonical":"http:\/\/vanderloubet.com.br\/deputado\/camara-aprova-pena-maior-para-assassinato-de-mulheres\/","og_locale":"pt_BR","og_type":"article","og_title":"C\u00e2mara aprova pena maior para assassinato de mulheres","og_description":"Puni\u00e7\u00e3o ser\u00e1 de 12 a 30 anos de pris\u00e3o quando o crime envolver viol\u00eancia dom\u00e9stica e familiar ou menosprezo e discrimina\u00e7\u00e3o contra a condi\u00e7\u00e3o de mulher.","og_url":"http:\/\/vanderloubet.com.br\/deputado\/camara-aprova-pena-maior-para-assassinato-de-mulheres\/","og_site_name":"Deputado Federal Vander Loubet","article_publisher":"https:\/\/facebook.com\/deputadovander","article_published_time":"2015-03-04T01:55:25+00:00","article_modified_time":"2015-03-04T01:56:12+00:00","og_image":[{"width":900,"height":600,"url":"http:\/\/vanderloubet.com.br\/deputado\/wp-content\/uploads\/2015\/03\/foto-2015-03-04-congresso-nacional-brasileiro.jpg","type":"image\/jpeg"}],"author":"\u00c9der","twitter_card":"summary_large_image","twitter_creator":"@vanderloubet","twitter_site":"@vanderloubet","schema":{"@context":"https:\/\/schema.org","@graph":[{"@type":"Article","@id":"http:\/\/vanderloubet.com.br\/deputado\/camara-aprova-pena-maior-para-assassinato-de-mulheres\/#article","isPartOf":{"@id":"http:\/\/vanderloubet.com.br\/deputado\/camara-aprova-pena-maior-para-assassinato-de-mulheres\/"},"author":{"name":"\u00c9der","@id":"https:\/\/vanderloubet.com.br\/deputado\/#\/schema\/person\/15b51bd564532a8a68d9dec1b8eb890e"},"headline":"C\u00e2mara aprova pena maior para assassinato de mulheres","datePublished":"2015-03-04T01:55:25+00:00","dateModified":"2015-03-04T01:56:12+00:00","mainEntityOfPage":{"@id":"http:\/\/vanderloubet.com.br\/deputado\/camara-aprova-pena-maior-para-assassinato-de-mulheres\/"},"wordCount":438,"publisher":{"@id":"https:\/\/vanderloubet.com.br\/deputado\/#organization"},"image":{"@id":"http:\/\/vanderloubet.com.br\/deputado\/camara-aprova-pena-maior-para-assassinato-de-mulheres\/#primaryimage"},"thumbnailUrl":"https:\/\/vanderloubet.com.br\/deputado\/wp-content\/uploads\/2015\/03\/foto-2015-03-04-congresso-nacional-brasileiro.jpg","keywords":["projeto de lei","viol\u00eancia contra a mulher"],"articleSection":["Brasil","Not\u00edcias"],"inLanguage":"pt-BR"},{"@type":"WebPage","@id":"http:\/\/vanderloubet.com.br\/deputado\/camara-aprova-pena-maior-para-assassinato-de-mulheres\/","url":"http:\/\/vanderloubet.com.br\/deputado\/camara-aprova-pena-maior-para-assassinato-de-mulheres\/","name":"C\u00e2mara aprova pena maior para assassinato de mulheres","isPartOf":{"@id":"https:\/\/vanderloubet.com.br\/deputado\/#website"},"primaryImageOfPage":{"@id":"http:\/\/vanderloubet.com.br\/deputado\/camara-aprova-pena-maior-para-assassinato-de-mulheres\/#primaryimage"},"image":{"@id":"http:\/\/vanderloubet.com.br\/deputado\/camara-aprova-pena-maior-para-assassinato-de-mulheres\/#primaryimage"},"thumbnailUrl":"https:\/\/vanderloubet.com.br\/deputado\/wp-content\/uploads\/2015\/03\/foto-2015-03-04-congresso-nacional-brasileiro.jpg","datePublished":"2015-03-04T01:55:25+00:00","dateModified":"2015-03-04T01:56:12+00:00","breadcrumb":{"@id":"http:\/\/vanderloubet.com.br\/deputado\/camara-aprova-pena-maior-para-assassinato-de-mulheres\/#breadcrumb"},"inLanguage":"pt-BR","potentialAction":[{"@type":"ReadAction","target":["http:\/\/vanderloubet.com.br\/deputado\/camara-aprova-pena-maior-para-assassinato-de-mulheres\/"]}]},{"@type":"ImageObject","inLanguage":"pt-BR","@id":"http:\/\/vanderloubet.com.br\/deputado\/camara-aprova-pena-maior-para-assassinato-de-mulheres\/#primaryimage","url":"https:\/\/vanderloubet.com.br\/deputado\/wp-content\/uploads\/2015\/03\/foto-2015-03-04-congresso-nacional-brasileiro.jpg","contentUrl":"https:\/\/vanderloubet.com.br\/deputado\/wp-content\/uploads\/2015\/03\/foto-2015-03-04-congresso-nacional-brasileiro.jpg","width":900,"height":600,"caption":"Congresso Nacional Brasileiro"},{"@type":"BreadcrumbList","@id":"http:\/\/vanderloubet.com.br\/deputado\/camara-aprova-pena-maior-para-assassinato-de-mulheres\/#breadcrumb","itemListElement":[{"@type":"ListItem","position":1,"name":"In\u00edcio","item":"https:\/\/vanderloubet.com.br\/deputado\/"},{"@type":"ListItem","position":2,"name":"C\u00e2mara aprova pena maior para assassinato de mulheres"}]},{"@type":"WebSite","@id":"https:\/\/vanderloubet.com.br\/deputado\/#website","url":"https:\/\/vanderloubet.com.br\/deputado\/","name":"Deputado Federal Vander Loubet","description":"O Federal de MS","publisher":{"@id":"https:\/\/vanderloubet.com.br\/deputado\/#organization"},"alternateName":"Deputado Vander","potentialAction":[{"@type":"SearchAction","target":{"@type":"EntryPoint","urlTemplate":"https:\/\/vanderloubet.com.br\/deputado\/?s={search_term_string}"},"query-input":{"@type":"PropertyValueSpecification","valueRequired":true,"valueName":"search_term_string"}}],"inLanguage":"pt-BR"},{"@type":"Organization","@id":"https:\/\/vanderloubet.com.br\/deputado\/#organization","name":"Deputado Federal Vander Loubet","alternateName":"Deputado Vander","url":"https:\/\/vanderloubet.com.br\/deputado\/","logo":{"@type":"ImageObject","inLanguage":"pt-BR","@id":"https:\/\/vanderloubet.com.br\/deputado\/#\/schema\/logo\/image\/","url":"https:\/\/vanderloubet.com.br\/deputado\/wp-content\/uploads\/2023\/06\/foto-2023-06-19-mandato-deputado-vander.jpg","contentUrl":"https:\/\/vanderloubet.com.br\/deputado\/wp-content\/uploads\/2023\/06\/foto-2023-06-19-mandato-deputado-vander.jpg","width":1080,"height":1080,"caption":"Deputado Federal Vander Loubet"},"image":{"@id":"https:\/\/vanderloubet.com.br\/deputado\/#\/schema\/logo\/image\/"},"sameAs":["https:\/\/facebook.com\/deputadovander","https:\/\/x.com\/vanderloubet","https:\/\/instagram.com\/vanderloubet","https:\/\/youtube.com\/vanderloubet","https:\/\/tiktok.com\/@vanderloubetms"]},{"@type":"Person","@id":"https:\/\/vanderloubet.com.br\/deputado\/#\/schema\/person\/15b51bd564532a8a68d9dec1b8eb890e","name":"\u00c9der","image":{"@type":"ImageObject","inLanguage":"pt-BR","@id":"https:\/\/vanderloubet.com.br\/deputado\/wp-content\/litespeed\/avatar\/88ca4090d9d5ab1c9495f6ca03b68efa.jpg?ver=1777058957","url":"https:\/\/vanderloubet.com.br\/deputado\/wp-content\/litespeed\/avatar\/88ca4090d9d5ab1c9495f6ca03b68efa.jpg?ver=1777058957","contentUrl":"https:\/\/vanderloubet.com.br\/deputado\/wp-content\/litespeed\/avatar\/88ca4090d9d5ab1c9495f6ca03b68efa.jpg?ver=1777058957","caption":"\u00c9der"}}]}},"jetpack_featured_media_url":"https:\/\/vanderloubet.com.br\/deputado\/wp-content\/uploads\/2015\/03\/foto-2015-03-04-congresso-nacional-brasileiro.jpg","jetpack_sharing_enabled":true,"_links":{"self":[{"href":"https:\/\/vanderloubet.com.br\/deputado\/wp-json\/wp\/v2\/posts\/9025","targetHints":{"allow":["GET"]}}],"collection":[{"href":"https:\/\/vanderloubet.com.br\/deputado\/wp-json\/wp\/v2\/posts"}],"about":[{"href":"https:\/\/vanderloubet.com.br\/deputado\/wp-json\/wp\/v2\/types\/post"}],"author":[{"embeddable":true,"href":"https:\/\/vanderloubet.com.br\/deputado\/wp-json\/wp\/v2\/users\/2"}],"replies":[{"embeddable":true,"href":"https:\/\/vanderloubet.com.br\/deputado\/wp-json\/wp\/v2\/comments?post=9025"}],"version-history":[{"count":0,"href":"https:\/\/vanderloubet.com.br\/deputado\/wp-json\/wp\/v2\/posts\/9025\/revisions"}],"wp:featuredmedia":[{"embeddable":true,"href":"https:\/\/vanderloubet.com.br\/deputado\/wp-json\/wp\/v2\/media\/9026"}],"wp:attachment":[{"href":"https:\/\/vanderloubet.com.br\/deputado\/wp-json\/wp\/v2\/media?parent=9025"}],"wp:term":[{"taxonomy":"category","embeddable":true,"href":"https:\/\/vanderloubet.com.br\/deputado\/wp-json\/wp\/v2\/categories?post=9025"},{"taxonomy":"post_tag","embeddable":true,"href":"https:\/\/vanderloubet.com.br\/deputado\/wp-json\/wp\/v2\/tags?post=9025"}],"curies":[{"name":"wp","href":"https:\/\/api.w.org\/{rel}","templated":true}]}}