{"id":9019,"date":"2015-02-24T13:19:29","date_gmt":"2015-02-24T16:19:29","guid":{"rendered":"http:\/\/vanderloubet.com.br\/deputado\/?p=9019"},"modified":"2015-02-24T13:19:29","modified_gmt":"2015-02-24T16:19:29","slug":"takimoto-e-vander-submetem-a-cef-proposta-de-loteria-da-saude","status":"publish","type":"post","link":"https:\/\/vanderloubet.com.br\/deputado\/takimoto-e-vander-submetem-a-cef-proposta-de-loteria-da-saude\/","title":{"rendered":"Takimoto e Vander submetem \u00e0 CEF proposta de Loteria da Sa\u00fade"},"content":{"rendered":"<figure id=\"attachment_9020\" aria-describedby=\"caption-attachment-9020\" style=\"width: 700px\" class=\"wp-caption alignnone\"><img decoding=\"async\" class=\"wp-image-9020 size-large\" title=\"Vander e Takimoto apresentam proposta da Loteria da Sa\u00fade na CEF\" src=\"http:\/\/vanderloubet.com.br\/deputado\/wp-content\/uploads\/2015\/02\/foto-2015-02-24-vander-antunes-takimoto-700x525.jpg\" alt=\"Vander e Takimoto apresentam proposta da Loteria da Sa\u00fade na CEF\" width=\"700\" height=\"525\" srcset=\"https:\/\/vanderloubet.com.br\/deputado\/wp-content\/uploads\/2015\/02\/foto-2015-02-24-vander-antunes-takimoto-700x525.jpg 700w, https:\/\/vanderloubet.com.br\/deputado\/wp-content\/uploads\/2015\/02\/foto-2015-02-24-vander-antunes-takimoto-350x263.jpg 350w, https:\/\/vanderloubet.com.br\/deputado\/wp-content\/uploads\/2015\/02\/foto-2015-02-24-vander-antunes-takimoto-768x576.jpg 768w, https:\/\/vanderloubet.com.br\/deputado\/wp-content\/uploads\/2015\/02\/foto-2015-02-24-vander-antunes-takimoto-560x420.jpg 560w, https:\/\/vanderloubet.com.br\/deputado\/wp-content\/uploads\/2015\/02\/foto-2015-02-24-vander-antunes-takimoto-80x60.jpg 80w, https:\/\/vanderloubet.com.br\/deputado\/wp-content\/uploads\/2015\/02\/foto-2015-02-24-vander-antunes-takimoto-696x522.jpg 696w, https:\/\/vanderloubet.com.br\/deputado\/wp-content\/uploads\/2015\/02\/foto-2015-02-24-vander-antunes-takimoto-1068x801.jpg 1068w, https:\/\/vanderloubet.com.br\/deputado\/wp-content\/uploads\/2015\/02\/foto-2015-02-24-vander-antunes-takimoto-265x198.jpg 265w, https:\/\/vanderloubet.com.br\/deputado\/wp-content\/uploads\/2015\/02\/foto-2015-02-24-vander-antunes-takimoto.jpg 1200w\" sizes=\"(max-width: 700px) 100vw, 700px\" \/><figcaption id=\"caption-attachment-9020\" class=\"wp-caption-text\">Vander e Takimoto apresentam proposta da Loteria da Sa\u00fade na CEF<\/figcaption><\/figure>\n<p>Em mais uma iniciativa a fim de viabilizar recursos para a sa\u00fade p\u00fablica, o deputado estadual George Takimoto (PDT) e o deputado federal Vander Loubet (PT) reuniram-se na segunda-feira (23) com o superintendente regional da Caixa Econ\u00f4mica Federal (CEF), Paulo Antunes, para explicar e defender uma proposta que pode oxigenar o or\u00e7amento da sa\u00fade p\u00fablica. Os parlamentares sugerem a cria\u00e7\u00e3o de um concurso lot\u00e9rico espec\u00edfico para arrecadar fundos destinados \u00e0 melhoria do atendimento e \u00e0 moderniza\u00e7\u00e3o do sistema de sa\u00fade p\u00fablica nos munic\u00edpios.<\/p>\n<p>&#8220;Desde o in\u00edcio do mandato venho defendendo essa ideia com o Vander. Ele \u00e9 um deputado atuante e desfruta de bom tr\u00e2nsito em Bras\u00edlia, o que \u00e9 importante, j\u00e1 que \u00e9 prerrogativa exclusiva da Uni\u00e3o legislar sobre cons\u00f3rcios e sorteios\u201d, disse Takimoto. A proposta, explicou, \u00e9 simples: instituir uma loteria, similar \u00e0s que s\u00e3o geridas pela CEF, com a diferen\u00e7a que em vez de carrear receita para o esporte contemple o sistema p\u00fablico de sa\u00fade.<\/p>\n<p>M\u00e9dico h\u00e1 47 anos, com especializa\u00e7\u00e3o em Cl\u00ednica geral, Cirurgia Geral e Geriatria, Takimoto entende que se os recursos gerados pela loteria n\u00e3o forem suficientes para resolver todos os problemas, ao menos contemplar\u00e3o demandas b\u00e1sicas, como equipar, reformar e manter os exames complementares para diagn\u00f3sticos e tratamento.<\/p>\n<p>Vander endossa a confian\u00e7a nos resultados da proposta. A seu ver, seria mais uma forma de viabilizar mais recursos sem a necessidade de, por exemplo, criar um novo imposto. &#8220;Defendemos que seja institu\u00eddo um projeto-piloto dessa loteria em Mato Grosso do Sul. Se o Governo Federal julgar vi\u00e1vel, essa medida poder\u00e1 ser replicada em todo o Brasil&#8221;, concluiu Vander.<\/p>\n<p><em>(\u00c9der Yanaguita &#8211; Ascom\/Deputado Vander e Edson Moraes &#8211; Ascom\/Deputado Takimoto)<\/em><\/p>\n","protected":false},"excerpt":{"rendered":"<p>Concurso lot\u00e9rico espec\u00edfico arrecadaria fundos destinados \u00e0 melhoria do atendimento e \u00e0 moderniza\u00e7\u00e3o da sa\u00fade p\u00fablica nos munic\u00edpios.<\/p>\n","protected":false},"author":2,"featured_media":9020,"comment_status":"closed","ping_status":"closed","sticky":false,"template":"","format":"standard","meta":{"jetpack_post_was_ever_published":false,"_jetpack_newsletter_access":"","_jetpack_dont_email_post_to_subs":false,"_jetpack_newsletter_tier_id":0,"_jetpack_memberships_contains_paywalled_content":false,"_jetpack_memberships_contains_paid_content":false,"footnotes":""},"categories":[2098,10],"tags":[1177,1803],"class_list":{"0":"post-9019","1":"post","2":"type-post","3":"status-publish","4":"format-standard","5":"has-post-thumbnail","7":"category-brasil-noticias","8":"category-noticias","9":"tag-loterias","10":"tag-saude"},"yoast_head":"<!-- This site is optimized with the Yoast SEO plugin v27.4 - https:\/\/yoast.com\/product\/yoast-seo-wordpress\/ -->\n<title>Takimoto e Vander submetem \u00e0 CEF proposta de Loteria da Sa\u00fade<\/title>\n<meta name=\"robots\" content=\"index, follow, max-snippet:-1, max-image-preview:large, max-video-preview:-1\" \/>\n<link rel=\"canonical\" href=\"http:\/\/vanderloubet.com.br\/deputado\/takimoto-e-vander-submetem-a-cef-proposta-de-loteria-da-saude\/\" \/>\n<meta property=\"og:locale\" content=\"pt_BR\" \/>\n<meta property=\"og:type\" content=\"article\" \/>\n<meta property=\"og:title\" content=\"Takimoto e Vander submetem \u00e0 CEF proposta de Loteria da Sa\u00fade\" \/>\n<meta property=\"og:description\" content=\"Concurso lot\u00e9rico espec\u00edfico arrecadaria fundos destinados \u00e0 melhoria do atendimento e \u00e0 moderniza\u00e7\u00e3o da sa\u00fade p\u00fablica nos munic\u00edpios.\" \/>\n<meta property=\"og:url\" content=\"http:\/\/vanderloubet.com.br\/deputado\/takimoto-e-vander-submetem-a-cef-proposta-de-loteria-da-saude\/\" \/>\n<meta property=\"og:site_name\" content=\"Deputado Federal Vander Loubet\" \/>\n<meta property=\"article:publisher\" content=\"https:\/\/facebook.com\/deputadovander\" \/>\n<meta property=\"article:published_time\" content=\"2015-02-24T16:19:29+00:00\" \/>\n<meta property=\"og:image\" content=\"http:\/\/vanderloubet.com.br\/deputado\/wp-content\/uploads\/2015\/02\/foto-2015-02-24-vander-antunes-takimoto.jpg\" \/>\n\t<meta property=\"og:image:width\" content=\"1200\" \/>\n\t<meta property=\"og:image:height\" content=\"900\" \/>\n\t<meta property=\"og:image:type\" content=\"image\/jpeg\" \/>\n<meta name=\"author\" content=\"\u00c9der\" \/>\n<meta name=\"twitter:card\" content=\"summary_large_image\" \/>\n<meta name=\"twitter:creator\" content=\"@vanderloubet\" \/>\n<meta name=\"twitter:site\" content=\"@vanderloubet\" \/>\n<script type=\"application\/ld+json\" class=\"yoast-schema-graph\">{\"@context\":\"https:\\\/\\\/schema.org\",\"@graph\":[{\"@type\":\"Article\",\"@id\":\"http:\\\/\\\/vanderloubet.com.br\\\/deputado\\\/takimoto-e-vander-submetem-a-cef-proposta-de-loteria-da-saude\\\/#article\",\"isPartOf\":{\"@id\":\"http:\\\/\\\/vanderloubet.com.br\\\/deputado\\\/takimoto-e-vander-submetem-a-cef-proposta-de-loteria-da-saude\\\/\"},\"author\":{\"name\":\"\u00c9der\",\"@id\":\"https:\\\/\\\/vanderloubet.com.br\\\/deputado\\\/#\\\/schema\\\/person\\\/15b51bd564532a8a68d9dec1b8eb890e\"},\"headline\":\"Takimoto e Vander submetem \u00e0 CEF proposta de Loteria da Sa\u00fade\",\"datePublished\":\"2015-02-24T16:19:29+00:00\",\"mainEntityOfPage\":{\"@id\":\"http:\\\/\\\/vanderloubet.com.br\\\/deputado\\\/takimoto-e-vander-submetem-a-cef-proposta-de-loteria-da-saude\\\/\"},\"wordCount\":331,\"publisher\":{\"@id\":\"https:\\\/\\\/vanderloubet.com.br\\\/deputado\\\/#organization\"},\"image\":{\"@id\":\"http:\\\/\\\/vanderloubet.com.br\\\/deputado\\\/takimoto-e-vander-submetem-a-cef-proposta-de-loteria-da-saude\\\/#primaryimage\"},\"thumbnailUrl\":\"https:\\\/\\\/vanderloubet.com.br\\\/deputado\\\/wp-content\\\/uploads\\\/2015\\\/02\\\/foto-2015-02-24-vander-antunes-takimoto.jpg\",\"keywords\":[\"loterias\",\"sa\u00fade\"],\"articleSection\":[\"Brasil\",\"Not\u00edcias\"],\"inLanguage\":\"pt-BR\"},{\"@type\":\"WebPage\",\"@id\":\"http:\\\/\\\/vanderloubet.com.br\\\/deputado\\\/takimoto-e-vander-submetem-a-cef-proposta-de-loteria-da-saude\\\/\",\"url\":\"http:\\\/\\\/vanderloubet.com.br\\\/deputado\\\/takimoto-e-vander-submetem-a-cef-proposta-de-loteria-da-saude\\\/\",\"name\":\"Takimoto e Vander submetem \u00e0 CEF proposta de Loteria da Sa\u00fade\",\"isPartOf\":{\"@id\":\"https:\\\/\\\/vanderloubet.com.br\\\/deputado\\\/#website\"},\"primaryImageOfPage\":{\"@id\":\"http:\\\/\\\/vanderloubet.com.br\\\/deputado\\\/takimoto-e-vander-submetem-a-cef-proposta-de-loteria-da-saude\\\/#primaryimage\"},\"image\":{\"@id\":\"http:\\\/\\\/vanderloubet.com.br\\\/deputado\\\/takimoto-e-vander-submetem-a-cef-proposta-de-loteria-da-saude\\\/#primaryimage\"},\"thumbnailUrl\":\"https:\\\/\\\/vanderloubet.com.br\\\/deputado\\\/wp-content\\\/uploads\\\/2015\\\/02\\\/foto-2015-02-24-vander-antunes-takimoto.jpg\",\"datePublished\":\"2015-02-24T16:19:29+00:00\",\"breadcrumb\":{\"@id\":\"http:\\\/\\\/vanderloubet.com.br\\\/deputado\\\/takimoto-e-vander-submetem-a-cef-proposta-de-loteria-da-saude\\\/#breadcrumb\"},\"inLanguage\":\"pt-BR\",\"potentialAction\":[{\"@type\":\"ReadAction\",\"target\":[\"http:\\\/\\\/vanderloubet.com.br\\\/deputado\\\/takimoto-e-vander-submetem-a-cef-proposta-de-loteria-da-saude\\\/\"]}]},{\"@type\":\"ImageObject\",\"inLanguage\":\"pt-BR\",\"@id\":\"http:\\\/\\\/vanderloubet.com.br\\\/deputado\\\/takimoto-e-vander-submetem-a-cef-proposta-de-loteria-da-saude\\\/#primaryimage\",\"url\":\"https:\\\/\\\/vanderloubet.com.br\\\/deputado\\\/wp-content\\\/uploads\\\/2015\\\/02\\\/foto-2015-02-24-vander-antunes-takimoto.jpg\",\"contentUrl\":\"https:\\\/\\\/vanderloubet.com.br\\\/deputado\\\/wp-content\\\/uploads\\\/2015\\\/02\\\/foto-2015-02-24-vander-antunes-takimoto.jpg\",\"width\":1200,\"height\":900,\"caption\":\"Vander e Takimoto apresentam proposta da Loteria da Sa\u00fade na CEF\"},{\"@type\":\"BreadcrumbList\",\"@id\":\"http:\\\/\\\/vanderloubet.com.br\\\/deputado\\\/takimoto-e-vander-submetem-a-cef-proposta-de-loteria-da-saude\\\/#breadcrumb\",\"itemListElement\":[{\"@type\":\"ListItem\",\"position\":1,\"name\":\"In\u00edcio\",\"item\":\"https:\\\/\\\/vanderloubet.com.br\\\/deputado\\\/\"},{\"@type\":\"ListItem\",\"position\":2,\"name\":\"Takimoto e Vander submetem \u00e0 CEF proposta de Loteria da Sa\u00fade\"}]},{\"@type\":\"WebSite\",\"@id\":\"https:\\\/\\\/vanderloubet.com.br\\\/deputado\\\/#website\",\"url\":\"https:\\\/\\\/vanderloubet.com.br\\\/deputado\\\/\",\"name\":\"Deputado Federal Vander Loubet\",\"description\":\"O Federal de MS\",\"publisher\":{\"@id\":\"https:\\\/\\\/vanderloubet.com.br\\\/deputado\\\/#organization\"},\"alternateName\":\"Deputado Vander\",\"potentialAction\":[{\"@type\":\"SearchAction\",\"target\":{\"@type\":\"EntryPoint\",\"urlTemplate\":\"https:\\\/\\\/vanderloubet.com.br\\\/deputado\\\/?s={search_term_string}\"},\"query-input\":{\"@type\":\"PropertyValueSpecification\",\"valueRequired\":true,\"valueName\":\"search_term_string\"}}],\"inLanguage\":\"pt-BR\"},{\"@type\":\"Organization\",\"@id\":\"https:\\\/\\\/vanderloubet.com.br\\\/deputado\\\/#organization\",\"name\":\"Deputado Federal Vander Loubet\",\"alternateName\":\"Deputado Vander\",\"url\":\"https:\\\/\\\/vanderloubet.com.br\\\/deputado\\\/\",\"logo\":{\"@type\":\"ImageObject\",\"inLanguage\":\"pt-BR\",\"@id\":\"https:\\\/\\\/vanderloubet.com.br\\\/deputado\\\/#\\\/schema\\\/logo\\\/image\\\/\",\"url\":\"https:\\\/\\\/vanderloubet.com.br\\\/deputado\\\/wp-content\\\/uploads\\\/2023\\\/06\\\/foto-2023-06-19-mandato-deputado-vander.jpg\",\"contentUrl\":\"https:\\\/\\\/vanderloubet.com.br\\\/deputado\\\/wp-content\\\/uploads\\\/2023\\\/06\\\/foto-2023-06-19-mandato-deputado-vander.jpg\",\"width\":1080,\"height\":1080,\"caption\":\"Deputado Federal Vander Loubet\"},\"image\":{\"@id\":\"https:\\\/\\\/vanderloubet.com.br\\\/deputado\\\/#\\\/schema\\\/logo\\\/image\\\/\"},\"sameAs\":[\"https:\\\/\\\/facebook.com\\\/deputadovander\",\"https:\\\/\\\/x.com\\\/vanderloubet\",\"https:\\\/\\\/instagram.com\\\/vanderloubet\",\"https:\\\/\\\/youtube.com\\\/vanderloubet\",\"https:\\\/\\\/tiktok.com\\\/@vanderloubetms\"]},{\"@type\":\"Person\",\"@id\":\"https:\\\/\\\/vanderloubet.com.br\\\/deputado\\\/#\\\/schema\\\/person\\\/15b51bd564532a8a68d9dec1b8eb890e\",\"name\":\"\u00c9der\",\"image\":{\"@type\":\"ImageObject\",\"inLanguage\":\"pt-BR\",\"@id\":\"https:\\\/\\\/vanderloubet.com.br\\\/deputado\\\/wp-content\\\/litespeed\\\/avatar\\\/88ca4090d9d5ab1c9495f6ca03b68efa.jpg?ver=1777058957\",\"url\":\"https:\\\/\\\/vanderloubet.com.br\\\/deputado\\\/wp-content\\\/litespeed\\\/avatar\\\/88ca4090d9d5ab1c9495f6ca03b68efa.jpg?ver=1777058957\",\"contentUrl\":\"https:\\\/\\\/vanderloubet.com.br\\\/deputado\\\/wp-content\\\/litespeed\\\/avatar\\\/88ca4090d9d5ab1c9495f6ca03b68efa.jpg?ver=1777058957\",\"caption\":\"\u00c9der\"}}]}<\/script>\n<!-- \/ Yoast SEO plugin. -->","yoast_head_json":{"title":"Takimoto e Vander submetem \u00e0 CEF proposta de Loteria da Sa\u00fade","robots":{"index":"index","follow":"follow","max-snippet":"max-snippet:-1","max-image-preview":"max-image-preview:large","max-video-preview":"max-video-preview:-1"},"canonical":"http:\/\/vanderloubet.com.br\/deputado\/takimoto-e-vander-submetem-a-cef-proposta-de-loteria-da-saude\/","og_locale":"pt_BR","og_type":"article","og_title":"Takimoto e Vander submetem \u00e0 CEF proposta de Loteria da Sa\u00fade","og_description":"Concurso lot\u00e9rico espec\u00edfico arrecadaria fundos destinados \u00e0 melhoria do atendimento e \u00e0 moderniza\u00e7\u00e3o da sa\u00fade p\u00fablica nos munic\u00edpios.","og_url":"http:\/\/vanderloubet.com.br\/deputado\/takimoto-e-vander-submetem-a-cef-proposta-de-loteria-da-saude\/","og_site_name":"Deputado Federal Vander Loubet","article_publisher":"https:\/\/facebook.com\/deputadovander","article_published_time":"2015-02-24T16:19:29+00:00","og_image":[{"width":1200,"height":900,"url":"http:\/\/vanderloubet.com.br\/deputado\/wp-content\/uploads\/2015\/02\/foto-2015-02-24-vander-antunes-takimoto.jpg","type":"image\/jpeg"}],"author":"\u00c9der","twitter_card":"summary_large_image","twitter_creator":"@vanderloubet","twitter_site":"@vanderloubet","schema":{"@context":"https:\/\/schema.org","@graph":[{"@type":"Article","@id":"http:\/\/vanderloubet.com.br\/deputado\/takimoto-e-vander-submetem-a-cef-proposta-de-loteria-da-saude\/#article","isPartOf":{"@id":"http:\/\/vanderloubet.com.br\/deputado\/takimoto-e-vander-submetem-a-cef-proposta-de-loteria-da-saude\/"},"author":{"name":"\u00c9der","@id":"https:\/\/vanderloubet.com.br\/deputado\/#\/schema\/person\/15b51bd564532a8a68d9dec1b8eb890e"},"headline":"Takimoto e Vander submetem \u00e0 CEF proposta de Loteria da Sa\u00fade","datePublished":"2015-02-24T16:19:29+00:00","mainEntityOfPage":{"@id":"http:\/\/vanderloubet.com.br\/deputado\/takimoto-e-vander-submetem-a-cef-proposta-de-loteria-da-saude\/"},"wordCount":331,"publisher":{"@id":"https:\/\/vanderloubet.com.br\/deputado\/#organization"},"image":{"@id":"http:\/\/vanderloubet.com.br\/deputado\/takimoto-e-vander-submetem-a-cef-proposta-de-loteria-da-saude\/#primaryimage"},"thumbnailUrl":"https:\/\/vanderloubet.com.br\/deputado\/wp-content\/uploads\/2015\/02\/foto-2015-02-24-vander-antunes-takimoto.jpg","keywords":["loterias","sa\u00fade"],"articleSection":["Brasil","Not\u00edcias"],"inLanguage":"pt-BR"},{"@type":"WebPage","@id":"http:\/\/vanderloubet.com.br\/deputado\/takimoto-e-vander-submetem-a-cef-proposta-de-loteria-da-saude\/","url":"http:\/\/vanderloubet.com.br\/deputado\/takimoto-e-vander-submetem-a-cef-proposta-de-loteria-da-saude\/","name":"Takimoto e Vander submetem \u00e0 CEF proposta de Loteria da Sa\u00fade","isPartOf":{"@id":"https:\/\/vanderloubet.com.br\/deputado\/#website"},"primaryImageOfPage":{"@id":"http:\/\/vanderloubet.com.br\/deputado\/takimoto-e-vander-submetem-a-cef-proposta-de-loteria-da-saude\/#primaryimage"},"image":{"@id":"http:\/\/vanderloubet.com.br\/deputado\/takimoto-e-vander-submetem-a-cef-proposta-de-loteria-da-saude\/#primaryimage"},"thumbnailUrl":"https:\/\/vanderloubet.com.br\/deputado\/wp-content\/uploads\/2015\/02\/foto-2015-02-24-vander-antunes-takimoto.jpg","datePublished":"2015-02-24T16:19:29+00:00","breadcrumb":{"@id":"http:\/\/vanderloubet.com.br\/deputado\/takimoto-e-vander-submetem-a-cef-proposta-de-loteria-da-saude\/#breadcrumb"},"inLanguage":"pt-BR","potentialAction":[{"@type":"ReadAction","target":["http:\/\/vanderloubet.com.br\/deputado\/takimoto-e-vander-submetem-a-cef-proposta-de-loteria-da-saude\/"]}]},{"@type":"ImageObject","inLanguage":"pt-BR","@id":"http:\/\/vanderloubet.com.br\/deputado\/takimoto-e-vander-submetem-a-cef-proposta-de-loteria-da-saude\/#primaryimage","url":"https:\/\/vanderloubet.com.br\/deputado\/wp-content\/uploads\/2015\/02\/foto-2015-02-24-vander-antunes-takimoto.jpg","contentUrl":"https:\/\/vanderloubet.com.br\/deputado\/wp-content\/uploads\/2015\/02\/foto-2015-02-24-vander-antunes-takimoto.jpg","width":1200,"height":900,"caption":"Vander e Takimoto apresentam proposta da Loteria da Sa\u00fade na CEF"},{"@type":"BreadcrumbList","@id":"http:\/\/vanderloubet.com.br\/deputado\/takimoto-e-vander-submetem-a-cef-proposta-de-loteria-da-saude\/#breadcrumb","itemListElement":[{"@type":"ListItem","position":1,"name":"In\u00edcio","item":"https:\/\/vanderloubet.com.br\/deputado\/"},{"@type":"ListItem","position":2,"name":"Takimoto e Vander submetem \u00e0 CEF proposta de Loteria da Sa\u00fade"}]},{"@type":"WebSite","@id":"https:\/\/vanderloubet.com.br\/deputado\/#website","url":"https:\/\/vanderloubet.com.br\/deputado\/","name":"Deputado Federal Vander Loubet","description":"O Federal de MS","publisher":{"@id":"https:\/\/vanderloubet.com.br\/deputado\/#organization"},"alternateName":"Deputado Vander","potentialAction":[{"@type":"SearchAction","target":{"@type":"EntryPoint","urlTemplate":"https:\/\/vanderloubet.com.br\/deputado\/?s={search_term_string}"},"query-input":{"@type":"PropertyValueSpecification","valueRequired":true,"valueName":"search_term_string"}}],"inLanguage":"pt-BR"},{"@type":"Organization","@id":"https:\/\/vanderloubet.com.br\/deputado\/#organization","name":"Deputado Federal Vander Loubet","alternateName":"Deputado Vander","url":"https:\/\/vanderloubet.com.br\/deputado\/","logo":{"@type":"ImageObject","inLanguage":"pt-BR","@id":"https:\/\/vanderloubet.com.br\/deputado\/#\/schema\/logo\/image\/","url":"https:\/\/vanderloubet.com.br\/deputado\/wp-content\/uploads\/2023\/06\/foto-2023-06-19-mandato-deputado-vander.jpg","contentUrl":"https:\/\/vanderloubet.com.br\/deputado\/wp-content\/uploads\/2023\/06\/foto-2023-06-19-mandato-deputado-vander.jpg","width":1080,"height":1080,"caption":"Deputado Federal Vander Loubet"},"image":{"@id":"https:\/\/vanderloubet.com.br\/deputado\/#\/schema\/logo\/image\/"},"sameAs":["https:\/\/facebook.com\/deputadovander","https:\/\/x.com\/vanderloubet","https:\/\/instagram.com\/vanderloubet","https:\/\/youtube.com\/vanderloubet","https:\/\/tiktok.com\/@vanderloubetms"]},{"@type":"Person","@id":"https:\/\/vanderloubet.com.br\/deputado\/#\/schema\/person\/15b51bd564532a8a68d9dec1b8eb890e","name":"\u00c9der","image":{"@type":"ImageObject","inLanguage":"pt-BR","@id":"https:\/\/vanderloubet.com.br\/deputado\/wp-content\/litespeed\/avatar\/88ca4090d9d5ab1c9495f6ca03b68efa.jpg?ver=1777058957","url":"https:\/\/vanderloubet.com.br\/deputado\/wp-content\/litespeed\/avatar\/88ca4090d9d5ab1c9495f6ca03b68efa.jpg?ver=1777058957","contentUrl":"https:\/\/vanderloubet.com.br\/deputado\/wp-content\/litespeed\/avatar\/88ca4090d9d5ab1c9495f6ca03b68efa.jpg?ver=1777058957","caption":"\u00c9der"}}]}},"jetpack_featured_media_url":"https:\/\/vanderloubet.com.br\/deputado\/wp-content\/uploads\/2015\/02\/foto-2015-02-24-vander-antunes-takimoto.jpg","jetpack_sharing_enabled":true,"_links":{"self":[{"href":"https:\/\/vanderloubet.com.br\/deputado\/wp-json\/wp\/v2\/posts\/9019","targetHints":{"allow":["GET"]}}],"collection":[{"href":"https:\/\/vanderloubet.com.br\/deputado\/wp-json\/wp\/v2\/posts"}],"about":[{"href":"https:\/\/vanderloubet.com.br\/deputado\/wp-json\/wp\/v2\/types\/post"}],"author":[{"embeddable":true,"href":"https:\/\/vanderloubet.com.br\/deputado\/wp-json\/wp\/v2\/users\/2"}],"replies":[{"embeddable":true,"href":"https:\/\/vanderloubet.com.br\/deputado\/wp-json\/wp\/v2\/comments?post=9019"}],"version-history":[{"count":0,"href":"https:\/\/vanderloubet.com.br\/deputado\/wp-json\/wp\/v2\/posts\/9019\/revisions"}],"wp:featuredmedia":[{"embeddable":true,"href":"https:\/\/vanderloubet.com.br\/deputado\/wp-json\/wp\/v2\/media\/9020"}],"wp:attachment":[{"href":"https:\/\/vanderloubet.com.br\/deputado\/wp-json\/wp\/v2\/media?parent=9019"}],"wp:term":[{"taxonomy":"category","embeddable":true,"href":"https:\/\/vanderloubet.com.br\/deputado\/wp-json\/wp\/v2\/categories?post=9019"},{"taxonomy":"post_tag","embeddable":true,"href":"https:\/\/vanderloubet.com.br\/deputado\/wp-json\/wp\/v2\/tags?post=9019"}],"curies":[{"name":"wp","href":"https:\/\/api.w.org\/{rel}","templated":true}]}}