{"id":9016,"date":"2015-02-23T16:35:03","date_gmt":"2015-02-23T19:35:03","guid":{"rendered":"http:\/\/vanderloubet.com.br\/deputado\/?p=9016"},"modified":"2015-02-23T16:35:03","modified_gmt":"2015-02-23T19:35:03","slug":"com-emenda-de-vander-jardim-iniciara-construcao-do-hospital-regional","status":"publish","type":"post","link":"https:\/\/vanderloubet.com.br\/deputado\/com-emenda-de-vander-jardim-iniciara-construcao-do-hospital-regional\/","title":{"rendered":"Com emenda de Vander, Jardim iniciar\u00e1 constru\u00e7\u00e3o do Hospital Regional"},"content":{"rendered":"<figure id=\"attachment_9017\" aria-describedby=\"caption-attachment-9017\" style=\"width: 700px\" class=\"wp-caption alignnone\"><img decoding=\"async\" class=\"wp-image-9017 size-large\" title=\"Deputado Vander, ao lado da primeira-dama Jakeline e do prefeito Erney\" src=\"http:\/\/vanderloubet.com.br\/deputado\/wp-content\/uploads\/2015\/02\/foto-2015-02-23-vander-erney-700x467.jpg\" alt=\"Deputado Vander, ao lado da primeira-dama Jakeline e do prefeito Erney\" width=\"700\" height=\"467\" srcset=\"https:\/\/vanderloubet.com.br\/deputado\/wp-content\/uploads\/2015\/02\/foto-2015-02-23-vander-erney-700x467.jpg 700w, https:\/\/vanderloubet.com.br\/deputado\/wp-content\/uploads\/2015\/02\/foto-2015-02-23-vander-erney-350x233.jpg 350w, https:\/\/vanderloubet.com.br\/deputado\/wp-content\/uploads\/2015\/02\/foto-2015-02-23-vander-erney-768x512.jpg 768w, https:\/\/vanderloubet.com.br\/deputado\/wp-content\/uploads\/2015\/02\/foto-2015-02-23-vander-erney-630x420.jpg 630w, https:\/\/vanderloubet.com.br\/deputado\/wp-content\/uploads\/2015\/02\/foto-2015-02-23-vander-erney-696x464.jpg 696w, https:\/\/vanderloubet.com.br\/deputado\/wp-content\/uploads\/2015\/02\/foto-2015-02-23-vander-erney-1068x712.jpg 1068w, https:\/\/vanderloubet.com.br\/deputado\/wp-content\/uploads\/2015\/02\/foto-2015-02-23-vander-erney.jpg 1200w\" sizes=\"(max-width: 700px) 100vw, 700px\" \/><figcaption id=\"caption-attachment-9017\" class=\"wp-caption-text\">Deputado Vander, ao lado da primeira-dama Jakeline e do prefeito Erney<\/figcaption><\/figure>\n<p>O prefeito de Jardim, Erney Cunha Bazzano Barbosa (PT), assinou quatro contratos de repasses do Minist\u00e9rio da Sa\u00fade, que totalizam R$ 8,4 milh\u00f5es para constru\u00e7\u00e3o do Hospital Regional no munic\u00edpio at\u00e9 2016. Com o projeto de atender quase todas as especialidades m\u00e9dicas, o objetivo ser\u00e1 desafogar a Santa Casa de Campo Grande e concentrar grande parte da demanda dos munic\u00edpios do sudoeste do estado.<\/p>\n<p>&#8220;A Regi\u00e3o Sudoeste re\u00fane v\u00e1rios munic\u00edpios: Nioaque, Guia Lopes da Laguna, Bonito, Caracol, Porto Murtinho, Bela Vista e Jardim. E a popula\u00e7\u00e3o dessas cidades sofre com a falta de um hospital regional. Por isso a constru\u00e7\u00e3o dessa unidade \u00e9 fundamental para melhorar o atendimento na regi\u00e3o e desafogar a Capital&#8221;, defendeu o deputado federal Vander Loubet (PT).<\/p>\n<p>O primeiro contrato disp\u00f5e sobre repasse de R$ 1 milh\u00e3o e contrapartida do munic\u00edpio de $ 1,75 milh\u00e3o, totalizando R$ 2,75 milh\u00f5es, por interm\u00e9dio de emenda do deputado federal Antonio Carlos Biffi (PT). O outro contrato de repasse de R$ 1 milh\u00e3o, tem contrapartida do munic\u00edpio de mais de R$ 1,18 milh\u00e3o, totalizando R$ 2.187.500,00, por interm\u00e9dio de emenda do senador Delc\u00eddio do Amaral (PT).<\/p>\n<p>O terceiro contrato \u00e9 para repasse de R$ 1 milh\u00e3o, com contrapartida do munic\u00edpio de R$ 2,03 milh\u00f5es, totalizando R$ 3.035.000,00, com emenda do deputado federal Vander Loubet (PT). O quarto contrato autoriza repasse de R$ 380 mil, com R$ 90 mil do munic\u00edpio, totalizando R$ 470 mil, com emenda do senador Ruben Figueir\u00f3 (PSDB).<\/p>\n<p><em>(Fonte: Ascom\/PMJ)<\/em><\/p>\n","protected":false},"excerpt":{"rendered":"<p>O deputado federal destinou R$ 1 milh\u00e3o de emenda individual para contribuir com constru\u00e7\u00e3o do hospital, importante para Regi\u00e3o Sudoeste.<\/p>\n","protected":false},"author":2,"featured_media":9017,"comment_status":"closed","ping_status":"closed","sticky":false,"template":"","format":"standard","meta":{"jetpack_post_was_ever_published":false,"_jetpack_newsletter_access":"","_jetpack_dont_email_post_to_subs":false,"_jetpack_newsletter_tier_id":0,"_jetpack_memberships_contains_paywalled_content":false,"_jetpack_memberships_contains_paid_content":false,"footnotes":""},"categories":[2097,10],"tags":[2127,1803],"class_list":{"0":"post-9016","1":"post","2":"type-post","3":"status-publish","4":"format-standard","5":"has-post-thumbnail","7":"category-municipios-noticias","8":"category-noticias","9":"tag-emenda-parlamentar","10":"tag-saude"},"yoast_head":"<!-- This site is optimized with the Yoast SEO plugin v27.4 - https:\/\/yoast.com\/product\/yoast-seo-wordpress\/ -->\n<title>Com emenda de Vander, Jardim iniciar\u00e1 constru\u00e7\u00e3o do Hospital Regional<\/title>\n<meta name=\"robots\" content=\"index, follow, max-snippet:-1, max-image-preview:large, max-video-preview:-1\" \/>\n<link rel=\"canonical\" href=\"http:\/\/vanderloubet.com.br\/deputado\/com-emenda-de-vander-jardim-iniciara-construcao-do-hospital-regional\/\" \/>\n<meta property=\"og:locale\" content=\"pt_BR\" \/>\n<meta property=\"og:type\" content=\"article\" \/>\n<meta property=\"og:title\" content=\"Com emenda de Vander, Jardim iniciar\u00e1 constru\u00e7\u00e3o do Hospital Regional\" \/>\n<meta property=\"og:description\" content=\"O deputado federal destinou R$ 1 milh\u00e3o de emenda individual para contribuir com constru\u00e7\u00e3o do hospital, importante para Regi\u00e3o Sudoeste.\" \/>\n<meta property=\"og:url\" content=\"http:\/\/vanderloubet.com.br\/deputado\/com-emenda-de-vander-jardim-iniciara-construcao-do-hospital-regional\/\" \/>\n<meta property=\"og:site_name\" content=\"Deputado Federal Vander Loubet\" \/>\n<meta property=\"article:publisher\" content=\"https:\/\/facebook.com\/deputadovander\" \/>\n<meta property=\"article:published_time\" content=\"2015-02-23T19:35:03+00:00\" \/>\n<meta property=\"og:image\" content=\"http:\/\/vanderloubet.com.br\/deputado\/wp-content\/uploads\/2015\/02\/foto-2015-02-23-vander-erney.jpg\" \/>\n\t<meta property=\"og:image:width\" content=\"1200\" \/>\n\t<meta property=\"og:image:height\" content=\"800\" \/>\n\t<meta property=\"og:image:type\" content=\"image\/jpeg\" \/>\n<meta name=\"author\" content=\"\u00c9der\" \/>\n<meta name=\"twitter:card\" content=\"summary_large_image\" \/>\n<meta name=\"twitter:creator\" content=\"@vanderloubet\" \/>\n<meta name=\"twitter:site\" content=\"@vanderloubet\" \/>\n<script type=\"application\/ld+json\" class=\"yoast-schema-graph\">{\"@context\":\"https:\\\/\\\/schema.org\",\"@graph\":[{\"@type\":\"Article\",\"@id\":\"http:\\\/\\\/vanderloubet.com.br\\\/deputado\\\/com-emenda-de-vander-jardim-iniciara-construcao-do-hospital-regional\\\/#article\",\"isPartOf\":{\"@id\":\"http:\\\/\\\/vanderloubet.com.br\\\/deputado\\\/com-emenda-de-vander-jardim-iniciara-construcao-do-hospital-regional\\\/\"},\"author\":{\"name\":\"\u00c9der\",\"@id\":\"https:\\\/\\\/vanderloubet.com.br\\\/deputado\\\/#\\\/schema\\\/person\\\/15b51bd564532a8a68d9dec1b8eb890e\"},\"headline\":\"Com emenda de Vander, Jardim iniciar\u00e1 constru\u00e7\u00e3o do Hospital Regional\",\"datePublished\":\"2015-02-23T19:35:03+00:00\",\"mainEntityOfPage\":{\"@id\":\"http:\\\/\\\/vanderloubet.com.br\\\/deputado\\\/com-emenda-de-vander-jardim-iniciara-construcao-do-hospital-regional\\\/\"},\"wordCount\":285,\"publisher\":{\"@id\":\"https:\\\/\\\/vanderloubet.com.br\\\/deputado\\\/#organization\"},\"image\":{\"@id\":\"http:\\\/\\\/vanderloubet.com.br\\\/deputado\\\/com-emenda-de-vander-jardim-iniciara-construcao-do-hospital-regional\\\/#primaryimage\"},\"thumbnailUrl\":\"https:\\\/\\\/vanderloubet.com.br\\\/deputado\\\/wp-content\\\/uploads\\\/2015\\\/02\\\/foto-2015-02-23-vander-erney.jpg\",\"keywords\":[\"emenda parlamentar\",\"sa\u00fade\"],\"articleSection\":[\"Munic\u00edpios\",\"Not\u00edcias\"],\"inLanguage\":\"pt-BR\"},{\"@type\":\"WebPage\",\"@id\":\"http:\\\/\\\/vanderloubet.com.br\\\/deputado\\\/com-emenda-de-vander-jardim-iniciara-construcao-do-hospital-regional\\\/\",\"url\":\"http:\\\/\\\/vanderloubet.com.br\\\/deputado\\\/com-emenda-de-vander-jardim-iniciara-construcao-do-hospital-regional\\\/\",\"name\":\"Com emenda de Vander, Jardim iniciar\u00e1 constru\u00e7\u00e3o do Hospital Regional\",\"isPartOf\":{\"@id\":\"https:\\\/\\\/vanderloubet.com.br\\\/deputado\\\/#website\"},\"primaryImageOfPage\":{\"@id\":\"http:\\\/\\\/vanderloubet.com.br\\\/deputado\\\/com-emenda-de-vander-jardim-iniciara-construcao-do-hospital-regional\\\/#primaryimage\"},\"image\":{\"@id\":\"http:\\\/\\\/vanderloubet.com.br\\\/deputado\\\/com-emenda-de-vander-jardim-iniciara-construcao-do-hospital-regional\\\/#primaryimage\"},\"thumbnailUrl\":\"https:\\\/\\\/vanderloubet.com.br\\\/deputado\\\/wp-content\\\/uploads\\\/2015\\\/02\\\/foto-2015-02-23-vander-erney.jpg\",\"datePublished\":\"2015-02-23T19:35:03+00:00\",\"breadcrumb\":{\"@id\":\"http:\\\/\\\/vanderloubet.com.br\\\/deputado\\\/com-emenda-de-vander-jardim-iniciara-construcao-do-hospital-regional\\\/#breadcrumb\"},\"inLanguage\":\"pt-BR\",\"potentialAction\":[{\"@type\":\"ReadAction\",\"target\":[\"http:\\\/\\\/vanderloubet.com.br\\\/deputado\\\/com-emenda-de-vander-jardim-iniciara-construcao-do-hospital-regional\\\/\"]}]},{\"@type\":\"ImageObject\",\"inLanguage\":\"pt-BR\",\"@id\":\"http:\\\/\\\/vanderloubet.com.br\\\/deputado\\\/com-emenda-de-vander-jardim-iniciara-construcao-do-hospital-regional\\\/#primaryimage\",\"url\":\"https:\\\/\\\/vanderloubet.com.br\\\/deputado\\\/wp-content\\\/uploads\\\/2015\\\/02\\\/foto-2015-02-23-vander-erney.jpg\",\"contentUrl\":\"https:\\\/\\\/vanderloubet.com.br\\\/deputado\\\/wp-content\\\/uploads\\\/2015\\\/02\\\/foto-2015-02-23-vander-erney.jpg\",\"width\":1200,\"height\":800,\"caption\":\"Deputado Vander, ao lado da primeira-dama Jakeline e do prefeito Erney\"},{\"@type\":\"BreadcrumbList\",\"@id\":\"http:\\\/\\\/vanderloubet.com.br\\\/deputado\\\/com-emenda-de-vander-jardim-iniciara-construcao-do-hospital-regional\\\/#breadcrumb\",\"itemListElement\":[{\"@type\":\"ListItem\",\"position\":1,\"name\":\"In\u00edcio\",\"item\":\"https:\\\/\\\/vanderloubet.com.br\\\/deputado\\\/\"},{\"@type\":\"ListItem\",\"position\":2,\"name\":\"Com emenda de Vander, Jardim iniciar\u00e1 constru\u00e7\u00e3o do Hospital Regional\"}]},{\"@type\":\"WebSite\",\"@id\":\"https:\\\/\\\/vanderloubet.com.br\\\/deputado\\\/#website\",\"url\":\"https:\\\/\\\/vanderloubet.com.br\\\/deputado\\\/\",\"name\":\"Deputado Federal Vander Loubet\",\"description\":\"O Federal de MS\",\"publisher\":{\"@id\":\"https:\\\/\\\/vanderloubet.com.br\\\/deputado\\\/#organization\"},\"alternateName\":\"Deputado Vander\",\"potentialAction\":[{\"@type\":\"SearchAction\",\"target\":{\"@type\":\"EntryPoint\",\"urlTemplate\":\"https:\\\/\\\/vanderloubet.com.br\\\/deputado\\\/?s={search_term_string}\"},\"query-input\":{\"@type\":\"PropertyValueSpecification\",\"valueRequired\":true,\"valueName\":\"search_term_string\"}}],\"inLanguage\":\"pt-BR\"},{\"@type\":\"Organization\",\"@id\":\"https:\\\/\\\/vanderloubet.com.br\\\/deputado\\\/#organization\",\"name\":\"Deputado Federal Vander Loubet\",\"alternateName\":\"Deputado Vander\",\"url\":\"https:\\\/\\\/vanderloubet.com.br\\\/deputado\\\/\",\"logo\":{\"@type\":\"ImageObject\",\"inLanguage\":\"pt-BR\",\"@id\":\"https:\\\/\\\/vanderloubet.com.br\\\/deputado\\\/#\\\/schema\\\/logo\\\/image\\\/\",\"url\":\"https:\\\/\\\/vanderloubet.com.br\\\/deputado\\\/wp-content\\\/uploads\\\/2023\\\/06\\\/foto-2023-06-19-mandato-deputado-vander.jpg\",\"contentUrl\":\"https:\\\/\\\/vanderloubet.com.br\\\/deputado\\\/wp-content\\\/uploads\\\/2023\\\/06\\\/foto-2023-06-19-mandato-deputado-vander.jpg\",\"width\":1080,\"height\":1080,\"caption\":\"Deputado Federal Vander Loubet\"},\"image\":{\"@id\":\"https:\\\/\\\/vanderloubet.com.br\\\/deputado\\\/#\\\/schema\\\/logo\\\/image\\\/\"},\"sameAs\":[\"https:\\\/\\\/facebook.com\\\/deputadovander\",\"https:\\\/\\\/x.com\\\/vanderloubet\",\"https:\\\/\\\/instagram.com\\\/vanderloubet\",\"https:\\\/\\\/youtube.com\\\/vanderloubet\",\"https:\\\/\\\/tiktok.com\\\/@vanderloubetms\"]},{\"@type\":\"Person\",\"@id\":\"https:\\\/\\\/vanderloubet.com.br\\\/deputado\\\/#\\\/schema\\\/person\\\/15b51bd564532a8a68d9dec1b8eb890e\",\"name\":\"\u00c9der\",\"image\":{\"@type\":\"ImageObject\",\"inLanguage\":\"pt-BR\",\"@id\":\"https:\\\/\\\/vanderloubet.com.br\\\/deputado\\\/wp-content\\\/litespeed\\\/avatar\\\/88ca4090d9d5ab1c9495f6ca03b68efa.jpg?ver=1777058957\",\"url\":\"https:\\\/\\\/vanderloubet.com.br\\\/deputado\\\/wp-content\\\/litespeed\\\/avatar\\\/88ca4090d9d5ab1c9495f6ca03b68efa.jpg?ver=1777058957\",\"contentUrl\":\"https:\\\/\\\/vanderloubet.com.br\\\/deputado\\\/wp-content\\\/litespeed\\\/avatar\\\/88ca4090d9d5ab1c9495f6ca03b68efa.jpg?ver=1777058957\",\"caption\":\"\u00c9der\"}}]}<\/script>\n<!-- \/ Yoast SEO plugin. -->","yoast_head_json":{"title":"Com emenda de Vander, Jardim iniciar\u00e1 constru\u00e7\u00e3o do Hospital Regional","robots":{"index":"index","follow":"follow","max-snippet":"max-snippet:-1","max-image-preview":"max-image-preview:large","max-video-preview":"max-video-preview:-1"},"canonical":"http:\/\/vanderloubet.com.br\/deputado\/com-emenda-de-vander-jardim-iniciara-construcao-do-hospital-regional\/","og_locale":"pt_BR","og_type":"article","og_title":"Com emenda de Vander, Jardim iniciar\u00e1 constru\u00e7\u00e3o do Hospital Regional","og_description":"O deputado federal destinou R$ 1 milh\u00e3o de emenda individual para contribuir com constru\u00e7\u00e3o do hospital, importante para Regi\u00e3o Sudoeste.","og_url":"http:\/\/vanderloubet.com.br\/deputado\/com-emenda-de-vander-jardim-iniciara-construcao-do-hospital-regional\/","og_site_name":"Deputado Federal Vander Loubet","article_publisher":"https:\/\/facebook.com\/deputadovander","article_published_time":"2015-02-23T19:35:03+00:00","og_image":[{"width":1200,"height":800,"url":"http:\/\/vanderloubet.com.br\/deputado\/wp-content\/uploads\/2015\/02\/foto-2015-02-23-vander-erney.jpg","type":"image\/jpeg"}],"author":"\u00c9der","twitter_card":"summary_large_image","twitter_creator":"@vanderloubet","twitter_site":"@vanderloubet","schema":{"@context":"https:\/\/schema.org","@graph":[{"@type":"Article","@id":"http:\/\/vanderloubet.com.br\/deputado\/com-emenda-de-vander-jardim-iniciara-construcao-do-hospital-regional\/#article","isPartOf":{"@id":"http:\/\/vanderloubet.com.br\/deputado\/com-emenda-de-vander-jardim-iniciara-construcao-do-hospital-regional\/"},"author":{"name":"\u00c9der","@id":"https:\/\/vanderloubet.com.br\/deputado\/#\/schema\/person\/15b51bd564532a8a68d9dec1b8eb890e"},"headline":"Com emenda de Vander, Jardim iniciar\u00e1 constru\u00e7\u00e3o do Hospital Regional","datePublished":"2015-02-23T19:35:03+00:00","mainEntityOfPage":{"@id":"http:\/\/vanderloubet.com.br\/deputado\/com-emenda-de-vander-jardim-iniciara-construcao-do-hospital-regional\/"},"wordCount":285,"publisher":{"@id":"https:\/\/vanderloubet.com.br\/deputado\/#organization"},"image":{"@id":"http:\/\/vanderloubet.com.br\/deputado\/com-emenda-de-vander-jardim-iniciara-construcao-do-hospital-regional\/#primaryimage"},"thumbnailUrl":"https:\/\/vanderloubet.com.br\/deputado\/wp-content\/uploads\/2015\/02\/foto-2015-02-23-vander-erney.jpg","keywords":["emenda parlamentar","sa\u00fade"],"articleSection":["Munic\u00edpios","Not\u00edcias"],"inLanguage":"pt-BR"},{"@type":"WebPage","@id":"http:\/\/vanderloubet.com.br\/deputado\/com-emenda-de-vander-jardim-iniciara-construcao-do-hospital-regional\/","url":"http:\/\/vanderloubet.com.br\/deputado\/com-emenda-de-vander-jardim-iniciara-construcao-do-hospital-regional\/","name":"Com emenda de Vander, Jardim iniciar\u00e1 constru\u00e7\u00e3o do Hospital Regional","isPartOf":{"@id":"https:\/\/vanderloubet.com.br\/deputado\/#website"},"primaryImageOfPage":{"@id":"http:\/\/vanderloubet.com.br\/deputado\/com-emenda-de-vander-jardim-iniciara-construcao-do-hospital-regional\/#primaryimage"},"image":{"@id":"http:\/\/vanderloubet.com.br\/deputado\/com-emenda-de-vander-jardim-iniciara-construcao-do-hospital-regional\/#primaryimage"},"thumbnailUrl":"https:\/\/vanderloubet.com.br\/deputado\/wp-content\/uploads\/2015\/02\/foto-2015-02-23-vander-erney.jpg","datePublished":"2015-02-23T19:35:03+00:00","breadcrumb":{"@id":"http:\/\/vanderloubet.com.br\/deputado\/com-emenda-de-vander-jardim-iniciara-construcao-do-hospital-regional\/#breadcrumb"},"inLanguage":"pt-BR","potentialAction":[{"@type":"ReadAction","target":["http:\/\/vanderloubet.com.br\/deputado\/com-emenda-de-vander-jardim-iniciara-construcao-do-hospital-regional\/"]}]},{"@type":"ImageObject","inLanguage":"pt-BR","@id":"http:\/\/vanderloubet.com.br\/deputado\/com-emenda-de-vander-jardim-iniciara-construcao-do-hospital-regional\/#primaryimage","url":"https:\/\/vanderloubet.com.br\/deputado\/wp-content\/uploads\/2015\/02\/foto-2015-02-23-vander-erney.jpg","contentUrl":"https:\/\/vanderloubet.com.br\/deputado\/wp-content\/uploads\/2015\/02\/foto-2015-02-23-vander-erney.jpg","width":1200,"height":800,"caption":"Deputado Vander, ao lado da primeira-dama Jakeline e do prefeito Erney"},{"@type":"BreadcrumbList","@id":"http:\/\/vanderloubet.com.br\/deputado\/com-emenda-de-vander-jardim-iniciara-construcao-do-hospital-regional\/#breadcrumb","itemListElement":[{"@type":"ListItem","position":1,"name":"In\u00edcio","item":"https:\/\/vanderloubet.com.br\/deputado\/"},{"@type":"ListItem","position":2,"name":"Com emenda de Vander, Jardim iniciar\u00e1 constru\u00e7\u00e3o do Hospital Regional"}]},{"@type":"WebSite","@id":"https:\/\/vanderloubet.com.br\/deputado\/#website","url":"https:\/\/vanderloubet.com.br\/deputado\/","name":"Deputado Federal Vander Loubet","description":"O Federal de MS","publisher":{"@id":"https:\/\/vanderloubet.com.br\/deputado\/#organization"},"alternateName":"Deputado Vander","potentialAction":[{"@type":"SearchAction","target":{"@type":"EntryPoint","urlTemplate":"https:\/\/vanderloubet.com.br\/deputado\/?s={search_term_string}"},"query-input":{"@type":"PropertyValueSpecification","valueRequired":true,"valueName":"search_term_string"}}],"inLanguage":"pt-BR"},{"@type":"Organization","@id":"https:\/\/vanderloubet.com.br\/deputado\/#organization","name":"Deputado Federal Vander Loubet","alternateName":"Deputado Vander","url":"https:\/\/vanderloubet.com.br\/deputado\/","logo":{"@type":"ImageObject","inLanguage":"pt-BR","@id":"https:\/\/vanderloubet.com.br\/deputado\/#\/schema\/logo\/image\/","url":"https:\/\/vanderloubet.com.br\/deputado\/wp-content\/uploads\/2023\/06\/foto-2023-06-19-mandato-deputado-vander.jpg","contentUrl":"https:\/\/vanderloubet.com.br\/deputado\/wp-content\/uploads\/2023\/06\/foto-2023-06-19-mandato-deputado-vander.jpg","width":1080,"height":1080,"caption":"Deputado Federal Vander Loubet"},"image":{"@id":"https:\/\/vanderloubet.com.br\/deputado\/#\/schema\/logo\/image\/"},"sameAs":["https:\/\/facebook.com\/deputadovander","https:\/\/x.com\/vanderloubet","https:\/\/instagram.com\/vanderloubet","https:\/\/youtube.com\/vanderloubet","https:\/\/tiktok.com\/@vanderloubetms"]},{"@type":"Person","@id":"https:\/\/vanderloubet.com.br\/deputado\/#\/schema\/person\/15b51bd564532a8a68d9dec1b8eb890e","name":"\u00c9der","image":{"@type":"ImageObject","inLanguage":"pt-BR","@id":"https:\/\/vanderloubet.com.br\/deputado\/wp-content\/litespeed\/avatar\/88ca4090d9d5ab1c9495f6ca03b68efa.jpg?ver=1777058957","url":"https:\/\/vanderloubet.com.br\/deputado\/wp-content\/litespeed\/avatar\/88ca4090d9d5ab1c9495f6ca03b68efa.jpg?ver=1777058957","contentUrl":"https:\/\/vanderloubet.com.br\/deputado\/wp-content\/litespeed\/avatar\/88ca4090d9d5ab1c9495f6ca03b68efa.jpg?ver=1777058957","caption":"\u00c9der"}}]}},"jetpack_featured_media_url":"https:\/\/vanderloubet.com.br\/deputado\/wp-content\/uploads\/2015\/02\/foto-2015-02-23-vander-erney.jpg","jetpack_sharing_enabled":true,"_links":{"self":[{"href":"https:\/\/vanderloubet.com.br\/deputado\/wp-json\/wp\/v2\/posts\/9016","targetHints":{"allow":["GET"]}}],"collection":[{"href":"https:\/\/vanderloubet.com.br\/deputado\/wp-json\/wp\/v2\/posts"}],"about":[{"href":"https:\/\/vanderloubet.com.br\/deputado\/wp-json\/wp\/v2\/types\/post"}],"author":[{"embeddable":true,"href":"https:\/\/vanderloubet.com.br\/deputado\/wp-json\/wp\/v2\/users\/2"}],"replies":[{"embeddable":true,"href":"https:\/\/vanderloubet.com.br\/deputado\/wp-json\/wp\/v2\/comments?post=9016"}],"version-history":[{"count":0,"href":"https:\/\/vanderloubet.com.br\/deputado\/wp-json\/wp\/v2\/posts\/9016\/revisions"}],"wp:featuredmedia":[{"embeddable":true,"href":"https:\/\/vanderloubet.com.br\/deputado\/wp-json\/wp\/v2\/media\/9017"}],"wp:attachment":[{"href":"https:\/\/vanderloubet.com.br\/deputado\/wp-json\/wp\/v2\/media?parent=9016"}],"wp:term":[{"taxonomy":"category","embeddable":true,"href":"https:\/\/vanderloubet.com.br\/deputado\/wp-json\/wp\/v2\/categories?post=9016"},{"taxonomy":"post_tag","embeddable":true,"href":"https:\/\/vanderloubet.com.br\/deputado\/wp-json\/wp\/v2\/tags?post=9016"}],"curies":[{"name":"wp","href":"https:\/\/api.w.org\/{rel}","templated":true}]}}