{"id":8728,"date":"2015-02-04T16:59:12","date_gmt":"2015-02-04T19:59:12","guid":{"rendered":"http:\/\/vanderloubet.com.br\/deputado\/?p=8728"},"modified":"2015-02-05T18:13:36","modified_gmt":"2015-02-05T21:13:36","slug":"vander-garante-apoio-a-junior-para-infraestrutura-e-saude-em-fatima-do-sul","status":"publish","type":"post","link":"https:\/\/vanderloubet.com.br\/deputado\/vander-garante-apoio-a-junior-para-infraestrutura-e-saude-em-fatima-do-sul\/","title":{"rendered":"Vander garante apoio a J\u00fanior para infraestrutura e sa\u00fade em F\u00e1tima do Sul"},"content":{"rendered":"<figure id=\"attachment_8729\" aria-describedby=\"caption-attachment-8729\" style=\"width: 700px\" class=\"wp-caption alignnone\"><img decoding=\"async\" class=\"wp-image-8729 size-large\" title=\"Vander e J\u00fanior no gabinete do deputado em Bras\u00edlia\" src=\"http:\/\/vanderloubet.com.br\/deputado\/wp-content\/uploads\/2015\/02\/foto-2015-02-04-vander-junior-fatima-do-sul-700x506.jpg\" alt=\"Vander e J\u00fanior no gabinete do deputado em Bras\u00edlia\" width=\"700\" height=\"506\" srcset=\"https:\/\/vanderloubet.com.br\/deputado\/wp-content\/uploads\/2015\/02\/foto-2015-02-04-vander-junior-fatima-do-sul-700x506.jpg 700w, https:\/\/vanderloubet.com.br\/deputado\/wp-content\/uploads\/2015\/02\/foto-2015-02-04-vander-junior-fatima-do-sul-350x253.jpg 350w, https:\/\/vanderloubet.com.br\/deputado\/wp-content\/uploads\/2015\/02\/foto-2015-02-04-vander-junior-fatima-do-sul-582x420.jpg 582w, https:\/\/vanderloubet.com.br\/deputado\/wp-content\/uploads\/2015\/02\/foto-2015-02-04-vander-junior-fatima-do-sul-696x503.jpg 696w, https:\/\/vanderloubet.com.br\/deputado\/wp-content\/uploads\/2015\/02\/foto-2015-02-04-vander-junior-fatima-do-sul-324x235.jpg 324w, https:\/\/vanderloubet.com.br\/deputado\/wp-content\/uploads\/2015\/02\/foto-2015-02-04-vander-junior-fatima-do-sul.jpg 720w\" sizes=\"(max-width: 700px) 100vw, 700px\" \/><figcaption id=\"caption-attachment-8729\" class=\"wp-caption-text\">Vander e J\u00fanior no gabinete do deputado em Bras\u00edlia<\/figcaption><\/figure>\n<p>O deputado federal Vander Loubet (PT) recebeu na tarde desta quarta-feira (4), no seu gabinete em Bras\u00edlia, o prefeito de F\u00e1tima do Sul, J\u00fanior Vasconcelos (PSDB). O deputado recebeu reivindica\u00e7\u00f5es levadas pelo prefeito para melhorias no munic\u00edpio. Vander se comprometeu com J\u00fanior a apoiar F\u00e1tima do Sul com infraestrutura e sa\u00fade, em parceria com o governador do Estado, Reinaldo Azambuja (PSDB).<\/p>\n<p>&#8220;Quero dizer ao prefeito J\u00fanior que F\u00e1tima do Sul pode contar sempre com o apoio do meu mandato. \u00c9 um munic\u00edpio muito querido, que sempre apoiei, e vou seguir apoiando muito neste mandato. Vamos focar em infraestrutura e sa\u00fade&#8221;, pontuou o parlamentar petista.<\/p>\n<p>O prefeito J\u00fanior Vasconcelos agradeceu ao deputado Vander pela receptividade em seu gabinete e as emendas que foram destinadas para F\u00e1tima do Sul. &#8220;Agrade\u00e7o todo o empenho do deputado com nosso munic\u00edpio. O povo agradece e espera mais emendas que beneficiar\u00e3o a todos&#8221;, declarou.<\/p>\n<p>Recentemente, o deputado Vander esteve na inaugura\u00e7\u00e3o do Aqua Park (Parque Aqu\u00e1tico de F\u00e1tima do Sul) e, naquela oportunidade, destacou os recursos e investimentos federais empenhados na grande obra. Ao todo, fora R$ 2 milh\u00f5es em emendas parlamentares por meio do Minist\u00e9rio do Turismo.<\/p>\n<p><em>(Fonte: F\u00e1tima News)<\/em><\/p>\n","protected":false},"excerpt":{"rendered":"<p>&#8220;Agrade\u00e7o o empenho do deputado com nosso munic\u00edpio. O povo agradece e espera mais emendas que beneficiar\u00e3o a todos&#8221;, declarou o prefeito.<\/p>\n","protected":false},"author":2,"featured_media":8729,"comment_status":"closed","ping_status":"closed","sticky":false,"template":"","format":"standard","meta":{"jetpack_post_was_ever_published":false,"_jetpack_newsletter_access":"","_jetpack_dont_email_post_to_subs":false,"_jetpack_newsletter_tier_id":0,"_jetpack_memberships_contains_paywalled_content":false,"_jetpack_memberships_contains_paid_content":false,"footnotes":""},"categories":[2097,10],"tags":[2127,1028,1803],"class_list":{"0":"post-8728","1":"post","2":"type-post","3":"status-publish","4":"format-standard","5":"has-post-thumbnail","7":"category-municipios-noticias","8":"category-noticias","9":"tag-emenda-parlamentar","10":"tag-infraestrutura","11":"tag-saude"},"yoast_head":"<!-- This site is optimized with the Yoast SEO plugin v27.4 - https:\/\/yoast.com\/product\/yoast-seo-wordpress\/ -->\n<title>Vander garante apoio a J\u00fanior para infraestrutura e sa\u00fade em F\u00e1tima do Sul<\/title>\n<meta name=\"robots\" content=\"index, follow, max-snippet:-1, max-image-preview:large, max-video-preview:-1\" \/>\n<link rel=\"canonical\" href=\"https:\/\/vanderloubet.com.br\/deputado\/vander-garante-apoio-a-junior-para-infraestrutura-e-saude-em-fatima-do-sul\/\" \/>\n<meta property=\"og:locale\" content=\"pt_BR\" \/>\n<meta property=\"og:type\" content=\"article\" \/>\n<meta property=\"og:title\" content=\"Vander garante apoio a J\u00fanior para infraestrutura e sa\u00fade em F\u00e1tima do Sul\" \/>\n<meta property=\"og:description\" content=\"&quot;Agrade\u00e7o o empenho do deputado com nosso munic\u00edpio. O povo agradece e espera mais emendas que beneficiar\u00e3o a todos&quot;, declarou o prefeito.\" \/>\n<meta property=\"og:url\" content=\"https:\/\/vanderloubet.com.br\/deputado\/vander-garante-apoio-a-junior-para-infraestrutura-e-saude-em-fatima-do-sul\/\" \/>\n<meta property=\"og:site_name\" content=\"Deputado Federal Vander Loubet\" \/>\n<meta property=\"article:publisher\" content=\"https:\/\/facebook.com\/deputadovander\" \/>\n<meta property=\"article:published_time\" content=\"2015-02-04T19:59:12+00:00\" \/>\n<meta property=\"article:modified_time\" content=\"2015-02-05T21:13:36+00:00\" \/>\n<meta property=\"og:image\" content=\"https:\/\/vanderloubet.com.br\/deputado\/wp-content\/uploads\/2015\/02\/foto-2015-02-04-vander-junior-fatima-do-sul.jpg\" \/>\n\t<meta property=\"og:image:width\" content=\"720\" \/>\n\t<meta property=\"og:image:height\" content=\"520\" \/>\n\t<meta property=\"og:image:type\" content=\"image\/jpeg\" \/>\n<meta name=\"author\" content=\"\u00c9der\" \/>\n<meta name=\"twitter:card\" content=\"summary_large_image\" \/>\n<meta name=\"twitter:creator\" content=\"@vanderloubet\" \/>\n<meta name=\"twitter:site\" content=\"@vanderloubet\" \/>\n<script type=\"application\/ld+json\" class=\"yoast-schema-graph\">{\"@context\":\"https:\\\/\\\/schema.org\",\"@graph\":[{\"@type\":\"Article\",\"@id\":\"https:\\\/\\\/vanderloubet.com.br\\\/deputado\\\/vander-garante-apoio-a-junior-para-infraestrutura-e-saude-em-fatima-do-sul\\\/#article\",\"isPartOf\":{\"@id\":\"https:\\\/\\\/vanderloubet.com.br\\\/deputado\\\/vander-garante-apoio-a-junior-para-infraestrutura-e-saude-em-fatima-do-sul\\\/\"},\"author\":{\"name\":\"\u00c9der\",\"@id\":\"https:\\\/\\\/vanderloubet.com.br\\\/deputado\\\/#\\\/schema\\\/person\\\/15b51bd564532a8a68d9dec1b8eb890e\"},\"headline\":\"Vander garante apoio a J\u00fanior para infraestrutura e sa\u00fade em F\u00e1tima do Sul\",\"datePublished\":\"2015-02-04T19:59:12+00:00\",\"dateModified\":\"2015-02-05T21:13:36+00:00\",\"mainEntityOfPage\":{\"@id\":\"https:\\\/\\\/vanderloubet.com.br\\\/deputado\\\/vander-garante-apoio-a-junior-para-infraestrutura-e-saude-em-fatima-do-sul\\\/\"},\"wordCount\":249,\"publisher\":{\"@id\":\"https:\\\/\\\/vanderloubet.com.br\\\/deputado\\\/#organization\"},\"image\":{\"@id\":\"https:\\\/\\\/vanderloubet.com.br\\\/deputado\\\/vander-garante-apoio-a-junior-para-infraestrutura-e-saude-em-fatima-do-sul\\\/#primaryimage\"},\"thumbnailUrl\":\"https:\\\/\\\/vanderloubet.com.br\\\/deputado\\\/wp-content\\\/uploads\\\/2015\\\/02\\\/foto-2015-02-04-vander-junior-fatima-do-sul.jpg\",\"keywords\":[\"emenda parlamentar\",\"infraestrutura\",\"sa\u00fade\"],\"articleSection\":[\"Munic\u00edpios\",\"Not\u00edcias\"],\"inLanguage\":\"pt-BR\"},{\"@type\":\"WebPage\",\"@id\":\"https:\\\/\\\/vanderloubet.com.br\\\/deputado\\\/vander-garante-apoio-a-junior-para-infraestrutura-e-saude-em-fatima-do-sul\\\/\",\"url\":\"https:\\\/\\\/vanderloubet.com.br\\\/deputado\\\/vander-garante-apoio-a-junior-para-infraestrutura-e-saude-em-fatima-do-sul\\\/\",\"name\":\"Vander garante apoio a J\u00fanior para infraestrutura e sa\u00fade em F\u00e1tima do Sul\",\"isPartOf\":{\"@id\":\"https:\\\/\\\/vanderloubet.com.br\\\/deputado\\\/#website\"},\"primaryImageOfPage\":{\"@id\":\"https:\\\/\\\/vanderloubet.com.br\\\/deputado\\\/vander-garante-apoio-a-junior-para-infraestrutura-e-saude-em-fatima-do-sul\\\/#primaryimage\"},\"image\":{\"@id\":\"https:\\\/\\\/vanderloubet.com.br\\\/deputado\\\/vander-garante-apoio-a-junior-para-infraestrutura-e-saude-em-fatima-do-sul\\\/#primaryimage\"},\"thumbnailUrl\":\"https:\\\/\\\/vanderloubet.com.br\\\/deputado\\\/wp-content\\\/uploads\\\/2015\\\/02\\\/foto-2015-02-04-vander-junior-fatima-do-sul.jpg\",\"datePublished\":\"2015-02-04T19:59:12+00:00\",\"dateModified\":\"2015-02-05T21:13:36+00:00\",\"breadcrumb\":{\"@id\":\"https:\\\/\\\/vanderloubet.com.br\\\/deputado\\\/vander-garante-apoio-a-junior-para-infraestrutura-e-saude-em-fatima-do-sul\\\/#breadcrumb\"},\"inLanguage\":\"pt-BR\",\"potentialAction\":[{\"@type\":\"ReadAction\",\"target\":[\"https:\\\/\\\/vanderloubet.com.br\\\/deputado\\\/vander-garante-apoio-a-junior-para-infraestrutura-e-saude-em-fatima-do-sul\\\/\"]}]},{\"@type\":\"ImageObject\",\"inLanguage\":\"pt-BR\",\"@id\":\"https:\\\/\\\/vanderloubet.com.br\\\/deputado\\\/vander-garante-apoio-a-junior-para-infraestrutura-e-saude-em-fatima-do-sul\\\/#primaryimage\",\"url\":\"https:\\\/\\\/vanderloubet.com.br\\\/deputado\\\/wp-content\\\/uploads\\\/2015\\\/02\\\/foto-2015-02-04-vander-junior-fatima-do-sul.jpg\",\"contentUrl\":\"https:\\\/\\\/vanderloubet.com.br\\\/deputado\\\/wp-content\\\/uploads\\\/2015\\\/02\\\/foto-2015-02-04-vander-junior-fatima-do-sul.jpg\",\"width\":720,\"height\":520,\"caption\":\"Vander e J\u00fanior no gabinete do deputado em Bras\u00edlia\"},{\"@type\":\"BreadcrumbList\",\"@id\":\"https:\\\/\\\/vanderloubet.com.br\\\/deputado\\\/vander-garante-apoio-a-junior-para-infraestrutura-e-saude-em-fatima-do-sul\\\/#breadcrumb\",\"itemListElement\":[{\"@type\":\"ListItem\",\"position\":1,\"name\":\"In\u00edcio\",\"item\":\"https:\\\/\\\/vanderloubet.com.br\\\/deputado\\\/\"},{\"@type\":\"ListItem\",\"position\":2,\"name\":\"Vander garante apoio a J\u00fanior para infraestrutura e sa\u00fade em F\u00e1tima do Sul\"}]},{\"@type\":\"WebSite\",\"@id\":\"https:\\\/\\\/vanderloubet.com.br\\\/deputado\\\/#website\",\"url\":\"https:\\\/\\\/vanderloubet.com.br\\\/deputado\\\/\",\"name\":\"Deputado Federal Vander Loubet\",\"description\":\"O Federal de MS\",\"publisher\":{\"@id\":\"https:\\\/\\\/vanderloubet.com.br\\\/deputado\\\/#organization\"},\"alternateName\":\"Deputado Vander\",\"potentialAction\":[{\"@type\":\"SearchAction\",\"target\":{\"@type\":\"EntryPoint\",\"urlTemplate\":\"https:\\\/\\\/vanderloubet.com.br\\\/deputado\\\/?s={search_term_string}\"},\"query-input\":{\"@type\":\"PropertyValueSpecification\",\"valueRequired\":true,\"valueName\":\"search_term_string\"}}],\"inLanguage\":\"pt-BR\"},{\"@type\":\"Organization\",\"@id\":\"https:\\\/\\\/vanderloubet.com.br\\\/deputado\\\/#organization\",\"name\":\"Deputado Federal Vander Loubet\",\"alternateName\":\"Deputado Vander\",\"url\":\"https:\\\/\\\/vanderloubet.com.br\\\/deputado\\\/\",\"logo\":{\"@type\":\"ImageObject\",\"inLanguage\":\"pt-BR\",\"@id\":\"https:\\\/\\\/vanderloubet.com.br\\\/deputado\\\/#\\\/schema\\\/logo\\\/image\\\/\",\"url\":\"https:\\\/\\\/vanderloubet.com.br\\\/deputado\\\/wp-content\\\/uploads\\\/2023\\\/06\\\/foto-2023-06-19-mandato-deputado-vander.jpg\",\"contentUrl\":\"https:\\\/\\\/vanderloubet.com.br\\\/deputado\\\/wp-content\\\/uploads\\\/2023\\\/06\\\/foto-2023-06-19-mandato-deputado-vander.jpg\",\"width\":1080,\"height\":1080,\"caption\":\"Deputado Federal Vander Loubet\"},\"image\":{\"@id\":\"https:\\\/\\\/vanderloubet.com.br\\\/deputado\\\/#\\\/schema\\\/logo\\\/image\\\/\"},\"sameAs\":[\"https:\\\/\\\/facebook.com\\\/deputadovander\",\"https:\\\/\\\/x.com\\\/vanderloubet\",\"https:\\\/\\\/instagram.com\\\/vanderloubet\",\"https:\\\/\\\/youtube.com\\\/vanderloubet\",\"https:\\\/\\\/tiktok.com\\\/@vanderloubetms\"]},{\"@type\":\"Person\",\"@id\":\"https:\\\/\\\/vanderloubet.com.br\\\/deputado\\\/#\\\/schema\\\/person\\\/15b51bd564532a8a68d9dec1b8eb890e\",\"name\":\"\u00c9der\",\"image\":{\"@type\":\"ImageObject\",\"inLanguage\":\"pt-BR\",\"@id\":\"https:\\\/\\\/vanderloubet.com.br\\\/deputado\\\/wp-content\\\/litespeed\\\/avatar\\\/88ca4090d9d5ab1c9495f6ca03b68efa.jpg?ver=1777058957\",\"url\":\"https:\\\/\\\/vanderloubet.com.br\\\/deputado\\\/wp-content\\\/litespeed\\\/avatar\\\/88ca4090d9d5ab1c9495f6ca03b68efa.jpg?ver=1777058957\",\"contentUrl\":\"https:\\\/\\\/vanderloubet.com.br\\\/deputado\\\/wp-content\\\/litespeed\\\/avatar\\\/88ca4090d9d5ab1c9495f6ca03b68efa.jpg?ver=1777058957\",\"caption\":\"\u00c9der\"}}]}<\/script>\n<!-- \/ Yoast SEO plugin. -->","yoast_head_json":{"title":"Vander garante apoio a J\u00fanior para infraestrutura e sa\u00fade em F\u00e1tima do Sul","robots":{"index":"index","follow":"follow","max-snippet":"max-snippet:-1","max-image-preview":"max-image-preview:large","max-video-preview":"max-video-preview:-1"},"canonical":"https:\/\/vanderloubet.com.br\/deputado\/vander-garante-apoio-a-junior-para-infraestrutura-e-saude-em-fatima-do-sul\/","og_locale":"pt_BR","og_type":"article","og_title":"Vander garante apoio a J\u00fanior para infraestrutura e sa\u00fade em F\u00e1tima do Sul","og_description":"\"Agrade\u00e7o o empenho do deputado com nosso munic\u00edpio. O povo agradece e espera mais emendas que beneficiar\u00e3o a todos\", declarou o prefeito.","og_url":"https:\/\/vanderloubet.com.br\/deputado\/vander-garante-apoio-a-junior-para-infraestrutura-e-saude-em-fatima-do-sul\/","og_site_name":"Deputado Federal Vander Loubet","article_publisher":"https:\/\/facebook.com\/deputadovander","article_published_time":"2015-02-04T19:59:12+00:00","article_modified_time":"2015-02-05T21:13:36+00:00","og_image":[{"width":720,"height":520,"url":"https:\/\/vanderloubet.com.br\/deputado\/wp-content\/uploads\/2015\/02\/foto-2015-02-04-vander-junior-fatima-do-sul.jpg","type":"image\/jpeg"}],"author":"\u00c9der","twitter_card":"summary_large_image","twitter_creator":"@vanderloubet","twitter_site":"@vanderloubet","schema":{"@context":"https:\/\/schema.org","@graph":[{"@type":"Article","@id":"https:\/\/vanderloubet.com.br\/deputado\/vander-garante-apoio-a-junior-para-infraestrutura-e-saude-em-fatima-do-sul\/#article","isPartOf":{"@id":"https:\/\/vanderloubet.com.br\/deputado\/vander-garante-apoio-a-junior-para-infraestrutura-e-saude-em-fatima-do-sul\/"},"author":{"name":"\u00c9der","@id":"https:\/\/vanderloubet.com.br\/deputado\/#\/schema\/person\/15b51bd564532a8a68d9dec1b8eb890e"},"headline":"Vander garante apoio a J\u00fanior para infraestrutura e sa\u00fade em F\u00e1tima do Sul","datePublished":"2015-02-04T19:59:12+00:00","dateModified":"2015-02-05T21:13:36+00:00","mainEntityOfPage":{"@id":"https:\/\/vanderloubet.com.br\/deputado\/vander-garante-apoio-a-junior-para-infraestrutura-e-saude-em-fatima-do-sul\/"},"wordCount":249,"publisher":{"@id":"https:\/\/vanderloubet.com.br\/deputado\/#organization"},"image":{"@id":"https:\/\/vanderloubet.com.br\/deputado\/vander-garante-apoio-a-junior-para-infraestrutura-e-saude-em-fatima-do-sul\/#primaryimage"},"thumbnailUrl":"https:\/\/vanderloubet.com.br\/deputado\/wp-content\/uploads\/2015\/02\/foto-2015-02-04-vander-junior-fatima-do-sul.jpg","keywords":["emenda parlamentar","infraestrutura","sa\u00fade"],"articleSection":["Munic\u00edpios","Not\u00edcias"],"inLanguage":"pt-BR"},{"@type":"WebPage","@id":"https:\/\/vanderloubet.com.br\/deputado\/vander-garante-apoio-a-junior-para-infraestrutura-e-saude-em-fatima-do-sul\/","url":"https:\/\/vanderloubet.com.br\/deputado\/vander-garante-apoio-a-junior-para-infraestrutura-e-saude-em-fatima-do-sul\/","name":"Vander garante apoio a J\u00fanior para infraestrutura e sa\u00fade em F\u00e1tima do Sul","isPartOf":{"@id":"https:\/\/vanderloubet.com.br\/deputado\/#website"},"primaryImageOfPage":{"@id":"https:\/\/vanderloubet.com.br\/deputado\/vander-garante-apoio-a-junior-para-infraestrutura-e-saude-em-fatima-do-sul\/#primaryimage"},"image":{"@id":"https:\/\/vanderloubet.com.br\/deputado\/vander-garante-apoio-a-junior-para-infraestrutura-e-saude-em-fatima-do-sul\/#primaryimage"},"thumbnailUrl":"https:\/\/vanderloubet.com.br\/deputado\/wp-content\/uploads\/2015\/02\/foto-2015-02-04-vander-junior-fatima-do-sul.jpg","datePublished":"2015-02-04T19:59:12+00:00","dateModified":"2015-02-05T21:13:36+00:00","breadcrumb":{"@id":"https:\/\/vanderloubet.com.br\/deputado\/vander-garante-apoio-a-junior-para-infraestrutura-e-saude-em-fatima-do-sul\/#breadcrumb"},"inLanguage":"pt-BR","potentialAction":[{"@type":"ReadAction","target":["https:\/\/vanderloubet.com.br\/deputado\/vander-garante-apoio-a-junior-para-infraestrutura-e-saude-em-fatima-do-sul\/"]}]},{"@type":"ImageObject","inLanguage":"pt-BR","@id":"https:\/\/vanderloubet.com.br\/deputado\/vander-garante-apoio-a-junior-para-infraestrutura-e-saude-em-fatima-do-sul\/#primaryimage","url":"https:\/\/vanderloubet.com.br\/deputado\/wp-content\/uploads\/2015\/02\/foto-2015-02-04-vander-junior-fatima-do-sul.jpg","contentUrl":"https:\/\/vanderloubet.com.br\/deputado\/wp-content\/uploads\/2015\/02\/foto-2015-02-04-vander-junior-fatima-do-sul.jpg","width":720,"height":520,"caption":"Vander e J\u00fanior no gabinete do deputado em Bras\u00edlia"},{"@type":"BreadcrumbList","@id":"https:\/\/vanderloubet.com.br\/deputado\/vander-garante-apoio-a-junior-para-infraestrutura-e-saude-em-fatima-do-sul\/#breadcrumb","itemListElement":[{"@type":"ListItem","position":1,"name":"In\u00edcio","item":"https:\/\/vanderloubet.com.br\/deputado\/"},{"@type":"ListItem","position":2,"name":"Vander garante apoio a J\u00fanior para infraestrutura e sa\u00fade em F\u00e1tima do Sul"}]},{"@type":"WebSite","@id":"https:\/\/vanderloubet.com.br\/deputado\/#website","url":"https:\/\/vanderloubet.com.br\/deputado\/","name":"Deputado Federal Vander Loubet","description":"O Federal de MS","publisher":{"@id":"https:\/\/vanderloubet.com.br\/deputado\/#organization"},"alternateName":"Deputado Vander","potentialAction":[{"@type":"SearchAction","target":{"@type":"EntryPoint","urlTemplate":"https:\/\/vanderloubet.com.br\/deputado\/?s={search_term_string}"},"query-input":{"@type":"PropertyValueSpecification","valueRequired":true,"valueName":"search_term_string"}}],"inLanguage":"pt-BR"},{"@type":"Organization","@id":"https:\/\/vanderloubet.com.br\/deputado\/#organization","name":"Deputado Federal Vander Loubet","alternateName":"Deputado Vander","url":"https:\/\/vanderloubet.com.br\/deputado\/","logo":{"@type":"ImageObject","inLanguage":"pt-BR","@id":"https:\/\/vanderloubet.com.br\/deputado\/#\/schema\/logo\/image\/","url":"https:\/\/vanderloubet.com.br\/deputado\/wp-content\/uploads\/2023\/06\/foto-2023-06-19-mandato-deputado-vander.jpg","contentUrl":"https:\/\/vanderloubet.com.br\/deputado\/wp-content\/uploads\/2023\/06\/foto-2023-06-19-mandato-deputado-vander.jpg","width":1080,"height":1080,"caption":"Deputado Federal Vander Loubet"},"image":{"@id":"https:\/\/vanderloubet.com.br\/deputado\/#\/schema\/logo\/image\/"},"sameAs":["https:\/\/facebook.com\/deputadovander","https:\/\/x.com\/vanderloubet","https:\/\/instagram.com\/vanderloubet","https:\/\/youtube.com\/vanderloubet","https:\/\/tiktok.com\/@vanderloubetms"]},{"@type":"Person","@id":"https:\/\/vanderloubet.com.br\/deputado\/#\/schema\/person\/15b51bd564532a8a68d9dec1b8eb890e","name":"\u00c9der","image":{"@type":"ImageObject","inLanguage":"pt-BR","@id":"https:\/\/vanderloubet.com.br\/deputado\/wp-content\/litespeed\/avatar\/88ca4090d9d5ab1c9495f6ca03b68efa.jpg?ver=1777058957","url":"https:\/\/vanderloubet.com.br\/deputado\/wp-content\/litespeed\/avatar\/88ca4090d9d5ab1c9495f6ca03b68efa.jpg?ver=1777058957","contentUrl":"https:\/\/vanderloubet.com.br\/deputado\/wp-content\/litespeed\/avatar\/88ca4090d9d5ab1c9495f6ca03b68efa.jpg?ver=1777058957","caption":"\u00c9der"}}]}},"jetpack_featured_media_url":"https:\/\/vanderloubet.com.br\/deputado\/wp-content\/uploads\/2015\/02\/foto-2015-02-04-vander-junior-fatima-do-sul.jpg","jetpack_sharing_enabled":true,"_links":{"self":[{"href":"https:\/\/vanderloubet.com.br\/deputado\/wp-json\/wp\/v2\/posts\/8728","targetHints":{"allow":["GET"]}}],"collection":[{"href":"https:\/\/vanderloubet.com.br\/deputado\/wp-json\/wp\/v2\/posts"}],"about":[{"href":"https:\/\/vanderloubet.com.br\/deputado\/wp-json\/wp\/v2\/types\/post"}],"author":[{"embeddable":true,"href":"https:\/\/vanderloubet.com.br\/deputado\/wp-json\/wp\/v2\/users\/2"}],"replies":[{"embeddable":true,"href":"https:\/\/vanderloubet.com.br\/deputado\/wp-json\/wp\/v2\/comments?post=8728"}],"version-history":[{"count":0,"href":"https:\/\/vanderloubet.com.br\/deputado\/wp-json\/wp\/v2\/posts\/8728\/revisions"}],"wp:featuredmedia":[{"embeddable":true,"href":"https:\/\/vanderloubet.com.br\/deputado\/wp-json\/wp\/v2\/media\/8729"}],"wp:attachment":[{"href":"https:\/\/vanderloubet.com.br\/deputado\/wp-json\/wp\/v2\/media?parent=8728"}],"wp:term":[{"taxonomy":"category","embeddable":true,"href":"https:\/\/vanderloubet.com.br\/deputado\/wp-json\/wp\/v2\/categories?post=8728"},{"taxonomy":"post_tag","embeddable":true,"href":"https:\/\/vanderloubet.com.br\/deputado\/wp-json\/wp\/v2\/tags?post=8728"}],"curies":[{"name":"wp","href":"https:\/\/api.w.org\/{rel}","templated":true}]}}