{"id":8673,"date":"2015-02-02T15:49:00","date_gmt":"2015-02-02T18:49:00","guid":{"rendered":"http:\/\/vanderloubet.com.br\/deputado\/?p=8673"},"modified":"2015-02-13T23:41:36","modified_gmt":"2015-02-14T02:41:36","slug":"a-derrota-dos-vencedores","status":"publish","type":"post","link":"https:\/\/vanderloubet.com.br\/deputado\/a-derrota-dos-vencedores\/","title":{"rendered":"A derrota dos vencedores"},"content":{"rendered":"<figure id=\"attachment_8674\" aria-describedby=\"caption-attachment-8674\" style=\"width: 700px\" class=\"wp-caption alignnone\"><img decoding=\"async\" class=\"wp-image-8674 size-large\" title=\"Cunha chega para discursar na Mesa Diretora ap\u00f3s an\u00fancio da vit\u00f3ria\" src=\"http:\/\/vanderloubet.com.br\/deputado\/wp-content\/uploads\/2015\/02\/foto-2015-02-02-eduardo-cunha-eleito-presidente-700x455.jpg\" alt=\"Cunha chega para discursar na Mesa Diretora ap\u00f3s an\u00fancio da vit\u00f3ria\" width=\"700\" height=\"455\" srcset=\"https:\/\/vanderloubet.com.br\/deputado\/wp-content\/uploads\/2015\/02\/foto-2015-02-02-eduardo-cunha-eleito-presidente-700x455.jpg 700w, https:\/\/vanderloubet.com.br\/deputado\/wp-content\/uploads\/2015\/02\/foto-2015-02-02-eduardo-cunha-eleito-presidente-350x228.jpg 350w, https:\/\/vanderloubet.com.br\/deputado\/wp-content\/uploads\/2015\/02\/foto-2015-02-02-eduardo-cunha-eleito-presidente-768x499.jpg 768w, https:\/\/vanderloubet.com.br\/deputado\/wp-content\/uploads\/2015\/02\/foto-2015-02-02-eduardo-cunha-eleito-presidente-646x420.jpg 646w, https:\/\/vanderloubet.com.br\/deputado\/wp-content\/uploads\/2015\/02\/foto-2015-02-02-eduardo-cunha-eleito-presidente-696x452.jpg 696w, https:\/\/vanderloubet.com.br\/deputado\/wp-content\/uploads\/2015\/02\/foto-2015-02-02-eduardo-cunha-eleito-presidente-1068x694.jpg 1068w, https:\/\/vanderloubet.com.br\/deputado\/wp-content\/uploads\/2015\/02\/foto-2015-02-02-eduardo-cunha-eleito-presidente.jpg 1200w\" sizes=\"(max-width: 700px) 100vw, 700px\" \/><figcaption id=\"caption-attachment-8674\" class=\"wp-caption-text\">Cunha chega para discursar na Mesa Diretora ap\u00f3s an\u00fancio da vit\u00f3ria<\/figcaption><\/figure>\n<p><em>Vander Loubet*<\/em><\/p>\n<p>As elei\u00e7\u00f5es de 2014, nas quais a presidente Dilma foi reconduzida \u00e0 Presid\u00eancia da Rep\u00fablica, foi uma elei\u00e7\u00e3o dif\u00edcil em rela\u00e7\u00e3o \u00e0s anteriores, onde o nosso governo de conquistas, em que pese os grandes avan\u00e7os alcan\u00e7ados nos \u00faltimos anos, por pouco n\u00e3o foi interrompido. E fomos vitoriosos tanto com Dilma quanto com a elei\u00e7\u00e3o da maior bancada na C\u00e2mara Federal, com 69 deputados. Mas os eleitores emitiram sinais vis\u00edveis de insatisfa\u00e7\u00e3o, que por si s\u00f3 exigiriam reflex\u00f5es e mudan\u00e7as da nossa parte nas a\u00e7\u00f5es governamentais e pol\u00edticas do governo e do PT.<\/p>\n<p>Contudo, se fomos vitoriosos em outubro passado, ontem sofremos uma derrota vergonhosa na elei\u00e7\u00e3o da Mesa Diretora da C\u00e2mara, por inapet\u00eancia e desarticula\u00e7\u00e3o na condu\u00e7\u00e3o pol\u00edtica do governo, que nos levou a ficar de fora da Dire\u00e7\u00e3o da Casa, mesmo tendo a maior bancada junto com o PMDB.<\/p>\n<p>Uma parte da bancada do PT (da qual fa\u00e7o parte) sempre apostou na constru\u00e7\u00e3o de uma chapa \u00fanica entre PT e PMDB, pois essa alian\u00e7a tinha sido exitosa nos \u00faltimos anos, tanto nas a\u00e7\u00f5es parlamentares quanto nas rela\u00e7\u00f5es com o Executivo, apesar dos conflitos de vis\u00f5es e interesses, que s\u00e3o inerentes \u00e0 a\u00e7\u00e3o pol\u00edtica. A estrat\u00e9gia de enfrentamento com o PMDB, partido aliado, que participa de nosso governo com seis minist\u00e9rios, demonstrou-se um desastre para o governo e para nosso partido.<\/p>\n<p>Se n\u00e3o bastassem as pondera\u00e7\u00f5es de muitos l\u00edderes e experientes parlamentares da base e do nosso partido sobre a import\u00e2ncia da constru\u00e7\u00e3o de uma chapa de consenso, tamb\u00e9m entrou em cena o ex-presidente Lula, que at\u00e9 a v\u00e9spera das elei\u00e7\u00f5es tentou evitar o enfrentamento entre PT e PMDB. Entretanto, o processo j\u00e1 tinha rumos praticamente irrevers\u00edveis e muitas pontes pol\u00edticas foram destru\u00eddas, impossibilitando, assim, uma solu\u00e7\u00e3o negociada.<\/p>\n<p>O governo da presidente Dilma teve a coragem de fazer as necess\u00e1rias mudan\u00e7as na condu\u00e7\u00e3o da economia brasileira no sentido de preservar e ampliar os grandes avan\u00e7os que tivemos no pa\u00eds nos \u00faltimos anos. \u00c9 importante apoiarmos e defendermos essa a\u00e7\u00e3o, por mais duras que pare\u00e7am. Mas n\u00e3o podemos concordar com a condu\u00e7\u00e3o pol\u00edtica e com a falta de di\u00e1logo com os parlamentares da base aliada. Essa forma de fazer a articula\u00e7\u00e3o pol\u00edtica demonstrou-se inepta e deve ser revista.<\/p>\n<p>Por mais curioso que possa parecer, nossa derrota s\u00f3 n\u00e3o foi maior porque o deputado Eduardo Cunha (PMDB-RJ) venceu no primeiro turno. Caso tiv\u00e9ssemos um segundo turno, Cunha receberia o apoio maci\u00e7o da oposi\u00e7\u00e3o, notadamente do PSDB, o que tornaria a derrota da nossa chapa ainda mais vergonhosa e, naturalmente, colocaria o nosso aliado PMDB num flerte muito mais efetivo com a oposi\u00e7\u00e3o.<\/p>\n<p>Entendo, finalmente, que o PT e o governo necessitam de uma an\u00e1lise profunda do ocorrido e de uma readequa\u00e7\u00e3o na forma de conduzirmos as a\u00e7\u00f5es pol\u00edticas, de tal sorte a n\u00e3o ficarmos isolados e pass\u00edveis de sofrermos derrotas similares no futuro.<\/p>\n<p><em>*Deputado federal (PT) e coordenador da bancada de MS no Congresso Nacional<\/em><\/p>\n","protected":false},"excerpt":{"rendered":"<p>Artigo de Vander Loubet sobre a derrota que o Governo Federal e o PT sofreram na disputa pela Presid\u00eancia da C\u00e2mara dos Deputados.<\/p>\n","protected":false},"author":2,"featured_media":8674,"comment_status":"closed","ping_status":"closed","sticky":false,"template":"","format":"standard","meta":{"jetpack_post_was_ever_published":false,"_jetpack_newsletter_access":"","_jetpack_dont_email_post_to_subs":false,"_jetpack_newsletter_tier_id":0,"_jetpack_memberships_contains_paywalled_content":false,"_jetpack_memberships_contains_paid_content":false,"footnotes":""},"categories":[11],"tags":[2143,2293],"class_list":{"0":"post-8673","1":"post","2":"type-post","3":"status-publish","4":"format-standard","5":"has-post-thumbnail","7":"category-opinioes","8":"tag-camara-dos-deputados","9":"tag-mesa-diretora"},"yoast_head":"<!-- This site is optimized with the Yoast SEO plugin v27.4 - https:\/\/yoast.com\/product\/yoast-seo-wordpress\/ -->\n<title>A derrota dos vencedores<\/title>\n<meta name=\"robots\" content=\"index, follow, max-snippet:-1, max-image-preview:large, max-video-preview:-1\" \/>\n<link rel=\"canonical\" href=\"https:\/\/vanderloubet.com.br\/deputado\/a-derrota-dos-vencedores\/\" \/>\n<meta property=\"og:locale\" content=\"pt_BR\" \/>\n<meta property=\"og:type\" content=\"article\" \/>\n<meta property=\"og:title\" content=\"A derrota dos vencedores\" \/>\n<meta property=\"og:description\" content=\"Artigo de Vander Loubet sobre a derrota que o Governo Federal e o PT sofreram na disputa pela Presid\u00eancia da C\u00e2mara dos Deputados.\" \/>\n<meta property=\"og:url\" content=\"https:\/\/vanderloubet.com.br\/deputado\/a-derrota-dos-vencedores\/\" \/>\n<meta property=\"og:site_name\" content=\"Deputado Federal Vander Loubet\" \/>\n<meta property=\"article:publisher\" content=\"https:\/\/facebook.com\/deputadovander\" \/>\n<meta property=\"article:published_time\" content=\"2015-02-02T18:49:00+00:00\" \/>\n<meta property=\"article:modified_time\" content=\"2015-02-14T02:41:36+00:00\" \/>\n<meta property=\"og:image\" content=\"https:\/\/vanderloubet.com.br\/deputado\/wp-content\/uploads\/2015\/02\/foto-2015-02-02-eduardo-cunha-eleito-presidente.jpg\" \/>\n\t<meta property=\"og:image:width\" content=\"1200\" \/>\n\t<meta property=\"og:image:height\" content=\"780\" \/>\n\t<meta property=\"og:image:type\" content=\"image\/jpeg\" \/>\n<meta name=\"author\" content=\"\u00c9der\" \/>\n<meta name=\"twitter:card\" content=\"summary_large_image\" \/>\n<meta name=\"twitter:creator\" content=\"@vanderloubet\" \/>\n<meta name=\"twitter:site\" content=\"@vanderloubet\" \/>\n<script type=\"application\/ld+json\" class=\"yoast-schema-graph\">{\"@context\":\"https:\\\/\\\/schema.org\",\"@graph\":[{\"@type\":\"Article\",\"@id\":\"https:\\\/\\\/vanderloubet.com.br\\\/deputado\\\/a-derrota-dos-vencedores\\\/#article\",\"isPartOf\":{\"@id\":\"https:\\\/\\\/vanderloubet.com.br\\\/deputado\\\/a-derrota-dos-vencedores\\\/\"},\"author\":{\"name\":\"\u00c9der\",\"@id\":\"https:\\\/\\\/vanderloubet.com.br\\\/deputado\\\/#\\\/schema\\\/person\\\/15b51bd564532a8a68d9dec1b8eb890e\"},\"headline\":\"A derrota dos vencedores\",\"datePublished\":\"2015-02-02T18:49:00+00:00\",\"dateModified\":\"2015-02-14T02:41:36+00:00\",\"mainEntityOfPage\":{\"@id\":\"https:\\\/\\\/vanderloubet.com.br\\\/deputado\\\/a-derrota-dos-vencedores\\\/\"},\"wordCount\":576,\"publisher\":{\"@id\":\"https:\\\/\\\/vanderloubet.com.br\\\/deputado\\\/#organization\"},\"image\":{\"@id\":\"https:\\\/\\\/vanderloubet.com.br\\\/deputado\\\/a-derrota-dos-vencedores\\\/#primaryimage\"},\"thumbnailUrl\":\"https:\\\/\\\/vanderloubet.com.br\\\/deputado\\\/wp-content\\\/uploads\\\/2015\\\/02\\\/foto-2015-02-02-eduardo-cunha-eleito-presidente.jpg\",\"keywords\":[\"c\u00e2mara dos deputados\",\"mesa diretora\"],\"articleSection\":[\"Opini\u00e3o\"],\"inLanguage\":\"pt-BR\"},{\"@type\":\"WebPage\",\"@id\":\"https:\\\/\\\/vanderloubet.com.br\\\/deputado\\\/a-derrota-dos-vencedores\\\/\",\"url\":\"https:\\\/\\\/vanderloubet.com.br\\\/deputado\\\/a-derrota-dos-vencedores\\\/\",\"name\":\"A derrota dos vencedores\",\"isPartOf\":{\"@id\":\"https:\\\/\\\/vanderloubet.com.br\\\/deputado\\\/#website\"},\"primaryImageOfPage\":{\"@id\":\"https:\\\/\\\/vanderloubet.com.br\\\/deputado\\\/a-derrota-dos-vencedores\\\/#primaryimage\"},\"image\":{\"@id\":\"https:\\\/\\\/vanderloubet.com.br\\\/deputado\\\/a-derrota-dos-vencedores\\\/#primaryimage\"},\"thumbnailUrl\":\"https:\\\/\\\/vanderloubet.com.br\\\/deputado\\\/wp-content\\\/uploads\\\/2015\\\/02\\\/foto-2015-02-02-eduardo-cunha-eleito-presidente.jpg\",\"datePublished\":\"2015-02-02T18:49:00+00:00\",\"dateModified\":\"2015-02-14T02:41:36+00:00\",\"breadcrumb\":{\"@id\":\"https:\\\/\\\/vanderloubet.com.br\\\/deputado\\\/a-derrota-dos-vencedores\\\/#breadcrumb\"},\"inLanguage\":\"pt-BR\",\"potentialAction\":[{\"@type\":\"ReadAction\",\"target\":[\"https:\\\/\\\/vanderloubet.com.br\\\/deputado\\\/a-derrota-dos-vencedores\\\/\"]}]},{\"@type\":\"ImageObject\",\"inLanguage\":\"pt-BR\",\"@id\":\"https:\\\/\\\/vanderloubet.com.br\\\/deputado\\\/a-derrota-dos-vencedores\\\/#primaryimage\",\"url\":\"https:\\\/\\\/vanderloubet.com.br\\\/deputado\\\/wp-content\\\/uploads\\\/2015\\\/02\\\/foto-2015-02-02-eduardo-cunha-eleito-presidente.jpg\",\"contentUrl\":\"https:\\\/\\\/vanderloubet.com.br\\\/deputado\\\/wp-content\\\/uploads\\\/2015\\\/02\\\/foto-2015-02-02-eduardo-cunha-eleito-presidente.jpg\",\"width\":1200,\"height\":780,\"caption\":\"Cunha chega para discursar na Mesa Diretora ap\u00f3s an\u00fancio da vit\u00f3ria\"},{\"@type\":\"BreadcrumbList\",\"@id\":\"https:\\\/\\\/vanderloubet.com.br\\\/deputado\\\/a-derrota-dos-vencedores\\\/#breadcrumb\",\"itemListElement\":[{\"@type\":\"ListItem\",\"position\":1,\"name\":\"In\u00edcio\",\"item\":\"https:\\\/\\\/vanderloubet.com.br\\\/deputado\\\/\"},{\"@type\":\"ListItem\",\"position\":2,\"name\":\"A derrota dos vencedores\"}]},{\"@type\":\"WebSite\",\"@id\":\"https:\\\/\\\/vanderloubet.com.br\\\/deputado\\\/#website\",\"url\":\"https:\\\/\\\/vanderloubet.com.br\\\/deputado\\\/\",\"name\":\"Deputado Federal Vander Loubet\",\"description\":\"O Federal de MS\",\"publisher\":{\"@id\":\"https:\\\/\\\/vanderloubet.com.br\\\/deputado\\\/#organization\"},\"alternateName\":\"Deputado Vander\",\"potentialAction\":[{\"@type\":\"SearchAction\",\"target\":{\"@type\":\"EntryPoint\",\"urlTemplate\":\"https:\\\/\\\/vanderloubet.com.br\\\/deputado\\\/?s={search_term_string}\"},\"query-input\":{\"@type\":\"PropertyValueSpecification\",\"valueRequired\":true,\"valueName\":\"search_term_string\"}}],\"inLanguage\":\"pt-BR\"},{\"@type\":\"Organization\",\"@id\":\"https:\\\/\\\/vanderloubet.com.br\\\/deputado\\\/#organization\",\"name\":\"Deputado Federal Vander Loubet\",\"alternateName\":\"Deputado Vander\",\"url\":\"https:\\\/\\\/vanderloubet.com.br\\\/deputado\\\/\",\"logo\":{\"@type\":\"ImageObject\",\"inLanguage\":\"pt-BR\",\"@id\":\"https:\\\/\\\/vanderloubet.com.br\\\/deputado\\\/#\\\/schema\\\/logo\\\/image\\\/\",\"url\":\"https:\\\/\\\/vanderloubet.com.br\\\/deputado\\\/wp-content\\\/uploads\\\/2023\\\/06\\\/foto-2023-06-19-mandato-deputado-vander.jpg\",\"contentUrl\":\"https:\\\/\\\/vanderloubet.com.br\\\/deputado\\\/wp-content\\\/uploads\\\/2023\\\/06\\\/foto-2023-06-19-mandato-deputado-vander.jpg\",\"width\":1080,\"height\":1080,\"caption\":\"Deputado Federal Vander Loubet\"},\"image\":{\"@id\":\"https:\\\/\\\/vanderloubet.com.br\\\/deputado\\\/#\\\/schema\\\/logo\\\/image\\\/\"},\"sameAs\":[\"https:\\\/\\\/facebook.com\\\/deputadovander\",\"https:\\\/\\\/x.com\\\/vanderloubet\",\"https:\\\/\\\/instagram.com\\\/vanderloubet\",\"https:\\\/\\\/youtube.com\\\/vanderloubet\",\"https:\\\/\\\/tiktok.com\\\/@vanderloubetms\"]},{\"@type\":\"Person\",\"@id\":\"https:\\\/\\\/vanderloubet.com.br\\\/deputado\\\/#\\\/schema\\\/person\\\/15b51bd564532a8a68d9dec1b8eb890e\",\"name\":\"\u00c9der\",\"image\":{\"@type\":\"ImageObject\",\"inLanguage\":\"pt-BR\",\"@id\":\"https:\\\/\\\/vanderloubet.com.br\\\/deputado\\\/wp-content\\\/litespeed\\\/avatar\\\/88ca4090d9d5ab1c9495f6ca03b68efa.jpg?ver=1777058957\",\"url\":\"https:\\\/\\\/vanderloubet.com.br\\\/deputado\\\/wp-content\\\/litespeed\\\/avatar\\\/88ca4090d9d5ab1c9495f6ca03b68efa.jpg?ver=1777058957\",\"contentUrl\":\"https:\\\/\\\/vanderloubet.com.br\\\/deputado\\\/wp-content\\\/litespeed\\\/avatar\\\/88ca4090d9d5ab1c9495f6ca03b68efa.jpg?ver=1777058957\",\"caption\":\"\u00c9der\"}}]}<\/script>\n<!-- \/ Yoast SEO plugin. -->","yoast_head_json":{"title":"A derrota dos vencedores","robots":{"index":"index","follow":"follow","max-snippet":"max-snippet:-1","max-image-preview":"max-image-preview:large","max-video-preview":"max-video-preview:-1"},"canonical":"https:\/\/vanderloubet.com.br\/deputado\/a-derrota-dos-vencedores\/","og_locale":"pt_BR","og_type":"article","og_title":"A derrota dos vencedores","og_description":"Artigo de Vander Loubet sobre a derrota que o Governo Federal e o PT sofreram na disputa pela Presid\u00eancia da C\u00e2mara dos Deputados.","og_url":"https:\/\/vanderloubet.com.br\/deputado\/a-derrota-dos-vencedores\/","og_site_name":"Deputado Federal Vander Loubet","article_publisher":"https:\/\/facebook.com\/deputadovander","article_published_time":"2015-02-02T18:49:00+00:00","article_modified_time":"2015-02-14T02:41:36+00:00","og_image":[{"width":1200,"height":780,"url":"https:\/\/vanderloubet.com.br\/deputado\/wp-content\/uploads\/2015\/02\/foto-2015-02-02-eduardo-cunha-eleito-presidente.jpg","type":"image\/jpeg"}],"author":"\u00c9der","twitter_card":"summary_large_image","twitter_creator":"@vanderloubet","twitter_site":"@vanderloubet","schema":{"@context":"https:\/\/schema.org","@graph":[{"@type":"Article","@id":"https:\/\/vanderloubet.com.br\/deputado\/a-derrota-dos-vencedores\/#article","isPartOf":{"@id":"https:\/\/vanderloubet.com.br\/deputado\/a-derrota-dos-vencedores\/"},"author":{"name":"\u00c9der","@id":"https:\/\/vanderloubet.com.br\/deputado\/#\/schema\/person\/15b51bd564532a8a68d9dec1b8eb890e"},"headline":"A derrota dos vencedores","datePublished":"2015-02-02T18:49:00+00:00","dateModified":"2015-02-14T02:41:36+00:00","mainEntityOfPage":{"@id":"https:\/\/vanderloubet.com.br\/deputado\/a-derrota-dos-vencedores\/"},"wordCount":576,"publisher":{"@id":"https:\/\/vanderloubet.com.br\/deputado\/#organization"},"image":{"@id":"https:\/\/vanderloubet.com.br\/deputado\/a-derrota-dos-vencedores\/#primaryimage"},"thumbnailUrl":"https:\/\/vanderloubet.com.br\/deputado\/wp-content\/uploads\/2015\/02\/foto-2015-02-02-eduardo-cunha-eleito-presidente.jpg","keywords":["c\u00e2mara dos deputados","mesa diretora"],"articleSection":["Opini\u00e3o"],"inLanguage":"pt-BR"},{"@type":"WebPage","@id":"https:\/\/vanderloubet.com.br\/deputado\/a-derrota-dos-vencedores\/","url":"https:\/\/vanderloubet.com.br\/deputado\/a-derrota-dos-vencedores\/","name":"A derrota dos vencedores","isPartOf":{"@id":"https:\/\/vanderloubet.com.br\/deputado\/#website"},"primaryImageOfPage":{"@id":"https:\/\/vanderloubet.com.br\/deputado\/a-derrota-dos-vencedores\/#primaryimage"},"image":{"@id":"https:\/\/vanderloubet.com.br\/deputado\/a-derrota-dos-vencedores\/#primaryimage"},"thumbnailUrl":"https:\/\/vanderloubet.com.br\/deputado\/wp-content\/uploads\/2015\/02\/foto-2015-02-02-eduardo-cunha-eleito-presidente.jpg","datePublished":"2015-02-02T18:49:00+00:00","dateModified":"2015-02-14T02:41:36+00:00","breadcrumb":{"@id":"https:\/\/vanderloubet.com.br\/deputado\/a-derrota-dos-vencedores\/#breadcrumb"},"inLanguage":"pt-BR","potentialAction":[{"@type":"ReadAction","target":["https:\/\/vanderloubet.com.br\/deputado\/a-derrota-dos-vencedores\/"]}]},{"@type":"ImageObject","inLanguage":"pt-BR","@id":"https:\/\/vanderloubet.com.br\/deputado\/a-derrota-dos-vencedores\/#primaryimage","url":"https:\/\/vanderloubet.com.br\/deputado\/wp-content\/uploads\/2015\/02\/foto-2015-02-02-eduardo-cunha-eleito-presidente.jpg","contentUrl":"https:\/\/vanderloubet.com.br\/deputado\/wp-content\/uploads\/2015\/02\/foto-2015-02-02-eduardo-cunha-eleito-presidente.jpg","width":1200,"height":780,"caption":"Cunha chega para discursar na Mesa Diretora ap\u00f3s an\u00fancio da vit\u00f3ria"},{"@type":"BreadcrumbList","@id":"https:\/\/vanderloubet.com.br\/deputado\/a-derrota-dos-vencedores\/#breadcrumb","itemListElement":[{"@type":"ListItem","position":1,"name":"In\u00edcio","item":"https:\/\/vanderloubet.com.br\/deputado\/"},{"@type":"ListItem","position":2,"name":"A derrota dos vencedores"}]},{"@type":"WebSite","@id":"https:\/\/vanderloubet.com.br\/deputado\/#website","url":"https:\/\/vanderloubet.com.br\/deputado\/","name":"Deputado Federal Vander Loubet","description":"O Federal de MS","publisher":{"@id":"https:\/\/vanderloubet.com.br\/deputado\/#organization"},"alternateName":"Deputado Vander","potentialAction":[{"@type":"SearchAction","target":{"@type":"EntryPoint","urlTemplate":"https:\/\/vanderloubet.com.br\/deputado\/?s={search_term_string}"},"query-input":{"@type":"PropertyValueSpecification","valueRequired":true,"valueName":"search_term_string"}}],"inLanguage":"pt-BR"},{"@type":"Organization","@id":"https:\/\/vanderloubet.com.br\/deputado\/#organization","name":"Deputado Federal Vander Loubet","alternateName":"Deputado Vander","url":"https:\/\/vanderloubet.com.br\/deputado\/","logo":{"@type":"ImageObject","inLanguage":"pt-BR","@id":"https:\/\/vanderloubet.com.br\/deputado\/#\/schema\/logo\/image\/","url":"https:\/\/vanderloubet.com.br\/deputado\/wp-content\/uploads\/2023\/06\/foto-2023-06-19-mandato-deputado-vander.jpg","contentUrl":"https:\/\/vanderloubet.com.br\/deputado\/wp-content\/uploads\/2023\/06\/foto-2023-06-19-mandato-deputado-vander.jpg","width":1080,"height":1080,"caption":"Deputado Federal Vander Loubet"},"image":{"@id":"https:\/\/vanderloubet.com.br\/deputado\/#\/schema\/logo\/image\/"},"sameAs":["https:\/\/facebook.com\/deputadovander","https:\/\/x.com\/vanderloubet","https:\/\/instagram.com\/vanderloubet","https:\/\/youtube.com\/vanderloubet","https:\/\/tiktok.com\/@vanderloubetms"]},{"@type":"Person","@id":"https:\/\/vanderloubet.com.br\/deputado\/#\/schema\/person\/15b51bd564532a8a68d9dec1b8eb890e","name":"\u00c9der","image":{"@type":"ImageObject","inLanguage":"pt-BR","@id":"https:\/\/vanderloubet.com.br\/deputado\/wp-content\/litespeed\/avatar\/88ca4090d9d5ab1c9495f6ca03b68efa.jpg?ver=1777058957","url":"https:\/\/vanderloubet.com.br\/deputado\/wp-content\/litespeed\/avatar\/88ca4090d9d5ab1c9495f6ca03b68efa.jpg?ver=1777058957","contentUrl":"https:\/\/vanderloubet.com.br\/deputado\/wp-content\/litespeed\/avatar\/88ca4090d9d5ab1c9495f6ca03b68efa.jpg?ver=1777058957","caption":"\u00c9der"}}]}},"jetpack_featured_media_url":"https:\/\/vanderloubet.com.br\/deputado\/wp-content\/uploads\/2015\/02\/foto-2015-02-02-eduardo-cunha-eleito-presidente.jpg","jetpack_sharing_enabled":true,"_links":{"self":[{"href":"https:\/\/vanderloubet.com.br\/deputado\/wp-json\/wp\/v2\/posts\/8673","targetHints":{"allow":["GET"]}}],"collection":[{"href":"https:\/\/vanderloubet.com.br\/deputado\/wp-json\/wp\/v2\/posts"}],"about":[{"href":"https:\/\/vanderloubet.com.br\/deputado\/wp-json\/wp\/v2\/types\/post"}],"author":[{"embeddable":true,"href":"https:\/\/vanderloubet.com.br\/deputado\/wp-json\/wp\/v2\/users\/2"}],"replies":[{"embeddable":true,"href":"https:\/\/vanderloubet.com.br\/deputado\/wp-json\/wp\/v2\/comments?post=8673"}],"version-history":[{"count":0,"href":"https:\/\/vanderloubet.com.br\/deputado\/wp-json\/wp\/v2\/posts\/8673\/revisions"}],"wp:featuredmedia":[{"embeddable":true,"href":"https:\/\/vanderloubet.com.br\/deputado\/wp-json\/wp\/v2\/media\/8674"}],"wp:attachment":[{"href":"https:\/\/vanderloubet.com.br\/deputado\/wp-json\/wp\/v2\/media?parent=8673"}],"wp:term":[{"taxonomy":"category","embeddable":true,"href":"https:\/\/vanderloubet.com.br\/deputado\/wp-json\/wp\/v2\/categories?post=8673"},{"taxonomy":"post_tag","embeddable":true,"href":"https:\/\/vanderloubet.com.br\/deputado\/wp-json\/wp\/v2\/tags?post=8673"}],"curies":[{"name":"wp","href":"https:\/\/api.w.org\/{rel}","templated":true}]}}