{"id":8660,"date":"2015-01-29T16:51:35","date_gmt":"2015-01-29T19:51:35","guid":{"rendered":"http:\/\/vanderloubet.com.br\/deputado\/?p=8660"},"modified":"2015-02-05T22:49:29","modified_gmt":"2015-02-06T01:49:29","slug":"fazenda-buriti-sera-marco-na-solucao-de-conflitos-defende-ministro-da-justica","status":"publish","type":"post","link":"https:\/\/vanderloubet.com.br\/deputado\/fazenda-buriti-sera-marco-na-solucao-de-conflitos-defende-ministro-da-justica\/","title":{"rendered":"Fazenda Buriti ser\u00e1 marco na solu\u00e7\u00e3o de conflitos, defende ministro da Justi\u00e7a"},"content":{"rendered":"\r\n                <style type=\"text\/css\">\r\n                    \r\n                    #tdi_1  .td-doubleSlider-2 .td-item1 {\r\n                        background: url(https:\/\/vanderloubet.com.br\/deputado\/wp-content\/uploads\/2015\/01\/foto-2015-01-29-vander-reinaldo-cardoso-80x60.jpg) 0 0 no-repeat;\r\n                    }\r\n                    #tdi_1  .td-doubleSlider-2 .td-item2 {\r\n                        background: url(https:\/\/vanderloubet.com.br\/deputado\/wp-content\/uploads\/2015\/01\/foto-2015-01-29-audiencia-ministro-justica-80x60.jpg) 0 0 no-repeat;\r\n                    }\r\n                <\/style>\r\n\r\n                <div id=\"tdi_1\" class=\"td-gallery td-slide-on-2-columns\">\r\n                    <div class=\"post_td_gallery\">\r\n                        <div class=\"td-gallery-slide-top\">\r\n                           <div class=\"td-gallery-title\"><\/div>\r\n\r\n                            <div class=\"td-gallery-controls-wrapper\">\r\n                                <div class=\"td-gallery-slide-count\"><span class=\"td-gallery-slide-item-focus\">1<\/span> de 2<\/div>\r\n                                <div class=\"td-gallery-slide-prev-next-but\">\r\n                                    <i class = \"td-icon-left doubleSliderPrevButton\"><\/i>\r\n                                    <i class = \"td-icon-right doubleSliderNextButton\"><\/i>\r\n                                <\/div>\r\n                            <\/div>\r\n                        <\/div>\r\n\r\n                        <div class = \"td-doubleSlider-1 \">\r\n                            <div class = \"td-slider\">\r\n                                \r\n                    <div class = \"td-slide-item td-item1\">\r\n                        <figure class=\"td-slide-galery-figure td-slide-popup-gallery\">\r\n                            <a class=\"slide-gallery-image-link\" href=\"https:\/\/vanderloubet.com.br\/deputado\/wp-content\/uploads\/2015\/01\/foto-2015-01-29-vander-reinaldo-cardoso.jpg\" title=\"Vander participa de audi\u00eancia com ministro da Justi\u00e7a\"  data-caption=\"\"  data-description=\"Vander participa de audi&ecirc;ncia com ministro da Justi&ccedil;a\">\r\n                                <img decoding=\"async\" src=\"https:\/\/vanderloubet.com.br\/deputado\/wp-content\/uploads\/2015\/01\/foto-2015-01-29-vander-reinaldo-cardoso-560x420.jpg\" srcset=\"https:\/\/vanderloubet.com.br\/deputado\/wp-content\/uploads\/2015\/01\/foto-2015-01-29-vander-reinaldo-cardoso-560x420.jpg 560w, https:\/\/vanderloubet.com.br\/deputado\/wp-content\/uploads\/2015\/01\/foto-2015-01-29-vander-reinaldo-cardoso-350x263.jpg 350w, https:\/\/vanderloubet.com.br\/deputado\/wp-content\/uploads\/2015\/01\/foto-2015-01-29-vander-reinaldo-cardoso-768x576.jpg 768w, https:\/\/vanderloubet.com.br\/deputado\/wp-content\/uploads\/2015\/01\/foto-2015-01-29-vander-reinaldo-cardoso-700x525.jpg 700w, https:\/\/vanderloubet.com.br\/deputado\/wp-content\/uploads\/2015\/01\/foto-2015-01-29-vander-reinaldo-cardoso-80x60.jpg 80w, https:\/\/vanderloubet.com.br\/deputado\/wp-content\/uploads\/2015\/01\/foto-2015-01-29-vander-reinaldo-cardoso-696x522.jpg 696w, https:\/\/vanderloubet.com.br\/deputado\/wp-content\/uploads\/2015\/01\/foto-2015-01-29-vander-reinaldo-cardoso-1068x801.jpg 1068w, https:\/\/vanderloubet.com.br\/deputado\/wp-content\/uploads\/2015\/01\/foto-2015-01-29-vander-reinaldo-cardoso-265x198.jpg 265w, https:\/\/vanderloubet.com.br\/deputado\/wp-content\/uploads\/2015\/01\/foto-2015-01-29-vander-reinaldo-cardoso.jpg 1200w\" sizes=\"(max-width: 560px) 100vw, 560px\" alt=\"Vander participa de audi&ecirc;ncia com ministro da Justi&ccedil;a\">\r\n                            <\/a>\r\n                            <figcaption class = \"td-slide-caption td-gallery-slide-content\"><span>Vander participa de audi\u00eancia com ministro da Justi\u00e7a<\/span><\/figcaption>\r\n                        <\/figure>\r\n                    <\/div>\r\n                    <div class = \"td-slide-item td-item2\">\r\n                        <figure class=\"td-slide-galery-figure td-slide-popup-gallery\">\r\n                            <a class=\"slide-gallery-image-link\" href=\"https:\/\/vanderloubet.com.br\/deputado\/wp-content\/uploads\/2015\/01\/foto-2015-01-29-audiencia-ministro-justica.jpg\" title=\"Bancada federal acompanhou governador Reinaldo\"  data-caption=\"\"  data-description=\"Bancada federal acompanhou governador Reinaldo\">\r\n                                <img decoding=\"async\" src=\"https:\/\/vanderloubet.com.br\/deputado\/wp-content\/uploads\/2015\/01\/foto-2015-01-29-audiencia-ministro-justica-560x420.jpg\" srcset=\"https:\/\/vanderloubet.com.br\/deputado\/wp-content\/uploads\/2015\/01\/foto-2015-01-29-audiencia-ministro-justica-560x420.jpg 560w, https:\/\/vanderloubet.com.br\/deputado\/wp-content\/uploads\/2015\/01\/foto-2015-01-29-audiencia-ministro-justica-350x263.jpg 350w, https:\/\/vanderloubet.com.br\/deputado\/wp-content\/uploads\/2015\/01\/foto-2015-01-29-audiencia-ministro-justica-768x576.jpg 768w, https:\/\/vanderloubet.com.br\/deputado\/wp-content\/uploads\/2015\/01\/foto-2015-01-29-audiencia-ministro-justica-700x525.jpg 700w, https:\/\/vanderloubet.com.br\/deputado\/wp-content\/uploads\/2015\/01\/foto-2015-01-29-audiencia-ministro-justica-80x60.jpg 80w, https:\/\/vanderloubet.com.br\/deputado\/wp-content\/uploads\/2015\/01\/foto-2015-01-29-audiencia-ministro-justica-696x522.jpg 696w, https:\/\/vanderloubet.com.br\/deputado\/wp-content\/uploads\/2015\/01\/foto-2015-01-29-audiencia-ministro-justica-1068x801.jpg 1068w, https:\/\/vanderloubet.com.br\/deputado\/wp-content\/uploads\/2015\/01\/foto-2015-01-29-audiencia-ministro-justica-265x198.jpg 265w, https:\/\/vanderloubet.com.br\/deputado\/wp-content\/uploads\/2015\/01\/foto-2015-01-29-audiencia-ministro-justica.jpg 1200w\" sizes=\"(max-width: 560px) 100vw, 560px\" alt=\"Bancada federal acompanhou governador Reinaldo\">\r\n                            <\/a>\r\n                            <figcaption class = \"td-slide-caption td-gallery-slide-content\"><span>Bancada federal acompanhou governador Reinaldo<\/span><\/figcaption>\r\n                        <\/figure>\r\n                    <\/div>\r\n                            <\/div>\r\n                        <\/div>\r\n\r\n                        <div class = \"td-doubleSlider-2\">\r\n                            <div class = \"td-slider\">\r\n                                \r\n                    <div class = \"td-button td-item1\">\r\n                        <div class = \"td-border\"><\/div>\r\n                    <\/div>\r\n                    <div class = \"td-button td-item2\">\r\n                        <div class = \"td-border\"><\/div>\r\n                    <\/div>\r\n                            <\/div>\r\n                        <\/div>\r\n\r\n                    <\/div>\r\n\r\n                <\/div>\r\n                \n<p>Uma comitiva de Mato Grosso do Sul esteve reunida na manh\u00e3 de hoje (29), em Bras\u00edlia, com o ministro da Justi\u00e7a, Jos\u00e9 Eduardo Cardozo (PT). Na comitiva estavam o governador Reinaldo Azambuja (PSDB), secret\u00e1rios de Estado, e o deputado federal Vander Loubet (PT), coordenador da bancada de MS no Congresso Nacional. Os principais itens da agenda foram a quest\u00e3o ind\u00edgena e a seguran\u00e7a na regi\u00e3o de fronteira.<\/p>\n<p>Sobre a quest\u00e3o ind\u00edgena, o ministro afirmou que o processo de aquisi\u00e7\u00e3o da Fazenda Buriti, no munic\u00edpio de Sidrol\u00e2ndia, est\u00e1 em fase final. Apesar do longo tempo para se chegar a uma solu\u00e7\u00e3o, o deputado Vander acredita que o processo ser\u00e1 conclu\u00eddo e que passar\u00e1 a ser refer\u00eancia para casos semelhantes. &#8220;\u00c9 um processo novo, algo in\u00e9dito em rela\u00e7\u00e3o a esse tipo de conflito. Mas sem d\u00favida \u00e9 algo que trar\u00e1 mais tranquilidade aos dois lados do embate &#8211; \u00edndios e produtores &#8211; e que servir\u00e1 de refer\u00eancia para solu\u00e7\u00e3o de outros conflitos&#8221;, salientou.<\/p>\n<p>A posi\u00e7\u00e3o de Vander foi corroborada por Cardozo, que destacou a import\u00e2ncia da solu\u00e7\u00e3o encontrada. &#8220;Ser\u00e1 um marco nacional na resolu\u00e7\u00e3o de conflitos envolvendo a disputa de terras por ind\u00edgenas e produtores rurais&#8221;, afirmou.<\/p>\n<p><strong>Esfor\u00e7o conjunto<\/strong> &#8211; Ainda na reuni\u00e3o, o governador Reinaldo Azambuja levou ao ministro da Justi\u00e7a a preocupa\u00e7\u00e3o com a seguran\u00e7a p\u00fablica na faixa de fronteira com a Bol\u00edvia e o Paraguai. O governador lembrou a import\u00e2ncia de atender os moradores da regi\u00e3o de fronteira, que atinge 13 munic\u00edpios e mais de 400 mil pessoas. &#8220;O Estado precisa criar infraestrutura e condi\u00e7\u00f5es para levar melhorias aos moradores dessa importante regi\u00e3o&#8221;, frisou Reinaldo.<\/p>\n<p>Vander Loubet lembrou que j\u00e1 existem alguns projetos que v\u00e3o ao encontro da preocupa\u00e7\u00e3o do governador, como \u00e9 o caso do Parque Tecnol\u00f3gico Internacional de Ponta Por\u00e3 (PTIn), mas que \u00e9 preciso avan\u00e7ar na repress\u00e3o ao crime. &#8220;\u00c9 fundamental que a gente tenha na regi\u00e3o de fronteira a\u00e7\u00f5es e projetos de desenvolvimento econ\u00f4mico porque a gera\u00e7\u00e3o de emprego e renda \u00e9 uma forma de combater a criminalidade, principalmente entre os mais jovens. Mas tamb\u00e9m precisamos que a criminalidade n\u00e3o fique sem resposta. Por isso esse entendimento, esse esfor\u00e7o conjunto entre o Governo Federal e o Governo do Estado, \u00e9 mais que necess\u00e1rio para promover as a\u00e7\u00f5es que a fronteira precisa na quest\u00e3o da seguran\u00e7a&#8221;.<\/p>\n<p>Ao fim da agenda, ficou acertada para depois do carnaval a realiza\u00e7\u00e3o de uma atividade em Mato Grosso do Sul com a participa\u00e7\u00e3o dos \u00f3rg\u00e3os de seguran\u00e7a tanto da Uni\u00e3o (Minist\u00e9rio da Justi\u00e7a, Minist\u00e9rio da Defesa, Pol\u00edcia Federal, Pol\u00edcia Rodovi\u00e1ria Federal, Ex\u00e9rcito, etc) quanto do Estado a fim de discutir e dar encaminhamentos pr\u00e1ticos para a\u00e7\u00f5es de combate ao tr\u00e1fico de drogas, contrabando de armas e outros produtos e outras atividades criminosas.<\/p>\n<p>&#8220;Ser\u00e1 o primeiro [evento] do g\u00eanero em todo o pa\u00eds. E come\u00e7ar por Mato Grosso do Sul \u00e9 estrat\u00e9gico pois al\u00e9m da quest\u00e3o da fronteira, o Estado tem um \u00f3timo \u00edndice de execu\u00e7\u00e3o de projetos em conv\u00eanios com o Governo Federal na \u00e1rea da seguran\u00e7a e isso para n\u00f3s \u00e9 muito importante&#8221;, concluiu Jos\u00e9 Eduardo Cardozo.<\/p>\n<p>Participaram tamb\u00e9m da audi\u00eancia a secret\u00e1ria nacional de Seguran\u00e7a P\u00fablica, Regina Maria de Luca Miki, o senador Waldemir Moka (PMDB), o deputado federal Antonio Carlos Biffi (PT) e o deputado federal eleito Carlos Marun (PMDB).<\/p>\n<p><em>(\u00c9der Yanaguita &#8211; Ascom\/Deputado Vander)<\/em><\/p>\n","protected":false},"excerpt":{"rendered":"<p>Durante audi\u00eancia com o ministro, governador Reinaldo e deputado Vander tamb\u00e9m trataram da seguran\u00e7a p\u00fablica na fronteira.<\/p>\n","protected":false},"author":2,"featured_media":8661,"comment_status":"closed","ping_status":"closed","sticky":false,"template":"","format":"standard","meta":{"jetpack_post_was_ever_published":false,"_jetpack_newsletter_access":"","_jetpack_dont_email_post_to_subs":false,"_jetpack_newsletter_tier_id":0,"_jetpack_memberships_contains_paywalled_content":false,"_jetpack_memberships_contains_paid_content":false,"footnotes":""},"categories":[2099,10],"tags":[2218,2220],"class_list":{"0":"post-8660","1":"post","2":"type-post","3":"status-publish","4":"format-standard","5":"has-post-thumbnail","7":"category-ms-noticias","8":"category-noticias","9":"tag-demarcacao-de-terras","10":"tag-seguranca-publica"},"yoast_head":"<!-- This site is optimized with the Yoast SEO plugin v27.4 - https:\/\/yoast.com\/product\/yoast-seo-wordpress\/ -->\n<title>Fazenda Buriti ser\u00e1 marco na solu\u00e7\u00e3o de conflitos, defende ministro da Justi\u00e7a<\/title>\n<meta name=\"robots\" content=\"index, follow, max-snippet:-1, max-image-preview:large, max-video-preview:-1\" \/>\n<link rel=\"canonical\" href=\"https:\/\/vanderloubet.com.br\/deputado\/fazenda-buriti-sera-marco-na-solucao-de-conflitos-defende-ministro-da-justica\/\" \/>\n<meta property=\"og:locale\" content=\"pt_BR\" \/>\n<meta property=\"og:type\" content=\"article\" \/>\n<meta property=\"og:title\" content=\"Fazenda Buriti ser\u00e1 marco na solu\u00e7\u00e3o de conflitos, defende ministro da Justi\u00e7a\" \/>\n<meta property=\"og:description\" content=\"Durante audi\u00eancia com o ministro, governador Reinaldo e deputado Vander tamb\u00e9m trataram da seguran\u00e7a p\u00fablica na fronteira.\" \/>\n<meta property=\"og:url\" content=\"https:\/\/vanderloubet.com.br\/deputado\/fazenda-buriti-sera-marco-na-solucao-de-conflitos-defende-ministro-da-justica\/\" \/>\n<meta property=\"og:site_name\" content=\"Deputado Federal Vander Loubet\" \/>\n<meta property=\"article:publisher\" content=\"https:\/\/facebook.com\/deputadovander\" \/>\n<meta property=\"article:published_time\" content=\"2015-01-29T19:51:35+00:00\" \/>\n<meta property=\"article:modified_time\" content=\"2015-02-06T01:49:29+00:00\" \/>\n<meta property=\"og:image\" content=\"https:\/\/vanderloubet.com.br\/deputado\/wp-content\/uploads\/2015\/01\/foto-2015-01-29-audiencia-ministro-justica.jpg\" \/>\n\t<meta property=\"og:image:width\" content=\"1200\" \/>\n\t<meta property=\"og:image:height\" content=\"900\" \/>\n\t<meta property=\"og:image:type\" content=\"image\/jpeg\" \/>\n<meta name=\"author\" content=\"\u00c9der\" \/>\n<meta name=\"twitter:card\" content=\"summary_large_image\" \/>\n<meta name=\"twitter:creator\" content=\"@vanderloubet\" \/>\n<meta name=\"twitter:site\" content=\"@vanderloubet\" \/>\n<script type=\"application\/ld+json\" class=\"yoast-schema-graph\">{\"@context\":\"https:\\\/\\\/schema.org\",\"@graph\":[{\"@type\":\"Article\",\"@id\":\"https:\\\/\\\/vanderloubet.com.br\\\/deputado\\\/fazenda-buriti-sera-marco-na-solucao-de-conflitos-defende-ministro-da-justica\\\/#article\",\"isPartOf\":{\"@id\":\"https:\\\/\\\/vanderloubet.com.br\\\/deputado\\\/fazenda-buriti-sera-marco-na-solucao-de-conflitos-defende-ministro-da-justica\\\/\"},\"author\":{\"name\":\"\u00c9der\",\"@id\":\"https:\\\/\\\/vanderloubet.com.br\\\/deputado\\\/#\\\/schema\\\/person\\\/15b51bd564532a8a68d9dec1b8eb890e\"},\"headline\":\"Fazenda Buriti ser\u00e1 marco na solu\u00e7\u00e3o de conflitos, defende ministro da Justi\u00e7a\",\"datePublished\":\"2015-01-29T19:51:35+00:00\",\"dateModified\":\"2015-02-06T01:49:29+00:00\",\"mainEntityOfPage\":{\"@id\":\"https:\\\/\\\/vanderloubet.com.br\\\/deputado\\\/fazenda-buriti-sera-marco-na-solucao-de-conflitos-defende-ministro-da-justica\\\/\"},\"wordCount\":645,\"publisher\":{\"@id\":\"https:\\\/\\\/vanderloubet.com.br\\\/deputado\\\/#organization\"},\"image\":{\"@id\":\"https:\\\/\\\/vanderloubet.com.br\\\/deputado\\\/fazenda-buriti-sera-marco-na-solucao-de-conflitos-defende-ministro-da-justica\\\/#primaryimage\"},\"thumbnailUrl\":\"https:\\\/\\\/vanderloubet.com.br\\\/deputado\\\/wp-content\\\/uploads\\\/2015\\\/01\\\/foto-2015-01-29-audiencia-ministro-justica.jpg\",\"keywords\":[\"demarca\u00e7\u00e3o de terras\",\"seguran\u00e7a p\u00fablica\"],\"articleSection\":[\"Mato Grosso do Sul\",\"Not\u00edcias\"],\"inLanguage\":\"pt-BR\"},{\"@type\":\"WebPage\",\"@id\":\"https:\\\/\\\/vanderloubet.com.br\\\/deputado\\\/fazenda-buriti-sera-marco-na-solucao-de-conflitos-defende-ministro-da-justica\\\/\",\"url\":\"https:\\\/\\\/vanderloubet.com.br\\\/deputado\\\/fazenda-buriti-sera-marco-na-solucao-de-conflitos-defende-ministro-da-justica\\\/\",\"name\":\"Fazenda Buriti ser\u00e1 marco na solu\u00e7\u00e3o de conflitos, defende ministro da Justi\u00e7a\",\"isPartOf\":{\"@id\":\"https:\\\/\\\/vanderloubet.com.br\\\/deputado\\\/#website\"},\"primaryImageOfPage\":{\"@id\":\"https:\\\/\\\/vanderloubet.com.br\\\/deputado\\\/fazenda-buriti-sera-marco-na-solucao-de-conflitos-defende-ministro-da-justica\\\/#primaryimage\"},\"image\":{\"@id\":\"https:\\\/\\\/vanderloubet.com.br\\\/deputado\\\/fazenda-buriti-sera-marco-na-solucao-de-conflitos-defende-ministro-da-justica\\\/#primaryimage\"},\"thumbnailUrl\":\"https:\\\/\\\/vanderloubet.com.br\\\/deputado\\\/wp-content\\\/uploads\\\/2015\\\/01\\\/foto-2015-01-29-audiencia-ministro-justica.jpg\",\"datePublished\":\"2015-01-29T19:51:35+00:00\",\"dateModified\":\"2015-02-06T01:49:29+00:00\",\"breadcrumb\":{\"@id\":\"https:\\\/\\\/vanderloubet.com.br\\\/deputado\\\/fazenda-buriti-sera-marco-na-solucao-de-conflitos-defende-ministro-da-justica\\\/#breadcrumb\"},\"inLanguage\":\"pt-BR\",\"potentialAction\":[{\"@type\":\"ReadAction\",\"target\":[\"https:\\\/\\\/vanderloubet.com.br\\\/deputado\\\/fazenda-buriti-sera-marco-na-solucao-de-conflitos-defende-ministro-da-justica\\\/\"]}]},{\"@type\":\"ImageObject\",\"inLanguage\":\"pt-BR\",\"@id\":\"https:\\\/\\\/vanderloubet.com.br\\\/deputado\\\/fazenda-buriti-sera-marco-na-solucao-de-conflitos-defende-ministro-da-justica\\\/#primaryimage\",\"url\":\"https:\\\/\\\/vanderloubet.com.br\\\/deputado\\\/wp-content\\\/uploads\\\/2015\\\/01\\\/foto-2015-01-29-audiencia-ministro-justica.jpg\",\"contentUrl\":\"https:\\\/\\\/vanderloubet.com.br\\\/deputado\\\/wp-content\\\/uploads\\\/2015\\\/01\\\/foto-2015-01-29-audiencia-ministro-justica.jpg\",\"width\":1200,\"height\":900,\"caption\":\"Bancada federal acompanhou governador Reinaldo\"},{\"@type\":\"BreadcrumbList\",\"@id\":\"https:\\\/\\\/vanderloubet.com.br\\\/deputado\\\/fazenda-buriti-sera-marco-na-solucao-de-conflitos-defende-ministro-da-justica\\\/#breadcrumb\",\"itemListElement\":[{\"@type\":\"ListItem\",\"position\":1,\"name\":\"In\u00edcio\",\"item\":\"https:\\\/\\\/vanderloubet.com.br\\\/deputado\\\/\"},{\"@type\":\"ListItem\",\"position\":2,\"name\":\"Fazenda Buriti ser\u00e1 marco na solu\u00e7\u00e3o de conflitos, defende ministro da Justi\u00e7a\"}]},{\"@type\":\"WebSite\",\"@id\":\"https:\\\/\\\/vanderloubet.com.br\\\/deputado\\\/#website\",\"url\":\"https:\\\/\\\/vanderloubet.com.br\\\/deputado\\\/\",\"name\":\"Deputado Federal Vander Loubet\",\"description\":\"O Federal de MS\",\"publisher\":{\"@id\":\"https:\\\/\\\/vanderloubet.com.br\\\/deputado\\\/#organization\"},\"alternateName\":\"Deputado Vander\",\"potentialAction\":[{\"@type\":\"SearchAction\",\"target\":{\"@type\":\"EntryPoint\",\"urlTemplate\":\"https:\\\/\\\/vanderloubet.com.br\\\/deputado\\\/?s={search_term_string}\"},\"query-input\":{\"@type\":\"PropertyValueSpecification\",\"valueRequired\":true,\"valueName\":\"search_term_string\"}}],\"inLanguage\":\"pt-BR\"},{\"@type\":\"Organization\",\"@id\":\"https:\\\/\\\/vanderloubet.com.br\\\/deputado\\\/#organization\",\"name\":\"Deputado Federal Vander Loubet\",\"alternateName\":\"Deputado Vander\",\"url\":\"https:\\\/\\\/vanderloubet.com.br\\\/deputado\\\/\",\"logo\":{\"@type\":\"ImageObject\",\"inLanguage\":\"pt-BR\",\"@id\":\"https:\\\/\\\/vanderloubet.com.br\\\/deputado\\\/#\\\/schema\\\/logo\\\/image\\\/\",\"url\":\"https:\\\/\\\/vanderloubet.com.br\\\/deputado\\\/wp-content\\\/uploads\\\/2023\\\/06\\\/foto-2023-06-19-mandato-deputado-vander.jpg\",\"contentUrl\":\"https:\\\/\\\/vanderloubet.com.br\\\/deputado\\\/wp-content\\\/uploads\\\/2023\\\/06\\\/foto-2023-06-19-mandato-deputado-vander.jpg\",\"width\":1080,\"height\":1080,\"caption\":\"Deputado Federal Vander Loubet\"},\"image\":{\"@id\":\"https:\\\/\\\/vanderloubet.com.br\\\/deputado\\\/#\\\/schema\\\/logo\\\/image\\\/\"},\"sameAs\":[\"https:\\\/\\\/facebook.com\\\/deputadovander\",\"https:\\\/\\\/x.com\\\/vanderloubet\",\"https:\\\/\\\/instagram.com\\\/vanderloubet\",\"https:\\\/\\\/youtube.com\\\/vanderloubet\",\"https:\\\/\\\/tiktok.com\\\/@vanderloubetms\"]},{\"@type\":\"Person\",\"@id\":\"https:\\\/\\\/vanderloubet.com.br\\\/deputado\\\/#\\\/schema\\\/person\\\/15b51bd564532a8a68d9dec1b8eb890e\",\"name\":\"\u00c9der\",\"image\":{\"@type\":\"ImageObject\",\"inLanguage\":\"pt-BR\",\"@id\":\"https:\\\/\\\/vanderloubet.com.br\\\/deputado\\\/wp-content\\\/litespeed\\\/avatar\\\/88ca4090d9d5ab1c9495f6ca03b68efa.jpg?ver=1777058957\",\"url\":\"https:\\\/\\\/vanderloubet.com.br\\\/deputado\\\/wp-content\\\/litespeed\\\/avatar\\\/88ca4090d9d5ab1c9495f6ca03b68efa.jpg?ver=1777058957\",\"contentUrl\":\"https:\\\/\\\/vanderloubet.com.br\\\/deputado\\\/wp-content\\\/litespeed\\\/avatar\\\/88ca4090d9d5ab1c9495f6ca03b68efa.jpg?ver=1777058957\",\"caption\":\"\u00c9der\"}}]}<\/script>\n<!-- \/ Yoast SEO plugin. -->","yoast_head_json":{"title":"Fazenda Buriti ser\u00e1 marco na solu\u00e7\u00e3o de conflitos, defende ministro da Justi\u00e7a","robots":{"index":"index","follow":"follow","max-snippet":"max-snippet:-1","max-image-preview":"max-image-preview:large","max-video-preview":"max-video-preview:-1"},"canonical":"https:\/\/vanderloubet.com.br\/deputado\/fazenda-buriti-sera-marco-na-solucao-de-conflitos-defende-ministro-da-justica\/","og_locale":"pt_BR","og_type":"article","og_title":"Fazenda Buriti ser\u00e1 marco na solu\u00e7\u00e3o de conflitos, defende ministro da Justi\u00e7a","og_description":"Durante audi\u00eancia com o ministro, governador Reinaldo e deputado Vander tamb\u00e9m trataram da seguran\u00e7a p\u00fablica na fronteira.","og_url":"https:\/\/vanderloubet.com.br\/deputado\/fazenda-buriti-sera-marco-na-solucao-de-conflitos-defende-ministro-da-justica\/","og_site_name":"Deputado Federal Vander Loubet","article_publisher":"https:\/\/facebook.com\/deputadovander","article_published_time":"2015-01-29T19:51:35+00:00","article_modified_time":"2015-02-06T01:49:29+00:00","og_image":[{"width":1200,"height":900,"url":"https:\/\/vanderloubet.com.br\/deputado\/wp-content\/uploads\/2015\/01\/foto-2015-01-29-audiencia-ministro-justica.jpg","type":"image\/jpeg"}],"author":"\u00c9der","twitter_card":"summary_large_image","twitter_creator":"@vanderloubet","twitter_site":"@vanderloubet","schema":{"@context":"https:\/\/schema.org","@graph":[{"@type":"Article","@id":"https:\/\/vanderloubet.com.br\/deputado\/fazenda-buriti-sera-marco-na-solucao-de-conflitos-defende-ministro-da-justica\/#article","isPartOf":{"@id":"https:\/\/vanderloubet.com.br\/deputado\/fazenda-buriti-sera-marco-na-solucao-de-conflitos-defende-ministro-da-justica\/"},"author":{"name":"\u00c9der","@id":"https:\/\/vanderloubet.com.br\/deputado\/#\/schema\/person\/15b51bd564532a8a68d9dec1b8eb890e"},"headline":"Fazenda Buriti ser\u00e1 marco na solu\u00e7\u00e3o de conflitos, defende ministro da Justi\u00e7a","datePublished":"2015-01-29T19:51:35+00:00","dateModified":"2015-02-06T01:49:29+00:00","mainEntityOfPage":{"@id":"https:\/\/vanderloubet.com.br\/deputado\/fazenda-buriti-sera-marco-na-solucao-de-conflitos-defende-ministro-da-justica\/"},"wordCount":645,"publisher":{"@id":"https:\/\/vanderloubet.com.br\/deputado\/#organization"},"image":{"@id":"https:\/\/vanderloubet.com.br\/deputado\/fazenda-buriti-sera-marco-na-solucao-de-conflitos-defende-ministro-da-justica\/#primaryimage"},"thumbnailUrl":"https:\/\/vanderloubet.com.br\/deputado\/wp-content\/uploads\/2015\/01\/foto-2015-01-29-audiencia-ministro-justica.jpg","keywords":["demarca\u00e7\u00e3o de terras","seguran\u00e7a p\u00fablica"],"articleSection":["Mato Grosso do Sul","Not\u00edcias"],"inLanguage":"pt-BR"},{"@type":"WebPage","@id":"https:\/\/vanderloubet.com.br\/deputado\/fazenda-buriti-sera-marco-na-solucao-de-conflitos-defende-ministro-da-justica\/","url":"https:\/\/vanderloubet.com.br\/deputado\/fazenda-buriti-sera-marco-na-solucao-de-conflitos-defende-ministro-da-justica\/","name":"Fazenda Buriti ser\u00e1 marco na solu\u00e7\u00e3o de conflitos, defende ministro da Justi\u00e7a","isPartOf":{"@id":"https:\/\/vanderloubet.com.br\/deputado\/#website"},"primaryImageOfPage":{"@id":"https:\/\/vanderloubet.com.br\/deputado\/fazenda-buriti-sera-marco-na-solucao-de-conflitos-defende-ministro-da-justica\/#primaryimage"},"image":{"@id":"https:\/\/vanderloubet.com.br\/deputado\/fazenda-buriti-sera-marco-na-solucao-de-conflitos-defende-ministro-da-justica\/#primaryimage"},"thumbnailUrl":"https:\/\/vanderloubet.com.br\/deputado\/wp-content\/uploads\/2015\/01\/foto-2015-01-29-audiencia-ministro-justica.jpg","datePublished":"2015-01-29T19:51:35+00:00","dateModified":"2015-02-06T01:49:29+00:00","breadcrumb":{"@id":"https:\/\/vanderloubet.com.br\/deputado\/fazenda-buriti-sera-marco-na-solucao-de-conflitos-defende-ministro-da-justica\/#breadcrumb"},"inLanguage":"pt-BR","potentialAction":[{"@type":"ReadAction","target":["https:\/\/vanderloubet.com.br\/deputado\/fazenda-buriti-sera-marco-na-solucao-de-conflitos-defende-ministro-da-justica\/"]}]},{"@type":"ImageObject","inLanguage":"pt-BR","@id":"https:\/\/vanderloubet.com.br\/deputado\/fazenda-buriti-sera-marco-na-solucao-de-conflitos-defende-ministro-da-justica\/#primaryimage","url":"https:\/\/vanderloubet.com.br\/deputado\/wp-content\/uploads\/2015\/01\/foto-2015-01-29-audiencia-ministro-justica.jpg","contentUrl":"https:\/\/vanderloubet.com.br\/deputado\/wp-content\/uploads\/2015\/01\/foto-2015-01-29-audiencia-ministro-justica.jpg","width":1200,"height":900,"caption":"Bancada federal acompanhou governador Reinaldo"},{"@type":"BreadcrumbList","@id":"https:\/\/vanderloubet.com.br\/deputado\/fazenda-buriti-sera-marco-na-solucao-de-conflitos-defende-ministro-da-justica\/#breadcrumb","itemListElement":[{"@type":"ListItem","position":1,"name":"In\u00edcio","item":"https:\/\/vanderloubet.com.br\/deputado\/"},{"@type":"ListItem","position":2,"name":"Fazenda Buriti ser\u00e1 marco na solu\u00e7\u00e3o de conflitos, defende ministro da Justi\u00e7a"}]},{"@type":"WebSite","@id":"https:\/\/vanderloubet.com.br\/deputado\/#website","url":"https:\/\/vanderloubet.com.br\/deputado\/","name":"Deputado Federal Vander Loubet","description":"O Federal de MS","publisher":{"@id":"https:\/\/vanderloubet.com.br\/deputado\/#organization"},"alternateName":"Deputado Vander","potentialAction":[{"@type":"SearchAction","target":{"@type":"EntryPoint","urlTemplate":"https:\/\/vanderloubet.com.br\/deputado\/?s={search_term_string}"},"query-input":{"@type":"PropertyValueSpecification","valueRequired":true,"valueName":"search_term_string"}}],"inLanguage":"pt-BR"},{"@type":"Organization","@id":"https:\/\/vanderloubet.com.br\/deputado\/#organization","name":"Deputado Federal Vander Loubet","alternateName":"Deputado Vander","url":"https:\/\/vanderloubet.com.br\/deputado\/","logo":{"@type":"ImageObject","inLanguage":"pt-BR","@id":"https:\/\/vanderloubet.com.br\/deputado\/#\/schema\/logo\/image\/","url":"https:\/\/vanderloubet.com.br\/deputado\/wp-content\/uploads\/2023\/06\/foto-2023-06-19-mandato-deputado-vander.jpg","contentUrl":"https:\/\/vanderloubet.com.br\/deputado\/wp-content\/uploads\/2023\/06\/foto-2023-06-19-mandato-deputado-vander.jpg","width":1080,"height":1080,"caption":"Deputado Federal Vander Loubet"},"image":{"@id":"https:\/\/vanderloubet.com.br\/deputado\/#\/schema\/logo\/image\/"},"sameAs":["https:\/\/facebook.com\/deputadovander","https:\/\/x.com\/vanderloubet","https:\/\/instagram.com\/vanderloubet","https:\/\/youtube.com\/vanderloubet","https:\/\/tiktok.com\/@vanderloubetms"]},{"@type":"Person","@id":"https:\/\/vanderloubet.com.br\/deputado\/#\/schema\/person\/15b51bd564532a8a68d9dec1b8eb890e","name":"\u00c9der","image":{"@type":"ImageObject","inLanguage":"pt-BR","@id":"https:\/\/vanderloubet.com.br\/deputado\/wp-content\/litespeed\/avatar\/88ca4090d9d5ab1c9495f6ca03b68efa.jpg?ver=1777058957","url":"https:\/\/vanderloubet.com.br\/deputado\/wp-content\/litespeed\/avatar\/88ca4090d9d5ab1c9495f6ca03b68efa.jpg?ver=1777058957","contentUrl":"https:\/\/vanderloubet.com.br\/deputado\/wp-content\/litespeed\/avatar\/88ca4090d9d5ab1c9495f6ca03b68efa.jpg?ver=1777058957","caption":"\u00c9der"}}]}},"jetpack_featured_media_url":"https:\/\/vanderloubet.com.br\/deputado\/wp-content\/uploads\/2015\/01\/foto-2015-01-29-audiencia-ministro-justica.jpg","jetpack_sharing_enabled":true,"_links":{"self":[{"href":"https:\/\/vanderloubet.com.br\/deputado\/wp-json\/wp\/v2\/posts\/8660","targetHints":{"allow":["GET"]}}],"collection":[{"href":"https:\/\/vanderloubet.com.br\/deputado\/wp-json\/wp\/v2\/posts"}],"about":[{"href":"https:\/\/vanderloubet.com.br\/deputado\/wp-json\/wp\/v2\/types\/post"}],"author":[{"embeddable":true,"href":"https:\/\/vanderloubet.com.br\/deputado\/wp-json\/wp\/v2\/users\/2"}],"replies":[{"embeddable":true,"href":"https:\/\/vanderloubet.com.br\/deputado\/wp-json\/wp\/v2\/comments?post=8660"}],"version-history":[{"count":0,"href":"https:\/\/vanderloubet.com.br\/deputado\/wp-json\/wp\/v2\/posts\/8660\/revisions"}],"wp:featuredmedia":[{"embeddable":true,"href":"https:\/\/vanderloubet.com.br\/deputado\/wp-json\/wp\/v2\/media\/8661"}],"wp:attachment":[{"href":"https:\/\/vanderloubet.com.br\/deputado\/wp-json\/wp\/v2\/media?parent=8660"}],"wp:term":[{"taxonomy":"category","embeddable":true,"href":"https:\/\/vanderloubet.com.br\/deputado\/wp-json\/wp\/v2\/categories?post=8660"},{"taxonomy":"post_tag","embeddable":true,"href":"https:\/\/vanderloubet.com.br\/deputado\/wp-json\/wp\/v2\/tags?post=8660"}],"curies":[{"name":"wp","href":"https:\/\/api.w.org\/{rel}","templated":true}]}}