{"id":8616,"date":"2014-10-10T12:16:25","date_gmt":"2014-10-10T15:16:25","guid":{"rendered":"http:\/\/vanderloubet.com.br\/deputado\/?p=8616"},"modified":"2015-02-05T23:26:47","modified_gmt":"2015-02-06T02:26:47","slug":"vander-participa-de-lancamento-de-servico-ao-usuario-da-ccr-na-br-163","status":"publish","type":"post","link":"https:\/\/vanderloubet.com.br\/deputado\/vander-participa-de-lancamento-de-servico-ao-usuario-da-ccr-na-br-163\/","title":{"rendered":"Vander participa de lan\u00e7amento de servi\u00e7o ao usu\u00e1rio da CCR na BR-163"},"content":{"rendered":"\r\n                <style type=\"text\/css\">\r\n                    \r\n                    #tdi_1  .td-doubleSlider-2 .td-item1 {\r\n                        background: url(https:\/\/vanderloubet.com.br\/deputado\/wp-content\/uploads\/2015\/01\/foto-2014-10-10-lancamento-sau-ccrmsvia-01-80x60.jpg) 0 0 no-repeat;\r\n                    }\r\n                    #tdi_1  .td-doubleSlider-2 .td-item2 {\r\n                        background: url(https:\/\/vanderloubet.com.br\/deputado\/wp-content\/uploads\/2015\/01\/foto-2014-10-10-lancamento-sau-ccrmsvia-02-80x60.jpg) 0 0 no-repeat;\r\n                    }\r\n                    #tdi_1  .td-doubleSlider-2 .td-item3 {\r\n                        background: url(https:\/\/vanderloubet.com.br\/deputado\/wp-content\/uploads\/2015\/01\/foto-2014-10-10-lancamento-sau-ccrmsvia-03-80x60.jpg) 0 0 no-repeat;\r\n                    }\r\n                    #tdi_1  .td-doubleSlider-2 .td-item4 {\r\n                        background: url(https:\/\/vanderloubet.com.br\/deputado\/wp-content\/uploads\/2015\/01\/foto-2014-10-10-lancamento-sau-ccrmsvia-04-80x60.jpg) 0 0 no-repeat;\r\n                    }\r\n                <\/style>\r\n\r\n                <div id=\"tdi_1\" class=\"td-gallery td-slide-on-2-columns\">\r\n                    <div class=\"post_td_gallery\">\r\n                        <div class=\"td-gallery-slide-top\">\r\n                           <div class=\"td-gallery-title\"><\/div>\r\n\r\n                            <div class=\"td-gallery-controls-wrapper\">\r\n                                <div class=\"td-gallery-slide-count\"><span class=\"td-gallery-slide-item-focus\">1<\/span> de 4<\/div>\r\n                                <div class=\"td-gallery-slide-prev-next-but\">\r\n                                    <i class = \"td-icon-left doubleSliderPrevButton\"><\/i>\r\n                                    <i class = \"td-icon-right doubleSliderNextButton\"><\/i>\r\n                                <\/div>\r\n                            <\/div>\r\n                        <\/div>\r\n\r\n                        <div class = \"td-doubleSlider-1 \">\r\n                            <div class = \"td-slider\">\r\n                                \r\n                    <div class = \"td-slide-item td-item1\">\r\n                        <figure class=\"td-slide-galery-figure td-slide-popup-gallery\">\r\n                            <a class=\"slide-gallery-image-link\" href=\"https:\/\/vanderloubet.com.br\/deputado\/wp-content\/uploads\/2015\/01\/foto-2014-10-10-lancamento-sau-ccrmsvia-01.jpg\" title=\"Vander cumprimentou profissionais das equipes do SAU\"  data-caption=\"\"  data-description=\"Vander cumprimentou profissionais das equipes do SAU\">\r\n                                <img decoding=\"async\" src=\"https:\/\/vanderloubet.com.br\/deputado\/wp-content\/uploads\/2015\/01\/foto-2014-10-10-lancamento-sau-ccrmsvia-01-719x420.jpg\" srcset=\"https:\/\/vanderloubet.com.br\/deputado\/wp-content\/uploads\/2015\/01\/foto-2014-10-10-lancamento-sau-ccrmsvia-01-719x420.jpg 719w, https:\/\/vanderloubet.com.br\/deputado\/wp-content\/uploads\/2015\/01\/foto-2014-10-10-lancamento-sau-ccrmsvia-01-350x205.jpg 350w, https:\/\/vanderloubet.com.br\/deputado\/wp-content\/uploads\/2015\/01\/foto-2014-10-10-lancamento-sau-ccrmsvia-01-768x449.jpg 768w, https:\/\/vanderloubet.com.br\/deputado\/wp-content\/uploads\/2015\/01\/foto-2014-10-10-lancamento-sau-ccrmsvia-01-700x409.jpg 700w, https:\/\/vanderloubet.com.br\/deputado\/wp-content\/uploads\/2015\/01\/foto-2014-10-10-lancamento-sau-ccrmsvia-01-1536x898.jpg 1536w, https:\/\/vanderloubet.com.br\/deputado\/wp-content\/uploads\/2015\/01\/foto-2014-10-10-lancamento-sau-ccrmsvia-01-696x407.jpg 696w, https:\/\/vanderloubet.com.br\/deputado\/wp-content\/uploads\/2015\/01\/foto-2014-10-10-lancamento-sau-ccrmsvia-01-1068x624.jpg 1068w, https:\/\/vanderloubet.com.br\/deputado\/wp-content\/uploads\/2015\/01\/foto-2014-10-10-lancamento-sau-ccrmsvia-01.jpg 1540w\" sizes=\"(max-width: 719px) 100vw, 719px\" alt=\"Vander cumprimentou profissionais das equipes do SAU\">\r\n                            <\/a>\r\n                            <figcaption class = \"td-slide-caption td-gallery-slide-content\"><span>Vander cumprimentou profissionais das equipes do SAU<\/span><\/figcaption>\r\n                        <\/figure>\r\n                    <\/div>\r\n                    <div class = \"td-slide-item td-item2\">\r\n                        <figure class=\"td-slide-galery-figure td-slide-popup-gallery\">\r\n                            <a class=\"slide-gallery-image-link\" href=\"https:\/\/vanderloubet.com.br\/deputado\/wp-content\/uploads\/2015\/01\/foto-2014-10-10-lancamento-sau-ccrmsvia-02.jpg\" title=\"Ao lado do ministro S\u00e9rgio Passos, Vander conheceu as unidades do SAU\"  data-caption=\"\"  data-description=\"Ao lado do ministro S&eacute;rgio Passos, Vander conheceu as unidades do SAU\">\r\n                                <img decoding=\"async\" src=\"https:\/\/vanderloubet.com.br\/deputado\/wp-content\/uploads\/2015\/01\/foto-2014-10-10-lancamento-sau-ccrmsvia-02-543x420.jpg\" srcset=\"https:\/\/vanderloubet.com.br\/deputado\/wp-content\/uploads\/2015\/01\/foto-2014-10-10-lancamento-sau-ccrmsvia-02-543x420.jpg 543w, https:\/\/vanderloubet.com.br\/deputado\/wp-content\/uploads\/2015\/01\/foto-2014-10-10-lancamento-sau-ccrmsvia-02-350x271.jpg 350w, https:\/\/vanderloubet.com.br\/deputado\/wp-content\/uploads\/2015\/01\/foto-2014-10-10-lancamento-sau-ccrmsvia-02-768x594.jpg 768w, https:\/\/vanderloubet.com.br\/deputado\/wp-content\/uploads\/2015\/01\/foto-2014-10-10-lancamento-sau-ccrmsvia-02-700x542.jpg 700w, https:\/\/vanderloubet.com.br\/deputado\/wp-content\/uploads\/2015\/01\/foto-2014-10-10-lancamento-sau-ccrmsvia-02-696x539.jpg 696w, https:\/\/vanderloubet.com.br\/deputado\/wp-content\/uploads\/2015\/01\/foto-2014-10-10-lancamento-sau-ccrmsvia-02.jpg 1040w\" sizes=\"(max-width: 543px) 100vw, 543px\" alt=\"Ao lado do ministro S&eacute;rgio Passos, Vander conheceu as unidades do SAU\">\r\n                            <\/a>\r\n                            <figcaption class = \"td-slide-caption td-gallery-slide-content\"><span>Ao lado do ministro S\u00e9rgio Passos, Vander conheceu as unidades do SAU<\/span><\/figcaption>\r\n                        <\/figure>\r\n                    <\/div>\r\n                    <div class = \"td-slide-item td-item3\">\r\n                        <figure class=\"td-slide-galery-figure td-slide-popup-gallery\">\r\n                            <a class=\"slide-gallery-image-link\" href=\"https:\/\/vanderloubet.com.br\/deputado\/wp-content\/uploads\/2015\/01\/foto-2014-10-10-lancamento-sau-ccrmsvia-03.jpg\" title=\"Equipes de atendimento do SAU\"  data-caption=\"\"  data-description=\"Equipes de atendimento do SAU\">\r\n                                <img decoding=\"async\" src=\"https:\/\/vanderloubet.com.br\/deputado\/wp-content\/uploads\/2015\/01\/foto-2014-10-10-lancamento-sau-ccrmsvia-03-630x420.jpg\" srcset=\"https:\/\/vanderloubet.com.br\/deputado\/wp-content\/uploads\/2015\/01\/foto-2014-10-10-lancamento-sau-ccrmsvia-03-630x420.jpg 630w, https:\/\/vanderloubet.com.br\/deputado\/wp-content\/uploads\/2015\/01\/foto-2014-10-10-lancamento-sau-ccrmsvia-03-350x233.jpg 350w, https:\/\/vanderloubet.com.br\/deputado\/wp-content\/uploads\/2015\/01\/foto-2014-10-10-lancamento-sau-ccrmsvia-03-768x512.jpg 768w, https:\/\/vanderloubet.com.br\/deputado\/wp-content\/uploads\/2015\/01\/foto-2014-10-10-lancamento-sau-ccrmsvia-03-700x467.jpg 700w, https:\/\/vanderloubet.com.br\/deputado\/wp-content\/uploads\/2015\/01\/foto-2014-10-10-lancamento-sau-ccrmsvia-03-696x464.jpg 696w, https:\/\/vanderloubet.com.br\/deputado\/wp-content\/uploads\/2015\/01\/foto-2014-10-10-lancamento-sau-ccrmsvia-03.jpg 1000w\" sizes=\"(max-width: 630px) 100vw, 630px\" alt=\"Equipes de atendimento do SAU\">\r\n                            <\/a>\r\n                            <figcaption class = \"td-slide-caption td-gallery-slide-content\"><span>Equipes de atendimento do SAU<\/span><\/figcaption>\r\n                        <\/figure>\r\n                    <\/div>\r\n                    <div class = \"td-slide-item td-item4\">\r\n                        <figure class=\"td-slide-galery-figure td-slide-popup-gallery\">\r\n                            <a class=\"slide-gallery-image-link\" href=\"https:\/\/vanderloubet.com.br\/deputado\/wp-content\/uploads\/2015\/01\/foto-2014-10-10-lancamento-sau-ccrmsvia-04.jpg\" title=\"foto-2014-10-10-lancamento-sau-ccrmsvia-04\"  data-caption=\"\"  data-description=\"Equipes de atendimento m&eacute;dico do SAU\">\r\n                                <img decoding=\"async\" src=\"https:\/\/vanderloubet.com.br\/deputado\/wp-content\/uploads\/2015\/01\/foto-2014-10-10-lancamento-sau-ccrmsvia-04-630x420.jpg\" srcset=\"https:\/\/vanderloubet.com.br\/deputado\/wp-content\/uploads\/2015\/01\/foto-2014-10-10-lancamento-sau-ccrmsvia-04-630x420.jpg 630w, https:\/\/vanderloubet.com.br\/deputado\/wp-content\/uploads\/2015\/01\/foto-2014-10-10-lancamento-sau-ccrmsvia-04-350x233.jpg 350w, https:\/\/vanderloubet.com.br\/deputado\/wp-content\/uploads\/2015\/01\/foto-2014-10-10-lancamento-sau-ccrmsvia-04-768x512.jpg 768w, https:\/\/vanderloubet.com.br\/deputado\/wp-content\/uploads\/2015\/01\/foto-2014-10-10-lancamento-sau-ccrmsvia-04-700x467.jpg 700w, https:\/\/vanderloubet.com.br\/deputado\/wp-content\/uploads\/2015\/01\/foto-2014-10-10-lancamento-sau-ccrmsvia-04-696x464.jpg 696w, https:\/\/vanderloubet.com.br\/deputado\/wp-content\/uploads\/2015\/01\/foto-2014-10-10-lancamento-sau-ccrmsvia-04.jpg 1000w\" sizes=\"(max-width: 630px) 100vw, 630px\" alt=\"Equipes de atendimento m&eacute;dico do SAU\">\r\n                            <\/a>\r\n                            <figcaption class = \"td-slide-caption td-gallery-slide-content\"><span>Equipes de atendimento m\u00e9dico do SAU<\/span><\/figcaption>\r\n                        <\/figure>\r\n                    <\/div>\r\n                            <\/div>\r\n                        <\/div>\r\n\r\n                        <div class = \"td-doubleSlider-2\">\r\n                            <div class = \"td-slider\">\r\n                                \r\n                    <div class = \"td-button td-item1\">\r\n                        <div class = \"td-border\"><\/div>\r\n                    <\/div>\r\n                    <div class = \"td-button td-item2\">\r\n                        <div class = \"td-border\"><\/div>\r\n                    <\/div>\r\n                    <div class = \"td-button td-item3\">\r\n                        <div class = \"td-border\"><\/div>\r\n                    <\/div>\r\n                    <div class = \"td-button td-item4\">\r\n                        <div class = \"td-border\"><\/div>\r\n                    <\/div>\r\n                            <\/div>\r\n                        <\/div>\r\n\r\n                    <\/div>\r\n\r\n                <\/div>\r\n                \n<p>O ministro dos Transportes, Paulo S\u00e9rgio Passos, participou na quinta-feira (9), em Campo Grande (MS), do evento de lan\u00e7amento oficial do Servi\u00e7o de Atendimento ao Usu\u00e1rio (SAU), da concession\u00e1ria CCR MSVia, que administra a BR-163 no estado. O SAU entra em opera\u00e7\u00e3o no pr\u00f3ximo dia 11. O evento foi realizado no Centro de Conven\u00e7\u00f5es Rubens Gil de Camillo e contou ainda com a presen\u00e7a do deputado federal Vander Loubet, do diretor geral da ANTT (Ag\u00eancia Nacional de Transportes Terrestres), Jorge Luiz Macedo Bastos, e do governador do Estado, Andr\u00e9 Puccinelli.<\/p>\n<p>\u201cAl\u00e9m da duplica\u00e7\u00e3o total da rodovia, que deve ficar pronta em cinco anos, o SAU vai ser, sem d\u00favida, um dos maiores benef\u00edcios da concess\u00e3o porque vai permitir melhor atendimento em casos de acidentes. Afinal, o objetivo maior da concessao da BR-163 \u00e9 salvar vidas\u201d, defendeu o deputado Vander, que conheceu as viaturas e as equipes da CCR MSVia ao lado do ministro e do diretor da ANTT.<\/p>\n<p>O SAU, criado exclusivamente para atender aos motoristas, passageiros e pedestres que transitam pela BR-163 em MS, envolver\u00e1 cerca de 500 colaboradores, dos quais 259 s\u00e3o profissionais especializados na \u00e1rea de atendimento pr\u00e9-hospitalar (sendo 35 m\u00e9dicos em plant\u00f5es de 24 horas). As equipes trabalhar\u00e3o distribu\u00eddas por 17 bases operacionais localizadas, em m\u00e9dia, a cada 50 quil\u00f4metros da rodovia, e v\u00e3o operar em regime de turnos para dar assist\u00eancia na rodovia 24 horas por dia, todos os dias da semana.<\/p>\n<p><strong>De norte a sul<\/strong> \u2013 Com 847,2 quil\u00f4metros de extens\u00e3o, a BR-163 em MS atravessa 20 munic\u00edpios, entre eles a Capital, Campo Grande, ligando o estado de norte a sul. A primeira fase da duplica\u00e7\u00e3o, cerca de 81 quil\u00f4metros, dever\u00e1 ser executada em at\u00e9 18 meses. Nesse intervalo de tempo, \u00e9 realizada uma etapa chamada Trabalhos Iniciais, que envolve a\u00e7\u00f5es de corre\u00e7\u00e3o de desn\u00edveis, reparos localizados e recomposi\u00e7\u00e3o emergencial do pavimento, recomposi\u00e7\u00e3o de faixas e placas de sinaliza\u00e7\u00e3o, reparos e recupera\u00e7\u00e3o de viadutos e pontes e limpeza e desobstru\u00e7\u00e3o de sistemas de drenagem, entre outras.<\/p>\n<p><em>(\u00c9der Yanaguita &#8211; Ascom\/Deputado Vander)<\/em><\/p>\n","protected":false},"excerpt":{"rendered":"<p>&#8220;O SAU vai ser um dos maiores benef\u00edcios da concess\u00e3o porque vai permitir melhor atendimento em casos de acidentes&#8221;, defendeu o deputado.<\/p>\n","protected":false},"author":2,"featured_media":8620,"comment_status":"closed","ping_status":"closed","sticky":false,"template":"","format":"standard","meta":{"jetpack_post_was_ever_published":false,"_jetpack_newsletter_access":"","_jetpack_dont_email_post_to_subs":false,"_jetpack_newsletter_tier_id":0,"_jetpack_memberships_contains_paywalled_content":false,"_jetpack_memberships_contains_paid_content":false,"footnotes":""},"categories":[2099,10],"tags":[493,1973],"class_list":{"0":"post-8616","1":"post","2":"type-post","3":"status-publish","4":"format-standard","5":"has-post-thumbnail","7":"category-ms-noticias","8":"category-noticias","9":"tag-concessao","10":"tag-transportes"},"yoast_head":"<!-- This site is optimized with the Yoast SEO plugin v27.4 - https:\/\/yoast.com\/product\/yoast-seo-wordpress\/ -->\n<title>Vander participa de lan\u00e7amento de servi\u00e7o ao usu\u00e1rio da CCR na BR-163<\/title>\n<meta name=\"robots\" content=\"index, follow, max-snippet:-1, max-image-preview:large, max-video-preview:-1\" \/>\n<link rel=\"canonical\" href=\"https:\/\/vanderloubet.com.br\/deputado\/vander-participa-de-lancamento-de-servico-ao-usuario-da-ccr-na-br-163\/\" \/>\n<meta property=\"og:locale\" content=\"pt_BR\" \/>\n<meta property=\"og:type\" content=\"article\" \/>\n<meta property=\"og:title\" content=\"Vander participa de lan\u00e7amento de servi\u00e7o ao usu\u00e1rio da CCR na BR-163\" \/>\n<meta property=\"og:description\" content=\"&quot;O SAU vai ser um dos maiores benef\u00edcios da concess\u00e3o porque vai permitir melhor atendimento em casos de acidentes&quot;, defendeu o deputado.\" \/>\n<meta property=\"og:url\" content=\"https:\/\/vanderloubet.com.br\/deputado\/vander-participa-de-lancamento-de-servico-ao-usuario-da-ccr-na-br-163\/\" \/>\n<meta property=\"og:site_name\" content=\"Deputado Federal Vander Loubet\" \/>\n<meta property=\"article:publisher\" content=\"https:\/\/facebook.com\/deputadovander\" \/>\n<meta property=\"article:published_time\" content=\"2014-10-10T15:16:25+00:00\" \/>\n<meta property=\"article:modified_time\" content=\"2015-02-06T02:26:47+00:00\" \/>\n<meta property=\"og:image\" content=\"https:\/\/vanderloubet.com.br\/deputado\/wp-content\/uploads\/2015\/01\/foto-2014-10-10-lancamento-sau-ccrmsvia-04.jpg\" \/>\n\t<meta property=\"og:image:width\" content=\"1000\" \/>\n\t<meta property=\"og:image:height\" content=\"667\" \/>\n\t<meta property=\"og:image:type\" content=\"image\/jpeg\" \/>\n<meta name=\"author\" content=\"\u00c9der\" \/>\n<meta name=\"twitter:card\" content=\"summary_large_image\" \/>\n<meta name=\"twitter:creator\" content=\"@vanderloubet\" \/>\n<meta name=\"twitter:site\" content=\"@vanderloubet\" \/>\n<script type=\"application\/ld+json\" class=\"yoast-schema-graph\">{\"@context\":\"https:\\\/\\\/schema.org\",\"@graph\":[{\"@type\":\"Article\",\"@id\":\"https:\\\/\\\/vanderloubet.com.br\\\/deputado\\\/vander-participa-de-lancamento-de-servico-ao-usuario-da-ccr-na-br-163\\\/#article\",\"isPartOf\":{\"@id\":\"https:\\\/\\\/vanderloubet.com.br\\\/deputado\\\/vander-participa-de-lancamento-de-servico-ao-usuario-da-ccr-na-br-163\\\/\"},\"author\":{\"name\":\"\u00c9der\",\"@id\":\"https:\\\/\\\/vanderloubet.com.br\\\/deputado\\\/#\\\/schema\\\/person\\\/15b51bd564532a8a68d9dec1b8eb890e\"},\"headline\":\"Vander participa de lan\u00e7amento de servi\u00e7o ao usu\u00e1rio da CCR na BR-163\",\"datePublished\":\"2014-10-10T15:16:25+00:00\",\"dateModified\":\"2015-02-06T02:26:47+00:00\",\"mainEntityOfPage\":{\"@id\":\"https:\\\/\\\/vanderloubet.com.br\\\/deputado\\\/vander-participa-de-lancamento-de-servico-ao-usuario-da-ccr-na-br-163\\\/\"},\"wordCount\":388,\"publisher\":{\"@id\":\"https:\\\/\\\/vanderloubet.com.br\\\/deputado\\\/#organization\"},\"image\":{\"@id\":\"https:\\\/\\\/vanderloubet.com.br\\\/deputado\\\/vander-participa-de-lancamento-de-servico-ao-usuario-da-ccr-na-br-163\\\/#primaryimage\"},\"thumbnailUrl\":\"https:\\\/\\\/vanderloubet.com.br\\\/deputado\\\/wp-content\\\/uploads\\\/2015\\\/01\\\/foto-2014-10-10-lancamento-sau-ccrmsvia-04.jpg\",\"keywords\":[\"concess\u00e3o\",\"transportes\"],\"articleSection\":[\"Mato Grosso do Sul\",\"Not\u00edcias\"],\"inLanguage\":\"pt-BR\"},{\"@type\":\"WebPage\",\"@id\":\"https:\\\/\\\/vanderloubet.com.br\\\/deputado\\\/vander-participa-de-lancamento-de-servico-ao-usuario-da-ccr-na-br-163\\\/\",\"url\":\"https:\\\/\\\/vanderloubet.com.br\\\/deputado\\\/vander-participa-de-lancamento-de-servico-ao-usuario-da-ccr-na-br-163\\\/\",\"name\":\"Vander participa de lan\u00e7amento de servi\u00e7o ao usu\u00e1rio da CCR na BR-163\",\"isPartOf\":{\"@id\":\"https:\\\/\\\/vanderloubet.com.br\\\/deputado\\\/#website\"},\"primaryImageOfPage\":{\"@id\":\"https:\\\/\\\/vanderloubet.com.br\\\/deputado\\\/vander-participa-de-lancamento-de-servico-ao-usuario-da-ccr-na-br-163\\\/#primaryimage\"},\"image\":{\"@id\":\"https:\\\/\\\/vanderloubet.com.br\\\/deputado\\\/vander-participa-de-lancamento-de-servico-ao-usuario-da-ccr-na-br-163\\\/#primaryimage\"},\"thumbnailUrl\":\"https:\\\/\\\/vanderloubet.com.br\\\/deputado\\\/wp-content\\\/uploads\\\/2015\\\/01\\\/foto-2014-10-10-lancamento-sau-ccrmsvia-04.jpg\",\"datePublished\":\"2014-10-10T15:16:25+00:00\",\"dateModified\":\"2015-02-06T02:26:47+00:00\",\"breadcrumb\":{\"@id\":\"https:\\\/\\\/vanderloubet.com.br\\\/deputado\\\/vander-participa-de-lancamento-de-servico-ao-usuario-da-ccr-na-br-163\\\/#breadcrumb\"},\"inLanguage\":\"pt-BR\",\"potentialAction\":[{\"@type\":\"ReadAction\",\"target\":[\"https:\\\/\\\/vanderloubet.com.br\\\/deputado\\\/vander-participa-de-lancamento-de-servico-ao-usuario-da-ccr-na-br-163\\\/\"]}]},{\"@type\":\"ImageObject\",\"inLanguage\":\"pt-BR\",\"@id\":\"https:\\\/\\\/vanderloubet.com.br\\\/deputado\\\/vander-participa-de-lancamento-de-servico-ao-usuario-da-ccr-na-br-163\\\/#primaryimage\",\"url\":\"https:\\\/\\\/vanderloubet.com.br\\\/deputado\\\/wp-content\\\/uploads\\\/2015\\\/01\\\/foto-2014-10-10-lancamento-sau-ccrmsvia-04.jpg\",\"contentUrl\":\"https:\\\/\\\/vanderloubet.com.br\\\/deputado\\\/wp-content\\\/uploads\\\/2015\\\/01\\\/foto-2014-10-10-lancamento-sau-ccrmsvia-04.jpg\",\"width\":1000,\"height\":667,\"caption\":\"Equipes de atendimento m\u00e9dico do SAU\"},{\"@type\":\"BreadcrumbList\",\"@id\":\"https:\\\/\\\/vanderloubet.com.br\\\/deputado\\\/vander-participa-de-lancamento-de-servico-ao-usuario-da-ccr-na-br-163\\\/#breadcrumb\",\"itemListElement\":[{\"@type\":\"ListItem\",\"position\":1,\"name\":\"In\u00edcio\",\"item\":\"https:\\\/\\\/vanderloubet.com.br\\\/deputado\\\/\"},{\"@type\":\"ListItem\",\"position\":2,\"name\":\"Vander participa de lan\u00e7amento de servi\u00e7o ao usu\u00e1rio da CCR na BR-163\"}]},{\"@type\":\"WebSite\",\"@id\":\"https:\\\/\\\/vanderloubet.com.br\\\/deputado\\\/#website\",\"url\":\"https:\\\/\\\/vanderloubet.com.br\\\/deputado\\\/\",\"name\":\"Deputado Federal Vander Loubet\",\"description\":\"O Federal de MS\",\"publisher\":{\"@id\":\"https:\\\/\\\/vanderloubet.com.br\\\/deputado\\\/#organization\"},\"alternateName\":\"Deputado Vander\",\"potentialAction\":[{\"@type\":\"SearchAction\",\"target\":{\"@type\":\"EntryPoint\",\"urlTemplate\":\"https:\\\/\\\/vanderloubet.com.br\\\/deputado\\\/?s={search_term_string}\"},\"query-input\":{\"@type\":\"PropertyValueSpecification\",\"valueRequired\":true,\"valueName\":\"search_term_string\"}}],\"inLanguage\":\"pt-BR\"},{\"@type\":\"Organization\",\"@id\":\"https:\\\/\\\/vanderloubet.com.br\\\/deputado\\\/#organization\",\"name\":\"Deputado Federal Vander Loubet\",\"alternateName\":\"Deputado Vander\",\"url\":\"https:\\\/\\\/vanderloubet.com.br\\\/deputado\\\/\",\"logo\":{\"@type\":\"ImageObject\",\"inLanguage\":\"pt-BR\",\"@id\":\"https:\\\/\\\/vanderloubet.com.br\\\/deputado\\\/#\\\/schema\\\/logo\\\/image\\\/\",\"url\":\"https:\\\/\\\/vanderloubet.com.br\\\/deputado\\\/wp-content\\\/uploads\\\/2023\\\/06\\\/foto-2023-06-19-mandato-deputado-vander.jpg\",\"contentUrl\":\"https:\\\/\\\/vanderloubet.com.br\\\/deputado\\\/wp-content\\\/uploads\\\/2023\\\/06\\\/foto-2023-06-19-mandato-deputado-vander.jpg\",\"width\":1080,\"height\":1080,\"caption\":\"Deputado Federal Vander Loubet\"},\"image\":{\"@id\":\"https:\\\/\\\/vanderloubet.com.br\\\/deputado\\\/#\\\/schema\\\/logo\\\/image\\\/\"},\"sameAs\":[\"https:\\\/\\\/facebook.com\\\/deputadovander\",\"https:\\\/\\\/x.com\\\/vanderloubet\",\"https:\\\/\\\/instagram.com\\\/vanderloubet\",\"https:\\\/\\\/youtube.com\\\/vanderloubet\",\"https:\\\/\\\/tiktok.com\\\/@vanderloubetms\"]},{\"@type\":\"Person\",\"@id\":\"https:\\\/\\\/vanderloubet.com.br\\\/deputado\\\/#\\\/schema\\\/person\\\/15b51bd564532a8a68d9dec1b8eb890e\",\"name\":\"\u00c9der\",\"image\":{\"@type\":\"ImageObject\",\"inLanguage\":\"pt-BR\",\"@id\":\"https:\\\/\\\/vanderloubet.com.br\\\/deputado\\\/wp-content\\\/litespeed\\\/avatar\\\/88ca4090d9d5ab1c9495f6ca03b68efa.jpg?ver=1777058957\",\"url\":\"https:\\\/\\\/vanderloubet.com.br\\\/deputado\\\/wp-content\\\/litespeed\\\/avatar\\\/88ca4090d9d5ab1c9495f6ca03b68efa.jpg?ver=1777058957\",\"contentUrl\":\"https:\\\/\\\/vanderloubet.com.br\\\/deputado\\\/wp-content\\\/litespeed\\\/avatar\\\/88ca4090d9d5ab1c9495f6ca03b68efa.jpg?ver=1777058957\",\"caption\":\"\u00c9der\"}}]}<\/script>\n<!-- \/ Yoast SEO plugin. -->","yoast_head_json":{"title":"Vander participa de lan\u00e7amento de servi\u00e7o ao usu\u00e1rio da CCR na BR-163","robots":{"index":"index","follow":"follow","max-snippet":"max-snippet:-1","max-image-preview":"max-image-preview:large","max-video-preview":"max-video-preview:-1"},"canonical":"https:\/\/vanderloubet.com.br\/deputado\/vander-participa-de-lancamento-de-servico-ao-usuario-da-ccr-na-br-163\/","og_locale":"pt_BR","og_type":"article","og_title":"Vander participa de lan\u00e7amento de servi\u00e7o ao usu\u00e1rio da CCR na BR-163","og_description":"\"O SAU vai ser um dos maiores benef\u00edcios da concess\u00e3o porque vai permitir melhor atendimento em casos de acidentes\", defendeu o deputado.","og_url":"https:\/\/vanderloubet.com.br\/deputado\/vander-participa-de-lancamento-de-servico-ao-usuario-da-ccr-na-br-163\/","og_site_name":"Deputado Federal Vander Loubet","article_publisher":"https:\/\/facebook.com\/deputadovander","article_published_time":"2014-10-10T15:16:25+00:00","article_modified_time":"2015-02-06T02:26:47+00:00","og_image":[{"width":1000,"height":667,"url":"https:\/\/vanderloubet.com.br\/deputado\/wp-content\/uploads\/2015\/01\/foto-2014-10-10-lancamento-sau-ccrmsvia-04.jpg","type":"image\/jpeg"}],"author":"\u00c9der","twitter_card":"summary_large_image","twitter_creator":"@vanderloubet","twitter_site":"@vanderloubet","schema":{"@context":"https:\/\/schema.org","@graph":[{"@type":"Article","@id":"https:\/\/vanderloubet.com.br\/deputado\/vander-participa-de-lancamento-de-servico-ao-usuario-da-ccr-na-br-163\/#article","isPartOf":{"@id":"https:\/\/vanderloubet.com.br\/deputado\/vander-participa-de-lancamento-de-servico-ao-usuario-da-ccr-na-br-163\/"},"author":{"name":"\u00c9der","@id":"https:\/\/vanderloubet.com.br\/deputado\/#\/schema\/person\/15b51bd564532a8a68d9dec1b8eb890e"},"headline":"Vander participa de lan\u00e7amento de servi\u00e7o ao usu\u00e1rio da CCR na BR-163","datePublished":"2014-10-10T15:16:25+00:00","dateModified":"2015-02-06T02:26:47+00:00","mainEntityOfPage":{"@id":"https:\/\/vanderloubet.com.br\/deputado\/vander-participa-de-lancamento-de-servico-ao-usuario-da-ccr-na-br-163\/"},"wordCount":388,"publisher":{"@id":"https:\/\/vanderloubet.com.br\/deputado\/#organization"},"image":{"@id":"https:\/\/vanderloubet.com.br\/deputado\/vander-participa-de-lancamento-de-servico-ao-usuario-da-ccr-na-br-163\/#primaryimage"},"thumbnailUrl":"https:\/\/vanderloubet.com.br\/deputado\/wp-content\/uploads\/2015\/01\/foto-2014-10-10-lancamento-sau-ccrmsvia-04.jpg","keywords":["concess\u00e3o","transportes"],"articleSection":["Mato Grosso do Sul","Not\u00edcias"],"inLanguage":"pt-BR"},{"@type":"WebPage","@id":"https:\/\/vanderloubet.com.br\/deputado\/vander-participa-de-lancamento-de-servico-ao-usuario-da-ccr-na-br-163\/","url":"https:\/\/vanderloubet.com.br\/deputado\/vander-participa-de-lancamento-de-servico-ao-usuario-da-ccr-na-br-163\/","name":"Vander participa de lan\u00e7amento de servi\u00e7o ao usu\u00e1rio da CCR na BR-163","isPartOf":{"@id":"https:\/\/vanderloubet.com.br\/deputado\/#website"},"primaryImageOfPage":{"@id":"https:\/\/vanderloubet.com.br\/deputado\/vander-participa-de-lancamento-de-servico-ao-usuario-da-ccr-na-br-163\/#primaryimage"},"image":{"@id":"https:\/\/vanderloubet.com.br\/deputado\/vander-participa-de-lancamento-de-servico-ao-usuario-da-ccr-na-br-163\/#primaryimage"},"thumbnailUrl":"https:\/\/vanderloubet.com.br\/deputado\/wp-content\/uploads\/2015\/01\/foto-2014-10-10-lancamento-sau-ccrmsvia-04.jpg","datePublished":"2014-10-10T15:16:25+00:00","dateModified":"2015-02-06T02:26:47+00:00","breadcrumb":{"@id":"https:\/\/vanderloubet.com.br\/deputado\/vander-participa-de-lancamento-de-servico-ao-usuario-da-ccr-na-br-163\/#breadcrumb"},"inLanguage":"pt-BR","potentialAction":[{"@type":"ReadAction","target":["https:\/\/vanderloubet.com.br\/deputado\/vander-participa-de-lancamento-de-servico-ao-usuario-da-ccr-na-br-163\/"]}]},{"@type":"ImageObject","inLanguage":"pt-BR","@id":"https:\/\/vanderloubet.com.br\/deputado\/vander-participa-de-lancamento-de-servico-ao-usuario-da-ccr-na-br-163\/#primaryimage","url":"https:\/\/vanderloubet.com.br\/deputado\/wp-content\/uploads\/2015\/01\/foto-2014-10-10-lancamento-sau-ccrmsvia-04.jpg","contentUrl":"https:\/\/vanderloubet.com.br\/deputado\/wp-content\/uploads\/2015\/01\/foto-2014-10-10-lancamento-sau-ccrmsvia-04.jpg","width":1000,"height":667,"caption":"Equipes de atendimento m\u00e9dico do SAU"},{"@type":"BreadcrumbList","@id":"https:\/\/vanderloubet.com.br\/deputado\/vander-participa-de-lancamento-de-servico-ao-usuario-da-ccr-na-br-163\/#breadcrumb","itemListElement":[{"@type":"ListItem","position":1,"name":"In\u00edcio","item":"https:\/\/vanderloubet.com.br\/deputado\/"},{"@type":"ListItem","position":2,"name":"Vander participa de lan\u00e7amento de servi\u00e7o ao usu\u00e1rio da CCR na BR-163"}]},{"@type":"WebSite","@id":"https:\/\/vanderloubet.com.br\/deputado\/#website","url":"https:\/\/vanderloubet.com.br\/deputado\/","name":"Deputado Federal Vander Loubet","description":"O Federal de MS","publisher":{"@id":"https:\/\/vanderloubet.com.br\/deputado\/#organization"},"alternateName":"Deputado Vander","potentialAction":[{"@type":"SearchAction","target":{"@type":"EntryPoint","urlTemplate":"https:\/\/vanderloubet.com.br\/deputado\/?s={search_term_string}"},"query-input":{"@type":"PropertyValueSpecification","valueRequired":true,"valueName":"search_term_string"}}],"inLanguage":"pt-BR"},{"@type":"Organization","@id":"https:\/\/vanderloubet.com.br\/deputado\/#organization","name":"Deputado Federal Vander Loubet","alternateName":"Deputado Vander","url":"https:\/\/vanderloubet.com.br\/deputado\/","logo":{"@type":"ImageObject","inLanguage":"pt-BR","@id":"https:\/\/vanderloubet.com.br\/deputado\/#\/schema\/logo\/image\/","url":"https:\/\/vanderloubet.com.br\/deputado\/wp-content\/uploads\/2023\/06\/foto-2023-06-19-mandato-deputado-vander.jpg","contentUrl":"https:\/\/vanderloubet.com.br\/deputado\/wp-content\/uploads\/2023\/06\/foto-2023-06-19-mandato-deputado-vander.jpg","width":1080,"height":1080,"caption":"Deputado Federal Vander Loubet"},"image":{"@id":"https:\/\/vanderloubet.com.br\/deputado\/#\/schema\/logo\/image\/"},"sameAs":["https:\/\/facebook.com\/deputadovander","https:\/\/x.com\/vanderloubet","https:\/\/instagram.com\/vanderloubet","https:\/\/youtube.com\/vanderloubet","https:\/\/tiktok.com\/@vanderloubetms"]},{"@type":"Person","@id":"https:\/\/vanderloubet.com.br\/deputado\/#\/schema\/person\/15b51bd564532a8a68d9dec1b8eb890e","name":"\u00c9der","image":{"@type":"ImageObject","inLanguage":"pt-BR","@id":"https:\/\/vanderloubet.com.br\/deputado\/wp-content\/litespeed\/avatar\/88ca4090d9d5ab1c9495f6ca03b68efa.jpg?ver=1777058957","url":"https:\/\/vanderloubet.com.br\/deputado\/wp-content\/litespeed\/avatar\/88ca4090d9d5ab1c9495f6ca03b68efa.jpg?ver=1777058957","contentUrl":"https:\/\/vanderloubet.com.br\/deputado\/wp-content\/litespeed\/avatar\/88ca4090d9d5ab1c9495f6ca03b68efa.jpg?ver=1777058957","caption":"\u00c9der"}}]}},"jetpack_featured_media_url":"https:\/\/vanderloubet.com.br\/deputado\/wp-content\/uploads\/2015\/01\/foto-2014-10-10-lancamento-sau-ccrmsvia-04.jpg","jetpack_sharing_enabled":true,"_links":{"self":[{"href":"https:\/\/vanderloubet.com.br\/deputado\/wp-json\/wp\/v2\/posts\/8616","targetHints":{"allow":["GET"]}}],"collection":[{"href":"https:\/\/vanderloubet.com.br\/deputado\/wp-json\/wp\/v2\/posts"}],"about":[{"href":"https:\/\/vanderloubet.com.br\/deputado\/wp-json\/wp\/v2\/types\/post"}],"author":[{"embeddable":true,"href":"https:\/\/vanderloubet.com.br\/deputado\/wp-json\/wp\/v2\/users\/2"}],"replies":[{"embeddable":true,"href":"https:\/\/vanderloubet.com.br\/deputado\/wp-json\/wp\/v2\/comments?post=8616"}],"version-history":[{"count":0,"href":"https:\/\/vanderloubet.com.br\/deputado\/wp-json\/wp\/v2\/posts\/8616\/revisions"}],"wp:featuredmedia":[{"embeddable":true,"href":"https:\/\/vanderloubet.com.br\/deputado\/wp-json\/wp\/v2\/media\/8620"}],"wp:attachment":[{"href":"https:\/\/vanderloubet.com.br\/deputado\/wp-json\/wp\/v2\/media?parent=8616"}],"wp:term":[{"taxonomy":"category","embeddable":true,"href":"https:\/\/vanderloubet.com.br\/deputado\/wp-json\/wp\/v2\/categories?post=8616"},{"taxonomy":"post_tag","embeddable":true,"href":"https:\/\/vanderloubet.com.br\/deputado\/wp-json\/wp\/v2\/tags?post=8616"}],"curies":[{"name":"wp","href":"https:\/\/api.w.org\/{rel}","templated":true}]}}