{"id":8605,"date":"2014-12-01T14:18:56","date_gmt":"2014-12-01T17:18:56","guid":{"rendered":"http:\/\/vanderloubet.com.br\/deputado\/?p=8605"},"modified":"2015-02-05T23:23:04","modified_gmt":"2015-02-06T02:23:04","slug":"ferrovia-sp-ms-esta-em-fase-de-complementacao-de-estudos-informa-antt","status":"publish","type":"post","link":"https:\/\/vanderloubet.com.br\/deputado\/ferrovia-sp-ms-esta-em-fase-de-complementacao-de-estudos-informa-antt\/","title":{"rendered":"Ferrovia SP-MS est\u00e1 em fase de complementa\u00e7\u00e3o de estudos, informa ANTT"},"content":{"rendered":"<figure id=\"attachment_8606\" aria-describedby=\"caption-attachment-8606\" style=\"width: 700px\" class=\"wp-caption alignnone\"><img decoding=\"async\" class=\"wp-image-8606 size-large\" title=\"Diretor da ANTT e Vander reunidos em Bras\u00edlia\" src=\"http:\/\/vanderloubet.com.br\/deputado\/wp-content\/uploads\/2015\/01\/foto-2013-03-31-vander-loubet-jorge-bastos-antt-700x467.jpg\" alt=\"Diretor da ANTT e Vander reunidos em Bras\u00edlia\" width=\"700\" height=\"467\" srcset=\"https:\/\/vanderloubet.com.br\/deputado\/wp-content\/uploads\/2015\/01\/foto-2013-03-31-vander-loubet-jorge-bastos-antt-700x467.jpg 700w, https:\/\/vanderloubet.com.br\/deputado\/wp-content\/uploads\/2015\/01\/foto-2013-03-31-vander-loubet-jorge-bastos-antt-350x233.jpg 350w, https:\/\/vanderloubet.com.br\/deputado\/wp-content\/uploads\/2015\/01\/foto-2013-03-31-vander-loubet-jorge-bastos-antt-768x512.jpg 768w, https:\/\/vanderloubet.com.br\/deputado\/wp-content\/uploads\/2015\/01\/foto-2013-03-31-vander-loubet-jorge-bastos-antt-630x420.jpg 630w, https:\/\/vanderloubet.com.br\/deputado\/wp-content\/uploads\/2015\/01\/foto-2013-03-31-vander-loubet-jorge-bastos-antt-696x464.jpg 696w, https:\/\/vanderloubet.com.br\/deputado\/wp-content\/uploads\/2015\/01\/foto-2013-03-31-vander-loubet-jorge-bastos-antt.jpg 900w\" sizes=\"(max-width: 700px) 100vw, 700px\" \/><figcaption id=\"caption-attachment-8606\" class=\"wp-caption-text\">Diretor da ANTT e Vander reunidos em Bras\u00edlia<\/figcaption><\/figure>\n<p>Em gest\u00f5es realizadas junto \u00e0 Ag\u00eancia Nacional de Transportes Terrestres (ANTT), o deputado federal Vander Loubet (PT-MS) tem procurado acompanhar os projetos de constru\u00e7\u00e3o e concess\u00e3o de ferrovias inseridos no Programa de Investimento em Log\u00edstica (PIL), lan\u00e7ado pelo Governo Federal em agosto de 2012.<\/p>\n<p>No m\u00eas de novembro, Vander questionou a Ag\u00eancia sobre a situa\u00e7\u00e3o do ramal Estrela d\u2019Oeste\/SP-Dourados\/MS. De acordo com o diretor-geral da ANTT, Jorge Bastos, o trecho da ferrovia est\u00e1 em Processo de Manifesta\u00e7\u00e3o de Interesse (PMI).<\/p>\n<p>O PMI \u00e9 um instrumento previsto no Decreto n\u00ba 5.977, de 1\u00ba de dezembro de 2006, pelo qual o setor p\u00fablico obt\u00e9m, de consultores externos ou das empresas interessadas em disputar futuros contratos de concess\u00e3o, estudos de viabilidade sobre projetos de infraestrutura. O PMI funciona como uma complementa\u00e7\u00e3o dos estudos realizados pelo setor p\u00fablico.<\/p>\n<p>\u201cEssa \u00e9 provavelmente a \u00faltima etapa antes que o Governo prepare o edital de concess\u00e3o dessa ferrovia. \u00c9 uma obra muito aguardada pelo setor produtivo do nosso estado porque vai dinamizar a log\u00edstica, vai agilizar o escoamento da nossa produ\u00e7\u00e3o para os grandes portos do pa\u00eds. E isso \u00e9 fundamental para reduzir o custo com frete, para baratear o pre\u00e7o final dos produtos que s\u00e3o exportados por MS\u201d, pontuou Vander.<\/p>\n\r\n                <style type=\"text\/css\">\r\n                    \r\n                    #tdi_1  .td-doubleSlider-2 .td-item1 {\r\n                        background: url(https:\/\/vanderloubet.com.br\/deputado\/wp-content\/uploads\/2015\/01\/foto-2014-12-01-mapa-concessoes-ferrovias-80x60.jpg) 0 0 no-repeat;\r\n                    }\r\n                    #tdi_1  .td-doubleSlider-2 .td-item2 {\r\n                        background: url(https:\/\/vanderloubet.com.br\/deputado\/wp-content\/uploads\/2015\/01\/foto-2014-12-01-mapa-ferrovia-sp-ms-80x60.jpg) 0 0 no-repeat;\r\n                    }\r\n                    #tdi_1  .td-doubleSlider-2 .td-item3 {\r\n                        background: url(https:\/\/vanderloubet.com.br\/deputado\/wp-content\/uploads\/2015\/01\/foto-2014-12-01-mapa-ferrovia-ms-pr-80x60.jpg) 0 0 no-repeat;\r\n                    }\r\n                <\/style>\r\n\r\n                <div id=\"tdi_1\" class=\"td-gallery td-slide-on-2-columns\">\r\n                    <div class=\"post_td_gallery\">\r\n                        <div class=\"td-gallery-slide-top\">\r\n                           <div class=\"td-gallery-title\"><\/div>\r\n\r\n                            <div class=\"td-gallery-controls-wrapper\">\r\n                                <div class=\"td-gallery-slide-count\"><span class=\"td-gallery-slide-item-focus\">1<\/span> de 3<\/div>\r\n                                <div class=\"td-gallery-slide-prev-next-but\">\r\n                                    <i class = \"td-icon-left doubleSliderPrevButton\"><\/i>\r\n                                    <i class = \"td-icon-right doubleSliderNextButton\"><\/i>\r\n                                <\/div>\r\n                            <\/div>\r\n                        <\/div>\r\n\r\n                        <div class = \"td-doubleSlider-1 \">\r\n                            <div class = \"td-slider\">\r\n                                \r\n                    <div class = \"td-slide-item td-item1\">\r\n                        <figure class=\"td-slide-galery-figure td-slide-popup-gallery\">\r\n                            <a class=\"slide-gallery-image-link\" href=\"https:\/\/vanderloubet.com.br\/deputado\/wp-content\/uploads\/2015\/01\/foto-2014-12-01-mapa-concessoes-ferrovias.jpg\" title=\"Mapa de ferrovias do PIL em 2013\"  data-caption=\"\"  data-description=\"Mapa de ferrovias do PIL em 2013\">\r\n                                <img decoding=\"async\" src=\"https:\/\/vanderloubet.com.br\/deputado\/wp-content\/uploads\/2015\/01\/foto-2014-12-01-mapa-concessoes-ferrovias-438x420.jpg\" srcset=\"https:\/\/vanderloubet.com.br\/deputado\/wp-content\/uploads\/2015\/01\/foto-2014-12-01-mapa-concessoes-ferrovias-438x420.jpg 438w, https:\/\/vanderloubet.com.br\/deputado\/wp-content\/uploads\/2015\/01\/foto-2014-12-01-mapa-concessoes-ferrovias-350x335.jpg 350w, https:\/\/vanderloubet.com.br\/deputado\/wp-content\/uploads\/2015\/01\/foto-2014-12-01-mapa-concessoes-ferrovias-768x736.jpg 768w, https:\/\/vanderloubet.com.br\/deputado\/wp-content\/uploads\/2015\/01\/foto-2014-12-01-mapa-concessoes-ferrovias-700x671.jpg 700w, https:\/\/vanderloubet.com.br\/deputado\/wp-content\/uploads\/2015\/01\/foto-2014-12-01-mapa-concessoes-ferrovias-696x667.jpg 696w, https:\/\/vanderloubet.com.br\/deputado\/wp-content\/uploads\/2015\/01\/foto-2014-12-01-mapa-concessoes-ferrovias-1068x1024.jpg 1068w, https:\/\/vanderloubet.com.br\/deputado\/wp-content\/uploads\/2015\/01\/foto-2014-12-01-mapa-concessoes-ferrovias.jpg 1200w\" sizes=\"(max-width: 438px) 100vw, 438px\" alt=\"Mapa de ferrovias do PIL em 2013\">\r\n                            <\/a>\r\n                            <figcaption class = \"td-slide-caption td-gallery-slide-content\"><span>Mapa de ferrovias do PIL em 2013<\/span><\/figcaption>\r\n                        <\/figure>\r\n                    <\/div>\r\n                    <div class = \"td-slide-item td-item2\">\r\n                        <figure class=\"td-slide-galery-figure td-slide-popup-gallery\">\r\n                            <a class=\"slide-gallery-image-link\" href=\"https:\/\/vanderloubet.com.br\/deputado\/wp-content\/uploads\/2015\/01\/foto-2014-12-01-mapa-ferrovia-sp-ms.jpg\" title=\"Ferrovia ligando Estrela d\u2019Oeste (SP) e Dourados (MS)\"  data-caption=\"\"  data-description=\"Ferrovia ligando Estrela d&rsquo;Oeste (SP) e Dourados (MS)\">\r\n                                <img decoding=\"async\" src=\"https:\/\/vanderloubet.com.br\/deputado\/wp-content\/uploads\/2015\/01\/foto-2014-12-01-mapa-ferrovia-sp-ms-646x420.jpg\" srcset=\"https:\/\/vanderloubet.com.br\/deputado\/wp-content\/uploads\/2015\/01\/foto-2014-12-01-mapa-ferrovia-sp-ms-646x420.jpg 646w, https:\/\/vanderloubet.com.br\/deputado\/wp-content\/uploads\/2015\/01\/foto-2014-12-01-mapa-ferrovia-sp-ms-350x228.jpg 350w, https:\/\/vanderloubet.com.br\/deputado\/wp-content\/uploads\/2015\/01\/foto-2014-12-01-mapa-ferrovia-sp-ms-768x499.jpg 768w, https:\/\/vanderloubet.com.br\/deputado\/wp-content\/uploads\/2015\/01\/foto-2014-12-01-mapa-ferrovia-sp-ms-700x455.jpg 700w, https:\/\/vanderloubet.com.br\/deputado\/wp-content\/uploads\/2015\/01\/foto-2014-12-01-mapa-ferrovia-sp-ms-696x452.jpg 696w, https:\/\/vanderloubet.com.br\/deputado\/wp-content\/uploads\/2015\/01\/foto-2014-12-01-mapa-ferrovia-sp-ms-1068x694.jpg 1068w, https:\/\/vanderloubet.com.br\/deputado\/wp-content\/uploads\/2015\/01\/foto-2014-12-01-mapa-ferrovia-sp-ms.jpg 1200w\" sizes=\"(max-width: 646px) 100vw, 646px\" alt=\"Ferrovia ligando Estrela d&rsquo;Oeste (SP) e Dourados (MS)\">\r\n                            <\/a>\r\n                            <figcaption class = \"td-slide-caption td-gallery-slide-content\"><span>Ferrovia ligando Estrela d\u2019Oeste (SP) e Dourados (MS)<\/span><\/figcaption>\r\n                        <\/figure>\r\n                    <\/div>\r\n                    <div class = \"td-slide-item td-item3\">\r\n                        <figure class=\"td-slide-galery-figure td-slide-popup-gallery\">\r\n                            <a class=\"slide-gallery-image-link\" href=\"https:\/\/vanderloubet.com.br\/deputado\/wp-content\/uploads\/2015\/01\/foto-2014-12-01-mapa-ferrovia-ms-pr.jpg\" title=\"Ferrovia entre Maracaju (MS) e Lapa (PR)\"  data-caption=\"\"  data-description=\"Ferrovia entre Maracaju (MS) e Lapa (PR)\">\r\n                                <img decoding=\"async\" src=\"https:\/\/vanderloubet.com.br\/deputado\/wp-content\/uploads\/2015\/01\/foto-2014-12-01-mapa-ferrovia-ms-pr-420x420.jpg\" srcset=\"https:\/\/vanderloubet.com.br\/deputado\/wp-content\/uploads\/2015\/01\/foto-2014-12-01-mapa-ferrovia-ms-pr-420x420.jpg 420w, https:\/\/vanderloubet.com.br\/deputado\/wp-content\/uploads\/2015\/01\/foto-2014-12-01-mapa-ferrovia-ms-pr-150x150.jpg 150w, https:\/\/vanderloubet.com.br\/deputado\/wp-content\/uploads\/2015\/01\/foto-2014-12-01-mapa-ferrovia-ms-pr-350x350.jpg 350w, https:\/\/vanderloubet.com.br\/deputado\/wp-content\/uploads\/2015\/01\/foto-2014-12-01-mapa-ferrovia-ms-pr-768x768.jpg 768w, https:\/\/vanderloubet.com.br\/deputado\/wp-content\/uploads\/2015\/01\/foto-2014-12-01-mapa-ferrovia-ms-pr-700x700.jpg 700w, https:\/\/vanderloubet.com.br\/deputado\/wp-content\/uploads\/2015\/01\/foto-2014-12-01-mapa-ferrovia-ms-pr-696x696.jpg 696w, https:\/\/vanderloubet.com.br\/deputado\/wp-content\/uploads\/2015\/01\/foto-2014-12-01-mapa-ferrovia-ms-pr-1068x1068.jpg 1068w, https:\/\/vanderloubet.com.br\/deputado\/wp-content\/uploads\/2015\/01\/foto-2014-12-01-mapa-ferrovia-ms-pr.jpg 1200w\" sizes=\"(max-width: 420px) 100vw, 420px\" alt=\"Ferrovia entre Maracaju (MS) e Lapa (PR)\">\r\n                            <\/a>\r\n                            <figcaption class = \"td-slide-caption td-gallery-slide-content\"><span>Ferrovia entre Maracaju (MS) e Lapa (PR)<\/span><\/figcaption>\r\n                        <\/figure>\r\n                    <\/div>\r\n                            <\/div>\r\n                        <\/div>\r\n\r\n                        <div class = \"td-doubleSlider-2\">\r\n                            <div class = \"td-slider\">\r\n                                \r\n                    <div class = \"td-button td-item1\">\r\n                        <div class = \"td-border\"><\/div>\r\n                    <\/div>\r\n                    <div class = \"td-button td-item2\">\r\n                        <div class = \"td-border\"><\/div>\r\n                    <\/div>\r\n                    <div class = \"td-button td-item3\">\r\n                        <div class = \"td-border\"><\/div>\r\n                    <\/div>\r\n                            <\/div>\r\n                        <\/div>\r\n\r\n                    <\/div>\r\n\r\n                <\/div>\r\n                \n<p><strong>Interliga\u00e7\u00e3o<\/strong> \u2013 Em Mato Grosso do Sul, dois lotes fazem parte das concess\u00f5es a serem leiloadas pelo Governo Federal: a ferrovia Estrela d\u2019Oeste\/SP-Dourados\/MS e a ferrovia Maracaju\/MS-Lapa\/PR.<\/p>\n<p>O projeto da ferrovia An\u00e1polis-Estrela d\u2019Oeste-Panorama-Dourados tem uma extens\u00e3o aproximada de 1.300 km. A concess\u00e3o do servi\u00e7o p\u00fablico de explora\u00e7\u00e3o da ferrovia vai compreender a constru\u00e7\u00e3o apenas do trecho Estrela D\u2019Oeste-Panorama-Dourados, j\u00e1 que o trecho An\u00e1polis-Estrela d\u2019Oeste (681,6 km) est\u00e1 em constru\u00e7\u00e3o pela Valec, empresa p\u00fablica controlada pelo Minist\u00e9rio dos Transportes.<\/p>\n<p>Al\u00e9m de Dourados, o tra\u00e7ado deve passar pelos munic\u00edpios sul-mato-grossenses de Deod\u00e1polis, Ang\u00e9lica, Nova Andradina, Bataguassu, Santa Rita do Pardo, Brasil\u00e2ndia, Tr\u00eas Lagoas e Eldorado.<\/p>\n<p>A ferrovia An\u00e1polis-Dourados ser\u00e1 integrada \u00e0 Ferrovia Norte-Sul, cujo trecho, quando completo, vai interligar o interior do Brasil aos portos de Bel\u00e9m (PA), S\u00e3o Lu\u00eds (MA), Santos (SP), Rio de Janeiro (RJ) e Rio Grande (RS). Al\u00e9m disso, futuramente, a Norte-Sul deve se conectar \u00e0 Ferrovia Ferroeste e essa interliga\u00e7\u00e3o atingir\u00e1 tamb\u00e9m o Porto de Paranagu\u00e1 (PR).<\/p>\n<p>J\u00e1 a concess\u00e3o da ferrovia Maracaju-Lapa envolve a constru\u00e7\u00e3o de 989 km de trilhos. O trecho integrar\u00e1 justamente a Ferroeste, que cruza o Paran\u00e1 de leste a oeste, e permitir\u00e1 a inteliga\u00e7\u00e3o ao Porto de Paranagu\u00e1. O tra\u00e7ado em Mato Grosso do Sul, a partir de Maracaju, deve incluir os munic\u00edpios de Itapor\u00e3, Dourados, Caarap\u00f3, Amambai, Iguatemi, Eldorado e Mundo Novo.<\/p>\n<p><em>(\u00c9der Yanaguita &#8211; Ascom\/Deputado Vander)<\/em><\/p>\n","protected":false},"excerpt":{"rendered":"<p>Em MS, al\u00e9m da ferrovia Estrela d&#8217;Oeste\/SP-Dourados\/MS, tamb\u00e9m est\u00e1 nos planos do Governo Federal a ferrovia Maracaju\/MS-Lapa\/PR.<\/p>\n","protected":false},"author":2,"featured_media":8607,"comment_status":"closed","ping_status":"closed","sticky":false,"template":"","format":"standard","meta":{"jetpack_post_was_ever_published":false,"_jetpack_newsletter_access":"","_jetpack_dont_email_post_to_subs":false,"_jetpack_newsletter_tier_id":0,"_jetpack_memberships_contains_paywalled_content":false,"_jetpack_memberships_contains_paid_content":false,"footnotes":""},"categories":[2099,10],"tags":[493,1973],"class_list":{"0":"post-8605","1":"post","2":"type-post","3":"status-publish","4":"format-standard","5":"has-post-thumbnail","7":"category-ms-noticias","8":"category-noticias","9":"tag-concessao","10":"tag-transportes"},"yoast_head":"<!-- This site is optimized with the Yoast SEO plugin v27.4 - https:\/\/yoast.com\/product\/yoast-seo-wordpress\/ -->\n<title>Ferrovia SP-MS est\u00e1 em fase de complementa\u00e7\u00e3o de estudos, informa ANTT<\/title>\n<meta name=\"robots\" content=\"index, follow, max-snippet:-1, max-image-preview:large, max-video-preview:-1\" \/>\n<link rel=\"canonical\" href=\"https:\/\/vanderloubet.com.br\/deputado\/ferrovia-sp-ms-esta-em-fase-de-complementacao-de-estudos-informa-antt\/\" \/>\n<meta property=\"og:locale\" content=\"pt_BR\" \/>\n<meta property=\"og:type\" content=\"article\" \/>\n<meta property=\"og:title\" content=\"Ferrovia SP-MS est\u00e1 em fase de complementa\u00e7\u00e3o de estudos, informa ANTT\" \/>\n<meta property=\"og:description\" content=\"Em MS, al\u00e9m da ferrovia Estrela d&#039;Oeste\/SP-Dourados\/MS, tamb\u00e9m est\u00e1 nos planos do Governo Federal a ferrovia Maracaju\/MS-Lapa\/PR.\" \/>\n<meta property=\"og:url\" content=\"https:\/\/vanderloubet.com.br\/deputado\/ferrovia-sp-ms-esta-em-fase-de-complementacao-de-estudos-informa-antt\/\" \/>\n<meta property=\"og:site_name\" content=\"Deputado Federal Vander Loubet\" \/>\n<meta property=\"article:publisher\" content=\"https:\/\/facebook.com\/deputadovander\" \/>\n<meta property=\"article:published_time\" content=\"2014-12-01T17:18:56+00:00\" \/>\n<meta property=\"article:modified_time\" content=\"2015-02-06T02:23:04+00:00\" \/>\n<meta property=\"og:image\" content=\"https:\/\/vanderloubet.com.br\/deputado\/wp-content\/uploads\/2015\/01\/foto-2014-12-01-mapa-concessoes-ferrovias.jpg\" \/>\n\t<meta property=\"og:image:width\" content=\"1200\" \/>\n\t<meta property=\"og:image:height\" content=\"1150\" \/>\n\t<meta property=\"og:image:type\" content=\"image\/jpeg\" \/>\n<meta name=\"author\" content=\"\u00c9der\" \/>\n<meta name=\"twitter:card\" content=\"summary_large_image\" \/>\n<meta name=\"twitter:creator\" content=\"@vanderloubet\" \/>\n<meta name=\"twitter:site\" content=\"@vanderloubet\" \/>\n<script type=\"application\/ld+json\" class=\"yoast-schema-graph\">{\"@context\":\"https:\\\/\\\/schema.org\",\"@graph\":[{\"@type\":\"Article\",\"@id\":\"https:\\\/\\\/vanderloubet.com.br\\\/deputado\\\/ferrovia-sp-ms-esta-em-fase-de-complementacao-de-estudos-informa-antt\\\/#article\",\"isPartOf\":{\"@id\":\"https:\\\/\\\/vanderloubet.com.br\\\/deputado\\\/ferrovia-sp-ms-esta-em-fase-de-complementacao-de-estudos-informa-antt\\\/\"},\"author\":{\"name\":\"\u00c9der\",\"@id\":\"https:\\\/\\\/vanderloubet.com.br\\\/deputado\\\/#\\\/schema\\\/person\\\/15b51bd564532a8a68d9dec1b8eb890e\"},\"headline\":\"Ferrovia SP-MS est\u00e1 em fase de complementa\u00e7\u00e3o de estudos, informa ANTT\",\"datePublished\":\"2014-12-01T17:18:56+00:00\",\"dateModified\":\"2015-02-06T02:23:04+00:00\",\"mainEntityOfPage\":{\"@id\":\"https:\\\/\\\/vanderloubet.com.br\\\/deputado\\\/ferrovia-sp-ms-esta-em-fase-de-complementacao-de-estudos-informa-antt\\\/\"},\"wordCount\":521,\"publisher\":{\"@id\":\"https:\\\/\\\/vanderloubet.com.br\\\/deputado\\\/#organization\"},\"image\":{\"@id\":\"https:\\\/\\\/vanderloubet.com.br\\\/deputado\\\/ferrovia-sp-ms-esta-em-fase-de-complementacao-de-estudos-informa-antt\\\/#primaryimage\"},\"thumbnailUrl\":\"https:\\\/\\\/vanderloubet.com.br\\\/deputado\\\/wp-content\\\/uploads\\\/2015\\\/01\\\/foto-2014-12-01-mapa-concessoes-ferrovias.jpg\",\"keywords\":[\"concess\u00e3o\",\"transportes\"],\"articleSection\":[\"Mato Grosso do Sul\",\"Not\u00edcias\"],\"inLanguage\":\"pt-BR\"},{\"@type\":\"WebPage\",\"@id\":\"https:\\\/\\\/vanderloubet.com.br\\\/deputado\\\/ferrovia-sp-ms-esta-em-fase-de-complementacao-de-estudos-informa-antt\\\/\",\"url\":\"https:\\\/\\\/vanderloubet.com.br\\\/deputado\\\/ferrovia-sp-ms-esta-em-fase-de-complementacao-de-estudos-informa-antt\\\/\",\"name\":\"Ferrovia SP-MS est\u00e1 em fase de complementa\u00e7\u00e3o de estudos, informa ANTT\",\"isPartOf\":{\"@id\":\"https:\\\/\\\/vanderloubet.com.br\\\/deputado\\\/#website\"},\"primaryImageOfPage\":{\"@id\":\"https:\\\/\\\/vanderloubet.com.br\\\/deputado\\\/ferrovia-sp-ms-esta-em-fase-de-complementacao-de-estudos-informa-antt\\\/#primaryimage\"},\"image\":{\"@id\":\"https:\\\/\\\/vanderloubet.com.br\\\/deputado\\\/ferrovia-sp-ms-esta-em-fase-de-complementacao-de-estudos-informa-antt\\\/#primaryimage\"},\"thumbnailUrl\":\"https:\\\/\\\/vanderloubet.com.br\\\/deputado\\\/wp-content\\\/uploads\\\/2015\\\/01\\\/foto-2014-12-01-mapa-concessoes-ferrovias.jpg\",\"datePublished\":\"2014-12-01T17:18:56+00:00\",\"dateModified\":\"2015-02-06T02:23:04+00:00\",\"breadcrumb\":{\"@id\":\"https:\\\/\\\/vanderloubet.com.br\\\/deputado\\\/ferrovia-sp-ms-esta-em-fase-de-complementacao-de-estudos-informa-antt\\\/#breadcrumb\"},\"inLanguage\":\"pt-BR\",\"potentialAction\":[{\"@type\":\"ReadAction\",\"target\":[\"https:\\\/\\\/vanderloubet.com.br\\\/deputado\\\/ferrovia-sp-ms-esta-em-fase-de-complementacao-de-estudos-informa-antt\\\/\"]}]},{\"@type\":\"ImageObject\",\"inLanguage\":\"pt-BR\",\"@id\":\"https:\\\/\\\/vanderloubet.com.br\\\/deputado\\\/ferrovia-sp-ms-esta-em-fase-de-complementacao-de-estudos-informa-antt\\\/#primaryimage\",\"url\":\"https:\\\/\\\/vanderloubet.com.br\\\/deputado\\\/wp-content\\\/uploads\\\/2015\\\/01\\\/foto-2014-12-01-mapa-concessoes-ferrovias.jpg\",\"contentUrl\":\"https:\\\/\\\/vanderloubet.com.br\\\/deputado\\\/wp-content\\\/uploads\\\/2015\\\/01\\\/foto-2014-12-01-mapa-concessoes-ferrovias.jpg\",\"width\":1200,\"height\":1150,\"caption\":\"Mapa de ferrovias do PIL em 2013\"},{\"@type\":\"BreadcrumbList\",\"@id\":\"https:\\\/\\\/vanderloubet.com.br\\\/deputado\\\/ferrovia-sp-ms-esta-em-fase-de-complementacao-de-estudos-informa-antt\\\/#breadcrumb\",\"itemListElement\":[{\"@type\":\"ListItem\",\"position\":1,\"name\":\"In\u00edcio\",\"item\":\"https:\\\/\\\/vanderloubet.com.br\\\/deputado\\\/\"},{\"@type\":\"ListItem\",\"position\":2,\"name\":\"Ferrovia SP-MS est\u00e1 em fase de complementa\u00e7\u00e3o de estudos, informa ANTT\"}]},{\"@type\":\"WebSite\",\"@id\":\"https:\\\/\\\/vanderloubet.com.br\\\/deputado\\\/#website\",\"url\":\"https:\\\/\\\/vanderloubet.com.br\\\/deputado\\\/\",\"name\":\"Deputado Federal Vander Loubet\",\"description\":\"O Federal de MS\",\"publisher\":{\"@id\":\"https:\\\/\\\/vanderloubet.com.br\\\/deputado\\\/#organization\"},\"alternateName\":\"Deputado Vander\",\"potentialAction\":[{\"@type\":\"SearchAction\",\"target\":{\"@type\":\"EntryPoint\",\"urlTemplate\":\"https:\\\/\\\/vanderloubet.com.br\\\/deputado\\\/?s={search_term_string}\"},\"query-input\":{\"@type\":\"PropertyValueSpecification\",\"valueRequired\":true,\"valueName\":\"search_term_string\"}}],\"inLanguage\":\"pt-BR\"},{\"@type\":\"Organization\",\"@id\":\"https:\\\/\\\/vanderloubet.com.br\\\/deputado\\\/#organization\",\"name\":\"Deputado Federal Vander Loubet\",\"alternateName\":\"Deputado Vander\",\"url\":\"https:\\\/\\\/vanderloubet.com.br\\\/deputado\\\/\",\"logo\":{\"@type\":\"ImageObject\",\"inLanguage\":\"pt-BR\",\"@id\":\"https:\\\/\\\/vanderloubet.com.br\\\/deputado\\\/#\\\/schema\\\/logo\\\/image\\\/\",\"url\":\"https:\\\/\\\/vanderloubet.com.br\\\/deputado\\\/wp-content\\\/uploads\\\/2023\\\/06\\\/foto-2023-06-19-mandato-deputado-vander.jpg\",\"contentUrl\":\"https:\\\/\\\/vanderloubet.com.br\\\/deputado\\\/wp-content\\\/uploads\\\/2023\\\/06\\\/foto-2023-06-19-mandato-deputado-vander.jpg\",\"width\":1080,\"height\":1080,\"caption\":\"Deputado Federal Vander Loubet\"},\"image\":{\"@id\":\"https:\\\/\\\/vanderloubet.com.br\\\/deputado\\\/#\\\/schema\\\/logo\\\/image\\\/\"},\"sameAs\":[\"https:\\\/\\\/facebook.com\\\/deputadovander\",\"https:\\\/\\\/x.com\\\/vanderloubet\",\"https:\\\/\\\/instagram.com\\\/vanderloubet\",\"https:\\\/\\\/youtube.com\\\/vanderloubet\",\"https:\\\/\\\/tiktok.com\\\/@vanderloubetms\"]},{\"@type\":\"Person\",\"@id\":\"https:\\\/\\\/vanderloubet.com.br\\\/deputado\\\/#\\\/schema\\\/person\\\/15b51bd564532a8a68d9dec1b8eb890e\",\"name\":\"\u00c9der\",\"image\":{\"@type\":\"ImageObject\",\"inLanguage\":\"pt-BR\",\"@id\":\"https:\\\/\\\/vanderloubet.com.br\\\/deputado\\\/wp-content\\\/litespeed\\\/avatar\\\/88ca4090d9d5ab1c9495f6ca03b68efa.jpg?ver=1777058957\",\"url\":\"https:\\\/\\\/vanderloubet.com.br\\\/deputado\\\/wp-content\\\/litespeed\\\/avatar\\\/88ca4090d9d5ab1c9495f6ca03b68efa.jpg?ver=1777058957\",\"contentUrl\":\"https:\\\/\\\/vanderloubet.com.br\\\/deputado\\\/wp-content\\\/litespeed\\\/avatar\\\/88ca4090d9d5ab1c9495f6ca03b68efa.jpg?ver=1777058957\",\"caption\":\"\u00c9der\"}}]}<\/script>\n<!-- \/ Yoast SEO plugin. -->","yoast_head_json":{"title":"Ferrovia SP-MS est\u00e1 em fase de complementa\u00e7\u00e3o de estudos, informa ANTT","robots":{"index":"index","follow":"follow","max-snippet":"max-snippet:-1","max-image-preview":"max-image-preview:large","max-video-preview":"max-video-preview:-1"},"canonical":"https:\/\/vanderloubet.com.br\/deputado\/ferrovia-sp-ms-esta-em-fase-de-complementacao-de-estudos-informa-antt\/","og_locale":"pt_BR","og_type":"article","og_title":"Ferrovia SP-MS est\u00e1 em fase de complementa\u00e7\u00e3o de estudos, informa ANTT","og_description":"Em MS, al\u00e9m da ferrovia Estrela d'Oeste\/SP-Dourados\/MS, tamb\u00e9m est\u00e1 nos planos do Governo Federal a ferrovia Maracaju\/MS-Lapa\/PR.","og_url":"https:\/\/vanderloubet.com.br\/deputado\/ferrovia-sp-ms-esta-em-fase-de-complementacao-de-estudos-informa-antt\/","og_site_name":"Deputado Federal Vander Loubet","article_publisher":"https:\/\/facebook.com\/deputadovander","article_published_time":"2014-12-01T17:18:56+00:00","article_modified_time":"2015-02-06T02:23:04+00:00","og_image":[{"width":1200,"height":1150,"url":"https:\/\/vanderloubet.com.br\/deputado\/wp-content\/uploads\/2015\/01\/foto-2014-12-01-mapa-concessoes-ferrovias.jpg","type":"image\/jpeg"}],"author":"\u00c9der","twitter_card":"summary_large_image","twitter_creator":"@vanderloubet","twitter_site":"@vanderloubet","schema":{"@context":"https:\/\/schema.org","@graph":[{"@type":"Article","@id":"https:\/\/vanderloubet.com.br\/deputado\/ferrovia-sp-ms-esta-em-fase-de-complementacao-de-estudos-informa-antt\/#article","isPartOf":{"@id":"https:\/\/vanderloubet.com.br\/deputado\/ferrovia-sp-ms-esta-em-fase-de-complementacao-de-estudos-informa-antt\/"},"author":{"name":"\u00c9der","@id":"https:\/\/vanderloubet.com.br\/deputado\/#\/schema\/person\/15b51bd564532a8a68d9dec1b8eb890e"},"headline":"Ferrovia SP-MS est\u00e1 em fase de complementa\u00e7\u00e3o de estudos, informa ANTT","datePublished":"2014-12-01T17:18:56+00:00","dateModified":"2015-02-06T02:23:04+00:00","mainEntityOfPage":{"@id":"https:\/\/vanderloubet.com.br\/deputado\/ferrovia-sp-ms-esta-em-fase-de-complementacao-de-estudos-informa-antt\/"},"wordCount":521,"publisher":{"@id":"https:\/\/vanderloubet.com.br\/deputado\/#organization"},"image":{"@id":"https:\/\/vanderloubet.com.br\/deputado\/ferrovia-sp-ms-esta-em-fase-de-complementacao-de-estudos-informa-antt\/#primaryimage"},"thumbnailUrl":"https:\/\/vanderloubet.com.br\/deputado\/wp-content\/uploads\/2015\/01\/foto-2014-12-01-mapa-concessoes-ferrovias.jpg","keywords":["concess\u00e3o","transportes"],"articleSection":["Mato Grosso do Sul","Not\u00edcias"],"inLanguage":"pt-BR"},{"@type":"WebPage","@id":"https:\/\/vanderloubet.com.br\/deputado\/ferrovia-sp-ms-esta-em-fase-de-complementacao-de-estudos-informa-antt\/","url":"https:\/\/vanderloubet.com.br\/deputado\/ferrovia-sp-ms-esta-em-fase-de-complementacao-de-estudos-informa-antt\/","name":"Ferrovia SP-MS est\u00e1 em fase de complementa\u00e7\u00e3o de estudos, informa ANTT","isPartOf":{"@id":"https:\/\/vanderloubet.com.br\/deputado\/#website"},"primaryImageOfPage":{"@id":"https:\/\/vanderloubet.com.br\/deputado\/ferrovia-sp-ms-esta-em-fase-de-complementacao-de-estudos-informa-antt\/#primaryimage"},"image":{"@id":"https:\/\/vanderloubet.com.br\/deputado\/ferrovia-sp-ms-esta-em-fase-de-complementacao-de-estudos-informa-antt\/#primaryimage"},"thumbnailUrl":"https:\/\/vanderloubet.com.br\/deputado\/wp-content\/uploads\/2015\/01\/foto-2014-12-01-mapa-concessoes-ferrovias.jpg","datePublished":"2014-12-01T17:18:56+00:00","dateModified":"2015-02-06T02:23:04+00:00","breadcrumb":{"@id":"https:\/\/vanderloubet.com.br\/deputado\/ferrovia-sp-ms-esta-em-fase-de-complementacao-de-estudos-informa-antt\/#breadcrumb"},"inLanguage":"pt-BR","potentialAction":[{"@type":"ReadAction","target":["https:\/\/vanderloubet.com.br\/deputado\/ferrovia-sp-ms-esta-em-fase-de-complementacao-de-estudos-informa-antt\/"]}]},{"@type":"ImageObject","inLanguage":"pt-BR","@id":"https:\/\/vanderloubet.com.br\/deputado\/ferrovia-sp-ms-esta-em-fase-de-complementacao-de-estudos-informa-antt\/#primaryimage","url":"https:\/\/vanderloubet.com.br\/deputado\/wp-content\/uploads\/2015\/01\/foto-2014-12-01-mapa-concessoes-ferrovias.jpg","contentUrl":"https:\/\/vanderloubet.com.br\/deputado\/wp-content\/uploads\/2015\/01\/foto-2014-12-01-mapa-concessoes-ferrovias.jpg","width":1200,"height":1150,"caption":"Mapa de ferrovias do PIL em 2013"},{"@type":"BreadcrumbList","@id":"https:\/\/vanderloubet.com.br\/deputado\/ferrovia-sp-ms-esta-em-fase-de-complementacao-de-estudos-informa-antt\/#breadcrumb","itemListElement":[{"@type":"ListItem","position":1,"name":"In\u00edcio","item":"https:\/\/vanderloubet.com.br\/deputado\/"},{"@type":"ListItem","position":2,"name":"Ferrovia SP-MS est\u00e1 em fase de complementa\u00e7\u00e3o de estudos, informa ANTT"}]},{"@type":"WebSite","@id":"https:\/\/vanderloubet.com.br\/deputado\/#website","url":"https:\/\/vanderloubet.com.br\/deputado\/","name":"Deputado Federal Vander Loubet","description":"O Federal de MS","publisher":{"@id":"https:\/\/vanderloubet.com.br\/deputado\/#organization"},"alternateName":"Deputado Vander","potentialAction":[{"@type":"SearchAction","target":{"@type":"EntryPoint","urlTemplate":"https:\/\/vanderloubet.com.br\/deputado\/?s={search_term_string}"},"query-input":{"@type":"PropertyValueSpecification","valueRequired":true,"valueName":"search_term_string"}}],"inLanguage":"pt-BR"},{"@type":"Organization","@id":"https:\/\/vanderloubet.com.br\/deputado\/#organization","name":"Deputado Federal Vander Loubet","alternateName":"Deputado Vander","url":"https:\/\/vanderloubet.com.br\/deputado\/","logo":{"@type":"ImageObject","inLanguage":"pt-BR","@id":"https:\/\/vanderloubet.com.br\/deputado\/#\/schema\/logo\/image\/","url":"https:\/\/vanderloubet.com.br\/deputado\/wp-content\/uploads\/2023\/06\/foto-2023-06-19-mandato-deputado-vander.jpg","contentUrl":"https:\/\/vanderloubet.com.br\/deputado\/wp-content\/uploads\/2023\/06\/foto-2023-06-19-mandato-deputado-vander.jpg","width":1080,"height":1080,"caption":"Deputado Federal Vander Loubet"},"image":{"@id":"https:\/\/vanderloubet.com.br\/deputado\/#\/schema\/logo\/image\/"},"sameAs":["https:\/\/facebook.com\/deputadovander","https:\/\/x.com\/vanderloubet","https:\/\/instagram.com\/vanderloubet","https:\/\/youtube.com\/vanderloubet","https:\/\/tiktok.com\/@vanderloubetms"]},{"@type":"Person","@id":"https:\/\/vanderloubet.com.br\/deputado\/#\/schema\/person\/15b51bd564532a8a68d9dec1b8eb890e","name":"\u00c9der","image":{"@type":"ImageObject","inLanguage":"pt-BR","@id":"https:\/\/vanderloubet.com.br\/deputado\/wp-content\/litespeed\/avatar\/88ca4090d9d5ab1c9495f6ca03b68efa.jpg?ver=1777058957","url":"https:\/\/vanderloubet.com.br\/deputado\/wp-content\/litespeed\/avatar\/88ca4090d9d5ab1c9495f6ca03b68efa.jpg?ver=1777058957","contentUrl":"https:\/\/vanderloubet.com.br\/deputado\/wp-content\/litespeed\/avatar\/88ca4090d9d5ab1c9495f6ca03b68efa.jpg?ver=1777058957","caption":"\u00c9der"}}]}},"jetpack_featured_media_url":"https:\/\/vanderloubet.com.br\/deputado\/wp-content\/uploads\/2015\/01\/foto-2014-12-01-mapa-concessoes-ferrovias.jpg","jetpack_sharing_enabled":true,"_links":{"self":[{"href":"https:\/\/vanderloubet.com.br\/deputado\/wp-json\/wp\/v2\/posts\/8605","targetHints":{"allow":["GET"]}}],"collection":[{"href":"https:\/\/vanderloubet.com.br\/deputado\/wp-json\/wp\/v2\/posts"}],"about":[{"href":"https:\/\/vanderloubet.com.br\/deputado\/wp-json\/wp\/v2\/types\/post"}],"author":[{"embeddable":true,"href":"https:\/\/vanderloubet.com.br\/deputado\/wp-json\/wp\/v2\/users\/2"}],"replies":[{"embeddable":true,"href":"https:\/\/vanderloubet.com.br\/deputado\/wp-json\/wp\/v2\/comments?post=8605"}],"version-history":[{"count":0,"href":"https:\/\/vanderloubet.com.br\/deputado\/wp-json\/wp\/v2\/posts\/8605\/revisions"}],"wp:featuredmedia":[{"embeddable":true,"href":"https:\/\/vanderloubet.com.br\/deputado\/wp-json\/wp\/v2\/media\/8607"}],"wp:attachment":[{"href":"https:\/\/vanderloubet.com.br\/deputado\/wp-json\/wp\/v2\/media?parent=8605"}],"wp:term":[{"taxonomy":"category","embeddable":true,"href":"https:\/\/vanderloubet.com.br\/deputado\/wp-json\/wp\/v2\/categories?post=8605"},{"taxonomy":"post_tag","embeddable":true,"href":"https:\/\/vanderloubet.com.br\/deputado\/wp-json\/wp\/v2\/tags?post=8605"}],"curies":[{"name":"wp","href":"https:\/\/api.w.org\/{rel}","templated":true}]}}