{"id":8602,"date":"2014-12-04T07:05:55","date_gmt":"2014-12-04T10:05:55","guid":{"rendered":"http:\/\/vanderloubet.com.br\/deputado\/?p=8602"},"modified":"2015-02-05T18:16:26","modified_gmt":"2015-02-05T21:16:26","slug":"congresso-nacional-aprova-projeto-que-flexibiliza-superavit-primario","status":"publish","type":"post","link":"https:\/\/vanderloubet.com.br\/deputado\/congresso-nacional-aprova-projeto-que-flexibiliza-superavit-primario\/","title":{"rendered":"Congresso Nacional aprova projeto que flexibiliza super\u00e1vit prim\u00e1rio"},"content":{"rendered":"<figure id=\"attachment_8603\" aria-describedby=\"caption-attachment-8603\" style=\"width: 700px\" class=\"wp-caption alignnone\"><img decoding=\"async\" class=\"wp-image-8603 size-large\" title=\"Congresso Nacional do Brasil\" src=\"http:\/\/vanderloubet.com.br\/deputado\/wp-content\/uploads\/2015\/01\/foto-2010-11-17-congresso-nacional-brasileiro-700x467.jpg\" alt=\"Congresso Nacional do Brasil\" width=\"700\" height=\"467\" srcset=\"https:\/\/vanderloubet.com.br\/deputado\/wp-content\/uploads\/2015\/01\/foto-2010-11-17-congresso-nacional-brasileiro-700x467.jpg 700w, https:\/\/vanderloubet.com.br\/deputado\/wp-content\/uploads\/2015\/01\/foto-2010-11-17-congresso-nacional-brasileiro-350x233.jpg 350w, https:\/\/vanderloubet.com.br\/deputado\/wp-content\/uploads\/2015\/01\/foto-2010-11-17-congresso-nacional-brasileiro-768x512.jpg 768w, https:\/\/vanderloubet.com.br\/deputado\/wp-content\/uploads\/2015\/01\/foto-2010-11-17-congresso-nacional-brasileiro-630x420.jpg 630w, https:\/\/vanderloubet.com.br\/deputado\/wp-content\/uploads\/2015\/01\/foto-2010-11-17-congresso-nacional-brasileiro-696x464.jpg 696w, https:\/\/vanderloubet.com.br\/deputado\/wp-content\/uploads\/2015\/01\/foto-2010-11-17-congresso-nacional-brasileiro-1068x712.jpg 1068w, https:\/\/vanderloubet.com.br\/deputado\/wp-content\/uploads\/2015\/01\/foto-2010-11-17-congresso-nacional-brasileiro.jpg 1200w\" sizes=\"(max-width: 700px) 100vw, 700px\" \/><figcaption id=\"caption-attachment-8603\" class=\"wp-caption-text\">Congresso Nacional do Brasil<\/figcaption><\/figure>\n<p>Em sess\u00e3o que demorou quase 19 horas, o Congresso Nacional aprovou na madrugada desta quinta-feira o Projeto de Lei (PLN) 36\/14, que muda a Lei de Diretrizes Or\u00e7ament\u00e1rias (LDO) de 2014 para alterar a forma de c\u00e1lculo do super\u00e1vit prim\u00e1rio.<\/p>\n<p>O texto aprovado \u00e9 um substitutivo da Comiss\u00e3o Mista de Or\u00e7amento, de autoria do senador Romero Juc\u00e1 (PMDB-RR), que garante ao Governo a possibilidade de usar mais que o limite atual de R$ 67 bilh\u00f5es para abater despesas a fim de chegar \u00e0 meta de resultado fiscal, fixada em R$ 116 bilh\u00f5es.<\/p>\n<p>Assim, todos os gastos com a\u00e7\u00f5es do Programa de Acelera\u00e7\u00e3o do Crescimento (PAC) e com as desonera\u00e7\u00f5es tribut\u00e1rias concedidas neste ano poder\u00e3o ser deduzidos da meta. A execu\u00e7\u00e3o do PAC at\u00e9 o in\u00edcio de novembro soma R$ 51,5 bilh\u00f5es. As desonera\u00e7\u00f5es, segundo a Receita Federal, estavam em R$ 75,1 bilh\u00f5es at\u00e9 setembro.<\/p>\n<p>Para o deputado federal Vander Loubet (PT-MS) a aprova\u00e7\u00e3o da medida foi necess\u00e1ria tendo em vista que o Governo Federal teve que aumentar os investimentos p\u00fablicos para combater a crise mundial.<\/p>\n<p>&#8220;Economizar para ter um super\u00e1vit maior \u00e9 positivo, mas dependendo da situa\u00e7\u00e3o tem efeitos colaterais complicados. Como ainda vivemos um per\u00edodo de crise mundial \u2013 est\u00e3o a\u00ed os casos de v\u00e1rios pa\u00edses da Europa \u2013 foi necess\u00e1rio aumentar os investimentos do Governo, principalmente em setores como infraestrutura, para evitar que o crescimento do pa\u00eds fosse menor do que foi. Sem falar nas desonera\u00e7\u00f5es de impostos, que foram grandes&#8221;, avaliou Vander.<\/p>\n<p><strong>Mudan\u00e7a n\u00e3o \u00e9 nova<\/strong> \u2013 A mudan\u00e7a na forma como o governo pode cumprir as metas de superavit prim\u00e1rio n\u00e3o \u00e9 novidade na legisla\u00e7\u00e3o or\u00e7ament\u00e1ria. A primeira delas ocorreu em 2001, no governo Fernando Henrique Cardoso, quando foi mudada na LDO a forma de cita\u00e7\u00e3o do superavit: de percentual do Produto Interno Bruto (PIB) para um valor em reais. A altera\u00e7\u00e3o permitiu o uso de um superavit maior de estatais (R$ 10 bilh\u00f5es) para compensar um d\u00e9ficit prim\u00e1rio nos or\u00e7amentos fiscal e da Seguridade (R$ 8 bilh\u00f5es a menos que a meta de R$ 28 bilh\u00f5es).<\/p>\n<p>Com a crise econ\u00f4mica mundial que come\u00e7ou em 2008, houve mudan\u00e7as no superavit em dois anos do segundo mandato do ex-presidente Luiz In\u00e1cio Lula da Silva. Em 2009, o governo encaminhou a mudan\u00e7a ao Congresso com o argumento de que a LDO, aprovada em agosto de 2008 (antes de estourar a crise de liquidez nos Estados Unidos), previa um cen\u00e1rio macroecon\u00f4mico que n\u00e3o se realizou no ano seguinte. A meta foi diminu\u00edda de 2,2% do PIB para 1,4%. J\u00e1 em 2010, houve a exclus\u00e3o da meta para as estatais, que passou de 0,2% do PIB para zero.<\/p>\n<p>No governo Dilma Rousseff, na LDO de 2011, o Congresso tamb\u00e9m zerou o superavit prim\u00e1rio das estatais, em um total de R$ 7,6 bilh\u00f5es. Em 2013, outra mudan\u00e7a retirou a necessidade de o governo federal compensar a meta global de superavit devido \u00e0s dificuldades dos governos estaduais de cumprir sua parcela de economia. A meta exclusivamente federal continuou em R$ 108 bilh\u00f5es.<\/p>\n<p><em>(Fonte: Ag\u00eancia C\u00e2mara Not\u00edcias)<\/em><\/p>\n","protected":false},"excerpt":{"rendered":"<p>A\u00e7\u00f5es do PAC (R$ 51,5 bi) e desonera\u00e7\u00f5es tribut\u00e1rias (R$ 75,1 bi) ajudaram a manter a economia, por isso poder\u00e3o ser abatidas da meta deste ano.<\/p>\n","protected":false},"author":2,"featured_media":8603,"comment_status":"closed","ping_status":"closed","sticky":false,"template":"","format":"standard","meta":{"jetpack_post_was_ever_published":false,"_jetpack_newsletter_access":"","_jetpack_dont_email_post_to_subs":false,"_jetpack_newsletter_tier_id":0,"_jetpack_memberships_contains_paywalled_content":false,"_jetpack_memberships_contains_paid_content":false,"footnotes":""},"categories":[2098,10],"tags":[685,1433,1635],"class_list":{"0":"post-8602","1":"post","2":"type-post","3":"status-publish","4":"format-standard","5":"has-post-thumbnail","7":"category-brasil-noticias","8":"category-noticias","9":"tag-economia","10":"tag-orcamento","11":"tag-projeto-de-lei"},"yoast_head":"<!-- This site is optimized with the Yoast SEO plugin v27.4 - https:\/\/yoast.com\/product\/yoast-seo-wordpress\/ -->\n<title>Congresso Nacional aprova projeto que flexibiliza super\u00e1vit prim\u00e1rio<\/title>\n<meta name=\"robots\" content=\"index, follow, max-snippet:-1, max-image-preview:large, max-video-preview:-1\" \/>\n<link rel=\"canonical\" href=\"https:\/\/vanderloubet.com.br\/deputado\/congresso-nacional-aprova-projeto-que-flexibiliza-superavit-primario\/\" \/>\n<meta property=\"og:locale\" content=\"pt_BR\" \/>\n<meta property=\"og:type\" content=\"article\" \/>\n<meta property=\"og:title\" content=\"Congresso Nacional aprova projeto que flexibiliza super\u00e1vit prim\u00e1rio\" \/>\n<meta property=\"og:description\" content=\"A\u00e7\u00f5es do PAC (R$ 51,5 bi) e desonera\u00e7\u00f5es tribut\u00e1rias (R$ 75,1 bi) ajudaram a manter a economia, por isso poder\u00e3o ser abatidas da meta deste ano.\" \/>\n<meta property=\"og:url\" content=\"https:\/\/vanderloubet.com.br\/deputado\/congresso-nacional-aprova-projeto-que-flexibiliza-superavit-primario\/\" \/>\n<meta property=\"og:site_name\" content=\"Deputado Federal Vander Loubet\" \/>\n<meta property=\"article:publisher\" content=\"https:\/\/facebook.com\/deputadovander\" \/>\n<meta property=\"article:published_time\" content=\"2014-12-04T10:05:55+00:00\" \/>\n<meta property=\"article:modified_time\" content=\"2015-02-05T21:16:26+00:00\" \/>\n<meta property=\"og:image\" content=\"https:\/\/vanderloubet.com.br\/deputado\/wp-content\/uploads\/2015\/01\/foto-2010-11-17-congresso-nacional-brasileiro.jpg\" \/>\n\t<meta property=\"og:image:width\" content=\"1200\" \/>\n\t<meta property=\"og:image:height\" content=\"800\" \/>\n\t<meta property=\"og:image:type\" content=\"image\/jpeg\" \/>\n<meta name=\"author\" content=\"\u00c9der\" \/>\n<meta name=\"twitter:card\" content=\"summary_large_image\" \/>\n<meta name=\"twitter:creator\" content=\"@vanderloubet\" \/>\n<meta name=\"twitter:site\" content=\"@vanderloubet\" \/>\n<script type=\"application\/ld+json\" class=\"yoast-schema-graph\">{\"@context\":\"https:\\\/\\\/schema.org\",\"@graph\":[{\"@type\":\"Article\",\"@id\":\"https:\\\/\\\/vanderloubet.com.br\\\/deputado\\\/congresso-nacional-aprova-projeto-que-flexibiliza-superavit-primario\\\/#article\",\"isPartOf\":{\"@id\":\"https:\\\/\\\/vanderloubet.com.br\\\/deputado\\\/congresso-nacional-aprova-projeto-que-flexibiliza-superavit-primario\\\/\"},\"author\":{\"name\":\"\u00c9der\",\"@id\":\"https:\\\/\\\/vanderloubet.com.br\\\/deputado\\\/#\\\/schema\\\/person\\\/15b51bd564532a8a68d9dec1b8eb890e\"},\"headline\":\"Congresso Nacional aprova projeto que flexibiliza super\u00e1vit prim\u00e1rio\",\"datePublished\":\"2014-12-04T10:05:55+00:00\",\"dateModified\":\"2015-02-05T21:16:26+00:00\",\"mainEntityOfPage\":{\"@id\":\"https:\\\/\\\/vanderloubet.com.br\\\/deputado\\\/congresso-nacional-aprova-projeto-que-flexibiliza-superavit-primario\\\/\"},\"wordCount\":561,\"publisher\":{\"@id\":\"https:\\\/\\\/vanderloubet.com.br\\\/deputado\\\/#organization\"},\"image\":{\"@id\":\"https:\\\/\\\/vanderloubet.com.br\\\/deputado\\\/congresso-nacional-aprova-projeto-que-flexibiliza-superavit-primario\\\/#primaryimage\"},\"thumbnailUrl\":\"https:\\\/\\\/vanderloubet.com.br\\\/deputado\\\/wp-content\\\/uploads\\\/2015\\\/01\\\/foto-2010-11-17-congresso-nacional-brasileiro.jpg\",\"keywords\":[\"economia\",\"or\u00e7amento\",\"projeto de lei\"],\"articleSection\":[\"Brasil\",\"Not\u00edcias\"],\"inLanguage\":\"pt-BR\"},{\"@type\":\"WebPage\",\"@id\":\"https:\\\/\\\/vanderloubet.com.br\\\/deputado\\\/congresso-nacional-aprova-projeto-que-flexibiliza-superavit-primario\\\/\",\"url\":\"https:\\\/\\\/vanderloubet.com.br\\\/deputado\\\/congresso-nacional-aprova-projeto-que-flexibiliza-superavit-primario\\\/\",\"name\":\"Congresso Nacional aprova projeto que flexibiliza super\u00e1vit prim\u00e1rio\",\"isPartOf\":{\"@id\":\"https:\\\/\\\/vanderloubet.com.br\\\/deputado\\\/#website\"},\"primaryImageOfPage\":{\"@id\":\"https:\\\/\\\/vanderloubet.com.br\\\/deputado\\\/congresso-nacional-aprova-projeto-que-flexibiliza-superavit-primario\\\/#primaryimage\"},\"image\":{\"@id\":\"https:\\\/\\\/vanderloubet.com.br\\\/deputado\\\/congresso-nacional-aprova-projeto-que-flexibiliza-superavit-primario\\\/#primaryimage\"},\"thumbnailUrl\":\"https:\\\/\\\/vanderloubet.com.br\\\/deputado\\\/wp-content\\\/uploads\\\/2015\\\/01\\\/foto-2010-11-17-congresso-nacional-brasileiro.jpg\",\"datePublished\":\"2014-12-04T10:05:55+00:00\",\"dateModified\":\"2015-02-05T21:16:26+00:00\",\"breadcrumb\":{\"@id\":\"https:\\\/\\\/vanderloubet.com.br\\\/deputado\\\/congresso-nacional-aprova-projeto-que-flexibiliza-superavit-primario\\\/#breadcrumb\"},\"inLanguage\":\"pt-BR\",\"potentialAction\":[{\"@type\":\"ReadAction\",\"target\":[\"https:\\\/\\\/vanderloubet.com.br\\\/deputado\\\/congresso-nacional-aprova-projeto-que-flexibiliza-superavit-primario\\\/\"]}]},{\"@type\":\"ImageObject\",\"inLanguage\":\"pt-BR\",\"@id\":\"https:\\\/\\\/vanderloubet.com.br\\\/deputado\\\/congresso-nacional-aprova-projeto-que-flexibiliza-superavit-primario\\\/#primaryimage\",\"url\":\"https:\\\/\\\/vanderloubet.com.br\\\/deputado\\\/wp-content\\\/uploads\\\/2015\\\/01\\\/foto-2010-11-17-congresso-nacional-brasileiro.jpg\",\"contentUrl\":\"https:\\\/\\\/vanderloubet.com.br\\\/deputado\\\/wp-content\\\/uploads\\\/2015\\\/01\\\/foto-2010-11-17-congresso-nacional-brasileiro.jpg\",\"width\":1200,\"height\":800,\"caption\":\"Congresso Nacional do Brasil\"},{\"@type\":\"BreadcrumbList\",\"@id\":\"https:\\\/\\\/vanderloubet.com.br\\\/deputado\\\/congresso-nacional-aprova-projeto-que-flexibiliza-superavit-primario\\\/#breadcrumb\",\"itemListElement\":[{\"@type\":\"ListItem\",\"position\":1,\"name\":\"In\u00edcio\",\"item\":\"https:\\\/\\\/vanderloubet.com.br\\\/deputado\\\/\"},{\"@type\":\"ListItem\",\"position\":2,\"name\":\"Congresso Nacional aprova projeto que flexibiliza super\u00e1vit prim\u00e1rio\"}]},{\"@type\":\"WebSite\",\"@id\":\"https:\\\/\\\/vanderloubet.com.br\\\/deputado\\\/#website\",\"url\":\"https:\\\/\\\/vanderloubet.com.br\\\/deputado\\\/\",\"name\":\"Deputado Federal Vander Loubet\",\"description\":\"O Federal de MS\",\"publisher\":{\"@id\":\"https:\\\/\\\/vanderloubet.com.br\\\/deputado\\\/#organization\"},\"alternateName\":\"Deputado Vander\",\"potentialAction\":[{\"@type\":\"SearchAction\",\"target\":{\"@type\":\"EntryPoint\",\"urlTemplate\":\"https:\\\/\\\/vanderloubet.com.br\\\/deputado\\\/?s={search_term_string}\"},\"query-input\":{\"@type\":\"PropertyValueSpecification\",\"valueRequired\":true,\"valueName\":\"search_term_string\"}}],\"inLanguage\":\"pt-BR\"},{\"@type\":\"Organization\",\"@id\":\"https:\\\/\\\/vanderloubet.com.br\\\/deputado\\\/#organization\",\"name\":\"Deputado Federal Vander Loubet\",\"alternateName\":\"Deputado Vander\",\"url\":\"https:\\\/\\\/vanderloubet.com.br\\\/deputado\\\/\",\"logo\":{\"@type\":\"ImageObject\",\"inLanguage\":\"pt-BR\",\"@id\":\"https:\\\/\\\/vanderloubet.com.br\\\/deputado\\\/#\\\/schema\\\/logo\\\/image\\\/\",\"url\":\"https:\\\/\\\/vanderloubet.com.br\\\/deputado\\\/wp-content\\\/uploads\\\/2023\\\/06\\\/foto-2023-06-19-mandato-deputado-vander.jpg\",\"contentUrl\":\"https:\\\/\\\/vanderloubet.com.br\\\/deputado\\\/wp-content\\\/uploads\\\/2023\\\/06\\\/foto-2023-06-19-mandato-deputado-vander.jpg\",\"width\":1080,\"height\":1080,\"caption\":\"Deputado Federal Vander Loubet\"},\"image\":{\"@id\":\"https:\\\/\\\/vanderloubet.com.br\\\/deputado\\\/#\\\/schema\\\/logo\\\/image\\\/\"},\"sameAs\":[\"https:\\\/\\\/facebook.com\\\/deputadovander\",\"https:\\\/\\\/x.com\\\/vanderloubet\",\"https:\\\/\\\/instagram.com\\\/vanderloubet\",\"https:\\\/\\\/youtube.com\\\/vanderloubet\",\"https:\\\/\\\/tiktok.com\\\/@vanderloubetms\"]},{\"@type\":\"Person\",\"@id\":\"https:\\\/\\\/vanderloubet.com.br\\\/deputado\\\/#\\\/schema\\\/person\\\/15b51bd564532a8a68d9dec1b8eb890e\",\"name\":\"\u00c9der\",\"image\":{\"@type\":\"ImageObject\",\"inLanguage\":\"pt-BR\",\"@id\":\"https:\\\/\\\/vanderloubet.com.br\\\/deputado\\\/wp-content\\\/litespeed\\\/avatar\\\/88ca4090d9d5ab1c9495f6ca03b68efa.jpg?ver=1777058957\",\"url\":\"https:\\\/\\\/vanderloubet.com.br\\\/deputado\\\/wp-content\\\/litespeed\\\/avatar\\\/88ca4090d9d5ab1c9495f6ca03b68efa.jpg?ver=1777058957\",\"contentUrl\":\"https:\\\/\\\/vanderloubet.com.br\\\/deputado\\\/wp-content\\\/litespeed\\\/avatar\\\/88ca4090d9d5ab1c9495f6ca03b68efa.jpg?ver=1777058957\",\"caption\":\"\u00c9der\"}}]}<\/script>\n<!-- \/ Yoast SEO plugin. -->","yoast_head_json":{"title":"Congresso Nacional aprova projeto que flexibiliza super\u00e1vit prim\u00e1rio","robots":{"index":"index","follow":"follow","max-snippet":"max-snippet:-1","max-image-preview":"max-image-preview:large","max-video-preview":"max-video-preview:-1"},"canonical":"https:\/\/vanderloubet.com.br\/deputado\/congresso-nacional-aprova-projeto-que-flexibiliza-superavit-primario\/","og_locale":"pt_BR","og_type":"article","og_title":"Congresso Nacional aprova projeto que flexibiliza super\u00e1vit prim\u00e1rio","og_description":"A\u00e7\u00f5es do PAC (R$ 51,5 bi) e desonera\u00e7\u00f5es tribut\u00e1rias (R$ 75,1 bi) ajudaram a manter a economia, por isso poder\u00e3o ser abatidas da meta deste ano.","og_url":"https:\/\/vanderloubet.com.br\/deputado\/congresso-nacional-aprova-projeto-que-flexibiliza-superavit-primario\/","og_site_name":"Deputado Federal Vander Loubet","article_publisher":"https:\/\/facebook.com\/deputadovander","article_published_time":"2014-12-04T10:05:55+00:00","article_modified_time":"2015-02-05T21:16:26+00:00","og_image":[{"width":1200,"height":800,"url":"https:\/\/vanderloubet.com.br\/deputado\/wp-content\/uploads\/2015\/01\/foto-2010-11-17-congresso-nacional-brasileiro.jpg","type":"image\/jpeg"}],"author":"\u00c9der","twitter_card":"summary_large_image","twitter_creator":"@vanderloubet","twitter_site":"@vanderloubet","schema":{"@context":"https:\/\/schema.org","@graph":[{"@type":"Article","@id":"https:\/\/vanderloubet.com.br\/deputado\/congresso-nacional-aprova-projeto-que-flexibiliza-superavit-primario\/#article","isPartOf":{"@id":"https:\/\/vanderloubet.com.br\/deputado\/congresso-nacional-aprova-projeto-que-flexibiliza-superavit-primario\/"},"author":{"name":"\u00c9der","@id":"https:\/\/vanderloubet.com.br\/deputado\/#\/schema\/person\/15b51bd564532a8a68d9dec1b8eb890e"},"headline":"Congresso Nacional aprova projeto que flexibiliza super\u00e1vit prim\u00e1rio","datePublished":"2014-12-04T10:05:55+00:00","dateModified":"2015-02-05T21:16:26+00:00","mainEntityOfPage":{"@id":"https:\/\/vanderloubet.com.br\/deputado\/congresso-nacional-aprova-projeto-que-flexibiliza-superavit-primario\/"},"wordCount":561,"publisher":{"@id":"https:\/\/vanderloubet.com.br\/deputado\/#organization"},"image":{"@id":"https:\/\/vanderloubet.com.br\/deputado\/congresso-nacional-aprova-projeto-que-flexibiliza-superavit-primario\/#primaryimage"},"thumbnailUrl":"https:\/\/vanderloubet.com.br\/deputado\/wp-content\/uploads\/2015\/01\/foto-2010-11-17-congresso-nacional-brasileiro.jpg","keywords":["economia","or\u00e7amento","projeto de lei"],"articleSection":["Brasil","Not\u00edcias"],"inLanguage":"pt-BR"},{"@type":"WebPage","@id":"https:\/\/vanderloubet.com.br\/deputado\/congresso-nacional-aprova-projeto-que-flexibiliza-superavit-primario\/","url":"https:\/\/vanderloubet.com.br\/deputado\/congresso-nacional-aprova-projeto-que-flexibiliza-superavit-primario\/","name":"Congresso Nacional aprova projeto que flexibiliza super\u00e1vit prim\u00e1rio","isPartOf":{"@id":"https:\/\/vanderloubet.com.br\/deputado\/#website"},"primaryImageOfPage":{"@id":"https:\/\/vanderloubet.com.br\/deputado\/congresso-nacional-aprova-projeto-que-flexibiliza-superavit-primario\/#primaryimage"},"image":{"@id":"https:\/\/vanderloubet.com.br\/deputado\/congresso-nacional-aprova-projeto-que-flexibiliza-superavit-primario\/#primaryimage"},"thumbnailUrl":"https:\/\/vanderloubet.com.br\/deputado\/wp-content\/uploads\/2015\/01\/foto-2010-11-17-congresso-nacional-brasileiro.jpg","datePublished":"2014-12-04T10:05:55+00:00","dateModified":"2015-02-05T21:16:26+00:00","breadcrumb":{"@id":"https:\/\/vanderloubet.com.br\/deputado\/congresso-nacional-aprova-projeto-que-flexibiliza-superavit-primario\/#breadcrumb"},"inLanguage":"pt-BR","potentialAction":[{"@type":"ReadAction","target":["https:\/\/vanderloubet.com.br\/deputado\/congresso-nacional-aprova-projeto-que-flexibiliza-superavit-primario\/"]}]},{"@type":"ImageObject","inLanguage":"pt-BR","@id":"https:\/\/vanderloubet.com.br\/deputado\/congresso-nacional-aprova-projeto-que-flexibiliza-superavit-primario\/#primaryimage","url":"https:\/\/vanderloubet.com.br\/deputado\/wp-content\/uploads\/2015\/01\/foto-2010-11-17-congresso-nacional-brasileiro.jpg","contentUrl":"https:\/\/vanderloubet.com.br\/deputado\/wp-content\/uploads\/2015\/01\/foto-2010-11-17-congresso-nacional-brasileiro.jpg","width":1200,"height":800,"caption":"Congresso Nacional do Brasil"},{"@type":"BreadcrumbList","@id":"https:\/\/vanderloubet.com.br\/deputado\/congresso-nacional-aprova-projeto-que-flexibiliza-superavit-primario\/#breadcrumb","itemListElement":[{"@type":"ListItem","position":1,"name":"In\u00edcio","item":"https:\/\/vanderloubet.com.br\/deputado\/"},{"@type":"ListItem","position":2,"name":"Congresso Nacional aprova projeto que flexibiliza super\u00e1vit prim\u00e1rio"}]},{"@type":"WebSite","@id":"https:\/\/vanderloubet.com.br\/deputado\/#website","url":"https:\/\/vanderloubet.com.br\/deputado\/","name":"Deputado Federal Vander Loubet","description":"O Federal de MS","publisher":{"@id":"https:\/\/vanderloubet.com.br\/deputado\/#organization"},"alternateName":"Deputado Vander","potentialAction":[{"@type":"SearchAction","target":{"@type":"EntryPoint","urlTemplate":"https:\/\/vanderloubet.com.br\/deputado\/?s={search_term_string}"},"query-input":{"@type":"PropertyValueSpecification","valueRequired":true,"valueName":"search_term_string"}}],"inLanguage":"pt-BR"},{"@type":"Organization","@id":"https:\/\/vanderloubet.com.br\/deputado\/#organization","name":"Deputado Federal Vander Loubet","alternateName":"Deputado Vander","url":"https:\/\/vanderloubet.com.br\/deputado\/","logo":{"@type":"ImageObject","inLanguage":"pt-BR","@id":"https:\/\/vanderloubet.com.br\/deputado\/#\/schema\/logo\/image\/","url":"https:\/\/vanderloubet.com.br\/deputado\/wp-content\/uploads\/2023\/06\/foto-2023-06-19-mandato-deputado-vander.jpg","contentUrl":"https:\/\/vanderloubet.com.br\/deputado\/wp-content\/uploads\/2023\/06\/foto-2023-06-19-mandato-deputado-vander.jpg","width":1080,"height":1080,"caption":"Deputado Federal Vander Loubet"},"image":{"@id":"https:\/\/vanderloubet.com.br\/deputado\/#\/schema\/logo\/image\/"},"sameAs":["https:\/\/facebook.com\/deputadovander","https:\/\/x.com\/vanderloubet","https:\/\/instagram.com\/vanderloubet","https:\/\/youtube.com\/vanderloubet","https:\/\/tiktok.com\/@vanderloubetms"]},{"@type":"Person","@id":"https:\/\/vanderloubet.com.br\/deputado\/#\/schema\/person\/15b51bd564532a8a68d9dec1b8eb890e","name":"\u00c9der","image":{"@type":"ImageObject","inLanguage":"pt-BR","@id":"https:\/\/vanderloubet.com.br\/deputado\/wp-content\/litespeed\/avatar\/88ca4090d9d5ab1c9495f6ca03b68efa.jpg?ver=1777058957","url":"https:\/\/vanderloubet.com.br\/deputado\/wp-content\/litespeed\/avatar\/88ca4090d9d5ab1c9495f6ca03b68efa.jpg?ver=1777058957","contentUrl":"https:\/\/vanderloubet.com.br\/deputado\/wp-content\/litespeed\/avatar\/88ca4090d9d5ab1c9495f6ca03b68efa.jpg?ver=1777058957","caption":"\u00c9der"}}]}},"jetpack_featured_media_url":"https:\/\/vanderloubet.com.br\/deputado\/wp-content\/uploads\/2015\/01\/foto-2010-11-17-congresso-nacional-brasileiro.jpg","jetpack_sharing_enabled":true,"_links":{"self":[{"href":"https:\/\/vanderloubet.com.br\/deputado\/wp-json\/wp\/v2\/posts\/8602","targetHints":{"allow":["GET"]}}],"collection":[{"href":"https:\/\/vanderloubet.com.br\/deputado\/wp-json\/wp\/v2\/posts"}],"about":[{"href":"https:\/\/vanderloubet.com.br\/deputado\/wp-json\/wp\/v2\/types\/post"}],"author":[{"embeddable":true,"href":"https:\/\/vanderloubet.com.br\/deputado\/wp-json\/wp\/v2\/users\/2"}],"replies":[{"embeddable":true,"href":"https:\/\/vanderloubet.com.br\/deputado\/wp-json\/wp\/v2\/comments?post=8602"}],"version-history":[{"count":0,"href":"https:\/\/vanderloubet.com.br\/deputado\/wp-json\/wp\/v2\/posts\/8602\/revisions"}],"wp:featuredmedia":[{"embeddable":true,"href":"https:\/\/vanderloubet.com.br\/deputado\/wp-json\/wp\/v2\/media\/8603"}],"wp:attachment":[{"href":"https:\/\/vanderloubet.com.br\/deputado\/wp-json\/wp\/v2\/media?parent=8602"}],"wp:term":[{"taxonomy":"category","embeddable":true,"href":"https:\/\/vanderloubet.com.br\/deputado\/wp-json\/wp\/v2\/categories?post=8602"},{"taxonomy":"post_tag","embeddable":true,"href":"https:\/\/vanderloubet.com.br\/deputado\/wp-json\/wp\/v2\/tags?post=8602"}],"curies":[{"name":"wp","href":"https:\/\/api.w.org\/{rel}","templated":true}]}}