{"id":8599,"date":"2014-12-04T14:30:15","date_gmt":"2014-12-04T17:30:15","guid":{"rendered":"http:\/\/vanderloubet.com.br\/deputado\/?p=8599"},"modified":"2015-02-05T18:16:04","modified_gmt":"2015-02-05T21:16:04","slug":"como-a-flexibilizacao-da-meta-de-superavit-primario-afeta-a-economia","status":"publish","type":"post","link":"https:\/\/vanderloubet.com.br\/deputado\/como-a-flexibilizacao-da-meta-de-superavit-primario-afeta-a-economia\/","title":{"rendered":"Como a flexibiliza\u00e7\u00e3o da meta de super\u00e1vit prim\u00e1rio afeta a economia"},"content":{"rendered":"<figure id=\"attachment_8600\" aria-describedby=\"caption-attachment-8600\" style=\"width: 700px\" class=\"wp-caption alignnone\"><img decoding=\"async\" class=\"wp-image-8600 size-large\" title=\"Imagem do portal InfoMoney\" src=\"http:\/\/vanderloubet.com.br\/deputado\/wp-content\/uploads\/2015\/01\/foto-2014-12-04-portal-infomoney-700x276.jpg\" alt=\"Imagem do portal InfoMoney\" width=\"700\" height=\"276\" srcset=\"https:\/\/vanderloubet.com.br\/deputado\/wp-content\/uploads\/2015\/01\/foto-2014-12-04-portal-infomoney-700x276.jpg 700w, https:\/\/vanderloubet.com.br\/deputado\/wp-content\/uploads\/2015\/01\/foto-2014-12-04-portal-infomoney-350x138.jpg 350w, https:\/\/vanderloubet.com.br\/deputado\/wp-content\/uploads\/2015\/01\/foto-2014-12-04-portal-infomoney-696x275.jpg 696w, https:\/\/vanderloubet.com.br\/deputado\/wp-content\/uploads\/2015\/01\/foto-2014-12-04-portal-infomoney.jpg 745w\" sizes=\"(max-width: 700px) 100vw, 700px\" \/><figcaption id=\"caption-attachment-8600\" class=\"wp-caption-text\">Imagem do portal InfoMoney<\/figcaption><\/figure>\n<p>Adotado a partir de agosto de 2002, quando a equipe econ\u00f4mica do governo Fernando Henrique Cardoso negociava um novo acordo com o FMI (Fundo Monet\u00e1rio Internacional), o sistema de metas de super\u00e1vit prim\u00e1rio tem sido um dos principais sinalizadores para o mercado do grau de austeridade da pol\u00edtica fiscal brasileira.<\/p>\n<p>O sistema de metas de super\u00e1vit prim\u00e1rio consiste, atualmente, na fixa\u00e7\u00e3o de um determinado valor, expresso em porcentagem do PIB (Produto Interno Bruto), para balizar o quanto o governo dever\u00e1 economizar em um determinado per\u00edodo.<\/p>\n<p><strong>Entendendo o super\u00e1vit prim\u00e1rio<\/strong> \u2013 Contudo, antes de iniciarmos esta discuss\u00e3o, devemos entender exatamente em que consiste o chamado super\u00e1vit prim\u00e1rio. Neste sentido, o super\u00e1vit prim\u00e1rio (ou resultado prim\u00e1rio) do setor p\u00fablico n\u00e3o-financeiro nada mais \u00e9 do que uma das principais medidas da poupan\u00e7a p\u00fablica do pa\u00eds, correspondendo \u00e0 diferen\u00e7a entre tudo o que o governo arrecada e o que ele gasta (excluindo juros) com as autarquias federais, estaduais, municipais, al\u00e9m das empresas estatais.<\/p>\n<p>Neste sentido, o super\u00e1vit prim\u00e1rio nos mostra o que o governo tem dispon\u00edvel depois de subtrair de suas receitas tribut\u00e1rias os seus gastos n\u00e3o financeiros em determinado per\u00edodo. Por este motivo, o super\u00e1vit prim\u00e1rio consiste em um dos indicadores mais utilizados para se avaliar a credibilidade e austeridade de um governo, pois se o super\u00e1vit prim\u00e1rio cresce, ent\u00e3o \u00e9 sinal de que o governo est\u00e1 gastando menos do que recebe e, portanto, ter\u00e1 recursos para honrar seus endividamentos.<\/p>\n<p>Mudan\u00e7as nas regras do c\u00e1lculo do super\u00e1vit prim\u00e1rio \u2013 Mas, na grande parte das vezes, os menores gastos do governo para equil\u00edbrio das contas p\u00fablicas t\u00eam o que podemos chamar de \u201cefeitos colaterais\u201d. Dentre estes efeitos indesej\u00e1veis est\u00e3o os menores investimentos em setores de infraestrutura, que pode contribuir para um menor crescimento da economia no futuro.<\/p>\n<p>Considerando este fato, j\u00e1 ocorreram negocia\u00e7\u00f5es a respeito de uma poss\u00edvel mudan\u00e7a nas regras de c\u00e1lculo do super\u00e1vit prim\u00e1rio. Dessa maneira, os investimentos em infraestrutura deixariam de ser considerados como despesas do governo, dando maior liberdade para a realiza\u00e7\u00e3o de a\u00e7\u00f5es em prol do crescimento econ\u00f4mico.<\/p>\n<p><strong>A flexibiliza\u00e7\u00e3o e o super\u00e1vit antic\u00edclico<\/strong> \u2013 Outro ponto defendido pelo governo brasileiro diz respeito \u00e0 flexibiliza\u00e7\u00e3o da meta de super\u00e1vit prim\u00e1rio por meio da ado\u00e7\u00e3o do chamado mecanismo de super\u00e1vit antic\u00edclico. Ou seja, quando a economia estivesse em trajet\u00f3ria de maior crescimento, ent\u00e3o a meta de super\u00e1vit prim\u00e1rio passaria a ser maior, enquanto que em per\u00edodos de menor crescimento, a meta de super\u00e1vit seria tamb\u00e9m menor.<\/p>\n<p>Do ponto de vista econ\u00f4mico, este mecanismo \u00e9 interessante \u00e0 medida que d\u00e1 uma certa folga ao governo para que ele amplie os investimentos em infraestrutura, grandes geradores de emprego, em ocasi\u00f5es de desaquecimento da economia. Ou seja, o governo n\u00e3o teria mais que limitar a dosagem da \u201cinje\u00e7\u00e3o\u201d de investimentos na economia, como ocorre atualmente, de forma que a velocidade do crescimento econ\u00f4mico pode ser mais r\u00e1pida.<\/p>\n<p>De uma maneira geral, a flexibiliza\u00e7\u00e3o da meta de super\u00e1vit prim\u00e1rio e a mudan\u00e7a nas regras do c\u00e1lculo n\u00e3o devem alterar a credibilidade do governo junto ao mercado internacional, uma vez que economicamente \u00e9 uma solu\u00e7\u00e3o bastante plaus\u00edvel para a promo\u00e7\u00e3o do crescimento econ\u00f4mico do pa\u00eds.<\/p>\n<p><em>(Fonte: <a title=\"Link\" href=\"http:\/\/www.infomoney.com.br\/educacao\/gui%20as\/noticia\/200581\/como-flexibilizacao-me ta-superavit-primario-afeta-economia\" target=\"_blank\">InfoMoney<\/a>)<\/em><\/p>\n","protected":false},"excerpt":{"rendered":"<p>De acordo com o portal InfoMoney, super\u00e1vit antic\u00edclico e mudan\u00e7a no tratamento dos gastos com infraestrutura podem acelerar a recupera\u00e7\u00e3o da economia local.<\/p>\n","protected":false},"author":2,"featured_media":8600,"comment_status":"closed","ping_status":"closed","sticky":false,"template":"","format":"standard","meta":{"jetpack_post_was_ever_published":false,"_jetpack_newsletter_access":"","_jetpack_dont_email_post_to_subs":false,"_jetpack_newsletter_tier_id":0,"_jetpack_memberships_contains_paywalled_content":false,"_jetpack_memberships_contains_paid_content":false,"footnotes":""},"categories":[2098,10],"tags":[685,1433],"class_list":{"0":"post-8599","1":"post","2":"type-post","3":"status-publish","4":"format-standard","5":"has-post-thumbnail","7":"category-brasil-noticias","8":"category-noticias","9":"tag-economia","10":"tag-orcamento"},"yoast_head":"<!-- This site is optimized with the Yoast SEO plugin v27.4 - https:\/\/yoast.com\/product\/yoast-seo-wordpress\/ -->\n<title>Como a flexibiliza\u00e7\u00e3o da meta de super\u00e1vit prim\u00e1rio afeta a economia<\/title>\n<meta name=\"robots\" content=\"index, follow, max-snippet:-1, max-image-preview:large, max-video-preview:-1\" \/>\n<link rel=\"canonical\" href=\"https:\/\/vanderloubet.com.br\/deputado\/como-a-flexibilizacao-da-meta-de-superavit-primario-afeta-a-economia\/\" \/>\n<meta property=\"og:locale\" content=\"pt_BR\" \/>\n<meta property=\"og:type\" content=\"article\" \/>\n<meta property=\"og:title\" content=\"Como a flexibiliza\u00e7\u00e3o da meta de super\u00e1vit prim\u00e1rio afeta a economia\" \/>\n<meta property=\"og:description\" content=\"De acordo com o portal InfoMoney, super\u00e1vit antic\u00edclico e mudan\u00e7a no tratamento dos gastos com infraestrutura podem acelerar a recupera\u00e7\u00e3o da economia local.\" \/>\n<meta property=\"og:url\" content=\"https:\/\/vanderloubet.com.br\/deputado\/como-a-flexibilizacao-da-meta-de-superavit-primario-afeta-a-economia\/\" \/>\n<meta property=\"og:site_name\" content=\"Deputado Federal Vander Loubet\" \/>\n<meta property=\"article:publisher\" content=\"https:\/\/facebook.com\/deputadovander\" \/>\n<meta property=\"article:published_time\" content=\"2014-12-04T17:30:15+00:00\" \/>\n<meta property=\"article:modified_time\" content=\"2015-02-05T21:16:04+00:00\" \/>\n<meta property=\"og:image\" content=\"https:\/\/vanderloubet.com.br\/deputado\/wp-content\/uploads\/2015\/01\/foto-2014-12-04-portal-infomoney.jpg\" \/>\n\t<meta property=\"og:image:width\" content=\"745\" \/>\n\t<meta property=\"og:image:height\" content=\"294\" \/>\n\t<meta property=\"og:image:type\" content=\"image\/jpeg\" \/>\n<meta name=\"author\" content=\"\u00c9der\" \/>\n<meta name=\"twitter:card\" content=\"summary_large_image\" \/>\n<meta name=\"twitter:creator\" content=\"@vanderloubet\" \/>\n<meta name=\"twitter:site\" content=\"@vanderloubet\" \/>\n<script type=\"application\/ld+json\" class=\"yoast-schema-graph\">{\"@context\":\"https:\\\/\\\/schema.org\",\"@graph\":[{\"@type\":\"Article\",\"@id\":\"https:\\\/\\\/vanderloubet.com.br\\\/deputado\\\/como-a-flexibilizacao-da-meta-de-superavit-primario-afeta-a-economia\\\/#article\",\"isPartOf\":{\"@id\":\"https:\\\/\\\/vanderloubet.com.br\\\/deputado\\\/como-a-flexibilizacao-da-meta-de-superavit-primario-afeta-a-economia\\\/\"},\"author\":{\"name\":\"\u00c9der\",\"@id\":\"https:\\\/\\\/vanderloubet.com.br\\\/deputado\\\/#\\\/schema\\\/person\\\/15b51bd564532a8a68d9dec1b8eb890e\"},\"headline\":\"Como a flexibiliza\u00e7\u00e3o da meta de super\u00e1vit prim\u00e1rio afeta a economia\",\"datePublished\":\"2014-12-04T17:30:15+00:00\",\"dateModified\":\"2015-02-05T21:16:04+00:00\",\"mainEntityOfPage\":{\"@id\":\"https:\\\/\\\/vanderloubet.com.br\\\/deputado\\\/como-a-flexibilizacao-da-meta-de-superavit-primario-afeta-a-economia\\\/\"},\"wordCount\":622,\"publisher\":{\"@id\":\"https:\\\/\\\/vanderloubet.com.br\\\/deputado\\\/#organization\"},\"image\":{\"@id\":\"https:\\\/\\\/vanderloubet.com.br\\\/deputado\\\/como-a-flexibilizacao-da-meta-de-superavit-primario-afeta-a-economia\\\/#primaryimage\"},\"thumbnailUrl\":\"https:\\\/\\\/vanderloubet.com.br\\\/deputado\\\/wp-content\\\/uploads\\\/2015\\\/01\\\/foto-2014-12-04-portal-infomoney.jpg\",\"keywords\":[\"economia\",\"or\u00e7amento\"],\"articleSection\":[\"Brasil\",\"Not\u00edcias\"],\"inLanguage\":\"pt-BR\"},{\"@type\":\"WebPage\",\"@id\":\"https:\\\/\\\/vanderloubet.com.br\\\/deputado\\\/como-a-flexibilizacao-da-meta-de-superavit-primario-afeta-a-economia\\\/\",\"url\":\"https:\\\/\\\/vanderloubet.com.br\\\/deputado\\\/como-a-flexibilizacao-da-meta-de-superavit-primario-afeta-a-economia\\\/\",\"name\":\"Como a flexibiliza\u00e7\u00e3o da meta de super\u00e1vit prim\u00e1rio afeta a economia\",\"isPartOf\":{\"@id\":\"https:\\\/\\\/vanderloubet.com.br\\\/deputado\\\/#website\"},\"primaryImageOfPage\":{\"@id\":\"https:\\\/\\\/vanderloubet.com.br\\\/deputado\\\/como-a-flexibilizacao-da-meta-de-superavit-primario-afeta-a-economia\\\/#primaryimage\"},\"image\":{\"@id\":\"https:\\\/\\\/vanderloubet.com.br\\\/deputado\\\/como-a-flexibilizacao-da-meta-de-superavit-primario-afeta-a-economia\\\/#primaryimage\"},\"thumbnailUrl\":\"https:\\\/\\\/vanderloubet.com.br\\\/deputado\\\/wp-content\\\/uploads\\\/2015\\\/01\\\/foto-2014-12-04-portal-infomoney.jpg\",\"datePublished\":\"2014-12-04T17:30:15+00:00\",\"dateModified\":\"2015-02-05T21:16:04+00:00\",\"breadcrumb\":{\"@id\":\"https:\\\/\\\/vanderloubet.com.br\\\/deputado\\\/como-a-flexibilizacao-da-meta-de-superavit-primario-afeta-a-economia\\\/#breadcrumb\"},\"inLanguage\":\"pt-BR\",\"potentialAction\":[{\"@type\":\"ReadAction\",\"target\":[\"https:\\\/\\\/vanderloubet.com.br\\\/deputado\\\/como-a-flexibilizacao-da-meta-de-superavit-primario-afeta-a-economia\\\/\"]}]},{\"@type\":\"ImageObject\",\"inLanguage\":\"pt-BR\",\"@id\":\"https:\\\/\\\/vanderloubet.com.br\\\/deputado\\\/como-a-flexibilizacao-da-meta-de-superavit-primario-afeta-a-economia\\\/#primaryimage\",\"url\":\"https:\\\/\\\/vanderloubet.com.br\\\/deputado\\\/wp-content\\\/uploads\\\/2015\\\/01\\\/foto-2014-12-04-portal-infomoney.jpg\",\"contentUrl\":\"https:\\\/\\\/vanderloubet.com.br\\\/deputado\\\/wp-content\\\/uploads\\\/2015\\\/01\\\/foto-2014-12-04-portal-infomoney.jpg\",\"width\":745,\"height\":294,\"caption\":\"Imagem do portal InfoMoney\"},{\"@type\":\"BreadcrumbList\",\"@id\":\"https:\\\/\\\/vanderloubet.com.br\\\/deputado\\\/como-a-flexibilizacao-da-meta-de-superavit-primario-afeta-a-economia\\\/#breadcrumb\",\"itemListElement\":[{\"@type\":\"ListItem\",\"position\":1,\"name\":\"In\u00edcio\",\"item\":\"https:\\\/\\\/vanderloubet.com.br\\\/deputado\\\/\"},{\"@type\":\"ListItem\",\"position\":2,\"name\":\"Como a flexibiliza\u00e7\u00e3o da meta de super\u00e1vit prim\u00e1rio afeta a economia\"}]},{\"@type\":\"WebSite\",\"@id\":\"https:\\\/\\\/vanderloubet.com.br\\\/deputado\\\/#website\",\"url\":\"https:\\\/\\\/vanderloubet.com.br\\\/deputado\\\/\",\"name\":\"Deputado Federal Vander Loubet\",\"description\":\"O Federal de MS\",\"publisher\":{\"@id\":\"https:\\\/\\\/vanderloubet.com.br\\\/deputado\\\/#organization\"},\"alternateName\":\"Deputado Vander\",\"potentialAction\":[{\"@type\":\"SearchAction\",\"target\":{\"@type\":\"EntryPoint\",\"urlTemplate\":\"https:\\\/\\\/vanderloubet.com.br\\\/deputado\\\/?s={search_term_string}\"},\"query-input\":{\"@type\":\"PropertyValueSpecification\",\"valueRequired\":true,\"valueName\":\"search_term_string\"}}],\"inLanguage\":\"pt-BR\"},{\"@type\":\"Organization\",\"@id\":\"https:\\\/\\\/vanderloubet.com.br\\\/deputado\\\/#organization\",\"name\":\"Deputado Federal Vander Loubet\",\"alternateName\":\"Deputado Vander\",\"url\":\"https:\\\/\\\/vanderloubet.com.br\\\/deputado\\\/\",\"logo\":{\"@type\":\"ImageObject\",\"inLanguage\":\"pt-BR\",\"@id\":\"https:\\\/\\\/vanderloubet.com.br\\\/deputado\\\/#\\\/schema\\\/logo\\\/image\\\/\",\"url\":\"https:\\\/\\\/vanderloubet.com.br\\\/deputado\\\/wp-content\\\/uploads\\\/2023\\\/06\\\/foto-2023-06-19-mandato-deputado-vander.jpg\",\"contentUrl\":\"https:\\\/\\\/vanderloubet.com.br\\\/deputado\\\/wp-content\\\/uploads\\\/2023\\\/06\\\/foto-2023-06-19-mandato-deputado-vander.jpg\",\"width\":1080,\"height\":1080,\"caption\":\"Deputado Federal Vander Loubet\"},\"image\":{\"@id\":\"https:\\\/\\\/vanderloubet.com.br\\\/deputado\\\/#\\\/schema\\\/logo\\\/image\\\/\"},\"sameAs\":[\"https:\\\/\\\/facebook.com\\\/deputadovander\",\"https:\\\/\\\/x.com\\\/vanderloubet\",\"https:\\\/\\\/instagram.com\\\/vanderloubet\",\"https:\\\/\\\/youtube.com\\\/vanderloubet\",\"https:\\\/\\\/tiktok.com\\\/@vanderloubetms\"]},{\"@type\":\"Person\",\"@id\":\"https:\\\/\\\/vanderloubet.com.br\\\/deputado\\\/#\\\/schema\\\/person\\\/15b51bd564532a8a68d9dec1b8eb890e\",\"name\":\"\u00c9der\",\"image\":{\"@type\":\"ImageObject\",\"inLanguage\":\"pt-BR\",\"@id\":\"https:\\\/\\\/vanderloubet.com.br\\\/deputado\\\/wp-content\\\/litespeed\\\/avatar\\\/88ca4090d9d5ab1c9495f6ca03b68efa.jpg?ver=1777058957\",\"url\":\"https:\\\/\\\/vanderloubet.com.br\\\/deputado\\\/wp-content\\\/litespeed\\\/avatar\\\/88ca4090d9d5ab1c9495f6ca03b68efa.jpg?ver=1777058957\",\"contentUrl\":\"https:\\\/\\\/vanderloubet.com.br\\\/deputado\\\/wp-content\\\/litespeed\\\/avatar\\\/88ca4090d9d5ab1c9495f6ca03b68efa.jpg?ver=1777058957\",\"caption\":\"\u00c9der\"}}]}<\/script>\n<!-- \/ Yoast SEO plugin. -->","yoast_head_json":{"title":"Como a flexibiliza\u00e7\u00e3o da meta de super\u00e1vit prim\u00e1rio afeta a economia","robots":{"index":"index","follow":"follow","max-snippet":"max-snippet:-1","max-image-preview":"max-image-preview:large","max-video-preview":"max-video-preview:-1"},"canonical":"https:\/\/vanderloubet.com.br\/deputado\/como-a-flexibilizacao-da-meta-de-superavit-primario-afeta-a-economia\/","og_locale":"pt_BR","og_type":"article","og_title":"Como a flexibiliza\u00e7\u00e3o da meta de super\u00e1vit prim\u00e1rio afeta a economia","og_description":"De acordo com o portal InfoMoney, super\u00e1vit antic\u00edclico e mudan\u00e7a no tratamento dos gastos com infraestrutura podem acelerar a recupera\u00e7\u00e3o da economia local.","og_url":"https:\/\/vanderloubet.com.br\/deputado\/como-a-flexibilizacao-da-meta-de-superavit-primario-afeta-a-economia\/","og_site_name":"Deputado Federal Vander Loubet","article_publisher":"https:\/\/facebook.com\/deputadovander","article_published_time":"2014-12-04T17:30:15+00:00","article_modified_time":"2015-02-05T21:16:04+00:00","og_image":[{"width":745,"height":294,"url":"https:\/\/vanderloubet.com.br\/deputado\/wp-content\/uploads\/2015\/01\/foto-2014-12-04-portal-infomoney.jpg","type":"image\/jpeg"}],"author":"\u00c9der","twitter_card":"summary_large_image","twitter_creator":"@vanderloubet","twitter_site":"@vanderloubet","schema":{"@context":"https:\/\/schema.org","@graph":[{"@type":"Article","@id":"https:\/\/vanderloubet.com.br\/deputado\/como-a-flexibilizacao-da-meta-de-superavit-primario-afeta-a-economia\/#article","isPartOf":{"@id":"https:\/\/vanderloubet.com.br\/deputado\/como-a-flexibilizacao-da-meta-de-superavit-primario-afeta-a-economia\/"},"author":{"name":"\u00c9der","@id":"https:\/\/vanderloubet.com.br\/deputado\/#\/schema\/person\/15b51bd564532a8a68d9dec1b8eb890e"},"headline":"Como a flexibiliza\u00e7\u00e3o da meta de super\u00e1vit prim\u00e1rio afeta a economia","datePublished":"2014-12-04T17:30:15+00:00","dateModified":"2015-02-05T21:16:04+00:00","mainEntityOfPage":{"@id":"https:\/\/vanderloubet.com.br\/deputado\/como-a-flexibilizacao-da-meta-de-superavit-primario-afeta-a-economia\/"},"wordCount":622,"publisher":{"@id":"https:\/\/vanderloubet.com.br\/deputado\/#organization"},"image":{"@id":"https:\/\/vanderloubet.com.br\/deputado\/como-a-flexibilizacao-da-meta-de-superavit-primario-afeta-a-economia\/#primaryimage"},"thumbnailUrl":"https:\/\/vanderloubet.com.br\/deputado\/wp-content\/uploads\/2015\/01\/foto-2014-12-04-portal-infomoney.jpg","keywords":["economia","or\u00e7amento"],"articleSection":["Brasil","Not\u00edcias"],"inLanguage":"pt-BR"},{"@type":"WebPage","@id":"https:\/\/vanderloubet.com.br\/deputado\/como-a-flexibilizacao-da-meta-de-superavit-primario-afeta-a-economia\/","url":"https:\/\/vanderloubet.com.br\/deputado\/como-a-flexibilizacao-da-meta-de-superavit-primario-afeta-a-economia\/","name":"Como a flexibiliza\u00e7\u00e3o da meta de super\u00e1vit prim\u00e1rio afeta a economia","isPartOf":{"@id":"https:\/\/vanderloubet.com.br\/deputado\/#website"},"primaryImageOfPage":{"@id":"https:\/\/vanderloubet.com.br\/deputado\/como-a-flexibilizacao-da-meta-de-superavit-primario-afeta-a-economia\/#primaryimage"},"image":{"@id":"https:\/\/vanderloubet.com.br\/deputado\/como-a-flexibilizacao-da-meta-de-superavit-primario-afeta-a-economia\/#primaryimage"},"thumbnailUrl":"https:\/\/vanderloubet.com.br\/deputado\/wp-content\/uploads\/2015\/01\/foto-2014-12-04-portal-infomoney.jpg","datePublished":"2014-12-04T17:30:15+00:00","dateModified":"2015-02-05T21:16:04+00:00","breadcrumb":{"@id":"https:\/\/vanderloubet.com.br\/deputado\/como-a-flexibilizacao-da-meta-de-superavit-primario-afeta-a-economia\/#breadcrumb"},"inLanguage":"pt-BR","potentialAction":[{"@type":"ReadAction","target":["https:\/\/vanderloubet.com.br\/deputado\/como-a-flexibilizacao-da-meta-de-superavit-primario-afeta-a-economia\/"]}]},{"@type":"ImageObject","inLanguage":"pt-BR","@id":"https:\/\/vanderloubet.com.br\/deputado\/como-a-flexibilizacao-da-meta-de-superavit-primario-afeta-a-economia\/#primaryimage","url":"https:\/\/vanderloubet.com.br\/deputado\/wp-content\/uploads\/2015\/01\/foto-2014-12-04-portal-infomoney.jpg","contentUrl":"https:\/\/vanderloubet.com.br\/deputado\/wp-content\/uploads\/2015\/01\/foto-2014-12-04-portal-infomoney.jpg","width":745,"height":294,"caption":"Imagem do portal InfoMoney"},{"@type":"BreadcrumbList","@id":"https:\/\/vanderloubet.com.br\/deputado\/como-a-flexibilizacao-da-meta-de-superavit-primario-afeta-a-economia\/#breadcrumb","itemListElement":[{"@type":"ListItem","position":1,"name":"In\u00edcio","item":"https:\/\/vanderloubet.com.br\/deputado\/"},{"@type":"ListItem","position":2,"name":"Como a flexibiliza\u00e7\u00e3o da meta de super\u00e1vit prim\u00e1rio afeta a economia"}]},{"@type":"WebSite","@id":"https:\/\/vanderloubet.com.br\/deputado\/#website","url":"https:\/\/vanderloubet.com.br\/deputado\/","name":"Deputado Federal Vander Loubet","description":"O Federal de MS","publisher":{"@id":"https:\/\/vanderloubet.com.br\/deputado\/#organization"},"alternateName":"Deputado Vander","potentialAction":[{"@type":"SearchAction","target":{"@type":"EntryPoint","urlTemplate":"https:\/\/vanderloubet.com.br\/deputado\/?s={search_term_string}"},"query-input":{"@type":"PropertyValueSpecification","valueRequired":true,"valueName":"search_term_string"}}],"inLanguage":"pt-BR"},{"@type":"Organization","@id":"https:\/\/vanderloubet.com.br\/deputado\/#organization","name":"Deputado Federal Vander Loubet","alternateName":"Deputado Vander","url":"https:\/\/vanderloubet.com.br\/deputado\/","logo":{"@type":"ImageObject","inLanguage":"pt-BR","@id":"https:\/\/vanderloubet.com.br\/deputado\/#\/schema\/logo\/image\/","url":"https:\/\/vanderloubet.com.br\/deputado\/wp-content\/uploads\/2023\/06\/foto-2023-06-19-mandato-deputado-vander.jpg","contentUrl":"https:\/\/vanderloubet.com.br\/deputado\/wp-content\/uploads\/2023\/06\/foto-2023-06-19-mandato-deputado-vander.jpg","width":1080,"height":1080,"caption":"Deputado Federal Vander Loubet"},"image":{"@id":"https:\/\/vanderloubet.com.br\/deputado\/#\/schema\/logo\/image\/"},"sameAs":["https:\/\/facebook.com\/deputadovander","https:\/\/x.com\/vanderloubet","https:\/\/instagram.com\/vanderloubet","https:\/\/youtube.com\/vanderloubet","https:\/\/tiktok.com\/@vanderloubetms"]},{"@type":"Person","@id":"https:\/\/vanderloubet.com.br\/deputado\/#\/schema\/person\/15b51bd564532a8a68d9dec1b8eb890e","name":"\u00c9der","image":{"@type":"ImageObject","inLanguage":"pt-BR","@id":"https:\/\/vanderloubet.com.br\/deputado\/wp-content\/litespeed\/avatar\/88ca4090d9d5ab1c9495f6ca03b68efa.jpg?ver=1777058957","url":"https:\/\/vanderloubet.com.br\/deputado\/wp-content\/litespeed\/avatar\/88ca4090d9d5ab1c9495f6ca03b68efa.jpg?ver=1777058957","contentUrl":"https:\/\/vanderloubet.com.br\/deputado\/wp-content\/litespeed\/avatar\/88ca4090d9d5ab1c9495f6ca03b68efa.jpg?ver=1777058957","caption":"\u00c9der"}}]}},"jetpack_featured_media_url":"https:\/\/vanderloubet.com.br\/deputado\/wp-content\/uploads\/2015\/01\/foto-2014-12-04-portal-infomoney.jpg","jetpack_sharing_enabled":true,"_links":{"self":[{"href":"https:\/\/vanderloubet.com.br\/deputado\/wp-json\/wp\/v2\/posts\/8599","targetHints":{"allow":["GET"]}}],"collection":[{"href":"https:\/\/vanderloubet.com.br\/deputado\/wp-json\/wp\/v2\/posts"}],"about":[{"href":"https:\/\/vanderloubet.com.br\/deputado\/wp-json\/wp\/v2\/types\/post"}],"author":[{"embeddable":true,"href":"https:\/\/vanderloubet.com.br\/deputado\/wp-json\/wp\/v2\/users\/2"}],"replies":[{"embeddable":true,"href":"https:\/\/vanderloubet.com.br\/deputado\/wp-json\/wp\/v2\/comments?post=8599"}],"version-history":[{"count":0,"href":"https:\/\/vanderloubet.com.br\/deputado\/wp-json\/wp\/v2\/posts\/8599\/revisions"}],"wp:featuredmedia":[{"embeddable":true,"href":"https:\/\/vanderloubet.com.br\/deputado\/wp-json\/wp\/v2\/media\/8600"}],"wp:attachment":[{"href":"https:\/\/vanderloubet.com.br\/deputado\/wp-json\/wp\/v2\/media?parent=8599"}],"wp:term":[{"taxonomy":"category","embeddable":true,"href":"https:\/\/vanderloubet.com.br\/deputado\/wp-json\/wp\/v2\/categories?post=8599"},{"taxonomy":"post_tag","embeddable":true,"href":"https:\/\/vanderloubet.com.br\/deputado\/wp-json\/wp\/v2\/tags?post=8599"}],"curies":[{"name":"wp","href":"https:\/\/api.w.org\/{rel}","templated":true}]}}