{"id":8582,"date":"2014-12-15T18:18:31","date_gmt":"2014-12-15T21:18:31","guid":{"rendered":"http:\/\/vanderloubet.com.br\/deputado\/?p=8582"},"modified":"2015-05-12T17:34:33","modified_gmt":"2015-05-12T20:34:33","slug":"vander-destaca-acordo-da-bancada-com-reinaldo-para-emendas-na-saude","status":"publish","type":"post","link":"https:\/\/vanderloubet.com.br\/deputado\/vander-destaca-acordo-da-bancada-com-reinaldo-para-emendas-na-saude\/","title":{"rendered":"Vander destaca acordo da bancada com Reinaldo para emendas na sa\u00fade"},"content":{"rendered":"\r\n                <style type=\"text\/css\">\r\n                    \r\n                    #tdi_1  .td-doubleSlider-2 .td-item1 {\r\n                        background: url(https:\/\/vanderloubet.com.br\/deputado\/wp-content\/uploads\/2015\/01\/foto-2014-12-15-reuniao-bancada-federal-80x60.jpg) 0 0 no-repeat;\r\n                    }\r\n                    #tdi_1  .td-doubleSlider-2 .td-item2 {\r\n                        background: url(https:\/\/vanderloubet.com.br\/deputado\/wp-content\/uploads\/2015\/01\/foto-2014-12-15-vander-reinaldo-80x60.jpg) 0 0 no-repeat;\r\n                    }\r\n                <\/style>\r\n\r\n                <div id=\"tdi_1\" class=\"td-gallery td-slide-on-2-columns\">\r\n                    <div class=\"post_td_gallery\">\r\n                        <div class=\"td-gallery-slide-top\">\r\n                           <div class=\"td-gallery-title\"><\/div>\r\n\r\n                            <div class=\"td-gallery-controls-wrapper\">\r\n                                <div class=\"td-gallery-slide-count\"><span class=\"td-gallery-slide-item-focus\">1<\/span> de 2<\/div>\r\n                                <div class=\"td-gallery-slide-prev-next-but\">\r\n                                    <i class = \"td-icon-left doubleSliderPrevButton\"><\/i>\r\n                                    <i class = \"td-icon-right doubleSliderNextButton\"><\/i>\r\n                                <\/div>\r\n                            <\/div>\r\n                        <\/div>\r\n\r\n                        <div class = \"td-doubleSlider-1 \">\r\n                            <div class = \"td-slider\">\r\n                                \r\n                    <div class = \"td-slide-item td-item1\">\r\n                        <figure class=\"td-slide-galery-figure td-slide-popup-gallery\">\r\n                            <a class=\"slide-gallery-image-link\" href=\"https:\/\/vanderloubet.com.br\/deputado\/wp-content\/uploads\/2015\/01\/foto-2014-12-15-reuniao-bancada-federal.jpg\" title=\"Bancada se reuniu na Assomasul com governador eleito\"  data-caption=\"\"  data-description=\"Bancada se reuniu na Assomasul com governador eleito\">\r\n                                <img decoding=\"async\" src=\"https:\/\/vanderloubet.com.br\/deputado\/wp-content\/uploads\/2015\/01\/foto-2014-12-15-reuniao-bancada-federal-630x420.jpg\" srcset=\"https:\/\/vanderloubet.com.br\/deputado\/wp-content\/uploads\/2015\/01\/foto-2014-12-15-reuniao-bancada-federal-630x420.jpg 630w, https:\/\/vanderloubet.com.br\/deputado\/wp-content\/uploads\/2015\/01\/foto-2014-12-15-reuniao-bancada-federal-350x233.jpg 350w, https:\/\/vanderloubet.com.br\/deputado\/wp-content\/uploads\/2015\/01\/foto-2014-12-15-reuniao-bancada-federal-768x512.jpg 768w, https:\/\/vanderloubet.com.br\/deputado\/wp-content\/uploads\/2015\/01\/foto-2014-12-15-reuniao-bancada-federal-700x467.jpg 700w, https:\/\/vanderloubet.com.br\/deputado\/wp-content\/uploads\/2015\/01\/foto-2014-12-15-reuniao-bancada-federal-696x464.jpg 696w, https:\/\/vanderloubet.com.br\/deputado\/wp-content\/uploads\/2015\/01\/foto-2014-12-15-reuniao-bancada-federal-1068x712.jpg 1068w, https:\/\/vanderloubet.com.br\/deputado\/wp-content\/uploads\/2015\/01\/foto-2014-12-15-reuniao-bancada-federal.jpg 1200w\" sizes=\"(max-width: 630px) 100vw, 630px\" alt=\"Bancada se reuniu na Assomasul com governador eleito\">\r\n                            <\/a>\r\n                            <figcaption class = \"td-slide-caption td-gallery-slide-content\"><span>Bancada se reuniu na Assomasul com governador eleito<\/span><\/figcaption>\r\n                        <\/figure>\r\n                    <\/div>\r\n                    <div class = \"td-slide-item td-item2\">\r\n                        <figure class=\"td-slide-galery-figure td-slide-popup-gallery\">\r\n                            <a class=\"slide-gallery-image-link\" href=\"https:\/\/vanderloubet.com.br\/deputado\/wp-content\/uploads\/2015\/01\/foto-2014-12-15-vander-reinaldo.jpg\" title=\"Vander e Reinaldo d\u00e3o entrevista ap\u00f3s reuni\u00e3o da bancada\"  data-caption=\"\"  data-description=\"Vander e Reinaldo d&atilde;o entrevista ap&oacute;s reuni&atilde;o da bancada\">\r\n                                <img decoding=\"async\" src=\"https:\/\/vanderloubet.com.br\/deputado\/wp-content\/uploads\/2015\/01\/foto-2014-12-15-vander-reinaldo-630x420.jpg\" srcset=\"https:\/\/vanderloubet.com.br\/deputado\/wp-content\/uploads\/2015\/01\/foto-2014-12-15-vander-reinaldo-630x420.jpg 630w, https:\/\/vanderloubet.com.br\/deputado\/wp-content\/uploads\/2015\/01\/foto-2014-12-15-vander-reinaldo-350x233.jpg 350w, https:\/\/vanderloubet.com.br\/deputado\/wp-content\/uploads\/2015\/01\/foto-2014-12-15-vander-reinaldo-768x512.jpg 768w, https:\/\/vanderloubet.com.br\/deputado\/wp-content\/uploads\/2015\/01\/foto-2014-12-15-vander-reinaldo-700x467.jpg 700w, https:\/\/vanderloubet.com.br\/deputado\/wp-content\/uploads\/2015\/01\/foto-2014-12-15-vander-reinaldo-696x464.jpg 696w, https:\/\/vanderloubet.com.br\/deputado\/wp-content\/uploads\/2015\/01\/foto-2014-12-15-vander-reinaldo-1068x712.jpg 1068w, https:\/\/vanderloubet.com.br\/deputado\/wp-content\/uploads\/2015\/01\/foto-2014-12-15-vander-reinaldo.jpg 1200w\" sizes=\"(max-width: 630px) 100vw, 630px\" alt=\"Vander e Reinaldo d&atilde;o entrevista ap&oacute;s reuni&atilde;o da bancada\">\r\n                            <\/a>\r\n                            <figcaption class = \"td-slide-caption td-gallery-slide-content\"><span>Vander e Reinaldo d\u00e3o entrevista ap\u00f3s reuni\u00e3o da bancada<\/span><\/figcaption>\r\n                        <\/figure>\r\n                    <\/div>\r\n                            <\/div>\r\n                        <\/div>\r\n\r\n                        <div class = \"td-doubleSlider-2\">\r\n                            <div class = \"td-slider\">\r\n                                \r\n                    <div class = \"td-button td-item1\">\r\n                        <div class = \"td-border\"><\/div>\r\n                    <\/div>\r\n                    <div class = \"td-button td-item2\">\r\n                        <div class = \"td-border\"><\/div>\r\n                    <\/div>\r\n                            <\/div>\r\n                        <\/div>\r\n\r\n                    <\/div>\r\n\r\n                <\/div>\r\n                \n<p>Na manh\u00e3 desta segunda-feira (15), foi realizada na sede da Associa\u00e7\u00e3o dos Munic\u00edpios (Assomasul), em Campo Grande, uma reuni\u00e3o da bancada federal de Mato Grosso do Sul com o governador eleito, Reinaldo Azambuja (PSDB). A reuni\u00e3o, convocada pelo deputado federal Vander Loubet (PT) \u2013 coordenador da bancada -, tratou da destina\u00e7\u00e3o de emendas parlamentares individuais e coletivas para o Or\u00e7amento Geral da Uni\u00e3o (OGU) de 2015. Ficou acertado o repasse de 50% das emendas individuais para o Governo do Estado no ano que vem, com o compromisso de que o Estado vai dobrar o valor a ser investido.<\/p>\n<p>\u201cCada um de n\u00f3s, parlamentares, t\u00eam direito a indicar R$ 16 milh\u00f5es de forma individual, sendo que metade tem que ser obrigatoriamente aplicado na \u00e1rea da sa\u00fade conforme foi aprovado pela Lei do Or\u00e7amento Impositivo. Ent\u00e3o, se cada parlamentar repassar ao Governo do Estado a sua cota de R$ 8 milh\u00f5es da sa\u00fade, isso vai representa R$ 88 milh\u00f5es s\u00f3 em emendas para o ano que vem. Isso foi acertado com o Reinaldo por causa do compromisso dele de aplicar R$ 1 do Estado para cada R$ 1 de emenda federal. Ou seja, ser\u00e3o R$ 176 milh\u00f5es a serem investidos na sa\u00fade por esse acordo\u201d, explicou Vander.<\/p>\n<p>Segundo o governador eleito, os R$ 88 milh\u00f5es, somados \u00e0 contrapartida do Estado, ser\u00e3o investidos na estrutura\u00e7\u00e3o de hospitais, compra de equipamentos e at\u00e9 de medicamentos. \u201cEsse recurso ser\u00e1 de extrema import\u00e2ncia porque a sa\u00fade \u00e9 um dos principais problemas dos munic\u00edpios do interior\u201d, avaliou Reinaldo.<\/p>\n<p>Vander Loubet explicou ainda que os parlamentares que quiserem tamb\u00e9m poder\u00e3o seguir o mesmo modelo em rela\u00e7\u00e3o aos restantes R$ 8 milh\u00f5es de emendas individuais, que devem ser destinados para obras de infraestrutura. \u201cO Reinaldo afirmou que mant\u00e9m para a infraestrutura o mesmo compromisso que apresentou para a sa\u00fade. Ou seja, para cada R$ 1 de emenda ele coloca mais R$ 1 pelo Estado. Vejo isso de forma muito positiva para os munic\u00edpios porque vai nos permitir duplicar o investimento\u201d, pontuou o deputado petista.<\/p>\n<p>Por fim, Vander destacou a uni\u00e3o dos parlamentares, que independentemente de partido, sempre trabalharam em conjunto com o Governo do Estado para beneficiar a popula\u00e7\u00e3o. \u201cO Reinaldo ter\u00e1 da bancada federal o mesmo tratamento que o Zeca [do PT] e o Andr\u00e9 [Puccinelli] tiveram. Aquilo que estiver ao nosso alcance ser\u00e1 feito para ajudar o Estado e os munic\u00edpios\u201d, concluiu.<\/p>\n<p>Al\u00e9m de Vander e Reinaldo, estiveram presentes \u00e0 reuni\u00e3o o senador Waldemir Moka (PMDB) e os deputados federais Antonio Carlos Biffi (PT), Akira Otsubo (PMDB) e Geraldo Resende (PMDB). O senador Delc\u00eddio do Amaral (PT) nao pode participar mas enviou um representante.<\/p>\n<p><em>(\u00c9der Yanaguita &#8211; Ascom\/Deputado Vander)<\/em><\/p>\n","protected":false},"excerpt":{"rendered":"<p>Ficou acertado repasse de 50% das emendas individuais para o Estado, com o compromisso de o governo dobrar o valor a ser investido.<\/p>\n","protected":false},"author":2,"featured_media":8584,"comment_status":"closed","ping_status":"closed","sticky":false,"template":"","format":"standard","meta":{"jetpack_post_was_ever_published":false,"_jetpack_newsletter_access":"","_jetpack_dont_email_post_to_subs":false,"_jetpack_newsletter_tier_id":0,"_jetpack_memberships_contains_paywalled_content":false,"_jetpack_memberships_contains_paid_content":false,"footnotes":""},"categories":[2099,10],"tags":[236,2127,1803],"class_list":{"0":"post-8582","1":"post","2":"type-post","3":"status-publish","4":"format-standard","5":"has-post-thumbnail","7":"category-ms-noticias","8":"category-noticias","9":"tag-bancada","10":"tag-emenda-parlamentar","11":"tag-saude"},"yoast_head":"<!-- This site is optimized with the Yoast SEO plugin v27.4 - https:\/\/yoast.com\/product\/yoast-seo-wordpress\/ -->\n<title>Vander destaca acordo da bancada com Reinaldo para emendas na sa\u00fade<\/title>\n<meta name=\"robots\" content=\"index, follow, max-snippet:-1, max-image-preview:large, max-video-preview:-1\" \/>\n<link rel=\"canonical\" href=\"https:\/\/vanderloubet.com.br\/deputado\/vander-destaca-acordo-da-bancada-com-reinaldo-para-emendas-na-saude\/\" \/>\n<meta property=\"og:locale\" content=\"pt_BR\" \/>\n<meta property=\"og:type\" content=\"article\" \/>\n<meta property=\"og:title\" content=\"Vander destaca acordo da bancada com Reinaldo para emendas na sa\u00fade\" \/>\n<meta property=\"og:description\" content=\"Ficou acertado repasse de 50% das emendas individuais para o Estado, com o compromisso de o governo dobrar o valor a ser investido.\" \/>\n<meta property=\"og:url\" content=\"https:\/\/vanderloubet.com.br\/deputado\/vander-destaca-acordo-da-bancada-com-reinaldo-para-emendas-na-saude\/\" \/>\n<meta property=\"og:site_name\" content=\"Deputado Federal Vander Loubet\" \/>\n<meta property=\"article:publisher\" content=\"https:\/\/facebook.com\/deputadovander\" \/>\n<meta property=\"article:published_time\" content=\"2014-12-15T21:18:31+00:00\" \/>\n<meta property=\"article:modified_time\" content=\"2015-05-12T20:34:33+00:00\" \/>\n<meta property=\"og:image\" content=\"https:\/\/vanderloubet.com.br\/deputado\/wp-content\/uploads\/2015\/01\/foto-2014-12-15-vander-reinaldo.jpg\" \/>\n\t<meta property=\"og:image:width\" content=\"1200\" \/>\n\t<meta property=\"og:image:height\" content=\"800\" \/>\n\t<meta property=\"og:image:type\" content=\"image\/jpeg\" \/>\n<meta name=\"author\" content=\"\u00c9der\" \/>\n<meta name=\"twitter:card\" content=\"summary_large_image\" \/>\n<meta name=\"twitter:creator\" content=\"@vanderloubet\" \/>\n<meta name=\"twitter:site\" content=\"@vanderloubet\" \/>\n<script type=\"application\/ld+json\" class=\"yoast-schema-graph\">{\"@context\":\"https:\\\/\\\/schema.org\",\"@graph\":[{\"@type\":\"Article\",\"@id\":\"https:\\\/\\\/vanderloubet.com.br\\\/deputado\\\/vander-destaca-acordo-da-bancada-com-reinaldo-para-emendas-na-saude\\\/#article\",\"isPartOf\":{\"@id\":\"https:\\\/\\\/vanderloubet.com.br\\\/deputado\\\/vander-destaca-acordo-da-bancada-com-reinaldo-para-emendas-na-saude\\\/\"},\"author\":{\"name\":\"\u00c9der\",\"@id\":\"https:\\\/\\\/vanderloubet.com.br\\\/deputado\\\/#\\\/schema\\\/person\\\/15b51bd564532a8a68d9dec1b8eb890e\"},\"headline\":\"Vander destaca acordo da bancada com Reinaldo para emendas na sa\u00fade\",\"datePublished\":\"2014-12-15T21:18:31+00:00\",\"dateModified\":\"2015-05-12T20:34:33+00:00\",\"mainEntityOfPage\":{\"@id\":\"https:\\\/\\\/vanderloubet.com.br\\\/deputado\\\/vander-destaca-acordo-da-bancada-com-reinaldo-para-emendas-na-saude\\\/\"},\"wordCount\":487,\"publisher\":{\"@id\":\"https:\\\/\\\/vanderloubet.com.br\\\/deputado\\\/#organization\"},\"image\":{\"@id\":\"https:\\\/\\\/vanderloubet.com.br\\\/deputado\\\/vander-destaca-acordo-da-bancada-com-reinaldo-para-emendas-na-saude\\\/#primaryimage\"},\"thumbnailUrl\":\"https:\\\/\\\/vanderloubet.com.br\\\/deputado\\\/wp-content\\\/uploads\\\/2015\\\/01\\\/foto-2014-12-15-vander-reinaldo.jpg\",\"keywords\":[\"bancada\",\"emenda parlamentar\",\"sa\u00fade\"],\"articleSection\":[\"Mato Grosso do Sul\",\"Not\u00edcias\"],\"inLanguage\":\"pt-BR\"},{\"@type\":\"WebPage\",\"@id\":\"https:\\\/\\\/vanderloubet.com.br\\\/deputado\\\/vander-destaca-acordo-da-bancada-com-reinaldo-para-emendas-na-saude\\\/\",\"url\":\"https:\\\/\\\/vanderloubet.com.br\\\/deputado\\\/vander-destaca-acordo-da-bancada-com-reinaldo-para-emendas-na-saude\\\/\",\"name\":\"Vander destaca acordo da bancada com Reinaldo para emendas na sa\u00fade\",\"isPartOf\":{\"@id\":\"https:\\\/\\\/vanderloubet.com.br\\\/deputado\\\/#website\"},\"primaryImageOfPage\":{\"@id\":\"https:\\\/\\\/vanderloubet.com.br\\\/deputado\\\/vander-destaca-acordo-da-bancada-com-reinaldo-para-emendas-na-saude\\\/#primaryimage\"},\"image\":{\"@id\":\"https:\\\/\\\/vanderloubet.com.br\\\/deputado\\\/vander-destaca-acordo-da-bancada-com-reinaldo-para-emendas-na-saude\\\/#primaryimage\"},\"thumbnailUrl\":\"https:\\\/\\\/vanderloubet.com.br\\\/deputado\\\/wp-content\\\/uploads\\\/2015\\\/01\\\/foto-2014-12-15-vander-reinaldo.jpg\",\"datePublished\":\"2014-12-15T21:18:31+00:00\",\"dateModified\":\"2015-05-12T20:34:33+00:00\",\"breadcrumb\":{\"@id\":\"https:\\\/\\\/vanderloubet.com.br\\\/deputado\\\/vander-destaca-acordo-da-bancada-com-reinaldo-para-emendas-na-saude\\\/#breadcrumb\"},\"inLanguage\":\"pt-BR\",\"potentialAction\":[{\"@type\":\"ReadAction\",\"target\":[\"https:\\\/\\\/vanderloubet.com.br\\\/deputado\\\/vander-destaca-acordo-da-bancada-com-reinaldo-para-emendas-na-saude\\\/\"]}]},{\"@type\":\"ImageObject\",\"inLanguage\":\"pt-BR\",\"@id\":\"https:\\\/\\\/vanderloubet.com.br\\\/deputado\\\/vander-destaca-acordo-da-bancada-com-reinaldo-para-emendas-na-saude\\\/#primaryimage\",\"url\":\"https:\\\/\\\/vanderloubet.com.br\\\/deputado\\\/wp-content\\\/uploads\\\/2015\\\/01\\\/foto-2014-12-15-vander-reinaldo.jpg\",\"contentUrl\":\"https:\\\/\\\/vanderloubet.com.br\\\/deputado\\\/wp-content\\\/uploads\\\/2015\\\/01\\\/foto-2014-12-15-vander-reinaldo.jpg\",\"width\":1200,\"height\":800,\"caption\":\"Vander e Reinaldo d\u00e3o entrevista ap\u00f3s reuni\u00e3o da bancada\"},{\"@type\":\"BreadcrumbList\",\"@id\":\"https:\\\/\\\/vanderloubet.com.br\\\/deputado\\\/vander-destaca-acordo-da-bancada-com-reinaldo-para-emendas-na-saude\\\/#breadcrumb\",\"itemListElement\":[{\"@type\":\"ListItem\",\"position\":1,\"name\":\"In\u00edcio\",\"item\":\"https:\\\/\\\/vanderloubet.com.br\\\/deputado\\\/\"},{\"@type\":\"ListItem\",\"position\":2,\"name\":\"Vander destaca acordo da bancada com Reinaldo para emendas na sa\u00fade\"}]},{\"@type\":\"WebSite\",\"@id\":\"https:\\\/\\\/vanderloubet.com.br\\\/deputado\\\/#website\",\"url\":\"https:\\\/\\\/vanderloubet.com.br\\\/deputado\\\/\",\"name\":\"Deputado Federal Vander Loubet\",\"description\":\"O Federal de MS\",\"publisher\":{\"@id\":\"https:\\\/\\\/vanderloubet.com.br\\\/deputado\\\/#organization\"},\"alternateName\":\"Deputado Vander\",\"potentialAction\":[{\"@type\":\"SearchAction\",\"target\":{\"@type\":\"EntryPoint\",\"urlTemplate\":\"https:\\\/\\\/vanderloubet.com.br\\\/deputado\\\/?s={search_term_string}\"},\"query-input\":{\"@type\":\"PropertyValueSpecification\",\"valueRequired\":true,\"valueName\":\"search_term_string\"}}],\"inLanguage\":\"pt-BR\"},{\"@type\":\"Organization\",\"@id\":\"https:\\\/\\\/vanderloubet.com.br\\\/deputado\\\/#organization\",\"name\":\"Deputado Federal Vander Loubet\",\"alternateName\":\"Deputado Vander\",\"url\":\"https:\\\/\\\/vanderloubet.com.br\\\/deputado\\\/\",\"logo\":{\"@type\":\"ImageObject\",\"inLanguage\":\"pt-BR\",\"@id\":\"https:\\\/\\\/vanderloubet.com.br\\\/deputado\\\/#\\\/schema\\\/logo\\\/image\\\/\",\"url\":\"https:\\\/\\\/vanderloubet.com.br\\\/deputado\\\/wp-content\\\/uploads\\\/2023\\\/06\\\/foto-2023-06-19-mandato-deputado-vander.jpg\",\"contentUrl\":\"https:\\\/\\\/vanderloubet.com.br\\\/deputado\\\/wp-content\\\/uploads\\\/2023\\\/06\\\/foto-2023-06-19-mandato-deputado-vander.jpg\",\"width\":1080,\"height\":1080,\"caption\":\"Deputado Federal Vander Loubet\"},\"image\":{\"@id\":\"https:\\\/\\\/vanderloubet.com.br\\\/deputado\\\/#\\\/schema\\\/logo\\\/image\\\/\"},\"sameAs\":[\"https:\\\/\\\/facebook.com\\\/deputadovander\",\"https:\\\/\\\/x.com\\\/vanderloubet\",\"https:\\\/\\\/instagram.com\\\/vanderloubet\",\"https:\\\/\\\/youtube.com\\\/vanderloubet\",\"https:\\\/\\\/tiktok.com\\\/@vanderloubetms\"]},{\"@type\":\"Person\",\"@id\":\"https:\\\/\\\/vanderloubet.com.br\\\/deputado\\\/#\\\/schema\\\/person\\\/15b51bd564532a8a68d9dec1b8eb890e\",\"name\":\"\u00c9der\",\"image\":{\"@type\":\"ImageObject\",\"inLanguage\":\"pt-BR\",\"@id\":\"https:\\\/\\\/vanderloubet.com.br\\\/deputado\\\/wp-content\\\/litespeed\\\/avatar\\\/88ca4090d9d5ab1c9495f6ca03b68efa.jpg?ver=1777058957\",\"url\":\"https:\\\/\\\/vanderloubet.com.br\\\/deputado\\\/wp-content\\\/litespeed\\\/avatar\\\/88ca4090d9d5ab1c9495f6ca03b68efa.jpg?ver=1777058957\",\"contentUrl\":\"https:\\\/\\\/vanderloubet.com.br\\\/deputado\\\/wp-content\\\/litespeed\\\/avatar\\\/88ca4090d9d5ab1c9495f6ca03b68efa.jpg?ver=1777058957\",\"caption\":\"\u00c9der\"}}]}<\/script>\n<!-- \/ Yoast SEO plugin. -->","yoast_head_json":{"title":"Vander destaca acordo da bancada com Reinaldo para emendas na sa\u00fade","robots":{"index":"index","follow":"follow","max-snippet":"max-snippet:-1","max-image-preview":"max-image-preview:large","max-video-preview":"max-video-preview:-1"},"canonical":"https:\/\/vanderloubet.com.br\/deputado\/vander-destaca-acordo-da-bancada-com-reinaldo-para-emendas-na-saude\/","og_locale":"pt_BR","og_type":"article","og_title":"Vander destaca acordo da bancada com Reinaldo para emendas na sa\u00fade","og_description":"Ficou acertado repasse de 50% das emendas individuais para o Estado, com o compromisso de o governo dobrar o valor a ser investido.","og_url":"https:\/\/vanderloubet.com.br\/deputado\/vander-destaca-acordo-da-bancada-com-reinaldo-para-emendas-na-saude\/","og_site_name":"Deputado Federal Vander Loubet","article_publisher":"https:\/\/facebook.com\/deputadovander","article_published_time":"2014-12-15T21:18:31+00:00","article_modified_time":"2015-05-12T20:34:33+00:00","og_image":[{"width":1200,"height":800,"url":"https:\/\/vanderloubet.com.br\/deputado\/wp-content\/uploads\/2015\/01\/foto-2014-12-15-vander-reinaldo.jpg","type":"image\/jpeg"}],"author":"\u00c9der","twitter_card":"summary_large_image","twitter_creator":"@vanderloubet","twitter_site":"@vanderloubet","schema":{"@context":"https:\/\/schema.org","@graph":[{"@type":"Article","@id":"https:\/\/vanderloubet.com.br\/deputado\/vander-destaca-acordo-da-bancada-com-reinaldo-para-emendas-na-saude\/#article","isPartOf":{"@id":"https:\/\/vanderloubet.com.br\/deputado\/vander-destaca-acordo-da-bancada-com-reinaldo-para-emendas-na-saude\/"},"author":{"name":"\u00c9der","@id":"https:\/\/vanderloubet.com.br\/deputado\/#\/schema\/person\/15b51bd564532a8a68d9dec1b8eb890e"},"headline":"Vander destaca acordo da bancada com Reinaldo para emendas na sa\u00fade","datePublished":"2014-12-15T21:18:31+00:00","dateModified":"2015-05-12T20:34:33+00:00","mainEntityOfPage":{"@id":"https:\/\/vanderloubet.com.br\/deputado\/vander-destaca-acordo-da-bancada-com-reinaldo-para-emendas-na-saude\/"},"wordCount":487,"publisher":{"@id":"https:\/\/vanderloubet.com.br\/deputado\/#organization"},"image":{"@id":"https:\/\/vanderloubet.com.br\/deputado\/vander-destaca-acordo-da-bancada-com-reinaldo-para-emendas-na-saude\/#primaryimage"},"thumbnailUrl":"https:\/\/vanderloubet.com.br\/deputado\/wp-content\/uploads\/2015\/01\/foto-2014-12-15-vander-reinaldo.jpg","keywords":["bancada","emenda parlamentar","sa\u00fade"],"articleSection":["Mato Grosso do Sul","Not\u00edcias"],"inLanguage":"pt-BR"},{"@type":"WebPage","@id":"https:\/\/vanderloubet.com.br\/deputado\/vander-destaca-acordo-da-bancada-com-reinaldo-para-emendas-na-saude\/","url":"https:\/\/vanderloubet.com.br\/deputado\/vander-destaca-acordo-da-bancada-com-reinaldo-para-emendas-na-saude\/","name":"Vander destaca acordo da bancada com Reinaldo para emendas na sa\u00fade","isPartOf":{"@id":"https:\/\/vanderloubet.com.br\/deputado\/#website"},"primaryImageOfPage":{"@id":"https:\/\/vanderloubet.com.br\/deputado\/vander-destaca-acordo-da-bancada-com-reinaldo-para-emendas-na-saude\/#primaryimage"},"image":{"@id":"https:\/\/vanderloubet.com.br\/deputado\/vander-destaca-acordo-da-bancada-com-reinaldo-para-emendas-na-saude\/#primaryimage"},"thumbnailUrl":"https:\/\/vanderloubet.com.br\/deputado\/wp-content\/uploads\/2015\/01\/foto-2014-12-15-vander-reinaldo.jpg","datePublished":"2014-12-15T21:18:31+00:00","dateModified":"2015-05-12T20:34:33+00:00","breadcrumb":{"@id":"https:\/\/vanderloubet.com.br\/deputado\/vander-destaca-acordo-da-bancada-com-reinaldo-para-emendas-na-saude\/#breadcrumb"},"inLanguage":"pt-BR","potentialAction":[{"@type":"ReadAction","target":["https:\/\/vanderloubet.com.br\/deputado\/vander-destaca-acordo-da-bancada-com-reinaldo-para-emendas-na-saude\/"]}]},{"@type":"ImageObject","inLanguage":"pt-BR","@id":"https:\/\/vanderloubet.com.br\/deputado\/vander-destaca-acordo-da-bancada-com-reinaldo-para-emendas-na-saude\/#primaryimage","url":"https:\/\/vanderloubet.com.br\/deputado\/wp-content\/uploads\/2015\/01\/foto-2014-12-15-vander-reinaldo.jpg","contentUrl":"https:\/\/vanderloubet.com.br\/deputado\/wp-content\/uploads\/2015\/01\/foto-2014-12-15-vander-reinaldo.jpg","width":1200,"height":800,"caption":"Vander e Reinaldo d\u00e3o entrevista ap\u00f3s reuni\u00e3o da bancada"},{"@type":"BreadcrumbList","@id":"https:\/\/vanderloubet.com.br\/deputado\/vander-destaca-acordo-da-bancada-com-reinaldo-para-emendas-na-saude\/#breadcrumb","itemListElement":[{"@type":"ListItem","position":1,"name":"In\u00edcio","item":"https:\/\/vanderloubet.com.br\/deputado\/"},{"@type":"ListItem","position":2,"name":"Vander destaca acordo da bancada com Reinaldo para emendas na sa\u00fade"}]},{"@type":"WebSite","@id":"https:\/\/vanderloubet.com.br\/deputado\/#website","url":"https:\/\/vanderloubet.com.br\/deputado\/","name":"Deputado Federal Vander Loubet","description":"O Federal de MS","publisher":{"@id":"https:\/\/vanderloubet.com.br\/deputado\/#organization"},"alternateName":"Deputado Vander","potentialAction":[{"@type":"SearchAction","target":{"@type":"EntryPoint","urlTemplate":"https:\/\/vanderloubet.com.br\/deputado\/?s={search_term_string}"},"query-input":{"@type":"PropertyValueSpecification","valueRequired":true,"valueName":"search_term_string"}}],"inLanguage":"pt-BR"},{"@type":"Organization","@id":"https:\/\/vanderloubet.com.br\/deputado\/#organization","name":"Deputado Federal Vander Loubet","alternateName":"Deputado Vander","url":"https:\/\/vanderloubet.com.br\/deputado\/","logo":{"@type":"ImageObject","inLanguage":"pt-BR","@id":"https:\/\/vanderloubet.com.br\/deputado\/#\/schema\/logo\/image\/","url":"https:\/\/vanderloubet.com.br\/deputado\/wp-content\/uploads\/2023\/06\/foto-2023-06-19-mandato-deputado-vander.jpg","contentUrl":"https:\/\/vanderloubet.com.br\/deputado\/wp-content\/uploads\/2023\/06\/foto-2023-06-19-mandato-deputado-vander.jpg","width":1080,"height":1080,"caption":"Deputado Federal Vander Loubet"},"image":{"@id":"https:\/\/vanderloubet.com.br\/deputado\/#\/schema\/logo\/image\/"},"sameAs":["https:\/\/facebook.com\/deputadovander","https:\/\/x.com\/vanderloubet","https:\/\/instagram.com\/vanderloubet","https:\/\/youtube.com\/vanderloubet","https:\/\/tiktok.com\/@vanderloubetms"]},{"@type":"Person","@id":"https:\/\/vanderloubet.com.br\/deputado\/#\/schema\/person\/15b51bd564532a8a68d9dec1b8eb890e","name":"\u00c9der","image":{"@type":"ImageObject","inLanguage":"pt-BR","@id":"https:\/\/vanderloubet.com.br\/deputado\/wp-content\/litespeed\/avatar\/88ca4090d9d5ab1c9495f6ca03b68efa.jpg?ver=1777058957","url":"https:\/\/vanderloubet.com.br\/deputado\/wp-content\/litespeed\/avatar\/88ca4090d9d5ab1c9495f6ca03b68efa.jpg?ver=1777058957","contentUrl":"https:\/\/vanderloubet.com.br\/deputado\/wp-content\/litespeed\/avatar\/88ca4090d9d5ab1c9495f6ca03b68efa.jpg?ver=1777058957","caption":"\u00c9der"}}]}},"jetpack_featured_media_url":"https:\/\/vanderloubet.com.br\/deputado\/wp-content\/uploads\/2015\/01\/foto-2014-12-15-vander-reinaldo.jpg","jetpack_sharing_enabled":true,"_links":{"self":[{"href":"https:\/\/vanderloubet.com.br\/deputado\/wp-json\/wp\/v2\/posts\/8582","targetHints":{"allow":["GET"]}}],"collection":[{"href":"https:\/\/vanderloubet.com.br\/deputado\/wp-json\/wp\/v2\/posts"}],"about":[{"href":"https:\/\/vanderloubet.com.br\/deputado\/wp-json\/wp\/v2\/types\/post"}],"author":[{"embeddable":true,"href":"https:\/\/vanderloubet.com.br\/deputado\/wp-json\/wp\/v2\/users\/2"}],"replies":[{"embeddable":true,"href":"https:\/\/vanderloubet.com.br\/deputado\/wp-json\/wp\/v2\/comments?post=8582"}],"version-history":[{"count":0,"href":"https:\/\/vanderloubet.com.br\/deputado\/wp-json\/wp\/v2\/posts\/8582\/revisions"}],"wp:featuredmedia":[{"embeddable":true,"href":"https:\/\/vanderloubet.com.br\/deputado\/wp-json\/wp\/v2\/media\/8584"}],"wp:attachment":[{"href":"https:\/\/vanderloubet.com.br\/deputado\/wp-json\/wp\/v2\/media?parent=8582"}],"wp:term":[{"taxonomy":"category","embeddable":true,"href":"https:\/\/vanderloubet.com.br\/deputado\/wp-json\/wp\/v2\/categories?post=8582"},{"taxonomy":"post_tag","embeddable":true,"href":"https:\/\/vanderloubet.com.br\/deputado\/wp-json\/wp\/v2\/tags?post=8582"}],"curies":[{"name":"wp","href":"https:\/\/api.w.org\/{rel}","templated":true}]}}