{"id":8573,"date":"2014-12-19T09:30:29","date_gmt":"2014-12-19T12:30:29","guid":{"rendered":"http:\/\/vanderloubet.com.br\/deputado\/?p=8573"},"modified":"2015-02-05T18:15:01","modified_gmt":"2015-02-05T21:15:01","slug":"prefeitura-de-navirai-vai-licitar-emenda-de-vander-para-asfalto-no-bnh-velho","status":"publish","type":"post","link":"https:\/\/vanderloubet.com.br\/deputado\/prefeitura-de-navirai-vai-licitar-emenda-de-vander-para-asfalto-no-bnh-velho\/","title":{"rendered":"Prefeitura de Navira\u00ed vai licitar emenda de Vander para asfalto no BNH Velho"},"content":{"rendered":"<figure id=\"attachment_8574\" aria-describedby=\"caption-attachment-8574\" style=\"width: 700px\" class=\"wp-caption alignnone\"><img decoding=\"async\" class=\"wp-image-8574 size-large\" title=\"Navira\u00ed receber\u00e1 asfalto com emenda de Vander\" src=\"http:\/\/vanderloubet.com.br\/deputado\/wp-content\/uploads\/2015\/01\/foto-2014-12-19-asfalto-navirai-700x468.jpg\" alt=\"Navira\u00ed receber\u00e1 asfalto com emenda de Vander\" width=\"700\" height=\"468\" srcset=\"https:\/\/vanderloubet.com.br\/deputado\/wp-content\/uploads\/2015\/01\/foto-2014-12-19-asfalto-navirai-700x468.jpg 700w, https:\/\/vanderloubet.com.br\/deputado\/wp-content\/uploads\/2015\/01\/foto-2014-12-19-asfalto-navirai-350x234.jpg 350w, https:\/\/vanderloubet.com.br\/deputado\/wp-content\/uploads\/2015\/01\/foto-2014-12-19-asfalto-navirai-768x514.jpg 768w, https:\/\/vanderloubet.com.br\/deputado\/wp-content\/uploads\/2015\/01\/foto-2014-12-19-asfalto-navirai-628x420.jpg 628w, https:\/\/vanderloubet.com.br\/deputado\/wp-content\/uploads\/2015\/01\/foto-2014-12-19-asfalto-navirai-696x466.jpg 696w, https:\/\/vanderloubet.com.br\/deputado\/wp-content\/uploads\/2015\/01\/foto-2014-12-19-asfalto-navirai.jpg 1024w\" sizes=\"(max-width: 700px) 100vw, 700px\" \/><figcaption id=\"caption-attachment-8574\" class=\"wp-caption-text\">Navira\u00ed receber\u00e1 asfalto com emenda de Vander<\/figcaption><\/figure>\n<p>A Prefeitura de Navira\u00ed recebeu da Caixa Econ\u00f4mica Federal (CEF) autoriza\u00e7\u00e3o para licitar e contratar empresa para recapeamento da Rua Andr\u00e9 Rodrigues, no Bairro BNH Velho. Na obra ser\u00e3o investidos R$ 295 mil provenientes de emenda parlamentar do deputado federal Vander Loubet (PT).<\/p>\n<p>&#8220;Obtivemos da Caixa o sinal verde para fazermos a licita\u00e7\u00e3o e o mais breve poss\u00edvel daremos in\u00edcio a essas obras, t\u00e3o esperadas pela popula\u00e7\u00e3o&#8221;, disse o prefeito L\u00e9o Matos (PV).<\/p>\n<p>J\u00e1 o vice-prefeito Jair Alves (PT) destacou o benef\u00edcio que a obra viabilizada pelo deputado Vander vai garantir para a popula\u00e7\u00e3o. &#8220;A via ser\u00e1 duplicada e recapeada melhorando o tr\u00e1fego na comunidade&#8221;.<\/p>\n<p><em>(Fonte: Prefeitura de Navira\u00ed)<\/em><\/p>\n","protected":false},"excerpt":{"rendered":"<p>Rua Andr\u00e9 Rodrigues, no Bairro BNH Velho, receber\u00e1 investimento de R$ 295 mil provenientes de emenda parlamentar do deputado Vander.<\/p>\n","protected":false},"author":2,"featured_media":8574,"comment_status":"closed","ping_status":"closed","sticky":false,"template":"","format":"standard","meta":{"jetpack_post_was_ever_published":false,"_jetpack_newsletter_access":"","_jetpack_dont_email_post_to_subs":false,"_jetpack_newsletter_tier_id":0,"_jetpack_memberships_contains_paywalled_content":false,"_jetpack_memberships_contains_paid_content":false,"footnotes":""},"categories":[2097,10],"tags":[2127,1028,1366],"class_list":{"0":"post-8573","1":"post","2":"type-post","3":"status-publish","4":"format-standard","5":"has-post-thumbnail","7":"category-municipios-noticias","8":"category-noticias","9":"tag-emenda-parlamentar","10":"tag-infraestrutura","11":"tag-navirai"},"yoast_head":"<!-- This site is optimized with the Yoast SEO plugin v27.4 - https:\/\/yoast.com\/product\/yoast-seo-wordpress\/ -->\n<title>Prefeitura de Navira\u00ed vai licitar emenda de Vander para asfalto no BNH Velho<\/title>\n<meta name=\"robots\" content=\"index, follow, max-snippet:-1, max-image-preview:large, max-video-preview:-1\" \/>\n<link rel=\"canonical\" href=\"https:\/\/vanderloubet.com.br\/deputado\/prefeitura-de-navirai-vai-licitar-emenda-de-vander-para-asfalto-no-bnh-velho\/\" \/>\n<meta property=\"og:locale\" content=\"pt_BR\" \/>\n<meta property=\"og:type\" content=\"article\" \/>\n<meta property=\"og:title\" content=\"Prefeitura de Navira\u00ed vai licitar emenda de Vander para asfalto no BNH Velho\" \/>\n<meta property=\"og:description\" content=\"Rua Andr\u00e9 Rodrigues, no Bairro BNH Velho, receber\u00e1 investimento de R$ 295 mil provenientes de emenda parlamentar do deputado Vander.\" \/>\n<meta property=\"og:url\" content=\"https:\/\/vanderloubet.com.br\/deputado\/prefeitura-de-navirai-vai-licitar-emenda-de-vander-para-asfalto-no-bnh-velho\/\" \/>\n<meta property=\"og:site_name\" content=\"Deputado Federal Vander Loubet\" \/>\n<meta property=\"article:publisher\" content=\"https:\/\/facebook.com\/deputadovander\" \/>\n<meta property=\"article:published_time\" content=\"2014-12-19T12:30:29+00:00\" \/>\n<meta property=\"article:modified_time\" content=\"2015-02-05T21:15:01+00:00\" \/>\n<meta property=\"og:image\" content=\"https:\/\/vanderloubet.com.br\/deputado\/wp-content\/uploads\/2015\/01\/foto-2014-12-19-asfalto-navirai.jpg\" \/>\n\t<meta property=\"og:image:width\" content=\"1024\" \/>\n\t<meta property=\"og:image:height\" content=\"685\" \/>\n\t<meta property=\"og:image:type\" content=\"image\/jpeg\" \/>\n<meta name=\"author\" content=\"\u00c9der\" \/>\n<meta name=\"twitter:card\" content=\"summary_large_image\" \/>\n<meta name=\"twitter:creator\" content=\"@vanderloubet\" \/>\n<meta name=\"twitter:site\" content=\"@vanderloubet\" \/>\n<script type=\"application\/ld+json\" class=\"yoast-schema-graph\">{\"@context\":\"https:\\\/\\\/schema.org\",\"@graph\":[{\"@type\":\"Article\",\"@id\":\"https:\\\/\\\/vanderloubet.com.br\\\/deputado\\\/prefeitura-de-navirai-vai-licitar-emenda-de-vander-para-asfalto-no-bnh-velho\\\/#article\",\"isPartOf\":{\"@id\":\"https:\\\/\\\/vanderloubet.com.br\\\/deputado\\\/prefeitura-de-navirai-vai-licitar-emenda-de-vander-para-asfalto-no-bnh-velho\\\/\"},\"author\":{\"name\":\"\u00c9der\",\"@id\":\"https:\\\/\\\/vanderloubet.com.br\\\/deputado\\\/#\\\/schema\\\/person\\\/15b51bd564532a8a68d9dec1b8eb890e\"},\"headline\":\"Prefeitura de Navira\u00ed vai licitar emenda de Vander para asfalto no BNH Velho\",\"datePublished\":\"2014-12-19T12:30:29+00:00\",\"dateModified\":\"2015-02-05T21:15:01+00:00\",\"mainEntityOfPage\":{\"@id\":\"https:\\\/\\\/vanderloubet.com.br\\\/deputado\\\/prefeitura-de-navirai-vai-licitar-emenda-de-vander-para-asfalto-no-bnh-velho\\\/\"},\"wordCount\":147,\"publisher\":{\"@id\":\"https:\\\/\\\/vanderloubet.com.br\\\/deputado\\\/#organization\"},\"image\":{\"@id\":\"https:\\\/\\\/vanderloubet.com.br\\\/deputado\\\/prefeitura-de-navirai-vai-licitar-emenda-de-vander-para-asfalto-no-bnh-velho\\\/#primaryimage\"},\"thumbnailUrl\":\"https:\\\/\\\/vanderloubet.com.br\\\/deputado\\\/wp-content\\\/uploads\\\/2015\\\/01\\\/foto-2014-12-19-asfalto-navirai.jpg\",\"keywords\":[\"emenda parlamentar\",\"infraestrutura\",\"navira\u00ed\"],\"articleSection\":[\"Munic\u00edpios\",\"Not\u00edcias\"],\"inLanguage\":\"pt-BR\"},{\"@type\":\"WebPage\",\"@id\":\"https:\\\/\\\/vanderloubet.com.br\\\/deputado\\\/prefeitura-de-navirai-vai-licitar-emenda-de-vander-para-asfalto-no-bnh-velho\\\/\",\"url\":\"https:\\\/\\\/vanderloubet.com.br\\\/deputado\\\/prefeitura-de-navirai-vai-licitar-emenda-de-vander-para-asfalto-no-bnh-velho\\\/\",\"name\":\"Prefeitura de Navira\u00ed vai licitar emenda de Vander para asfalto no BNH Velho\",\"isPartOf\":{\"@id\":\"https:\\\/\\\/vanderloubet.com.br\\\/deputado\\\/#website\"},\"primaryImageOfPage\":{\"@id\":\"https:\\\/\\\/vanderloubet.com.br\\\/deputado\\\/prefeitura-de-navirai-vai-licitar-emenda-de-vander-para-asfalto-no-bnh-velho\\\/#primaryimage\"},\"image\":{\"@id\":\"https:\\\/\\\/vanderloubet.com.br\\\/deputado\\\/prefeitura-de-navirai-vai-licitar-emenda-de-vander-para-asfalto-no-bnh-velho\\\/#primaryimage\"},\"thumbnailUrl\":\"https:\\\/\\\/vanderloubet.com.br\\\/deputado\\\/wp-content\\\/uploads\\\/2015\\\/01\\\/foto-2014-12-19-asfalto-navirai.jpg\",\"datePublished\":\"2014-12-19T12:30:29+00:00\",\"dateModified\":\"2015-02-05T21:15:01+00:00\",\"breadcrumb\":{\"@id\":\"https:\\\/\\\/vanderloubet.com.br\\\/deputado\\\/prefeitura-de-navirai-vai-licitar-emenda-de-vander-para-asfalto-no-bnh-velho\\\/#breadcrumb\"},\"inLanguage\":\"pt-BR\",\"potentialAction\":[{\"@type\":\"ReadAction\",\"target\":[\"https:\\\/\\\/vanderloubet.com.br\\\/deputado\\\/prefeitura-de-navirai-vai-licitar-emenda-de-vander-para-asfalto-no-bnh-velho\\\/\"]}]},{\"@type\":\"ImageObject\",\"inLanguage\":\"pt-BR\",\"@id\":\"https:\\\/\\\/vanderloubet.com.br\\\/deputado\\\/prefeitura-de-navirai-vai-licitar-emenda-de-vander-para-asfalto-no-bnh-velho\\\/#primaryimage\",\"url\":\"https:\\\/\\\/vanderloubet.com.br\\\/deputado\\\/wp-content\\\/uploads\\\/2015\\\/01\\\/foto-2014-12-19-asfalto-navirai.jpg\",\"contentUrl\":\"https:\\\/\\\/vanderloubet.com.br\\\/deputado\\\/wp-content\\\/uploads\\\/2015\\\/01\\\/foto-2014-12-19-asfalto-navirai.jpg\",\"width\":1024,\"height\":685,\"caption\":\"Navira\u00ed receber\u00e1 asfalto com emenda de Vander\"},{\"@type\":\"BreadcrumbList\",\"@id\":\"https:\\\/\\\/vanderloubet.com.br\\\/deputado\\\/prefeitura-de-navirai-vai-licitar-emenda-de-vander-para-asfalto-no-bnh-velho\\\/#breadcrumb\",\"itemListElement\":[{\"@type\":\"ListItem\",\"position\":1,\"name\":\"In\u00edcio\",\"item\":\"https:\\\/\\\/vanderloubet.com.br\\\/deputado\\\/\"},{\"@type\":\"ListItem\",\"position\":2,\"name\":\"Prefeitura de Navira\u00ed vai licitar emenda de Vander para asfalto no BNH Velho\"}]},{\"@type\":\"WebSite\",\"@id\":\"https:\\\/\\\/vanderloubet.com.br\\\/deputado\\\/#website\",\"url\":\"https:\\\/\\\/vanderloubet.com.br\\\/deputado\\\/\",\"name\":\"Deputado Federal Vander Loubet\",\"description\":\"O Federal de MS\",\"publisher\":{\"@id\":\"https:\\\/\\\/vanderloubet.com.br\\\/deputado\\\/#organization\"},\"alternateName\":\"Deputado Vander\",\"potentialAction\":[{\"@type\":\"SearchAction\",\"target\":{\"@type\":\"EntryPoint\",\"urlTemplate\":\"https:\\\/\\\/vanderloubet.com.br\\\/deputado\\\/?s={search_term_string}\"},\"query-input\":{\"@type\":\"PropertyValueSpecification\",\"valueRequired\":true,\"valueName\":\"search_term_string\"}}],\"inLanguage\":\"pt-BR\"},{\"@type\":\"Organization\",\"@id\":\"https:\\\/\\\/vanderloubet.com.br\\\/deputado\\\/#organization\",\"name\":\"Deputado Federal Vander Loubet\",\"alternateName\":\"Deputado Vander\",\"url\":\"https:\\\/\\\/vanderloubet.com.br\\\/deputado\\\/\",\"logo\":{\"@type\":\"ImageObject\",\"inLanguage\":\"pt-BR\",\"@id\":\"https:\\\/\\\/vanderloubet.com.br\\\/deputado\\\/#\\\/schema\\\/logo\\\/image\\\/\",\"url\":\"https:\\\/\\\/vanderloubet.com.br\\\/deputado\\\/wp-content\\\/uploads\\\/2023\\\/06\\\/foto-2023-06-19-mandato-deputado-vander.jpg\",\"contentUrl\":\"https:\\\/\\\/vanderloubet.com.br\\\/deputado\\\/wp-content\\\/uploads\\\/2023\\\/06\\\/foto-2023-06-19-mandato-deputado-vander.jpg\",\"width\":1080,\"height\":1080,\"caption\":\"Deputado Federal Vander Loubet\"},\"image\":{\"@id\":\"https:\\\/\\\/vanderloubet.com.br\\\/deputado\\\/#\\\/schema\\\/logo\\\/image\\\/\"},\"sameAs\":[\"https:\\\/\\\/facebook.com\\\/deputadovander\",\"https:\\\/\\\/x.com\\\/vanderloubet\",\"https:\\\/\\\/instagram.com\\\/vanderloubet\",\"https:\\\/\\\/youtube.com\\\/vanderloubet\",\"https:\\\/\\\/tiktok.com\\\/@vanderloubetms\"]},{\"@type\":\"Person\",\"@id\":\"https:\\\/\\\/vanderloubet.com.br\\\/deputado\\\/#\\\/schema\\\/person\\\/15b51bd564532a8a68d9dec1b8eb890e\",\"name\":\"\u00c9der\",\"image\":{\"@type\":\"ImageObject\",\"inLanguage\":\"pt-BR\",\"@id\":\"https:\\\/\\\/vanderloubet.com.br\\\/deputado\\\/wp-content\\\/litespeed\\\/avatar\\\/88ca4090d9d5ab1c9495f6ca03b68efa.jpg?ver=1777058957\",\"url\":\"https:\\\/\\\/vanderloubet.com.br\\\/deputado\\\/wp-content\\\/litespeed\\\/avatar\\\/88ca4090d9d5ab1c9495f6ca03b68efa.jpg?ver=1777058957\",\"contentUrl\":\"https:\\\/\\\/vanderloubet.com.br\\\/deputado\\\/wp-content\\\/litespeed\\\/avatar\\\/88ca4090d9d5ab1c9495f6ca03b68efa.jpg?ver=1777058957\",\"caption\":\"\u00c9der\"}}]}<\/script>\n<!-- \/ Yoast SEO plugin. -->","yoast_head_json":{"title":"Prefeitura de Navira\u00ed vai licitar emenda de Vander para asfalto no BNH Velho","robots":{"index":"index","follow":"follow","max-snippet":"max-snippet:-1","max-image-preview":"max-image-preview:large","max-video-preview":"max-video-preview:-1"},"canonical":"https:\/\/vanderloubet.com.br\/deputado\/prefeitura-de-navirai-vai-licitar-emenda-de-vander-para-asfalto-no-bnh-velho\/","og_locale":"pt_BR","og_type":"article","og_title":"Prefeitura de Navira\u00ed vai licitar emenda de Vander para asfalto no BNH Velho","og_description":"Rua Andr\u00e9 Rodrigues, no Bairro BNH Velho, receber\u00e1 investimento de R$ 295 mil provenientes de emenda parlamentar do deputado Vander.","og_url":"https:\/\/vanderloubet.com.br\/deputado\/prefeitura-de-navirai-vai-licitar-emenda-de-vander-para-asfalto-no-bnh-velho\/","og_site_name":"Deputado Federal Vander Loubet","article_publisher":"https:\/\/facebook.com\/deputadovander","article_published_time":"2014-12-19T12:30:29+00:00","article_modified_time":"2015-02-05T21:15:01+00:00","og_image":[{"width":1024,"height":685,"url":"https:\/\/vanderloubet.com.br\/deputado\/wp-content\/uploads\/2015\/01\/foto-2014-12-19-asfalto-navirai.jpg","type":"image\/jpeg"}],"author":"\u00c9der","twitter_card":"summary_large_image","twitter_creator":"@vanderloubet","twitter_site":"@vanderloubet","schema":{"@context":"https:\/\/schema.org","@graph":[{"@type":"Article","@id":"https:\/\/vanderloubet.com.br\/deputado\/prefeitura-de-navirai-vai-licitar-emenda-de-vander-para-asfalto-no-bnh-velho\/#article","isPartOf":{"@id":"https:\/\/vanderloubet.com.br\/deputado\/prefeitura-de-navirai-vai-licitar-emenda-de-vander-para-asfalto-no-bnh-velho\/"},"author":{"name":"\u00c9der","@id":"https:\/\/vanderloubet.com.br\/deputado\/#\/schema\/person\/15b51bd564532a8a68d9dec1b8eb890e"},"headline":"Prefeitura de Navira\u00ed vai licitar emenda de Vander para asfalto no BNH Velho","datePublished":"2014-12-19T12:30:29+00:00","dateModified":"2015-02-05T21:15:01+00:00","mainEntityOfPage":{"@id":"https:\/\/vanderloubet.com.br\/deputado\/prefeitura-de-navirai-vai-licitar-emenda-de-vander-para-asfalto-no-bnh-velho\/"},"wordCount":147,"publisher":{"@id":"https:\/\/vanderloubet.com.br\/deputado\/#organization"},"image":{"@id":"https:\/\/vanderloubet.com.br\/deputado\/prefeitura-de-navirai-vai-licitar-emenda-de-vander-para-asfalto-no-bnh-velho\/#primaryimage"},"thumbnailUrl":"https:\/\/vanderloubet.com.br\/deputado\/wp-content\/uploads\/2015\/01\/foto-2014-12-19-asfalto-navirai.jpg","keywords":["emenda parlamentar","infraestrutura","navira\u00ed"],"articleSection":["Munic\u00edpios","Not\u00edcias"],"inLanguage":"pt-BR"},{"@type":"WebPage","@id":"https:\/\/vanderloubet.com.br\/deputado\/prefeitura-de-navirai-vai-licitar-emenda-de-vander-para-asfalto-no-bnh-velho\/","url":"https:\/\/vanderloubet.com.br\/deputado\/prefeitura-de-navirai-vai-licitar-emenda-de-vander-para-asfalto-no-bnh-velho\/","name":"Prefeitura de Navira\u00ed vai licitar emenda de Vander para asfalto no BNH Velho","isPartOf":{"@id":"https:\/\/vanderloubet.com.br\/deputado\/#website"},"primaryImageOfPage":{"@id":"https:\/\/vanderloubet.com.br\/deputado\/prefeitura-de-navirai-vai-licitar-emenda-de-vander-para-asfalto-no-bnh-velho\/#primaryimage"},"image":{"@id":"https:\/\/vanderloubet.com.br\/deputado\/prefeitura-de-navirai-vai-licitar-emenda-de-vander-para-asfalto-no-bnh-velho\/#primaryimage"},"thumbnailUrl":"https:\/\/vanderloubet.com.br\/deputado\/wp-content\/uploads\/2015\/01\/foto-2014-12-19-asfalto-navirai.jpg","datePublished":"2014-12-19T12:30:29+00:00","dateModified":"2015-02-05T21:15:01+00:00","breadcrumb":{"@id":"https:\/\/vanderloubet.com.br\/deputado\/prefeitura-de-navirai-vai-licitar-emenda-de-vander-para-asfalto-no-bnh-velho\/#breadcrumb"},"inLanguage":"pt-BR","potentialAction":[{"@type":"ReadAction","target":["https:\/\/vanderloubet.com.br\/deputado\/prefeitura-de-navirai-vai-licitar-emenda-de-vander-para-asfalto-no-bnh-velho\/"]}]},{"@type":"ImageObject","inLanguage":"pt-BR","@id":"https:\/\/vanderloubet.com.br\/deputado\/prefeitura-de-navirai-vai-licitar-emenda-de-vander-para-asfalto-no-bnh-velho\/#primaryimage","url":"https:\/\/vanderloubet.com.br\/deputado\/wp-content\/uploads\/2015\/01\/foto-2014-12-19-asfalto-navirai.jpg","contentUrl":"https:\/\/vanderloubet.com.br\/deputado\/wp-content\/uploads\/2015\/01\/foto-2014-12-19-asfalto-navirai.jpg","width":1024,"height":685,"caption":"Navira\u00ed receber\u00e1 asfalto com emenda de Vander"},{"@type":"BreadcrumbList","@id":"https:\/\/vanderloubet.com.br\/deputado\/prefeitura-de-navirai-vai-licitar-emenda-de-vander-para-asfalto-no-bnh-velho\/#breadcrumb","itemListElement":[{"@type":"ListItem","position":1,"name":"In\u00edcio","item":"https:\/\/vanderloubet.com.br\/deputado\/"},{"@type":"ListItem","position":2,"name":"Prefeitura de Navira\u00ed vai licitar emenda de Vander para asfalto no BNH Velho"}]},{"@type":"WebSite","@id":"https:\/\/vanderloubet.com.br\/deputado\/#website","url":"https:\/\/vanderloubet.com.br\/deputado\/","name":"Deputado Federal Vander Loubet","description":"O Federal de MS","publisher":{"@id":"https:\/\/vanderloubet.com.br\/deputado\/#organization"},"alternateName":"Deputado Vander","potentialAction":[{"@type":"SearchAction","target":{"@type":"EntryPoint","urlTemplate":"https:\/\/vanderloubet.com.br\/deputado\/?s={search_term_string}"},"query-input":{"@type":"PropertyValueSpecification","valueRequired":true,"valueName":"search_term_string"}}],"inLanguage":"pt-BR"},{"@type":"Organization","@id":"https:\/\/vanderloubet.com.br\/deputado\/#organization","name":"Deputado Federal Vander Loubet","alternateName":"Deputado Vander","url":"https:\/\/vanderloubet.com.br\/deputado\/","logo":{"@type":"ImageObject","inLanguage":"pt-BR","@id":"https:\/\/vanderloubet.com.br\/deputado\/#\/schema\/logo\/image\/","url":"https:\/\/vanderloubet.com.br\/deputado\/wp-content\/uploads\/2023\/06\/foto-2023-06-19-mandato-deputado-vander.jpg","contentUrl":"https:\/\/vanderloubet.com.br\/deputado\/wp-content\/uploads\/2023\/06\/foto-2023-06-19-mandato-deputado-vander.jpg","width":1080,"height":1080,"caption":"Deputado Federal Vander Loubet"},"image":{"@id":"https:\/\/vanderloubet.com.br\/deputado\/#\/schema\/logo\/image\/"},"sameAs":["https:\/\/facebook.com\/deputadovander","https:\/\/x.com\/vanderloubet","https:\/\/instagram.com\/vanderloubet","https:\/\/youtube.com\/vanderloubet","https:\/\/tiktok.com\/@vanderloubetms"]},{"@type":"Person","@id":"https:\/\/vanderloubet.com.br\/deputado\/#\/schema\/person\/15b51bd564532a8a68d9dec1b8eb890e","name":"\u00c9der","image":{"@type":"ImageObject","inLanguage":"pt-BR","@id":"https:\/\/vanderloubet.com.br\/deputado\/wp-content\/litespeed\/avatar\/88ca4090d9d5ab1c9495f6ca03b68efa.jpg?ver=1777058957","url":"https:\/\/vanderloubet.com.br\/deputado\/wp-content\/litespeed\/avatar\/88ca4090d9d5ab1c9495f6ca03b68efa.jpg?ver=1777058957","contentUrl":"https:\/\/vanderloubet.com.br\/deputado\/wp-content\/litespeed\/avatar\/88ca4090d9d5ab1c9495f6ca03b68efa.jpg?ver=1777058957","caption":"\u00c9der"}}]}},"jetpack_featured_media_url":"https:\/\/vanderloubet.com.br\/deputado\/wp-content\/uploads\/2015\/01\/foto-2014-12-19-asfalto-navirai.jpg","jetpack_sharing_enabled":true,"_links":{"self":[{"href":"https:\/\/vanderloubet.com.br\/deputado\/wp-json\/wp\/v2\/posts\/8573","targetHints":{"allow":["GET"]}}],"collection":[{"href":"https:\/\/vanderloubet.com.br\/deputado\/wp-json\/wp\/v2\/posts"}],"about":[{"href":"https:\/\/vanderloubet.com.br\/deputado\/wp-json\/wp\/v2\/types\/post"}],"author":[{"embeddable":true,"href":"https:\/\/vanderloubet.com.br\/deputado\/wp-json\/wp\/v2\/users\/2"}],"replies":[{"embeddable":true,"href":"https:\/\/vanderloubet.com.br\/deputado\/wp-json\/wp\/v2\/comments?post=8573"}],"version-history":[{"count":0,"href":"https:\/\/vanderloubet.com.br\/deputado\/wp-json\/wp\/v2\/posts\/8573\/revisions"}],"wp:featuredmedia":[{"embeddable":true,"href":"https:\/\/vanderloubet.com.br\/deputado\/wp-json\/wp\/v2\/media\/8574"}],"wp:attachment":[{"href":"https:\/\/vanderloubet.com.br\/deputado\/wp-json\/wp\/v2\/media?parent=8573"}],"wp:term":[{"taxonomy":"category","embeddable":true,"href":"https:\/\/vanderloubet.com.br\/deputado\/wp-json\/wp\/v2\/categories?post=8573"},{"taxonomy":"post_tag","embeddable":true,"href":"https:\/\/vanderloubet.com.br\/deputado\/wp-json\/wp\/v2\/tags?post=8573"}],"curies":[{"name":"wp","href":"https:\/\/api.w.org\/{rel}","templated":true}]}}