{"id":7432,"date":"2014-02-27T09:15:35","date_gmt":"2014-02-27T12:15:35","guid":{"rendered":"http:\/\/vanderloubet.com.br\/deputado\/?p=7432"},"modified":"2015-02-05T18:33:08","modified_gmt":"2015-02-05T21:33:08","slug":"ministra-do-planejamento-confirma-ferrovias-e-da-retorno-positivo-sobre-br-419-e-sul-fronteira","status":"publish","type":"post","link":"https:\/\/vanderloubet.com.br\/deputado\/ministra-do-planejamento-confirma-ferrovias-e-da-retorno-positivo-sobre-br-419-e-sul-fronteira\/","title":{"rendered":"Ministra do Planejamento confirma ferrovias e d\u00e1 retorno positivo sobre BR-419 e Sul Fronteira"},"content":{"rendered":"<figure id=\"attachment_7604\" aria-describedby=\"caption-attachment-7604\" style=\"width: 700px\" class=\"wp-caption alignnone\"><img decoding=\"async\" class=\"wp-image-7604 size-large\" title=\"Bancada de MS em audi\u00eancia com a ministra Miriam Belchior\" src=\"http:\/\/vanderloubet.com.br\/deputado\/wp-content\/uploads\/2014\/02\/foto-2014-02-27-audiencia-bancada-miriam-belchior-700x467.jpg\" alt=\"Bancada de MS em audi\u00eancia com a ministra Miriam Belchior\" width=\"700\" height=\"467\" srcset=\"https:\/\/vanderloubet.com.br\/deputado\/wp-content\/uploads\/2014\/02\/foto-2014-02-27-audiencia-bancada-miriam-belchior-700x467.jpg 700w, https:\/\/vanderloubet.com.br\/deputado\/wp-content\/uploads\/2014\/02\/foto-2014-02-27-audiencia-bancada-miriam-belchior-350x233.jpg 350w, https:\/\/vanderloubet.com.br\/deputado\/wp-content\/uploads\/2014\/02\/foto-2014-02-27-audiencia-bancada-miriam-belchior-768x512.jpg 768w, https:\/\/vanderloubet.com.br\/deputado\/wp-content\/uploads\/2014\/02\/foto-2014-02-27-audiencia-bancada-miriam-belchior-630x420.jpg 630w, https:\/\/vanderloubet.com.br\/deputado\/wp-content\/uploads\/2014\/02\/foto-2014-02-27-audiencia-bancada-miriam-belchior-696x464.jpg 696w, https:\/\/vanderloubet.com.br\/deputado\/wp-content\/uploads\/2014\/02\/foto-2014-02-27-audiencia-bancada-miriam-belchior-1068x712.jpg 1068w, https:\/\/vanderloubet.com.br\/deputado\/wp-content\/uploads\/2014\/02\/foto-2014-02-27-audiencia-bancada-miriam-belchior.jpg 1500w\" sizes=\"(max-width: 700px) 100vw, 700px\" \/><figcaption id=\"caption-attachment-7604\" class=\"wp-caption-text\">Bancada de MS em audi\u00eancia com a ministra Miriam Belchior<\/figcaption><\/figure>\n<p>A ministra do Planejamento, Or\u00e7amento e Gest\u00e3o, Miriam Belchior, confirmou, na tarde de quarta-feira (26), a disposi\u00e7\u00e3o do governo federal em viabilizar a constru\u00e7\u00e3o das ferrovias Ouro Verde de G\u00f3ias-Estrela D\u2019Oeste-Panorama-Dourados e Maracaju-Cascavel-Lapa, consideradas fundamentais para o futuro da economia de Mato Grosso do Sul. A informa\u00e7\u00e3o foi repassada durante audi\u00eancia com parlamentares do estado.<\/p>\n<p>Duas outras obras de grande import\u00e2ncia para o estado tamb\u00e9m receberam da ministra sinaliza\u00e7\u00f5es positivas: a pavimenta\u00e7\u00e3o da BR-419, que liga os munic\u00edpios de Aquidauana a Rio Verde de Mato Grosso, e a constru\u00e7\u00e3o da chamada Rodovia Sul Fronteira (que engloba as rodovias MS-165 e MS-299). De acordo com Miriam Belchior, ambas as rodovias devem ser inclusas na terceira fase do Programa de Acelera\u00e7\u00e3o do Crescimento (PAC 3), a ser lan\u00e7ado pela presidenta Dilma Rousseff. Essa inclus\u00e3o depende das notas t\u00e9cnicas a serem repassadas pelos minist\u00e9rio dos Transportes (no caso da BR-419) e da Integra\u00e7\u00e3o Nacional (Sul Fronteira).<\/p>\n<p>Ao deputado federal Vander Loubet (PT), coordenador da bancada de Mato Grosso do Sul no Congresso Nacional, a ministra do Planejamento destacou que a uni\u00e3o da bancada \u00e9 um fator importante para o atendimento das reivindica\u00e7\u00f5es apresentadas. &#8220;\u00c9 bom receber bancada com pauta \u00fanica&#8221;, afirmou. Al\u00e9m de Vander, estiveram presentes \u00e0 audi\u00eancia os senadores Delc\u00eddio do Amaral (PT), Waldemir Moka (PMDB) e Ruben Figueir\u00f3 (PSDB); os deputados federais F\u00e1bio Trad (PMDB), Geraldo Resende (PMDB), Ant\u00f4nio Carlos Biffi (PT) e Reinaldo Azambuja (PSDB); e o governador Andr\u00e9 Puccinelli (PMDB).<\/p>\n<p><strong>Rodovias de integra\u00e7\u00e3o<\/strong> &#8211; O projeto da MS-165 e da MS-299, a chamada Sul Fronteira, prev\u00ea a implanta\u00e7\u00e3o de uma rodovia nos 338 quil\u00f4metros de fronteira seca com o Paraguai. A obra tem o objetivo de interligar os munic\u00edpios de Ponta Por\u00e3, Aral Moreira, Coronel Sapucaia, Paranhos, Sete Quedas e Mundo Novo. Com recursos federais, o Governo do Estado j\u00e1 iniciou a pavimenta\u00e7\u00e3o asf\u00e1ltica do trecho que liga o distrito de Sanga Puit\u00e3 (em Ponta Por\u00e3) a Coronel Sapucaia. O valor estimado da obra \u00e9 de R$ 340 milh\u00f5es.<\/p>\n<p>No caso da BR-419, os recursos pleiteados junto ao governo federal s\u00e3o para pavimentar 279 quil\u00f4metros, or\u00e7ados em R$ 350 milh\u00f5es. O trecho fica entre o entroncamento da BR-419 com a BR-163, em Rio Verde de Mato Grosso, at\u00e9 e a BR-262, em Aquidauana.<\/p>\n<p>&#8220;A Sul Fronteira \u00e9 uma obra muito importante. Al\u00e9m de incrementar a log\u00edstica estadual e a interliga\u00e7\u00e3o na regi\u00e3o de fronteira, essa pavimenta\u00e7\u00e3o vai possibilitar ampliar e melhorar as atividades de vigil\u00e2ncia sanit\u00e1ria e alfandeg\u00e1ria e o escoamento da produ\u00e7\u00e3o local&#8221;, frisou o deputado Vander. &#8220;A BR-419 tamb\u00e9m tem grande import\u00e2ncia porque vai ligar a Regi\u00e3o Norte do estado com o Sudoeste&#8221;, concluiu.<\/p>\n<p><em>(\u00c9der Yanaguita &#8211; Ascom\/Deputado Vander, com informa\u00e7\u00f5es da ACS\/Senador Moka)<\/em><\/p>\n","protected":false},"excerpt":{"rendered":"<p>Ao deputado Vander, coordenador da bancada, Miriam Belchior destacou que uni\u00e3o \u00e9 importante para atendimento das reivindica\u00e7\u00f5es.<\/p>\n","protected":false},"author":2,"featured_media":7604,"comment_status":"closed","ping_status":"closed","sticky":false,"template":"","format":"standard","meta":{"jetpack_post_was_ever_published":false,"_jetpack_newsletter_access":"","_jetpack_dont_email_post_to_subs":false,"_jetpack_newsletter_tier_id":0,"_jetpack_memberships_contains_paywalled_content":false,"_jetpack_memberships_contains_paid_content":false,"footnotes":""},"categories":[2099,10],"tags":[2168,1554,1973],"class_list":{"0":"post-7432","1":"post","2":"type-post","3":"status-publish","4":"format-standard","5":"has-post-thumbnail","7":"category-ms-noticias","8":"category-noticias","9":"tag-pac-3","10":"tag-planejamento","11":"tag-transportes"},"yoast_head":"<!-- This site is optimized with the Yoast SEO plugin v27.4 - https:\/\/yoast.com\/product\/yoast-seo-wordpress\/ -->\n<title>Ministra do Planejamento confirma ferrovias e d\u00e1 retorno positivo sobre BR-419 e Sul Fronteira<\/title>\n<meta name=\"robots\" content=\"index, follow, max-snippet:-1, max-image-preview:large, max-video-preview:-1\" \/>\n<link rel=\"canonical\" href=\"https:\/\/vanderloubet.com.br\/deputado\/ministra-do-planejamento-confirma-ferrovias-e-da-retorno-positivo-sobre-br-419-e-sul-fronteira\/\" \/>\n<meta property=\"og:locale\" content=\"pt_BR\" \/>\n<meta property=\"og:type\" content=\"article\" \/>\n<meta property=\"og:title\" content=\"Ministra do Planejamento confirma ferrovias e d\u00e1 retorno positivo sobre BR-419 e Sul Fronteira\" \/>\n<meta property=\"og:description\" content=\"Ao deputado Vander, coordenador da bancada, Miriam Belchior destacou que uni\u00e3o \u00e9 importante para atendimento das reivindica\u00e7\u00f5es.\" \/>\n<meta property=\"og:url\" content=\"https:\/\/vanderloubet.com.br\/deputado\/ministra-do-planejamento-confirma-ferrovias-e-da-retorno-positivo-sobre-br-419-e-sul-fronteira\/\" \/>\n<meta property=\"og:site_name\" content=\"Deputado Federal Vander Loubet\" \/>\n<meta property=\"article:publisher\" content=\"https:\/\/facebook.com\/deputadovander\" \/>\n<meta property=\"article:published_time\" content=\"2014-02-27T12:15:35+00:00\" \/>\n<meta property=\"article:modified_time\" content=\"2015-02-05T21:33:08+00:00\" \/>\n<meta property=\"og:image\" content=\"https:\/\/vanderloubet.com.br\/deputado\/wp-content\/uploads\/2014\/02\/foto-2014-02-27-audiencia-bancada-miriam-belchior.jpg\" \/>\n\t<meta property=\"og:image:width\" content=\"1500\" \/>\n\t<meta property=\"og:image:height\" content=\"1000\" \/>\n\t<meta property=\"og:image:type\" content=\"image\/jpeg\" \/>\n<meta name=\"author\" content=\"\u00c9der\" \/>\n<meta name=\"twitter:card\" content=\"summary_large_image\" \/>\n<meta name=\"twitter:creator\" content=\"@vanderloubet\" \/>\n<meta name=\"twitter:site\" content=\"@vanderloubet\" \/>\n<script type=\"application\/ld+json\" class=\"yoast-schema-graph\">{\"@context\":\"https:\\\/\\\/schema.org\",\"@graph\":[{\"@type\":\"Article\",\"@id\":\"https:\\\/\\\/vanderloubet.com.br\\\/deputado\\\/ministra-do-planejamento-confirma-ferrovias-e-da-retorno-positivo-sobre-br-419-e-sul-fronteira\\\/#article\",\"isPartOf\":{\"@id\":\"https:\\\/\\\/vanderloubet.com.br\\\/deputado\\\/ministra-do-planejamento-confirma-ferrovias-e-da-retorno-positivo-sobre-br-419-e-sul-fronteira\\\/\"},\"author\":{\"name\":\"\u00c9der\",\"@id\":\"https:\\\/\\\/vanderloubet.com.br\\\/deputado\\\/#\\\/schema\\\/person\\\/15b51bd564532a8a68d9dec1b8eb890e\"},\"headline\":\"Ministra do Planejamento confirma ferrovias e d\u00e1 retorno positivo sobre BR-419 e Sul Fronteira\",\"datePublished\":\"2014-02-27T12:15:35+00:00\",\"dateModified\":\"2015-02-05T21:33:08+00:00\",\"mainEntityOfPage\":{\"@id\":\"https:\\\/\\\/vanderloubet.com.br\\\/deputado\\\/ministra-do-planejamento-confirma-ferrovias-e-da-retorno-positivo-sobre-br-419-e-sul-fronteira\\\/\"},\"wordCount\":521,\"publisher\":{\"@id\":\"https:\\\/\\\/vanderloubet.com.br\\\/deputado\\\/#organization\"},\"image\":{\"@id\":\"https:\\\/\\\/vanderloubet.com.br\\\/deputado\\\/ministra-do-planejamento-confirma-ferrovias-e-da-retorno-positivo-sobre-br-419-e-sul-fronteira\\\/#primaryimage\"},\"thumbnailUrl\":\"https:\\\/\\\/vanderloubet.com.br\\\/deputado\\\/wp-content\\\/uploads\\\/2014\\\/02\\\/foto-2014-02-27-audiencia-bancada-miriam-belchior.jpg\",\"keywords\":[\"pac 3\",\"planejamento\",\"transportes\"],\"articleSection\":[\"Mato Grosso do Sul\",\"Not\u00edcias\"],\"inLanguage\":\"pt-BR\"},{\"@type\":\"WebPage\",\"@id\":\"https:\\\/\\\/vanderloubet.com.br\\\/deputado\\\/ministra-do-planejamento-confirma-ferrovias-e-da-retorno-positivo-sobre-br-419-e-sul-fronteira\\\/\",\"url\":\"https:\\\/\\\/vanderloubet.com.br\\\/deputado\\\/ministra-do-planejamento-confirma-ferrovias-e-da-retorno-positivo-sobre-br-419-e-sul-fronteira\\\/\",\"name\":\"Ministra do Planejamento confirma ferrovias e d\u00e1 retorno positivo sobre BR-419 e Sul Fronteira\",\"isPartOf\":{\"@id\":\"https:\\\/\\\/vanderloubet.com.br\\\/deputado\\\/#website\"},\"primaryImageOfPage\":{\"@id\":\"https:\\\/\\\/vanderloubet.com.br\\\/deputado\\\/ministra-do-planejamento-confirma-ferrovias-e-da-retorno-positivo-sobre-br-419-e-sul-fronteira\\\/#primaryimage\"},\"image\":{\"@id\":\"https:\\\/\\\/vanderloubet.com.br\\\/deputado\\\/ministra-do-planejamento-confirma-ferrovias-e-da-retorno-positivo-sobre-br-419-e-sul-fronteira\\\/#primaryimage\"},\"thumbnailUrl\":\"https:\\\/\\\/vanderloubet.com.br\\\/deputado\\\/wp-content\\\/uploads\\\/2014\\\/02\\\/foto-2014-02-27-audiencia-bancada-miriam-belchior.jpg\",\"datePublished\":\"2014-02-27T12:15:35+00:00\",\"dateModified\":\"2015-02-05T21:33:08+00:00\",\"breadcrumb\":{\"@id\":\"https:\\\/\\\/vanderloubet.com.br\\\/deputado\\\/ministra-do-planejamento-confirma-ferrovias-e-da-retorno-positivo-sobre-br-419-e-sul-fronteira\\\/#breadcrumb\"},\"inLanguage\":\"pt-BR\",\"potentialAction\":[{\"@type\":\"ReadAction\",\"target\":[\"https:\\\/\\\/vanderloubet.com.br\\\/deputado\\\/ministra-do-planejamento-confirma-ferrovias-e-da-retorno-positivo-sobre-br-419-e-sul-fronteira\\\/\"]}]},{\"@type\":\"ImageObject\",\"inLanguage\":\"pt-BR\",\"@id\":\"https:\\\/\\\/vanderloubet.com.br\\\/deputado\\\/ministra-do-planejamento-confirma-ferrovias-e-da-retorno-positivo-sobre-br-419-e-sul-fronteira\\\/#primaryimage\",\"url\":\"https:\\\/\\\/vanderloubet.com.br\\\/deputado\\\/wp-content\\\/uploads\\\/2014\\\/02\\\/foto-2014-02-27-audiencia-bancada-miriam-belchior.jpg\",\"contentUrl\":\"https:\\\/\\\/vanderloubet.com.br\\\/deputado\\\/wp-content\\\/uploads\\\/2014\\\/02\\\/foto-2014-02-27-audiencia-bancada-miriam-belchior.jpg\",\"width\":1500,\"height\":1000,\"caption\":\"Bancada de MS em audi\u00eancia com a ministra Miriam Belchior\"},{\"@type\":\"BreadcrumbList\",\"@id\":\"https:\\\/\\\/vanderloubet.com.br\\\/deputado\\\/ministra-do-planejamento-confirma-ferrovias-e-da-retorno-positivo-sobre-br-419-e-sul-fronteira\\\/#breadcrumb\",\"itemListElement\":[{\"@type\":\"ListItem\",\"position\":1,\"name\":\"In\u00edcio\",\"item\":\"https:\\\/\\\/vanderloubet.com.br\\\/deputado\\\/\"},{\"@type\":\"ListItem\",\"position\":2,\"name\":\"Ministra do Planejamento confirma ferrovias e d\u00e1 retorno positivo sobre BR-419 e Sul Fronteira\"}]},{\"@type\":\"WebSite\",\"@id\":\"https:\\\/\\\/vanderloubet.com.br\\\/deputado\\\/#website\",\"url\":\"https:\\\/\\\/vanderloubet.com.br\\\/deputado\\\/\",\"name\":\"Deputado Federal Vander Loubet\",\"description\":\"O Federal de MS\",\"publisher\":{\"@id\":\"https:\\\/\\\/vanderloubet.com.br\\\/deputado\\\/#organization\"},\"alternateName\":\"Deputado Vander\",\"potentialAction\":[{\"@type\":\"SearchAction\",\"target\":{\"@type\":\"EntryPoint\",\"urlTemplate\":\"https:\\\/\\\/vanderloubet.com.br\\\/deputado\\\/?s={search_term_string}\"},\"query-input\":{\"@type\":\"PropertyValueSpecification\",\"valueRequired\":true,\"valueName\":\"search_term_string\"}}],\"inLanguage\":\"pt-BR\"},{\"@type\":\"Organization\",\"@id\":\"https:\\\/\\\/vanderloubet.com.br\\\/deputado\\\/#organization\",\"name\":\"Deputado Federal Vander Loubet\",\"alternateName\":\"Deputado Vander\",\"url\":\"https:\\\/\\\/vanderloubet.com.br\\\/deputado\\\/\",\"logo\":{\"@type\":\"ImageObject\",\"inLanguage\":\"pt-BR\",\"@id\":\"https:\\\/\\\/vanderloubet.com.br\\\/deputado\\\/#\\\/schema\\\/logo\\\/image\\\/\",\"url\":\"https:\\\/\\\/vanderloubet.com.br\\\/deputado\\\/wp-content\\\/uploads\\\/2023\\\/06\\\/foto-2023-06-19-mandato-deputado-vander.jpg\",\"contentUrl\":\"https:\\\/\\\/vanderloubet.com.br\\\/deputado\\\/wp-content\\\/uploads\\\/2023\\\/06\\\/foto-2023-06-19-mandato-deputado-vander.jpg\",\"width\":1080,\"height\":1080,\"caption\":\"Deputado Federal Vander Loubet\"},\"image\":{\"@id\":\"https:\\\/\\\/vanderloubet.com.br\\\/deputado\\\/#\\\/schema\\\/logo\\\/image\\\/\"},\"sameAs\":[\"https:\\\/\\\/facebook.com\\\/deputadovander\",\"https:\\\/\\\/x.com\\\/vanderloubet\",\"https:\\\/\\\/instagram.com\\\/vanderloubet\",\"https:\\\/\\\/youtube.com\\\/vanderloubet\",\"https:\\\/\\\/tiktok.com\\\/@vanderloubetms\"]},{\"@type\":\"Person\",\"@id\":\"https:\\\/\\\/vanderloubet.com.br\\\/deputado\\\/#\\\/schema\\\/person\\\/15b51bd564532a8a68d9dec1b8eb890e\",\"name\":\"\u00c9der\",\"image\":{\"@type\":\"ImageObject\",\"inLanguage\":\"pt-BR\",\"@id\":\"https:\\\/\\\/vanderloubet.com.br\\\/deputado\\\/wp-content\\\/litespeed\\\/avatar\\\/88ca4090d9d5ab1c9495f6ca03b68efa.jpg?ver=1777058957\",\"url\":\"https:\\\/\\\/vanderloubet.com.br\\\/deputado\\\/wp-content\\\/litespeed\\\/avatar\\\/88ca4090d9d5ab1c9495f6ca03b68efa.jpg?ver=1777058957\",\"contentUrl\":\"https:\\\/\\\/vanderloubet.com.br\\\/deputado\\\/wp-content\\\/litespeed\\\/avatar\\\/88ca4090d9d5ab1c9495f6ca03b68efa.jpg?ver=1777058957\",\"caption\":\"\u00c9der\"}}]}<\/script>\n<!-- \/ Yoast SEO plugin. -->","yoast_head_json":{"title":"Ministra do Planejamento confirma ferrovias e d\u00e1 retorno positivo sobre BR-419 e Sul Fronteira","robots":{"index":"index","follow":"follow","max-snippet":"max-snippet:-1","max-image-preview":"max-image-preview:large","max-video-preview":"max-video-preview:-1"},"canonical":"https:\/\/vanderloubet.com.br\/deputado\/ministra-do-planejamento-confirma-ferrovias-e-da-retorno-positivo-sobre-br-419-e-sul-fronteira\/","og_locale":"pt_BR","og_type":"article","og_title":"Ministra do Planejamento confirma ferrovias e d\u00e1 retorno positivo sobre BR-419 e Sul Fronteira","og_description":"Ao deputado Vander, coordenador da bancada, Miriam Belchior destacou que uni\u00e3o \u00e9 importante para atendimento das reivindica\u00e7\u00f5es.","og_url":"https:\/\/vanderloubet.com.br\/deputado\/ministra-do-planejamento-confirma-ferrovias-e-da-retorno-positivo-sobre-br-419-e-sul-fronteira\/","og_site_name":"Deputado Federal Vander Loubet","article_publisher":"https:\/\/facebook.com\/deputadovander","article_published_time":"2014-02-27T12:15:35+00:00","article_modified_time":"2015-02-05T21:33:08+00:00","og_image":[{"width":1500,"height":1000,"url":"https:\/\/vanderloubet.com.br\/deputado\/wp-content\/uploads\/2014\/02\/foto-2014-02-27-audiencia-bancada-miriam-belchior.jpg","type":"image\/jpeg"}],"author":"\u00c9der","twitter_card":"summary_large_image","twitter_creator":"@vanderloubet","twitter_site":"@vanderloubet","schema":{"@context":"https:\/\/schema.org","@graph":[{"@type":"Article","@id":"https:\/\/vanderloubet.com.br\/deputado\/ministra-do-planejamento-confirma-ferrovias-e-da-retorno-positivo-sobre-br-419-e-sul-fronteira\/#article","isPartOf":{"@id":"https:\/\/vanderloubet.com.br\/deputado\/ministra-do-planejamento-confirma-ferrovias-e-da-retorno-positivo-sobre-br-419-e-sul-fronteira\/"},"author":{"name":"\u00c9der","@id":"https:\/\/vanderloubet.com.br\/deputado\/#\/schema\/person\/15b51bd564532a8a68d9dec1b8eb890e"},"headline":"Ministra do Planejamento confirma ferrovias e d\u00e1 retorno positivo sobre BR-419 e Sul Fronteira","datePublished":"2014-02-27T12:15:35+00:00","dateModified":"2015-02-05T21:33:08+00:00","mainEntityOfPage":{"@id":"https:\/\/vanderloubet.com.br\/deputado\/ministra-do-planejamento-confirma-ferrovias-e-da-retorno-positivo-sobre-br-419-e-sul-fronteira\/"},"wordCount":521,"publisher":{"@id":"https:\/\/vanderloubet.com.br\/deputado\/#organization"},"image":{"@id":"https:\/\/vanderloubet.com.br\/deputado\/ministra-do-planejamento-confirma-ferrovias-e-da-retorno-positivo-sobre-br-419-e-sul-fronteira\/#primaryimage"},"thumbnailUrl":"https:\/\/vanderloubet.com.br\/deputado\/wp-content\/uploads\/2014\/02\/foto-2014-02-27-audiencia-bancada-miriam-belchior.jpg","keywords":["pac 3","planejamento","transportes"],"articleSection":["Mato Grosso do Sul","Not\u00edcias"],"inLanguage":"pt-BR"},{"@type":"WebPage","@id":"https:\/\/vanderloubet.com.br\/deputado\/ministra-do-planejamento-confirma-ferrovias-e-da-retorno-positivo-sobre-br-419-e-sul-fronteira\/","url":"https:\/\/vanderloubet.com.br\/deputado\/ministra-do-planejamento-confirma-ferrovias-e-da-retorno-positivo-sobre-br-419-e-sul-fronteira\/","name":"Ministra do Planejamento confirma ferrovias e d\u00e1 retorno positivo sobre BR-419 e Sul Fronteira","isPartOf":{"@id":"https:\/\/vanderloubet.com.br\/deputado\/#website"},"primaryImageOfPage":{"@id":"https:\/\/vanderloubet.com.br\/deputado\/ministra-do-planejamento-confirma-ferrovias-e-da-retorno-positivo-sobre-br-419-e-sul-fronteira\/#primaryimage"},"image":{"@id":"https:\/\/vanderloubet.com.br\/deputado\/ministra-do-planejamento-confirma-ferrovias-e-da-retorno-positivo-sobre-br-419-e-sul-fronteira\/#primaryimage"},"thumbnailUrl":"https:\/\/vanderloubet.com.br\/deputado\/wp-content\/uploads\/2014\/02\/foto-2014-02-27-audiencia-bancada-miriam-belchior.jpg","datePublished":"2014-02-27T12:15:35+00:00","dateModified":"2015-02-05T21:33:08+00:00","breadcrumb":{"@id":"https:\/\/vanderloubet.com.br\/deputado\/ministra-do-planejamento-confirma-ferrovias-e-da-retorno-positivo-sobre-br-419-e-sul-fronteira\/#breadcrumb"},"inLanguage":"pt-BR","potentialAction":[{"@type":"ReadAction","target":["https:\/\/vanderloubet.com.br\/deputado\/ministra-do-planejamento-confirma-ferrovias-e-da-retorno-positivo-sobre-br-419-e-sul-fronteira\/"]}]},{"@type":"ImageObject","inLanguage":"pt-BR","@id":"https:\/\/vanderloubet.com.br\/deputado\/ministra-do-planejamento-confirma-ferrovias-e-da-retorno-positivo-sobre-br-419-e-sul-fronteira\/#primaryimage","url":"https:\/\/vanderloubet.com.br\/deputado\/wp-content\/uploads\/2014\/02\/foto-2014-02-27-audiencia-bancada-miriam-belchior.jpg","contentUrl":"https:\/\/vanderloubet.com.br\/deputado\/wp-content\/uploads\/2014\/02\/foto-2014-02-27-audiencia-bancada-miriam-belchior.jpg","width":1500,"height":1000,"caption":"Bancada de MS em audi\u00eancia com a ministra Miriam Belchior"},{"@type":"BreadcrumbList","@id":"https:\/\/vanderloubet.com.br\/deputado\/ministra-do-planejamento-confirma-ferrovias-e-da-retorno-positivo-sobre-br-419-e-sul-fronteira\/#breadcrumb","itemListElement":[{"@type":"ListItem","position":1,"name":"In\u00edcio","item":"https:\/\/vanderloubet.com.br\/deputado\/"},{"@type":"ListItem","position":2,"name":"Ministra do Planejamento confirma ferrovias e d\u00e1 retorno positivo sobre BR-419 e Sul Fronteira"}]},{"@type":"WebSite","@id":"https:\/\/vanderloubet.com.br\/deputado\/#website","url":"https:\/\/vanderloubet.com.br\/deputado\/","name":"Deputado Federal Vander Loubet","description":"O Federal de MS","publisher":{"@id":"https:\/\/vanderloubet.com.br\/deputado\/#organization"},"alternateName":"Deputado Vander","potentialAction":[{"@type":"SearchAction","target":{"@type":"EntryPoint","urlTemplate":"https:\/\/vanderloubet.com.br\/deputado\/?s={search_term_string}"},"query-input":{"@type":"PropertyValueSpecification","valueRequired":true,"valueName":"search_term_string"}}],"inLanguage":"pt-BR"},{"@type":"Organization","@id":"https:\/\/vanderloubet.com.br\/deputado\/#organization","name":"Deputado Federal Vander Loubet","alternateName":"Deputado Vander","url":"https:\/\/vanderloubet.com.br\/deputado\/","logo":{"@type":"ImageObject","inLanguage":"pt-BR","@id":"https:\/\/vanderloubet.com.br\/deputado\/#\/schema\/logo\/image\/","url":"https:\/\/vanderloubet.com.br\/deputado\/wp-content\/uploads\/2023\/06\/foto-2023-06-19-mandato-deputado-vander.jpg","contentUrl":"https:\/\/vanderloubet.com.br\/deputado\/wp-content\/uploads\/2023\/06\/foto-2023-06-19-mandato-deputado-vander.jpg","width":1080,"height":1080,"caption":"Deputado Federal Vander Loubet"},"image":{"@id":"https:\/\/vanderloubet.com.br\/deputado\/#\/schema\/logo\/image\/"},"sameAs":["https:\/\/facebook.com\/deputadovander","https:\/\/x.com\/vanderloubet","https:\/\/instagram.com\/vanderloubet","https:\/\/youtube.com\/vanderloubet","https:\/\/tiktok.com\/@vanderloubetms"]},{"@type":"Person","@id":"https:\/\/vanderloubet.com.br\/deputado\/#\/schema\/person\/15b51bd564532a8a68d9dec1b8eb890e","name":"\u00c9der","image":{"@type":"ImageObject","inLanguage":"pt-BR","@id":"https:\/\/vanderloubet.com.br\/deputado\/wp-content\/litespeed\/avatar\/88ca4090d9d5ab1c9495f6ca03b68efa.jpg?ver=1777058957","url":"https:\/\/vanderloubet.com.br\/deputado\/wp-content\/litespeed\/avatar\/88ca4090d9d5ab1c9495f6ca03b68efa.jpg?ver=1777058957","contentUrl":"https:\/\/vanderloubet.com.br\/deputado\/wp-content\/litespeed\/avatar\/88ca4090d9d5ab1c9495f6ca03b68efa.jpg?ver=1777058957","caption":"\u00c9der"}}]}},"jetpack_featured_media_url":"https:\/\/vanderloubet.com.br\/deputado\/wp-content\/uploads\/2014\/02\/foto-2014-02-27-audiencia-bancada-miriam-belchior.jpg","jetpack_sharing_enabled":true,"_links":{"self":[{"href":"https:\/\/vanderloubet.com.br\/deputado\/wp-json\/wp\/v2\/posts\/7432","targetHints":{"allow":["GET"]}}],"collection":[{"href":"https:\/\/vanderloubet.com.br\/deputado\/wp-json\/wp\/v2\/posts"}],"about":[{"href":"https:\/\/vanderloubet.com.br\/deputado\/wp-json\/wp\/v2\/types\/post"}],"author":[{"embeddable":true,"href":"https:\/\/vanderloubet.com.br\/deputado\/wp-json\/wp\/v2\/users\/2"}],"replies":[{"embeddable":true,"href":"https:\/\/vanderloubet.com.br\/deputado\/wp-json\/wp\/v2\/comments?post=7432"}],"version-history":[{"count":0,"href":"https:\/\/vanderloubet.com.br\/deputado\/wp-json\/wp\/v2\/posts\/7432\/revisions"}],"wp:featuredmedia":[{"embeddable":true,"href":"https:\/\/vanderloubet.com.br\/deputado\/wp-json\/wp\/v2\/media\/7604"}],"wp:attachment":[{"href":"https:\/\/vanderloubet.com.br\/deputado\/wp-json\/wp\/v2\/media?parent=7432"}],"wp:term":[{"taxonomy":"category","embeddable":true,"href":"https:\/\/vanderloubet.com.br\/deputado\/wp-json\/wp\/v2\/categories?post=7432"},{"taxonomy":"post_tag","embeddable":true,"href":"https:\/\/vanderloubet.com.br\/deputado\/wp-json\/wp\/v2\/tags?post=7432"}],"curies":[{"name":"wp","href":"https:\/\/api.w.org\/{rel}","templated":true}]}}