{"id":7428,"date":"2014-02-26T17:12:16","date_gmt":"2014-02-26T20:12:16","guid":{"rendered":"http:\/\/vanderloubet.com.br\/deputado\/?p=7428"},"modified":"2015-02-13T23:41:47","modified_gmt":"2015-02-14T02:41:47","slug":"desafios-da-bancada-federal-de-ms","status":"publish","type":"post","link":"https:\/\/vanderloubet.com.br\/deputado\/desafios-da-bancada-federal-de-ms\/","title":{"rendered":"Desafios da bancada federal de MS"},"content":{"rendered":"<figure id=\"attachment_8956\" aria-describedby=\"caption-attachment-8956\" style=\"width: 700px\" class=\"wp-caption alignnone\"><img decoding=\"async\" class=\"wp-image-8956 size-large\" title=\"Bancada de MS tem grandes desafios em 2014\" src=\"http:\/\/vanderloubet.com.br\/deputado\/wp-content\/uploads\/2014\/02\/foto-2014-02-26-bancada-ms-congresso-nacional-700x525.jpg\" alt=\"Bancada de MS tem grandes desafios em 2014\" width=\"700\" height=\"525\" srcset=\"https:\/\/vanderloubet.com.br\/deputado\/wp-content\/uploads\/2014\/02\/foto-2014-02-26-bancada-ms-congresso-nacional-700x525.jpg 700w, https:\/\/vanderloubet.com.br\/deputado\/wp-content\/uploads\/2014\/02\/foto-2014-02-26-bancada-ms-congresso-nacional-350x263.jpg 350w, https:\/\/vanderloubet.com.br\/deputado\/wp-content\/uploads\/2014\/02\/foto-2014-02-26-bancada-ms-congresso-nacional-768x576.jpg 768w, https:\/\/vanderloubet.com.br\/deputado\/wp-content\/uploads\/2014\/02\/foto-2014-02-26-bancada-ms-congresso-nacional-560x420.jpg 560w, https:\/\/vanderloubet.com.br\/deputado\/wp-content\/uploads\/2014\/02\/foto-2014-02-26-bancada-ms-congresso-nacional-80x60.jpg 80w, https:\/\/vanderloubet.com.br\/deputado\/wp-content\/uploads\/2014\/02\/foto-2014-02-26-bancada-ms-congresso-nacional-696x522.jpg 696w, https:\/\/vanderloubet.com.br\/deputado\/wp-content\/uploads\/2014\/02\/foto-2014-02-26-bancada-ms-congresso-nacional-1068x801.jpg 1068w, https:\/\/vanderloubet.com.br\/deputado\/wp-content\/uploads\/2014\/02\/foto-2014-02-26-bancada-ms-congresso-nacional-265x198.jpg 265w, https:\/\/vanderloubet.com.br\/deputado\/wp-content\/uploads\/2014\/02\/foto-2014-02-26-bancada-ms-congresso-nacional.jpg 1200w\" sizes=\"(max-width: 700px) 100vw, 700px\" \/><figcaption id=\"caption-attachment-8956\" class=\"wp-caption-text\">Bancada de MS tem grandes desafios em 2014<\/figcaption><\/figure>\n<p><em>Vander Loubet*<\/em><\/p>\n<p>Tive a honra de assumir, na \u00faltima semana, em Bras\u00edlia, a coordena\u00e7\u00e3o da bancada de Mato Grosso do Sul no Congresso Nacional. Estar nessa fun\u00e7\u00e3o &#8211; delegada a mim pelos nossos tr\u00eas senadores e os demais sete deputados federais &#8211; muito me orgulha e publicamente manifesto meu agradecimento aos meus pares pela confian\u00e7a depositada. Envidarei todos os esfor\u00e7os para bem representar os interesses de Mato Grosso do Sul junto ao governo federal e ao Congresso Nacional.<\/p>\n<p>Esse momento se constitui em mais um desafio em minha carreira parlamentar. Estou no meu terceiro mandato e nesse per\u00edodo tivemos grandes avan\u00e7os. Sob as coordena\u00e7\u00f5es anteriores de meus colegas, conseguimos consolidar uma rela\u00e7\u00e3o entre os integrantes da bancada. Uma rela\u00e7\u00e3o que, anteriormente, era mais pautada nas disputas partid\u00e1rias e\/ou pessoais, e que hoje foca prioritariamente os interesses do nosso estado.<\/p>\n<p>Nossa bancada \u00e9 composta por diferentes siglas e perfis de atua\u00e7\u00e3o. Pelo PT temos o senador Delc\u00eddio do Amaral, o deputado Ant\u00f4nio Carlos Biffi e eu; pelo PMDB, o senador Waldemir Moka e os deputados Geraldo Resende, Mar\u00e7al Filho, F\u00e1bio Trad e Akira Otsubo; pelo DEM, h\u00e1 o deputado Luiz Henrique Mandetta; e pelo PSDB, o senador Ruben Figueir\u00f3 e o deputado Reinaldo Azambuja. Apesar das diferen\u00e7as partid\u00e1rias e\/ou eventuais conflitos eleitorais, soubemos, ao longo dos \u00faltimos anos, atuar de forma conjunta nas busca por mais benef\u00edcios e investimentos para Mato Grosso do Sul. Esse \u00e9 um legado que n\u00e3o podemos perder.<\/p>\n<p>Assumo essa oportunidade, pela primeira vez em 11 anos, com o compromisso de dar continuidade a essa forma de a\u00e7\u00e3o, conjunta, para que possamos nos preparar para os novos desafios que est\u00e3o colocados, notadamente o chamado Or\u00e7amento Impositivo, que alterou de forma decisiva as rela\u00e7\u00f5es entre o Parlamento e o Executivo.<\/p>\n<p>Embora estejamos em ano de elei\u00e7\u00f5es presidenciais e parlamentares, no qual as disputas eleitorais emergem e a legisla\u00e7\u00e3o traz limita\u00e7\u00f5es quanto aos prazos para libera\u00e7\u00e3o de recursos, farei uso de toda a minha experi\u00eancia e tr\u00e2nsito em Bras\u00edlia, bem como da minha capacidade e motiva\u00e7\u00e3o para o di\u00e1logo e entendimento, para que nosso estado seja devidamente contemplado com obras e a\u00e7\u00f5es que colaborem para o desenvolvimento dos munic\u00edpios e com a melhoria da qualidade de vida das pessoas.<\/p>\n<p>Sempre vi e vejo a a\u00e7\u00e3o pol\u00edtica como uma a\u00e7\u00e3o constru\u00edda com base no di\u00e1logo, na interlocu\u00e7\u00e3o e no entendimento, de forma a construir consensos e propiciar a\u00e7\u00f5es que beneficiem a nossa sociedade. E e com essa filosofia que pretendo continuar minha atua\u00e7\u00e3o parlamentar e dar minha constribui\u00e7\u00e3o \u00e0 bancada como seu coordenador em Bras\u00edlia.<\/p>\n<p><em>*Deputado federal pelo PT-MS e novo coordenador da bancada de MS no Congresso Nacional<\/em><\/p>\n","protected":false},"excerpt":{"rendered":"<p>Artigo de Vander Loubet no qual aborda a coordena\u00e7\u00e3o da bancada de Mato Grosso do Sul no Congresso Nacional, rec\u00e9m assumida pelo deputado.<\/p>\n","protected":false},"author":2,"featured_media":8956,"comment_status":"closed","ping_status":"closed","sticky":false,"template":"","format":"standard","meta":{"jetpack_post_was_ever_published":false,"_jetpack_newsletter_access":"","_jetpack_dont_email_post_to_subs":false,"_jetpack_newsletter_tier_id":0,"_jetpack_memberships_contains_paywalled_content":false,"_jetpack_memberships_contains_paid_content":false,"footnotes":""},"categories":[11],"tags":[236,504],"class_list":{"0":"post-7428","1":"post","2":"type-post","3":"status-publish","4":"format-standard","5":"has-post-thumbnail","7":"category-opinioes","8":"tag-bancada","9":"tag-congresso-nacional"},"yoast_head":"<!-- This site is optimized with the Yoast SEO plugin v27.4 - https:\/\/yoast.com\/product\/yoast-seo-wordpress\/ -->\n<title>Desafios da bancada federal de MS<\/title>\n<meta name=\"robots\" content=\"index, follow, max-snippet:-1, max-image-preview:large, max-video-preview:-1\" \/>\n<link rel=\"canonical\" href=\"https:\/\/vanderloubet.com.br\/deputado\/desafios-da-bancada-federal-de-ms\/\" \/>\n<meta property=\"og:locale\" content=\"pt_BR\" \/>\n<meta property=\"og:type\" content=\"article\" \/>\n<meta property=\"og:title\" content=\"Desafios da bancada federal de MS\" \/>\n<meta property=\"og:description\" content=\"Artigo de Vander Loubet no qual aborda a coordena\u00e7\u00e3o da bancada de Mato Grosso do Sul no Congresso Nacional, rec\u00e9m assumida pelo deputado.\" \/>\n<meta property=\"og:url\" content=\"https:\/\/vanderloubet.com.br\/deputado\/desafios-da-bancada-federal-de-ms\/\" \/>\n<meta property=\"og:site_name\" content=\"Deputado Federal Vander Loubet\" \/>\n<meta property=\"article:publisher\" content=\"https:\/\/facebook.com\/deputadovander\" \/>\n<meta property=\"article:published_time\" content=\"2014-02-26T20:12:16+00:00\" \/>\n<meta property=\"article:modified_time\" content=\"2015-02-14T02:41:47+00:00\" \/>\n<meta property=\"og:image\" content=\"https:\/\/vanderloubet.com.br\/deputado\/wp-content\/uploads\/2014\/02\/foto-2014-02-26-bancada-ms-congresso-nacional.jpg\" \/>\n\t<meta property=\"og:image:width\" content=\"1200\" \/>\n\t<meta property=\"og:image:height\" content=\"900\" \/>\n\t<meta property=\"og:image:type\" content=\"image\/jpeg\" \/>\n<meta name=\"author\" content=\"\u00c9der\" \/>\n<meta name=\"twitter:card\" content=\"summary_large_image\" \/>\n<meta name=\"twitter:creator\" content=\"@vanderloubet\" \/>\n<meta name=\"twitter:site\" content=\"@vanderloubet\" \/>\n<script type=\"application\/ld+json\" class=\"yoast-schema-graph\">{\"@context\":\"https:\\\/\\\/schema.org\",\"@graph\":[{\"@type\":\"Article\",\"@id\":\"https:\\\/\\\/vanderloubet.com.br\\\/deputado\\\/desafios-da-bancada-federal-de-ms\\\/#article\",\"isPartOf\":{\"@id\":\"https:\\\/\\\/vanderloubet.com.br\\\/deputado\\\/desafios-da-bancada-federal-de-ms\\\/\"},\"author\":{\"name\":\"\u00c9der\",\"@id\":\"https:\\\/\\\/vanderloubet.com.br\\\/deputado\\\/#\\\/schema\\\/person\\\/15b51bd564532a8a68d9dec1b8eb890e\"},\"headline\":\"Desafios da bancada federal de MS\",\"datePublished\":\"2014-02-26T20:12:16+00:00\",\"dateModified\":\"2015-02-14T02:41:47+00:00\",\"mainEntityOfPage\":{\"@id\":\"https:\\\/\\\/vanderloubet.com.br\\\/deputado\\\/desafios-da-bancada-federal-de-ms\\\/\"},\"wordCount\":503,\"publisher\":{\"@id\":\"https:\\\/\\\/vanderloubet.com.br\\\/deputado\\\/#organization\"},\"image\":{\"@id\":\"https:\\\/\\\/vanderloubet.com.br\\\/deputado\\\/desafios-da-bancada-federal-de-ms\\\/#primaryimage\"},\"thumbnailUrl\":\"https:\\\/\\\/vanderloubet.com.br\\\/deputado\\\/wp-content\\\/uploads\\\/2014\\\/02\\\/foto-2014-02-26-bancada-ms-congresso-nacional.jpg\",\"keywords\":[\"bancada\",\"congresso nacional\"],\"articleSection\":[\"Opini\u00e3o\"],\"inLanguage\":\"pt-BR\"},{\"@type\":\"WebPage\",\"@id\":\"https:\\\/\\\/vanderloubet.com.br\\\/deputado\\\/desafios-da-bancada-federal-de-ms\\\/\",\"url\":\"https:\\\/\\\/vanderloubet.com.br\\\/deputado\\\/desafios-da-bancada-federal-de-ms\\\/\",\"name\":\"Desafios da bancada federal de MS\",\"isPartOf\":{\"@id\":\"https:\\\/\\\/vanderloubet.com.br\\\/deputado\\\/#website\"},\"primaryImageOfPage\":{\"@id\":\"https:\\\/\\\/vanderloubet.com.br\\\/deputado\\\/desafios-da-bancada-federal-de-ms\\\/#primaryimage\"},\"image\":{\"@id\":\"https:\\\/\\\/vanderloubet.com.br\\\/deputado\\\/desafios-da-bancada-federal-de-ms\\\/#primaryimage\"},\"thumbnailUrl\":\"https:\\\/\\\/vanderloubet.com.br\\\/deputado\\\/wp-content\\\/uploads\\\/2014\\\/02\\\/foto-2014-02-26-bancada-ms-congresso-nacional.jpg\",\"datePublished\":\"2014-02-26T20:12:16+00:00\",\"dateModified\":\"2015-02-14T02:41:47+00:00\",\"breadcrumb\":{\"@id\":\"https:\\\/\\\/vanderloubet.com.br\\\/deputado\\\/desafios-da-bancada-federal-de-ms\\\/#breadcrumb\"},\"inLanguage\":\"pt-BR\",\"potentialAction\":[{\"@type\":\"ReadAction\",\"target\":[\"https:\\\/\\\/vanderloubet.com.br\\\/deputado\\\/desafios-da-bancada-federal-de-ms\\\/\"]}]},{\"@type\":\"ImageObject\",\"inLanguage\":\"pt-BR\",\"@id\":\"https:\\\/\\\/vanderloubet.com.br\\\/deputado\\\/desafios-da-bancada-federal-de-ms\\\/#primaryimage\",\"url\":\"https:\\\/\\\/vanderloubet.com.br\\\/deputado\\\/wp-content\\\/uploads\\\/2014\\\/02\\\/foto-2014-02-26-bancada-ms-congresso-nacional.jpg\",\"contentUrl\":\"https:\\\/\\\/vanderloubet.com.br\\\/deputado\\\/wp-content\\\/uploads\\\/2014\\\/02\\\/foto-2014-02-26-bancada-ms-congresso-nacional.jpg\",\"width\":1200,\"height\":900,\"caption\":\"Bancada de MS tem grandes desafios em 2014\"},{\"@type\":\"BreadcrumbList\",\"@id\":\"https:\\\/\\\/vanderloubet.com.br\\\/deputado\\\/desafios-da-bancada-federal-de-ms\\\/#breadcrumb\",\"itemListElement\":[{\"@type\":\"ListItem\",\"position\":1,\"name\":\"In\u00edcio\",\"item\":\"https:\\\/\\\/vanderloubet.com.br\\\/deputado\\\/\"},{\"@type\":\"ListItem\",\"position\":2,\"name\":\"Desafios da bancada federal de MS\"}]},{\"@type\":\"WebSite\",\"@id\":\"https:\\\/\\\/vanderloubet.com.br\\\/deputado\\\/#website\",\"url\":\"https:\\\/\\\/vanderloubet.com.br\\\/deputado\\\/\",\"name\":\"Deputado Federal Vander Loubet\",\"description\":\"O Federal de MS\",\"publisher\":{\"@id\":\"https:\\\/\\\/vanderloubet.com.br\\\/deputado\\\/#organization\"},\"alternateName\":\"Deputado Vander\",\"potentialAction\":[{\"@type\":\"SearchAction\",\"target\":{\"@type\":\"EntryPoint\",\"urlTemplate\":\"https:\\\/\\\/vanderloubet.com.br\\\/deputado\\\/?s={search_term_string}\"},\"query-input\":{\"@type\":\"PropertyValueSpecification\",\"valueRequired\":true,\"valueName\":\"search_term_string\"}}],\"inLanguage\":\"pt-BR\"},{\"@type\":\"Organization\",\"@id\":\"https:\\\/\\\/vanderloubet.com.br\\\/deputado\\\/#organization\",\"name\":\"Deputado Federal Vander Loubet\",\"alternateName\":\"Deputado Vander\",\"url\":\"https:\\\/\\\/vanderloubet.com.br\\\/deputado\\\/\",\"logo\":{\"@type\":\"ImageObject\",\"inLanguage\":\"pt-BR\",\"@id\":\"https:\\\/\\\/vanderloubet.com.br\\\/deputado\\\/#\\\/schema\\\/logo\\\/image\\\/\",\"url\":\"https:\\\/\\\/vanderloubet.com.br\\\/deputado\\\/wp-content\\\/uploads\\\/2023\\\/06\\\/foto-2023-06-19-mandato-deputado-vander.jpg\",\"contentUrl\":\"https:\\\/\\\/vanderloubet.com.br\\\/deputado\\\/wp-content\\\/uploads\\\/2023\\\/06\\\/foto-2023-06-19-mandato-deputado-vander.jpg\",\"width\":1080,\"height\":1080,\"caption\":\"Deputado Federal Vander Loubet\"},\"image\":{\"@id\":\"https:\\\/\\\/vanderloubet.com.br\\\/deputado\\\/#\\\/schema\\\/logo\\\/image\\\/\"},\"sameAs\":[\"https:\\\/\\\/facebook.com\\\/deputadovander\",\"https:\\\/\\\/x.com\\\/vanderloubet\",\"https:\\\/\\\/instagram.com\\\/vanderloubet\",\"https:\\\/\\\/youtube.com\\\/vanderloubet\",\"https:\\\/\\\/tiktok.com\\\/@vanderloubetms\"]},{\"@type\":\"Person\",\"@id\":\"https:\\\/\\\/vanderloubet.com.br\\\/deputado\\\/#\\\/schema\\\/person\\\/15b51bd564532a8a68d9dec1b8eb890e\",\"name\":\"\u00c9der\",\"image\":{\"@type\":\"ImageObject\",\"inLanguage\":\"pt-BR\",\"@id\":\"https:\\\/\\\/vanderloubet.com.br\\\/deputado\\\/wp-content\\\/litespeed\\\/avatar\\\/88ca4090d9d5ab1c9495f6ca03b68efa.jpg?ver=1777058957\",\"url\":\"https:\\\/\\\/vanderloubet.com.br\\\/deputado\\\/wp-content\\\/litespeed\\\/avatar\\\/88ca4090d9d5ab1c9495f6ca03b68efa.jpg?ver=1777058957\",\"contentUrl\":\"https:\\\/\\\/vanderloubet.com.br\\\/deputado\\\/wp-content\\\/litespeed\\\/avatar\\\/88ca4090d9d5ab1c9495f6ca03b68efa.jpg?ver=1777058957\",\"caption\":\"\u00c9der\"}}]}<\/script>\n<!-- \/ Yoast SEO plugin. -->","yoast_head_json":{"title":"Desafios da bancada federal de MS","robots":{"index":"index","follow":"follow","max-snippet":"max-snippet:-1","max-image-preview":"max-image-preview:large","max-video-preview":"max-video-preview:-1"},"canonical":"https:\/\/vanderloubet.com.br\/deputado\/desafios-da-bancada-federal-de-ms\/","og_locale":"pt_BR","og_type":"article","og_title":"Desafios da bancada federal de MS","og_description":"Artigo de Vander Loubet no qual aborda a coordena\u00e7\u00e3o da bancada de Mato Grosso do Sul no Congresso Nacional, rec\u00e9m assumida pelo deputado.","og_url":"https:\/\/vanderloubet.com.br\/deputado\/desafios-da-bancada-federal-de-ms\/","og_site_name":"Deputado Federal Vander Loubet","article_publisher":"https:\/\/facebook.com\/deputadovander","article_published_time":"2014-02-26T20:12:16+00:00","article_modified_time":"2015-02-14T02:41:47+00:00","og_image":[{"width":1200,"height":900,"url":"https:\/\/vanderloubet.com.br\/deputado\/wp-content\/uploads\/2014\/02\/foto-2014-02-26-bancada-ms-congresso-nacional.jpg","type":"image\/jpeg"}],"author":"\u00c9der","twitter_card":"summary_large_image","twitter_creator":"@vanderloubet","twitter_site":"@vanderloubet","schema":{"@context":"https:\/\/schema.org","@graph":[{"@type":"Article","@id":"https:\/\/vanderloubet.com.br\/deputado\/desafios-da-bancada-federal-de-ms\/#article","isPartOf":{"@id":"https:\/\/vanderloubet.com.br\/deputado\/desafios-da-bancada-federal-de-ms\/"},"author":{"name":"\u00c9der","@id":"https:\/\/vanderloubet.com.br\/deputado\/#\/schema\/person\/15b51bd564532a8a68d9dec1b8eb890e"},"headline":"Desafios da bancada federal de MS","datePublished":"2014-02-26T20:12:16+00:00","dateModified":"2015-02-14T02:41:47+00:00","mainEntityOfPage":{"@id":"https:\/\/vanderloubet.com.br\/deputado\/desafios-da-bancada-federal-de-ms\/"},"wordCount":503,"publisher":{"@id":"https:\/\/vanderloubet.com.br\/deputado\/#organization"},"image":{"@id":"https:\/\/vanderloubet.com.br\/deputado\/desafios-da-bancada-federal-de-ms\/#primaryimage"},"thumbnailUrl":"https:\/\/vanderloubet.com.br\/deputado\/wp-content\/uploads\/2014\/02\/foto-2014-02-26-bancada-ms-congresso-nacional.jpg","keywords":["bancada","congresso nacional"],"articleSection":["Opini\u00e3o"],"inLanguage":"pt-BR"},{"@type":"WebPage","@id":"https:\/\/vanderloubet.com.br\/deputado\/desafios-da-bancada-federal-de-ms\/","url":"https:\/\/vanderloubet.com.br\/deputado\/desafios-da-bancada-federal-de-ms\/","name":"Desafios da bancada federal de MS","isPartOf":{"@id":"https:\/\/vanderloubet.com.br\/deputado\/#website"},"primaryImageOfPage":{"@id":"https:\/\/vanderloubet.com.br\/deputado\/desafios-da-bancada-federal-de-ms\/#primaryimage"},"image":{"@id":"https:\/\/vanderloubet.com.br\/deputado\/desafios-da-bancada-federal-de-ms\/#primaryimage"},"thumbnailUrl":"https:\/\/vanderloubet.com.br\/deputado\/wp-content\/uploads\/2014\/02\/foto-2014-02-26-bancada-ms-congresso-nacional.jpg","datePublished":"2014-02-26T20:12:16+00:00","dateModified":"2015-02-14T02:41:47+00:00","breadcrumb":{"@id":"https:\/\/vanderloubet.com.br\/deputado\/desafios-da-bancada-federal-de-ms\/#breadcrumb"},"inLanguage":"pt-BR","potentialAction":[{"@type":"ReadAction","target":["https:\/\/vanderloubet.com.br\/deputado\/desafios-da-bancada-federal-de-ms\/"]}]},{"@type":"ImageObject","inLanguage":"pt-BR","@id":"https:\/\/vanderloubet.com.br\/deputado\/desafios-da-bancada-federal-de-ms\/#primaryimage","url":"https:\/\/vanderloubet.com.br\/deputado\/wp-content\/uploads\/2014\/02\/foto-2014-02-26-bancada-ms-congresso-nacional.jpg","contentUrl":"https:\/\/vanderloubet.com.br\/deputado\/wp-content\/uploads\/2014\/02\/foto-2014-02-26-bancada-ms-congresso-nacional.jpg","width":1200,"height":900,"caption":"Bancada de MS tem grandes desafios em 2014"},{"@type":"BreadcrumbList","@id":"https:\/\/vanderloubet.com.br\/deputado\/desafios-da-bancada-federal-de-ms\/#breadcrumb","itemListElement":[{"@type":"ListItem","position":1,"name":"In\u00edcio","item":"https:\/\/vanderloubet.com.br\/deputado\/"},{"@type":"ListItem","position":2,"name":"Desafios da bancada federal de MS"}]},{"@type":"WebSite","@id":"https:\/\/vanderloubet.com.br\/deputado\/#website","url":"https:\/\/vanderloubet.com.br\/deputado\/","name":"Deputado Federal Vander Loubet","description":"O Federal de MS","publisher":{"@id":"https:\/\/vanderloubet.com.br\/deputado\/#organization"},"alternateName":"Deputado Vander","potentialAction":[{"@type":"SearchAction","target":{"@type":"EntryPoint","urlTemplate":"https:\/\/vanderloubet.com.br\/deputado\/?s={search_term_string}"},"query-input":{"@type":"PropertyValueSpecification","valueRequired":true,"valueName":"search_term_string"}}],"inLanguage":"pt-BR"},{"@type":"Organization","@id":"https:\/\/vanderloubet.com.br\/deputado\/#organization","name":"Deputado Federal Vander Loubet","alternateName":"Deputado Vander","url":"https:\/\/vanderloubet.com.br\/deputado\/","logo":{"@type":"ImageObject","inLanguage":"pt-BR","@id":"https:\/\/vanderloubet.com.br\/deputado\/#\/schema\/logo\/image\/","url":"https:\/\/vanderloubet.com.br\/deputado\/wp-content\/uploads\/2023\/06\/foto-2023-06-19-mandato-deputado-vander.jpg","contentUrl":"https:\/\/vanderloubet.com.br\/deputado\/wp-content\/uploads\/2023\/06\/foto-2023-06-19-mandato-deputado-vander.jpg","width":1080,"height":1080,"caption":"Deputado Federal Vander Loubet"},"image":{"@id":"https:\/\/vanderloubet.com.br\/deputado\/#\/schema\/logo\/image\/"},"sameAs":["https:\/\/facebook.com\/deputadovander","https:\/\/x.com\/vanderloubet","https:\/\/instagram.com\/vanderloubet","https:\/\/youtube.com\/vanderloubet","https:\/\/tiktok.com\/@vanderloubetms"]},{"@type":"Person","@id":"https:\/\/vanderloubet.com.br\/deputado\/#\/schema\/person\/15b51bd564532a8a68d9dec1b8eb890e","name":"\u00c9der","image":{"@type":"ImageObject","inLanguage":"pt-BR","@id":"https:\/\/vanderloubet.com.br\/deputado\/wp-content\/litespeed\/avatar\/88ca4090d9d5ab1c9495f6ca03b68efa.jpg?ver=1777058957","url":"https:\/\/vanderloubet.com.br\/deputado\/wp-content\/litespeed\/avatar\/88ca4090d9d5ab1c9495f6ca03b68efa.jpg?ver=1777058957","contentUrl":"https:\/\/vanderloubet.com.br\/deputado\/wp-content\/litespeed\/avatar\/88ca4090d9d5ab1c9495f6ca03b68efa.jpg?ver=1777058957","caption":"\u00c9der"}}]}},"jetpack_featured_media_url":"https:\/\/vanderloubet.com.br\/deputado\/wp-content\/uploads\/2014\/02\/foto-2014-02-26-bancada-ms-congresso-nacional.jpg","jetpack_sharing_enabled":true,"_links":{"self":[{"href":"https:\/\/vanderloubet.com.br\/deputado\/wp-json\/wp\/v2\/posts\/7428","targetHints":{"allow":["GET"]}}],"collection":[{"href":"https:\/\/vanderloubet.com.br\/deputado\/wp-json\/wp\/v2\/posts"}],"about":[{"href":"https:\/\/vanderloubet.com.br\/deputado\/wp-json\/wp\/v2\/types\/post"}],"author":[{"embeddable":true,"href":"https:\/\/vanderloubet.com.br\/deputado\/wp-json\/wp\/v2\/users\/2"}],"replies":[{"embeddable":true,"href":"https:\/\/vanderloubet.com.br\/deputado\/wp-json\/wp\/v2\/comments?post=7428"}],"version-history":[{"count":0,"href":"https:\/\/vanderloubet.com.br\/deputado\/wp-json\/wp\/v2\/posts\/7428\/revisions"}],"wp:featuredmedia":[{"embeddable":true,"href":"https:\/\/vanderloubet.com.br\/deputado\/wp-json\/wp\/v2\/media\/8956"}],"wp:attachment":[{"href":"https:\/\/vanderloubet.com.br\/deputado\/wp-json\/wp\/v2\/media?parent=7428"}],"wp:term":[{"taxonomy":"category","embeddable":true,"href":"https:\/\/vanderloubet.com.br\/deputado\/wp-json\/wp\/v2\/categories?post=7428"},{"taxonomy":"post_tag","embeddable":true,"href":"https:\/\/vanderloubet.com.br\/deputado\/wp-json\/wp\/v2\/tags?post=7428"}],"curies":[{"name":"wp","href":"https:\/\/api.w.org\/{rel}","templated":true}]}}