{"id":7426,"date":"2014-02-24T07:06:19","date_gmt":"2014-02-24T10:06:19","guid":{"rendered":"http:\/\/vanderloubet.com.br\/deputado\/?p=7426"},"modified":"2015-02-05T23:51:17","modified_gmt":"2015-02-06T02:51:17","slug":"ministro-dos-transportes-afirma-que-ferrovias-e-rodovias-em-ms-seguem-nos-planos-do-governo","status":"publish","type":"post","link":"https:\/\/vanderloubet.com.br\/deputado\/ministro-dos-transportes-afirma-que-ferrovias-e-rodovias-em-ms-seguem-nos-planos-do-governo\/","title":{"rendered":"Ministro dos Transportes afirma que ferrovias e rodovias em MS seguem nos planos do governo"},"content":{"rendered":"\r\n                <style type=\"text\/css\">\r\n                    \r\n                    #tdi_1  .td-doubleSlider-2 .td-item1 {\r\n                        background: url(https:\/\/vanderloubet.com.br\/deputado\/wp-content\/uploads\/2014\/02\/foto-2014-02-24-vander-puccinelli-cesar-borges-80x60.jpg) 0 0 no-repeat;\r\n                    }\r\n                    #tdi_1  .td-doubleSlider-2 .td-item2 {\r\n                        background: url(https:\/\/vanderloubet.com.br\/deputado\/wp-content\/uploads\/2014\/02\/foto-2014-02-24-audiencia-ministerio-transportes-80x60.jpg) 0 0 no-repeat;\r\n                    }\r\n                    #tdi_1  .td-doubleSlider-2 .td-item3 {\r\n                        background: url(https:\/\/vanderloubet.com.br\/deputado\/wp-content\/uploads\/2014\/02\/foto-2013-12-19-ferrovia-dourados-estreladoeste-geral-80x60.jpg) 0 0 no-repeat;\r\n                    }\r\n                    #tdi_1  .td-doubleSlider-2 .td-item4 {\r\n                        background: url(https:\/\/vanderloubet.com.br\/deputado\/wp-content\/uploads\/2014\/02\/foto-2013-12-19-ferrovia-maracaju-lapa-geral-80x60.jpg) 0 0 no-repeat;\r\n                    }\r\n                <\/style>\r\n\r\n                <div id=\"tdi_1\" class=\"td-gallery td-slide-on-2-columns\">\r\n                    <div class=\"post_td_gallery\">\r\n                        <div class=\"td-gallery-slide-top\">\r\n                           <div class=\"td-gallery-title\"><\/div>\r\n\r\n                            <div class=\"td-gallery-controls-wrapper\">\r\n                                <div class=\"td-gallery-slide-count\"><span class=\"td-gallery-slide-item-focus\">1<\/span> de 4<\/div>\r\n                                <div class=\"td-gallery-slide-prev-next-but\">\r\n                                    <i class = \"td-icon-left doubleSliderPrevButton\"><\/i>\r\n                                    <i class = \"td-icon-right doubleSliderNextButton\"><\/i>\r\n                                <\/div>\r\n                            <\/div>\r\n                        <\/div>\r\n\r\n                        <div class = \"td-doubleSlider-1 \">\r\n                            <div class = \"td-slider\">\r\n                                \r\n                    <div class = \"td-slide-item td-item1\">\r\n                        <figure class=\"td-slide-galery-figure td-slide-popup-gallery\">\r\n                            <a class=\"slide-gallery-image-link\" href=\"https:\/\/vanderloubet.com.br\/deputado\/wp-content\/uploads\/2014\/02\/foto-2014-02-24-vander-puccinelli-cesar-borges.jpg\" title=\"foto-2014-02-24-vander-puccinelli-cesar-borges\"  data-caption=\"\"  data-description=\"Vander, Puccinelli e o ministro C&eacute;sar Borges durante a audi&ecirc;ncia\">\r\n                                <img decoding=\"async\" src=\"https:\/\/vanderloubet.com.br\/deputado\/wp-content\/uploads\/2014\/02\/foto-2014-02-24-vander-puccinelli-cesar-borges-630x420.jpg\" srcset=\"https:\/\/vanderloubet.com.br\/deputado\/wp-content\/uploads\/2014\/02\/foto-2014-02-24-vander-puccinelli-cesar-borges-630x420.jpg 630w, https:\/\/vanderloubet.com.br\/deputado\/wp-content\/uploads\/2014\/02\/foto-2014-02-24-vander-puccinelli-cesar-borges-350x233.jpg 350w, https:\/\/vanderloubet.com.br\/deputado\/wp-content\/uploads\/2014\/02\/foto-2014-02-24-vander-puccinelli-cesar-borges-768x512.jpg 768w, https:\/\/vanderloubet.com.br\/deputado\/wp-content\/uploads\/2014\/02\/foto-2014-02-24-vander-puccinelli-cesar-borges-700x467.jpg 700w, https:\/\/vanderloubet.com.br\/deputado\/wp-content\/uploads\/2014\/02\/foto-2014-02-24-vander-puccinelli-cesar-borges-696x464.jpg 696w, https:\/\/vanderloubet.com.br\/deputado\/wp-content\/uploads\/2014\/02\/foto-2014-02-24-vander-puccinelli-cesar-borges-1068x712.jpg 1068w, https:\/\/vanderloubet.com.br\/deputado\/wp-content\/uploads\/2014\/02\/foto-2014-02-24-vander-puccinelli-cesar-borges.jpg 1200w\" sizes=\"(max-width: 630px) 100vw, 630px\" alt=\"Vander, Puccinelli e o ministro C&eacute;sar Borges durante a audi&ecirc;ncia\">\r\n                            <\/a>\r\n                            <figcaption class = \"td-slide-caption td-gallery-slide-content\"><span>Vander, Puccinelli e o ministro C\u00e9sar Borges durante a audi\u00eancia<\/span><\/figcaption>\r\n                        <\/figure>\r\n                    <\/div>\r\n                    <div class = \"td-slide-item td-item2\">\r\n                        <figure class=\"td-slide-galery-figure td-slide-popup-gallery\">\r\n                            <a class=\"slide-gallery-image-link\" href=\"https:\/\/vanderloubet.com.br\/deputado\/wp-content\/uploads\/2014\/02\/foto-2014-02-24-audiencia-ministerio-transportes.jpg\" title=\"foto-2014-02-24-audiencia-ministerio-transportes\"  data-caption=\"\"  data-description=\"Vander, Puccinelli e o ministro C&eacute;sar Borges durante a audi&ecirc;ncia\">\r\n                                <img decoding=\"async\" src=\"https:\/\/vanderloubet.com.br\/deputado\/wp-content\/uploads\/2014\/02\/foto-2014-02-24-audiencia-ministerio-transportes-630x420.jpg\" srcset=\"https:\/\/vanderloubet.com.br\/deputado\/wp-content\/uploads\/2014\/02\/foto-2014-02-24-audiencia-ministerio-transportes-630x420.jpg 630w, https:\/\/vanderloubet.com.br\/deputado\/wp-content\/uploads\/2014\/02\/foto-2014-02-24-audiencia-ministerio-transportes-350x233.jpg 350w, https:\/\/vanderloubet.com.br\/deputado\/wp-content\/uploads\/2014\/02\/foto-2014-02-24-audiencia-ministerio-transportes-768x512.jpg 768w, https:\/\/vanderloubet.com.br\/deputado\/wp-content\/uploads\/2014\/02\/foto-2014-02-24-audiencia-ministerio-transportes-700x467.jpg 700w, https:\/\/vanderloubet.com.br\/deputado\/wp-content\/uploads\/2014\/02\/foto-2014-02-24-audiencia-ministerio-transportes-696x464.jpg 696w, https:\/\/vanderloubet.com.br\/deputado\/wp-content\/uploads\/2014\/02\/foto-2014-02-24-audiencia-ministerio-transportes-1068x712.jpg 1068w, https:\/\/vanderloubet.com.br\/deputado\/wp-content\/uploads\/2014\/02\/foto-2014-02-24-audiencia-ministerio-transportes.jpg 1200w\" sizes=\"(max-width: 630px) 100vw, 630px\" alt=\"Vander, Puccinelli e o ministro C&eacute;sar Borges durante a audi&ecirc;ncia\">\r\n                            <\/a>\r\n                            <figcaption class = \"td-slide-caption td-gallery-slide-content\"><span>Vander, Puccinelli e o ministro C\u00e9sar Borges durante a audi\u00eancia<\/span><\/figcaption>\r\n                        <\/figure>\r\n                    <\/div>\r\n                    <div class = \"td-slide-item td-item3\">\r\n                        <figure class=\"td-slide-galery-figure td-slide-popup-gallery\">\r\n                            <a class=\"slide-gallery-image-link\" href=\"https:\/\/vanderloubet.com.br\/deputado\/wp-content\/uploads\/2014\/02\/foto-2013-12-19-ferrovia-dourados-estreladoeste-geral.jpg\" title=\"Tra\u00e7ado do projeto da ferrovia entre Estrela d'Oeste e Dourados\"  data-caption=\"\"  data-description=\"Tra&ccedil;ado do projeto da ferrovia entre Estrela d&#039;Oeste e Dourados\">\r\n                                <img decoding=\"async\" src=\"https:\/\/vanderloubet.com.br\/deputado\/wp-content\/uploads\/2014\/02\/foto-2013-12-19-ferrovia-dourados-estreladoeste-geral-756x420.jpg\" srcset=\"https:\/\/vanderloubet.com.br\/deputado\/wp-content\/uploads\/2014\/02\/foto-2013-12-19-ferrovia-dourados-estreladoeste-geral-756x420.jpg 756w, https:\/\/vanderloubet.com.br\/deputado\/wp-content\/uploads\/2014\/02\/foto-2013-12-19-ferrovia-dourados-estreladoeste-geral-350x194.jpg 350w, https:\/\/vanderloubet.com.br\/deputado\/wp-content\/uploads\/2014\/02\/foto-2013-12-19-ferrovia-dourados-estreladoeste-geral-768x427.jpg 768w, https:\/\/vanderloubet.com.br\/deputado\/wp-content\/uploads\/2014\/02\/foto-2013-12-19-ferrovia-dourados-estreladoeste-geral-700x389.jpg 700w, https:\/\/vanderloubet.com.br\/deputado\/wp-content\/uploads\/2014\/02\/foto-2013-12-19-ferrovia-dourados-estreladoeste-geral-696x387.jpg 696w, https:\/\/vanderloubet.com.br\/deputado\/wp-content\/uploads\/2014\/02\/foto-2013-12-19-ferrovia-dourados-estreladoeste-geral.jpg 1066w\" sizes=\"(max-width: 756px) 100vw, 756px\" alt=\"Tra&ccedil;ado do projeto da ferrovia entre Estrela d&#039;Oeste e Dourados\">\r\n                            <\/a>\r\n                            <figcaption class = \"td-slide-caption td-gallery-slide-content\"><span>Tra\u00e7ado do projeto da ferrovia entre Estrela d'Oeste e Dourados<\/span><\/figcaption>\r\n                        <\/figure>\r\n                    <\/div>\r\n                    <div class = \"td-slide-item td-item4\">\r\n                        <figure class=\"td-slide-galery-figure td-slide-popup-gallery\">\r\n                            <a class=\"slide-gallery-image-link\" href=\"https:\/\/vanderloubet.com.br\/deputado\/wp-content\/uploads\/2014\/02\/foto-2013-12-19-ferrovia-maracaju-lapa-geral.jpg\" title=\"Tra\u00e7ado do projeto da ferrovia entre Lapa e Maracaju\"  data-caption=\"\"  data-description=\"Tra&ccedil;ado do projeto da ferrovia entre Lapa e Maracaju\">\r\n                                <img decoding=\"async\" src=\"https:\/\/vanderloubet.com.br\/deputado\/wp-content\/uploads\/2014\/02\/foto-2013-12-19-ferrovia-maracaju-lapa-geral-759x420.jpg\" srcset=\"https:\/\/vanderloubet.com.br\/deputado\/wp-content\/uploads\/2014\/02\/foto-2013-12-19-ferrovia-maracaju-lapa-geral-759x420.jpg 759w, https:\/\/vanderloubet.com.br\/deputado\/wp-content\/uploads\/2014\/02\/foto-2013-12-19-ferrovia-maracaju-lapa-geral-350x194.jpg 350w, https:\/\/vanderloubet.com.br\/deputado\/wp-content\/uploads\/2014\/02\/foto-2013-12-19-ferrovia-maracaju-lapa-geral-768x425.jpg 768w, https:\/\/vanderloubet.com.br\/deputado\/wp-content\/uploads\/2014\/02\/foto-2013-12-19-ferrovia-maracaju-lapa-geral-700x388.jpg 700w, https:\/\/vanderloubet.com.br\/deputado\/wp-content\/uploads\/2014\/02\/foto-2013-12-19-ferrovia-maracaju-lapa-geral-696x385.jpg 696w, https:\/\/vanderloubet.com.br\/deputado\/wp-content\/uploads\/2014\/02\/foto-2013-12-19-ferrovia-maracaju-lapa-geral.jpg 1062w\" sizes=\"(max-width: 759px) 100vw, 759px\" alt=\"Tra&ccedil;ado do projeto da ferrovia entre Lapa e Maracaju\">\r\n                            <\/a>\r\n                            <figcaption class = \"td-slide-caption td-gallery-slide-content\"><span>Tra\u00e7ado do projeto da ferrovia entre Lapa e Maracaju<\/span><\/figcaption>\r\n                        <\/figure>\r\n                    <\/div>\r\n                            <\/div>\r\n                        <\/div>\r\n\r\n                        <div class = \"td-doubleSlider-2\">\r\n                            <div class = \"td-slider\">\r\n                                \r\n                    <div class = \"td-button td-item1\">\r\n                        <div class = \"td-border\"><\/div>\r\n                    <\/div>\r\n                    <div class = \"td-button td-item2\">\r\n                        <div class = \"td-border\"><\/div>\r\n                    <\/div>\r\n                    <div class = \"td-button td-item3\">\r\n                        <div class = \"td-border\"><\/div>\r\n                    <\/div>\r\n                    <div class = \"td-button td-item4\">\r\n                        <div class = \"td-border\"><\/div>\r\n                    <\/div>\r\n                            <\/div>\r\n                        <\/div>\r\n\r\n                    <\/div>\r\n\r\n                <\/div>\r\n                \n<p>Em sua primeira agenda ministerial como coordenador da bancada de Mato Grosso do Sul no Congresso Nacional, o deputado federal Vander Loubet (PT) participou de uma audi\u00eancia com o ministro dos Transportes, C\u00e9sar Borges, na tarde da \u00faltima quinta-feira (20), em Bras\u00edlia. A reuni\u00e3o foi agendada para tratar de projetos de infraestrutura log\u00edstica. &#8220;Havia ind\u00edcios de que os projetos de ferrovias em MS poderiam ficar de fora dos planos do governo. Ent\u00e3o fomos fazer press\u00e3o junto ao Minist\u00e9rio para n\u00e3o perder esses projetos. Depois da conversa com o ministro ficamos mais tranquilos pois onde houver demanda de carga e forem viabilizadas as concess\u00f5es o governo federal vai garantir o projeto e essas ferrovias do nosso estado est\u00e3o nessa condi\u00e7\u00e3o&#8221;, afirmou Vander.<\/p>\n<p>De acordo com o deputado, a prioridade da Uni\u00e3o em rela\u00e7\u00e3o ferrovias \u00e9 promover a concess\u00e3o \u00e0 iniciativa privada, mas num modelo no qual o governo vai participar da administra\u00e7\u00e3o. &#8220;A exce\u00e7\u00e3o ser\u00e3o as ferrovias que s\u00e3o estrat\u00e9gicas do ponto de vista da integra\u00e7\u00e3o nacional e que n\u00e3o tenham um volume de cargas que interesse \u00e0s empresas&#8221;, explicou Vander. &#8220;Nos demais casos, o governo vai fazer as concess\u00f5es, vai fornecer financiamento p\u00fablico pelo BNDES, Caixa ou Banco do Brasil para as empresas privadas executarem as obras e depois, por meio de outra empresa p\u00fablica, a Valec, o governo vai participar da comercializa\u00e7\u00e3o da capacidade de transporte de carga&#8221;, completou o parlamentar.<\/p>\n<p>Atualmente, s\u00e3o dois os projetos ferrovi\u00e1rios que envolvem Mato Grosso do Sul. Um \u00e9 a ferrovia Ouro Verde de G\u00f3ias-Estrela D&#8217;Oeste-Panorama-Dourados, com uma extens\u00e3o aproximada de 1.300 km. A concess\u00e3o do servi\u00e7o p\u00fablico de explora\u00e7\u00e3o da ferrovia compreenderia a constru\u00e7\u00e3o apenas do trecho Estrela D&#8217;Oeste-Panorama-Dourados, j\u00e1 que o trecho An\u00e1polis-Estrela D&#8217;Oeste (681,6 km) est\u00e1 em constru\u00e7\u00e3o pela Valec, empresa p\u00fablica vinculada ao Minist\u00e9rio dos Transportes. Al\u00e9m de Dourados, o tra\u00e7ado pode passar pelos munic\u00edpios sul-mato-grossenses de Deod\u00e1polis, Ang\u00e9lica, Nova Andradina, Bataguassu, Santa Rita do Pardo, Brasil\u00e2ndia, Tr\u00eas Lagoas e Eldorado.<\/p>\n<p>Essa ferrovia ser\u00e1 integrada \u00e0 Ferrovia Norte-Sul, cujo trecho, quando completo, vai interligar o interior do Brasil aos portos de Bel\u00e9m (PA), S\u00e3o Lu\u00eds (MA), Santos (SP), Rio de Janeiro (RJ) e Rio Grande (RS). Al\u00e9m disso, futuramente, a Norte-Sul deve se conectar \u00e0 Ferrovia Ferroeste e essa interliga\u00e7\u00e3o atingir\u00e1 tamb\u00e9m o porto de Paranagu\u00e1 (PR).<\/p>\n<p>J\u00e1 o outro projeto no estado se refere \u00e0 ferrovia Maracaju-Cascavel-Lapa e envolve a constru\u00e7\u00e3o de 989 km de trilhos. O trecho integrar\u00e1 justamente a Ferroeste, que cruza o Paran\u00e1 de leste a oeste, e permitir\u00e1 a inteliga\u00e7\u00e3o ao porto de Paranagu\u00e1. O tra\u00e7ado em Mato Grosso do Sul, a partir de Maracaju, deve incluir os munic\u00edpios de Itapor\u00e3, Dourados, Caarap\u00f3, Amambai, Iguatemi, Eldorado e Mundo Novo.<\/p>\n<p><strong>Integra\u00e7\u00e3o<\/strong> &#8211; Na audi\u00eancia foi discutida tamb\u00e9m a inclus\u00e3o da rodovia BR-419 na segunda fase do Programa de Acelera\u00e7\u00e3o do Crescimento (PAC 2). De acordo com o governador Andr\u00e9 Puccinelli, j\u00e1 foram providenciados os projetos e o licenciamento da rodovia. &#8220;Aguardamos apenas a libera\u00e7\u00e3o das verbas para o in\u00edcio das obras&#8221;, afirmou Andr\u00e9.<\/p>\n<p>A obra em quest\u00e3o se refere \u00e0 pavimenta\u00e7\u00e3o de 279 quil\u00f4metros da rodovia, or\u00e7ada em R$ 350 milh\u00f5es. O trecho fica entre o entroncamento da BR-419 com a BR-163, em Rio Verde de Mato Grosso, at\u00e9 e a BR-262, em Aquidauana. O ministro C\u00e9sar Borges explicou que o Minist\u00e9rio n\u00e3o se op\u00f5e \u00e0 inclus\u00e3o do projeto no PAC 2, mas que precisa da autoriza\u00e7\u00e3o do MPOG para liberar a verba pretendida.<\/p>\n<p>&#8220;Agora ser\u00e1 necess\u00e1rio um esfor\u00e7o concentrado. O governador Andr\u00e9 j\u00e1 me pediu esse empenho e como coordenador da bancada estou agendando uma audi\u00eancia com a ministra Miriam Belchior, para logo depois do carnaval, a fim de que tenhamos o aval do Minist\u00e9rio do Planejamento. \u00c9 uma rodovia importante para a integra\u00e7\u00e3o da Regi\u00e3o Norte com as regi\u00f5es do Pantanal e Sudoeste, \u00e9 uma obra fundamental para o desenvolvimento do turismo em munic\u00edpios como Aquidauana, Bonito, Jardim e outras&#8221;, declarou o deputado Vander.<\/p>\n<p><strong>Novas concess\u00f5es<\/strong> &#8211; Por fim, o deputado Vander questionou C\u00e9sar Borges sobre a situa\u00e7\u00e3o das rodovias BR-262 e BR-267 em MS. Inicialmente, trechos de ambas as estradas estavam inclu\u00eddos no lote que foi leiloado junto com a BR-163 em dezembro do ano passado. No entanto, estudos de viabilidade econ\u00f4mica feitos pela Ag\u00eancia Nacional de Transportes Terrestres (ANTT) fizeram com que as BRs 262 e 267 fossem exclu\u00eddas do leil\u00e3o para n\u00e3o inviabilizar o interesse da iniciativa privada na BR-163.<\/p>\n<p>&#8220;Obtivemos do ministro a informa\u00e7\u00e3o de que essas rodovias v\u00e3o entrar em novos lotes de concess\u00e3o a serem leiloados pelo governo. Isso \u00e9 muito positivo j\u00e1 que foi criada uma grande expectativa em torno da duplica\u00e7\u00e3o e moderniza\u00e7\u00e3o dessas estradas&#8221;, concluiu o parlamentar petista.<\/p>\n<p>Al\u00e9m de Vander, estiveram presentes \u00e0 audi\u00eancia com o ministro dos Transportes o governador do Estado, Andr\u00e9 Puccinelli (PMDB), os senadores Waldemir Moka (PMDB) e Ruben Figueir\u00f3 (PSDB), o deputado federal F\u00e1bio Trad (PMDB) e o secret\u00e1rio de Estado de Obras, Edson Giroto.<\/p>\n<p><em>(\u00c9der Yanaguita &#8211; Ascom\/Deputado Vander)<\/em><\/p>\n","protected":false},"excerpt":{"rendered":"<p>Afirma\u00e7\u00e3o foi feita durante audi\u00eancia em Bras\u00edlia da qual participaram o deputado Vander Loubet e o governador Andr\u00e9 Puccinelli.<\/p>\n","protected":false},"author":2,"featured_media":7774,"comment_status":"closed","ping_status":"closed","sticky":false,"template":"","format":"standard","meta":{"jetpack_post_was_ever_published":false,"_jetpack_newsletter_access":"","_jetpack_dont_email_post_to_subs":false,"_jetpack_newsletter_tier_id":0,"_jetpack_memberships_contains_paywalled_content":false,"_jetpack_memberships_contains_paid_content":false,"footnotes":""},"categories":[2099,10],"tags":[1446,1973],"class_list":{"0":"post-7426","1":"post","2":"type-post","3":"status-publish","4":"format-standard","5":"has-post-thumbnail","7":"category-ms-noticias","8":"category-noticias","9":"tag-pac-2","10":"tag-transportes"},"yoast_head":"<!-- This site is optimized with the Yoast SEO plugin v27.4 - https:\/\/yoast.com\/product\/yoast-seo-wordpress\/ -->\n<title>Ministro dos Transportes afirma que ferrovias e rodovias em MS seguem nos planos do governo<\/title>\n<meta name=\"robots\" content=\"index, follow, max-snippet:-1, max-image-preview:large, max-video-preview:-1\" \/>\n<link rel=\"canonical\" href=\"https:\/\/vanderloubet.com.br\/deputado\/ministro-dos-transportes-afirma-que-ferrovias-e-rodovias-em-ms-seguem-nos-planos-do-governo\/\" \/>\n<meta property=\"og:locale\" content=\"pt_BR\" \/>\n<meta property=\"og:type\" content=\"article\" \/>\n<meta property=\"og:title\" content=\"Ministro dos Transportes afirma que ferrovias e rodovias em MS seguem nos planos do governo\" \/>\n<meta property=\"og:description\" content=\"Afirma\u00e7\u00e3o foi feita durante audi\u00eancia em Bras\u00edlia da qual participaram o deputado Vander Loubet e o governador Andr\u00e9 Puccinelli.\" \/>\n<meta property=\"og:url\" content=\"https:\/\/vanderloubet.com.br\/deputado\/ministro-dos-transportes-afirma-que-ferrovias-e-rodovias-em-ms-seguem-nos-planos-do-governo\/\" \/>\n<meta property=\"og:site_name\" content=\"Deputado Federal Vander Loubet\" \/>\n<meta property=\"article:publisher\" content=\"https:\/\/facebook.com\/deputadovander\" \/>\n<meta property=\"article:published_time\" content=\"2014-02-24T10:06:19+00:00\" \/>\n<meta property=\"article:modified_time\" content=\"2015-02-06T02:51:17+00:00\" \/>\n<meta property=\"og:image\" content=\"https:\/\/vanderloubet.com.br\/deputado\/wp-content\/uploads\/2014\/02\/foto-2014-02-24-vander-puccinelli-cesar-borges.jpg\" \/>\n\t<meta property=\"og:image:width\" content=\"1200\" \/>\n\t<meta property=\"og:image:height\" content=\"800\" \/>\n\t<meta property=\"og:image:type\" content=\"image\/jpeg\" \/>\n<meta name=\"author\" content=\"\u00c9der\" \/>\n<meta name=\"twitter:card\" content=\"summary_large_image\" \/>\n<meta name=\"twitter:creator\" content=\"@vanderloubet\" \/>\n<meta name=\"twitter:site\" content=\"@vanderloubet\" \/>\n<script type=\"application\/ld+json\" class=\"yoast-schema-graph\">{\"@context\":\"https:\\\/\\\/schema.org\",\"@graph\":[{\"@type\":\"Article\",\"@id\":\"https:\\\/\\\/vanderloubet.com.br\\\/deputado\\\/ministro-dos-transportes-afirma-que-ferrovias-e-rodovias-em-ms-seguem-nos-planos-do-governo\\\/#article\",\"isPartOf\":{\"@id\":\"https:\\\/\\\/vanderloubet.com.br\\\/deputado\\\/ministro-dos-transportes-afirma-que-ferrovias-e-rodovias-em-ms-seguem-nos-planos-do-governo\\\/\"},\"author\":{\"name\":\"\u00c9der\",\"@id\":\"https:\\\/\\\/vanderloubet.com.br\\\/deputado\\\/#\\\/schema\\\/person\\\/15b51bd564532a8a68d9dec1b8eb890e\"},\"headline\":\"Ministro dos Transportes afirma que ferrovias e rodovias em MS seguem nos planos do governo\",\"datePublished\":\"2014-02-24T10:06:19+00:00\",\"dateModified\":\"2015-02-06T02:51:17+00:00\",\"mainEntityOfPage\":{\"@id\":\"https:\\\/\\\/vanderloubet.com.br\\\/deputado\\\/ministro-dos-transportes-afirma-que-ferrovias-e-rodovias-em-ms-seguem-nos-planos-do-governo\\\/\"},\"wordCount\":931,\"publisher\":{\"@id\":\"https:\\\/\\\/vanderloubet.com.br\\\/deputado\\\/#organization\"},\"image\":{\"@id\":\"https:\\\/\\\/vanderloubet.com.br\\\/deputado\\\/ministro-dos-transportes-afirma-que-ferrovias-e-rodovias-em-ms-seguem-nos-planos-do-governo\\\/#primaryimage\"},\"thumbnailUrl\":\"https:\\\/\\\/vanderloubet.com.br\\\/deputado\\\/wp-content\\\/uploads\\\/2014\\\/02\\\/foto-2014-02-24-vander-puccinelli-cesar-borges.jpg\",\"keywords\":[\"pac 2\",\"transportes\"],\"articleSection\":[\"Mato Grosso do Sul\",\"Not\u00edcias\"],\"inLanguage\":\"pt-BR\"},{\"@type\":\"WebPage\",\"@id\":\"https:\\\/\\\/vanderloubet.com.br\\\/deputado\\\/ministro-dos-transportes-afirma-que-ferrovias-e-rodovias-em-ms-seguem-nos-planos-do-governo\\\/\",\"url\":\"https:\\\/\\\/vanderloubet.com.br\\\/deputado\\\/ministro-dos-transportes-afirma-que-ferrovias-e-rodovias-em-ms-seguem-nos-planos-do-governo\\\/\",\"name\":\"Ministro dos Transportes afirma que ferrovias e rodovias em MS seguem nos planos do governo\",\"isPartOf\":{\"@id\":\"https:\\\/\\\/vanderloubet.com.br\\\/deputado\\\/#website\"},\"primaryImageOfPage\":{\"@id\":\"https:\\\/\\\/vanderloubet.com.br\\\/deputado\\\/ministro-dos-transportes-afirma-que-ferrovias-e-rodovias-em-ms-seguem-nos-planos-do-governo\\\/#primaryimage\"},\"image\":{\"@id\":\"https:\\\/\\\/vanderloubet.com.br\\\/deputado\\\/ministro-dos-transportes-afirma-que-ferrovias-e-rodovias-em-ms-seguem-nos-planos-do-governo\\\/#primaryimage\"},\"thumbnailUrl\":\"https:\\\/\\\/vanderloubet.com.br\\\/deputado\\\/wp-content\\\/uploads\\\/2014\\\/02\\\/foto-2014-02-24-vander-puccinelli-cesar-borges.jpg\",\"datePublished\":\"2014-02-24T10:06:19+00:00\",\"dateModified\":\"2015-02-06T02:51:17+00:00\",\"breadcrumb\":{\"@id\":\"https:\\\/\\\/vanderloubet.com.br\\\/deputado\\\/ministro-dos-transportes-afirma-que-ferrovias-e-rodovias-em-ms-seguem-nos-planos-do-governo\\\/#breadcrumb\"},\"inLanguage\":\"pt-BR\",\"potentialAction\":[{\"@type\":\"ReadAction\",\"target\":[\"https:\\\/\\\/vanderloubet.com.br\\\/deputado\\\/ministro-dos-transportes-afirma-que-ferrovias-e-rodovias-em-ms-seguem-nos-planos-do-governo\\\/\"]}]},{\"@type\":\"ImageObject\",\"inLanguage\":\"pt-BR\",\"@id\":\"https:\\\/\\\/vanderloubet.com.br\\\/deputado\\\/ministro-dos-transportes-afirma-que-ferrovias-e-rodovias-em-ms-seguem-nos-planos-do-governo\\\/#primaryimage\",\"url\":\"https:\\\/\\\/vanderloubet.com.br\\\/deputado\\\/wp-content\\\/uploads\\\/2014\\\/02\\\/foto-2014-02-24-vander-puccinelli-cesar-borges.jpg\",\"contentUrl\":\"https:\\\/\\\/vanderloubet.com.br\\\/deputado\\\/wp-content\\\/uploads\\\/2014\\\/02\\\/foto-2014-02-24-vander-puccinelli-cesar-borges.jpg\",\"width\":1200,\"height\":800,\"caption\":\"Vander, Puccinelli e o ministro C\u00e9sar Borges durante a audi\u00eancia\"},{\"@type\":\"BreadcrumbList\",\"@id\":\"https:\\\/\\\/vanderloubet.com.br\\\/deputado\\\/ministro-dos-transportes-afirma-que-ferrovias-e-rodovias-em-ms-seguem-nos-planos-do-governo\\\/#breadcrumb\",\"itemListElement\":[{\"@type\":\"ListItem\",\"position\":1,\"name\":\"In\u00edcio\",\"item\":\"https:\\\/\\\/vanderloubet.com.br\\\/deputado\\\/\"},{\"@type\":\"ListItem\",\"position\":2,\"name\":\"Ministro dos Transportes afirma que ferrovias e rodovias em MS seguem nos planos do governo\"}]},{\"@type\":\"WebSite\",\"@id\":\"https:\\\/\\\/vanderloubet.com.br\\\/deputado\\\/#website\",\"url\":\"https:\\\/\\\/vanderloubet.com.br\\\/deputado\\\/\",\"name\":\"Deputado Federal Vander Loubet\",\"description\":\"O Federal de MS\",\"publisher\":{\"@id\":\"https:\\\/\\\/vanderloubet.com.br\\\/deputado\\\/#organization\"},\"alternateName\":\"Deputado Vander\",\"potentialAction\":[{\"@type\":\"SearchAction\",\"target\":{\"@type\":\"EntryPoint\",\"urlTemplate\":\"https:\\\/\\\/vanderloubet.com.br\\\/deputado\\\/?s={search_term_string}\"},\"query-input\":{\"@type\":\"PropertyValueSpecification\",\"valueRequired\":true,\"valueName\":\"search_term_string\"}}],\"inLanguage\":\"pt-BR\"},{\"@type\":\"Organization\",\"@id\":\"https:\\\/\\\/vanderloubet.com.br\\\/deputado\\\/#organization\",\"name\":\"Deputado Federal Vander Loubet\",\"alternateName\":\"Deputado Vander\",\"url\":\"https:\\\/\\\/vanderloubet.com.br\\\/deputado\\\/\",\"logo\":{\"@type\":\"ImageObject\",\"inLanguage\":\"pt-BR\",\"@id\":\"https:\\\/\\\/vanderloubet.com.br\\\/deputado\\\/#\\\/schema\\\/logo\\\/image\\\/\",\"url\":\"https:\\\/\\\/vanderloubet.com.br\\\/deputado\\\/wp-content\\\/uploads\\\/2023\\\/06\\\/foto-2023-06-19-mandato-deputado-vander.jpg\",\"contentUrl\":\"https:\\\/\\\/vanderloubet.com.br\\\/deputado\\\/wp-content\\\/uploads\\\/2023\\\/06\\\/foto-2023-06-19-mandato-deputado-vander.jpg\",\"width\":1080,\"height\":1080,\"caption\":\"Deputado Federal Vander Loubet\"},\"image\":{\"@id\":\"https:\\\/\\\/vanderloubet.com.br\\\/deputado\\\/#\\\/schema\\\/logo\\\/image\\\/\"},\"sameAs\":[\"https:\\\/\\\/facebook.com\\\/deputadovander\",\"https:\\\/\\\/x.com\\\/vanderloubet\",\"https:\\\/\\\/instagram.com\\\/vanderloubet\",\"https:\\\/\\\/youtube.com\\\/vanderloubet\",\"https:\\\/\\\/tiktok.com\\\/@vanderloubetms\"]},{\"@type\":\"Person\",\"@id\":\"https:\\\/\\\/vanderloubet.com.br\\\/deputado\\\/#\\\/schema\\\/person\\\/15b51bd564532a8a68d9dec1b8eb890e\",\"name\":\"\u00c9der\",\"image\":{\"@type\":\"ImageObject\",\"inLanguage\":\"pt-BR\",\"@id\":\"https:\\\/\\\/vanderloubet.com.br\\\/deputado\\\/wp-content\\\/litespeed\\\/avatar\\\/88ca4090d9d5ab1c9495f6ca03b68efa.jpg?ver=1777058957\",\"url\":\"https:\\\/\\\/vanderloubet.com.br\\\/deputado\\\/wp-content\\\/litespeed\\\/avatar\\\/88ca4090d9d5ab1c9495f6ca03b68efa.jpg?ver=1777058957\",\"contentUrl\":\"https:\\\/\\\/vanderloubet.com.br\\\/deputado\\\/wp-content\\\/litespeed\\\/avatar\\\/88ca4090d9d5ab1c9495f6ca03b68efa.jpg?ver=1777058957\",\"caption\":\"\u00c9der\"}}]}<\/script>\n<!-- \/ Yoast SEO plugin. -->","yoast_head_json":{"title":"Ministro dos Transportes afirma que ferrovias e rodovias em MS seguem nos planos do governo","robots":{"index":"index","follow":"follow","max-snippet":"max-snippet:-1","max-image-preview":"max-image-preview:large","max-video-preview":"max-video-preview:-1"},"canonical":"https:\/\/vanderloubet.com.br\/deputado\/ministro-dos-transportes-afirma-que-ferrovias-e-rodovias-em-ms-seguem-nos-planos-do-governo\/","og_locale":"pt_BR","og_type":"article","og_title":"Ministro dos Transportes afirma que ferrovias e rodovias em MS seguem nos planos do governo","og_description":"Afirma\u00e7\u00e3o foi feita durante audi\u00eancia em Bras\u00edlia da qual participaram o deputado Vander Loubet e o governador Andr\u00e9 Puccinelli.","og_url":"https:\/\/vanderloubet.com.br\/deputado\/ministro-dos-transportes-afirma-que-ferrovias-e-rodovias-em-ms-seguem-nos-planos-do-governo\/","og_site_name":"Deputado Federal Vander Loubet","article_publisher":"https:\/\/facebook.com\/deputadovander","article_published_time":"2014-02-24T10:06:19+00:00","article_modified_time":"2015-02-06T02:51:17+00:00","og_image":[{"width":1200,"height":800,"url":"https:\/\/vanderloubet.com.br\/deputado\/wp-content\/uploads\/2014\/02\/foto-2014-02-24-vander-puccinelli-cesar-borges.jpg","type":"image\/jpeg"}],"author":"\u00c9der","twitter_card":"summary_large_image","twitter_creator":"@vanderloubet","twitter_site":"@vanderloubet","schema":{"@context":"https:\/\/schema.org","@graph":[{"@type":"Article","@id":"https:\/\/vanderloubet.com.br\/deputado\/ministro-dos-transportes-afirma-que-ferrovias-e-rodovias-em-ms-seguem-nos-planos-do-governo\/#article","isPartOf":{"@id":"https:\/\/vanderloubet.com.br\/deputado\/ministro-dos-transportes-afirma-que-ferrovias-e-rodovias-em-ms-seguem-nos-planos-do-governo\/"},"author":{"name":"\u00c9der","@id":"https:\/\/vanderloubet.com.br\/deputado\/#\/schema\/person\/15b51bd564532a8a68d9dec1b8eb890e"},"headline":"Ministro dos Transportes afirma que ferrovias e rodovias em MS seguem nos planos do governo","datePublished":"2014-02-24T10:06:19+00:00","dateModified":"2015-02-06T02:51:17+00:00","mainEntityOfPage":{"@id":"https:\/\/vanderloubet.com.br\/deputado\/ministro-dos-transportes-afirma-que-ferrovias-e-rodovias-em-ms-seguem-nos-planos-do-governo\/"},"wordCount":931,"publisher":{"@id":"https:\/\/vanderloubet.com.br\/deputado\/#organization"},"image":{"@id":"https:\/\/vanderloubet.com.br\/deputado\/ministro-dos-transportes-afirma-que-ferrovias-e-rodovias-em-ms-seguem-nos-planos-do-governo\/#primaryimage"},"thumbnailUrl":"https:\/\/vanderloubet.com.br\/deputado\/wp-content\/uploads\/2014\/02\/foto-2014-02-24-vander-puccinelli-cesar-borges.jpg","keywords":["pac 2","transportes"],"articleSection":["Mato Grosso do Sul","Not\u00edcias"],"inLanguage":"pt-BR"},{"@type":"WebPage","@id":"https:\/\/vanderloubet.com.br\/deputado\/ministro-dos-transportes-afirma-que-ferrovias-e-rodovias-em-ms-seguem-nos-planos-do-governo\/","url":"https:\/\/vanderloubet.com.br\/deputado\/ministro-dos-transportes-afirma-que-ferrovias-e-rodovias-em-ms-seguem-nos-planos-do-governo\/","name":"Ministro dos Transportes afirma que ferrovias e rodovias em MS seguem nos planos do governo","isPartOf":{"@id":"https:\/\/vanderloubet.com.br\/deputado\/#website"},"primaryImageOfPage":{"@id":"https:\/\/vanderloubet.com.br\/deputado\/ministro-dos-transportes-afirma-que-ferrovias-e-rodovias-em-ms-seguem-nos-planos-do-governo\/#primaryimage"},"image":{"@id":"https:\/\/vanderloubet.com.br\/deputado\/ministro-dos-transportes-afirma-que-ferrovias-e-rodovias-em-ms-seguem-nos-planos-do-governo\/#primaryimage"},"thumbnailUrl":"https:\/\/vanderloubet.com.br\/deputado\/wp-content\/uploads\/2014\/02\/foto-2014-02-24-vander-puccinelli-cesar-borges.jpg","datePublished":"2014-02-24T10:06:19+00:00","dateModified":"2015-02-06T02:51:17+00:00","breadcrumb":{"@id":"https:\/\/vanderloubet.com.br\/deputado\/ministro-dos-transportes-afirma-que-ferrovias-e-rodovias-em-ms-seguem-nos-planos-do-governo\/#breadcrumb"},"inLanguage":"pt-BR","potentialAction":[{"@type":"ReadAction","target":["https:\/\/vanderloubet.com.br\/deputado\/ministro-dos-transportes-afirma-que-ferrovias-e-rodovias-em-ms-seguem-nos-planos-do-governo\/"]}]},{"@type":"ImageObject","inLanguage":"pt-BR","@id":"https:\/\/vanderloubet.com.br\/deputado\/ministro-dos-transportes-afirma-que-ferrovias-e-rodovias-em-ms-seguem-nos-planos-do-governo\/#primaryimage","url":"https:\/\/vanderloubet.com.br\/deputado\/wp-content\/uploads\/2014\/02\/foto-2014-02-24-vander-puccinelli-cesar-borges.jpg","contentUrl":"https:\/\/vanderloubet.com.br\/deputado\/wp-content\/uploads\/2014\/02\/foto-2014-02-24-vander-puccinelli-cesar-borges.jpg","width":1200,"height":800,"caption":"Vander, Puccinelli e o ministro C\u00e9sar Borges durante a audi\u00eancia"},{"@type":"BreadcrumbList","@id":"https:\/\/vanderloubet.com.br\/deputado\/ministro-dos-transportes-afirma-que-ferrovias-e-rodovias-em-ms-seguem-nos-planos-do-governo\/#breadcrumb","itemListElement":[{"@type":"ListItem","position":1,"name":"In\u00edcio","item":"https:\/\/vanderloubet.com.br\/deputado\/"},{"@type":"ListItem","position":2,"name":"Ministro dos Transportes afirma que ferrovias e rodovias em MS seguem nos planos do governo"}]},{"@type":"WebSite","@id":"https:\/\/vanderloubet.com.br\/deputado\/#website","url":"https:\/\/vanderloubet.com.br\/deputado\/","name":"Deputado Federal Vander Loubet","description":"O Federal de MS","publisher":{"@id":"https:\/\/vanderloubet.com.br\/deputado\/#organization"},"alternateName":"Deputado Vander","potentialAction":[{"@type":"SearchAction","target":{"@type":"EntryPoint","urlTemplate":"https:\/\/vanderloubet.com.br\/deputado\/?s={search_term_string}"},"query-input":{"@type":"PropertyValueSpecification","valueRequired":true,"valueName":"search_term_string"}}],"inLanguage":"pt-BR"},{"@type":"Organization","@id":"https:\/\/vanderloubet.com.br\/deputado\/#organization","name":"Deputado Federal Vander Loubet","alternateName":"Deputado Vander","url":"https:\/\/vanderloubet.com.br\/deputado\/","logo":{"@type":"ImageObject","inLanguage":"pt-BR","@id":"https:\/\/vanderloubet.com.br\/deputado\/#\/schema\/logo\/image\/","url":"https:\/\/vanderloubet.com.br\/deputado\/wp-content\/uploads\/2023\/06\/foto-2023-06-19-mandato-deputado-vander.jpg","contentUrl":"https:\/\/vanderloubet.com.br\/deputado\/wp-content\/uploads\/2023\/06\/foto-2023-06-19-mandato-deputado-vander.jpg","width":1080,"height":1080,"caption":"Deputado Federal Vander Loubet"},"image":{"@id":"https:\/\/vanderloubet.com.br\/deputado\/#\/schema\/logo\/image\/"},"sameAs":["https:\/\/facebook.com\/deputadovander","https:\/\/x.com\/vanderloubet","https:\/\/instagram.com\/vanderloubet","https:\/\/youtube.com\/vanderloubet","https:\/\/tiktok.com\/@vanderloubetms"]},{"@type":"Person","@id":"https:\/\/vanderloubet.com.br\/deputado\/#\/schema\/person\/15b51bd564532a8a68d9dec1b8eb890e","name":"\u00c9der","image":{"@type":"ImageObject","inLanguage":"pt-BR","@id":"https:\/\/vanderloubet.com.br\/deputado\/wp-content\/litespeed\/avatar\/88ca4090d9d5ab1c9495f6ca03b68efa.jpg?ver=1777058957","url":"https:\/\/vanderloubet.com.br\/deputado\/wp-content\/litespeed\/avatar\/88ca4090d9d5ab1c9495f6ca03b68efa.jpg?ver=1777058957","contentUrl":"https:\/\/vanderloubet.com.br\/deputado\/wp-content\/litespeed\/avatar\/88ca4090d9d5ab1c9495f6ca03b68efa.jpg?ver=1777058957","caption":"\u00c9der"}}]}},"jetpack_featured_media_url":"https:\/\/vanderloubet.com.br\/deputado\/wp-content\/uploads\/2014\/02\/foto-2014-02-24-vander-puccinelli-cesar-borges.jpg","jetpack_sharing_enabled":true,"_links":{"self":[{"href":"https:\/\/vanderloubet.com.br\/deputado\/wp-json\/wp\/v2\/posts\/7426","targetHints":{"allow":["GET"]}}],"collection":[{"href":"https:\/\/vanderloubet.com.br\/deputado\/wp-json\/wp\/v2\/posts"}],"about":[{"href":"https:\/\/vanderloubet.com.br\/deputado\/wp-json\/wp\/v2\/types\/post"}],"author":[{"embeddable":true,"href":"https:\/\/vanderloubet.com.br\/deputado\/wp-json\/wp\/v2\/users\/2"}],"replies":[{"embeddable":true,"href":"https:\/\/vanderloubet.com.br\/deputado\/wp-json\/wp\/v2\/comments?post=7426"}],"version-history":[{"count":0,"href":"https:\/\/vanderloubet.com.br\/deputado\/wp-json\/wp\/v2\/posts\/7426\/revisions"}],"wp:featuredmedia":[{"embeddable":true,"href":"https:\/\/vanderloubet.com.br\/deputado\/wp-json\/wp\/v2\/media\/7774"}],"wp:attachment":[{"href":"https:\/\/vanderloubet.com.br\/deputado\/wp-json\/wp\/v2\/media?parent=7426"}],"wp:term":[{"taxonomy":"category","embeddable":true,"href":"https:\/\/vanderloubet.com.br\/deputado\/wp-json\/wp\/v2\/categories?post=7426"},{"taxonomy":"post_tag","embeddable":true,"href":"https:\/\/vanderloubet.com.br\/deputado\/wp-json\/wp\/v2\/tags?post=7426"}],"curies":[{"name":"wp","href":"https:\/\/api.w.org\/{rel}","templated":true}]}}