{"id":7423,"date":"2014-02-19T12:53:10","date_gmt":"2014-02-19T15:53:10","guid":{"rendered":"http:\/\/vanderloubet.com.br\/deputado\/?p=7423"},"modified":"2015-02-05T18:34:06","modified_gmt":"2015-02-05T21:34:06","slug":"sete-programas-do-governo-encerram-prazo-para-propostas-entre-final-de-fevereiro-e-marco","status":"publish","type":"post","link":"https:\/\/vanderloubet.com.br\/deputado\/sete-programas-do-governo-encerram-prazo-para-propostas-entre-final-de-fevereiro-e-marco\/","title":{"rendered":"Sete programas do governo encerram prazo para propostas entre final de fevereiro e mar\u00e7o"},"content":{"rendered":"<figure id=\"attachment_7779\" aria-describedby=\"caption-attachment-7779\" style=\"width: 700px\" class=\"wp-caption alignnone\"><img decoding=\"async\" class=\"wp-image-7779 size-large\" title=\"Moka transmitiu coordena\u00e7\u00e3o da bancada para Vander\" src=\"http:\/\/vanderloubet.com.br\/deputado\/wp-content\/uploads\/2014\/02\/foto-2014-02-19-coordenacao-bancada-moka-vander-700x467.jpg\" alt=\"Moka transmitiu coordena\u00e7\u00e3o da bancada para Vander\" width=\"700\" height=\"467\" srcset=\"https:\/\/vanderloubet.com.br\/deputado\/wp-content\/uploads\/2014\/02\/foto-2014-02-19-coordenacao-bancada-moka-vander-700x467.jpg 700w, https:\/\/vanderloubet.com.br\/deputado\/wp-content\/uploads\/2014\/02\/foto-2014-02-19-coordenacao-bancada-moka-vander-350x233.jpg 350w, https:\/\/vanderloubet.com.br\/deputado\/wp-content\/uploads\/2014\/02\/foto-2014-02-19-coordenacao-bancada-moka-vander-768x512.jpg 768w, https:\/\/vanderloubet.com.br\/deputado\/wp-content\/uploads\/2014\/02\/foto-2014-02-19-coordenacao-bancada-moka-vander-630x420.jpg 630w, https:\/\/vanderloubet.com.br\/deputado\/wp-content\/uploads\/2014\/02\/foto-2014-02-19-coordenacao-bancada-moka-vander-696x464.jpg 696w, https:\/\/vanderloubet.com.br\/deputado\/wp-content\/uploads\/2014\/02\/foto-2014-02-19-coordenacao-bancada-moka-vander-1068x712.jpg 1068w, https:\/\/vanderloubet.com.br\/deputado\/wp-content\/uploads\/2014\/02\/foto-2014-02-19-coordenacao-bancada-moka-vander.jpg 1200w\" sizes=\"(max-width: 700px) 100vw, 700px\" \/><figcaption id=\"caption-attachment-7779\" class=\"wp-caption-text\">Moka transmitiu coordena\u00e7\u00e3o da bancada para Vander<\/figcaption><\/figure>\n<p>Ap\u00f3s receber do senador Waldemir Moka (PMDB-MS) o cargo de coordenador da bancada de Mato Grosso do Sul no Congresso Nacional, na tarde de ontem (18), em Bras\u00edlia, o deputado federal Vander Loubet (PT-MS) afirmou que o desafio \u00e9 garantir a unidade na atua\u00e7\u00e3o em 2014. &#8220;Mesmo sendo ano eleitoral, vamos procurar manter todos os parlamentares focados nos interesses do estado e dos munic\u00edpios, independente de quest\u00f5es ou diferen\u00e7as partid\u00e1rias, destacou o novo coordenador.<\/p>\n<p>Na ocasi\u00e3o, Vander aproveitou tamb\u00e9m para informar aos prefeitos e prefeitas que h\u00e1 programas do governo federal cujo prazo para recebimento de propostas termina entre o final deste m\u00eas e o m\u00eas de mar\u00e7o. &#8220;As prefeituras ou at\u00e9 mesmo entidades que tiverem projetos nas \u00e1reas dispon\u00edveis devem correr para cadastrar esses projetos no Siconv [Sistema de Conv\u00eanios do Governo Federal]&#8221;, alertou.<\/p>\n<p>Atualmente, sete programas est\u00e3o com chamamento p\u00fablico dispon\u00edvel para apresenta\u00e7\u00e3o de propostas no Siconv. S\u00e3o programas voltados para a\u00e7\u00f5es de enfrentamento \u00e0 viol\u00eancia contra a mulher, de meio ambiente e de turismo:<\/p>\n<p><strong>ATENDIMENTO \u00c0S MULHERES EM SITUA\u00c7\u00c3O DE VIOL\u00caNCIA<\/strong><br \/>\nC\u00f3digo do programa: 6500020140004<br \/>\n\u00d3rg\u00e3o executor: Secretaria de Pol\u00edticas para as Mulheres \/ Presid\u00eancia da Rep\u00fablica<br \/>\nDestina\u00e7\u00e3o: Administra\u00e7\u00e3o p\u00fablica e\/ou entidade privada sem fins lucrativos<br \/>\nData fim para recebimento de propostas: 10\/03\/2014<br \/>\nLink: <a title=\"Link\" href=\"https:\/\/www.convenios.gov.br\/siconv\/ListarChamamentoPublico\/ListaDeChamamentoDetalhar.do?idPrograma=27804\" target=\"_blank\">https:\/\/www.convenios.gov.br\/siconv\/ListarChamamentoPublico\/ListaDeChamamentoDetalhar.do?idPrograma=27804<\/a><\/p>\n<p><strong>PROMO\u00c7\u00c3O DE POL\u00cdTICAS DE IGUALDADE<\/strong><br \/>\nC\u00f3digo do programa: 6500020140001<br \/>\n\u00d3rg\u00e3o executor: Secretaria de Pol\u00edticas para as Mulheres \/ Presid\u00eancia da Rep\u00fablica<br \/>\nDestina\u00e7\u00e3o: Administra\u00e7\u00e3o p\u00fablica, entidade Privada sem fins lucrativos e\/ou cons\u00f3rcio p\u00fablico<br \/>\nData fim para recebimento de propostas: 28\/02\/2014<br \/>\nLink: <a title=\"Link\" href=\"https:\/\/www.convenios.gov.br\/siconv\/ListarChamamentoPublico\/ListaDeChamamentoDetalhar.do?idPrograma=27629\" target=\"_blank\">https:\/\/www.convenios.gov.br\/siconv\/ListarChamamentoPublico\/ListaDeChamamentoDetalhar.do?idPrograma=27629<\/a><\/p>\n<p><strong>PROMO\u00c7\u00c3O DE POL\u00cdTICAS DE IGUALDADE &#8211; PR\u00caMIO CONSTRUINDO A IGUALDADE DE G\u00caNERO<\/strong><br \/>\nC\u00f3digo do programa: 6500020140002<br \/>\n\u00d3rg\u00e3o executor: Secretaria de Pol\u00edticas para as Mulheres \/ Presid\u00eancia da Rep\u00fablica<br \/>\nDestina\u00e7\u00e3o: Administra\u00e7\u00e3o p\u00fablica e\/ou entidade privada sem fins lucrativos<br \/>\nData fim para recebimento de propostas: 14\/03\/2014<br \/>\nLink: <a title=\"Link\" href=\"https:\/\/www.convenios.gov.br\/siconv\/ListarChamamentoPublico\/ListaDeChamamentoDetalhar.do?idPrograma=27796\" target=\"_blank\">https:\/\/www.convenios.gov.br\/siconv\/ListarChamamentoPublico\/ListaDeChamamentoDetalhar.do?idPrograma=27796<\/a><\/p>\n<p><strong>PROMO\u00c7\u00c3O DE POL\u00cdTICAS DE IGUALDADE<\/strong><br \/>\nC\u00f3digo do programa: 6500020140003<br \/>\n\u00d3rg\u00e3o executor: Secretaria de Pol\u00edticas para as Mulheres \/ Presid\u00eancia da Rep\u00fablica<br \/>\nDestina\u00e7\u00e3o: Entidade privada sem fins lucrativos<br \/>\nData fim para recebimento de propostas: 28\/02\/2014<br \/>\nLink: <a title=\"Link\" href=\"https:\/\/www.convenios.gov.br\/siconv\/ListarChamamentoPublico\/ListaDeChamamentoDetalhar.do?idPrograma=27801\" target=\"_blank\">https:\/\/www.convenios.gov.br\/siconv\/ListarChamamentoPublico\/ListaDeChamamentoDetalhar.do?idPrograma=27801<\/a><\/p>\n<p><strong>DESENVOLVIMENTO E DIFUS\u00c3O TECNOL\u00d3GICA<\/strong><br \/>\nC\u00f3digo do programa: 4490220140001<br \/>\n\u00d3rg\u00e3o executor: Fundo Nacional sobre Mudan\u00e7a do Clima \/ Minist\u00e9rio do Meio Ambiente<br \/>\nDestina\u00e7\u00e3o: Administra\u00e7\u00e3o p\u00fablica, entidade privada sem fins lucrativos e\/ou empresa p\u00fablica\/sociedade de economia mista<br \/>\nData fim para recebimento de propostas: 15\/03\/2014<br \/>\nLink: <a title=\"Link\" href=\"https:\/\/www.convenios.gov.br\/siconv\/ListarChamamentoPublico\/ListaDeChamamentoDetalhar.do?idPrograma=28415\" target=\"_blank\">https:\/\/www.convenios.gov.br\/siconv\/ListarChamamentoPublico\/ListaDeChamamentoDetalhar.do?idPrograma=28415<\/a><\/p>\n<p><strong>ADAPTA\u00c7\u00c3O DA SOCIEDADE E ECOSSISTEMAS<\/strong><br \/>\nC\u00f3digo do programa: 4490220140002<br \/>\n\u00d3rg\u00e3o executor: Fundo Nacional sobre Mudan\u00e7a do Clima \/ Minist\u00e9rio do Meio Ambiente<br \/>\nDestina\u00e7\u00e3o: Administra\u00e7\u00e3o p\u00fablica, entidade privada sem fins lucrativos e\/ou empresa p\u00fablica\/sociedade de economia mista<br \/>\nData fim para recebimento de propostas: 15\/03\/2014<br \/>\nLink: <a title=\"Link\" href=\"https:\/\/www.convenios.gov.br\/siconv\/ListarChamamentoPublico\/ListaDeChamamentoDetalhar.do?idPrograma=28446\" target=\"_blank\">https:\/\/www.convenios.gov.br\/siconv\/ListarChamamentoPublico\/ListaDeChamamentoDetalhar.do?idPrograma=28446<\/a><\/p>\n<p><strong>PROMO\u00c7\u00c3O DE FORTALECIMENTO AO DESENVOLVIMENTO TUR\u00cdSTICO<\/strong><br \/>\nC\u00f3digo do programa: 5400020140005<br \/>\n\u00d3rg\u00e3o executor: Minist\u00e9rio do Turismo<br \/>\nDestina\u00e7\u00e3o: Administra\u00e7\u00e3o p\u00fablica e\/ou empresa p\u00fablica\/sociedade de economia mista<br \/>\nData fim para recebimento de propostas: 09\/03\/2014<br \/>\nLink: <a title=\"Link\" href=\"https:\/\/www.convenios.gov.br\/siconv\/ListarChamamentoPublico\/ListaDeChamamentoDetalhar.do?idPrograma=28455\" target=\"_blank\">https:\/\/www.convenios.gov.br\/siconv\/ListarChamamentoPublico\/ListaDeChamamentoDetalhar.do?idPrograma=28455<\/a><\/p>\n<p><em>(\u00c9der Yanaguita &#8211; Ascom\/Deputado Vander)<\/em><\/p>\n","protected":false},"excerpt":{"rendered":"<p>S\u00e3o programas voltados para a\u00e7\u00f5es de enfrentamento \u00e0 viol\u00eancia contra a mulher, de meio ambiente e de turismo.<\/p>\n","protected":false},"author":2,"featured_media":7779,"comment_status":"closed","ping_status":"closed","sticky":false,"template":"","format":"standard","meta":{"jetpack_post_was_ever_published":false,"_jetpack_newsletter_access":"","_jetpack_dont_email_post_to_subs":false,"_jetpack_newsletter_tier_id":0,"_jetpack_memberships_contains_paywalled_content":false,"_jetpack_memberships_contains_paid_content":false,"footnotes":""},"categories":[2098,10],"tags":[236],"class_list":{"0":"post-7423","1":"post","2":"type-post","3":"status-publish","4":"format-standard","5":"has-post-thumbnail","7":"category-brasil-noticias","8":"category-noticias","9":"tag-bancada"},"yoast_head":"<!-- This site is optimized with the Yoast SEO plugin v27.4 - https:\/\/yoast.com\/product\/yoast-seo-wordpress\/ -->\n<title>Sete programas do governo encerram prazo para propostas entre final de fevereiro e mar\u00e7o<\/title>\n<meta name=\"robots\" content=\"index, follow, max-snippet:-1, max-image-preview:large, max-video-preview:-1\" \/>\n<link rel=\"canonical\" href=\"https:\/\/vanderloubet.com.br\/deputado\/sete-programas-do-governo-encerram-prazo-para-propostas-entre-final-de-fevereiro-e-marco\/\" \/>\n<meta property=\"og:locale\" content=\"pt_BR\" \/>\n<meta property=\"og:type\" content=\"article\" \/>\n<meta property=\"og:title\" content=\"Sete programas do governo encerram prazo para propostas entre final de fevereiro e mar\u00e7o\" \/>\n<meta property=\"og:description\" content=\"S\u00e3o programas voltados para a\u00e7\u00f5es de enfrentamento \u00e0 viol\u00eancia contra a mulher, de meio ambiente e de turismo.\" \/>\n<meta property=\"og:url\" content=\"https:\/\/vanderloubet.com.br\/deputado\/sete-programas-do-governo-encerram-prazo-para-propostas-entre-final-de-fevereiro-e-marco\/\" \/>\n<meta property=\"og:site_name\" content=\"Deputado Federal Vander Loubet\" \/>\n<meta property=\"article:publisher\" content=\"https:\/\/facebook.com\/deputadovander\" \/>\n<meta property=\"article:published_time\" content=\"2014-02-19T15:53:10+00:00\" \/>\n<meta property=\"article:modified_time\" content=\"2015-02-05T21:34:06+00:00\" \/>\n<meta property=\"og:image\" content=\"https:\/\/vanderloubet.com.br\/deputado\/wp-content\/uploads\/2014\/02\/foto-2014-02-19-coordenacao-bancada-moka-vander.jpg\" \/>\n\t<meta property=\"og:image:width\" content=\"1200\" \/>\n\t<meta property=\"og:image:height\" content=\"800\" \/>\n\t<meta property=\"og:image:type\" content=\"image\/jpeg\" \/>\n<meta name=\"author\" content=\"\u00c9der\" \/>\n<meta name=\"twitter:card\" content=\"summary_large_image\" \/>\n<meta name=\"twitter:creator\" content=\"@vanderloubet\" \/>\n<meta name=\"twitter:site\" content=\"@vanderloubet\" \/>\n<script type=\"application\/ld+json\" class=\"yoast-schema-graph\">{\"@context\":\"https:\\\/\\\/schema.org\",\"@graph\":[{\"@type\":\"Article\",\"@id\":\"https:\\\/\\\/vanderloubet.com.br\\\/deputado\\\/sete-programas-do-governo-encerram-prazo-para-propostas-entre-final-de-fevereiro-e-marco\\\/#article\",\"isPartOf\":{\"@id\":\"https:\\\/\\\/vanderloubet.com.br\\\/deputado\\\/sete-programas-do-governo-encerram-prazo-para-propostas-entre-final-de-fevereiro-e-marco\\\/\"},\"author\":{\"name\":\"\u00c9der\",\"@id\":\"https:\\\/\\\/vanderloubet.com.br\\\/deputado\\\/#\\\/schema\\\/person\\\/15b51bd564532a8a68d9dec1b8eb890e\"},\"headline\":\"Sete programas do governo encerram prazo para propostas entre final de fevereiro e mar\u00e7o\",\"datePublished\":\"2014-02-19T15:53:10+00:00\",\"dateModified\":\"2015-02-05T21:34:06+00:00\",\"mainEntityOfPage\":{\"@id\":\"https:\\\/\\\/vanderloubet.com.br\\\/deputado\\\/sete-programas-do-governo-encerram-prazo-para-propostas-entre-final-de-fevereiro-e-marco\\\/\"},\"wordCount\":628,\"publisher\":{\"@id\":\"https:\\\/\\\/vanderloubet.com.br\\\/deputado\\\/#organization\"},\"image\":{\"@id\":\"https:\\\/\\\/vanderloubet.com.br\\\/deputado\\\/sete-programas-do-governo-encerram-prazo-para-propostas-entre-final-de-fevereiro-e-marco\\\/#primaryimage\"},\"thumbnailUrl\":\"https:\\\/\\\/vanderloubet.com.br\\\/deputado\\\/wp-content\\\/uploads\\\/2014\\\/02\\\/foto-2014-02-19-coordenacao-bancada-moka-vander.jpg\",\"keywords\":[\"bancada\"],\"articleSection\":[\"Brasil\",\"Not\u00edcias\"],\"inLanguage\":\"pt-BR\"},{\"@type\":\"WebPage\",\"@id\":\"https:\\\/\\\/vanderloubet.com.br\\\/deputado\\\/sete-programas-do-governo-encerram-prazo-para-propostas-entre-final-de-fevereiro-e-marco\\\/\",\"url\":\"https:\\\/\\\/vanderloubet.com.br\\\/deputado\\\/sete-programas-do-governo-encerram-prazo-para-propostas-entre-final-de-fevereiro-e-marco\\\/\",\"name\":\"Sete programas do governo encerram prazo para propostas entre final de fevereiro e mar\u00e7o\",\"isPartOf\":{\"@id\":\"https:\\\/\\\/vanderloubet.com.br\\\/deputado\\\/#website\"},\"primaryImageOfPage\":{\"@id\":\"https:\\\/\\\/vanderloubet.com.br\\\/deputado\\\/sete-programas-do-governo-encerram-prazo-para-propostas-entre-final-de-fevereiro-e-marco\\\/#primaryimage\"},\"image\":{\"@id\":\"https:\\\/\\\/vanderloubet.com.br\\\/deputado\\\/sete-programas-do-governo-encerram-prazo-para-propostas-entre-final-de-fevereiro-e-marco\\\/#primaryimage\"},\"thumbnailUrl\":\"https:\\\/\\\/vanderloubet.com.br\\\/deputado\\\/wp-content\\\/uploads\\\/2014\\\/02\\\/foto-2014-02-19-coordenacao-bancada-moka-vander.jpg\",\"datePublished\":\"2014-02-19T15:53:10+00:00\",\"dateModified\":\"2015-02-05T21:34:06+00:00\",\"breadcrumb\":{\"@id\":\"https:\\\/\\\/vanderloubet.com.br\\\/deputado\\\/sete-programas-do-governo-encerram-prazo-para-propostas-entre-final-de-fevereiro-e-marco\\\/#breadcrumb\"},\"inLanguage\":\"pt-BR\",\"potentialAction\":[{\"@type\":\"ReadAction\",\"target\":[\"https:\\\/\\\/vanderloubet.com.br\\\/deputado\\\/sete-programas-do-governo-encerram-prazo-para-propostas-entre-final-de-fevereiro-e-marco\\\/\"]}]},{\"@type\":\"ImageObject\",\"inLanguage\":\"pt-BR\",\"@id\":\"https:\\\/\\\/vanderloubet.com.br\\\/deputado\\\/sete-programas-do-governo-encerram-prazo-para-propostas-entre-final-de-fevereiro-e-marco\\\/#primaryimage\",\"url\":\"https:\\\/\\\/vanderloubet.com.br\\\/deputado\\\/wp-content\\\/uploads\\\/2014\\\/02\\\/foto-2014-02-19-coordenacao-bancada-moka-vander.jpg\",\"contentUrl\":\"https:\\\/\\\/vanderloubet.com.br\\\/deputado\\\/wp-content\\\/uploads\\\/2014\\\/02\\\/foto-2014-02-19-coordenacao-bancada-moka-vander.jpg\",\"width\":1200,\"height\":800,\"caption\":\"Moka transmitiu coordena\u00e7\u00e3o da bancada para Vander\"},{\"@type\":\"BreadcrumbList\",\"@id\":\"https:\\\/\\\/vanderloubet.com.br\\\/deputado\\\/sete-programas-do-governo-encerram-prazo-para-propostas-entre-final-de-fevereiro-e-marco\\\/#breadcrumb\",\"itemListElement\":[{\"@type\":\"ListItem\",\"position\":1,\"name\":\"In\u00edcio\",\"item\":\"https:\\\/\\\/vanderloubet.com.br\\\/deputado\\\/\"},{\"@type\":\"ListItem\",\"position\":2,\"name\":\"Sete programas do governo encerram prazo para propostas entre final de fevereiro e mar\u00e7o\"}]},{\"@type\":\"WebSite\",\"@id\":\"https:\\\/\\\/vanderloubet.com.br\\\/deputado\\\/#website\",\"url\":\"https:\\\/\\\/vanderloubet.com.br\\\/deputado\\\/\",\"name\":\"Deputado Federal Vander Loubet\",\"description\":\"O Federal de MS\",\"publisher\":{\"@id\":\"https:\\\/\\\/vanderloubet.com.br\\\/deputado\\\/#organization\"},\"alternateName\":\"Deputado Vander\",\"potentialAction\":[{\"@type\":\"SearchAction\",\"target\":{\"@type\":\"EntryPoint\",\"urlTemplate\":\"https:\\\/\\\/vanderloubet.com.br\\\/deputado\\\/?s={search_term_string}\"},\"query-input\":{\"@type\":\"PropertyValueSpecification\",\"valueRequired\":true,\"valueName\":\"search_term_string\"}}],\"inLanguage\":\"pt-BR\"},{\"@type\":\"Organization\",\"@id\":\"https:\\\/\\\/vanderloubet.com.br\\\/deputado\\\/#organization\",\"name\":\"Deputado Federal Vander Loubet\",\"alternateName\":\"Deputado Vander\",\"url\":\"https:\\\/\\\/vanderloubet.com.br\\\/deputado\\\/\",\"logo\":{\"@type\":\"ImageObject\",\"inLanguage\":\"pt-BR\",\"@id\":\"https:\\\/\\\/vanderloubet.com.br\\\/deputado\\\/#\\\/schema\\\/logo\\\/image\\\/\",\"url\":\"https:\\\/\\\/vanderloubet.com.br\\\/deputado\\\/wp-content\\\/uploads\\\/2023\\\/06\\\/foto-2023-06-19-mandato-deputado-vander.jpg\",\"contentUrl\":\"https:\\\/\\\/vanderloubet.com.br\\\/deputado\\\/wp-content\\\/uploads\\\/2023\\\/06\\\/foto-2023-06-19-mandato-deputado-vander.jpg\",\"width\":1080,\"height\":1080,\"caption\":\"Deputado Federal Vander Loubet\"},\"image\":{\"@id\":\"https:\\\/\\\/vanderloubet.com.br\\\/deputado\\\/#\\\/schema\\\/logo\\\/image\\\/\"},\"sameAs\":[\"https:\\\/\\\/facebook.com\\\/deputadovander\",\"https:\\\/\\\/x.com\\\/vanderloubet\",\"https:\\\/\\\/instagram.com\\\/vanderloubet\",\"https:\\\/\\\/youtube.com\\\/vanderloubet\",\"https:\\\/\\\/tiktok.com\\\/@vanderloubetms\"]},{\"@type\":\"Person\",\"@id\":\"https:\\\/\\\/vanderloubet.com.br\\\/deputado\\\/#\\\/schema\\\/person\\\/15b51bd564532a8a68d9dec1b8eb890e\",\"name\":\"\u00c9der\",\"image\":{\"@type\":\"ImageObject\",\"inLanguage\":\"pt-BR\",\"@id\":\"https:\\\/\\\/vanderloubet.com.br\\\/deputado\\\/wp-content\\\/litespeed\\\/avatar\\\/88ca4090d9d5ab1c9495f6ca03b68efa.jpg?ver=1777058957\",\"url\":\"https:\\\/\\\/vanderloubet.com.br\\\/deputado\\\/wp-content\\\/litespeed\\\/avatar\\\/88ca4090d9d5ab1c9495f6ca03b68efa.jpg?ver=1777058957\",\"contentUrl\":\"https:\\\/\\\/vanderloubet.com.br\\\/deputado\\\/wp-content\\\/litespeed\\\/avatar\\\/88ca4090d9d5ab1c9495f6ca03b68efa.jpg?ver=1777058957\",\"caption\":\"\u00c9der\"}}]}<\/script>\n<!-- \/ Yoast SEO plugin. -->","yoast_head_json":{"title":"Sete programas do governo encerram prazo para propostas entre final de fevereiro e mar\u00e7o","robots":{"index":"index","follow":"follow","max-snippet":"max-snippet:-1","max-image-preview":"max-image-preview:large","max-video-preview":"max-video-preview:-1"},"canonical":"https:\/\/vanderloubet.com.br\/deputado\/sete-programas-do-governo-encerram-prazo-para-propostas-entre-final-de-fevereiro-e-marco\/","og_locale":"pt_BR","og_type":"article","og_title":"Sete programas do governo encerram prazo para propostas entre final de fevereiro e mar\u00e7o","og_description":"S\u00e3o programas voltados para a\u00e7\u00f5es de enfrentamento \u00e0 viol\u00eancia contra a mulher, de meio ambiente e de turismo.","og_url":"https:\/\/vanderloubet.com.br\/deputado\/sete-programas-do-governo-encerram-prazo-para-propostas-entre-final-de-fevereiro-e-marco\/","og_site_name":"Deputado Federal Vander Loubet","article_publisher":"https:\/\/facebook.com\/deputadovander","article_published_time":"2014-02-19T15:53:10+00:00","article_modified_time":"2015-02-05T21:34:06+00:00","og_image":[{"width":1200,"height":800,"url":"https:\/\/vanderloubet.com.br\/deputado\/wp-content\/uploads\/2014\/02\/foto-2014-02-19-coordenacao-bancada-moka-vander.jpg","type":"image\/jpeg"}],"author":"\u00c9der","twitter_card":"summary_large_image","twitter_creator":"@vanderloubet","twitter_site":"@vanderloubet","schema":{"@context":"https:\/\/schema.org","@graph":[{"@type":"Article","@id":"https:\/\/vanderloubet.com.br\/deputado\/sete-programas-do-governo-encerram-prazo-para-propostas-entre-final-de-fevereiro-e-marco\/#article","isPartOf":{"@id":"https:\/\/vanderloubet.com.br\/deputado\/sete-programas-do-governo-encerram-prazo-para-propostas-entre-final-de-fevereiro-e-marco\/"},"author":{"name":"\u00c9der","@id":"https:\/\/vanderloubet.com.br\/deputado\/#\/schema\/person\/15b51bd564532a8a68d9dec1b8eb890e"},"headline":"Sete programas do governo encerram prazo para propostas entre final de fevereiro e mar\u00e7o","datePublished":"2014-02-19T15:53:10+00:00","dateModified":"2015-02-05T21:34:06+00:00","mainEntityOfPage":{"@id":"https:\/\/vanderloubet.com.br\/deputado\/sete-programas-do-governo-encerram-prazo-para-propostas-entre-final-de-fevereiro-e-marco\/"},"wordCount":628,"publisher":{"@id":"https:\/\/vanderloubet.com.br\/deputado\/#organization"},"image":{"@id":"https:\/\/vanderloubet.com.br\/deputado\/sete-programas-do-governo-encerram-prazo-para-propostas-entre-final-de-fevereiro-e-marco\/#primaryimage"},"thumbnailUrl":"https:\/\/vanderloubet.com.br\/deputado\/wp-content\/uploads\/2014\/02\/foto-2014-02-19-coordenacao-bancada-moka-vander.jpg","keywords":["bancada"],"articleSection":["Brasil","Not\u00edcias"],"inLanguage":"pt-BR"},{"@type":"WebPage","@id":"https:\/\/vanderloubet.com.br\/deputado\/sete-programas-do-governo-encerram-prazo-para-propostas-entre-final-de-fevereiro-e-marco\/","url":"https:\/\/vanderloubet.com.br\/deputado\/sete-programas-do-governo-encerram-prazo-para-propostas-entre-final-de-fevereiro-e-marco\/","name":"Sete programas do governo encerram prazo para propostas entre final de fevereiro e mar\u00e7o","isPartOf":{"@id":"https:\/\/vanderloubet.com.br\/deputado\/#website"},"primaryImageOfPage":{"@id":"https:\/\/vanderloubet.com.br\/deputado\/sete-programas-do-governo-encerram-prazo-para-propostas-entre-final-de-fevereiro-e-marco\/#primaryimage"},"image":{"@id":"https:\/\/vanderloubet.com.br\/deputado\/sete-programas-do-governo-encerram-prazo-para-propostas-entre-final-de-fevereiro-e-marco\/#primaryimage"},"thumbnailUrl":"https:\/\/vanderloubet.com.br\/deputado\/wp-content\/uploads\/2014\/02\/foto-2014-02-19-coordenacao-bancada-moka-vander.jpg","datePublished":"2014-02-19T15:53:10+00:00","dateModified":"2015-02-05T21:34:06+00:00","breadcrumb":{"@id":"https:\/\/vanderloubet.com.br\/deputado\/sete-programas-do-governo-encerram-prazo-para-propostas-entre-final-de-fevereiro-e-marco\/#breadcrumb"},"inLanguage":"pt-BR","potentialAction":[{"@type":"ReadAction","target":["https:\/\/vanderloubet.com.br\/deputado\/sete-programas-do-governo-encerram-prazo-para-propostas-entre-final-de-fevereiro-e-marco\/"]}]},{"@type":"ImageObject","inLanguage":"pt-BR","@id":"https:\/\/vanderloubet.com.br\/deputado\/sete-programas-do-governo-encerram-prazo-para-propostas-entre-final-de-fevereiro-e-marco\/#primaryimage","url":"https:\/\/vanderloubet.com.br\/deputado\/wp-content\/uploads\/2014\/02\/foto-2014-02-19-coordenacao-bancada-moka-vander.jpg","contentUrl":"https:\/\/vanderloubet.com.br\/deputado\/wp-content\/uploads\/2014\/02\/foto-2014-02-19-coordenacao-bancada-moka-vander.jpg","width":1200,"height":800,"caption":"Moka transmitiu coordena\u00e7\u00e3o da bancada para Vander"},{"@type":"BreadcrumbList","@id":"https:\/\/vanderloubet.com.br\/deputado\/sete-programas-do-governo-encerram-prazo-para-propostas-entre-final-de-fevereiro-e-marco\/#breadcrumb","itemListElement":[{"@type":"ListItem","position":1,"name":"In\u00edcio","item":"https:\/\/vanderloubet.com.br\/deputado\/"},{"@type":"ListItem","position":2,"name":"Sete programas do governo encerram prazo para propostas entre final de fevereiro e mar\u00e7o"}]},{"@type":"WebSite","@id":"https:\/\/vanderloubet.com.br\/deputado\/#website","url":"https:\/\/vanderloubet.com.br\/deputado\/","name":"Deputado Federal Vander Loubet","description":"O Federal de MS","publisher":{"@id":"https:\/\/vanderloubet.com.br\/deputado\/#organization"},"alternateName":"Deputado Vander","potentialAction":[{"@type":"SearchAction","target":{"@type":"EntryPoint","urlTemplate":"https:\/\/vanderloubet.com.br\/deputado\/?s={search_term_string}"},"query-input":{"@type":"PropertyValueSpecification","valueRequired":true,"valueName":"search_term_string"}}],"inLanguage":"pt-BR"},{"@type":"Organization","@id":"https:\/\/vanderloubet.com.br\/deputado\/#organization","name":"Deputado Federal Vander Loubet","alternateName":"Deputado Vander","url":"https:\/\/vanderloubet.com.br\/deputado\/","logo":{"@type":"ImageObject","inLanguage":"pt-BR","@id":"https:\/\/vanderloubet.com.br\/deputado\/#\/schema\/logo\/image\/","url":"https:\/\/vanderloubet.com.br\/deputado\/wp-content\/uploads\/2023\/06\/foto-2023-06-19-mandato-deputado-vander.jpg","contentUrl":"https:\/\/vanderloubet.com.br\/deputado\/wp-content\/uploads\/2023\/06\/foto-2023-06-19-mandato-deputado-vander.jpg","width":1080,"height":1080,"caption":"Deputado Federal Vander Loubet"},"image":{"@id":"https:\/\/vanderloubet.com.br\/deputado\/#\/schema\/logo\/image\/"},"sameAs":["https:\/\/facebook.com\/deputadovander","https:\/\/x.com\/vanderloubet","https:\/\/instagram.com\/vanderloubet","https:\/\/youtube.com\/vanderloubet","https:\/\/tiktok.com\/@vanderloubetms"]},{"@type":"Person","@id":"https:\/\/vanderloubet.com.br\/deputado\/#\/schema\/person\/15b51bd564532a8a68d9dec1b8eb890e","name":"\u00c9der","image":{"@type":"ImageObject","inLanguage":"pt-BR","@id":"https:\/\/vanderloubet.com.br\/deputado\/wp-content\/litespeed\/avatar\/88ca4090d9d5ab1c9495f6ca03b68efa.jpg?ver=1777058957","url":"https:\/\/vanderloubet.com.br\/deputado\/wp-content\/litespeed\/avatar\/88ca4090d9d5ab1c9495f6ca03b68efa.jpg?ver=1777058957","contentUrl":"https:\/\/vanderloubet.com.br\/deputado\/wp-content\/litespeed\/avatar\/88ca4090d9d5ab1c9495f6ca03b68efa.jpg?ver=1777058957","caption":"\u00c9der"}}]}},"jetpack_featured_media_url":"https:\/\/vanderloubet.com.br\/deputado\/wp-content\/uploads\/2014\/02\/foto-2014-02-19-coordenacao-bancada-moka-vander.jpg","jetpack_sharing_enabled":true,"_links":{"self":[{"href":"https:\/\/vanderloubet.com.br\/deputado\/wp-json\/wp\/v2\/posts\/7423","targetHints":{"allow":["GET"]}}],"collection":[{"href":"https:\/\/vanderloubet.com.br\/deputado\/wp-json\/wp\/v2\/posts"}],"about":[{"href":"https:\/\/vanderloubet.com.br\/deputado\/wp-json\/wp\/v2\/types\/post"}],"author":[{"embeddable":true,"href":"https:\/\/vanderloubet.com.br\/deputado\/wp-json\/wp\/v2\/users\/2"}],"replies":[{"embeddable":true,"href":"https:\/\/vanderloubet.com.br\/deputado\/wp-json\/wp\/v2\/comments?post=7423"}],"version-history":[{"count":0,"href":"https:\/\/vanderloubet.com.br\/deputado\/wp-json\/wp\/v2\/posts\/7423\/revisions"}],"wp:featuredmedia":[{"embeddable":true,"href":"https:\/\/vanderloubet.com.br\/deputado\/wp-json\/wp\/v2\/media\/7779"}],"wp:attachment":[{"href":"https:\/\/vanderloubet.com.br\/deputado\/wp-json\/wp\/v2\/media?parent=7423"}],"wp:term":[{"taxonomy":"category","embeddable":true,"href":"https:\/\/vanderloubet.com.br\/deputado\/wp-json\/wp\/v2\/categories?post=7423"},{"taxonomy":"post_tag","embeddable":true,"href":"https:\/\/vanderloubet.com.br\/deputado\/wp-json\/wp\/v2\/tags?post=7423"}],"curies":[{"name":"wp","href":"https:\/\/api.w.org\/{rel}","templated":true}]}}