{"id":7277,"date":"2014-02-05T12:39:28","date_gmt":"2014-02-05T15:39:28","guid":{"rendered":"http:\/\/www.deputadovander.com.br\/website\/?p=7277"},"modified":"2015-02-05T18:34:21","modified_gmt":"2015-02-05T21:34:21","slug":"orcamento-impositivo-vander-alerta-que-havera-maior-rigor-com-municipios","status":"publish","type":"post","link":"https:\/\/vanderloubet.com.br\/deputado\/orcamento-impositivo-vander-alerta-que-havera-maior-rigor-com-municipios\/","title":{"rendered":"Or\u00e7amento Impositivo: Vander alerta que haver\u00e1 maior rigor com munic\u00edpios"},"content":{"rendered":"<figure id=\"attachment_7782\" aria-describedby=\"caption-attachment-7782\" style=\"width: 700px\" class=\"wp-caption alignnone\"><img decoding=\"async\" class=\"wp-image-7782 size-large\" title=\"Deputado Vander Loubet no Plen\u00e1rio da C\u00e2mara\" src=\"http:\/\/vanderloubet.com.br\/deputado\/wp-content\/uploads\/2014\/02\/foto-2013-06-11-deputado-vander-loubet-plenario-700x467.jpg\" alt=\"Deputado Vander Loubet no Plen\u00e1rio da C\u00e2mara\" width=\"700\" height=\"467\" srcset=\"https:\/\/vanderloubet.com.br\/deputado\/wp-content\/uploads\/2014\/02\/foto-2013-06-11-deputado-vander-loubet-plenario-700x467.jpg 700w, https:\/\/vanderloubet.com.br\/deputado\/wp-content\/uploads\/2014\/02\/foto-2013-06-11-deputado-vander-loubet-plenario-350x233.jpg 350w, https:\/\/vanderloubet.com.br\/deputado\/wp-content\/uploads\/2014\/02\/foto-2013-06-11-deputado-vander-loubet-plenario-768x512.jpg 768w, https:\/\/vanderloubet.com.br\/deputado\/wp-content\/uploads\/2014\/02\/foto-2013-06-11-deputado-vander-loubet-plenario-630x420.jpg 630w, https:\/\/vanderloubet.com.br\/deputado\/wp-content\/uploads\/2014\/02\/foto-2013-06-11-deputado-vander-loubet-plenario-696x464.jpg 696w, https:\/\/vanderloubet.com.br\/deputado\/wp-content\/uploads\/2014\/02\/foto-2013-06-11-deputado-vander-loubet-plenario-1068x712.jpg 1068w, https:\/\/vanderloubet.com.br\/deputado\/wp-content\/uploads\/2014\/02\/foto-2013-06-11-deputado-vander-loubet-plenario.jpg 1200w\" sizes=\"(max-width: 700px) 100vw, 700px\" \/><figcaption id=\"caption-attachment-7782\" class=\"wp-caption-text\">Deputado Vander Loubet no Plen\u00e1rio da C\u00e2mara<\/figcaption><\/figure>\n<p>O deputado federal Vander Loubet (PT-MS) afirmou hoje (5), um dia ap\u00f3s o retorno dos trabalhos da C\u00e2mara dos Deputados, que a entrada em vigor do Or\u00e7amento Impositivo, aprovado pelo Congresso Nacional no final do ano passado, altera alguns tr\u00e2mites para aprova\u00e7\u00e3o e libera\u00e7\u00e3o de emendas parlamentares e que isso vai exigir mais aten\u00e7\u00e3o e rigor por parte das prefeituras e suas equipes. &#8220;Todo o processo que envolve a destina\u00e7\u00e3o de emendas vai ter que ficar mais \u00e1gil e rigoroso. Por isso \u00e9 importante que as prefeituras fiquem bastante atentas para n\u00e3o correrem o risco de perder recursos por causa de prazos ou de falhas t\u00e9cnicas nos projetos&#8221;, alertou.<\/p>\n<p>O mecanismo do Or\u00e7amento Impositivo &#8211; aprovado por meio de duas Propostas de Emenda \u00e0 Constitui\u00e7\u00e3o (PEC 358\/13 e PEC 359\/13) &#8211; obriga o governo federal a pagar integralmente as emendas parlamentares (recursos or\u00e7ament\u00e1rios que deputados e senadores destinam para as suas bases eleitorais). Antes do Or\u00e7amento Impositivo, as emendas chegavam a ser inscritas no Or\u00e7amento Geral da Uni\u00e3o (OGU), mas o dinheiro n\u00e3o era necessariamente liberado.<\/p>\n<p>Pelas novas regras, os mandatos parlamentares ter\u00e3o prazo at\u00e9 o dia 10 de fevereiro para identificar os benefici\u00e1rios (estados, munic\u00edpios ou entidades) de todas as suas emendas. Esses dados ser\u00e3o cadastrados em um sistema pr\u00f3prio, o Sistema de Gerenciamento de Emendas (Sigem), que controlar\u00e1 todo o processo, do cadastramento at\u00e9 o efetivo pagamento dos recursos. Os gabinetes dever\u00e3o disponibilizar as informa\u00e7\u00f5es \u00e0 Secretaria de Rela\u00e7\u00f5es Institucionais da Presid\u00eancia da Rep\u00fablica (SRI-PR), que far\u00e1 o encaminhamento das demandas aos minist\u00e9rios para a devida execu\u00e7\u00e3o. A partir disso, os minist\u00e9rios dever\u00e3o abrir imediatamente os sistemas para cadastro de projetos.<\/p>\n<p>&#8220;O prazo \u00e9 relativamente curto. Os benefici\u00e1rios de emendas ter\u00e3o at\u00e9 19 de mar\u00e7o para apresentar as informa\u00e7\u00f5es e os projetos nos sistemas, como o Siconv e outros. Da\u00ed a necessidade de os prefeitos e seus assessores trabalharem com agilidade, pois fomos informados que esses prazos ter\u00e3o que ser cumpridos rigorosamente, especialmente porque \u00e9 ano de elei\u00e7\u00e3o e muita coisa precisa ser feita at\u00e9 o meio do ano&#8221;, destacou Vander.<\/p>\n<p>Os minist\u00e9rios dever\u00e3o analisar as propostas at\u00e9 13 de abril. Se for necess\u00e1rio, os benefici\u00e1rios das emendas poder\u00e3o promover ajustes nas propostas no per\u00edodo de 13 a 18 de abril. Os minist\u00e9rios devem concluir o processo at\u00e9 24 de abril.<\/p>\n<p><em>(\u00c9der Yanaguita &#8211; Ascom\/Deputado Vander)<\/em><\/p>\n","protected":false},"excerpt":{"rendered":"<p>De acordo com o deputado, os prazos s\u00e3o curtos. Benefici\u00e1rios de emendas t\u00eam at\u00e9 19 de mar\u00e7o para apresentar projetos nos sistemas do governo.<\/p>\n","protected":false},"author":2,"featured_media":7782,"comment_status":"closed","ping_status":"open","sticky":false,"template":"","format":"standard","meta":{"jetpack_post_was_ever_published":false,"_jetpack_newsletter_access":"","_jetpack_dont_email_post_to_subs":false,"_jetpack_newsletter_tier_id":0,"_jetpack_memberships_contains_paywalled_content":false,"_jetpack_memberships_contains_paid_content":false,"footnotes":""},"categories":[2098,10],"tags":[2127,1433],"class_list":{"0":"post-7277","1":"post","2":"type-post","3":"status-publish","4":"format-standard","5":"has-post-thumbnail","7":"category-brasil-noticias","8":"category-noticias","9":"tag-emenda-parlamentar","10":"tag-orcamento"},"yoast_head":"<!-- This site is optimized with the Yoast SEO plugin v27.4 - https:\/\/yoast.com\/product\/yoast-seo-wordpress\/ -->\n<title>Or\u00e7amento Impositivo: Vander alerta que haver\u00e1 maior rigor com munic\u00edpios<\/title>\n<meta name=\"robots\" content=\"index, follow, max-snippet:-1, max-image-preview:large, max-video-preview:-1\" \/>\n<link rel=\"canonical\" href=\"https:\/\/vanderloubet.com.br\/deputado\/orcamento-impositivo-vander-alerta-que-havera-maior-rigor-com-municipios\/\" \/>\n<meta property=\"og:locale\" content=\"pt_BR\" \/>\n<meta property=\"og:type\" content=\"article\" \/>\n<meta property=\"og:title\" content=\"Or\u00e7amento Impositivo: Vander alerta que haver\u00e1 maior rigor com munic\u00edpios\" \/>\n<meta property=\"og:description\" content=\"De acordo com o deputado, os prazos s\u00e3o curtos. Benefici\u00e1rios de emendas t\u00eam at\u00e9 19 de mar\u00e7o para apresentar projetos nos sistemas do governo.\" \/>\n<meta property=\"og:url\" content=\"https:\/\/vanderloubet.com.br\/deputado\/orcamento-impositivo-vander-alerta-que-havera-maior-rigor-com-municipios\/\" \/>\n<meta property=\"og:site_name\" content=\"Deputado Federal Vander Loubet\" \/>\n<meta property=\"article:publisher\" content=\"https:\/\/facebook.com\/deputadovander\" \/>\n<meta property=\"article:published_time\" content=\"2014-02-05T15:39:28+00:00\" \/>\n<meta property=\"article:modified_time\" content=\"2015-02-05T21:34:21+00:00\" \/>\n<meta property=\"og:image\" content=\"https:\/\/vanderloubet.com.br\/deputado\/wp-content\/uploads\/2014\/02\/foto-2013-06-11-deputado-vander-loubet-plenario.jpg\" \/>\n\t<meta property=\"og:image:width\" content=\"1200\" \/>\n\t<meta property=\"og:image:height\" content=\"800\" \/>\n\t<meta property=\"og:image:type\" content=\"image\/jpeg\" \/>\n<meta name=\"author\" content=\"\u00c9der\" \/>\n<meta name=\"twitter:card\" content=\"summary_large_image\" \/>\n<meta name=\"twitter:creator\" content=\"@vanderloubet\" \/>\n<meta name=\"twitter:site\" content=\"@vanderloubet\" \/>\n<script type=\"application\/ld+json\" class=\"yoast-schema-graph\">{\"@context\":\"https:\\\/\\\/schema.org\",\"@graph\":[{\"@type\":\"Article\",\"@id\":\"https:\\\/\\\/vanderloubet.com.br\\\/deputado\\\/orcamento-impositivo-vander-alerta-que-havera-maior-rigor-com-municipios\\\/#article\",\"isPartOf\":{\"@id\":\"https:\\\/\\\/vanderloubet.com.br\\\/deputado\\\/orcamento-impositivo-vander-alerta-que-havera-maior-rigor-com-municipios\\\/\"},\"author\":{\"name\":\"\u00c9der\",\"@id\":\"https:\\\/\\\/vanderloubet.com.br\\\/deputado\\\/#\\\/schema\\\/person\\\/15b51bd564532a8a68d9dec1b8eb890e\"},\"headline\":\"Or\u00e7amento Impositivo: Vander alerta que haver\u00e1 maior rigor com munic\u00edpios\",\"datePublished\":\"2014-02-05T15:39:28+00:00\",\"dateModified\":\"2015-02-05T21:34:21+00:00\",\"mainEntityOfPage\":{\"@id\":\"https:\\\/\\\/vanderloubet.com.br\\\/deputado\\\/orcamento-impositivo-vander-alerta-que-havera-maior-rigor-com-municipios\\\/\"},\"wordCount\":448,\"publisher\":{\"@id\":\"https:\\\/\\\/vanderloubet.com.br\\\/deputado\\\/#organization\"},\"image\":{\"@id\":\"https:\\\/\\\/vanderloubet.com.br\\\/deputado\\\/orcamento-impositivo-vander-alerta-que-havera-maior-rigor-com-municipios\\\/#primaryimage\"},\"thumbnailUrl\":\"https:\\\/\\\/vanderloubet.com.br\\\/deputado\\\/wp-content\\\/uploads\\\/2014\\\/02\\\/foto-2013-06-11-deputado-vander-loubet-plenario.jpg\",\"keywords\":[\"emenda parlamentar\",\"or\u00e7amento\"],\"articleSection\":[\"Brasil\",\"Not\u00edcias\"],\"inLanguage\":\"pt-BR\"},{\"@type\":\"WebPage\",\"@id\":\"https:\\\/\\\/vanderloubet.com.br\\\/deputado\\\/orcamento-impositivo-vander-alerta-que-havera-maior-rigor-com-municipios\\\/\",\"url\":\"https:\\\/\\\/vanderloubet.com.br\\\/deputado\\\/orcamento-impositivo-vander-alerta-que-havera-maior-rigor-com-municipios\\\/\",\"name\":\"Or\u00e7amento Impositivo: Vander alerta que haver\u00e1 maior rigor com munic\u00edpios\",\"isPartOf\":{\"@id\":\"https:\\\/\\\/vanderloubet.com.br\\\/deputado\\\/#website\"},\"primaryImageOfPage\":{\"@id\":\"https:\\\/\\\/vanderloubet.com.br\\\/deputado\\\/orcamento-impositivo-vander-alerta-que-havera-maior-rigor-com-municipios\\\/#primaryimage\"},\"image\":{\"@id\":\"https:\\\/\\\/vanderloubet.com.br\\\/deputado\\\/orcamento-impositivo-vander-alerta-que-havera-maior-rigor-com-municipios\\\/#primaryimage\"},\"thumbnailUrl\":\"https:\\\/\\\/vanderloubet.com.br\\\/deputado\\\/wp-content\\\/uploads\\\/2014\\\/02\\\/foto-2013-06-11-deputado-vander-loubet-plenario.jpg\",\"datePublished\":\"2014-02-05T15:39:28+00:00\",\"dateModified\":\"2015-02-05T21:34:21+00:00\",\"breadcrumb\":{\"@id\":\"https:\\\/\\\/vanderloubet.com.br\\\/deputado\\\/orcamento-impositivo-vander-alerta-que-havera-maior-rigor-com-municipios\\\/#breadcrumb\"},\"inLanguage\":\"pt-BR\",\"potentialAction\":[{\"@type\":\"ReadAction\",\"target\":[\"https:\\\/\\\/vanderloubet.com.br\\\/deputado\\\/orcamento-impositivo-vander-alerta-que-havera-maior-rigor-com-municipios\\\/\"]}]},{\"@type\":\"ImageObject\",\"inLanguage\":\"pt-BR\",\"@id\":\"https:\\\/\\\/vanderloubet.com.br\\\/deputado\\\/orcamento-impositivo-vander-alerta-que-havera-maior-rigor-com-municipios\\\/#primaryimage\",\"url\":\"https:\\\/\\\/vanderloubet.com.br\\\/deputado\\\/wp-content\\\/uploads\\\/2014\\\/02\\\/foto-2013-06-11-deputado-vander-loubet-plenario.jpg\",\"contentUrl\":\"https:\\\/\\\/vanderloubet.com.br\\\/deputado\\\/wp-content\\\/uploads\\\/2014\\\/02\\\/foto-2013-06-11-deputado-vander-loubet-plenario.jpg\",\"width\":1200,\"height\":800,\"caption\":\"Deputado Vander Loubet no Plen\u00e1rio da C\u00e2mara\"},{\"@type\":\"BreadcrumbList\",\"@id\":\"https:\\\/\\\/vanderloubet.com.br\\\/deputado\\\/orcamento-impositivo-vander-alerta-que-havera-maior-rigor-com-municipios\\\/#breadcrumb\",\"itemListElement\":[{\"@type\":\"ListItem\",\"position\":1,\"name\":\"In\u00edcio\",\"item\":\"https:\\\/\\\/vanderloubet.com.br\\\/deputado\\\/\"},{\"@type\":\"ListItem\",\"position\":2,\"name\":\"Or\u00e7amento Impositivo: Vander alerta que haver\u00e1 maior rigor com munic\u00edpios\"}]},{\"@type\":\"WebSite\",\"@id\":\"https:\\\/\\\/vanderloubet.com.br\\\/deputado\\\/#website\",\"url\":\"https:\\\/\\\/vanderloubet.com.br\\\/deputado\\\/\",\"name\":\"Deputado Federal Vander Loubet\",\"description\":\"O Federal de MS\",\"publisher\":{\"@id\":\"https:\\\/\\\/vanderloubet.com.br\\\/deputado\\\/#organization\"},\"alternateName\":\"Deputado Vander\",\"potentialAction\":[{\"@type\":\"SearchAction\",\"target\":{\"@type\":\"EntryPoint\",\"urlTemplate\":\"https:\\\/\\\/vanderloubet.com.br\\\/deputado\\\/?s={search_term_string}\"},\"query-input\":{\"@type\":\"PropertyValueSpecification\",\"valueRequired\":true,\"valueName\":\"search_term_string\"}}],\"inLanguage\":\"pt-BR\"},{\"@type\":\"Organization\",\"@id\":\"https:\\\/\\\/vanderloubet.com.br\\\/deputado\\\/#organization\",\"name\":\"Deputado Federal Vander Loubet\",\"alternateName\":\"Deputado Vander\",\"url\":\"https:\\\/\\\/vanderloubet.com.br\\\/deputado\\\/\",\"logo\":{\"@type\":\"ImageObject\",\"inLanguage\":\"pt-BR\",\"@id\":\"https:\\\/\\\/vanderloubet.com.br\\\/deputado\\\/#\\\/schema\\\/logo\\\/image\\\/\",\"url\":\"https:\\\/\\\/vanderloubet.com.br\\\/deputado\\\/wp-content\\\/uploads\\\/2023\\\/06\\\/foto-2023-06-19-mandato-deputado-vander.jpg\",\"contentUrl\":\"https:\\\/\\\/vanderloubet.com.br\\\/deputado\\\/wp-content\\\/uploads\\\/2023\\\/06\\\/foto-2023-06-19-mandato-deputado-vander.jpg\",\"width\":1080,\"height\":1080,\"caption\":\"Deputado Federal Vander Loubet\"},\"image\":{\"@id\":\"https:\\\/\\\/vanderloubet.com.br\\\/deputado\\\/#\\\/schema\\\/logo\\\/image\\\/\"},\"sameAs\":[\"https:\\\/\\\/facebook.com\\\/deputadovander\",\"https:\\\/\\\/x.com\\\/vanderloubet\",\"https:\\\/\\\/instagram.com\\\/vanderloubet\",\"https:\\\/\\\/youtube.com\\\/vanderloubet\",\"https:\\\/\\\/tiktok.com\\\/@vanderloubetms\"]},{\"@type\":\"Person\",\"@id\":\"https:\\\/\\\/vanderloubet.com.br\\\/deputado\\\/#\\\/schema\\\/person\\\/15b51bd564532a8a68d9dec1b8eb890e\",\"name\":\"\u00c9der\",\"image\":{\"@type\":\"ImageObject\",\"inLanguage\":\"pt-BR\",\"@id\":\"https:\\\/\\\/vanderloubet.com.br\\\/deputado\\\/wp-content\\\/litespeed\\\/avatar\\\/88ca4090d9d5ab1c9495f6ca03b68efa.jpg?ver=1777058957\",\"url\":\"https:\\\/\\\/vanderloubet.com.br\\\/deputado\\\/wp-content\\\/litespeed\\\/avatar\\\/88ca4090d9d5ab1c9495f6ca03b68efa.jpg?ver=1777058957\",\"contentUrl\":\"https:\\\/\\\/vanderloubet.com.br\\\/deputado\\\/wp-content\\\/litespeed\\\/avatar\\\/88ca4090d9d5ab1c9495f6ca03b68efa.jpg?ver=1777058957\",\"caption\":\"\u00c9der\"}}]}<\/script>\n<!-- \/ Yoast SEO plugin. -->","yoast_head_json":{"title":"Or\u00e7amento Impositivo: Vander alerta que haver\u00e1 maior rigor com munic\u00edpios","robots":{"index":"index","follow":"follow","max-snippet":"max-snippet:-1","max-image-preview":"max-image-preview:large","max-video-preview":"max-video-preview:-1"},"canonical":"https:\/\/vanderloubet.com.br\/deputado\/orcamento-impositivo-vander-alerta-que-havera-maior-rigor-com-municipios\/","og_locale":"pt_BR","og_type":"article","og_title":"Or\u00e7amento Impositivo: Vander alerta que haver\u00e1 maior rigor com munic\u00edpios","og_description":"De acordo com o deputado, os prazos s\u00e3o curtos. Benefici\u00e1rios de emendas t\u00eam at\u00e9 19 de mar\u00e7o para apresentar projetos nos sistemas do governo.","og_url":"https:\/\/vanderloubet.com.br\/deputado\/orcamento-impositivo-vander-alerta-que-havera-maior-rigor-com-municipios\/","og_site_name":"Deputado Federal Vander Loubet","article_publisher":"https:\/\/facebook.com\/deputadovander","article_published_time":"2014-02-05T15:39:28+00:00","article_modified_time":"2015-02-05T21:34:21+00:00","og_image":[{"width":1200,"height":800,"url":"https:\/\/vanderloubet.com.br\/deputado\/wp-content\/uploads\/2014\/02\/foto-2013-06-11-deputado-vander-loubet-plenario.jpg","type":"image\/jpeg"}],"author":"\u00c9der","twitter_card":"summary_large_image","twitter_creator":"@vanderloubet","twitter_site":"@vanderloubet","schema":{"@context":"https:\/\/schema.org","@graph":[{"@type":"Article","@id":"https:\/\/vanderloubet.com.br\/deputado\/orcamento-impositivo-vander-alerta-que-havera-maior-rigor-com-municipios\/#article","isPartOf":{"@id":"https:\/\/vanderloubet.com.br\/deputado\/orcamento-impositivo-vander-alerta-que-havera-maior-rigor-com-municipios\/"},"author":{"name":"\u00c9der","@id":"https:\/\/vanderloubet.com.br\/deputado\/#\/schema\/person\/15b51bd564532a8a68d9dec1b8eb890e"},"headline":"Or\u00e7amento Impositivo: Vander alerta que haver\u00e1 maior rigor com munic\u00edpios","datePublished":"2014-02-05T15:39:28+00:00","dateModified":"2015-02-05T21:34:21+00:00","mainEntityOfPage":{"@id":"https:\/\/vanderloubet.com.br\/deputado\/orcamento-impositivo-vander-alerta-que-havera-maior-rigor-com-municipios\/"},"wordCount":448,"publisher":{"@id":"https:\/\/vanderloubet.com.br\/deputado\/#organization"},"image":{"@id":"https:\/\/vanderloubet.com.br\/deputado\/orcamento-impositivo-vander-alerta-que-havera-maior-rigor-com-municipios\/#primaryimage"},"thumbnailUrl":"https:\/\/vanderloubet.com.br\/deputado\/wp-content\/uploads\/2014\/02\/foto-2013-06-11-deputado-vander-loubet-plenario.jpg","keywords":["emenda parlamentar","or\u00e7amento"],"articleSection":["Brasil","Not\u00edcias"],"inLanguage":"pt-BR"},{"@type":"WebPage","@id":"https:\/\/vanderloubet.com.br\/deputado\/orcamento-impositivo-vander-alerta-que-havera-maior-rigor-com-municipios\/","url":"https:\/\/vanderloubet.com.br\/deputado\/orcamento-impositivo-vander-alerta-que-havera-maior-rigor-com-municipios\/","name":"Or\u00e7amento Impositivo: Vander alerta que haver\u00e1 maior rigor com munic\u00edpios","isPartOf":{"@id":"https:\/\/vanderloubet.com.br\/deputado\/#website"},"primaryImageOfPage":{"@id":"https:\/\/vanderloubet.com.br\/deputado\/orcamento-impositivo-vander-alerta-que-havera-maior-rigor-com-municipios\/#primaryimage"},"image":{"@id":"https:\/\/vanderloubet.com.br\/deputado\/orcamento-impositivo-vander-alerta-que-havera-maior-rigor-com-municipios\/#primaryimage"},"thumbnailUrl":"https:\/\/vanderloubet.com.br\/deputado\/wp-content\/uploads\/2014\/02\/foto-2013-06-11-deputado-vander-loubet-plenario.jpg","datePublished":"2014-02-05T15:39:28+00:00","dateModified":"2015-02-05T21:34:21+00:00","breadcrumb":{"@id":"https:\/\/vanderloubet.com.br\/deputado\/orcamento-impositivo-vander-alerta-que-havera-maior-rigor-com-municipios\/#breadcrumb"},"inLanguage":"pt-BR","potentialAction":[{"@type":"ReadAction","target":["https:\/\/vanderloubet.com.br\/deputado\/orcamento-impositivo-vander-alerta-que-havera-maior-rigor-com-municipios\/"]}]},{"@type":"ImageObject","inLanguage":"pt-BR","@id":"https:\/\/vanderloubet.com.br\/deputado\/orcamento-impositivo-vander-alerta-que-havera-maior-rigor-com-municipios\/#primaryimage","url":"https:\/\/vanderloubet.com.br\/deputado\/wp-content\/uploads\/2014\/02\/foto-2013-06-11-deputado-vander-loubet-plenario.jpg","contentUrl":"https:\/\/vanderloubet.com.br\/deputado\/wp-content\/uploads\/2014\/02\/foto-2013-06-11-deputado-vander-loubet-plenario.jpg","width":1200,"height":800,"caption":"Deputado Vander Loubet no Plen\u00e1rio da C\u00e2mara"},{"@type":"BreadcrumbList","@id":"https:\/\/vanderloubet.com.br\/deputado\/orcamento-impositivo-vander-alerta-que-havera-maior-rigor-com-municipios\/#breadcrumb","itemListElement":[{"@type":"ListItem","position":1,"name":"In\u00edcio","item":"https:\/\/vanderloubet.com.br\/deputado\/"},{"@type":"ListItem","position":2,"name":"Or\u00e7amento Impositivo: Vander alerta que haver\u00e1 maior rigor com munic\u00edpios"}]},{"@type":"WebSite","@id":"https:\/\/vanderloubet.com.br\/deputado\/#website","url":"https:\/\/vanderloubet.com.br\/deputado\/","name":"Deputado Federal Vander Loubet","description":"O Federal de MS","publisher":{"@id":"https:\/\/vanderloubet.com.br\/deputado\/#organization"},"alternateName":"Deputado Vander","potentialAction":[{"@type":"SearchAction","target":{"@type":"EntryPoint","urlTemplate":"https:\/\/vanderloubet.com.br\/deputado\/?s={search_term_string}"},"query-input":{"@type":"PropertyValueSpecification","valueRequired":true,"valueName":"search_term_string"}}],"inLanguage":"pt-BR"},{"@type":"Organization","@id":"https:\/\/vanderloubet.com.br\/deputado\/#organization","name":"Deputado Federal Vander Loubet","alternateName":"Deputado Vander","url":"https:\/\/vanderloubet.com.br\/deputado\/","logo":{"@type":"ImageObject","inLanguage":"pt-BR","@id":"https:\/\/vanderloubet.com.br\/deputado\/#\/schema\/logo\/image\/","url":"https:\/\/vanderloubet.com.br\/deputado\/wp-content\/uploads\/2023\/06\/foto-2023-06-19-mandato-deputado-vander.jpg","contentUrl":"https:\/\/vanderloubet.com.br\/deputado\/wp-content\/uploads\/2023\/06\/foto-2023-06-19-mandato-deputado-vander.jpg","width":1080,"height":1080,"caption":"Deputado Federal Vander Loubet"},"image":{"@id":"https:\/\/vanderloubet.com.br\/deputado\/#\/schema\/logo\/image\/"},"sameAs":["https:\/\/facebook.com\/deputadovander","https:\/\/x.com\/vanderloubet","https:\/\/instagram.com\/vanderloubet","https:\/\/youtube.com\/vanderloubet","https:\/\/tiktok.com\/@vanderloubetms"]},{"@type":"Person","@id":"https:\/\/vanderloubet.com.br\/deputado\/#\/schema\/person\/15b51bd564532a8a68d9dec1b8eb890e","name":"\u00c9der","image":{"@type":"ImageObject","inLanguage":"pt-BR","@id":"https:\/\/vanderloubet.com.br\/deputado\/wp-content\/litespeed\/avatar\/88ca4090d9d5ab1c9495f6ca03b68efa.jpg?ver=1777058957","url":"https:\/\/vanderloubet.com.br\/deputado\/wp-content\/litespeed\/avatar\/88ca4090d9d5ab1c9495f6ca03b68efa.jpg?ver=1777058957","contentUrl":"https:\/\/vanderloubet.com.br\/deputado\/wp-content\/litespeed\/avatar\/88ca4090d9d5ab1c9495f6ca03b68efa.jpg?ver=1777058957","caption":"\u00c9der"}}]}},"jetpack_featured_media_url":"https:\/\/vanderloubet.com.br\/deputado\/wp-content\/uploads\/2014\/02\/foto-2013-06-11-deputado-vander-loubet-plenario.jpg","jetpack_sharing_enabled":true,"_links":{"self":[{"href":"https:\/\/vanderloubet.com.br\/deputado\/wp-json\/wp\/v2\/posts\/7277","targetHints":{"allow":["GET"]}}],"collection":[{"href":"https:\/\/vanderloubet.com.br\/deputado\/wp-json\/wp\/v2\/posts"}],"about":[{"href":"https:\/\/vanderloubet.com.br\/deputado\/wp-json\/wp\/v2\/types\/post"}],"author":[{"embeddable":true,"href":"https:\/\/vanderloubet.com.br\/deputado\/wp-json\/wp\/v2\/users\/2"}],"replies":[{"embeddable":true,"href":"https:\/\/vanderloubet.com.br\/deputado\/wp-json\/wp\/v2\/comments?post=7277"}],"version-history":[{"count":0,"href":"https:\/\/vanderloubet.com.br\/deputado\/wp-json\/wp\/v2\/posts\/7277\/revisions"}],"wp:featuredmedia":[{"embeddable":true,"href":"https:\/\/vanderloubet.com.br\/deputado\/wp-json\/wp\/v2\/media\/7782"}],"wp:attachment":[{"href":"https:\/\/vanderloubet.com.br\/deputado\/wp-json\/wp\/v2\/media?parent=7277"}],"wp:term":[{"taxonomy":"category","embeddable":true,"href":"https:\/\/vanderloubet.com.br\/deputado\/wp-json\/wp\/v2\/categories?post=7277"},{"taxonomy":"post_tag","embeddable":true,"href":"https:\/\/vanderloubet.com.br\/deputado\/wp-json\/wp\/v2\/tags?post=7277"}],"curies":[{"name":"wp","href":"https:\/\/api.w.org\/{rel}","templated":true}]}}