{"id":7253,"date":"2014-01-30T13:47:20","date_gmt":"2014-01-30T16:47:20","guid":{"rendered":"http:\/\/www.deputadovander.com.br\/website\/?p=7253"},"modified":"2015-02-05T21:20:31","modified_gmt":"2015-02-06T00:20:31","slug":"vander-vai-a-amambai-assinar-ordem-de-servico-para-pavimentacao-e-drenagem","status":"publish","type":"post","link":"https:\/\/vanderloubet.com.br\/deputado\/vander-vai-a-amambai-assinar-ordem-de-servico-para-pavimentacao-e-drenagem\/","title":{"rendered":"Vander vai a Amambai assinar ordem de servi\u00e7o para pavimenta\u00e7\u00e3o e drenagem"},"content":{"rendered":"<figure id=\"attachment_7798\" aria-describedby=\"caption-attachment-7798\" style=\"width: 700px\" class=\"wp-caption alignnone\"><img decoding=\"async\" class=\"wp-image-7798 size-large\" title=\"Vereadores Luciney e Valter, durante visita a Vander em fevereiro de 2013\" src=\"http:\/\/vanderloubet.com.br\/deputado\/wp-content\/uploads\/2014\/01\/foto-2014-01-30-luciney-valter-vander-700x467.jpg\" alt=\"Vereadores Luciney e Valter, durante visita a Vander em fevereiro de 2013\" width=\"700\" height=\"467\" srcset=\"https:\/\/vanderloubet.com.br\/deputado\/wp-content\/uploads\/2014\/01\/foto-2014-01-30-luciney-valter-vander-700x467.jpg 700w, https:\/\/vanderloubet.com.br\/deputado\/wp-content\/uploads\/2014\/01\/foto-2014-01-30-luciney-valter-vander-350x233.jpg 350w, https:\/\/vanderloubet.com.br\/deputado\/wp-content\/uploads\/2014\/01\/foto-2014-01-30-luciney-valter-vander-768x512.jpg 768w, https:\/\/vanderloubet.com.br\/deputado\/wp-content\/uploads\/2014\/01\/foto-2014-01-30-luciney-valter-vander-630x420.jpg 630w, https:\/\/vanderloubet.com.br\/deputado\/wp-content\/uploads\/2014\/01\/foto-2014-01-30-luciney-valter-vander-696x464.jpg 696w, https:\/\/vanderloubet.com.br\/deputado\/wp-content\/uploads\/2014\/01\/foto-2014-01-30-luciney-valter-vander-1068x712.jpg 1068w, https:\/\/vanderloubet.com.br\/deputado\/wp-content\/uploads\/2014\/01\/foto-2014-01-30-luciney-valter-vander.jpg 1200w\" sizes=\"(max-width: 700px) 100vw, 700px\" \/><figcaption id=\"caption-attachment-7798\" class=\"wp-caption-text\">Vereadores Luciney e Valter, durante visita a Vander em fevereiro de 2013<\/figcaption><\/figure>\n<p>O deputado federal Vander Loubet (PT) estar\u00e1 em Amambai nesta sexta-feira (31) para assinar, junto com o prefeito S\u00e9rgio Barbosa (PMDB), a ordem de servi\u00e7o para obras de pavimenta\u00e7\u00e3o asf\u00e1ltica e drenagem em 11 quadras do munic\u00edpio.<\/p>\n<p>Os recursos para a a\u00e7\u00e3o, no valor de R$ 1 milh\u00e3o, foram viabilizados pelo parlamentar por meio de emenda junto ao Minist\u00e9rio da Integra\u00e7\u00e3o Nacional ap\u00f3s solicita\u00e7\u00e3o dos vereadores Luciney Bampi (PV) e Valter Brito (PSD).<\/p>\n<p>De acordo com Barbosa, a pavimenta\u00e7\u00e3o vai beneficiar os moradores de tr\u00eas vilas da cidade: S\u00e3o Francisco, Martins e Indiana. O ato de assinatura da ordem de servi\u00e7o est\u00e1 marcado para as 16 horas, na Escola Municipal Ayrton Senna da Silva, que tamb\u00e9m ser\u00e1 beneficiada com acesso pavimentado.<\/p>\n<p><em>(Fonte: A Gazeta News)<\/em><\/p>\n","protected":false},"excerpt":{"rendered":"<p>Emenda parlamentar de R$ 1 milh\u00e3o foi viabilizada pelo deputado ap\u00f3s solicita\u00e7\u00e3o dos vereadores Luciney Bampi e Valter Brito,<\/p>\n","protected":false},"author":2,"featured_media":7798,"comment_status":"closed","ping_status":"open","sticky":false,"template":"","format":"standard","meta":{"jetpack_post_was_ever_published":false,"_jetpack_newsletter_access":"","_jetpack_dont_email_post_to_subs":false,"_jetpack_newsletter_tier_id":0,"_jetpack_memberships_contains_paywalled_content":false,"_jetpack_memberships_contains_paid_content":false,"footnotes":""},"categories":[2097,10],"tags":[114,2127,1028],"class_list":{"0":"post-7253","1":"post","2":"type-post","3":"status-publish","4":"format-standard","5":"has-post-thumbnail","7":"category-municipios-noticias","8":"category-noticias","9":"tag-amambai","10":"tag-emenda-parlamentar","11":"tag-infraestrutura"},"yoast_head":"<!-- This site is optimized with the Yoast SEO plugin v27.4 - https:\/\/yoast.com\/product\/yoast-seo-wordpress\/ -->\n<title>Vander vai a Amambai assinar ordem de servi\u00e7o para pavimenta\u00e7\u00e3o e drenagem<\/title>\n<meta name=\"robots\" content=\"index, follow, max-snippet:-1, max-image-preview:large, max-video-preview:-1\" \/>\n<link rel=\"canonical\" href=\"https:\/\/vanderloubet.com.br\/deputado\/vander-vai-a-amambai-assinar-ordem-de-servico-para-pavimentacao-e-drenagem\/\" \/>\n<meta property=\"og:locale\" content=\"pt_BR\" \/>\n<meta property=\"og:type\" content=\"article\" \/>\n<meta property=\"og:title\" content=\"Vander vai a Amambai assinar ordem de servi\u00e7o para pavimenta\u00e7\u00e3o e drenagem\" \/>\n<meta property=\"og:description\" content=\"Emenda parlamentar de R$ 1 milh\u00e3o foi viabilizada pelo deputado ap\u00f3s solicita\u00e7\u00e3o dos vereadores Luciney Bampi e Valter Brito,\" \/>\n<meta property=\"og:url\" content=\"https:\/\/vanderloubet.com.br\/deputado\/vander-vai-a-amambai-assinar-ordem-de-servico-para-pavimentacao-e-drenagem\/\" \/>\n<meta property=\"og:site_name\" content=\"Deputado Federal Vander Loubet\" \/>\n<meta property=\"article:publisher\" content=\"https:\/\/facebook.com\/deputadovander\" \/>\n<meta property=\"article:published_time\" content=\"2014-01-30T16:47:20+00:00\" \/>\n<meta property=\"article:modified_time\" content=\"2015-02-06T00:20:31+00:00\" \/>\n<meta property=\"og:image\" content=\"https:\/\/vanderloubet.com.br\/deputado\/wp-content\/uploads\/2014\/01\/foto-2014-01-30-luciney-valter-vander.jpg\" \/>\n\t<meta property=\"og:image:width\" content=\"1200\" \/>\n\t<meta property=\"og:image:height\" content=\"800\" \/>\n\t<meta property=\"og:image:type\" content=\"image\/jpeg\" \/>\n<meta name=\"author\" content=\"\u00c9der\" \/>\n<meta name=\"twitter:card\" content=\"summary_large_image\" \/>\n<meta name=\"twitter:creator\" content=\"@vanderloubet\" \/>\n<meta name=\"twitter:site\" content=\"@vanderloubet\" \/>\n<script type=\"application\/ld+json\" class=\"yoast-schema-graph\">{\"@context\":\"https:\\\/\\\/schema.org\",\"@graph\":[{\"@type\":\"Article\",\"@id\":\"https:\\\/\\\/vanderloubet.com.br\\\/deputado\\\/vander-vai-a-amambai-assinar-ordem-de-servico-para-pavimentacao-e-drenagem\\\/#article\",\"isPartOf\":{\"@id\":\"https:\\\/\\\/vanderloubet.com.br\\\/deputado\\\/vander-vai-a-amambai-assinar-ordem-de-servico-para-pavimentacao-e-drenagem\\\/\"},\"author\":{\"name\":\"\u00c9der\",\"@id\":\"https:\\\/\\\/vanderloubet.com.br\\\/deputado\\\/#\\\/schema\\\/person\\\/15b51bd564532a8a68d9dec1b8eb890e\"},\"headline\":\"Vander vai a Amambai assinar ordem de servi\u00e7o para pavimenta\u00e7\u00e3o e drenagem\",\"datePublished\":\"2014-01-30T16:47:20+00:00\",\"dateModified\":\"2015-02-06T00:20:31+00:00\",\"mainEntityOfPage\":{\"@id\":\"https:\\\/\\\/vanderloubet.com.br\\\/deputado\\\/vander-vai-a-amambai-assinar-ordem-de-servico-para-pavimentacao-e-drenagem\\\/\"},\"wordCount\":169,\"publisher\":{\"@id\":\"https:\\\/\\\/vanderloubet.com.br\\\/deputado\\\/#organization\"},\"image\":{\"@id\":\"https:\\\/\\\/vanderloubet.com.br\\\/deputado\\\/vander-vai-a-amambai-assinar-ordem-de-servico-para-pavimentacao-e-drenagem\\\/#primaryimage\"},\"thumbnailUrl\":\"https:\\\/\\\/vanderloubet.com.br\\\/deputado\\\/wp-content\\\/uploads\\\/2014\\\/01\\\/foto-2014-01-30-luciney-valter-vander.jpg\",\"keywords\":[\"amambai\",\"emenda parlamentar\",\"infraestrutura\"],\"articleSection\":[\"Munic\u00edpios\",\"Not\u00edcias\"],\"inLanguage\":\"pt-BR\"},{\"@type\":\"WebPage\",\"@id\":\"https:\\\/\\\/vanderloubet.com.br\\\/deputado\\\/vander-vai-a-amambai-assinar-ordem-de-servico-para-pavimentacao-e-drenagem\\\/\",\"url\":\"https:\\\/\\\/vanderloubet.com.br\\\/deputado\\\/vander-vai-a-amambai-assinar-ordem-de-servico-para-pavimentacao-e-drenagem\\\/\",\"name\":\"Vander vai a Amambai assinar ordem de servi\u00e7o para pavimenta\u00e7\u00e3o e drenagem\",\"isPartOf\":{\"@id\":\"https:\\\/\\\/vanderloubet.com.br\\\/deputado\\\/#website\"},\"primaryImageOfPage\":{\"@id\":\"https:\\\/\\\/vanderloubet.com.br\\\/deputado\\\/vander-vai-a-amambai-assinar-ordem-de-servico-para-pavimentacao-e-drenagem\\\/#primaryimage\"},\"image\":{\"@id\":\"https:\\\/\\\/vanderloubet.com.br\\\/deputado\\\/vander-vai-a-amambai-assinar-ordem-de-servico-para-pavimentacao-e-drenagem\\\/#primaryimage\"},\"thumbnailUrl\":\"https:\\\/\\\/vanderloubet.com.br\\\/deputado\\\/wp-content\\\/uploads\\\/2014\\\/01\\\/foto-2014-01-30-luciney-valter-vander.jpg\",\"datePublished\":\"2014-01-30T16:47:20+00:00\",\"dateModified\":\"2015-02-06T00:20:31+00:00\",\"breadcrumb\":{\"@id\":\"https:\\\/\\\/vanderloubet.com.br\\\/deputado\\\/vander-vai-a-amambai-assinar-ordem-de-servico-para-pavimentacao-e-drenagem\\\/#breadcrumb\"},\"inLanguage\":\"pt-BR\",\"potentialAction\":[{\"@type\":\"ReadAction\",\"target\":[\"https:\\\/\\\/vanderloubet.com.br\\\/deputado\\\/vander-vai-a-amambai-assinar-ordem-de-servico-para-pavimentacao-e-drenagem\\\/\"]}]},{\"@type\":\"ImageObject\",\"inLanguage\":\"pt-BR\",\"@id\":\"https:\\\/\\\/vanderloubet.com.br\\\/deputado\\\/vander-vai-a-amambai-assinar-ordem-de-servico-para-pavimentacao-e-drenagem\\\/#primaryimage\",\"url\":\"https:\\\/\\\/vanderloubet.com.br\\\/deputado\\\/wp-content\\\/uploads\\\/2014\\\/01\\\/foto-2014-01-30-luciney-valter-vander.jpg\",\"contentUrl\":\"https:\\\/\\\/vanderloubet.com.br\\\/deputado\\\/wp-content\\\/uploads\\\/2014\\\/01\\\/foto-2014-01-30-luciney-valter-vander.jpg\",\"width\":1200,\"height\":800,\"caption\":\"Vereadores Luciney e Valter, durante visita a Vander em fevereiro de 2013\"},{\"@type\":\"BreadcrumbList\",\"@id\":\"https:\\\/\\\/vanderloubet.com.br\\\/deputado\\\/vander-vai-a-amambai-assinar-ordem-de-servico-para-pavimentacao-e-drenagem\\\/#breadcrumb\",\"itemListElement\":[{\"@type\":\"ListItem\",\"position\":1,\"name\":\"In\u00edcio\",\"item\":\"https:\\\/\\\/vanderloubet.com.br\\\/deputado\\\/\"},{\"@type\":\"ListItem\",\"position\":2,\"name\":\"Vander vai a Amambai assinar ordem de servi\u00e7o para pavimenta\u00e7\u00e3o e drenagem\"}]},{\"@type\":\"WebSite\",\"@id\":\"https:\\\/\\\/vanderloubet.com.br\\\/deputado\\\/#website\",\"url\":\"https:\\\/\\\/vanderloubet.com.br\\\/deputado\\\/\",\"name\":\"Deputado Federal Vander Loubet\",\"description\":\"O Federal de MS\",\"publisher\":{\"@id\":\"https:\\\/\\\/vanderloubet.com.br\\\/deputado\\\/#organization\"},\"alternateName\":\"Deputado Vander\",\"potentialAction\":[{\"@type\":\"SearchAction\",\"target\":{\"@type\":\"EntryPoint\",\"urlTemplate\":\"https:\\\/\\\/vanderloubet.com.br\\\/deputado\\\/?s={search_term_string}\"},\"query-input\":{\"@type\":\"PropertyValueSpecification\",\"valueRequired\":true,\"valueName\":\"search_term_string\"}}],\"inLanguage\":\"pt-BR\"},{\"@type\":\"Organization\",\"@id\":\"https:\\\/\\\/vanderloubet.com.br\\\/deputado\\\/#organization\",\"name\":\"Deputado Federal Vander Loubet\",\"alternateName\":\"Deputado Vander\",\"url\":\"https:\\\/\\\/vanderloubet.com.br\\\/deputado\\\/\",\"logo\":{\"@type\":\"ImageObject\",\"inLanguage\":\"pt-BR\",\"@id\":\"https:\\\/\\\/vanderloubet.com.br\\\/deputado\\\/#\\\/schema\\\/logo\\\/image\\\/\",\"url\":\"https:\\\/\\\/vanderloubet.com.br\\\/deputado\\\/wp-content\\\/uploads\\\/2023\\\/06\\\/foto-2023-06-19-mandato-deputado-vander.jpg\",\"contentUrl\":\"https:\\\/\\\/vanderloubet.com.br\\\/deputado\\\/wp-content\\\/uploads\\\/2023\\\/06\\\/foto-2023-06-19-mandato-deputado-vander.jpg\",\"width\":1080,\"height\":1080,\"caption\":\"Deputado Federal Vander Loubet\"},\"image\":{\"@id\":\"https:\\\/\\\/vanderloubet.com.br\\\/deputado\\\/#\\\/schema\\\/logo\\\/image\\\/\"},\"sameAs\":[\"https:\\\/\\\/facebook.com\\\/deputadovander\",\"https:\\\/\\\/x.com\\\/vanderloubet\",\"https:\\\/\\\/instagram.com\\\/vanderloubet\",\"https:\\\/\\\/youtube.com\\\/vanderloubet\",\"https:\\\/\\\/tiktok.com\\\/@vanderloubetms\"]},{\"@type\":\"Person\",\"@id\":\"https:\\\/\\\/vanderloubet.com.br\\\/deputado\\\/#\\\/schema\\\/person\\\/15b51bd564532a8a68d9dec1b8eb890e\",\"name\":\"\u00c9der\",\"image\":{\"@type\":\"ImageObject\",\"inLanguage\":\"pt-BR\",\"@id\":\"https:\\\/\\\/vanderloubet.com.br\\\/deputado\\\/wp-content\\\/litespeed\\\/avatar\\\/88ca4090d9d5ab1c9495f6ca03b68efa.jpg?ver=1777058957\",\"url\":\"https:\\\/\\\/vanderloubet.com.br\\\/deputado\\\/wp-content\\\/litespeed\\\/avatar\\\/88ca4090d9d5ab1c9495f6ca03b68efa.jpg?ver=1777058957\",\"contentUrl\":\"https:\\\/\\\/vanderloubet.com.br\\\/deputado\\\/wp-content\\\/litespeed\\\/avatar\\\/88ca4090d9d5ab1c9495f6ca03b68efa.jpg?ver=1777058957\",\"caption\":\"\u00c9der\"}}]}<\/script>\n<!-- \/ Yoast SEO plugin. -->","yoast_head_json":{"title":"Vander vai a Amambai assinar ordem de servi\u00e7o para pavimenta\u00e7\u00e3o e drenagem","robots":{"index":"index","follow":"follow","max-snippet":"max-snippet:-1","max-image-preview":"max-image-preview:large","max-video-preview":"max-video-preview:-1"},"canonical":"https:\/\/vanderloubet.com.br\/deputado\/vander-vai-a-amambai-assinar-ordem-de-servico-para-pavimentacao-e-drenagem\/","og_locale":"pt_BR","og_type":"article","og_title":"Vander vai a Amambai assinar ordem de servi\u00e7o para pavimenta\u00e7\u00e3o e drenagem","og_description":"Emenda parlamentar de R$ 1 milh\u00e3o foi viabilizada pelo deputado ap\u00f3s solicita\u00e7\u00e3o dos vereadores Luciney Bampi e Valter Brito,","og_url":"https:\/\/vanderloubet.com.br\/deputado\/vander-vai-a-amambai-assinar-ordem-de-servico-para-pavimentacao-e-drenagem\/","og_site_name":"Deputado Federal Vander Loubet","article_publisher":"https:\/\/facebook.com\/deputadovander","article_published_time":"2014-01-30T16:47:20+00:00","article_modified_time":"2015-02-06T00:20:31+00:00","og_image":[{"width":1200,"height":800,"url":"https:\/\/vanderloubet.com.br\/deputado\/wp-content\/uploads\/2014\/01\/foto-2014-01-30-luciney-valter-vander.jpg","type":"image\/jpeg"}],"author":"\u00c9der","twitter_card":"summary_large_image","twitter_creator":"@vanderloubet","twitter_site":"@vanderloubet","schema":{"@context":"https:\/\/schema.org","@graph":[{"@type":"Article","@id":"https:\/\/vanderloubet.com.br\/deputado\/vander-vai-a-amambai-assinar-ordem-de-servico-para-pavimentacao-e-drenagem\/#article","isPartOf":{"@id":"https:\/\/vanderloubet.com.br\/deputado\/vander-vai-a-amambai-assinar-ordem-de-servico-para-pavimentacao-e-drenagem\/"},"author":{"name":"\u00c9der","@id":"https:\/\/vanderloubet.com.br\/deputado\/#\/schema\/person\/15b51bd564532a8a68d9dec1b8eb890e"},"headline":"Vander vai a Amambai assinar ordem de servi\u00e7o para pavimenta\u00e7\u00e3o e drenagem","datePublished":"2014-01-30T16:47:20+00:00","dateModified":"2015-02-06T00:20:31+00:00","mainEntityOfPage":{"@id":"https:\/\/vanderloubet.com.br\/deputado\/vander-vai-a-amambai-assinar-ordem-de-servico-para-pavimentacao-e-drenagem\/"},"wordCount":169,"publisher":{"@id":"https:\/\/vanderloubet.com.br\/deputado\/#organization"},"image":{"@id":"https:\/\/vanderloubet.com.br\/deputado\/vander-vai-a-amambai-assinar-ordem-de-servico-para-pavimentacao-e-drenagem\/#primaryimage"},"thumbnailUrl":"https:\/\/vanderloubet.com.br\/deputado\/wp-content\/uploads\/2014\/01\/foto-2014-01-30-luciney-valter-vander.jpg","keywords":["amambai","emenda parlamentar","infraestrutura"],"articleSection":["Munic\u00edpios","Not\u00edcias"],"inLanguage":"pt-BR"},{"@type":"WebPage","@id":"https:\/\/vanderloubet.com.br\/deputado\/vander-vai-a-amambai-assinar-ordem-de-servico-para-pavimentacao-e-drenagem\/","url":"https:\/\/vanderloubet.com.br\/deputado\/vander-vai-a-amambai-assinar-ordem-de-servico-para-pavimentacao-e-drenagem\/","name":"Vander vai a Amambai assinar ordem de servi\u00e7o para pavimenta\u00e7\u00e3o e drenagem","isPartOf":{"@id":"https:\/\/vanderloubet.com.br\/deputado\/#website"},"primaryImageOfPage":{"@id":"https:\/\/vanderloubet.com.br\/deputado\/vander-vai-a-amambai-assinar-ordem-de-servico-para-pavimentacao-e-drenagem\/#primaryimage"},"image":{"@id":"https:\/\/vanderloubet.com.br\/deputado\/vander-vai-a-amambai-assinar-ordem-de-servico-para-pavimentacao-e-drenagem\/#primaryimage"},"thumbnailUrl":"https:\/\/vanderloubet.com.br\/deputado\/wp-content\/uploads\/2014\/01\/foto-2014-01-30-luciney-valter-vander.jpg","datePublished":"2014-01-30T16:47:20+00:00","dateModified":"2015-02-06T00:20:31+00:00","breadcrumb":{"@id":"https:\/\/vanderloubet.com.br\/deputado\/vander-vai-a-amambai-assinar-ordem-de-servico-para-pavimentacao-e-drenagem\/#breadcrumb"},"inLanguage":"pt-BR","potentialAction":[{"@type":"ReadAction","target":["https:\/\/vanderloubet.com.br\/deputado\/vander-vai-a-amambai-assinar-ordem-de-servico-para-pavimentacao-e-drenagem\/"]}]},{"@type":"ImageObject","inLanguage":"pt-BR","@id":"https:\/\/vanderloubet.com.br\/deputado\/vander-vai-a-amambai-assinar-ordem-de-servico-para-pavimentacao-e-drenagem\/#primaryimage","url":"https:\/\/vanderloubet.com.br\/deputado\/wp-content\/uploads\/2014\/01\/foto-2014-01-30-luciney-valter-vander.jpg","contentUrl":"https:\/\/vanderloubet.com.br\/deputado\/wp-content\/uploads\/2014\/01\/foto-2014-01-30-luciney-valter-vander.jpg","width":1200,"height":800,"caption":"Vereadores Luciney e Valter, durante visita a Vander em fevereiro de 2013"},{"@type":"BreadcrumbList","@id":"https:\/\/vanderloubet.com.br\/deputado\/vander-vai-a-amambai-assinar-ordem-de-servico-para-pavimentacao-e-drenagem\/#breadcrumb","itemListElement":[{"@type":"ListItem","position":1,"name":"In\u00edcio","item":"https:\/\/vanderloubet.com.br\/deputado\/"},{"@type":"ListItem","position":2,"name":"Vander vai a Amambai assinar ordem de servi\u00e7o para pavimenta\u00e7\u00e3o e drenagem"}]},{"@type":"WebSite","@id":"https:\/\/vanderloubet.com.br\/deputado\/#website","url":"https:\/\/vanderloubet.com.br\/deputado\/","name":"Deputado Federal Vander Loubet","description":"O Federal de MS","publisher":{"@id":"https:\/\/vanderloubet.com.br\/deputado\/#organization"},"alternateName":"Deputado Vander","potentialAction":[{"@type":"SearchAction","target":{"@type":"EntryPoint","urlTemplate":"https:\/\/vanderloubet.com.br\/deputado\/?s={search_term_string}"},"query-input":{"@type":"PropertyValueSpecification","valueRequired":true,"valueName":"search_term_string"}}],"inLanguage":"pt-BR"},{"@type":"Organization","@id":"https:\/\/vanderloubet.com.br\/deputado\/#organization","name":"Deputado Federal Vander Loubet","alternateName":"Deputado Vander","url":"https:\/\/vanderloubet.com.br\/deputado\/","logo":{"@type":"ImageObject","inLanguage":"pt-BR","@id":"https:\/\/vanderloubet.com.br\/deputado\/#\/schema\/logo\/image\/","url":"https:\/\/vanderloubet.com.br\/deputado\/wp-content\/uploads\/2023\/06\/foto-2023-06-19-mandato-deputado-vander.jpg","contentUrl":"https:\/\/vanderloubet.com.br\/deputado\/wp-content\/uploads\/2023\/06\/foto-2023-06-19-mandato-deputado-vander.jpg","width":1080,"height":1080,"caption":"Deputado Federal Vander Loubet"},"image":{"@id":"https:\/\/vanderloubet.com.br\/deputado\/#\/schema\/logo\/image\/"},"sameAs":["https:\/\/facebook.com\/deputadovander","https:\/\/x.com\/vanderloubet","https:\/\/instagram.com\/vanderloubet","https:\/\/youtube.com\/vanderloubet","https:\/\/tiktok.com\/@vanderloubetms"]},{"@type":"Person","@id":"https:\/\/vanderloubet.com.br\/deputado\/#\/schema\/person\/15b51bd564532a8a68d9dec1b8eb890e","name":"\u00c9der","image":{"@type":"ImageObject","inLanguage":"pt-BR","@id":"https:\/\/vanderloubet.com.br\/deputado\/wp-content\/litespeed\/avatar\/88ca4090d9d5ab1c9495f6ca03b68efa.jpg?ver=1777058957","url":"https:\/\/vanderloubet.com.br\/deputado\/wp-content\/litespeed\/avatar\/88ca4090d9d5ab1c9495f6ca03b68efa.jpg?ver=1777058957","contentUrl":"https:\/\/vanderloubet.com.br\/deputado\/wp-content\/litespeed\/avatar\/88ca4090d9d5ab1c9495f6ca03b68efa.jpg?ver=1777058957","caption":"\u00c9der"}}]}},"jetpack_featured_media_url":"https:\/\/vanderloubet.com.br\/deputado\/wp-content\/uploads\/2014\/01\/foto-2014-01-30-luciney-valter-vander.jpg","jetpack_sharing_enabled":true,"_links":{"self":[{"href":"https:\/\/vanderloubet.com.br\/deputado\/wp-json\/wp\/v2\/posts\/7253","targetHints":{"allow":["GET"]}}],"collection":[{"href":"https:\/\/vanderloubet.com.br\/deputado\/wp-json\/wp\/v2\/posts"}],"about":[{"href":"https:\/\/vanderloubet.com.br\/deputado\/wp-json\/wp\/v2\/types\/post"}],"author":[{"embeddable":true,"href":"https:\/\/vanderloubet.com.br\/deputado\/wp-json\/wp\/v2\/users\/2"}],"replies":[{"embeddable":true,"href":"https:\/\/vanderloubet.com.br\/deputado\/wp-json\/wp\/v2\/comments?post=7253"}],"version-history":[{"count":0,"href":"https:\/\/vanderloubet.com.br\/deputado\/wp-json\/wp\/v2\/posts\/7253\/revisions"}],"wp:featuredmedia":[{"embeddable":true,"href":"https:\/\/vanderloubet.com.br\/deputado\/wp-json\/wp\/v2\/media\/7798"}],"wp:attachment":[{"href":"https:\/\/vanderloubet.com.br\/deputado\/wp-json\/wp\/v2\/media?parent=7253"}],"wp:term":[{"taxonomy":"category","embeddable":true,"href":"https:\/\/vanderloubet.com.br\/deputado\/wp-json\/wp\/v2\/categories?post=7253"},{"taxonomy":"post_tag","embeddable":true,"href":"https:\/\/vanderloubet.com.br\/deputado\/wp-json\/wp\/v2\/tags?post=7253"}],"curies":[{"name":"wp","href":"https:\/\/api.w.org\/{rel}","templated":true}]}}