{"id":7183,"date":"2013-12-20T17:36:08","date_gmt":"2013-12-20T21:36:08","guid":{"rendered":"http:\/\/www.deputadovander.com.br\/website\/?p=7183"},"modified":"2015-02-05T21:39:50","modified_gmt":"2015-02-06T00:39:50","slug":"incra-assenta-171-familias-na-fazenda-nazare-em-sidrolandia","status":"publish","type":"post","link":"https:\/\/vanderloubet.com.br\/deputado\/incra-assenta-171-familias-na-fazenda-nazare-em-sidrolandia\/","title":{"rendered":"Apos quatro anos de luta, Incra assenta 171 fam\u00edlias na Fazenda Nazar\u00e9 em Sidrol\u00e2ndia"},"content":{"rendered":"<figure id=\"attachment_8229\" aria-describedby=\"caption-attachment-8229\" style=\"width: 700px\" class=\"wp-caption alignnone\"><img decoding=\"async\" class=\"wp-image-8229 size-large\" title=\"Vander e dirigentes do MST comemoraram assentamento das 171 fam\u00edlias\" src=\"http:\/\/vanderloubet.com.br\/deputado\/wp-content\/uploads\/2013\/12\/foto-2013-12-20-vander-dirigentes-mst-700x525.jpg\" alt=\"Vander e dirigentes do MST comemoraram assentamento das 171 fam\u00edlias\" width=\"700\" height=\"525\" srcset=\"https:\/\/vanderloubet.com.br\/deputado\/wp-content\/uploads\/2013\/12\/foto-2013-12-20-vander-dirigentes-mst-700x525.jpg 700w, https:\/\/vanderloubet.com.br\/deputado\/wp-content\/uploads\/2013\/12\/foto-2013-12-20-vander-dirigentes-mst-350x263.jpg 350w, https:\/\/vanderloubet.com.br\/deputado\/wp-content\/uploads\/2013\/12\/foto-2013-12-20-vander-dirigentes-mst-768x576.jpg 768w, https:\/\/vanderloubet.com.br\/deputado\/wp-content\/uploads\/2013\/12\/foto-2013-12-20-vander-dirigentes-mst-560x420.jpg 560w, https:\/\/vanderloubet.com.br\/deputado\/wp-content\/uploads\/2013\/12\/foto-2013-12-20-vander-dirigentes-mst-80x60.jpg 80w, https:\/\/vanderloubet.com.br\/deputado\/wp-content\/uploads\/2013\/12\/foto-2013-12-20-vander-dirigentes-mst-696x522.jpg 696w, https:\/\/vanderloubet.com.br\/deputado\/wp-content\/uploads\/2013\/12\/foto-2013-12-20-vander-dirigentes-mst-265x198.jpg 265w, https:\/\/vanderloubet.com.br\/deputado\/wp-content\/uploads\/2013\/12\/foto-2013-12-20-vander-dirigentes-mst.jpg 900w\" sizes=\"(max-width: 700px) 100vw, 700px\" \/><figcaption id=\"caption-attachment-8229\" class=\"wp-caption-text\">Vander e dirigentes do MST comemoraram assentamento das 171 fam\u00edlias<\/figcaption><\/figure>\n<p>Nesta sexta-feira (20), centenas de trabalhadores sem terra participaram do ato de entrega da Fazenda Nazar\u00e9, localizada no munic\u00edpio de Sidrol\u00e2ndia, em Mato Grosso do Sul, onde ser\u00e3o assentadas 171 fam\u00edlias. Ap\u00f3s quatro anos de luta, a \u00e1rea de 2,4 hectares foi desapropriada pelo Instituto Nacional de Coloniza\u00e7\u00e3o e Reforma Agr\u00e1ria (Incra) no dia 7 de julho deste ano.<\/p>\n<p>A atividade foi organizada pelo Movimento dos Trabalhadores Sem Terra (MST) e pela Central \u00danica dos Trabalhadores Rurais (CUT Rural) e contou com a presen\u00e7a do superintendente do Incra em MS, Celso Cestari, e do deputado federal Vander Loubet (PT-MS).<\/p>\n<p>De acordo com Jonas Carlos da Concei\u00e7\u00e3o, dirigente do MST, a entrega dos lotes foi um momento muito aguardado pelas fam\u00edlias, acampadas \u00e0 margem da BR-163 h\u00e1 cerca de quatro anos. &#8220;\u00c9 hora de entrar na nossa terra, momento de emo\u00e7\u00e3o e vit\u00f3ria para todas as 171 fam\u00edlias que aguardavam ansiosamente este momento. Foram muitas lutas nestes anos e o assentamento nesta \u00e1rea significa a reabertura da Reforma Agr\u00e1ria em Mato Grosso do Sul, que estava estagnada h\u00e1 anos&#8221;.<\/p>\n<p>J\u00e1 o deputado Vander parabenizou o Incra e destacou que o \u00f3rg\u00e3o deve seguir firme na retomada da Reforma Agr\u00e1ria em Mato Grosso do Sul. &#8220;O Incra cumpre um papel muito importante no combate \u00e0 desigualdade no campo. Espero que esse ato marque o in\u00edcio de uma nova etapa desse trabalho em nosso estado pois muitas fam\u00edlias de trabalhadores rurais ainda sonham com o seu peda\u00e7o de terra&#8221;.<\/p>\n<p><em>(\u00c9der Yanaguita &#8211; Ascom\/Deputado Vander, com informa\u00e7\u00f5es do Portal MST)<\/em><\/p>\n","protected":false},"excerpt":{"rendered":"<p>Ato que comemorou o assentamento contou com a presen\u00e7a do superintendente Celso Cestari e do deputado federal Vander Loubet.<\/p>\n","protected":false},"author":2,"featured_media":8229,"comment_status":"closed","ping_status":"open","sticky":false,"template":"","format":"standard","meta":{"jetpack_post_was_ever_published":false,"_jetpack_newsletter_access":"","_jetpack_dont_email_post_to_subs":false,"_jetpack_newsletter_tier_id":0,"_jetpack_memberships_contains_paywalled_content":false,"_jetpack_memberships_contains_paid_content":false,"footnotes":""},"categories":[2097,10],"tags":[2296,1844],"class_list":{"0":"post-7183","1":"post","2":"type-post","3":"status-publish","4":"format-standard","5":"has-post-thumbnail","7":"category-municipios-noticias","8":"category-noticias","9":"tag-reforma-agraria","10":"tag-sidrolandia"},"yoast_head":"<!-- This site is optimized with the Yoast SEO plugin v27.4 - https:\/\/yoast.com\/product\/yoast-seo-wordpress\/ -->\n<title>Apos quatro anos de luta, Incra assenta 171 fam\u00edlias na Fazenda Nazar\u00e9 em Sidrol\u00e2ndia<\/title>\n<meta name=\"robots\" content=\"index, follow, max-snippet:-1, max-image-preview:large, max-video-preview:-1\" \/>\n<link rel=\"canonical\" href=\"https:\/\/vanderloubet.com.br\/deputado\/incra-assenta-171-familias-na-fazenda-nazare-em-sidrolandia\/\" \/>\n<meta property=\"og:locale\" content=\"pt_BR\" \/>\n<meta property=\"og:type\" content=\"article\" \/>\n<meta property=\"og:title\" content=\"Apos quatro anos de luta, Incra assenta 171 fam\u00edlias na Fazenda Nazar\u00e9 em Sidrol\u00e2ndia\" \/>\n<meta property=\"og:description\" content=\"Ato que comemorou o assentamento contou com a presen\u00e7a do superintendente Celso Cestari e do deputado federal Vander Loubet.\" \/>\n<meta property=\"og:url\" content=\"https:\/\/vanderloubet.com.br\/deputado\/incra-assenta-171-familias-na-fazenda-nazare-em-sidrolandia\/\" \/>\n<meta property=\"og:site_name\" content=\"Deputado Federal Vander Loubet\" \/>\n<meta property=\"article:publisher\" content=\"https:\/\/facebook.com\/deputadovander\" \/>\n<meta property=\"article:published_time\" content=\"2013-12-20T21:36:08+00:00\" \/>\n<meta property=\"article:modified_time\" content=\"2015-02-06T00:39:50+00:00\" \/>\n<meta property=\"og:image\" content=\"https:\/\/vanderloubet.com.br\/deputado\/wp-content\/uploads\/2013\/12\/foto-2013-12-20-vander-dirigentes-mst.jpg\" \/>\n\t<meta property=\"og:image:width\" content=\"720\" \/>\n\t<meta property=\"og:image:height\" content=\"540\" \/>\n\t<meta property=\"og:image:type\" content=\"image\/jpeg\" \/>\n<meta name=\"author\" content=\"\u00c9der\" \/>\n<meta name=\"twitter:card\" content=\"summary_large_image\" \/>\n<meta name=\"twitter:creator\" content=\"@vanderloubet\" \/>\n<meta name=\"twitter:site\" content=\"@vanderloubet\" \/>\n<script type=\"application\/ld+json\" class=\"yoast-schema-graph\">{\"@context\":\"https:\\\/\\\/schema.org\",\"@graph\":[{\"@type\":\"Article\",\"@id\":\"https:\\\/\\\/vanderloubet.com.br\\\/deputado\\\/incra-assenta-171-familias-na-fazenda-nazare-em-sidrolandia\\\/#article\",\"isPartOf\":{\"@id\":\"https:\\\/\\\/vanderloubet.com.br\\\/deputado\\\/incra-assenta-171-familias-na-fazenda-nazare-em-sidrolandia\\\/\"},\"author\":{\"name\":\"\u00c9der\",\"@id\":\"https:\\\/\\\/vanderloubet.com.br\\\/deputado\\\/#\\\/schema\\\/person\\\/15b51bd564532a8a68d9dec1b8eb890e\"},\"headline\":\"Apos quatro anos de luta, Incra assenta 171 fam\u00edlias na Fazenda Nazar\u00e9 em Sidrol\u00e2ndia\",\"datePublished\":\"2013-12-20T21:36:08+00:00\",\"dateModified\":\"2015-02-06T00:39:50+00:00\",\"mainEntityOfPage\":{\"@id\":\"https:\\\/\\\/vanderloubet.com.br\\\/deputado\\\/incra-assenta-171-familias-na-fazenda-nazare-em-sidrolandia\\\/\"},\"wordCount\":301,\"publisher\":{\"@id\":\"https:\\\/\\\/vanderloubet.com.br\\\/deputado\\\/#organization\"},\"image\":{\"@id\":\"https:\\\/\\\/vanderloubet.com.br\\\/deputado\\\/incra-assenta-171-familias-na-fazenda-nazare-em-sidrolandia\\\/#primaryimage\"},\"thumbnailUrl\":\"https:\\\/\\\/vanderloubet.com.br\\\/deputado\\\/wp-content\\\/uploads\\\/2013\\\/12\\\/foto-2013-12-20-vander-dirigentes-mst.jpg\",\"keywords\":[\"reforma agr\u00e1ria\",\"sidrol\u00e2ndia\"],\"articleSection\":[\"Munic\u00edpios\",\"Not\u00edcias\"],\"inLanguage\":\"pt-BR\"},{\"@type\":\"WebPage\",\"@id\":\"https:\\\/\\\/vanderloubet.com.br\\\/deputado\\\/incra-assenta-171-familias-na-fazenda-nazare-em-sidrolandia\\\/\",\"url\":\"https:\\\/\\\/vanderloubet.com.br\\\/deputado\\\/incra-assenta-171-familias-na-fazenda-nazare-em-sidrolandia\\\/\",\"name\":\"Apos quatro anos de luta, Incra assenta 171 fam\u00edlias na Fazenda Nazar\u00e9 em Sidrol\u00e2ndia\",\"isPartOf\":{\"@id\":\"https:\\\/\\\/vanderloubet.com.br\\\/deputado\\\/#website\"},\"primaryImageOfPage\":{\"@id\":\"https:\\\/\\\/vanderloubet.com.br\\\/deputado\\\/incra-assenta-171-familias-na-fazenda-nazare-em-sidrolandia\\\/#primaryimage\"},\"image\":{\"@id\":\"https:\\\/\\\/vanderloubet.com.br\\\/deputado\\\/incra-assenta-171-familias-na-fazenda-nazare-em-sidrolandia\\\/#primaryimage\"},\"thumbnailUrl\":\"https:\\\/\\\/vanderloubet.com.br\\\/deputado\\\/wp-content\\\/uploads\\\/2013\\\/12\\\/foto-2013-12-20-vander-dirigentes-mst.jpg\",\"datePublished\":\"2013-12-20T21:36:08+00:00\",\"dateModified\":\"2015-02-06T00:39:50+00:00\",\"breadcrumb\":{\"@id\":\"https:\\\/\\\/vanderloubet.com.br\\\/deputado\\\/incra-assenta-171-familias-na-fazenda-nazare-em-sidrolandia\\\/#breadcrumb\"},\"inLanguage\":\"pt-BR\",\"potentialAction\":[{\"@type\":\"ReadAction\",\"target\":[\"https:\\\/\\\/vanderloubet.com.br\\\/deputado\\\/incra-assenta-171-familias-na-fazenda-nazare-em-sidrolandia\\\/\"]}]},{\"@type\":\"ImageObject\",\"inLanguage\":\"pt-BR\",\"@id\":\"https:\\\/\\\/vanderloubet.com.br\\\/deputado\\\/incra-assenta-171-familias-na-fazenda-nazare-em-sidrolandia\\\/#primaryimage\",\"url\":\"https:\\\/\\\/vanderloubet.com.br\\\/deputado\\\/wp-content\\\/uploads\\\/2013\\\/12\\\/foto-2013-12-20-vander-dirigentes-mst.jpg\",\"contentUrl\":\"https:\\\/\\\/vanderloubet.com.br\\\/deputado\\\/wp-content\\\/uploads\\\/2013\\\/12\\\/foto-2013-12-20-vander-dirigentes-mst.jpg\",\"width\":900,\"height\":675,\"caption\":\"Vander e dirigentes do MST comemoraram assentamento das 171 fam\u00edlias\"},{\"@type\":\"BreadcrumbList\",\"@id\":\"https:\\\/\\\/vanderloubet.com.br\\\/deputado\\\/incra-assenta-171-familias-na-fazenda-nazare-em-sidrolandia\\\/#breadcrumb\",\"itemListElement\":[{\"@type\":\"ListItem\",\"position\":1,\"name\":\"In\u00edcio\",\"item\":\"https:\\\/\\\/vanderloubet.com.br\\\/deputado\\\/\"},{\"@type\":\"ListItem\",\"position\":2,\"name\":\"Apos quatro anos de luta, Incra assenta 171 fam\u00edlias na Fazenda Nazar\u00e9 em Sidrol\u00e2ndia\"}]},{\"@type\":\"WebSite\",\"@id\":\"https:\\\/\\\/vanderloubet.com.br\\\/deputado\\\/#website\",\"url\":\"https:\\\/\\\/vanderloubet.com.br\\\/deputado\\\/\",\"name\":\"Deputado Federal Vander Loubet\",\"description\":\"O Federal de MS\",\"publisher\":{\"@id\":\"https:\\\/\\\/vanderloubet.com.br\\\/deputado\\\/#organization\"},\"alternateName\":\"Deputado Vander\",\"potentialAction\":[{\"@type\":\"SearchAction\",\"target\":{\"@type\":\"EntryPoint\",\"urlTemplate\":\"https:\\\/\\\/vanderloubet.com.br\\\/deputado\\\/?s={search_term_string}\"},\"query-input\":{\"@type\":\"PropertyValueSpecification\",\"valueRequired\":true,\"valueName\":\"search_term_string\"}}],\"inLanguage\":\"pt-BR\"},{\"@type\":\"Organization\",\"@id\":\"https:\\\/\\\/vanderloubet.com.br\\\/deputado\\\/#organization\",\"name\":\"Deputado Federal Vander Loubet\",\"alternateName\":\"Deputado Vander\",\"url\":\"https:\\\/\\\/vanderloubet.com.br\\\/deputado\\\/\",\"logo\":{\"@type\":\"ImageObject\",\"inLanguage\":\"pt-BR\",\"@id\":\"https:\\\/\\\/vanderloubet.com.br\\\/deputado\\\/#\\\/schema\\\/logo\\\/image\\\/\",\"url\":\"https:\\\/\\\/vanderloubet.com.br\\\/deputado\\\/wp-content\\\/uploads\\\/2023\\\/06\\\/foto-2023-06-19-mandato-deputado-vander.jpg\",\"contentUrl\":\"https:\\\/\\\/vanderloubet.com.br\\\/deputado\\\/wp-content\\\/uploads\\\/2023\\\/06\\\/foto-2023-06-19-mandato-deputado-vander.jpg\",\"width\":1080,\"height\":1080,\"caption\":\"Deputado Federal Vander Loubet\"},\"image\":{\"@id\":\"https:\\\/\\\/vanderloubet.com.br\\\/deputado\\\/#\\\/schema\\\/logo\\\/image\\\/\"},\"sameAs\":[\"https:\\\/\\\/facebook.com\\\/deputadovander\",\"https:\\\/\\\/x.com\\\/vanderloubet\",\"https:\\\/\\\/instagram.com\\\/vanderloubet\",\"https:\\\/\\\/youtube.com\\\/vanderloubet\",\"https:\\\/\\\/tiktok.com\\\/@vanderloubetms\"]},{\"@type\":\"Person\",\"@id\":\"https:\\\/\\\/vanderloubet.com.br\\\/deputado\\\/#\\\/schema\\\/person\\\/15b51bd564532a8a68d9dec1b8eb890e\",\"name\":\"\u00c9der\",\"image\":{\"@type\":\"ImageObject\",\"inLanguage\":\"pt-BR\",\"@id\":\"https:\\\/\\\/vanderloubet.com.br\\\/deputado\\\/wp-content\\\/litespeed\\\/avatar\\\/88ca4090d9d5ab1c9495f6ca03b68efa.jpg?ver=1777058957\",\"url\":\"https:\\\/\\\/vanderloubet.com.br\\\/deputado\\\/wp-content\\\/litespeed\\\/avatar\\\/88ca4090d9d5ab1c9495f6ca03b68efa.jpg?ver=1777058957\",\"contentUrl\":\"https:\\\/\\\/vanderloubet.com.br\\\/deputado\\\/wp-content\\\/litespeed\\\/avatar\\\/88ca4090d9d5ab1c9495f6ca03b68efa.jpg?ver=1777058957\",\"caption\":\"\u00c9der\"}}]}<\/script>\n<!-- \/ Yoast SEO plugin. -->","yoast_head_json":{"title":"Apos quatro anos de luta, Incra assenta 171 fam\u00edlias na Fazenda Nazar\u00e9 em Sidrol\u00e2ndia","robots":{"index":"index","follow":"follow","max-snippet":"max-snippet:-1","max-image-preview":"max-image-preview:large","max-video-preview":"max-video-preview:-1"},"canonical":"https:\/\/vanderloubet.com.br\/deputado\/incra-assenta-171-familias-na-fazenda-nazare-em-sidrolandia\/","og_locale":"pt_BR","og_type":"article","og_title":"Apos quatro anos de luta, Incra assenta 171 fam\u00edlias na Fazenda Nazar\u00e9 em Sidrol\u00e2ndia","og_description":"Ato que comemorou o assentamento contou com a presen\u00e7a do superintendente Celso Cestari e do deputado federal Vander Loubet.","og_url":"https:\/\/vanderloubet.com.br\/deputado\/incra-assenta-171-familias-na-fazenda-nazare-em-sidrolandia\/","og_site_name":"Deputado Federal Vander Loubet","article_publisher":"https:\/\/facebook.com\/deputadovander","article_published_time":"2013-12-20T21:36:08+00:00","article_modified_time":"2015-02-06T00:39:50+00:00","og_image":[{"width":720,"height":540,"url":"https:\/\/vanderloubet.com.br\/deputado\/wp-content\/uploads\/2013\/12\/foto-2013-12-20-vander-dirigentes-mst.jpg","type":"image\/jpeg"}],"author":"\u00c9der","twitter_card":"summary_large_image","twitter_creator":"@vanderloubet","twitter_site":"@vanderloubet","schema":{"@context":"https:\/\/schema.org","@graph":[{"@type":"Article","@id":"https:\/\/vanderloubet.com.br\/deputado\/incra-assenta-171-familias-na-fazenda-nazare-em-sidrolandia\/#article","isPartOf":{"@id":"https:\/\/vanderloubet.com.br\/deputado\/incra-assenta-171-familias-na-fazenda-nazare-em-sidrolandia\/"},"author":{"name":"\u00c9der","@id":"https:\/\/vanderloubet.com.br\/deputado\/#\/schema\/person\/15b51bd564532a8a68d9dec1b8eb890e"},"headline":"Apos quatro anos de luta, Incra assenta 171 fam\u00edlias na Fazenda Nazar\u00e9 em Sidrol\u00e2ndia","datePublished":"2013-12-20T21:36:08+00:00","dateModified":"2015-02-06T00:39:50+00:00","mainEntityOfPage":{"@id":"https:\/\/vanderloubet.com.br\/deputado\/incra-assenta-171-familias-na-fazenda-nazare-em-sidrolandia\/"},"wordCount":301,"publisher":{"@id":"https:\/\/vanderloubet.com.br\/deputado\/#organization"},"image":{"@id":"https:\/\/vanderloubet.com.br\/deputado\/incra-assenta-171-familias-na-fazenda-nazare-em-sidrolandia\/#primaryimage"},"thumbnailUrl":"https:\/\/vanderloubet.com.br\/deputado\/wp-content\/uploads\/2013\/12\/foto-2013-12-20-vander-dirigentes-mst.jpg","keywords":["reforma agr\u00e1ria","sidrol\u00e2ndia"],"articleSection":["Munic\u00edpios","Not\u00edcias"],"inLanguage":"pt-BR"},{"@type":"WebPage","@id":"https:\/\/vanderloubet.com.br\/deputado\/incra-assenta-171-familias-na-fazenda-nazare-em-sidrolandia\/","url":"https:\/\/vanderloubet.com.br\/deputado\/incra-assenta-171-familias-na-fazenda-nazare-em-sidrolandia\/","name":"Apos quatro anos de luta, Incra assenta 171 fam\u00edlias na Fazenda Nazar\u00e9 em Sidrol\u00e2ndia","isPartOf":{"@id":"https:\/\/vanderloubet.com.br\/deputado\/#website"},"primaryImageOfPage":{"@id":"https:\/\/vanderloubet.com.br\/deputado\/incra-assenta-171-familias-na-fazenda-nazare-em-sidrolandia\/#primaryimage"},"image":{"@id":"https:\/\/vanderloubet.com.br\/deputado\/incra-assenta-171-familias-na-fazenda-nazare-em-sidrolandia\/#primaryimage"},"thumbnailUrl":"https:\/\/vanderloubet.com.br\/deputado\/wp-content\/uploads\/2013\/12\/foto-2013-12-20-vander-dirigentes-mst.jpg","datePublished":"2013-12-20T21:36:08+00:00","dateModified":"2015-02-06T00:39:50+00:00","breadcrumb":{"@id":"https:\/\/vanderloubet.com.br\/deputado\/incra-assenta-171-familias-na-fazenda-nazare-em-sidrolandia\/#breadcrumb"},"inLanguage":"pt-BR","potentialAction":[{"@type":"ReadAction","target":["https:\/\/vanderloubet.com.br\/deputado\/incra-assenta-171-familias-na-fazenda-nazare-em-sidrolandia\/"]}]},{"@type":"ImageObject","inLanguage":"pt-BR","@id":"https:\/\/vanderloubet.com.br\/deputado\/incra-assenta-171-familias-na-fazenda-nazare-em-sidrolandia\/#primaryimage","url":"https:\/\/vanderloubet.com.br\/deputado\/wp-content\/uploads\/2013\/12\/foto-2013-12-20-vander-dirigentes-mst.jpg","contentUrl":"https:\/\/vanderloubet.com.br\/deputado\/wp-content\/uploads\/2013\/12\/foto-2013-12-20-vander-dirigentes-mst.jpg","width":900,"height":675,"caption":"Vander e dirigentes do MST comemoraram assentamento das 171 fam\u00edlias"},{"@type":"BreadcrumbList","@id":"https:\/\/vanderloubet.com.br\/deputado\/incra-assenta-171-familias-na-fazenda-nazare-em-sidrolandia\/#breadcrumb","itemListElement":[{"@type":"ListItem","position":1,"name":"In\u00edcio","item":"https:\/\/vanderloubet.com.br\/deputado\/"},{"@type":"ListItem","position":2,"name":"Apos quatro anos de luta, Incra assenta 171 fam\u00edlias na Fazenda Nazar\u00e9 em Sidrol\u00e2ndia"}]},{"@type":"WebSite","@id":"https:\/\/vanderloubet.com.br\/deputado\/#website","url":"https:\/\/vanderloubet.com.br\/deputado\/","name":"Deputado Federal Vander Loubet","description":"O Federal de MS","publisher":{"@id":"https:\/\/vanderloubet.com.br\/deputado\/#organization"},"alternateName":"Deputado Vander","potentialAction":[{"@type":"SearchAction","target":{"@type":"EntryPoint","urlTemplate":"https:\/\/vanderloubet.com.br\/deputado\/?s={search_term_string}"},"query-input":{"@type":"PropertyValueSpecification","valueRequired":true,"valueName":"search_term_string"}}],"inLanguage":"pt-BR"},{"@type":"Organization","@id":"https:\/\/vanderloubet.com.br\/deputado\/#organization","name":"Deputado Federal Vander Loubet","alternateName":"Deputado Vander","url":"https:\/\/vanderloubet.com.br\/deputado\/","logo":{"@type":"ImageObject","inLanguage":"pt-BR","@id":"https:\/\/vanderloubet.com.br\/deputado\/#\/schema\/logo\/image\/","url":"https:\/\/vanderloubet.com.br\/deputado\/wp-content\/uploads\/2023\/06\/foto-2023-06-19-mandato-deputado-vander.jpg","contentUrl":"https:\/\/vanderloubet.com.br\/deputado\/wp-content\/uploads\/2023\/06\/foto-2023-06-19-mandato-deputado-vander.jpg","width":1080,"height":1080,"caption":"Deputado Federal Vander Loubet"},"image":{"@id":"https:\/\/vanderloubet.com.br\/deputado\/#\/schema\/logo\/image\/"},"sameAs":["https:\/\/facebook.com\/deputadovander","https:\/\/x.com\/vanderloubet","https:\/\/instagram.com\/vanderloubet","https:\/\/youtube.com\/vanderloubet","https:\/\/tiktok.com\/@vanderloubetms"]},{"@type":"Person","@id":"https:\/\/vanderloubet.com.br\/deputado\/#\/schema\/person\/15b51bd564532a8a68d9dec1b8eb890e","name":"\u00c9der","image":{"@type":"ImageObject","inLanguage":"pt-BR","@id":"https:\/\/vanderloubet.com.br\/deputado\/wp-content\/litespeed\/avatar\/88ca4090d9d5ab1c9495f6ca03b68efa.jpg?ver=1777058957","url":"https:\/\/vanderloubet.com.br\/deputado\/wp-content\/litespeed\/avatar\/88ca4090d9d5ab1c9495f6ca03b68efa.jpg?ver=1777058957","contentUrl":"https:\/\/vanderloubet.com.br\/deputado\/wp-content\/litespeed\/avatar\/88ca4090d9d5ab1c9495f6ca03b68efa.jpg?ver=1777058957","caption":"\u00c9der"}}]}},"jetpack_featured_media_url":"https:\/\/vanderloubet.com.br\/deputado\/wp-content\/uploads\/2013\/12\/foto-2013-12-20-vander-dirigentes-mst.jpg","jetpack_sharing_enabled":true,"_links":{"self":[{"href":"https:\/\/vanderloubet.com.br\/deputado\/wp-json\/wp\/v2\/posts\/7183","targetHints":{"allow":["GET"]}}],"collection":[{"href":"https:\/\/vanderloubet.com.br\/deputado\/wp-json\/wp\/v2\/posts"}],"about":[{"href":"https:\/\/vanderloubet.com.br\/deputado\/wp-json\/wp\/v2\/types\/post"}],"author":[{"embeddable":true,"href":"https:\/\/vanderloubet.com.br\/deputado\/wp-json\/wp\/v2\/users\/2"}],"replies":[{"embeddable":true,"href":"https:\/\/vanderloubet.com.br\/deputado\/wp-json\/wp\/v2\/comments?post=7183"}],"version-history":[{"count":0,"href":"https:\/\/vanderloubet.com.br\/deputado\/wp-json\/wp\/v2\/posts\/7183\/revisions"}],"wp:featuredmedia":[{"embeddable":true,"href":"https:\/\/vanderloubet.com.br\/deputado\/wp-json\/wp\/v2\/media\/8229"}],"wp:attachment":[{"href":"https:\/\/vanderloubet.com.br\/deputado\/wp-json\/wp\/v2\/media?parent=7183"}],"wp:term":[{"taxonomy":"category","embeddable":true,"href":"https:\/\/vanderloubet.com.br\/deputado\/wp-json\/wp\/v2\/categories?post=7183"},{"taxonomy":"post_tag","embeddable":true,"href":"https:\/\/vanderloubet.com.br\/deputado\/wp-json\/wp\/v2\/tags?post=7183"}],"curies":[{"name":"wp","href":"https:\/\/api.w.org\/{rel}","templated":true}]}}