{"id":7178,"date":"2013-12-19T12:59:33","date_gmt":"2013-12-19T16:59:33","guid":{"rendered":"http:\/\/www.deputadovander.com.br\/website\/?p=7178"},"modified":"2015-02-06T00:02:52","modified_gmt":"2015-02-06T03:02:52","slug":"apos-rodovias-ferrovias-serao-o-foco-das-concessoes-do-governo-em-2014-afirma-vander","status":"publish","type":"post","link":"https:\/\/vanderloubet.com.br\/deputado\/apos-rodovias-ferrovias-serao-o-foco-das-concessoes-do-governo-em-2014-afirma-vander\/","title":{"rendered":"Ap\u00f3s rodovias, ferrovias devem ser foco de concess\u00f5es em 2014"},"content":{"rendered":"\r\n                <style type=\"text\/css\">\r\n                    \r\n                    #tdi_1  .td-doubleSlider-2 .td-item1 {\r\n                        background: url(https:\/\/vanderloubet.com.br\/deputado\/wp-content\/uploads\/2013\/08\/foto-2013-08-15-vander-bastos-antt-80x60.jpg) 0 0 no-repeat;\r\n                    }\r\n                    #tdi_1  .td-doubleSlider-2 .td-item2 {\r\n                        background: url(https:\/\/vanderloubet.com.br\/deputado\/wp-content\/uploads\/2014\/02\/foto-2013-12-19-ferrovia-maracaju-lapa-geral-80x60.jpg) 0 0 no-repeat;\r\n                    }\r\n                    #tdi_1  .td-doubleSlider-2 .td-item3 {\r\n                        background: url(https:\/\/vanderloubet.com.br\/deputado\/wp-content\/uploads\/2014\/02\/foto-2013-12-19-ferrovia-dourados-estreladoeste-geral-80x60.jpg) 0 0 no-repeat;\r\n                    }\r\n                <\/style>\r\n\r\n                <div id=\"tdi_1\" class=\"td-gallery td-slide-on-2-columns\">\r\n                    <div class=\"post_td_gallery\">\r\n                        <div class=\"td-gallery-slide-top\">\r\n                           <div class=\"td-gallery-title\"><\/div>\r\n\r\n                            <div class=\"td-gallery-controls-wrapper\">\r\n                                <div class=\"td-gallery-slide-count\"><span class=\"td-gallery-slide-item-focus\">1<\/span> de 3<\/div>\r\n                                <div class=\"td-gallery-slide-prev-next-but\">\r\n                                    <i class = \"td-icon-left doubleSliderPrevButton\"><\/i>\r\n                                    <i class = \"td-icon-right doubleSliderNextButton\"><\/i>\r\n                                <\/div>\r\n                            <\/div>\r\n                        <\/div>\r\n\r\n                        <div class = \"td-doubleSlider-1 \">\r\n                            <div class = \"td-slider\">\r\n                                \r\n                    <div class = \"td-slide-item td-item1\">\r\n                        <figure class=\"td-slide-galery-figure td-slide-popup-gallery\">\r\n                            <a class=\"slide-gallery-image-link\" href=\"https:\/\/vanderloubet.com.br\/deputado\/wp-content\/uploads\/2013\/08\/foto-2013-08-15-vander-bastos-antt.jpg\" title=\"Deputado Vander em recente reuni\u00e3o com o diretor da ANTT\"  data-caption=\"\"  data-description=\"Deputado Vander em recente reuni&atilde;o com o diretor da ANTT\">\r\n                                <img decoding=\"async\" src=\"https:\/\/vanderloubet.com.br\/deputado\/wp-content\/uploads\/2013\/08\/foto-2013-08-15-vander-bastos-antt-630x420.jpg\" srcset=\"https:\/\/vanderloubet.com.br\/deputado\/wp-content\/uploads\/2013\/08\/foto-2013-08-15-vander-bastos-antt-630x420.jpg 630w, https:\/\/vanderloubet.com.br\/deputado\/wp-content\/uploads\/2013\/08\/foto-2013-08-15-vander-bastos-antt-350x233.jpg 350w, https:\/\/vanderloubet.com.br\/deputado\/wp-content\/uploads\/2013\/08\/foto-2013-08-15-vander-bastos-antt-768x512.jpg 768w, https:\/\/vanderloubet.com.br\/deputado\/wp-content\/uploads\/2013\/08\/foto-2013-08-15-vander-bastos-antt-700x467.jpg 700w, https:\/\/vanderloubet.com.br\/deputado\/wp-content\/uploads\/2013\/08\/foto-2013-08-15-vander-bastos-antt-696x464.jpg 696w, https:\/\/vanderloubet.com.br\/deputado\/wp-content\/uploads\/2013\/08\/foto-2013-08-15-vander-bastos-antt.jpg 900w\" sizes=\"(max-width: 630px) 100vw, 630px\" alt=\"Deputado Vander em recente reuni&atilde;o com o diretor da ANTT\">\r\n                            <\/a>\r\n                            <figcaption class = \"td-slide-caption td-gallery-slide-content\"><span>Deputado Vander em recente reuni\u00e3o com o diretor da ANTT<\/span><\/figcaption>\r\n                        <\/figure>\r\n                    <\/div>\r\n                    <div class = \"td-slide-item td-item2\">\r\n                        <figure class=\"td-slide-galery-figure td-slide-popup-gallery\">\r\n                            <a class=\"slide-gallery-image-link\" href=\"https:\/\/vanderloubet.com.br\/deputado\/wp-content\/uploads\/2014\/02\/foto-2013-12-19-ferrovia-maracaju-lapa-geral.jpg\" title=\"Tra\u00e7ado do projeto da ferrovia entre Lapa e Maracaju\"  data-caption=\"\"  data-description=\"Tra&ccedil;ado do projeto da ferrovia entre Lapa e Maracaju\">\r\n                                <img decoding=\"async\" src=\"https:\/\/vanderloubet.com.br\/deputado\/wp-content\/uploads\/2014\/02\/foto-2013-12-19-ferrovia-maracaju-lapa-geral-759x420.jpg\" srcset=\"https:\/\/vanderloubet.com.br\/deputado\/wp-content\/uploads\/2014\/02\/foto-2013-12-19-ferrovia-maracaju-lapa-geral-759x420.jpg 759w, https:\/\/vanderloubet.com.br\/deputado\/wp-content\/uploads\/2014\/02\/foto-2013-12-19-ferrovia-maracaju-lapa-geral-350x194.jpg 350w, https:\/\/vanderloubet.com.br\/deputado\/wp-content\/uploads\/2014\/02\/foto-2013-12-19-ferrovia-maracaju-lapa-geral-768x425.jpg 768w, https:\/\/vanderloubet.com.br\/deputado\/wp-content\/uploads\/2014\/02\/foto-2013-12-19-ferrovia-maracaju-lapa-geral-700x388.jpg 700w, https:\/\/vanderloubet.com.br\/deputado\/wp-content\/uploads\/2014\/02\/foto-2013-12-19-ferrovia-maracaju-lapa-geral-696x385.jpg 696w, https:\/\/vanderloubet.com.br\/deputado\/wp-content\/uploads\/2014\/02\/foto-2013-12-19-ferrovia-maracaju-lapa-geral.jpg 1062w\" sizes=\"(max-width: 759px) 100vw, 759px\" alt=\"Tra&ccedil;ado do projeto da ferrovia entre Lapa e Maracaju\">\r\n                            <\/a>\r\n                            <figcaption class = \"td-slide-caption td-gallery-slide-content\"><span>Tra\u00e7ado do projeto da ferrovia entre Lapa e Maracaju<\/span><\/figcaption>\r\n                        <\/figure>\r\n                    <\/div>\r\n                    <div class = \"td-slide-item td-item3\">\r\n                        <figure class=\"td-slide-galery-figure td-slide-popup-gallery\">\r\n                            <a class=\"slide-gallery-image-link\" href=\"https:\/\/vanderloubet.com.br\/deputado\/wp-content\/uploads\/2014\/02\/foto-2013-12-19-ferrovia-dourados-estreladoeste-geral.jpg\" title=\"Tra\u00e7ado do projeto da ferrovia entre Estrela d'Oeste e Dourados\"  data-caption=\"\"  data-description=\"Tra&ccedil;ado do projeto da ferrovia entre Estrela d&#039;Oeste e Dourados\">\r\n                                <img decoding=\"async\" src=\"https:\/\/vanderloubet.com.br\/deputado\/wp-content\/uploads\/2014\/02\/foto-2013-12-19-ferrovia-dourados-estreladoeste-geral-756x420.jpg\" srcset=\"https:\/\/vanderloubet.com.br\/deputado\/wp-content\/uploads\/2014\/02\/foto-2013-12-19-ferrovia-dourados-estreladoeste-geral-756x420.jpg 756w, https:\/\/vanderloubet.com.br\/deputado\/wp-content\/uploads\/2014\/02\/foto-2013-12-19-ferrovia-dourados-estreladoeste-geral-350x194.jpg 350w, https:\/\/vanderloubet.com.br\/deputado\/wp-content\/uploads\/2014\/02\/foto-2013-12-19-ferrovia-dourados-estreladoeste-geral-768x427.jpg 768w, https:\/\/vanderloubet.com.br\/deputado\/wp-content\/uploads\/2014\/02\/foto-2013-12-19-ferrovia-dourados-estreladoeste-geral-700x389.jpg 700w, https:\/\/vanderloubet.com.br\/deputado\/wp-content\/uploads\/2014\/02\/foto-2013-12-19-ferrovia-dourados-estreladoeste-geral-696x387.jpg 696w, https:\/\/vanderloubet.com.br\/deputado\/wp-content\/uploads\/2014\/02\/foto-2013-12-19-ferrovia-dourados-estreladoeste-geral.jpg 1066w\" sizes=\"(max-width: 756px) 100vw, 756px\" alt=\"Tra&ccedil;ado do projeto da ferrovia entre Estrela d&#039;Oeste e Dourados\">\r\n                            <\/a>\r\n                            <figcaption class = \"td-slide-caption td-gallery-slide-content\"><span>Tra\u00e7ado do projeto da ferrovia entre Estrela d'Oeste e Dourados<\/span><\/figcaption>\r\n                        <\/figure>\r\n                    <\/div>\r\n                            <\/div>\r\n                        <\/div>\r\n\r\n                        <div class = \"td-doubleSlider-2\">\r\n                            <div class = \"td-slider\">\r\n                                \r\n                    <div class = \"td-button td-item1\">\r\n                        <div class = \"td-border\"><\/div>\r\n                    <\/div>\r\n                    <div class = \"td-button td-item2\">\r\n                        <div class = \"td-border\"><\/div>\r\n                    <\/div>\r\n                    <div class = \"td-button td-item3\">\r\n                        <div class = \"td-border\"><\/div>\r\n                    <\/div>\r\n                            <\/div>\r\n                        <\/div>\r\n\r\n                    <\/div>\r\n\r\n                <\/div>\r\n                \n<p>Depois de meses de discuss\u00e3o, o governo federal fechou o modelo econ\u00f4mico para os leil\u00f5es de concess\u00e3o de ferrovias, informou ontem (18) o ministro da Fazenda, Guido Mantega. Segundo ele, o governo definiu os par\u00e2metros dos financiamentos oficiais a serem concedidos aos leil\u00f5es das linhas f\u00e9rreas, que ocorrer\u00e3o no pr\u00f3ximo ano.<\/p>\n<p>Na \u00faltima segunda-feira (16), o Tribunal de Contas da Uni\u00e3o (TCU) aprovou, com ressalvas, os estudos da Ag\u00eancia Nacional de Transportes Terrestres (ANTT) relativos ao Lote 1 de concess\u00f5es, que prev\u00ea a constru\u00e7\u00e3o de 883 quil\u00f4metros de ferrovias entre Lucas do Rio Verde (MT) e Campinorte (GO). Com isso, o governo poder\u00e1 publicar o edital da licita\u00e7\u00e3o para esse trecho da ferrovia se cumprir as determina\u00e7\u00f5es dos ministros da corte, que se referem a ajustes nos estudos de engenharia.<\/p>\n<p>De acordo com o deputado federal Vander Loubet (PT-MS), que esteve ontem (18) na sede da ANTT em Bras\u00edlia para uma reuni\u00e3o com a chefia de gabinete do diretor geral da Ag\u00eancia, Jorge Bastos, n\u00e3o h\u00e1 d\u00favida de que o foco do governo em 2014 ser\u00e1 a infraestrutura ferrovi\u00e1ria, o que vai beneficiar Mato Grosso do Sul, a exemplo da recente concess\u00e3o da rodovia BR-163 no estado.<\/p>\n<p>&#8220;Este ano o governo se concentrou nos leil\u00f5es de concess\u00f5es de aeroportos e rodovias. E foi um sucesso. A entrada da iniciativa privada na \u00e1rea de investimento em log\u00edstica para os pr\u00f3ximos 30, 35 anos abriu uma perspectiva excelente em termos de infraestrutura para os pr\u00f3ximos anos. E agora em 2014 teremos mais uma etapa desse processo, que vai envolver a concess\u00e3o de ferrovias, ponto fundamental para dinamizar nossa matriz de transporte, diminuir custos de produ\u00e7\u00e3o e aumentar a competitividade do nosso agroneg\u00f3cio e das nossas ind\u00fastrias. Da mesma forma que acompanhei de perto o processo da BR-163 em nosso estado, vou acompanhar as ferrovias, pois \u00e9 mais um processo que vai beneficiar Mato Grosso do Sul&#8221;, afirmou Vander.<\/p>\n<p><strong>Interliga\u00e7\u00e3o<\/strong> &#8211; Em Mato Grosso do Sul, dois lotes far\u00e3o parte das concess\u00f5es a serem leiloadas em 2014: a ferrovia An\u00e1polis (GO)-Dourados (MS) e a ferrovia Maracaju (MS)-Lapa (PR).<\/p>\n<p>O projeto da ferrovia An\u00e1polis-Estrela D&#8217;Oeste-Panorama-Dourados tem uma extens\u00e3o aproximada de 1.300 km. A concess\u00e3o do servi\u00e7o p\u00fablico de explora\u00e7\u00e3o da ferrovia vai compreender a constru\u00e7\u00e3o apenas do trecho Estrela D&#8217;Oeste-Panorama-Dourados), j\u00e1 que o trecho An\u00e1polis-Estrela D&#8217;Oeste (681,6 km) est\u00e1 em constru\u00e7\u00e3o pela Valec, empresa p\u00fablica controlada pelo governo federal.<\/p>\n<p>Al\u00e9m de Dourados, o tra\u00e7ado deve passar pelos munic\u00edpios sul-mato-grossenses de Deod\u00e1polis, Ang\u00e9lica, Nova Andradina, Bataguassu, Santa Rita do Pardo, Brasil\u00e2ndia, Tr\u00eas Lagoas e Eldorado.<\/p>\n<p>A ferrovia An\u00e1polis-Dourados ser\u00e1 integrada \u00e0 Ferrovia Norte-Sul, cujo trecho, quando completo, vai interligar o interior do Brasil aos portos de Bel\u00e9m (PA), S\u00e3o Lu\u00eds (MA), Santos (SP), Rio de Janeiro (RJ) e Rio Grande (RS). Al\u00e9m disso, futuramente, a Norte-Sul deve se conectar \u00e0 Ferrovia Ferroeste e essa interliga\u00e7\u00e3o atingir\u00e1 tamb\u00e9m o porto de Paranagu\u00e1 (PR).<\/p>\n<p>J\u00e1 a concess\u00e3o da ferrovia Maracaju-Lapa envolve a constru\u00e7\u00e3o de 989 km de trilhos. O trecho integrar\u00e1 justamente a Ferroeste, que cruza o Paran\u00e1 de leste a oeste, e permitir\u00e1 a inteliga\u00e7\u00e3o ao porto de Paranagu\u00e1. O tra\u00e7ado em Mato Grosso do Sul, a partir de Maracaju, deve incluir os munic\u00edpios de Itapor\u00e3, Dourados, Caarap\u00f3, Amambai, Iguatemi, Eldorado e Mundo Novo.<\/p>\n<p><strong>Agenda<\/strong> &#8211; De acordo com o deputado Vander, a ANTT vai preparar um evento, em meados de fevereiro, em Bras\u00edlia, para discutir detalhes t\u00e9cnicos com os prefeitos. &#8220;Vai ser uma grande agenda. Vamos convidar os prefeitos dos 15 munic\u00edpios que ser\u00e3o impactados pelo projeto e nessa oportunidade eles v\u00e3o poder fazer as suas sugest\u00f5es e reivindica\u00e7\u00f5es quanto \u00e0s interven\u00e7\u00f5es a serem executadas no limite territorial dos munic\u00edpios&#8221;, concluiu.<\/p>\n<p><em>(\u00c9der Yanaguita &#8211; Ascom\/Deputado Vander)<\/em><\/p>\n","protected":false},"excerpt":{"rendered":"<p>Em MS, dois lotes far\u00e3o parte das concess\u00f5es a serem leiloadas em 2014: a ferrovia An\u00e1polis (GO)-Dourados (MS) e a ferrovia Maracaju (MS)-Lapa (PR).<\/p>\n","protected":false},"author":2,"featured_media":8854,"comment_status":"closed","ping_status":"open","sticky":false,"template":"","format":"standard","meta":{"jetpack_post_was_ever_published":false,"_jetpack_newsletter_access":"","_jetpack_dont_email_post_to_subs":false,"_jetpack_newsletter_tier_id":0,"_jetpack_memberships_contains_paywalled_content":false,"_jetpack_memberships_contains_paid_content":false,"footnotes":""},"categories":[2098,10],"tags":[2297,1973],"class_list":{"0":"post-7178","1":"post","2":"type-post","3":"status-publish","4":"format-standard","5":"has-post-thumbnail","7":"category-brasil-noticias","8":"category-noticias","9":"tag-concessao-publica","10":"tag-transportes"},"yoast_head":"<!-- This site is optimized with the Yoast SEO plugin v27.4 - https:\/\/yoast.com\/product\/yoast-seo-wordpress\/ -->\n<title>Ap\u00f3s rodovias, ferrovias devem ser foco de concess\u00f5es em 2014<\/title>\n<meta name=\"robots\" content=\"index, follow, max-snippet:-1, max-image-preview:large, max-video-preview:-1\" \/>\n<link rel=\"canonical\" href=\"https:\/\/vanderloubet.com.br\/deputado\/apos-rodovias-ferrovias-serao-o-foco-das-concessoes-do-governo-em-2014-afirma-vander\/\" \/>\n<meta property=\"og:locale\" content=\"pt_BR\" \/>\n<meta property=\"og:type\" content=\"article\" \/>\n<meta property=\"og:title\" content=\"Ap\u00f3s rodovias, ferrovias devem ser foco de concess\u00f5es em 2014\" \/>\n<meta property=\"og:description\" content=\"Em MS, dois lotes far\u00e3o parte das concess\u00f5es a serem leiloadas em 2014: a ferrovia An\u00e1polis (GO)-Dourados (MS) e a ferrovia Maracaju (MS)-Lapa (PR).\" \/>\n<meta property=\"og:url\" content=\"https:\/\/vanderloubet.com.br\/deputado\/apos-rodovias-ferrovias-serao-o-foco-das-concessoes-do-governo-em-2014-afirma-vander\/\" \/>\n<meta property=\"og:site_name\" content=\"Deputado Federal Vander Loubet\" \/>\n<meta property=\"article:publisher\" content=\"https:\/\/facebook.com\/deputadovander\" \/>\n<meta property=\"article:published_time\" content=\"2013-12-19T16:59:33+00:00\" \/>\n<meta property=\"article:modified_time\" content=\"2015-02-06T03:02:52+00:00\" \/>\n<meta property=\"og:image\" content=\"https:\/\/vanderloubet.com.br\/deputado\/wp-content\/uploads\/2014\/02\/foto-2013-12-19-ferrovia-maracaju-lapa-geral.jpg\" \/>\n\t<meta property=\"og:image:width\" content=\"1062\" \/>\n\t<meta property=\"og:image:height\" content=\"588\" \/>\n\t<meta property=\"og:image:type\" content=\"image\/jpeg\" \/>\n<meta name=\"author\" content=\"\u00c9der\" \/>\n<meta name=\"twitter:card\" content=\"summary_large_image\" \/>\n<meta name=\"twitter:creator\" content=\"@vanderloubet\" \/>\n<meta name=\"twitter:site\" content=\"@vanderloubet\" \/>\n<script type=\"application\/ld+json\" class=\"yoast-schema-graph\">{\"@context\":\"https:\\\/\\\/schema.org\",\"@graph\":[{\"@type\":\"Article\",\"@id\":\"https:\\\/\\\/vanderloubet.com.br\\\/deputado\\\/apos-rodovias-ferrovias-serao-o-foco-das-concessoes-do-governo-em-2014-afirma-vander\\\/#article\",\"isPartOf\":{\"@id\":\"https:\\\/\\\/vanderloubet.com.br\\\/deputado\\\/apos-rodovias-ferrovias-serao-o-foco-das-concessoes-do-governo-em-2014-afirma-vander\\\/\"},\"author\":{\"name\":\"\u00c9der\",\"@id\":\"https:\\\/\\\/vanderloubet.com.br\\\/deputado\\\/#\\\/schema\\\/person\\\/15b51bd564532a8a68d9dec1b8eb890e\"},\"headline\":\"Ap\u00f3s rodovias, ferrovias devem ser foco de concess\u00f5es em 2014\",\"datePublished\":\"2013-12-19T16:59:33+00:00\",\"dateModified\":\"2015-02-06T03:02:52+00:00\",\"mainEntityOfPage\":{\"@id\":\"https:\\\/\\\/vanderloubet.com.br\\\/deputado\\\/apos-rodovias-ferrovias-serao-o-foco-das-concessoes-do-governo-em-2014-afirma-vander\\\/\"},\"wordCount\":696,\"publisher\":{\"@id\":\"https:\\\/\\\/vanderloubet.com.br\\\/deputado\\\/#organization\"},\"image\":{\"@id\":\"https:\\\/\\\/vanderloubet.com.br\\\/deputado\\\/apos-rodovias-ferrovias-serao-o-foco-das-concessoes-do-governo-em-2014-afirma-vander\\\/#primaryimage\"},\"thumbnailUrl\":\"https:\\\/\\\/vanderloubet.com.br\\\/deputado\\\/wp-content\\\/uploads\\\/2014\\\/02\\\/foto-2013-12-19-ferrovia-maracaju-lapa-geral.jpg\",\"keywords\":[\"concess\u00e3o p\u00fablica\",\"transportes\"],\"articleSection\":[\"Brasil\",\"Not\u00edcias\"],\"inLanguage\":\"pt-BR\"},{\"@type\":\"WebPage\",\"@id\":\"https:\\\/\\\/vanderloubet.com.br\\\/deputado\\\/apos-rodovias-ferrovias-serao-o-foco-das-concessoes-do-governo-em-2014-afirma-vander\\\/\",\"url\":\"https:\\\/\\\/vanderloubet.com.br\\\/deputado\\\/apos-rodovias-ferrovias-serao-o-foco-das-concessoes-do-governo-em-2014-afirma-vander\\\/\",\"name\":\"Ap\u00f3s rodovias, ferrovias devem ser foco de concess\u00f5es em 2014\",\"isPartOf\":{\"@id\":\"https:\\\/\\\/vanderloubet.com.br\\\/deputado\\\/#website\"},\"primaryImageOfPage\":{\"@id\":\"https:\\\/\\\/vanderloubet.com.br\\\/deputado\\\/apos-rodovias-ferrovias-serao-o-foco-das-concessoes-do-governo-em-2014-afirma-vander\\\/#primaryimage\"},\"image\":{\"@id\":\"https:\\\/\\\/vanderloubet.com.br\\\/deputado\\\/apos-rodovias-ferrovias-serao-o-foco-das-concessoes-do-governo-em-2014-afirma-vander\\\/#primaryimage\"},\"thumbnailUrl\":\"https:\\\/\\\/vanderloubet.com.br\\\/deputado\\\/wp-content\\\/uploads\\\/2014\\\/02\\\/foto-2013-12-19-ferrovia-maracaju-lapa-geral.jpg\",\"datePublished\":\"2013-12-19T16:59:33+00:00\",\"dateModified\":\"2015-02-06T03:02:52+00:00\",\"breadcrumb\":{\"@id\":\"https:\\\/\\\/vanderloubet.com.br\\\/deputado\\\/apos-rodovias-ferrovias-serao-o-foco-das-concessoes-do-governo-em-2014-afirma-vander\\\/#breadcrumb\"},\"inLanguage\":\"pt-BR\",\"potentialAction\":[{\"@type\":\"ReadAction\",\"target\":[\"https:\\\/\\\/vanderloubet.com.br\\\/deputado\\\/apos-rodovias-ferrovias-serao-o-foco-das-concessoes-do-governo-em-2014-afirma-vander\\\/\"]}]},{\"@type\":\"ImageObject\",\"inLanguage\":\"pt-BR\",\"@id\":\"https:\\\/\\\/vanderloubet.com.br\\\/deputado\\\/apos-rodovias-ferrovias-serao-o-foco-das-concessoes-do-governo-em-2014-afirma-vander\\\/#primaryimage\",\"url\":\"https:\\\/\\\/vanderloubet.com.br\\\/deputado\\\/wp-content\\\/uploads\\\/2014\\\/02\\\/foto-2013-12-19-ferrovia-maracaju-lapa-geral.jpg\",\"contentUrl\":\"https:\\\/\\\/vanderloubet.com.br\\\/deputado\\\/wp-content\\\/uploads\\\/2014\\\/02\\\/foto-2013-12-19-ferrovia-maracaju-lapa-geral.jpg\",\"width\":1062,\"height\":588,\"caption\":\"Tra\u00e7ado do projeto da ferrovia entre Lapa e Maracaju\"},{\"@type\":\"BreadcrumbList\",\"@id\":\"https:\\\/\\\/vanderloubet.com.br\\\/deputado\\\/apos-rodovias-ferrovias-serao-o-foco-das-concessoes-do-governo-em-2014-afirma-vander\\\/#breadcrumb\",\"itemListElement\":[{\"@type\":\"ListItem\",\"position\":1,\"name\":\"In\u00edcio\",\"item\":\"https:\\\/\\\/vanderloubet.com.br\\\/deputado\\\/\"},{\"@type\":\"ListItem\",\"position\":2,\"name\":\"Ap\u00f3s rodovias, ferrovias devem ser foco de concess\u00f5es em 2014\"}]},{\"@type\":\"WebSite\",\"@id\":\"https:\\\/\\\/vanderloubet.com.br\\\/deputado\\\/#website\",\"url\":\"https:\\\/\\\/vanderloubet.com.br\\\/deputado\\\/\",\"name\":\"Deputado Federal Vander Loubet\",\"description\":\"O Federal de MS\",\"publisher\":{\"@id\":\"https:\\\/\\\/vanderloubet.com.br\\\/deputado\\\/#organization\"},\"alternateName\":\"Deputado Vander\",\"potentialAction\":[{\"@type\":\"SearchAction\",\"target\":{\"@type\":\"EntryPoint\",\"urlTemplate\":\"https:\\\/\\\/vanderloubet.com.br\\\/deputado\\\/?s={search_term_string}\"},\"query-input\":{\"@type\":\"PropertyValueSpecification\",\"valueRequired\":true,\"valueName\":\"search_term_string\"}}],\"inLanguage\":\"pt-BR\"},{\"@type\":\"Organization\",\"@id\":\"https:\\\/\\\/vanderloubet.com.br\\\/deputado\\\/#organization\",\"name\":\"Deputado Federal Vander Loubet\",\"alternateName\":\"Deputado Vander\",\"url\":\"https:\\\/\\\/vanderloubet.com.br\\\/deputado\\\/\",\"logo\":{\"@type\":\"ImageObject\",\"inLanguage\":\"pt-BR\",\"@id\":\"https:\\\/\\\/vanderloubet.com.br\\\/deputado\\\/#\\\/schema\\\/logo\\\/image\\\/\",\"url\":\"https:\\\/\\\/vanderloubet.com.br\\\/deputado\\\/wp-content\\\/uploads\\\/2023\\\/06\\\/foto-2023-06-19-mandato-deputado-vander.jpg\",\"contentUrl\":\"https:\\\/\\\/vanderloubet.com.br\\\/deputado\\\/wp-content\\\/uploads\\\/2023\\\/06\\\/foto-2023-06-19-mandato-deputado-vander.jpg\",\"width\":1080,\"height\":1080,\"caption\":\"Deputado Federal Vander Loubet\"},\"image\":{\"@id\":\"https:\\\/\\\/vanderloubet.com.br\\\/deputado\\\/#\\\/schema\\\/logo\\\/image\\\/\"},\"sameAs\":[\"https:\\\/\\\/facebook.com\\\/deputadovander\",\"https:\\\/\\\/x.com\\\/vanderloubet\",\"https:\\\/\\\/instagram.com\\\/vanderloubet\",\"https:\\\/\\\/youtube.com\\\/vanderloubet\",\"https:\\\/\\\/tiktok.com\\\/@vanderloubetms\"]},{\"@type\":\"Person\",\"@id\":\"https:\\\/\\\/vanderloubet.com.br\\\/deputado\\\/#\\\/schema\\\/person\\\/15b51bd564532a8a68d9dec1b8eb890e\",\"name\":\"\u00c9der\",\"image\":{\"@type\":\"ImageObject\",\"inLanguage\":\"pt-BR\",\"@id\":\"https:\\\/\\\/vanderloubet.com.br\\\/deputado\\\/wp-content\\\/litespeed\\\/avatar\\\/88ca4090d9d5ab1c9495f6ca03b68efa.jpg?ver=1777058957\",\"url\":\"https:\\\/\\\/vanderloubet.com.br\\\/deputado\\\/wp-content\\\/litespeed\\\/avatar\\\/88ca4090d9d5ab1c9495f6ca03b68efa.jpg?ver=1777058957\",\"contentUrl\":\"https:\\\/\\\/vanderloubet.com.br\\\/deputado\\\/wp-content\\\/litespeed\\\/avatar\\\/88ca4090d9d5ab1c9495f6ca03b68efa.jpg?ver=1777058957\",\"caption\":\"\u00c9der\"}}]}<\/script>\n<!-- \/ Yoast SEO plugin. -->","yoast_head_json":{"title":"Ap\u00f3s rodovias, ferrovias devem ser foco de concess\u00f5es em 2014","robots":{"index":"index","follow":"follow","max-snippet":"max-snippet:-1","max-image-preview":"max-image-preview:large","max-video-preview":"max-video-preview:-1"},"canonical":"https:\/\/vanderloubet.com.br\/deputado\/apos-rodovias-ferrovias-serao-o-foco-das-concessoes-do-governo-em-2014-afirma-vander\/","og_locale":"pt_BR","og_type":"article","og_title":"Ap\u00f3s rodovias, ferrovias devem ser foco de concess\u00f5es em 2014","og_description":"Em MS, dois lotes far\u00e3o parte das concess\u00f5es a serem leiloadas em 2014: a ferrovia An\u00e1polis (GO)-Dourados (MS) e a ferrovia Maracaju (MS)-Lapa (PR).","og_url":"https:\/\/vanderloubet.com.br\/deputado\/apos-rodovias-ferrovias-serao-o-foco-das-concessoes-do-governo-em-2014-afirma-vander\/","og_site_name":"Deputado Federal Vander Loubet","article_publisher":"https:\/\/facebook.com\/deputadovander","article_published_time":"2013-12-19T16:59:33+00:00","article_modified_time":"2015-02-06T03:02:52+00:00","og_image":[{"width":1062,"height":588,"url":"https:\/\/vanderloubet.com.br\/deputado\/wp-content\/uploads\/2014\/02\/foto-2013-12-19-ferrovia-maracaju-lapa-geral.jpg","type":"image\/jpeg"}],"author":"\u00c9der","twitter_card":"summary_large_image","twitter_creator":"@vanderloubet","twitter_site":"@vanderloubet","schema":{"@context":"https:\/\/schema.org","@graph":[{"@type":"Article","@id":"https:\/\/vanderloubet.com.br\/deputado\/apos-rodovias-ferrovias-serao-o-foco-das-concessoes-do-governo-em-2014-afirma-vander\/#article","isPartOf":{"@id":"https:\/\/vanderloubet.com.br\/deputado\/apos-rodovias-ferrovias-serao-o-foco-das-concessoes-do-governo-em-2014-afirma-vander\/"},"author":{"name":"\u00c9der","@id":"https:\/\/vanderloubet.com.br\/deputado\/#\/schema\/person\/15b51bd564532a8a68d9dec1b8eb890e"},"headline":"Ap\u00f3s rodovias, ferrovias devem ser foco de concess\u00f5es em 2014","datePublished":"2013-12-19T16:59:33+00:00","dateModified":"2015-02-06T03:02:52+00:00","mainEntityOfPage":{"@id":"https:\/\/vanderloubet.com.br\/deputado\/apos-rodovias-ferrovias-serao-o-foco-das-concessoes-do-governo-em-2014-afirma-vander\/"},"wordCount":696,"publisher":{"@id":"https:\/\/vanderloubet.com.br\/deputado\/#organization"},"image":{"@id":"https:\/\/vanderloubet.com.br\/deputado\/apos-rodovias-ferrovias-serao-o-foco-das-concessoes-do-governo-em-2014-afirma-vander\/#primaryimage"},"thumbnailUrl":"https:\/\/vanderloubet.com.br\/deputado\/wp-content\/uploads\/2014\/02\/foto-2013-12-19-ferrovia-maracaju-lapa-geral.jpg","keywords":["concess\u00e3o p\u00fablica","transportes"],"articleSection":["Brasil","Not\u00edcias"],"inLanguage":"pt-BR"},{"@type":"WebPage","@id":"https:\/\/vanderloubet.com.br\/deputado\/apos-rodovias-ferrovias-serao-o-foco-das-concessoes-do-governo-em-2014-afirma-vander\/","url":"https:\/\/vanderloubet.com.br\/deputado\/apos-rodovias-ferrovias-serao-o-foco-das-concessoes-do-governo-em-2014-afirma-vander\/","name":"Ap\u00f3s rodovias, ferrovias devem ser foco de concess\u00f5es em 2014","isPartOf":{"@id":"https:\/\/vanderloubet.com.br\/deputado\/#website"},"primaryImageOfPage":{"@id":"https:\/\/vanderloubet.com.br\/deputado\/apos-rodovias-ferrovias-serao-o-foco-das-concessoes-do-governo-em-2014-afirma-vander\/#primaryimage"},"image":{"@id":"https:\/\/vanderloubet.com.br\/deputado\/apos-rodovias-ferrovias-serao-o-foco-das-concessoes-do-governo-em-2014-afirma-vander\/#primaryimage"},"thumbnailUrl":"https:\/\/vanderloubet.com.br\/deputado\/wp-content\/uploads\/2014\/02\/foto-2013-12-19-ferrovia-maracaju-lapa-geral.jpg","datePublished":"2013-12-19T16:59:33+00:00","dateModified":"2015-02-06T03:02:52+00:00","breadcrumb":{"@id":"https:\/\/vanderloubet.com.br\/deputado\/apos-rodovias-ferrovias-serao-o-foco-das-concessoes-do-governo-em-2014-afirma-vander\/#breadcrumb"},"inLanguage":"pt-BR","potentialAction":[{"@type":"ReadAction","target":["https:\/\/vanderloubet.com.br\/deputado\/apos-rodovias-ferrovias-serao-o-foco-das-concessoes-do-governo-em-2014-afirma-vander\/"]}]},{"@type":"ImageObject","inLanguage":"pt-BR","@id":"https:\/\/vanderloubet.com.br\/deputado\/apos-rodovias-ferrovias-serao-o-foco-das-concessoes-do-governo-em-2014-afirma-vander\/#primaryimage","url":"https:\/\/vanderloubet.com.br\/deputado\/wp-content\/uploads\/2014\/02\/foto-2013-12-19-ferrovia-maracaju-lapa-geral.jpg","contentUrl":"https:\/\/vanderloubet.com.br\/deputado\/wp-content\/uploads\/2014\/02\/foto-2013-12-19-ferrovia-maracaju-lapa-geral.jpg","width":1062,"height":588,"caption":"Tra\u00e7ado do projeto da ferrovia entre Lapa e Maracaju"},{"@type":"BreadcrumbList","@id":"https:\/\/vanderloubet.com.br\/deputado\/apos-rodovias-ferrovias-serao-o-foco-das-concessoes-do-governo-em-2014-afirma-vander\/#breadcrumb","itemListElement":[{"@type":"ListItem","position":1,"name":"In\u00edcio","item":"https:\/\/vanderloubet.com.br\/deputado\/"},{"@type":"ListItem","position":2,"name":"Ap\u00f3s rodovias, ferrovias devem ser foco de concess\u00f5es em 2014"}]},{"@type":"WebSite","@id":"https:\/\/vanderloubet.com.br\/deputado\/#website","url":"https:\/\/vanderloubet.com.br\/deputado\/","name":"Deputado Federal Vander Loubet","description":"O Federal de MS","publisher":{"@id":"https:\/\/vanderloubet.com.br\/deputado\/#organization"},"alternateName":"Deputado Vander","potentialAction":[{"@type":"SearchAction","target":{"@type":"EntryPoint","urlTemplate":"https:\/\/vanderloubet.com.br\/deputado\/?s={search_term_string}"},"query-input":{"@type":"PropertyValueSpecification","valueRequired":true,"valueName":"search_term_string"}}],"inLanguage":"pt-BR"},{"@type":"Organization","@id":"https:\/\/vanderloubet.com.br\/deputado\/#organization","name":"Deputado Federal Vander Loubet","alternateName":"Deputado Vander","url":"https:\/\/vanderloubet.com.br\/deputado\/","logo":{"@type":"ImageObject","inLanguage":"pt-BR","@id":"https:\/\/vanderloubet.com.br\/deputado\/#\/schema\/logo\/image\/","url":"https:\/\/vanderloubet.com.br\/deputado\/wp-content\/uploads\/2023\/06\/foto-2023-06-19-mandato-deputado-vander.jpg","contentUrl":"https:\/\/vanderloubet.com.br\/deputado\/wp-content\/uploads\/2023\/06\/foto-2023-06-19-mandato-deputado-vander.jpg","width":1080,"height":1080,"caption":"Deputado Federal Vander Loubet"},"image":{"@id":"https:\/\/vanderloubet.com.br\/deputado\/#\/schema\/logo\/image\/"},"sameAs":["https:\/\/facebook.com\/deputadovander","https:\/\/x.com\/vanderloubet","https:\/\/instagram.com\/vanderloubet","https:\/\/youtube.com\/vanderloubet","https:\/\/tiktok.com\/@vanderloubetms"]},{"@type":"Person","@id":"https:\/\/vanderloubet.com.br\/deputado\/#\/schema\/person\/15b51bd564532a8a68d9dec1b8eb890e","name":"\u00c9der","image":{"@type":"ImageObject","inLanguage":"pt-BR","@id":"https:\/\/vanderloubet.com.br\/deputado\/wp-content\/litespeed\/avatar\/88ca4090d9d5ab1c9495f6ca03b68efa.jpg?ver=1777058957","url":"https:\/\/vanderloubet.com.br\/deputado\/wp-content\/litespeed\/avatar\/88ca4090d9d5ab1c9495f6ca03b68efa.jpg?ver=1777058957","contentUrl":"https:\/\/vanderloubet.com.br\/deputado\/wp-content\/litespeed\/avatar\/88ca4090d9d5ab1c9495f6ca03b68efa.jpg?ver=1777058957","caption":"\u00c9der"}}]}},"jetpack_featured_media_url":"https:\/\/vanderloubet.com.br\/deputado\/wp-content\/uploads\/2014\/02\/foto-2013-12-19-ferrovia-maracaju-lapa-geral.jpg","jetpack_sharing_enabled":true,"_links":{"self":[{"href":"https:\/\/vanderloubet.com.br\/deputado\/wp-json\/wp\/v2\/posts\/7178","targetHints":{"allow":["GET"]}}],"collection":[{"href":"https:\/\/vanderloubet.com.br\/deputado\/wp-json\/wp\/v2\/posts"}],"about":[{"href":"https:\/\/vanderloubet.com.br\/deputado\/wp-json\/wp\/v2\/types\/post"}],"author":[{"embeddable":true,"href":"https:\/\/vanderloubet.com.br\/deputado\/wp-json\/wp\/v2\/users\/2"}],"replies":[{"embeddable":true,"href":"https:\/\/vanderloubet.com.br\/deputado\/wp-json\/wp\/v2\/comments?post=7178"}],"version-history":[{"count":0,"href":"https:\/\/vanderloubet.com.br\/deputado\/wp-json\/wp\/v2\/posts\/7178\/revisions"}],"wp:featuredmedia":[{"embeddable":true,"href":"https:\/\/vanderloubet.com.br\/deputado\/wp-json\/wp\/v2\/media\/8854"}],"wp:attachment":[{"href":"https:\/\/vanderloubet.com.br\/deputado\/wp-json\/wp\/v2\/media?parent=7178"}],"wp:term":[{"taxonomy":"category","embeddable":true,"href":"https:\/\/vanderloubet.com.br\/deputado\/wp-json\/wp\/v2\/categories?post=7178"},{"taxonomy":"post_tag","embeddable":true,"href":"https:\/\/vanderloubet.com.br\/deputado\/wp-json\/wp\/v2\/tags?post=7178"}],"curies":[{"name":"wp","href":"https:\/\/api.w.org\/{rel}","templated":true}]}}