{"id":7162,"date":"2013-12-17T12:23:59","date_gmt":"2013-12-17T16:23:59","guid":{"rendered":"http:\/\/www.deputadovander.com.br\/website\/?p=7162"},"modified":"2015-02-05T21:52:06","modified_gmt":"2015-02-06T00:52:06","slug":"conforme-previsto-por-vander-leilao-da-br-163-em-ms-foi-exitoso","status":"publish","type":"post","link":"https:\/\/vanderloubet.com.br\/deputado\/conforme-previsto-por-vander-leilao-da-br-163-em-ms-foi-exitoso\/","title":{"rendered":"Conforme previsto por Vander, leil\u00e3o da BR-163 em MS foi exitoso"},"content":{"rendered":"<figure id=\"attachment_8242\" aria-describedby=\"caption-attachment-8242\" style=\"width: 700px\" class=\"wp-caption alignnone\"><img decoding=\"async\" class=\"wp-image-8242 size-large\" title=\"Trecho da BR-163 na divisa entre MT e MS\" src=\"http:\/\/vanderloubet.com.br\/deputado\/wp-content\/uploads\/2013\/12\/foto-2013-12-17-br163-divisa-mt-ms-700x467.jpg\" alt=\"Trecho da BR-163 na divisa entre MT e MS\" width=\"700\" height=\"467\" srcset=\"https:\/\/vanderloubet.com.br\/deputado\/wp-content\/uploads\/2013\/12\/foto-2013-12-17-br163-divisa-mt-ms-700x467.jpg 700w, https:\/\/vanderloubet.com.br\/deputado\/wp-content\/uploads\/2013\/12\/foto-2013-12-17-br163-divisa-mt-ms-350x233.jpg 350w, https:\/\/vanderloubet.com.br\/deputado\/wp-content\/uploads\/2013\/12\/foto-2013-12-17-br163-divisa-mt-ms-768x512.jpg 768w, https:\/\/vanderloubet.com.br\/deputado\/wp-content\/uploads\/2013\/12\/foto-2013-12-17-br163-divisa-mt-ms-630x420.jpg 630w, https:\/\/vanderloubet.com.br\/deputado\/wp-content\/uploads\/2013\/12\/foto-2013-12-17-br163-divisa-mt-ms-696x464.jpg 696w, https:\/\/vanderloubet.com.br\/deputado\/wp-content\/uploads\/2013\/12\/foto-2013-12-17-br163-divisa-mt-ms.jpg 900w\" sizes=\"(max-width: 700px) 100vw, 700px\" \/><figcaption id=\"caption-attachment-8242\" class=\"wp-caption-text\">Trecho da BR-163 na divisa entre MT e MS<\/figcaption><\/figure>\n<p>A Companhia de Participa\u00e7\u00f5es em Concess\u00f5es (CPC) arrematou nesta ter\u00e7a-feira (17) a concess\u00e3o do trecho da BR-163 que corta Mato Grosso do Sul. A empresa ofereceu uma proposta de tarifa de R$ 0,04381 por quil\u00f4metro (ou R$ 4,381 para cada 100 quil\u00f4metros rodados). O valor representa um des\u00e1gio (desconto) de 52,74% em rela\u00e7\u00e3o ao teto de R$ 0,0927 fixado pelo edital.<\/p>\n<p>A Companhia de Participa\u00e7\u00f5es em Concess\u00f5es (CPC) \u00e9 controlada pela CCR (Companhia de Concess\u00f5es Rodovi\u00e1rias). O Grupo CCR \u00e9 uma empresa de concess\u00e3o de infraestrutura e atua nos segmentos de concess\u00e3o de rodovias, mobilidade urbana e servi\u00e7os e afirma ter valor de mercado de R$ 32,2 bilh\u00f5es. Tem a concess\u00e3o de 2.437 quil\u00f4metros de rodovias em S\u00e3o Paulo, no Rio de Janeiro e no Paran\u00e1.<\/p>\n<p>O deputado federal Vander Loubet (PT-MS), \u00fanico parlamentar a ter acompanhado todas as audi\u00eancias p\u00fablicas da Ag\u00eancia Nacional de Transportes Terrestres (ANTT) sobre o tema no estado, destacou que o \u00eaxito desse processo j\u00e1 era esperado. &#8220;O resultado em Mato Grosso do Sul foi t\u00e3o bom quanto o alcan\u00e7ado no nosso vizinho Mato Grosso&#8221;, afirmou.<\/p>\n<p>A BR-163 \u00e9 uma das principais vias de escoamento da produ\u00e7\u00e3o de gr\u00e3os das regi\u00f5es Centro-Oeste e Norte. O trecho da rodovia em Mato Grosso foi leiloado no final de novembro e arrematado pelo grupo Odebrecht. A aposta \u00e9 que a duplica\u00e7\u00e3o da estrada em toda a sua extens\u00e3o aliviar\u00e1 o atual movimento de cargas que percorrem a rodovia e seguem em dire\u00e7\u00e3o aos portos de Santos (SP) e Paranagu\u00e1 (PR).<\/p>\n<p>O trecho que ser\u00e1 transferido para a iniciativa privada em Mato Grosso do Sul tem 847,2 quil\u00f4metros. O segmento vai da divisa entre MT e MS at\u00e9 a divisa entre MS e PR. Ele passa por 20 munic\u00edpios de Mato Grosso do Sul e, ao longo dele, ser\u00e3o instaladas nove pra\u00e7as de cobran\u00e7a de ped\u00e1gio.<\/p>\n<figure id=\"attachment_8244\" aria-describedby=\"caption-attachment-8244\" style=\"width: 700px\" class=\"wp-caption alignnone\"><img decoding=\"async\" class=\"wp-image-8244 size-large\" title=\"Vander durante segunda audi\u00eancia da ANTT sobre BR-163\" src=\"http:\/\/vanderloubet.com.br\/deputado\/wp-content\/uploads\/2013\/12\/foto-2013-08-12-vander-loubet-audiencia-antt-700x467.jpg\" alt=\"Vander durante segunda audi\u00eancia da ANTT sobre BR-163\" width=\"700\" height=\"467\" srcset=\"https:\/\/vanderloubet.com.br\/deputado\/wp-content\/uploads\/2013\/12\/foto-2013-08-12-vander-loubet-audiencia-antt-700x467.jpg 700w, https:\/\/vanderloubet.com.br\/deputado\/wp-content\/uploads\/2013\/12\/foto-2013-08-12-vander-loubet-audiencia-antt-350x233.jpg 350w, https:\/\/vanderloubet.com.br\/deputado\/wp-content\/uploads\/2013\/12\/foto-2013-08-12-vander-loubet-audiencia-antt-768x512.jpg 768w, https:\/\/vanderloubet.com.br\/deputado\/wp-content\/uploads\/2013\/12\/foto-2013-08-12-vander-loubet-audiencia-antt-630x420.jpg 630w, https:\/\/vanderloubet.com.br\/deputado\/wp-content\/uploads\/2013\/12\/foto-2013-08-12-vander-loubet-audiencia-antt-696x464.jpg 696w, https:\/\/vanderloubet.com.br\/deputado\/wp-content\/uploads\/2013\/12\/foto-2013-08-12-vander-loubet-audiencia-antt.jpg 900w\" sizes=\"(max-width: 700px) 100vw, 700px\" \/><figcaption id=\"caption-attachment-8244\" class=\"wp-caption-text\">Vander durante segunda audi\u00eancia da ANTT sobre BR-163<\/figcaption><\/figure>\n<p><strong>Investimentos<\/strong> &#8211; A previs\u00e3o do governo \u00e9 que sejam investidos cerca de R$ 5,69 bilh\u00f5es no trecho da BR-163\/MS, ao longo do per\u00edodo de concess\u00e3o. A concession\u00e1ria ter\u00e1 que duplicar praticamente todo o trecho concedido. Dos 847,2 quil\u00f4metros que ser\u00e3o administrados pela iniciativa privada, 806,3 quil\u00f4metros s\u00e3o de pistas simples que ter\u00e3o que ser duplicadas num prazo m\u00e1ximo de 5 anos.<\/p>\n<p>Pela regra do leil\u00e3o, a cobran\u00e7a de ped\u00e1gio, em toda a extens\u00e3o da rodovia, s\u00f3 pode come\u00e7ar depois de conclu\u00eddos 10% das obras de duplica\u00e7\u00e3o (80,6 quil\u00f4metros). Al\u00e9m disso, o concession\u00e1rio tamb\u00e9m ser\u00e1 obrigado a fazer uma s\u00e9rie de obras de melhorias no trecho, que incluem 35,3 quil\u00f4metros de vias marginais, a constru\u00e7\u00e3o de tr\u00eas acessos e de pelo 16 passarelas. Ter\u00e1 ainda que investir na implanta\u00e7\u00e3o de um sistema de controle de tr\u00e1fego (com sensoriamento de pista, pain\u00e9is de mensagens, c\u00e2meras de vigil\u00e2ncia e controle de velocidade, entre outros) e um sistema de atendimento aos motoristas, prevendo atendimento m\u00e9dico, socorro mec\u00e2nico e a instala\u00e7\u00e3o de pontos de apoio e parada.<\/p>\n<p><strong>Salvar vidas<\/strong> &#8211; Estudos divulgados pela ANTT mostraram que, entre agosto de 2011 e julho de 2012, foram registrados 1.489 acidentes ao longo dos 847,2 quil\u00f4metros de extens\u00e3o da BR-163, dos quais cerca de 100 tiveram v\u00edtimas fatais. De acordo com o deputado Vander Loubet, apesar dos interesses econ\u00f4micos envolvidos no controle da BR-163, o grande \u00eaxito da concess\u00e3o ser\u00e3o as melhorias na rodovia. &#8220;H\u00e1 d\u00e9cadas esperamos pela duplica\u00e7\u00e3o da rodovia e agora, al\u00e9m da duplica\u00e7\u00e3o, a BR-163 tamb\u00e9m ser\u00e1 modernizada, vai passar a contar com uma s\u00e9rie de servi\u00e7os que garantem mais seguran\u00e7a aos motoristas. Essas obras v\u00e3o salvar vidas&#8221;, concluiu.<\/p>\n<p><em>(\u00c9der Yanaguita &#8211; Ascom\/Deputado Vander)<\/em><\/p>\n","protected":false},"excerpt":{"rendered":"<p>A concess\u00e3o da BR-163 em MS por 30 anos foi arrematada pelo Grupo CCR com tarifa de R$ 0,0438 por quil\u00f4metro, des\u00e1gio de 52,74% em rela\u00e7\u00e3o ao teto.<\/p>\n","protected":false},"author":2,"featured_media":8242,"comment_status":"closed","ping_status":"open","sticky":false,"template":"","format":"standard","meta":{"jetpack_post_was_ever_published":false,"_jetpack_newsletter_access":"","_jetpack_dont_email_post_to_subs":false,"_jetpack_newsletter_tier_id":0,"_jetpack_memberships_contains_paywalled_content":false,"_jetpack_memberships_contains_paid_content":false,"footnotes":""},"categories":[2099,10],"tags":[2297,1973],"class_list":{"0":"post-7162","1":"post","2":"type-post","3":"status-publish","4":"format-standard","5":"has-post-thumbnail","7":"category-ms-noticias","8":"category-noticias","9":"tag-concessao-publica","10":"tag-transportes"},"yoast_head":"<!-- This site is optimized with the Yoast SEO plugin v27.4 - https:\/\/yoast.com\/product\/yoast-seo-wordpress\/ -->\n<title>Conforme previsto por Vander, leil\u00e3o da BR-163 em MS foi exitoso<\/title>\n<meta name=\"robots\" content=\"index, follow, max-snippet:-1, max-image-preview:large, max-video-preview:-1\" \/>\n<link rel=\"canonical\" href=\"https:\/\/vanderloubet.com.br\/deputado\/conforme-previsto-por-vander-leilao-da-br-163-em-ms-foi-exitoso\/\" \/>\n<meta property=\"og:locale\" content=\"pt_BR\" \/>\n<meta property=\"og:type\" content=\"article\" \/>\n<meta property=\"og:title\" content=\"Conforme previsto por Vander, leil\u00e3o da BR-163 em MS foi exitoso\" \/>\n<meta property=\"og:description\" content=\"A concess\u00e3o da BR-163 em MS por 30 anos foi arrematada pelo Grupo CCR com tarifa de R$ 0,0438 por quil\u00f4metro, des\u00e1gio de 52,74% em rela\u00e7\u00e3o ao teto.\" \/>\n<meta property=\"og:url\" content=\"https:\/\/vanderloubet.com.br\/deputado\/conforme-previsto-por-vander-leilao-da-br-163-em-ms-foi-exitoso\/\" \/>\n<meta property=\"og:site_name\" content=\"Deputado Federal Vander Loubet\" \/>\n<meta property=\"article:publisher\" content=\"https:\/\/facebook.com\/deputadovander\" \/>\n<meta property=\"article:published_time\" content=\"2013-12-17T16:23:59+00:00\" \/>\n<meta property=\"article:modified_time\" content=\"2015-02-06T00:52:06+00:00\" \/>\n<meta property=\"og:image\" content=\"https:\/\/vanderloubet.com.br\/deputado\/wp-content\/uploads\/2013\/12\/foto-2013-12-17-br163-divisa-mt-ms.jpg\" \/>\n\t<meta property=\"og:image:width\" content=\"1200\" \/>\n\t<meta property=\"og:image:height\" content=\"800\" \/>\n\t<meta property=\"og:image:type\" content=\"image\/jpeg\" \/>\n<meta name=\"author\" content=\"\u00c9der\" \/>\n<meta name=\"twitter:card\" content=\"summary_large_image\" \/>\n<meta name=\"twitter:creator\" content=\"@vanderloubet\" \/>\n<meta name=\"twitter:site\" content=\"@vanderloubet\" \/>\n<script type=\"application\/ld+json\" class=\"yoast-schema-graph\">{\"@context\":\"https:\\\/\\\/schema.org\",\"@graph\":[{\"@type\":\"Article\",\"@id\":\"https:\\\/\\\/vanderloubet.com.br\\\/deputado\\\/conforme-previsto-por-vander-leilao-da-br-163-em-ms-foi-exitoso\\\/#article\",\"isPartOf\":{\"@id\":\"https:\\\/\\\/vanderloubet.com.br\\\/deputado\\\/conforme-previsto-por-vander-leilao-da-br-163-em-ms-foi-exitoso\\\/\"},\"author\":{\"name\":\"\u00c9der\",\"@id\":\"https:\\\/\\\/vanderloubet.com.br\\\/deputado\\\/#\\\/schema\\\/person\\\/15b51bd564532a8a68d9dec1b8eb890e\"},\"headline\":\"Conforme previsto por Vander, leil\u00e3o da BR-163 em MS foi exitoso\",\"datePublished\":\"2013-12-17T16:23:59+00:00\",\"dateModified\":\"2015-02-06T00:52:06+00:00\",\"mainEntityOfPage\":{\"@id\":\"https:\\\/\\\/vanderloubet.com.br\\\/deputado\\\/conforme-previsto-por-vander-leilao-da-br-163-em-ms-foi-exitoso\\\/\"},\"wordCount\":689,\"publisher\":{\"@id\":\"https:\\\/\\\/vanderloubet.com.br\\\/deputado\\\/#organization\"},\"image\":{\"@id\":\"https:\\\/\\\/vanderloubet.com.br\\\/deputado\\\/conforme-previsto-por-vander-leilao-da-br-163-em-ms-foi-exitoso\\\/#primaryimage\"},\"thumbnailUrl\":\"https:\\\/\\\/vanderloubet.com.br\\\/deputado\\\/wp-content\\\/uploads\\\/2013\\\/12\\\/foto-2013-12-17-br163-divisa-mt-ms.jpg\",\"keywords\":[\"concess\u00e3o p\u00fablica\",\"transportes\"],\"articleSection\":[\"Mato Grosso do Sul\",\"Not\u00edcias\"],\"inLanguage\":\"pt-BR\"},{\"@type\":\"WebPage\",\"@id\":\"https:\\\/\\\/vanderloubet.com.br\\\/deputado\\\/conforme-previsto-por-vander-leilao-da-br-163-em-ms-foi-exitoso\\\/\",\"url\":\"https:\\\/\\\/vanderloubet.com.br\\\/deputado\\\/conforme-previsto-por-vander-leilao-da-br-163-em-ms-foi-exitoso\\\/\",\"name\":\"Conforme previsto por Vander, leil\u00e3o da BR-163 em MS foi exitoso\",\"isPartOf\":{\"@id\":\"https:\\\/\\\/vanderloubet.com.br\\\/deputado\\\/#website\"},\"primaryImageOfPage\":{\"@id\":\"https:\\\/\\\/vanderloubet.com.br\\\/deputado\\\/conforme-previsto-por-vander-leilao-da-br-163-em-ms-foi-exitoso\\\/#primaryimage\"},\"image\":{\"@id\":\"https:\\\/\\\/vanderloubet.com.br\\\/deputado\\\/conforme-previsto-por-vander-leilao-da-br-163-em-ms-foi-exitoso\\\/#primaryimage\"},\"thumbnailUrl\":\"https:\\\/\\\/vanderloubet.com.br\\\/deputado\\\/wp-content\\\/uploads\\\/2013\\\/12\\\/foto-2013-12-17-br163-divisa-mt-ms.jpg\",\"datePublished\":\"2013-12-17T16:23:59+00:00\",\"dateModified\":\"2015-02-06T00:52:06+00:00\",\"breadcrumb\":{\"@id\":\"https:\\\/\\\/vanderloubet.com.br\\\/deputado\\\/conforme-previsto-por-vander-leilao-da-br-163-em-ms-foi-exitoso\\\/#breadcrumb\"},\"inLanguage\":\"pt-BR\",\"potentialAction\":[{\"@type\":\"ReadAction\",\"target\":[\"https:\\\/\\\/vanderloubet.com.br\\\/deputado\\\/conforme-previsto-por-vander-leilao-da-br-163-em-ms-foi-exitoso\\\/\"]}]},{\"@type\":\"ImageObject\",\"inLanguage\":\"pt-BR\",\"@id\":\"https:\\\/\\\/vanderloubet.com.br\\\/deputado\\\/conforme-previsto-por-vander-leilao-da-br-163-em-ms-foi-exitoso\\\/#primaryimage\",\"url\":\"https:\\\/\\\/vanderloubet.com.br\\\/deputado\\\/wp-content\\\/uploads\\\/2013\\\/12\\\/foto-2013-12-17-br163-divisa-mt-ms.jpg\",\"contentUrl\":\"https:\\\/\\\/vanderloubet.com.br\\\/deputado\\\/wp-content\\\/uploads\\\/2013\\\/12\\\/foto-2013-12-17-br163-divisa-mt-ms.jpg\",\"width\":900,\"height\":600,\"caption\":\"Trecho da BR-163 na divisa entre MT e MS\"},{\"@type\":\"BreadcrumbList\",\"@id\":\"https:\\\/\\\/vanderloubet.com.br\\\/deputado\\\/conforme-previsto-por-vander-leilao-da-br-163-em-ms-foi-exitoso\\\/#breadcrumb\",\"itemListElement\":[{\"@type\":\"ListItem\",\"position\":1,\"name\":\"In\u00edcio\",\"item\":\"https:\\\/\\\/vanderloubet.com.br\\\/deputado\\\/\"},{\"@type\":\"ListItem\",\"position\":2,\"name\":\"Conforme previsto por Vander, leil\u00e3o da BR-163 em MS foi exitoso\"}]},{\"@type\":\"WebSite\",\"@id\":\"https:\\\/\\\/vanderloubet.com.br\\\/deputado\\\/#website\",\"url\":\"https:\\\/\\\/vanderloubet.com.br\\\/deputado\\\/\",\"name\":\"Deputado Federal Vander Loubet\",\"description\":\"O Federal de MS\",\"publisher\":{\"@id\":\"https:\\\/\\\/vanderloubet.com.br\\\/deputado\\\/#organization\"},\"alternateName\":\"Deputado Vander\",\"potentialAction\":[{\"@type\":\"SearchAction\",\"target\":{\"@type\":\"EntryPoint\",\"urlTemplate\":\"https:\\\/\\\/vanderloubet.com.br\\\/deputado\\\/?s={search_term_string}\"},\"query-input\":{\"@type\":\"PropertyValueSpecification\",\"valueRequired\":true,\"valueName\":\"search_term_string\"}}],\"inLanguage\":\"pt-BR\"},{\"@type\":\"Organization\",\"@id\":\"https:\\\/\\\/vanderloubet.com.br\\\/deputado\\\/#organization\",\"name\":\"Deputado Federal Vander Loubet\",\"alternateName\":\"Deputado Vander\",\"url\":\"https:\\\/\\\/vanderloubet.com.br\\\/deputado\\\/\",\"logo\":{\"@type\":\"ImageObject\",\"inLanguage\":\"pt-BR\",\"@id\":\"https:\\\/\\\/vanderloubet.com.br\\\/deputado\\\/#\\\/schema\\\/logo\\\/image\\\/\",\"url\":\"https:\\\/\\\/vanderloubet.com.br\\\/deputado\\\/wp-content\\\/uploads\\\/2023\\\/06\\\/foto-2023-06-19-mandato-deputado-vander.jpg\",\"contentUrl\":\"https:\\\/\\\/vanderloubet.com.br\\\/deputado\\\/wp-content\\\/uploads\\\/2023\\\/06\\\/foto-2023-06-19-mandato-deputado-vander.jpg\",\"width\":1080,\"height\":1080,\"caption\":\"Deputado Federal Vander Loubet\"},\"image\":{\"@id\":\"https:\\\/\\\/vanderloubet.com.br\\\/deputado\\\/#\\\/schema\\\/logo\\\/image\\\/\"},\"sameAs\":[\"https:\\\/\\\/facebook.com\\\/deputadovander\",\"https:\\\/\\\/x.com\\\/vanderloubet\",\"https:\\\/\\\/instagram.com\\\/vanderloubet\",\"https:\\\/\\\/youtube.com\\\/vanderloubet\",\"https:\\\/\\\/tiktok.com\\\/@vanderloubetms\"]},{\"@type\":\"Person\",\"@id\":\"https:\\\/\\\/vanderloubet.com.br\\\/deputado\\\/#\\\/schema\\\/person\\\/15b51bd564532a8a68d9dec1b8eb890e\",\"name\":\"\u00c9der\",\"image\":{\"@type\":\"ImageObject\",\"inLanguage\":\"pt-BR\",\"@id\":\"https:\\\/\\\/vanderloubet.com.br\\\/deputado\\\/wp-content\\\/litespeed\\\/avatar\\\/88ca4090d9d5ab1c9495f6ca03b68efa.jpg?ver=1777058957\",\"url\":\"https:\\\/\\\/vanderloubet.com.br\\\/deputado\\\/wp-content\\\/litespeed\\\/avatar\\\/88ca4090d9d5ab1c9495f6ca03b68efa.jpg?ver=1777058957\",\"contentUrl\":\"https:\\\/\\\/vanderloubet.com.br\\\/deputado\\\/wp-content\\\/litespeed\\\/avatar\\\/88ca4090d9d5ab1c9495f6ca03b68efa.jpg?ver=1777058957\",\"caption\":\"\u00c9der\"}}]}<\/script>\n<!-- \/ Yoast SEO plugin. -->","yoast_head_json":{"title":"Conforme previsto por Vander, leil\u00e3o da BR-163 em MS foi exitoso","robots":{"index":"index","follow":"follow","max-snippet":"max-snippet:-1","max-image-preview":"max-image-preview:large","max-video-preview":"max-video-preview:-1"},"canonical":"https:\/\/vanderloubet.com.br\/deputado\/conforme-previsto-por-vander-leilao-da-br-163-em-ms-foi-exitoso\/","og_locale":"pt_BR","og_type":"article","og_title":"Conforme previsto por Vander, leil\u00e3o da BR-163 em MS foi exitoso","og_description":"A concess\u00e3o da BR-163 em MS por 30 anos foi arrematada pelo Grupo CCR com tarifa de R$ 0,0438 por quil\u00f4metro, des\u00e1gio de 52,74% em rela\u00e7\u00e3o ao teto.","og_url":"https:\/\/vanderloubet.com.br\/deputado\/conforme-previsto-por-vander-leilao-da-br-163-em-ms-foi-exitoso\/","og_site_name":"Deputado Federal Vander Loubet","article_publisher":"https:\/\/facebook.com\/deputadovander","article_published_time":"2013-12-17T16:23:59+00:00","article_modified_time":"2015-02-06T00:52:06+00:00","og_image":[{"width":1200,"height":800,"url":"https:\/\/vanderloubet.com.br\/deputado\/wp-content\/uploads\/2013\/12\/foto-2013-12-17-br163-divisa-mt-ms.jpg","type":"image\/jpeg"}],"author":"\u00c9der","twitter_card":"summary_large_image","twitter_creator":"@vanderloubet","twitter_site":"@vanderloubet","schema":{"@context":"https:\/\/schema.org","@graph":[{"@type":"Article","@id":"https:\/\/vanderloubet.com.br\/deputado\/conforme-previsto-por-vander-leilao-da-br-163-em-ms-foi-exitoso\/#article","isPartOf":{"@id":"https:\/\/vanderloubet.com.br\/deputado\/conforme-previsto-por-vander-leilao-da-br-163-em-ms-foi-exitoso\/"},"author":{"name":"\u00c9der","@id":"https:\/\/vanderloubet.com.br\/deputado\/#\/schema\/person\/15b51bd564532a8a68d9dec1b8eb890e"},"headline":"Conforme previsto por Vander, leil\u00e3o da BR-163 em MS foi exitoso","datePublished":"2013-12-17T16:23:59+00:00","dateModified":"2015-02-06T00:52:06+00:00","mainEntityOfPage":{"@id":"https:\/\/vanderloubet.com.br\/deputado\/conforme-previsto-por-vander-leilao-da-br-163-em-ms-foi-exitoso\/"},"wordCount":689,"publisher":{"@id":"https:\/\/vanderloubet.com.br\/deputado\/#organization"},"image":{"@id":"https:\/\/vanderloubet.com.br\/deputado\/conforme-previsto-por-vander-leilao-da-br-163-em-ms-foi-exitoso\/#primaryimage"},"thumbnailUrl":"https:\/\/vanderloubet.com.br\/deputado\/wp-content\/uploads\/2013\/12\/foto-2013-12-17-br163-divisa-mt-ms.jpg","keywords":["concess\u00e3o p\u00fablica","transportes"],"articleSection":["Mato Grosso do Sul","Not\u00edcias"],"inLanguage":"pt-BR"},{"@type":"WebPage","@id":"https:\/\/vanderloubet.com.br\/deputado\/conforme-previsto-por-vander-leilao-da-br-163-em-ms-foi-exitoso\/","url":"https:\/\/vanderloubet.com.br\/deputado\/conforme-previsto-por-vander-leilao-da-br-163-em-ms-foi-exitoso\/","name":"Conforme previsto por Vander, leil\u00e3o da BR-163 em MS foi exitoso","isPartOf":{"@id":"https:\/\/vanderloubet.com.br\/deputado\/#website"},"primaryImageOfPage":{"@id":"https:\/\/vanderloubet.com.br\/deputado\/conforme-previsto-por-vander-leilao-da-br-163-em-ms-foi-exitoso\/#primaryimage"},"image":{"@id":"https:\/\/vanderloubet.com.br\/deputado\/conforme-previsto-por-vander-leilao-da-br-163-em-ms-foi-exitoso\/#primaryimage"},"thumbnailUrl":"https:\/\/vanderloubet.com.br\/deputado\/wp-content\/uploads\/2013\/12\/foto-2013-12-17-br163-divisa-mt-ms.jpg","datePublished":"2013-12-17T16:23:59+00:00","dateModified":"2015-02-06T00:52:06+00:00","breadcrumb":{"@id":"https:\/\/vanderloubet.com.br\/deputado\/conforme-previsto-por-vander-leilao-da-br-163-em-ms-foi-exitoso\/#breadcrumb"},"inLanguage":"pt-BR","potentialAction":[{"@type":"ReadAction","target":["https:\/\/vanderloubet.com.br\/deputado\/conforme-previsto-por-vander-leilao-da-br-163-em-ms-foi-exitoso\/"]}]},{"@type":"ImageObject","inLanguage":"pt-BR","@id":"https:\/\/vanderloubet.com.br\/deputado\/conforme-previsto-por-vander-leilao-da-br-163-em-ms-foi-exitoso\/#primaryimage","url":"https:\/\/vanderloubet.com.br\/deputado\/wp-content\/uploads\/2013\/12\/foto-2013-12-17-br163-divisa-mt-ms.jpg","contentUrl":"https:\/\/vanderloubet.com.br\/deputado\/wp-content\/uploads\/2013\/12\/foto-2013-12-17-br163-divisa-mt-ms.jpg","width":900,"height":600,"caption":"Trecho da BR-163 na divisa entre MT e MS"},{"@type":"BreadcrumbList","@id":"https:\/\/vanderloubet.com.br\/deputado\/conforme-previsto-por-vander-leilao-da-br-163-em-ms-foi-exitoso\/#breadcrumb","itemListElement":[{"@type":"ListItem","position":1,"name":"In\u00edcio","item":"https:\/\/vanderloubet.com.br\/deputado\/"},{"@type":"ListItem","position":2,"name":"Conforme previsto por Vander, leil\u00e3o da BR-163 em MS foi exitoso"}]},{"@type":"WebSite","@id":"https:\/\/vanderloubet.com.br\/deputado\/#website","url":"https:\/\/vanderloubet.com.br\/deputado\/","name":"Deputado Federal Vander Loubet","description":"O Federal de MS","publisher":{"@id":"https:\/\/vanderloubet.com.br\/deputado\/#organization"},"alternateName":"Deputado Vander","potentialAction":[{"@type":"SearchAction","target":{"@type":"EntryPoint","urlTemplate":"https:\/\/vanderloubet.com.br\/deputado\/?s={search_term_string}"},"query-input":{"@type":"PropertyValueSpecification","valueRequired":true,"valueName":"search_term_string"}}],"inLanguage":"pt-BR"},{"@type":"Organization","@id":"https:\/\/vanderloubet.com.br\/deputado\/#organization","name":"Deputado Federal Vander Loubet","alternateName":"Deputado Vander","url":"https:\/\/vanderloubet.com.br\/deputado\/","logo":{"@type":"ImageObject","inLanguage":"pt-BR","@id":"https:\/\/vanderloubet.com.br\/deputado\/#\/schema\/logo\/image\/","url":"https:\/\/vanderloubet.com.br\/deputado\/wp-content\/uploads\/2023\/06\/foto-2023-06-19-mandato-deputado-vander.jpg","contentUrl":"https:\/\/vanderloubet.com.br\/deputado\/wp-content\/uploads\/2023\/06\/foto-2023-06-19-mandato-deputado-vander.jpg","width":1080,"height":1080,"caption":"Deputado Federal Vander Loubet"},"image":{"@id":"https:\/\/vanderloubet.com.br\/deputado\/#\/schema\/logo\/image\/"},"sameAs":["https:\/\/facebook.com\/deputadovander","https:\/\/x.com\/vanderloubet","https:\/\/instagram.com\/vanderloubet","https:\/\/youtube.com\/vanderloubet","https:\/\/tiktok.com\/@vanderloubetms"]},{"@type":"Person","@id":"https:\/\/vanderloubet.com.br\/deputado\/#\/schema\/person\/15b51bd564532a8a68d9dec1b8eb890e","name":"\u00c9der","image":{"@type":"ImageObject","inLanguage":"pt-BR","@id":"https:\/\/vanderloubet.com.br\/deputado\/wp-content\/litespeed\/avatar\/88ca4090d9d5ab1c9495f6ca03b68efa.jpg?ver=1777058957","url":"https:\/\/vanderloubet.com.br\/deputado\/wp-content\/litespeed\/avatar\/88ca4090d9d5ab1c9495f6ca03b68efa.jpg?ver=1777058957","contentUrl":"https:\/\/vanderloubet.com.br\/deputado\/wp-content\/litespeed\/avatar\/88ca4090d9d5ab1c9495f6ca03b68efa.jpg?ver=1777058957","caption":"\u00c9der"}}]}},"jetpack_featured_media_url":"https:\/\/vanderloubet.com.br\/deputado\/wp-content\/uploads\/2013\/12\/foto-2013-12-17-br163-divisa-mt-ms.jpg","jetpack_sharing_enabled":true,"_links":{"self":[{"href":"https:\/\/vanderloubet.com.br\/deputado\/wp-json\/wp\/v2\/posts\/7162","targetHints":{"allow":["GET"]}}],"collection":[{"href":"https:\/\/vanderloubet.com.br\/deputado\/wp-json\/wp\/v2\/posts"}],"about":[{"href":"https:\/\/vanderloubet.com.br\/deputado\/wp-json\/wp\/v2\/types\/post"}],"author":[{"embeddable":true,"href":"https:\/\/vanderloubet.com.br\/deputado\/wp-json\/wp\/v2\/users\/2"}],"replies":[{"embeddable":true,"href":"https:\/\/vanderloubet.com.br\/deputado\/wp-json\/wp\/v2\/comments?post=7162"}],"version-history":[{"count":0,"href":"https:\/\/vanderloubet.com.br\/deputado\/wp-json\/wp\/v2\/posts\/7162\/revisions"}],"wp:featuredmedia":[{"embeddable":true,"href":"https:\/\/vanderloubet.com.br\/deputado\/wp-json\/wp\/v2\/media\/8242"}],"wp:attachment":[{"href":"https:\/\/vanderloubet.com.br\/deputado\/wp-json\/wp\/v2\/media?parent=7162"}],"wp:term":[{"taxonomy":"category","embeddable":true,"href":"https:\/\/vanderloubet.com.br\/deputado\/wp-json\/wp\/v2\/categories?post=7162"},{"taxonomy":"post_tag","embeddable":true,"href":"https:\/\/vanderloubet.com.br\/deputado\/wp-json\/wp\/v2\/tags?post=7162"}],"curies":[{"name":"wp","href":"https:\/\/api.w.org\/{rel}","templated":true}]}}