{"id":7130,"date":"2013-12-10T13:38:20","date_gmt":"2013-12-10T16:38:20","guid":{"rendered":"http:\/\/www.deputadovander.com.br\/website\/?p=7130"},"modified":"2015-02-05T22:29:50","modified_gmt":"2015-02-06T01:29:50","slug":"vander-marca-presenca-na-final-da-copa-biro-biro-em-ponta-pora","status":"publish","type":"post","link":"https:\/\/vanderloubet.com.br\/deputado\/vander-marca-presenca-na-final-da-copa-biro-biro-em-ponta-pora\/","title":{"rendered":"Vander marca presen\u00e7a na final da Copa Biro Biro de Futebol Su\u00ed\u00e7o em Ponta Por\u00e3"},"content":{"rendered":"\r\n                <style type=\"text\/css\">\r\n                    \r\n                    #tdi_1  .td-doubleSlider-2 .td-item1 {\r\n                        background: url(https:\/\/vanderloubet.com.br\/deputado\/wp-content\/uploads\/2013\/12\/foto-2013-12-08-copa-birobiro-02-80x60.jpg) 0 0 no-repeat;\r\n                    }\r\n                    #tdi_1  .td-doubleSlider-2 .td-item2 {\r\n                        background: url(https:\/\/vanderloubet.com.br\/deputado\/wp-content\/uploads\/2013\/12\/foto-2013-12-08-copa-birobiro-03-80x60.jpg) 0 0 no-repeat;\r\n                    }\r\n                    #tdi_1  .td-doubleSlider-2 .td-item3 {\r\n                        background: url(https:\/\/vanderloubet.com.br\/deputado\/wp-content\/uploads\/2013\/12\/foto-2013-12-08-copa-birobiro-01-80x60.jpg) 0 0 no-repeat;\r\n                    }\r\n                    #tdi_1  .td-doubleSlider-2 .td-item4 {\r\n                        background: url(https:\/\/vanderloubet.com.br\/deputado\/wp-content\/uploads\/2013\/12\/foto-2013-12-08-copa-birobiro-04-80x60.jpg) 0 0 no-repeat;\r\n                    }\r\n                <\/style>\r\n\r\n                <div id=\"tdi_1\" class=\"td-gallery td-slide-on-2-columns\">\r\n                    <div class=\"post_td_gallery\">\r\n                        <div class=\"td-gallery-slide-top\">\r\n                           <div class=\"td-gallery-title\"><\/div>\r\n\r\n                            <div class=\"td-gallery-controls-wrapper\">\r\n                                <div class=\"td-gallery-slide-count\"><span class=\"td-gallery-slide-item-focus\">1<\/span> de 4<\/div>\r\n                                <div class=\"td-gallery-slide-prev-next-but\">\r\n                                    <i class = \"td-icon-left doubleSliderPrevButton\"><\/i>\r\n                                    <i class = \"td-icon-right doubleSliderNextButton\"><\/i>\r\n                                <\/div>\r\n                            <\/div>\r\n                        <\/div>\r\n\r\n                        <div class = \"td-doubleSlider-1 \">\r\n                            <div class = \"td-slider\">\r\n                                \r\n                    <div class = \"td-slide-item td-item1\">\r\n                        <figure class=\"td-slide-galery-figure td-slide-popup-gallery\">\r\n                            <a class=\"slide-gallery-image-link\" href=\"https:\/\/vanderloubet.com.br\/deputado\/wp-content\/uploads\/2013\/12\/foto-2013-12-08-copa-birobiro-02.jpg\" title=\"foto-2013-12-08-copa-birobiro-02\"  data-caption=\"\"  data-description=\"A equipe do 4&times;4 Futebol Clube levou a melhor e ficou com o t&iacute;tulo\">\r\n                                <img decoding=\"async\" src=\"https:\/\/vanderloubet.com.br\/deputado\/wp-content\/uploads\/2013\/12\/foto-2013-12-08-copa-birobiro-02-630x420.jpg\" srcset=\"https:\/\/vanderloubet.com.br\/deputado\/wp-content\/uploads\/2013\/12\/foto-2013-12-08-copa-birobiro-02-630x420.jpg 630w, https:\/\/vanderloubet.com.br\/deputado\/wp-content\/uploads\/2013\/12\/foto-2013-12-08-copa-birobiro-02-350x233.jpg 350w, https:\/\/vanderloubet.com.br\/deputado\/wp-content\/uploads\/2013\/12\/foto-2013-12-08-copa-birobiro-02-768x512.jpg 768w, https:\/\/vanderloubet.com.br\/deputado\/wp-content\/uploads\/2013\/12\/foto-2013-12-08-copa-birobiro-02-700x467.jpg 700w, https:\/\/vanderloubet.com.br\/deputado\/wp-content\/uploads\/2013\/12\/foto-2013-12-08-copa-birobiro-02-696x464.jpg 696w, https:\/\/vanderloubet.com.br\/deputado\/wp-content\/uploads\/2013\/12\/foto-2013-12-08-copa-birobiro-02.jpg 900w\" sizes=\"(max-width: 630px) 100vw, 630px\" alt=\"A equipe do 4&times;4 Futebol Clube levou a melhor e ficou com o t&iacute;tulo\">\r\n                            <\/a>\r\n                            <figcaption class = \"td-slide-caption td-gallery-slide-content\"><span>A equipe do 4\u00d74 Futebol Clube levou a melhor e ficou com o t\u00edtulo<\/span><\/figcaption>\r\n                        <\/figure>\r\n                    <\/div>\r\n                    <div class = \"td-slide-item td-item2\">\r\n                        <figure class=\"td-slide-galery-figure td-slide-popup-gallery\">\r\n                            <a class=\"slide-gallery-image-link\" href=\"https:\/\/vanderloubet.com.br\/deputado\/wp-content\/uploads\/2013\/12\/foto-2013-12-08-copa-birobiro-03.jpg\" title=\"foto-2013-12-08-copa-birobiro-03\"  data-caption=\"\"  data-description=\"O Sport Li&ntilde;a ficou com o vice-campeonato do torneio\">\r\n                                <img decoding=\"async\" src=\"https:\/\/vanderloubet.com.br\/deputado\/wp-content\/uploads\/2013\/12\/foto-2013-12-08-copa-birobiro-03-630x420.jpg\" srcset=\"https:\/\/vanderloubet.com.br\/deputado\/wp-content\/uploads\/2013\/12\/foto-2013-12-08-copa-birobiro-03-630x420.jpg 630w, https:\/\/vanderloubet.com.br\/deputado\/wp-content\/uploads\/2013\/12\/foto-2013-12-08-copa-birobiro-03-350x233.jpg 350w, https:\/\/vanderloubet.com.br\/deputado\/wp-content\/uploads\/2013\/12\/foto-2013-12-08-copa-birobiro-03-768x512.jpg 768w, https:\/\/vanderloubet.com.br\/deputado\/wp-content\/uploads\/2013\/12\/foto-2013-12-08-copa-birobiro-03-700x467.jpg 700w, https:\/\/vanderloubet.com.br\/deputado\/wp-content\/uploads\/2013\/12\/foto-2013-12-08-copa-birobiro-03-696x464.jpg 696w, https:\/\/vanderloubet.com.br\/deputado\/wp-content\/uploads\/2013\/12\/foto-2013-12-08-copa-birobiro-03.jpg 900w\" sizes=\"(max-width: 630px) 100vw, 630px\" alt=\"O Sport Li&ntilde;a ficou com o vice-campeonato do torneio\">\r\n                            <\/a>\r\n                            <figcaption class = \"td-slide-caption td-gallery-slide-content\"><span>O Sport Li\u00f1a ficou com o vice-campeonato do torneio<\/span><\/figcaption>\r\n                        <\/figure>\r\n                    <\/div>\r\n                    <div class = \"td-slide-item td-item3\">\r\n                        <figure class=\"td-slide-galery-figure td-slide-popup-gallery\">\r\n                            <a class=\"slide-gallery-image-link\" href=\"https:\/\/vanderloubet.com.br\/deputado\/wp-content\/uploads\/2013\/12\/foto-2013-12-08-copa-birobiro-01.jpg\" title=\"foto-2013-12-08-copa-birobiro-01\"  data-caption=\"\"  data-description=\"Vander recebe pr&ecirc;mio de Biro Biro pelo apoio ao torneio\">\r\n                                <img decoding=\"async\" src=\"https:\/\/vanderloubet.com.br\/deputado\/wp-content\/uploads\/2013\/12\/foto-2013-12-08-copa-birobiro-01-630x420.jpg\" srcset=\"https:\/\/vanderloubet.com.br\/deputado\/wp-content\/uploads\/2013\/12\/foto-2013-12-08-copa-birobiro-01-630x420.jpg 630w, https:\/\/vanderloubet.com.br\/deputado\/wp-content\/uploads\/2013\/12\/foto-2013-12-08-copa-birobiro-01-350x233.jpg 350w, https:\/\/vanderloubet.com.br\/deputado\/wp-content\/uploads\/2013\/12\/foto-2013-12-08-copa-birobiro-01-768x512.jpg 768w, https:\/\/vanderloubet.com.br\/deputado\/wp-content\/uploads\/2013\/12\/foto-2013-12-08-copa-birobiro-01-700x467.jpg 700w, https:\/\/vanderloubet.com.br\/deputado\/wp-content\/uploads\/2013\/12\/foto-2013-12-08-copa-birobiro-01-696x464.jpg 696w, https:\/\/vanderloubet.com.br\/deputado\/wp-content\/uploads\/2013\/12\/foto-2013-12-08-copa-birobiro-01.jpg 900w\" sizes=\"(max-width: 630px) 100vw, 630px\" alt=\"Vander recebe pr&ecirc;mio de Biro Biro pelo apoio ao torneio\">\r\n                            <\/a>\r\n                            <figcaption class = \"td-slide-caption td-gallery-slide-content\"><span>Vander recebe pr\u00eamio de Biro Biro pelo apoio ao torneio<\/span><\/figcaption>\r\n                        <\/figure>\r\n                    <\/div>\r\n                    <div class = \"td-slide-item td-item4\">\r\n                        <figure class=\"td-slide-galery-figure td-slide-popup-gallery\">\r\n                            <a class=\"slide-gallery-image-link\" href=\"https:\/\/vanderloubet.com.br\/deputado\/wp-content\/uploads\/2013\/12\/foto-2013-12-08-copa-birobiro-04.jpg\" title=\"foto-2013-12-08-copa-birobiro-04\"  data-caption=\"\"  data-description=\"Deputado Vander foi um dos apoiadores da 1&ordf; Copa Biro Biro\">\r\n                                <img decoding=\"async\" src=\"https:\/\/vanderloubet.com.br\/deputado\/wp-content\/uploads\/2013\/12\/foto-2013-12-08-copa-birobiro-04-630x420.jpg\" srcset=\"https:\/\/vanderloubet.com.br\/deputado\/wp-content\/uploads\/2013\/12\/foto-2013-12-08-copa-birobiro-04-630x420.jpg 630w, https:\/\/vanderloubet.com.br\/deputado\/wp-content\/uploads\/2013\/12\/foto-2013-12-08-copa-birobiro-04-350x233.jpg 350w, https:\/\/vanderloubet.com.br\/deputado\/wp-content\/uploads\/2013\/12\/foto-2013-12-08-copa-birobiro-04-768x512.jpg 768w, https:\/\/vanderloubet.com.br\/deputado\/wp-content\/uploads\/2013\/12\/foto-2013-12-08-copa-birobiro-04-700x467.jpg 700w, https:\/\/vanderloubet.com.br\/deputado\/wp-content\/uploads\/2013\/12\/foto-2013-12-08-copa-birobiro-04-696x464.jpg 696w, https:\/\/vanderloubet.com.br\/deputado\/wp-content\/uploads\/2013\/12\/foto-2013-12-08-copa-birobiro-04.jpg 900w\" sizes=\"(max-width: 630px) 100vw, 630px\" alt=\"Deputado Vander foi um dos apoiadores da 1&ordf; Copa Biro Biro\">\r\n                            <\/a>\r\n                            <figcaption class = \"td-slide-caption td-gallery-slide-content\"><span>Deputado Vander foi um dos apoiadores da 1\u00aa Copa Biro Biro<\/span><\/figcaption>\r\n                        <\/figure>\r\n                    <\/div>\r\n                            <\/div>\r\n                        <\/div>\r\n\r\n                        <div class = \"td-doubleSlider-2\">\r\n                            <div class = \"td-slider\">\r\n                                \r\n                    <div class = \"td-button td-item1\">\r\n                        <div class = \"td-border\"><\/div>\r\n                    <\/div>\r\n                    <div class = \"td-button td-item2\">\r\n                        <div class = \"td-border\"><\/div>\r\n                    <\/div>\r\n                    <div class = \"td-button td-item3\">\r\n                        <div class = \"td-border\"><\/div>\r\n                    <\/div>\r\n                    <div class = \"td-button td-item4\">\r\n                        <div class = \"td-border\"><\/div>\r\n                    <\/div>\r\n                            <\/div>\r\n                        <\/div>\r\n\r\n                    <\/div>\r\n\r\n                <\/div>\r\n                \n<p>A 1\u00aa Copa Biro Biro de Futebol Su\u00ed\u00e7o, que teve in\u00edcio no dia 6 de outubro, chegou ao final no \u00faltimo domingo (8), no campo do Est\u00e1dio Aral Moreira, em Ponta Por\u00e3. O deputado federal Vander Loubet (PT-MS), um dos apoiadores do torneio, marcou presen\u00e7a e participou da premia\u00e7\u00e3o ap\u00f3s a final.<\/p>\n<p>As 64 equipes que participaram do campeonato jogaram nos campos do Planalto, Bom Gosto, Andreazza, suplementar do Est\u00e1dio Aral Moreira, parque de exposi\u00e7\u00e3o, Cophafronteira, Terer\u00e9 e do Arsenal. A competi\u00e7\u00e3o, organizada pelo vereador Antonio Marques de Oliveira, o Biro Biro (PHS), reuniu 1024 atletas. Foram marcados 496 gols, sendo uma m\u00e9dia de 3.93 gols por partida.<\/p>\n<p>Na decis\u00e3o, na primeira partida, o Sport Jardim venceu a Amogran, ficando com a terceira coloca\u00e7\u00e3o. Na grande final, o jogo entre Sport Li\u00f1a e 4&#215;4 Futebol Clube terminou empatado em um a um e foi decidido nas cobran\u00e7as de p\u00eanaltis. A equipe do 4&#215;4 Futebol Clube levou a melhor e venceu por dois a um, sagrando-se campe\u00e3 da 1\u00aa Copa Biro Biro de Futebol Su\u00ed\u00e7o.<\/p>\n<p>Al\u00e9m de Biro Biro e Vander, participaram da solenidade de premia\u00e7\u00e3o o prefeito Ludimar Novais (PPS); os vereadores Agnaldo Miudinho (DEM), Caio Augusto (PSD) e C\u00e9sar Mattoso (PTdoB); os secret\u00e1rios municipais Reginaldo Almeida (Governo) e Carlos Bord\u00e3o (Juventude, Esporte e Lazer); e Paulinho Vieira, presidente do Ponta Por\u00e3 Sociedade Esportiva e coordenador da competi\u00e7\u00e3o.<\/p>\n<p><em>(Fonte: Ponta Por\u00e3 Informa)<\/em><\/p>\n","protected":false},"excerpt":{"rendered":"<p>A competi\u00e7\u00e3o, organizada pelo vereador Biro Biro, reuniu 64 equipes e 1024 atletas. O deputado Vander foi um dos apoiadores do torneio.<\/p>\n","protected":false},"author":2,"featured_media":8274,"comment_status":"closed","ping_status":"open","sticky":false,"template":"","format":"standard","meta":{"jetpack_post_was_ever_published":false,"_jetpack_newsletter_access":"","_jetpack_dont_email_post_to_subs":false,"_jetpack_newsletter_tier_id":0,"_jetpack_memberships_contains_paywalled_content":false,"_jetpack_memberships_contains_paid_content":false,"footnotes":""},"categories":[2097,10],"tags":[2189,739],"class_list":{"0":"post-7130","1":"post","2":"type-post","3":"status-publish","4":"format-standard","5":"has-post-thumbnail","7":"category-municipios-noticias","8":"category-noticias","9":"tag-copa-biro-biro-de-futebol-suico","10":"tag-esporte"},"yoast_head":"<!-- This site is optimized with the Yoast SEO plugin v27.4 - https:\/\/yoast.com\/product\/yoast-seo-wordpress\/ -->\n<title>Vander marca presen\u00e7a na final da Copa Biro Biro de Futebol Su\u00ed\u00e7o em Ponta Por\u00e3<\/title>\n<meta name=\"robots\" content=\"index, follow, max-snippet:-1, max-image-preview:large, max-video-preview:-1\" \/>\n<link rel=\"canonical\" href=\"https:\/\/vanderloubet.com.br\/deputado\/vander-marca-presenca-na-final-da-copa-biro-biro-em-ponta-pora\/\" \/>\n<meta property=\"og:locale\" content=\"pt_BR\" \/>\n<meta property=\"og:type\" content=\"article\" \/>\n<meta property=\"og:title\" content=\"Vander marca presen\u00e7a na final da Copa Biro Biro de Futebol Su\u00ed\u00e7o em Ponta Por\u00e3\" \/>\n<meta property=\"og:description\" content=\"A competi\u00e7\u00e3o, organizada pelo vereador Biro Biro, reuniu 64 equipes e 1024 atletas. O deputado Vander foi um dos apoiadores do torneio.\" \/>\n<meta property=\"og:url\" content=\"https:\/\/vanderloubet.com.br\/deputado\/vander-marca-presenca-na-final-da-copa-biro-biro-em-ponta-pora\/\" \/>\n<meta property=\"og:site_name\" content=\"Deputado Federal Vander Loubet\" \/>\n<meta property=\"article:publisher\" content=\"https:\/\/facebook.com\/deputadovander\" \/>\n<meta property=\"article:published_time\" content=\"2013-12-10T16:38:20+00:00\" \/>\n<meta property=\"article:modified_time\" content=\"2015-02-06T01:29:50+00:00\" \/>\n<meta property=\"og:image\" content=\"https:\/\/vanderloubet.com.br\/deputado\/wp-content\/uploads\/2013\/12\/foto-2013-12-08-copa-birobiro-04.jpg\" \/>\n\t<meta property=\"og:image:width\" content=\"800\" \/>\n\t<meta property=\"og:image:height\" content=\"534\" \/>\n\t<meta property=\"og:image:type\" content=\"image\/jpeg\" \/>\n<meta name=\"author\" content=\"\u00c9der\" \/>\n<meta name=\"twitter:card\" content=\"summary_large_image\" \/>\n<meta name=\"twitter:creator\" content=\"@vanderloubet\" \/>\n<meta name=\"twitter:site\" content=\"@vanderloubet\" \/>\n<script type=\"application\/ld+json\" class=\"yoast-schema-graph\">{\"@context\":\"https:\\\/\\\/schema.org\",\"@graph\":[{\"@type\":\"Article\",\"@id\":\"https:\\\/\\\/vanderloubet.com.br\\\/deputado\\\/vander-marca-presenca-na-final-da-copa-biro-biro-em-ponta-pora\\\/#article\",\"isPartOf\":{\"@id\":\"https:\\\/\\\/vanderloubet.com.br\\\/deputado\\\/vander-marca-presenca-na-final-da-copa-biro-biro-em-ponta-pora\\\/\"},\"author\":{\"name\":\"\u00c9der\",\"@id\":\"https:\\\/\\\/vanderloubet.com.br\\\/deputado\\\/#\\\/schema\\\/person\\\/15b51bd564532a8a68d9dec1b8eb890e\"},\"headline\":\"Vander marca presen\u00e7a na final da Copa Biro Biro de Futebol Su\u00ed\u00e7o em Ponta Por\u00e3\",\"datePublished\":\"2013-12-10T16:38:20+00:00\",\"dateModified\":\"2015-02-06T01:29:50+00:00\",\"mainEntityOfPage\":{\"@id\":\"https:\\\/\\\/vanderloubet.com.br\\\/deputado\\\/vander-marca-presenca-na-final-da-copa-biro-biro-em-ponta-pora\\\/\"},\"wordCount\":274,\"publisher\":{\"@id\":\"https:\\\/\\\/vanderloubet.com.br\\\/deputado\\\/#organization\"},\"image\":{\"@id\":\"https:\\\/\\\/vanderloubet.com.br\\\/deputado\\\/vander-marca-presenca-na-final-da-copa-biro-biro-em-ponta-pora\\\/#primaryimage\"},\"thumbnailUrl\":\"https:\\\/\\\/vanderloubet.com.br\\\/deputado\\\/wp-content\\\/uploads\\\/2013\\\/12\\\/foto-2013-12-08-copa-birobiro-04.jpg\",\"keywords\":[\"Copa Biro Biro de Futebol Su\u00ed\u00e7o\",\"esporte\"],\"articleSection\":[\"Munic\u00edpios\",\"Not\u00edcias\"],\"inLanguage\":\"pt-BR\"},{\"@type\":\"WebPage\",\"@id\":\"https:\\\/\\\/vanderloubet.com.br\\\/deputado\\\/vander-marca-presenca-na-final-da-copa-biro-biro-em-ponta-pora\\\/\",\"url\":\"https:\\\/\\\/vanderloubet.com.br\\\/deputado\\\/vander-marca-presenca-na-final-da-copa-biro-biro-em-ponta-pora\\\/\",\"name\":\"Vander marca presen\u00e7a na final da Copa Biro Biro de Futebol Su\u00ed\u00e7o em Ponta Por\u00e3\",\"isPartOf\":{\"@id\":\"https:\\\/\\\/vanderloubet.com.br\\\/deputado\\\/#website\"},\"primaryImageOfPage\":{\"@id\":\"https:\\\/\\\/vanderloubet.com.br\\\/deputado\\\/vander-marca-presenca-na-final-da-copa-biro-biro-em-ponta-pora\\\/#primaryimage\"},\"image\":{\"@id\":\"https:\\\/\\\/vanderloubet.com.br\\\/deputado\\\/vander-marca-presenca-na-final-da-copa-biro-biro-em-ponta-pora\\\/#primaryimage\"},\"thumbnailUrl\":\"https:\\\/\\\/vanderloubet.com.br\\\/deputado\\\/wp-content\\\/uploads\\\/2013\\\/12\\\/foto-2013-12-08-copa-birobiro-04.jpg\",\"datePublished\":\"2013-12-10T16:38:20+00:00\",\"dateModified\":\"2015-02-06T01:29:50+00:00\",\"breadcrumb\":{\"@id\":\"https:\\\/\\\/vanderloubet.com.br\\\/deputado\\\/vander-marca-presenca-na-final-da-copa-biro-biro-em-ponta-pora\\\/#breadcrumb\"},\"inLanguage\":\"pt-BR\",\"potentialAction\":[{\"@type\":\"ReadAction\",\"target\":[\"https:\\\/\\\/vanderloubet.com.br\\\/deputado\\\/vander-marca-presenca-na-final-da-copa-biro-biro-em-ponta-pora\\\/\"]}]},{\"@type\":\"ImageObject\",\"inLanguage\":\"pt-BR\",\"@id\":\"https:\\\/\\\/vanderloubet.com.br\\\/deputado\\\/vander-marca-presenca-na-final-da-copa-biro-biro-em-ponta-pora\\\/#primaryimage\",\"url\":\"https:\\\/\\\/vanderloubet.com.br\\\/deputado\\\/wp-content\\\/uploads\\\/2013\\\/12\\\/foto-2013-12-08-copa-birobiro-04.jpg\",\"contentUrl\":\"https:\\\/\\\/vanderloubet.com.br\\\/deputado\\\/wp-content\\\/uploads\\\/2013\\\/12\\\/foto-2013-12-08-copa-birobiro-04.jpg\",\"width\":900,\"height\":600,\"caption\":\"Deputado Vander foi um dos apoiadores da 1\u00aa Copa Biro Biro\"},{\"@type\":\"BreadcrumbList\",\"@id\":\"https:\\\/\\\/vanderloubet.com.br\\\/deputado\\\/vander-marca-presenca-na-final-da-copa-biro-biro-em-ponta-pora\\\/#breadcrumb\",\"itemListElement\":[{\"@type\":\"ListItem\",\"position\":1,\"name\":\"In\u00edcio\",\"item\":\"https:\\\/\\\/vanderloubet.com.br\\\/deputado\\\/\"},{\"@type\":\"ListItem\",\"position\":2,\"name\":\"Vander marca presen\u00e7a na final da Copa Biro Biro de Futebol Su\u00ed\u00e7o em Ponta Por\u00e3\"}]},{\"@type\":\"WebSite\",\"@id\":\"https:\\\/\\\/vanderloubet.com.br\\\/deputado\\\/#website\",\"url\":\"https:\\\/\\\/vanderloubet.com.br\\\/deputado\\\/\",\"name\":\"Deputado Federal Vander Loubet\",\"description\":\"O Federal de MS\",\"publisher\":{\"@id\":\"https:\\\/\\\/vanderloubet.com.br\\\/deputado\\\/#organization\"},\"alternateName\":\"Deputado Vander\",\"potentialAction\":[{\"@type\":\"SearchAction\",\"target\":{\"@type\":\"EntryPoint\",\"urlTemplate\":\"https:\\\/\\\/vanderloubet.com.br\\\/deputado\\\/?s={search_term_string}\"},\"query-input\":{\"@type\":\"PropertyValueSpecification\",\"valueRequired\":true,\"valueName\":\"search_term_string\"}}],\"inLanguage\":\"pt-BR\"},{\"@type\":\"Organization\",\"@id\":\"https:\\\/\\\/vanderloubet.com.br\\\/deputado\\\/#organization\",\"name\":\"Deputado Federal Vander Loubet\",\"alternateName\":\"Deputado Vander\",\"url\":\"https:\\\/\\\/vanderloubet.com.br\\\/deputado\\\/\",\"logo\":{\"@type\":\"ImageObject\",\"inLanguage\":\"pt-BR\",\"@id\":\"https:\\\/\\\/vanderloubet.com.br\\\/deputado\\\/#\\\/schema\\\/logo\\\/image\\\/\",\"url\":\"https:\\\/\\\/vanderloubet.com.br\\\/deputado\\\/wp-content\\\/uploads\\\/2023\\\/06\\\/foto-2023-06-19-mandato-deputado-vander.jpg\",\"contentUrl\":\"https:\\\/\\\/vanderloubet.com.br\\\/deputado\\\/wp-content\\\/uploads\\\/2023\\\/06\\\/foto-2023-06-19-mandato-deputado-vander.jpg\",\"width\":1080,\"height\":1080,\"caption\":\"Deputado Federal Vander Loubet\"},\"image\":{\"@id\":\"https:\\\/\\\/vanderloubet.com.br\\\/deputado\\\/#\\\/schema\\\/logo\\\/image\\\/\"},\"sameAs\":[\"https:\\\/\\\/facebook.com\\\/deputadovander\",\"https:\\\/\\\/x.com\\\/vanderloubet\",\"https:\\\/\\\/instagram.com\\\/vanderloubet\",\"https:\\\/\\\/youtube.com\\\/vanderloubet\",\"https:\\\/\\\/tiktok.com\\\/@vanderloubetms\"]},{\"@type\":\"Person\",\"@id\":\"https:\\\/\\\/vanderloubet.com.br\\\/deputado\\\/#\\\/schema\\\/person\\\/15b51bd564532a8a68d9dec1b8eb890e\",\"name\":\"\u00c9der\",\"image\":{\"@type\":\"ImageObject\",\"inLanguage\":\"pt-BR\",\"@id\":\"https:\\\/\\\/vanderloubet.com.br\\\/deputado\\\/wp-content\\\/litespeed\\\/avatar\\\/88ca4090d9d5ab1c9495f6ca03b68efa.jpg?ver=1777058957\",\"url\":\"https:\\\/\\\/vanderloubet.com.br\\\/deputado\\\/wp-content\\\/litespeed\\\/avatar\\\/88ca4090d9d5ab1c9495f6ca03b68efa.jpg?ver=1777058957\",\"contentUrl\":\"https:\\\/\\\/vanderloubet.com.br\\\/deputado\\\/wp-content\\\/litespeed\\\/avatar\\\/88ca4090d9d5ab1c9495f6ca03b68efa.jpg?ver=1777058957\",\"caption\":\"\u00c9der\"}}]}<\/script>\n<!-- \/ Yoast SEO plugin. -->","yoast_head_json":{"title":"Vander marca presen\u00e7a na final da Copa Biro Biro de Futebol Su\u00ed\u00e7o em Ponta Por\u00e3","robots":{"index":"index","follow":"follow","max-snippet":"max-snippet:-1","max-image-preview":"max-image-preview:large","max-video-preview":"max-video-preview:-1"},"canonical":"https:\/\/vanderloubet.com.br\/deputado\/vander-marca-presenca-na-final-da-copa-biro-biro-em-ponta-pora\/","og_locale":"pt_BR","og_type":"article","og_title":"Vander marca presen\u00e7a na final da Copa Biro Biro de Futebol Su\u00ed\u00e7o em Ponta Por\u00e3","og_description":"A competi\u00e7\u00e3o, organizada pelo vereador Biro Biro, reuniu 64 equipes e 1024 atletas. O deputado Vander foi um dos apoiadores do torneio.","og_url":"https:\/\/vanderloubet.com.br\/deputado\/vander-marca-presenca-na-final-da-copa-biro-biro-em-ponta-pora\/","og_site_name":"Deputado Federal Vander Loubet","article_publisher":"https:\/\/facebook.com\/deputadovander","article_published_time":"2013-12-10T16:38:20+00:00","article_modified_time":"2015-02-06T01:29:50+00:00","og_image":[{"width":800,"height":534,"url":"https:\/\/vanderloubet.com.br\/deputado\/wp-content\/uploads\/2013\/12\/foto-2013-12-08-copa-birobiro-04.jpg","type":"image\/jpeg"}],"author":"\u00c9der","twitter_card":"summary_large_image","twitter_creator":"@vanderloubet","twitter_site":"@vanderloubet","schema":{"@context":"https:\/\/schema.org","@graph":[{"@type":"Article","@id":"https:\/\/vanderloubet.com.br\/deputado\/vander-marca-presenca-na-final-da-copa-biro-biro-em-ponta-pora\/#article","isPartOf":{"@id":"https:\/\/vanderloubet.com.br\/deputado\/vander-marca-presenca-na-final-da-copa-biro-biro-em-ponta-pora\/"},"author":{"name":"\u00c9der","@id":"https:\/\/vanderloubet.com.br\/deputado\/#\/schema\/person\/15b51bd564532a8a68d9dec1b8eb890e"},"headline":"Vander marca presen\u00e7a na final da Copa Biro Biro de Futebol Su\u00ed\u00e7o em Ponta Por\u00e3","datePublished":"2013-12-10T16:38:20+00:00","dateModified":"2015-02-06T01:29:50+00:00","mainEntityOfPage":{"@id":"https:\/\/vanderloubet.com.br\/deputado\/vander-marca-presenca-na-final-da-copa-biro-biro-em-ponta-pora\/"},"wordCount":274,"publisher":{"@id":"https:\/\/vanderloubet.com.br\/deputado\/#organization"},"image":{"@id":"https:\/\/vanderloubet.com.br\/deputado\/vander-marca-presenca-na-final-da-copa-biro-biro-em-ponta-pora\/#primaryimage"},"thumbnailUrl":"https:\/\/vanderloubet.com.br\/deputado\/wp-content\/uploads\/2013\/12\/foto-2013-12-08-copa-birobiro-04.jpg","keywords":["Copa Biro Biro de Futebol Su\u00ed\u00e7o","esporte"],"articleSection":["Munic\u00edpios","Not\u00edcias"],"inLanguage":"pt-BR"},{"@type":"WebPage","@id":"https:\/\/vanderloubet.com.br\/deputado\/vander-marca-presenca-na-final-da-copa-biro-biro-em-ponta-pora\/","url":"https:\/\/vanderloubet.com.br\/deputado\/vander-marca-presenca-na-final-da-copa-biro-biro-em-ponta-pora\/","name":"Vander marca presen\u00e7a na final da Copa Biro Biro de Futebol Su\u00ed\u00e7o em Ponta Por\u00e3","isPartOf":{"@id":"https:\/\/vanderloubet.com.br\/deputado\/#website"},"primaryImageOfPage":{"@id":"https:\/\/vanderloubet.com.br\/deputado\/vander-marca-presenca-na-final-da-copa-biro-biro-em-ponta-pora\/#primaryimage"},"image":{"@id":"https:\/\/vanderloubet.com.br\/deputado\/vander-marca-presenca-na-final-da-copa-biro-biro-em-ponta-pora\/#primaryimage"},"thumbnailUrl":"https:\/\/vanderloubet.com.br\/deputado\/wp-content\/uploads\/2013\/12\/foto-2013-12-08-copa-birobiro-04.jpg","datePublished":"2013-12-10T16:38:20+00:00","dateModified":"2015-02-06T01:29:50+00:00","breadcrumb":{"@id":"https:\/\/vanderloubet.com.br\/deputado\/vander-marca-presenca-na-final-da-copa-biro-biro-em-ponta-pora\/#breadcrumb"},"inLanguage":"pt-BR","potentialAction":[{"@type":"ReadAction","target":["https:\/\/vanderloubet.com.br\/deputado\/vander-marca-presenca-na-final-da-copa-biro-biro-em-ponta-pora\/"]}]},{"@type":"ImageObject","inLanguage":"pt-BR","@id":"https:\/\/vanderloubet.com.br\/deputado\/vander-marca-presenca-na-final-da-copa-biro-biro-em-ponta-pora\/#primaryimage","url":"https:\/\/vanderloubet.com.br\/deputado\/wp-content\/uploads\/2013\/12\/foto-2013-12-08-copa-birobiro-04.jpg","contentUrl":"https:\/\/vanderloubet.com.br\/deputado\/wp-content\/uploads\/2013\/12\/foto-2013-12-08-copa-birobiro-04.jpg","width":900,"height":600,"caption":"Deputado Vander foi um dos apoiadores da 1\u00aa Copa Biro Biro"},{"@type":"BreadcrumbList","@id":"https:\/\/vanderloubet.com.br\/deputado\/vander-marca-presenca-na-final-da-copa-biro-biro-em-ponta-pora\/#breadcrumb","itemListElement":[{"@type":"ListItem","position":1,"name":"In\u00edcio","item":"https:\/\/vanderloubet.com.br\/deputado\/"},{"@type":"ListItem","position":2,"name":"Vander marca presen\u00e7a na final da Copa Biro Biro de Futebol Su\u00ed\u00e7o em Ponta Por\u00e3"}]},{"@type":"WebSite","@id":"https:\/\/vanderloubet.com.br\/deputado\/#website","url":"https:\/\/vanderloubet.com.br\/deputado\/","name":"Deputado Federal Vander Loubet","description":"O Federal de MS","publisher":{"@id":"https:\/\/vanderloubet.com.br\/deputado\/#organization"},"alternateName":"Deputado Vander","potentialAction":[{"@type":"SearchAction","target":{"@type":"EntryPoint","urlTemplate":"https:\/\/vanderloubet.com.br\/deputado\/?s={search_term_string}"},"query-input":{"@type":"PropertyValueSpecification","valueRequired":true,"valueName":"search_term_string"}}],"inLanguage":"pt-BR"},{"@type":"Organization","@id":"https:\/\/vanderloubet.com.br\/deputado\/#organization","name":"Deputado Federal Vander Loubet","alternateName":"Deputado Vander","url":"https:\/\/vanderloubet.com.br\/deputado\/","logo":{"@type":"ImageObject","inLanguage":"pt-BR","@id":"https:\/\/vanderloubet.com.br\/deputado\/#\/schema\/logo\/image\/","url":"https:\/\/vanderloubet.com.br\/deputado\/wp-content\/uploads\/2023\/06\/foto-2023-06-19-mandato-deputado-vander.jpg","contentUrl":"https:\/\/vanderloubet.com.br\/deputado\/wp-content\/uploads\/2023\/06\/foto-2023-06-19-mandato-deputado-vander.jpg","width":1080,"height":1080,"caption":"Deputado Federal Vander Loubet"},"image":{"@id":"https:\/\/vanderloubet.com.br\/deputado\/#\/schema\/logo\/image\/"},"sameAs":["https:\/\/facebook.com\/deputadovander","https:\/\/x.com\/vanderloubet","https:\/\/instagram.com\/vanderloubet","https:\/\/youtube.com\/vanderloubet","https:\/\/tiktok.com\/@vanderloubetms"]},{"@type":"Person","@id":"https:\/\/vanderloubet.com.br\/deputado\/#\/schema\/person\/15b51bd564532a8a68d9dec1b8eb890e","name":"\u00c9der","image":{"@type":"ImageObject","inLanguage":"pt-BR","@id":"https:\/\/vanderloubet.com.br\/deputado\/wp-content\/litespeed\/avatar\/88ca4090d9d5ab1c9495f6ca03b68efa.jpg?ver=1777058957","url":"https:\/\/vanderloubet.com.br\/deputado\/wp-content\/litespeed\/avatar\/88ca4090d9d5ab1c9495f6ca03b68efa.jpg?ver=1777058957","contentUrl":"https:\/\/vanderloubet.com.br\/deputado\/wp-content\/litespeed\/avatar\/88ca4090d9d5ab1c9495f6ca03b68efa.jpg?ver=1777058957","caption":"\u00c9der"}}]}},"jetpack_featured_media_url":"https:\/\/vanderloubet.com.br\/deputado\/wp-content\/uploads\/2013\/12\/foto-2013-12-08-copa-birobiro-04.jpg","jetpack_sharing_enabled":true,"_links":{"self":[{"href":"https:\/\/vanderloubet.com.br\/deputado\/wp-json\/wp\/v2\/posts\/7130","targetHints":{"allow":["GET"]}}],"collection":[{"href":"https:\/\/vanderloubet.com.br\/deputado\/wp-json\/wp\/v2\/posts"}],"about":[{"href":"https:\/\/vanderloubet.com.br\/deputado\/wp-json\/wp\/v2\/types\/post"}],"author":[{"embeddable":true,"href":"https:\/\/vanderloubet.com.br\/deputado\/wp-json\/wp\/v2\/users\/2"}],"replies":[{"embeddable":true,"href":"https:\/\/vanderloubet.com.br\/deputado\/wp-json\/wp\/v2\/comments?post=7130"}],"version-history":[{"count":0,"href":"https:\/\/vanderloubet.com.br\/deputado\/wp-json\/wp\/v2\/posts\/7130\/revisions"}],"wp:featuredmedia":[{"embeddable":true,"href":"https:\/\/vanderloubet.com.br\/deputado\/wp-json\/wp\/v2\/media\/8274"}],"wp:attachment":[{"href":"https:\/\/vanderloubet.com.br\/deputado\/wp-json\/wp\/v2\/media?parent=7130"}],"wp:term":[{"taxonomy":"category","embeddable":true,"href":"https:\/\/vanderloubet.com.br\/deputado\/wp-json\/wp\/v2\/categories?post=7130"},{"taxonomy":"post_tag","embeddable":true,"href":"https:\/\/vanderloubet.com.br\/deputado\/wp-json\/wp\/v2\/tags?post=7130"}],"curies":[{"name":"wp","href":"https:\/\/api.w.org\/{rel}","templated":true}]}}