{"id":7090,"date":"2013-11-25T16:44:19","date_gmt":"2013-11-25T20:44:19","guid":{"rendered":"http:\/\/www.deputadovander.com.br\/website\/?p=7090"},"modified":"2015-02-05T22:38:05","modified_gmt":"2015-02-06T01:38:05","slug":"vander-promove-debate-sobre-movimentos-que-sacudiram-o-brasil-em-junho","status":"publish","type":"post","link":"https:\/\/vanderloubet.com.br\/deputado\/vander-promove-debate-sobre-movimentos-que-sacudiram-o-brasil-em-junho\/","title":{"rendered":"Vander promove debate sobre movimentos que sacudiram o Brasil em junho"},"content":{"rendered":"\r\n                <style type=\"text\/css\">\r\n                    \r\n                    #tdi_1  .td-doubleSlider-2 .td-item1 {\r\n                        background: url(https:\/\/vanderloubet.com.br\/deputado\/wp-content\/uploads\/2013\/11\/foto-2013-11-25-debate-conflitos-urbano-80x60.jpg) 0 0 no-repeat;\r\n                    }\r\n                    #tdi_1  .td-doubleSlider-2 .td-item2 {\r\n                        background: url(https:\/\/vanderloubet.com.br\/deputado\/wp-content\/uploads\/2013\/11\/foto-2013-11-25-esther-solano-80x60.jpg) 0 0 no-repeat;\r\n                    }\r\n                <\/style>\r\n\r\n                <div id=\"tdi_1\" class=\"td-gallery td-slide-on-2-columns\">\r\n                    <div class=\"post_td_gallery\">\r\n                        <div class=\"td-gallery-slide-top\">\r\n                           <div class=\"td-gallery-title\"><\/div>\r\n\r\n                            <div class=\"td-gallery-controls-wrapper\">\r\n                                <div class=\"td-gallery-slide-count\"><span class=\"td-gallery-slide-item-focus\">1<\/span> de 2<\/div>\r\n                                <div class=\"td-gallery-slide-prev-next-but\">\r\n                                    <i class = \"td-icon-left doubleSliderPrevButton\"><\/i>\r\n                                    <i class = \"td-icon-right doubleSliderNextButton\"><\/i>\r\n                                <\/div>\r\n                            <\/div>\r\n                        <\/div>\r\n\r\n                        <div class = \"td-doubleSlider-1 \">\r\n                            <div class = \"td-slider\">\r\n                                \r\n                    <div class = \"td-slide-item td-item1\">\r\n                        <figure class=\"td-slide-galery-figure td-slide-popup-gallery\">\r\n                            <a class=\"slide-gallery-image-link\" href=\"https:\/\/vanderloubet.com.br\/deputado\/wp-content\/uploads\/2013\/11\/foto-2013-11-25-debate-conflitos-urbano.jpg\" title=\"foto-2013-11-25-debate-conflitos-urbano\"  data-caption=\"\"  data-description=\"Panfleto virtual de divulga&ccedil;&atilde;o do debate\">\r\n                                <img decoding=\"async\" src=\"https:\/\/vanderloubet.com.br\/deputado\/wp-content\/uploads\/2013\/11\/foto-2013-11-25-debate-conflitos-urbano-560x420.jpg\" srcset=\"https:\/\/vanderloubet.com.br\/deputado\/wp-content\/uploads\/2013\/11\/foto-2013-11-25-debate-conflitos-urbano-560x420.jpg 560w, https:\/\/vanderloubet.com.br\/deputado\/wp-content\/uploads\/2013\/11\/foto-2013-11-25-debate-conflitos-urbano-350x263.jpg 350w, https:\/\/vanderloubet.com.br\/deputado\/wp-content\/uploads\/2013\/11\/foto-2013-11-25-debate-conflitos-urbano-768x576.jpg 768w, https:\/\/vanderloubet.com.br\/deputado\/wp-content\/uploads\/2013\/11\/foto-2013-11-25-debate-conflitos-urbano-700x525.jpg 700w, https:\/\/vanderloubet.com.br\/deputado\/wp-content\/uploads\/2013\/11\/foto-2013-11-25-debate-conflitos-urbano-80x60.jpg 80w, https:\/\/vanderloubet.com.br\/deputado\/wp-content\/uploads\/2013\/11\/foto-2013-11-25-debate-conflitos-urbano-696x522.jpg 696w, https:\/\/vanderloubet.com.br\/deputado\/wp-content\/uploads\/2013\/11\/foto-2013-11-25-debate-conflitos-urbano-265x198.jpg 265w, https:\/\/vanderloubet.com.br\/deputado\/wp-content\/uploads\/2013\/11\/foto-2013-11-25-debate-conflitos-urbano.jpg 900w\" sizes=\"(max-width: 560px) 100vw, 560px\" alt=\"Panfleto virtual de divulga&ccedil;&atilde;o do debate\">\r\n                            <\/a>\r\n                            <figcaption class = \"td-slide-caption td-gallery-slide-content\"><span>Panfleto virtual de divulga\u00e7\u00e3o do debate<\/span><\/figcaption>\r\n                        <\/figure>\r\n                    <\/div>\r\n                    <div class = \"td-slide-item td-item2\">\r\n                        <figure class=\"td-slide-galery-figure td-slide-popup-gallery\">\r\n                            <a class=\"slide-gallery-image-link\" href=\"https:\/\/vanderloubet.com.br\/deputado\/wp-content\/uploads\/2013\/11\/foto-2013-11-25-esther-solano.jpg\" title=\"foto-2013-11-25-esther-solano\"  data-caption=\"\"  data-description=\"Esther Solano, durante entrevista ao Jornal da Gazeta\">\r\n                                <img decoding=\"async\" src=\"https:\/\/vanderloubet.com.br\/deputado\/wp-content\/uploads\/2013\/11\/foto-2013-11-25-esther-solano-630x420.jpg\" srcset=\"https:\/\/vanderloubet.com.br\/deputado\/wp-content\/uploads\/2013\/11\/foto-2013-11-25-esther-solano-630x420.jpg 630w, https:\/\/vanderloubet.com.br\/deputado\/wp-content\/uploads\/2013\/11\/foto-2013-11-25-esther-solano-350x233.jpg 350w, https:\/\/vanderloubet.com.br\/deputado\/wp-content\/uploads\/2013\/11\/foto-2013-11-25-esther-solano-768x512.jpg 768w, https:\/\/vanderloubet.com.br\/deputado\/wp-content\/uploads\/2013\/11\/foto-2013-11-25-esther-solano-700x467.jpg 700w, https:\/\/vanderloubet.com.br\/deputado\/wp-content\/uploads\/2013\/11\/foto-2013-11-25-esther-solano-696x464.jpg 696w, https:\/\/vanderloubet.com.br\/deputado\/wp-content\/uploads\/2013\/11\/foto-2013-11-25-esther-solano.jpg 900w\" sizes=\"(max-width: 630px) 100vw, 630px\" alt=\"Esther Solano, durante entrevista ao Jornal da Gazeta\">\r\n                            <\/a>\r\n                            <figcaption class = \"td-slide-caption td-gallery-slide-content\"><span>Esther Solano, durante entrevista ao Jornal da Gazeta<\/span><\/figcaption>\r\n                        <\/figure>\r\n                    <\/div>\r\n                            <\/div>\r\n                        <\/div>\r\n\r\n                        <div class = \"td-doubleSlider-2\">\r\n                            <div class = \"td-slider\">\r\n                                \r\n                    <div class = \"td-button td-item1\">\r\n                        <div class = \"td-border\"><\/div>\r\n                    <\/div>\r\n                    <div class = \"td-button td-item2\">\r\n                        <div class = \"td-border\"><\/div>\r\n                    <\/div>\r\n                            <\/div>\r\n                        <\/div>\r\n\r\n                    <\/div>\r\n\r\n                <\/div>\r\n                \n<p>O mandato do deputado federal Vander Loubet est\u00e1 organizando o debate &#8220;Conflitos urbanos no Brasil &#8211; Black Blocs, Movimento Passe Livre, M\u00eddia Ninja e Anonymous Brasil&#8221;. Ser\u00e1 nesta sexta-feira, 29 de novembro, a partir das 9 horas, no Anfiteatro do CCHS, no campus da UFMS em Campo Grande.<\/p>\n<p>O objetivo \u00e9 analisar e discutir estes movimentos sociais que mexeram com a sociedade brasileira n\u00e3o apenas no m\u00eas de junho mas tamb\u00e9m em outras ocasi\u00f5es. &#8220;Queremos debater esse assunto sem a inten\u00e7\u00e3o de criminalizar ou de apoiar, mas com o intuito de compreender melhor esses movimentos, suas motiva\u00e7\u00f5es, seus m\u00e9todos, suas ideologias&#8221;, explicou Vander Loubet.<\/p>\n<p>O evento \u00e9 aberto ao p\u00fablico e contar\u00e1 com a palestra da Dr.\u00aa Esther Solano, professora e pesquisadora da Universidade Federal de S\u00e3o Paulo (Unifesp), que estar\u00e1 na Capital para ministrar uma aula aos tenentes-coron\u00e9is da PM-MS que participam do Curso Superior de Pol\u00edcia.<\/p>\n<p>Esther \u00e9 uma das principais estudiosas das manifesta\u00e7\u00f5es ocorridas no Brasil este ano e j\u00e1 teve artigos e an\u00e1lises publicadas em jornais como Folha de S. Paulo e O Estado de S. Paulo, al\u00e9m de ter concedido entrevistas \u00e0 telejornais da capital paulista sobre esse tema.<\/p>\n<p>Estar\u00e3o na mesa para debater o tema a Dr.\u00aa Ynes F\u00e9lix (professora da Faculdade de Direito da UFMS), a Dr.\u00aa Jacy Curado (professora de Psicologia Social da UFGD), o coronel Gustavo David Gon\u00e7alves (coordenador do Curso Superior de Pol\u00edcia da PM-MS), al\u00e9m do deputado Vander Loubet.<\/p>\n<p><strong>Confira abaixo alguns dos artigos e entrevistas da professora Esther:<\/strong><\/p>\n<p>Entrevista ao Jornal da Gazeta (TV Gazeta):<\/p>\n<p><a title=\"Link\" href=\" http:\/\/jornaldagazeta.tvgazeta.com.br\/component\/videoflow\/?task=play&amp;id=10834&amp;sl=latest&amp;Itemid=126&amp;layout=listview\" target=\"_blank\"> http:\/\/jornaldagazeta.tvgazeta.com.br\/component\/videoflow\/?task=play&amp;id=10834&amp;sl=latest&amp;Itemid=126&amp;layout=listview<\/a><\/p>\n<p>Artigos publicados no portal Folha Online:<\/p>\n<p><a title=\"Link\" href=\" http:\/\/www1.folha.uol.com.br\/cotidiano\/2013\/10\/1357849-opiniao-black-bloc-visa-chamar-atencao-de-um-estado-ausente.shtml\" target=\"_blank\"> http:\/\/www1.folha.uol.com.br\/cotidiano\/2013\/10\/1357849-opiniao-black-bloc-visa-chamar-atencao-de-um-estado-ausente.shtml<\/a><\/p>\n<p><a title=\"Link\" href=\" http:\/\/www1.folha.uol.com.br\/cotidiano\/2013\/10\/1363119-analise-e-preciso-deixar-para-tras-estigmas-sobre-black-blocs-e-policia.shtml\" target=\"_blank\"> http:\/\/www1.folha.uol.com.br\/cotidiano\/2013\/10\/1363119-analise-e-preciso-deixar-para-tras-estigmas-sobre-black-blocs-e-policia.shtml<\/a><\/p>\n<p>Artigo publicado no portal Estad\u00e3o:<\/p>\n<p><a title=\"Link\" href=\" http:\/\/www.estadao.com.br\/noticias\/geral,raiva-une-2-geracao-de-black-blocs-de-sao-paulo,1085323,0.htm\" target=\"_blank\"> http:\/\/www.estadao.com.br\/noticias\/geral,raiva-une-2-geracao-de-black-blocs-de-sao-paulo,1085323,0.htm<\/a><\/p>\n<p>Entrevista ao portal Brasil de Fato:<\/p>\n<p><a title=\"Link\" href=\" http:\/\/www.brasildefato.com.br\/node\/26497\" target=\"_blank\"> http:\/\/www.brasildefato.com.br\/node\/26497<\/a><\/p>\n<p><em>(\u00c9der Yanaguita &#8211; Ascom\/Deputado Vander)<\/em><\/p>\n","protected":false},"excerpt":{"rendered":"<p>Evento ter\u00e1 palestra de Esther Solano, professora e pesquisadora da Universidade Federal de S\u00e3o Paulo, estudiosa das manifesta\u00e7\u00f5es de junho.<\/p>\n","protected":false},"author":2,"featured_media":8291,"comment_status":"closed","ping_status":"open","sticky":false,"template":"","format":"standard","meta":{"jetpack_post_was_ever_published":false,"_jetpack_newsletter_access":"","_jetpack_dont_email_post_to_subs":false,"_jetpack_newsletter_tier_id":0,"_jetpack_memberships_contains_paywalled_content":false,"_jetpack_memberships_contains_paid_content":false,"footnotes":""},"categories":[2098,10],"tags":[2299,578],"class_list":{"0":"post-7090","1":"post","2":"type-post","3":"status-publish","4":"format-standard","5":"has-post-thumbnail","7":"category-brasil-noticias","8":"category-noticias","9":"tag-conflitos-urbanos","10":"tag-debate"},"yoast_head":"<!-- This site is optimized with the Yoast SEO plugin v27.4 - https:\/\/yoast.com\/product\/yoast-seo-wordpress\/ -->\n<title>Vander promove debate sobre movimentos que sacudiram o Brasil em junho<\/title>\n<meta name=\"robots\" content=\"index, follow, max-snippet:-1, max-image-preview:large, max-video-preview:-1\" \/>\n<link rel=\"canonical\" href=\"https:\/\/vanderloubet.com.br\/deputado\/vander-promove-debate-sobre-movimentos-que-sacudiram-o-brasil-em-junho\/\" \/>\n<meta property=\"og:locale\" content=\"pt_BR\" \/>\n<meta property=\"og:type\" content=\"article\" \/>\n<meta property=\"og:title\" content=\"Vander promove debate sobre movimentos que sacudiram o Brasil em junho\" \/>\n<meta property=\"og:description\" content=\"Evento ter\u00e1 palestra de Esther Solano, professora e pesquisadora da Universidade Federal de S\u00e3o Paulo, estudiosa das manifesta\u00e7\u00f5es de junho.\" \/>\n<meta property=\"og:url\" content=\"https:\/\/vanderloubet.com.br\/deputado\/vander-promove-debate-sobre-movimentos-que-sacudiram-o-brasil-em-junho\/\" \/>\n<meta property=\"og:site_name\" content=\"Deputado Federal Vander Loubet\" \/>\n<meta property=\"article:publisher\" content=\"https:\/\/facebook.com\/deputadovander\" \/>\n<meta property=\"article:published_time\" content=\"2013-11-25T20:44:19+00:00\" \/>\n<meta property=\"article:modified_time\" content=\"2015-02-06T01:38:05+00:00\" \/>\n<meta property=\"og:image\" content=\"https:\/\/vanderloubet.com.br\/deputado\/wp-content\/uploads\/2013\/11\/foto-2013-11-25-esther-solano.jpg\" \/>\n\t<meta property=\"og:image:width\" content=\"900\" \/>\n\t<meta property=\"og:image:height\" content=\"600\" \/>\n\t<meta property=\"og:image:type\" content=\"image\/jpeg\" \/>\n<meta name=\"author\" content=\"\u00c9der\" \/>\n<meta name=\"twitter:card\" content=\"summary_large_image\" \/>\n<meta name=\"twitter:creator\" content=\"@vanderloubet\" \/>\n<meta name=\"twitter:site\" content=\"@vanderloubet\" \/>\n<script type=\"application\/ld+json\" class=\"yoast-schema-graph\">{\"@context\":\"https:\\\/\\\/schema.org\",\"@graph\":[{\"@type\":\"Article\",\"@id\":\"https:\\\/\\\/vanderloubet.com.br\\\/deputado\\\/vander-promove-debate-sobre-movimentos-que-sacudiram-o-brasil-em-junho\\\/#article\",\"isPartOf\":{\"@id\":\"https:\\\/\\\/vanderloubet.com.br\\\/deputado\\\/vander-promove-debate-sobre-movimentos-que-sacudiram-o-brasil-em-junho\\\/\"},\"author\":{\"name\":\"\u00c9der\",\"@id\":\"https:\\\/\\\/vanderloubet.com.br\\\/deputado\\\/#\\\/schema\\\/person\\\/15b51bd564532a8a68d9dec1b8eb890e\"},\"headline\":\"Vander promove debate sobre movimentos que sacudiram o Brasil em junho\",\"datePublished\":\"2013-11-25T20:44:19+00:00\",\"dateModified\":\"2015-02-06T01:38:05+00:00\",\"mainEntityOfPage\":{\"@id\":\"https:\\\/\\\/vanderloubet.com.br\\\/deputado\\\/vander-promove-debate-sobre-movimentos-que-sacudiram-o-brasil-em-junho\\\/\"},\"wordCount\":370,\"publisher\":{\"@id\":\"https:\\\/\\\/vanderloubet.com.br\\\/deputado\\\/#organization\"},\"image\":{\"@id\":\"https:\\\/\\\/vanderloubet.com.br\\\/deputado\\\/vander-promove-debate-sobre-movimentos-que-sacudiram-o-brasil-em-junho\\\/#primaryimage\"},\"thumbnailUrl\":\"https:\\\/\\\/vanderloubet.com.br\\\/deputado\\\/wp-content\\\/uploads\\\/2013\\\/11\\\/foto-2013-11-25-esther-solano.jpg\",\"keywords\":[\"conflitos urbanos\",\"debate\"],\"articleSection\":[\"Brasil\",\"Not\u00edcias\"],\"inLanguage\":\"pt-BR\"},{\"@type\":\"WebPage\",\"@id\":\"https:\\\/\\\/vanderloubet.com.br\\\/deputado\\\/vander-promove-debate-sobre-movimentos-que-sacudiram-o-brasil-em-junho\\\/\",\"url\":\"https:\\\/\\\/vanderloubet.com.br\\\/deputado\\\/vander-promove-debate-sobre-movimentos-que-sacudiram-o-brasil-em-junho\\\/\",\"name\":\"Vander promove debate sobre movimentos que sacudiram o Brasil em junho\",\"isPartOf\":{\"@id\":\"https:\\\/\\\/vanderloubet.com.br\\\/deputado\\\/#website\"},\"primaryImageOfPage\":{\"@id\":\"https:\\\/\\\/vanderloubet.com.br\\\/deputado\\\/vander-promove-debate-sobre-movimentos-que-sacudiram-o-brasil-em-junho\\\/#primaryimage\"},\"image\":{\"@id\":\"https:\\\/\\\/vanderloubet.com.br\\\/deputado\\\/vander-promove-debate-sobre-movimentos-que-sacudiram-o-brasil-em-junho\\\/#primaryimage\"},\"thumbnailUrl\":\"https:\\\/\\\/vanderloubet.com.br\\\/deputado\\\/wp-content\\\/uploads\\\/2013\\\/11\\\/foto-2013-11-25-esther-solano.jpg\",\"datePublished\":\"2013-11-25T20:44:19+00:00\",\"dateModified\":\"2015-02-06T01:38:05+00:00\",\"breadcrumb\":{\"@id\":\"https:\\\/\\\/vanderloubet.com.br\\\/deputado\\\/vander-promove-debate-sobre-movimentos-que-sacudiram-o-brasil-em-junho\\\/#breadcrumb\"},\"inLanguage\":\"pt-BR\",\"potentialAction\":[{\"@type\":\"ReadAction\",\"target\":[\"https:\\\/\\\/vanderloubet.com.br\\\/deputado\\\/vander-promove-debate-sobre-movimentos-que-sacudiram-o-brasil-em-junho\\\/\"]}]},{\"@type\":\"ImageObject\",\"inLanguage\":\"pt-BR\",\"@id\":\"https:\\\/\\\/vanderloubet.com.br\\\/deputado\\\/vander-promove-debate-sobre-movimentos-que-sacudiram-o-brasil-em-junho\\\/#primaryimage\",\"url\":\"https:\\\/\\\/vanderloubet.com.br\\\/deputado\\\/wp-content\\\/uploads\\\/2013\\\/11\\\/foto-2013-11-25-esther-solano.jpg\",\"contentUrl\":\"https:\\\/\\\/vanderloubet.com.br\\\/deputado\\\/wp-content\\\/uploads\\\/2013\\\/11\\\/foto-2013-11-25-esther-solano.jpg\",\"width\":900,\"height\":600,\"caption\":\"Esther Solano, durante entrevista ao Jornal da Gazeta\"},{\"@type\":\"BreadcrumbList\",\"@id\":\"https:\\\/\\\/vanderloubet.com.br\\\/deputado\\\/vander-promove-debate-sobre-movimentos-que-sacudiram-o-brasil-em-junho\\\/#breadcrumb\",\"itemListElement\":[{\"@type\":\"ListItem\",\"position\":1,\"name\":\"In\u00edcio\",\"item\":\"https:\\\/\\\/vanderloubet.com.br\\\/deputado\\\/\"},{\"@type\":\"ListItem\",\"position\":2,\"name\":\"Vander promove debate sobre movimentos que sacudiram o Brasil em junho\"}]},{\"@type\":\"WebSite\",\"@id\":\"https:\\\/\\\/vanderloubet.com.br\\\/deputado\\\/#website\",\"url\":\"https:\\\/\\\/vanderloubet.com.br\\\/deputado\\\/\",\"name\":\"Deputado Federal Vander Loubet\",\"description\":\"O Federal de MS\",\"publisher\":{\"@id\":\"https:\\\/\\\/vanderloubet.com.br\\\/deputado\\\/#organization\"},\"alternateName\":\"Deputado Vander\",\"potentialAction\":[{\"@type\":\"SearchAction\",\"target\":{\"@type\":\"EntryPoint\",\"urlTemplate\":\"https:\\\/\\\/vanderloubet.com.br\\\/deputado\\\/?s={search_term_string}\"},\"query-input\":{\"@type\":\"PropertyValueSpecification\",\"valueRequired\":true,\"valueName\":\"search_term_string\"}}],\"inLanguage\":\"pt-BR\"},{\"@type\":\"Organization\",\"@id\":\"https:\\\/\\\/vanderloubet.com.br\\\/deputado\\\/#organization\",\"name\":\"Deputado Federal Vander Loubet\",\"alternateName\":\"Deputado Vander\",\"url\":\"https:\\\/\\\/vanderloubet.com.br\\\/deputado\\\/\",\"logo\":{\"@type\":\"ImageObject\",\"inLanguage\":\"pt-BR\",\"@id\":\"https:\\\/\\\/vanderloubet.com.br\\\/deputado\\\/#\\\/schema\\\/logo\\\/image\\\/\",\"url\":\"https:\\\/\\\/vanderloubet.com.br\\\/deputado\\\/wp-content\\\/uploads\\\/2023\\\/06\\\/foto-2023-06-19-mandato-deputado-vander.jpg\",\"contentUrl\":\"https:\\\/\\\/vanderloubet.com.br\\\/deputado\\\/wp-content\\\/uploads\\\/2023\\\/06\\\/foto-2023-06-19-mandato-deputado-vander.jpg\",\"width\":1080,\"height\":1080,\"caption\":\"Deputado Federal Vander Loubet\"},\"image\":{\"@id\":\"https:\\\/\\\/vanderloubet.com.br\\\/deputado\\\/#\\\/schema\\\/logo\\\/image\\\/\"},\"sameAs\":[\"https:\\\/\\\/facebook.com\\\/deputadovander\",\"https:\\\/\\\/x.com\\\/vanderloubet\",\"https:\\\/\\\/instagram.com\\\/vanderloubet\",\"https:\\\/\\\/youtube.com\\\/vanderloubet\",\"https:\\\/\\\/tiktok.com\\\/@vanderloubetms\"]},{\"@type\":\"Person\",\"@id\":\"https:\\\/\\\/vanderloubet.com.br\\\/deputado\\\/#\\\/schema\\\/person\\\/15b51bd564532a8a68d9dec1b8eb890e\",\"name\":\"\u00c9der\",\"image\":{\"@type\":\"ImageObject\",\"inLanguage\":\"pt-BR\",\"@id\":\"https:\\\/\\\/vanderloubet.com.br\\\/deputado\\\/wp-content\\\/litespeed\\\/avatar\\\/88ca4090d9d5ab1c9495f6ca03b68efa.jpg?ver=1777058957\",\"url\":\"https:\\\/\\\/vanderloubet.com.br\\\/deputado\\\/wp-content\\\/litespeed\\\/avatar\\\/88ca4090d9d5ab1c9495f6ca03b68efa.jpg?ver=1777058957\",\"contentUrl\":\"https:\\\/\\\/vanderloubet.com.br\\\/deputado\\\/wp-content\\\/litespeed\\\/avatar\\\/88ca4090d9d5ab1c9495f6ca03b68efa.jpg?ver=1777058957\",\"caption\":\"\u00c9der\"}}]}<\/script>\n<!-- \/ Yoast SEO plugin. -->","yoast_head_json":{"title":"Vander promove debate sobre movimentos que sacudiram o Brasil em junho","robots":{"index":"index","follow":"follow","max-snippet":"max-snippet:-1","max-image-preview":"max-image-preview:large","max-video-preview":"max-video-preview:-1"},"canonical":"https:\/\/vanderloubet.com.br\/deputado\/vander-promove-debate-sobre-movimentos-que-sacudiram-o-brasil-em-junho\/","og_locale":"pt_BR","og_type":"article","og_title":"Vander promove debate sobre movimentos que sacudiram o Brasil em junho","og_description":"Evento ter\u00e1 palestra de Esther Solano, professora e pesquisadora da Universidade Federal de S\u00e3o Paulo, estudiosa das manifesta\u00e7\u00f5es de junho.","og_url":"https:\/\/vanderloubet.com.br\/deputado\/vander-promove-debate-sobre-movimentos-que-sacudiram-o-brasil-em-junho\/","og_site_name":"Deputado Federal Vander Loubet","article_publisher":"https:\/\/facebook.com\/deputadovander","article_published_time":"2013-11-25T20:44:19+00:00","article_modified_time":"2015-02-06T01:38:05+00:00","og_image":[{"width":900,"height":600,"url":"https:\/\/vanderloubet.com.br\/deputado\/wp-content\/uploads\/2013\/11\/foto-2013-11-25-esther-solano.jpg","type":"image\/jpeg"}],"author":"\u00c9der","twitter_card":"summary_large_image","twitter_creator":"@vanderloubet","twitter_site":"@vanderloubet","schema":{"@context":"https:\/\/schema.org","@graph":[{"@type":"Article","@id":"https:\/\/vanderloubet.com.br\/deputado\/vander-promove-debate-sobre-movimentos-que-sacudiram-o-brasil-em-junho\/#article","isPartOf":{"@id":"https:\/\/vanderloubet.com.br\/deputado\/vander-promove-debate-sobre-movimentos-que-sacudiram-o-brasil-em-junho\/"},"author":{"name":"\u00c9der","@id":"https:\/\/vanderloubet.com.br\/deputado\/#\/schema\/person\/15b51bd564532a8a68d9dec1b8eb890e"},"headline":"Vander promove debate sobre movimentos que sacudiram o Brasil em junho","datePublished":"2013-11-25T20:44:19+00:00","dateModified":"2015-02-06T01:38:05+00:00","mainEntityOfPage":{"@id":"https:\/\/vanderloubet.com.br\/deputado\/vander-promove-debate-sobre-movimentos-que-sacudiram-o-brasil-em-junho\/"},"wordCount":370,"publisher":{"@id":"https:\/\/vanderloubet.com.br\/deputado\/#organization"},"image":{"@id":"https:\/\/vanderloubet.com.br\/deputado\/vander-promove-debate-sobre-movimentos-que-sacudiram-o-brasil-em-junho\/#primaryimage"},"thumbnailUrl":"https:\/\/vanderloubet.com.br\/deputado\/wp-content\/uploads\/2013\/11\/foto-2013-11-25-esther-solano.jpg","keywords":["conflitos urbanos","debate"],"articleSection":["Brasil","Not\u00edcias"],"inLanguage":"pt-BR"},{"@type":"WebPage","@id":"https:\/\/vanderloubet.com.br\/deputado\/vander-promove-debate-sobre-movimentos-que-sacudiram-o-brasil-em-junho\/","url":"https:\/\/vanderloubet.com.br\/deputado\/vander-promove-debate-sobre-movimentos-que-sacudiram-o-brasil-em-junho\/","name":"Vander promove debate sobre movimentos que sacudiram o Brasil em junho","isPartOf":{"@id":"https:\/\/vanderloubet.com.br\/deputado\/#website"},"primaryImageOfPage":{"@id":"https:\/\/vanderloubet.com.br\/deputado\/vander-promove-debate-sobre-movimentos-que-sacudiram-o-brasil-em-junho\/#primaryimage"},"image":{"@id":"https:\/\/vanderloubet.com.br\/deputado\/vander-promove-debate-sobre-movimentos-que-sacudiram-o-brasil-em-junho\/#primaryimage"},"thumbnailUrl":"https:\/\/vanderloubet.com.br\/deputado\/wp-content\/uploads\/2013\/11\/foto-2013-11-25-esther-solano.jpg","datePublished":"2013-11-25T20:44:19+00:00","dateModified":"2015-02-06T01:38:05+00:00","breadcrumb":{"@id":"https:\/\/vanderloubet.com.br\/deputado\/vander-promove-debate-sobre-movimentos-que-sacudiram-o-brasil-em-junho\/#breadcrumb"},"inLanguage":"pt-BR","potentialAction":[{"@type":"ReadAction","target":["https:\/\/vanderloubet.com.br\/deputado\/vander-promove-debate-sobre-movimentos-que-sacudiram-o-brasil-em-junho\/"]}]},{"@type":"ImageObject","inLanguage":"pt-BR","@id":"https:\/\/vanderloubet.com.br\/deputado\/vander-promove-debate-sobre-movimentos-que-sacudiram-o-brasil-em-junho\/#primaryimage","url":"https:\/\/vanderloubet.com.br\/deputado\/wp-content\/uploads\/2013\/11\/foto-2013-11-25-esther-solano.jpg","contentUrl":"https:\/\/vanderloubet.com.br\/deputado\/wp-content\/uploads\/2013\/11\/foto-2013-11-25-esther-solano.jpg","width":900,"height":600,"caption":"Esther Solano, durante entrevista ao Jornal da Gazeta"},{"@type":"BreadcrumbList","@id":"https:\/\/vanderloubet.com.br\/deputado\/vander-promove-debate-sobre-movimentos-que-sacudiram-o-brasil-em-junho\/#breadcrumb","itemListElement":[{"@type":"ListItem","position":1,"name":"In\u00edcio","item":"https:\/\/vanderloubet.com.br\/deputado\/"},{"@type":"ListItem","position":2,"name":"Vander promove debate sobre movimentos que sacudiram o Brasil em junho"}]},{"@type":"WebSite","@id":"https:\/\/vanderloubet.com.br\/deputado\/#website","url":"https:\/\/vanderloubet.com.br\/deputado\/","name":"Deputado Federal Vander Loubet","description":"O Federal de MS","publisher":{"@id":"https:\/\/vanderloubet.com.br\/deputado\/#organization"},"alternateName":"Deputado Vander","potentialAction":[{"@type":"SearchAction","target":{"@type":"EntryPoint","urlTemplate":"https:\/\/vanderloubet.com.br\/deputado\/?s={search_term_string}"},"query-input":{"@type":"PropertyValueSpecification","valueRequired":true,"valueName":"search_term_string"}}],"inLanguage":"pt-BR"},{"@type":"Organization","@id":"https:\/\/vanderloubet.com.br\/deputado\/#organization","name":"Deputado Federal Vander Loubet","alternateName":"Deputado Vander","url":"https:\/\/vanderloubet.com.br\/deputado\/","logo":{"@type":"ImageObject","inLanguage":"pt-BR","@id":"https:\/\/vanderloubet.com.br\/deputado\/#\/schema\/logo\/image\/","url":"https:\/\/vanderloubet.com.br\/deputado\/wp-content\/uploads\/2023\/06\/foto-2023-06-19-mandato-deputado-vander.jpg","contentUrl":"https:\/\/vanderloubet.com.br\/deputado\/wp-content\/uploads\/2023\/06\/foto-2023-06-19-mandato-deputado-vander.jpg","width":1080,"height":1080,"caption":"Deputado Federal Vander Loubet"},"image":{"@id":"https:\/\/vanderloubet.com.br\/deputado\/#\/schema\/logo\/image\/"},"sameAs":["https:\/\/facebook.com\/deputadovander","https:\/\/x.com\/vanderloubet","https:\/\/instagram.com\/vanderloubet","https:\/\/youtube.com\/vanderloubet","https:\/\/tiktok.com\/@vanderloubetms"]},{"@type":"Person","@id":"https:\/\/vanderloubet.com.br\/deputado\/#\/schema\/person\/15b51bd564532a8a68d9dec1b8eb890e","name":"\u00c9der","image":{"@type":"ImageObject","inLanguage":"pt-BR","@id":"https:\/\/vanderloubet.com.br\/deputado\/wp-content\/litespeed\/avatar\/88ca4090d9d5ab1c9495f6ca03b68efa.jpg?ver=1777058957","url":"https:\/\/vanderloubet.com.br\/deputado\/wp-content\/litespeed\/avatar\/88ca4090d9d5ab1c9495f6ca03b68efa.jpg?ver=1777058957","contentUrl":"https:\/\/vanderloubet.com.br\/deputado\/wp-content\/litespeed\/avatar\/88ca4090d9d5ab1c9495f6ca03b68efa.jpg?ver=1777058957","caption":"\u00c9der"}}]}},"jetpack_featured_media_url":"https:\/\/vanderloubet.com.br\/deputado\/wp-content\/uploads\/2013\/11\/foto-2013-11-25-esther-solano.jpg","jetpack_sharing_enabled":true,"_links":{"self":[{"href":"https:\/\/vanderloubet.com.br\/deputado\/wp-json\/wp\/v2\/posts\/7090","targetHints":{"allow":["GET"]}}],"collection":[{"href":"https:\/\/vanderloubet.com.br\/deputado\/wp-json\/wp\/v2\/posts"}],"about":[{"href":"https:\/\/vanderloubet.com.br\/deputado\/wp-json\/wp\/v2\/types\/post"}],"author":[{"embeddable":true,"href":"https:\/\/vanderloubet.com.br\/deputado\/wp-json\/wp\/v2\/users\/2"}],"replies":[{"embeddable":true,"href":"https:\/\/vanderloubet.com.br\/deputado\/wp-json\/wp\/v2\/comments?post=7090"}],"version-history":[{"count":0,"href":"https:\/\/vanderloubet.com.br\/deputado\/wp-json\/wp\/v2\/posts\/7090\/revisions"}],"wp:featuredmedia":[{"embeddable":true,"href":"https:\/\/vanderloubet.com.br\/deputado\/wp-json\/wp\/v2\/media\/8291"}],"wp:attachment":[{"href":"https:\/\/vanderloubet.com.br\/deputado\/wp-json\/wp\/v2\/media?parent=7090"}],"wp:term":[{"taxonomy":"category","embeddable":true,"href":"https:\/\/vanderloubet.com.br\/deputado\/wp-json\/wp\/v2\/categories?post=7090"},{"taxonomy":"post_tag","embeddable":true,"href":"https:\/\/vanderloubet.com.br\/deputado\/wp-json\/wp\/v2\/tags?post=7090"}],"curies":[{"name":"wp","href":"https:\/\/api.w.org\/{rel}","templated":true}]}}