{"id":7082,"date":"2013-11-19T11:24:18","date_gmt":"2013-11-19T15:24:18","guid":{"rendered":"http:\/\/www.deputadovander.com.br\/website\/?p=7082"},"modified":"2015-02-05T22:41:25","modified_gmt":"2015-02-06T01:41:25","slug":"vander-apoia-a-iniciativa-de-dilma-de-expandir-luz-para-todos","status":"publish","type":"post","link":"https:\/\/vanderloubet.com.br\/deputado\/vander-apoia-a-iniciativa-de-dilma-de-expandir-luz-para-todos\/","title":{"rendered":"Vander apoia a iniciativa de Dilma de expandir programa Luz para Todos"},"content":{"rendered":"\r\n                <style type=\"text\/css\">\r\n                    \r\n                    #tdi_1  .td-doubleSlider-2 .td-item1 {\r\n                        background: url(https:\/\/vanderloubet.com.br\/deputado\/wp-content\/uploads\/2013\/11\/foto-2013-11-19-vander-loubet-luz-para-todos-80x60.jpg) 0 0 no-repeat;\r\n                    }\r\n                    #tdi_1  .td-doubleSlider-2 .td-item2 {\r\n                        background: url(https:\/\/vanderloubet.com.br\/deputado\/wp-content\/uploads\/2013\/11\/foto-2013-11-19-luz-para-todos-80x60.jpg) 0 0 no-repeat;\r\n                    }\r\n                <\/style>\r\n\r\n                <div id=\"tdi_1\" class=\"td-gallery td-slide-on-2-columns\">\r\n                    <div class=\"post_td_gallery\">\r\n                        <div class=\"td-gallery-slide-top\">\r\n                           <div class=\"td-gallery-title\"><\/div>\r\n\r\n                            <div class=\"td-gallery-controls-wrapper\">\r\n                                <div class=\"td-gallery-slide-count\"><span class=\"td-gallery-slide-item-focus\">1<\/span> de 2<\/div>\r\n                                <div class=\"td-gallery-slide-prev-next-but\">\r\n                                    <i class = \"td-icon-left doubleSliderPrevButton\"><\/i>\r\n                                    <i class = \"td-icon-right doubleSliderNextButton\"><\/i>\r\n                                <\/div>\r\n                            <\/div>\r\n                        <\/div>\r\n\r\n                        <div class = \"td-doubleSlider-1 \">\r\n                            <div class = \"td-slider\">\r\n                                \r\n                    <div class = \"td-slide-item td-item1\">\r\n                        <figure class=\"td-slide-galery-figure td-slide-popup-gallery\">\r\n                            <a class=\"slide-gallery-image-link\" href=\"https:\/\/vanderloubet.com.br\/deputado\/wp-content\/uploads\/2013\/11\/foto-2013-11-19-vander-loubet-luz-para-todos.jpg\" title=\"Vander em lan\u00e7amento de obras do Luz para Todos em 2005\"  data-caption=\"\"  data-description=\"Vander em lan&ccedil;amento de obras do Luz para Todos em 2005\">\r\n                                <img decoding=\"async\" src=\"https:\/\/vanderloubet.com.br\/deputado\/wp-content\/uploads\/2013\/11\/foto-2013-11-19-vander-loubet-luz-para-todos-280x420.jpg\" srcset=\"https:\/\/vanderloubet.com.br\/deputado\/wp-content\/uploads\/2013\/11\/foto-2013-11-19-vander-loubet-luz-para-todos-280x420.jpg 280w, https:\/\/vanderloubet.com.br\/deputado\/wp-content\/uploads\/2013\/11\/foto-2013-11-19-vander-loubet-luz-para-todos-333x500.jpg 333w, https:\/\/vanderloubet.com.br\/deputado\/wp-content\/uploads\/2013\/11\/foto-2013-11-19-vander-loubet-luz-para-todos.jpg 600w\" sizes=\"(max-width: 280px) 100vw, 280px\" alt=\"Vander em lan&ccedil;amento de obras do Luz para Todos em 2005\">\r\n                            <\/a>\r\n                            <figcaption class = \"td-slide-caption td-gallery-slide-content\"><span>Vander em lan\u00e7amento de obras do Luz para Todos em 2005<\/span><\/figcaption>\r\n                        <\/figure>\r\n                    <\/div>\r\n                    <div class = \"td-slide-item td-item2\">\r\n                        <figure class=\"td-slide-galery-figure td-slide-popup-gallery\">\r\n                            <a class=\"slide-gallery-image-link\" href=\"https:\/\/vanderloubet.com.br\/deputado\/wp-content\/uploads\/2013\/11\/foto-2013-11-19-luz-para-todos.jpg\" title=\"foto-2013-11-19-luz-para-todos\"  data-caption=\"\"  data-description=\"Meta do Luz para Todos &eacute; chegar a 3,37 milh&otilde;es de lares beneficiados at&eacute; 2014\">\r\n                                <img decoding=\"async\" src=\"https:\/\/vanderloubet.com.br\/deputado\/wp-content\/uploads\/2013\/11\/foto-2013-11-19-luz-para-todos-630x420.jpg\" srcset=\"https:\/\/vanderloubet.com.br\/deputado\/wp-content\/uploads\/2013\/11\/foto-2013-11-19-luz-para-todos-630x420.jpg 630w, https:\/\/vanderloubet.com.br\/deputado\/wp-content\/uploads\/2013\/11\/foto-2013-11-19-luz-para-todos-350x233.jpg 350w, https:\/\/vanderloubet.com.br\/deputado\/wp-content\/uploads\/2013\/11\/foto-2013-11-19-luz-para-todos-768x512.jpg 768w, https:\/\/vanderloubet.com.br\/deputado\/wp-content\/uploads\/2013\/11\/foto-2013-11-19-luz-para-todos-700x467.jpg 700w, https:\/\/vanderloubet.com.br\/deputado\/wp-content\/uploads\/2013\/11\/foto-2013-11-19-luz-para-todos-696x464.jpg 696w, https:\/\/vanderloubet.com.br\/deputado\/wp-content\/uploads\/2013\/11\/foto-2013-11-19-luz-para-todos.jpg 900w\" sizes=\"(max-width: 630px) 100vw, 630px\" alt=\"Meta do Luz para Todos &eacute; chegar a 3,37 milh&otilde;es de lares beneficiados at&eacute; 2014\">\r\n                            <\/a>\r\n                            <figcaption class = \"td-slide-caption td-gallery-slide-content\"><span>Meta do Luz para Todos \u00e9 chegar a 3,37 milh\u00f5es de lares beneficiados at\u00e9 2014<\/span><\/figcaption>\r\n                        <\/figure>\r\n                    <\/div>\r\n                            <\/div>\r\n                        <\/div>\r\n\r\n                        <div class = \"td-doubleSlider-2\">\r\n                            <div class = \"td-slider\">\r\n                                \r\n                    <div class = \"td-button td-item1\">\r\n                        <div class = \"td-border\"><\/div>\r\n                    <\/div>\r\n                    <div class = \"td-button td-item2\">\r\n                        <div class = \"td-border\"><\/div>\r\n                    <\/div>\r\n                            <\/div>\r\n                        <\/div>\r\n\r\n                    <\/div>\r\n\r\n                <\/div>\r\n                \n<p>O programa Luz para Todos completou dez anos este m\u00eas com o saldo de 15 milh\u00f5es de pessoas atendidas nas \u00e1reas rurais de todo o pa\u00eds, o que representa 3,1 milh\u00f5es de fam\u00edlias. At\u00e9 agora, foram investidos mais de R$ 20 bilh\u00f5es nessa iniciativa, destacou a presidenta Dilma Rousseff na edi\u00e7\u00e3o de segunda-feira (18) do programa semanal de r\u00e1dio Caf\u00e9 com a Presidenta. Mas o objetivo \u00e9 mais ambicioso. &#8220;Nossa meta agora \u00e9 chegar, at\u00e9 o final do meu governo, com 3,37 milh\u00f5es de fam\u00edlias atendidas&#8221;, disse.<\/p>\n<p>Dilma lembrou que era ministra de Minas e Energia no governo Lula quando o Luz para Todos foi lan\u00e7ado, ent\u00e3o com a meta de atender 2 milh\u00f5es de fam\u00edlias. &#8220;\u00c0 medida que as distribuidoras de energia chegavam aos lugares mais distantes para fazer as liga\u00e7\u00f5es, fomos descobrindo que havia mais fam\u00edlias sem luz do que os dados do censo do ano de 2000 indicavam. Ent\u00e3o descobrimos mais 1 milh\u00e3o de fam\u00edlias que precisavam ser atendidas&#8221;, revelou. Foi assim que o objetivo foi revisado. A ideia \u00e9 que nenhuma fam\u00edlia brasileira fique sem acesso \u00e0 energia el\u00e9trica.<\/p>\n<p>Para o deputado federal Vander Loubet (PT-MS), que sempre apoiou o programa, especialmente em Mato Grosso do Sul, o Luz para Todos representa mais cidadania e dignidade para as pessoas. &#8220;Muitas vezes n\u00f3s, que moramos em cidades bem servidas de servi\u00e7os p\u00fablicos, n\u00e3o temos a no\u00e7\u00e3o da car\u00eancia que passam muitas regi\u00f5es do nosso pa\u00eds. N\u00e3o d\u00e1 para imaginar a vida hoje sem energia. Por isso, com o Luz para Todos, os lugares mais distantes e isolados do Brasil passaram a contar com dignidade e prosperidade. As casas beneficiadas passaram a poder ter uma geladeira, um chuveiro el\u00e9trico, uma televis\u00e3o, uma m\u00e1quina de lavar, um liquidificador e outros eletrodom\u00e9sticos que d\u00e3o conforto \u00e0 vida&#8221; destacou.<\/p>\n<p>J\u00e1 Dilma lembrou que o Luz para Todos tamb\u00e9m garante melhores condi\u00e7\u00f5es de vida para toda a comunidade que \u00e9 atendida pelo programa. &#8220;As escolas come\u00e7aram a funcionar de noite, os postos de sa\u00fade passam a armazenar vacinas e soros. Nas pequenas comunidades rurais, o agricultor pode ter um resfriador de leite, um moinho ou uma bomba d&#8217;\u00e1gua&#8221;, declarou.<\/p>\n<p>Ainda segundo Dilma, em 2010 o censo do Instituto Brasileiro de Geografia e Estat\u00edstica (IBGE) indicou que mais 716 mil fam\u00edlias ainda viviam sem energia el\u00e9trica no Brasil. Mais da metade dessas 716 mil fam\u00edlias j\u00e1 foi contemplada. Agora o desafio \u00e9 levar luz el\u00e9trica \u00e0s 280 mil fam\u00edlias restantes.<\/p>\n<p>Em Mato Grosso do Sul, o deputado Vander estima que cerca de 20 mil fam\u00edlias tenham sido beneficiadas. &#8220;Acompanhei o trabalho de perto entre 2003 e 2010 e nesse per\u00edodo ajudei a viabilizar mais de R$ 196 milh\u00f5es para o Luz para Todos em nosso estado. Garantimos acesso \u00e0 energia para pelo menos 100 mil pessoas nas \u00e1reas rurais&#8221;, declarou.<\/p>\n<p><strong>Vencendo obst\u00e1culos<\/strong> &#8211; A presidenta Dilma alertou que, muitas vezes, \u00e9 preciso atravessar florestas e rios carregando postes, fios e transformadores no lombo de burros, em canoas ou at\u00e9 em helic\u00f3pteros, passando cabos por baixo da \u00e1gua dos rios e do mar. Dilma citou que o Luz para Todos j\u00e1 instalou 88 quil\u00f4metros de cabos subaqu\u00e1ticos, em rios e no mar. Vander Loubet avalia que \u00e9 um grande trabalho: &#8220;Literalmente, o Luz para Todos vem vencendo obst\u00e1culos&#8221;, analisou.<\/p>\n<p>Em locais onde n\u00e3o h\u00e1 como estruturar uma rede el\u00e9trica com postes, as empresas estaduais de energia montam sistemas que aliam energia solar e energia e\u00f3lica. &#8220;No caso desses dois sistemas n\u00e3o darem conta de gerar toda a energia que a comunidade precisa, ela \u00e9 complementada por geradores a diesel&#8221;, destacou. No interior do Amazonas, citou Dilma, foi montado um sistema de 12 miniusinas de energia solar para garantir luz el\u00e9trica a 220 fam\u00edlias nos munic\u00edpios de Novo Air\u00e3o, Eirunep\u00e9, Barcelos, Autazes, Mau\u00e9s e Beruri.<\/p>\n<p>Os custos da instala\u00e7\u00e3o desses sistemas s\u00e3o pagos, na maior parte, pelo governo federal, explicou a presidente. Uma pequena parte \u00e9 complementada pelas empresas distribuidoras de energia el\u00e9trica. As fam\u00edlias s\u00f3 pagam a conta de luz no final do m\u00eas. &#8220;Essas fam\u00edlias, ali\u00e1s, pagam uma conta de luz menor porque, em sua grande maioria, s\u00e3o beneficiadas com a tarifa rural, que tem subs\u00eddio de 70%, ou com a tarifa social de energia&#8221;, destacou Dilma.<\/p>\n<p><em>(\u00c9der Yanaguita &#8211; Ascom\/Deputado Vander, com informa\u00e7\u00f5es da Ag\u00eancia Estado)<\/em><\/p>\n","protected":false},"excerpt":{"rendered":"<p>O deputado ajudou a viabilizar R$ 196 milh\u00f5es para o Luz para Todos em MS e estima que cerca de 20 mil fam\u00edlias tenham sido beneficiadas no estado.<\/p>\n","protected":false},"author":2,"featured_media":8295,"comment_status":"closed","ping_status":"open","sticky":false,"template":"","format":"standard","meta":{"jetpack_post_was_ever_published":false,"_jetpack_newsletter_access":"","_jetpack_dont_email_post_to_subs":false,"_jetpack_newsletter_tier_id":0,"_jetpack_memberships_contains_paywalled_content":false,"_jetpack_memberships_contains_paid_content":false,"footnotes":""},"categories":[2098,10],"tags":[2159,2201],"class_list":{"0":"post-7082","1":"post","2":"type-post","3":"status-publish","4":"format-standard","5":"has-post-thumbnail","7":"category-brasil-noticias","8":"category-noticias","9":"tag-energia-eletrica","10":"tag-luz-para-todos"},"yoast_head":"<!-- This site is optimized with the Yoast SEO plugin v27.4 - https:\/\/yoast.com\/product\/yoast-seo-wordpress\/ -->\n<title>Vander apoia a iniciativa de Dilma de expandir programa Luz para Todos<\/title>\n<meta name=\"robots\" content=\"index, follow, max-snippet:-1, max-image-preview:large, max-video-preview:-1\" \/>\n<link rel=\"canonical\" href=\"https:\/\/vanderloubet.com.br\/deputado\/vander-apoia-a-iniciativa-de-dilma-de-expandir-luz-para-todos\/\" \/>\n<meta property=\"og:locale\" content=\"pt_BR\" \/>\n<meta property=\"og:type\" content=\"article\" \/>\n<meta property=\"og:title\" content=\"Vander apoia a iniciativa de Dilma de expandir programa Luz para Todos\" \/>\n<meta property=\"og:description\" content=\"O deputado ajudou a viabilizar R$ 196 milh\u00f5es para o Luz para Todos em MS e estima que cerca de 20 mil fam\u00edlias tenham sido beneficiadas no estado.\" \/>\n<meta property=\"og:url\" content=\"https:\/\/vanderloubet.com.br\/deputado\/vander-apoia-a-iniciativa-de-dilma-de-expandir-luz-para-todos\/\" \/>\n<meta property=\"og:site_name\" content=\"Deputado Federal Vander Loubet\" \/>\n<meta property=\"article:publisher\" content=\"https:\/\/facebook.com\/deputadovander\" \/>\n<meta property=\"article:published_time\" content=\"2013-11-19T15:24:18+00:00\" \/>\n<meta property=\"article:modified_time\" content=\"2015-02-06T01:41:25+00:00\" \/>\n<meta property=\"og:image\" content=\"https:\/\/vanderloubet.com.br\/deputado\/wp-content\/uploads\/2013\/11\/foto-2013-11-19-luz-para-todos.jpg\" \/>\n\t<meta property=\"og:image:width\" content=\"1200\" \/>\n\t<meta property=\"og:image:height\" content=\"800\" \/>\n\t<meta property=\"og:image:type\" content=\"image\/jpeg\" \/>\n<meta name=\"author\" content=\"\u00c9der\" \/>\n<meta name=\"twitter:card\" content=\"summary_large_image\" \/>\n<meta name=\"twitter:creator\" content=\"@vanderloubet\" \/>\n<meta name=\"twitter:site\" content=\"@vanderloubet\" \/>\n<script type=\"application\/ld+json\" class=\"yoast-schema-graph\">{\"@context\":\"https:\\\/\\\/schema.org\",\"@graph\":[{\"@type\":\"Article\",\"@id\":\"https:\\\/\\\/vanderloubet.com.br\\\/deputado\\\/vander-apoia-a-iniciativa-de-dilma-de-expandir-luz-para-todos\\\/#article\",\"isPartOf\":{\"@id\":\"https:\\\/\\\/vanderloubet.com.br\\\/deputado\\\/vander-apoia-a-iniciativa-de-dilma-de-expandir-luz-para-todos\\\/\"},\"author\":{\"name\":\"\u00c9der\",\"@id\":\"https:\\\/\\\/vanderloubet.com.br\\\/deputado\\\/#\\\/schema\\\/person\\\/15b51bd564532a8a68d9dec1b8eb890e\"},\"headline\":\"Vander apoia a iniciativa de Dilma de expandir programa Luz para Todos\",\"datePublished\":\"2013-11-19T15:24:18+00:00\",\"dateModified\":\"2015-02-06T01:41:25+00:00\",\"mainEntityOfPage\":{\"@id\":\"https:\\\/\\\/vanderloubet.com.br\\\/deputado\\\/vander-apoia-a-iniciativa-de-dilma-de-expandir-luz-para-todos\\\/\"},\"wordCount\":778,\"publisher\":{\"@id\":\"https:\\\/\\\/vanderloubet.com.br\\\/deputado\\\/#organization\"},\"image\":{\"@id\":\"https:\\\/\\\/vanderloubet.com.br\\\/deputado\\\/vander-apoia-a-iniciativa-de-dilma-de-expandir-luz-para-todos\\\/#primaryimage\"},\"thumbnailUrl\":\"https:\\\/\\\/vanderloubet.com.br\\\/deputado\\\/wp-content\\\/uploads\\\/2013\\\/11\\\/foto-2013-11-19-luz-para-todos.jpg\",\"keywords\":[\"energia el\u00e9trica\",\"luz para todos\"],\"articleSection\":[\"Brasil\",\"Not\u00edcias\"],\"inLanguage\":\"pt-BR\"},{\"@type\":\"WebPage\",\"@id\":\"https:\\\/\\\/vanderloubet.com.br\\\/deputado\\\/vander-apoia-a-iniciativa-de-dilma-de-expandir-luz-para-todos\\\/\",\"url\":\"https:\\\/\\\/vanderloubet.com.br\\\/deputado\\\/vander-apoia-a-iniciativa-de-dilma-de-expandir-luz-para-todos\\\/\",\"name\":\"Vander apoia a iniciativa de Dilma de expandir programa Luz para Todos\",\"isPartOf\":{\"@id\":\"https:\\\/\\\/vanderloubet.com.br\\\/deputado\\\/#website\"},\"primaryImageOfPage\":{\"@id\":\"https:\\\/\\\/vanderloubet.com.br\\\/deputado\\\/vander-apoia-a-iniciativa-de-dilma-de-expandir-luz-para-todos\\\/#primaryimage\"},\"image\":{\"@id\":\"https:\\\/\\\/vanderloubet.com.br\\\/deputado\\\/vander-apoia-a-iniciativa-de-dilma-de-expandir-luz-para-todos\\\/#primaryimage\"},\"thumbnailUrl\":\"https:\\\/\\\/vanderloubet.com.br\\\/deputado\\\/wp-content\\\/uploads\\\/2013\\\/11\\\/foto-2013-11-19-luz-para-todos.jpg\",\"datePublished\":\"2013-11-19T15:24:18+00:00\",\"dateModified\":\"2015-02-06T01:41:25+00:00\",\"breadcrumb\":{\"@id\":\"https:\\\/\\\/vanderloubet.com.br\\\/deputado\\\/vander-apoia-a-iniciativa-de-dilma-de-expandir-luz-para-todos\\\/#breadcrumb\"},\"inLanguage\":\"pt-BR\",\"potentialAction\":[{\"@type\":\"ReadAction\",\"target\":[\"https:\\\/\\\/vanderloubet.com.br\\\/deputado\\\/vander-apoia-a-iniciativa-de-dilma-de-expandir-luz-para-todos\\\/\"]}]},{\"@type\":\"ImageObject\",\"inLanguage\":\"pt-BR\",\"@id\":\"https:\\\/\\\/vanderloubet.com.br\\\/deputado\\\/vander-apoia-a-iniciativa-de-dilma-de-expandir-luz-para-todos\\\/#primaryimage\",\"url\":\"https:\\\/\\\/vanderloubet.com.br\\\/deputado\\\/wp-content\\\/uploads\\\/2013\\\/11\\\/foto-2013-11-19-luz-para-todos.jpg\",\"contentUrl\":\"https:\\\/\\\/vanderloubet.com.br\\\/deputado\\\/wp-content\\\/uploads\\\/2013\\\/11\\\/foto-2013-11-19-luz-para-todos.jpg\",\"width\":900,\"height\":600,\"caption\":\"Meta do Luz para Todos \u00e9 chegar a 3,37 milh\u00f5es de lares beneficiados at\u00e9 2014\"},{\"@type\":\"BreadcrumbList\",\"@id\":\"https:\\\/\\\/vanderloubet.com.br\\\/deputado\\\/vander-apoia-a-iniciativa-de-dilma-de-expandir-luz-para-todos\\\/#breadcrumb\",\"itemListElement\":[{\"@type\":\"ListItem\",\"position\":1,\"name\":\"In\u00edcio\",\"item\":\"https:\\\/\\\/vanderloubet.com.br\\\/deputado\\\/\"},{\"@type\":\"ListItem\",\"position\":2,\"name\":\"Vander apoia a iniciativa de Dilma de expandir programa Luz para Todos\"}]},{\"@type\":\"WebSite\",\"@id\":\"https:\\\/\\\/vanderloubet.com.br\\\/deputado\\\/#website\",\"url\":\"https:\\\/\\\/vanderloubet.com.br\\\/deputado\\\/\",\"name\":\"Deputado Federal Vander Loubet\",\"description\":\"O Federal de MS\",\"publisher\":{\"@id\":\"https:\\\/\\\/vanderloubet.com.br\\\/deputado\\\/#organization\"},\"alternateName\":\"Deputado Vander\",\"potentialAction\":[{\"@type\":\"SearchAction\",\"target\":{\"@type\":\"EntryPoint\",\"urlTemplate\":\"https:\\\/\\\/vanderloubet.com.br\\\/deputado\\\/?s={search_term_string}\"},\"query-input\":{\"@type\":\"PropertyValueSpecification\",\"valueRequired\":true,\"valueName\":\"search_term_string\"}}],\"inLanguage\":\"pt-BR\"},{\"@type\":\"Organization\",\"@id\":\"https:\\\/\\\/vanderloubet.com.br\\\/deputado\\\/#organization\",\"name\":\"Deputado Federal Vander Loubet\",\"alternateName\":\"Deputado Vander\",\"url\":\"https:\\\/\\\/vanderloubet.com.br\\\/deputado\\\/\",\"logo\":{\"@type\":\"ImageObject\",\"inLanguage\":\"pt-BR\",\"@id\":\"https:\\\/\\\/vanderloubet.com.br\\\/deputado\\\/#\\\/schema\\\/logo\\\/image\\\/\",\"url\":\"https:\\\/\\\/vanderloubet.com.br\\\/deputado\\\/wp-content\\\/uploads\\\/2023\\\/06\\\/foto-2023-06-19-mandato-deputado-vander.jpg\",\"contentUrl\":\"https:\\\/\\\/vanderloubet.com.br\\\/deputado\\\/wp-content\\\/uploads\\\/2023\\\/06\\\/foto-2023-06-19-mandato-deputado-vander.jpg\",\"width\":1080,\"height\":1080,\"caption\":\"Deputado Federal Vander Loubet\"},\"image\":{\"@id\":\"https:\\\/\\\/vanderloubet.com.br\\\/deputado\\\/#\\\/schema\\\/logo\\\/image\\\/\"},\"sameAs\":[\"https:\\\/\\\/facebook.com\\\/deputadovander\",\"https:\\\/\\\/x.com\\\/vanderloubet\",\"https:\\\/\\\/instagram.com\\\/vanderloubet\",\"https:\\\/\\\/youtube.com\\\/vanderloubet\",\"https:\\\/\\\/tiktok.com\\\/@vanderloubetms\"]},{\"@type\":\"Person\",\"@id\":\"https:\\\/\\\/vanderloubet.com.br\\\/deputado\\\/#\\\/schema\\\/person\\\/15b51bd564532a8a68d9dec1b8eb890e\",\"name\":\"\u00c9der\",\"image\":{\"@type\":\"ImageObject\",\"inLanguage\":\"pt-BR\",\"@id\":\"https:\\\/\\\/vanderloubet.com.br\\\/deputado\\\/wp-content\\\/litespeed\\\/avatar\\\/88ca4090d9d5ab1c9495f6ca03b68efa.jpg?ver=1777058957\",\"url\":\"https:\\\/\\\/vanderloubet.com.br\\\/deputado\\\/wp-content\\\/litespeed\\\/avatar\\\/88ca4090d9d5ab1c9495f6ca03b68efa.jpg?ver=1777058957\",\"contentUrl\":\"https:\\\/\\\/vanderloubet.com.br\\\/deputado\\\/wp-content\\\/litespeed\\\/avatar\\\/88ca4090d9d5ab1c9495f6ca03b68efa.jpg?ver=1777058957\",\"caption\":\"\u00c9der\"}}]}<\/script>\n<!-- \/ Yoast SEO plugin. -->","yoast_head_json":{"title":"Vander apoia a iniciativa de Dilma de expandir programa Luz para Todos","robots":{"index":"index","follow":"follow","max-snippet":"max-snippet:-1","max-image-preview":"max-image-preview:large","max-video-preview":"max-video-preview:-1"},"canonical":"https:\/\/vanderloubet.com.br\/deputado\/vander-apoia-a-iniciativa-de-dilma-de-expandir-luz-para-todos\/","og_locale":"pt_BR","og_type":"article","og_title":"Vander apoia a iniciativa de Dilma de expandir programa Luz para Todos","og_description":"O deputado ajudou a viabilizar R$ 196 milh\u00f5es para o Luz para Todos em MS e estima que cerca de 20 mil fam\u00edlias tenham sido beneficiadas no estado.","og_url":"https:\/\/vanderloubet.com.br\/deputado\/vander-apoia-a-iniciativa-de-dilma-de-expandir-luz-para-todos\/","og_site_name":"Deputado Federal Vander Loubet","article_publisher":"https:\/\/facebook.com\/deputadovander","article_published_time":"2013-11-19T15:24:18+00:00","article_modified_time":"2015-02-06T01:41:25+00:00","og_image":[{"width":1200,"height":800,"url":"https:\/\/vanderloubet.com.br\/deputado\/wp-content\/uploads\/2013\/11\/foto-2013-11-19-luz-para-todos.jpg","type":"image\/jpeg"}],"author":"\u00c9der","twitter_card":"summary_large_image","twitter_creator":"@vanderloubet","twitter_site":"@vanderloubet","schema":{"@context":"https:\/\/schema.org","@graph":[{"@type":"Article","@id":"https:\/\/vanderloubet.com.br\/deputado\/vander-apoia-a-iniciativa-de-dilma-de-expandir-luz-para-todos\/#article","isPartOf":{"@id":"https:\/\/vanderloubet.com.br\/deputado\/vander-apoia-a-iniciativa-de-dilma-de-expandir-luz-para-todos\/"},"author":{"name":"\u00c9der","@id":"https:\/\/vanderloubet.com.br\/deputado\/#\/schema\/person\/15b51bd564532a8a68d9dec1b8eb890e"},"headline":"Vander apoia a iniciativa de Dilma de expandir programa Luz para Todos","datePublished":"2013-11-19T15:24:18+00:00","dateModified":"2015-02-06T01:41:25+00:00","mainEntityOfPage":{"@id":"https:\/\/vanderloubet.com.br\/deputado\/vander-apoia-a-iniciativa-de-dilma-de-expandir-luz-para-todos\/"},"wordCount":778,"publisher":{"@id":"https:\/\/vanderloubet.com.br\/deputado\/#organization"},"image":{"@id":"https:\/\/vanderloubet.com.br\/deputado\/vander-apoia-a-iniciativa-de-dilma-de-expandir-luz-para-todos\/#primaryimage"},"thumbnailUrl":"https:\/\/vanderloubet.com.br\/deputado\/wp-content\/uploads\/2013\/11\/foto-2013-11-19-luz-para-todos.jpg","keywords":["energia el\u00e9trica","luz para todos"],"articleSection":["Brasil","Not\u00edcias"],"inLanguage":"pt-BR"},{"@type":"WebPage","@id":"https:\/\/vanderloubet.com.br\/deputado\/vander-apoia-a-iniciativa-de-dilma-de-expandir-luz-para-todos\/","url":"https:\/\/vanderloubet.com.br\/deputado\/vander-apoia-a-iniciativa-de-dilma-de-expandir-luz-para-todos\/","name":"Vander apoia a iniciativa de Dilma de expandir programa Luz para Todos","isPartOf":{"@id":"https:\/\/vanderloubet.com.br\/deputado\/#website"},"primaryImageOfPage":{"@id":"https:\/\/vanderloubet.com.br\/deputado\/vander-apoia-a-iniciativa-de-dilma-de-expandir-luz-para-todos\/#primaryimage"},"image":{"@id":"https:\/\/vanderloubet.com.br\/deputado\/vander-apoia-a-iniciativa-de-dilma-de-expandir-luz-para-todos\/#primaryimage"},"thumbnailUrl":"https:\/\/vanderloubet.com.br\/deputado\/wp-content\/uploads\/2013\/11\/foto-2013-11-19-luz-para-todos.jpg","datePublished":"2013-11-19T15:24:18+00:00","dateModified":"2015-02-06T01:41:25+00:00","breadcrumb":{"@id":"https:\/\/vanderloubet.com.br\/deputado\/vander-apoia-a-iniciativa-de-dilma-de-expandir-luz-para-todos\/#breadcrumb"},"inLanguage":"pt-BR","potentialAction":[{"@type":"ReadAction","target":["https:\/\/vanderloubet.com.br\/deputado\/vander-apoia-a-iniciativa-de-dilma-de-expandir-luz-para-todos\/"]}]},{"@type":"ImageObject","inLanguage":"pt-BR","@id":"https:\/\/vanderloubet.com.br\/deputado\/vander-apoia-a-iniciativa-de-dilma-de-expandir-luz-para-todos\/#primaryimage","url":"https:\/\/vanderloubet.com.br\/deputado\/wp-content\/uploads\/2013\/11\/foto-2013-11-19-luz-para-todos.jpg","contentUrl":"https:\/\/vanderloubet.com.br\/deputado\/wp-content\/uploads\/2013\/11\/foto-2013-11-19-luz-para-todos.jpg","width":900,"height":600,"caption":"Meta do Luz para Todos \u00e9 chegar a 3,37 milh\u00f5es de lares beneficiados at\u00e9 2014"},{"@type":"BreadcrumbList","@id":"https:\/\/vanderloubet.com.br\/deputado\/vander-apoia-a-iniciativa-de-dilma-de-expandir-luz-para-todos\/#breadcrumb","itemListElement":[{"@type":"ListItem","position":1,"name":"In\u00edcio","item":"https:\/\/vanderloubet.com.br\/deputado\/"},{"@type":"ListItem","position":2,"name":"Vander apoia a iniciativa de Dilma de expandir programa Luz para Todos"}]},{"@type":"WebSite","@id":"https:\/\/vanderloubet.com.br\/deputado\/#website","url":"https:\/\/vanderloubet.com.br\/deputado\/","name":"Deputado Federal Vander Loubet","description":"O Federal de MS","publisher":{"@id":"https:\/\/vanderloubet.com.br\/deputado\/#organization"},"alternateName":"Deputado Vander","potentialAction":[{"@type":"SearchAction","target":{"@type":"EntryPoint","urlTemplate":"https:\/\/vanderloubet.com.br\/deputado\/?s={search_term_string}"},"query-input":{"@type":"PropertyValueSpecification","valueRequired":true,"valueName":"search_term_string"}}],"inLanguage":"pt-BR"},{"@type":"Organization","@id":"https:\/\/vanderloubet.com.br\/deputado\/#organization","name":"Deputado Federal Vander Loubet","alternateName":"Deputado Vander","url":"https:\/\/vanderloubet.com.br\/deputado\/","logo":{"@type":"ImageObject","inLanguage":"pt-BR","@id":"https:\/\/vanderloubet.com.br\/deputado\/#\/schema\/logo\/image\/","url":"https:\/\/vanderloubet.com.br\/deputado\/wp-content\/uploads\/2023\/06\/foto-2023-06-19-mandato-deputado-vander.jpg","contentUrl":"https:\/\/vanderloubet.com.br\/deputado\/wp-content\/uploads\/2023\/06\/foto-2023-06-19-mandato-deputado-vander.jpg","width":1080,"height":1080,"caption":"Deputado Federal Vander Loubet"},"image":{"@id":"https:\/\/vanderloubet.com.br\/deputado\/#\/schema\/logo\/image\/"},"sameAs":["https:\/\/facebook.com\/deputadovander","https:\/\/x.com\/vanderloubet","https:\/\/instagram.com\/vanderloubet","https:\/\/youtube.com\/vanderloubet","https:\/\/tiktok.com\/@vanderloubetms"]},{"@type":"Person","@id":"https:\/\/vanderloubet.com.br\/deputado\/#\/schema\/person\/15b51bd564532a8a68d9dec1b8eb890e","name":"\u00c9der","image":{"@type":"ImageObject","inLanguage":"pt-BR","@id":"https:\/\/vanderloubet.com.br\/deputado\/wp-content\/litespeed\/avatar\/88ca4090d9d5ab1c9495f6ca03b68efa.jpg?ver=1777058957","url":"https:\/\/vanderloubet.com.br\/deputado\/wp-content\/litespeed\/avatar\/88ca4090d9d5ab1c9495f6ca03b68efa.jpg?ver=1777058957","contentUrl":"https:\/\/vanderloubet.com.br\/deputado\/wp-content\/litespeed\/avatar\/88ca4090d9d5ab1c9495f6ca03b68efa.jpg?ver=1777058957","caption":"\u00c9der"}}]}},"jetpack_featured_media_url":"https:\/\/vanderloubet.com.br\/deputado\/wp-content\/uploads\/2013\/11\/foto-2013-11-19-luz-para-todos.jpg","jetpack_sharing_enabled":true,"_links":{"self":[{"href":"https:\/\/vanderloubet.com.br\/deputado\/wp-json\/wp\/v2\/posts\/7082","targetHints":{"allow":["GET"]}}],"collection":[{"href":"https:\/\/vanderloubet.com.br\/deputado\/wp-json\/wp\/v2\/posts"}],"about":[{"href":"https:\/\/vanderloubet.com.br\/deputado\/wp-json\/wp\/v2\/types\/post"}],"author":[{"embeddable":true,"href":"https:\/\/vanderloubet.com.br\/deputado\/wp-json\/wp\/v2\/users\/2"}],"replies":[{"embeddable":true,"href":"https:\/\/vanderloubet.com.br\/deputado\/wp-json\/wp\/v2\/comments?post=7082"}],"version-history":[{"count":0,"href":"https:\/\/vanderloubet.com.br\/deputado\/wp-json\/wp\/v2\/posts\/7082\/revisions"}],"wp:featuredmedia":[{"embeddable":true,"href":"https:\/\/vanderloubet.com.br\/deputado\/wp-json\/wp\/v2\/media\/8295"}],"wp:attachment":[{"href":"https:\/\/vanderloubet.com.br\/deputado\/wp-json\/wp\/v2\/media?parent=7082"}],"wp:term":[{"taxonomy":"category","embeddable":true,"href":"https:\/\/vanderloubet.com.br\/deputado\/wp-json\/wp\/v2\/categories?post=7082"},{"taxonomy":"post_tag","embeddable":true,"href":"https:\/\/vanderloubet.com.br\/deputado\/wp-json\/wp\/v2\/tags?post=7082"}],"curies":[{"name":"wp","href":"https:\/\/api.w.org\/{rel}","templated":true}]}}