{"id":7033,"date":"2013-10-22T07:32:23","date_gmt":"2013-10-22T11:32:23","guid":{"rendered":"http:\/\/www.deputadovander.com.br\/website\/?p=7033"},"modified":"2015-05-26T12:47:16","modified_gmt":"2015-05-26T15:47:16","slug":"vander-viabiliza-r-22-milhoes-para-modernizacao-do-hospital-evangelico","status":"publish","type":"post","link":"https:\/\/vanderloubet.com.br\/deputado\/vander-viabiliza-r-22-milhoes-para-modernizacao-do-hospital-evangelico\/","title":{"rendered":"Vander viabiliza R$ 2,2 milh\u00f5es para amplia\u00e7\u00e3o do Hospital Evang\u00e9lico de Dourados"},"content":{"rendered":"\r\n                <style type=\"text\/css\">\r\n                    \r\n                    #tdi_1  .td-doubleSlider-2 .td-item1 {\r\n                        background: url(https:\/\/vanderloubet.com.br\/deputado\/wp-content\/uploads\/2013\/10\/foto-2013-10-21-hospital-evangelico-dourados-80x60.jpg) 0 0 no-repeat;\r\n                    }\r\n                    #tdi_1  .td-doubleSlider-2 .td-item2 {\r\n                        background: url(https:\/\/vanderloubet.com.br\/deputado\/wp-content\/uploads\/2013\/10\/foto-2013-10-21-peralta-takimoto-arruda-vander-dourados-80x60.jpg) 0 0 no-repeat;\r\n                    }\r\n                    #tdi_1  .td-doubleSlider-2 .td-item3 {\r\n                        background: url(https:\/\/vanderloubet.com.br\/deputado\/wp-content\/uploads\/2013\/10\/foto-2013-10-21-reuniao-diretoria-he-dourados-80x60.jpg) 0 0 no-repeat;\r\n                    }\r\n                <\/style>\r\n\r\n                <div id=\"tdi_1\" class=\"td-gallery td-slide-on-2-columns\">\r\n                    <div class=\"post_td_gallery\">\r\n                        <div class=\"td-gallery-slide-top\">\r\n                           <div class=\"td-gallery-title\"><\/div>\r\n\r\n                            <div class=\"td-gallery-controls-wrapper\">\r\n                                <div class=\"td-gallery-slide-count\"><span class=\"td-gallery-slide-item-focus\">1<\/span> de 3<\/div>\r\n                                <div class=\"td-gallery-slide-prev-next-but\">\r\n                                    <i class = \"td-icon-left doubleSliderPrevButton\"><\/i>\r\n                                    <i class = \"td-icon-right doubleSliderNextButton\"><\/i>\r\n                                <\/div>\r\n                            <\/div>\r\n                        <\/div>\r\n\r\n                        <div class = \"td-doubleSlider-1 \">\r\n                            <div class = \"td-slider\">\r\n                                \r\n                    <div class = \"td-slide-item td-item1\">\r\n                        <figure class=\"td-slide-galery-figure td-slide-popup-gallery\">\r\n                            <a class=\"slide-gallery-image-link\" href=\"https:\/\/vanderloubet.com.br\/deputado\/wp-content\/uploads\/2013\/10\/foto-2013-10-21-hospital-evangelico-dourados.jpg\" title=\"Hospital Evang\u00e9lico de Dourados\"  data-caption=\"\"  data-description=\"Hospital Evang&eacute;lico de Dourados\">\r\n                                <img decoding=\"async\" src=\"https:\/\/vanderloubet.com.br\/deputado\/wp-content\/uploads\/2013\/10\/foto-2013-10-21-hospital-evangelico-dourados-630x420.jpg\" srcset=\"https:\/\/vanderloubet.com.br\/deputado\/wp-content\/uploads\/2013\/10\/foto-2013-10-21-hospital-evangelico-dourados-630x420.jpg 630w, https:\/\/vanderloubet.com.br\/deputado\/wp-content\/uploads\/2013\/10\/foto-2013-10-21-hospital-evangelico-dourados-350x233.jpg 350w, https:\/\/vanderloubet.com.br\/deputado\/wp-content\/uploads\/2013\/10\/foto-2013-10-21-hospital-evangelico-dourados-768x512.jpg 768w, https:\/\/vanderloubet.com.br\/deputado\/wp-content\/uploads\/2013\/10\/foto-2013-10-21-hospital-evangelico-dourados-700x467.jpg 700w, https:\/\/vanderloubet.com.br\/deputado\/wp-content\/uploads\/2013\/10\/foto-2013-10-21-hospital-evangelico-dourados-696x464.jpg 696w, https:\/\/vanderloubet.com.br\/deputado\/wp-content\/uploads\/2013\/10\/foto-2013-10-21-hospital-evangelico-dourados-1068x712.jpg 1068w, https:\/\/vanderloubet.com.br\/deputado\/wp-content\/uploads\/2013\/10\/foto-2013-10-21-hospital-evangelico-dourados.jpg 900w\" sizes=\"(max-width: 630px) 100vw, 630px\" alt=\"Hospital Evang&eacute;lico de Dourados\">\r\n                            <\/a>\r\n                            <figcaption class = \"td-slide-caption td-gallery-slide-content\"><span>Hospital Evang\u00e9lico de Dourados<\/span><\/figcaption>\r\n                        <\/figure>\r\n                    <\/div>\r\n                    <div class = \"td-slide-item td-item2\">\r\n                        <figure class=\"td-slide-galery-figure td-slide-popup-gallery\">\r\n                            <a class=\"slide-gallery-image-link\" href=\"https:\/\/vanderloubet.com.br\/deputado\/wp-content\/uploads\/2013\/10\/foto-2013-10-21-peralta-takimoto-arruda-vander-dourados.jpg\" title=\"Ao lado de dirigentes do HE, Takimoto e Vander visitaram futuras novas salas\"  data-caption=\"\"  data-description=\"Ao lado de dirigentes do HE, Takimoto e Vander visitaram futuras novas salas\">\r\n                                <img decoding=\"async\" src=\"https:\/\/vanderloubet.com.br\/deputado\/wp-content\/uploads\/2013\/10\/foto-2013-10-21-peralta-takimoto-arruda-vander-dourados-630x420.jpg\" srcset=\"https:\/\/vanderloubet.com.br\/deputado\/wp-content\/uploads\/2013\/10\/foto-2013-10-21-peralta-takimoto-arruda-vander-dourados-630x420.jpg 630w, https:\/\/vanderloubet.com.br\/deputado\/wp-content\/uploads\/2013\/10\/foto-2013-10-21-peralta-takimoto-arruda-vander-dourados-350x233.jpg 350w, https:\/\/vanderloubet.com.br\/deputado\/wp-content\/uploads\/2013\/10\/foto-2013-10-21-peralta-takimoto-arruda-vander-dourados-768x512.jpg 768w, https:\/\/vanderloubet.com.br\/deputado\/wp-content\/uploads\/2013\/10\/foto-2013-10-21-peralta-takimoto-arruda-vander-dourados-700x467.jpg 700w, https:\/\/vanderloubet.com.br\/deputado\/wp-content\/uploads\/2013\/10\/foto-2013-10-21-peralta-takimoto-arruda-vander-dourados-696x464.jpg 696w, https:\/\/vanderloubet.com.br\/deputado\/wp-content\/uploads\/2013\/10\/foto-2013-10-21-peralta-takimoto-arruda-vander-dourados-1068x712.jpg 1068w, https:\/\/vanderloubet.com.br\/deputado\/wp-content\/uploads\/2013\/10\/foto-2013-10-21-peralta-takimoto-arruda-vander-dourados.jpg 900w\" sizes=\"(max-width: 630px) 100vw, 630px\" alt=\"Ao lado de dirigentes do HE, Takimoto e Vander visitaram futuras novas salas\">\r\n                            <\/a>\r\n                            <figcaption class = \"td-slide-caption td-gallery-slide-content\"><span>Ao lado de dirigentes do HE, Takimoto e Vander visitaram futuras novas salas<\/span><\/figcaption>\r\n                        <\/figure>\r\n                    <\/div>\r\n                    <div class = \"td-slide-item td-item3\">\r\n                        <figure class=\"td-slide-galery-figure td-slide-popup-gallery\">\r\n                            <a class=\"slide-gallery-image-link\" href=\"https:\/\/vanderloubet.com.br\/deputado\/wp-content\/uploads\/2013\/10\/foto-2013-10-21-reuniao-diretoria-he-dourados.jpg\" title=\"Vander e Takimoto tiveram reuni\u00e3o com conselheiros e corpo cl\u00ednico do HE\"  data-caption=\"\"  data-description=\"Vander e Takimoto tiveram reuni&atilde;o com conselheiros e corpo cl&iacute;nico do HE\">\r\n                                <img decoding=\"async\" src=\"https:\/\/vanderloubet.com.br\/deputado\/wp-content\/uploads\/2013\/10\/foto-2013-10-21-reuniao-diretoria-he-dourados-630x420.jpg\" srcset=\"https:\/\/vanderloubet.com.br\/deputado\/wp-content\/uploads\/2013\/10\/foto-2013-10-21-reuniao-diretoria-he-dourados-630x420.jpg 630w, https:\/\/vanderloubet.com.br\/deputado\/wp-content\/uploads\/2013\/10\/foto-2013-10-21-reuniao-diretoria-he-dourados-350x233.jpg 350w, https:\/\/vanderloubet.com.br\/deputado\/wp-content\/uploads\/2013\/10\/foto-2013-10-21-reuniao-diretoria-he-dourados-768x512.jpg 768w, https:\/\/vanderloubet.com.br\/deputado\/wp-content\/uploads\/2013\/10\/foto-2013-10-21-reuniao-diretoria-he-dourados-700x467.jpg 700w, https:\/\/vanderloubet.com.br\/deputado\/wp-content\/uploads\/2013\/10\/foto-2013-10-21-reuniao-diretoria-he-dourados-696x464.jpg 696w, https:\/\/vanderloubet.com.br\/deputado\/wp-content\/uploads\/2013\/10\/foto-2013-10-21-reuniao-diretoria-he-dourados-1068x712.jpg 1068w, https:\/\/vanderloubet.com.br\/deputado\/wp-content\/uploads\/2013\/10\/foto-2013-10-21-reuniao-diretoria-he-dourados.jpg 900w\" sizes=\"(max-width: 630px) 100vw, 630px\" alt=\"Vander e Takimoto tiveram reuni&atilde;o com conselheiros e corpo cl&iacute;nico do HE\">\r\n                            <\/a>\r\n                            <figcaption class = \"td-slide-caption td-gallery-slide-content\"><span>Vander e Takimoto tiveram reuni\u00e3o com conselheiros e corpo cl\u00ednico do HE<\/span><\/figcaption>\r\n                        <\/figure>\r\n                    <\/div>\r\n                            <\/div>\r\n                        <\/div>\r\n\r\n                        <div class = \"td-doubleSlider-2\">\r\n                            <div class = \"td-slider\">\r\n                                \r\n                    <div class = \"td-button td-item1\">\r\n                        <div class = \"td-border\"><\/div>\r\n                    <\/div>\r\n                    <div class = \"td-button td-item2\">\r\n                        <div class = \"td-border\"><\/div>\r\n                    <\/div>\r\n                    <div class = \"td-button td-item3\">\r\n                        <div class = \"td-border\"><\/div>\r\n                    <\/div>\r\n                            <\/div>\r\n                        <\/div>\r\n\r\n                    <\/div>\r\n\r\n                <\/div>\r\n                \n<p>Na \u00faltima sexta-feira, 18 de outubro, o deputado federal Vander Loubet (PT) esteve em Dourados cumprindo agenda no Hospital Evang\u00e9lico. Na ocasi\u00e3o, o parlamentar, acompanhado pelo deputado estadual George Takimoto (PDT), foi recebido pelo diretor da institui\u00e7\u00e3o, Maur\u00edcio Peralta, pelo corpo clinico e pelos conselheiros da Associa\u00e7\u00e3o Beneficente Dourados, entidade mantenedora da institui\u00e7\u00e3o. Vander se interou a respeito da aplica\u00e7\u00e3o das emendas parlamentares que viabilizou para o hospital junto ao Minist\u00e9rio da Sa\u00fade, que somam R$ 2,2 milh\u00f5es.<\/p>\n<p>Uma emenda, j\u00e1 empenhada, no valor de R$ 1,2 milh\u00e3o, est\u00e1 sendo usada para a aquisi\u00e7\u00e3o dos equipamentos de seis novas salas do Centro Cir\u00fargico e para cinco leitos de Unidade de Terapia Intensiva (UTI). A outra emenda, de R$ 1 milh\u00e3o, que deve ser empenhada pela Uni\u00e3o ainda este ano, ser\u00e1 revertida em mais investimentos para a UTI da institui\u00e7\u00e3o.<\/p>\n<p>&#8220;Precisamos, cada vez mais, ampliar os investimentos na sa\u00fade p\u00fablica, sobretudo no interior do estado. Com essas emendas estamos ajudando o HE a ampliar a quantidade e melhorar a qualidade dos procedimentos, o que \u00e9 muito positivo j\u00e1 que, al\u00e9m de Dourados, outros 32 munic\u00edpios da regi\u00e3o dependem do trabalho realizado pelo hospital&#8221;, afirmou Vander Loubet. &#8220;Quando o Takimoto solicitou que eu apoiasse o hospital, n\u00e3o fazia id\u00e9ia da import\u00e2ncia que o HE tem para todo o sul do estado. Fiquei contente por conhecer o hospital e por saber que esses recursos est\u00e3o sendo bem aplicados&#8221;, completou.<\/p>\n<p>De acordo com Peralta, a a\u00e7\u00e3o do deputado Vander \u00e9 muito importante, pois as novas unidades do Centro Cir\u00fargico e da UTI v\u00e3o ampliar e melhorar a capacidade de atendimento do hospital, o mais importante de Dourados e que atende pacientes pelo Sistema \u00danico de Sa\u00fade (SUS). &#8220;Mais de 800 mil moradores da regi\u00e3o dependem de Dourados para receber atendimento de alta complexidade, urg\u00eancias e emerg\u00eancias. Portanto, esse investimento \u00e9 de extrema import\u00e2ncia para a popula\u00e7\u00e3o do Cone Sul e fundamental para o Hospital Evang\u00e9lico&#8221;, comentou.<\/p>\n<p>Ainda segundo o diretor do HE, Peralta, a popula\u00e7\u00e3o dos 33 munic\u00edpios da regi\u00e3o procuram no hospital atendimento em diversas especialidades complexas: neurologia, oncologia, ortopedia, pneumologia, cirurgia geral, cirurgias de alta complexidade (card\u00edaca e vascular, pedi\u00e1trica, cabe\u00e7a e pesco\u00e7o, bu\u00e7o-maxilo, etc), cardiologia cl\u00ednica, angiologia, hemodin\u00e2mica, tomografia computadorizada, resson\u00e2ncia magn\u00e9tica e ultrassom, entre outras. Hoje, s\u00e3o realizadas aproximadamente 450 cirurgias por m\u00eas no HE e 30% dos pacientes atendidos procedem de outros munic\u00edpios do Cone Sul. A reforma vai propiciar o aumento de 40% na capacidade de atendimento de cirurgias.<\/p>\n<p><em>(\u00c9der Yanaguita &#8211; Ascom\/Deputado Vander, com informa\u00e7\u00f5es do MidiaFlex)<\/em><\/p>\n","protected":false},"excerpt":{"rendered":"<p>Uma emenda j\u00e1 empenhada est\u00e1 sendo usada na aquisi\u00e7\u00e3o dos equipamentos para novas salas do centro cir\u00fargico e leitos de UTI.<\/p>\n","protected":false},"author":2,"featured_media":9728,"comment_status":"closed","ping_status":"open","sticky":false,"template":"","format":"standard","meta":{"jetpack_post_was_ever_published":false,"_jetpack_newsletter_access":"","_jetpack_dont_email_post_to_subs":false,"_jetpack_newsletter_tier_id":0,"_jetpack_memberships_contains_paywalled_content":false,"_jetpack_memberships_contains_paid_content":false,"footnotes":""},"categories":[2097,10],"tags":[2127,1803],"class_list":{"0":"post-7033","1":"post","2":"type-post","3":"status-publish","4":"format-standard","5":"has-post-thumbnail","7":"category-municipios-noticias","8":"category-noticias","9":"tag-emenda-parlamentar","10":"tag-saude"},"yoast_head":"<!-- This site is optimized with the Yoast SEO plugin v27.4 - https:\/\/yoast.com\/product\/yoast-seo-wordpress\/ -->\n<title>Vander viabiliza R$ 2,2 milh\u00f5es para amplia\u00e7\u00e3o do Hospital Evang\u00e9lico de Dourados<\/title>\n<meta name=\"robots\" content=\"index, follow, max-snippet:-1, max-image-preview:large, max-video-preview:-1\" \/>\n<link rel=\"canonical\" href=\"https:\/\/vanderloubet.com.br\/deputado\/vander-viabiliza-r-22-milhoes-para-modernizacao-do-hospital-evangelico\/\" \/>\n<meta property=\"og:locale\" content=\"pt_BR\" \/>\n<meta property=\"og:type\" content=\"article\" \/>\n<meta property=\"og:title\" content=\"Vander viabiliza R$ 2,2 milh\u00f5es para amplia\u00e7\u00e3o do Hospital Evang\u00e9lico de Dourados\" \/>\n<meta property=\"og:description\" content=\"Uma emenda j\u00e1 empenhada est\u00e1 sendo usada na aquisi\u00e7\u00e3o dos equipamentos para novas salas do centro cir\u00fargico e leitos de UTI.\" \/>\n<meta property=\"og:url\" content=\"https:\/\/vanderloubet.com.br\/deputado\/vander-viabiliza-r-22-milhoes-para-modernizacao-do-hospital-evangelico\/\" \/>\n<meta property=\"og:site_name\" content=\"Deputado Federal Vander Loubet\" \/>\n<meta property=\"article:publisher\" content=\"https:\/\/facebook.com\/deputadovander\" \/>\n<meta property=\"article:published_time\" content=\"2013-10-22T11:32:23+00:00\" \/>\n<meta property=\"article:modified_time\" content=\"2015-05-26T15:47:16+00:00\" \/>\n<meta property=\"og:image\" content=\"https:\/\/vanderloubet.com.br\/deputado\/wp-content\/uploads\/2013\/10\/foto-2013-10-21-peralta-takimoto-arruda-vander-dourados.jpg\" \/>\n\t<meta property=\"og:image:width\" content=\"1200\" \/>\n\t<meta property=\"og:image:height\" content=\"800\" \/>\n\t<meta property=\"og:image:type\" content=\"image\/jpeg\" \/>\n<meta name=\"author\" content=\"\u00c9der\" \/>\n<meta name=\"twitter:card\" content=\"summary_large_image\" \/>\n<meta name=\"twitter:creator\" content=\"@vanderloubet\" \/>\n<meta name=\"twitter:site\" content=\"@vanderloubet\" \/>\n<script type=\"application\/ld+json\" class=\"yoast-schema-graph\">{\"@context\":\"https:\\\/\\\/schema.org\",\"@graph\":[{\"@type\":\"Article\",\"@id\":\"https:\\\/\\\/vanderloubet.com.br\\\/deputado\\\/vander-viabiliza-r-22-milhoes-para-modernizacao-do-hospital-evangelico\\\/#article\",\"isPartOf\":{\"@id\":\"https:\\\/\\\/vanderloubet.com.br\\\/deputado\\\/vander-viabiliza-r-22-milhoes-para-modernizacao-do-hospital-evangelico\\\/\"},\"author\":{\"name\":\"\u00c9der\",\"@id\":\"https:\\\/\\\/vanderloubet.com.br\\\/deputado\\\/#\\\/schema\\\/person\\\/15b51bd564532a8a68d9dec1b8eb890e\"},\"headline\":\"Vander viabiliza R$ 2,2 milh\u00f5es para amplia\u00e7\u00e3o do Hospital Evang\u00e9lico de Dourados\",\"datePublished\":\"2013-10-22T11:32:23+00:00\",\"dateModified\":\"2015-05-26T15:47:16+00:00\",\"mainEntityOfPage\":{\"@id\":\"https:\\\/\\\/vanderloubet.com.br\\\/deputado\\\/vander-viabiliza-r-22-milhoes-para-modernizacao-do-hospital-evangelico\\\/\"},\"wordCount\":482,\"publisher\":{\"@id\":\"https:\\\/\\\/vanderloubet.com.br\\\/deputado\\\/#organization\"},\"image\":{\"@id\":\"https:\\\/\\\/vanderloubet.com.br\\\/deputado\\\/vander-viabiliza-r-22-milhoes-para-modernizacao-do-hospital-evangelico\\\/#primaryimage\"},\"thumbnailUrl\":\"https:\\\/\\\/vanderloubet.com.br\\\/deputado\\\/wp-content\\\/uploads\\\/2013\\\/10\\\/foto-2013-10-21-peralta-takimoto-arruda-vander-dourados.jpg\",\"keywords\":[\"emenda parlamentar\",\"sa\u00fade\"],\"articleSection\":[\"Munic\u00edpios\",\"Not\u00edcias\"],\"inLanguage\":\"pt-BR\"},{\"@type\":\"WebPage\",\"@id\":\"https:\\\/\\\/vanderloubet.com.br\\\/deputado\\\/vander-viabiliza-r-22-milhoes-para-modernizacao-do-hospital-evangelico\\\/\",\"url\":\"https:\\\/\\\/vanderloubet.com.br\\\/deputado\\\/vander-viabiliza-r-22-milhoes-para-modernizacao-do-hospital-evangelico\\\/\",\"name\":\"Vander viabiliza R$ 2,2 milh\u00f5es para amplia\u00e7\u00e3o do Hospital Evang\u00e9lico de Dourados\",\"isPartOf\":{\"@id\":\"https:\\\/\\\/vanderloubet.com.br\\\/deputado\\\/#website\"},\"primaryImageOfPage\":{\"@id\":\"https:\\\/\\\/vanderloubet.com.br\\\/deputado\\\/vander-viabiliza-r-22-milhoes-para-modernizacao-do-hospital-evangelico\\\/#primaryimage\"},\"image\":{\"@id\":\"https:\\\/\\\/vanderloubet.com.br\\\/deputado\\\/vander-viabiliza-r-22-milhoes-para-modernizacao-do-hospital-evangelico\\\/#primaryimage\"},\"thumbnailUrl\":\"https:\\\/\\\/vanderloubet.com.br\\\/deputado\\\/wp-content\\\/uploads\\\/2013\\\/10\\\/foto-2013-10-21-peralta-takimoto-arruda-vander-dourados.jpg\",\"datePublished\":\"2013-10-22T11:32:23+00:00\",\"dateModified\":\"2015-05-26T15:47:16+00:00\",\"breadcrumb\":{\"@id\":\"https:\\\/\\\/vanderloubet.com.br\\\/deputado\\\/vander-viabiliza-r-22-milhoes-para-modernizacao-do-hospital-evangelico\\\/#breadcrumb\"},\"inLanguage\":\"pt-BR\",\"potentialAction\":[{\"@type\":\"ReadAction\",\"target\":[\"https:\\\/\\\/vanderloubet.com.br\\\/deputado\\\/vander-viabiliza-r-22-milhoes-para-modernizacao-do-hospital-evangelico\\\/\"]}]},{\"@type\":\"ImageObject\",\"inLanguage\":\"pt-BR\",\"@id\":\"https:\\\/\\\/vanderloubet.com.br\\\/deputado\\\/vander-viabiliza-r-22-milhoes-para-modernizacao-do-hospital-evangelico\\\/#primaryimage\",\"url\":\"https:\\\/\\\/vanderloubet.com.br\\\/deputado\\\/wp-content\\\/uploads\\\/2013\\\/10\\\/foto-2013-10-21-peralta-takimoto-arruda-vander-dourados.jpg\",\"contentUrl\":\"https:\\\/\\\/vanderloubet.com.br\\\/deputado\\\/wp-content\\\/uploads\\\/2013\\\/10\\\/foto-2013-10-21-peralta-takimoto-arruda-vander-dourados.jpg\",\"width\":900,\"height\":600,\"caption\":\"Ao lado de dirigentes do HE, Takimoto e Vander visitaram futuras novas salas\"},{\"@type\":\"BreadcrumbList\",\"@id\":\"https:\\\/\\\/vanderloubet.com.br\\\/deputado\\\/vander-viabiliza-r-22-milhoes-para-modernizacao-do-hospital-evangelico\\\/#breadcrumb\",\"itemListElement\":[{\"@type\":\"ListItem\",\"position\":1,\"name\":\"In\u00edcio\",\"item\":\"https:\\\/\\\/vanderloubet.com.br\\\/deputado\\\/\"},{\"@type\":\"ListItem\",\"position\":2,\"name\":\"Vander viabiliza R$ 2,2 milh\u00f5es para amplia\u00e7\u00e3o do Hospital Evang\u00e9lico de Dourados\"}]},{\"@type\":\"WebSite\",\"@id\":\"https:\\\/\\\/vanderloubet.com.br\\\/deputado\\\/#website\",\"url\":\"https:\\\/\\\/vanderloubet.com.br\\\/deputado\\\/\",\"name\":\"Deputado Federal Vander Loubet\",\"description\":\"O Federal de MS\",\"publisher\":{\"@id\":\"https:\\\/\\\/vanderloubet.com.br\\\/deputado\\\/#organization\"},\"alternateName\":\"Deputado Vander\",\"potentialAction\":[{\"@type\":\"SearchAction\",\"target\":{\"@type\":\"EntryPoint\",\"urlTemplate\":\"https:\\\/\\\/vanderloubet.com.br\\\/deputado\\\/?s={search_term_string}\"},\"query-input\":{\"@type\":\"PropertyValueSpecification\",\"valueRequired\":true,\"valueName\":\"search_term_string\"}}],\"inLanguage\":\"pt-BR\"},{\"@type\":\"Organization\",\"@id\":\"https:\\\/\\\/vanderloubet.com.br\\\/deputado\\\/#organization\",\"name\":\"Deputado Federal Vander Loubet\",\"alternateName\":\"Deputado Vander\",\"url\":\"https:\\\/\\\/vanderloubet.com.br\\\/deputado\\\/\",\"logo\":{\"@type\":\"ImageObject\",\"inLanguage\":\"pt-BR\",\"@id\":\"https:\\\/\\\/vanderloubet.com.br\\\/deputado\\\/#\\\/schema\\\/logo\\\/image\\\/\",\"url\":\"https:\\\/\\\/vanderloubet.com.br\\\/deputado\\\/wp-content\\\/uploads\\\/2023\\\/06\\\/foto-2023-06-19-mandato-deputado-vander.jpg\",\"contentUrl\":\"https:\\\/\\\/vanderloubet.com.br\\\/deputado\\\/wp-content\\\/uploads\\\/2023\\\/06\\\/foto-2023-06-19-mandato-deputado-vander.jpg\",\"width\":1080,\"height\":1080,\"caption\":\"Deputado Federal Vander Loubet\"},\"image\":{\"@id\":\"https:\\\/\\\/vanderloubet.com.br\\\/deputado\\\/#\\\/schema\\\/logo\\\/image\\\/\"},\"sameAs\":[\"https:\\\/\\\/facebook.com\\\/deputadovander\",\"https:\\\/\\\/x.com\\\/vanderloubet\",\"https:\\\/\\\/instagram.com\\\/vanderloubet\",\"https:\\\/\\\/youtube.com\\\/vanderloubet\",\"https:\\\/\\\/tiktok.com\\\/@vanderloubetms\"]},{\"@type\":\"Person\",\"@id\":\"https:\\\/\\\/vanderloubet.com.br\\\/deputado\\\/#\\\/schema\\\/person\\\/15b51bd564532a8a68d9dec1b8eb890e\",\"name\":\"\u00c9der\",\"image\":{\"@type\":\"ImageObject\",\"inLanguage\":\"pt-BR\",\"@id\":\"https:\\\/\\\/vanderloubet.com.br\\\/deputado\\\/wp-content\\\/litespeed\\\/avatar\\\/88ca4090d9d5ab1c9495f6ca03b68efa.jpg?ver=1777058957\",\"url\":\"https:\\\/\\\/vanderloubet.com.br\\\/deputado\\\/wp-content\\\/litespeed\\\/avatar\\\/88ca4090d9d5ab1c9495f6ca03b68efa.jpg?ver=1777058957\",\"contentUrl\":\"https:\\\/\\\/vanderloubet.com.br\\\/deputado\\\/wp-content\\\/litespeed\\\/avatar\\\/88ca4090d9d5ab1c9495f6ca03b68efa.jpg?ver=1777058957\",\"caption\":\"\u00c9der\"}}]}<\/script>\n<!-- \/ Yoast SEO plugin. -->","yoast_head_json":{"title":"Vander viabiliza R$ 2,2 milh\u00f5es para amplia\u00e7\u00e3o do Hospital Evang\u00e9lico de Dourados","robots":{"index":"index","follow":"follow","max-snippet":"max-snippet:-1","max-image-preview":"max-image-preview:large","max-video-preview":"max-video-preview:-1"},"canonical":"https:\/\/vanderloubet.com.br\/deputado\/vander-viabiliza-r-22-milhoes-para-modernizacao-do-hospital-evangelico\/","og_locale":"pt_BR","og_type":"article","og_title":"Vander viabiliza R$ 2,2 milh\u00f5es para amplia\u00e7\u00e3o do Hospital Evang\u00e9lico de Dourados","og_description":"Uma emenda j\u00e1 empenhada est\u00e1 sendo usada na aquisi\u00e7\u00e3o dos equipamentos para novas salas do centro cir\u00fargico e leitos de UTI.","og_url":"https:\/\/vanderloubet.com.br\/deputado\/vander-viabiliza-r-22-milhoes-para-modernizacao-do-hospital-evangelico\/","og_site_name":"Deputado Federal Vander Loubet","article_publisher":"https:\/\/facebook.com\/deputadovander","article_published_time":"2013-10-22T11:32:23+00:00","article_modified_time":"2015-05-26T15:47:16+00:00","og_image":[{"width":1200,"height":800,"url":"https:\/\/vanderloubet.com.br\/deputado\/wp-content\/uploads\/2013\/10\/foto-2013-10-21-peralta-takimoto-arruda-vander-dourados.jpg","type":"image\/jpeg"}],"author":"\u00c9der","twitter_card":"summary_large_image","twitter_creator":"@vanderloubet","twitter_site":"@vanderloubet","schema":{"@context":"https:\/\/schema.org","@graph":[{"@type":"Article","@id":"https:\/\/vanderloubet.com.br\/deputado\/vander-viabiliza-r-22-milhoes-para-modernizacao-do-hospital-evangelico\/#article","isPartOf":{"@id":"https:\/\/vanderloubet.com.br\/deputado\/vander-viabiliza-r-22-milhoes-para-modernizacao-do-hospital-evangelico\/"},"author":{"name":"\u00c9der","@id":"https:\/\/vanderloubet.com.br\/deputado\/#\/schema\/person\/15b51bd564532a8a68d9dec1b8eb890e"},"headline":"Vander viabiliza R$ 2,2 milh\u00f5es para amplia\u00e7\u00e3o do Hospital Evang\u00e9lico de Dourados","datePublished":"2013-10-22T11:32:23+00:00","dateModified":"2015-05-26T15:47:16+00:00","mainEntityOfPage":{"@id":"https:\/\/vanderloubet.com.br\/deputado\/vander-viabiliza-r-22-milhoes-para-modernizacao-do-hospital-evangelico\/"},"wordCount":482,"publisher":{"@id":"https:\/\/vanderloubet.com.br\/deputado\/#organization"},"image":{"@id":"https:\/\/vanderloubet.com.br\/deputado\/vander-viabiliza-r-22-milhoes-para-modernizacao-do-hospital-evangelico\/#primaryimage"},"thumbnailUrl":"https:\/\/vanderloubet.com.br\/deputado\/wp-content\/uploads\/2013\/10\/foto-2013-10-21-peralta-takimoto-arruda-vander-dourados.jpg","keywords":["emenda parlamentar","sa\u00fade"],"articleSection":["Munic\u00edpios","Not\u00edcias"],"inLanguage":"pt-BR"},{"@type":"WebPage","@id":"https:\/\/vanderloubet.com.br\/deputado\/vander-viabiliza-r-22-milhoes-para-modernizacao-do-hospital-evangelico\/","url":"https:\/\/vanderloubet.com.br\/deputado\/vander-viabiliza-r-22-milhoes-para-modernizacao-do-hospital-evangelico\/","name":"Vander viabiliza R$ 2,2 milh\u00f5es para amplia\u00e7\u00e3o do Hospital Evang\u00e9lico de Dourados","isPartOf":{"@id":"https:\/\/vanderloubet.com.br\/deputado\/#website"},"primaryImageOfPage":{"@id":"https:\/\/vanderloubet.com.br\/deputado\/vander-viabiliza-r-22-milhoes-para-modernizacao-do-hospital-evangelico\/#primaryimage"},"image":{"@id":"https:\/\/vanderloubet.com.br\/deputado\/vander-viabiliza-r-22-milhoes-para-modernizacao-do-hospital-evangelico\/#primaryimage"},"thumbnailUrl":"https:\/\/vanderloubet.com.br\/deputado\/wp-content\/uploads\/2013\/10\/foto-2013-10-21-peralta-takimoto-arruda-vander-dourados.jpg","datePublished":"2013-10-22T11:32:23+00:00","dateModified":"2015-05-26T15:47:16+00:00","breadcrumb":{"@id":"https:\/\/vanderloubet.com.br\/deputado\/vander-viabiliza-r-22-milhoes-para-modernizacao-do-hospital-evangelico\/#breadcrumb"},"inLanguage":"pt-BR","potentialAction":[{"@type":"ReadAction","target":["https:\/\/vanderloubet.com.br\/deputado\/vander-viabiliza-r-22-milhoes-para-modernizacao-do-hospital-evangelico\/"]}]},{"@type":"ImageObject","inLanguage":"pt-BR","@id":"https:\/\/vanderloubet.com.br\/deputado\/vander-viabiliza-r-22-milhoes-para-modernizacao-do-hospital-evangelico\/#primaryimage","url":"https:\/\/vanderloubet.com.br\/deputado\/wp-content\/uploads\/2013\/10\/foto-2013-10-21-peralta-takimoto-arruda-vander-dourados.jpg","contentUrl":"https:\/\/vanderloubet.com.br\/deputado\/wp-content\/uploads\/2013\/10\/foto-2013-10-21-peralta-takimoto-arruda-vander-dourados.jpg","width":900,"height":600,"caption":"Ao lado de dirigentes do HE, Takimoto e Vander visitaram futuras novas salas"},{"@type":"BreadcrumbList","@id":"https:\/\/vanderloubet.com.br\/deputado\/vander-viabiliza-r-22-milhoes-para-modernizacao-do-hospital-evangelico\/#breadcrumb","itemListElement":[{"@type":"ListItem","position":1,"name":"In\u00edcio","item":"https:\/\/vanderloubet.com.br\/deputado\/"},{"@type":"ListItem","position":2,"name":"Vander viabiliza R$ 2,2 milh\u00f5es para amplia\u00e7\u00e3o do Hospital Evang\u00e9lico de Dourados"}]},{"@type":"WebSite","@id":"https:\/\/vanderloubet.com.br\/deputado\/#website","url":"https:\/\/vanderloubet.com.br\/deputado\/","name":"Deputado Federal Vander Loubet","description":"O Federal de MS","publisher":{"@id":"https:\/\/vanderloubet.com.br\/deputado\/#organization"},"alternateName":"Deputado Vander","potentialAction":[{"@type":"SearchAction","target":{"@type":"EntryPoint","urlTemplate":"https:\/\/vanderloubet.com.br\/deputado\/?s={search_term_string}"},"query-input":{"@type":"PropertyValueSpecification","valueRequired":true,"valueName":"search_term_string"}}],"inLanguage":"pt-BR"},{"@type":"Organization","@id":"https:\/\/vanderloubet.com.br\/deputado\/#organization","name":"Deputado Federal Vander Loubet","alternateName":"Deputado Vander","url":"https:\/\/vanderloubet.com.br\/deputado\/","logo":{"@type":"ImageObject","inLanguage":"pt-BR","@id":"https:\/\/vanderloubet.com.br\/deputado\/#\/schema\/logo\/image\/","url":"https:\/\/vanderloubet.com.br\/deputado\/wp-content\/uploads\/2023\/06\/foto-2023-06-19-mandato-deputado-vander.jpg","contentUrl":"https:\/\/vanderloubet.com.br\/deputado\/wp-content\/uploads\/2023\/06\/foto-2023-06-19-mandato-deputado-vander.jpg","width":1080,"height":1080,"caption":"Deputado Federal Vander Loubet"},"image":{"@id":"https:\/\/vanderloubet.com.br\/deputado\/#\/schema\/logo\/image\/"},"sameAs":["https:\/\/facebook.com\/deputadovander","https:\/\/x.com\/vanderloubet","https:\/\/instagram.com\/vanderloubet","https:\/\/youtube.com\/vanderloubet","https:\/\/tiktok.com\/@vanderloubetms"]},{"@type":"Person","@id":"https:\/\/vanderloubet.com.br\/deputado\/#\/schema\/person\/15b51bd564532a8a68d9dec1b8eb890e","name":"\u00c9der","image":{"@type":"ImageObject","inLanguage":"pt-BR","@id":"https:\/\/vanderloubet.com.br\/deputado\/wp-content\/litespeed\/avatar\/88ca4090d9d5ab1c9495f6ca03b68efa.jpg?ver=1777058957","url":"https:\/\/vanderloubet.com.br\/deputado\/wp-content\/litespeed\/avatar\/88ca4090d9d5ab1c9495f6ca03b68efa.jpg?ver=1777058957","contentUrl":"https:\/\/vanderloubet.com.br\/deputado\/wp-content\/litespeed\/avatar\/88ca4090d9d5ab1c9495f6ca03b68efa.jpg?ver=1777058957","caption":"\u00c9der"}}]}},"jetpack_featured_media_url":"https:\/\/vanderloubet.com.br\/deputado\/wp-content\/uploads\/2013\/10\/foto-2013-10-21-peralta-takimoto-arruda-vander-dourados.jpg","jetpack_sharing_enabled":true,"_links":{"self":[{"href":"https:\/\/vanderloubet.com.br\/deputado\/wp-json\/wp\/v2\/posts\/7033","targetHints":{"allow":["GET"]}}],"collection":[{"href":"https:\/\/vanderloubet.com.br\/deputado\/wp-json\/wp\/v2\/posts"}],"about":[{"href":"https:\/\/vanderloubet.com.br\/deputado\/wp-json\/wp\/v2\/types\/post"}],"author":[{"embeddable":true,"href":"https:\/\/vanderloubet.com.br\/deputado\/wp-json\/wp\/v2\/users\/2"}],"replies":[{"embeddable":true,"href":"https:\/\/vanderloubet.com.br\/deputado\/wp-json\/wp\/v2\/comments?post=7033"}],"version-history":[{"count":0,"href":"https:\/\/vanderloubet.com.br\/deputado\/wp-json\/wp\/v2\/posts\/7033\/revisions"}],"wp:featuredmedia":[{"embeddable":true,"href":"https:\/\/vanderloubet.com.br\/deputado\/wp-json\/wp\/v2\/media\/9728"}],"wp:attachment":[{"href":"https:\/\/vanderloubet.com.br\/deputado\/wp-json\/wp\/v2\/media?parent=7033"}],"wp:term":[{"taxonomy":"category","embeddable":true,"href":"https:\/\/vanderloubet.com.br\/deputado\/wp-json\/wp\/v2\/categories?post=7033"},{"taxonomy":"post_tag","embeddable":true,"href":"https:\/\/vanderloubet.com.br\/deputado\/wp-json\/wp\/v2\/tags?post=7033"}],"curies":[{"name":"wp","href":"https:\/\/api.w.org\/{rel}","templated":true}]}}