{"id":7028,"date":"2013-10-16T15:13:32","date_gmt":"2013-10-16T19:13:32","guid":{"rendered":"http:\/\/www.deputadovander.com.br\/website\/?p=7028"},"modified":"2015-02-13T23:39:57","modified_gmt":"2015-02-14T02:39:57","slug":"o-reacionario","status":"publish","type":"post","link":"https:\/\/vanderloubet.com.br\/deputado\/o-reacionario\/","title":{"rendered":"O reacion\u00e1rio"},"content":{"rendered":"<figure id=\"attachment_8963\" aria-describedby=\"caption-attachment-8963\" style=\"width: 700px\" class=\"wp-caption alignnone\"><img decoding=\"async\" class=\"wp-image-8963 size-large\" title=\"Longen deu uma aula de senso comum com seu artigo\" src=\"http:\/\/vanderloubet.com.br\/deputado\/wp-content\/uploads\/2013\/10\/foto-2013-10-16-sergio-longen-700x525.jpg\" alt=\"Longen deu uma aula de senso comum com seu artigo\" width=\"700\" height=\"525\" srcset=\"https:\/\/vanderloubet.com.br\/deputado\/wp-content\/uploads\/2013\/10\/foto-2013-10-16-sergio-longen-700x525.jpg 700w, https:\/\/vanderloubet.com.br\/deputado\/wp-content\/uploads\/2013\/10\/foto-2013-10-16-sergio-longen-350x263.jpg 350w, https:\/\/vanderloubet.com.br\/deputado\/wp-content\/uploads\/2013\/10\/foto-2013-10-16-sergio-longen-768x576.jpg 768w, https:\/\/vanderloubet.com.br\/deputado\/wp-content\/uploads\/2013\/10\/foto-2013-10-16-sergio-longen-560x420.jpg 560w, https:\/\/vanderloubet.com.br\/deputado\/wp-content\/uploads\/2013\/10\/foto-2013-10-16-sergio-longen-80x60.jpg 80w, https:\/\/vanderloubet.com.br\/deputado\/wp-content\/uploads\/2013\/10\/foto-2013-10-16-sergio-longen-696x522.jpg 696w, https:\/\/vanderloubet.com.br\/deputado\/wp-content\/uploads\/2013\/10\/foto-2013-10-16-sergio-longen-265x198.jpg 265w, https:\/\/vanderloubet.com.br\/deputado\/wp-content\/uploads\/2013\/10\/foto-2013-10-16-sergio-longen.jpg 900w\" sizes=\"(max-width: 700px) 100vw, 700px\" \/><figcaption id=\"caption-attachment-8963\" class=\"wp-caption-text\">Longen deu uma aula de senso comum com seu artigo<\/figcaption><\/figure>\n<p><em>Vander Loubet*<\/em><\/p>\n<p>O presidente da Fiems, S\u00e9rgio Longen, assinou no jornal Correio do Estado, no \u00faltimo dia 10, <a title=\"Link\" href=\"http:\/\/vanderloubet.com.br\/deputado\/wp-content\/uploads\/2013\/10\/foto-2013-10-10-artigo-sergio-longen.jpg\" target=\"_blank\">um artigo denominado &#8220;Impunidade, indigna\u00e7\u00e3o e retrocesso<\/a>&#8220;. Trata-se de uma opini\u00e3o sem fundamento na realidade e, sobretudo, reacion\u00e1ria, ou seja, que se op\u00f5e \u00e0s mudan\u00e7as sociais e\/ou pol\u00edticas.<\/p>\n<p>As afirma\u00e7\u00f5es de Longen n\u00e3o condizem com o desafio de quem est\u00e1 \u00e0 frente de uma institui\u00e7\u00e3o da import\u00e2ncia da Fiems. Entendo que o Brasil tem muitos desafios e problemas para resolver, mas querer, atrav\u00e9s de chav\u00f5es e lemas demag\u00f3gicos, desconsiderar, desprezar e apequenar os avan\u00e7os que obtivemos nos \u00faltimos 10 anos s\u00f3 pode ser m\u00e1 f\u00e9 ou ignor\u00e2ncia.<\/p>\n<p>Em rela\u00e7\u00e3o aos conflitos no campo envolvendo a causa ind\u00edgena, ao contr\u00e1rio do que afirma o dirigente patronal, temos claros e significativos avan\u00e7os, j\u00e1 que o governo federal est\u00e1 resolvendo os conflitos por meio da aquisi\u00e7\u00e3o das terras dos produtores, fato intensamente divulgado pela m\u00eddia regional e nacional.<\/p>\n<p>Sobre a multa do FGTS, trata-se de uma decis\u00e3o soberana do Congresso Nacional por entender que essa incid\u00eancia ainda cumpre papel importante nas finan\u00e7as p\u00fablicas. A mesma deve ser tratada no \u00e2mbito de uma reforma tribut\u00e1ria, que &#8211; como deve ser de conhecimento de Longen &#8211; n\u00e3o \u00e9 responsabilidade exclusiva do governo federal, pois envolve os interesses dos estados da federa\u00e7\u00e3o.<\/p>\n<p>Quanto \u00e0 decis\u00e3o do STF sobre o chamado &#8220;mensal\u00e3o&#8221;, o presidente da Fiems falseia a realidade, tendenciosamente, pois n\u00e3o se trata de impunidade. Defendido pelos mais renomados juristas brasileiros, os embargos infringentes fazem parte de ritos processuais a serem seguidos. Apenas decidiu o STF que alguns dos condenados t\u00eam direitos e rever parte das condena\u00e7\u00f5es.<\/p>\n<p>Mas S\u00e9rgio Longen foi al\u00e9m em seu texto reacion\u00e1rio. Chegou ao limite do devaneio ao tentar desmerecer, descaracterizar e distorcer a import\u00e2ncia dos programas sociais para o nosso pa\u00eds.<\/p>\n<p>O mundo todo reconhece a verdadeira revolu\u00e7\u00e3o feita no Brasil em termos sociais nos \u00faltimos 10 anos, quando 28 milh\u00f5es de pessoas deixaram a pobreza absoluta e outras 36 milh\u00f5es ascenderam \u00e0 classe m\u00e9dia. A quantidade de trabalhadores com carteira assinada saltou de 27,2 milh\u00f5es (2001) para 47,7 milh\u00f5es (2012). S\u00e3o n\u00fameros que deram um decisivo impulso ao mercado interno, tendo como grandes benefici\u00e1rios a ind\u00fastria, o com\u00e9rcio e os servi\u00e7os.<\/p>\n<p>A prop\u00f3sito, o Sistema S, do qual a Fiems faz parte, \u00e9 um dos maiores benefici\u00e1rios da pol\u00edtica de gera\u00e7\u00e3o de emprego e renda promovida pelo governo. Recentemente, o Minist\u00e9rio da Educa\u00e7\u00e3o anunciou R$ 575 milh\u00f5es do Pronatec para o Senac, o Senai e o Senar investirem em forma\u00e7\u00e3o de m\u00e3o de obra.<\/p>\n<p>Longen d\u00e1 uma aula de senso comum ao elaborar afirma\u00e7\u00f5es como &#8220;temos notado o crescente desinteresse das pessoas no mercado formal de trabalho&#8221;. Na verdade, o dirigente faz vista grossa ao fato de que os benefici\u00e1rios do Bolsa Fam\u00edlia trabalham, se qualificam e s\u00e3o empreendedores: mais de 70% dos adultos atendidos participam do mercado de trabalho e os benefici\u00e1rios representam 9,2% dos microempreendedores individuais (296 mil pessoas) do pa\u00eds.<\/p>\n<p>Al\u00e9m disso, o Bolsa Fam\u00edlia segue como refer\u00eancia mundial de transfer\u00eancia de renda e combate \u00e0 pobreza. Prova disso \u00e9 o fato de o programa servir de modelo para a\u00e7\u00f5es sociais em 63 pa\u00edses, inclusive nos Estados Unidos com o Opportunity NYC, da Prefeitura de Nova Iorque.<\/p>\n<p>Como dito pelo ex-presidente Lula, tamb\u00e9m no dia 10, durante evento em Bras\u00edlia, &#8220;para eles [a elite nacional], tudo o que a gente d\u00e1 para os ricos \u00e9 investimento, mas tudo o que a gente d\u00e1 para os pobres \u00e9 gasto&#8221;. Muito bem sabe disso o presidente da Fiems, pois, como empres\u00e1rio, \u00e9 benefici\u00e1rio de incentivos fiscais que, no Brasil, somam mais de R$ 53 bilh\u00f5es por ano, dinheiro que o poder p\u00fablico deixa de arrecadar para incentivar empresas, sobretudo a ind\u00fastria.<\/p>\n<p>Finalmente, entendo que, num pa\u00eds gigantesco e continental como o nosso, temos totais condi\u00e7\u00f5es de apoiar e contribuir com todos aqueles que fazem parte de nossa sociedade e n\u00e3o somente com uma elite atrasada e preconceituosa, que, em boa medida, foi uma das respons\u00e1veis pela constru\u00e7\u00e3o das desigualdades hist\u00f3ricas ao longo de mais de 500 anos de hist\u00f3ria. Diferente do per\u00edodo da ditadura militar, onde se pregava que primeiro t\u00ednhamos que fazer o bolo e depois distribuir, o PT encarou o desafio de distribuir o bolo enquanto cresce. Porque pa\u00eds rico \u00e9 pa\u00eds sem pobreza!<\/p>\n<p><em>*Deputado federal (PT-MS)<\/em><\/p>\n","protected":false},"excerpt":{"rendered":"<p>Artigo do deputado federal Vander Loubet em resposta ao texto do presidente da Fiems, S\u00e9rgio Longen, publicado na se\u00e7\u00e3o de opini\u00e3o do jornal Correio do Estado em 10 de outubro.<\/p>\n","protected":false},"author":2,"featured_media":8963,"comment_status":"closed","ping_status":"open","sticky":false,"template":"","format":"standard","meta":{"jetpack_post_was_ever_published":false,"_jetpack_newsletter_access":"","_jetpack_dont_email_post_to_subs":false,"_jetpack_newsletter_tier_id":0,"_jetpack_memberships_contains_paywalled_content":false,"_jetpack_memberships_contains_paid_content":false,"footnotes":""},"categories":[11],"tags":[2302,2274,2303],"class_list":{"0":"post-7028","1":"post","2":"type-post","3":"status-publish","4":"format-standard","5":"has-post-thumbnail","7":"category-opinioes","8":"tag-direitos-trabalhistas","9":"tag-programas-sociais","10":"tag-sistema-s"},"yoast_head":"<!-- This site is optimized with the Yoast SEO plugin v27.4 - https:\/\/yoast.com\/product\/yoast-seo-wordpress\/ -->\n<title>O reacion\u00e1rio<\/title>\n<meta name=\"robots\" content=\"index, follow, max-snippet:-1, max-image-preview:large, max-video-preview:-1\" \/>\n<link rel=\"canonical\" href=\"https:\/\/vanderloubet.com.br\/deputado\/o-reacionario\/\" \/>\n<meta property=\"og:locale\" content=\"pt_BR\" \/>\n<meta property=\"og:type\" content=\"article\" \/>\n<meta property=\"og:title\" content=\"O reacion\u00e1rio\" \/>\n<meta property=\"og:description\" content=\"Artigo do deputado federal Vander Loubet em resposta ao texto do presidente da Fiems, S\u00e9rgio Longen, publicado na se\u00e7\u00e3o de opini\u00e3o do jornal Correio do Estado em 10 de outubro.\" \/>\n<meta property=\"og:url\" content=\"https:\/\/vanderloubet.com.br\/deputado\/o-reacionario\/\" \/>\n<meta property=\"og:site_name\" content=\"Deputado Federal Vander Loubet\" \/>\n<meta property=\"article:publisher\" content=\"https:\/\/facebook.com\/deputadovander\" \/>\n<meta property=\"article:published_time\" content=\"2013-10-16T19:13:32+00:00\" \/>\n<meta property=\"article:modified_time\" content=\"2015-02-14T02:39:57+00:00\" \/>\n<meta property=\"og:image\" content=\"https:\/\/vanderloubet.com.br\/deputado\/wp-content\/uploads\/2013\/10\/foto-2013-10-16-sergio-longen.jpg\" \/>\n\t<meta property=\"og:image:width\" content=\"800\" \/>\n\t<meta property=\"og:image:height\" content=\"600\" \/>\n\t<meta property=\"og:image:type\" content=\"image\/jpeg\" \/>\n<meta name=\"author\" content=\"\u00c9der\" \/>\n<meta name=\"twitter:card\" content=\"summary_large_image\" \/>\n<meta name=\"twitter:creator\" content=\"@vanderloubet\" \/>\n<meta name=\"twitter:site\" content=\"@vanderloubet\" \/>\n<script type=\"application\/ld+json\" class=\"yoast-schema-graph\">{\"@context\":\"https:\\\/\\\/schema.org\",\"@graph\":[{\"@type\":\"Article\",\"@id\":\"https:\\\/\\\/vanderloubet.com.br\\\/deputado\\\/o-reacionario\\\/#article\",\"isPartOf\":{\"@id\":\"https:\\\/\\\/vanderloubet.com.br\\\/deputado\\\/o-reacionario\\\/\"},\"author\":{\"name\":\"\u00c9der\",\"@id\":\"https:\\\/\\\/vanderloubet.com.br\\\/deputado\\\/#\\\/schema\\\/person\\\/15b51bd564532a8a68d9dec1b8eb890e\"},\"headline\":\"O reacion\u00e1rio\",\"datePublished\":\"2013-10-16T19:13:32+00:00\",\"dateModified\":\"2015-02-14T02:39:57+00:00\",\"mainEntityOfPage\":{\"@id\":\"https:\\\/\\\/vanderloubet.com.br\\\/deputado\\\/o-reacionario\\\/\"},\"wordCount\":801,\"publisher\":{\"@id\":\"https:\\\/\\\/vanderloubet.com.br\\\/deputado\\\/#organization\"},\"image\":{\"@id\":\"https:\\\/\\\/vanderloubet.com.br\\\/deputado\\\/o-reacionario\\\/#primaryimage\"},\"thumbnailUrl\":\"https:\\\/\\\/vanderloubet.com.br\\\/deputado\\\/wp-content\\\/uploads\\\/2013\\\/10\\\/foto-2013-10-16-sergio-longen.jpg\",\"keywords\":[\"direitos trabalhistas\",\"programas sociais\",\"sistema s\"],\"articleSection\":[\"Opini\u00e3o\"],\"inLanguage\":\"pt-BR\"},{\"@type\":\"WebPage\",\"@id\":\"https:\\\/\\\/vanderloubet.com.br\\\/deputado\\\/o-reacionario\\\/\",\"url\":\"https:\\\/\\\/vanderloubet.com.br\\\/deputado\\\/o-reacionario\\\/\",\"name\":\"O reacion\u00e1rio\",\"isPartOf\":{\"@id\":\"https:\\\/\\\/vanderloubet.com.br\\\/deputado\\\/#website\"},\"primaryImageOfPage\":{\"@id\":\"https:\\\/\\\/vanderloubet.com.br\\\/deputado\\\/o-reacionario\\\/#primaryimage\"},\"image\":{\"@id\":\"https:\\\/\\\/vanderloubet.com.br\\\/deputado\\\/o-reacionario\\\/#primaryimage\"},\"thumbnailUrl\":\"https:\\\/\\\/vanderloubet.com.br\\\/deputado\\\/wp-content\\\/uploads\\\/2013\\\/10\\\/foto-2013-10-16-sergio-longen.jpg\",\"datePublished\":\"2013-10-16T19:13:32+00:00\",\"dateModified\":\"2015-02-14T02:39:57+00:00\",\"breadcrumb\":{\"@id\":\"https:\\\/\\\/vanderloubet.com.br\\\/deputado\\\/o-reacionario\\\/#breadcrumb\"},\"inLanguage\":\"pt-BR\",\"potentialAction\":[{\"@type\":\"ReadAction\",\"target\":[\"https:\\\/\\\/vanderloubet.com.br\\\/deputado\\\/o-reacionario\\\/\"]}]},{\"@type\":\"ImageObject\",\"inLanguage\":\"pt-BR\",\"@id\":\"https:\\\/\\\/vanderloubet.com.br\\\/deputado\\\/o-reacionario\\\/#primaryimage\",\"url\":\"https:\\\/\\\/vanderloubet.com.br\\\/deputado\\\/wp-content\\\/uploads\\\/2013\\\/10\\\/foto-2013-10-16-sergio-longen.jpg\",\"contentUrl\":\"https:\\\/\\\/vanderloubet.com.br\\\/deputado\\\/wp-content\\\/uploads\\\/2013\\\/10\\\/foto-2013-10-16-sergio-longen.jpg\",\"width\":900,\"height\":675,\"caption\":\"Longen deu uma aula de senso comum com seu artigo\"},{\"@type\":\"BreadcrumbList\",\"@id\":\"https:\\\/\\\/vanderloubet.com.br\\\/deputado\\\/o-reacionario\\\/#breadcrumb\",\"itemListElement\":[{\"@type\":\"ListItem\",\"position\":1,\"name\":\"In\u00edcio\",\"item\":\"https:\\\/\\\/vanderloubet.com.br\\\/deputado\\\/\"},{\"@type\":\"ListItem\",\"position\":2,\"name\":\"O reacion\u00e1rio\"}]},{\"@type\":\"WebSite\",\"@id\":\"https:\\\/\\\/vanderloubet.com.br\\\/deputado\\\/#website\",\"url\":\"https:\\\/\\\/vanderloubet.com.br\\\/deputado\\\/\",\"name\":\"Deputado Federal Vander Loubet\",\"description\":\"O Federal de MS\",\"publisher\":{\"@id\":\"https:\\\/\\\/vanderloubet.com.br\\\/deputado\\\/#organization\"},\"alternateName\":\"Deputado Vander\",\"potentialAction\":[{\"@type\":\"SearchAction\",\"target\":{\"@type\":\"EntryPoint\",\"urlTemplate\":\"https:\\\/\\\/vanderloubet.com.br\\\/deputado\\\/?s={search_term_string}\"},\"query-input\":{\"@type\":\"PropertyValueSpecification\",\"valueRequired\":true,\"valueName\":\"search_term_string\"}}],\"inLanguage\":\"pt-BR\"},{\"@type\":\"Organization\",\"@id\":\"https:\\\/\\\/vanderloubet.com.br\\\/deputado\\\/#organization\",\"name\":\"Deputado Federal Vander Loubet\",\"alternateName\":\"Deputado Vander\",\"url\":\"https:\\\/\\\/vanderloubet.com.br\\\/deputado\\\/\",\"logo\":{\"@type\":\"ImageObject\",\"inLanguage\":\"pt-BR\",\"@id\":\"https:\\\/\\\/vanderloubet.com.br\\\/deputado\\\/#\\\/schema\\\/logo\\\/image\\\/\",\"url\":\"https:\\\/\\\/vanderloubet.com.br\\\/deputado\\\/wp-content\\\/uploads\\\/2023\\\/06\\\/foto-2023-06-19-mandato-deputado-vander.jpg\",\"contentUrl\":\"https:\\\/\\\/vanderloubet.com.br\\\/deputado\\\/wp-content\\\/uploads\\\/2023\\\/06\\\/foto-2023-06-19-mandato-deputado-vander.jpg\",\"width\":1080,\"height\":1080,\"caption\":\"Deputado Federal Vander Loubet\"},\"image\":{\"@id\":\"https:\\\/\\\/vanderloubet.com.br\\\/deputado\\\/#\\\/schema\\\/logo\\\/image\\\/\"},\"sameAs\":[\"https:\\\/\\\/facebook.com\\\/deputadovander\",\"https:\\\/\\\/x.com\\\/vanderloubet\",\"https:\\\/\\\/instagram.com\\\/vanderloubet\",\"https:\\\/\\\/youtube.com\\\/vanderloubet\",\"https:\\\/\\\/tiktok.com\\\/@vanderloubetms\"]},{\"@type\":\"Person\",\"@id\":\"https:\\\/\\\/vanderloubet.com.br\\\/deputado\\\/#\\\/schema\\\/person\\\/15b51bd564532a8a68d9dec1b8eb890e\",\"name\":\"\u00c9der\",\"image\":{\"@type\":\"ImageObject\",\"inLanguage\":\"pt-BR\",\"@id\":\"https:\\\/\\\/vanderloubet.com.br\\\/deputado\\\/wp-content\\\/litespeed\\\/avatar\\\/88ca4090d9d5ab1c9495f6ca03b68efa.jpg?ver=1777058957\",\"url\":\"https:\\\/\\\/vanderloubet.com.br\\\/deputado\\\/wp-content\\\/litespeed\\\/avatar\\\/88ca4090d9d5ab1c9495f6ca03b68efa.jpg?ver=1777058957\",\"contentUrl\":\"https:\\\/\\\/vanderloubet.com.br\\\/deputado\\\/wp-content\\\/litespeed\\\/avatar\\\/88ca4090d9d5ab1c9495f6ca03b68efa.jpg?ver=1777058957\",\"caption\":\"\u00c9der\"}}]}<\/script>\n<!-- \/ Yoast SEO plugin. -->","yoast_head_json":{"title":"O reacion\u00e1rio","robots":{"index":"index","follow":"follow","max-snippet":"max-snippet:-1","max-image-preview":"max-image-preview:large","max-video-preview":"max-video-preview:-1"},"canonical":"https:\/\/vanderloubet.com.br\/deputado\/o-reacionario\/","og_locale":"pt_BR","og_type":"article","og_title":"O reacion\u00e1rio","og_description":"Artigo do deputado federal Vander Loubet em resposta ao texto do presidente da Fiems, S\u00e9rgio Longen, publicado na se\u00e7\u00e3o de opini\u00e3o do jornal Correio do Estado em 10 de outubro.","og_url":"https:\/\/vanderloubet.com.br\/deputado\/o-reacionario\/","og_site_name":"Deputado Federal Vander Loubet","article_publisher":"https:\/\/facebook.com\/deputadovander","article_published_time":"2013-10-16T19:13:32+00:00","article_modified_time":"2015-02-14T02:39:57+00:00","og_image":[{"width":800,"height":600,"url":"https:\/\/vanderloubet.com.br\/deputado\/wp-content\/uploads\/2013\/10\/foto-2013-10-16-sergio-longen.jpg","type":"image\/jpeg"}],"author":"\u00c9der","twitter_card":"summary_large_image","twitter_creator":"@vanderloubet","twitter_site":"@vanderloubet","schema":{"@context":"https:\/\/schema.org","@graph":[{"@type":"Article","@id":"https:\/\/vanderloubet.com.br\/deputado\/o-reacionario\/#article","isPartOf":{"@id":"https:\/\/vanderloubet.com.br\/deputado\/o-reacionario\/"},"author":{"name":"\u00c9der","@id":"https:\/\/vanderloubet.com.br\/deputado\/#\/schema\/person\/15b51bd564532a8a68d9dec1b8eb890e"},"headline":"O reacion\u00e1rio","datePublished":"2013-10-16T19:13:32+00:00","dateModified":"2015-02-14T02:39:57+00:00","mainEntityOfPage":{"@id":"https:\/\/vanderloubet.com.br\/deputado\/o-reacionario\/"},"wordCount":801,"publisher":{"@id":"https:\/\/vanderloubet.com.br\/deputado\/#organization"},"image":{"@id":"https:\/\/vanderloubet.com.br\/deputado\/o-reacionario\/#primaryimage"},"thumbnailUrl":"https:\/\/vanderloubet.com.br\/deputado\/wp-content\/uploads\/2013\/10\/foto-2013-10-16-sergio-longen.jpg","keywords":["direitos trabalhistas","programas sociais","sistema s"],"articleSection":["Opini\u00e3o"],"inLanguage":"pt-BR"},{"@type":"WebPage","@id":"https:\/\/vanderloubet.com.br\/deputado\/o-reacionario\/","url":"https:\/\/vanderloubet.com.br\/deputado\/o-reacionario\/","name":"O reacion\u00e1rio","isPartOf":{"@id":"https:\/\/vanderloubet.com.br\/deputado\/#website"},"primaryImageOfPage":{"@id":"https:\/\/vanderloubet.com.br\/deputado\/o-reacionario\/#primaryimage"},"image":{"@id":"https:\/\/vanderloubet.com.br\/deputado\/o-reacionario\/#primaryimage"},"thumbnailUrl":"https:\/\/vanderloubet.com.br\/deputado\/wp-content\/uploads\/2013\/10\/foto-2013-10-16-sergio-longen.jpg","datePublished":"2013-10-16T19:13:32+00:00","dateModified":"2015-02-14T02:39:57+00:00","breadcrumb":{"@id":"https:\/\/vanderloubet.com.br\/deputado\/o-reacionario\/#breadcrumb"},"inLanguage":"pt-BR","potentialAction":[{"@type":"ReadAction","target":["https:\/\/vanderloubet.com.br\/deputado\/o-reacionario\/"]}]},{"@type":"ImageObject","inLanguage":"pt-BR","@id":"https:\/\/vanderloubet.com.br\/deputado\/o-reacionario\/#primaryimage","url":"https:\/\/vanderloubet.com.br\/deputado\/wp-content\/uploads\/2013\/10\/foto-2013-10-16-sergio-longen.jpg","contentUrl":"https:\/\/vanderloubet.com.br\/deputado\/wp-content\/uploads\/2013\/10\/foto-2013-10-16-sergio-longen.jpg","width":900,"height":675,"caption":"Longen deu uma aula de senso comum com seu artigo"},{"@type":"BreadcrumbList","@id":"https:\/\/vanderloubet.com.br\/deputado\/o-reacionario\/#breadcrumb","itemListElement":[{"@type":"ListItem","position":1,"name":"In\u00edcio","item":"https:\/\/vanderloubet.com.br\/deputado\/"},{"@type":"ListItem","position":2,"name":"O reacion\u00e1rio"}]},{"@type":"WebSite","@id":"https:\/\/vanderloubet.com.br\/deputado\/#website","url":"https:\/\/vanderloubet.com.br\/deputado\/","name":"Deputado Federal Vander Loubet","description":"O Federal de MS","publisher":{"@id":"https:\/\/vanderloubet.com.br\/deputado\/#organization"},"alternateName":"Deputado Vander","potentialAction":[{"@type":"SearchAction","target":{"@type":"EntryPoint","urlTemplate":"https:\/\/vanderloubet.com.br\/deputado\/?s={search_term_string}"},"query-input":{"@type":"PropertyValueSpecification","valueRequired":true,"valueName":"search_term_string"}}],"inLanguage":"pt-BR"},{"@type":"Organization","@id":"https:\/\/vanderloubet.com.br\/deputado\/#organization","name":"Deputado Federal Vander Loubet","alternateName":"Deputado Vander","url":"https:\/\/vanderloubet.com.br\/deputado\/","logo":{"@type":"ImageObject","inLanguage":"pt-BR","@id":"https:\/\/vanderloubet.com.br\/deputado\/#\/schema\/logo\/image\/","url":"https:\/\/vanderloubet.com.br\/deputado\/wp-content\/uploads\/2023\/06\/foto-2023-06-19-mandato-deputado-vander.jpg","contentUrl":"https:\/\/vanderloubet.com.br\/deputado\/wp-content\/uploads\/2023\/06\/foto-2023-06-19-mandato-deputado-vander.jpg","width":1080,"height":1080,"caption":"Deputado Federal Vander Loubet"},"image":{"@id":"https:\/\/vanderloubet.com.br\/deputado\/#\/schema\/logo\/image\/"},"sameAs":["https:\/\/facebook.com\/deputadovander","https:\/\/x.com\/vanderloubet","https:\/\/instagram.com\/vanderloubet","https:\/\/youtube.com\/vanderloubet","https:\/\/tiktok.com\/@vanderloubetms"]},{"@type":"Person","@id":"https:\/\/vanderloubet.com.br\/deputado\/#\/schema\/person\/15b51bd564532a8a68d9dec1b8eb890e","name":"\u00c9der","image":{"@type":"ImageObject","inLanguage":"pt-BR","@id":"https:\/\/vanderloubet.com.br\/deputado\/wp-content\/litespeed\/avatar\/88ca4090d9d5ab1c9495f6ca03b68efa.jpg?ver=1777058957","url":"https:\/\/vanderloubet.com.br\/deputado\/wp-content\/litespeed\/avatar\/88ca4090d9d5ab1c9495f6ca03b68efa.jpg?ver=1777058957","contentUrl":"https:\/\/vanderloubet.com.br\/deputado\/wp-content\/litespeed\/avatar\/88ca4090d9d5ab1c9495f6ca03b68efa.jpg?ver=1777058957","caption":"\u00c9der"}}]}},"jetpack_featured_media_url":"https:\/\/vanderloubet.com.br\/deputado\/wp-content\/uploads\/2013\/10\/foto-2013-10-16-sergio-longen.jpg","jetpack_sharing_enabled":true,"_links":{"self":[{"href":"https:\/\/vanderloubet.com.br\/deputado\/wp-json\/wp\/v2\/posts\/7028","targetHints":{"allow":["GET"]}}],"collection":[{"href":"https:\/\/vanderloubet.com.br\/deputado\/wp-json\/wp\/v2\/posts"}],"about":[{"href":"https:\/\/vanderloubet.com.br\/deputado\/wp-json\/wp\/v2\/types\/post"}],"author":[{"embeddable":true,"href":"https:\/\/vanderloubet.com.br\/deputado\/wp-json\/wp\/v2\/users\/2"}],"replies":[{"embeddable":true,"href":"https:\/\/vanderloubet.com.br\/deputado\/wp-json\/wp\/v2\/comments?post=7028"}],"version-history":[{"count":0,"href":"https:\/\/vanderloubet.com.br\/deputado\/wp-json\/wp\/v2\/posts\/7028\/revisions"}],"wp:featuredmedia":[{"embeddable":true,"href":"https:\/\/vanderloubet.com.br\/deputado\/wp-json\/wp\/v2\/media\/8963"}],"wp:attachment":[{"href":"https:\/\/vanderloubet.com.br\/deputado\/wp-json\/wp\/v2\/media?parent=7028"}],"wp:term":[{"taxonomy":"category","embeddable":true,"href":"https:\/\/vanderloubet.com.br\/deputado\/wp-json\/wp\/v2\/categories?post=7028"},{"taxonomy":"post_tag","embeddable":true,"href":"https:\/\/vanderloubet.com.br\/deputado\/wp-json\/wp\/v2\/tags?post=7028"}],"curies":[{"name":"wp","href":"https:\/\/api.w.org\/{rel}","templated":true}]}}